{"id":141738,"date":"2026-01-25T10:19:10","date_gmt":"2026-01-25T13:19:10","guid":{"rendered":"https:\/\/www.pensarcursos.com.br\/blog\/?p=141738"},"modified":"2026-01-24T09:24:14","modified_gmt":"2026-01-24T12:24:14","slug":"mutirao-para-emissao-da-nova-carteira-de-identidade-e-realizado-a-partir-desta-segunda-feira-26-atendimento-e-por-ordem-de-chegada","status":"publish","type":"post","link":"https:\/\/www.pensarcursos.com.br\/blog\/mutirao-para-emissao-da-nova-carteira-de-identidade-e-realizado-a-partir-desta-segunda-feira-26-atendimento-e-por-ordem-de-chegada\/","title":{"rendered":"Mutir\u00e3o para emiss\u00e3o da nova Carteira de Identidade \u00e9 realizado a partir desta segunda-feira (26); atendimento \u00e9 por ordem de chegada"},"content":{"rendered":"<p>A partir desta segunda-feira, 26, inicia-se uma a\u00e7\u00e3o especial para quem precisa emitir a nova <a href=\"https:\/\/www.pensarcursos.com.br\/blog\/carteira-de-identidade-nacional-2026-veja-como-tirar-a-nova-cin-de-graca\/\" target=\"_blank\" rel=\"noopener\">Carteira de Identidade Nacional (CIN)<\/a>. O atendimento ser\u00e1 feito de forma gratuita, sem necessidade de agendamento, facilitando para aqueles que t\u00eam urg\u00eancia em atualizar seus documentos.<\/p>\n<h2>Como funciona o mutir\u00e3o para a nova Carteira de Identidade Nacional?<\/h2>\n<p>Durante o per\u00edodo do mutir\u00e3o, o atendimento acontece por ordem de chegada, sem necessidade de agendamento pr\u00e9vio. <strong>S\u00e3o distribu\u00eddas 135 senhas por dia, totalizando 1.485 atendimentos at\u00e9 o fim do atendimento especial.<\/strong><\/p>\n<h3>Documentos exigidos para emiss\u00e3o<\/h3>\n<ul>\n<li>Certid\u00e3o de nascimento original ou certid\u00e3o do estado civil.<\/li>\n<li>Se o documento estiver plastificado, \u00e9 necess\u00e1ria apresenta\u00e7\u00e3o de c\u00f3pia simples tamb\u00e9m.<\/li>\n<\/ul>\n<p>Vale lembrar que a primeira via do <a href=\"https:\/\/www.pensarcursos.com.br\/blog\/ainda-nao-fez-a-nova-carteira-de-identidade-veja-os-riscos-de-ficar-com-o-rg-antigo\/\" target=\"_blank\" rel=\"noopener\">novo RG <\/a>\u00e9 gratuita e utiliza o n\u00famero do Cadastro de Pessoa F\u00edsica (CPF) como identifica\u00e7\u00e3o \u00fanica, integrando diferentes informa\u00e7\u00f5es em um s\u00f3 documento, como nome social, tipo sangu\u00edneo, doa\u00e7\u00e3o de \u00f3rg\u00e3os e condi\u00e7\u00f5es espec\u00edficas de sa\u00fade.<\/p>\n<h3>Quem pode participar do mutir\u00e3o?<\/h3>\n<p>Podem participar todos os cidad\u00e3os que ainda n\u00e3o t\u00eam a CIN ou precisam atualizar seus dados. N\u00e3o existe restri\u00e7\u00e3o de idade, mas o respons\u00e1vel legal deve acompanhar menores de 18 anos.<\/p>\n<h2>Onde e quando ocorre o atendimento?<\/h2>\n<p>A a\u00e7\u00e3o acontece no <strong>Centro Estadual de Educa\u00e7\u00e3o Profissional do Chocolate Nelson Schaun<\/strong>, localizado na <strong>Avenida ACM, bairro Malhado, das 8h \u00e0s 17h na Cidade de Ilh\u00e9us- BA<\/strong>. O mutir\u00e3o segue at\u00e9 s\u00e1bado, 31 de janeiro, e ser\u00e1 retomado entre os dias 2 e 7 de fevereiro, sempre no mesmo local e hor\u00e1rio.<\/p>\n<h3>Quantidade de atendimentos e organiza\u00e7\u00e3o do fluxo<\/h3>\n<ul>\n<li>Distribui\u00e7\u00e3o de 135 senhas di\u00e1rias<\/li>\n<li>Atendimento das 8h \u00e0s 17h<\/li>\n<li>Total de 1.485 senhas dispon\u00edveis durante todo o mutir\u00e3o<\/li>\n<\/ul>\n<h2>Informa\u00e7\u00f5es importantes sobre a nova CIN<\/h2>\n<p>A CIN apresenta o CPF como identifica\u00e7\u00e3o oficial \u00fanica e traz benef\u00edcios como inclus\u00e3o de informa\u00e7\u00f5es sobre sa\u00fade e vers\u00f5es f\u00edsica e digital do documento. <strong>Para quem j\u00e1 possui o modelo antigo do RG, n\u00e3o h\u00e1 necessidade de pressa, pois ele segue v\u00e1lido at\u00e9 fevereiro de 2032 em todo o territ\u00f3rio nacional.<\/strong><\/p>\n<h3>Validade do novo documento<\/h3>\n<ul>\n<li>At\u00e9 12 anos: v\u00e1lida por 5 anos<\/li>\n<li>Entre 12 e 60 anos: v\u00e1lida por 10 anos<\/li>\n<li>Acima de 60 anos: validade indeterminada<\/li>\n<\/ul>\n<h3>Sobre a vers\u00e3o digital<\/h3>\n<p>A vers\u00e3o digital da nova Carteira de Identidade pode ser acessada pelo\u00a0site do <a href=\"https:\/\/www.gov.br\/pt-br\" target=\"_blank\" rel=\"noopener\">gov.br<\/a>\u00a0em at\u00e9 tr\u00eas dias ap\u00f3s a emiss\u00e3o impressa. Assim, cidad\u00e3os t\u00eam mais comodidade no acesso ao documento pelo celular.<\/p>\n<figure id=\"attachment_141740\" aria-describedby=\"caption-attachment-141740\" style=\"width: 1200px\" class=\"wp-caption alignnone\"><img decoding=\"async\" class=\"wp-image-141740 size-full\" src=\"https:\/\/www.pensarcursos.com.br\/blog\/wp-content\/uploads\/2026\/01\/como-funciona-a-nova-cin.webp\" alt=\"Homem jovem sorridente de camisa polo azul segurando a nova Carteira de Identidade Nacional (CIN) \u00e0 frente do corpo, com o texto &quot;NOVA IDENTIDADE&quot; em destaque ao fundo.\" width=\"1200\" height=\"800\" srcset=\"https:\/\/www.pensarcursos.com.br\/blog\/wp-content\/uploads\/2026\/01\/como-funciona-a-nova-cin.webp 1200w, https:\/\/www.pensarcursos.com.br\/blog\/wp-content\/uploads\/2026\/01\/como-funciona-a-nova-cin-300x200.webp 300w, https:\/\/www.pensarcursos.com.br\/blog\/wp-content\/uploads\/2026\/01\/como-funciona-a-nova-cin-1024x683.webp 1024w, https:\/\/www.pensarcursos.com.br\/blog\/wp-content\/uploads\/2026\/01\/como-funciona-a-nova-cin-768x512.webp 768w, https:\/\/www.pensarcursos.com.br\/blog\/wp-content\/uploads\/2026\/01\/como-funciona-a-nova-cin-750x500.webp 750w, https:\/\/www.pensarcursos.com.br\/blog\/wp-content\/uploads\/2026\/01\/como-funciona-a-nova-cin-1140x760.webp 1140w\" sizes=\"(max-width: 1200px) 100vw, 1200px\" \/><figcaption id=\"caption-attachment-141740\" class=\"wp-caption-text\">Entenda as novas regras: a CIN utiliza o CPF como n\u00famero \u00fanico e possui prazos de validade que variam conforme a idade do cidad\u00e3o. Imagem: Pensar Cursos Blog<\/figcaption><\/figure>\n<h2>Outras formas de emiss\u00e3o<\/h2>\n<p>Quem n\u00e3o puder comparecer ao mutir\u00e3o pode procurar os postos do SAC em per\u00edodos normais, fazendo o agendamento online pelo site do\u00a0<a href=\"https:\/\/www.sac.ba.gov.br\/\" target=\"_blank\" rel=\"noopener\">SAC Bahia<\/a>.<\/p>\n<p>Certifique-se de conferir toda a sua documenta\u00e7\u00e3o antes de sair de casa para garantir um atendimento r\u00e1pido e eficiente. Para acompanhar outras not\u00edcias sobre servi\u00e7os p\u00fablicos, prazos de documentos e guias informativos, visite o <b><a href=\"https:\/\/www.pensarcursos.com.br\/blog\/\" target=\"_blank\" rel=\"noopener\">Blog Pensar Cursos<\/a><\/b>.<\/p>\n<p>Para mais informa\u00e7\u00f5es sobre a nova identidade, veja o v\u00eddeo abaixo:<\/p>\n<div class=\"jeg_video_container jeg_video_content\"><iframe title=\"O RG VAI ACABAR? Descubra o prazo real para trocar pela Nova Identidade (CIN) em 2026!\" width=\"500\" height=\"281\" src=\"https:\/\/www.youtube.com\/embed\/NgTbXBJ-iZ4?feature=oembed\" frameborder=\"0\" allow=\"accelerometer; autoplay; clipboard-write; encrypted-media; gyroscope; picture-in-picture; web-share\" referrerpolicy=\"strict-origin-when-cross-origin\" allowfullscreen><\/iframe><\/div>\n","protected":false},"excerpt":{"rendered":"<p>A partir desta segunda-feira, 26, inicia-se uma a\u00e7\u00e3o especial para quem precisa emitir a nova Carteira de Identidade Nacional (CIN). O atendimento ser\u00e1 feito de forma gratuita, sem necessidade de agendamento, facilitando para aqueles que t\u00eam urg\u00eancia em atualizar seus documentos. Como funciona o mutir\u00e3o para a nova Carteira de Identidade Nacional? Durante o per\u00edodo [&hellip;]<\/p>\n","protected":false},"author":48,"featured_media":141739,"comment_status":"open","ping_status":"closed","sticky":false,"template":"","format":"standard","meta":{"jnews-multi-image_gallery":[],"jnews_single_post":{"format":"standard","override":[{"template":"1","parallax":"1","fullscreen":"1","layout":"right-sidebar","sidebar":"default-sidebar","second_sidebar":"default-sidebar","sticky_sidebar":"1","share_position":"topbottom","share_float_style":"share-monocrhome","show_featured":"1","show_post_meta":"1","show_post_author":"1","show_post_author_image":"1","show_post_date":"1","post_date_format":"default","post_date_format_custom":"Y\/m\/d","show_post_category":"1","post_reading_time_wpm":"300","post_calculate_word_method":"str_word_count","show_zoom_button":"0","zoom_button_out_step":"2","zoom_button_in_step":"3","show_post_tag":"1","show_prev_next_post":"1","show_popup_post":"1","show_comment_section":"1","number_popup_post":"2","show_author_box":"1","show_post_related":"1","show_inline_post_related":"1"}],"image_override":[{"single_post_thumbnail_size":"crop-500","single_post_gallery_size":"crop-500"}],"trending_post_position":"meta","trending_post_label":"Trending","sponsored_post_label":"Sponsored by","disable_ad":"0","subtitle":"Documentos necess\u00e1rios para a nova Carteira de Identidade."},"jnews_primary_category":[],"jnews_social_meta":[],"jnews_override_counter":{"view_counter_number":"0","share_counter_number":"0","like_counter_number":"0","dislike_counter_number":"0"},"footnotes":""},"categories":[22],"tags":[27541,25557,9854],"class_list":["post-141738","post","type-post","status-publish","format-standard","has-post-thumbnail","hentry","category-noticias","tag-emissao-de-documentos","tag-mutirao-carteira-de-identidade","tag-nova-cin"],"yoast_head":"<!-- This site is optimized with the Yoast SEO Premium plugin v27.4 (Yoast SEO v27.4) - https:\/\/yoast.com\/product\/yoast-seo-premium-wordpress\/ -->\n<title>Mutir\u00e3o para emiss\u00e3o da nova Carteira de Identidade \u00e9 realizado a partir desta segunda-feira (26); atendimento \u00e9 por ordem de chegada - Blog Pensar Cursos<\/title>\n<meta name=\"description\" content=\"Mutir\u00e3o facilita emiss\u00e3o da nova Carteira de Identidade Nacional (CIN) a partir de 26 de janeiro, com atendimento por ordem de chegada e gratuidade. Saiba como participar.\" \/>\n<meta name=\"robots\" content=\"index, follow, max-snippet:-1, max-image-preview:large, max-video-preview:-1\" \/>\n<link rel=\"canonical\" href=\"https:\/\/www.pensarcursos.com.br\/blog\/mutirao-para-emissao-da-nova-carteira-de-identidade-e-realizado-a-partir-desta-segunda-feira-26-atendimento-e-por-ordem-de-chegada\/\" \/>\n<meta property=\"og:locale\" content=\"pt_BR\" \/>\n<meta property=\"og:type\" content=\"article\" \/>\n<meta property=\"og:title\" content=\"Mutir\u00e3o para emiss\u00e3o da nova Carteira de Identidade \u00e9 realizado a partir desta segunda-feira (26); atendimento \u00e9 por ordem de chegada\" \/>\n<meta property=\"og:description\" content=\"Mutir\u00e3o facilita emiss\u00e3o da nova Carteira de Identidade Nacional (CIN) a partir de 26 de janeiro, com atendimento por ordem de chegada e gratuidade. Saiba como participar.\" \/>\n<meta property=\"og:url\" content=\"https:\/\/www.pensarcursos.com.br\/blog\/mutirao-para-emissao-da-nova-carteira-de-identidade-e-realizado-a-partir-desta-segunda-feira-26-atendimento-e-por-ordem-de-chegada\/\" \/>\n<meta property=\"og:site_name\" content=\"Blog Pensar Cursos\" \/>\n<meta property=\"article:publisher\" content=\"https:\/\/www.facebook.com\/pensarcursos\/\" \/>\n<meta property=\"article:published_time\" content=\"2026-01-25T13:19:10+00:00\" \/>\n<meta property=\"og:image\" content=\"https:\/\/www.pensarcursos.com.br\/blog\/wp-content\/uploads\/2026\/01\/mutirao-nova-carteira-de-identidade.webp\" \/>\n\t<meta property=\"og:image:width\" content=\"1200\" \/>\n\t<meta property=\"og:image:height\" content=\"800\" \/>\n\t<meta property=\"og:image:type\" content=\"image\/webp\" \/>\n<meta name=\"author\" content=\"Isabelli Ferreira\" \/>\n<meta name=\"twitter:card\" content=\"summary_large_image\" \/>\n<meta name=\"twitter:label1\" content=\"Escrito por\" \/>\n\t<meta name=\"twitter:data1\" content=\"Isabelli Ferreira\" \/>\n\t<meta name=\"twitter:label2\" content=\"Est. tempo de leitura\" \/>\n\t<meta name=\"twitter:data2\" content=\"4 minutos\" \/>\n<!-- \/ Yoast SEO Premium plugin. -->","yoast_head_json":{"title":"Mutir\u00e3o para emiss\u00e3o da nova Carteira de Identidade \u00e9 realizado a partir desta segunda-feira (26); atendimento \u00e9 por ordem de chegada - Blog Pensar Cursos","description":"Mutir\u00e3o facilita emiss\u00e3o da nova Carteira de Identidade Nacional (CIN) a partir de 26 de janeiro, com atendimento por ordem de chegada e gratuidade. Saiba como participar.","robots":{"index":"index","follow":"follow","max-snippet":"max-snippet:-1","max-image-preview":"max-image-preview:large","max-video-preview":"max-video-preview:-1"},"canonical":"https:\/\/www.pensarcursos.com.br\/blog\/mutirao-para-emissao-da-nova-carteira-de-identidade-e-realizado-a-partir-desta-segunda-feira-26-atendimento-e-por-ordem-de-chegada\/","og_locale":"pt_BR","og_type":"article","og_title":"Mutir\u00e3o para emiss\u00e3o da nova Carteira de Identidade \u00e9 realizado a partir desta segunda-feira (26); atendimento \u00e9 por ordem de chegada","og_description":"Mutir\u00e3o facilita emiss\u00e3o da nova Carteira de Identidade Nacional (CIN) a partir de 26 de janeiro, com atendimento por ordem de chegada e gratuidade. Saiba como participar.","og_url":"https:\/\/www.pensarcursos.com.br\/blog\/mutirao-para-emissao-da-nova-carteira-de-identidade-e-realizado-a-partir-desta-segunda-feira-26-atendimento-e-por-ordem-de-chegada\/","og_site_name":"Blog Pensar Cursos","article_publisher":"https:\/\/www.facebook.com\/pensarcursos\/","article_published_time":"2026-01-25T13:19:10+00:00","og_image":[{"width":1200,"height":800,"url":"https:\/\/www.pensarcursos.com.br\/blog\/wp-content\/uploads\/2026\/01\/mutirao-nova-carteira-de-identidade.webp","type":"image\/webp"}],"author":"Isabelli Ferreira","twitter_card":"summary_large_image","twitter_misc":{"Escrito por":"Isabelli Ferreira","Est. tempo de leitura":"4 minutos"},"schema":{"@context":"https:\/\/schema.org","@graph":[{"@type":["Article","BlogPosting"],"@id":"https:\/\/www.pensarcursos.com.br\/blog\/mutirao-para-emissao-da-nova-carteira-de-identidade-e-realizado-a-partir-desta-segunda-feira-26-atendimento-e-por-ordem-de-chegada\/#article","isPartOf":{"@id":"https:\/\/www.pensarcursos.com.br\/blog\/mutirao-para-emissao-da-nova-carteira-de-identidade-e-realizado-a-partir-desta-segunda-feira-26-atendimento-e-por-ordem-de-chegada\/"},"author":{"name":"Isabelli Ferreira","@id":"https:\/\/www.pensarcursos.com.br\/blog\/#\/schema\/person\/e387ba49ed4a778962271648452528c2"},"headline":"Mutir\u00e3o para emiss\u00e3o da nova Carteira de Identidade \u00e9 realizado a partir desta segunda-feira (26); atendimento \u00e9 por ordem de chegada","datePublished":"2026-01-25T13:19:10+00:00","mainEntityOfPage":{"@id":"https:\/\/www.pensarcursos.com.br\/blog\/mutirao-para-emissao-da-nova-carteira-de-identidade-e-realizado-a-partir-desta-segunda-feira-26-atendimento-e-por-ordem-de-chegada\/"},"wordCount":596,"commentCount":0,"publisher":{"@id":"https:\/\/www.pensarcursos.com.br\/blog\/#organization"},"image":{"@id":"https:\/\/www.pensarcursos.com.br\/blog\/mutirao-para-emissao-da-nova-carteira-de-identidade-e-realizado-a-partir-desta-segunda-feira-26-atendimento-e-por-ordem-de-chegada\/#primaryimage"},"thumbnailUrl":"https:\/\/www.pensarcursos.com.br\/blog\/wp-content\/uploads\/2026\/01\/mutirao-nova-carteira-de-identidade.webp","keywords":["emiss\u00e3o de documentos","mutir\u00e3o carteira de identidade","nova cin"],"articleSection":["Not\u00edcias"],"inLanguage":"pt-BR","potentialAction":[{"@type":"CommentAction","name":"Comment","target":["https:\/\/www.pensarcursos.com.br\/blog\/mutirao-para-emissao-da-nova-carteira-de-identidade-e-realizado-a-partir-desta-segunda-feira-26-atendimento-e-por-ordem-de-chegada\/#respond"]}],"copyrightYear":"2026","copyrightHolder":{"@id":"https:\/\/www.pensarcursos.com.br\/blog\/#organization"}},{"@type":"WebPage","@id":"https:\/\/www.pensarcursos.com.br\/blog\/mutirao-para-emissao-da-nova-carteira-de-identidade-e-realizado-a-partir-desta-segunda-feira-26-atendimento-e-por-ordem-de-chegada\/","url":"https:\/\/www.pensarcursos.com.br\/blog\/mutirao-para-emissao-da-nova-carteira-de-identidade-e-realizado-a-partir-desta-segunda-feira-26-atendimento-e-por-ordem-de-chegada\/","name":"Mutir\u00e3o para emiss\u00e3o da nova Carteira de Identidade \u00e9 realizado a partir desta segunda-feira (26); atendimento \u00e9 por ordem de chegada - Blog Pensar Cursos","isPartOf":{"@id":"https:\/\/www.pensarcursos.com.br\/blog\/#website"},"primaryImageOfPage":{"@id":"https:\/\/www.pensarcursos.com.br\/blog\/mutirao-para-emissao-da-nova-carteira-de-identidade-e-realizado-a-partir-desta-segunda-feira-26-atendimento-e-por-ordem-de-chegada\/#primaryimage"},"image":{"@id":"https:\/\/www.pensarcursos.com.br\/blog\/mutirao-para-emissao-da-nova-carteira-de-identidade-e-realizado-a-partir-desta-segunda-feira-26-atendimento-e-por-ordem-de-chegada\/#primaryimage"},"thumbnailUrl":"https:\/\/www.pensarcursos.com.br\/blog\/wp-content\/uploads\/2026\/01\/mutirao-nova-carteira-de-identidade.webp","datePublished":"2026-01-25T13:19:10+00:00","description":"Mutir\u00e3o facilita emiss\u00e3o da nova Carteira de Identidade Nacional (CIN) a partir de 26 de janeiro, com atendimento por ordem de chegada e gratuidade. Saiba como participar.","breadcrumb":{"@id":"https:\/\/www.pensarcursos.com.br\/blog\/mutirao-para-emissao-da-nova-carteira-de-identidade-e-realizado-a-partir-desta-segunda-feira-26-atendimento-e-por-ordem-de-chegada\/#breadcrumb"},"inLanguage":"pt-BR","potentialAction":[{"@type":"ReadAction","target":["https:\/\/www.pensarcursos.com.br\/blog\/mutirao-para-emissao-da-nova-carteira-de-identidade-e-realizado-a-partir-desta-segunda-feira-26-atendimento-e-por-ordem-de-chegada\/"]}]},{"@type":"ImageObject","inLanguage":"pt-BR","@id":"https:\/\/www.pensarcursos.com.br\/blog\/mutirao-para-emissao-da-nova-carteira-de-identidade-e-realizado-a-partir-desta-segunda-feira-26-atendimento-e-por-ordem-de-chegada\/#primaryimage","url":"https:\/\/www.pensarcursos.com.br\/blog\/wp-content\/uploads\/2026\/01\/mutirao-nova-carteira-de-identidade.webp","contentUrl":"https:\/\/www.pensarcursos.com.br\/blog\/wp-content\/uploads\/2026\/01\/mutirao-nova-carteira-de-identidade.webp","width":1200,"height":800,"caption":"Mutir\u00e3o de emiss\u00e3o da nova Carteira de Identidade Nacional come\u00e7a nesta segunda-feira (26) com atendimento presencial por ordem de chegada. Imagem: Pensar Cursos Blog"},{"@type":"BreadcrumbList","@id":"https:\/\/www.pensarcursos.com.br\/blog\/mutirao-para-emissao-da-nova-carteira-de-identidade-e-realizado-a-partir-desta-segunda-feira-26-atendimento-e-por-ordem-de-chegada\/#breadcrumb","itemListElement":[{"@type":"ListItem","position":1,"name":"Home","item":"https:\/\/www.pensarcursos.com.br\/blog\/"},{"@type":"ListItem","position":2,"name":"Mutir\u00e3o para emiss\u00e3o da nova Carteira de Identidade \u00e9 realizado a partir desta segunda-feira (26); atendimento \u00e9 por ordem de chegada"}]},{"@type":"WebSite","@id":"https:\/\/www.pensarcursos.com.br\/blog\/#website","url":"https:\/\/www.pensarcursos.com.br\/blog\/","name":"Blog Pensar Cursos","description":"Maior Site de Cursos do Brasil","publisher":{"@id":"https:\/\/www.pensarcursos.com.br\/blog\/#organization"},"alternateName":"Blog Pensar","potentialAction":[{"@type":"SearchAction","target":{"@type":"EntryPoint","urlTemplate":"https:\/\/www.pensarcursos.com.br\/blog\/?s={search_term_string}"},"query-input":{"@type":"PropertyValueSpecification","valueRequired":true,"valueName":"search_term_string"}}],"inLanguage":"pt-BR"},{"@type":"Organization","@id":"https:\/\/www.pensarcursos.com.br\/blog\/#organization","name":"Pensar Cursos","alternateName":"Blog pensar","url":"https:\/\/www.pensarcursos.com.br\/blog\/","logo":{"@type":"ImageObject","inLanguage":"pt-BR","@id":"https:\/\/www.pensarcursos.com.br\/blog\/#\/schema\/logo\/image\/","url":"https:\/\/www.pensarcursos.com.br\/blog\/wp-content\/uploads\/2023\/11\/Nova-Logo-Pensar-Cursos-vertical.png","contentUrl":"https:\/\/www.pensarcursos.com.br\/blog\/wp-content\/uploads\/2023\/11\/Nova-Logo-Pensar-Cursos-vertical.png","width":1393,"height":1001,"caption":"Pensar Cursos"},"image":{"@id":"https:\/\/www.pensarcursos.com.br\/blog\/#\/schema\/logo\/image\/"},"sameAs":["https:\/\/www.facebook.com\/pensarcursos\/","https:\/\/instagram.com.br\/pensarcursos"],"description":"Pensar Cursos \u00e9 uma empresa especializada em oferecer cursos de alta qualidade voltados para o desenvolvimento profissional e acad\u00eamico. Com uma ampla gama de op\u00e7\u00f5es de treinamento, oferecemos conte\u00fados atualizados, ministrados por especialistas da \u00e1rea, para capacitar indiv\u00edduos e equipes a atingirem seus objetivos. Nossa miss\u00e3o \u00e9 proporcionar uma educa\u00e7\u00e3o transformadora, acess\u00edvel e personalizada para cada aluno, seja em cursos presenciais ou online. Com uma abordagem inovadora, buscamos adaptar os nossos programas de ensino \u00e0s necessidades do mercado, criando solu\u00e7\u00f5es que atendem aos desafios e exig\u00eancias do mundo corporativo e acad\u00eamico. Nossos cursos incluem desde forma\u00e7\u00f5es t\u00e9cnicas at\u00e9 habilidades essenciais, como lideran\u00e7a, gest\u00e3o e desenvolvimento pessoal.","email":"contato@pensarcursos.com.br","legalName":"Sena Servi\u00e7os de Informa\u00e7\u00e3o Online LTDA","foundingDate":"2013-04-18","vatID":"17956217000172","numberOfEmployees":{"@type":"QuantitativeValue","minValue":"11","maxValue":"50"},"publishingPrinciples":"https:\/\/www.pensarcursos.com.br\/blog\/principios-de-publicacao\/","ownershipFundingInfo":"https:\/\/www.pensarcursos.com.br\/blog\/informacoes-de-propriedade-financiamento\/","actionableFeedbackPolicy":"https:\/\/www.pensarcursos.com.br\/blog\/politica-de-feedback-acionavel\/","correctionsPolicy":"https:\/\/www.pensarcursos.com.br\/blog\/politica-de-correcoes\/","ethicsPolicy":"https:\/\/www.pensarcursos.com.br\/blog\/politica-de-etica\/"},{"@type":"Person","@id":"https:\/\/www.pensarcursos.com.br\/blog\/#\/schema\/person\/e387ba49ed4a778962271648452528c2","name":"Isabelli Ferreira","image":{"@type":"ImageObject","inLanguage":"pt-BR","@id":"https:\/\/secure.gravatar.com\/avatar\/8b3b203e0769d83b87c611279890be042a5e5060500e577af59e9930f6f93d0a?s=96&d=mm&r=g","url":"https:\/\/secure.gravatar.com\/avatar\/8b3b203e0769d83b87c611279890be042a5e5060500e577af59e9930f6f93d0a?s=96&d=mm&r=g","contentUrl":"https:\/\/secure.gravatar.com\/avatar\/8b3b203e0769d83b87c611279890be042a5e5060500e577af59e9930f6f93d0a?s=96&d=mm&r=g","caption":"Isabelli Ferreira"},"description":"Graduada em LETRAS Vern\u00e1culas pela Universidade do Estado da Bahia (UNEB). Redatora grupo Sena Online.","sameAs":["https:\/\/www.linkedin.com\/in\/isabelli-pires-7b8778314"],"url":"https:\/\/www.pensarcursos.com.br\/blog\/author\/isabelli\/"}]}},"_links":{"self":[{"href":"https:\/\/www.pensarcursos.com.br\/blog\/wp-json\/wp\/v2\/posts\/141738","targetHints":{"allow":["GET"]}}],"collection":[{"href":"https:\/\/www.pensarcursos.com.br\/blog\/wp-json\/wp\/v2\/posts"}],"about":[{"href":"https:\/\/www.pensarcursos.com.br\/blog\/wp-json\/wp\/v2\/types\/post"}],"author":[{"embeddable":true,"href":"https:\/\/www.pensarcursos.com.br\/blog\/wp-json\/wp\/v2\/users\/48"}],"replies":[{"embeddable":true,"href":"https:\/\/www.pensarcursos.com.br\/blog\/wp-json\/wp\/v2\/comments?post=141738"}],"version-history":[{"count":0,"href":"https:\/\/www.pensarcursos.com.br\/blog\/wp-json\/wp\/v2\/posts\/141738\/revisions"}],"wp:featuredmedia":[{"embeddable":true,"href":"https:\/\/www.pensarcursos.com.br\/blog\/wp-json\/wp\/v2\/media\/141739"}],"wp:attachment":[{"href":"https:\/\/www.pensarcursos.com.br\/blog\/wp-json\/wp\/v2\/media?parent=141738"}],"wp:term":[{"taxonomy":"category","embeddable":true,"href":"https:\/\/www.pensarcursos.com.br\/blog\/wp-json\/wp\/v2\/categories?post=141738"},{"taxonomy":"post_tag","embeddable":true,"href":"https:\/\/www.pensarcursos.com.br\/blog\/wp-json\/wp\/v2\/tags?post=141738"}],"curies":[{"name":"wp","href":"https:\/\/api.w.org\/{rel}","templated":true}]}}