{"id":141735,"date":"2026-01-25T11:19:46","date_gmt":"2026-01-25T14:19:46","guid":{"rendered":"https:\/\/www.pensarcursos.com.br\/blog\/?p=141735"},"modified":"2026-01-27T17:13:49","modified_gmt":"2026-01-27T20:13:49","slug":"inss-e-bpc-2026-pagamento-com-valor-reajustado-comeca-nesta-segunda-26","status":"publish","type":"post","link":"https:\/\/www.pensarcursos.com.br\/blog\/inss-e-bpc-2026-pagamento-com-valor-reajustado-comeca-nesta-segunda-26\/","title":{"rendered":"INSS e BPC 2026: pagamento com valor reajustado come\u00e7a nesta segunda (26)"},"content":{"rendered":"<p>O <a href=\"https:\/\/www.gov.br\/inss\/pt-br\" target=\"_blank\" rel=\"noopener\">Instituto Nacional do Seguro Social (INSS)<\/a> confirmou que o pagamento dos benef\u00edcios do Benef\u00edcio de Presta\u00e7\u00e3o Continuada (BPC) de janeiro de 2026 trar\u00e1 novidades importantes para milh\u00f5es de brasileiros que dependem do valor para custear despesas essenciais.<\/p>\n<p>O principal destaque fica por conta do pagamento reajustado do INSS, que come\u00e7a a ser liberado j\u00e1 em 26 de janeiro, seguindo at\u00e9 6 de fevereiro conforme o final do n\u00famero do benef\u00edcio.<\/p>\n<p>Continue a leitura para conferir os novos valores, datas de pagamento e o que muda em 2026.<\/p>\n<h2>INSS 2026: como funciona e quem pode receber?<\/h2>\n<p>O <a href=\"https:\/\/www.pensarcursos.com.br\/blog\/inss-2026-beneficiarios-com-pagamento-acima-de-r-1-621-recebem-entre-2-e-6-de-fevereiro\/\" target=\"_blank\" rel=\"noopener\">INSS <\/a>\u00e9 o \u00f3rg\u00e3o que concede benef\u00edcios previdenci\u00e1rios e assistenciais. T\u00eam direito aos benef\u00edcios previdenci\u00e1rios os trabalhadores que contribuem ou j\u00e1 contribu\u00edram para a Previd\u00eancia Social, como empregados com carteira assinada, aut\u00f4nomos, MEIs, dom\u00e9sticos e contribuintes facultativos, al\u00e9m de seus dependentes, conforme regras de tempo de contribui\u00e7\u00e3o, car\u00eancia ou incapacidade.<\/p>\n<p>A rela\u00e7\u00e3o com o BPC \u00e9 que ele tamb\u00e9m \u00e9 pago pelo INSS, por\u00e9m n\u00e3o exige contribui\u00e7\u00e3o pr\u00e9via. O BPC \u00e9 um benef\u00edcio assistencial, destinado a idosos a partir de 65 anos e pessoas com defici\u00eancia em situa\u00e7\u00e3o de baixa renda, desde que atendam aos crit\u00e9rios legais.<\/p>\n<h2>Reajuste do Benef\u00edcio de Presta\u00e7\u00e3o Continuada<\/h2>\n<p>A partir de janeiro de 2026, o Benef\u00edcio de Presta\u00e7\u00e3o Continuada (BPC) passa a ser de R$ 1.621,00, acompanhando o reajuste do sal\u00e1rio m\u00ednimo, com aumento de R$ 103 na parcela.<\/p>\n<p>O BPC sempre equivale ao piso nacional, o que significa que toda mudan\u00e7a no<a href=\"https:\/\/www.pensarcursos.com.br\/blog\/salario-minimo-sobe-para-r-1-621-em-2026-veja-o-que-muda-no-inss-abono-salarial-e-seguro-desemprego\/\" target=\"_blank\" rel=\"noopener\"> sal\u00e1rio m\u00ednimo<\/a> impacta diretamente no valor desse pagamento assistencial. Este aumento representa uma diferen\u00e7a positiva, j\u00e1 que muitos beneficiados utilizam o recurso para cobrir custos com alimenta\u00e7\u00e3o, rem\u00e9dios e contas b\u00e1sicas.<\/p>\n<p>Diferente das aposentadorias e pens\u00f5es regidas pela Previd\u00eancia Social, o BPC n\u00e3o d\u00e1 direito a <a href=\"https:\/\/www.pensarcursos.com.br\/blog\/inss-beneficiarios-do-bpc-nao-terao-pagamento-do-13o-salario-em-2026-saiba-o-motivo\/\" target=\"_blank\" rel=\"noopener\">13\u00ba sal\u00e1rio<\/a> e n\u00e3o gera pens\u00e3o por morte, pois \u00e9 considerado um benef\u00edcio assistencial, conforme a Lei Org\u00e2nica da Assist\u00eancia Social (LOAS).<\/p>\n<h3>Quem tem direito ao BPC em 2026?<\/h3>\n<p>T\u00eam direito ao BPC em 2026 os idosos com 65 anos ou mais e as pessoas com defici\u00eancia, desde que atendam aos crit\u00e9rios legais. No caso dos idosos, \u00e9 necess\u00e1rio ter 65 anos ou mais, estar com o Cadastro \u00danico (Cad\u00danico) atualizado e comprovar renda familiar mensal de at\u00e9 1\/4 do sal\u00e1rio m\u00ednimo por pessoa.<\/p>\n<p>J\u00e1 as pessoas com defici\u00eancia n\u00e3o t\u00eam exig\u00eancia de idade, mas precisam comprovar impedimentos de longo prazo de natureza f\u00edsica, mental, intelectual ou sensorial, al\u00e9m de passar por avalia\u00e7\u00e3o m\u00e9dica e social do INSS e atender ao mesmo limite de renda.<\/p>\n<h2>Calend\u00e1rio de pagamento do INSS em 2026<\/h2>\n<p>As datas de pagamentos do BPC seguem o mesmo calend\u00e1rio anual definido pelo INSS. Para quem recebe<strong> at\u00e9 um sal\u00e1rio m\u00ednimo<\/strong>, os dep\u00f3sitos referentes ao m\u00eas de janeiro ser\u00e3o feitos de acordo com o <a href=\"https:\/\/www.pensarcursos.com.br\/blog\/inss-2026-aprenda-a-diferenciar-numero-do-beneficio-e-digito-verificador-e-saiba-sem-erros-quando-seu-pagamento-cai-na-conta\/\" target=\"_blank\" rel=\"noopener\">n\u00famero final do benef\u00edcio<\/a>, sem contar o d\u00edgito ap\u00f3s o tra\u00e7o.<\/p>\n<p>\u00c9 nesta fase que os dep\u00f3sitos do BPC acontecem.<\/p>\n<p>Confira a seguir:<\/p>\n<table>\n<thead>\n<tr>\n<th>Final do Benef\u00edcio<\/th>\n<th>Data de Pagamento (jan\/26)<\/th>\n<\/tr>\n<\/thead>\n<tbody>\n<tr>\n<td>1<\/td>\n<td>26\/jan<\/td>\n<\/tr>\n<tr>\n<td>2<\/td>\n<td>27\/jan<\/td>\n<\/tr>\n<tr>\n<td>3<\/td>\n<td>28\/jan<\/td>\n<\/tr>\n<tr>\n<td>4<\/td>\n<td>29\/jan<\/td>\n<\/tr>\n<tr>\n<td>5<\/td>\n<td>30\/jan<\/td>\n<\/tr>\n<tr>\n<td>6<\/td>\n<td>02\/fev<\/td>\n<\/tr>\n<tr>\n<td>7<\/td>\n<td>03\/fev<\/td>\n<\/tr>\n<tr>\n<td>8<\/td>\n<td>04\/fev<\/td>\n<\/tr>\n<tr>\n<td>9<\/td>\n<td>05\/fev<\/td>\n<\/tr>\n<tr>\n<td>0<\/td>\n<td>06\/fev<\/td>\n<\/tr>\n<\/tbody>\n<\/table>\n<h3>Pagamento acima de 1 sal\u00e1rio m\u00ednimo<\/h3>\n<p>Para os benefici\u00e1rios que recebem acima do piso nacional, os pagamentos de janeiro come\u00e7am em 2 de fevereiro e v\u00e3o at\u00e9 o dia 6, seguindo a ordem do n\u00famero final do benef\u00edcio:<\/p>\n<table>\n<thead>\n<tr>\n<th>Final do Benef\u00edcio<\/th>\n<th>Data de Pagamento (jan\/26)<\/th>\n<\/tr>\n<\/thead>\n<tbody>\n<tr>\n<td>1 e 6<\/td>\n<td>02\/fev<\/td>\n<\/tr>\n<tr>\n<td>2 e 7<\/td>\n<td>03\/fev<\/td>\n<\/tr>\n<tr>\n<td>3 e 8<\/td>\n<td>04\/fev<\/td>\n<\/tr>\n<tr>\n<td>4 e 9<\/td>\n<td>05\/fev<\/td>\n<\/tr>\n<tr>\n<td>5 e 0<\/td>\n<td>06\/fev<\/td>\n<\/tr>\n<\/tbody>\n<\/table>\n<h2>Como identificar a data correta de pagamento do INSS<\/h2>\n<p>Basta conferir o \u00faltimo n\u00famero do cart\u00e3o de benef\u00edcio antes do h\u00edfen. Por exemplo, se o n\u00famero \u00e9 0104-7, deve-se considerar o &#8220;4&#8221;. Quem preferir, pode consultar facilmente essas informa\u00e7\u00f5es pelo site ou aplicativo <a href=\"https:\/\/play.google.com\/store\/apps\/details?id=br.gov.dataprev.meuinss&amp;pcampaignid=web_share\" target=\"_blank\" rel=\"noopener\">Meu INSS<\/a>, al\u00e9m da Central 135 (segunda a s\u00e1bado, das 7h \u00e0s 22h).<\/p>\n<p>Para facilitar o acesso \u00e0s informa\u00e7\u00f5es, o portal <a href=\"https:\/\/www.pensarcursos.com.br\/blog\/\" target=\"_blank\" rel=\"noopener\">Pensar Cursos Blog<\/a> reuniu e organizou o calend\u00e1rio completo de pagamentos do INSS referente a 2026, dispon\u00edvel para consulta na tabela abaixo:<\/p>\n<figure id=\"attachment_141748\" aria-describedby=\"caption-attachment-141748\" style=\"width: 2018px\" class=\"wp-caption aligncenter\"><img decoding=\"async\" class=\"wp-image-141748 size-full\" src=\"https:\/\/www.pensarcursos.com.br\/blog\/wp-content\/uploads\/2026\/01\/calendario-de-pagamentos-inss-bpc-2026.webp\" alt=\"Tabela oficial do INSS com o calend\u00e1rio de pagamentos dos benef\u00edcios para 2026, detalhando finais de cart\u00e3o.\" width=\"2018\" height=\"1614\" srcset=\"https:\/\/www.pensarcursos.com.br\/blog\/wp-content\/uploads\/2026\/01\/calendario-de-pagamentos-inss-bpc-2026.webp 2018w, https:\/\/www.pensarcursos.com.br\/blog\/wp-content\/uploads\/2026\/01\/calendario-de-pagamentos-inss-bpc-2026-300x240.webp 300w, https:\/\/www.pensarcursos.com.br\/blog\/wp-content\/uploads\/2026\/01\/calendario-de-pagamentos-inss-bpc-2026-1024x819.webp 1024w, https:\/\/www.pensarcursos.com.br\/blog\/wp-content\/uploads\/2026\/01\/calendario-de-pagamentos-inss-bpc-2026-768x614.webp 768w, https:\/\/www.pensarcursos.com.br\/blog\/wp-content\/uploads\/2026\/01\/calendario-de-pagamentos-inss-bpc-2026-1536x1228.webp 1536w, https:\/\/www.pensarcursos.com.br\/blog\/wp-content\/uploads\/2026\/01\/calendario-de-pagamentos-inss-bpc-2026-750x600.webp 750w, https:\/\/www.pensarcursos.com.br\/blog\/wp-content\/uploads\/2026\/01\/calendario-de-pagamentos-inss-bpc-2026-1140x912.webp 1140w\" sizes=\"(max-width: 2018px) 100vw, 2018px\" \/><figcaption id=\"caption-attachment-141748\" class=\"wp-caption-text\">BPC 2026: confira as datas do pagamento reajustado de janeiro e saiba como receber o benef\u00edcio este ano. Imagem: Pensar Cursos Blog<\/figcaption><\/figure>\n<h2>Quer saber como garantir o BPC em 2026?<\/h2>\n<p>O BPC em 2026 pode ser solicitado de forma simples e totalmente online, por meio dos canais oficiais do INSS. Veja o passo a passo para solicitar o seu benef\u00edcio assistencial este ano.<\/p>\n<p><strong>Passo a passo para solicitar o BPC:<\/strong><\/p>\n<ol>\n<li>Acesse o site ou aplicativo <a href=\"https:\/\/play.google.com\/store\/apps\/details?id=br.gov.dataprev.meuinss&amp;pcampaignid=web_share\" target=\"_blank\" rel=\"noopener\">Meu INSS<\/a>;<\/li>\n<li>Fa\u00e7a login com CPF e senha gov.br;<\/li>\n<li>Selecione \u201cBenef\u00edcio Assistencial ao Idoso\u201d ou \u201cBenef\u00edcio Assistencial \u00e0 Pessoa com Defici\u00eancia\u201d;<\/li>\n<li>Envie os documentos solicitados;<\/li>\n<li>Pessoas com defici\u00eancia passar\u00e3o por per\u00edcia m\u00e9dica e avalia\u00e7\u00e3o social.<\/li>\n<\/ol>\n<p>O prazo m\u00e9dio de an\u00e1lise \u00e9 de at\u00e9 45 dias \u00fateis, podendo variar conforme a demanda do INSS.<\/p>\n<h2>Dicas para manter os benef\u00edcios do INSS ativos em 2026<\/h2>\n<ul>\n<li>Mantenha seus dados atualizados no Meu INSS e, no caso do BPC, no Cad\u00danico (atualiza\u00e7\u00e3o a cada 2 anos ou quando mudar algo).<\/li>\n<li>No BPC, fique atento \u00e0 renda familiar dentro do limite e ao cruzamento de dados mensal.<\/li>\n<li>Cuidado com golpes: use apenas canais oficiais (Meu INSS, 135, gov.br)<\/li>\n<\/ul>\n<p>Para mais informa\u00e7\u00f5es como esta, acompanhe o site <a href=\"https:\/\/www.pensarcursos.com.br\/blog\/\" target=\"_blank\" rel=\"noopener\">Pensar Cursos Blog<\/a> e fique atento \u00e0s \u00faltimas atualiza\u00e7\u00f5es sobre benef\u00edcios, concursos e not\u00edcias!<\/p>\n<p>N\u00e3o perca tempo! Assista ao v\u00eddeo agora e descubra como consultar o calend\u00e1rio de pagamentos do INSS em 2026 de forma r\u00e1pida, f\u00e1cil e totalmente segura:<\/p>\n<div class=\"jeg_video_container jeg_video_content\"><iframe title=\"Quando v\u00e3o pagar o INSS em 2026? Calend\u00e1rio oficial saiu e tem novidade\" width=\"500\" height=\"281\" src=\"https:\/\/www.youtube.com\/embed\/oewN8G9mELY?feature=oembed\" frameborder=\"0\" allow=\"accelerometer; autoplay; clipboard-write; encrypted-media; gyroscope; picture-in-picture; web-share\" referrerpolicy=\"strict-origin-when-cross-origin\" allowfullscreen><\/iframe><\/div>\n","protected":false},"excerpt":{"rendered":"<p>O Instituto Nacional do Seguro Social (INSS) confirmou que o pagamento dos benef\u00edcios do Benef\u00edcio de Presta\u00e7\u00e3o Continuada (BPC) de janeiro de 2026 trar\u00e1 novidades importantes para milh\u00f5es de brasileiros que dependem do valor para custear despesas essenciais. O principal destaque fica por conta do pagamento reajustado do INSS, que come\u00e7a a ser liberado j\u00e1 [&hellip;]<\/p>\n","protected":false},"author":60,"featured_media":139312,"comment_status":"open","ping_status":"closed","sticky":false,"template":"","format":"standard","meta":{"jnews-multi-image_gallery":[],"jnews_single_post":{"format":"standard","override":[{"template":"1","parallax":"1","fullscreen":"1","layout":"right-sidebar","sidebar":"default-sidebar","second_sidebar":"default-sidebar","sticky_sidebar":"1","share_position":"topbottom","share_float_style":"share-monocrhome","show_featured":"1","show_post_meta":"1","show_post_author":"1","show_post_author_image":"1","show_post_date":"1","post_date_format":"default","post_date_format_custom":"Y\/m\/d","show_post_category":"1","post_reading_time_wpm":"300","post_calculate_word_method":"str_word_count","show_zoom_button":"0","zoom_button_out_step":"2","zoom_button_in_step":"3","show_post_tag":"1","show_prev_next_post":"1","show_popup_post":"1","show_comment_section":"1","number_popup_post":"2","show_author_box":"1","show_post_related":"1","show_inline_post_related":"1"}],"image_override":[{"single_post_thumbnail_size":"crop-500","single_post_gallery_size":"crop-500"}],"trending_post_position":"meta","trending_post_label":"Trending","sponsored_post_label":"Sponsored by","disable_ad":"0","subtitle":"Saiba as novas regras e valores do BPC ap\u00f3s reajuste em 2026"},"jnews_primary_category":[],"jnews_social_meta":[],"jnews_override_counter":{"view_counter_number":"0","share_counter_number":"0","like_counter_number":"0","dislike_counter_number":"0"},"footnotes":""},"categories":[1657,2026],"tags":[37700,36233,37701],"class_list":["post-141735","post","type-post","status-publish","format-standard","has-post-thumbnail","hentry","category-beneficios-sociais","category-bpc","tag-calendario-bpc-2026","tag-pagamentos-inss-2026","tag-reajuste-beneficios-inss"],"yoast_head":"<!-- This site is optimized with the Yoast SEO Premium plugin v27.4 (Yoast SEO v27.4) - https:\/\/yoast.com\/product\/yoast-seo-premium-wordpress\/ -->\n<title>INSS e BPC 2026: pagamento com valor reajustado come\u00e7a nesta segunda (26) - Blog Pensar Cursos<\/title>\n<meta name=\"description\" content=\"Saiba tudo sobre o calend\u00e1rio do INSS 2026 e o pagamento reajustado do BPC, que come\u00e7a em 26 de janeiro. Veja quem tem direito, como solicitar e as novas datas de pagamento.\" \/>\n<meta name=\"robots\" content=\"index, follow, max-snippet:-1, max-image-preview:large, max-video-preview:-1\" \/>\n<link rel=\"canonical\" href=\"https:\/\/www.pensarcursos.com.br\/blog\/inss-e-bpc-2026-pagamento-com-valor-reajustado-comeca-nesta-segunda-26\/\" \/>\n<meta property=\"og:locale\" content=\"pt_BR\" \/>\n<meta property=\"og:type\" content=\"article\" \/>\n<meta property=\"og:title\" content=\"INSS e BPC 2026: pagamento com valor reajustado come\u00e7a nesta segunda (26)\" \/>\n<meta property=\"og:description\" content=\"Saiba tudo sobre o calend\u00e1rio do INSS 2026 e o pagamento reajustado do BPC, que come\u00e7a em 26 de janeiro. Veja quem tem direito, como solicitar e as novas datas de pagamento.\" \/>\n<meta property=\"og:url\" content=\"https:\/\/www.pensarcursos.com.br\/blog\/inss-e-bpc-2026-pagamento-com-valor-reajustado-comeca-nesta-segunda-26\/\" \/>\n<meta property=\"og:site_name\" content=\"Blog Pensar Cursos\" \/>\n<meta property=\"article:publisher\" content=\"https:\/\/www.facebook.com\/pensarcursos\/\" \/>\n<meta property=\"article:published_time\" content=\"2026-01-25T14:19:46+00:00\" \/>\n<meta property=\"article:modified_time\" content=\"2026-01-27T20:13:49+00:00\" \/>\n<meta property=\"og:image\" content=\"https:\/\/www.pensarcursos.com.br\/blog\/wp-content\/uploads\/2026\/01\/datas-de-pagamentos-do-inss-2026.webp\" \/>\n\t<meta property=\"og:image:width\" content=\"1200\" \/>\n\t<meta property=\"og:image:height\" content=\"800\" \/>\n\t<meta property=\"og:image:type\" content=\"image\/webp\" \/>\n<meta name=\"author\" content=\"Luiza Pereira\" \/>\n<meta name=\"twitter:card\" content=\"summary_large_image\" \/>\n<meta name=\"twitter:label1\" content=\"Escrito por\" \/>\n\t<meta name=\"twitter:data1\" content=\"Luiza Pereira\" \/>\n\t<meta name=\"twitter:label2\" content=\"Est. tempo de leitura\" \/>\n\t<meta name=\"twitter:data2\" content=\"6 minutos\" \/>\n<!-- \/ Yoast SEO Premium plugin. -->","yoast_head_json":{"title":"INSS e BPC 2026: pagamento com valor reajustado come\u00e7a nesta segunda (26) - Blog Pensar Cursos","description":"Saiba tudo sobre o calend\u00e1rio do INSS 2026 e o pagamento reajustado do BPC, que come\u00e7a em 26 de janeiro. Veja quem tem direito, como solicitar e as novas datas de pagamento.","robots":{"index":"index","follow":"follow","max-snippet":"max-snippet:-1","max-image-preview":"max-image-preview:large","max-video-preview":"max-video-preview:-1"},"canonical":"https:\/\/www.pensarcursos.com.br\/blog\/inss-e-bpc-2026-pagamento-com-valor-reajustado-comeca-nesta-segunda-26\/","og_locale":"pt_BR","og_type":"article","og_title":"INSS e BPC 2026: pagamento com valor reajustado come\u00e7a nesta segunda (26)","og_description":"Saiba tudo sobre o calend\u00e1rio do INSS 2026 e o pagamento reajustado do BPC, que come\u00e7a em 26 de janeiro. Veja quem tem direito, como solicitar e as novas datas de pagamento.","og_url":"https:\/\/www.pensarcursos.com.br\/blog\/inss-e-bpc-2026-pagamento-com-valor-reajustado-comeca-nesta-segunda-26\/","og_site_name":"Blog Pensar Cursos","article_publisher":"https:\/\/www.facebook.com\/pensarcursos\/","article_published_time":"2026-01-25T14:19:46+00:00","article_modified_time":"2026-01-27T20:13:49+00:00","og_image":[{"width":1200,"height":800,"url":"https:\/\/www.pensarcursos.com.br\/blog\/wp-content\/uploads\/2026\/01\/datas-de-pagamentos-do-inss-2026.webp","type":"image\/webp"}],"author":"Luiza Pereira","twitter_card":"summary_large_image","twitter_misc":{"Escrito por":"Luiza Pereira","Est. tempo de leitura":"6 minutos"},"schema":{"@context":"https:\/\/schema.org","@graph":[{"@type":["Article","BlogPosting"],"@id":"https:\/\/www.pensarcursos.com.br\/blog\/inss-e-bpc-2026-pagamento-com-valor-reajustado-comeca-nesta-segunda-26\/#article","isPartOf":{"@id":"https:\/\/www.pensarcursos.com.br\/blog\/inss-e-bpc-2026-pagamento-com-valor-reajustado-comeca-nesta-segunda-26\/"},"author":{"name":"Luiza Pereira","@id":"https:\/\/www.pensarcursos.com.br\/blog\/#\/schema\/person\/b94ff84c7271a3cb9a5ce19e07b0ed5f"},"headline":"INSS e BPC 2026: pagamento com valor reajustado come\u00e7a nesta segunda (26)","datePublished":"2026-01-25T14:19:46+00:00","dateModified":"2026-01-27T20:13:49+00:00","mainEntityOfPage":{"@id":"https:\/\/www.pensarcursos.com.br\/blog\/inss-e-bpc-2026-pagamento-com-valor-reajustado-comeca-nesta-segunda-26\/"},"wordCount":987,"commentCount":0,"publisher":{"@id":"https:\/\/www.pensarcursos.com.br\/blog\/#organization"},"image":{"@id":"https:\/\/www.pensarcursos.com.br\/blog\/inss-e-bpc-2026-pagamento-com-valor-reajustado-comeca-nesta-segunda-26\/#primaryimage"},"thumbnailUrl":"https:\/\/www.pensarcursos.com.br\/blog\/wp-content\/uploads\/2026\/01\/datas-de-pagamentos-do-inss-2026.webp","keywords":["calend\u00e1rio bpc 2026","pagamentos inss 2026","reajuste benef\u00edcios inss"],"articleSection":["Benef\u00edcios Sociais","BPC"],"inLanguage":"pt-BR","potentialAction":[{"@type":"CommentAction","name":"Comment","target":["https:\/\/www.pensarcursos.com.br\/blog\/inss-e-bpc-2026-pagamento-com-valor-reajustado-comeca-nesta-segunda-26\/#respond"]}],"copyrightYear":"2026","copyrightHolder":{"@id":"https:\/\/www.pensarcursos.com.br\/blog\/#organization"}},{"@type":"WebPage","@id":"https:\/\/www.pensarcursos.com.br\/blog\/inss-e-bpc-2026-pagamento-com-valor-reajustado-comeca-nesta-segunda-26\/","url":"https:\/\/www.pensarcursos.com.br\/blog\/inss-e-bpc-2026-pagamento-com-valor-reajustado-comeca-nesta-segunda-26\/","name":"INSS e BPC 2026: pagamento com valor reajustado come\u00e7a nesta segunda (26) - Blog Pensar Cursos","isPartOf":{"@id":"https:\/\/www.pensarcursos.com.br\/blog\/#website"},"primaryImageOfPage":{"@id":"https:\/\/www.pensarcursos.com.br\/blog\/inss-e-bpc-2026-pagamento-com-valor-reajustado-comeca-nesta-segunda-26\/#primaryimage"},"image":{"@id":"https:\/\/www.pensarcursos.com.br\/blog\/inss-e-bpc-2026-pagamento-com-valor-reajustado-comeca-nesta-segunda-26\/#primaryimage"},"thumbnailUrl":"https:\/\/www.pensarcursos.com.br\/blog\/wp-content\/uploads\/2026\/01\/datas-de-pagamentos-do-inss-2026.webp","datePublished":"2026-01-25T14:19:46+00:00","dateModified":"2026-01-27T20:13:49+00:00","description":"Saiba tudo sobre o calend\u00e1rio do INSS 2026 e o pagamento reajustado do BPC, que come\u00e7a em 26 de janeiro. Veja quem tem direito, como solicitar e as novas datas de pagamento.","breadcrumb":{"@id":"https:\/\/www.pensarcursos.com.br\/blog\/inss-e-bpc-2026-pagamento-com-valor-reajustado-comeca-nesta-segunda-26\/#breadcrumb"},"inLanguage":"pt-BR","potentialAction":[{"@type":"ReadAction","target":["https:\/\/www.pensarcursos.com.br\/blog\/inss-e-bpc-2026-pagamento-com-valor-reajustado-comeca-nesta-segunda-26\/"]}]},{"@type":"ImageObject","inLanguage":"pt-BR","@id":"https:\/\/www.pensarcursos.com.br\/blog\/inss-e-bpc-2026-pagamento-com-valor-reajustado-comeca-nesta-segunda-26\/#primaryimage","url":"https:\/\/www.pensarcursos.com.br\/blog\/wp-content\/uploads\/2026\/01\/datas-de-pagamentos-do-inss-2026.webp","contentUrl":"https:\/\/www.pensarcursos.com.br\/blog\/wp-content\/uploads\/2026\/01\/datas-de-pagamentos-do-inss-2026.webp","width":1200,"height":800,"caption":"Confira todas as novidades do 13\u00b0 sal\u00e1rio do INSS! Imagem: Pensar Cursos Blog"},{"@type":"BreadcrumbList","@id":"https:\/\/www.pensarcursos.com.br\/blog\/inss-e-bpc-2026-pagamento-com-valor-reajustado-comeca-nesta-segunda-26\/#breadcrumb","itemListElement":[{"@type":"ListItem","position":1,"name":"Home","item":"https:\/\/www.pensarcursos.com.br\/blog\/"},{"@type":"ListItem","position":2,"name":"INSS e BPC 2026: pagamento com valor reajustado come\u00e7a nesta segunda (26)"}]},{"@type":"WebSite","@id":"https:\/\/www.pensarcursos.com.br\/blog\/#website","url":"https:\/\/www.pensarcursos.com.br\/blog\/","name":"Blog Pensar Cursos","description":"Maior Site de Cursos do Brasil","publisher":{"@id":"https:\/\/www.pensarcursos.com.br\/blog\/#organization"},"alternateName":"Blog Pensar","potentialAction":[{"@type":"SearchAction","target":{"@type":"EntryPoint","urlTemplate":"https:\/\/www.pensarcursos.com.br\/blog\/?s={search_term_string}"},"query-input":{"@type":"PropertyValueSpecification","valueRequired":true,"valueName":"search_term_string"}}],"inLanguage":"pt-BR"},{"@type":"Organization","@id":"https:\/\/www.pensarcursos.com.br\/blog\/#organization","name":"Pensar Cursos","alternateName":"Blog pensar","url":"https:\/\/www.pensarcursos.com.br\/blog\/","logo":{"@type":"ImageObject","inLanguage":"pt-BR","@id":"https:\/\/www.pensarcursos.com.br\/blog\/#\/schema\/logo\/image\/","url":"https:\/\/www.pensarcursos.com.br\/blog\/wp-content\/uploads\/2023\/11\/Nova-Logo-Pensar-Cursos-vertical.png","contentUrl":"https:\/\/www.pensarcursos.com.br\/blog\/wp-content\/uploads\/2023\/11\/Nova-Logo-Pensar-Cursos-vertical.png","width":1393,"height":1001,"caption":"Pensar Cursos"},"image":{"@id":"https:\/\/www.pensarcursos.com.br\/blog\/#\/schema\/logo\/image\/"},"sameAs":["https:\/\/www.facebook.com\/pensarcursos\/","https:\/\/instagram.com.br\/pensarcursos"],"description":"Pensar Cursos \u00e9 uma empresa especializada em oferecer cursos de alta qualidade voltados para o desenvolvimento profissional e acad\u00eamico. Com uma ampla gama de op\u00e7\u00f5es de treinamento, oferecemos conte\u00fados atualizados, ministrados por especialistas da \u00e1rea, para capacitar indiv\u00edduos e equipes a atingirem seus objetivos. Nossa miss\u00e3o \u00e9 proporcionar uma educa\u00e7\u00e3o transformadora, acess\u00edvel e personalizada para cada aluno, seja em cursos presenciais ou online. Com uma abordagem inovadora, buscamos adaptar os nossos programas de ensino \u00e0s necessidades do mercado, criando solu\u00e7\u00f5es que atendem aos desafios e exig\u00eancias do mundo corporativo e acad\u00eamico. Nossos cursos incluem desde forma\u00e7\u00f5es t\u00e9cnicas at\u00e9 habilidades essenciais, como lideran\u00e7a, gest\u00e3o e desenvolvimento pessoal.","email":"contato@pensarcursos.com.br","legalName":"Sena Servi\u00e7os de Informa\u00e7\u00e3o Online LTDA","foundingDate":"2013-04-18","vatID":"17956217000172","numberOfEmployees":{"@type":"QuantitativeValue","minValue":"11","maxValue":"50"},"publishingPrinciples":"https:\/\/www.pensarcursos.com.br\/blog\/principios-de-publicacao\/","ownershipFundingInfo":"https:\/\/www.pensarcursos.com.br\/blog\/informacoes-de-propriedade-financiamento\/","actionableFeedbackPolicy":"https:\/\/www.pensarcursos.com.br\/blog\/politica-de-feedback-acionavel\/","correctionsPolicy":"https:\/\/www.pensarcursos.com.br\/blog\/politica-de-correcoes\/","ethicsPolicy":"https:\/\/www.pensarcursos.com.br\/blog\/politica-de-etica\/"},{"@type":"Person","@id":"https:\/\/www.pensarcursos.com.br\/blog\/#\/schema\/person\/b94ff84c7271a3cb9a5ce19e07b0ed5f","name":"Luiza Pereira","image":{"@type":"ImageObject","inLanguage":"pt-BR","@id":"https:\/\/secure.gravatar.com\/avatar\/51a9cea3f558699054e6c6d962a79771188542d9b4d73e9f96d8c0586bc5f11d?s=96&d=mm&r=g","url":"https:\/\/secure.gravatar.com\/avatar\/51a9cea3f558699054e6c6d962a79771188542d9b4d73e9f96d8c0586bc5f11d?s=96&d=mm&r=g","contentUrl":"https:\/\/secure.gravatar.com\/avatar\/51a9cea3f558699054e6c6d962a79771188542d9b4d73e9f96d8c0586bc5f11d?s=96&d=mm&r=g","caption":"Luiza Pereira"},"description":"Graduanda em Pedagogia pela Universidade Estadual do Sudoeste da Bahia (UESB). Redatora do grupo Sena Online.","sameAs":["https:\/\/www.instagram.com\/luizza_pereiraa?igsh=MmltMGh0bHUzbnR0"],"url":"https:\/\/www.pensarcursos.com.br\/blog\/author\/luiza\/"}]}},"_links":{"self":[{"href":"https:\/\/www.pensarcursos.com.br\/blog\/wp-json\/wp\/v2\/posts\/141735","targetHints":{"allow":["GET"]}}],"collection":[{"href":"https:\/\/www.pensarcursos.com.br\/blog\/wp-json\/wp\/v2\/posts"}],"about":[{"href":"https:\/\/www.pensarcursos.com.br\/blog\/wp-json\/wp\/v2\/types\/post"}],"author":[{"embeddable":true,"href":"https:\/\/www.pensarcursos.com.br\/blog\/wp-json\/wp\/v2\/users\/60"}],"replies":[{"embeddable":true,"href":"https:\/\/www.pensarcursos.com.br\/blog\/wp-json\/wp\/v2\/comments?post=141735"}],"version-history":[{"count":0,"href":"https:\/\/www.pensarcursos.com.br\/blog\/wp-json\/wp\/v2\/posts\/141735\/revisions"}],"wp:featuredmedia":[{"embeddable":true,"href":"https:\/\/www.pensarcursos.com.br\/blog\/wp-json\/wp\/v2\/media\/139312"}],"wp:attachment":[{"href":"https:\/\/www.pensarcursos.com.br\/blog\/wp-json\/wp\/v2\/media?parent=141735"}],"wp:term":[{"taxonomy":"category","embeddable":true,"href":"https:\/\/www.pensarcursos.com.br\/blog\/wp-json\/wp\/v2\/categories?post=141735"},{"taxonomy":"post_tag","embeddable":true,"href":"https:\/\/www.pensarcursos.com.br\/blog\/wp-json\/wp\/v2\/tags?post=141735"}],"curies":[{"name":"wp","href":"https:\/\/api.w.org\/{rel}","templated":true}]}}