{"id":141719,"date":"2026-01-25T12:59:34","date_gmt":"2026-01-25T15:59:34","guid":{"rendered":"https:\/\/www.pensarcursos.com.br\/blog\/?p=141719"},"modified":"2026-01-23T22:11:12","modified_gmt":"2026-01-24T01:11:12","slug":"saiu-edital-concurso-com-vagas-para-contador-farmaceutico-fonoaudiologo-e-motorista-oferece-salarios-de-ate-r-7-mil","status":"publish","type":"post","link":"https:\/\/www.pensarcursos.com.br\/blog\/saiu-edital-concurso-com-vagas-para-contador-farmaceutico-fonoaudiologo-e-motorista-oferece-salarios-de-ate-r-7-mil\/","title":{"rendered":"SAIU EDITAL! Concurso com vagas para Contador, Farmac\u00eautico, Fonoaudi\u00f3logo e Motorista oferece sal\u00e1rios de at\u00e9 R$ 7 mil"},"content":{"rendered":"<p>Foi lan\u00e7ado o aguardado edital que abre oportunidades em diversas \u00e1reas por meio do\u00a0<strong>concurso da Prefeitura Municipal<\/strong>. As inscri\u00e7\u00f5es j\u00e1 est\u00e3o abertas e os interessados podem disputar postos de n\u00edveis fundamental e superior. Com sal\u00e1rios que chegam a <strong>R$ 7.033,36<\/strong>, o concurso contempla fun\u00e7\u00f5es indispens\u00e1veis ao funcionamento dos servi\u00e7os p\u00fablicos municipais.<\/p>\n<p>Nesta mat\u00e9ria, veja todos os detalhes sobre os cargos oferecidos, remunera\u00e7\u00e3o, etapas do concurso, al\u00e9m de dicas pr\u00e1ticas para garantir sua inscri\u00e7\u00e3o.<\/p>\n<h2>Detalhes sobre o concurso da Prefeitura Municipal<\/h2>\n<p>O <a href=\"https:\/\/www.pensarcursos.com.br\/blog\/saiu-edital-novo-concurso-camara-municipal-esta-com-inscricoes-abertas-salarios-de-ate-r-51-mil\/\">concurso<\/a> divulga vagas imediatas e composi\u00e7\u00e3o de cadastro reserva para profissionais de diferentes \u00e1reas. S\u00e3o oferecidas oportunidades para contador, farmac\u00eautico, fonoaudi\u00f3logo e motorista.<\/p>\n<p>Al\u00e9m disso, o edital prev\u00ea crit\u00e9rios de participa\u00e7\u00e3o claros e um cronograma objetivo para as etapas do certame.<\/p>\n<p>Confira as vagas:<\/p>\n<ul>\n<li>Contador \u2013 1 vaga<\/li>\n<li>Farmac\u00eautico \u2013 1 vaga<\/li>\n<li>Fonoaudi\u00f3logo \u2013 1 vaga<\/li>\n<li>Motorista \u2013 1 vaga<\/li>\n<\/ul>\n<p>H\u00e1 possibilidade de forma\u00e7\u00e3o de cadastro reserva em todos os cargos.<\/p>\n<h2>Requisitos para se candidatar<\/h2>\n<p>Os candidatos devem cumprir os pr\u00e9-requisitos estabelecidos no edital:<\/p>\n<ul>\n<li>N\u00edvel fundamental completo: para o cargo de Motorista (necess\u00e1rio CNH categoria D).<\/li>\n<li>N\u00edvel superior completo: para Contador, Farmac\u00eautico e Fonoaudi\u00f3logo, com registro no conselho profissional.<\/li>\n<li>Idade m\u00ednima de 18 anos.<\/li>\n<li>Demais exig\u00eancias dispon\u00edveis no edital oficial.<\/li>\n<\/ul>\n<h2>Remunera\u00e7\u00e3o<\/h2>\n<p>Os sal\u00e1rios variam de acordo com o cargo e a carga hor\u00e1ria semanal prevista.<\/p>\n<p>Veja a seguir a composi\u00e7\u00e3o salarial:<\/p>\n<table>\n<thead>\n<tr>\n<th>Cargo<\/th>\n<th>Sal\u00e1rio (R$)<\/th>\n<th>Carga hor\u00e1ria<\/th>\n<\/tr>\n<\/thead>\n<tbody>\n<tr>\n<td>Contador<\/td>\n<td>7.033,36<\/td>\n<td>40 horas<\/td>\n<\/tr>\n<tr>\n<td>Farmac\u00eautico<\/td>\n<td>4.717,53<\/td>\n<td>40 horas<\/td>\n<\/tr>\n<tr>\n<td>Fonoaudi\u00f3logo<\/td>\n<td>3.593,61<\/td>\n<td>20 horas<\/td>\n<\/tr>\n<tr>\n<td>Motorista<\/td>\n<td>2.417,69<\/td>\n<td>40 horas<\/td>\n<\/tr>\n<\/tbody>\n<\/table>\n<h2>Inscri\u00e7\u00f5es<\/h2>\n<p>As inscri\u00e7\u00f5es do concurso da Prefeitura Municipal de Tejup\u00e1, no estado de S\u00e3o Paulo (SP), est\u00e3o agendadas para o per\u00edodo das 8h de 22 de janeiro de 2026 at\u00e9 \u00e0s 23h59 do dia 1\u00ba de fevereiro de 2026.<\/p>\n<ul>\n<li>O procedimento de inscri\u00e7\u00e3o deve ser realizado no\u00a0site do <a href=\"https:\/\/portal.imperioconcursos.com.br\/edital\/ver\/116\" target=\"_blank\" rel=\"noopener\">Portal Imp\u00e9rio<\/a>.<\/li>\n<li>Taxa de inscri\u00e7\u00e3o varia de R$ 60,00 a R$ 100,00, conforme o cargo.<\/li>\n<\/ul>\n<figure id=\"attachment_141724\" aria-describedby=\"caption-attachment-141724\" style=\"width: 1380px\" class=\"wp-caption aligncenter\"><img decoding=\"async\" class=\"wp-image-141724 size-full\" src=\"https:\/\/www.pensarcursos.com.br\/blog\/wp-content\/uploads\/2026\/01\/Concurso4-3.jpg\" alt=\"M\u00e3o revisando um texto impresso com caneta vermelha sobre mesa de madeira\" width=\"1380\" height=\"920\" srcset=\"https:\/\/www.pensarcursos.com.br\/blog\/wp-content\/uploads\/2026\/01\/Concurso4-3.jpg 1380w, https:\/\/www.pensarcursos.com.br\/blog\/wp-content\/uploads\/2026\/01\/Concurso4-3-300x200.jpg 300w, https:\/\/www.pensarcursos.com.br\/blog\/wp-content\/uploads\/2026\/01\/Concurso4-3-1024x683.jpg 1024w, https:\/\/www.pensarcursos.com.br\/blog\/wp-content\/uploads\/2026\/01\/Concurso4-3-768x512.jpg 768w, https:\/\/www.pensarcursos.com.br\/blog\/wp-content\/uploads\/2026\/01\/Concurso4-3-750x500.jpg 750w, https:\/\/www.pensarcursos.com.br\/blog\/wp-content\/uploads\/2026\/01\/Concurso4-3-1140x760.jpg 1140w\" sizes=\"(max-width: 1380px) 100vw, 1380px\" \/><figcaption id=\"caption-attachment-141724\" class=\"wp-caption-text\">Conhe\u00e7a as etapas do concurso da Prefeitura Municipal. Imagem: Freepik<\/figcaption><\/figure>\n<h2>Processo de sele\u00e7\u00e3o<\/h2>\n<p>Os candidatos ser\u00e3o avaliados por meio de etapas objetivas e pr\u00e1ticas:<\/p>\n<ul>\n<li>Prova objetiva para todos os cargos, marcada para <strong>22 de fevereiro de 2026<\/strong>.<\/li>\n<li>Prova pr\u00e1tica para Motorista.<\/li>\n<li>Avalia\u00e7\u00e3o de t\u00edtulos para algumas \u00e1reas de n\u00edvel superior.<\/li>\n<\/ul>\n<p>O conte\u00fado das provas abrange l\u00edngua portuguesa, matem\u00e1tica, conhecimentos gerais e espec\u00edficos conforme a fun\u00e7\u00e3o.<\/p>\n<h2>Cronograma do concurso<\/h2>\n<ul>\n<li>Publica\u00e7\u00e3o oficial do edital: Janeiro de 2026<\/li>\n<li>Per\u00edodo de inscri\u00e7\u00f5es: 22\/01\/2026 a 01\/02\/2026<\/li>\n<li>Isen\u00e7\u00e3o de taxa: 22\/01\/2026 a 23\/01\/2026<\/li>\n<li>Data da prova objetiva: 22\/02\/2026<\/li>\n<li>Divulga\u00e7\u00e3o dos resultados: conforme edital<\/li>\n<\/ul>\n<h2>Conte\u00fado program\u00e1tico<\/h2>\n<p>O conte\u00fado program\u00e1tico das provas inclui t\u00f3picos de:<\/p>\n<ul>\n<li>L\u00edngua Portuguesa<\/li>\n<li>Matem\u00e1tica<\/li>\n<li>Conhecimentos Gerais<\/li>\n<li>Conhecimentos Espec\u00edficos de cada \u00e1rea<\/li>\n<\/ul>\n<h2>Resumo do concurso<\/h2>\n<table>\n<tbody>\n<tr>\n<th>Status<\/th>\n<td>Aberto<\/td>\n<\/tr>\n<tr>\n<th>Banca<\/th>\n<td><a href=\"https:\/\/portal.imperioconcursos.com.br\/edital\/ver\/116\" target=\"_blank\" rel=\"noopener\">Portal Imp\u00e9rio<\/a><\/td>\n<\/tr>\n<tr>\n<th>Cargos<\/th>\n<td>Contador, farmac\u00eautico, fonoaudi\u00f3logo, motorista<\/td>\n<\/tr>\n<tr>\n<th>Escolaridade<\/th>\n<td>Fundamental e superior<\/td>\n<\/tr>\n<tr>\n<th>Vagas<\/th>\n<td>4 + cadastro reserva<\/td>\n<\/tr>\n<tr>\n<th>Sal\u00e1rio inicial<\/th>\n<td>R$ 2.417,69 a R$ 7.033,36<\/td>\n<\/tr>\n<tr>\n<th>Inscri\u00e7\u00f5es<\/th>\n<td>22\/01\/2026 a 01\/02\/2026<\/td>\n<\/tr>\n<tr>\n<th>Taxa inscri\u00e7\u00e3o<\/th>\n<td>R$ 60,00 a R$ 100,00<\/td>\n<\/tr>\n<tr>\n<th>Data da prova objetiva<\/th>\n<td>22\/02\/2026<\/td>\n<\/tr>\n<tr>\n<th>Edital<\/th>\n<td><a href=\"https:\/\/www.pensarcursos.com.br\/blog\/wp-content\/uploads\/2026\/01\/Tejupa.pdf\" target=\"_blank\" rel=\"noopener\">Edital do concurso da Prefeitura de Tejup\u00e1<\/a><\/td>\n<\/tr>\n<\/tbody>\n<\/table>\n<h2>Validade do concurso<\/h2>\n<p>O <a href=\"https:\/\/www.pensarcursos.com.br\/blog\/saiu-edital-concurso-com-1-400-vagas-e-salarios-de-ate-r-99-mil-abriu-inscricoes\/\">concurso<\/a> da Prefeitura Municipal de Tejup\u00e1 ter\u00e1 validade de dois anos a partir da homologa\u00e7\u00e3o do resultado final, sendo poss\u00edvel prorroga\u00e7\u00e3o por mais dois anos conforme demanda e legisla\u00e7\u00e3o local.<\/p>\n<h2>Perguntas frequentes<\/h2>\n<ul>\n<li><strong>Quais os requisitos para cada cargo?<\/strong> \u00c9 preciso ter ensino fundamental (motorista) ou superior (contador, farmac\u00eautico, fonoaudi\u00f3logo), al\u00e9m de registro no conselho e CNH D para Motorista.<\/li>\n<li><strong>Como fa\u00e7o a inscri\u00e7\u00e3o?<\/strong>\u00a0As inscri\u00e7\u00f5es s\u00e3o realizadas exclusivamente pelo site do Portal Imp\u00e9rio, entre 22 de janeiro e 1\u00ba de fevereiro de 2026.<\/li>\n<li><strong>Posso pedir isen\u00e7\u00e3o da taxa?<\/strong>\u00a0Sim, pedidos podem ser feitos nos dias 22 e 23 de janeiro de 2026, conforme edital.<\/li>\n<li><strong>Qual ser\u00e1 a data da prova?<\/strong>\u00a0A prova objetiva est\u00e1 prevista para 22 de fevereiro de 2026.<\/li>\n<li><strong>Qual o valor da taxa de inscri\u00e7\u00e3o?<\/strong>\u00a0O valor varia de R$ 60,00 a R$ 100,00 conforme o cargo escolhido.<\/li>\n<li><strong>Onde encontro o conte\u00fado program\u00e1tico?<\/strong>\u00a0O conte\u00fado detalhado das provas est\u00e1 dispon\u00edvel no edital do concurso.<\/li>\n<li><strong>Quais os sal\u00e1rios oferecidos?<\/strong>\u00a0Os sal\u00e1rios iniciais v\u00e3o de R$ 2.417,69 a R$ 7.033,36.<\/li>\n<li><strong>Quantas vagas h\u00e1 no concurso?<\/strong>\u00a0S\u00e3o 4 vagas imediatas, al\u00e9m de cadastro reserva.<\/li>\n<\/ul>\n<p>Esse concurso n\u00e3o \u00e9 o que voc\u00ea procurava? Veja outras oportunidades no\u00a0<a href=\"https:\/\/www.pensarcursos.com.br\/blog\/?utm_source=pushnewsjLj694e70bc89399a4f8804bc7f&amp;utm_campaign=&amp;utm_medium=pushnotification&amp;utm_content=&amp;utm_term=\"><strong>Pensar Cursos<\/strong><\/a>!<\/p>\n<div class=\"jeg_video_container jeg_video_content\"><iframe title=\"Como come\u00e7ar a estudar pra concurso de n\u00edvel m\u00e9dio em 2026? Guia completo do zero\" width=\"500\" height=\"281\" src=\"https:\/\/www.youtube.com\/embed\/f5E3hwXslF0?feature=oembed\" frameborder=\"0\" allow=\"accelerometer; autoplay; clipboard-write; encrypted-media; gyroscope; picture-in-picture; web-share\" referrerpolicy=\"strict-origin-when-cross-origin\" allowfullscreen><\/iframe><\/div>\n","protected":false},"excerpt":{"rendered":"<p>Foi lan\u00e7ado o aguardado edital que abre oportunidades em diversas \u00e1reas por meio do\u00a0concurso da Prefeitura Municipal. As inscri\u00e7\u00f5es j\u00e1 est\u00e3o abertas e os interessados podem disputar postos de n\u00edveis fundamental e superior. Com sal\u00e1rios que chegam a R$ 7.033,36, o concurso contempla fun\u00e7\u00f5es indispens\u00e1veis ao funcionamento dos servi\u00e7os p\u00fablicos municipais. Nesta mat\u00e9ria, veja todos [&hellip;]<\/p>\n","protected":false},"author":17,"featured_media":141720,"comment_status":"open","ping_status":"closed","sticky":false,"template":"","format":"standard","meta":{"jnews-multi-image_gallery":[],"jnews_single_post":{"format":"standard","override":[{"template":"1","parallax":"1","fullscreen":"1","layout":"right-sidebar","sidebar":"default-sidebar","second_sidebar":"default-sidebar","sticky_sidebar":"1","share_position":"topbottom","share_float_style":"share-monocrhome","show_featured":"1","show_post_meta":"1","show_post_author":"1","show_post_author_image":"1","show_post_date":"1","post_date_format":"default","post_date_format_custom":"Y\/m\/d","show_post_category":"1","post_reading_time_wpm":"300","post_calculate_word_method":"str_word_count","show_zoom_button":"0","zoom_button_out_step":"2","zoom_button_in_step":"3","show_post_tag":"1","show_prev_next_post":"1","show_popup_post":"1","show_comment_section":"1","number_popup_post":"2","show_author_box":"1","show_post_related":"1","show_inline_post_related":"1"}],"image_override":[{"single_post_thumbnail_size":"crop-500","single_post_gallery_size":"crop-500"}],"trending_post_position":"meta","trending_post_label":"Trending","sponsored_post_label":"Sponsored by","disable_ad":"0","subtitle":"As provas ser\u00e3o aplicadas em fevereiro de 2026; saiba mais!"},"jnews_primary_category":[],"jnews_social_meta":[],"jnews_override_counter":{"view_counter_number":"0","share_counter_number":"0","like_counter_number":"0","dislike_counter_number":"0"},"footnotes":""},"categories":[29],"tags":[37695,37697,37696],"class_list":["post-141719","post","type-post","status-publish","format-standard","has-post-thumbnail","hentry","category-concursos","tag-edital-concurso-da-prefeitura-de-tejupa","tag-salarios-concurso-da-prefeitura-de-tejupa","tag-vagas-concurso-da-prefeitura-de-tejupa"],"yoast_head":"<!-- This site is optimized with the Yoast SEO Premium plugin v27.4 (Yoast SEO v27.4) - https:\/\/yoast.com\/product\/yoast-seo-premium-wordpress\/ -->\n<title>SAIU EDITAL! Concurso com vagas para Contador, Farmac\u00eautico, Fonoaudi\u00f3logo e Motorista oferece sal\u00e1rios de at\u00e9 R$ 7 mil - Blog Pensar Cursos<\/title>\n<meta name=\"description\" content=\"Confira vagas, sal\u00e1rios e datas do concurso da Prefeitura Municipal para Contador, Farmac\u00eautico, Fonoaudi\u00f3logo e Motorista. Inscri\u00e7\u00f5es abertas. Saiba mais!\" \/>\n<meta name=\"robots\" content=\"index, follow, max-snippet:-1, max-image-preview:large, max-video-preview:-1\" \/>\n<link rel=\"canonical\" href=\"https:\/\/www.pensarcursos.com.br\/blog\/saiu-edital-concurso-com-vagas-para-contador-farmaceutico-fonoaudiologo-e-motorista-oferece-salarios-de-ate-r-7-mil\/\" \/>\n<meta property=\"og:locale\" content=\"pt_BR\" \/>\n<meta property=\"og:type\" content=\"article\" \/>\n<meta property=\"og:title\" content=\"SAIU EDITAL! Concurso com vagas para Contador, Farmac\u00eautico, Fonoaudi\u00f3logo e Motorista oferece sal\u00e1rios de at\u00e9 R$ 7 mil\" \/>\n<meta property=\"og:description\" content=\"Confira vagas, sal\u00e1rios e datas do concurso da Prefeitura Municipal para Contador, Farmac\u00eautico, Fonoaudi\u00f3logo e Motorista. Inscri\u00e7\u00f5es abertas. Saiba mais!\" \/>\n<meta property=\"og:url\" content=\"https:\/\/www.pensarcursos.com.br\/blog\/saiu-edital-concurso-com-vagas-para-contador-farmaceutico-fonoaudiologo-e-motorista-oferece-salarios-de-ate-r-7-mil\/\" \/>\n<meta property=\"og:site_name\" content=\"Blog Pensar Cursos\" \/>\n<meta property=\"article:publisher\" content=\"https:\/\/www.facebook.com\/pensarcursos\/\" \/>\n<meta property=\"article:author\" content=\"https:\/\/www.facebook.com\/profile.php?id=61550018262414\" \/>\n<meta property=\"article:published_time\" content=\"2026-01-25T15:59:34+00:00\" \/>\n<meta property=\"og:image\" content=\"https:\/\/www.pensarcursos.com.br\/blog\/wp-content\/uploads\/2026\/01\/Concurso-da-Camara-Municipal-de-Tejupa.png\" \/>\n\t<meta property=\"og:image:width\" content=\"1200\" \/>\n\t<meta property=\"og:image:height\" content=\"800\" \/>\n\t<meta property=\"og:image:type\" content=\"image\/png\" \/>\n<meta name=\"author\" content=\"Gorete Costa\" \/>\n<meta name=\"twitter:card\" content=\"summary_large_image\" \/>\n<meta name=\"twitter:label1\" content=\"Escrito por\" \/>\n\t<meta name=\"twitter:data1\" content=\"Gorete Costa\" \/>\n\t<meta name=\"twitter:label2\" content=\"Est. tempo de leitura\" \/>\n\t<meta name=\"twitter:data2\" content=\"5 minutos\" \/>\n<!-- \/ Yoast SEO Premium plugin. -->","yoast_head_json":{"title":"SAIU EDITAL! Concurso com vagas para Contador, Farmac\u00eautico, Fonoaudi\u00f3logo e Motorista oferece sal\u00e1rios de at\u00e9 R$ 7 mil - Blog Pensar Cursos","description":"Confira vagas, sal\u00e1rios e datas do concurso da Prefeitura Municipal para Contador, Farmac\u00eautico, Fonoaudi\u00f3logo e Motorista. Inscri\u00e7\u00f5es abertas. Saiba mais!","robots":{"index":"index","follow":"follow","max-snippet":"max-snippet:-1","max-image-preview":"max-image-preview:large","max-video-preview":"max-video-preview:-1"},"canonical":"https:\/\/www.pensarcursos.com.br\/blog\/saiu-edital-concurso-com-vagas-para-contador-farmaceutico-fonoaudiologo-e-motorista-oferece-salarios-de-ate-r-7-mil\/","og_locale":"pt_BR","og_type":"article","og_title":"SAIU EDITAL! Concurso com vagas para Contador, Farmac\u00eautico, Fonoaudi\u00f3logo e Motorista oferece sal\u00e1rios de at\u00e9 R$ 7 mil","og_description":"Confira vagas, sal\u00e1rios e datas do concurso da Prefeitura Municipal para Contador, Farmac\u00eautico, Fonoaudi\u00f3logo e Motorista. Inscri\u00e7\u00f5es abertas. Saiba mais!","og_url":"https:\/\/www.pensarcursos.com.br\/blog\/saiu-edital-concurso-com-vagas-para-contador-farmaceutico-fonoaudiologo-e-motorista-oferece-salarios-de-ate-r-7-mil\/","og_site_name":"Blog Pensar Cursos","article_publisher":"https:\/\/www.facebook.com\/pensarcursos\/","article_author":"https:\/\/www.facebook.com\/profile.php?id=61550018262414","article_published_time":"2026-01-25T15:59:34+00:00","og_image":[{"width":1200,"height":800,"url":"https:\/\/www.pensarcursos.com.br\/blog\/wp-content\/uploads\/2026\/01\/Concurso-da-Camara-Municipal-de-Tejupa.png","type":"image\/png"}],"author":"Gorete Costa","twitter_card":"summary_large_image","twitter_misc":{"Escrito por":"Gorete Costa","Est. tempo de leitura":"5 minutos"},"schema":{"@context":"https:\/\/schema.org","@graph":[{"@type":["Article","BlogPosting"],"@id":"https:\/\/www.pensarcursos.com.br\/blog\/saiu-edital-concurso-com-vagas-para-contador-farmaceutico-fonoaudiologo-e-motorista-oferece-salarios-de-ate-r-7-mil\/#article","isPartOf":{"@id":"https:\/\/www.pensarcursos.com.br\/blog\/saiu-edital-concurso-com-vagas-para-contador-farmaceutico-fonoaudiologo-e-motorista-oferece-salarios-de-ate-r-7-mil\/"},"author":{"name":"Gorete Costa","@id":"https:\/\/www.pensarcursos.com.br\/blog\/#\/schema\/person\/e133b19d62595d6ab0c12f3e5436a7bb"},"headline":"SAIU EDITAL! Concurso com vagas para Contador, Farmac\u00eautico, Fonoaudi\u00f3logo e Motorista oferece sal\u00e1rios de at\u00e9 R$ 7 mil","datePublished":"2026-01-25T15:59:34+00:00","mainEntityOfPage":{"@id":"https:\/\/www.pensarcursos.com.br\/blog\/saiu-edital-concurso-com-vagas-para-contador-farmaceutico-fonoaudiologo-e-motorista-oferece-salarios-de-ate-r-7-mil\/"},"wordCount":765,"commentCount":0,"publisher":{"@id":"https:\/\/www.pensarcursos.com.br\/blog\/#organization"},"image":{"@id":"https:\/\/www.pensarcursos.com.br\/blog\/saiu-edital-concurso-com-vagas-para-contador-farmaceutico-fonoaudiologo-e-motorista-oferece-salarios-de-ate-r-7-mil\/#primaryimage"},"thumbnailUrl":"https:\/\/www.pensarcursos.com.br\/blog\/wp-content\/uploads\/2026\/01\/Concurso-da-Camara-Municipal-de-Tejupa.png","keywords":["edital concurso da prefeitura de tejup\u00e1","sal\u00e1rios concurso da prefeitura de tejup\u00e1","vagas concurso da prefeitura de tejup\u00e1"],"articleSection":["Concursos P\u00fablicos"],"inLanguage":"pt-BR","potentialAction":[{"@type":"CommentAction","name":"Comment","target":["https:\/\/www.pensarcursos.com.br\/blog\/saiu-edital-concurso-com-vagas-para-contador-farmaceutico-fonoaudiologo-e-motorista-oferece-salarios-de-ate-r-7-mil\/#respond"]}],"copyrightYear":"2026","copyrightHolder":{"@id":"https:\/\/www.pensarcursos.com.br\/blog\/#organization"}},{"@type":"WebPage","@id":"https:\/\/www.pensarcursos.com.br\/blog\/saiu-edital-concurso-com-vagas-para-contador-farmaceutico-fonoaudiologo-e-motorista-oferece-salarios-de-ate-r-7-mil\/","url":"https:\/\/www.pensarcursos.com.br\/blog\/saiu-edital-concurso-com-vagas-para-contador-farmaceutico-fonoaudiologo-e-motorista-oferece-salarios-de-ate-r-7-mil\/","name":"SAIU EDITAL! Concurso com vagas para Contador, Farmac\u00eautico, Fonoaudi\u00f3logo e Motorista oferece sal\u00e1rios de at\u00e9 R$ 7 mil - Blog Pensar Cursos","isPartOf":{"@id":"https:\/\/www.pensarcursos.com.br\/blog\/#website"},"primaryImageOfPage":{"@id":"https:\/\/www.pensarcursos.com.br\/blog\/saiu-edital-concurso-com-vagas-para-contador-farmaceutico-fonoaudiologo-e-motorista-oferece-salarios-de-ate-r-7-mil\/#primaryimage"},"image":{"@id":"https:\/\/www.pensarcursos.com.br\/blog\/saiu-edital-concurso-com-vagas-para-contador-farmaceutico-fonoaudiologo-e-motorista-oferece-salarios-de-ate-r-7-mil\/#primaryimage"},"thumbnailUrl":"https:\/\/www.pensarcursos.com.br\/blog\/wp-content\/uploads\/2026\/01\/Concurso-da-Camara-Municipal-de-Tejupa.png","datePublished":"2026-01-25T15:59:34+00:00","description":"Confira vagas, sal\u00e1rios e datas do concurso da Prefeitura Municipal para Contador, Farmac\u00eautico, Fonoaudi\u00f3logo e Motorista. Inscri\u00e7\u00f5es abertas. Saiba mais!","breadcrumb":{"@id":"https:\/\/www.pensarcursos.com.br\/blog\/saiu-edital-concurso-com-vagas-para-contador-farmaceutico-fonoaudiologo-e-motorista-oferece-salarios-de-ate-r-7-mil\/#breadcrumb"},"inLanguage":"pt-BR","potentialAction":[{"@type":"ReadAction","target":["https:\/\/www.pensarcursos.com.br\/blog\/saiu-edital-concurso-com-vagas-para-contador-farmaceutico-fonoaudiologo-e-motorista-oferece-salarios-de-ate-r-7-mil\/"]}]},{"@type":"ImageObject","inLanguage":"pt-BR","@id":"https:\/\/www.pensarcursos.com.br\/blog\/saiu-edital-concurso-com-vagas-para-contador-farmaceutico-fonoaudiologo-e-motorista-oferece-salarios-de-ate-r-7-mil\/#primaryimage","url":"https:\/\/www.pensarcursos.com.br\/blog\/wp-content\/uploads\/2026\/01\/Concurso-da-Camara-Municipal-de-Tejupa.png","contentUrl":"https:\/\/www.pensarcursos.com.br\/blog\/wp-content\/uploads\/2026\/01\/Concurso-da-Camara-Municipal-de-Tejupa.png","width":1200,"height":800,"caption":"Veja como se inscrever no concurso da Prefeitura Municipal. Imagem: Pensar Cursos"},{"@type":"BreadcrumbList","@id":"https:\/\/www.pensarcursos.com.br\/blog\/saiu-edital-concurso-com-vagas-para-contador-farmaceutico-fonoaudiologo-e-motorista-oferece-salarios-de-ate-r-7-mil\/#breadcrumb","itemListElement":[{"@type":"ListItem","position":1,"name":"Home","item":"https:\/\/www.pensarcursos.com.br\/blog\/"},{"@type":"ListItem","position":2,"name":"SAIU EDITAL! Concurso com vagas para Contador, Farmac\u00eautico, Fonoaudi\u00f3logo e Motorista oferece sal\u00e1rios de at\u00e9 R$ 7 mil"}]},{"@type":"WebSite","@id":"https:\/\/www.pensarcursos.com.br\/blog\/#website","url":"https:\/\/www.pensarcursos.com.br\/blog\/","name":"Blog Pensar Cursos","description":"Maior Site de Cursos do Brasil","publisher":{"@id":"https:\/\/www.pensarcursos.com.br\/blog\/#organization"},"alternateName":"Blog Pensar","potentialAction":[{"@type":"SearchAction","target":{"@type":"EntryPoint","urlTemplate":"https:\/\/www.pensarcursos.com.br\/blog\/?s={search_term_string}"},"query-input":{"@type":"PropertyValueSpecification","valueRequired":true,"valueName":"search_term_string"}}],"inLanguage":"pt-BR"},{"@type":"Organization","@id":"https:\/\/www.pensarcursos.com.br\/blog\/#organization","name":"Pensar Cursos","alternateName":"Blog pensar","url":"https:\/\/www.pensarcursos.com.br\/blog\/","logo":{"@type":"ImageObject","inLanguage":"pt-BR","@id":"https:\/\/www.pensarcursos.com.br\/blog\/#\/schema\/logo\/image\/","url":"https:\/\/www.pensarcursos.com.br\/blog\/wp-content\/uploads\/2023\/11\/Nova-Logo-Pensar-Cursos-vertical.png","contentUrl":"https:\/\/www.pensarcursos.com.br\/blog\/wp-content\/uploads\/2023\/11\/Nova-Logo-Pensar-Cursos-vertical.png","width":1393,"height":1001,"caption":"Pensar Cursos"},"image":{"@id":"https:\/\/www.pensarcursos.com.br\/blog\/#\/schema\/logo\/image\/"},"sameAs":["https:\/\/www.facebook.com\/pensarcursos\/","https:\/\/instagram.com.br\/pensarcursos"],"description":"Pensar Cursos \u00e9 uma empresa especializada em oferecer cursos de alta qualidade voltados para o desenvolvimento profissional e acad\u00eamico. Com uma ampla gama de op\u00e7\u00f5es de treinamento, oferecemos conte\u00fados atualizados, ministrados por especialistas da \u00e1rea, para capacitar indiv\u00edduos e equipes a atingirem seus objetivos. Nossa miss\u00e3o \u00e9 proporcionar uma educa\u00e7\u00e3o transformadora, acess\u00edvel e personalizada para cada aluno, seja em cursos presenciais ou online. Com uma abordagem inovadora, buscamos adaptar os nossos programas de ensino \u00e0s necessidades do mercado, criando solu\u00e7\u00f5es que atendem aos desafios e exig\u00eancias do mundo corporativo e acad\u00eamico. Nossos cursos incluem desde forma\u00e7\u00f5es t\u00e9cnicas at\u00e9 habilidades essenciais, como lideran\u00e7a, gest\u00e3o e desenvolvimento pessoal.","email":"contato@pensarcursos.com.br","legalName":"Sena Servi\u00e7os de Informa\u00e7\u00e3o Online LTDA","foundingDate":"2013-04-18","vatID":"17956217000172","numberOfEmployees":{"@type":"QuantitativeValue","minValue":"11","maxValue":"50"},"publishingPrinciples":"https:\/\/www.pensarcursos.com.br\/blog\/principios-de-publicacao\/","ownershipFundingInfo":"https:\/\/www.pensarcursos.com.br\/blog\/informacoes-de-propriedade-financiamento\/","actionableFeedbackPolicy":"https:\/\/www.pensarcursos.com.br\/blog\/politica-de-feedback-acionavel\/","correctionsPolicy":"https:\/\/www.pensarcursos.com.br\/blog\/politica-de-correcoes\/","ethicsPolicy":"https:\/\/www.pensarcursos.com.br\/blog\/politica-de-etica\/"},{"@type":"Person","@id":"https:\/\/www.pensarcursos.com.br\/blog\/#\/schema\/person\/e133b19d62595d6ab0c12f3e5436a7bb","name":"Gorete Costa","image":{"@type":"ImageObject","inLanguage":"pt-BR","@id":"https:\/\/secure.gravatar.com\/avatar\/8cb99f142e1cb1312d8c202378c20dc4f7210145acc22805481f4a3f47ce9b6f?s=96&d=mm&r=g","url":"https:\/\/secure.gravatar.com\/avatar\/8cb99f142e1cb1312d8c202378c20dc4f7210145acc22805481f4a3f47ce9b6f?s=96&d=mm&r=g","contentUrl":"https:\/\/secure.gravatar.com\/avatar\/8cb99f142e1cb1312d8c202378c20dc4f7210145acc22805481f4a3f47ce9b6f?s=96&d=mm&r=g","caption":"Gorete Costa"},"description":"Graduada em Servi\u00e7o Social pela Universidade do Norte do Paran\u00e1 (Unopar), Gorete Costa \u00e9 especialista em comunica\u00e7\u00e3o, atuando como radialista em programas jornal\u00edsticos e de entretenimento, al\u00e9m de produ\u00e7\u00e3o e revis\u00e3o de textos informativos para sites e blogs.","sameAs":["https:\/\/www.facebook.com\/profile.php?id=61550018262414"],"url":"https:\/\/www.pensarcursos.com.br\/blog\/author\/gorete\/"}]}},"_links":{"self":[{"href":"https:\/\/www.pensarcursos.com.br\/blog\/wp-json\/wp\/v2\/posts\/141719","targetHints":{"allow":["GET"]}}],"collection":[{"href":"https:\/\/www.pensarcursos.com.br\/blog\/wp-json\/wp\/v2\/posts"}],"about":[{"href":"https:\/\/www.pensarcursos.com.br\/blog\/wp-json\/wp\/v2\/types\/post"}],"author":[{"embeddable":true,"href":"https:\/\/www.pensarcursos.com.br\/blog\/wp-json\/wp\/v2\/users\/17"}],"replies":[{"embeddable":true,"href":"https:\/\/www.pensarcursos.com.br\/blog\/wp-json\/wp\/v2\/comments?post=141719"}],"version-history":[{"count":0,"href":"https:\/\/www.pensarcursos.com.br\/blog\/wp-json\/wp\/v2\/posts\/141719\/revisions"}],"wp:featuredmedia":[{"embeddable":true,"href":"https:\/\/www.pensarcursos.com.br\/blog\/wp-json\/wp\/v2\/media\/141720"}],"wp:attachment":[{"href":"https:\/\/www.pensarcursos.com.br\/blog\/wp-json\/wp\/v2\/media?parent=141719"}],"wp:term":[{"taxonomy":"category","embeddable":true,"href":"https:\/\/www.pensarcursos.com.br\/blog\/wp-json\/wp\/v2\/categories?post=141719"},{"taxonomy":"post_tag","embeddable":true,"href":"https:\/\/www.pensarcursos.com.br\/blog\/wp-json\/wp\/v2\/tags?post=141719"}],"curies":[{"name":"wp","href":"https:\/\/api.w.org\/{rel}","templated":true}]}}