{"id":141710,"date":"2026-01-25T16:59:40","date_gmt":"2026-01-25T19:59:40","guid":{"rendered":"https:\/\/www.pensarcursos.com.br\/blog\/?p=141710"},"modified":"2026-01-23T23:24:21","modified_gmt":"2026-01-24T02:24:21","slug":"saiu-edital-concurso-com-vagas-para-assistente-social-do-cras-jornalista-farmaceutico-e-outros-cargos-oferece-salarios-de-ate-r-168-mil","status":"publish","type":"post","link":"https:\/\/www.pensarcursos.com.br\/blog\/saiu-edital-concurso-com-vagas-para-assistente-social-do-cras-jornalista-farmaceutico-e-outros-cargos-oferece-salarios-de-ate-r-168-mil\/","title":{"rendered":"SAIU EDITAL! Concurso com vagas para Assistente Social do CRAS, Jornalista, Farmac\u00eautico e outros cargos oferece sal\u00e1rios de at\u00e9 R$ 19 mil"},"content":{"rendered":"<p>O novo edital do\u00a0<strong>concurso da Prefeitura Municipal<\/strong>\u00a0j\u00e1 est\u00e1 publicado, oferecendo <strong>152 vagas imediatas<\/strong> e cadastro reserva para cargos de todos os n\u00edveis de escolaridade.<\/p>\n<p>Os sal\u00e1rios chegam a <strong>R$ 19.005,31<\/strong>, com oportunidades para assistente social do CRAS, jornalista, farmac\u00eautico, entre outros. As inscri\u00e7\u00f5es abrem em 26 de janeiro de 2026 e encerram em 2 de mar\u00e7o de 2026.<\/p>\n<p>Confira todos os detalhes, cargos, sal\u00e1rios, requisitos e etapas deste certame.<\/p>\n<h2>Detalhes do concurso<\/h2>\n<p>O\u00a0<strong>concurso da Prefeitura Municipal<\/strong> conta com uma ampla variedade de cargos, incluindo assistente social, jornalista, farmac\u00eautico, m\u00e9dico, professor e outros. As vagas abrangem diferentes \u00e1reas, facilitando a participa\u00e7\u00e3o de profissionais de variados perfis.<\/p>\n<ul>\n<li>152 vagas imediatas + cadastro reserva<\/li>\n<li>Sal\u00e1rios de R$ 1.518,00 a R$ 19.005,31<\/li>\n<li>Cargos para n\u00edveis fundamental, m\u00e9dio\/t\u00e9cnico e superior<\/li>\n<\/ul>\n<p>Os cargos ofertados s\u00e3o:<\/p>\n<p><strong>N\u00edvel Fundamental:<\/strong><\/p>\n<ul>\n<li>Ajudante de Servi\u00e7os Gerais \u2013 8 vagas<\/li>\n<li>Auxiliar de Servi\u00e7os Gerais \u2013 8 vagas<\/li>\n<li>Bombeiro Hidr\u00e1ulico \u2013 CR (vagas em cadastro reserva)<\/li>\n<li>Carpinteiro \u2013 1 vaga<\/li>\n<li>Coveiro \u2013 3 vagas<\/li>\n<li>Eletricista \u2013 1 vaga<\/li>\n<li>Pedreiro \u2013 1 vaga<\/li>\n<li>Pintor \u2013 CR<\/li>\n<li>Auxiliar de Educador Acolhimento Institucional \u2013 2 vagas<\/li>\n<li>Motorista Categoria B \u2013 3 vagas<\/li>\n<li>Motorista Categoria D \u2013 5 vagas<\/li>\n<li>Operador de M\u00e1quinas Pesadas \u2013 2 vagas<\/li>\n<\/ul>\n<p><strong>N\u00edvel M\u00e9dio\/T\u00e9cnico:<\/strong><\/p>\n<ul>\n<li>Almoxarife \u2013 2 vagas<\/li>\n<li>Auxiliar Administrativo \u2013 3 vagas<\/li>\n<li>Auxiliar em Sa\u00fade Bucal ESF \u2013 9 vagas<\/li>\n<li>Educador Cuidador Acolhimento Institucional \u2013 1 vaga<\/li>\n<li>Educador Infantil \u2013 10 vagas<\/li>\n<li>Fiscal de Postura \u2013 1 vaga<\/li>\n<li>Fiscal Sanit\u00e1rio \u2013 2 vagas<\/li>\n<li>Orientador Social Centro de Conviv\u00eancia \u2013 CR<\/li>\n<li>Orientador Social CRAS \u2013 1 vaga<\/li>\n<li>Orientador Social CREAS \u2013 1 vaga<\/li>\n<li>Orientador Social Equipe Volante \u2013 1 vaga<\/li>\n<li>Fiscal de Obras \u2013 1 vaga<\/li>\n<li>Fiscal em Meio Ambiente \u2013 1 vaga<\/li>\n<li>T\u00e9cnico Civil Edifica\u00e7\u00f5es \u2013 2 vagas<\/li>\n<li>T\u00e9cnico em Contabilidade \u2013 1 vaga<\/li>\n<li>T\u00e9cnico em Enfermagem \u2013 CR<\/li>\n<li>T\u00e9cnico em Enfermagem ESF \u2013 9 vagas<\/li>\n<li>T\u00e9cnico em Meio Ambiente \u2013 1 vaga<\/li>\n<li>T\u00e9cnico em Patologia Cl\u00ednica \u2013 1 vaga<\/li>\n<li>T\u00e9cnico em Sa\u00fade Bucal \u2013 1 vaga<\/li>\n<li>T\u00e9cnico em Seguran\u00e7a do Trabalho \u2013 1 vaga<\/li>\n<\/ul>\n<p><strong>N\u00edvel Superior:<\/strong><\/p>\n<ul>\n<li>Arquiteto Urbanista \u2013 1 vaga<\/li>\n<li>Assistente Social \u2013 1 vaga<\/li>\n<li>Assistente Social Acolhimento Institucional \u2013 1 vaga<\/li>\n<li>Assistente Social CRAS \u2013 1 vaga<\/li>\n<li>Assistente Social CRAS Equipe Volante \u2013 1 vaga<\/li>\n<li>Assistente Social CREAS \u2013 1 vaga<\/li>\n<li>Assistente Social Prote\u00e7\u00e3o Social Especial \u2013 CR<\/li>\n<li>Assistente Social Regula\u00e7\u00e3o \u2013 CR<\/li>\n<li>Auditor Fiscal \u2013 2 vagas<\/li>\n<li>Contador \u2013 1 vaga<\/li>\n<li>Enfermeiro \u2013 CR<\/li>\n<li>Enfermeiro ESF \u2013 9 vagas<\/li>\n<li>Enfermeiro Regulador \u2013 1 vaga<\/li>\n<li>Engenheiro Civil \u2013 1 vaga<\/li>\n<li>Farmac\u00eautico \u2013 1 vaga<\/li>\n<li>Farmac\u00eautico\/Bioqu\u00edmico \u2013 1 vaga<\/li>\n<li>Fiscal Sanit\u00e1rio N\u00edvel Superior \u2013 1 vaga<\/li>\n<li>Fisioterapeuta \u2013 1 vaga<\/li>\n<li>Jornalista \u2013 1 vaga<\/li>\n<li>M\u00e9dico ESF \u2013 9 vagas<\/li>\n<li>M\u00e9dico Regulador \u2013 1 vaga<\/li>\n<li>M\u00e9dico Veterin\u00e1rio \u2013 1 vaga<\/li>\n<li>Nutricionista \u2013 1 vaga<\/li>\n<li>Odont\u00f3logo ESF \u2013 9 vagas<\/li>\n<li>Orientador Pedag\u00f3gico \u2013 1 vaga<\/li>\n<li>Pedagogo CREAS \u2013 1 vaga<\/li>\n<li>Professor de Educa\u00e7\u00e3o B\u00e1sica \u2013 8 vagas<\/li>\n<li>Professor de Educa\u00e7\u00e3o F\u00edsica \u2013 3 vagas<\/li>\n<li>Psic\u00f3logo \u2013 CR<\/li>\n<li>Psic\u00f3logo Acolhimento Institucional \u2013 1 vaga<\/li>\n<li>Psic\u00f3logo CRAS \u2013 1 vaga<\/li>\n<li>Psic\u00f3logo CREAS \u2013 1 vaga<\/li>\n<li>Psic\u00f3logo da Secretaria de Educa\u00e7\u00e3o \u2013 CR<\/li>\n<li>Psic\u00f3logo Equipe Volante \u2013 1 vaga<\/li>\n<li>Psic\u00f3logo Prote\u00e7\u00e3o Social Especial \u2013 CR<\/li>\n<li>Supervisor Pedag\u00f3gico \u2013 1 vaga<\/li>\n<li>T\u00e9cnico de N\u00edvel Superior Advogado CREAS \u2013 1 vaga<\/li>\n<li>T\u00e9cnico de N\u00edvel Superior Centro de Conviv\u00eancia \u2013 CR<\/li>\n<li>Turism\u00f3logo \u2013 1 vaga<\/li>\n<li>Enfermeiro Epidemiologista \u2013 CR<\/li>\n<li>M\u00e9dico Geriatra \u2013 1 vaga<\/li>\n<li>M\u00e9dico Ginecologista Obstetra \u2013 1 vaga<\/li>\n<li>M\u00e9dico Psiquiatra Sa\u00fade Mental \u2013 1 vaga<\/li>\n<\/ul>\n<h2>Requisitos para se candidatar<\/h2>\n<p>Os requisitos variam conforme o cargo desejado:<\/p>\n<ul>\n<li>Idade m\u00ednima de 18 anos<\/li>\n<li>Escolaridade compat\u00edvel com o cargo (fundamental, m\u00e9dio\/t\u00e9cnico ou superior)<\/li>\n<li>Em alguns cargos, registro no conselho de classe atualizado<\/li>\n<li>Para cargos de dire\u00e7\u00e3o veicular, CNH na categoria adequada<\/li>\n<\/ul>\n<h2>Remunera\u00e7\u00e3o<\/h2>\n<p>Os sal\u00e1rios ofertados pelo concurso da Prefeitura Municipal de Serro, no estado de Minas Gerais (MG), variam de <strong>R$ 1.518,00 a R$ 19.005,31.<\/strong><\/p>\n<p>Confira:<\/p>\n<table>\n<thead>\n<tr>\n<th>Cargo<\/th>\n<th>Sal\u00e1rio (R$)<\/th>\n<\/tr>\n<\/thead>\n<tbody>\n<tr>\n<td>Ajudante de Servi\u00e7os Gerais<\/td>\n<td>1.518,00<\/td>\n<\/tr>\n<tr>\n<td>Auxiliar de Servi\u00e7os Gerais<\/td>\n<td>1.518,00<\/td>\n<\/tr>\n<tr>\n<td>Bombeiro Hidr\u00e1ulico<\/td>\n<td>1.631,40<\/td>\n<\/tr>\n<tr>\n<td>Carpinteiro<\/td>\n<td>1.631,40<\/td>\n<\/tr>\n<tr>\n<td>Coveiro<\/td>\n<td>1.518,00<\/td>\n<\/tr>\n<tr>\n<td>Eletricista<\/td>\n<td>1.631,40<\/td>\n<\/tr>\n<tr>\n<td>Pedreiro<\/td>\n<td>1.631,40<\/td>\n<\/tr>\n<tr>\n<td>Pintor<\/td>\n<td>1.631,40<\/td>\n<\/tr>\n<tr>\n<td>Auxiliar de Educador Acolhimento Institucional<\/td>\n<td>1.518,00<\/td>\n<\/tr>\n<tr>\n<td>Motorista Categoria B<\/td>\n<td>1.750,00<\/td>\n<\/tr>\n<tr>\n<td>Motorista Categoria D<\/td>\n<td>2.200,00<\/td>\n<\/tr>\n<tr>\n<td>Operador de M\u00e1quinas Pesadas<\/td>\n<td>2.900,00<\/td>\n<\/tr>\n<tr>\n<td>Almoxarife<\/td>\n<td>1.631,40<\/td>\n<\/tr>\n<tr>\n<td>Auxiliar Administrativo<\/td>\n<td>1.631,40<\/td>\n<\/tr>\n<tr>\n<td>Auxiliar em Sa\u00fade Bucal ESF<\/td>\n<td>1.631,40<\/td>\n<\/tr>\n<tr>\n<td>Educador Cuidador Acolhimento Institucional<\/td>\n<td>1.631,40<\/td>\n<\/tr>\n<tr>\n<td>Educador Infantil<\/td>\n<td>1.749,29<\/td>\n<\/tr>\n<tr>\n<td>Fiscal de Postura<\/td>\n<td>1.631,40<\/td>\n<\/tr>\n<tr>\n<td>Fiscal Sanit\u00e1rio<\/td>\n<td>1.631,40<\/td>\n<\/tr>\n<tr>\n<td>Orientador Social Centro de Conviv\u00eancia<\/td>\n<td>1.631,40<\/td>\n<\/tr>\n<tr>\n<td>Orientador Social CRAS<\/td>\n<td>1.631,40<\/td>\n<\/tr>\n<tr>\n<td>Orientador Social CREAS<\/td>\n<td>1.631,40<\/td>\n<\/tr>\n<tr>\n<td>Orientador Social Equipe Volante<\/td>\n<td>1.631,40<\/td>\n<\/tr>\n<tr>\n<td>Fiscal de Obras<\/td>\n<td>2.685,83<\/td>\n<\/tr>\n<tr>\n<td>Fiscal em Meio Ambiente<\/td>\n<td>2.685,83<\/td>\n<\/tr>\n<tr>\n<td>T\u00e9cnico Civil Edifica\u00e7\u00f5es<\/td>\n<td>2.685,83<\/td>\n<\/tr>\n<tr>\n<td>T\u00e9cnico em Contabilidade<\/td>\n<td>2.685,83<\/td>\n<\/tr>\n<tr>\n<td>T\u00e9cnico em Enfermagem<\/td>\n<td>2.685,83<\/td>\n<\/tr>\n<tr>\n<td>T\u00e9cnico em Enfermagem ESF<\/td>\n<td>2.685,83<\/td>\n<\/tr>\n<tr>\n<td>T\u00e9cnico em Meio Ambiente<\/td>\n<td>2.685,83<\/td>\n<\/tr>\n<tr>\n<td>T\u00e9cnico em Patologia Cl\u00ednica<\/td>\n<td>2.685,83<\/td>\n<\/tr>\n<tr>\n<td>T\u00e9cnico em Sa\u00fade Bucal<\/td>\n<td>2.685,83<\/td>\n<\/tr>\n<tr>\n<td>T\u00e9cnico em Seguran\u00e7a do Trabalho<\/td>\n<td>2.685,83<\/td>\n<\/tr>\n<tr>\n<td>Arquiteto Urbanista<\/td>\n<td>5.625,16<\/td>\n<\/tr>\n<tr>\n<td>Assistente Social<\/td>\n<td>3.491,58<\/td>\n<\/tr>\n<tr>\n<td>Assistente Social Acolhimento Institucional<\/td>\n<td>3.491,58<\/td>\n<\/tr>\n<tr>\n<td>Assistente Social CRAS<\/td>\n<td>3.491,58<\/td>\n<\/tr>\n<tr>\n<td>Assistente Social CRAS Equipe Volante<\/td>\n<td>3.491,58<\/td>\n<\/tr>\n<tr>\n<td>Assistente Social CREAS<\/td>\n<td>3.491,58<\/td>\n<\/tr>\n<tr>\n<td>Assistente Social Prote\u00e7\u00e3o Social Especial<\/td>\n<td>3.491,58<\/td>\n<\/tr>\n<tr>\n<td>Assistente Social Regula\u00e7\u00e3o<\/td>\n<td>3.491,58<\/td>\n<\/tr>\n<tr>\n<td>Auditor Fiscal<\/td>\n<td>4.256,26<\/td>\n<\/tr>\n<tr>\n<td>Contador<\/td>\n<td>4.256,26<\/td>\n<\/tr>\n<tr>\n<td>Enfermeiro<\/td>\n<td>5.320,32<\/td>\n<\/tr>\n<tr>\n<td>Enfermeiro ESF<\/td>\n<td>5.320,32<\/td>\n<\/tr>\n<tr>\n<td>Enfermeiro Regulador<\/td>\n<td>5.320,32<\/td>\n<\/tr>\n<tr>\n<td>Engenheiro Civil<\/td>\n<td>5.625,16<\/td>\n<\/tr>\n<tr>\n<td>Farmac\u00eautico<\/td>\n<td>4.256,26<\/td>\n<\/tr>\n<tr>\n<td>Farmac\u00eautico\/Bioqu\u00edmico<\/td>\n<td>4.256,26<\/td>\n<\/tr>\n<tr>\n<td>Fiscal Sanit\u00e1rio N\u00edvel Superior<\/td>\n<td>4.256,26<\/td>\n<\/tr>\n<tr>\n<td>Fisioterapeuta<\/td>\n<td>3.491,58<\/td>\n<\/tr>\n<tr>\n<td>Jornalista<\/td>\n<td>3.491,58<\/td>\n<\/tr>\n<tr>\n<td>M\u00e9dico ESF<\/td>\n<td>19.005,31<\/td>\n<\/tr>\n<tr>\n<td>M\u00e9dico Regulador<\/td>\n<td>12.677,33<\/td>\n<\/tr>\n<tr>\n<td>M\u00e9dico Veterin\u00e1rio<\/td>\n<td>3.491,58<\/td>\n<\/tr>\n<tr>\n<td>Nutricionista<\/td>\n<td>3.491,58<\/td>\n<\/tr>\n<tr>\n<td>Odont\u00f3logo ESF<\/td>\n<td>5.320,32<\/td>\n<\/tr>\n<tr>\n<td>Orientador Pedag\u00f3gico<\/td>\n<td>3.993,32<\/td>\n<\/tr>\n<tr>\n<td>Pedagogo CREAS<\/td>\n<td>3.491,58<\/td>\n<\/tr>\n<tr>\n<td>Professor de Educa\u00e7\u00e3o B\u00e1sica<\/td>\n<td>3.066,54<\/td>\n<\/tr>\n<tr>\n<td>Professor de Educa\u00e7\u00e3o F\u00edsica<\/td>\n<td>3.066,54<\/td>\n<\/tr>\n<tr>\n<td>Psic\u00f3logo<\/td>\n<td>3.491,58<\/td>\n<\/tr>\n<tr>\n<td>Psic\u00f3logo Acolhimento Institucional<\/td>\n<td>3.491,58<\/td>\n<\/tr>\n<tr>\n<td>Psic\u00f3logo CRAS<\/td>\n<td>3.491,58<\/td>\n<\/tr>\n<tr>\n<td>Psic\u00f3logo CREAS<\/td>\n<td>3.491,58<\/td>\n<\/tr>\n<tr>\n<td>Psic\u00f3logo da Secretaria de Educa\u00e7\u00e3o<\/td>\n<td>3.491,58<\/td>\n<\/tr>\n<tr>\n<td>Psic\u00f3logo Equipe Volante<\/td>\n<td>3.491,58<\/td>\n<\/tr>\n<tr>\n<td>Psic\u00f3logo Prote\u00e7\u00e3o Social Especial<\/td>\n<td>3.491,58<\/td>\n<\/tr>\n<tr>\n<td>Supervisor Pedag\u00f3gico<\/td>\n<td>3.993,32<\/td>\n<\/tr>\n<tr>\n<td>T\u00e9cnico de N\u00edvel Superior Advogado CREAS<\/td>\n<td>4.580,65<\/td>\n<\/tr>\n<tr>\n<td>T\u00e9cnico de N\u00edvel Superior Centro de Conviv\u00eancia<\/td>\n<td>3.491,58<\/td>\n<\/tr>\n<tr>\n<td>Turism\u00f3logo<\/td>\n<td>3.491,58<\/td>\n<\/tr>\n<tr>\n<td>Enfermeiro Epidemiologista<\/td>\n<td>5.320,32<\/td>\n<\/tr>\n<tr>\n<td>M\u00e9dico Geriatra<\/td>\n<td>12.667,33<\/td>\n<\/tr>\n<tr>\n<td>M\u00e9dico Ginecologista Obstetra<\/td>\n<td>16.806,13<\/td>\n<\/tr>\n<tr>\n<td>M\u00e9dico Psiquiatra Sa\u00fade Mental<\/td>\n<td>12.667,33<\/td>\n<\/tr>\n<\/tbody>\n<\/table>\n<h2>Inscri\u00e7\u00f5es<\/h2>\n<p>As inscri\u00e7\u00f5es do concurso da Prefeitura Municipal poder\u00e3o ser realizadas entre 26 de janeiro e 2 de mar\u00e7o de 2026 pelo site da <a href=\"https:\/\/novo.ibgpconcursos.com.br\/concurso.jsp?cod=618\" target=\"_blank\" rel=\"noopener\">IBGP Concursos<\/a>.<\/p>\n<p>As taxas variam de R$ 60,00 a R$ 140,00, conforme o cargo escolhido. O pagamento poder\u00e1 ser efetuado at\u00e9 3 de mar\u00e7o de 2026.<\/p>\n<p>Candidatos que atendam aos crit\u00e9rios de baixa renda ou inscritos em programas sociais podem solicitar isen\u00e7\u00e3o da taxa entre 26 e 28 de janeiro de 2026.<\/p>\n<figure id=\"attachment_141716\" aria-describedby=\"caption-attachment-141716\" style=\"width: 1275px\" class=\"wp-caption aligncenter\"><img decoding=\"async\" class=\"wp-image-141716 size-full\" src=\"https:\/\/www.pensarcursos.com.br\/blog\/wp-content\/uploads\/2026\/01\/concurso9-21.jpg\" alt=\"Jovem com blusa amarela escrevendo anota\u00e7\u00f5es em folha de papel, foco nos estudos para 2026.\" width=\"1275\" height=\"731\" srcset=\"https:\/\/www.pensarcursos.com.br\/blog\/wp-content\/uploads\/2026\/01\/concurso9-21.jpg 1275w, https:\/\/www.pensarcursos.com.br\/blog\/wp-content\/uploads\/2026\/01\/concurso9-21-300x172.jpg 300w, https:\/\/www.pensarcursos.com.br\/blog\/wp-content\/uploads\/2026\/01\/concurso9-21-1024x587.jpg 1024w, https:\/\/www.pensarcursos.com.br\/blog\/wp-content\/uploads\/2026\/01\/concurso9-21-768x440.jpg 768w, https:\/\/www.pensarcursos.com.br\/blog\/wp-content\/uploads\/2026\/01\/concurso9-21-750x430.jpg 750w, https:\/\/www.pensarcursos.com.br\/blog\/wp-content\/uploads\/2026\/01\/concurso9-21-1140x654.jpg 1140w\" sizes=\"(max-width: 1275px) 100vw, 1275px\" \/><figcaption id=\"caption-attachment-141716\" class=\"wp-caption-text\">Conhe\u00e7a as etapas do concurso da Prefeitura Municipal de Serro. Imagem: Freepik<\/figcaption><\/figure>\n<h2>Processo de sele\u00e7\u00e3o<\/h2>\n<p>O concurso da Prefeitura ser\u00e1 composto pelas seguintes etapas:<\/p>\n<h3>Prova objetiva<\/h3>\n<p>Ser\u00e1 aplicada para todos os cargos em 29 de mar\u00e7o de 2026. O n\u00famero de quest\u00f5es varia de acordo com o cargo (20 a 40), e \u00e9 necess\u00e1rio alcan\u00e7ar ao menos 60% da pontua\u00e7\u00e3o para aprova\u00e7\u00e3o.<\/p>\n<h3>Prova discursiva<\/h3>\n<p>Destinada a cargos de professor e supervisor pedag\u00f3gico, avaliada em at\u00e9 20 pontos.<\/p>\n<h3>Prova de t\u00edtulos<\/h3>\n<p>Para cargos de n\u00edvel superior. Pontua\u00e7\u00f5es ser\u00e3o atribu\u00eddas de acordo com as titula\u00e7\u00f5es apresentadas.<\/p>\n<h3>Prova pr\u00e1tica<\/h3>\n<p>Apenas para fun\u00e7\u00f5es como bombeiro hidr\u00e1ulico, carpinteiro, eletricista, motorista D, operador de m\u00e1quinas, Pedreiro e Pintor.<\/p>\n<h2>Resumo do concurso<\/h2>\n<table>\n<tbody>\n<tr>\n<th>Status<\/th>\n<td>Aberto<\/td>\n<\/tr>\n<tr>\n<th>Banca<\/th>\n<td><a href=\"https:\/\/novo.ibgpconcursos.com.br\/concurso.jsp?cod=618\" target=\"_blank\" rel=\"noopener\">IBGP Concursos<\/a><\/td>\n<\/tr>\n<tr>\n<th>Cargos<\/th>\n<td>Diversos<\/td>\n<\/tr>\n<tr>\n<th>Escolaridade<\/th>\n<td>Fundamental, M\u00e9dio\/T\u00e9cnico, Superior<\/td>\n<\/tr>\n<tr>\n<th>Vagas<\/th>\n<td>152 + Cadastro Reserva<\/td>\n<\/tr>\n<tr>\n<th>Sal\u00e1rio inicial<\/th>\n<td>R$ 1.518,00 a R$ 19.005,31<\/td>\n<\/tr>\n<tr>\n<th>Inscri\u00e7\u00f5es<\/th>\n<td>26\/01\/2026 a 02\/03\/2026<\/td>\n<\/tr>\n<tr>\n<th>Taxa de inscri\u00e7\u00e3o<\/th>\n<td>R$ 60,00 a R$ 140,00<\/td>\n<\/tr>\n<tr>\n<th>Data da prova objetiva<\/th>\n<td>29\/03\/2026<\/td>\n<\/tr>\n<tr>\n<th>Edital<\/th>\n<td><a href=\"https:\/\/www.pensarcursos.com.br\/blog\/wp-content\/uploads\/2026\/01\/Serro.pdf\" target=\"_blank\" rel=\"noopener\">Edital do concurso Prefeitura de Serro<\/a><\/td>\n<\/tr>\n<\/tbody>\n<\/table>\n<h2>Validade<\/h2>\n<p>O\u00a0concurso da Prefeitura Municipal de Serro ter\u00e1 validade de dois anos, podendo ser prorrogado uma vez por igual per\u00edodo, conforme crit\u00e9rios da administra\u00e7\u00e3o p\u00fablica local.<\/p>\n<p>Esta n\u00e3o \u00e9 a oportunidade que voc\u00ea procura? Acesse outros concursos no <a href=\"https:\/\/www.pensarcursos.com.br\/blog\/\"><strong>Pensar Cursos<\/strong><\/a>!<\/p>\n<div class=\"jeg_video_container jeg_video_content\"><iframe title=\"Como come\u00e7ar a estudar pra concurso de n\u00edvel m\u00e9dio em 2026? Guia completo do zero\" width=\"500\" height=\"281\" src=\"https:\/\/www.youtube.com\/embed\/f5E3hwXslF0?feature=oembed\" frameborder=\"0\" allow=\"accelerometer; autoplay; clipboard-write; encrypted-media; gyroscope; picture-in-picture; web-share\" referrerpolicy=\"strict-origin-when-cross-origin\" allowfullscreen><\/iframe><\/div>\n<p>&nbsp;<\/p>\n","protected":false},"excerpt":{"rendered":"<p>O novo edital do\u00a0concurso da Prefeitura Municipal\u00a0j\u00e1 est\u00e1 publicado, oferecendo 152 vagas imediatas e cadastro reserva para cargos de todos os n\u00edveis de escolaridade. Os sal\u00e1rios chegam a R$ 19.005,31, com oportunidades para assistente social do CRAS, jornalista, farmac\u00eautico, entre outros. As inscri\u00e7\u00f5es abrem em 26 de janeiro de 2026 e encerram em 2 de [&hellip;]<\/p>\n","protected":false},"author":17,"featured_media":141711,"comment_status":"open","ping_status":"closed","sticky":false,"template":"","format":"standard","meta":{"jnews-multi-image_gallery":[],"jnews_single_post":{"format":"standard","override":[{"template":"1","parallax":"1","fullscreen":"1","layout":"right-sidebar","sidebar":"default-sidebar","second_sidebar":"default-sidebar","sticky_sidebar":"1","share_position":"topbottom","share_float_style":"share-monocrhome","show_featured":"1","show_post_meta":"1","show_post_author":"1","show_post_author_image":"1","show_post_date":"1","post_date_format":"default","post_date_format_custom":"Y\/m\/d","show_post_category":"1","post_reading_time_wpm":"300","post_calculate_word_method":"str_word_count","show_zoom_button":"0","zoom_button_out_step":"2","zoom_button_in_step":"3","show_post_tag":"1","show_prev_next_post":"1","show_popup_post":"1","show_comment_section":"1","number_popup_post":"2","show_author_box":"1","show_post_related":"1","show_inline_post_related":"1"}],"image_override":[{"single_post_thumbnail_size":"crop-500","single_post_gallery_size":"crop-500"}],"trending_post_position":"meta","trending_post_label":"Trending","sponsored_post_label":"Sponsored by","disable_ad":"0","subtitle":"As provas ser\u00e3o aplicadas em mar\u00e7o de 2026; saiba mais!"},"jnews_primary_category":[],"jnews_social_meta":[],"jnews_override_counter":{"view_counter_number":"0","share_counter_number":"0","like_counter_number":"0","dislike_counter_number":"0"},"footnotes":""},"categories":[29],"tags":[35614,35616,35615],"class_list":["post-141710","post","type-post","status-publish","format-standard","has-post-thumbnail","hentry","category-concursos","tag-edital-concurso-da-prefeitura-de-serro","tag-salarios-concurso-da-prefeitura-de-serro","tag-vagas-concurso-da-prefeitura-de-serro"],"yoast_head":"<!-- This site is optimized with the Yoast SEO Premium plugin v27.4 (Yoast SEO v27.4) - https:\/\/yoast.com\/product\/yoast-seo-premium-wordpress\/ -->\n<title>SAIU EDITAL! Concurso com vagas para Assistente Social do CRAS, Jornalista, Farmac\u00eautico e outros cargos oferece sal\u00e1rios de at\u00e9 R$ 19 mil - Blog Pensar Cursos<\/title>\n<meta name=\"description\" content=\"Concurso Prefeitura de Serro (MG) oferece 152 vagas com sal\u00e1rios de at\u00e9 R$ 19 mil. Inscri\u00e7\u00f5es abertas at\u00e9 02\/03. Veja cargos e como se inscrever!\" \/>\n<meta name=\"robots\" content=\"index, follow, max-snippet:-1, max-image-preview:large, max-video-preview:-1\" \/>\n<link rel=\"canonical\" href=\"https:\/\/www.pensarcursos.com.br\/blog\/saiu-edital-concurso-com-vagas-para-assistente-social-do-cras-jornalista-farmaceutico-e-outros-cargos-oferece-salarios-de-ate-r-168-mil\/\" \/>\n<meta property=\"og:locale\" content=\"pt_BR\" \/>\n<meta property=\"og:type\" content=\"article\" \/>\n<meta property=\"og:title\" content=\"SAIU EDITAL! Concurso com vagas para Assistente Social do CRAS, Jornalista, Farmac\u00eautico e outros cargos oferece sal\u00e1rios de at\u00e9 R$ 19 mil\" \/>\n<meta property=\"og:description\" content=\"Concurso Prefeitura de Serro (MG) oferece 152 vagas com sal\u00e1rios de at\u00e9 R$ 19 mil. Inscri\u00e7\u00f5es abertas at\u00e9 02\/03. Veja cargos e como se inscrever!\" \/>\n<meta property=\"og:url\" content=\"https:\/\/www.pensarcursos.com.br\/blog\/saiu-edital-concurso-com-vagas-para-assistente-social-do-cras-jornalista-farmaceutico-e-outros-cargos-oferece-salarios-de-ate-r-168-mil\/\" \/>\n<meta property=\"og:site_name\" content=\"Blog Pensar Cursos\" \/>\n<meta property=\"article:publisher\" content=\"https:\/\/www.facebook.com\/pensarcursos\/\" \/>\n<meta property=\"article:author\" content=\"https:\/\/www.facebook.com\/profile.php?id=61550018262414\" \/>\n<meta property=\"article:published_time\" content=\"2026-01-25T19:59:40+00:00\" \/>\n<meta property=\"og:image\" content=\"https:\/\/www.pensarcursos.com.br\/blog\/wp-content\/uploads\/2026\/01\/Concurso-da-Prefeitura-de-Serro.webp\" \/>\n\t<meta property=\"og:image:width\" content=\"1200\" \/>\n\t<meta property=\"og:image:height\" content=\"800\" \/>\n\t<meta property=\"og:image:type\" content=\"image\/webp\" \/>\n<meta name=\"author\" content=\"Gorete Costa\" \/>\n<meta name=\"twitter:card\" content=\"summary_large_image\" \/>\n<meta name=\"twitter:label1\" content=\"Escrito por\" \/>\n\t<meta name=\"twitter:data1\" content=\"Gorete Costa\" \/>\n\t<meta name=\"twitter:label2\" content=\"Est. tempo de leitura\" \/>\n\t<meta name=\"twitter:data2\" content=\"7 minutos\" \/>\n<!-- \/ Yoast SEO Premium plugin. -->","yoast_head_json":{"title":"SAIU EDITAL! Concurso com vagas para Assistente Social do CRAS, Jornalista, Farmac\u00eautico e outros cargos oferece sal\u00e1rios de at\u00e9 R$ 19 mil - Blog Pensar Cursos","description":"Concurso Prefeitura de Serro (MG) oferece 152 vagas com sal\u00e1rios de at\u00e9 R$ 19 mil. Inscri\u00e7\u00f5es abertas at\u00e9 02\/03. Veja cargos e como se inscrever!","robots":{"index":"index","follow":"follow","max-snippet":"max-snippet:-1","max-image-preview":"max-image-preview:large","max-video-preview":"max-video-preview:-1"},"canonical":"https:\/\/www.pensarcursos.com.br\/blog\/saiu-edital-concurso-com-vagas-para-assistente-social-do-cras-jornalista-farmaceutico-e-outros-cargos-oferece-salarios-de-ate-r-168-mil\/","og_locale":"pt_BR","og_type":"article","og_title":"SAIU EDITAL! Concurso com vagas para Assistente Social do CRAS, Jornalista, Farmac\u00eautico e outros cargos oferece sal\u00e1rios de at\u00e9 R$ 19 mil","og_description":"Concurso Prefeitura de Serro (MG) oferece 152 vagas com sal\u00e1rios de at\u00e9 R$ 19 mil. Inscri\u00e7\u00f5es abertas at\u00e9 02\/03. Veja cargos e como se inscrever!","og_url":"https:\/\/www.pensarcursos.com.br\/blog\/saiu-edital-concurso-com-vagas-para-assistente-social-do-cras-jornalista-farmaceutico-e-outros-cargos-oferece-salarios-de-ate-r-168-mil\/","og_site_name":"Blog Pensar Cursos","article_publisher":"https:\/\/www.facebook.com\/pensarcursos\/","article_author":"https:\/\/www.facebook.com\/profile.php?id=61550018262414","article_published_time":"2026-01-25T19:59:40+00:00","og_image":[{"width":1200,"height":800,"url":"https:\/\/www.pensarcursos.com.br\/blog\/wp-content\/uploads\/2026\/01\/Concurso-da-Prefeitura-de-Serro.webp","type":"image\/webp"}],"author":"Gorete Costa","twitter_card":"summary_large_image","twitter_misc":{"Escrito por":"Gorete Costa","Est. tempo de leitura":"7 minutos"},"schema":{"@context":"https:\/\/schema.org","@graph":[{"@type":["Article","BlogPosting"],"@id":"https:\/\/www.pensarcursos.com.br\/blog\/saiu-edital-concurso-com-vagas-para-assistente-social-do-cras-jornalista-farmaceutico-e-outros-cargos-oferece-salarios-de-ate-r-168-mil\/#article","isPartOf":{"@id":"https:\/\/www.pensarcursos.com.br\/blog\/saiu-edital-concurso-com-vagas-para-assistente-social-do-cras-jornalista-farmaceutico-e-outros-cargos-oferece-salarios-de-ate-r-168-mil\/"},"author":{"name":"Gorete Costa","@id":"https:\/\/www.pensarcursos.com.br\/blog\/#\/schema\/person\/e133b19d62595d6ab0c12f3e5436a7bb"},"headline":"SAIU EDITAL! Concurso com vagas para Assistente Social do CRAS, Jornalista, Farmac\u00eautico e outros cargos oferece sal\u00e1rios de at\u00e9 R$ 19 mil","datePublished":"2026-01-25T19:59:40+00:00","mainEntityOfPage":{"@id":"https:\/\/www.pensarcursos.com.br\/blog\/saiu-edital-concurso-com-vagas-para-assistente-social-do-cras-jornalista-farmaceutico-e-outros-cargos-oferece-salarios-de-ate-r-168-mil\/"},"wordCount":1178,"commentCount":0,"publisher":{"@id":"https:\/\/www.pensarcursos.com.br\/blog\/#organization"},"image":{"@id":"https:\/\/www.pensarcursos.com.br\/blog\/saiu-edital-concurso-com-vagas-para-assistente-social-do-cras-jornalista-farmaceutico-e-outros-cargos-oferece-salarios-de-ate-r-168-mil\/#primaryimage"},"thumbnailUrl":"https:\/\/www.pensarcursos.com.br\/blog\/wp-content\/uploads\/2026\/01\/Concurso-da-Prefeitura-de-Serro.webp","keywords":["edital concurso da prefeitura de serro","sal\u00e1rios concurso da prefeitura de serro","vagas concurso da prefeitura de serro"],"articleSection":["Concursos P\u00fablicos"],"inLanguage":"pt-BR","potentialAction":[{"@type":"CommentAction","name":"Comment","target":["https:\/\/www.pensarcursos.com.br\/blog\/saiu-edital-concurso-com-vagas-para-assistente-social-do-cras-jornalista-farmaceutico-e-outros-cargos-oferece-salarios-de-ate-r-168-mil\/#respond"]}],"copyrightYear":"2026","copyrightHolder":{"@id":"https:\/\/www.pensarcursos.com.br\/blog\/#organization"}},{"@type":"WebPage","@id":"https:\/\/www.pensarcursos.com.br\/blog\/saiu-edital-concurso-com-vagas-para-assistente-social-do-cras-jornalista-farmaceutico-e-outros-cargos-oferece-salarios-de-ate-r-168-mil\/","url":"https:\/\/www.pensarcursos.com.br\/blog\/saiu-edital-concurso-com-vagas-para-assistente-social-do-cras-jornalista-farmaceutico-e-outros-cargos-oferece-salarios-de-ate-r-168-mil\/","name":"SAIU EDITAL! Concurso com vagas para Assistente Social do CRAS, Jornalista, Farmac\u00eautico e outros cargos oferece sal\u00e1rios de at\u00e9 R$ 19 mil - Blog Pensar Cursos","isPartOf":{"@id":"https:\/\/www.pensarcursos.com.br\/blog\/#website"},"primaryImageOfPage":{"@id":"https:\/\/www.pensarcursos.com.br\/blog\/saiu-edital-concurso-com-vagas-para-assistente-social-do-cras-jornalista-farmaceutico-e-outros-cargos-oferece-salarios-de-ate-r-168-mil\/#primaryimage"},"image":{"@id":"https:\/\/www.pensarcursos.com.br\/blog\/saiu-edital-concurso-com-vagas-para-assistente-social-do-cras-jornalista-farmaceutico-e-outros-cargos-oferece-salarios-de-ate-r-168-mil\/#primaryimage"},"thumbnailUrl":"https:\/\/www.pensarcursos.com.br\/blog\/wp-content\/uploads\/2026\/01\/Concurso-da-Prefeitura-de-Serro.webp","datePublished":"2026-01-25T19:59:40+00:00","description":"Concurso Prefeitura de Serro (MG) oferece 152 vagas com sal\u00e1rios de at\u00e9 R$ 19 mil. Inscri\u00e7\u00f5es abertas at\u00e9 02\/03. Veja cargos e como se inscrever!","breadcrumb":{"@id":"https:\/\/www.pensarcursos.com.br\/blog\/saiu-edital-concurso-com-vagas-para-assistente-social-do-cras-jornalista-farmaceutico-e-outros-cargos-oferece-salarios-de-ate-r-168-mil\/#breadcrumb"},"inLanguage":"pt-BR","potentialAction":[{"@type":"ReadAction","target":["https:\/\/www.pensarcursos.com.br\/blog\/saiu-edital-concurso-com-vagas-para-assistente-social-do-cras-jornalista-farmaceutico-e-outros-cargos-oferece-salarios-de-ate-r-168-mil\/"]}]},{"@type":"ImageObject","inLanguage":"pt-BR","@id":"https:\/\/www.pensarcursos.com.br\/blog\/saiu-edital-concurso-com-vagas-para-assistente-social-do-cras-jornalista-farmaceutico-e-outros-cargos-oferece-salarios-de-ate-r-168-mil\/#primaryimage","url":"https:\/\/www.pensarcursos.com.br\/blog\/wp-content\/uploads\/2026\/01\/Concurso-da-Prefeitura-de-Serro.webp","contentUrl":"https:\/\/www.pensarcursos.com.br\/blog\/wp-content\/uploads\/2026\/01\/Concurso-da-Prefeitura-de-Serro.webp","width":1200,"height":800,"caption":"Concurso com vagas para diversas profiss\u00f5es paga sal\u00e1rios de at\u00e9 R$ 16,8 mil. Imagem: Pensar Cursos"},{"@type":"BreadcrumbList","@id":"https:\/\/www.pensarcursos.com.br\/blog\/saiu-edital-concurso-com-vagas-para-assistente-social-do-cras-jornalista-farmaceutico-e-outros-cargos-oferece-salarios-de-ate-r-168-mil\/#breadcrumb","itemListElement":[{"@type":"ListItem","position":1,"name":"Home","item":"https:\/\/www.pensarcursos.com.br\/blog\/"},{"@type":"ListItem","position":2,"name":"SAIU EDITAL! Concurso com vagas para Assistente Social do CRAS, Jornalista, Farmac\u00eautico e outros cargos oferece sal\u00e1rios de at\u00e9 R$ 19 mil"}]},{"@type":"WebSite","@id":"https:\/\/www.pensarcursos.com.br\/blog\/#website","url":"https:\/\/www.pensarcursos.com.br\/blog\/","name":"Blog Pensar Cursos","description":"Maior Site de Cursos do Brasil","publisher":{"@id":"https:\/\/www.pensarcursos.com.br\/blog\/#organization"},"alternateName":"Blog Pensar","potentialAction":[{"@type":"SearchAction","target":{"@type":"EntryPoint","urlTemplate":"https:\/\/www.pensarcursos.com.br\/blog\/?s={search_term_string}"},"query-input":{"@type":"PropertyValueSpecification","valueRequired":true,"valueName":"search_term_string"}}],"inLanguage":"pt-BR"},{"@type":"Organization","@id":"https:\/\/www.pensarcursos.com.br\/blog\/#organization","name":"Pensar Cursos","alternateName":"Blog pensar","url":"https:\/\/www.pensarcursos.com.br\/blog\/","logo":{"@type":"ImageObject","inLanguage":"pt-BR","@id":"https:\/\/www.pensarcursos.com.br\/blog\/#\/schema\/logo\/image\/","url":"https:\/\/www.pensarcursos.com.br\/blog\/wp-content\/uploads\/2023\/11\/Nova-Logo-Pensar-Cursos-vertical.png","contentUrl":"https:\/\/www.pensarcursos.com.br\/blog\/wp-content\/uploads\/2023\/11\/Nova-Logo-Pensar-Cursos-vertical.png","width":1393,"height":1001,"caption":"Pensar Cursos"},"image":{"@id":"https:\/\/www.pensarcursos.com.br\/blog\/#\/schema\/logo\/image\/"},"sameAs":["https:\/\/www.facebook.com\/pensarcursos\/","https:\/\/instagram.com.br\/pensarcursos"],"description":"Pensar Cursos \u00e9 uma empresa especializada em oferecer cursos de alta qualidade voltados para o desenvolvimento profissional e acad\u00eamico. Com uma ampla gama de op\u00e7\u00f5es de treinamento, oferecemos conte\u00fados atualizados, ministrados por especialistas da \u00e1rea, para capacitar indiv\u00edduos e equipes a atingirem seus objetivos. Nossa miss\u00e3o \u00e9 proporcionar uma educa\u00e7\u00e3o transformadora, acess\u00edvel e personalizada para cada aluno, seja em cursos presenciais ou online. Com uma abordagem inovadora, buscamos adaptar os nossos programas de ensino \u00e0s necessidades do mercado, criando solu\u00e7\u00f5es que atendem aos desafios e exig\u00eancias do mundo corporativo e acad\u00eamico. Nossos cursos incluem desde forma\u00e7\u00f5es t\u00e9cnicas at\u00e9 habilidades essenciais, como lideran\u00e7a, gest\u00e3o e desenvolvimento pessoal.","email":"contato@pensarcursos.com.br","legalName":"Sena Servi\u00e7os de Informa\u00e7\u00e3o Online LTDA","foundingDate":"2013-04-18","vatID":"17956217000172","numberOfEmployees":{"@type":"QuantitativeValue","minValue":"11","maxValue":"50"},"publishingPrinciples":"https:\/\/www.pensarcursos.com.br\/blog\/principios-de-publicacao\/","ownershipFundingInfo":"https:\/\/www.pensarcursos.com.br\/blog\/informacoes-de-propriedade-financiamento\/","actionableFeedbackPolicy":"https:\/\/www.pensarcursos.com.br\/blog\/politica-de-feedback-acionavel\/","correctionsPolicy":"https:\/\/www.pensarcursos.com.br\/blog\/politica-de-correcoes\/","ethicsPolicy":"https:\/\/www.pensarcursos.com.br\/blog\/politica-de-etica\/"},{"@type":"Person","@id":"https:\/\/www.pensarcursos.com.br\/blog\/#\/schema\/person\/e133b19d62595d6ab0c12f3e5436a7bb","name":"Gorete Costa","image":{"@type":"ImageObject","inLanguage":"pt-BR","@id":"https:\/\/secure.gravatar.com\/avatar\/8cb99f142e1cb1312d8c202378c20dc4f7210145acc22805481f4a3f47ce9b6f?s=96&d=mm&r=g","url":"https:\/\/secure.gravatar.com\/avatar\/8cb99f142e1cb1312d8c202378c20dc4f7210145acc22805481f4a3f47ce9b6f?s=96&d=mm&r=g","contentUrl":"https:\/\/secure.gravatar.com\/avatar\/8cb99f142e1cb1312d8c202378c20dc4f7210145acc22805481f4a3f47ce9b6f?s=96&d=mm&r=g","caption":"Gorete Costa"},"description":"Graduada em Servi\u00e7o Social pela Universidade do Norte do Paran\u00e1 (Unopar), Gorete Costa \u00e9 especialista em comunica\u00e7\u00e3o, atuando como radialista em programas jornal\u00edsticos e de entretenimento, al\u00e9m de produ\u00e7\u00e3o e revis\u00e3o de textos informativos para sites e blogs.","sameAs":["https:\/\/www.facebook.com\/profile.php?id=61550018262414"],"url":"https:\/\/www.pensarcursos.com.br\/blog\/author\/gorete\/"}]}},"_links":{"self":[{"href":"https:\/\/www.pensarcursos.com.br\/blog\/wp-json\/wp\/v2\/posts\/141710","targetHints":{"allow":["GET"]}}],"collection":[{"href":"https:\/\/www.pensarcursos.com.br\/blog\/wp-json\/wp\/v2\/posts"}],"about":[{"href":"https:\/\/www.pensarcursos.com.br\/blog\/wp-json\/wp\/v2\/types\/post"}],"author":[{"embeddable":true,"href":"https:\/\/www.pensarcursos.com.br\/blog\/wp-json\/wp\/v2\/users\/17"}],"replies":[{"embeddable":true,"href":"https:\/\/www.pensarcursos.com.br\/blog\/wp-json\/wp\/v2\/comments?post=141710"}],"version-history":[{"count":0,"href":"https:\/\/www.pensarcursos.com.br\/blog\/wp-json\/wp\/v2\/posts\/141710\/revisions"}],"wp:featuredmedia":[{"embeddable":true,"href":"https:\/\/www.pensarcursos.com.br\/blog\/wp-json\/wp\/v2\/media\/141711"}],"wp:attachment":[{"href":"https:\/\/www.pensarcursos.com.br\/blog\/wp-json\/wp\/v2\/media?parent=141710"}],"wp:term":[{"taxonomy":"category","embeddable":true,"href":"https:\/\/www.pensarcursos.com.br\/blog\/wp-json\/wp\/v2\/categories?post=141710"},{"taxonomy":"post_tag","embeddable":true,"href":"https:\/\/www.pensarcursos.com.br\/blog\/wp-json\/wp\/v2\/tags?post=141710"}],"curies":[{"name":"wp","href":"https:\/\/api.w.org\/{rel}","templated":true}]}}