{"id":141703,"date":"2026-01-25T09:29:37","date_gmt":"2026-01-25T12:29:37","guid":{"rendered":"https:\/\/www.pensarcursos.com.br\/blog\/?p=141703"},"modified":"2026-01-23T20:29:11","modified_gmt":"2026-01-23T23:29:11","slug":"concurso-camara-municipal-encerra-inscricoes-nesta-segunda-feira-26-salarios-de-ate-r-63-mil","status":"publish","type":"post","link":"https:\/\/www.pensarcursos.com.br\/blog\/concurso-camara-municipal-encerra-inscricoes-nesta-segunda-feira-26-salarios-de-ate-r-63-mil\/","title":{"rendered":"Concurso C\u00e2mara Municipal encerra inscri\u00e7\u00f5es nesta segunda-feira (26) &#8211; Sal\u00e1rios de at\u00e9 R$ 6,3 mil"},"content":{"rendered":"<p>O\u00a0<strong>concurso C\u00e2mara Municipal<\/strong>\u00a0est\u00e1 na reta final para inscri\u00e7\u00f5es. Interessados em participar deste certame t\u00eam at\u00e9 segunda-feira, 26 de janeiro de 2026, para garantir a candidatura. O processo oferece sal\u00e1rios que podem atingir <strong>R$ 6.352,50<\/strong> e contempla oportunidades para diferentes n\u00edveis de escolaridade.<\/p>\n<p>Se voc\u00ea busca estabilidade de carreira no setor p\u00fablico, esta pode ser uma alternativa adequada para sua trajet\u00f3ria profissional. Saiba agora tudo sobre vagas, sal\u00e1rios, requisitos e como se inscrever no edital.<\/p>\n<h2>Detalhes sobre o concurso C\u00e2mara Municipal<\/h2>\n<p>O concurso C\u00e2mara Municipal re\u00fane vagas para diferentes n\u00edveis de forma\u00e7\u00e3o, abrangendo fun\u00e7\u00f5es tanto de apoio quanto de gest\u00e3o legislativa.<\/p>\n<p>As vagas ofertadas s\u00e3o:<\/p>\n<ul>\n<li>Servente (cadastro reserva)<\/li>\n<li>Assistente Legislativo (1 vaga)<\/li>\n<li>Auxiliar Cont\u00e1bil (1 vaga)<\/li>\n<li>Diretor Geral (cadastro reserva)<\/li>\n<li>Procurador Legislativo (1 vaga)<\/li>\n<\/ul>\n<h2>Requisitos para se candidatar<\/h2>\n<p>Os requisitos variam de acordo com o cargo.<\/p>\n<p>Veja alguns exemplos:<\/p>\n<ul>\n<li>Servente: ensino fundamental completo<\/li>\n<li>Assistente Legislativo: ensino m\u00e9dio completo<\/li>\n<li>Auxiliar Cont\u00e1bil: ensino m\u00e9dio\/t\u00e9cnico especializado (em \u00e1reas de contabilidade)<\/li>\n<li>Diretor Geral: n\u00edvel superior completo<\/li>\n<li>Procurador Legislativo: n\u00edvel superior em Direito e registro na OAB<\/li>\n<\/ul>\n<h2>Remunera\u00e7\u00e3o<\/h2>\n<p>Os aprovados ter\u00e3o remunera\u00e7\u00e3o inicial que varia de <strong>R$ 2.844,62 a R$ 6.352,50,<\/strong> com carga hor\u00e1ria de 20 a 40 horas semanais.<\/p>\n<p>Confira:<\/p>\n<table>\n<thead>\n<tr>\n<th>Carga Hor\u00e1ria<\/th>\n<th>Cargo<\/th>\n<th>Sal\u00e1rio (R$)<\/th>\n<\/tr>\n<\/thead>\n<tbody>\n<tr>\n<td>40<\/td>\n<td>Servente<\/td>\n<td>2.844,62<\/td>\n<\/tr>\n<tr>\n<td>40<\/td>\n<td>Assistente Legislativo<\/td>\n<td>2.994,34<\/td>\n<\/tr>\n<tr>\n<td>40<\/td>\n<td>Auxiliar Cont\u00e1bil<\/td>\n<td>2.994,34<\/td>\n<\/tr>\n<tr>\n<td>40<\/td>\n<td>Diretor Geral<\/td>\n<td>6.352,50<\/td>\n<\/tr>\n<tr>\n<td>20<\/td>\n<td>Procurador Legislativo<\/td>\n<td>5.090,38<\/td>\n<\/tr>\n<\/tbody>\n<\/table>\n<h2>Inscri\u00e7\u00f5es<\/h2>\n<p>Para quem deseja participar, as inscri\u00e7\u00f5es do concurso C\u00e2mara Municipal de Santa Ad\u00e9lia, no estado de S\u00e3o Paulo (SP), seguem abertas at\u00e9 o dia 26 de janeiro de 2026.<\/p>\n<p>O procedimento \u00e9 realizado de maneira online, atrav\u00e9s do site <a href=\"https:\/\/portal.glconsultoria.com.br\/edital\/ver\/284\" target=\"_blank\" rel=\"noopener\">GL Consultoria<\/a>. A taxa de inscri\u00e7\u00e3o \u00e9 de R$ 50,00 para cargos de n\u00edvel fundamental e R$ 80,00 para cargos de n\u00edveis m\u00e9dio e superior.<\/p>\n<figure id=\"attachment_141706\" aria-describedby=\"caption-attachment-141706\" style=\"width: 1275px\" class=\"wp-caption aligncenter\"><img decoding=\"async\" class=\"wp-image-141706 size-full\" src=\"https:\/\/www.pensarcursos.com.br\/blog\/wp-content\/uploads\/2026\/01\/concurso9-20.jpg\" alt=\"Jovem de su\u00e9ter amarelo escreve em caderno com caneta azul, concentrada nos estudos, em ambiente iluminado.\" width=\"1275\" height=\"731\" srcset=\"https:\/\/www.pensarcursos.com.br\/blog\/wp-content\/uploads\/2026\/01\/concurso9-20.jpg 1275w, https:\/\/www.pensarcursos.com.br\/blog\/wp-content\/uploads\/2026\/01\/concurso9-20-300x172.jpg 300w, https:\/\/www.pensarcursos.com.br\/blog\/wp-content\/uploads\/2026\/01\/concurso9-20-1024x587.jpg 1024w, https:\/\/www.pensarcursos.com.br\/blog\/wp-content\/uploads\/2026\/01\/concurso9-20-768x440.jpg 768w, https:\/\/www.pensarcursos.com.br\/blog\/wp-content\/uploads\/2026\/01\/concurso9-20-750x430.jpg 750w, https:\/\/www.pensarcursos.com.br\/blog\/wp-content\/uploads\/2026\/01\/concurso9-20-1140x654.jpg 1140w\" sizes=\"(max-width: 1275px) 100vw, 1275px\" \/><figcaption id=\"caption-attachment-141706\" class=\"wp-caption-text\">Conhe\u00e7a as etapas do concurso C\u00e2mara Municipal. Imagem: Freepik<\/figcaption><\/figure>\n<h2>Processo de sele\u00e7\u00e3o \u2013 Etapas do concurso C\u00e2mara Municipal<\/h2>\n<p>O concurso C\u00e2mara Municipal envolve etapas de avalia\u00e7\u00e3o objetiva e, para alguns cargos, an\u00e1lise de t\u00edtulos.<\/p>\n<p>Conforme edital, a prova objetiva ser\u00e1 aplicada em <strong>22 de fevereiro de 2026<\/strong> e cobrar\u00e1 conhecimentos b\u00e1sicos e espec\u00edficos. Candidatos aos cargos de n\u00edvel superior tamb\u00e9m devem apresentar t\u00edtulos para pontua\u00e7\u00e3o extra, como p\u00f3s-gradua\u00e7\u00e3o e cursos relacionados.<\/p>\n<h2>Resumo do concurso<\/h2>\n<table>\n<tbody>\n<tr>\n<th>Status<\/th>\n<td>Aberto<\/td>\n<\/tr>\n<tr>\n<th>Banca<\/th>\n<td><a href=\"https:\/\/portal.glconsultoria.com.br\/edital\/ver\/284\" target=\"_blank\" rel=\"noopener\">GL Consultoria<\/a><\/td>\n<\/tr>\n<tr>\n<th>Cargos<\/th>\n<td>\n<ul>\n<li>Servente<\/li>\n<li>Assistente Legislativo<\/li>\n<li>Auxiliar Cont\u00e1bil<\/li>\n<li>Diretor Geral<\/li>\n<li>Procurador Legislativo<\/li>\n<\/ul>\n<\/td>\n<\/tr>\n<tr>\n<th>Escolaridade<\/th>\n<td>Fundamental, m\u00e9dio, superior<\/td>\n<\/tr>\n<tr>\n<th>Vagas<\/th>\n<td>3 + CR<\/td>\n<\/tr>\n<tr>\n<th>Sal\u00e1rio inicial<\/th>\n<td>R$ 2.844,62 a R$ 6.352,50<\/td>\n<\/tr>\n<tr>\n<th>Inscri\u00e7\u00f5es<\/th>\n<td>12\/01\/2026 a 26\/01\/2026<\/td>\n<\/tr>\n<tr>\n<th>Taxa inscri\u00e7\u00e3o<\/th>\n<td>R$ 50,00 a R$ 80,00<\/td>\n<\/tr>\n<tr>\n<th>Data da prova objetiva<\/th>\n<td>22\/02\/2026<\/td>\n<\/tr>\n<tr>\n<th>Edital<\/th>\n<td><a href=\"https:\/\/www.pensarcursos.com.br\/blog\/wp-content\/uploads\/2026\/01\/Santa-Adelia-1.pdf\" target=\"_blank\" rel=\"noopener\">Edital do concurso da C\u00e2mara Municipal de Santa Ad\u00e9lia<\/a><\/td>\n<\/tr>\n<\/tbody>\n<\/table>\n<h2>Validade do concurso<\/h2>\n<p>A validade do concurso C\u00e2mara Municipal de Santa Ad\u00e9lia ser\u00e1 de dois anos a partir da homologa\u00e7\u00e3o dos resultados, com possibilidade de prorroga\u00e7\u00e3o uma \u00fanica vez pelo mesmo per\u00edodo, conforme crit\u00e9rio da administra\u00e7\u00e3o.<\/p>\n<h2>Perguntas frequentes<\/h2>\n<ul>\n<li><strong>Quem pode se inscrever no concurso C\u00e2mara Municipal?<\/strong>\u00a0Qualquer pessoa que atenda aos requisitos do cargo ofertado.<\/li>\n<li><strong>Qual o prazo final para inscri\u00e7\u00e3o?<\/strong>\u00a0At\u00e9 26 de janeiro de 2026.<\/li>\n<li><strong>Qual o valor da taxa de inscri\u00e7\u00e3o?<\/strong>\u00a0Entre R$ 50,00 e R$ 80,00, a depender do cargo.<\/li>\n<li><strong>Quais s\u00e3o os sal\u00e1rios iniciais?<\/strong>\u00a0R$ 2.844,62 a R$ 6.352,50 conforme o cargo e jornada.<\/li>\n<li><strong>Quando ser\u00e1 aplicada a prova?<\/strong>\u00a0Dia 22 de fevereiro de 2026.<\/li>\n<li><strong>A prova objetiva ser\u00e1 eliminat\u00f3ria?<\/strong>\u00a0Sim, e poder\u00e1 ser complementada por an\u00e1lise de t\u00edtulos.<\/li>\n<li><strong>Existe possibilidade de prorroga\u00e7\u00e3o do concurso?<\/strong>\u00a0Sim, por mais dois anos.<\/li>\n<\/ul>\n<p>Esse concurso n\u00e3o \u00e9 o que voc\u00ea procurava? Acesse o <a href=\"https:\/\/www.pensarcursos.com.br\/blog\/\"><strong>Pensar Cursos<\/strong><\/a> e confira outros editais e oportunidades dispon\u00edveis em todo o Brasil!<\/p>\n<div class=\"jeg_video_container jeg_video_content\"><iframe title=\"Como come\u00e7ar a estudar pra concurso de n\u00edvel m\u00e9dio em 2026? Guia completo do zero\" width=\"500\" height=\"281\" src=\"https:\/\/www.youtube.com\/embed\/f5E3hwXslF0?feature=oembed\" frameborder=\"0\" allow=\"accelerometer; autoplay; clipboard-write; encrypted-media; gyroscope; picture-in-picture; web-share\" referrerpolicy=\"strict-origin-when-cross-origin\" allowfullscreen><\/iframe><\/div>\n","protected":false},"excerpt":{"rendered":"<p>O\u00a0concurso C\u00e2mara Municipal\u00a0est\u00e1 na reta final para inscri\u00e7\u00f5es. Interessados em participar deste certame t\u00eam at\u00e9 segunda-feira, 26 de janeiro de 2026, para garantir a candidatura. O processo oferece sal\u00e1rios que podem atingir R$ 6.352,50 e contempla oportunidades para diferentes n\u00edveis de escolaridade. Se voc\u00ea busca estabilidade de carreira no setor p\u00fablico, esta pode ser uma [&hellip;]<\/p>\n","protected":false},"author":17,"featured_media":141704,"comment_status":"open","ping_status":"closed","sticky":false,"template":"","format":"standard","meta":{"jnews-multi-image_gallery":[],"jnews_single_post":{"format":"standard","override":[{"template":"1","parallax":"1","fullscreen":"1","layout":"right-sidebar","sidebar":"default-sidebar","second_sidebar":"default-sidebar","sticky_sidebar":"1","share_position":"topbottom","share_float_style":"share-monocrhome","show_featured":"1","show_post_meta":"1","show_post_author":"1","show_post_author_image":"1","show_post_date":"1","post_date_format":"default","post_date_format_custom":"Y\/m\/d","show_post_category":"1","post_reading_time_wpm":"300","post_calculate_word_method":"str_word_count","show_zoom_button":"0","zoom_button_out_step":"2","zoom_button_in_step":"3","show_post_tag":"1","show_prev_next_post":"1","show_popup_post":"1","show_comment_section":"1","number_popup_post":"2","show_author_box":"1","show_post_related":"1","show_inline_post_related":"1"}],"image_override":[{"single_post_thumbnail_size":"crop-500","single_post_gallery_size":"crop-500"}],"trending_post_position":"meta","trending_post_label":"Trending","sponsored_post_label":"Sponsored by","disable_ad":"0","subtitle":"As provas ser\u00e3o aplicadas em fevereiro de 2026; saiba mais!"},"jnews_primary_category":[],"jnews_social_meta":[],"jnews_override_counter":{"view_counter_number":"0","share_counter_number":"0","like_counter_number":"0","dislike_counter_number":"0"},"footnotes":""},"categories":[29],"tags":[37692,37694,37693],"class_list":["post-141703","post","type-post","status-publish","format-standard","has-post-thumbnail","hentry","category-concursos","tag-edital-concurso-camara-municipal-de-santa-adelia","tag-salarios-concurso-camara-municipal-de-santa-adelia","tag-vagas-concurso-camara-municipal-de-santa-adelia"],"yoast_head":"<!-- This site is optimized with the Yoast SEO Premium plugin v27.4 (Yoast SEO v27.4) - https:\/\/yoast.com\/product\/yoast-seo-premium-wordpress\/ -->\n<title>Concurso C\u00e2mara Municipal encerra inscri\u00e7\u00f5es nesta segunda-feira (26) - Sal\u00e1rios de at\u00e9 R$ 6,3 mil - Blog Pensar Cursos<\/title>\n<meta name=\"description\" content=\"Concurso C\u00e2mara Municipal encerra inscri\u00e7\u00f5es em 26\/01\/2026. Sal\u00e1rios de at\u00e9 R$ 6,3 mil. Descubra requisitos e prazos. Veja como participar e se preparar!\" \/>\n<meta name=\"robots\" content=\"index, follow, max-snippet:-1, max-image-preview:large, max-video-preview:-1\" \/>\n<link rel=\"canonical\" href=\"https:\/\/www.pensarcursos.com.br\/blog\/concurso-camara-municipal-encerra-inscricoes-nesta-segunda-feira-26-salarios-de-ate-r-63-mil\/\" \/>\n<meta property=\"og:locale\" content=\"pt_BR\" \/>\n<meta property=\"og:type\" content=\"article\" \/>\n<meta property=\"og:title\" content=\"Concurso C\u00e2mara Municipal encerra inscri\u00e7\u00f5es nesta segunda-feira (26) - Sal\u00e1rios de at\u00e9 R$ 6,3 mil\" \/>\n<meta property=\"og:description\" content=\"Concurso C\u00e2mara Municipal encerra inscri\u00e7\u00f5es em 26\/01\/2026. Sal\u00e1rios de at\u00e9 R$ 6,3 mil. Descubra requisitos e prazos. Veja como participar e se preparar!\" \/>\n<meta property=\"og:url\" content=\"https:\/\/www.pensarcursos.com.br\/blog\/concurso-camara-municipal-encerra-inscricoes-nesta-segunda-feira-26-salarios-de-ate-r-63-mil\/\" \/>\n<meta property=\"og:site_name\" content=\"Blog Pensar Cursos\" \/>\n<meta property=\"article:publisher\" content=\"https:\/\/www.facebook.com\/pensarcursos\/\" \/>\n<meta property=\"article:author\" content=\"https:\/\/www.facebook.com\/profile.php?id=61550018262414\" \/>\n<meta property=\"article:published_time\" content=\"2026-01-25T12:29:37+00:00\" \/>\n<meta property=\"og:image\" content=\"https:\/\/www.pensarcursos.com.br\/blog\/wp-content\/uploads\/2026\/01\/Concurso-da-Camara-Municipal-de-Santa-Adelia.png\" \/>\n\t<meta property=\"og:image:width\" content=\"1200\" \/>\n\t<meta property=\"og:image:height\" content=\"800\" \/>\n\t<meta property=\"og:image:type\" content=\"image\/png\" \/>\n<meta name=\"author\" content=\"Gorete Costa\" \/>\n<meta name=\"twitter:card\" content=\"summary_large_image\" \/>\n<meta name=\"twitter:label1\" content=\"Escrito por\" \/>\n\t<meta name=\"twitter:data1\" content=\"Gorete Costa\" \/>\n\t<meta name=\"twitter:label2\" content=\"Est. tempo de leitura\" \/>\n\t<meta name=\"twitter:data2\" content=\"4 minutos\" \/>\n<!-- \/ Yoast SEO Premium plugin. -->","yoast_head_json":{"title":"Concurso C\u00e2mara Municipal encerra inscri\u00e7\u00f5es nesta segunda-feira (26) - Sal\u00e1rios de at\u00e9 R$ 6,3 mil - Blog Pensar Cursos","description":"Concurso C\u00e2mara Municipal encerra inscri\u00e7\u00f5es em 26\/01\/2026. Sal\u00e1rios de at\u00e9 R$ 6,3 mil. Descubra requisitos e prazos. Veja como participar e se preparar!","robots":{"index":"index","follow":"follow","max-snippet":"max-snippet:-1","max-image-preview":"max-image-preview:large","max-video-preview":"max-video-preview:-1"},"canonical":"https:\/\/www.pensarcursos.com.br\/blog\/concurso-camara-municipal-encerra-inscricoes-nesta-segunda-feira-26-salarios-de-ate-r-63-mil\/","og_locale":"pt_BR","og_type":"article","og_title":"Concurso C\u00e2mara Municipal encerra inscri\u00e7\u00f5es nesta segunda-feira (26) - Sal\u00e1rios de at\u00e9 R$ 6,3 mil","og_description":"Concurso C\u00e2mara Municipal encerra inscri\u00e7\u00f5es em 26\/01\/2026. Sal\u00e1rios de at\u00e9 R$ 6,3 mil. Descubra requisitos e prazos. Veja como participar e se preparar!","og_url":"https:\/\/www.pensarcursos.com.br\/blog\/concurso-camara-municipal-encerra-inscricoes-nesta-segunda-feira-26-salarios-de-ate-r-63-mil\/","og_site_name":"Blog Pensar Cursos","article_publisher":"https:\/\/www.facebook.com\/pensarcursos\/","article_author":"https:\/\/www.facebook.com\/profile.php?id=61550018262414","article_published_time":"2026-01-25T12:29:37+00:00","og_image":[{"width":1200,"height":800,"url":"https:\/\/www.pensarcursos.com.br\/blog\/wp-content\/uploads\/2026\/01\/Concurso-da-Camara-Municipal-de-Santa-Adelia.png","type":"image\/png"}],"author":"Gorete Costa","twitter_card":"summary_large_image","twitter_misc":{"Escrito por":"Gorete Costa","Est. tempo de leitura":"4 minutos"},"schema":{"@context":"https:\/\/schema.org","@graph":[{"@type":["Article","BlogPosting"],"@id":"https:\/\/www.pensarcursos.com.br\/blog\/concurso-camara-municipal-encerra-inscricoes-nesta-segunda-feira-26-salarios-de-ate-r-63-mil\/#article","isPartOf":{"@id":"https:\/\/www.pensarcursos.com.br\/blog\/concurso-camara-municipal-encerra-inscricoes-nesta-segunda-feira-26-salarios-de-ate-r-63-mil\/"},"author":{"name":"Gorete Costa","@id":"https:\/\/www.pensarcursos.com.br\/blog\/#\/schema\/person\/e133b19d62595d6ab0c12f3e5436a7bb"},"headline":"Concurso C\u00e2mara Municipal encerra inscri\u00e7\u00f5es nesta segunda-feira (26) &#8211; Sal\u00e1rios de at\u00e9 R$ 6,3 mil","datePublished":"2026-01-25T12:29:37+00:00","mainEntityOfPage":{"@id":"https:\/\/www.pensarcursos.com.br\/blog\/concurso-camara-municipal-encerra-inscricoes-nesta-segunda-feira-26-salarios-de-ate-r-63-mil\/"},"wordCount":641,"commentCount":0,"publisher":{"@id":"https:\/\/www.pensarcursos.com.br\/blog\/#organization"},"image":{"@id":"https:\/\/www.pensarcursos.com.br\/blog\/concurso-camara-municipal-encerra-inscricoes-nesta-segunda-feira-26-salarios-de-ate-r-63-mil\/#primaryimage"},"thumbnailUrl":"https:\/\/www.pensarcursos.com.br\/blog\/wp-content\/uploads\/2026\/01\/Concurso-da-Camara-Municipal-de-Santa-Adelia.png","keywords":["edital concurso c\u00e2mara municipal de santa ad\u00e9lia","sal\u00e1rios concurso c\u00e2mara municipal de santa ad\u00e9lia","vagas concurso c\u00e2mara municipal de santa ad\u00e9lia"],"articleSection":["Concursos P\u00fablicos"],"inLanguage":"pt-BR","potentialAction":[{"@type":"CommentAction","name":"Comment","target":["https:\/\/www.pensarcursos.com.br\/blog\/concurso-camara-municipal-encerra-inscricoes-nesta-segunda-feira-26-salarios-de-ate-r-63-mil\/#respond"]}],"copyrightYear":"2026","copyrightHolder":{"@id":"https:\/\/www.pensarcursos.com.br\/blog\/#organization"}},{"@type":"WebPage","@id":"https:\/\/www.pensarcursos.com.br\/blog\/concurso-camara-municipal-encerra-inscricoes-nesta-segunda-feira-26-salarios-de-ate-r-63-mil\/","url":"https:\/\/www.pensarcursos.com.br\/blog\/concurso-camara-municipal-encerra-inscricoes-nesta-segunda-feira-26-salarios-de-ate-r-63-mil\/","name":"Concurso C\u00e2mara Municipal encerra inscri\u00e7\u00f5es nesta segunda-feira (26) - Sal\u00e1rios de at\u00e9 R$ 6,3 mil - Blog Pensar Cursos","isPartOf":{"@id":"https:\/\/www.pensarcursos.com.br\/blog\/#website"},"primaryImageOfPage":{"@id":"https:\/\/www.pensarcursos.com.br\/blog\/concurso-camara-municipal-encerra-inscricoes-nesta-segunda-feira-26-salarios-de-ate-r-63-mil\/#primaryimage"},"image":{"@id":"https:\/\/www.pensarcursos.com.br\/blog\/concurso-camara-municipal-encerra-inscricoes-nesta-segunda-feira-26-salarios-de-ate-r-63-mil\/#primaryimage"},"thumbnailUrl":"https:\/\/www.pensarcursos.com.br\/blog\/wp-content\/uploads\/2026\/01\/Concurso-da-Camara-Municipal-de-Santa-Adelia.png","datePublished":"2026-01-25T12:29:37+00:00","description":"Concurso C\u00e2mara Municipal encerra inscri\u00e7\u00f5es em 26\/01\/2026. Sal\u00e1rios de at\u00e9 R$ 6,3 mil. Descubra requisitos e prazos. Veja como participar e se preparar!","breadcrumb":{"@id":"https:\/\/www.pensarcursos.com.br\/blog\/concurso-camara-municipal-encerra-inscricoes-nesta-segunda-feira-26-salarios-de-ate-r-63-mil\/#breadcrumb"},"inLanguage":"pt-BR","potentialAction":[{"@type":"ReadAction","target":["https:\/\/www.pensarcursos.com.br\/blog\/concurso-camara-municipal-encerra-inscricoes-nesta-segunda-feira-26-salarios-de-ate-r-63-mil\/"]}]},{"@type":"ImageObject","inLanguage":"pt-BR","@id":"https:\/\/www.pensarcursos.com.br\/blog\/concurso-camara-municipal-encerra-inscricoes-nesta-segunda-feira-26-salarios-de-ate-r-63-mil\/#primaryimage","url":"https:\/\/www.pensarcursos.com.br\/blog\/wp-content\/uploads\/2026\/01\/Concurso-da-Camara-Municipal-de-Santa-Adelia.png","contentUrl":"https:\/\/www.pensarcursos.com.br\/blog\/wp-content\/uploads\/2026\/01\/Concurso-da-Camara-Municipal-de-Santa-Adelia.png","width":1200,"height":800,"caption":"Veja como se inscrever no concurso da C\u00e2mara Municipal e garantir a sua vaga. Imagem: Pensar Cursos"},{"@type":"BreadcrumbList","@id":"https:\/\/www.pensarcursos.com.br\/blog\/concurso-camara-municipal-encerra-inscricoes-nesta-segunda-feira-26-salarios-de-ate-r-63-mil\/#breadcrumb","itemListElement":[{"@type":"ListItem","position":1,"name":"Home","item":"https:\/\/www.pensarcursos.com.br\/blog\/"},{"@type":"ListItem","position":2,"name":"Concurso C\u00e2mara Municipal encerra inscri\u00e7\u00f5es nesta segunda-feira (26) &#8211; Sal\u00e1rios de at\u00e9 R$ 6,3 mil"}]},{"@type":"WebSite","@id":"https:\/\/www.pensarcursos.com.br\/blog\/#website","url":"https:\/\/www.pensarcursos.com.br\/blog\/","name":"Blog Pensar Cursos","description":"Maior Site de Cursos do Brasil","publisher":{"@id":"https:\/\/www.pensarcursos.com.br\/blog\/#organization"},"alternateName":"Blog Pensar","potentialAction":[{"@type":"SearchAction","target":{"@type":"EntryPoint","urlTemplate":"https:\/\/www.pensarcursos.com.br\/blog\/?s={search_term_string}"},"query-input":{"@type":"PropertyValueSpecification","valueRequired":true,"valueName":"search_term_string"}}],"inLanguage":"pt-BR"},{"@type":"Organization","@id":"https:\/\/www.pensarcursos.com.br\/blog\/#organization","name":"Pensar Cursos","alternateName":"Blog pensar","url":"https:\/\/www.pensarcursos.com.br\/blog\/","logo":{"@type":"ImageObject","inLanguage":"pt-BR","@id":"https:\/\/www.pensarcursos.com.br\/blog\/#\/schema\/logo\/image\/","url":"https:\/\/www.pensarcursos.com.br\/blog\/wp-content\/uploads\/2023\/11\/Nova-Logo-Pensar-Cursos-vertical.png","contentUrl":"https:\/\/www.pensarcursos.com.br\/blog\/wp-content\/uploads\/2023\/11\/Nova-Logo-Pensar-Cursos-vertical.png","width":1393,"height":1001,"caption":"Pensar Cursos"},"image":{"@id":"https:\/\/www.pensarcursos.com.br\/blog\/#\/schema\/logo\/image\/"},"sameAs":["https:\/\/www.facebook.com\/pensarcursos\/","https:\/\/instagram.com.br\/pensarcursos"],"description":"Pensar Cursos \u00e9 uma empresa especializada em oferecer cursos de alta qualidade voltados para o desenvolvimento profissional e acad\u00eamico. Com uma ampla gama de op\u00e7\u00f5es de treinamento, oferecemos conte\u00fados atualizados, ministrados por especialistas da \u00e1rea, para capacitar indiv\u00edduos e equipes a atingirem seus objetivos. Nossa miss\u00e3o \u00e9 proporcionar uma educa\u00e7\u00e3o transformadora, acess\u00edvel e personalizada para cada aluno, seja em cursos presenciais ou online. Com uma abordagem inovadora, buscamos adaptar os nossos programas de ensino \u00e0s necessidades do mercado, criando solu\u00e7\u00f5es que atendem aos desafios e exig\u00eancias do mundo corporativo e acad\u00eamico. Nossos cursos incluem desde forma\u00e7\u00f5es t\u00e9cnicas at\u00e9 habilidades essenciais, como lideran\u00e7a, gest\u00e3o e desenvolvimento pessoal.","email":"contato@pensarcursos.com.br","legalName":"Sena Servi\u00e7os de Informa\u00e7\u00e3o Online LTDA","foundingDate":"2013-04-18","vatID":"17956217000172","numberOfEmployees":{"@type":"QuantitativeValue","minValue":"11","maxValue":"50"},"publishingPrinciples":"https:\/\/www.pensarcursos.com.br\/blog\/principios-de-publicacao\/","ownershipFundingInfo":"https:\/\/www.pensarcursos.com.br\/blog\/informacoes-de-propriedade-financiamento\/","actionableFeedbackPolicy":"https:\/\/www.pensarcursos.com.br\/blog\/politica-de-feedback-acionavel\/","correctionsPolicy":"https:\/\/www.pensarcursos.com.br\/blog\/politica-de-correcoes\/","ethicsPolicy":"https:\/\/www.pensarcursos.com.br\/blog\/politica-de-etica\/"},{"@type":"Person","@id":"https:\/\/www.pensarcursos.com.br\/blog\/#\/schema\/person\/e133b19d62595d6ab0c12f3e5436a7bb","name":"Gorete Costa","image":{"@type":"ImageObject","inLanguage":"pt-BR","@id":"https:\/\/secure.gravatar.com\/avatar\/8cb99f142e1cb1312d8c202378c20dc4f7210145acc22805481f4a3f47ce9b6f?s=96&d=mm&r=g","url":"https:\/\/secure.gravatar.com\/avatar\/8cb99f142e1cb1312d8c202378c20dc4f7210145acc22805481f4a3f47ce9b6f?s=96&d=mm&r=g","contentUrl":"https:\/\/secure.gravatar.com\/avatar\/8cb99f142e1cb1312d8c202378c20dc4f7210145acc22805481f4a3f47ce9b6f?s=96&d=mm&r=g","caption":"Gorete Costa"},"description":"Graduada em Servi\u00e7o Social pela Universidade do Norte do Paran\u00e1 (Unopar), Gorete Costa \u00e9 especialista em comunica\u00e7\u00e3o, atuando como radialista em programas jornal\u00edsticos e de entretenimento, al\u00e9m de produ\u00e7\u00e3o e revis\u00e3o de textos informativos para sites e blogs.","sameAs":["https:\/\/www.facebook.com\/profile.php?id=61550018262414"],"url":"https:\/\/www.pensarcursos.com.br\/blog\/author\/gorete\/"}]}},"_links":{"self":[{"href":"https:\/\/www.pensarcursos.com.br\/blog\/wp-json\/wp\/v2\/posts\/141703","targetHints":{"allow":["GET"]}}],"collection":[{"href":"https:\/\/www.pensarcursos.com.br\/blog\/wp-json\/wp\/v2\/posts"}],"about":[{"href":"https:\/\/www.pensarcursos.com.br\/blog\/wp-json\/wp\/v2\/types\/post"}],"author":[{"embeddable":true,"href":"https:\/\/www.pensarcursos.com.br\/blog\/wp-json\/wp\/v2\/users\/17"}],"replies":[{"embeddable":true,"href":"https:\/\/www.pensarcursos.com.br\/blog\/wp-json\/wp\/v2\/comments?post=141703"}],"version-history":[{"count":0,"href":"https:\/\/www.pensarcursos.com.br\/blog\/wp-json\/wp\/v2\/posts\/141703\/revisions"}],"wp:featuredmedia":[{"embeddable":true,"href":"https:\/\/www.pensarcursos.com.br\/blog\/wp-json\/wp\/v2\/media\/141704"}],"wp:attachment":[{"href":"https:\/\/www.pensarcursos.com.br\/blog\/wp-json\/wp\/v2\/media?parent=141703"}],"wp:term":[{"taxonomy":"category","embeddable":true,"href":"https:\/\/www.pensarcursos.com.br\/blog\/wp-json\/wp\/v2\/categories?post=141703"},{"taxonomy":"post_tag","embeddable":true,"href":"https:\/\/www.pensarcursos.com.br\/blog\/wp-json\/wp\/v2\/tags?post=141703"}],"curies":[{"name":"wp","href":"https:\/\/api.w.org\/{rel}","templated":true}]}}