{"id":141685,"date":"2026-01-24T22:39:58","date_gmt":"2026-01-25T01:39:58","guid":{"rendered":"https:\/\/www.pensarcursos.com.br\/blog\/?p=141685"},"modified":"2026-01-23T18:37:35","modified_gmt":"2026-01-23T21:37:35","slug":"inss-saiba-por-que-alguns-aposentados-nao-recebem-reajuste-na-proxima-segunda-feira-26","status":"publish","type":"post","link":"https:\/\/www.pensarcursos.com.br\/blog\/inss-saiba-por-que-alguns-aposentados-nao-recebem-reajuste-na-proxima-segunda-feira-26\/","title":{"rendered":"INSS: saiba por que alguns aposentados n\u00e3o recebem reajuste na pr\u00f3xima segunda-feira (26)"},"content":{"rendered":"<p>Na pr\u00f3xima <strong>segunda-feira, dia 26\/01<\/strong>, o Instituto Nacional do Seguro Social (<strong>INSS<\/strong>) inicia oficialmente os pagamentos de 2026 para aposentados e pensionistas. Por\u00e9m, \u00e9 preciso aten\u00e7\u00e3o: nem todos os benefici\u00e1rios v\u00e3o receber o reajuste j\u00e1 na segunda.<\/p>\n<p>Essa diferen\u00e7a de datas para o<strong> reajuste do INSS\u00a0<\/strong>gera d\u00favidas todos os anos. Saber quem ter\u00e1 o aumento e quem vai aguardar evita surpresas na conta banc\u00e1ria. Descubra a seguir os motivos desse escalonamento, quais valores mudaram e quem s\u00e3o os primeiros contemplados no calend\u00e1rio do INSS para 2026.<\/p>\n<h2>Calend\u00e1rio escalonado: por que nem todos do INSS recebem reajuste junto?<\/h2>\n<p>O <a href=\"https:\/\/www.pensarcursos.com.br\/blog\/inss-e-bpc-2026-primeiros-pagamentos-de-janeiro-saem-no-dia-26\/\"><strong>INSS<\/strong><\/a> organiza os pagamentos dos benef\u00edcios em um calend\u00e1rio dividido em dois grupos principais: quem recebe at\u00e9 o m\u00ednimo nacional e quem tem direito a valor acima dele.<\/p>\n<p>Esse sistema foi criado para distribuir os dep\u00f3sitos banc\u00e1rios ao longo das semanas, evitando filas longas e sobrecarga dos sistemas banc\u00e1rios. Assim, os dep\u00f3sitos do\u00a0<strong>INSS <\/strong>seguem ordem conforme o n\u00famero final do benef\u00edcio e o valor recebido.<\/p>\n<h2>Quais s\u00e3o os reajustes do sal\u00e1rio m\u00ednimo e do teto em 2026?<\/h2>\n<p>O piso previdenci\u00e1rio, que corresponde ao sal\u00e1rio m\u00ednimo, foi reajustado em\u00a0<strong>6,79%<\/strong> a partir de 1\u00ba de janeiro de 2026. Assim, o novo sal\u00e1rio m\u00ednimo dos benef\u00edcios pagos pelo INSS passou para <strong>R$ 1.621,00<\/strong>.<\/p>\n<p>J\u00e1 para quem ganha acima disso, o reajuste foi de\u00a0<strong>3,90%<\/strong>, \u00edndice definido pelo INPC (\u00cdndice Nacional de Pre\u00e7os ao Consumidor) de 2025. Dessa forma, o teto previdenci\u00e1rio subiu de R$ 8.157,41 para\u00a0<strong>R$ 8.475,55<\/strong>.<\/p>\n<figure id=\"attachment_141691\" aria-describedby=\"caption-attachment-141691\" style=\"width: 1200px\" class=\"wp-caption aligncenter\"><img decoding=\"async\" class=\"wp-image-141691 size-full\" src=\"https:\/\/www.pensarcursos.com.br\/blog\/wp-content\/uploads\/2026\/01\/INSS-3-2-10.png\" alt=\"Fachada da Previd\u00eancia Social com notas de real, foco em benef\u00edcios em 2026.\" width=\"1200\" height=\"800\" srcset=\"https:\/\/www.pensarcursos.com.br\/blog\/wp-content\/uploads\/2026\/01\/INSS-3-2-10.png 1200w, https:\/\/www.pensarcursos.com.br\/blog\/wp-content\/uploads\/2026\/01\/INSS-3-2-10-300x200.png 300w, https:\/\/www.pensarcursos.com.br\/blog\/wp-content\/uploads\/2026\/01\/INSS-3-2-10-1024x683.png 1024w, https:\/\/www.pensarcursos.com.br\/blog\/wp-content\/uploads\/2026\/01\/INSS-3-2-10-768x512.png 768w, https:\/\/www.pensarcursos.com.br\/blog\/wp-content\/uploads\/2026\/01\/INSS-3-2-10-750x500.png 750w, https:\/\/www.pensarcursos.com.br\/blog\/wp-content\/uploads\/2026\/01\/INSS-3-2-10-1140x760.png 1140w\" sizes=\"(max-width: 1200px) 100vw, 1200px\" \/><figcaption id=\"caption-attachment-141691\" class=\"wp-caption-text\">Veja se voc\u00ea \u00e9 um dos contemplados com o reajuste j\u00e1 na pr\u00f3xima segunda (26). Imagem: Pensar Cursos<\/figcaption><\/figure>\n<h2>Quem recebe o reajuste do INSS j\u00e1 na pr\u00f3xima segunda-feira?<\/h2>\n<p>Os benefici\u00e1rios que t\u00eam\u00a0<strong>n\u00famero final 1 no cart\u00e3o de pagamento<\/strong>\u00a0e recebem at\u00e9 o valor do novo sal\u00e1rio m\u00ednimo v\u00e3o ser os primeiros contemplados com o reajuste na segunda-feira, 26 de janeiro.<\/p>\n<p>Na sequ\u00eancia, os demais finais (2 a 0) passam a receber seus pagamentos atualizados, conforme o calend\u00e1rio.<\/p>\n<h3>E quem deve esperar pelo reajuste?<\/h3>\n<p>Os benefici\u00e1rios com valor superior ao sal\u00e1rio m\u00ednimo, ou seja, que recebem mais de\u00a0<strong>R$ 1.621,00<\/strong>, v\u00e3o precisar aguardar um pouco mais. O <a href=\"https:\/\/www.pensarcursos.com.br\/blog\/inss-primeira-parcela-do-13o-salario-2026-no-valor-de-r-4-23777-e-confirmada\/\"><strong>INSS<\/strong><\/a> inicia os pagamentos atualizados para esse grupo apenas a partir de 02\/02.<\/p>\n<h2>Diferen\u00e7as entre quem recebe o m\u00ednimo e quem recebe acima do m\u00ednimo<\/h2>\n<p>O aumento dos benef\u00edcios do\u00a0<strong>INSS<\/strong>\u00a0\u00e9 feito de acordo com a legisla\u00e7\u00e3o vigente, garantindo o reajuste anual. Mas existe uma diferen\u00e7a importante:<\/p>\n<ul>\n<li><strong>Quem recebe o sal\u00e1rio m\u00ednimo:<\/strong>\u00a0reajuste acompanha o novo valor nacional, definido por lei e entra em vigor imediatamente em janeiro.<\/li>\n<li><strong>Quem recebe acima do m\u00ednimo:<\/strong> reajuste segue o INPC do \u00faltimo ano.<\/li>\n<\/ul>\n<h2>Datas de pagamentos do INSS em janeiro de 2026<\/h2>\n<p>As datas de pagamento do INSS para janeiro de 2026 s\u00e3o:<\/p>\n<h3>Quem recebe at\u00e9 1 sal\u00e1rio m\u00ednimo:<\/h3>\n<table>\n<thead>\n<tr>\n<th>Final do Benef\u00edcio<\/th>\n<th>Data de Pagamento<\/th>\n<\/tr>\n<\/thead>\n<tbody>\n<tr>\n<td><strong>1<\/strong><\/td>\n<td><strong>26 de janeiro<\/strong><\/td>\n<\/tr>\n<tr>\n<td>2<\/td>\n<td>27 de janeiro<\/td>\n<\/tr>\n<tr>\n<td>3<\/td>\n<td>28 de janeiro<\/td>\n<\/tr>\n<tr>\n<td>4<\/td>\n<td>29 de janeiro<\/td>\n<\/tr>\n<tr>\n<td>5<\/td>\n<td>30 de janeiro<\/td>\n<\/tr>\n<tr>\n<td>6<\/td>\n<td>02 de fevereiro<\/td>\n<\/tr>\n<tr>\n<td>7<\/td>\n<td>03 de fevereiro<\/td>\n<\/tr>\n<tr>\n<td>8<\/td>\n<td>04 de fevereiro<\/td>\n<\/tr>\n<tr>\n<td>9<\/td>\n<td>05 de fevereiro<\/td>\n<\/tr>\n<tr>\n<td>0<\/td>\n<td>06 de fevereiro<\/td>\n<\/tr>\n<\/tbody>\n<\/table>\n<h3>Quem recebe acima de 1 sal\u00e1rio m\u00ednimo:<\/h3>\n<table>\n<thead>\n<tr>\n<th>Final do Benef\u00edcio<\/th>\n<th>Data de Pagamento<\/th>\n<\/tr>\n<\/thead>\n<tbody>\n<tr>\n<td>1 e 6<\/td>\n<td>02 de fevereiro<\/td>\n<\/tr>\n<tr>\n<td>2 e 7<\/td>\n<td>03 de fevereiro<\/td>\n<\/tr>\n<tr>\n<td>3 e 8<\/td>\n<td>04 de fevereiro<\/td>\n<\/tr>\n<tr>\n<td>4 e 9<\/td>\n<td>05 de fevereiro<\/td>\n<\/tr>\n<tr>\n<td>5 e 0<\/td>\n<td>06 de fevereiro<\/td>\n<\/tr>\n<\/tbody>\n<\/table>\n<h2>Exemplos de quem recebe agora e quem recebe depois<\/h2>\n<p>Veja exemplos pr\u00e1ticos para facilitar o entendimento:<\/p>\n<ul>\n<li><strong>Maria, benefici\u00e1ria final 1 e recebe R$ 1.621,00:<\/strong>\u00a0recebe o valor j\u00e1 reajustado no dia 26\/01.<\/li>\n<li><strong>Jos\u00e9, benefici\u00e1rio final 4 e recebe mais de R$ 1.621,00:<\/strong> receber\u00e1 o novo valor em 05 de fevereiro.<\/li>\n<\/ul>\n<h2>Perguntas frequentes<\/h2>\n<ol>\n<li><strong>O reajuste do INSS \u00e9 autom\u00e1tico?<\/strong> Sim, o reajuste \u00e9 feito automaticamente conforme a legisla\u00e7\u00e3o vigente.<\/li>\n<li><strong>Como saber se estou no grupo que recebe reajuste em 26 de janeiro?<\/strong> Recebem o reajuste no dia 26 de janeiro os benefici\u00e1rios que recebem at\u00e9 o valor do sal\u00e1rio m\u00ednimo (R$ 1.621,00 em 2026) e cujo n\u00famero final do benef\u00edcio no cart\u00e3o de pagamento \u00e9 1.<\/li>\n<li><strong>O valor do INSS pode mudar ao longo do ano?<\/strong> Normalmente o reajuste ocorre uma vez ao ano, no in\u00edcio do ano, conforme \u00edndices definidos pela legisla\u00e7\u00e3o. Altera\u00e7\u00f5es extraordin\u00e1rias s\u00e3o incomuns e comunicadas oficialmente.<\/li>\n<li><strong>Como acessar o extrato do benef\u00edcio pelo aplicativo?<\/strong> \u00c9 poss\u00edvel consultar extrato e calend\u00e1rio pelo aplicativo &#8220;Meu INSS&#8221;, dispon\u00edvel para smartphones. Tamb\u00e9m \u00e9 poss\u00edvel acessar essas informa\u00e7\u00f5es em ag\u00eancias f\u00edsicas.<\/li>\n<\/ol>\n<p>Para conferir mais not\u00edcias sobre o INSS, acesse diariamente o <strong><a href=\"https:\/\/www.pensarcursos.com.br\/blog\/?utm_source=pushnewsjLj694e70bc89399a4f8804bc7f&amp;utm_campaign=&amp;utm_medium=pushnotification&amp;utm_content=&amp;utm_term=\">Pensar Cursos<\/a><\/strong>!<\/p>\n<div class=\"jeg_video_container jeg_video_content\"><iframe title=\"Quando v\u00e3o pagar o INSS em 2026? Calend\u00e1rio oficial saiu e tem novidade\" width=\"500\" height=\"281\" src=\"https:\/\/www.youtube.com\/embed\/oewN8G9mELY?feature=oembed\" frameborder=\"0\" allow=\"accelerometer; autoplay; clipboard-write; encrypted-media; gyroscope; picture-in-picture; web-share\" referrerpolicy=\"strict-origin-when-cross-origin\" allowfullscreen><\/iframe><\/div>\n","protected":false},"excerpt":{"rendered":"<p>Na pr\u00f3xima segunda-feira, dia 26\/01, o Instituto Nacional do Seguro Social (INSS) inicia oficialmente os pagamentos de 2026 para aposentados e pensionistas. Por\u00e9m, \u00e9 preciso aten\u00e7\u00e3o: nem todos os benefici\u00e1rios v\u00e3o receber o reajuste j\u00e1 na segunda. Essa diferen\u00e7a de datas para o reajuste do INSS\u00a0gera d\u00favidas todos os anos. Saber quem ter\u00e1 o aumento [&hellip;]<\/p>\n","protected":false},"author":17,"featured_media":141690,"comment_status":"open","ping_status":"closed","sticky":false,"template":"","format":"standard","meta":{"jnews-multi-image_gallery":[],"jnews_single_post":{"format":"standard","override":[{"template":"1","parallax":"1","fullscreen":"1","layout":"right-sidebar","sidebar":"default-sidebar","second_sidebar":"default-sidebar","sticky_sidebar":"1","share_position":"topbottom","share_float_style":"share-monocrhome","show_featured":"1","show_post_meta":"1","show_post_author":"1","show_post_author_image":"1","show_post_date":"1","post_date_format":"default","post_date_format_custom":"Y\/m\/d","show_post_category":"1","post_reading_time_wpm":"300","post_calculate_word_method":"str_word_count","show_zoom_button":"0","zoom_button_out_step":"2","zoom_button_in_step":"3","show_post_tag":"1","show_prev_next_post":"1","show_popup_post":"1","show_comment_section":"1","number_popup_post":"2","show_author_box":"1","show_post_related":"1","show_inline_post_related":"1"}],"image_override":[{"single_post_thumbnail_size":"crop-500","single_post_gallery_size":"crop-500"}],"trending_post_position":"meta","trending_post_label":"Trending","sponsored_post_label":"Sponsored by","disable_ad":"0","subtitle":"Entenda quem vai receber o reajuste do INSS j\u00e1 na pr\u00f3xima segunda e quem vai precisar esperar um pouco mais!"},"jnews_primary_category":[],"jnews_social_meta":[],"jnews_override_counter":{"view_counter_number":"0","share_counter_number":"0","like_counter_number":"0","dislike_counter_number":"0"},"footnotes":""},"categories":[1691],"tags":[4537,37690,37049,36430],"class_list":["post-141685","post","type-post","status-publish","format-standard","has-post-thumbnail","hentry","category-direitos-do-trabalhador","tag-calendario-do-inss","tag-pagamento-inss-de-janeiro","tag-reajuste-do-inss","tag-reajuste-inss-2026"],"yoast_head":"<!-- This site is optimized with the Yoast SEO Premium plugin v27.4 (Yoast SEO v27.4) - https:\/\/yoast.com\/product\/yoast-seo-premium-wordpress\/ -->\n<title>INSS: saiba por que alguns aposentados n\u00e3o recebem reajuste na pr\u00f3xima segunda-feira (26) - Blog Pensar Cursos<\/title>\n<meta name=\"description\" content=\"Confira quem recebe o reajuste do INSS na pr\u00f3xima segunda-feira e quem precisa esperar. Veja calend\u00e1rio, valores e tire suas d\u00favidas. Saiba mais!\" \/>\n<meta name=\"robots\" content=\"index, follow, max-snippet:-1, max-image-preview:large, max-video-preview:-1\" \/>\n<link rel=\"canonical\" href=\"https:\/\/www.pensarcursos.com.br\/blog\/inss-saiba-por-que-alguns-aposentados-nao-recebem-reajuste-na-proxima-segunda-feira-26\/\" \/>\n<meta property=\"og:locale\" content=\"pt_BR\" \/>\n<meta property=\"og:type\" content=\"article\" \/>\n<meta property=\"og:title\" content=\"INSS: saiba por que alguns aposentados n\u00e3o recebem reajuste na pr\u00f3xima segunda-feira (26)\" \/>\n<meta property=\"og:description\" content=\"Confira quem recebe o reajuste do INSS na pr\u00f3xima segunda-feira e quem precisa esperar. Veja calend\u00e1rio, valores e tire suas d\u00favidas. Saiba mais!\" \/>\n<meta property=\"og:url\" content=\"https:\/\/www.pensarcursos.com.br\/blog\/inss-saiba-por-que-alguns-aposentados-nao-recebem-reajuste-na-proxima-segunda-feira-26\/\" \/>\n<meta property=\"og:site_name\" content=\"Blog Pensar Cursos\" \/>\n<meta property=\"article:publisher\" content=\"https:\/\/www.facebook.com\/pensarcursos\/\" \/>\n<meta property=\"article:author\" content=\"https:\/\/www.facebook.com\/profile.php?id=61550018262414\" \/>\n<meta property=\"article:published_time\" content=\"2026-01-25T01:39:58+00:00\" \/>\n<meta property=\"og:image\" content=\"https:\/\/www.pensarcursos.com.br\/blog\/wp-content\/uploads\/2026\/01\/Entenda-o-reajuste-do-INSS-para-2026-e-veja-quem-recebe-na-proxima-segunda-26.webp\" \/>\n\t<meta property=\"og:image:width\" content=\"1200\" \/>\n\t<meta property=\"og:image:height\" content=\"800\" \/>\n\t<meta property=\"og:image:type\" content=\"image\/webp\" \/>\n<meta name=\"author\" content=\"Gorete Costa\" \/>\n<meta name=\"twitter:card\" content=\"summary_large_image\" \/>\n<meta name=\"twitter:label1\" content=\"Escrito por\" \/>\n\t<meta name=\"twitter:data1\" content=\"Gorete Costa\" \/>\n\t<meta name=\"twitter:label2\" content=\"Est. tempo de leitura\" \/>\n\t<meta name=\"twitter:data2\" content=\"5 minutos\" \/>\n<!-- \/ Yoast SEO Premium plugin. -->","yoast_head_json":{"title":"INSS: saiba por que alguns aposentados n\u00e3o recebem reajuste na pr\u00f3xima segunda-feira (26) - Blog Pensar Cursos","description":"Confira quem recebe o reajuste do INSS na pr\u00f3xima segunda-feira e quem precisa esperar. Veja calend\u00e1rio, valores e tire suas d\u00favidas. Saiba mais!","robots":{"index":"index","follow":"follow","max-snippet":"max-snippet:-1","max-image-preview":"max-image-preview:large","max-video-preview":"max-video-preview:-1"},"canonical":"https:\/\/www.pensarcursos.com.br\/blog\/inss-saiba-por-que-alguns-aposentados-nao-recebem-reajuste-na-proxima-segunda-feira-26\/","og_locale":"pt_BR","og_type":"article","og_title":"INSS: saiba por que alguns aposentados n\u00e3o recebem reajuste na pr\u00f3xima segunda-feira (26)","og_description":"Confira quem recebe o reajuste do INSS na pr\u00f3xima segunda-feira e quem precisa esperar. Veja calend\u00e1rio, valores e tire suas d\u00favidas. Saiba mais!","og_url":"https:\/\/www.pensarcursos.com.br\/blog\/inss-saiba-por-que-alguns-aposentados-nao-recebem-reajuste-na-proxima-segunda-feira-26\/","og_site_name":"Blog Pensar Cursos","article_publisher":"https:\/\/www.facebook.com\/pensarcursos\/","article_author":"https:\/\/www.facebook.com\/profile.php?id=61550018262414","article_published_time":"2026-01-25T01:39:58+00:00","og_image":[{"width":1200,"height":800,"url":"https:\/\/www.pensarcursos.com.br\/blog\/wp-content\/uploads\/2026\/01\/Entenda-o-reajuste-do-INSS-para-2026-e-veja-quem-recebe-na-proxima-segunda-26.webp","type":"image\/webp"}],"author":"Gorete Costa","twitter_card":"summary_large_image","twitter_misc":{"Escrito por":"Gorete Costa","Est. tempo de leitura":"5 minutos"},"schema":{"@context":"https:\/\/schema.org","@graph":[{"@type":["Article","BlogPosting"],"@id":"https:\/\/www.pensarcursos.com.br\/blog\/inss-saiba-por-que-alguns-aposentados-nao-recebem-reajuste-na-proxima-segunda-feira-26\/#article","isPartOf":{"@id":"https:\/\/www.pensarcursos.com.br\/blog\/inss-saiba-por-que-alguns-aposentados-nao-recebem-reajuste-na-proxima-segunda-feira-26\/"},"author":{"name":"Gorete Costa","@id":"https:\/\/www.pensarcursos.com.br\/blog\/#\/schema\/person\/e133b19d62595d6ab0c12f3e5436a7bb"},"headline":"INSS: saiba por que alguns aposentados n\u00e3o recebem reajuste na pr\u00f3xima segunda-feira (26)","datePublished":"2026-01-25T01:39:58+00:00","mainEntityOfPage":{"@id":"https:\/\/www.pensarcursos.com.br\/blog\/inss-saiba-por-que-alguns-aposentados-nao-recebem-reajuste-na-proxima-segunda-feira-26\/"},"wordCount":781,"commentCount":0,"publisher":{"@id":"https:\/\/www.pensarcursos.com.br\/blog\/#organization"},"image":{"@id":"https:\/\/www.pensarcursos.com.br\/blog\/inss-saiba-por-que-alguns-aposentados-nao-recebem-reajuste-na-proxima-segunda-feira-26\/#primaryimage"},"thumbnailUrl":"https:\/\/www.pensarcursos.com.br\/blog\/wp-content\/uploads\/2026\/01\/Entenda-o-reajuste-do-INSS-para-2026-e-veja-quem-recebe-na-proxima-segunda-26.webp","keywords":["Calend\u00e1rio do INSS","pagamento inss de janeiro","reajuste do inss","reajuste INSS 2026"],"articleSection":["Direitos do Trabalhador"],"inLanguage":"pt-BR","potentialAction":[{"@type":"CommentAction","name":"Comment","target":["https:\/\/www.pensarcursos.com.br\/blog\/inss-saiba-por-que-alguns-aposentados-nao-recebem-reajuste-na-proxima-segunda-feira-26\/#respond"]}],"copyrightYear":"2026","copyrightHolder":{"@id":"https:\/\/www.pensarcursos.com.br\/blog\/#organization"}},{"@type":"WebPage","@id":"https:\/\/www.pensarcursos.com.br\/blog\/inss-saiba-por-que-alguns-aposentados-nao-recebem-reajuste-na-proxima-segunda-feira-26\/","url":"https:\/\/www.pensarcursos.com.br\/blog\/inss-saiba-por-que-alguns-aposentados-nao-recebem-reajuste-na-proxima-segunda-feira-26\/","name":"INSS: saiba por que alguns aposentados n\u00e3o recebem reajuste na pr\u00f3xima segunda-feira (26) - Blog Pensar Cursos","isPartOf":{"@id":"https:\/\/www.pensarcursos.com.br\/blog\/#website"},"primaryImageOfPage":{"@id":"https:\/\/www.pensarcursos.com.br\/blog\/inss-saiba-por-que-alguns-aposentados-nao-recebem-reajuste-na-proxima-segunda-feira-26\/#primaryimage"},"image":{"@id":"https:\/\/www.pensarcursos.com.br\/blog\/inss-saiba-por-que-alguns-aposentados-nao-recebem-reajuste-na-proxima-segunda-feira-26\/#primaryimage"},"thumbnailUrl":"https:\/\/www.pensarcursos.com.br\/blog\/wp-content\/uploads\/2026\/01\/Entenda-o-reajuste-do-INSS-para-2026-e-veja-quem-recebe-na-proxima-segunda-26.webp","datePublished":"2026-01-25T01:39:58+00:00","description":"Confira quem recebe o reajuste do INSS na pr\u00f3xima segunda-feira e quem precisa esperar. Veja calend\u00e1rio, valores e tire suas d\u00favidas. Saiba mais!","breadcrumb":{"@id":"https:\/\/www.pensarcursos.com.br\/blog\/inss-saiba-por-que-alguns-aposentados-nao-recebem-reajuste-na-proxima-segunda-feira-26\/#breadcrumb"},"inLanguage":"pt-BR","potentialAction":[{"@type":"ReadAction","target":["https:\/\/www.pensarcursos.com.br\/blog\/inss-saiba-por-que-alguns-aposentados-nao-recebem-reajuste-na-proxima-segunda-feira-26\/"]}]},{"@type":"ImageObject","inLanguage":"pt-BR","@id":"https:\/\/www.pensarcursos.com.br\/blog\/inss-saiba-por-que-alguns-aposentados-nao-recebem-reajuste-na-proxima-segunda-feira-26\/#primaryimage","url":"https:\/\/www.pensarcursos.com.br\/blog\/wp-content\/uploads\/2026\/01\/Entenda-o-reajuste-do-INSS-para-2026-e-veja-quem-recebe-na-proxima-segunda-26.webp","contentUrl":"https:\/\/www.pensarcursos.com.br\/blog\/wp-content\/uploads\/2026\/01\/Entenda-o-reajuste-do-INSS-para-2026-e-veja-quem-recebe-na-proxima-segunda-26.webp","width":1200,"height":800,"caption":"INSS: veja quem n\u00e3o recebe reajuste na pr\u00f3xima segunda (26). Imagem: Pensar Cursos"},{"@type":"BreadcrumbList","@id":"https:\/\/www.pensarcursos.com.br\/blog\/inss-saiba-por-que-alguns-aposentados-nao-recebem-reajuste-na-proxima-segunda-feira-26\/#breadcrumb","itemListElement":[{"@type":"ListItem","position":1,"name":"Home","item":"https:\/\/www.pensarcursos.com.br\/blog\/"},{"@type":"ListItem","position":2,"name":"INSS: saiba por que alguns aposentados n\u00e3o recebem reajuste na pr\u00f3xima segunda-feira (26)"}]},{"@type":"WebSite","@id":"https:\/\/www.pensarcursos.com.br\/blog\/#website","url":"https:\/\/www.pensarcursos.com.br\/blog\/","name":"Blog Pensar Cursos","description":"Maior Site de Cursos do Brasil","publisher":{"@id":"https:\/\/www.pensarcursos.com.br\/blog\/#organization"},"alternateName":"Blog Pensar","potentialAction":[{"@type":"SearchAction","target":{"@type":"EntryPoint","urlTemplate":"https:\/\/www.pensarcursos.com.br\/blog\/?s={search_term_string}"},"query-input":{"@type":"PropertyValueSpecification","valueRequired":true,"valueName":"search_term_string"}}],"inLanguage":"pt-BR"},{"@type":"Organization","@id":"https:\/\/www.pensarcursos.com.br\/blog\/#organization","name":"Pensar Cursos","alternateName":"Blog pensar","url":"https:\/\/www.pensarcursos.com.br\/blog\/","logo":{"@type":"ImageObject","inLanguage":"pt-BR","@id":"https:\/\/www.pensarcursos.com.br\/blog\/#\/schema\/logo\/image\/","url":"https:\/\/www.pensarcursos.com.br\/blog\/wp-content\/uploads\/2023\/11\/Nova-Logo-Pensar-Cursos-vertical.png","contentUrl":"https:\/\/www.pensarcursos.com.br\/blog\/wp-content\/uploads\/2023\/11\/Nova-Logo-Pensar-Cursos-vertical.png","width":1393,"height":1001,"caption":"Pensar Cursos"},"image":{"@id":"https:\/\/www.pensarcursos.com.br\/blog\/#\/schema\/logo\/image\/"},"sameAs":["https:\/\/www.facebook.com\/pensarcursos\/","https:\/\/instagram.com.br\/pensarcursos"],"description":"Pensar Cursos \u00e9 uma empresa especializada em oferecer cursos de alta qualidade voltados para o desenvolvimento profissional e acad\u00eamico. Com uma ampla gama de op\u00e7\u00f5es de treinamento, oferecemos conte\u00fados atualizados, ministrados por especialistas da \u00e1rea, para capacitar indiv\u00edduos e equipes a atingirem seus objetivos. Nossa miss\u00e3o \u00e9 proporcionar uma educa\u00e7\u00e3o transformadora, acess\u00edvel e personalizada para cada aluno, seja em cursos presenciais ou online. Com uma abordagem inovadora, buscamos adaptar os nossos programas de ensino \u00e0s necessidades do mercado, criando solu\u00e7\u00f5es que atendem aos desafios e exig\u00eancias do mundo corporativo e acad\u00eamico. Nossos cursos incluem desde forma\u00e7\u00f5es t\u00e9cnicas at\u00e9 habilidades essenciais, como lideran\u00e7a, gest\u00e3o e desenvolvimento pessoal.","email":"contato@pensarcursos.com.br","legalName":"Sena Servi\u00e7os de Informa\u00e7\u00e3o Online LTDA","foundingDate":"2013-04-18","vatID":"17956217000172","numberOfEmployees":{"@type":"QuantitativeValue","minValue":"11","maxValue":"50"},"publishingPrinciples":"https:\/\/www.pensarcursos.com.br\/blog\/principios-de-publicacao\/","ownershipFundingInfo":"https:\/\/www.pensarcursos.com.br\/blog\/informacoes-de-propriedade-financiamento\/","actionableFeedbackPolicy":"https:\/\/www.pensarcursos.com.br\/blog\/politica-de-feedback-acionavel\/","correctionsPolicy":"https:\/\/www.pensarcursos.com.br\/blog\/politica-de-correcoes\/","ethicsPolicy":"https:\/\/www.pensarcursos.com.br\/blog\/politica-de-etica\/"},{"@type":"Person","@id":"https:\/\/www.pensarcursos.com.br\/blog\/#\/schema\/person\/e133b19d62595d6ab0c12f3e5436a7bb","name":"Gorete Costa","image":{"@type":"ImageObject","inLanguage":"pt-BR","@id":"https:\/\/secure.gravatar.com\/avatar\/8cb99f142e1cb1312d8c202378c20dc4f7210145acc22805481f4a3f47ce9b6f?s=96&d=mm&r=g","url":"https:\/\/secure.gravatar.com\/avatar\/8cb99f142e1cb1312d8c202378c20dc4f7210145acc22805481f4a3f47ce9b6f?s=96&d=mm&r=g","contentUrl":"https:\/\/secure.gravatar.com\/avatar\/8cb99f142e1cb1312d8c202378c20dc4f7210145acc22805481f4a3f47ce9b6f?s=96&d=mm&r=g","caption":"Gorete Costa"},"description":"Graduada em Servi\u00e7o Social pela Universidade do Norte do Paran\u00e1 (Unopar), Gorete Costa \u00e9 especialista em comunica\u00e7\u00e3o, atuando como radialista em programas jornal\u00edsticos e de entretenimento, al\u00e9m de produ\u00e7\u00e3o e revis\u00e3o de textos informativos para sites e blogs.","sameAs":["https:\/\/www.facebook.com\/profile.php?id=61550018262414"],"url":"https:\/\/www.pensarcursos.com.br\/blog\/author\/gorete\/"}]}},"_links":{"self":[{"href":"https:\/\/www.pensarcursos.com.br\/blog\/wp-json\/wp\/v2\/posts\/141685","targetHints":{"allow":["GET"]}}],"collection":[{"href":"https:\/\/www.pensarcursos.com.br\/blog\/wp-json\/wp\/v2\/posts"}],"about":[{"href":"https:\/\/www.pensarcursos.com.br\/blog\/wp-json\/wp\/v2\/types\/post"}],"author":[{"embeddable":true,"href":"https:\/\/www.pensarcursos.com.br\/blog\/wp-json\/wp\/v2\/users\/17"}],"replies":[{"embeddable":true,"href":"https:\/\/www.pensarcursos.com.br\/blog\/wp-json\/wp\/v2\/comments?post=141685"}],"version-history":[{"count":0,"href":"https:\/\/www.pensarcursos.com.br\/blog\/wp-json\/wp\/v2\/posts\/141685\/revisions"}],"wp:featuredmedia":[{"embeddable":true,"href":"https:\/\/www.pensarcursos.com.br\/blog\/wp-json\/wp\/v2\/media\/141690"}],"wp:attachment":[{"href":"https:\/\/www.pensarcursos.com.br\/blog\/wp-json\/wp\/v2\/media?parent=141685"}],"wp:term":[{"taxonomy":"category","embeddable":true,"href":"https:\/\/www.pensarcursos.com.br\/blog\/wp-json\/wp\/v2\/categories?post=141685"},{"taxonomy":"post_tag","embeddable":true,"href":"https:\/\/www.pensarcursos.com.br\/blog\/wp-json\/wp\/v2\/tags?post=141685"}],"curies":[{"name":"wp","href":"https:\/\/api.w.org\/{rel}","templated":true}]}}