{"id":141670,"date":"2026-01-24T09:29:22","date_gmt":"2026-01-24T12:29:22","guid":{"rendered":"https:\/\/www.pensarcursos.com.br\/blog\/?p=141670"},"modified":"2026-01-23T17:42:48","modified_gmt":"2026-01-23T20:42:48","slug":"inss-entenda-a-primeira-e-a-segunda-parcela-do-13o-salario-2026","status":"publish","type":"post","link":"https:\/\/www.pensarcursos.com.br\/blog\/inss-entenda-a-primeira-e-a-segunda-parcela-do-13o-salario-2026\/","title":{"rendered":"INSS: entenda a diferen\u00e7a entre a primeira e a segunda parcela do 13\u00ba sal\u00e1rio 2026"},"content":{"rendered":"<p>O Instituto Nacional do Seguro Social (<strong>INSS<\/strong>) \u00e9 respons\u00e1vel pelo pagamento do <strong>13\u00ba sal\u00e1rio<\/strong> para aposentados e pensionistas em todo o Brasil. A cada ano, milh\u00f5es de benefici\u00e1rios aguardam ansiosos essas duas parcelas extras, importantes para equilibrar o or\u00e7amento familiar ou planejar pagamentos de d\u00edvidas e compras.<\/p>\n<p>Para 2026, <strong>as datas de libera\u00e7\u00e3o do benef\u00edcio ainda n\u00e3o foram oficialmente confirmadas,<\/strong> mas a expectativa de antecipa\u00e7\u00e3o permanece alta, conforme observado em anos anteriores. O motivo \u00e9 simples: liberar o valor antes do fim do ano ajuda fam\u00edlias e movimenta a economia nacional.<\/p>\n<p>Entender como funciona a divis\u00e3o entre primeira e segunda parcela pode ajudar voc\u00ea a se planejar melhor financeiramente e evitar surpresas desagrad\u00e1veis.<\/p>\n<h2>Como funciona o pagamento do 13\u00ba sal\u00e1rio do INSS?<\/h2>\n<p>O\u00a0<a href=\"https:\/\/www.pensarcursos.com.br\/blog\/13o-salario-do-inss-2026-quando-cai-a-primeira-parcela-e-qual-o-valor\/\"><strong>13\u00ba sal\u00e1rio do INSS<\/strong><\/a> est\u00e1 garantido para aposentados, pensionistas e quem recebe aux\u00edlios previdenci\u00e1rios, com exce\u00e7\u00e3o daqueles em benef\u00edcio assistencial.<\/p>\n<p>O valor \u00e9 dividido em duas partes: a primeira parcela corresponde a 50% do benef\u00edcio, e a segunda vem descontada do Imposto de Renda, para quem for obrigado a pagar, entre outros abatimentos, quando aplic\u00e1veis.<\/p>\n<figure id=\"attachment_141677\" aria-describedby=\"caption-attachment-141677\" style=\"width: 1200px\" class=\"wp-caption aligncenter\"><img decoding=\"async\" class=\"wp-image-141677 size-full\" src=\"https:\/\/www.pensarcursos.com.br\/blog\/wp-content\/uploads\/2026\/01\/INSS-3-compressed-1-8.webp\" alt=\"Fachada do pr\u00e9dio da Previd\u00eancia Social ao lado de notas de reais, tema benef\u00edcios 2026.\" width=\"1200\" height=\"800\" srcset=\"https:\/\/www.pensarcursos.com.br\/blog\/wp-content\/uploads\/2026\/01\/INSS-3-compressed-1-8.webp 1200w, https:\/\/www.pensarcursos.com.br\/blog\/wp-content\/uploads\/2026\/01\/INSS-3-compressed-1-8-300x200.webp 300w, https:\/\/www.pensarcursos.com.br\/blog\/wp-content\/uploads\/2026\/01\/INSS-3-compressed-1-8-1024x683.webp 1024w, https:\/\/www.pensarcursos.com.br\/blog\/wp-content\/uploads\/2026\/01\/INSS-3-compressed-1-8-768x512.webp 768w, https:\/\/www.pensarcursos.com.br\/blog\/wp-content\/uploads\/2026\/01\/INSS-3-compressed-1-8-750x500.webp 750w, https:\/\/www.pensarcursos.com.br\/blog\/wp-content\/uploads\/2026\/01\/INSS-3-compressed-1-8-1140x760.webp 1140w\" sizes=\"(max-width: 1200px) 100vw, 1200px\" \/><figcaption id=\"caption-attachment-141677\" class=\"wp-caption-text\">INSS: veja a diferen\u00e7a entre a primeira e a segunda parcela do 13\u00ba sal\u00e1rio 2026. Imagem: Pensar Cursos<\/figcaption><\/figure>\n<h2>Primeira parcela do 13\u00ba sal\u00e1rio INSS 2026: o que esperar?<\/h2>\n<p>At\u00e9 o momento, o\u00a0<a href=\"https:\/\/www.pensarcursos.com.br\/blog\/inss-13o-salario-2026-sera-antecipado\/\"><strong>INSS<\/strong><\/a> n\u00e3o confirmou o calend\u00e1rio de pagamento para 2026. Nos anos anteriores, o governo optou por antecipar o repasse entre abril e maio, seguindo tend\u00eancia de priorizar quem depende do benef\u00edcio.<\/p>\n<p>Mesmo com a indefini\u00e7\u00e3o das datas, o mais prov\u00e1vel \u00e9 que a\u00a0<strong>primeira parcela<\/strong> seja paga a partir de 24 de abril.<\/p>\n<h3>Quem pode receber?<\/h3>\n<p>S\u00e3o eleg\u00edveis quem recebeu pelo menos um benef\u00edcio previdenci\u00e1rio em 2026, exceto benef\u00edcios assistenciais como o BPC (Benef\u00edcio de Presta\u00e7\u00e3o Continuada).<\/p>\n<h3>Valor da primeira parcela<\/h3>\n<p>A quantia equivale a metade do valor do benef\u00edcio mensal. N\u00e3o h\u00e1 desconto na primeira parcela.<\/p>\n<p>Exemplo: se o benef\u00edcio mensal \u00e9 de R$ 1.621,00 (sal\u00e1rio m\u00ednimo em 2026), a primeira parcela ser\u00e1 de <a href=\"https:\/\/www.pensarcursos.com.br\/blog\/inss-saiba-quem-tem-direito-a-r-81050-na-primeira-parcela-do-13o-salario-2026\/\">R$ 810,50<\/a>, sem nenhum desconto.<\/p>\n<h2>Segunda parcela do 13\u00ba sal\u00e1rio INSS 2026: detalhes e descontos<\/h2>\n<p>J\u00e1 na <strong>segunda parcela existe a incid\u00eancia<\/strong> de desconto do Imposto de Renda para quem for tributado, e outros, quando aplic\u00e1vel.<\/p>\n<h3>Descontos aplicados<\/h3>\n<ul>\n<li>Imposto de Renda:\u00a0quem se enquadra na faixa de isen\u00e7\u00e3o n\u00e3o paga.<\/li>\n<li>O desconto aparece diretamente no valor da segunda parcela.<\/li>\n<\/ul>\n<p>Exemplo: se o benef\u00edcio mensal \u00e9 de R$ 5.100,00, a segunda parcela seria de R$ 2.550,00. Por\u00e9m, com os descontos aplicados:<\/p>\n<ul>\n<li><strong> INSS:<\/strong> aproximadamente R$ 457,00 (al\u00edquota progressiva de at\u00e9 12%)<\/li>\n<li><strong>Imposto de Renda:<\/strong> aproximadamente R$ 142,00 (dependendo da faixa)<\/li>\n<\/ul>\n<p>Neste caso, o valor l\u00edquido da segunda parcela ficaria em torno de R$ 1.951,00.<\/p>\n<h2>Como consultar valores e calend\u00e1rio do 13\u00ba do INSS?<\/h2>\n<p>Assim que as datas forem confirmadas, ser\u00e1 poss\u00edvel consultar os valores no Meu INSS.<\/p>\n<p>Passo a passo para consultar:<\/p>\n<ul>\n<li>Acesse o site <a href=\"https:\/\/www.meu.inss.gov.br\/\" target=\"_blank\" rel=\"noopener\">Meu INSS<\/a> ou baixe o aplicativo (dispon\u00edvel para Android e iOS)<\/li>\n<li>Fa\u00e7a login com sua conta Gov.br<\/li>\n<li>Na tela inicial, clique em &#8220;Extrato de Pagamento&#8221;<\/li>\n<\/ul>\n<h2>Dicas para aproveitar melhor o 13\u00ba sal\u00e1rio do INSS<\/h2>\n<ul>\n<li>Quite d\u00edvidas com juros altos antes de gastar com sup\u00e9rfluos.<\/li>\n<li>Priorize compras planejadas e evite improvisos.<\/li>\n<li>Reserve parte do valor para emerg\u00eancias no segundo semestre.<\/li>\n<\/ul>\n<h2>Cuidados e golpes envolvendo o 13\u00ba do INSS<\/h2>\n<p>No per\u00edodo de pagamento do benef\u00edcio, aumentam tentativas de fraude contra aposentados. Nunca compartilhe informa\u00e7\u00f5es pessoais por telefone, e busque sempre canais oficiais do INSS, como o\u00a0Meu INSS, para conferir valores e datas.<\/p>\n<h2>Perguntas frequentes<\/h2>\n<ul>\n<li><strong>Quem tem direito \u00e0s parcelas do 13\u00ba do INSS? <\/strong>Aposentados, pensionistas e quem recebe aux\u00edlios previdenci\u00e1rios, exceto benef\u00edcios assistenciais.<\/li>\n<li><strong>O Imposto de Renda \u00e9 descontado das duas parcelas? <\/strong>N\u00e3o. S\u00f3 h\u00e1 desconto do IR na segunda parcela, para quem \u00e9 tributado.<\/li>\n<li><strong>BPC recebe 13\u00ba pelo INSS? <\/strong>N\u00e3o. O Benef\u00edcio de Presta\u00e7\u00e3o Continuada n\u00e3o inclui o pagamento do 13\u00ba.<\/li>\n<li><strong>Como consultar o valor do 13\u00ba do INSS? <\/strong>No portal\u00a0Meu INSS.<\/li>\n<li><strong>O que fazer se n\u00e3o receber a parcela? <\/strong>Procure uma ag\u00eancia do INSS ou utilize o aplicativo Meu INSS para verificar pend\u00eancias.<\/li>\n<li><strong>Quando ocorre a antecipa\u00e7\u00e3o do 13\u00ba?<\/strong>Nos \u00faltimos anos, em abril e maio. Para 2026, a confirma\u00e7\u00e3o depende de publica\u00e7\u00e3o oficial.<\/li>\n<\/ul>\n<p>Continue no\u00a0<a href=\"https:\/\/www.pensarcursos.com.br\/blog\/?utm_source=pushnewsjLj694e70bc89399a4f8804bc7f&amp;utm_campaign=&amp;utm_medium=pushnotification&amp;utm_content=&amp;utm_term=\" target=\"_blank\" rel=\"noopener\"><strong>Blog Pensar Cursos<\/strong><\/a> para conferir mais conte\u00fados como este!<\/p>\n<div class=\"jeg_video_container jeg_video_content\"><iframe title=\"Quando v\u00e3o pagar o INSS em 2026? Calend\u00e1rio oficial saiu e tem novidade\" width=\"500\" height=\"281\" src=\"https:\/\/www.youtube.com\/embed\/oewN8G9mELY?feature=oembed\" frameborder=\"0\" allow=\"accelerometer; autoplay; clipboard-write; encrypted-media; gyroscope; picture-in-picture; web-share\" referrerpolicy=\"strict-origin-when-cross-origin\" allowfullscreen><\/iframe><\/div>\n","protected":false},"excerpt":{"rendered":"<p>O Instituto Nacional do Seguro Social (INSS) \u00e9 respons\u00e1vel pelo pagamento do 13\u00ba sal\u00e1rio para aposentados e pensionistas em todo o Brasil. A cada ano, milh\u00f5es de benefici\u00e1rios aguardam ansiosos essas duas parcelas extras, importantes para equilibrar o or\u00e7amento familiar ou planejar pagamentos de d\u00edvidas e compras. Para 2026, as datas de libera\u00e7\u00e3o do benef\u00edcio [&hellip;]<\/p>\n","protected":false},"author":17,"featured_media":141674,"comment_status":"open","ping_status":"closed","sticky":false,"template":"","format":"standard","meta":{"jnews-multi-image_gallery":[],"jnews_single_post":{"format":"standard","override":[{"template":"1","parallax":"1","fullscreen":"1","layout":"right-sidebar","sidebar":"default-sidebar","second_sidebar":"default-sidebar","sticky_sidebar":"1","share_position":"topbottom","share_float_style":"share-monocrhome","show_featured":"1","show_post_meta":"1","show_post_author":"1","show_post_author_image":"1","show_post_date":"1","post_date_format":"default","post_date_format_custom":"Y\/m\/d","show_post_category":"1","post_reading_time_wpm":"300","post_calculate_word_method":"str_word_count","show_zoom_button":"0","zoom_button_out_step":"2","zoom_button_in_step":"3","show_post_tag":"1","show_prev_next_post":"1","show_popup_post":"1","show_comment_section":"1","number_popup_post":"2","show_author_box":"1","show_post_related":"1","show_inline_post_related":"1"}],"image_override":[{"single_post_thumbnail_size":"crop-500","single_post_gallery_size":"crop-500"}],"trending_post_position":"meta","trending_post_label":"Trending","sponsored_post_label":"Sponsored by","disable_ad":"0","subtitle":"As datas de pagamento do 13\u00ba sal\u00e1rio do INSS foram confirmadas? Veja quem tem direito, os valores e como consultar!"},"jnews_primary_category":[],"jnews_social_meta":[],"jnews_override_counter":{"view_counter_number":"0","share_counter_number":"0","like_counter_number":"0","dislike_counter_number":"0"},"footnotes":""},"categories":[1691],"tags":[37421,37687,27135],"class_list":["post-141670","post","type-post","status-publish","format-standard","has-post-thumbnail","hentry","category-direitos-do-trabalhador","tag-13-salario-inss-2026","tag-descontos-13-salario-inss","tag-pagamento-13-salario-inss"],"yoast_head":"<!-- This site is optimized with the Yoast SEO Premium plugin v27.4 (Yoast SEO v27.4) - https:\/\/yoast.com\/product\/yoast-seo-premium-wordpress\/ -->\n<title>INSS: entenda a diferen\u00e7a entre a primeira e a segunda parcela do 13\u00ba sal\u00e1rio 2026 - Blog Pensar Cursos<\/title>\n<meta name=\"description\" content=\"Descubra como funciona o 13\u00ba sal\u00e1rio do INSS em 2026. Entenda primeira e segunda parcela, quem tem direito e como consultar. Confira e compartilhe!\" \/>\n<meta name=\"robots\" content=\"index, follow, max-snippet:-1, max-image-preview:large, max-video-preview:-1\" \/>\n<link rel=\"canonical\" href=\"https:\/\/www.pensarcursos.com.br\/blog\/inss-entenda-a-primeira-e-a-segunda-parcela-do-13o-salario-2026\/\" \/>\n<meta property=\"og:locale\" content=\"pt_BR\" \/>\n<meta property=\"og:type\" content=\"article\" \/>\n<meta property=\"og:title\" content=\"INSS: entenda a diferen\u00e7a entre a primeira e a segunda parcela do 13\u00ba sal\u00e1rio 2026\" \/>\n<meta property=\"og:description\" content=\"Descubra como funciona o 13\u00ba sal\u00e1rio do INSS em 2026. Entenda primeira e segunda parcela, quem tem direito e como consultar. Confira e compartilhe!\" \/>\n<meta property=\"og:url\" content=\"https:\/\/www.pensarcursos.com.br\/blog\/inss-entenda-a-primeira-e-a-segunda-parcela-do-13o-salario-2026\/\" \/>\n<meta property=\"og:site_name\" content=\"Blog Pensar Cursos\" \/>\n<meta property=\"article:publisher\" content=\"https:\/\/www.facebook.com\/pensarcursos\/\" \/>\n<meta property=\"article:author\" content=\"https:\/\/www.facebook.com\/profile.php?id=61550018262414\" \/>\n<meta property=\"article:published_time\" content=\"2026-01-24T12:29:22+00:00\" \/>\n<meta property=\"og:image\" content=\"https:\/\/www.pensarcursos.com.br\/blog\/wp-content\/uploads\/2026\/01\/Entenda-como-funciona-o-pagamento-do-13o-salario-do-INSS.webp\" \/>\n\t<meta property=\"og:image:width\" content=\"1200\" \/>\n\t<meta property=\"og:image:height\" content=\"800\" \/>\n\t<meta property=\"og:image:type\" content=\"image\/webp\" \/>\n<meta name=\"author\" content=\"Gorete Costa\" \/>\n<meta name=\"twitter:card\" content=\"summary_large_image\" \/>\n<meta name=\"twitter:label1\" content=\"Escrito por\" \/>\n\t<meta name=\"twitter:data1\" content=\"Gorete Costa\" \/>\n\t<meta name=\"twitter:label2\" content=\"Est. tempo de leitura\" \/>\n\t<meta name=\"twitter:data2\" content=\"5 minutos\" \/>\n<!-- \/ Yoast SEO Premium plugin. -->","yoast_head_json":{"title":"INSS: entenda a diferen\u00e7a entre a primeira e a segunda parcela do 13\u00ba sal\u00e1rio 2026 - Blog Pensar Cursos","description":"Descubra como funciona o 13\u00ba sal\u00e1rio do INSS em 2026. Entenda primeira e segunda parcela, quem tem direito e como consultar. Confira e compartilhe!","robots":{"index":"index","follow":"follow","max-snippet":"max-snippet:-1","max-image-preview":"max-image-preview:large","max-video-preview":"max-video-preview:-1"},"canonical":"https:\/\/www.pensarcursos.com.br\/blog\/inss-entenda-a-primeira-e-a-segunda-parcela-do-13o-salario-2026\/","og_locale":"pt_BR","og_type":"article","og_title":"INSS: entenda a diferen\u00e7a entre a primeira e a segunda parcela do 13\u00ba sal\u00e1rio 2026","og_description":"Descubra como funciona o 13\u00ba sal\u00e1rio do INSS em 2026. Entenda primeira e segunda parcela, quem tem direito e como consultar. Confira e compartilhe!","og_url":"https:\/\/www.pensarcursos.com.br\/blog\/inss-entenda-a-primeira-e-a-segunda-parcela-do-13o-salario-2026\/","og_site_name":"Blog Pensar Cursos","article_publisher":"https:\/\/www.facebook.com\/pensarcursos\/","article_author":"https:\/\/www.facebook.com\/profile.php?id=61550018262414","article_published_time":"2026-01-24T12:29:22+00:00","og_image":[{"width":1200,"height":800,"url":"https:\/\/www.pensarcursos.com.br\/blog\/wp-content\/uploads\/2026\/01\/Entenda-como-funciona-o-pagamento-do-13o-salario-do-INSS.webp","type":"image\/webp"}],"author":"Gorete Costa","twitter_card":"summary_large_image","twitter_misc":{"Escrito por":"Gorete Costa","Est. tempo de leitura":"5 minutos"},"schema":{"@context":"https:\/\/schema.org","@graph":[{"@type":["Article","BlogPosting"],"@id":"https:\/\/www.pensarcursos.com.br\/blog\/inss-entenda-a-primeira-e-a-segunda-parcela-do-13o-salario-2026\/#article","isPartOf":{"@id":"https:\/\/www.pensarcursos.com.br\/blog\/inss-entenda-a-primeira-e-a-segunda-parcela-do-13o-salario-2026\/"},"author":{"name":"Gorete Costa","@id":"https:\/\/www.pensarcursos.com.br\/blog\/#\/schema\/person\/e133b19d62595d6ab0c12f3e5436a7bb"},"headline":"INSS: entenda a diferen\u00e7a entre a primeira e a segunda parcela do 13\u00ba sal\u00e1rio 2026","datePublished":"2026-01-24T12:29:22+00:00","mainEntityOfPage":{"@id":"https:\/\/www.pensarcursos.com.br\/blog\/inss-entenda-a-primeira-e-a-segunda-parcela-do-13o-salario-2026\/"},"wordCount":764,"commentCount":0,"publisher":{"@id":"https:\/\/www.pensarcursos.com.br\/blog\/#organization"},"image":{"@id":"https:\/\/www.pensarcursos.com.br\/blog\/inss-entenda-a-primeira-e-a-segunda-parcela-do-13o-salario-2026\/#primaryimage"},"thumbnailUrl":"https:\/\/www.pensarcursos.com.br\/blog\/wp-content\/uploads\/2026\/01\/Entenda-como-funciona-o-pagamento-do-13o-salario-do-INSS.webp","keywords":["13 sal\u00e1rio inss 2026","descontos 13 sal\u00e1rio inss","pagamento 13 sal\u00e1rio inss"],"articleSection":["Direitos do Trabalhador"],"inLanguage":"pt-BR","potentialAction":[{"@type":"CommentAction","name":"Comment","target":["https:\/\/www.pensarcursos.com.br\/blog\/inss-entenda-a-primeira-e-a-segunda-parcela-do-13o-salario-2026\/#respond"]}],"copyrightYear":"2026","copyrightHolder":{"@id":"https:\/\/www.pensarcursos.com.br\/blog\/#organization"}},{"@type":"WebPage","@id":"https:\/\/www.pensarcursos.com.br\/blog\/inss-entenda-a-primeira-e-a-segunda-parcela-do-13o-salario-2026\/","url":"https:\/\/www.pensarcursos.com.br\/blog\/inss-entenda-a-primeira-e-a-segunda-parcela-do-13o-salario-2026\/","name":"INSS: entenda a diferen\u00e7a entre a primeira e a segunda parcela do 13\u00ba sal\u00e1rio 2026 - Blog Pensar Cursos","isPartOf":{"@id":"https:\/\/www.pensarcursos.com.br\/blog\/#website"},"primaryImageOfPage":{"@id":"https:\/\/www.pensarcursos.com.br\/blog\/inss-entenda-a-primeira-e-a-segunda-parcela-do-13o-salario-2026\/#primaryimage"},"image":{"@id":"https:\/\/www.pensarcursos.com.br\/blog\/inss-entenda-a-primeira-e-a-segunda-parcela-do-13o-salario-2026\/#primaryimage"},"thumbnailUrl":"https:\/\/www.pensarcursos.com.br\/blog\/wp-content\/uploads\/2026\/01\/Entenda-como-funciona-o-pagamento-do-13o-salario-do-INSS.webp","datePublished":"2026-01-24T12:29:22+00:00","description":"Descubra como funciona o 13\u00ba sal\u00e1rio do INSS em 2026. Entenda primeira e segunda parcela, quem tem direito e como consultar. Confira e compartilhe!","breadcrumb":{"@id":"https:\/\/www.pensarcursos.com.br\/blog\/inss-entenda-a-primeira-e-a-segunda-parcela-do-13o-salario-2026\/#breadcrumb"},"inLanguage":"pt-BR","potentialAction":[{"@type":"ReadAction","target":["https:\/\/www.pensarcursos.com.br\/blog\/inss-entenda-a-primeira-e-a-segunda-parcela-do-13o-salario-2026\/"]}]},{"@type":"ImageObject","inLanguage":"pt-BR","@id":"https:\/\/www.pensarcursos.com.br\/blog\/inss-entenda-a-primeira-e-a-segunda-parcela-do-13o-salario-2026\/#primaryimage","url":"https:\/\/www.pensarcursos.com.br\/blog\/wp-content\/uploads\/2026\/01\/Entenda-como-funciona-o-pagamento-do-13o-salario-do-INSS.webp","contentUrl":"https:\/\/www.pensarcursos.com.br\/blog\/wp-content\/uploads\/2026\/01\/Entenda-como-funciona-o-pagamento-do-13o-salario-do-INSS.webp","width":1200,"height":800,"caption":"INSS: primeira parcela do 13\u00ba n\u00e3o tem descontos; entenda as diferen\u00e7as. Imagem: Pensar Cursos"},{"@type":"BreadcrumbList","@id":"https:\/\/www.pensarcursos.com.br\/blog\/inss-entenda-a-primeira-e-a-segunda-parcela-do-13o-salario-2026\/#breadcrumb","itemListElement":[{"@type":"ListItem","position":1,"name":"Home","item":"https:\/\/www.pensarcursos.com.br\/blog\/"},{"@type":"ListItem","position":2,"name":"INSS: entenda a diferen\u00e7a entre a primeira e a segunda parcela do 13\u00ba sal\u00e1rio 2026"}]},{"@type":"WebSite","@id":"https:\/\/www.pensarcursos.com.br\/blog\/#website","url":"https:\/\/www.pensarcursos.com.br\/blog\/","name":"Blog Pensar Cursos","description":"Maior Site de Cursos do Brasil","publisher":{"@id":"https:\/\/www.pensarcursos.com.br\/blog\/#organization"},"alternateName":"Blog Pensar","potentialAction":[{"@type":"SearchAction","target":{"@type":"EntryPoint","urlTemplate":"https:\/\/www.pensarcursos.com.br\/blog\/?s={search_term_string}"},"query-input":{"@type":"PropertyValueSpecification","valueRequired":true,"valueName":"search_term_string"}}],"inLanguage":"pt-BR"},{"@type":"Organization","@id":"https:\/\/www.pensarcursos.com.br\/blog\/#organization","name":"Pensar Cursos","alternateName":"Blog pensar","url":"https:\/\/www.pensarcursos.com.br\/blog\/","logo":{"@type":"ImageObject","inLanguage":"pt-BR","@id":"https:\/\/www.pensarcursos.com.br\/blog\/#\/schema\/logo\/image\/","url":"https:\/\/www.pensarcursos.com.br\/blog\/wp-content\/uploads\/2023\/11\/Nova-Logo-Pensar-Cursos-vertical.png","contentUrl":"https:\/\/www.pensarcursos.com.br\/blog\/wp-content\/uploads\/2023\/11\/Nova-Logo-Pensar-Cursos-vertical.png","width":1393,"height":1001,"caption":"Pensar Cursos"},"image":{"@id":"https:\/\/www.pensarcursos.com.br\/blog\/#\/schema\/logo\/image\/"},"sameAs":["https:\/\/www.facebook.com\/pensarcursos\/","https:\/\/instagram.com.br\/pensarcursos"],"description":"Pensar Cursos \u00e9 uma empresa especializada em oferecer cursos de alta qualidade voltados para o desenvolvimento profissional e acad\u00eamico. Com uma ampla gama de op\u00e7\u00f5es de treinamento, oferecemos conte\u00fados atualizados, ministrados por especialistas da \u00e1rea, para capacitar indiv\u00edduos e equipes a atingirem seus objetivos. Nossa miss\u00e3o \u00e9 proporcionar uma educa\u00e7\u00e3o transformadora, acess\u00edvel e personalizada para cada aluno, seja em cursos presenciais ou online. Com uma abordagem inovadora, buscamos adaptar os nossos programas de ensino \u00e0s necessidades do mercado, criando solu\u00e7\u00f5es que atendem aos desafios e exig\u00eancias do mundo corporativo e acad\u00eamico. Nossos cursos incluem desde forma\u00e7\u00f5es t\u00e9cnicas at\u00e9 habilidades essenciais, como lideran\u00e7a, gest\u00e3o e desenvolvimento pessoal.","email":"contato@pensarcursos.com.br","legalName":"Sena Servi\u00e7os de Informa\u00e7\u00e3o Online LTDA","foundingDate":"2013-04-18","vatID":"17956217000172","numberOfEmployees":{"@type":"QuantitativeValue","minValue":"11","maxValue":"50"},"publishingPrinciples":"https:\/\/www.pensarcursos.com.br\/blog\/principios-de-publicacao\/","ownershipFundingInfo":"https:\/\/www.pensarcursos.com.br\/blog\/informacoes-de-propriedade-financiamento\/","actionableFeedbackPolicy":"https:\/\/www.pensarcursos.com.br\/blog\/politica-de-feedback-acionavel\/","correctionsPolicy":"https:\/\/www.pensarcursos.com.br\/blog\/politica-de-correcoes\/","ethicsPolicy":"https:\/\/www.pensarcursos.com.br\/blog\/politica-de-etica\/"},{"@type":"Person","@id":"https:\/\/www.pensarcursos.com.br\/blog\/#\/schema\/person\/e133b19d62595d6ab0c12f3e5436a7bb","name":"Gorete Costa","image":{"@type":"ImageObject","inLanguage":"pt-BR","@id":"https:\/\/secure.gravatar.com\/avatar\/8cb99f142e1cb1312d8c202378c20dc4f7210145acc22805481f4a3f47ce9b6f?s=96&d=mm&r=g","url":"https:\/\/secure.gravatar.com\/avatar\/8cb99f142e1cb1312d8c202378c20dc4f7210145acc22805481f4a3f47ce9b6f?s=96&d=mm&r=g","contentUrl":"https:\/\/secure.gravatar.com\/avatar\/8cb99f142e1cb1312d8c202378c20dc4f7210145acc22805481f4a3f47ce9b6f?s=96&d=mm&r=g","caption":"Gorete Costa"},"description":"Graduada em Servi\u00e7o Social pela Universidade do Norte do Paran\u00e1 (Unopar), Gorete Costa \u00e9 especialista em comunica\u00e7\u00e3o, atuando como radialista em programas jornal\u00edsticos e de entretenimento, al\u00e9m de produ\u00e7\u00e3o e revis\u00e3o de textos informativos para sites e blogs.","sameAs":["https:\/\/www.facebook.com\/profile.php?id=61550018262414"],"url":"https:\/\/www.pensarcursos.com.br\/blog\/author\/gorete\/"}]}},"_links":{"self":[{"href":"https:\/\/www.pensarcursos.com.br\/blog\/wp-json\/wp\/v2\/posts\/141670","targetHints":{"allow":["GET"]}}],"collection":[{"href":"https:\/\/www.pensarcursos.com.br\/blog\/wp-json\/wp\/v2\/posts"}],"about":[{"href":"https:\/\/www.pensarcursos.com.br\/blog\/wp-json\/wp\/v2\/types\/post"}],"author":[{"embeddable":true,"href":"https:\/\/www.pensarcursos.com.br\/blog\/wp-json\/wp\/v2\/users\/17"}],"replies":[{"embeddable":true,"href":"https:\/\/www.pensarcursos.com.br\/blog\/wp-json\/wp\/v2\/comments?post=141670"}],"version-history":[{"count":0,"href":"https:\/\/www.pensarcursos.com.br\/blog\/wp-json\/wp\/v2\/posts\/141670\/revisions"}],"wp:featuredmedia":[{"embeddable":true,"href":"https:\/\/www.pensarcursos.com.br\/blog\/wp-json\/wp\/v2\/media\/141674"}],"wp:attachment":[{"href":"https:\/\/www.pensarcursos.com.br\/blog\/wp-json\/wp\/v2\/media?parent=141670"}],"wp:term":[{"taxonomy":"category","embeddable":true,"href":"https:\/\/www.pensarcursos.com.br\/blog\/wp-json\/wp\/v2\/categories?post=141670"},{"taxonomy":"post_tag","embeddable":true,"href":"https:\/\/www.pensarcursos.com.br\/blog\/wp-json\/wp\/v2\/tags?post=141670"}],"curies":[{"name":"wp","href":"https:\/\/api.w.org\/{rel}","templated":true}]}}