{"id":141667,"date":"2026-01-24T20:39:16","date_gmt":"2026-01-24T23:39:16","guid":{"rendered":"https:\/\/www.pensarcursos.com.br\/blog\/?p=141667"},"modified":"2026-01-23T17:30:44","modified_gmt":"2026-01-23T20:30:44","slug":"saiu-edital-concurso-camara-municipal-abriu-inscricoes-salarios-de-ate-r-44-mil","status":"publish","type":"post","link":"https:\/\/www.pensarcursos.com.br\/blog\/saiu-edital-concurso-camara-municipal-abriu-inscricoes-salarios-de-ate-r-44-mil\/","title":{"rendered":"SAIU EDITAL! Concurso C\u00e2mara Municipal abriu inscri\u00e7\u00f5es &#8211; Sal\u00e1rios de at\u00e9 R$ 4,4 mil"},"content":{"rendered":"<p>Aten\u00e7\u00e3o! Se voc\u00ea quer uma vaga no servi\u00e7o p\u00fablico em 2026 surgiu uma nova oportunidade! Foi publicado o edital do <a href=\"https:\/\/www.pensarcursos.com.br\/blog\/saiu-edital-novo-concurso-abre-vagas-para-veterinario-nutricionista-assistente-social-e-outros-cargos-salarios-de-ate-r-72-mil\/\">concurso<\/a> da <strong>C\u00e2mara Municipal<\/strong>, oferecendo vagas para os <strong>n\u00edveis m\u00e9dio e superior<\/strong>. As remunera\u00e7\u00f5es iniciais variam, chegando a<strong> R$ 4.491,20<\/strong>, al\u00e9m de benef\u00edcios.<\/p>\n<p>O certame visa o preenchimento de vagas imediatas e a forma\u00e7\u00e3o de cadastro de reserva em diversas \u00e1reas de atua\u00e7\u00e3o. As inscri\u00e7\u00f5es j\u00e1 est\u00e3o abertas e seguem at\u00e9 fevereiro. Saiba mais detalhes abaixo!<\/p>\n<h2>Detalhes sobre o concurso C\u00e2mara<\/h2>\n<p>A organiza\u00e7\u00e3o e execu\u00e7\u00e3o do certame est\u00e3o sob a responsabilidade da CONSESP \u2013 Concursos, Resid\u00eancias M\u00e9dicas, Avalia\u00e7\u00f5es e Pesquisas Ltda. O edital prev\u00ea o preenchimento de vagas imediatas e tamb\u00e9m a forma\u00e7\u00e3o de cadastro de reserva (CR) para nomea\u00e7\u00f5es futuras, conforme a necessidade do \u00f3rg\u00e3o e a validade do concurso.<\/p>\n<h2>Cargos e vagas<\/h2>\n<p>O <a href=\"https:\/\/www.pensarcursos.com.br\/blog\/saiu-edital-concurso-com-1-400-vagas-e-salarios-de-ate-r-99-mil-abriu-inscricoes\/\">concurso<\/a> oferece vagas para cargos de n\u00edvel m\u00e9dio e superior, distribu\u00eddas da seguinte forma:<\/p>\n<h3>N\u00edvel superior<\/h3>\n<ul>\n<li><strong>Analista de Seguran\u00e7a e Tecnologia da Informa\u00e7\u00e3o:<\/strong>\u00a001 vaga<\/li>\n<li><strong>Auxiliar de Diretoria:<\/strong>\u00a0Cadastro Reserva (CR)<\/li>\n<li><strong>Contador:<\/strong>\u00a0Cadastro Reserva (CR)<\/li>\n<li><strong>Controlador Interno:<\/strong>\u00a001 vaga<\/li>\n<li><strong>Procurador Legislativo:<\/strong>\u00a0Cadastro Reserva (CR)<\/li>\n<\/ul>\n<h3>N\u00edvel m\u00e9dio<\/h3>\n<ul>\n<li><strong>Agente de Transporte e Apoio:<\/strong>\u00a0Cadastro Reserva (CR)<\/li>\n<\/ul>\n<h2>Remunera\u00e7\u00e3o, benef\u00edcios e carga hor\u00e1ria do concurso<\/h2>\n<p>O menor vencimento \u00e9 de R$ 2.170,36 para o cargo de n\u00edvel m\u00e9dio, e o maior atinge R$ 4.491,20 para cargos de n\u00edvel superior. As cargas hor\u00e1rias de trabalho semanais s\u00e3o de 20 ou 30 horas, a depender da fun\u00e7\u00e3o. Adicionalmente, todos os cargos t\u00eam direito a Aux\u00edlio Alimenta\u00e7\u00e3o no valor de R$ 877,40 e Aux\u00edlio Refei\u00e7\u00e3o de R$ 550,00.<\/p>\n<h2>Requisitos para participar do concurso<\/h2>\n<p>Para concorrer a uma das vagas, os candidatos devem atender a requisitos gerais e espec\u00edficos para cada cargo.<\/p>\n<h3>Requisitos gerais<\/h3>\n<p>Entre as exig\u00eancias comuns a todos os cargos, est\u00e3o:<\/p>\n<ul>\n<li>Ser brasileiro nato ou naturalizado.<\/li>\n<li>Ter idade m\u00ednima de 18 anos na data da posse.<\/li>\n<li>Estar em dia com as obriga\u00e7\u00f5es eleitorais e militares (para candidatos do sexo masculino).<\/li>\n<li>Gozar de boa sa\u00fade f\u00edsica e mental.<\/li>\n<li>N\u00e3o possuir condena\u00e7\u00e3o criminal transitada em julgado que impe\u00e7a o exerc\u00edcio do cargo.<\/li>\n<\/ul>\n<h3>Requisitos espec\u00edficos por cargo<\/h3>\n<ul>\n<li><strong>Agente de Transporte e Apoio:<\/strong>\u00a0Ensino M\u00e9dio completo e Carteira Nacional de Habilita\u00e7\u00e3o (CNH) na categoria &#8220;B&#8221;.<\/li>\n<li><strong>Analista de Seguran\u00e7a e TI:<\/strong>\u00a0Gradua\u00e7\u00e3o em Ci\u00eancia da Computa\u00e7\u00e3o, Engenharia da Computa\u00e7\u00e3o, An\u00e1lise e Desenvolvimento de Sistemas ou Sistemas de Informa\u00e7\u00e3o.<\/li>\n<li><strong>Auxiliar de Diretoria:<\/strong> Ensino Superior completo.<\/li>\n<li><strong>Contador:<\/strong>\u00a0Ensino Superior em Contabilidade com registro no conselho regional competente.<\/li>\n<li><strong>Controlador Interno:<\/strong>\u00a0Gradua\u00e7\u00e3o em Administra\u00e7\u00e3o, Ci\u00eancias Cont\u00e1beis, Direito, Economia ou Gest\u00e3o, com experi\u00eancia m\u00ednima de 2 anos em \u00f3rg\u00e3os p\u00fablicos.<\/li>\n<li><strong>Procurador Legislativo:<\/strong>\u00a0Ensino Superior em Direito, com registro na OAB e experi\u00eancia m\u00ednima de 2 anos de atividade jur\u00eddica.<\/li>\n<\/ul>\n<figure id=\"attachment_141675\" aria-describedby=\"caption-attachment-141675\" style=\"width: 1200px\" class=\"wp-caption aligncenter\"><img decoding=\"async\" class=\"wp-image-141675 size-full\" src=\"https:\/\/www.pensarcursos.com.br\/blog\/wp-content\/uploads\/2026\/01\/Concurso-Camera-Sao-Miguel-Arcanjo.webp\" alt=\"Pr\u00e9dio da C\u00e2mara Municipal com a inscri\u00e7\u00e3o 'CONCURSO C\u00c2MARA MUNICIPAL' em destaque, para o concurso de S\u00e3o Miguel Arcanjo, SP.\" width=\"1200\" height=\"800\" srcset=\"https:\/\/www.pensarcursos.com.br\/blog\/wp-content\/uploads\/2026\/01\/Concurso-Camera-Sao-Miguel-Arcanjo.webp 1200w, https:\/\/www.pensarcursos.com.br\/blog\/wp-content\/uploads\/2026\/01\/Concurso-Camera-Sao-Miguel-Arcanjo-300x200.webp 300w, https:\/\/www.pensarcursos.com.br\/blog\/wp-content\/uploads\/2026\/01\/Concurso-Camera-Sao-Miguel-Arcanjo-1024x683.webp 1024w, https:\/\/www.pensarcursos.com.br\/blog\/wp-content\/uploads\/2026\/01\/Concurso-Camera-Sao-Miguel-Arcanjo-768x512.webp 768w, https:\/\/www.pensarcursos.com.br\/blog\/wp-content\/uploads\/2026\/01\/Concurso-Camera-Sao-Miguel-Arcanjo-750x500.webp 750w, https:\/\/www.pensarcursos.com.br\/blog\/wp-content\/uploads\/2026\/01\/Concurso-Camera-Sao-Miguel-Arcanjo-1140x760.webp 1140w\" sizes=\"(max-width: 1200px) 100vw, 1200px\" \/><figcaption id=\"caption-attachment-141675\" class=\"wp-caption-text\">Inscri\u00e7\u00f5es abertas para o concurso da C\u00e2mara Municipal de S\u00e3o Miguel Arcanjo, SP. Participe at\u00e9 13 de fevereiro de 2026! Imagem: Pensar Cursos<\/figcaption><\/figure>\n<h2>Inscri\u00e7\u00f5es do concurso<\/h2>\n<p>As inscri\u00e7\u00f5es para o concurso da C\u00e2mara Municipal de <a href=\"http:\/\/www.saomiguelarcanjo.sp.gov.br\/\" target=\"_blank\" rel=\"noopener\">S\u00e3o Miguel Arcanjo<\/a>, em S\u00e3o Paulo, j\u00e1 est\u00e3o abertas e devem ser realizadas exclusivamente pela internet, atrav\u00e9s do site da banca organizadora<a href=\"https:\/\/sis.consesp.com.br\/site\/index.php?pg=concursos\/info&amp;codigo=4816\" target=\"_blank\" rel=\"noopener\"> CONSESP<\/a> at\u00e9 o dia<strong>\u00a013 de fevereiro de 2026<\/strong>.<\/p>\n<h2>Processo seletivo do concurso &#8211; Etapas<\/h2>\n<p>O processo de sele\u00e7\u00e3o dos candidatos ser\u00e1 realizado por meio de diferentes etapas, com car\u00e1ter eliminat\u00f3rio e classificat\u00f3rio.<\/p>\n<ul>\n<li><strong>Prova Objetiva:<\/strong>\u00a0Aplicada para todos os cargos, com quest\u00f5es de conhecimentos b\u00e1sicos e espec\u00edficos.<\/li>\n<li><strong>Prova Dissertativa:<\/strong>\u00a0Para os cargos de Analista de Seguran\u00e7a e TI, Auxiliar de Diretoria, Contador e Controlador Interno.<\/li>\n<li><strong>Parecer Jur\u00eddico:<\/strong>\u00a0Etapa espec\u00edfica para o cargo de Procurador Legislativo.<\/li>\n<li><strong>Prova Pr\u00e1tica:<\/strong> Exclusiva para os candidatos ao cargo de Agente de Transporte e Apoio, para avaliar as habilidades de dire\u00e7\u00e3o veicular<\/li>\n<\/ul>\n<h2>Validade do concurso<\/h2>\n<p>O concurso p\u00fablico ter\u00e1 validade de 2 anos, a contar da data de sua homologa\u00e7\u00e3o final. Este prazo poder\u00e1 ser prorrogado uma \u00fanica vez, por igual per\u00edodo, a crit\u00e9rio da administra\u00e7\u00e3o da C\u00e2mara Municipal de S\u00e3o Miguel Arcanjo.<\/p>\n<h2>Resumo do concurso da da C\u00e2mara de S\u00e3o Miguel Arcanjo- SP<\/h2>\n<table>\n<tbody>\n<tr>\n<th>Status<\/th>\n<td>Inscri\u00e7\u00f5es abertas<\/td>\n<\/tr>\n<tr>\n<th>Banca Organizadora<\/th>\n<td>CONSESP<\/td>\n<\/tr>\n<tr>\n<th>Cargos<\/th>\n<td>Analista de Seguran\u00e7a e TI, Auxiliar de Diretoria, Contador, Controlador Interno, Procurador Legislativo, Agente de Transporte e Apoio<\/td>\n<\/tr>\n<tr>\n<th>N\u00edvel de Escolaridade<\/th>\n<td>M\u00e9dio e Superior<\/td>\n<\/tr>\n<tr>\n<th>Vagas<\/th>\n<td>02 + Cadastro Reserva (CR)<\/td>\n<\/tr>\n<tr>\n<th>Remunera\u00e7\u00e3o Inicial<\/th>\n<td>De R$ 2.170,36 a R$ 4.491,20<\/td>\n<\/tr>\n<tr>\n<th>Carga Hor\u00e1ria<\/th>\n<td>20 a 30 horas semanais<\/td>\n<\/tr>\n<tr>\n<th>Per\u00edodo de Inscri\u00e7\u00e3o<\/th>\n<td>13\/01\/2026 a 13\/02\/2026<\/td>\n<\/tr>\n<tr>\n<th>Taxa de Inscri\u00e7\u00e3o<\/th>\n<td>Isenta<\/td>\n<\/tr>\n<tr>\n<th>Data da Prova Objetiva<\/th>\n<td>15\/03\/2026<\/td>\n<\/tr>\n<tr>\n<th>Edital<\/th>\n<td><a href=\"https:\/\/www.pensarcursos.com.br\/blog\/wp-content\/uploads\/2026\/01\/Camara-de-Sao-Miguel-Arcanjo-SP.pdf\" target=\"_blank\" rel=\"noopener\">Concurso C\u00e2mara de S\u00e3o Miguel Arcanjo- SP<\/a><\/td>\n<\/tr>\n<\/tbody>\n<\/table>\n<p>N\u00e3o deixe de acompanhar o portal do <a href=\"https:\/\/www.pensarcursos.com.br\/blog\" target=\"_blank\" rel=\"noopener\">Pensar Cursos<\/a> para ficar por dentro de todos os <a href=\"https:\/\/www.pensarcursos.com.br\/blog\/concursos\/?utm_source=organicjLj694accceb291312ea5beb6c2&amp;utm_campaign=&amp;utm_medium=&amp;utm_content=&amp;utm_term=\" target=\"_blank\" rel=\"noopener\">concursos p\u00fablicos<\/a> dispon\u00edveis pelo Brasil.<\/p>\n<p>Veja tamb\u00e9m:<\/p>\n<div class=\"jeg_video_container jeg_video_content\"><iframe title=\"Como come\u00e7ar a estudar pra concurso de n\u00edvel m\u00e9dio em 2026? Guia completo do zero\" width=\"500\" height=\"281\" src=\"https:\/\/www.youtube.com\/embed\/f5E3hwXslF0?feature=oembed\" frameborder=\"0\" allow=\"accelerometer; autoplay; clipboard-write; encrypted-media; gyroscope; picture-in-picture; web-share\" referrerpolicy=\"strict-origin-when-cross-origin\" allowfullscreen><\/iframe><\/div>\n","protected":false},"excerpt":{"rendered":"<p>Aten\u00e7\u00e3o! Se voc\u00ea quer uma vaga no servi\u00e7o p\u00fablico em 2026 surgiu uma nova oportunidade! Foi publicado o edital do concurso da C\u00e2mara Municipal, oferecendo vagas para os n\u00edveis m\u00e9dio e superior. As remunera\u00e7\u00f5es iniciais variam, chegando a R$ 4.491,20, al\u00e9m de benef\u00edcios. O certame visa o preenchimento de vagas imediatas e a forma\u00e7\u00e3o de [&hellip;]<\/p>\n","protected":false},"author":54,"featured_media":141669,"comment_status":"open","ping_status":"closed","sticky":false,"template":"","format":"standard","meta":{"jnews-multi-image_gallery":[],"jnews_single_post":{"subtitle":"Inscri\u00e7\u00f5es abertas at\u00e9 fevereiro! Saiba como participar","format":"standard","override":[{"template":"1","parallax":"1","fullscreen":"1","layout":"right-sidebar","sidebar":"default-sidebar","second_sidebar":"default-sidebar","sticky_sidebar":"1","share_position":"topbottom","share_float_style":"share-monocrhome","show_featured":"1","show_post_meta":"1","show_post_author":"1","show_post_author_image":"1","show_post_date":"1","post_date_format":"default","post_date_format_custom":"Y\/m\/d","show_post_category":"1","post_reading_time_wpm":"300","post_calculate_word_method":"str_word_count","show_zoom_button":"0","zoom_button_out_step":"2","zoom_button_in_step":"3","show_post_tag":"1","show_prev_next_post":"1","show_popup_post":"1","show_comment_section":"1","number_popup_post":"2","show_author_box":"1","show_post_related":"1","show_inline_post_related":"1"}],"image_override":[{"single_post_thumbnail_size":"crop-500","single_post_gallery_size":"crop-500"}],"trending_post_position":"meta","trending_post_label":"Trending","sponsored_post_label":"Sponsored by","disable_ad":"0"},"jnews_primary_category":[],"jnews_social_meta":[],"jnews_override_counter":{"view_counter_number":"0","share_counter_number":"0","like_counter_number":"0","dislike_counter_number":"0"},"footnotes":""},"categories":[29],"tags":[37686,18610,35891],"class_list":["post-141667","post","type-post","status-publish","format-standard","has-post-thumbnail","hentry","category-concursos","tag-concurso-camara-de-sao-miguel-arcanjo","tag-concurso-camara-municipal","tag-concursos-2026"],"yoast_head":"<!-- This site is optimized with the Yoast SEO Premium plugin v27.4 (Yoast SEO v27.4) - https:\/\/yoast.com\/product\/yoast-seo-premium-wordpress\/ -->\n<title>SAIU EDITAL! Concurso C\u00e2mara Municipal abriu inscri\u00e7\u00f5es - Sal\u00e1rios de at\u00e9 R$ 4,4 mil - Blog Pensar Cursos<\/title>\n<meta name=\"description\" content=\"Inscri\u00e7\u00f5es abertas para o concurso da C\u00e2mara Municipal de S\u00e3o Miguel Arcanjo! Vagas de n\u00edvel m\u00e9dio e superior com sal\u00e1rios de at\u00e9 R$ 4,4 mil.\" \/>\n<meta name=\"robots\" content=\"index, follow, max-snippet:-1, max-image-preview:large, max-video-preview:-1\" \/>\n<link rel=\"canonical\" href=\"https:\/\/www.pensarcursos.com.br\/blog\/saiu-edital-concurso-camara-municipal-abriu-inscricoes-salarios-de-ate-r-44-mil\/\" \/>\n<meta property=\"og:locale\" content=\"pt_BR\" \/>\n<meta property=\"og:type\" content=\"article\" \/>\n<meta property=\"og:title\" content=\"SAIU EDITAL! Concurso C\u00e2mara Municipal abriu inscri\u00e7\u00f5es - Sal\u00e1rios de at\u00e9 R$ 4,4 mil\" \/>\n<meta property=\"og:description\" content=\"Inscri\u00e7\u00f5es abertas para o concurso da C\u00e2mara Municipal de S\u00e3o Miguel Arcanjo! Vagas de n\u00edvel m\u00e9dio e superior com sal\u00e1rios de at\u00e9 R$ 4,4 mil.\" \/>\n<meta property=\"og:url\" content=\"https:\/\/www.pensarcursos.com.br\/blog\/saiu-edital-concurso-camara-municipal-abriu-inscricoes-salarios-de-ate-r-44-mil\/\" \/>\n<meta property=\"og:site_name\" content=\"Blog Pensar Cursos\" \/>\n<meta property=\"article:publisher\" content=\"https:\/\/www.facebook.com\/pensarcursos\/\" \/>\n<meta property=\"article:published_time\" content=\"2026-01-24T23:39:16+00:00\" \/>\n<meta property=\"og:image\" content=\"https:\/\/www.pensarcursos.com.br\/blog\/wp-content\/uploads\/2026\/01\/Concurso-Camera-de-Sao-Miguel-Arcanjo-SP.webp\" \/>\n\t<meta property=\"og:image:width\" content=\"1200\" \/>\n\t<meta property=\"og:image:height\" content=\"800\" \/>\n\t<meta property=\"og:image:type\" content=\"image\/webp\" \/>\n<meta name=\"author\" content=\"Quezia Andrade\" \/>\n<meta name=\"twitter:card\" content=\"summary_large_image\" \/>\n<meta name=\"twitter:label1\" content=\"Escrito por\" \/>\n\t<meta name=\"twitter:data1\" content=\"Quezia Andrade\" \/>\n\t<meta name=\"twitter:label2\" content=\"Est. tempo de leitura\" \/>\n\t<meta name=\"twitter:data2\" content=\"5 minutos\" \/>\n<!-- \/ Yoast SEO Premium plugin. -->","yoast_head_json":{"title":"SAIU EDITAL! Concurso C\u00e2mara Municipal abriu inscri\u00e7\u00f5es - Sal\u00e1rios de at\u00e9 R$ 4,4 mil - Blog Pensar Cursos","description":"Inscri\u00e7\u00f5es abertas para o concurso da C\u00e2mara Municipal de S\u00e3o Miguel Arcanjo! Vagas de n\u00edvel m\u00e9dio e superior com sal\u00e1rios de at\u00e9 R$ 4,4 mil.","robots":{"index":"index","follow":"follow","max-snippet":"max-snippet:-1","max-image-preview":"max-image-preview:large","max-video-preview":"max-video-preview:-1"},"canonical":"https:\/\/www.pensarcursos.com.br\/blog\/saiu-edital-concurso-camara-municipal-abriu-inscricoes-salarios-de-ate-r-44-mil\/","og_locale":"pt_BR","og_type":"article","og_title":"SAIU EDITAL! Concurso C\u00e2mara Municipal abriu inscri\u00e7\u00f5es - Sal\u00e1rios de at\u00e9 R$ 4,4 mil","og_description":"Inscri\u00e7\u00f5es abertas para o concurso da C\u00e2mara Municipal de S\u00e3o Miguel Arcanjo! Vagas de n\u00edvel m\u00e9dio e superior com sal\u00e1rios de at\u00e9 R$ 4,4 mil.","og_url":"https:\/\/www.pensarcursos.com.br\/blog\/saiu-edital-concurso-camara-municipal-abriu-inscricoes-salarios-de-ate-r-44-mil\/","og_site_name":"Blog Pensar Cursos","article_publisher":"https:\/\/www.facebook.com\/pensarcursos\/","article_published_time":"2026-01-24T23:39:16+00:00","og_image":[{"width":1200,"height":800,"url":"https:\/\/www.pensarcursos.com.br\/blog\/wp-content\/uploads\/2026\/01\/Concurso-Camera-de-Sao-Miguel-Arcanjo-SP.webp","type":"image\/webp"}],"author":"Quezia Andrade","twitter_card":"summary_large_image","twitter_misc":{"Escrito por":"Quezia Andrade","Est. tempo de leitura":"5 minutos"},"schema":{"@context":"https:\/\/schema.org","@graph":[{"@type":["Article","BlogPosting"],"@id":"https:\/\/www.pensarcursos.com.br\/blog\/saiu-edital-concurso-camara-municipal-abriu-inscricoes-salarios-de-ate-r-44-mil\/#article","isPartOf":{"@id":"https:\/\/www.pensarcursos.com.br\/blog\/saiu-edital-concurso-camara-municipal-abriu-inscricoes-salarios-de-ate-r-44-mil\/"},"author":{"name":"Quezia Andrade","@id":"https:\/\/www.pensarcursos.com.br\/blog\/#\/schema\/person\/28714c166fa847c28e0ba3e4d47c1033"},"headline":"SAIU EDITAL! Concurso C\u00e2mara Municipal abriu inscri\u00e7\u00f5es &#8211; Sal\u00e1rios de at\u00e9 R$ 4,4 mil","datePublished":"2026-01-24T23:39:16+00:00","mainEntityOfPage":{"@id":"https:\/\/www.pensarcursos.com.br\/blog\/saiu-edital-concurso-camara-municipal-abriu-inscricoes-salarios-de-ate-r-44-mil\/"},"wordCount":870,"commentCount":0,"publisher":{"@id":"https:\/\/www.pensarcursos.com.br\/blog\/#organization"},"image":{"@id":"https:\/\/www.pensarcursos.com.br\/blog\/saiu-edital-concurso-camara-municipal-abriu-inscricoes-salarios-de-ate-r-44-mil\/#primaryimage"},"thumbnailUrl":"https:\/\/www.pensarcursos.com.br\/blog\/wp-content\/uploads\/2026\/01\/Concurso-Camera-de-Sao-Miguel-Arcanjo-SP.webp","keywords":["concurso c\u00e2mara de s\u00e3o miguel arcanjo","concurso c\u00e2mara municipal","concursos 2026"],"articleSection":["Concursos P\u00fablicos"],"inLanguage":"pt-BR","potentialAction":[{"@type":"CommentAction","name":"Comment","target":["https:\/\/www.pensarcursos.com.br\/blog\/saiu-edital-concurso-camara-municipal-abriu-inscricoes-salarios-de-ate-r-44-mil\/#respond"]}],"copyrightYear":"2026","copyrightHolder":{"@id":"https:\/\/www.pensarcursos.com.br\/blog\/#organization"}},{"@type":"WebPage","@id":"https:\/\/www.pensarcursos.com.br\/blog\/saiu-edital-concurso-camara-municipal-abriu-inscricoes-salarios-de-ate-r-44-mil\/","url":"https:\/\/www.pensarcursos.com.br\/blog\/saiu-edital-concurso-camara-municipal-abriu-inscricoes-salarios-de-ate-r-44-mil\/","name":"SAIU EDITAL! Concurso C\u00e2mara Municipal abriu inscri\u00e7\u00f5es - Sal\u00e1rios de at\u00e9 R$ 4,4 mil - Blog Pensar Cursos","isPartOf":{"@id":"https:\/\/www.pensarcursos.com.br\/blog\/#website"},"primaryImageOfPage":{"@id":"https:\/\/www.pensarcursos.com.br\/blog\/saiu-edital-concurso-camara-municipal-abriu-inscricoes-salarios-de-ate-r-44-mil\/#primaryimage"},"image":{"@id":"https:\/\/www.pensarcursos.com.br\/blog\/saiu-edital-concurso-camara-municipal-abriu-inscricoes-salarios-de-ate-r-44-mil\/#primaryimage"},"thumbnailUrl":"https:\/\/www.pensarcursos.com.br\/blog\/wp-content\/uploads\/2026\/01\/Concurso-Camera-de-Sao-Miguel-Arcanjo-SP.webp","datePublished":"2026-01-24T23:39:16+00:00","description":"Inscri\u00e7\u00f5es abertas para o concurso da C\u00e2mara Municipal de S\u00e3o Miguel Arcanjo! Vagas de n\u00edvel m\u00e9dio e superior com sal\u00e1rios de at\u00e9 R$ 4,4 mil.","breadcrumb":{"@id":"https:\/\/www.pensarcursos.com.br\/blog\/saiu-edital-concurso-camara-municipal-abriu-inscricoes-salarios-de-ate-r-44-mil\/#breadcrumb"},"inLanguage":"pt-BR","potentialAction":[{"@type":"ReadAction","target":["https:\/\/www.pensarcursos.com.br\/blog\/saiu-edital-concurso-camara-municipal-abriu-inscricoes-salarios-de-ate-r-44-mil\/"]}]},{"@type":"ImageObject","inLanguage":"pt-BR","@id":"https:\/\/www.pensarcursos.com.br\/blog\/saiu-edital-concurso-camara-municipal-abriu-inscricoes-salarios-de-ate-r-44-mil\/#primaryimage","url":"https:\/\/www.pensarcursos.com.br\/blog\/wp-content\/uploads\/2026\/01\/Concurso-Camera-de-Sao-Miguel-Arcanjo-SP.webp","contentUrl":"https:\/\/www.pensarcursos.com.br\/blog\/wp-content\/uploads\/2026\/01\/Concurso-Camera-de-Sao-Miguel-Arcanjo-SP.webp","width":1200,"height":800,"caption":"O concurso da C\u00e2mara Municipal est\u00e1 com as inscri\u00e7\u00f5es abertas com sal\u00e1rios de at\u00e9 R$ 4,4 mil. N\u00e3o perca a chance de participar! Imagem: Pensar Cursos"},{"@type":"BreadcrumbList","@id":"https:\/\/www.pensarcursos.com.br\/blog\/saiu-edital-concurso-camara-municipal-abriu-inscricoes-salarios-de-ate-r-44-mil\/#breadcrumb","itemListElement":[{"@type":"ListItem","position":1,"name":"Home","item":"https:\/\/www.pensarcursos.com.br\/blog\/"},{"@type":"ListItem","position":2,"name":"SAIU EDITAL! Concurso C\u00e2mara Municipal abriu inscri\u00e7\u00f5es &#8211; Sal\u00e1rios de at\u00e9 R$ 4,4 mil"}]},{"@type":"WebSite","@id":"https:\/\/www.pensarcursos.com.br\/blog\/#website","url":"https:\/\/www.pensarcursos.com.br\/blog\/","name":"Blog Pensar Cursos","description":"Maior Site de Cursos do Brasil","publisher":{"@id":"https:\/\/www.pensarcursos.com.br\/blog\/#organization"},"alternateName":"Blog Pensar","potentialAction":[{"@type":"SearchAction","target":{"@type":"EntryPoint","urlTemplate":"https:\/\/www.pensarcursos.com.br\/blog\/?s={search_term_string}"},"query-input":{"@type":"PropertyValueSpecification","valueRequired":true,"valueName":"search_term_string"}}],"inLanguage":"pt-BR"},{"@type":"Organization","@id":"https:\/\/www.pensarcursos.com.br\/blog\/#organization","name":"Pensar Cursos","alternateName":"Blog pensar","url":"https:\/\/www.pensarcursos.com.br\/blog\/","logo":{"@type":"ImageObject","inLanguage":"pt-BR","@id":"https:\/\/www.pensarcursos.com.br\/blog\/#\/schema\/logo\/image\/","url":"https:\/\/www.pensarcursos.com.br\/blog\/wp-content\/uploads\/2023\/11\/Nova-Logo-Pensar-Cursos-vertical.png","contentUrl":"https:\/\/www.pensarcursos.com.br\/blog\/wp-content\/uploads\/2023\/11\/Nova-Logo-Pensar-Cursos-vertical.png","width":1393,"height":1001,"caption":"Pensar Cursos"},"image":{"@id":"https:\/\/www.pensarcursos.com.br\/blog\/#\/schema\/logo\/image\/"},"sameAs":["https:\/\/www.facebook.com\/pensarcursos\/","https:\/\/instagram.com.br\/pensarcursos"],"description":"Pensar Cursos \u00e9 uma empresa especializada em oferecer cursos de alta qualidade voltados para o desenvolvimento profissional e acad\u00eamico. Com uma ampla gama de op\u00e7\u00f5es de treinamento, oferecemos conte\u00fados atualizados, ministrados por especialistas da \u00e1rea, para capacitar indiv\u00edduos e equipes a atingirem seus objetivos. Nossa miss\u00e3o \u00e9 proporcionar uma educa\u00e7\u00e3o transformadora, acess\u00edvel e personalizada para cada aluno, seja em cursos presenciais ou online. Com uma abordagem inovadora, buscamos adaptar os nossos programas de ensino \u00e0s necessidades do mercado, criando solu\u00e7\u00f5es que atendem aos desafios e exig\u00eancias do mundo corporativo e acad\u00eamico. Nossos cursos incluem desde forma\u00e7\u00f5es t\u00e9cnicas at\u00e9 habilidades essenciais, como lideran\u00e7a, gest\u00e3o e desenvolvimento pessoal.","email":"contato@pensarcursos.com.br","legalName":"Sena Servi\u00e7os de Informa\u00e7\u00e3o Online LTDA","foundingDate":"2013-04-18","vatID":"17956217000172","numberOfEmployees":{"@type":"QuantitativeValue","minValue":"11","maxValue":"50"},"publishingPrinciples":"https:\/\/www.pensarcursos.com.br\/blog\/principios-de-publicacao\/","ownershipFundingInfo":"https:\/\/www.pensarcursos.com.br\/blog\/informacoes-de-propriedade-financiamento\/","actionableFeedbackPolicy":"https:\/\/www.pensarcursos.com.br\/blog\/politica-de-feedback-acionavel\/","correctionsPolicy":"https:\/\/www.pensarcursos.com.br\/blog\/politica-de-correcoes\/","ethicsPolicy":"https:\/\/www.pensarcursos.com.br\/blog\/politica-de-etica\/"},{"@type":"Person","@id":"https:\/\/www.pensarcursos.com.br\/blog\/#\/schema\/person\/28714c166fa847c28e0ba3e4d47c1033","name":"Quezia Andrade","image":{"@type":"ImageObject","inLanguage":"pt-BR","@id":"https:\/\/secure.gravatar.com\/avatar\/ca40343eca0c667f062032144581527936aae03191aca76e9d4c4de5a5c7cd14?s=96&d=mm&r=g","url":"https:\/\/secure.gravatar.com\/avatar\/ca40343eca0c667f062032144581527936aae03191aca76e9d4c4de5a5c7cd14?s=96&d=mm&r=g","contentUrl":"https:\/\/secure.gravatar.com\/avatar\/ca40343eca0c667f062032144581527936aae03191aca76e9d4c4de5a5c7cd14?s=96&d=mm&r=g","caption":"Quezia Andrade"},"description":"Biom\u00e9dica CRBM2 n\u00ba 17394. Redatora do grupo Sena Online.","sameAs":["https:\/\/www.instagram.com\/_quezia_b?igsh=cWF2dDNxbXd6ejF4&utm_source=qr","https:\/\/www.linkedin.com\/in\/quzia-borges-andrade-907778266?utm_source=share&utm_campaign=share_via&utm_content=profile&utm_medium=ios_app"],"url":"https:\/\/www.pensarcursos.com.br\/blog\/author\/quezia\/"}]}},"_links":{"self":[{"href":"https:\/\/www.pensarcursos.com.br\/blog\/wp-json\/wp\/v2\/posts\/141667","targetHints":{"allow":["GET"]}}],"collection":[{"href":"https:\/\/www.pensarcursos.com.br\/blog\/wp-json\/wp\/v2\/posts"}],"about":[{"href":"https:\/\/www.pensarcursos.com.br\/blog\/wp-json\/wp\/v2\/types\/post"}],"author":[{"embeddable":true,"href":"https:\/\/www.pensarcursos.com.br\/blog\/wp-json\/wp\/v2\/users\/54"}],"replies":[{"embeddable":true,"href":"https:\/\/www.pensarcursos.com.br\/blog\/wp-json\/wp\/v2\/comments?post=141667"}],"version-history":[{"count":0,"href":"https:\/\/www.pensarcursos.com.br\/blog\/wp-json\/wp\/v2\/posts\/141667\/revisions"}],"wp:featuredmedia":[{"embeddable":true,"href":"https:\/\/www.pensarcursos.com.br\/blog\/wp-json\/wp\/v2\/media\/141669"}],"wp:attachment":[{"href":"https:\/\/www.pensarcursos.com.br\/blog\/wp-json\/wp\/v2\/media?parent=141667"}],"wp:term":[{"taxonomy":"category","embeddable":true,"href":"https:\/\/www.pensarcursos.com.br\/blog\/wp-json\/wp\/v2\/categories?post=141667"},{"taxonomy":"post_tag","embeddable":true,"href":"https:\/\/www.pensarcursos.com.br\/blog\/wp-json\/wp\/v2\/tags?post=141667"}],"curies":[{"name":"wp","href":"https:\/\/api.w.org\/{rel}","templated":true}]}}