{"id":141660,"date":"2026-01-24T17:39:56","date_gmt":"2026-01-24T20:39:56","guid":{"rendered":"https:\/\/www.pensarcursos.com.br\/blog\/?p=141660"},"modified":"2026-01-23T22:34:49","modified_gmt":"2026-01-24T01:34:49","slug":"inss-e-bpc-quem-recebe-na-primeira-semana-de-pagamentos-de-2026","status":"publish","type":"post","link":"https:\/\/www.pensarcursos.com.br\/blog\/inss-e-bpc-quem-recebe-na-primeira-semana-de-pagamentos-de-2026\/","title":{"rendered":"INSS e BPC: quem recebe na primeira semana de pagamentos de 2026?"},"content":{"rendered":"<p>O in\u00edcio de cada ano \u00e9 aguardado com expectativa por quem depende do pagamento do\u00a0<strong>Instituto Nacional do Seguro Social (<a href=\"https:\/\/www.pensarcursos.com.br\/blog\/inss-cpfs-de-finais-0-1-2-3-4-5-6-7-8-e-9-recebem-r-8-47555-na-proxima-segunda-26\/\" target=\"_blank\" rel=\"noopener\">INSS<\/a>)<\/strong>\u00a0ou do\u00a0<strong>BPC<\/strong>\u00a0(Benef\u00edcio de Presta\u00e7\u00e3o Continuada).<\/p>\n<p>A primeira semana do calend\u00e1rio oficial de repasses em 2026 chega com datas definidas e regras claras, criando d\u00favidas em milh\u00f5es de brasileiros sobre quem tem direito e quando exatamente v\u00e3o receber o benef\u00edcio.<\/p>\n<p>Se a sua fam\u00edlia depende desse dinheiro para despesas essenciais, este conte\u00fado vai mostrar o que esperar e como se preparar, al\u00e9m de ajudar a saber o dia certo identificado pelo final do seu cart\u00e3o. Entender o calend\u00e1rio de pagamentos pode evitar transtornos e atrasos nas suas finan\u00e7as.<\/p>\n<h2>Como funcionam os pagamentos do INSS e BPC em 2026?<\/h2>\n<p>Todo in\u00edcio de ano, o <b>INSS <\/b>divulga o cronograma dos benef\u00edcios, inclusive o\u00a0<strong>BPC<\/strong>. Compreender o calend\u00e1rio exige aten\u00e7\u00e3o. O pagamento \u00e9 feito conforme o n\u00famero final do cart\u00e3o de benef\u00edcio (ignorando o d\u00edgito verificador).<\/p>\n<h3>Quem recebe na primeira semana de 2026?<\/h3>\n<p>Os pagamentos de at\u00e9 um <a href=\"https:\/\/www.pensarcursos.com.br\/blog\/salario-minimo-sobe-para-r-1-621-em-2026-veja-o-que-muda-no-inss-abono-salarial-e-seguro-desemprego\/\" target=\"_blank\" rel=\"noopener\">sal\u00e1rio m\u00ednimo<\/a> come\u00e7am no dia<strong> 26 de janeiro e seguem at\u00e9 o dia 6 de fevereiro<\/strong>. Veja quem pode receber j\u00e1 nos primeiros dias:<\/p>\n<ul>\n<li><strong>Dia 26 de janeiro:<\/strong>\u00a0Benefici\u00e1rios com cart\u00e3o final 1<\/li>\n<li><strong>Dia 27 de janeiro:<\/strong>\u00a0Cart\u00e3o final 2<\/li>\n<li><strong>Dia 28 de janeiro:<\/strong>\u00a0Cart\u00e3o final 3<\/li>\n<li><strong>Dia 29 de janeiro:<\/strong>\u00a0Cart\u00e3o final 4<\/li>\n<li><strong>Dia 30 de janeiro:<\/strong>\u00a0Cart\u00e3o final 5<\/li>\n<\/ul>\n<p>Essas cinco datas comp\u00f5em a\u00a0<strong>primeira semana de pagamentos<\/strong>\u00a0para quem, por regra, recebe at\u00e9 um sal\u00e1rio m\u00ednimo.<\/p>\n<h3>Quem recebe acima de um sal\u00e1rio m\u00ednimo?<\/h3>\n<p>Os benefici\u00e1rios que recebem acima de um sal\u00e1rio m\u00ednimo come\u00e7am a receber apenas a partir do dia 2 de fevereiro, respeitando tamb\u00e9m o final do cart\u00e3o.<\/p>\n<ul>\n<li><strong>Dia 2 de fevereiro:<\/strong>\u00a0Finais 1 e 6<\/li>\n<li><strong>Dia 3 de fevereiro:<\/strong>\u00a0Finais 2 e 7<\/li>\n<\/ul>\n<p>Por\u00e9m, quem ganha mais que um sal\u00e1rio s\u00f3 entra no calend\u00e1rio da\u00a0<strong>segunda semana<\/strong>\u00a0de pagamentos.<\/p>\n<h2>Como descobrir o seu n\u00famero final do cart\u00e3o do benef\u00edcio?<\/h2>\n<p>Muita gente ainda tem d\u00favidas sobre como identificar o n\u00famero final relevante para o calend\u00e1rio. O procedimento \u00e9 simples:<\/p>\n<ol>\n<li>Olhe para o cart\u00e3o do benef\u00edcio;<\/li>\n<li>Desconsidere o d\u00edgito verificador (n\u00famero ap\u00f3s o tra\u00e7o);<\/li>\n<li>O \u00faltimo n\u00famero antes do tra\u00e7o \u00e9 seu final para o calend\u00e1rio.<\/li>\n<\/ol>\n<p>Exemplo: Cart\u00e3o 0102-4. O final considerado \u00e9 o 2.<\/p>\n<h2>Quem tem direito ao pagamento nesta semana?<\/h2>\n<p>S\u00e3o contemplados no in\u00edcio dos pagamentos os seguintes grupos:<\/p>\n<ul>\n<li>Aposentados e pensionistas do INSS;<\/li>\n<li>Titulares do BPC\/LOAS (idosos acima de 65 anos ou pessoas com defici\u00eancia, ambos carentes);<\/li>\n<li>Aux\u00edlios tempor\u00e1rios (aux\u00edlio-doen\u00e7a, aux\u00edlio-reclus\u00e3o, pens\u00e3o por morte, etc.).<\/li>\n<\/ul>\n<p>\u00c9 preciso lembrar que o<a href=\"https:\/\/www.pensarcursos.com.br\/blog\/inss-beneficiarios-do-bpc-nao-terao-pagamento-do-13o-salario-em-2026-saiba-o-motivo\/\" target=\"_blank\" rel=\"noopener\">\u00a0<strong>BPC<\/strong><\/a>\u00a0n\u00e3o paga 13\u00ba sal\u00e1rio e segue o mesmo calend\u00e1rio do INSS para quem recebe at\u00e9 um sal\u00e1rio m\u00ednimo.<\/p>\n<h2>O que fazer para consultar a data do pagamento?<\/h2>\n<p>Tudo pode ser consultado de forma f\u00e1cil e sem sair de casa. O\u00a0<strong>extrato de pagamento<\/strong>\u00a0est\u00e1 dispon\u00edvel:<\/p>\n<ul>\n<li>No\u00a0<a href=\"https:\/\/meu.inss.gov.br\/#\/login\" target=\"_blank\" rel=\"noopener\">Meu INSS\u00a0<\/a>(site ou aplicativo);<\/li>\n<li>Pelo telefone 135, com funcionamento de segunda a s\u00e1bado, das 7h \u00e0s 22h.<\/li>\n<\/ul>\n<p>No app, basta fazer login, buscar \u201cextrato de pagamento\u201d e visualizar a data exata do pr\u00f3ximo repasse.<\/p>\n<figure id=\"attachment_141731\" aria-describedby=\"caption-attachment-141731\" style=\"width: 1200px\" class=\"wp-caption aligncenter\"><img decoding=\"async\" class=\"wp-image-141731 size-full\" src=\"https:\/\/www.pensarcursos.com.br\/blog\/wp-content\/uploads\/2026\/01\/consulta-data-do-pagamento-INSS.png\" alt=\"Casal de idosos segurando smartphone na horizontal exibindo logotipo do INSS na tela\" width=\"1200\" height=\"800\" srcset=\"https:\/\/www.pensarcursos.com.br\/blog\/wp-content\/uploads\/2026\/01\/consulta-data-do-pagamento-INSS.png 1200w, https:\/\/www.pensarcursos.com.br\/blog\/wp-content\/uploads\/2026\/01\/consulta-data-do-pagamento-INSS-300x200.png 300w, https:\/\/www.pensarcursos.com.br\/blog\/wp-content\/uploads\/2026\/01\/consulta-data-do-pagamento-INSS-1024x683.png 1024w, https:\/\/www.pensarcursos.com.br\/blog\/wp-content\/uploads\/2026\/01\/consulta-data-do-pagamento-INSS-768x512.png 768w, https:\/\/www.pensarcursos.com.br\/blog\/wp-content\/uploads\/2026\/01\/consulta-data-do-pagamento-INSS-750x500.png 750w, https:\/\/www.pensarcursos.com.br\/blog\/wp-content\/uploads\/2026\/01\/consulta-data-do-pagamento-INSS-1140x760.png 1140w\" sizes=\"(max-width: 1200px) 100vw, 1200px\" \/><figcaption id=\"caption-attachment-141731\" class=\"wp-caption-text\">Pelo celular, benefici\u00e1rios verificam cronograma e extrato de pagamentos em poucos cliques. Imagem: Pensar Cursos<\/figcaption><\/figure>\n<h2>Calend\u00e1rio detalhado dos pagamentos at\u00e9 1 sal\u00e1rio m\u00ednimo em 2026<\/h2>\n<table>\n<thead>\n<tr>\n<th>Final do benef\u00edcio<\/th>\n<th>Data de pagamento<\/th>\n<\/tr>\n<\/thead>\n<tbody>\n<tr>\n<td>1<\/td>\n<td>26 de janeiro<\/td>\n<\/tr>\n<tr>\n<td>2<\/td>\n<td>27 de janeiro<\/td>\n<\/tr>\n<tr>\n<td>3<\/td>\n<td>28 de janeiro<\/td>\n<\/tr>\n<tr>\n<td>4<\/td>\n<td>29 de janeiro<\/td>\n<\/tr>\n<tr>\n<td>5<\/td>\n<td>30 de janeiro<\/td>\n<\/tr>\n<tr>\n<td>6<\/td>\n<td>2 de fevereiro<\/td>\n<\/tr>\n<tr>\n<td>7<\/td>\n<td>3 de fevereiro<\/td>\n<\/tr>\n<tr>\n<td>8<\/td>\n<td>4 de fevereiro<\/td>\n<\/tr>\n<tr>\n<td>9<\/td>\n<td>5 de fevereiro<\/td>\n<\/tr>\n<tr>\n<td>0<\/td>\n<td>6 de fevereiro<\/td>\n<\/tr>\n<\/tbody>\n<\/table>\n<p>Os pagamentos para quem recebe acima do sal\u00e1rio m\u00ednimo seguem uma l\u00f3gica parecida, mas as datas s\u00e3o a partir do in\u00edcio de fevereiro.<\/p>\n<table>\n<thead>\n<tr>\n<th>Final do Benef\u00edcio<\/th>\n<th>Data de Pagamento<\/th>\n<\/tr>\n<\/thead>\n<tbody>\n<tr>\n<td>1 e 6<\/td>\n<td>02 de fevereiro<\/td>\n<\/tr>\n<tr>\n<td>2 e 7<\/td>\n<td>03 de fevereiro<\/td>\n<\/tr>\n<tr>\n<td>3 e 8<\/td>\n<td>04 de fevereiro<\/td>\n<\/tr>\n<tr>\n<td>4 e 9<\/td>\n<td>05 de fevereiro<\/td>\n<\/tr>\n<tr>\n<td>5 e 0<\/td>\n<td>06 de fevereiro<\/td>\n<\/tr>\n<\/tbody>\n<\/table>\n<h2>Dicas para organizar as finan\u00e7as aguardando o pagamento do INSS\/BPC<\/h2>\n<ul>\n<li>Mantenha um controle dos gastos previstos, evitando surpresas;<\/li>\n<li>Consulte com anteced\u00eancia a data no aplicativo;<\/li>\n<li>Evite empr\u00e9stimos antes da certeza da data de dep\u00f3sito;<\/li>\n<li>Para d\u00favidas, utilize o telefone 135.<\/li>\n<\/ul>\n<p>Lembrando que imprevistos podem ocorrer. Por isso, \u00e9 fundamental estar atento para n\u00e3o perder prazos de contas ou agendar compras antes do recebimento.<\/p>\n<h2>Quais documentos s\u00e3o necess\u00e1rios para sacar o benef\u00edcio?<\/h2>\n<ul>\n<li>Documento de identidade com foto (RG, CNH ou Carteira de Trabalho);<\/li>\n<li>Cart\u00e3o do benef\u00edcio original;<\/li>\n<li>Se for preciso ser representado por terceiro, \u00e9 obrigat\u00f3ria procura\u00e7\u00e3o registrada.<\/li>\n<\/ul>\n<p>Esses s\u00e3o os documentos normalmente solicitados em bancos e ag\u00eancias lot\u00e9ricas. Mantenha-os organizados.<\/p>\n<h2>Como agir se n\u00e3o conseguir sacar? Alternativas e orienta\u00e7\u00f5es<\/h2>\n<p>Em casos de bloqueio, inconsist\u00eancia de dados ou problemas com o cart\u00e3o, o benefici\u00e1rio pode buscar ajuda pelo\u00a0Meu INSS\u00a0ou ainda pelo telefone 135. Em situa\u00e7\u00f5es espec\u00edficas, o comparecimento a uma ag\u00eancia pode ser solicitado, com o atendimento pr\u00e9-agendado pelo site oficial.<\/p>\n<h2>Quando vale a pena procurar o CRAS?<\/h2>\n<p>Quem recebe o\u00a0<strong>BPC<\/strong>\u00a0e precisa de aux\u00edlio complementar, orienta\u00e7\u00f5es ou atualiza\u00e7\u00e3o de informa\u00e7\u00f5es, pode procurar o\u00a0<strong>CRAS<\/strong> (Centro de Refer\u00eancia de Assist\u00eancia Social).<\/p>\n<p>O CRAS apoia principalmente em casos de atualiza\u00e7\u00e3o cadastral ou assist\u00eancia social extra. Caso n\u00e3o receba na data esperada, o centro pode esclarecer poss\u00edveis pend\u00eancias.<\/p>\n<p>Continue no <a href=\"https:\/\/www.pensarcursos.com.br\/blog\/\" target=\"_blank\" rel=\"noopener\"><strong>Pensar Cursos<\/strong> <\/a>para conferir as novas regras da aposentadoria em 2026:<\/p>\n<div class=\"jeg_video_container jeg_video_content\"><iframe title=\"APOSENTADORIA 2026: NOVAS REGRAS EM VIGOR! Veja o que mudou na idade e nos pontos hoje.\" width=\"500\" height=\"281\" src=\"https:\/\/www.youtube.com\/embed\/AtB__XX1mno?feature=oembed\" frameborder=\"0\" allow=\"accelerometer; autoplay; clipboard-write; encrypted-media; gyroscope; picture-in-picture; web-share\" referrerpolicy=\"strict-origin-when-cross-origin\" allowfullscreen><\/iframe><\/div>\n","protected":false},"excerpt":{"rendered":"<p>O in\u00edcio de cada ano \u00e9 aguardado com expectativa por quem depende do pagamento do\u00a0Instituto Nacional do Seguro Social (INSS)\u00a0ou do\u00a0BPC\u00a0(Benef\u00edcio de Presta\u00e7\u00e3o Continuada). A primeira semana do calend\u00e1rio oficial de repasses em 2026 chega com datas definidas e regras claras, criando d\u00favidas em milh\u00f5es de brasileiros sobre quem tem direito e quando exatamente v\u00e3o [&hellip;]<\/p>\n","protected":false},"author":41,"featured_media":141730,"comment_status":"open","ping_status":"closed","sticky":false,"template":"","format":"standard","meta":{"jnews-multi-image_gallery":[],"jnews_single_post":{"format":"standard","override":[{"template":"1","parallax":"1","fullscreen":"1","layout":"right-sidebar","sidebar":"default-sidebar","second_sidebar":"default-sidebar","sticky_sidebar":"1","share_position":"topbottom","share_float_style":"share-monocrhome","show_featured":"1","show_post_meta":"1","show_post_author":"1","show_post_author_image":"1","show_post_date":"1","post_date_format":"default","post_date_format_custom":"Y\/m\/d","show_post_category":"1","post_reading_time_wpm":"300","post_calculate_word_method":"str_word_count","show_zoom_button":"0","zoom_button_out_step":"2","zoom_button_in_step":"3","show_post_tag":"1","show_prev_next_post":"1","show_popup_post":"1","show_comment_section":"1","number_popup_post":"2","show_author_box":"1","show_post_related":"1","show_inline_post_related":"1"}],"image_override":[{"single_post_thumbnail_size":"crop-500","single_post_gallery_size":"crop-500"}],"trending_post_position":"meta","trending_post_label":"Trending","sponsored_post_label":"Sponsored by","disable_ad":"0","subtitle":"Quem tem direito ao primeiro pagamento do INSS em 2026?"},"jnews_primary_category":[],"jnews_social_meta":[],"jnews_override_counter":{"view_counter_number":"0","share_counter_number":"0","like_counter_number":"0","dislike_counter_number":"0"},"footnotes":""},"categories":[1691],"tags":[36234,7354,37684],"class_list":["post-141660","post","type-post","status-publish","format-standard","has-post-thumbnail","hentry","category-direitos-do-trabalhador","tag-calendario-inss-2026","tag-pagamento-bpc","tag-valor-pagamento-inss"],"yoast_head":"<!-- This site is optimized with the Yoast SEO Premium plugin v27.4 (Yoast SEO v27.4) - https:\/\/yoast.com\/product\/yoast-seo-premium-wordpress\/ -->\n<title>INSS e BPC: quem recebe na primeira semana de pagamentos de 2026? - Blog Pensar Cursos<\/title>\n<meta name=\"description\" content=\"Veja quem recebe o INSS e BPC na primeira semana de 2026, como consultar datas e organizar seu benef\u00edcio. Entenda regras, calend\u00e1rio e tire d\u00favidas sobre pagamento.\" \/>\n<meta name=\"robots\" content=\"index, follow, max-snippet:-1, max-image-preview:large, max-video-preview:-1\" \/>\n<link rel=\"canonical\" href=\"https:\/\/www.pensarcursos.com.br\/blog\/inss-e-bpc-quem-recebe-na-primeira-semana-de-pagamentos-de-2026\/\" \/>\n<meta property=\"og:locale\" content=\"pt_BR\" \/>\n<meta property=\"og:type\" content=\"article\" \/>\n<meta property=\"og:title\" content=\"INSS e BPC: quem recebe na primeira semana de pagamentos de 2026?\" \/>\n<meta property=\"og:description\" content=\"Veja quem recebe o INSS e BPC na primeira semana de 2026, como consultar datas e organizar seu benef\u00edcio. Entenda regras, calend\u00e1rio e tire d\u00favidas sobre pagamento.\" \/>\n<meta property=\"og:url\" content=\"https:\/\/www.pensarcursos.com.br\/blog\/inss-e-bpc-quem-recebe-na-primeira-semana-de-pagamentos-de-2026\/\" \/>\n<meta property=\"og:site_name\" content=\"Blog Pensar Cursos\" \/>\n<meta property=\"article:publisher\" content=\"https:\/\/www.facebook.com\/pensarcursos\/\" \/>\n<meta property=\"article:published_time\" content=\"2026-01-24T20:39:56+00:00\" \/>\n<meta property=\"og:image\" content=\"https:\/\/www.pensarcursos.com.br\/blog\/wp-content\/uploads\/2026\/01\/Pagamento-BPC-2026.png\" \/>\n\t<meta property=\"og:image:width\" content=\"1207\" \/>\n\t<meta property=\"og:image:height\" content=\"800\" \/>\n\t<meta property=\"og:image:type\" content=\"image\/png\" \/>\n<meta name=\"author\" content=\"F\u00e1tima Azevedo\" \/>\n<meta name=\"twitter:card\" content=\"summary_large_image\" \/>\n<meta name=\"twitter:label1\" content=\"Escrito por\" \/>\n\t<meta name=\"twitter:data1\" content=\"F\u00e1tima Azevedo\" \/>\n\t<meta name=\"twitter:label2\" content=\"Est. tempo de leitura\" \/>\n\t<meta name=\"twitter:data2\" content=\"6 minutos\" \/>\n<!-- \/ Yoast SEO Premium plugin. -->","yoast_head_json":{"title":"INSS e BPC: quem recebe na primeira semana de pagamentos de 2026? - Blog Pensar Cursos","description":"Veja quem recebe o INSS e BPC na primeira semana de 2026, como consultar datas e organizar seu benef\u00edcio. Entenda regras, calend\u00e1rio e tire d\u00favidas sobre pagamento.","robots":{"index":"index","follow":"follow","max-snippet":"max-snippet:-1","max-image-preview":"max-image-preview:large","max-video-preview":"max-video-preview:-1"},"canonical":"https:\/\/www.pensarcursos.com.br\/blog\/inss-e-bpc-quem-recebe-na-primeira-semana-de-pagamentos-de-2026\/","og_locale":"pt_BR","og_type":"article","og_title":"INSS e BPC: quem recebe na primeira semana de pagamentos de 2026?","og_description":"Veja quem recebe o INSS e BPC na primeira semana de 2026, como consultar datas e organizar seu benef\u00edcio. Entenda regras, calend\u00e1rio e tire d\u00favidas sobre pagamento.","og_url":"https:\/\/www.pensarcursos.com.br\/blog\/inss-e-bpc-quem-recebe-na-primeira-semana-de-pagamentos-de-2026\/","og_site_name":"Blog Pensar Cursos","article_publisher":"https:\/\/www.facebook.com\/pensarcursos\/","article_published_time":"2026-01-24T20:39:56+00:00","og_image":[{"width":1207,"height":800,"url":"https:\/\/www.pensarcursos.com.br\/blog\/wp-content\/uploads\/2026\/01\/Pagamento-BPC-2026.png","type":"image\/png"}],"author":"F\u00e1tima Azevedo","twitter_card":"summary_large_image","twitter_misc":{"Escrito por":"F\u00e1tima Azevedo","Est. tempo de leitura":"6 minutos"},"schema":{"@context":"https:\/\/schema.org","@graph":[{"@type":["Article","BlogPosting"],"@id":"https:\/\/www.pensarcursos.com.br\/blog\/inss-e-bpc-quem-recebe-na-primeira-semana-de-pagamentos-de-2026\/#article","isPartOf":{"@id":"https:\/\/www.pensarcursos.com.br\/blog\/inss-e-bpc-quem-recebe-na-primeira-semana-de-pagamentos-de-2026\/"},"author":{"name":"F\u00e1tima Azevedo","@id":"https:\/\/www.pensarcursos.com.br\/blog\/#\/schema\/person\/827343e4611913410dcf62144b5b2a2d"},"headline":"INSS e BPC: quem recebe na primeira semana de pagamentos de 2026?","datePublished":"2026-01-24T20:39:56+00:00","mainEntityOfPage":{"@id":"https:\/\/www.pensarcursos.com.br\/blog\/inss-e-bpc-quem-recebe-na-primeira-semana-de-pagamentos-de-2026\/"},"wordCount":950,"commentCount":0,"publisher":{"@id":"https:\/\/www.pensarcursos.com.br\/blog\/#organization"},"image":{"@id":"https:\/\/www.pensarcursos.com.br\/blog\/inss-e-bpc-quem-recebe-na-primeira-semana-de-pagamentos-de-2026\/#primaryimage"},"thumbnailUrl":"https:\/\/www.pensarcursos.com.br\/blog\/wp-content\/uploads\/2026\/01\/Pagamento-BPC-2026.png","keywords":["calend\u00e1rio inss 2026","pagamento bpc","valor pagamento inss"],"articleSection":["Direitos do Trabalhador"],"inLanguage":"pt-BR","potentialAction":[{"@type":"CommentAction","name":"Comment","target":["https:\/\/www.pensarcursos.com.br\/blog\/inss-e-bpc-quem-recebe-na-primeira-semana-de-pagamentos-de-2026\/#respond"]}],"copyrightYear":"2026","copyrightHolder":{"@id":"https:\/\/www.pensarcursos.com.br\/blog\/#organization"}},{"@type":"WebPage","@id":"https:\/\/www.pensarcursos.com.br\/blog\/inss-e-bpc-quem-recebe-na-primeira-semana-de-pagamentos-de-2026\/","url":"https:\/\/www.pensarcursos.com.br\/blog\/inss-e-bpc-quem-recebe-na-primeira-semana-de-pagamentos-de-2026\/","name":"INSS e BPC: quem recebe na primeira semana de pagamentos de 2026? - Blog Pensar Cursos","isPartOf":{"@id":"https:\/\/www.pensarcursos.com.br\/blog\/#website"},"primaryImageOfPage":{"@id":"https:\/\/www.pensarcursos.com.br\/blog\/inss-e-bpc-quem-recebe-na-primeira-semana-de-pagamentos-de-2026\/#primaryimage"},"image":{"@id":"https:\/\/www.pensarcursos.com.br\/blog\/inss-e-bpc-quem-recebe-na-primeira-semana-de-pagamentos-de-2026\/#primaryimage"},"thumbnailUrl":"https:\/\/www.pensarcursos.com.br\/blog\/wp-content\/uploads\/2026\/01\/Pagamento-BPC-2026.png","datePublished":"2026-01-24T20:39:56+00:00","description":"Veja quem recebe o INSS e BPC na primeira semana de 2026, como consultar datas e organizar seu benef\u00edcio. Entenda regras, calend\u00e1rio e tire d\u00favidas sobre pagamento.","breadcrumb":{"@id":"https:\/\/www.pensarcursos.com.br\/blog\/inss-e-bpc-quem-recebe-na-primeira-semana-de-pagamentos-de-2026\/#breadcrumb"},"inLanguage":"pt-BR","potentialAction":[{"@type":"ReadAction","target":["https:\/\/www.pensarcursos.com.br\/blog\/inss-e-bpc-quem-recebe-na-primeira-semana-de-pagamentos-de-2026\/"]}]},{"@type":"ImageObject","inLanguage":"pt-BR","@id":"https:\/\/www.pensarcursos.com.br\/blog\/inss-e-bpc-quem-recebe-na-primeira-semana-de-pagamentos-de-2026\/#primaryimage","url":"https:\/\/www.pensarcursos.com.br\/blog\/wp-content\/uploads\/2026\/01\/Pagamento-BPC-2026.png","contentUrl":"https:\/\/www.pensarcursos.com.br\/blog\/wp-content\/uploads\/2026\/01\/Pagamento-BPC-2026.png","width":1207,"height":800,"caption":"Milh\u00f5es de benefici\u00e1rios aguardam dep\u00f3sitos que iniciam nos \u00faltimos dias do m\u00eas. Imagem: Ag\u00eancia Brasil"},{"@type":"BreadcrumbList","@id":"https:\/\/www.pensarcursos.com.br\/blog\/inss-e-bpc-quem-recebe-na-primeira-semana-de-pagamentos-de-2026\/#breadcrumb","itemListElement":[{"@type":"ListItem","position":1,"name":"Home","item":"https:\/\/www.pensarcursos.com.br\/blog\/"},{"@type":"ListItem","position":2,"name":"INSS e BPC: quem recebe na primeira semana de pagamentos de 2026?"}]},{"@type":"WebSite","@id":"https:\/\/www.pensarcursos.com.br\/blog\/#website","url":"https:\/\/www.pensarcursos.com.br\/blog\/","name":"Blog Pensar Cursos","description":"Maior Site de Cursos do Brasil","publisher":{"@id":"https:\/\/www.pensarcursos.com.br\/blog\/#organization"},"alternateName":"Blog Pensar","potentialAction":[{"@type":"SearchAction","target":{"@type":"EntryPoint","urlTemplate":"https:\/\/www.pensarcursos.com.br\/blog\/?s={search_term_string}"},"query-input":{"@type":"PropertyValueSpecification","valueRequired":true,"valueName":"search_term_string"}}],"inLanguage":"pt-BR"},{"@type":"Organization","@id":"https:\/\/www.pensarcursos.com.br\/blog\/#organization","name":"Pensar Cursos","alternateName":"Blog pensar","url":"https:\/\/www.pensarcursos.com.br\/blog\/","logo":{"@type":"ImageObject","inLanguage":"pt-BR","@id":"https:\/\/www.pensarcursos.com.br\/blog\/#\/schema\/logo\/image\/","url":"https:\/\/www.pensarcursos.com.br\/blog\/wp-content\/uploads\/2023\/11\/Nova-Logo-Pensar-Cursos-vertical.png","contentUrl":"https:\/\/www.pensarcursos.com.br\/blog\/wp-content\/uploads\/2023\/11\/Nova-Logo-Pensar-Cursos-vertical.png","width":1393,"height":1001,"caption":"Pensar Cursos"},"image":{"@id":"https:\/\/www.pensarcursos.com.br\/blog\/#\/schema\/logo\/image\/"},"sameAs":["https:\/\/www.facebook.com\/pensarcursos\/","https:\/\/instagram.com.br\/pensarcursos"],"description":"Pensar Cursos \u00e9 uma empresa especializada em oferecer cursos de alta qualidade voltados para o desenvolvimento profissional e acad\u00eamico. Com uma ampla gama de op\u00e7\u00f5es de treinamento, oferecemos conte\u00fados atualizados, ministrados por especialistas da \u00e1rea, para capacitar indiv\u00edduos e equipes a atingirem seus objetivos. Nossa miss\u00e3o \u00e9 proporcionar uma educa\u00e7\u00e3o transformadora, acess\u00edvel e personalizada para cada aluno, seja em cursos presenciais ou online. Com uma abordagem inovadora, buscamos adaptar os nossos programas de ensino \u00e0s necessidades do mercado, criando solu\u00e7\u00f5es que atendem aos desafios e exig\u00eancias do mundo corporativo e acad\u00eamico. Nossos cursos incluem desde forma\u00e7\u00f5es t\u00e9cnicas at\u00e9 habilidades essenciais, como lideran\u00e7a, gest\u00e3o e desenvolvimento pessoal.","email":"contato@pensarcursos.com.br","legalName":"Sena Servi\u00e7os de Informa\u00e7\u00e3o Online LTDA","foundingDate":"2013-04-18","vatID":"17956217000172","numberOfEmployees":{"@type":"QuantitativeValue","minValue":"11","maxValue":"50"},"publishingPrinciples":"https:\/\/www.pensarcursos.com.br\/blog\/principios-de-publicacao\/","ownershipFundingInfo":"https:\/\/www.pensarcursos.com.br\/blog\/informacoes-de-propriedade-financiamento\/","actionableFeedbackPolicy":"https:\/\/www.pensarcursos.com.br\/blog\/politica-de-feedback-acionavel\/","correctionsPolicy":"https:\/\/www.pensarcursos.com.br\/blog\/politica-de-correcoes\/","ethicsPolicy":"https:\/\/www.pensarcursos.com.br\/blog\/politica-de-etica\/"},{"@type":"Person","@id":"https:\/\/www.pensarcursos.com.br\/blog\/#\/schema\/person\/827343e4611913410dcf62144b5b2a2d","name":"F\u00e1tima Azevedo","image":{"@type":"ImageObject","inLanguage":"pt-BR","@id":"https:\/\/secure.gravatar.com\/avatar\/ea820c84e212573cc3f119ba576278fe7ad07b69ed7ca0c33223662227bb77ca?s=96&d=mm&r=g","url":"https:\/\/secure.gravatar.com\/avatar\/ea820c84e212573cc3f119ba576278fe7ad07b69ed7ca0c33223662227bb77ca?s=96&d=mm&r=g","contentUrl":"https:\/\/secure.gravatar.com\/avatar\/ea820c84e212573cc3f119ba576278fe7ad07b69ed7ca0c33223662227bb77ca?s=96&d=mm&r=g","caption":"F\u00e1tima Azevedo"},"description":"Graduada em Ci\u00eancias Biol\u00f3gicas. Professora. Redatora grupo Sena Online.","sameAs":["https:\/\/www.linkedin.com\/in\/maria-de-f\u00e1tima-oliveira-da-costa-74a1692a7"],"url":"https:\/\/www.pensarcursos.com.br\/blog\/author\/fatima\/"}]}},"_links":{"self":[{"href":"https:\/\/www.pensarcursos.com.br\/blog\/wp-json\/wp\/v2\/posts\/141660","targetHints":{"allow":["GET"]}}],"collection":[{"href":"https:\/\/www.pensarcursos.com.br\/blog\/wp-json\/wp\/v2\/posts"}],"about":[{"href":"https:\/\/www.pensarcursos.com.br\/blog\/wp-json\/wp\/v2\/types\/post"}],"author":[{"embeddable":true,"href":"https:\/\/www.pensarcursos.com.br\/blog\/wp-json\/wp\/v2\/users\/41"}],"replies":[{"embeddable":true,"href":"https:\/\/www.pensarcursos.com.br\/blog\/wp-json\/wp\/v2\/comments?post=141660"}],"version-history":[{"count":0,"href":"https:\/\/www.pensarcursos.com.br\/blog\/wp-json\/wp\/v2\/posts\/141660\/revisions"}],"wp:featuredmedia":[{"embeddable":true,"href":"https:\/\/www.pensarcursos.com.br\/blog\/wp-json\/wp\/v2\/media\/141730"}],"wp:attachment":[{"href":"https:\/\/www.pensarcursos.com.br\/blog\/wp-json\/wp\/v2\/media?parent=141660"}],"wp:term":[{"taxonomy":"category","embeddable":true,"href":"https:\/\/www.pensarcursos.com.br\/blog\/wp-json\/wp\/v2\/categories?post=141660"},{"taxonomy":"post_tag","embeddable":true,"href":"https:\/\/www.pensarcursos.com.br\/blog\/wp-json\/wp\/v2\/tags?post=141660"}],"curies":[{"name":"wp","href":"https:\/\/api.w.org\/{rel}","templated":true}]}}