{"id":141642,"date":"2026-01-24T15:59:40","date_gmt":"2026-01-24T18:59:40","guid":{"rendered":"https:\/\/www.pensarcursos.com.br\/blog\/?p=141642"},"modified":"2026-01-23T16:10:23","modified_gmt":"2026-01-23T19:10:23","slug":"ultimos-dias-para-se-inscrever-no-concurso-com-vagas-para-psicologo-assistente-social-fisioterapeuta-e-outros-cargos","status":"publish","type":"post","link":"https:\/\/www.pensarcursos.com.br\/blog\/ultimos-dias-para-se-inscrever-no-concurso-com-vagas-para-psicologo-assistente-social-fisioterapeuta-e-outros-cargos\/","title":{"rendered":"\u00daltimos dias para se inscrever no concurso com vagas para Psic\u00f3logo, Assistente Social, Fisioterapeuta e outros cargos"},"content":{"rendered":"<p>Se voc\u00ea quer conquistar uma vaga no servi\u00e7o p\u00fablico em 2026 \u00e9 preciso ficar atento! Pois o per\u00edodo de inscri\u00e7\u00f5es para este <a href=\"https:\/\/www.pensarcursos.com.br\/blog\/saiu-edital-novo-concurso-abre-vagas-para-veterinario-nutricionista-assistente-social-e-outros-cargos-salarios-de-ate-r-72-mil\/\">concurso p\u00fablico<\/a> com diversas vagas em \u00e1reas como sa\u00fade, educa\u00e7\u00e3o e administra\u00e7\u00e3o est\u00e1 se aproximando do fim.<\/p>\n<p>As oportunidades abrangem diferentes setores, com destaque para fun\u00e7\u00f5es como Psic\u00f3logo, Assistente Social, Fisioterapeuta, Enfermeiro, Professor e Monitor de Creche\/Escola. Continue sua leitura e saiba mais!<\/p>\n<h2>Cargos e vagas<\/h2>\n<p>O edital contempla vagas para diferentes n\u00edveis de escolaridade. Abaixo est\u00e3o detalhados os cargos e o n\u00famero de vagas dispon\u00edveis para cada um.<\/p>\n<h3>N\u00edvel fundamental<\/h3>\n<ul>\n<li><strong>Agente Administrativo:<\/strong>\u00a011 vagas + CR<\/li>\n<li><strong>Agente Fiscal:<\/strong>\u00a01 vaga + CR<\/li>\n<li><strong>Auxiliar de Servi\u00e7os Gerais:<\/strong>\u00a025 vagas + CR<\/li>\n<li><strong>Oficial de Obras e Servi\u00e7os &#8211; Pedreiro:<\/strong>\u00a02 vagas + CR<\/li>\n<li><strong>Auxiliar de Consult\u00f3rio Dent\u00e1rio:<\/strong>\u00a01 vaga + CR<\/li>\n<li><strong>Motorista de Ve\u00edculo Leve:<\/strong>\u00a06 vagas + CR<\/li>\n<li><strong>Motorista de Ve\u00edculo M\u00e9dio:<\/strong>\u00a010 vagas + CR<\/li>\n<li><strong>Motorista de Ve\u00edculo Pesado:<\/strong>\u00a010 vagas + CR<\/li>\n<li><strong>Oficial de Obras e Servi\u00e7os:<\/strong>\u00a02 vagas + CR<\/li>\n<li><strong>Operador de M\u00e1quina Pesada:<\/strong>\u00a02 vagas + CR<\/li>\n<li><strong>Vigia:<\/strong>\u00a02 vagas + CR<\/li>\n<li><strong>Vigilante Sanit\u00e1rio:<\/strong>\u00a01 vaga + CR<\/li>\n<\/ul>\n<h3>N\u00edvel m\u00e9dio e t\u00e9cnico<\/h3>\n<ul>\n<li><strong>Auxiliar de Secretaria:<\/strong>\u00a02 vagas + CR<\/li>\n<li><strong>Monitor de Creche\/Escola:<\/strong>\u00a050 vagas + CR<\/li>\n<li><strong>T\u00e9cnico Radiologista:<\/strong>\u00a02 vagas + CR<\/li>\n<li><strong>T\u00e9cnico em Enfermagem:<\/strong>\u00a010 vagas + CR<\/li>\n<\/ul>\n<h3>N\u00edvel superior<\/h3>\n<ul>\n<li><strong>Assistente Social:<\/strong>\u00a01 vaga + CR<\/li>\n<li><strong>Contador:<\/strong>\u00a01 vaga + CR<\/li>\n<li><strong>Controlador Interno:<\/strong>\u00a01 vaga + CR<\/li>\n<li><strong>Dentista:<\/strong>\u00a01 vaga + CR<\/li>\n<li><strong>Enfermeiro:<\/strong>\u00a06 vagas + CR<\/li>\n<li><strong>Engenheiro Civil:<\/strong>\u00a01 vaga + CR<\/li>\n<li><strong>Farmac\u00eautico\/Bioqu\u00edmico:<\/strong>\u00a01 vaga + CR<\/li>\n<li><strong>Farmac\u00eautico:<\/strong>\u00a01 vaga + CR<\/li>\n<li><strong>Fisioterapeuta:<\/strong>\u00a02 vagas + CR<\/li>\n<li><strong>Fonoaudi\u00f3loga:<\/strong>\u00a02 vagas + CR<\/li>\n<li><strong>Nutricionista:<\/strong>\u00a01 vaga + CR<\/li>\n<li><strong>Psic\u00f3logo:<\/strong>\u00a02 vagas + CR<\/li>\n<li><strong>Especialista em Educa\u00e7\u00e3o:<\/strong>\u00a05 vagas + CR<\/li>\n<li><strong>Professor de Educa\u00e7\u00e3o F\u00edsica:<\/strong>\u00a05 vagas + CR<\/li>\n<li><strong>Professor de Ingl\u00eas:<\/strong>\u00a02 vagas + CR<\/li>\n<li><strong>Professor Municipal I:<\/strong>\u00a051 vagas + CR<\/li>\n<\/ul>\n<h2>Requisitos para participar do concurso<\/h2>\n<p>Para tomar posse no cargo, o candidato deve atender a alguns requisitos b\u00e1sicos. \u00c9 necess\u00e1rio ser brasileiro nato ou naturalizado, ter no m\u00ednimo 18 anos completos na data da posse, estar em dia com as obriga\u00e7\u00f5es eleitorais e militares (para candidatos do sexo masculino) e possuir aptid\u00e3o f\u00edsica e mental para o exerc\u00edcio do cargo.<\/p>\n<p>Al\u00e9m disso, \u00e9 preciso comprovar a escolaridade e os pr\u00e9-requisitos espec\u00edficos de cada fun\u00e7\u00e3o, como habilita\u00e7\u00e3o em categorias espec\u00edficas da CNH ou registro no conselho de classe profissional correspondente.<\/p>\n<h2>Remunera\u00e7\u00e3o e carga hor\u00e1ria do concurso<\/h2>\n<p>Os valores oferecidos para este concurso da <a href=\"https:\/\/www.toledo.mg.gov.br\/\" target=\"_blank\" rel=\"noopener\">Prefeitura de Toledo<\/a>, em <strong>Minas Gerais<\/strong>, partem de R$ 1.518,00 e chegam a R$ 3.962,37. Para os cargos de Dentista e Fonoaudi\u00f3loga, a remunera\u00e7\u00e3o \u00e9 de R$ 179,73 por turno de 4 horas e 30 minutos. A carga hor\u00e1ria semanal tamb\u00e9m varia de 22, 27, 30, 40 ou 44 horas, a depender da fun\u00e7\u00e3o exercida. O hor\u00e1rio de trabalho ser\u00e1 definido pela Prefeitura de Toledo conforme a necessidade do servi\u00e7o p\u00fablico.<\/p>\n<figure id=\"attachment_141651\" aria-describedby=\"caption-attachment-141651\" style=\"width: 1200px\" class=\"wp-caption aligncenter\"><img decoding=\"async\" class=\"wp-image-141651 size-full\" src=\"https:\/\/www.pensarcursos.com.br\/blog\/wp-content\/uploads\/2026\/01\/concurso-toledo-mg.webp\" alt=\"Imagem de pessoas unindo suas m\u00e3os simbolizando uni\u00e3o e trabalho em equipe, com destaque para o concurso p\u00fablico cujas inscri\u00e7\u00f5es encerram na segunda-feira (26).\" width=\"1200\" height=\"800\" srcset=\"https:\/\/www.pensarcursos.com.br\/blog\/wp-content\/uploads\/2026\/01\/concurso-toledo-mg.webp 1200w, https:\/\/www.pensarcursos.com.br\/blog\/wp-content\/uploads\/2026\/01\/concurso-toledo-mg-300x200.webp 300w, https:\/\/www.pensarcursos.com.br\/blog\/wp-content\/uploads\/2026\/01\/concurso-toledo-mg-1024x683.webp 1024w, https:\/\/www.pensarcursos.com.br\/blog\/wp-content\/uploads\/2026\/01\/concurso-toledo-mg-768x512.webp 768w, https:\/\/www.pensarcursos.com.br\/blog\/wp-content\/uploads\/2026\/01\/concurso-toledo-mg-750x500.webp 750w, https:\/\/www.pensarcursos.com.br\/blog\/wp-content\/uploads\/2026\/01\/concurso-toledo-mg-1140x760.webp 1140w\" sizes=\"(max-width: 1200px) 100vw, 1200px\" \/><figcaption id=\"caption-attachment-141651\" class=\"wp-caption-text\">Aten\u00e7\u00e3o! As inscri\u00e7\u00f5es para o concurso p\u00fablico encerram na segunda-feira (26). Garanta sua vaga! Imagem: Pensar Cursos<\/figcaption><\/figure>\n<h2>Inscri\u00e7\u00f5es do concurso<\/h2>\n<p>As inscri\u00e7\u00f5es para o concurso da <strong>Prefeitura de Toledo (MG)<\/strong>, devem ser realizadas exclusivamente pela internet, no site da banca organizadora <a href=\"https:\/\/abcp.selecao.net.br\/informacoes\/2815\/\" target=\"_blank\" rel=\"noopener\">ABCP<\/a>, <strong>at\u00e9 as 23h59 desta segunda-feira, 26 de janeiro de 2026<\/strong>. O pagamento da taxa de inscri\u00e7\u00e3o deve ser efetuado at\u00e9 o dia 27 de janeiro de 2026.<\/p>\n<p>Os valores da taxa de inscri\u00e7\u00e3o s\u00e3o:<\/p>\n<ul>\n<li><strong>N\u00edvel Fundamental:<\/strong>\u00a0R$ 74,60<\/li>\n<li><strong>N\u00edvel M\u00e9dio\/T\u00e9cnico:<\/strong>\u00a0R$ 94,60<\/li>\n<li><strong>N\u00edvel Superior:<\/strong>\u00a0R$ 114,60<\/li>\n<\/ul>\n<h2>Processo seletivo do concurso &#8211; Etapas<\/h2>\n<p>A sele\u00e7\u00e3o dos candidatos ser\u00e1 realizada por meio de diferentes etapas, que variam conforme o cargo pretendido.<\/p>\n<h3>Prova objetiva<\/h3>\n<p>Esta etapa, de car\u00e1ter eliminat\u00f3rio e classificat\u00f3rio, ser\u00e1 aplicada a todos os candidatos. As provas est\u00e3o agendadas para os dias\u00a0<strong>01 e 08 de mar\u00e7o de 2026<\/strong>. A avalia\u00e7\u00e3o ser\u00e1 composta por quest\u00f5es de L\u00edngua Portuguesa, Matem\u00e1tica, Conhecimentos Gerais e Conhecimentos Espec\u00edficos. Para ser aprovado, o candidato dever\u00e1 obter, no m\u00ednimo, 50% de acertos no total da prova.<\/p>\n<h3>Prova pr\u00e1tica<\/h3>\n<p>De car\u00e1ter eliminat\u00f3rio, a prova pr\u00e1tica ser\u00e1 exigida apenas para os cargos de Oficial de Obras e Servi\u00e7os &#8211; Pedreiro, Motorista (Ve\u00edculo Leve, M\u00e9dio e Pesado) e Operador de M\u00e1quina Pesada. A convoca\u00e7\u00e3o seguir\u00e1 a ordem de classifica\u00e7\u00e3o dos candidatos mais bem pontuados na prova objetiva.<\/p>\n<h3>Prova de t\u00edtulos<\/h3>\n<p>Esta fase \u00e9 exclusivamente classificat\u00f3ria e se aplica somente aos cargos de n\u00edvel superior da \u00e1rea da educa\u00e7\u00e3o: Especialista em Educa\u00e7\u00e3o, Professor de Educa\u00e7\u00e3o F\u00edsica, Professor de Ingl\u00eas e Professor Municipal I. Ser\u00e3o considerados t\u00edtulos de especializa\u00e7\u00e3o, mestrado e doutorado, desde que relacionados \u00e0 \u00e1rea de atua\u00e7\u00e3o.<\/p>\n<h2>Validade do concurso<\/h2>\n<p>O prazo de validade do <a href=\"https:\/\/www.pensarcursos.com.br\/blog\/saiu-edital-concurso-com-1-400-vagas-e-salarios-de-ate-r-99-mil-abriu-inscricoes\/\">concurso p\u00fablico<\/a> ser\u00e1 de 2 anos, contados a partir da data de sua homologa\u00e7\u00e3o. Este prazo poder\u00e1 ser prorrogado por igual per\u00edodo, a crit\u00e9rio da Administra\u00e7\u00e3o P\u00fablica, conforme a necessidade de preenchimento de novas vagas que possam surgir.<\/p>\n<h2>Resumo do concurso da Prefeitura de Toledo- MG<\/h2>\n<table>\n<tbody>\n<tr>\n<th>Status<\/th>\n<td>Inscri\u00e7\u00f5es abertas<\/td>\n<\/tr>\n<tr>\n<th>Banca Organizadora<\/th>\n<td>Associa\u00e7\u00e3o Brasileira de Concursos P\u00fablicos \u2013 ABCP<\/td>\n<\/tr>\n<tr>\n<th>Cargos<\/th>\n<td>Diversos, incluindo Psic\u00f3logo, Assistente Social, Fisioterapeuta, Professor, Motorista, entre outros.<\/td>\n<\/tr>\n<tr>\n<th>Escolaridade<\/th>\n<td>N\u00edveis fundamental, m\u00e9dio, t\u00e9cnico e superior<\/td>\n<\/tr>\n<tr>\n<th>Vagas<\/th>\n<td>Mais de 200 vagas + Cadastro de Reserva<\/td>\n<\/tr>\n<tr>\n<th>Remunera\u00e7\u00e3o<\/th>\n<td>De R$ 1.518,00 a R$ 3.962,37<\/td>\n<\/tr>\n<tr>\n<th>Carga Hor\u00e1ria<\/th>\n<td>De 22 a 44 horas semanais<\/td>\n<\/tr>\n<tr>\n<th>Per\u00edodo de Inscri\u00e7\u00e3o<\/th>\n<td>At\u00e9 26\/01\/2026<\/td>\n<\/tr>\n<tr>\n<th>Taxa de Inscri\u00e7\u00e3o<\/th>\n<td>R$ 74,60 a R$ 114,60<\/td>\n<\/tr>\n<tr>\n<th>Data da Prova<\/th>\n<td>01\/03\/2026 e 08\/03\/2026<\/td>\n<\/tr>\n<tr>\n<th>Edital<\/th>\n<td><a href=\"https:\/\/www.pensarcursos.com.br\/blog\/wp-content\/uploads\/2026\/01\/Prefeitura-de-Toledo-MG-1.pdf\" target=\"_blank\" rel=\"noopener\">Concurso Prefeitura de Toledo- MG<\/a><\/td>\n<\/tr>\n<\/tbody>\n<\/table>\n<p>N\u00e3o deixe de conferir todos os <a href=\"https:\/\/www.pensarcursos.com.br\/blog\/concursos\/?utm_source=organicjLj694accceb291312ea5beb6c2&amp;utm_campaign=&amp;utm_medium=&amp;utm_content=&amp;utm_term=\" target=\"_blank\" rel=\"noopener\">concursos p\u00fablicos<\/a> dispon\u00edveis no portal do <a href=\"https:\/\/www.pensarcursos.com.br\/blog\" target=\"_blank\" rel=\"noopener\">Pensar Cursos<\/a>.<\/p>\n<p>Veja essas dicas para 2026:<\/p>\n<div class=\"jeg_video_container jeg_video_content\"><iframe title=\"Como come\u00e7ar a estudar pra concurso de n\u00edvel m\u00e9dio em 2026? Guia completo do zero\" width=\"500\" height=\"281\" src=\"https:\/\/www.youtube.com\/embed\/f5E3hwXslF0?feature=oembed\" frameborder=\"0\" allow=\"accelerometer; autoplay; clipboard-write; encrypted-media; gyroscope; picture-in-picture; web-share\" referrerpolicy=\"strict-origin-when-cross-origin\" allowfullscreen><\/iframe><\/div>\n","protected":false},"excerpt":{"rendered":"<p>Se voc\u00ea quer conquistar uma vaga no servi\u00e7o p\u00fablico em 2026 \u00e9 preciso ficar atento! Pois o per\u00edodo de inscri\u00e7\u00f5es para este concurso p\u00fablico com diversas vagas em \u00e1reas como sa\u00fade, educa\u00e7\u00e3o e administra\u00e7\u00e3o est\u00e1 se aproximando do fim. As oportunidades abrangem diferentes setores, com destaque para fun\u00e7\u00f5es como Psic\u00f3logo, Assistente Social, Fisioterapeuta, Enfermeiro, Professor [&hellip;]<\/p>\n","protected":false},"author":54,"featured_media":141650,"comment_status":"open","ping_status":"closed","sticky":false,"template":"","format":"standard","meta":{"jnews-multi-image_gallery":[],"jnews_single_post":{"subtitle":"N\u00e3o perca! Garanta agora sua inscri\u00e7\u00e3o","format":"standard","override":[{"template":"1","parallax":"1","fullscreen":"1","layout":"right-sidebar","sidebar":"default-sidebar","second_sidebar":"default-sidebar","sticky_sidebar":"1","share_position":"topbottom","share_float_style":"share-monocrhome","show_featured":"1","show_post_meta":"1","show_post_author":"1","show_post_author_image":"1","show_post_date":"1","post_date_format":"default","post_date_format_custom":"Y\/m\/d","show_post_category":"1","post_reading_time_wpm":"300","post_calculate_word_method":"str_word_count","show_zoom_button":"0","zoom_button_out_step":"2","zoom_button_in_step":"3","show_post_tag":"1","show_prev_next_post":"1","show_popup_post":"1","show_comment_section":"1","number_popup_post":"2","show_author_box":"1","show_post_related":"1","show_inline_post_related":"1"}],"image_override":[{"single_post_thumbnail_size":"crop-500","single_post_gallery_size":"crop-500"}],"trending_post_position":"meta","trending_post_label":"Trending","sponsored_post_label":"Sponsored by","disable_ad":"0"},"jnews_primary_category":[],"jnews_social_meta":[],"jnews_override_counter":{"view_counter_number":"0","share_counter_number":"0","like_counter_number":"0","dislike_counter_number":"0"},"footnotes":""},"categories":[29],"tags":[20084,37682,37681],"class_list":["post-141642","post","type-post","status-publish","format-standard","has-post-thumbnail","hentry","category-concursos","tag-concurso-mg","tag-concurso-toledo-mg","tag-prefeitura-de-toledo-mg"],"yoast_head":"<!-- This site is optimized with the Yoast SEO Premium plugin v27.4 (Yoast SEO v27.4) - https:\/\/yoast.com\/product\/yoast-seo-premium-wordpress\/ -->\n<title>\u00daltimos dias para se inscrever no concurso com vagas para Psic\u00f3logo, Assistente Social, Fisioterapeuta e outros cargos - Blog Pensar Cursos<\/title>\n<meta name=\"description\" content=\"\u00daltimos dias para se inscrever no concurso da Prefeitura de Toledo (MG). Vagas para Psic\u00f3logo, Assistente Social e outros cargos. Veja!\" \/>\n<meta name=\"robots\" content=\"index, follow, max-snippet:-1, max-image-preview:large, max-video-preview:-1\" \/>\n<link rel=\"canonical\" href=\"https:\/\/www.pensarcursos.com.br\/blog\/ultimos-dias-para-se-inscrever-no-concurso-com-vagas-para-psicologo-assistente-social-fisioterapeuta-e-outros-cargos\/\" \/>\n<meta property=\"og:locale\" content=\"pt_BR\" \/>\n<meta property=\"og:type\" content=\"article\" \/>\n<meta property=\"og:title\" content=\"\u00daltimos dias para se inscrever no concurso com vagas para Psic\u00f3logo, Assistente Social, Fisioterapeuta e outros cargos\" \/>\n<meta property=\"og:description\" content=\"\u00daltimos dias para se inscrever no concurso da Prefeitura de Toledo (MG). Vagas para Psic\u00f3logo, Assistente Social e outros cargos. Veja!\" \/>\n<meta property=\"og:url\" content=\"https:\/\/www.pensarcursos.com.br\/blog\/ultimos-dias-para-se-inscrever-no-concurso-com-vagas-para-psicologo-assistente-social-fisioterapeuta-e-outros-cargos\/\" \/>\n<meta property=\"og:site_name\" content=\"Blog Pensar Cursos\" \/>\n<meta property=\"article:publisher\" content=\"https:\/\/www.facebook.com\/pensarcursos\/\" \/>\n<meta property=\"article:published_time\" content=\"2026-01-24T18:59:40+00:00\" \/>\n<meta property=\"og:image\" content=\"https:\/\/www.pensarcursos.com.br\/blog\/wp-content\/uploads\/2026\/01\/concurso-prefeitura-de-toledo.webp\" \/>\n\t<meta property=\"og:image:width\" content=\"1200\" \/>\n\t<meta property=\"og:image:height\" content=\"800\" \/>\n\t<meta property=\"og:image:type\" content=\"image\/webp\" \/>\n<meta name=\"author\" content=\"Quezia Andrade\" \/>\n<meta name=\"twitter:card\" content=\"summary_large_image\" \/>\n<meta name=\"twitter:label1\" content=\"Escrito por\" \/>\n\t<meta name=\"twitter:data1\" content=\"Quezia Andrade\" \/>\n\t<meta name=\"twitter:label2\" content=\"Est. tempo de leitura\" \/>\n\t<meta name=\"twitter:data2\" content=\"6 minutos\" \/>\n<!-- \/ Yoast SEO Premium plugin. -->","yoast_head_json":{"title":"\u00daltimos dias para se inscrever no concurso com vagas para Psic\u00f3logo, Assistente Social, Fisioterapeuta e outros cargos - Blog Pensar Cursos","description":"\u00daltimos dias para se inscrever no concurso da Prefeitura de Toledo (MG). Vagas para Psic\u00f3logo, Assistente Social e outros cargos. Veja!","robots":{"index":"index","follow":"follow","max-snippet":"max-snippet:-1","max-image-preview":"max-image-preview:large","max-video-preview":"max-video-preview:-1"},"canonical":"https:\/\/www.pensarcursos.com.br\/blog\/ultimos-dias-para-se-inscrever-no-concurso-com-vagas-para-psicologo-assistente-social-fisioterapeuta-e-outros-cargos\/","og_locale":"pt_BR","og_type":"article","og_title":"\u00daltimos dias para se inscrever no concurso com vagas para Psic\u00f3logo, Assistente Social, Fisioterapeuta e outros cargos","og_description":"\u00daltimos dias para se inscrever no concurso da Prefeitura de Toledo (MG). Vagas para Psic\u00f3logo, Assistente Social e outros cargos. Veja!","og_url":"https:\/\/www.pensarcursos.com.br\/blog\/ultimos-dias-para-se-inscrever-no-concurso-com-vagas-para-psicologo-assistente-social-fisioterapeuta-e-outros-cargos\/","og_site_name":"Blog Pensar Cursos","article_publisher":"https:\/\/www.facebook.com\/pensarcursos\/","article_published_time":"2026-01-24T18:59:40+00:00","og_image":[{"width":1200,"height":800,"url":"https:\/\/www.pensarcursos.com.br\/blog\/wp-content\/uploads\/2026\/01\/concurso-prefeitura-de-toledo.webp","type":"image\/webp"}],"author":"Quezia Andrade","twitter_card":"summary_large_image","twitter_misc":{"Escrito por":"Quezia Andrade","Est. tempo de leitura":"6 minutos"},"schema":{"@context":"https:\/\/schema.org","@graph":[{"@type":["Article","BlogPosting"],"@id":"https:\/\/www.pensarcursos.com.br\/blog\/ultimos-dias-para-se-inscrever-no-concurso-com-vagas-para-psicologo-assistente-social-fisioterapeuta-e-outros-cargos\/#article","isPartOf":{"@id":"https:\/\/www.pensarcursos.com.br\/blog\/ultimos-dias-para-se-inscrever-no-concurso-com-vagas-para-psicologo-assistente-social-fisioterapeuta-e-outros-cargos\/"},"author":{"name":"Quezia Andrade","@id":"https:\/\/www.pensarcursos.com.br\/blog\/#\/schema\/person\/28714c166fa847c28e0ba3e4d47c1033"},"headline":"\u00daltimos dias para se inscrever no concurso com vagas para Psic\u00f3logo, Assistente Social, Fisioterapeuta e outros cargos","datePublished":"2026-01-24T18:59:40+00:00","mainEntityOfPage":{"@id":"https:\/\/www.pensarcursos.com.br\/blog\/ultimos-dias-para-se-inscrever-no-concurso-com-vagas-para-psicologo-assistente-social-fisioterapeuta-e-outros-cargos\/"},"wordCount":968,"commentCount":0,"publisher":{"@id":"https:\/\/www.pensarcursos.com.br\/blog\/#organization"},"image":{"@id":"https:\/\/www.pensarcursos.com.br\/blog\/ultimos-dias-para-se-inscrever-no-concurso-com-vagas-para-psicologo-assistente-social-fisioterapeuta-e-outros-cargos\/#primaryimage"},"thumbnailUrl":"https:\/\/www.pensarcursos.com.br\/blog\/wp-content\/uploads\/2026\/01\/concurso-prefeitura-de-toledo.webp","keywords":["concurso MG","concurso toledo mg","prefeitura de toledo mg"],"articleSection":["Concursos P\u00fablicos"],"inLanguage":"pt-BR","potentialAction":[{"@type":"CommentAction","name":"Comment","target":["https:\/\/www.pensarcursos.com.br\/blog\/ultimos-dias-para-se-inscrever-no-concurso-com-vagas-para-psicologo-assistente-social-fisioterapeuta-e-outros-cargos\/#respond"]}],"copyrightYear":"2026","copyrightHolder":{"@id":"https:\/\/www.pensarcursos.com.br\/blog\/#organization"}},{"@type":"WebPage","@id":"https:\/\/www.pensarcursos.com.br\/blog\/ultimos-dias-para-se-inscrever-no-concurso-com-vagas-para-psicologo-assistente-social-fisioterapeuta-e-outros-cargos\/","url":"https:\/\/www.pensarcursos.com.br\/blog\/ultimos-dias-para-se-inscrever-no-concurso-com-vagas-para-psicologo-assistente-social-fisioterapeuta-e-outros-cargos\/","name":"\u00daltimos dias para se inscrever no concurso com vagas para Psic\u00f3logo, Assistente Social, Fisioterapeuta e outros cargos - Blog Pensar Cursos","isPartOf":{"@id":"https:\/\/www.pensarcursos.com.br\/blog\/#website"},"primaryImageOfPage":{"@id":"https:\/\/www.pensarcursos.com.br\/blog\/ultimos-dias-para-se-inscrever-no-concurso-com-vagas-para-psicologo-assistente-social-fisioterapeuta-e-outros-cargos\/#primaryimage"},"image":{"@id":"https:\/\/www.pensarcursos.com.br\/blog\/ultimos-dias-para-se-inscrever-no-concurso-com-vagas-para-psicologo-assistente-social-fisioterapeuta-e-outros-cargos\/#primaryimage"},"thumbnailUrl":"https:\/\/www.pensarcursos.com.br\/blog\/wp-content\/uploads\/2026\/01\/concurso-prefeitura-de-toledo.webp","datePublished":"2026-01-24T18:59:40+00:00","description":"\u00daltimos dias para se inscrever no concurso da Prefeitura de Toledo (MG). Vagas para Psic\u00f3logo, Assistente Social e outros cargos. Veja!","breadcrumb":{"@id":"https:\/\/www.pensarcursos.com.br\/blog\/ultimos-dias-para-se-inscrever-no-concurso-com-vagas-para-psicologo-assistente-social-fisioterapeuta-e-outros-cargos\/#breadcrumb"},"inLanguage":"pt-BR","potentialAction":[{"@type":"ReadAction","target":["https:\/\/www.pensarcursos.com.br\/blog\/ultimos-dias-para-se-inscrever-no-concurso-com-vagas-para-psicologo-assistente-social-fisioterapeuta-e-outros-cargos\/"]}]},{"@type":"ImageObject","inLanguage":"pt-BR","@id":"https:\/\/www.pensarcursos.com.br\/blog\/ultimos-dias-para-se-inscrever-no-concurso-com-vagas-para-psicologo-assistente-social-fisioterapeuta-e-outros-cargos\/#primaryimage","url":"https:\/\/www.pensarcursos.com.br\/blog\/wp-content\/uploads\/2026\/01\/concurso-prefeitura-de-toledo.webp","contentUrl":"https:\/\/www.pensarcursos.com.br\/blog\/wp-content\/uploads\/2026\/01\/concurso-prefeitura-de-toledo.webp","width":1200,"height":800,"caption":"N\u00e3o perca a chance de se inscrever nos \u00faltimos dias do concurso p\u00fablico, com vagas abertas para Psic\u00f3logo, Assistente Social, Fisioterapeuta e outras \u00e1reas. Imagem: Pensar Cursos"},{"@type":"BreadcrumbList","@id":"https:\/\/www.pensarcursos.com.br\/blog\/ultimos-dias-para-se-inscrever-no-concurso-com-vagas-para-psicologo-assistente-social-fisioterapeuta-e-outros-cargos\/#breadcrumb","itemListElement":[{"@type":"ListItem","position":1,"name":"Home","item":"https:\/\/www.pensarcursos.com.br\/blog\/"},{"@type":"ListItem","position":2,"name":"\u00daltimos dias para se inscrever no concurso com vagas para Psic\u00f3logo, Assistente Social, Fisioterapeuta e outros cargos"}]},{"@type":"WebSite","@id":"https:\/\/www.pensarcursos.com.br\/blog\/#website","url":"https:\/\/www.pensarcursos.com.br\/blog\/","name":"Blog Pensar Cursos","description":"Maior Site de Cursos do Brasil","publisher":{"@id":"https:\/\/www.pensarcursos.com.br\/blog\/#organization"},"alternateName":"Blog Pensar","potentialAction":[{"@type":"SearchAction","target":{"@type":"EntryPoint","urlTemplate":"https:\/\/www.pensarcursos.com.br\/blog\/?s={search_term_string}"},"query-input":{"@type":"PropertyValueSpecification","valueRequired":true,"valueName":"search_term_string"}}],"inLanguage":"pt-BR"},{"@type":"Organization","@id":"https:\/\/www.pensarcursos.com.br\/blog\/#organization","name":"Pensar Cursos","alternateName":"Blog pensar","url":"https:\/\/www.pensarcursos.com.br\/blog\/","logo":{"@type":"ImageObject","inLanguage":"pt-BR","@id":"https:\/\/www.pensarcursos.com.br\/blog\/#\/schema\/logo\/image\/","url":"https:\/\/www.pensarcursos.com.br\/blog\/wp-content\/uploads\/2023\/11\/Nova-Logo-Pensar-Cursos-vertical.png","contentUrl":"https:\/\/www.pensarcursos.com.br\/blog\/wp-content\/uploads\/2023\/11\/Nova-Logo-Pensar-Cursos-vertical.png","width":1393,"height":1001,"caption":"Pensar Cursos"},"image":{"@id":"https:\/\/www.pensarcursos.com.br\/blog\/#\/schema\/logo\/image\/"},"sameAs":["https:\/\/www.facebook.com\/pensarcursos\/","https:\/\/instagram.com.br\/pensarcursos"],"description":"Pensar Cursos \u00e9 uma empresa especializada em oferecer cursos de alta qualidade voltados para o desenvolvimento profissional e acad\u00eamico. Com uma ampla gama de op\u00e7\u00f5es de treinamento, oferecemos conte\u00fados atualizados, ministrados por especialistas da \u00e1rea, para capacitar indiv\u00edduos e equipes a atingirem seus objetivos. Nossa miss\u00e3o \u00e9 proporcionar uma educa\u00e7\u00e3o transformadora, acess\u00edvel e personalizada para cada aluno, seja em cursos presenciais ou online. Com uma abordagem inovadora, buscamos adaptar os nossos programas de ensino \u00e0s necessidades do mercado, criando solu\u00e7\u00f5es que atendem aos desafios e exig\u00eancias do mundo corporativo e acad\u00eamico. Nossos cursos incluem desde forma\u00e7\u00f5es t\u00e9cnicas at\u00e9 habilidades essenciais, como lideran\u00e7a, gest\u00e3o e desenvolvimento pessoal.","email":"contato@pensarcursos.com.br","legalName":"Sena Servi\u00e7os de Informa\u00e7\u00e3o Online LTDA","foundingDate":"2013-04-18","vatID":"17956217000172","numberOfEmployees":{"@type":"QuantitativeValue","minValue":"11","maxValue":"50"},"publishingPrinciples":"https:\/\/www.pensarcursos.com.br\/blog\/principios-de-publicacao\/","ownershipFundingInfo":"https:\/\/www.pensarcursos.com.br\/blog\/informacoes-de-propriedade-financiamento\/","actionableFeedbackPolicy":"https:\/\/www.pensarcursos.com.br\/blog\/politica-de-feedback-acionavel\/","correctionsPolicy":"https:\/\/www.pensarcursos.com.br\/blog\/politica-de-correcoes\/","ethicsPolicy":"https:\/\/www.pensarcursos.com.br\/blog\/politica-de-etica\/"},{"@type":"Person","@id":"https:\/\/www.pensarcursos.com.br\/blog\/#\/schema\/person\/28714c166fa847c28e0ba3e4d47c1033","name":"Quezia Andrade","image":{"@type":"ImageObject","inLanguage":"pt-BR","@id":"https:\/\/secure.gravatar.com\/avatar\/ca40343eca0c667f062032144581527936aae03191aca76e9d4c4de5a5c7cd14?s=96&d=mm&r=g","url":"https:\/\/secure.gravatar.com\/avatar\/ca40343eca0c667f062032144581527936aae03191aca76e9d4c4de5a5c7cd14?s=96&d=mm&r=g","contentUrl":"https:\/\/secure.gravatar.com\/avatar\/ca40343eca0c667f062032144581527936aae03191aca76e9d4c4de5a5c7cd14?s=96&d=mm&r=g","caption":"Quezia Andrade"},"description":"Biom\u00e9dica CRBM2 n\u00ba 17394. Redatora do grupo Sena Online.","sameAs":["https:\/\/www.instagram.com\/_quezia_b?igsh=cWF2dDNxbXd6ejF4&utm_source=qr","https:\/\/www.linkedin.com\/in\/quzia-borges-andrade-907778266?utm_source=share&utm_campaign=share_via&utm_content=profile&utm_medium=ios_app"],"url":"https:\/\/www.pensarcursos.com.br\/blog\/author\/quezia\/"}]}},"_links":{"self":[{"href":"https:\/\/www.pensarcursos.com.br\/blog\/wp-json\/wp\/v2\/posts\/141642","targetHints":{"allow":["GET"]}}],"collection":[{"href":"https:\/\/www.pensarcursos.com.br\/blog\/wp-json\/wp\/v2\/posts"}],"about":[{"href":"https:\/\/www.pensarcursos.com.br\/blog\/wp-json\/wp\/v2\/types\/post"}],"author":[{"embeddable":true,"href":"https:\/\/www.pensarcursos.com.br\/blog\/wp-json\/wp\/v2\/users\/54"}],"replies":[{"embeddable":true,"href":"https:\/\/www.pensarcursos.com.br\/blog\/wp-json\/wp\/v2\/comments?post=141642"}],"version-history":[{"count":0,"href":"https:\/\/www.pensarcursos.com.br\/blog\/wp-json\/wp\/v2\/posts\/141642\/revisions"}],"wp:featuredmedia":[{"embeddable":true,"href":"https:\/\/www.pensarcursos.com.br\/blog\/wp-json\/wp\/v2\/media\/141650"}],"wp:attachment":[{"href":"https:\/\/www.pensarcursos.com.br\/blog\/wp-json\/wp\/v2\/media?parent=141642"}],"wp:term":[{"taxonomy":"category","embeddable":true,"href":"https:\/\/www.pensarcursos.com.br\/blog\/wp-json\/wp\/v2\/categories?post=141642"},{"taxonomy":"post_tag","embeddable":true,"href":"https:\/\/www.pensarcursos.com.br\/blog\/wp-json\/wp\/v2\/tags?post=141642"}],"curies":[{"name":"wp","href":"https:\/\/api.w.org\/{rel}","templated":true}]}}