{"id":141626,"date":"2026-01-24T13:59:57","date_gmt":"2026-01-24T16:59:57","guid":{"rendered":"https:\/\/www.pensarcursos.com.br\/blog\/?p=141626"},"modified":"2026-01-24T08:54:59","modified_gmt":"2026-01-24T11:54:59","slug":"quem-recebe-o-pe-de-meia-na-proxima-segunda-26-consulta-de-valores-foi-liberada","status":"publish","type":"post","link":"https:\/\/www.pensarcursos.com.br\/blog\/quem-recebe-o-pe-de-meia-na-proxima-segunda-26-consulta-de-valores-foi-liberada\/","title":{"rendered":"Quem recebe o P\u00e9-de-Meia na pr\u00f3xima segunda (26)? Consulta de valores foi liberada!"},"content":{"rendered":"<p>O programa\u00a0<strong>P\u00e9-de-Meia<\/strong>\u00a0foi criado para beneficiar estudantes do ensino m\u00e9dio da rede p\u00fablica com incentivos financeiros, estimulando a perman\u00eancia e a conclus\u00e3o dos estudos.<\/p>\n<p>Muitos estudantes aguardam pelo pr\u00f3ximo pagamento, principalmente na expectativa da segunda-feira, dia 26. Mas ser\u00e1 que haver\u00e1 pagamento?<\/p>\n<p>Veja abaixo todos os detalhes, quem tem direito, como consultar os valores e entenda as novas datas de pagamento!<\/p>\n<h2>Como funciona o pagamento do P\u00e9-de-Meia?<\/h2>\n<p>O <a href=\"https:\/\/www.pensarcursos.com.br\/blog\/pe-de-meia-2026-quando-comecam-os-pagamentos-de-janeiro\/\" target=\"_blank\" rel=\"noopener\">P\u00e9-de-Meia<\/a> foi regulamentado pela Lei n\u00ba 14.818\/2024 e beneficia estudantes do ensino m\u00e9dio p\u00fablico cadastrados no\u00a0<strong>Cad\u00danico<\/strong>\u00a0com renda per capita de at\u00e9 meio sal\u00e1rio-m\u00ednimo.<\/p>\n<p>O objetivo \u00e9 combater a evas\u00e3o escolar, oferecendo incentivos financeiros em contas da CAIXA abertas automaticamente no nome do estudante. Em 2026, o programa segue com novidades no calend\u00e1rio e facilidades de consulta.<\/p>\n<h2>P\u00e9-de-Meia: vai ter pagamentos nesta segunda-feira (26)?<\/h2>\n<p>Muitos se perguntam: \u201cPosso sacar o benef\u00edcio no dia 26 de janeiro?\u201d A resposta \u00e9\u00a0<strong>n\u00e3o<\/strong>. O calend\u00e1rio 2026 do P\u00e9-de-Meia n\u00e3o prev\u00ea pagamentos para janeiro.<\/p>\n<p>O Minist\u00e9rio da Educa\u00e7\u00e3o confirmou que os dep\u00f3sitos das \u00faltimas parcelas do ano letivo anterior acontecem apenas a partir de <strong>26 de fevereiro de 2026<\/strong>, seguindo um calend\u00e1rio de acordo com o m\u00eas de nascimento do estudante.<\/p>\n<h2>Datas do pagamento do P\u00e9-de-Meia em 2026<\/h2>\n<p><strong>O pagamento das parcelas de conclus\u00e3o e participa\u00e7\u00e3o no Enem ser\u00e1 feito conforme o m\u00eas de nascimento em fevereiro e mar\u00e7o de 2026<\/strong>, segundo o <a href=\"https:\/\/www.gov.br\/mec\/pt-br\/assuntos\/noticias\/2025\/junho\/pe-de-meia-alunos-receberao-em-todos-os-meses-de-2025\" target=\"_blank\" rel=\"noopener\">governo federal<\/a>:<\/p>\n<table>\n<thead>\n<tr>\n<th>M\u00eas de Nascimento<\/th>\n<th>Data do Pagamento<\/th>\n<\/tr>\n<\/thead>\n<tbody>\n<tr>\n<td>Janeiro e Fevereiro<\/td>\n<td>26 de fevereiro de 2026<\/td>\n<\/tr>\n<tr>\n<td>Mar\u00e7o e Abril<\/td>\n<td>27 de fevereiro de 2026<\/td>\n<\/tr>\n<tr>\n<td>Maio e Junho<\/td>\n<td>2 de mar\u00e7o de 2026<\/td>\n<\/tr>\n<tr>\n<td>Julho e Agosto<\/td>\n<td>3 de mar\u00e7o de 2026<\/td>\n<\/tr>\n<tr>\n<td>Setembro e Outubro<\/td>\n<td>4 de mar\u00e7o de 2026<\/td>\n<\/tr>\n<tr>\n<td>Novembro e Dezembro<\/td>\n<td>5 de mar\u00e7o de 2026<\/td>\n<\/tr>\n<\/tbody>\n<\/table>\n<p><strong>Portanto, nenhum estudante poder\u00e1 sacar valores do P\u00e9-de-Meia na segunda-feira, 26 de janeiro de 2026<\/strong>. Fique atento(a) ao calend\u00e1rio para saber exatamente quando o dep\u00f3sito estar\u00e1 dispon\u00edvel de acordo com sua data de nascimento.<\/p>\n<figure id=\"attachment_141631\" aria-describedby=\"caption-attachment-141631\" style=\"width: 1200px\" class=\"wp-caption aligncenter\"><img decoding=\"async\" class=\"wp-image-141631 size-full\" src=\"https:\/\/www.pensarcursos.com.br\/blog\/wp-content\/uploads\/2026\/01\/pagamento-Pe-de-Meia-Janeiro-2026.png\" alt=\"Estudante de uniforme escolar sorrindo e mostrando cart\u00e3o do programa P\u00e9-de-Meia com chip\" width=\"1200\" height=\"800\" srcset=\"https:\/\/www.pensarcursos.com.br\/blog\/wp-content\/uploads\/2026\/01\/pagamento-Pe-de-Meia-Janeiro-2026.png 1200w, https:\/\/www.pensarcursos.com.br\/blog\/wp-content\/uploads\/2026\/01\/pagamento-Pe-de-Meia-Janeiro-2026-300x200.png 300w, https:\/\/www.pensarcursos.com.br\/blog\/wp-content\/uploads\/2026\/01\/pagamento-Pe-de-Meia-Janeiro-2026-1024x683.png 1024w, https:\/\/www.pensarcursos.com.br\/blog\/wp-content\/uploads\/2026\/01\/pagamento-Pe-de-Meia-Janeiro-2026-768x512.png 768w, https:\/\/www.pensarcursos.com.br\/blog\/wp-content\/uploads\/2026\/01\/pagamento-Pe-de-Meia-Janeiro-2026-750x500.png 750w, https:\/\/www.pensarcursos.com.br\/blog\/wp-content\/uploads\/2026\/01\/pagamento-Pe-de-Meia-Janeiro-2026-1140x760.png 1140w\" sizes=\"(max-width: 1200px) 100vw, 1200px\" \/><figcaption id=\"caption-attachment-141631\" class=\"wp-caption-text\">Confira as pr\u00f3ximas datas do pagamento do P\u00e9-de-Meia em 2026. Imagem: Pensar Cursos<\/figcaption><\/figure>\n<h2>Quem tem direito ao P\u00e9-de-Meia?<\/h2>\n<p>Para receber o benef\u00edcio, o estudante precisa:<\/p>\n<ul>\n<li>Estar matriculado no ensino m\u00e9dio da rede p\u00fablica;<\/li>\n<li>Ter entre 14 e 24 anos (ou de 19 a 24 anos no caso do EJA);<\/li>\n<li>Pertencer a fam\u00edlia cadastrada no Cad\u00danico com renda per capita de at\u00e9 meio sal\u00e1rio-m\u00ednimo;<\/li>\n<li>Ter CPF ativo;<\/li>\n<li>Manter frequ\u00eancia escolar m\u00ednima de 80% no m\u00eas.<\/li>\n<\/ul>\n<p>Os estudantes n\u00e3o precisam se inscrever. Se cumprirem todos os requisitos, s\u00e3o selecionados automaticamente pelo Minist\u00e9rio da Educa\u00e7\u00e3o, e a <a href=\"https:\/\/www.pensarcursos.com.br\/blog\/caixa-libera-pagamento-de-r-6-220-veja-o-passo-a-passo-para-solicitar-em-janeiro\/\" target=\"_blank\" rel=\"noopener\">CAIXA<\/a> abre uma conta digital para receber os pagamentos.<\/p>\n<h2>Quais valores o estudante pode receber pelo P\u00e9-de-Meia?<\/h2>\n<p>O incentivo financeiro \u00e9 dividido em etapas:<\/p>\n<ul>\n<li><strong>Matr\u00edcula:<\/strong>\u00a0R$ 200,00 por ano<\/li>\n<li><strong>Frequ\u00eancia:<\/strong> R$ 1.800,00 ao ano (R$ 200,00\/m\u00eas)<\/li>\n<li><strong>Conclus\u00e3o:<\/strong>\u00a0R$ 1.000,00 por ano ap\u00f3s aprova\u00e7\u00e3o, dispon\u00edvel ao final do ensino m\u00e9dio<\/li>\n<li><strong>Enem:<\/strong>\u00a0R$ 200,00 por participa\u00e7\u00e3o<\/li>\n<\/ul>\n<p>Os valores s\u00e3o depositados automaticamente na conta do estudante.<\/p>\n<h2>Como consultar o valor do P\u00e9-de-Meia no Portal do MEC<\/h2>\n<p>Para saber se voc\u00ea tem direito ou qual o valor a receber, utilize o\u00a0<a href=\"https:\/\/estudante.pedemeia.mec.gov.br\/\" target=\"_blank\" rel=\"noopener\">Portal do Estudante P\u00e9-de-Meia<\/a>\u00a0no site do MEC.<\/p>\n<p>Basta acessar com sua conta do gov.br e verificar status do benef\u00edcio, datas de pagamento e informa\u00e7\u00f5es pessoais. A p\u00e1gina \u00e9 intuitiva e mais de 1,5 milh\u00e3o de estudantes j\u00e1 usam esse recurso para se manter informados.<\/p>\n<h3>Passo a passo para consultar:<\/h3>\n<ol>\n<li>Acesse o\u00a0site oficial do P\u00e9-de-Meia;<\/li>\n<li>Entre com seu CPF e senha da conta gov.br;<\/li>\n<li>Verifique datas de pagamento, valores e poss\u00edveis pend\u00eancias.<\/li>\n<\/ol>\n<p>Al\u00e9m disso, \u00e9 poss\u00edvel usar o aplicativo CAIXA Tem, App Benef\u00edcios Sociais CAIXA ou o Portal Cidad\u00e3o CAIXA para mais detalhes sobre a conta.<\/p>\n<h2>Quais documentos preciso para movimentar a conta?<\/h2>\n<p>Para movimentar a conta, o estudante pode usar o\u00a0<strong>App CAIXA Tem<\/strong>, terminais de autoatendimento, casas lot\u00e9ricas e correspondentes CAIXA Aqui.<\/p>\n<p>Menores de idade precisam de autoriza\u00e7\u00e3o do respons\u00e1vel legal, a ser feita pelo aplicativo ou presencialmente em ag\u00eancia CAIXA.<\/p>\n<h2>Dicas importantes sobre os pagamentos do P\u00e9-de-Meia<\/h2>\n<ul>\n<li>Confirme se seus dados no Cad\u00danico e escola est\u00e3o atualizados.<\/li>\n<li>Observe as datas corretamente: n\u00e3o tente sacar antes do calend\u00e1rio, pois o cr\u00e9dito n\u00e3o estar\u00e1 dispon\u00edvel.<\/li>\n<li>Se tiver problemas ou d\u00favidas, consulte sua escola ou o\u00a0site do <a href=\"https:\/\/www.gov.br\/mec\/pt-br\" target=\"_blank\" rel=\"noopener\">MEC<\/a>.<\/li>\n<li>Em caso de erro ou bloqueio do pagamento, verifique sua situa\u00e7\u00e3o cadastral no portal do estudante ou pe\u00e7a atualiza\u00e7\u00e3o na escola ou CRAS.<\/li>\n<\/ul>\n<h2>O que fazer se n\u00e3o for contemplado?<\/h2>\n<p>Caso n\u00e3o apare\u00e7a como benefici\u00e1rio, verifique se cumpre todos os crit\u00e9rios do Cad\u00danico, mantenha seus dados atualizados e fale diretamente com a escola ou com o CRAS do seu munic\u00edpio. Assim, voc\u00ea pode regularizar qualquer pend\u00eancia e garantir direito ao benef\u00edcio nos pr\u00f3ximos ciclos.<\/p>\n<h2>Perguntas frequentes<\/h2>\n<ul>\n<li><strong>Quando ser\u00e1 o pr\u00f3ximo pagamento do P\u00e9-de-Meia?<\/strong><br \/>\nEntre 26 de fevereiro e 5 de mar\u00e7o de 2026, conforme o m\u00eas de nascimento.<\/li>\n<li><strong>Posso receber algum valor do P\u00e9-de-Meia antes de fevereiro de 2026?<\/strong><br \/>\nN\u00e3o, n\u00e3o h\u00e1 libera\u00e7\u00f5es em janeiro. Todos os dep\u00f3sitos ser\u00e3o feitos a partir de 26 de fevereiro.<\/li>\n<li><strong>Como fa\u00e7o para consultar se fui selecionado?<\/strong><br \/>\nAcesse o portal do estudante P\u00e9-de-Meia com seu CPF e senha da conta gov.br para verificar sua situa\u00e7\u00e3o.<\/li>\n<li><strong>Se meus dados estiverem errados, posso corrigir?<\/strong><br \/>\nSim, atualize suas informa\u00e7\u00f5es na escola ou no CRAS\/Cad\u00danico do seu munic\u00edpio o quanto antes.<\/li>\n<\/ul>\n<p>Para conferir mais sobre o P\u00e9 de Meia, acesse a p\u00e1gina inicial do <a href=\"https:\/\/www.pensarcursos.com.br\/blog\/\" target=\"_blank\" rel=\"noopener\"><strong>Blog Pensar Cursos<\/strong><\/a>.<\/p>\n<div class=\"jeg_video_container jeg_video_content\"><iframe title=\"R$ 9 MIL pra Estudar? Veja Como Aproveitar Esse Benef\u00edcio do Governo!\" width=\"500\" height=\"281\" src=\"https:\/\/www.youtube.com\/embed\/8BM18YSdSWE?feature=oembed\" frameborder=\"0\" allow=\"accelerometer; autoplay; clipboard-write; encrypted-media; gyroscope; picture-in-picture; web-share\" referrerpolicy=\"strict-origin-when-cross-origin\" allowfullscreen><\/iframe><\/div>\n","protected":false},"excerpt":{"rendered":"<p>O programa\u00a0P\u00e9-de-Meia\u00a0foi criado para beneficiar estudantes do ensino m\u00e9dio da rede p\u00fablica com incentivos financeiros, estimulando a perman\u00eancia e a conclus\u00e3o dos estudos. Muitos estudantes aguardam pelo pr\u00f3ximo pagamento, principalmente na expectativa da segunda-feira, dia 26. Mas ser\u00e1 que haver\u00e1 pagamento? Veja abaixo todos os detalhes, quem tem direito, como consultar os valores e entenda [&hellip;]<\/p>\n","protected":false},"author":41,"featured_media":141633,"comment_status":"open","ping_status":"closed","sticky":false,"template":"","format":"standard","meta":{"jnews-multi-image_gallery":[],"jnews_single_post":{"subtitle":"Entenda quem pode sacar o P\u00e9-de-Meia e quando","format":"standard","override":[{"template":"1","parallax":"1","fullscreen":"1","layout":"right-sidebar","sidebar":"default-sidebar","second_sidebar":"default-sidebar","sticky_sidebar":"1","share_position":"topbottom","share_float_style":"share-monocrhome","show_featured":"1","show_post_meta":"1","show_post_author":"1","show_post_author_image":"1","show_post_date":"1","post_date_format":"default","post_date_format_custom":"Y\/m\/d","show_post_category":"1","post_reading_time_wpm":"300","post_calculate_word_method":"str_word_count","show_zoom_button":"0","zoom_button_out_step":"2","zoom_button_in_step":"3","show_post_tag":"1","show_prev_next_post":"1","show_popup_post":"1","show_comment_section":"1","number_popup_post":"2","show_author_box":"1","show_post_related":"1","show_inline_post_related":"1"}],"image_override":[{"single_post_thumbnail_size":"crop-500","single_post_gallery_size":"crop-500"}],"trending_post_position":"meta","trending_post_label":"Trending","sponsored_post_label":"Sponsored by","disable_ad":"0"},"jnews_primary_category":[],"jnews_social_meta":[],"jnews_override_counter":{"view_counter_number":"0","share_counter_number":"0","like_counter_number":"0","dislike_counter_number":"0"},"footnotes":""},"categories":[17201],"tags":[36014,36559,37678,17216,37677],"class_list":["post-141626","post","type-post","status-publish","format-standard","has-post-thumbnail","hentry","category-pe-de-meia","tag-calendario-pe-de-meia-2026","tag-consulta-pe-de-meia-2026","tag-datas-pagamento-incentivo-enem","tag-pagamento-pe-de-meia","tag-pagamentos-pe-de-meia-incentivo-conclusao"],"yoast_head":"<!-- This site is optimized with the Yoast SEO Premium plugin v27.4 (Yoast SEO v27.4) - https:\/\/yoast.com\/product\/yoast-seo-premium-wordpress\/ -->\n<title>Quem recebe o P\u00e9-de-Meia na pr\u00f3xima segunda (26)? Consulta de valores foi liberada! - Blog Pensar Cursos<\/title>\n<meta name=\"description\" content=\"Atualiza\u00e7\u00e3o sobre os pagamentos do P\u00e9-de-Meia: confira quem recebe a partir de 26 de fevereiro, como consultar valores pelo portal do MEC e calend\u00e1rio detalhado.\" \/>\n<meta name=\"robots\" content=\"index, follow, max-snippet:-1, max-image-preview:large, max-video-preview:-1\" \/>\n<link rel=\"canonical\" href=\"https:\/\/www.pensarcursos.com.br\/blog\/quem-recebe-o-pe-de-meia-na-proxima-segunda-26-consulta-de-valores-foi-liberada\/\" \/>\n<meta property=\"og:locale\" content=\"pt_BR\" \/>\n<meta property=\"og:type\" content=\"article\" \/>\n<meta property=\"og:title\" content=\"Quem recebe o P\u00e9-de-Meia na pr\u00f3xima segunda (26)? Consulta de valores foi liberada!\" \/>\n<meta property=\"og:description\" content=\"Atualiza\u00e7\u00e3o sobre os pagamentos do P\u00e9-de-Meia: confira quem recebe a partir de 26 de fevereiro, como consultar valores pelo portal do MEC e calend\u00e1rio detalhado.\" \/>\n<meta property=\"og:url\" content=\"https:\/\/www.pensarcursos.com.br\/blog\/quem-recebe-o-pe-de-meia-na-proxima-segunda-26-consulta-de-valores-foi-liberada\/\" \/>\n<meta property=\"og:site_name\" content=\"Blog Pensar Cursos\" \/>\n<meta property=\"article:publisher\" content=\"https:\/\/www.facebook.com\/pensarcursos\/\" \/>\n<meta property=\"article:published_time\" content=\"2026-01-24T16:59:57+00:00\" \/>\n<meta property=\"og:image\" content=\"https:\/\/www.pensarcursos.com.br\/blog\/wp-content\/uploads\/2026\/01\/Pagamento-Pe-de-Meia-2026-5.webp\" \/>\n\t<meta property=\"og:image:width\" content=\"1200\" \/>\n\t<meta property=\"og:image:height\" content=\"800\" \/>\n\t<meta property=\"og:image:type\" content=\"image\/webp\" \/>\n<meta name=\"author\" content=\"F\u00e1tima Azevedo\" \/>\n<meta name=\"twitter:card\" content=\"summary_large_image\" \/>\n<meta name=\"twitter:label1\" content=\"Escrito por\" \/>\n\t<meta name=\"twitter:data1\" content=\"F\u00e1tima Azevedo\" \/>\n\t<meta name=\"twitter:label2\" content=\"Est. tempo de leitura\" \/>\n\t<meta name=\"twitter:data2\" content=\"6 minutos\" \/>\n<!-- \/ Yoast SEO Premium plugin. -->","yoast_head_json":{"title":"Quem recebe o P\u00e9-de-Meia na pr\u00f3xima segunda (26)? Consulta de valores foi liberada! - Blog Pensar Cursos","description":"Atualiza\u00e7\u00e3o sobre os pagamentos do P\u00e9-de-Meia: confira quem recebe a partir de 26 de fevereiro, como consultar valores pelo portal do MEC e calend\u00e1rio detalhado.","robots":{"index":"index","follow":"follow","max-snippet":"max-snippet:-1","max-image-preview":"max-image-preview:large","max-video-preview":"max-video-preview:-1"},"canonical":"https:\/\/www.pensarcursos.com.br\/blog\/quem-recebe-o-pe-de-meia-na-proxima-segunda-26-consulta-de-valores-foi-liberada\/","og_locale":"pt_BR","og_type":"article","og_title":"Quem recebe o P\u00e9-de-Meia na pr\u00f3xima segunda (26)? Consulta de valores foi liberada!","og_description":"Atualiza\u00e7\u00e3o sobre os pagamentos do P\u00e9-de-Meia: confira quem recebe a partir de 26 de fevereiro, como consultar valores pelo portal do MEC e calend\u00e1rio detalhado.","og_url":"https:\/\/www.pensarcursos.com.br\/blog\/quem-recebe-o-pe-de-meia-na-proxima-segunda-26-consulta-de-valores-foi-liberada\/","og_site_name":"Blog Pensar Cursos","article_publisher":"https:\/\/www.facebook.com\/pensarcursos\/","article_published_time":"2026-01-24T16:59:57+00:00","og_image":[{"width":1200,"height":800,"url":"https:\/\/www.pensarcursos.com.br\/blog\/wp-content\/uploads\/2026\/01\/Pagamento-Pe-de-Meia-2026-5.webp","type":"image\/webp"}],"author":"F\u00e1tima Azevedo","twitter_card":"summary_large_image","twitter_misc":{"Escrito por":"F\u00e1tima Azevedo","Est. tempo de leitura":"6 minutos"},"schema":{"@context":"https:\/\/schema.org","@graph":[{"@type":["Article","BlogPosting"],"@id":"https:\/\/www.pensarcursos.com.br\/blog\/quem-recebe-o-pe-de-meia-na-proxima-segunda-26-consulta-de-valores-foi-liberada\/#article","isPartOf":{"@id":"https:\/\/www.pensarcursos.com.br\/blog\/quem-recebe-o-pe-de-meia-na-proxima-segunda-26-consulta-de-valores-foi-liberada\/"},"author":{"name":"F\u00e1tima Azevedo","@id":"https:\/\/www.pensarcursos.com.br\/blog\/#\/schema\/person\/827343e4611913410dcf62144b5b2a2d"},"headline":"Quem recebe o P\u00e9-de-Meia na pr\u00f3xima segunda (26)? Consulta de valores foi liberada!","datePublished":"2026-01-24T16:59:57+00:00","mainEntityOfPage":{"@id":"https:\/\/www.pensarcursos.com.br\/blog\/quem-recebe-o-pe-de-meia-na-proxima-segunda-26-consulta-de-valores-foi-liberada\/"},"wordCount":995,"commentCount":0,"publisher":{"@id":"https:\/\/www.pensarcursos.com.br\/blog\/#organization"},"image":{"@id":"https:\/\/www.pensarcursos.com.br\/blog\/quem-recebe-o-pe-de-meia-na-proxima-segunda-26-consulta-de-valores-foi-liberada\/#primaryimage"},"thumbnailUrl":"https:\/\/www.pensarcursos.com.br\/blog\/wp-content\/uploads\/2026\/01\/Pagamento-Pe-de-Meia-2026-5.webp","keywords":["calend\u00e1rio p\u00e9 de meia 2026","consulta p\u00e9 de meia 2026","datas pagamento incentivo enem","pagamento pe de meia","pagamentos p\u00e9 de meia incentivo conclus\u00e3o"],"articleSection":["P\u00e9-de-Meia"],"inLanguage":"pt-BR","potentialAction":[{"@type":"CommentAction","name":"Comment","target":["https:\/\/www.pensarcursos.com.br\/blog\/quem-recebe-o-pe-de-meia-na-proxima-segunda-26-consulta-de-valores-foi-liberada\/#respond"]}],"copyrightYear":"2026","copyrightHolder":{"@id":"https:\/\/www.pensarcursos.com.br\/blog\/#organization"}},{"@type":"WebPage","@id":"https:\/\/www.pensarcursos.com.br\/blog\/quem-recebe-o-pe-de-meia-na-proxima-segunda-26-consulta-de-valores-foi-liberada\/","url":"https:\/\/www.pensarcursos.com.br\/blog\/quem-recebe-o-pe-de-meia-na-proxima-segunda-26-consulta-de-valores-foi-liberada\/","name":"Quem recebe o P\u00e9-de-Meia na pr\u00f3xima segunda (26)? Consulta de valores foi liberada! - Blog Pensar Cursos","isPartOf":{"@id":"https:\/\/www.pensarcursos.com.br\/blog\/#website"},"primaryImageOfPage":{"@id":"https:\/\/www.pensarcursos.com.br\/blog\/quem-recebe-o-pe-de-meia-na-proxima-segunda-26-consulta-de-valores-foi-liberada\/#primaryimage"},"image":{"@id":"https:\/\/www.pensarcursos.com.br\/blog\/quem-recebe-o-pe-de-meia-na-proxima-segunda-26-consulta-de-valores-foi-liberada\/#primaryimage"},"thumbnailUrl":"https:\/\/www.pensarcursos.com.br\/blog\/wp-content\/uploads\/2026\/01\/Pagamento-Pe-de-Meia-2026-5.webp","datePublished":"2026-01-24T16:59:57+00:00","description":"Atualiza\u00e7\u00e3o sobre os pagamentos do P\u00e9-de-Meia: confira quem recebe a partir de 26 de fevereiro, como consultar valores pelo portal do MEC e calend\u00e1rio detalhado.","breadcrumb":{"@id":"https:\/\/www.pensarcursos.com.br\/blog\/quem-recebe-o-pe-de-meia-na-proxima-segunda-26-consulta-de-valores-foi-liberada\/#breadcrumb"},"inLanguage":"pt-BR","potentialAction":[{"@type":"ReadAction","target":["https:\/\/www.pensarcursos.com.br\/blog\/quem-recebe-o-pe-de-meia-na-proxima-segunda-26-consulta-de-valores-foi-liberada\/"]}]},{"@type":"ImageObject","inLanguage":"pt-BR","@id":"https:\/\/www.pensarcursos.com.br\/blog\/quem-recebe-o-pe-de-meia-na-proxima-segunda-26-consulta-de-valores-foi-liberada\/#primaryimage","url":"https:\/\/www.pensarcursos.com.br\/blog\/wp-content\/uploads\/2026\/01\/Pagamento-Pe-de-Meia-2026-5.webp","contentUrl":"https:\/\/www.pensarcursos.com.br\/blog\/wp-content\/uploads\/2026\/01\/Pagamento-Pe-de-Meia-2026-5.webp","width":1200,"height":800,"caption":"Consulta liberada para os novos pagamentos do P\u00e9-de-Meia em 2026. Imagem: Pensar Cursos"},{"@type":"BreadcrumbList","@id":"https:\/\/www.pensarcursos.com.br\/blog\/quem-recebe-o-pe-de-meia-na-proxima-segunda-26-consulta-de-valores-foi-liberada\/#breadcrumb","itemListElement":[{"@type":"ListItem","position":1,"name":"Home","item":"https:\/\/www.pensarcursos.com.br\/blog\/"},{"@type":"ListItem","position":2,"name":"Quem recebe o P\u00e9-de-Meia na pr\u00f3xima segunda (26)? Consulta de valores foi liberada!"}]},{"@type":"WebSite","@id":"https:\/\/www.pensarcursos.com.br\/blog\/#website","url":"https:\/\/www.pensarcursos.com.br\/blog\/","name":"Blog Pensar Cursos","description":"Maior Site de Cursos do Brasil","publisher":{"@id":"https:\/\/www.pensarcursos.com.br\/blog\/#organization"},"alternateName":"Blog Pensar","potentialAction":[{"@type":"SearchAction","target":{"@type":"EntryPoint","urlTemplate":"https:\/\/www.pensarcursos.com.br\/blog\/?s={search_term_string}"},"query-input":{"@type":"PropertyValueSpecification","valueRequired":true,"valueName":"search_term_string"}}],"inLanguage":"pt-BR"},{"@type":"Organization","@id":"https:\/\/www.pensarcursos.com.br\/blog\/#organization","name":"Pensar Cursos","alternateName":"Blog pensar","url":"https:\/\/www.pensarcursos.com.br\/blog\/","logo":{"@type":"ImageObject","inLanguage":"pt-BR","@id":"https:\/\/www.pensarcursos.com.br\/blog\/#\/schema\/logo\/image\/","url":"https:\/\/www.pensarcursos.com.br\/blog\/wp-content\/uploads\/2023\/11\/Nova-Logo-Pensar-Cursos-vertical.png","contentUrl":"https:\/\/www.pensarcursos.com.br\/blog\/wp-content\/uploads\/2023\/11\/Nova-Logo-Pensar-Cursos-vertical.png","width":1393,"height":1001,"caption":"Pensar Cursos"},"image":{"@id":"https:\/\/www.pensarcursos.com.br\/blog\/#\/schema\/logo\/image\/"},"sameAs":["https:\/\/www.facebook.com\/pensarcursos\/","https:\/\/instagram.com.br\/pensarcursos"],"description":"Pensar Cursos \u00e9 uma empresa especializada em oferecer cursos de alta qualidade voltados para o desenvolvimento profissional e acad\u00eamico. Com uma ampla gama de op\u00e7\u00f5es de treinamento, oferecemos conte\u00fados atualizados, ministrados por especialistas da \u00e1rea, para capacitar indiv\u00edduos e equipes a atingirem seus objetivos. Nossa miss\u00e3o \u00e9 proporcionar uma educa\u00e7\u00e3o transformadora, acess\u00edvel e personalizada para cada aluno, seja em cursos presenciais ou online. Com uma abordagem inovadora, buscamos adaptar os nossos programas de ensino \u00e0s necessidades do mercado, criando solu\u00e7\u00f5es que atendem aos desafios e exig\u00eancias do mundo corporativo e acad\u00eamico. Nossos cursos incluem desde forma\u00e7\u00f5es t\u00e9cnicas at\u00e9 habilidades essenciais, como lideran\u00e7a, gest\u00e3o e desenvolvimento pessoal.","email":"contato@pensarcursos.com.br","legalName":"Sena Servi\u00e7os de Informa\u00e7\u00e3o Online LTDA","foundingDate":"2013-04-18","vatID":"17956217000172","numberOfEmployees":{"@type":"QuantitativeValue","minValue":"11","maxValue":"50"},"publishingPrinciples":"https:\/\/www.pensarcursos.com.br\/blog\/principios-de-publicacao\/","ownershipFundingInfo":"https:\/\/www.pensarcursos.com.br\/blog\/informacoes-de-propriedade-financiamento\/","actionableFeedbackPolicy":"https:\/\/www.pensarcursos.com.br\/blog\/politica-de-feedback-acionavel\/","correctionsPolicy":"https:\/\/www.pensarcursos.com.br\/blog\/politica-de-correcoes\/","ethicsPolicy":"https:\/\/www.pensarcursos.com.br\/blog\/politica-de-etica\/"},{"@type":"Person","@id":"https:\/\/www.pensarcursos.com.br\/blog\/#\/schema\/person\/827343e4611913410dcf62144b5b2a2d","name":"F\u00e1tima Azevedo","image":{"@type":"ImageObject","inLanguage":"pt-BR","@id":"https:\/\/secure.gravatar.com\/avatar\/ea820c84e212573cc3f119ba576278fe7ad07b69ed7ca0c33223662227bb77ca?s=96&d=mm&r=g","url":"https:\/\/secure.gravatar.com\/avatar\/ea820c84e212573cc3f119ba576278fe7ad07b69ed7ca0c33223662227bb77ca?s=96&d=mm&r=g","contentUrl":"https:\/\/secure.gravatar.com\/avatar\/ea820c84e212573cc3f119ba576278fe7ad07b69ed7ca0c33223662227bb77ca?s=96&d=mm&r=g","caption":"F\u00e1tima Azevedo"},"description":"Graduada em Ci\u00eancias Biol\u00f3gicas. Professora. Redatora grupo Sena Online.","sameAs":["https:\/\/www.linkedin.com\/in\/maria-de-f\u00e1tima-oliveira-da-costa-74a1692a7"],"url":"https:\/\/www.pensarcursos.com.br\/blog\/author\/fatima\/"}]}},"_links":{"self":[{"href":"https:\/\/www.pensarcursos.com.br\/blog\/wp-json\/wp\/v2\/posts\/141626","targetHints":{"allow":["GET"]}}],"collection":[{"href":"https:\/\/www.pensarcursos.com.br\/blog\/wp-json\/wp\/v2\/posts"}],"about":[{"href":"https:\/\/www.pensarcursos.com.br\/blog\/wp-json\/wp\/v2\/types\/post"}],"author":[{"embeddable":true,"href":"https:\/\/www.pensarcursos.com.br\/blog\/wp-json\/wp\/v2\/users\/41"}],"replies":[{"embeddable":true,"href":"https:\/\/www.pensarcursos.com.br\/blog\/wp-json\/wp\/v2\/comments?post=141626"}],"version-history":[{"count":0,"href":"https:\/\/www.pensarcursos.com.br\/blog\/wp-json\/wp\/v2\/posts\/141626\/revisions"}],"wp:featuredmedia":[{"embeddable":true,"href":"https:\/\/www.pensarcursos.com.br\/blog\/wp-json\/wp\/v2\/media\/141633"}],"wp:attachment":[{"href":"https:\/\/www.pensarcursos.com.br\/blog\/wp-json\/wp\/v2\/media?parent=141626"}],"wp:term":[{"taxonomy":"category","embeddable":true,"href":"https:\/\/www.pensarcursos.com.br\/blog\/wp-json\/wp\/v2\/categories?post=141626"},{"taxonomy":"post_tag","embeddable":true,"href":"https:\/\/www.pensarcursos.com.br\/blog\/wp-json\/wp\/v2\/tags?post=141626"}],"curies":[{"name":"wp","href":"https:\/\/api.w.org\/{rel}","templated":true}]}}