{"id":141620,"date":"2026-01-24T12:39:11","date_gmt":"2026-01-24T15:39:11","guid":{"rendered":"https:\/\/www.pensarcursos.com.br\/blog\/?p=141620"},"modified":"2026-01-23T15:32:08","modified_gmt":"2026-01-23T18:32:08","slug":"2-concursos-com-salarios-de-ate-r-99-mil-encerram-inscricoes-neste-domingo-25","status":"publish","type":"post","link":"https:\/\/www.pensarcursos.com.br\/blog\/2-concursos-com-salarios-de-ate-r-99-mil-encerram-inscricoes-neste-domingo-25\/","title":{"rendered":"2 concursos com sal\u00e1rios de at\u00e9 R$ 9,9 mil encerram inscri\u00e7\u00f5es neste domingo (25)"},"content":{"rendered":"<p>Neste domingo, dois processos seletivos importantes finalizam suas inscri\u00e7\u00f5es, com chances para diferentes perfis e n\u00edveis de escolaridade. Se voc\u00ea busca uma posi\u00e7\u00e3o no servi\u00e7o p\u00fablico ou quer se preparar para os concursos p\u00fablico em 2026, \u00e9 hora de conferir os detalhes, entender os requisitos e agir r\u00e1pido para garantir sua inscri\u00e7\u00e3o.<\/p>\n<p>Os editais abertos contemplam centenas de vagas, remunera\u00e7\u00f5es de at\u00e9 R$ 9.960, e postos que v\u00e3o do ensino fundamental ao superior. A ampla abrang\u00eancia de cargos fazem destes concursos um destaque entre as sele\u00e7\u00f5es previstas para os pr\u00f3ximos anos. Veja como participar e quais cargos est\u00e3o dispon\u00edveis.<\/p>\n<h2>Vis\u00e3o geral dos concursos<\/h2>\n<p>Os interessados encontram vagas para todos os n\u00edveis de ensino, com sal\u00e1rios que v\u00e3o de pouco mais de R$ 1.500 at\u00e9 quase R$ 10 mil, al\u00e9m de aux\u00edlios adicionais. S\u00e3o dezenas de fun\u00e7\u00f5es administrativas e t\u00e9cnicas, cargos na \u00e1rea da sa\u00fade, engenharia, jur\u00eddico e muito mais.<\/p>\n<p>Os cargos dispon\u00edveis v\u00e3o desde auxiliar de servi\u00e7os gerais, motoristas, t\u00e9cnicos em diversas \u00e1reas, at\u00e9 cargos de n\u00edvel superior, como m\u00e9dicos, advogados, engenheiros, psic\u00f3logos e administradores. Obter informa\u00e7\u00f5es detalhadas sobre o perfil de cada fun\u00e7\u00e3o \u00e9 essencial, pois cada uma possui requisitos espec\u00edficos.<\/p>\n<h3>Remunera\u00e7\u00e3o e benef\u00edcios<\/h3>\n<p>Os sal\u00e1rios variam conforme o cargo e o n\u00edvel de escolaridade. Os cargos de n\u00edvel m\u00e9dio\/t\u00e9cnico chegam a R$ 4.204,90, j\u00e1 as vagas para n\u00edvel superior podem alcan\u00e7ar remunera\u00e7\u00e3o inicial de R$ 6.142,04 e, em postos como m\u00e9dico PSF, ultrapassam os R$ 9.960. Aux\u00edlios alimenta\u00e7\u00e3o, transporte e pr\u00e9-escolar integram o pacote para muitos cargos.<\/p>\n<h2>Detalhes sobre os concursos em destaque<\/h2>\n<p>Editais abertos englobam dezenas de fun\u00e7\u00f5es administrativas (auxiliar administrativo, recepcionista, almoxarife), al\u00e9m de vagas t\u00e9cnicas como t\u00e9cnico de TI (redes, sistemas, suporte), t\u00e9cnico em laborat\u00f3rio, contabilidade, enfermagem, edifica\u00e7\u00f5es, radiologia e cadastro \u00fanico.<\/p>\n<p>Para a maioria dos cargos t\u00e9cnicos, \u00e9 necess\u00e1rio possuir ensino m\u00e9dio completo e curso t\u00e9cnico na \u00e1rea correspondente. J\u00e1 para cargos exclusivos do n\u00edvel superior, exige-se diploma de gradua\u00e7\u00e3o e, quando cab\u00edvel, registro em conselho profissional.<\/p>\n<h2>Locais dos concursos e organizadoras<\/h2>\n<p>Os cargos ofertados concentram-se na Prefeitura Municipal de Eus\u00e9bio, Cear\u00e1. As convoca\u00e7\u00f5es, lota\u00e7\u00e3o e per\u00edcias acontecer\u00e3o no pr\u00f3prio munic\u00edpio e unidade que emitir o edital.<\/p>\n<p>As inscri\u00e7\u00f5es devem ser feitas no site da <a href=\"https:\/\/www.consulpam.com.br\/index.php?menu=concursos&amp;acao=ver&amp;id=781\" target=\"_blank\" rel=\"noopener\">Consulpam<\/a> at\u00e9 o dia 25 de janeiro. \u00c9 indispens\u00e1vel preencher todos os dados corretamente no formul\u00e1rio, depois emitir e pagar o boleto at\u00e9 o prazo limite. As taxas variam entre R$ 90 e R$ 160, de acordo ao n\u00edvel de escolaridade.<\/p>\n<figure id=\"attachment_141634\" aria-describedby=\"caption-attachment-141634\" style=\"width: 1200px\" class=\"wp-caption aligncenter\"><img decoding=\"async\" class=\"wp-image-141634 size-full\" src=\"https:\/\/www.pensarcursos.com.br\/blog\/wp-content\/uploads\/2026\/01\/editais-concursos-2026.webp\" alt=\"M\u00e3o segurando caneta preenchendo gabarito de concurso p\u00fablico com texto destacando o tema\" width=\"1200\" height=\"800\" srcset=\"https:\/\/www.pensarcursos.com.br\/blog\/wp-content\/uploads\/2026\/01\/editais-concursos-2026.webp 1200w, https:\/\/www.pensarcursos.com.br\/blog\/wp-content\/uploads\/2026\/01\/editais-concursos-2026-300x200.webp 300w, https:\/\/www.pensarcursos.com.br\/blog\/wp-content\/uploads\/2026\/01\/editais-concursos-2026-1024x683.webp 1024w, https:\/\/www.pensarcursos.com.br\/blog\/wp-content\/uploads\/2026\/01\/editais-concursos-2026-768x512.webp 768w, https:\/\/www.pensarcursos.com.br\/blog\/wp-content\/uploads\/2026\/01\/editais-concursos-2026-750x500.webp 750w, https:\/\/www.pensarcursos.com.br\/blog\/wp-content\/uploads\/2026\/01\/editais-concursos-2026-1140x760.webp 1140w\" sizes=\"(max-width: 1200px) 100vw, 1200px\" \/><figcaption id=\"caption-attachment-141634\" class=\"wp-caption-text\">Saiba como garantir sua vaga em concursos com inscri\u00e7\u00f5es at\u00e9 domingo. Imagem: Pensar Cursos Blog<\/figcaption><\/figure>\n<h3>Requisitos<\/h3>\n<ul>\n<li>Idade m\u00ednima: 18 anos<\/li>\n<li>Escolaridade: fundamental, m\u00e9dio, t\u00e9cnico ou superior (depende do cargo)<\/li>\n<li>Curso t\u00e9cnico ou diploma superior e registro profissional, conforme edital<\/li>\n<li>Documento de identidade, CPF e comprovante de escolaridade<\/li>\n<li>Pagamento da taxa de inscri\u00e7\u00e3o<\/li>\n<\/ul>\n<p>Alguns cargos exigem experi\u00eancia, como cozinheiro, pedreiro, calceteiro. Para motorista e operador de m\u00e1quinas, \u00e9 exigida habilita\u00e7\u00e3o na categoria adequada.<\/p>\n<h3>Vagas<\/h3>\n<p>S\u00e3o 362 vagas imediatas, mais 1.100 para cadastro de reserva. Os cargos abrangem \u00e1reas administrativas (auxiliar administrativo, almoxarife), t\u00e9cnicas (t\u00e9cnico de enfermagem, radiologia, edifica\u00e7\u00f5es, TI, laborat\u00f3rio, contabilidade), motoristas, operadores de m\u00e1quinas, al\u00e9m de postos de n\u00edvel superior (m\u00e9dicos PSF, psic\u00f3logos, engenheiros, advogados, assistentes sociais, nutricionistas).<\/p>\n<p>Auxiliar de servi\u00e7os gerais, cozinheiro, gari, porteiro e servente tamb\u00e9m est\u00e3o entre as fun\u00e7\u00f5es oferecidas para quem tem o ensino fundamental conclu\u00eddo.<\/p>\n<ul>\n<li><strong>Prova objetiva<\/strong>: todos os cargos, conte\u00fado de Administra\u00e7\u00e3o P\u00fablica, Conhecimentos Gerais, Espec\u00edficos e Inform\u00e1tica<\/li>\n<li><strong>Prova discursiva<\/strong>: exclusiva para o cargo de Advogado<\/li>\n<li><strong>Prova de t\u00edtulos<\/strong>: classificat\u00f3ria para cargos de n\u00edvel superior, t\u00e9cnico e advocacia<\/li>\n<\/ul>\n<p>As provas s\u00e3o em fevereiro e mar\u00e7o de 2026. Exig\u00eancia m\u00ednima para aprova\u00e7\u00e3o: 50% nas provas objetivas e de conhecimentos espec\u00edficos.<\/p>\n<p>Confira informa\u00e7\u00f5es sobre as fun\u00e7\u00f5es, datas e benef\u00edcios no <a href=\"https:\/\/www.pensarcursos.com.br\/blog\/wp-content\/uploads\/2026\/01\/20251209_000026_EDITAL-002.-2025-EUSEBIO-CARGOS-GERAIS-VF-1.pdf\" target=\"_blank\" rel=\"noopener\">edital<\/a> do certame.<\/p>\n<h3>Outra oportunidade de concurso<\/h3>\n<p>As inscri\u00e7\u00f5es para o concurso da UFRJ est\u00e3o abertas at\u00e9 25 de janeiro. Ao todo, s\u00e3o oferecidas 243 vagas para cargos administrativos, sendo que 40 delas destinam-se a fun\u00e7\u00f5es de n\u00edvel m\u00e9dio\/t\u00e9cnico. As inscri\u00e7\u00f5es podem ser feitas at\u00e9 25 de janeiro no portal do <a href=\"https:\/\/selecon.selecao.net.br\/informacoes\/64\/\" target=\"_blank\" rel=\"noopener\">Instituto Selecon<\/a>. O processo \u00e9 r\u00e1pido: basta acessar, preencher o formul\u00e1rio, gerar o boleto (R$ 90 para m\u00e9dio\/t\u00e9cnico, R$ 130 para superior) e pagar at\u00e9 a data definida.<\/p>\n<h3>Requisitos<\/h3>\n<ul>\n<li>Ensino m\u00e9dio completo para assistente ou t\u00e9cnicos<\/li>\n<li>Curso t\u00e9cnico na \u00e1rea espec\u00edfica para t\u00e9cnico de laborat\u00f3rio, TI, edifica\u00e7\u00f5es<\/li>\n<li>Gradua\u00e7\u00e3o e registro em conselho de classe para cargos de n\u00edvel superior<\/li>\n<li>Documento de identidade, CPF, comprovante da escolaridade e pagamento<\/li>\n<\/ul>\n<h3>Vagas<\/h3>\n<p>Ao todo, s\u00e3o 243 vagas imediatas para cargos de n\u00edveis m\u00e9dio, t\u00e9cnico e superior. Os destaques incluem:<\/p>\n<ul>\n<li>Assistente em administra\u00e7\u00e3o: 100 vagas<\/li>\n<li>T\u00e9cnicos em laborat\u00f3rios (Alimentos, Qu\u00edmica, Biologia, etc.): 12 vagas<\/li>\n<li>T\u00e9cnicos em TI (Sistemas, Redes, Suporte): 31 vagas<\/li>\n<li>T\u00e9cnicos em Contabilidade: 9 vagas<\/li>\n<li>Cargos superiores em diversas \u00e1reas: Administra\u00e7\u00e3o, Engenharia, Assist\u00eancia Social, Medicina, Psicologia, Nutri\u00e7\u00e3o, entre outros<\/li>\n<\/ul>\n<p><strong>Sal\u00e1rio:<\/strong> de R$ 4.204,90 para n\u00edveis m\u00e9dio e t\u00e9cnico; R$ 6.142,04 para superior. M\u00e9dicos PSF podem receber at\u00e9 R$ 9.960,97, considerando adicionais.<\/p>\n<ul>\n<li><strong>Prova objetiva<\/strong>: aplicada em 1\u00ba de mar\u00e7o de 2026 (n\u00edvel superior) e 8 de mar\u00e7o de 2026 (n\u00edveis m\u00e9dio e t\u00e9cnico)<\/li>\n<li><strong>Prova discursiva<\/strong>: tr\u00eas quest\u00f5es espec\u00edficas, n\u00edvel superior<\/li>\n<li><strong>Prova pr\u00e1tica<\/strong>: cargos de t\u00e9cnico de laborat\u00f3rio<\/li>\n<\/ul>\n<p>O resultado oficial est\u00e1 programado para junho de 2026. O concurso ter\u00e1 validade de dois anos, prorrog\u00e1vel pelo mesmo per\u00edodo.<\/p>\n<p>Para informa\u00e7\u00f5es sobre benef\u00edcios, remunera\u00e7\u00e3o extra e detalhes dos cargos, acesse o <a href=\"https:\/\/folha.qconcursos.com\/n\/concurso-ufrj-nivel-medio-tecnico\" target=\"_blank\" rel=\"noopener\">edital<\/a> completo.<\/p>\n<h2>Dicas finais para quem busca aprova\u00e7\u00e3o nos concursos em 2026<\/h2>\n<p>Mantenha seu planejamento de estudos atualizado, reserve tempo para revisar conte\u00fados exigidos e n\u00e3o descuide da leitura atenta dos editais. Tenha documentos digitalizados, acompanhe novidades e prepare-se estrategicamente para as provas. A prepara\u00e7\u00e3o antecipada \u00e9 o diferencial para garantir estabilidade no servi\u00e7o p\u00fablico em 2026.<\/p>\n<p>N\u00e3o deixe a inscri\u00e7\u00e3o para o \u00faltimo minuto!<\/p>\n<p>Conhe\u00e7a novas oportunidades de <a href=\"https:\/\/www.pensarcursos.com.br\/blog\/oportunidades-em-alta-concursos-publicos-para-ficar-de-olho-em-2026\/\" target=\"_blank\" rel=\"noopener\">concursos p\u00fablicos<\/a> e saiba como se preparar para os pr\u00f3ximos editais previstos para 2026:<\/p>\n<div class=\"jeg_video_container jeg_video_content\"><iframe title=\"Como come\u00e7ar a estudar pra concurso de n\u00edvel m\u00e9dio em 2026? Guia completo do zero\" width=\"500\" height=\"281\" src=\"https:\/\/www.youtube.com\/embed\/f5E3hwXslF0?feature=oembed\" frameborder=\"0\" allow=\"accelerometer; autoplay; clipboard-write; encrypted-media; gyroscope; picture-in-picture; web-share\" referrerpolicy=\"strict-origin-when-cross-origin\" allowfullscreen><\/iframe><\/div>\n","protected":false},"excerpt":{"rendered":"<p>Neste domingo, dois processos seletivos importantes finalizam suas inscri\u00e7\u00f5es, com chances para diferentes perfis e n\u00edveis de escolaridade. Se voc\u00ea busca uma posi\u00e7\u00e3o no servi\u00e7o p\u00fablico ou quer se preparar para os concursos p\u00fablico em 2026, \u00e9 hora de conferir os detalhes, entender os requisitos e agir r\u00e1pido para garantir sua inscri\u00e7\u00e3o. Os editais abertos [&hellip;]<\/p>\n","protected":false},"author":60,"featured_media":141632,"comment_status":"closed","ping_status":"closed","sticky":false,"template":"","format":"standard","meta":{"jnews-multi-image_gallery":[],"jnews_single_post":{"format":"standard","override":[{"template":"1","parallax":"1","fullscreen":"1","layout":"right-sidebar","sidebar":"default-sidebar","second_sidebar":"default-sidebar","sticky_sidebar":"1","share_position":"topbottom","share_float_style":"share-monocrhome","show_featured":"1","show_post_meta":"1","show_post_author":"1","show_post_author_image":"1","show_post_date":"1","post_date_format":"default","post_date_format_custom":"Y\/m\/d","show_post_category":"1","post_reading_time_wpm":"300","post_calculate_word_method":"str_word_count","show_zoom_button":"0","zoom_button_out_step":"2","zoom_button_in_step":"3","show_post_tag":"1","show_prev_next_post":"1","show_popup_post":"1","show_comment_section":"1","number_popup_post":"2","show_author_box":"1","show_post_related":"1","show_inline_post_related":"1"}],"image_override":[{"single_post_thumbnail_size":"crop-500","single_post_gallery_size":"crop-500"}],"trending_post_position":"meta","trending_post_label":"Trending","sponsored_post_label":"Sponsored by","disable_ad":"0","subtitle":"Descubra as melhores oportunidades de carreira nos concursos p\u00fablicos em 2026"},"jnews_primary_category":[],"jnews_social_meta":[],"jnews_override_counter":{"view_counter_number":"0","share_counter_number":"0","like_counter_number":"0","dislike_counter_number":"0"},"footnotes":""},"categories":[29,26],"tags":[36901,37680,37679],"class_list":["post-141620","post","type-post","status-publish","format-standard","has-post-thumbnail","hentry","category-concursos","category-empregos","tag-editais-concursos-2026","tag-edital-prefeitura-de-eusebio","tag-inscricoes-concurso-ufrj"],"yoast_head":"<!-- This site is optimized with the Yoast SEO Premium plugin v27.4 (Yoast SEO v27.4) - https:\/\/yoast.com\/product\/yoast-seo-premium-wordpress\/ -->\n<title>2 concursos com sal\u00e1rios de at\u00e9 R$ 9,9 mil encerram inscri\u00e7\u00f5es neste domingo (25) - Blog Pensar Cursos<\/title>\n<meta name=\"description\" content=\"Descubra dois concursos com sal\u00e1rios de at\u00e9 R$ 9,9 mil que encerram inscri\u00e7\u00f5es neste domingo. Confira vagas, requisitos, etapas e saiba como se inscrever. Prepare-se para os concursos de 2026!\" \/>\n<meta name=\"robots\" content=\"index, follow, max-snippet:-1, max-image-preview:large, max-video-preview:-1\" \/>\n<link rel=\"canonical\" href=\"https:\/\/www.pensarcursos.com.br\/blog\/2-concursos-com-salarios-de-ate-r-99-mil-encerram-inscricoes-neste-domingo-25\/\" \/>\n<meta property=\"og:locale\" content=\"pt_BR\" \/>\n<meta property=\"og:type\" content=\"article\" \/>\n<meta property=\"og:title\" content=\"2 concursos com sal\u00e1rios de at\u00e9 R$ 9,9 mil encerram inscri\u00e7\u00f5es neste domingo (25)\" \/>\n<meta property=\"og:description\" content=\"Descubra dois concursos com sal\u00e1rios de at\u00e9 R$ 9,9 mil que encerram inscri\u00e7\u00f5es neste domingo. Confira vagas, requisitos, etapas e saiba como se inscrever. Prepare-se para os concursos de 2026!\" \/>\n<meta property=\"og:url\" content=\"https:\/\/www.pensarcursos.com.br\/blog\/2-concursos-com-salarios-de-ate-r-99-mil-encerram-inscricoes-neste-domingo-25\/\" \/>\n<meta property=\"og:site_name\" content=\"Blog Pensar Cursos\" \/>\n<meta property=\"article:publisher\" content=\"https:\/\/www.facebook.com\/pensarcursos\/\" \/>\n<meta property=\"article:published_time\" content=\"2026-01-24T15:39:11+00:00\" \/>\n<meta property=\"og:image\" content=\"https:\/\/www.pensarcursos.com.br\/blog\/wp-content\/uploads\/2026\/01\/concurso-publico-2026-1.webp\" \/>\n\t<meta property=\"og:image:width\" content=\"1200\" \/>\n\t<meta property=\"og:image:height\" content=\"800\" \/>\n\t<meta property=\"og:image:type\" content=\"image\/webp\" \/>\n<meta name=\"author\" content=\"Luiza Pereira\" \/>\n<meta name=\"twitter:card\" content=\"summary_large_image\" \/>\n<meta name=\"twitter:label1\" content=\"Escrito por\" \/>\n\t<meta name=\"twitter:data1\" content=\"Luiza Pereira\" \/>\n\t<meta name=\"twitter:label2\" content=\"Est. tempo de leitura\" \/>\n\t<meta name=\"twitter:data2\" content=\"6 minutos\" \/>\n<!-- \/ Yoast SEO Premium plugin. -->","yoast_head_json":{"title":"2 concursos com sal\u00e1rios de at\u00e9 R$ 9,9 mil encerram inscri\u00e7\u00f5es neste domingo (25) - Blog Pensar Cursos","description":"Descubra dois concursos com sal\u00e1rios de at\u00e9 R$ 9,9 mil que encerram inscri\u00e7\u00f5es neste domingo. Confira vagas, requisitos, etapas e saiba como se inscrever. Prepare-se para os concursos de 2026!","robots":{"index":"index","follow":"follow","max-snippet":"max-snippet:-1","max-image-preview":"max-image-preview:large","max-video-preview":"max-video-preview:-1"},"canonical":"https:\/\/www.pensarcursos.com.br\/blog\/2-concursos-com-salarios-de-ate-r-99-mil-encerram-inscricoes-neste-domingo-25\/","og_locale":"pt_BR","og_type":"article","og_title":"2 concursos com sal\u00e1rios de at\u00e9 R$ 9,9 mil encerram inscri\u00e7\u00f5es neste domingo (25)","og_description":"Descubra dois concursos com sal\u00e1rios de at\u00e9 R$ 9,9 mil que encerram inscri\u00e7\u00f5es neste domingo. Confira vagas, requisitos, etapas e saiba como se inscrever. Prepare-se para os concursos de 2026!","og_url":"https:\/\/www.pensarcursos.com.br\/blog\/2-concursos-com-salarios-de-ate-r-99-mil-encerram-inscricoes-neste-domingo-25\/","og_site_name":"Blog Pensar Cursos","article_publisher":"https:\/\/www.facebook.com\/pensarcursos\/","article_published_time":"2026-01-24T15:39:11+00:00","og_image":[{"width":1200,"height":800,"url":"https:\/\/www.pensarcursos.com.br\/blog\/wp-content\/uploads\/2026\/01\/concurso-publico-2026-1.webp","type":"image\/webp"}],"author":"Luiza Pereira","twitter_card":"summary_large_image","twitter_misc":{"Escrito por":"Luiza Pereira","Est. tempo de leitura":"6 minutos"},"schema":{"@context":"https:\/\/schema.org","@graph":[{"@type":["Article","BlogPosting"],"@id":"https:\/\/www.pensarcursos.com.br\/blog\/2-concursos-com-salarios-de-ate-r-99-mil-encerram-inscricoes-neste-domingo-25\/#article","isPartOf":{"@id":"https:\/\/www.pensarcursos.com.br\/blog\/2-concursos-com-salarios-de-ate-r-99-mil-encerram-inscricoes-neste-domingo-25\/"},"author":{"name":"Luiza Pereira","@id":"https:\/\/www.pensarcursos.com.br\/blog\/#\/schema\/person\/b94ff84c7271a3cb9a5ce19e07b0ed5f"},"headline":"2 concursos com sal\u00e1rios de at\u00e9 R$ 9,9 mil encerram inscri\u00e7\u00f5es neste domingo (25)","datePublished":"2026-01-24T15:39:11+00:00","mainEntityOfPage":{"@id":"https:\/\/www.pensarcursos.com.br\/blog\/2-concursos-com-salarios-de-ate-r-99-mil-encerram-inscricoes-neste-domingo-25\/"},"wordCount":1129,"publisher":{"@id":"https:\/\/www.pensarcursos.com.br\/blog\/#organization"},"image":{"@id":"https:\/\/www.pensarcursos.com.br\/blog\/2-concursos-com-salarios-de-ate-r-99-mil-encerram-inscricoes-neste-domingo-25\/#primaryimage"},"thumbnailUrl":"https:\/\/www.pensarcursos.com.br\/blog\/wp-content\/uploads\/2026\/01\/concurso-publico-2026-1.webp","keywords":["editais concursos 2026","edital prefeitura de Eus\u00e9bio","inscri\u00e7\u00f5es concurso UFRJ"],"articleSection":["Concursos P\u00fablicos","Empregos"],"inLanguage":"pt-BR","copyrightYear":"2026","copyrightHolder":{"@id":"https:\/\/www.pensarcursos.com.br\/blog\/#organization"}},{"@type":"WebPage","@id":"https:\/\/www.pensarcursos.com.br\/blog\/2-concursos-com-salarios-de-ate-r-99-mil-encerram-inscricoes-neste-domingo-25\/","url":"https:\/\/www.pensarcursos.com.br\/blog\/2-concursos-com-salarios-de-ate-r-99-mil-encerram-inscricoes-neste-domingo-25\/","name":"2 concursos com sal\u00e1rios de at\u00e9 R$ 9,9 mil encerram inscri\u00e7\u00f5es neste domingo (25) - Blog Pensar Cursos","isPartOf":{"@id":"https:\/\/www.pensarcursos.com.br\/blog\/#website"},"primaryImageOfPage":{"@id":"https:\/\/www.pensarcursos.com.br\/blog\/2-concursos-com-salarios-de-ate-r-99-mil-encerram-inscricoes-neste-domingo-25\/#primaryimage"},"image":{"@id":"https:\/\/www.pensarcursos.com.br\/blog\/2-concursos-com-salarios-de-ate-r-99-mil-encerram-inscricoes-neste-domingo-25\/#primaryimage"},"thumbnailUrl":"https:\/\/www.pensarcursos.com.br\/blog\/wp-content\/uploads\/2026\/01\/concurso-publico-2026-1.webp","datePublished":"2026-01-24T15:39:11+00:00","description":"Descubra dois concursos com sal\u00e1rios de at\u00e9 R$ 9,9 mil que encerram inscri\u00e7\u00f5es neste domingo. Confira vagas, requisitos, etapas e saiba como se inscrever. Prepare-se para os concursos de 2026!","breadcrumb":{"@id":"https:\/\/www.pensarcursos.com.br\/blog\/2-concursos-com-salarios-de-ate-r-99-mil-encerram-inscricoes-neste-domingo-25\/#breadcrumb"},"inLanguage":"pt-BR","potentialAction":[{"@type":"ReadAction","target":["https:\/\/www.pensarcursos.com.br\/blog\/2-concursos-com-salarios-de-ate-r-99-mil-encerram-inscricoes-neste-domingo-25\/"]}]},{"@type":"ImageObject","inLanguage":"pt-BR","@id":"https:\/\/www.pensarcursos.com.br\/blog\/2-concursos-com-salarios-de-ate-r-99-mil-encerram-inscricoes-neste-domingo-25\/#primaryimage","url":"https:\/\/www.pensarcursos.com.br\/blog\/wp-content\/uploads\/2026\/01\/concurso-publico-2026-1.webp","contentUrl":"https:\/\/www.pensarcursos.com.br\/blog\/wp-content\/uploads\/2026\/01\/concurso-publico-2026-1.webp","width":1200,"height":800,"caption":"Saiba quem pode se inscrever e como n\u00e3o perder o prazo dos concursos em destaque. Imagem: Pensar Cursos Blog"},{"@type":"BreadcrumbList","@id":"https:\/\/www.pensarcursos.com.br\/blog\/2-concursos-com-salarios-de-ate-r-99-mil-encerram-inscricoes-neste-domingo-25\/#breadcrumb","itemListElement":[{"@type":"ListItem","position":1,"name":"Home","item":"https:\/\/www.pensarcursos.com.br\/blog\/"},{"@type":"ListItem","position":2,"name":"2 concursos com sal\u00e1rios de at\u00e9 R$ 9,9 mil encerram inscri\u00e7\u00f5es neste domingo (25)"}]},{"@type":"WebSite","@id":"https:\/\/www.pensarcursos.com.br\/blog\/#website","url":"https:\/\/www.pensarcursos.com.br\/blog\/","name":"Blog Pensar Cursos","description":"Maior Site de Cursos do Brasil","publisher":{"@id":"https:\/\/www.pensarcursos.com.br\/blog\/#organization"},"alternateName":"Blog Pensar","potentialAction":[{"@type":"SearchAction","target":{"@type":"EntryPoint","urlTemplate":"https:\/\/www.pensarcursos.com.br\/blog\/?s={search_term_string}"},"query-input":{"@type":"PropertyValueSpecification","valueRequired":true,"valueName":"search_term_string"}}],"inLanguage":"pt-BR"},{"@type":"Organization","@id":"https:\/\/www.pensarcursos.com.br\/blog\/#organization","name":"Pensar Cursos","alternateName":"Blog pensar","url":"https:\/\/www.pensarcursos.com.br\/blog\/","logo":{"@type":"ImageObject","inLanguage":"pt-BR","@id":"https:\/\/www.pensarcursos.com.br\/blog\/#\/schema\/logo\/image\/","url":"https:\/\/www.pensarcursos.com.br\/blog\/wp-content\/uploads\/2023\/11\/Nova-Logo-Pensar-Cursos-vertical.png","contentUrl":"https:\/\/www.pensarcursos.com.br\/blog\/wp-content\/uploads\/2023\/11\/Nova-Logo-Pensar-Cursos-vertical.png","width":1393,"height":1001,"caption":"Pensar Cursos"},"image":{"@id":"https:\/\/www.pensarcursos.com.br\/blog\/#\/schema\/logo\/image\/"},"sameAs":["https:\/\/www.facebook.com\/pensarcursos\/","https:\/\/instagram.com.br\/pensarcursos"],"description":"Pensar Cursos \u00e9 uma empresa especializada em oferecer cursos de alta qualidade voltados para o desenvolvimento profissional e acad\u00eamico. Com uma ampla gama de op\u00e7\u00f5es de treinamento, oferecemos conte\u00fados atualizados, ministrados por especialistas da \u00e1rea, para capacitar indiv\u00edduos e equipes a atingirem seus objetivos. Nossa miss\u00e3o \u00e9 proporcionar uma educa\u00e7\u00e3o transformadora, acess\u00edvel e personalizada para cada aluno, seja em cursos presenciais ou online. Com uma abordagem inovadora, buscamos adaptar os nossos programas de ensino \u00e0s necessidades do mercado, criando solu\u00e7\u00f5es que atendem aos desafios e exig\u00eancias do mundo corporativo e acad\u00eamico. Nossos cursos incluem desde forma\u00e7\u00f5es t\u00e9cnicas at\u00e9 habilidades essenciais, como lideran\u00e7a, gest\u00e3o e desenvolvimento pessoal.","email":"contato@pensarcursos.com.br","legalName":"Sena Servi\u00e7os de Informa\u00e7\u00e3o Online LTDA","foundingDate":"2013-04-18","vatID":"17956217000172","numberOfEmployees":{"@type":"QuantitativeValue","minValue":"11","maxValue":"50"},"publishingPrinciples":"https:\/\/www.pensarcursos.com.br\/blog\/principios-de-publicacao\/","ownershipFundingInfo":"https:\/\/www.pensarcursos.com.br\/blog\/informacoes-de-propriedade-financiamento\/","actionableFeedbackPolicy":"https:\/\/www.pensarcursos.com.br\/blog\/politica-de-feedback-acionavel\/","correctionsPolicy":"https:\/\/www.pensarcursos.com.br\/blog\/politica-de-correcoes\/","ethicsPolicy":"https:\/\/www.pensarcursos.com.br\/blog\/politica-de-etica\/"},{"@type":"Person","@id":"https:\/\/www.pensarcursos.com.br\/blog\/#\/schema\/person\/b94ff84c7271a3cb9a5ce19e07b0ed5f","name":"Luiza Pereira","image":{"@type":"ImageObject","inLanguage":"pt-BR","@id":"https:\/\/secure.gravatar.com\/avatar\/51a9cea3f558699054e6c6d962a79771188542d9b4d73e9f96d8c0586bc5f11d?s=96&d=mm&r=g","url":"https:\/\/secure.gravatar.com\/avatar\/51a9cea3f558699054e6c6d962a79771188542d9b4d73e9f96d8c0586bc5f11d?s=96&d=mm&r=g","contentUrl":"https:\/\/secure.gravatar.com\/avatar\/51a9cea3f558699054e6c6d962a79771188542d9b4d73e9f96d8c0586bc5f11d?s=96&d=mm&r=g","caption":"Luiza Pereira"},"description":"Graduanda em Pedagogia pela Universidade Estadual do Sudoeste da Bahia (UESB). Redatora do grupo Sena Online.","sameAs":["https:\/\/www.instagram.com\/luizza_pereiraa?igsh=MmltMGh0bHUzbnR0"],"url":"https:\/\/www.pensarcursos.com.br\/blog\/author\/luiza\/"}]}},"_links":{"self":[{"href":"https:\/\/www.pensarcursos.com.br\/blog\/wp-json\/wp\/v2\/posts\/141620","targetHints":{"allow":["GET"]}}],"collection":[{"href":"https:\/\/www.pensarcursos.com.br\/blog\/wp-json\/wp\/v2\/posts"}],"about":[{"href":"https:\/\/www.pensarcursos.com.br\/blog\/wp-json\/wp\/v2\/types\/post"}],"author":[{"embeddable":true,"href":"https:\/\/www.pensarcursos.com.br\/blog\/wp-json\/wp\/v2\/users\/60"}],"replies":[{"embeddable":true,"href":"https:\/\/www.pensarcursos.com.br\/blog\/wp-json\/wp\/v2\/comments?post=141620"}],"version-history":[{"count":0,"href":"https:\/\/www.pensarcursos.com.br\/blog\/wp-json\/wp\/v2\/posts\/141620\/revisions"}],"wp:featuredmedia":[{"embeddable":true,"href":"https:\/\/www.pensarcursos.com.br\/blog\/wp-json\/wp\/v2\/media\/141632"}],"wp:attachment":[{"href":"https:\/\/www.pensarcursos.com.br\/blog\/wp-json\/wp\/v2\/media?parent=141620"}],"wp:term":[{"taxonomy":"category","embeddable":true,"href":"https:\/\/www.pensarcursos.com.br\/blog\/wp-json\/wp\/v2\/categories?post=141620"},{"taxonomy":"post_tag","embeddable":true,"href":"https:\/\/www.pensarcursos.com.br\/blog\/wp-json\/wp\/v2\/tags?post=141620"}],"curies":[{"name":"wp","href":"https:\/\/api.w.org\/{rel}","templated":true}]}}