{"id":141580,"date":"2026-01-24T11:19:23","date_gmt":"2026-01-24T14:19:23","guid":{"rendered":"https:\/\/www.pensarcursos.com.br\/blog\/?p=141580"},"modified":"2026-01-23T11:43:20","modified_gmt":"2026-01-23T14:43:20","slug":"saiu-edital-novo-concurso-com-salarios-de-ate-r-77-mil-abriu-inscricoes-veja-como-se-inscrever","status":"publish","type":"post","link":"https:\/\/www.pensarcursos.com.br\/blog\/saiu-edital-novo-concurso-com-salarios-de-ate-r-77-mil-abriu-inscricoes-veja-como-se-inscrever\/","title":{"rendered":"SAIU EDITAL! Novo concurso com sal\u00e1rios de at\u00e9 R$ 7,7 mil abriu inscri\u00e7\u00f5es &#8211; Veja como se inscrever!"},"content":{"rendered":"<p>A abertura de inscri\u00e7\u00f5es est\u00e1 confirmada para o concurso da Prefeitura Municipal, com sal\u00e1rios que chegam a<strong> R$ 7.752,84.<\/strong> Interessados em atuar no servi\u00e7o p\u00fablico em 2026 podem garantir participa\u00e7\u00e3o at\u00e9 fevereiro de 2026. Confira os requisitos, etapas e saiba onde realizar a inscri\u00e7\u00e3o.<\/p>\n<h2>Detalhes sobre o concurso da Prefeitura Municipal<\/h2>\n<p>O <a href=\"https:\/\/www.pensarcursos.com.br\/blog\/saiu-edital-concurso-abriu-inscricoes-para-fisioterapeuta-psicologo-nutricionista-e-outros-cargos-salarios-de-ate-r-153-mil\/\">concurso <\/a>da Prefeitura Municipal oferece vagas para profissionais de n\u00edveis m\u00e9dio e superior, com o objetivo de preencher uma vaga imediata e criar cadastro reserva para futuras nomea\u00e7\u00f5es.<\/p>\n<p>As oportunidades s\u00e3o:<\/p>\n<ul>\n<li>Auxiliar Administrativo<\/li>\n<li>Monitor de Escola<\/li>\n<li>Procurador Jur\u00eddico (1 vaga imediata)<\/li>\n<\/ul>\n<h2>Requisitos para se candidatar<\/h2>\n<p>Para concorrer ao cargo desejado no concurso da Prefeitura Municipal, o candidato deve apresentar forma\u00e7\u00e3o de acordo com o n\u00edvel exigido:<\/p>\n<ul>\n<li>Ensino M\u00e9dio completo para Auxiliar Administrativo e Monitor de Escola<\/li>\n<li>Curso Superior em Direito, registro na OAB e demais crit\u00e9rios para Procurador Jur\u00eddico<\/li>\n<\/ul>\n<p>Outros requisitos podem ser consultados no edital oficial, incluindo idade m\u00ednima e apresenta\u00e7\u00e3o de documentos no ato da posse.<\/p>\n<h2>Remunera\u00e7\u00e3o<\/h2>\n<p>Os sal\u00e1rios variam de<strong> R$ 3.230,35 a R$ 7.752,84<\/strong> para jornadas de at\u00e9 40 horas semanais, conforme \u00e9 detalhado abaixo:<\/p>\n<table>\n<thead>\n<tr>\n<th>Cargo<\/th>\n<th>Carga Hor\u00e1ria Semanal<\/th>\n<th>Sal\u00e1rio Mensal (Vencimento B\u00e1sico)<\/th>\n<\/tr>\n<\/thead>\n<tbody>\n<tr>\n<td>Auxiliar Administrativo<\/td>\n<td>35h<\/td>\n<td>R$ 3.876,42<\/td>\n<\/tr>\n<tr>\n<td>Monitor de Escola<\/td>\n<td>40h<\/td>\n<td>R$ 3.230,35<\/td>\n<\/tr>\n<tr>\n<td>Procurador Jur\u00eddico<\/td>\n<td>35h<\/td>\n<td>R$ 7.752,84<\/td>\n<\/tr>\n<\/tbody>\n<\/table>\n<h2>Inscri\u00e7\u00f5es<\/h2>\n<p>As inscri\u00e7\u00f5es do concurso da Prefeitura Municipal de S\u00e3o Pedro do Buti\u00e1, no estado do Rio Grande do Sul (RS), podem ser feitas entre 14 de janeiro e 10 de fevereiro de 2026, at\u00e9 17h. Todas as inscri\u00e7\u00f5es devem ser realizadas online no site da <a href=\"https:\/\/fundacaolasalle.org.br\/concursos\/\" target=\"_blank\" rel=\"noopener\">Funda\u00e7\u00e3o La Salle<\/a>, banca respons\u00e1vel pela organiza\u00e7\u00e3o do certame.<\/p>\n<p>A taxa de inscri\u00e7\u00e3o \u00e9 de R$ 100,00 para cargos de n\u00edvel m\u00e9dio e R$ 180,00 para cargos de n\u00edvel superior. O pagamento deve ser feito at\u00e9 a data limite informada no boleto gerado ao finalizar a inscri\u00e7\u00e3o.<\/p>\n<h2>Processo de sele\u00e7\u00e3o<\/h2>\n<p>A sele\u00e7\u00e3o conta com prova objetiva para todos os cargos, marcada para<strong> 29 de mar\u00e7o de 2026.<\/strong> Para o cargo de Procurador Jur\u00eddico, ainda h\u00e1 etapa de prova de t\u00edtulos, seguindo crit\u00e9rios estabelecidos no edital.<\/p>\n<figure id=\"attachment_141583\" aria-describedby=\"caption-attachment-141583\" style=\"width: 1380px\" class=\"wp-caption aligncenter\"><img decoding=\"async\" class=\"wp-image-141583 size-full\" src=\"https:\/\/www.pensarcursos.com.br\/blog\/wp-content\/uploads\/2026\/01\/Concurso4-2.jpg\" alt=\"M\u00e3o revisando texto impresso com caneta vermelha em mesa de madeira.\" width=\"1380\" height=\"920\" srcset=\"https:\/\/www.pensarcursos.com.br\/blog\/wp-content\/uploads\/2026\/01\/Concurso4-2.jpg 1380w, https:\/\/www.pensarcursos.com.br\/blog\/wp-content\/uploads\/2026\/01\/Concurso4-2-300x200.jpg 300w, https:\/\/www.pensarcursos.com.br\/blog\/wp-content\/uploads\/2026\/01\/Concurso4-2-1024x683.jpg 1024w, https:\/\/www.pensarcursos.com.br\/blog\/wp-content\/uploads\/2026\/01\/Concurso4-2-768x512.jpg 768w, https:\/\/www.pensarcursos.com.br\/blog\/wp-content\/uploads\/2026\/01\/Concurso4-2-750x500.jpg 750w, https:\/\/www.pensarcursos.com.br\/blog\/wp-content\/uploads\/2026\/01\/Concurso4-2-1140x760.jpg 1140w\" sizes=\"(max-width: 1380px) 100vw, 1380px\" \/><figcaption id=\"caption-attachment-141583\" class=\"wp-caption-text\">Conhe\u00e7a as etapas do concurso da Prefeitura Municipal de S\u00e3o Pedro do Buti\u00e1. Imagem: Freepik<\/figcaption><\/figure>\n<ul>\n<li>Prova objetiva de m\u00faltipla escolha para todas as fun\u00e7\u00f5es<\/li>\n<li>Prova de t\u00edtulos exclusiva para Procurador Jur\u00eddico<\/li>\n<li>Crit\u00e9rios de desempate previstos no edital<\/li>\n<\/ul>\n<h2>Resumo do concurso<\/h2>\n<table>\n<tbody>\n<tr>\n<th>Status<\/th>\n<td>Aberto<\/td>\n<\/tr>\n<tr>\n<th>Banca<\/th>\n<td><a href=\"https:\/\/fundacaolasalle.org.br\/concursos\/\" target=\"_blank\" rel=\"noopener\">Funda\u00e7\u00e3o La Salle<\/a><\/td>\n<\/tr>\n<tr>\n<th>Cargos<\/th>\n<td>Auxiliar Administrativo, Monitor de Escola, Procurador Jur\u00eddico<\/td>\n<\/tr>\n<tr>\n<th>Escolaridade<\/th>\n<td>M\u00e9dio, Superior<\/td>\n<\/tr>\n<tr>\n<th>Vagas<\/th>\n<td>1 + cadastro reserva<\/td>\n<\/tr>\n<tr>\n<th>Sal\u00e1rio inicial<\/th>\n<td>R$ 3.230,35 a R$ 7.752,84<\/td>\n<\/tr>\n<tr>\n<th>Inscri\u00e7\u00f5es<\/th>\n<td>14\/01\/2026 a 10\/02\/2026<\/td>\n<\/tr>\n<tr>\n<th>Taxa inscri\u00e7\u00e3o<\/th>\n<td>R$ 100,00 ou R$ 180,00<\/td>\n<\/tr>\n<tr>\n<th>Data da prova objetiva<\/th>\n<td>29\/03\/2026<\/td>\n<\/tr>\n<tr>\n<th>Edital<\/th>\n<td><a href=\"https:\/\/www.pensarcursos.com.br\/blog\/wp-content\/uploads\/2026\/01\/Butia.pdf\" target=\"_blank\" rel=\"noopener\">Edital do concurso da Prefeitura Municipal de S\u00e3o Pedro do Buti\u00e1<\/a><\/td>\n<\/tr>\n<\/tbody>\n<\/table>\n<h2>Validade do concurso<\/h2>\n<p>O <a href=\"https:\/\/www.pensarcursos.com.br\/blog\/saiu-edital-concurso-para-fonoaudiologo-agente-comunitario-de-saude-dentista-e-outros-cargos-oferece-salarios-de-ate-r-101-mil\/\">concurso<\/a> da Prefeitura Municipal de S\u00e3o Pedro do Buti\u00e1 permanece v\u00e1lido por 2 anos a partir da homologa\u00e7\u00e3o do resultado final, podendo ser prorrogado uma vez por igual per\u00edodo, a crit\u00e9rio da administra\u00e7\u00e3o municipal.<\/p>\n<h2>Calend\u00e1rio<\/h2>\n<ul>\n<li>In\u00edcio das inscri\u00e7\u00f5es: 14 de janeiro de 2026<\/li>\n<li>T\u00e9rmino das inscri\u00e7\u00f5es: 10 de fevereiro de 2026<\/li>\n<li>Prazo para pagamento: At\u00e9 10 de fevereiro de 2026<\/li>\n<li>Prova objetiva: 29 de mar\u00e7o de 2026<\/li>\n<\/ul>\n<h2>Perguntas frequentes<\/h2>\n<ul>\n<li><strong>Quem pode se inscrever no concurso da Prefeitura Municipal?<\/strong><br \/>\nCandidatos que tenham o n\u00edvel de escolaridade exigido para cada cargo e atendam aos requisitos descritos no edital.<\/li>\n<li><strong>Como realizar a inscri\u00e7\u00e3o?<\/strong><br \/>\nA inscri\u00e7\u00e3o deve ser feita pela internet, no site da banca organizadora Funda\u00e7\u00e3o La Salle, entre 14\/01 e 10\/02 de 2026.<\/li>\n<li><strong>Qual o valor da taxa?<\/strong><br \/>\nR$ 100,00 para n\u00edvel m\u00e9dio e R$ 180,00 para n\u00edvel superior.<\/li>\n<li><strong>At\u00e9 quando vale o concurso?<\/strong><br \/>\nA validade \u00e9 de dois anos, prorrog\u00e1vel por igual per\u00edodo.<\/li>\n<li><strong>Quais os cargos e sal\u00e1rios?<\/strong><br \/>\nOs cargos s\u00e3o Auxiliar Administrativo, Monitor de Escola e Procurador Jur\u00eddico, com sal\u00e1rios de R$ 3.230,35 a R$ 7.752,84.<\/li>\n<li><strong>Quando ser\u00e1 realizada a prova objetiva?<\/strong><br \/>\nA prova est\u00e1 prevista para o dia 29 de mar\u00e7o de 2026.<\/li>\n<li><strong>Posso utilizar t\u00edtulos para aumentar minha nota?<\/strong><br \/>\nApenas para o cargo de Procurador Jur\u00eddico, h\u00e1 avalia\u00e7\u00e3o de t\u00edtulos.<\/li>\n<li><strong>Se eu for aprovado, quando serei chamado?<\/strong><br \/>\nA convoca\u00e7\u00e3o ocorre conforme a ordem de classifica\u00e7\u00e3o, seguindo a necessidade da administra\u00e7\u00e3o.<\/li>\n<\/ul>\n<p>N\u00e3o deixe de dar uma olhada em todos os concursos p\u00fablicos dispon\u00edveis no <strong><a href=\"https:\/\/www.pensarcursos.com.br\/blog?utm_source=pushnewsjLj694e70bc89399a4f8804bc7f&amp;utm_campaign=&amp;utm_medium=pushnotification&amp;utm_content=&amp;utm_term=\" target=\"_blank\" rel=\"noopener\">Pensar Cursos<\/a><\/strong>!<\/p>\n<div class=\"jeg_video_container jeg_video_content\"><iframe title=\"CONFIRMADO! Concurso Delegado PC-AP 2026: Banca anunciada e sal\u00e1rio de R$ 13 MIL!\" width=\"500\" height=\"281\" src=\"https:\/\/www.youtube.com\/embed\/dYE5MN6OabE?feature=oembed\" frameborder=\"0\" allow=\"accelerometer; autoplay; clipboard-write; encrypted-media; gyroscope; picture-in-picture; web-share\" referrerpolicy=\"strict-origin-when-cross-origin\" allowfullscreen><\/iframe><\/div>\n","protected":false},"excerpt":{"rendered":"<p>A abertura de inscri\u00e7\u00f5es est\u00e1 confirmada para o concurso da Prefeitura Municipal, com sal\u00e1rios que chegam a R$ 7.752,84. Interessados em atuar no servi\u00e7o p\u00fablico em 2026 podem garantir participa\u00e7\u00e3o at\u00e9 fevereiro de 2026. Confira os requisitos, etapas e saiba onde realizar a inscri\u00e7\u00e3o. Detalhes sobre o concurso da Prefeitura Municipal O concurso da Prefeitura [&hellip;]<\/p>\n","protected":false},"author":17,"featured_media":141581,"comment_status":"open","ping_status":"closed","sticky":false,"template":"","format":"standard","meta":{"jnews-multi-image_gallery":[],"jnews_single_post":{"format":"standard","override":[{"template":"1","parallax":"1","fullscreen":"1","layout":"right-sidebar","sidebar":"default-sidebar","second_sidebar":"default-sidebar","sticky_sidebar":"1","share_position":"topbottom","share_float_style":"share-monocrhome","show_featured":"1","show_post_meta":"1","show_post_author":"1","show_post_author_image":"1","show_post_date":"1","post_date_format":"default","post_date_format_custom":"Y\/m\/d","show_post_category":"1","post_reading_time_wpm":"300","post_calculate_word_method":"str_word_count","show_zoom_button":"0","zoom_button_out_step":"2","zoom_button_in_step":"3","show_post_tag":"1","show_prev_next_post":"1","show_popup_post":"1","show_comment_section":"1","number_popup_post":"2","show_author_box":"1","show_post_related":"1","show_inline_post_related":"1"}],"image_override":[{"single_post_thumbnail_size":"crop-500","single_post_gallery_size":"crop-500"}],"trending_post_position":"meta","trending_post_label":"Trending","sponsored_post_label":"Sponsored by","disable_ad":"0","subtitle":"As provas ser\u00e3o aplicadas em mar\u00e7o de 2026; saiba mais!"},"jnews_primary_category":[],"jnews_social_meta":[],"jnews_override_counter":{"view_counter_number":"0","share_counter_number":"0","like_counter_number":"0","dislike_counter_number":"0"},"footnotes":""},"categories":[29],"tags":[37668,37671,37670,37669],"class_list":["post-141580","post","type-post","status-publish","format-standard","has-post-thumbnail","hentry","category-concursos","tag-edital-concurso-da-prefeitura-de-sao-pedro-do-butia","tag-inscricoes-concurso-da-prefeitura-de-sao-pedro-do-butia","tag-salarios-concurso-da-prefeitura-de-sao-pedro-do-butia","tag-vagas-concurso-da-prefeitura-de-sao-pedro-do-butia"],"yoast_head":"<!-- This site is optimized with the Yoast SEO Premium plugin v27.4 (Yoast SEO v27.4) - https:\/\/yoast.com\/product\/yoast-seo-premium-wordpress\/ -->\n<title>SAIU EDITAL! Novo concurso com sal\u00e1rios de at\u00e9 R$ 7,7 mil abriu inscri\u00e7\u00f5es - Veja como se inscrever! - Blog Pensar Cursos<\/title>\n<meta name=\"description\" content=\"Concurso Prefeitura Municipal aberto! Inscri\u00e7\u00f5es at\u00e9 10\/02\/2026. Vagas para n\u00edveis m\u00e9dio e superior, sal\u00e1rios at\u00e9 R$ 7.752,84. Saiba mais e participe!\" \/>\n<meta name=\"robots\" content=\"index, follow, max-snippet:-1, max-image-preview:large, max-video-preview:-1\" \/>\n<link rel=\"canonical\" href=\"https:\/\/www.pensarcursos.com.br\/blog\/saiu-edital-novo-concurso-com-salarios-de-ate-r-77-mil-abriu-inscricoes-veja-como-se-inscrever\/\" \/>\n<meta property=\"og:locale\" content=\"pt_BR\" \/>\n<meta property=\"og:type\" content=\"article\" \/>\n<meta property=\"og:title\" content=\"SAIU EDITAL! Novo concurso com sal\u00e1rios de at\u00e9 R$ 7,7 mil abriu inscri\u00e7\u00f5es - Veja como se inscrever!\" \/>\n<meta property=\"og:description\" content=\"Concurso Prefeitura Municipal aberto! Inscri\u00e7\u00f5es at\u00e9 10\/02\/2026. Vagas para n\u00edveis m\u00e9dio e superior, sal\u00e1rios at\u00e9 R$ 7.752,84. Saiba mais e participe!\" \/>\n<meta property=\"og:url\" content=\"https:\/\/www.pensarcursos.com.br\/blog\/saiu-edital-novo-concurso-com-salarios-de-ate-r-77-mil-abriu-inscricoes-veja-como-se-inscrever\/\" \/>\n<meta property=\"og:site_name\" content=\"Blog Pensar Cursos\" \/>\n<meta property=\"article:publisher\" content=\"https:\/\/www.facebook.com\/pensarcursos\/\" \/>\n<meta property=\"article:author\" content=\"https:\/\/www.facebook.com\/profile.php?id=61550018262414\" \/>\n<meta property=\"article:published_time\" content=\"2026-01-24T14:19:23+00:00\" \/>\n<meta property=\"og:image\" content=\"https:\/\/www.pensarcursos.com.br\/blog\/wp-content\/uploads\/2026\/01\/Concurso-da-Prefeitura-de-Sao-Pedro-do-Butia.png\" \/>\n\t<meta property=\"og:image:width\" content=\"1200\" \/>\n\t<meta property=\"og:image:height\" content=\"800\" \/>\n\t<meta property=\"og:image:type\" content=\"image\/png\" \/>\n<meta name=\"author\" content=\"Gorete Costa\" \/>\n<meta name=\"twitter:card\" content=\"summary_large_image\" \/>\n<meta name=\"twitter:label1\" content=\"Escrito por\" \/>\n\t<meta name=\"twitter:data1\" content=\"Gorete Costa\" \/>\n\t<meta name=\"twitter:label2\" content=\"Est. tempo de leitura\" \/>\n\t<meta name=\"twitter:data2\" content=\"5 minutos\" \/>\n<!-- \/ Yoast SEO Premium plugin. -->","yoast_head_json":{"title":"SAIU EDITAL! Novo concurso com sal\u00e1rios de at\u00e9 R$ 7,7 mil abriu inscri\u00e7\u00f5es - Veja como se inscrever! - Blog Pensar Cursos","description":"Concurso Prefeitura Municipal aberto! Inscri\u00e7\u00f5es at\u00e9 10\/02\/2026. Vagas para n\u00edveis m\u00e9dio e superior, sal\u00e1rios at\u00e9 R$ 7.752,84. Saiba mais e participe!","robots":{"index":"index","follow":"follow","max-snippet":"max-snippet:-1","max-image-preview":"max-image-preview:large","max-video-preview":"max-video-preview:-1"},"canonical":"https:\/\/www.pensarcursos.com.br\/blog\/saiu-edital-novo-concurso-com-salarios-de-ate-r-77-mil-abriu-inscricoes-veja-como-se-inscrever\/","og_locale":"pt_BR","og_type":"article","og_title":"SAIU EDITAL! Novo concurso com sal\u00e1rios de at\u00e9 R$ 7,7 mil abriu inscri\u00e7\u00f5es - Veja como se inscrever!","og_description":"Concurso Prefeitura Municipal aberto! Inscri\u00e7\u00f5es at\u00e9 10\/02\/2026. Vagas para n\u00edveis m\u00e9dio e superior, sal\u00e1rios at\u00e9 R$ 7.752,84. Saiba mais e participe!","og_url":"https:\/\/www.pensarcursos.com.br\/blog\/saiu-edital-novo-concurso-com-salarios-de-ate-r-77-mil-abriu-inscricoes-veja-como-se-inscrever\/","og_site_name":"Blog Pensar Cursos","article_publisher":"https:\/\/www.facebook.com\/pensarcursos\/","article_author":"https:\/\/www.facebook.com\/profile.php?id=61550018262414","article_published_time":"2026-01-24T14:19:23+00:00","og_image":[{"width":1200,"height":800,"url":"https:\/\/www.pensarcursos.com.br\/blog\/wp-content\/uploads\/2026\/01\/Concurso-da-Prefeitura-de-Sao-Pedro-do-Butia.png","type":"image\/png"}],"author":"Gorete Costa","twitter_card":"summary_large_image","twitter_misc":{"Escrito por":"Gorete Costa","Est. tempo de leitura":"5 minutos"},"schema":{"@context":"https:\/\/schema.org","@graph":[{"@type":["Article","BlogPosting"],"@id":"https:\/\/www.pensarcursos.com.br\/blog\/saiu-edital-novo-concurso-com-salarios-de-ate-r-77-mil-abriu-inscricoes-veja-como-se-inscrever\/#article","isPartOf":{"@id":"https:\/\/www.pensarcursos.com.br\/blog\/saiu-edital-novo-concurso-com-salarios-de-ate-r-77-mil-abriu-inscricoes-veja-como-se-inscrever\/"},"author":{"name":"Gorete Costa","@id":"https:\/\/www.pensarcursos.com.br\/blog\/#\/schema\/person\/e133b19d62595d6ab0c12f3e5436a7bb"},"headline":"SAIU EDITAL! Novo concurso com sal\u00e1rios de at\u00e9 R$ 7,7 mil abriu inscri\u00e7\u00f5es &#8211; Veja como se inscrever!","datePublished":"2026-01-24T14:19:23+00:00","mainEntityOfPage":{"@id":"https:\/\/www.pensarcursos.com.br\/blog\/saiu-edital-novo-concurso-com-salarios-de-ate-r-77-mil-abriu-inscricoes-veja-como-se-inscrever\/"},"wordCount":764,"commentCount":1,"publisher":{"@id":"https:\/\/www.pensarcursos.com.br\/blog\/#organization"},"image":{"@id":"https:\/\/www.pensarcursos.com.br\/blog\/saiu-edital-novo-concurso-com-salarios-de-ate-r-77-mil-abriu-inscricoes-veja-como-se-inscrever\/#primaryimage"},"thumbnailUrl":"https:\/\/www.pensarcursos.com.br\/blog\/wp-content\/uploads\/2026\/01\/Concurso-da-Prefeitura-de-Sao-Pedro-do-Butia.png","keywords":["edital concurso da prefeitura de s\u00e3o pedro do buti\u00e1","inscri\u00e7\u00f5es concurso da prefeitura de s\u00e3o pedro do buti\u00e1","sal\u00e1rios concurso da prefeitura de s\u00e3o pedro do buti\u00e1","vagas concurso da prefeitura de s\u00e3o pedro do buti\u00e1"],"articleSection":["Concursos P\u00fablicos"],"inLanguage":"pt-BR","potentialAction":[{"@type":"CommentAction","name":"Comment","target":["https:\/\/www.pensarcursos.com.br\/blog\/saiu-edital-novo-concurso-com-salarios-de-ate-r-77-mil-abriu-inscricoes-veja-como-se-inscrever\/#respond"]}],"copyrightYear":"2026","copyrightHolder":{"@id":"https:\/\/www.pensarcursos.com.br\/blog\/#organization"}},{"@type":"WebPage","@id":"https:\/\/www.pensarcursos.com.br\/blog\/saiu-edital-novo-concurso-com-salarios-de-ate-r-77-mil-abriu-inscricoes-veja-como-se-inscrever\/","url":"https:\/\/www.pensarcursos.com.br\/blog\/saiu-edital-novo-concurso-com-salarios-de-ate-r-77-mil-abriu-inscricoes-veja-como-se-inscrever\/","name":"SAIU EDITAL! Novo concurso com sal\u00e1rios de at\u00e9 R$ 7,7 mil abriu inscri\u00e7\u00f5es - Veja como se inscrever! - Blog Pensar Cursos","isPartOf":{"@id":"https:\/\/www.pensarcursos.com.br\/blog\/#website"},"primaryImageOfPage":{"@id":"https:\/\/www.pensarcursos.com.br\/blog\/saiu-edital-novo-concurso-com-salarios-de-ate-r-77-mil-abriu-inscricoes-veja-como-se-inscrever\/#primaryimage"},"image":{"@id":"https:\/\/www.pensarcursos.com.br\/blog\/saiu-edital-novo-concurso-com-salarios-de-ate-r-77-mil-abriu-inscricoes-veja-como-se-inscrever\/#primaryimage"},"thumbnailUrl":"https:\/\/www.pensarcursos.com.br\/blog\/wp-content\/uploads\/2026\/01\/Concurso-da-Prefeitura-de-Sao-Pedro-do-Butia.png","datePublished":"2026-01-24T14:19:23+00:00","description":"Concurso Prefeitura Municipal aberto! Inscri\u00e7\u00f5es at\u00e9 10\/02\/2026. Vagas para n\u00edveis m\u00e9dio e superior, sal\u00e1rios at\u00e9 R$ 7.752,84. Saiba mais e participe!","breadcrumb":{"@id":"https:\/\/www.pensarcursos.com.br\/blog\/saiu-edital-novo-concurso-com-salarios-de-ate-r-77-mil-abriu-inscricoes-veja-como-se-inscrever\/#breadcrumb"},"inLanguage":"pt-BR","potentialAction":[{"@type":"ReadAction","target":["https:\/\/www.pensarcursos.com.br\/blog\/saiu-edital-novo-concurso-com-salarios-de-ate-r-77-mil-abriu-inscricoes-veja-como-se-inscrever\/"]}]},{"@type":"ImageObject","inLanguage":"pt-BR","@id":"https:\/\/www.pensarcursos.com.br\/blog\/saiu-edital-novo-concurso-com-salarios-de-ate-r-77-mil-abriu-inscricoes-veja-como-se-inscrever\/#primaryimage","url":"https:\/\/www.pensarcursos.com.br\/blog\/wp-content\/uploads\/2026\/01\/Concurso-da-Prefeitura-de-Sao-Pedro-do-Butia.png","contentUrl":"https:\/\/www.pensarcursos.com.br\/blog\/wp-content\/uploads\/2026\/01\/Concurso-da-Prefeitura-de-Sao-Pedro-do-Butia.png","width":1200,"height":800,"caption":"Veja todos os detalhes do edital e como se inscrever no no concurso da Prefeitura Municipal. Imagem: Pensar Cursos"},{"@type":"BreadcrumbList","@id":"https:\/\/www.pensarcursos.com.br\/blog\/saiu-edital-novo-concurso-com-salarios-de-ate-r-77-mil-abriu-inscricoes-veja-como-se-inscrever\/#breadcrumb","itemListElement":[{"@type":"ListItem","position":1,"name":"Home","item":"https:\/\/www.pensarcursos.com.br\/blog\/"},{"@type":"ListItem","position":2,"name":"SAIU EDITAL! Novo concurso com sal\u00e1rios de at\u00e9 R$ 7,7 mil abriu inscri\u00e7\u00f5es &#8211; Veja como se inscrever!"}]},{"@type":"WebSite","@id":"https:\/\/www.pensarcursos.com.br\/blog\/#website","url":"https:\/\/www.pensarcursos.com.br\/blog\/","name":"Blog Pensar Cursos","description":"Maior Site de Cursos do Brasil","publisher":{"@id":"https:\/\/www.pensarcursos.com.br\/blog\/#organization"},"alternateName":"Blog Pensar","potentialAction":[{"@type":"SearchAction","target":{"@type":"EntryPoint","urlTemplate":"https:\/\/www.pensarcursos.com.br\/blog\/?s={search_term_string}"},"query-input":{"@type":"PropertyValueSpecification","valueRequired":true,"valueName":"search_term_string"}}],"inLanguage":"pt-BR"},{"@type":"Organization","@id":"https:\/\/www.pensarcursos.com.br\/blog\/#organization","name":"Pensar Cursos","alternateName":"Blog pensar","url":"https:\/\/www.pensarcursos.com.br\/blog\/","logo":{"@type":"ImageObject","inLanguage":"pt-BR","@id":"https:\/\/www.pensarcursos.com.br\/blog\/#\/schema\/logo\/image\/","url":"https:\/\/www.pensarcursos.com.br\/blog\/wp-content\/uploads\/2023\/11\/Nova-Logo-Pensar-Cursos-vertical.png","contentUrl":"https:\/\/www.pensarcursos.com.br\/blog\/wp-content\/uploads\/2023\/11\/Nova-Logo-Pensar-Cursos-vertical.png","width":1393,"height":1001,"caption":"Pensar Cursos"},"image":{"@id":"https:\/\/www.pensarcursos.com.br\/blog\/#\/schema\/logo\/image\/"},"sameAs":["https:\/\/www.facebook.com\/pensarcursos\/","https:\/\/instagram.com.br\/pensarcursos"],"description":"Pensar Cursos \u00e9 uma empresa especializada em oferecer cursos de alta qualidade voltados para o desenvolvimento profissional e acad\u00eamico. Com uma ampla gama de op\u00e7\u00f5es de treinamento, oferecemos conte\u00fados atualizados, ministrados por especialistas da \u00e1rea, para capacitar indiv\u00edduos e equipes a atingirem seus objetivos. Nossa miss\u00e3o \u00e9 proporcionar uma educa\u00e7\u00e3o transformadora, acess\u00edvel e personalizada para cada aluno, seja em cursos presenciais ou online. Com uma abordagem inovadora, buscamos adaptar os nossos programas de ensino \u00e0s necessidades do mercado, criando solu\u00e7\u00f5es que atendem aos desafios e exig\u00eancias do mundo corporativo e acad\u00eamico. Nossos cursos incluem desde forma\u00e7\u00f5es t\u00e9cnicas at\u00e9 habilidades essenciais, como lideran\u00e7a, gest\u00e3o e desenvolvimento pessoal.","email":"contato@pensarcursos.com.br","legalName":"Sena Servi\u00e7os de Informa\u00e7\u00e3o Online LTDA","foundingDate":"2013-04-18","vatID":"17956217000172","numberOfEmployees":{"@type":"QuantitativeValue","minValue":"11","maxValue":"50"},"publishingPrinciples":"https:\/\/www.pensarcursos.com.br\/blog\/principios-de-publicacao\/","ownershipFundingInfo":"https:\/\/www.pensarcursos.com.br\/blog\/informacoes-de-propriedade-financiamento\/","actionableFeedbackPolicy":"https:\/\/www.pensarcursos.com.br\/blog\/politica-de-feedback-acionavel\/","correctionsPolicy":"https:\/\/www.pensarcursos.com.br\/blog\/politica-de-correcoes\/","ethicsPolicy":"https:\/\/www.pensarcursos.com.br\/blog\/politica-de-etica\/"},{"@type":"Person","@id":"https:\/\/www.pensarcursos.com.br\/blog\/#\/schema\/person\/e133b19d62595d6ab0c12f3e5436a7bb","name":"Gorete Costa","image":{"@type":"ImageObject","inLanguage":"pt-BR","@id":"https:\/\/secure.gravatar.com\/avatar\/8cb99f142e1cb1312d8c202378c20dc4f7210145acc22805481f4a3f47ce9b6f?s=96&d=mm&r=g","url":"https:\/\/secure.gravatar.com\/avatar\/8cb99f142e1cb1312d8c202378c20dc4f7210145acc22805481f4a3f47ce9b6f?s=96&d=mm&r=g","contentUrl":"https:\/\/secure.gravatar.com\/avatar\/8cb99f142e1cb1312d8c202378c20dc4f7210145acc22805481f4a3f47ce9b6f?s=96&d=mm&r=g","caption":"Gorete Costa"},"description":"Graduada em Servi\u00e7o Social pela Universidade do Norte do Paran\u00e1 (Unopar), Gorete Costa \u00e9 especialista em comunica\u00e7\u00e3o, atuando como radialista em programas jornal\u00edsticos e de entretenimento, al\u00e9m de produ\u00e7\u00e3o e revis\u00e3o de textos informativos para sites e blogs.","sameAs":["https:\/\/www.facebook.com\/profile.php?id=61550018262414"],"url":"https:\/\/www.pensarcursos.com.br\/blog\/author\/gorete\/"}]}},"_links":{"self":[{"href":"https:\/\/www.pensarcursos.com.br\/blog\/wp-json\/wp\/v2\/posts\/141580","targetHints":{"allow":["GET"]}}],"collection":[{"href":"https:\/\/www.pensarcursos.com.br\/blog\/wp-json\/wp\/v2\/posts"}],"about":[{"href":"https:\/\/www.pensarcursos.com.br\/blog\/wp-json\/wp\/v2\/types\/post"}],"author":[{"embeddable":true,"href":"https:\/\/www.pensarcursos.com.br\/blog\/wp-json\/wp\/v2\/users\/17"}],"replies":[{"embeddable":true,"href":"https:\/\/www.pensarcursos.com.br\/blog\/wp-json\/wp\/v2\/comments?post=141580"}],"version-history":[{"count":0,"href":"https:\/\/www.pensarcursos.com.br\/blog\/wp-json\/wp\/v2\/posts\/141580\/revisions"}],"wp:featuredmedia":[{"embeddable":true,"href":"https:\/\/www.pensarcursos.com.br\/blog\/wp-json\/wp\/v2\/media\/141581"}],"wp:attachment":[{"href":"https:\/\/www.pensarcursos.com.br\/blog\/wp-json\/wp\/v2\/media?parent=141580"}],"wp:term":[{"taxonomy":"category","embeddable":true,"href":"https:\/\/www.pensarcursos.com.br\/blog\/wp-json\/wp\/v2\/categories?post=141580"},{"taxonomy":"post_tag","embeddable":true,"href":"https:\/\/www.pensarcursos.com.br\/blog\/wp-json\/wp\/v2\/tags?post=141580"}],"curies":[{"name":"wp","href":"https:\/\/api.w.org\/{rel}","templated":true}]}}