{"id":141572,"date":"2026-01-23T22:39:17","date_gmt":"2026-01-24T01:39:17","guid":{"rendered":"https:\/\/www.pensarcursos.com.br\/blog\/?p=141572"},"modified":"2026-01-23T11:20:41","modified_gmt":"2026-01-23T14:20:41","slug":"saiu-edital-concurso-com-vagas-para-advogado-agente-administrativo-biologo-contador-odontologo-e-outros-cargos-oferece-salarios-de-ate-r-151-mil","status":"publish","type":"post","link":"https:\/\/www.pensarcursos.com.br\/blog\/saiu-edital-concurso-com-vagas-para-advogado-agente-administrativo-biologo-contador-odontologo-e-outros-cargos-oferece-salarios-de-ate-r-151-mil\/","title":{"rendered":"SAIU EDITAL! Concurso com vagas para Advogado, Agente Administrativo, Bi\u00f3logo, Contador, Odont\u00f3logo e outros cargos oferece sal\u00e1rios de at\u00e9 R$ 15,1 mil"},"content":{"rendered":"<p>Aten\u00e7\u00e3o concurseiros em busca de uma nova vaga! O\u00a0<strong>concurso da Prefeitura Municipal<\/strong>\u00a0est\u00e1 com edital publicado e abriu inscri\u00e7\u00f5es para <strong>118 vagas<\/strong> em diversos cargos, com sal\u00e1rios iniciais que chegam a\u00a0<strong>R$ 15.150,93<\/strong>. As oportunidades contemplam desde o n\u00edvel fundamental at\u00e9 o superior, incluindo \u00e1reas como advocacia, administra\u00e7\u00e3o, biologia, contabilidade, odontologia e outros.<\/p>\n<p>As inscri\u00e7\u00f5es podem ser feitas at\u00e9 fevereiro de 2026 e os candidatos interessados devem verificar os requisitos espec\u00edficos de cada fun\u00e7\u00e3o. Prepare-se para encontrar, nesta mat\u00e9ria, todas as informa\u00e7\u00f5es sobre vagas, sal\u00e1rios, etapas e detalhes importantes sobre o concurso.<\/p>\n<h2>Detalhes sobre o concurso da Prefeitura<\/h2>\n<p>O<a href=\"https:\/\/www.pensarcursos.com.br\/blog\/concurso-da-guarda-municipal-de-sao-paulo-com-500-vagas-e-salario-inicial-de-r-41-mil-veja-como-se-preparar\/\"> concurso<\/a> da Prefeitura Municipal oferece chances para variadas forma\u00e7\u00f5es profissionais. Entre os destaques, est\u00e3o vagas para advogado, agente administrativo, bi\u00f3logo, contador e odont\u00f3logo, al\u00e9m de cargos como m\u00e9dico, engenheiro, professor, motorista e oper\u00e1rio. Ao todo, s\u00e3o 118 vagas imediatas e cadastro de reserva.<\/p>\n<p>Confira abaixo as 118 oportunidades dispon\u00edveis:<\/p>\n<ul>\n<li>Advogado (1 vaga);<\/li>\n<li>Agente Administrativo (3 vagas);<\/li>\n<li>Agente Comunit\u00e1rio de Sa\u00fade (2 vagas);<\/li>\n<li>Agente de Combate \u00e0s Endemias (1 vaga);<\/li>\n<li>Arquiteto (1 vaga);<\/li>\n<li>Auxiliar de Controle Interno (1 vaga);<\/li>\n<li>Auxiliar de Sala (10 vagas);<\/li>\n<li>Auxiliar Geral de Conserva\u00e7\u00e3o (10 vagas);<\/li>\n<li>Bi\u00f3logo (1 vaga);<\/li>\n<li>Contador (1 vaga);<\/li>\n<li>Controlador Interno (1 vaga);<\/li>\n<li>Educador F\u00edsico (1 vaga);<\/li>\n<li>Encanador (1 vaga);<\/li>\n<li>Enfermeiro (3 vagas);<\/li>\n<li>Engenheiro Agr\u00f4nomo (1 vaga);<\/li>\n<li>Engenheiro Ambiental e Sanitarista (1 vaga);<\/li>\n<li>Engenheiro Civil (2 vagas);<\/li>\n<li>Farmac\u00eautico (2 vagas);<\/li>\n<li>Fisioterapeuta (2 vagas);<\/li>\n<li>Fonoaudi\u00f3logo (2 vagas);<\/li>\n<li>Mec\u00e2nico (1 vaga);<\/li>\n<li>M\u00e9dico (4 vagas);<\/li>\n<li>M\u00e9dico Psiquiatra (1 vaga);<\/li>\n<li>M\u00e9dico Psiquiatra Infantil (1 vaga);<\/li>\n<li>M\u00e9dico Ginecologista\/Obstetra (1 vaga);<\/li>\n<li>Monitor de Transporte Escolar (5 vagas);<\/li>\n<li>Motorista (10 vagas);<\/li>\n<li>Neuropsicopedagogo (1 vaga);<\/li>\n<li>Nutricionista (1 vaga);<\/li>\n<li>Odont\u00f3logo (1 vaga);<\/li>\n<li>Odont\u00f3logo especialista em Endodontia (1 vaga);<\/li>\n<li>Operador de ETA (1 vaga);<\/li>\n<li>Operador de M\u00e1quinas (5 vagas);<\/li>\n<li>Orientador Social (2 vagas);<\/li>\n<li>Pedreiro (1 vaga);<\/li>\n<li>Professor (8 vagas);<\/li>\n<li>Professor de Atendimento Educacional Especializado (1 vaga);<\/li>\n<li>Professor de Artes (1 vaga);<\/li>\n<li>Professor de Educa\u00e7\u00e3o F\u00edsica (1 vaga);<\/li>\n<li>Professor de Ingl\u00eas (1 vaga);<\/li>\n<li>Professor de Italiano (1 vaga);<\/li>\n<li>Psic\u00f3logo &#8211; Especialista em ABA (1 vaga);<\/li>\n<li>Psic\u00f3logo (1 vaga);<\/li>\n<li>Psicopedagogo (1 vaga);<\/li>\n<li>Recepcionista (2 vagas);<\/li>\n<li>Servente (4 vagas);<\/li>\n<li>T\u00e9cnico em Enfermagem (1 vaga);<\/li>\n<li>T\u00e9cnico em Sa\u00fade Bucal (1 vaga);<\/li>\n<li>Terapeuta Ocupacional (1 vaga).<\/li>\n<\/ul>\n<h2>Requisitos para se candidatar<\/h2>\n<p>Para participar do novo concurso, \u00e9 necess\u00e1rio atender a diversos requisitos, entre eles:<\/p>\n<ul>\n<li>Idade m\u00ednima de 18 anos<\/li>\n<li>Escolaridade conforme exigida pelo cargo (fundamental, m\u00e9dio, t\u00e9cnico ou superior)<\/li>\n<li>Registro em conselho de classe, quando necess\u00e1rio<\/li>\n<li>Preenchimento dos demais crit\u00e9rios detalhados no edital<\/li>\n<\/ul>\n<h2>Remunera\u00e7\u00e3o<\/h2>\n<p>A remunera\u00e7\u00e3o mensal varia entre <strong>R$ 1.056,43 e R$ 15.150,93<\/strong>, com carga hor\u00e1ria de 20 a 40 horas semanais.<\/p>\n<p>Confira abaixo:<\/p>\n<table>\n<thead>\n<tr>\n<th>Cargo<\/th>\n<th>Sal\u00e1rio (R$)<\/th>\n<\/tr>\n<\/thead>\n<tbody>\n<tr>\n<td>Advogado<\/td>\n<td>6.338,65<\/td>\n<\/tr>\n<tr>\n<td>Agente Administrativo<\/td>\n<td>3.036,00<\/td>\n<\/tr>\n<tr>\n<td>Agente Comunit\u00e1rio de Sa\u00fade ESF 001<\/td>\n<td>3.036,00<\/td>\n<\/tr>\n<tr>\n<td>Agente Comunit\u00e1rio de Sa\u00fade ESF 002<\/td>\n<td>3.036,00<\/td>\n<\/tr>\n<tr>\n<td>Agente de Combate \u00e0s Endemias<\/td>\n<td>3.036,00<\/td>\n<\/tr>\n<tr>\n<td>Arquiteto<\/td>\n<td>4.225,74<\/td>\n<\/tr>\n<tr>\n<td>Auxiliar de Controle Interno<\/td>\n<td>2.679,69<\/td>\n<\/tr>\n<tr>\n<td>Auxiliar de Sala<\/td>\n<td>1.675,10<\/td>\n<\/tr>\n<tr>\n<td>Auxiliar Geral de Conserva\u00e7\u00e3o<\/td>\n<td>1.649,02<\/td>\n<\/tr>\n<tr>\n<td>Bi\u00f3logo<\/td>\n<td>4.225,74<\/td>\n<\/tr>\n<tr>\n<td>Contador<\/td>\n<td>6.338,58<\/td>\n<\/tr>\n<tr>\n<td>Controlador Interno<\/td>\n<td>4.225,71<\/td>\n<\/tr>\n<tr>\n<td>Educador F\u00edsico<\/td>\n<td>2.433,88<\/td>\n<\/tr>\n<tr>\n<td>Encanador<\/td>\n<td>1.855,13<\/td>\n<\/tr>\n<tr>\n<td>Enfermeiro<\/td>\n<td>4.225,71<\/td>\n<\/tr>\n<tr>\n<td>Engenheiro Agr\u00f4nomo<\/td>\n<td>4.225,74<\/td>\n<\/tr>\n<tr>\n<td>Engenheiro Ambiental e Sanitarista<\/td>\n<td>4.225,74<\/td>\n<\/tr>\n<tr>\n<td>Engenheiro Civil<\/td>\n<td>4.225,74 \/ 8.451,47 (dependendo da carga hor\u00e1ria)<\/td>\n<\/tr>\n<tr>\n<td>Farmac\u00eautico<\/td>\n<td>4.225,71<\/td>\n<\/tr>\n<tr>\n<td>Fisioterapeuta<\/td>\n<td>3.169,28<\/td>\n<\/tr>\n<tr>\n<td>Fonoaudi\u00f3logo<\/td>\n<td>1.056,43<\/td>\n<\/tr>\n<tr>\n<td>Mec\u00e2nico<\/td>\n<td>4.741,07<\/td>\n<\/tr>\n<tr>\n<td>M\u00e9dico<\/td>\n<td>15.150,93 \/ 7.575,47 (dependendo da carga hor\u00e1ria)<\/td>\n<\/tr>\n<tr>\n<td>M\u00e9dico Psiquiatra<\/td>\n<td>7.575,47<\/td>\n<\/tr>\n<tr>\n<td>M\u00e9dico Psiquiatra Infantil<\/td>\n<td>3.787,73<\/td>\n<\/tr>\n<tr>\n<td>M\u00e9dico Ginecologista\/Obstetra<\/td>\n<td>7.575,47<\/td>\n<\/tr>\n<tr>\n<td>Monitor de Transporte Escolar<\/td>\n<td>1.649,02<\/td>\n<\/tr>\n<tr>\n<td>Motorista<\/td>\n<td>2.164,35<\/td>\n<\/tr>\n<tr>\n<td>Neuropsicopedagogo<\/td>\n<td>2.433,88<\/td>\n<\/tr>\n<tr>\n<td>Nutricionista<\/td>\n<td>2.112,86<\/td>\n<\/tr>\n<tr>\n<td>Odont\u00f3logo<\/td>\n<td>8.451,47<\/td>\n<\/tr>\n<tr>\n<td>Odont\u00f3logo especialista em Endodontia<\/td>\n<td>6.338,56<\/td>\n<\/tr>\n<tr>\n<td>Operador de ETA<\/td>\n<td>2.679,69<\/td>\n<\/tr>\n<tr>\n<td>Operador de M\u00e1quinas<\/td>\n<td>2.389,66<\/td>\n<\/tr>\n<tr>\n<td>Orientador Social<\/td>\n<td>2.679,69<\/td>\n<\/tr>\n<tr>\n<td>Pedreiro<\/td>\n<td>4.741,07<\/td>\n<\/tr>\n<tr>\n<td>Professor<\/td>\n<td>4.867,77<\/td>\n<\/tr>\n<tr>\n<td>Professor de Atendimento Educacional Especializado<\/td>\n<td>4.867,77<\/td>\n<\/tr>\n<tr>\n<td>Professor de Artes<\/td>\n<td>2.433,88<\/td>\n<\/tr>\n<tr>\n<td>Professor de Educa\u00e7\u00e3o F\u00edsica<\/td>\n<td>4.867,77<\/td>\n<\/tr>\n<tr>\n<td>Professor de Ingl\u00eas<\/td>\n<td>2.433,88<\/td>\n<\/tr>\n<tr>\n<td>Professor de Italiano<\/td>\n<td>2.433,88<\/td>\n<\/tr>\n<tr>\n<td>Psic\u00f3logo &#8211; Especialista em ABA<\/td>\n<td>2.112,86<\/td>\n<\/tr>\n<tr>\n<td>Psic\u00f3logo<\/td>\n<td>4.225,71<\/td>\n<\/tr>\n<tr>\n<td>Psicopedagogo<\/td>\n<td>2.433,88<\/td>\n<\/tr>\n<tr>\n<td>Recepcionista<\/td>\n<td>1.675,10<\/td>\n<\/tr>\n<tr>\n<td>Servente<\/td>\n<td>1.649,02<\/td>\n<\/tr>\n<tr>\n<td>T\u00e9cnico em Enfermagem<\/td>\n<td>2.679,69<\/td>\n<\/tr>\n<tr>\n<td>T\u00e9cnico em Sa\u00fade Bucal<\/td>\n<td>2.009,77<\/td>\n<\/tr>\n<tr>\n<td>Terapeuta Ocupacional<\/td>\n<td>2.112,85<\/td>\n<\/tr>\n<\/tbody>\n<\/table>\n<p>Al\u00e9m disso, os servidores recebem vale-alimenta\u00e7\u00e3o de R$ 200,00 mensais para carga hor\u00e1ria de 40 horas semanais, com valor proporcional para cargas hor\u00e1rias diferentes, conforme Lei Municipal n\u00ba 1.306\/2025.<\/p>\n<h2>Inscri\u00e7\u00f5es<\/h2>\n<p>As inscri\u00e7\u00f5es do concurso da Prefeitura Municipal de Pedras Grandes, no estado de Santa Catarina (SC), devem ser realizadas no site <a href=\"https:\/\/portal.institutolegalle.org.br\/edital\/ver\/38\" target=\"_blank\" rel=\"noopener\">Instituto Legalle<\/a>\u00a0at\u00e9 12 de fevereiro de 2026.<\/p>\n<p>As taxas variam de R$ 60,00 a R$ 150,00, de acordo com o cargo pretendido.<\/p>\n<figure id=\"attachment_141576\" aria-describedby=\"caption-attachment-141576\" style=\"width: 1275px\" class=\"wp-caption aligncenter\"><img decoding=\"async\" class=\"wp-image-141576 size-full\" src=\"https:\/\/www.pensarcursos.com.br\/blog\/wp-content\/uploads\/2026\/01\/concurso9-19.jpg\" alt=\"Pessoa escrevendo em caderno com caneta azul durante momento de estudo.\" width=\"1275\" height=\"731\" srcset=\"https:\/\/www.pensarcursos.com.br\/blog\/wp-content\/uploads\/2026\/01\/concurso9-19.jpg 1275w, https:\/\/www.pensarcursos.com.br\/blog\/wp-content\/uploads\/2026\/01\/concurso9-19-300x172.jpg 300w, https:\/\/www.pensarcursos.com.br\/blog\/wp-content\/uploads\/2026\/01\/concurso9-19-1024x587.jpg 1024w, https:\/\/www.pensarcursos.com.br\/blog\/wp-content\/uploads\/2026\/01\/concurso9-19-768x440.jpg 768w, https:\/\/www.pensarcursos.com.br\/blog\/wp-content\/uploads\/2026\/01\/concurso9-19-750x430.jpg 750w, https:\/\/www.pensarcursos.com.br\/blog\/wp-content\/uploads\/2026\/01\/concurso9-19-1140x654.jpg 1140w\" sizes=\"(max-width: 1275px) 100vw, 1275px\" \/><figcaption id=\"caption-attachment-141576\" class=\"wp-caption-text\">Conhe\u00e7a as etapas do concurso da Prefeitura Municipal. Imagem: Freepik<\/figcaption><\/figure>\n<h2>Processo de sele\u00e7\u00e3o<\/h2>\n<p>O <a href=\"https:\/\/www.pensarcursos.com.br\/blog\/saiu-edital-concurso-com-mais-de-700-vagas-oferta-salarios-de-ate-r-59-mil\/\">concurso<\/a> da Prefeitura Municipal ser\u00e1 composto pelas seguintes etapas:<\/p>\n<ul>\n<li>Prova objetiva para todos os cargos<\/li>\n<li>Avalia\u00e7\u00e3o de t\u00edtulos para cargos de n\u00edvel superior<\/li>\n<li>Prova pr\u00e1tica para fun\u00e7\u00f5es operacionais (Auxiliar de Conserva\u00e7\u00e3o, Motorista, Mec\u00e2nico, Operador, Pedreiro e Servente)<\/li>\n<li>A prova est\u00e1 prevista para<strong> 1\u00ba de mar\u00e7o de 2026.<\/strong><\/li>\n<\/ul>\n<p>O conte\u00fado program\u00e1tico inclui quest\u00f5es de l\u00edngua portuguesa, matem\u00e1tica, conhecimentos gerais e espec\u00edficos.<\/p>\n<h2>Resumo do concurso<\/h2>\n<table>\n<tbody>\n<tr>\n<th>Status<\/th>\n<td>Concurso aberto<\/td>\n<\/tr>\n<tr>\n<th>Banca<\/th>\n<td><a href=\"https:\/\/portal.institutolegalle.org.br\/edital\/ver\/38\" target=\"_blank\" rel=\"noopener\">Instituto Legalle<\/a><\/td>\n<\/tr>\n<tr>\n<th>Cargos<\/th>\n<td>Advogado, Agente Administrativo, Bi\u00f3logo, Contador, Odont\u00f3logo, M\u00e9dico, Professor, Motorista e outros<\/td>\n<\/tr>\n<tr>\n<th>Escolaridade<\/th>\n<td>Fundamental, M\u00e9dio, T\u00e9cnico e Superior<\/td>\n<\/tr>\n<tr>\n<th>Vagas<\/th>\n<td>118 vagas<\/td>\n<\/tr>\n<tr>\n<th>Sal\u00e1rio inicial<\/th>\n<td>R$ 1.056,43 a R$ 15.150,93<\/td>\n<\/tr>\n<tr>\n<th>Inscri\u00e7\u00f5es<\/th>\n<td>14 de janeiro a 12 de fevereiro de 2026<\/td>\n<\/tr>\n<tr>\n<th>Taxa inscri\u00e7\u00e3o<\/th>\n<td>R$ 60,00 a R$ 150,00<\/td>\n<\/tr>\n<tr>\n<th>Data da prova objetiva<\/th>\n<td>1\u00ba de mar\u00e7o de 2026<\/td>\n<\/tr>\n<tr>\n<th>Edital<\/th>\n<td><a href=\"https:\/\/www.pensarcursos.com.br\/blog\/wp-content\/uploads\/2026\/01\/Pedras-Grandes.pdf\" target=\"_blank\" rel=\"noopener\">Edital do concurso da Prefeitura de Pedras Grandes<\/a><\/td>\n<\/tr>\n<\/tbody>\n<\/table>\n<h2>Validade do concurso<\/h2>\n<p>O concurso da Prefeitura Municipal de Pedras Grandes ter\u00e1 validade de dois anos ap\u00f3s a homologa\u00e7\u00e3o do resultado final, com possibilidade de prorroga\u00e7\u00e3o por igual per\u00edodo, a crit\u00e9rio da administra\u00e7\u00e3o.<\/p>\n<h2>Cronograma do concurso<\/h2>\n<ul>\n<li>Inscri\u00e7\u00f5es: 14\/01\/2026 a 12\/02\/2026<\/li>\n<li>\u00daltimo dia para pagar a taxa: 13\/02\/2026<\/li>\n<li>Divulga\u00e7\u00e3o dos locais de prova: fevereiro de 2026<\/li>\n<li>Prova objetiva: 01\/03\/2026<\/li>\n<\/ul>\n<h2>Perguntas frequentes<\/h2>\n<ul>\n<li><strong>Quais cargos exigem n\u00edvel superior?<\/strong>\u00a0Diversos cargos, entre eles advogado, bi\u00f3logo, contador e odont\u00f3logo, precisam de diploma superior na \u00e1rea e registro em conselho se necess\u00e1rio.<\/li>\n<li><strong>Quais s\u00e3o os passos para efetuar a inscri\u00e7\u00e3o?<\/strong>\u00a0Basta acessar o site do Instituto Legalle, preencher o formul\u00e1rio e pagar a taxa conforme o cargo.<\/li>\n<li><strong>Posso concorrer a mais de um cargo?<\/strong>\u00a0Sim, desde que n\u00e3o haja conflito de hor\u00e1rio de provas.<\/li>\n<li><strong>Como \u00e9 feita a pontua\u00e7\u00e3o na prova objetiva?<\/strong>\u00a0Com base na quantidade de acertos em cada disciplina prevista no conte\u00fado program\u00e1tico.<\/li>\n<\/ul>\n<p>Para conferir mais oportunidades como esta, acesse o <a href=\"https:\/\/www.pensarcursos.com.br\/blog\/\"><strong>Pensar Cursos<\/strong><\/a> diariamente!<\/p>\n<div class=\"jeg_video_container jeg_video_content\"><iframe title=\"CONFIRMADO! Concurso Delegado PC-AP 2026: Banca anunciada e sal\u00e1rio de R$ 13 MIL!\" width=\"500\" height=\"281\" src=\"https:\/\/www.youtube.com\/embed\/dYE5MN6OabE?feature=oembed\" frameborder=\"0\" allow=\"accelerometer; autoplay; clipboard-write; encrypted-media; gyroscope; picture-in-picture; web-share\" referrerpolicy=\"strict-origin-when-cross-origin\" allowfullscreen><\/iframe><\/div>\n","protected":false},"excerpt":{"rendered":"<p>Aten\u00e7\u00e3o concurseiros em busca de uma nova vaga! O\u00a0concurso da Prefeitura Municipal\u00a0est\u00e1 com edital publicado e abriu inscri\u00e7\u00f5es para 118 vagas em diversos cargos, com sal\u00e1rios iniciais que chegam a\u00a0R$ 15.150,93. As oportunidades contemplam desde o n\u00edvel fundamental at\u00e9 o superior, incluindo \u00e1reas como advocacia, administra\u00e7\u00e3o, biologia, contabilidade, odontologia e outros. As inscri\u00e7\u00f5es podem ser [&hellip;]<\/p>\n","protected":false},"author":17,"featured_media":141573,"comment_status":"open","ping_status":"closed","sticky":false,"template":"","format":"standard","meta":{"jnews-multi-image_gallery":[],"jnews_single_post":{"format":"standard","override":[{"template":"1","parallax":"1","fullscreen":"1","layout":"right-sidebar","sidebar":"default-sidebar","second_sidebar":"default-sidebar","sticky_sidebar":"1","share_position":"topbottom","share_float_style":"share-monocrhome","show_featured":"1","show_post_meta":"1","show_post_author":"1","show_post_author_image":"1","show_post_date":"1","post_date_format":"default","post_date_format_custom":"Y\/m\/d","show_post_category":"1","post_reading_time_wpm":"300","post_calculate_word_method":"str_word_count","show_zoom_button":"0","zoom_button_out_step":"2","zoom_button_in_step":"3","show_post_tag":"1","show_prev_next_post":"1","show_popup_post":"1","show_comment_section":"1","number_popup_post":"2","show_author_box":"1","show_post_related":"1","show_inline_post_related":"1"}],"image_override":[{"single_post_thumbnail_size":"crop-500","single_post_gallery_size":"crop-500"}],"trending_post_position":"meta","trending_post_label":"Trending","sponsored_post_label":"Sponsored by","disable_ad":"0","subtitle":"Veja todos os detalhes na nova sele\u00e7\u00e3o da Prefeitura Municipal!"},"jnews_primary_category":[],"jnews_social_meta":[],"jnews_override_counter":{"view_counter_number":"0","share_counter_number":"0","like_counter_number":"0","dislike_counter_number":"0"},"footnotes":""},"categories":[29],"tags":[36635,37667,36636],"class_list":["post-141572","post","type-post","status-publish","format-standard","has-post-thumbnail","hentry","category-concursos","tag-edital-concurso-da-prefeitura-de-pedras-grandes","tag-salarios-concurso-da-prefeitura-de-pedras-grandes","tag-vagas-concurso-da-prefeitura-de-pedras-grandes"],"yoast_head":"<!-- This site is optimized with the Yoast SEO Premium plugin v27.4 (Yoast SEO v27.4) - https:\/\/yoast.com\/product\/yoast-seo-premium-wordpress\/ -->\n<title>SAIU EDITAL! Concurso com vagas para Advogado, Agente Administrativo, Bi\u00f3logo, Contador, Odont\u00f3logo e outros cargos oferece sal\u00e1rios de at\u00e9 R$ 15,1 mil - Blog Pensar Cursos<\/title>\n<meta name=\"description\" content=\"Edital aberto: Concurso da prefeitura municipal com vagas de n\u00edvel fundamental a superior, sal\u00e1rios at\u00e9 R$ 15.150,93. Inscreva-se at\u00e9 fevereiro de 2026!\" \/>\n<meta name=\"robots\" content=\"index, follow, max-snippet:-1, max-image-preview:large, max-video-preview:-1\" \/>\n<link rel=\"canonical\" href=\"https:\/\/www.pensarcursos.com.br\/blog\/saiu-edital-concurso-com-vagas-para-advogado-agente-administrativo-biologo-contador-odontologo-e-outros-cargos-oferece-salarios-de-ate-r-151-mil\/\" \/>\n<meta property=\"og:locale\" content=\"pt_BR\" \/>\n<meta property=\"og:type\" content=\"article\" \/>\n<meta property=\"og:title\" content=\"SAIU EDITAL! Concurso com vagas para Advogado, Agente Administrativo, Bi\u00f3logo, Contador, Odont\u00f3logo e outros cargos oferece sal\u00e1rios de at\u00e9 R$ 15,1 mil\" \/>\n<meta property=\"og:description\" content=\"Edital aberto: Concurso da prefeitura municipal com vagas de n\u00edvel fundamental a superior, sal\u00e1rios at\u00e9 R$ 15.150,93. Inscreva-se at\u00e9 fevereiro de 2026!\" \/>\n<meta property=\"og:url\" content=\"https:\/\/www.pensarcursos.com.br\/blog\/saiu-edital-concurso-com-vagas-para-advogado-agente-administrativo-biologo-contador-odontologo-e-outros-cargos-oferece-salarios-de-ate-r-151-mil\/\" \/>\n<meta property=\"og:site_name\" content=\"Blog Pensar Cursos\" \/>\n<meta property=\"article:publisher\" content=\"https:\/\/www.facebook.com\/pensarcursos\/\" \/>\n<meta property=\"article:author\" content=\"https:\/\/www.facebook.com\/profile.php?id=61550018262414\" \/>\n<meta property=\"article:published_time\" content=\"2026-01-24T01:39:17+00:00\" \/>\n<meta property=\"og:image\" content=\"https:\/\/www.pensarcursos.com.br\/blog\/wp-content\/uploads\/2026\/01\/Concurso-da-Prefeitura-de-Pedras-Grandes.webp\" \/>\n\t<meta property=\"og:image:width\" content=\"1200\" \/>\n\t<meta property=\"og:image:height\" content=\"800\" \/>\n\t<meta property=\"og:image:type\" content=\"image\/webp\" \/>\n<meta name=\"author\" content=\"Gorete Costa\" \/>\n<meta name=\"twitter:card\" content=\"summary_large_image\" \/>\n<meta name=\"twitter:label1\" content=\"Escrito por\" \/>\n\t<meta name=\"twitter:data1\" content=\"Gorete Costa\" \/>\n\t<meta name=\"twitter:label2\" content=\"Est. tempo de leitura\" \/>\n\t<meta name=\"twitter:data2\" content=\"6 minutos\" \/>\n<!-- \/ Yoast SEO Premium plugin. -->","yoast_head_json":{"title":"SAIU EDITAL! Concurso com vagas para Advogado, Agente Administrativo, Bi\u00f3logo, Contador, Odont\u00f3logo e outros cargos oferece sal\u00e1rios de at\u00e9 R$ 15,1 mil - Blog Pensar Cursos","description":"Edital aberto: Concurso da prefeitura municipal com vagas de n\u00edvel fundamental a superior, sal\u00e1rios at\u00e9 R$ 15.150,93. Inscreva-se at\u00e9 fevereiro de 2026!","robots":{"index":"index","follow":"follow","max-snippet":"max-snippet:-1","max-image-preview":"max-image-preview:large","max-video-preview":"max-video-preview:-1"},"canonical":"https:\/\/www.pensarcursos.com.br\/blog\/saiu-edital-concurso-com-vagas-para-advogado-agente-administrativo-biologo-contador-odontologo-e-outros-cargos-oferece-salarios-de-ate-r-151-mil\/","og_locale":"pt_BR","og_type":"article","og_title":"SAIU EDITAL! Concurso com vagas para Advogado, Agente Administrativo, Bi\u00f3logo, Contador, Odont\u00f3logo e outros cargos oferece sal\u00e1rios de at\u00e9 R$ 15,1 mil","og_description":"Edital aberto: Concurso da prefeitura municipal com vagas de n\u00edvel fundamental a superior, sal\u00e1rios at\u00e9 R$ 15.150,93. Inscreva-se at\u00e9 fevereiro de 2026!","og_url":"https:\/\/www.pensarcursos.com.br\/blog\/saiu-edital-concurso-com-vagas-para-advogado-agente-administrativo-biologo-contador-odontologo-e-outros-cargos-oferece-salarios-de-ate-r-151-mil\/","og_site_name":"Blog Pensar Cursos","article_publisher":"https:\/\/www.facebook.com\/pensarcursos\/","article_author":"https:\/\/www.facebook.com\/profile.php?id=61550018262414","article_published_time":"2026-01-24T01:39:17+00:00","og_image":[{"width":1200,"height":800,"url":"https:\/\/www.pensarcursos.com.br\/blog\/wp-content\/uploads\/2026\/01\/Concurso-da-Prefeitura-de-Pedras-Grandes.webp","type":"image\/webp"}],"author":"Gorete Costa","twitter_card":"summary_large_image","twitter_misc":{"Escrito por":"Gorete Costa","Est. tempo de leitura":"6 minutos"},"schema":{"@context":"https:\/\/schema.org","@graph":[{"@type":["Article","BlogPosting"],"@id":"https:\/\/www.pensarcursos.com.br\/blog\/saiu-edital-concurso-com-vagas-para-advogado-agente-administrativo-biologo-contador-odontologo-e-outros-cargos-oferece-salarios-de-ate-r-151-mil\/#article","isPartOf":{"@id":"https:\/\/www.pensarcursos.com.br\/blog\/saiu-edital-concurso-com-vagas-para-advogado-agente-administrativo-biologo-contador-odontologo-e-outros-cargos-oferece-salarios-de-ate-r-151-mil\/"},"author":{"name":"Gorete Costa","@id":"https:\/\/www.pensarcursos.com.br\/blog\/#\/schema\/person\/e133b19d62595d6ab0c12f3e5436a7bb"},"headline":"SAIU EDITAL! Concurso com vagas para Advogado, Agente Administrativo, Bi\u00f3logo, Contador, Odont\u00f3logo e outros cargos oferece sal\u00e1rios de at\u00e9 R$ 15,1 mil","datePublished":"2026-01-24T01:39:17+00:00","mainEntityOfPage":{"@id":"https:\/\/www.pensarcursos.com.br\/blog\/saiu-edital-concurso-com-vagas-para-advogado-agente-administrativo-biologo-contador-odontologo-e-outros-cargos-oferece-salarios-de-ate-r-151-mil\/"},"wordCount":1022,"commentCount":0,"publisher":{"@id":"https:\/\/www.pensarcursos.com.br\/blog\/#organization"},"image":{"@id":"https:\/\/www.pensarcursos.com.br\/blog\/saiu-edital-concurso-com-vagas-para-advogado-agente-administrativo-biologo-contador-odontologo-e-outros-cargos-oferece-salarios-de-ate-r-151-mil\/#primaryimage"},"thumbnailUrl":"https:\/\/www.pensarcursos.com.br\/blog\/wp-content\/uploads\/2026\/01\/Concurso-da-Prefeitura-de-Pedras-Grandes.webp","keywords":["edital concurso da prefeitura de pedras grandes","sal\u00e1rios concurso da prefeitura de pedras grandes","vagas concurso da prefeitura de pedras grandes"],"articleSection":["Concursos P\u00fablicos"],"inLanguage":"pt-BR","potentialAction":[{"@type":"CommentAction","name":"Comment","target":["https:\/\/www.pensarcursos.com.br\/blog\/saiu-edital-concurso-com-vagas-para-advogado-agente-administrativo-biologo-contador-odontologo-e-outros-cargos-oferece-salarios-de-ate-r-151-mil\/#respond"]}],"copyrightYear":"2026","copyrightHolder":{"@id":"https:\/\/www.pensarcursos.com.br\/blog\/#organization"}},{"@type":"WebPage","@id":"https:\/\/www.pensarcursos.com.br\/blog\/saiu-edital-concurso-com-vagas-para-advogado-agente-administrativo-biologo-contador-odontologo-e-outros-cargos-oferece-salarios-de-ate-r-151-mil\/","url":"https:\/\/www.pensarcursos.com.br\/blog\/saiu-edital-concurso-com-vagas-para-advogado-agente-administrativo-biologo-contador-odontologo-e-outros-cargos-oferece-salarios-de-ate-r-151-mil\/","name":"SAIU EDITAL! Concurso com vagas para Advogado, Agente Administrativo, Bi\u00f3logo, Contador, Odont\u00f3logo e outros cargos oferece sal\u00e1rios de at\u00e9 R$ 15,1 mil - Blog Pensar Cursos","isPartOf":{"@id":"https:\/\/www.pensarcursos.com.br\/blog\/#website"},"primaryImageOfPage":{"@id":"https:\/\/www.pensarcursos.com.br\/blog\/saiu-edital-concurso-com-vagas-para-advogado-agente-administrativo-biologo-contador-odontologo-e-outros-cargos-oferece-salarios-de-ate-r-151-mil\/#primaryimage"},"image":{"@id":"https:\/\/www.pensarcursos.com.br\/blog\/saiu-edital-concurso-com-vagas-para-advogado-agente-administrativo-biologo-contador-odontologo-e-outros-cargos-oferece-salarios-de-ate-r-151-mil\/#primaryimage"},"thumbnailUrl":"https:\/\/www.pensarcursos.com.br\/blog\/wp-content\/uploads\/2026\/01\/Concurso-da-Prefeitura-de-Pedras-Grandes.webp","datePublished":"2026-01-24T01:39:17+00:00","description":"Edital aberto: Concurso da prefeitura municipal com vagas de n\u00edvel fundamental a superior, sal\u00e1rios at\u00e9 R$ 15.150,93. Inscreva-se at\u00e9 fevereiro de 2026!","breadcrumb":{"@id":"https:\/\/www.pensarcursos.com.br\/blog\/saiu-edital-concurso-com-vagas-para-advogado-agente-administrativo-biologo-contador-odontologo-e-outros-cargos-oferece-salarios-de-ate-r-151-mil\/#breadcrumb"},"inLanguage":"pt-BR","potentialAction":[{"@type":"ReadAction","target":["https:\/\/www.pensarcursos.com.br\/blog\/saiu-edital-concurso-com-vagas-para-advogado-agente-administrativo-biologo-contador-odontologo-e-outros-cargos-oferece-salarios-de-ate-r-151-mil\/"]}]},{"@type":"ImageObject","inLanguage":"pt-BR","@id":"https:\/\/www.pensarcursos.com.br\/blog\/saiu-edital-concurso-com-vagas-para-advogado-agente-administrativo-biologo-contador-odontologo-e-outros-cargos-oferece-salarios-de-ate-r-151-mil\/#primaryimage","url":"https:\/\/www.pensarcursos.com.br\/blog\/wp-content\/uploads\/2026\/01\/Concurso-da-Prefeitura-de-Pedras-Grandes.webp","contentUrl":"https:\/\/www.pensarcursos.com.br\/blog\/wp-content\/uploads\/2026\/01\/Concurso-da-Prefeitura-de-Pedras-Grandes.webp","width":1200,"height":800,"caption":"O novo concurso oferta vagas para os n\u00edveis fundamental, m\u00e9dio, t\u00e9cnico e superior; saiba mais! Imagem: Pensar Cursos"},{"@type":"BreadcrumbList","@id":"https:\/\/www.pensarcursos.com.br\/blog\/saiu-edital-concurso-com-vagas-para-advogado-agente-administrativo-biologo-contador-odontologo-e-outros-cargos-oferece-salarios-de-ate-r-151-mil\/#breadcrumb","itemListElement":[{"@type":"ListItem","position":1,"name":"Home","item":"https:\/\/www.pensarcursos.com.br\/blog\/"},{"@type":"ListItem","position":2,"name":"SAIU EDITAL! Concurso com vagas para Advogado, Agente Administrativo, Bi\u00f3logo, Contador, Odont\u00f3logo e outros cargos oferece sal\u00e1rios de at\u00e9 R$ 15,1 mil"}]},{"@type":"WebSite","@id":"https:\/\/www.pensarcursos.com.br\/blog\/#website","url":"https:\/\/www.pensarcursos.com.br\/blog\/","name":"Blog Pensar Cursos","description":"Maior Site de Cursos do Brasil","publisher":{"@id":"https:\/\/www.pensarcursos.com.br\/blog\/#organization"},"alternateName":"Blog Pensar","potentialAction":[{"@type":"SearchAction","target":{"@type":"EntryPoint","urlTemplate":"https:\/\/www.pensarcursos.com.br\/blog\/?s={search_term_string}"},"query-input":{"@type":"PropertyValueSpecification","valueRequired":true,"valueName":"search_term_string"}}],"inLanguage":"pt-BR"},{"@type":"Organization","@id":"https:\/\/www.pensarcursos.com.br\/blog\/#organization","name":"Pensar Cursos","alternateName":"Blog pensar","url":"https:\/\/www.pensarcursos.com.br\/blog\/","logo":{"@type":"ImageObject","inLanguage":"pt-BR","@id":"https:\/\/www.pensarcursos.com.br\/blog\/#\/schema\/logo\/image\/","url":"https:\/\/www.pensarcursos.com.br\/blog\/wp-content\/uploads\/2023\/11\/Nova-Logo-Pensar-Cursos-vertical.png","contentUrl":"https:\/\/www.pensarcursos.com.br\/blog\/wp-content\/uploads\/2023\/11\/Nova-Logo-Pensar-Cursos-vertical.png","width":1393,"height":1001,"caption":"Pensar Cursos"},"image":{"@id":"https:\/\/www.pensarcursos.com.br\/blog\/#\/schema\/logo\/image\/"},"sameAs":["https:\/\/www.facebook.com\/pensarcursos\/","https:\/\/instagram.com.br\/pensarcursos"],"description":"Pensar Cursos \u00e9 uma empresa especializada em oferecer cursos de alta qualidade voltados para o desenvolvimento profissional e acad\u00eamico. Com uma ampla gama de op\u00e7\u00f5es de treinamento, oferecemos conte\u00fados atualizados, ministrados por especialistas da \u00e1rea, para capacitar indiv\u00edduos e equipes a atingirem seus objetivos. Nossa miss\u00e3o \u00e9 proporcionar uma educa\u00e7\u00e3o transformadora, acess\u00edvel e personalizada para cada aluno, seja em cursos presenciais ou online. Com uma abordagem inovadora, buscamos adaptar os nossos programas de ensino \u00e0s necessidades do mercado, criando solu\u00e7\u00f5es que atendem aos desafios e exig\u00eancias do mundo corporativo e acad\u00eamico. Nossos cursos incluem desde forma\u00e7\u00f5es t\u00e9cnicas at\u00e9 habilidades essenciais, como lideran\u00e7a, gest\u00e3o e desenvolvimento pessoal.","email":"contato@pensarcursos.com.br","legalName":"Sena Servi\u00e7os de Informa\u00e7\u00e3o Online LTDA","foundingDate":"2013-04-18","vatID":"17956217000172","numberOfEmployees":{"@type":"QuantitativeValue","minValue":"11","maxValue":"50"},"publishingPrinciples":"https:\/\/www.pensarcursos.com.br\/blog\/principios-de-publicacao\/","ownershipFundingInfo":"https:\/\/www.pensarcursos.com.br\/blog\/informacoes-de-propriedade-financiamento\/","actionableFeedbackPolicy":"https:\/\/www.pensarcursos.com.br\/blog\/politica-de-feedback-acionavel\/","correctionsPolicy":"https:\/\/www.pensarcursos.com.br\/blog\/politica-de-correcoes\/","ethicsPolicy":"https:\/\/www.pensarcursos.com.br\/blog\/politica-de-etica\/"},{"@type":"Person","@id":"https:\/\/www.pensarcursos.com.br\/blog\/#\/schema\/person\/e133b19d62595d6ab0c12f3e5436a7bb","name":"Gorete Costa","image":{"@type":"ImageObject","inLanguage":"pt-BR","@id":"https:\/\/secure.gravatar.com\/avatar\/8cb99f142e1cb1312d8c202378c20dc4f7210145acc22805481f4a3f47ce9b6f?s=96&d=mm&r=g","url":"https:\/\/secure.gravatar.com\/avatar\/8cb99f142e1cb1312d8c202378c20dc4f7210145acc22805481f4a3f47ce9b6f?s=96&d=mm&r=g","contentUrl":"https:\/\/secure.gravatar.com\/avatar\/8cb99f142e1cb1312d8c202378c20dc4f7210145acc22805481f4a3f47ce9b6f?s=96&d=mm&r=g","caption":"Gorete Costa"},"description":"Graduada em Servi\u00e7o Social pela Universidade do Norte do Paran\u00e1 (Unopar), Gorete Costa \u00e9 especialista em comunica\u00e7\u00e3o, atuando como radialista em programas jornal\u00edsticos e de entretenimento, al\u00e9m de produ\u00e7\u00e3o e revis\u00e3o de textos informativos para sites e blogs.","sameAs":["https:\/\/www.facebook.com\/profile.php?id=61550018262414"],"url":"https:\/\/www.pensarcursos.com.br\/blog\/author\/gorete\/"}]}},"_links":{"self":[{"href":"https:\/\/www.pensarcursos.com.br\/blog\/wp-json\/wp\/v2\/posts\/141572","targetHints":{"allow":["GET"]}}],"collection":[{"href":"https:\/\/www.pensarcursos.com.br\/blog\/wp-json\/wp\/v2\/posts"}],"about":[{"href":"https:\/\/www.pensarcursos.com.br\/blog\/wp-json\/wp\/v2\/types\/post"}],"author":[{"embeddable":true,"href":"https:\/\/www.pensarcursos.com.br\/blog\/wp-json\/wp\/v2\/users\/17"}],"replies":[{"embeddable":true,"href":"https:\/\/www.pensarcursos.com.br\/blog\/wp-json\/wp\/v2\/comments?post=141572"}],"version-history":[{"count":0,"href":"https:\/\/www.pensarcursos.com.br\/blog\/wp-json\/wp\/v2\/posts\/141572\/revisions"}],"wp:featuredmedia":[{"embeddable":true,"href":"https:\/\/www.pensarcursos.com.br\/blog\/wp-json\/wp\/v2\/media\/141573"}],"wp:attachment":[{"href":"https:\/\/www.pensarcursos.com.br\/blog\/wp-json\/wp\/v2\/media?parent=141572"}],"wp:term":[{"taxonomy":"category","embeddable":true,"href":"https:\/\/www.pensarcursos.com.br\/blog\/wp-json\/wp\/v2\/categories?post=141572"},{"taxonomy":"post_tag","embeddable":true,"href":"https:\/\/www.pensarcursos.com.br\/blog\/wp-json\/wp\/v2\/tags?post=141572"}],"curies":[{"name":"wp","href":"https:\/\/api.w.org\/{rel}","templated":true}]}}