{"id":135710,"date":"2025-12-12T10:39:55","date_gmt":"2025-12-12T13:39:55","guid":{"rendered":"https:\/\/www.pensarcursos.com.br\/blog\/?p=135710"},"modified":"2025-12-12T10:23:50","modified_gmt":"2025-12-12T13:23:50","slug":"kits-de-material-escolar-para-o-ano-letivo-de-2026-estao-sendo-entregues-veja-lista-completa","status":"publish","type":"post","link":"https:\/\/www.pensarcursos.com.br\/blog\/kits-de-material-escolar-para-o-ano-letivo-de-2026-estao-sendo-entregues-veja-lista-completa\/","title":{"rendered":"Kits de Material Escolar para o ano letivo de 2026 est\u00e3o sendo entregues &#8211; Veja lista completa!"},"content":{"rendered":"<p>O in\u00edcio do ano letivo costuma gerar expectativas entre fam\u00edlias e estudantes da rede p\u00fablica, principalmente quando o assunto \u00e9 prepara\u00e7\u00e3o para as aulas e <a href=\"https:\/\/www.pensarcursos.com.br\/blog\/auxilio-material-escolar-2026-alunos-da-rede-publica-receberao-r-240-e-r-320\/\">material escolar<\/a>! Em 2026, a entrega dos Kits de Material Escolar est\u00e1 confirmada para milhares de alunos.<\/p>\n<p>A Secretaria de Estado da Educa\u00e7\u00e3o (Seed) lidera uma iniciativa que beneficia mais de 2 mil escolas estaduais, com a distribui\u00e7\u00e3o de kits escolares iniciada em 12\/12. Esses materiais atendem a mais de um milh\u00e3o de estudantes, com um investimento superior a R$ 41 milh\u00f5es, financiado integralmente pelo governo estadual.<\/p>\n<p>Cada kit cont\u00e9m entre 28 e 31 itens, variando conforme o n\u00edvel de escolaridade, e foi elaborado para suprir as necessidades pedag\u00f3gicas de cada etapa do ensino. No Ensino Fundamental I, os kits priorizam materiais que incentivam a criatividade, enquanto no Ensino M\u00e9dio, incluem instrumentos de precis\u00e3o, com o objetivo de apoiar o desenvolvimento dos alunos e assegurar condi\u00e7\u00f5es apropriadas para as atividades educacionais.<\/p>\n<h2>Como funciona a entrega dos Kits de Material Escolar<\/h2>\n<p>O processo de entrega dos Kits de Material Escolar envolve os 32 N\u00facleos Regionais de Educa\u00e7\u00e3o do estado. O N\u00facleo Administrativo Setorial (NAS) \u00e9 respons\u00e1vel por toda a log\u00edstica, desde o recebimento at\u00e9 a distribui\u00e7\u00e3o aos alunos.<\/p>\n<p>As primeiras remessas chegam \u00e0s regi\u00f5es pr\u00f3ximas \u00e0 capital, incluindo a Grande Curitiba e o litoral, com t\u00e9rmino previsto para o final de janeiro. Na sequ\u00eancia, munic\u00edpios do norte pioneiro e dos Campos Gerais recebem os materiais entre a primeira e segunda quinzena de janeiro.<\/p>\n<p>O calend\u00e1rio avan\u00e7a para cidades do norte e noroeste paranaense at\u00e9 o fim do primeiro m\u00eas do ano. Localidades do oeste e sudoeste t\u00eam previs\u00e3o de recebimento at\u00e9 a primeira quinzena de fevereiro. Por \u00faltimo, munic\u00edpios das regi\u00f5es central e sul encerram o ciclo de entregas.<\/p>\n<h2>N\u00fameros da distribui\u00e7\u00e3o: investimento e abrang\u00eancia<\/h2>\n<p>Os Kits de Material Escolar atendem estudantes do Ensino Fundamental I (60.962 kits), Fundamental II (550.343), Ensino M\u00e9dio (410.514) e da Educa\u00e7\u00e3o de Jovens e Adultos (EJA), atendida pelos kits do Fundamental II e M\u00e9dio. <strong>A medida est\u00e1 sendo executada no estado do Paran\u00e1.<\/strong><\/p>\n<h2>O que mudou nos kits escolares para 2026?<\/h2>\n<p>Uma das novidades anunciadas pela Seed do Paran\u00e1 (PR) \u00e9 a amplia\u00e7\u00e3o da quantidade de alguns itens essenciais e o novo design das capas dos cadernos. Agora, os <a href=\"https:\/\/www.pensarcursos.com.br\/blog\/pe-de-meia-paga-r-200-a-estudantes-nascidos-em-janeiro-e-fevereiro-no-proximo-dia-22\/\">estudantes<\/a> recebem mais <strong>l\u00e1pis, colas e cadernos<\/strong>, ajustados conforme cada etapa de ensino. A mudan\u00e7a busca suprir melhor as demandas do cotidiano escolar, evitando faltas ao longo do ano letivo.<\/p>\n<h2>Itens presentes nos Kits de Material Escolar por etapa de ensino<\/h2>\n<figure id=\"attachment_135714\" aria-describedby=\"caption-attachment-135714\" style=\"width: 1500px\" class=\"wp-caption aligncenter\"><img decoding=\"async\" class=\"wp-image-135714 size-full\" src=\"https:\/\/www.pensarcursos.com.br\/blog\/wp-content\/uploads\/2025\/12\/2148587581.jpg\" alt=\"Conjunto de materiais escolares com cadernos coloridos, l\u00e1pis de cor, apontadores e borrachas sobre mesa preta\" width=\"1500\" height=\"1177\" srcset=\"https:\/\/www.pensarcursos.com.br\/blog\/wp-content\/uploads\/2025\/12\/2148587581.jpg 1500w, https:\/\/www.pensarcursos.com.br\/blog\/wp-content\/uploads\/2025\/12\/2148587581-300x235.jpg 300w, https:\/\/www.pensarcursos.com.br\/blog\/wp-content\/uploads\/2025\/12\/2148587581-1024x803.jpg 1024w, https:\/\/www.pensarcursos.com.br\/blog\/wp-content\/uploads\/2025\/12\/2148587581-768x603.jpg 768w, https:\/\/www.pensarcursos.com.br\/blog\/wp-content\/uploads\/2025\/12\/2148587581-750x589.jpg 750w, https:\/\/www.pensarcursos.com.br\/blog\/wp-content\/uploads\/2025\/12\/2148587581-1140x895.jpg 1140w\" sizes=\"(max-width: 1500px) 100vw, 1500px\" \/><figcaption id=\"caption-attachment-135714\" class=\"wp-caption-text\">Kit de Material Escolar: saiba o que cada aluno vai receber conforme a s\u00e9rie. Imagem: Freepik<\/figcaption><\/figure>\n<h3>Ensino fundamental anos iniciais (at\u00e9 o 5\u00ba ano): 31 itens<\/h3>\n<ul>\n<li>2 apontadores com dep\u00f3sito<\/li>\n<li>3 borrachas brancas<\/li>\n<li>4 cadernos brochur\u00e3o de 80 folhas<\/li>\n<li>1 caderno de desenho de 96 folhas<\/li>\n<li>2 canetas esferogr\u00e1ficas azuis<\/li>\n<li>1 caixa de canetinha hidrogr\u00e1fica com 12 cores<\/li>\n<li>2 caixas de giz de cera grande com 12 cores<\/li>\n<li>2 caixas de l\u00e1pis de cor grande com 12 cores<\/li>\n<li>10 l\u00e1pis grafite<\/li>\n<li>1 r\u00e9gua de 30 cm<\/li>\n<li>1 tubo de cola bast\u00e3o de 40g<\/li>\n<li>2 tubos de cola branca de 90g<\/li>\n<\/ul>\n<h3>Ensino fundamental anos finais (do 6\u00ba ao 9\u00ba ano): 32 itens<\/h3>\n<ul>\n<li>2 apontadores com dep\u00f3sito<\/li>\n<li>3 borrachas brancas<\/li>\n<li>1 caderno de desenho de 96 folhas<\/li>\n<li>4 cadernos universit\u00e1rios de 100 folhas<\/li>\n<li>6 canetas esferogr\u00e1ficas azuis<\/li>\n<li>2 canetas esferogr\u00e1ficas pretas<\/li>\n<li>1 caneta esferogr\u00e1fica vermelha<\/li>\n<li>1 caixa de l\u00e1pis de cor grande com 12 cores<\/li>\n<li>8 l\u00e1pis grafite<\/li>\n<li>1 r\u00e9gua de 30 cm<\/li>\n<li>1 tesoura sem ponta<\/li>\n<li>1 tubo de cola branca de 90g<\/li>\n<li>1 transferidor de 180 graus<\/li>\n<\/ul>\n<h3>Ensino m\u00e9dio: 28 itens<\/h3>\n<ul>\n<li>2 apontadores com dep\u00f3sito<\/li>\n<li>2 borrachas brancas<\/li>\n<li>1 caderno de desenho com 96 folhas<\/li>\n<li>3 cadernos universit\u00e1rios com 200 folhas cada<\/li>\n<li>4 canetas esferogr\u00e1ficas azuis<\/li>\n<li>2 canetas esferogr\u00e1ficas pretas<\/li>\n<li>1 caneta esferogr\u00e1fica vermelha<\/li>\n<li>1 estojo de l\u00e1pis de cor grande com 12 cores<\/li>\n<li>8 l\u00e1pis grafite<\/li>\n<li>1 r\u00e9gua de 30 cm<\/li>\n<li>1 transferidor de 180 graus<\/li>\n<\/ul>\n<p>Essa variedade de materiais garante que cada estudante tenha recursos para participar das atividades em sala de aula de maneira plena e criativa, independentemente da etapa escolar.<\/p>\n<p>O <a href=\"https:\/\/www.pensarcursos.com.br\/blog\/\">Pensar Cursos<\/a> te deixa atualizado sobre benef\u00edcios para os estudantes. Acesse diariamente e fique bem informado!<\/p>\n<h2>Perguntas frequentes sobre a entrega dos kits escolares<\/h2>\n<ul>\n<li><strong>Quando come\u00e7a a distribui\u00e7\u00e3o dos kits?<\/strong> A distribui\u00e7\u00e3o come\u00e7ou em 12 de dezembro, com previs\u00e3o de conclus\u00e3o nas cidades at\u00e9 9 de fevereiro.<\/li>\n<li><strong>Todos os estudantes da rede p\u00fablica t\u00eam direito?<\/strong> Sim, mais de um milh\u00e3o de estudantes do Ensino Fundamental, M\u00e9dio e EJA\u00a0 do estado do Paran\u00e1 ser\u00e3o contemplados.<\/li>\n<li><strong>Os kits s\u00e3o iguais para todos os n\u00edveis?<\/strong>\u00a0N\u00e3o. O conte\u00fado varia com o grau escolar, sendo 31 itens para o Fundamental I, 32 para Fundamental II e 28 para o Ensino M\u00e9dio.<\/li>\n<li><strong>Quais novidades foram implementadas em 2026?<\/strong>\u00a0Aumentou-se a quantidade de l\u00e1pis, colas e cadernos, al\u00e9m do novo design de capa dos cadernos.<\/li>\n<li><strong>Como \u00e9 feita a entrega dos kits para alunos da zona rural?<\/strong>\u00a0Os N\u00facleos Regionais de Educa\u00e7\u00e3o organizam a entrega, conforme a log\u00edstica do munic\u00edpio.<\/li>\n<li><strong>O cronograma de entrega pode ser afetado?<\/strong>\u00a0H\u00e1 um planejamento para evitar atrasos, mas eventuais ajustes podem acontecer conforme imprevistos log\u00edsticos.<\/li>\n<li><strong>\u00c9 necess\u00e1rio algum cadastro pr\u00e9vio?<\/strong>\u00a0N\u00e3o. Todos os alunos matriculados nas escolas estaduais est\u00e3o automaticamente aptos a receber os kits.<\/li>\n<\/ul>\n<p>Saiba mais sobre as entregas no site do governo do estado do <a href=\"https:\/\/www.educacao.pr.gov.br\/Noticia\/Estado-inicia-nesta-sexta-feira-entrega-de-kits-escolares-para-o-ano-letivo-de-2026\" target=\"_blank\" rel=\"noopener\">Paran\u00e1<\/a>.<\/p>\n<p>Para saber mais sobre<strong>\u00a0benef\u00edcios voltados para estudantes da rede p\u00fablica,<\/strong>\u00a0assista ao v\u00eddeo abaixo:<\/p>\n<div class=\"jeg_video_container jeg_video_content\"><iframe title=\"R$ 9 MIL pra Estudar? Veja Como Aproveitar Esse Benef\u00edcio do Governo!\" width=\"500\" height=\"281\" src=\"https:\/\/www.youtube.com\/embed\/8BM18YSdSWE?feature=oembed\" frameborder=\"0\" allow=\"accelerometer; autoplay; clipboard-write; encrypted-media; gyroscope; picture-in-picture; web-share\" referrerpolicy=\"strict-origin-when-cross-origin\" allowfullscreen><\/iframe><\/div>\n","protected":false},"excerpt":{"rendered":"<p>O in\u00edcio do ano letivo costuma gerar expectativas entre fam\u00edlias e estudantes da rede p\u00fablica, principalmente quando o assunto \u00e9 prepara\u00e7\u00e3o para as aulas e material escolar! Em 2026, a entrega dos Kits de Material Escolar est\u00e1 confirmada para milhares de alunos. A Secretaria de Estado da Educa\u00e7\u00e3o (Seed) lidera uma iniciativa que beneficia mais [&hellip;]<\/p>\n","protected":false},"author":17,"featured_media":135715,"comment_status":"open","ping_status":"closed","sticky":false,"template":"","format":"standard","meta":{"jnews-multi-image_gallery":[],"jnews_single_post":{"format":"standard","override":[{"template":"1","parallax":"1","fullscreen":"1","layout":"right-sidebar","sidebar":"default-sidebar","second_sidebar":"default-sidebar","sticky_sidebar":"1","share_position":"topbottom","share_float_style":"share-monocrhome","show_featured":"1","show_post_meta":"1","show_post_author":"1","show_post_author_image":"1","show_post_date":"1","post_date_format":"default","post_date_format_custom":"Y\/m\/d","show_post_category":"1","post_reading_time_wpm":"300","post_calculate_word_method":"str_word_count","show_zoom_button":"0","zoom_button_out_step":"2","zoom_button_in_step":"3","show_post_tag":"1","show_prev_next_post":"1","show_popup_post":"1","show_comment_section":"1","number_popup_post":"2","show_author_box":"1","show_post_related":"1","show_inline_post_related":"1"}],"image_override":[{"single_post_thumbnail_size":"crop-500","single_post_gallery_size":"crop-500"}],"trending_post_position":"meta","trending_post_label":"Trending","sponsored_post_label":"Sponsored by","disable_ad":"0","subtitle":"As entregas tiveram in\u00edcio nesta sexta-feira, 12"},"jnews_primary_category":[],"jnews_social_meta":[],"jnews_override_counter":{"view_counter_number":"0","share_counter_number":"0","like_counter_number":"0","dislike_counter_number":"0"},"footnotes":""},"categories":[1628,1657,28],"tags":[8306,36221,8651,35981,36222],"class_list":["post-135710","post","type-post","status-publish","format-standard","has-post-thumbnail","hentry","category-atualidades","category-beneficios-sociais","category-educacao","tag-auxilio-material-escolar","tag-entrega-kit-material-escolar","tag-material-escolar","tag-material-escolar-2026","tag-regras-material-escolar"],"yoast_head":"<!-- This site is optimized with the Yoast SEO Premium plugin v27.4 (Yoast SEO v27.4) - https:\/\/yoast.com\/product\/yoast-seo-premium-wordpress\/ -->\n<title>Kits de Material Escolar para o ano letivo de 2026 est\u00e3o sendo entregues - Veja lista completa! - Blog Pensar Cursos<\/title>\n<meta name=\"description\" content=\"Kits de Material Escolar 2026 j\u00e1 est\u00e3o sendo entregues no Paran\u00e1. Veja lista completa, calend\u00e1rio de distribui\u00e7\u00e3o e novidades. Confira agora!\" \/>\n<meta name=\"robots\" content=\"index, follow, max-snippet:-1, max-image-preview:large, max-video-preview:-1\" \/>\n<link rel=\"canonical\" href=\"https:\/\/www.pensarcursos.com.br\/blog\/kits-de-material-escolar-para-o-ano-letivo-de-2026-estao-sendo-entregues-veja-lista-completa\/\" \/>\n<meta property=\"og:locale\" content=\"pt_BR\" \/>\n<meta property=\"og:type\" content=\"article\" \/>\n<meta property=\"og:title\" content=\"Kits de Material Escolar para o ano letivo de 2026 est\u00e3o sendo entregues - Veja lista completa!\" \/>\n<meta property=\"og:description\" content=\"Kits de Material Escolar 2026 j\u00e1 est\u00e3o sendo entregues no Paran\u00e1. Veja lista completa, calend\u00e1rio de distribui\u00e7\u00e3o e novidades. Confira agora!\" \/>\n<meta property=\"og:url\" content=\"https:\/\/www.pensarcursos.com.br\/blog\/kits-de-material-escolar-para-o-ano-letivo-de-2026-estao-sendo-entregues-veja-lista-completa\/\" \/>\n<meta property=\"og:site_name\" content=\"Blog Pensar Cursos\" \/>\n<meta property=\"article:publisher\" content=\"https:\/\/www.facebook.com\/pensarcursos\/\" \/>\n<meta property=\"article:author\" content=\"https:\/\/www.facebook.com\/profile.php?id=61550018262414\" \/>\n<meta property=\"article:published_time\" content=\"2025-12-12T13:39:55+00:00\" \/>\n<meta property=\"og:image\" content=\"https:\/\/www.pensarcursos.com.br\/blog\/wp-content\/uploads\/2025\/12\/128356-1.jpg\" \/>\n\t<meta property=\"og:image:width\" content=\"1500\" \/>\n\t<meta property=\"og:image:height\" content=\"1000\" \/>\n\t<meta property=\"og:image:type\" content=\"image\/jpeg\" \/>\n<meta name=\"author\" content=\"Gorete Costa\" \/>\n<meta name=\"twitter:card\" content=\"summary_large_image\" \/>\n<meta name=\"twitter:label1\" content=\"Escrito por\" \/>\n\t<meta name=\"twitter:data1\" content=\"Gorete Costa\" \/>\n\t<meta name=\"twitter:label2\" content=\"Est. tempo de leitura\" \/>\n\t<meta name=\"twitter:data2\" content=\"6 minutos\" \/>\n<!-- \/ Yoast SEO Premium plugin. -->","yoast_head_json":{"title":"Kits de Material Escolar para o ano letivo de 2026 est\u00e3o sendo entregues - Veja lista completa! - Blog Pensar Cursos","description":"Kits de Material Escolar 2026 j\u00e1 est\u00e3o sendo entregues no Paran\u00e1. Veja lista completa, calend\u00e1rio de distribui\u00e7\u00e3o e novidades. Confira agora!","robots":{"index":"index","follow":"follow","max-snippet":"max-snippet:-1","max-image-preview":"max-image-preview:large","max-video-preview":"max-video-preview:-1"},"canonical":"https:\/\/www.pensarcursos.com.br\/blog\/kits-de-material-escolar-para-o-ano-letivo-de-2026-estao-sendo-entregues-veja-lista-completa\/","og_locale":"pt_BR","og_type":"article","og_title":"Kits de Material Escolar para o ano letivo de 2026 est\u00e3o sendo entregues - Veja lista completa!","og_description":"Kits de Material Escolar 2026 j\u00e1 est\u00e3o sendo entregues no Paran\u00e1. Veja lista completa, calend\u00e1rio de distribui\u00e7\u00e3o e novidades. Confira agora!","og_url":"https:\/\/www.pensarcursos.com.br\/blog\/kits-de-material-escolar-para-o-ano-letivo-de-2026-estao-sendo-entregues-veja-lista-completa\/","og_site_name":"Blog Pensar Cursos","article_publisher":"https:\/\/www.facebook.com\/pensarcursos\/","article_author":"https:\/\/www.facebook.com\/profile.php?id=61550018262414","article_published_time":"2025-12-12T13:39:55+00:00","og_image":[{"width":1500,"height":1000,"url":"https:\/\/www.pensarcursos.com.br\/blog\/wp-content\/uploads\/2025\/12\/128356-1.jpg","type":"image\/jpeg"}],"author":"Gorete Costa","twitter_card":"summary_large_image","twitter_misc":{"Escrito por":"Gorete Costa","Est. tempo de leitura":"6 minutos"},"schema":{"@context":"https:\/\/schema.org","@graph":[{"@type":["Article","BlogPosting"],"@id":"https:\/\/www.pensarcursos.com.br\/blog\/kits-de-material-escolar-para-o-ano-letivo-de-2026-estao-sendo-entregues-veja-lista-completa\/#article","isPartOf":{"@id":"https:\/\/www.pensarcursos.com.br\/blog\/kits-de-material-escolar-para-o-ano-letivo-de-2026-estao-sendo-entregues-veja-lista-completa\/"},"author":{"name":"Gorete Costa","@id":"https:\/\/www.pensarcursos.com.br\/blog\/#\/schema\/person\/e133b19d62595d6ab0c12f3e5436a7bb"},"headline":"Kits de Material Escolar para o ano letivo de 2026 est\u00e3o sendo entregues &#8211; Veja lista completa!","datePublished":"2025-12-12T13:39:55+00:00","mainEntityOfPage":{"@id":"https:\/\/www.pensarcursos.com.br\/blog\/kits-de-material-escolar-para-o-ano-letivo-de-2026-estao-sendo-entregues-veja-lista-completa\/"},"wordCount":954,"commentCount":0,"publisher":{"@id":"https:\/\/www.pensarcursos.com.br\/blog\/#organization"},"image":{"@id":"https:\/\/www.pensarcursos.com.br\/blog\/kits-de-material-escolar-para-o-ano-letivo-de-2026-estao-sendo-entregues-veja-lista-completa\/#primaryimage"},"thumbnailUrl":"https:\/\/www.pensarcursos.com.br\/blog\/wp-content\/uploads\/2025\/12\/128356-1.jpg","keywords":["Aux\u00edlio Material Escolar","entrega kit material escolar","material escolar","material escolar 2026","regras material escolar"],"articleSection":["Atualidades","Benef\u00edcios Sociais","Educa\u00e7\u00e3o"],"inLanguage":"pt-BR","potentialAction":[{"@type":"CommentAction","name":"Comment","target":["https:\/\/www.pensarcursos.com.br\/blog\/kits-de-material-escolar-para-o-ano-letivo-de-2026-estao-sendo-entregues-veja-lista-completa\/#respond"]}],"copyrightYear":"2025","copyrightHolder":{"@id":"https:\/\/www.pensarcursos.com.br\/blog\/#organization"}},{"@type":"WebPage","@id":"https:\/\/www.pensarcursos.com.br\/blog\/kits-de-material-escolar-para-o-ano-letivo-de-2026-estao-sendo-entregues-veja-lista-completa\/","url":"https:\/\/www.pensarcursos.com.br\/blog\/kits-de-material-escolar-para-o-ano-letivo-de-2026-estao-sendo-entregues-veja-lista-completa\/","name":"Kits de Material Escolar para o ano letivo de 2026 est\u00e3o sendo entregues - Veja lista completa! - Blog Pensar Cursos","isPartOf":{"@id":"https:\/\/www.pensarcursos.com.br\/blog\/#website"},"primaryImageOfPage":{"@id":"https:\/\/www.pensarcursos.com.br\/blog\/kits-de-material-escolar-para-o-ano-letivo-de-2026-estao-sendo-entregues-veja-lista-completa\/#primaryimage"},"image":{"@id":"https:\/\/www.pensarcursos.com.br\/blog\/kits-de-material-escolar-para-o-ano-letivo-de-2026-estao-sendo-entregues-veja-lista-completa\/#primaryimage"},"thumbnailUrl":"https:\/\/www.pensarcursos.com.br\/blog\/wp-content\/uploads\/2025\/12\/128356-1.jpg","datePublished":"2025-12-12T13:39:55+00:00","description":"Kits de Material Escolar 2026 j\u00e1 est\u00e3o sendo entregues no Paran\u00e1. Veja lista completa, calend\u00e1rio de distribui\u00e7\u00e3o e novidades. Confira agora!","breadcrumb":{"@id":"https:\/\/www.pensarcursos.com.br\/blog\/kits-de-material-escolar-para-o-ano-letivo-de-2026-estao-sendo-entregues-veja-lista-completa\/#breadcrumb"},"inLanguage":"pt-BR","potentialAction":[{"@type":"ReadAction","target":["https:\/\/www.pensarcursos.com.br\/blog\/kits-de-material-escolar-para-o-ano-letivo-de-2026-estao-sendo-entregues-veja-lista-completa\/"]}]},{"@type":"ImageObject","inLanguage":"pt-BR","@id":"https:\/\/www.pensarcursos.com.br\/blog\/kits-de-material-escolar-para-o-ano-letivo-de-2026-estao-sendo-entregues-veja-lista-completa\/#primaryimage","url":"https:\/\/www.pensarcursos.com.br\/blog\/wp-content\/uploads\/2025\/12\/128356-1.jpg","contentUrl":"https:\/\/www.pensarcursos.com.br\/blog\/wp-content\/uploads\/2025\/12\/128356-1.jpg","width":1500,"height":1000,"caption":"Come\u00e7ou! Kits de Material Escolar para 2026 j\u00e1 est\u00e3o sendo entregues aos alunos. Imagem: Freepik"},{"@type":"BreadcrumbList","@id":"https:\/\/www.pensarcursos.com.br\/blog\/kits-de-material-escolar-para-o-ano-letivo-de-2026-estao-sendo-entregues-veja-lista-completa\/#breadcrumb","itemListElement":[{"@type":"ListItem","position":1,"name":"Home","item":"https:\/\/www.pensarcursos.com.br\/blog\/"},{"@type":"ListItem","position":2,"name":"Kits de Material Escolar para o ano letivo de 2026 est\u00e3o sendo entregues &#8211; Veja lista completa!"}]},{"@type":"WebSite","@id":"https:\/\/www.pensarcursos.com.br\/blog\/#website","url":"https:\/\/www.pensarcursos.com.br\/blog\/","name":"Blog Pensar Cursos","description":"Maior Site de Cursos do Brasil","publisher":{"@id":"https:\/\/www.pensarcursos.com.br\/blog\/#organization"},"alternateName":"Blog Pensar","potentialAction":[{"@type":"SearchAction","target":{"@type":"EntryPoint","urlTemplate":"https:\/\/www.pensarcursos.com.br\/blog\/?s={search_term_string}"},"query-input":{"@type":"PropertyValueSpecification","valueRequired":true,"valueName":"search_term_string"}}],"inLanguage":"pt-BR"},{"@type":"Organization","@id":"https:\/\/www.pensarcursos.com.br\/blog\/#organization","name":"Pensar Cursos","alternateName":"Blog pensar","url":"https:\/\/www.pensarcursos.com.br\/blog\/","logo":{"@type":"ImageObject","inLanguage":"pt-BR","@id":"https:\/\/www.pensarcursos.com.br\/blog\/#\/schema\/logo\/image\/","url":"https:\/\/www.pensarcursos.com.br\/blog\/wp-content\/uploads\/2023\/11\/Nova-Logo-Pensar-Cursos-vertical.png","contentUrl":"https:\/\/www.pensarcursos.com.br\/blog\/wp-content\/uploads\/2023\/11\/Nova-Logo-Pensar-Cursos-vertical.png","width":1393,"height":1001,"caption":"Pensar Cursos"},"image":{"@id":"https:\/\/www.pensarcursos.com.br\/blog\/#\/schema\/logo\/image\/"},"sameAs":["https:\/\/www.facebook.com\/pensarcursos\/","https:\/\/instagram.com.br\/pensarcursos"],"description":"Pensar Cursos \u00e9 uma empresa especializada em oferecer cursos de alta qualidade voltados para o desenvolvimento profissional e acad\u00eamico. Com uma ampla gama de op\u00e7\u00f5es de treinamento, oferecemos conte\u00fados atualizados, ministrados por especialistas da \u00e1rea, para capacitar indiv\u00edduos e equipes a atingirem seus objetivos. Nossa miss\u00e3o \u00e9 proporcionar uma educa\u00e7\u00e3o transformadora, acess\u00edvel e personalizada para cada aluno, seja em cursos presenciais ou online. Com uma abordagem inovadora, buscamos adaptar os nossos programas de ensino \u00e0s necessidades do mercado, criando solu\u00e7\u00f5es que atendem aos desafios e exig\u00eancias do mundo corporativo e acad\u00eamico. Nossos cursos incluem desde forma\u00e7\u00f5es t\u00e9cnicas at\u00e9 habilidades essenciais, como lideran\u00e7a, gest\u00e3o e desenvolvimento pessoal.","email":"contato@pensarcursos.com.br","legalName":"Sena Servi\u00e7os de Informa\u00e7\u00e3o Online LTDA","foundingDate":"2013-04-18","vatID":"17956217000172","numberOfEmployees":{"@type":"QuantitativeValue","minValue":"11","maxValue":"50"},"publishingPrinciples":"https:\/\/www.pensarcursos.com.br\/blog\/principios-de-publicacao\/","ownershipFundingInfo":"https:\/\/www.pensarcursos.com.br\/blog\/informacoes-de-propriedade-financiamento\/","actionableFeedbackPolicy":"https:\/\/www.pensarcursos.com.br\/blog\/politica-de-feedback-acionavel\/","correctionsPolicy":"https:\/\/www.pensarcursos.com.br\/blog\/politica-de-correcoes\/","ethicsPolicy":"https:\/\/www.pensarcursos.com.br\/blog\/politica-de-etica\/"},{"@type":"Person","@id":"https:\/\/www.pensarcursos.com.br\/blog\/#\/schema\/person\/e133b19d62595d6ab0c12f3e5436a7bb","name":"Gorete Costa","image":{"@type":"ImageObject","inLanguage":"pt-BR","@id":"https:\/\/secure.gravatar.com\/avatar\/8cb99f142e1cb1312d8c202378c20dc4f7210145acc22805481f4a3f47ce9b6f?s=96&d=mm&r=g","url":"https:\/\/secure.gravatar.com\/avatar\/8cb99f142e1cb1312d8c202378c20dc4f7210145acc22805481f4a3f47ce9b6f?s=96&d=mm&r=g","contentUrl":"https:\/\/secure.gravatar.com\/avatar\/8cb99f142e1cb1312d8c202378c20dc4f7210145acc22805481f4a3f47ce9b6f?s=96&d=mm&r=g","caption":"Gorete Costa"},"description":"Graduada em Servi\u00e7o Social pela Universidade do Norte do Paran\u00e1 (Unopar), Gorete Costa \u00e9 especialista em comunica\u00e7\u00e3o, atuando como radialista em programas jornal\u00edsticos e de entretenimento, al\u00e9m de produ\u00e7\u00e3o e revis\u00e3o de textos informativos para sites e blogs.","sameAs":["https:\/\/www.facebook.com\/profile.php?id=61550018262414"],"url":"https:\/\/www.pensarcursos.com.br\/blog\/author\/gorete\/"}]}},"_links":{"self":[{"href":"https:\/\/www.pensarcursos.com.br\/blog\/wp-json\/wp\/v2\/posts\/135710","targetHints":{"allow":["GET"]}}],"collection":[{"href":"https:\/\/www.pensarcursos.com.br\/blog\/wp-json\/wp\/v2\/posts"}],"about":[{"href":"https:\/\/www.pensarcursos.com.br\/blog\/wp-json\/wp\/v2\/types\/post"}],"author":[{"embeddable":true,"href":"https:\/\/www.pensarcursos.com.br\/blog\/wp-json\/wp\/v2\/users\/17"}],"replies":[{"embeddable":true,"href":"https:\/\/www.pensarcursos.com.br\/blog\/wp-json\/wp\/v2\/comments?post=135710"}],"version-history":[{"count":0,"href":"https:\/\/www.pensarcursos.com.br\/blog\/wp-json\/wp\/v2\/posts\/135710\/revisions"}],"wp:featuredmedia":[{"embeddable":true,"href":"https:\/\/www.pensarcursos.com.br\/blog\/wp-json\/wp\/v2\/media\/135715"}],"wp:attachment":[{"href":"https:\/\/www.pensarcursos.com.br\/blog\/wp-json\/wp\/v2\/media?parent=135710"}],"wp:term":[{"taxonomy":"category","embeddable":true,"href":"https:\/\/www.pensarcursos.com.br\/blog\/wp-json\/wp\/v2\/categories?post=135710"},{"taxonomy":"post_tag","embeddable":true,"href":"https:\/\/www.pensarcursos.com.br\/blog\/wp-json\/wp\/v2\/tags?post=135710"}],"curies":[{"name":"wp","href":"https:\/\/api.w.org\/{rel}","templated":true}]}}