{"id":135664,"date":"2025-12-12T07:59:12","date_gmt":"2025-12-12T10:59:12","guid":{"rendered":"https:\/\/www.pensarcursos.com.br\/blog\/?p=135664"},"modified":"2025-12-12T08:06:03","modified_gmt":"2025-12-12T11:06:03","slug":"sac-oferece-atendimento-para-carteira-de-identidade-neste-sabado-13","status":"publish","type":"post","link":"https:\/\/www.pensarcursos.com.br\/blog\/sac-oferece-atendimento-para-carteira-de-identidade-neste-sabado-13\/","title":{"rendered":"SAC oferece atendimento para Carteira de Identidade neste s\u00e1bado (13)"},"content":{"rendered":"<p>No pr\u00f3ximo s\u00e1bado, dia 13, o Servi\u00e7o de Atendimento ao Cidad\u00e3o (SAC) vai disponibilizar atendimento exclusivo para emiss\u00e3o da <a href=\"https:\/\/www.pensarcursos.com.br\/blog\/informacoes-de-saude-na-nova-carteira-de-identidade-veja-o-que-pode-ser-incluido\/\" target=\"_blank\" rel=\"noopener\"><strong>Carteira de Identidade<\/strong><\/a>.<\/p>\n<p>Com o avan\u00e7o dos sistemas de identifica\u00e7\u00e3o no Brasil, a obten\u00e7\u00e3o da nova\u00a0<strong>Carteira de Identidade<\/strong>\u00a0<strong>se tornou fundamental para garantir direitos, acessar servi\u00e7os e evitar fraudes<\/strong>, j\u00e1 que agora o documento segue padr\u00e3o nacional e inclui inova\u00e7\u00f5es como o uso do CPF como n\u00famero \u00fanico.<\/p>\n<p>Entenda abaixo as mudan\u00e7as mais recentes, onde e como o atendimento especial ser\u00e1 realizado, e o que significa ser considerado pessoa at\u00edpica.<\/p>\n<h2>O que muda na nova Carteira de Identidade Nacional?<\/h2>\n<p>A nova vers\u00e3o do documento, conhecida como <a href=\"https:\/\/www.pensarcursos.com.br\/blog\/novo-mutirao-da-carteira-de-identidade-acontece-de-15-a-18-de-dezembro\/\" target=\"_blank\" rel=\"noopener\">Carteira de Identidade Nacional<\/a> (CIN), foi criada para trazer mais seguran\u00e7a e simplifica\u00e7\u00e3o no registro dos cidad\u00e3os brasileiros.<\/p>\n<p>A principal novidade \u00e9 o<strong> uso do\u00a0CPF como o \u00fanico n\u00famero de identifica\u00e7\u00e3o<\/strong>, eliminando a antiga necessidade de diversos registros estaduais. Entre as vantagens, est\u00e3o o aumento da seguran\u00e7a com QR Code e MRZ, al\u00e9m da possibilidade de ter o documento em formato f\u00edsico e digital.<\/p>\n<ul>\n<li><strong>Unifica\u00e7\u00e3o do CPF<\/strong>\u00a0como n\u00famero \u00fanico;<\/li>\n<li>Formato f\u00edsico (papel ou policarbonato) e digital;<\/li>\n<li>Elementos de seguran\u00e7a contra fraudes;<\/li>\n<li>Validade ajustada por faixa et\u00e1ria (cinco, dez anos ou indeterminada para maiores de 60);<\/li>\n<li>Acesso pr\u00e1tico a servi\u00e7os p\u00fablicos e privados.<\/li>\n<\/ul>\n<h2>Como funciona o atendimento especial neste s\u00e1bado?<\/h2>\n<figure id=\"attachment_135665\" aria-describedby=\"caption-attachment-135665\" style=\"width: 1170px\" class=\"wp-caption aligncenter\"><img decoding=\"async\" class=\"wp-image-135665 size-full\" title=\"Como funciona o atendimento especial neste s\u00e1bado.\" src=\"https:\/\/www.pensarcursos.com.br\/blog\/wp-content\/uploads\/2025\/12\/Agencia-Brasil-lkh.webp\" alt=\"Crian\u00e7a sorridente mostrando sua nova Carteira de Identidade Nacional emitida em atendimento especial do SAC.\" width=\"1170\" height=\"700\" srcset=\"https:\/\/www.pensarcursos.com.br\/blog\/wp-content\/uploads\/2025\/12\/Agencia-Brasil-lkh.webp 1170w, https:\/\/www.pensarcursos.com.br\/blog\/wp-content\/uploads\/2025\/12\/Agencia-Brasil-lkh-300x179.webp 300w, https:\/\/www.pensarcursos.com.br\/blog\/wp-content\/uploads\/2025\/12\/Agencia-Brasil-lkh-1024x613.webp 1024w, https:\/\/www.pensarcursos.com.br\/blog\/wp-content\/uploads\/2025\/12\/Agencia-Brasil-lkh-768x459.webp 768w, https:\/\/www.pensarcursos.com.br\/blog\/wp-content\/uploads\/2025\/12\/Agencia-Brasil-lkh-750x449.webp 750w, https:\/\/www.pensarcursos.com.br\/blog\/wp-content\/uploads\/2025\/12\/Agencia-Brasil-lkh-1140x682.webp 1140w\" sizes=\"(max-width: 1170px) 100vw, 1170px\" \/><figcaption id=\"caption-attachment-135665\" class=\"wp-caption-text\">O mutir\u00e3o de s\u00e1bado facilita o acesso de fam\u00edlias que n\u00e3o conseguem comparecer durante a semana. Imagem: Ag\u00eancia Brasil<\/figcaption><\/figure>\n<p>O\u00a0<strong>Ponto SAC de Jaguaquara, estado da Bahia,<\/strong> preparou uma a\u00e7\u00e3o diferenciada para atender pessoas consideradas at\u00edpicas e\/ou com defici\u00eancia no s\u00e1bado, 13 de dezembro de 2025.<\/p>\n<p>O atendimento, que contempla tamb\u00e9m crian\u00e7as, exige\u00a0<strong>agendamento pr\u00e9vio<\/strong>. Interessados devem comparecer no SAC at\u00e9 o dia 12 de dezembro, pela manh\u00e3, para realizar o agendamento levando toda a documenta\u00e7\u00e3o necess\u00e1ria.<\/p>\n<h3>Documentos necess\u00e1rios<\/h3>\n<ul>\n<li>Certid\u00e3o de nascimento original ou autenticada (para solteiros);<\/li>\n<li>Certid\u00e3o de casamento original ou autenticada (para casados, divorciados, separados ou vi\u00favos);<\/li>\n<li>Comprovante de resid\u00eancia atualizado;<\/li>\n<li>CPF em situa\u00e7\u00e3o regular;<\/li>\n<li>A foto \u00e9 tirada no momento do atendimento.<\/li>\n<\/ul>\n<h3>Custo do servi\u00e7o<\/h3>\n<p><strong>A primeira via da nova identidade \u00e9\u00a0gratuita<\/strong>. Para a segunda via, valores variam dependendo do estado e situa\u00e7\u00e3o do requerente.<\/p>\n<h2>Entenda quem s\u00e3o pessoas at\u00edpicas<\/h2>\n<p><strong>Pessoa at\u00edpica refere-se \u00e0quelas cujo desenvolvimento ou comportamento foge do padr\u00e3o considerado comum para sua faixa et\u00e1ria<\/strong>. Isso pode se manifestar em \u00e1reas como cogni\u00e7\u00e3o, socializa\u00e7\u00e3o, habilidades motoras ou comportamento. O termo inclui, por exemplo, pessoas com transtornos do espectro autista, s\u00edndromes gen\u00e9ticas, condi\u00e7\u00f5es neurol\u00f3gicas e outros tipos de defici\u00eancia.<\/p>\n<h2>Por que o documento de identidade \u00e9 t\u00e3o importante?<\/h2>\n<p>Sem a identidade em dia, os cidad\u00e3os enfrentam limita\u00e7\u00f5es: desde a restri\u00e7\u00e3o para acessar benef\u00edcios sociais e servi\u00e7os p\u00fablicos, at\u00e9 dificuldades para abrir conta banc\u00e1ria, encontrar empregos e votar. A nova carteira amplia a prote\u00e7\u00e3o e a agilidade, facilitando processos em todo o territ\u00f3rio nacional e tamb\u00e9m em viagens pelo Mercosul gra\u00e7as ao padr\u00e3o MRZ.<\/p>\n<h3>N\u00e3o deixe para \u00faltima hora<\/h3>\n<p>Enquanto a troca do documento antigo ainda \u00e9 opcional at\u00e9 2032, recomenda-se que todos estejam atentos \u00e0 validade e procurem atualizar seus dados sempre que poss\u00edvel. Essa iniciativa do SAC \u00e9 uma oportunidade para quem tem dificuldade de locomo\u00e7\u00e3o ou comunica\u00e7\u00e3o.<\/p>\n<h2>Onde e quando agendar?<\/h2>\n<p>O agendamento para o atendimento especial deve ser feito presencialmente no\u00a0<strong>Ponto SAC de Jaguaquara<\/strong> at\u00e9 o dia 12 de dezembro, durante o turno da manh\u00e3. O atendimento acontece no s\u00e1bado, dia 13 de dezembro, exclusivamente para as pessoas que realizaram o agendamento.<\/p>\n<p>\u00c9 recomendado levar todos os documentos necess\u00e1rios e, se poss\u00edvel, um acompanhante para auxiliar na comunica\u00e7\u00e3o ou locomo\u00e7\u00e3o, caso seja conveniente ao usu\u00e1rio.<\/p>\n<p>Continue no <a href=\"https:\/\/www.pensarcursos.com.br\/blog\/\" target=\"_blank\" rel=\"noopener\"><strong>Pensar Cursos<\/strong><\/a> e saiba mais sobre a nova <a href=\"https:\/\/www.pensarcursos.com.br\/blog\/nova-carteira-de-identidade-ficara-mais-cara-que-o-antigo-rg-confira-valores\/\" target=\"_blank\" rel=\"noopener\">Carteira de Identidade Nacional<\/a>.<\/p>\n<div class=\"jeg_video_container jeg_video_content\"><iframe title=\"Saiba tudo sobe a Nova Carteira de Identidade - CIN\" width=\"500\" height=\"281\" src=\"https:\/\/www.youtube.com\/embed\/Ozxw-tdxR1M?feature=oembed\" frameborder=\"0\" allow=\"accelerometer; autoplay; clipboard-write; encrypted-media; gyroscope; picture-in-picture; web-share\" referrerpolicy=\"strict-origin-when-cross-origin\" allowfullscreen><\/iframe><\/div>\n","protected":false},"excerpt":{"rendered":"<p>No pr\u00f3ximo s\u00e1bado, dia 13, o Servi\u00e7o de Atendimento ao Cidad\u00e3o (SAC) vai disponibilizar atendimento exclusivo para emiss\u00e3o da Carteira de Identidade. Com o avan\u00e7o dos sistemas de identifica\u00e7\u00e3o no Brasil, a obten\u00e7\u00e3o da nova\u00a0Carteira de Identidade\u00a0se tornou fundamental para garantir direitos, acessar servi\u00e7os e evitar fraudes, j\u00e1 que agora o documento segue padr\u00e3o nacional [&hellip;]<\/p>\n","protected":false},"author":41,"featured_media":135666,"comment_status":"open","ping_status":"closed","sticky":false,"template":"","format":"standard","meta":{"jnews-multi-image_gallery":[],"jnews_single_post":{"format":"standard","override":[{"template":"1","parallax":"1","fullscreen":"1","layout":"right-sidebar","sidebar":"default-sidebar","second_sidebar":"default-sidebar","sticky_sidebar":"1","share_position":"topbottom","share_float_style":"share-monocrhome","show_featured":"1","show_post_meta":"1","show_post_author":"1","show_post_author_image":"1","show_post_date":"1","post_date_format":"default","post_date_format_custom":"Y\/m\/d","show_post_category":"1","post_reading_time_wpm":"300","post_calculate_word_method":"str_word_count","show_zoom_button":"0","zoom_button_out_step":"2","zoom_button_in_step":"3","show_post_tag":"1","show_prev_next_post":"1","show_popup_post":"1","show_comment_section":"1","number_popup_post":"2","show_author_box":"1","show_post_related":"1","show_inline_post_related":"1"}],"image_override":[{"single_post_thumbnail_size":"crop-500","single_post_gallery_size":"crop-500"}],"trending_post_position":"meta","trending_post_label":"Trending","sponsored_post_label":"Sponsored by","disable_ad":"0","subtitle":"SAC realiza emiss\u00e3o da nova Carteira de Identidade com foco em inclus\u00e3o social neste s\u00e1bado"},"jnews_primary_category":[],"jnews_social_meta":[],"jnews_override_counter":{"view_counter_number":"0","share_counter_number":"0","like_counter_number":"0","dislike_counter_number":"0"},"footnotes":""},"categories":[1628,1691],"tags":[36203,35928,2481,9083,35624,36202,36201],"class_list":["post-135664","post","type-post","status-publish","format-standard","has-post-thumbnail","hentry","category-atualidades","category-direitos-do-trabalhador","tag-acao-cin","tag-atendimento","tag-documento-de-identidade","tag-emissao","tag-identidade-2025","tag-posto-sac-de-jaguaquara","tag-sabado"],"yoast_head":"<!-- This site is optimized with the Yoast SEO Premium plugin v27.4 (Yoast SEO v27.4) - https:\/\/yoast.com\/product\/yoast-seo-premium-wordpress\/ -->\n<title>SAC oferece atendimento para Carteira de Identidade neste s\u00e1bado (13) - Blog Pensar Cursos<\/title>\n<meta name=\"description\" content=\"SAC realiza atendimento especial para emiss\u00e3o da Carteira de Identidade neste s\u00e1bado (13), para pessoas at\u00edpicas e com necessidades especiais. Saiba quem pode participar, como agendar e quais documentos levar.\" \/>\n<meta name=\"robots\" content=\"index, follow, max-snippet:-1, max-image-preview:large, max-video-preview:-1\" \/>\n<link rel=\"canonical\" href=\"https:\/\/www.pensarcursos.com.br\/blog\/sac-oferece-atendimento-para-carteira-de-identidade-neste-sabado-13\/\" \/>\n<meta property=\"og:locale\" content=\"pt_BR\" \/>\n<meta property=\"og:type\" content=\"article\" \/>\n<meta property=\"og:title\" content=\"SAC oferece atendimento para Carteira de Identidade neste s\u00e1bado (13)\" \/>\n<meta property=\"og:description\" content=\"SAC realiza atendimento especial para emiss\u00e3o da Carteira de Identidade neste s\u00e1bado (13), para pessoas at\u00edpicas e com necessidades especiais. Saiba quem pode participar, como agendar e quais documentos levar.\" \/>\n<meta property=\"og:url\" content=\"https:\/\/www.pensarcursos.com.br\/blog\/sac-oferece-atendimento-para-carteira-de-identidade-neste-sabado-13\/\" \/>\n<meta property=\"og:site_name\" content=\"Blog Pensar Cursos\" \/>\n<meta property=\"article:publisher\" content=\"https:\/\/www.facebook.com\/pensarcursos\/\" \/>\n<meta property=\"article:published_time\" content=\"2025-12-12T10:59:12+00:00\" \/>\n<meta property=\"article:modified_time\" content=\"2025-12-12T11:06:03+00:00\" \/>\n<meta property=\"og:image\" content=\"https:\/\/www.pensarcursos.com.br\/blog\/wp-content\/uploads\/2025\/12\/gov.-br-3.jpeg\" \/>\n\t<meta property=\"og:image:width\" content=\"1200\" \/>\n\t<meta property=\"og:image:height\" content=\"800\" \/>\n\t<meta property=\"og:image:type\" content=\"image\/jpeg\" \/>\n<meta name=\"author\" content=\"F\u00e1tima Azevedo\" \/>\n<meta name=\"twitter:card\" content=\"summary_large_image\" \/>\n<meta name=\"twitter:label1\" content=\"Escrito por\" \/>\n\t<meta name=\"twitter:data1\" content=\"F\u00e1tima Azevedo\" \/>\n\t<meta name=\"twitter:label2\" content=\"Est. tempo de leitura\" \/>\n\t<meta name=\"twitter:data2\" content=\"4 minutos\" \/>\n<!-- \/ Yoast SEO Premium plugin. -->","yoast_head_json":{"title":"SAC oferece atendimento para Carteira de Identidade neste s\u00e1bado (13) - Blog Pensar Cursos","description":"SAC realiza atendimento especial para emiss\u00e3o da Carteira de Identidade neste s\u00e1bado (13), para pessoas at\u00edpicas e com necessidades especiais. Saiba quem pode participar, como agendar e quais documentos levar.","robots":{"index":"index","follow":"follow","max-snippet":"max-snippet:-1","max-image-preview":"max-image-preview:large","max-video-preview":"max-video-preview:-1"},"canonical":"https:\/\/www.pensarcursos.com.br\/blog\/sac-oferece-atendimento-para-carteira-de-identidade-neste-sabado-13\/","og_locale":"pt_BR","og_type":"article","og_title":"SAC oferece atendimento para Carteira de Identidade neste s\u00e1bado (13)","og_description":"SAC realiza atendimento especial para emiss\u00e3o da Carteira de Identidade neste s\u00e1bado (13), para pessoas at\u00edpicas e com necessidades especiais. Saiba quem pode participar, como agendar e quais documentos levar.","og_url":"https:\/\/www.pensarcursos.com.br\/blog\/sac-oferece-atendimento-para-carteira-de-identidade-neste-sabado-13\/","og_site_name":"Blog Pensar Cursos","article_publisher":"https:\/\/www.facebook.com\/pensarcursos\/","article_published_time":"2025-12-12T10:59:12+00:00","article_modified_time":"2025-12-12T11:06:03+00:00","og_image":[{"width":1200,"height":800,"url":"https:\/\/www.pensarcursos.com.br\/blog\/wp-content\/uploads\/2025\/12\/gov.-br-3.jpeg","type":"image\/jpeg"}],"author":"F\u00e1tima Azevedo","twitter_card":"summary_large_image","twitter_misc":{"Escrito por":"F\u00e1tima Azevedo","Est. tempo de leitura":"4 minutos"},"schema":{"@context":"https:\/\/schema.org","@graph":[{"@type":["Article","BlogPosting"],"@id":"https:\/\/www.pensarcursos.com.br\/blog\/sac-oferece-atendimento-para-carteira-de-identidade-neste-sabado-13\/#article","isPartOf":{"@id":"https:\/\/www.pensarcursos.com.br\/blog\/sac-oferece-atendimento-para-carteira-de-identidade-neste-sabado-13\/"},"author":{"name":"F\u00e1tima Azevedo","@id":"https:\/\/www.pensarcursos.com.br\/blog\/#\/schema\/person\/827343e4611913410dcf62144b5b2a2d"},"headline":"SAC oferece atendimento para Carteira de Identidade neste s\u00e1bado (13)","datePublished":"2025-12-12T10:59:12+00:00","dateModified":"2025-12-12T11:06:03+00:00","mainEntityOfPage":{"@id":"https:\/\/www.pensarcursos.com.br\/blog\/sac-oferece-atendimento-para-carteira-de-identidade-neste-sabado-13\/"},"wordCount":707,"commentCount":0,"publisher":{"@id":"https:\/\/www.pensarcursos.com.br\/blog\/#organization"},"image":{"@id":"https:\/\/www.pensarcursos.com.br\/blog\/sac-oferece-atendimento-para-carteira-de-identidade-neste-sabado-13\/#primaryimage"},"thumbnailUrl":"https:\/\/www.pensarcursos.com.br\/blog\/wp-content\/uploads\/2025\/12\/gov.-br-3.jpeg","keywords":["a\u00e7\u00e3o cin","atendimento","documento de identidade","emiss\u00e3o","identidade 2025","posto sac de jaguaquara","s\u00e1bado"],"articleSection":["Atualidades","Direitos do Trabalhador"],"inLanguage":"pt-BR","potentialAction":[{"@type":"CommentAction","name":"Comment","target":["https:\/\/www.pensarcursos.com.br\/blog\/sac-oferece-atendimento-para-carteira-de-identidade-neste-sabado-13\/#respond"]}],"copyrightYear":"2025","copyrightHolder":{"@id":"https:\/\/www.pensarcursos.com.br\/blog\/#organization"}},{"@type":"WebPage","@id":"https:\/\/www.pensarcursos.com.br\/blog\/sac-oferece-atendimento-para-carteira-de-identidade-neste-sabado-13\/","url":"https:\/\/www.pensarcursos.com.br\/blog\/sac-oferece-atendimento-para-carteira-de-identidade-neste-sabado-13\/","name":"SAC oferece atendimento para Carteira de Identidade neste s\u00e1bado (13) - Blog Pensar Cursos","isPartOf":{"@id":"https:\/\/www.pensarcursos.com.br\/blog\/#website"},"primaryImageOfPage":{"@id":"https:\/\/www.pensarcursos.com.br\/blog\/sac-oferece-atendimento-para-carteira-de-identidade-neste-sabado-13\/#primaryimage"},"image":{"@id":"https:\/\/www.pensarcursos.com.br\/blog\/sac-oferece-atendimento-para-carteira-de-identidade-neste-sabado-13\/#primaryimage"},"thumbnailUrl":"https:\/\/www.pensarcursos.com.br\/blog\/wp-content\/uploads\/2025\/12\/gov.-br-3.jpeg","datePublished":"2025-12-12T10:59:12+00:00","dateModified":"2025-12-12T11:06:03+00:00","description":"SAC realiza atendimento especial para emiss\u00e3o da Carteira de Identidade neste s\u00e1bado (13), para pessoas at\u00edpicas e com necessidades especiais. Saiba quem pode participar, como agendar e quais documentos levar.","breadcrumb":{"@id":"https:\/\/www.pensarcursos.com.br\/blog\/sac-oferece-atendimento-para-carteira-de-identidade-neste-sabado-13\/#breadcrumb"},"inLanguage":"pt-BR","potentialAction":[{"@type":"ReadAction","target":["https:\/\/www.pensarcursos.com.br\/blog\/sac-oferece-atendimento-para-carteira-de-identidade-neste-sabado-13\/"]}]},{"@type":"ImageObject","inLanguage":"pt-BR","@id":"https:\/\/www.pensarcursos.com.br\/blog\/sac-oferece-atendimento-para-carteira-de-identidade-neste-sabado-13\/#primaryimage","url":"https:\/\/www.pensarcursos.com.br\/blog\/wp-content\/uploads\/2025\/12\/gov.-br-3.jpeg","contentUrl":"https:\/\/www.pensarcursos.com.br\/blog\/wp-content\/uploads\/2025\/12\/gov.-br-3.jpeg","width":1200,"height":800,"caption":"Unidades do SAC funcionar\u00e3o em hor\u00e1rio especial neste s\u00e1bado (13) para emiss\u00e3o do novo documento de identidade. Imagem: Gov.br"},{"@type":"BreadcrumbList","@id":"https:\/\/www.pensarcursos.com.br\/blog\/sac-oferece-atendimento-para-carteira-de-identidade-neste-sabado-13\/#breadcrumb","itemListElement":[{"@type":"ListItem","position":1,"name":"Home","item":"https:\/\/www.pensarcursos.com.br\/blog\/"},{"@type":"ListItem","position":2,"name":"SAC oferece atendimento para Carteira de Identidade neste s\u00e1bado (13)"}]},{"@type":"WebSite","@id":"https:\/\/www.pensarcursos.com.br\/blog\/#website","url":"https:\/\/www.pensarcursos.com.br\/blog\/","name":"Blog Pensar Cursos","description":"Maior Site de Cursos do Brasil","publisher":{"@id":"https:\/\/www.pensarcursos.com.br\/blog\/#organization"},"alternateName":"Blog Pensar","potentialAction":[{"@type":"SearchAction","target":{"@type":"EntryPoint","urlTemplate":"https:\/\/www.pensarcursos.com.br\/blog\/?s={search_term_string}"},"query-input":{"@type":"PropertyValueSpecification","valueRequired":true,"valueName":"search_term_string"}}],"inLanguage":"pt-BR"},{"@type":"Organization","@id":"https:\/\/www.pensarcursos.com.br\/blog\/#organization","name":"Pensar Cursos","alternateName":"Blog pensar","url":"https:\/\/www.pensarcursos.com.br\/blog\/","logo":{"@type":"ImageObject","inLanguage":"pt-BR","@id":"https:\/\/www.pensarcursos.com.br\/blog\/#\/schema\/logo\/image\/","url":"https:\/\/www.pensarcursos.com.br\/blog\/wp-content\/uploads\/2023\/11\/Nova-Logo-Pensar-Cursos-vertical.png","contentUrl":"https:\/\/www.pensarcursos.com.br\/blog\/wp-content\/uploads\/2023\/11\/Nova-Logo-Pensar-Cursos-vertical.png","width":1393,"height":1001,"caption":"Pensar Cursos"},"image":{"@id":"https:\/\/www.pensarcursos.com.br\/blog\/#\/schema\/logo\/image\/"},"sameAs":["https:\/\/www.facebook.com\/pensarcursos\/","https:\/\/instagram.com.br\/pensarcursos"],"description":"Pensar Cursos \u00e9 uma empresa especializada em oferecer cursos de alta qualidade voltados para o desenvolvimento profissional e acad\u00eamico. Com uma ampla gama de op\u00e7\u00f5es de treinamento, oferecemos conte\u00fados atualizados, ministrados por especialistas da \u00e1rea, para capacitar indiv\u00edduos e equipes a atingirem seus objetivos. Nossa miss\u00e3o \u00e9 proporcionar uma educa\u00e7\u00e3o transformadora, acess\u00edvel e personalizada para cada aluno, seja em cursos presenciais ou online. Com uma abordagem inovadora, buscamos adaptar os nossos programas de ensino \u00e0s necessidades do mercado, criando solu\u00e7\u00f5es que atendem aos desafios e exig\u00eancias do mundo corporativo e acad\u00eamico. Nossos cursos incluem desde forma\u00e7\u00f5es t\u00e9cnicas at\u00e9 habilidades essenciais, como lideran\u00e7a, gest\u00e3o e desenvolvimento pessoal.","email":"contato@pensarcursos.com.br","legalName":"Sena Servi\u00e7os de Informa\u00e7\u00e3o Online LTDA","foundingDate":"2013-04-18","vatID":"17956217000172","numberOfEmployees":{"@type":"QuantitativeValue","minValue":"11","maxValue":"50"},"publishingPrinciples":"https:\/\/www.pensarcursos.com.br\/blog\/principios-de-publicacao\/","ownershipFundingInfo":"https:\/\/www.pensarcursos.com.br\/blog\/informacoes-de-propriedade-financiamento\/","actionableFeedbackPolicy":"https:\/\/www.pensarcursos.com.br\/blog\/politica-de-feedback-acionavel\/","correctionsPolicy":"https:\/\/www.pensarcursos.com.br\/blog\/politica-de-correcoes\/","ethicsPolicy":"https:\/\/www.pensarcursos.com.br\/blog\/politica-de-etica\/"},{"@type":"Person","@id":"https:\/\/www.pensarcursos.com.br\/blog\/#\/schema\/person\/827343e4611913410dcf62144b5b2a2d","name":"F\u00e1tima Azevedo","image":{"@type":"ImageObject","inLanguage":"pt-BR","@id":"https:\/\/secure.gravatar.com\/avatar\/ea820c84e212573cc3f119ba576278fe7ad07b69ed7ca0c33223662227bb77ca?s=96&d=mm&r=g","url":"https:\/\/secure.gravatar.com\/avatar\/ea820c84e212573cc3f119ba576278fe7ad07b69ed7ca0c33223662227bb77ca?s=96&d=mm&r=g","contentUrl":"https:\/\/secure.gravatar.com\/avatar\/ea820c84e212573cc3f119ba576278fe7ad07b69ed7ca0c33223662227bb77ca?s=96&d=mm&r=g","caption":"F\u00e1tima Azevedo"},"description":"Graduada em Ci\u00eancias Biol\u00f3gicas. Professora. Redatora grupo Sena Online.","sameAs":["https:\/\/www.linkedin.com\/in\/maria-de-f\u00e1tima-oliveira-da-costa-74a1692a7"],"url":"https:\/\/www.pensarcursos.com.br\/blog\/author\/fatima\/"}]}},"_links":{"self":[{"href":"https:\/\/www.pensarcursos.com.br\/blog\/wp-json\/wp\/v2\/posts\/135664","targetHints":{"allow":["GET"]}}],"collection":[{"href":"https:\/\/www.pensarcursos.com.br\/blog\/wp-json\/wp\/v2\/posts"}],"about":[{"href":"https:\/\/www.pensarcursos.com.br\/blog\/wp-json\/wp\/v2\/types\/post"}],"author":[{"embeddable":true,"href":"https:\/\/www.pensarcursos.com.br\/blog\/wp-json\/wp\/v2\/users\/41"}],"replies":[{"embeddable":true,"href":"https:\/\/www.pensarcursos.com.br\/blog\/wp-json\/wp\/v2\/comments?post=135664"}],"version-history":[{"count":0,"href":"https:\/\/www.pensarcursos.com.br\/blog\/wp-json\/wp\/v2\/posts\/135664\/revisions"}],"wp:featuredmedia":[{"embeddable":true,"href":"https:\/\/www.pensarcursos.com.br\/blog\/wp-json\/wp\/v2\/media\/135666"}],"wp:attachment":[{"href":"https:\/\/www.pensarcursos.com.br\/blog\/wp-json\/wp\/v2\/media?parent=135664"}],"wp:term":[{"taxonomy":"category","embeddable":true,"href":"https:\/\/www.pensarcursos.com.br\/blog\/wp-json\/wp\/v2\/categories?post=135664"},{"taxonomy":"post_tag","embeddable":true,"href":"https:\/\/www.pensarcursos.com.br\/blog\/wp-json\/wp\/v2\/tags?post=135664"}],"curies":[{"name":"wp","href":"https:\/\/api.w.org\/{rel}","templated":true}]}}