{"id":135623,"date":"2025-12-12T09:29:11","date_gmt":"2025-12-12T12:29:11","guid":{"rendered":"https:\/\/www.pensarcursos.com.br\/blog\/?p=135623"},"modified":"2025-12-11T17:36:31","modified_gmt":"2025-12-11T20:36:31","slug":"emissao-da-carteira-de-identidade-atendimento-na-segunda-15-inicia-as-7h30","status":"publish","type":"post","link":"https:\/\/www.pensarcursos.com.br\/blog\/emissao-da-carteira-de-identidade-atendimento-na-segunda-15-inicia-as-7h30\/","title":{"rendered":"Emiss\u00e3o da Carteira de Identidade: atendimento na segunda (15) inicia \u00e0s 7h30"},"content":{"rendered":"<p>Na pr\u00f3xima segunda-feira, dia 15, alguns brasileiros ter\u00e3o uma oportunidade exclusiva para garantir sua nova <strong>Carteira de Identidade<\/strong>. A a\u00e7\u00e3o foi planejada para garantir mais agilidade na regulariza\u00e7\u00e3o da documenta\u00e7\u00e3o, fundamental para acesso a diversos servi\u00e7os e benef\u00edcios.<\/p>\n<p>O atendimento inicia pontualmente \u00e0s <strong>7h30 e segue at\u00e9 13h30<\/strong> no Centro Administrativo, concentrando esfor\u00e7os em um \u00fanico dia para ampliar o acesso e evitar filas prolongadas ao longo das semanas seguintes.<\/p>\n<h2>A nova Carteira de Identidade Nacional<\/h2>\n<p>A nova Careira de Identidade Nacional, tamb\u00e9m chamada de <a href=\"https:\/\/www.pensarcursos.com.br\/blog\/carteira-de-identidade-nacional-cin-a-partir-de-quando-o-documento-sera-obrigatorio\/\" target=\"_blank\" rel=\"noopener\">CIN<\/a>, traz um formato unificado e moderno, alinhado ao padr\u00e3o exigido em todo o pa\u00eds. O grande diferencial est\u00e1 na concentra\u00e7\u00e3o das principais informa\u00e7\u00f5es de identifica\u00e7\u00e3o em um \u00fanico registro, oferecendo mais seguran\u00e7a aos cidad\u00e3os e facilitando a integra\u00e7\u00e3o de dados entre diferentes \u00f3rg\u00e3os governamentais.<\/p>\n<p>Outra novidade \u00e9 a possibilidade de incluir dados adicionais como t\u00edtulo de eleitor, n\u00famero do SUS, carteira de motorista, Carteira de Trabalho e Previd\u00eancia Social (CTPS), informa\u00e7\u00f5es profissionais, certificado militar, tipagem sangu\u00ednea e at\u00e9 laudos m\u00e9dicos para pessoas com defici\u00eancia, ampliando as funcionalidades do documento. Para os servidores estaduais, a mudan\u00e7a representa mais comodidade e menos burocracia em futuras demandas.<\/p>\n<h2>Dia D da emiss\u00e3o: atendimento especial e acesso facilitado<\/h2>\n<p>Na segunda (15), diferentes pontos de atendimento estar\u00e3o dispon\u00edveis no <strong>Centro Administrativo<\/strong> do Piau\u00ed para acolher os servidores. Haver\u00e1 postos no t\u00e9rreo das Secretarias de Educa\u00e7\u00e3o e Sa\u00fade, em frente \u00e0 Etipi, al\u00e9m da Sala da Cidadania na SEAD, para garantir o m\u00e1ximo de comodidade e agilidade. Essa a\u00e7\u00e3o \u00e9 uma iniciativa conjunta da Secretaria da Administra\u00e7\u00e3o (Sead) com o Instituto de Cidadania Digital F\u00e9lix Pacheco.<\/p>\n<h3>Quem pode participar?<\/h3>\n<ul>\n<li><strong>Comissionados, terceirizados e tempor\u00e1rios:<\/strong> emiss\u00e3o obrigat\u00f3ria at\u00e9 30 de dezembro de 2025.<\/li>\n<li><strong>Efetivos ativos:<\/strong> prazo vai at\u00e9 27 de fevereiro de 2026.<\/li>\n<li><strong>Inativos e pensionistas:<\/strong> podem emitir a nova identidade at\u00e9 30 de abril de 2026.<\/li>\n<\/ul>\n<h2>Documenta\u00e7\u00e3o necess\u00e1ria para solicitar a nova identidade<\/h2>\n<p>Para garantir a emiss\u00e3o da nova Carteira de Identidade, \u00e9 necess\u00e1rio apresentar:<\/p>\n<ul>\n<li>Certid\u00e3o de nascimento ou certid\u00e3o de casamento (original).<\/li>\n<li>CPF.<\/li>\n<li>Comprovante de endere\u00e7o atualizado.<\/li>\n<\/ul>\n<p>O servidor pode optar por incluir informa\u00e7\u00f5es complementares, como t\u00edtulo de eleitor, Carteira Nacional de Habilita\u00e7\u00e3o (CNH), CTPS, cart\u00e3o do SUS, n\u00famero da carteira profissional, certificado militar, tipagem sangu\u00ednea e laudos m\u00e9dicos para Pessoas com Defici\u00eancia. Esses dados s\u00e3o opcionais, mas podem facilitar o acesso futuro a benef\u00edcios e servi\u00e7os, eliminando a necessidade de apresentar <a href=\"https:\/\/www.pensarcursos.com.br\/blog\/emissao-da-carteira-de-identidade-para-menores-quais-documentos-sao-exigidos\/\" target=\"_blank\" rel=\"noopener\">documentos<\/a> separados.<\/p>\n<figure id=\"attachment_135636\" aria-describedby=\"caption-attachment-135636\" style=\"width: 1200px\" class=\"wp-caption aligncenter\"><img decoding=\"async\" class=\"wp-image-135636 size-full\" title=\"Nova Identidade Visual de Carteira de Identidade\" src=\"https:\/\/www.pensarcursos.com.br\/blog\/wp-content\/uploads\/2025\/12\/Nova-identidade2-4.webp\" alt=\"Mulher sorrindo segura carteira de identidade oficial do Brasil com fundo amarelo\" width=\"1200\" height=\"800\" srcset=\"https:\/\/www.pensarcursos.com.br\/blog\/wp-content\/uploads\/2025\/12\/Nova-identidade2-4.webp 1200w, https:\/\/www.pensarcursos.com.br\/blog\/wp-content\/uploads\/2025\/12\/Nova-identidade2-4-300x200.webp 300w, https:\/\/www.pensarcursos.com.br\/blog\/wp-content\/uploads\/2025\/12\/Nova-identidade2-4-1024x683.webp 1024w, https:\/\/www.pensarcursos.com.br\/blog\/wp-content\/uploads\/2025\/12\/Nova-identidade2-4-768x512.webp 768w, https:\/\/www.pensarcursos.com.br\/blog\/wp-content\/uploads\/2025\/12\/Nova-identidade2-4-750x500.webp 750w, https:\/\/www.pensarcursos.com.br\/blog\/wp-content\/uploads\/2025\/12\/Nova-identidade2-4-1140x760.webp 1140w\" sizes=\"(max-width: 1200px) 100vw, 1200px\" \/><figcaption id=\"caption-attachment-135636\" class=\"wp-caption-text\">O servidor pode optar por incluir informa\u00e7\u00f5es complementares, como t\u00edtulo de eleitor, CNH, CTPS. Imagem: Pensar Cursos.<\/figcaption><\/figure>\n<h2>Por que participar do atendimento no Dia D?<\/h2>\n<p>O Dia D \u00e9 estrat\u00e9gico para quem busca resolver a regulariza\u00e7\u00e3o da identidade em um ambiente organizado, seguro e sem complica\u00e7\u00f5es. A diretora de Gest\u00e3o Administrativa da Sead, Concei\u00e7\u00e3o Santana, destaca que o principal objetivo \u00e9 oferecer agilidade e facilidade no processo, concentrando o maior n\u00famero poss\u00edvel de servidores em um s\u00f3 dia.<\/p>\n<h3>Continuidade da a\u00e7\u00e3o<\/h3>\n<p>Quem n\u00e3o conseguir comparecer neste primeiro dia n\u00e3o fica desamparado. O atendimento para emiss\u00e3o da <a href=\"https:\/\/www.pensarcursos.com.br\/blog\/nova-carteira-de-identidade-nacional-tera-emissao-gratuita-entre-os-dias-10-a-12-de-dezembro\/\" target=\"_blank\" rel=\"noopener\">Carteira de Identidade Nacional<\/a> ter\u00e1 continuidade durante a semana, com nova chance para quem precisar reorganizar hor\u00e1rios. O esfor\u00e7o concentrado no Dia D, contudo, \u00e9 uma grande oportunidade para antecipar o compromisso, regularizar sua situa\u00e7\u00e3o e evitar imprevistos.<\/p>\n<h2>Resumo do evento<\/h2>\n<ul>\n<li><strong>Data<\/strong>: segunda-feira, 15<\/li>\n<li><strong>Hor\u00e1rio<\/strong>: das 7h30 \u00e0s 13h30<\/li>\n<li><strong>Local<\/strong>: Centro Administrativo do Governo do Estado do Piau\u00ed<\/li>\n<li><strong>Postos de atendimento<\/strong>: Secretarias de Educa\u00e7\u00e3o e Sa\u00fade (t\u00e9rreo), em frente \u00e0 Etipi e Sala da Cidadania na SEAD<\/li>\n<li><strong>P\u00fablico-alvo<\/strong>: servidores estaduais (todos os v\u00ednculos)<\/li>\n<li><strong>Prazos<\/strong>: variam conforme o tipo de v\u00ednculo (comissionados, terceirizados, efetivos, inativos\/pensionistas)<\/li>\n<\/ul>\n<p>Fique por dentro das datas, organize seus documentos e aproveite a estrutura pensada para atender voc\u00ea da melhor forma poss\u00edvel. Atualizar sua documenta\u00e7\u00e3o nunca foi t\u00e3o f\u00e1cil, seguro e r\u00e1pido, gra\u00e7as ao esfor\u00e7o coletivo das secretarias envolvidas.<\/p>\n<p>Gostou de saber dessa not\u00edcia? Continue acompanhando o <a href=\"https:\/\/www.pensarcursos.com.br\/blog\/\" target=\"_blank\" rel=\"noopener\">Pensar Cursos<\/a> para mais novidades como essa.<\/p>\n<h2>Perguntas Frequentes<\/h2>\n<ul>\n<li><strong>Quem pode emitir a Carteira de Identidade no Dia D?<\/strong> Todos os servidores estaduais do Governo do Piau\u00ed, inclusive comissionados, terceirizados, tempor\u00e1rios, efetivos, inativos e pensionistas, respeitando os prazos espec\u00edficos para cada categoria.<\/li>\n<li><strong>Quais documentos s\u00e3o obrigat\u00f3rios para solicitar a nova identidade?<\/strong> Certid\u00e3o de nascimento ou casamento (original), CPF e comprovante de endere\u00e7o atualizado.<\/li>\n<li><strong>\u00c9 poss\u00edvel incluir outros documentos al\u00e9m dos obrigat\u00f3rios?<\/strong> Sim, o servidor pode incluir de forma opcional t\u00edtulo de eleitor, CNH, CTPS, cart\u00e3o do SUS, carteira profissional, certificado militar, tipagem sangu\u00ednea e laudos m\u00e9dicos para pessoas com defici\u00eancia.<\/li>\n<li><strong>Onde ser\u00e1 realizado o atendimento?<\/strong> O atendimento ocorrer\u00e1 no Centro Administrativo do Governo do Estado, com postos nas Secretarias de Educa\u00e7\u00e3o e Sa\u00fade (t\u00e9rreo), em frente \u00e0 Etipi e na Sala da Cidadania da SEAD.<\/li>\n<li><strong>Qual o hor\u00e1rio de atendimento no Dia D?<\/strong> Das 7h30 \u00e0s 13h30 na segunda-feira, dia 15.<\/li>\n<li><strong>O que acontece se o servidor n\u00e3o comparecer no Dia D?<\/strong> Quem n\u00e3o conseguir comparecer poder\u00e1 ser atendido ao longo da semana, sem preju\u00edzo do prazo final espec\u00edfico de cada grupo.<\/li>\n<li><strong>Qual o prazo para os servidores comissionados, terceirizados e tempor\u00e1rios?<\/strong> At\u00e9 30 de dezembro de 2025.<\/li>\n<li><strong>E os servidores efetivos ativos?<\/strong> T\u00eam at\u00e9 27 de fevereiro de 2026 para emitir a nova identidade.<\/li>\n<li><strong>Inativos e pensionistas tamb\u00e9m devem atualizar o documento?<\/strong> Sim, com prazo at\u00e9 30 de abril de 2026.<\/li>\n<li><strong>Quais s\u00e3o os principais benef\u00edcios da nova Carteira de Identidade?<\/strong> Mais seguran\u00e7a, praticidade e integra\u00e7\u00e3o de informa\u00e7\u00f5es essenciais para o dia a dia do servidor estadual.<\/li>\n<\/ul>\n<p>N\u00e3o \u00e9 preciso esperar uma data especial \u2014 atualize sua identidade para a nova vers\u00e3o agora mesmo. No v\u00eddeo a seguir, voc\u00ea confere os principais benef\u00edcios da nova CIN:<\/p>\n<div class=\"jeg_video_container jeg_video_content\"><iframe title=\"Saiba tudo sobe a Nova Carteira de Identidade - CIN\" width=\"500\" height=\"281\" src=\"https:\/\/www.youtube.com\/embed\/Ozxw-tdxR1M?feature=oembed\" frameborder=\"0\" allow=\"accelerometer; autoplay; clipboard-write; encrypted-media; gyroscope; picture-in-picture; web-share\" referrerpolicy=\"strict-origin-when-cross-origin\" allowfullscreen><\/iframe><\/div>\n","protected":false},"excerpt":{"rendered":"<p>Na pr\u00f3xima segunda-feira, dia 15, alguns brasileiros ter\u00e3o uma oportunidade exclusiva para garantir sua nova Carteira de Identidade. A a\u00e7\u00e3o foi planejada para garantir mais agilidade na regulariza\u00e7\u00e3o da documenta\u00e7\u00e3o, fundamental para acesso a diversos servi\u00e7os e benef\u00edcios. O atendimento inicia pontualmente \u00e0s 7h30 e segue at\u00e9 13h30 no Centro Administrativo, concentrando esfor\u00e7os em um [&hellip;]<\/p>\n","protected":false},"author":59,"featured_media":135627,"comment_status":"open","ping_status":"closed","sticky":false,"template":"","format":"standard","meta":{"jnews-multi-image_gallery":[],"jnews_single_post":{"format":"standard","override":[{"template":"1","parallax":"1","fullscreen":"1","layout":"right-sidebar","sidebar":"default-sidebar","second_sidebar":"default-sidebar","sticky_sidebar":"1","share_position":"topbottom","share_float_style":"share-monocrhome","show_featured":"1","show_post_meta":"1","show_post_author":"1","show_post_author_image":"1","show_post_date":"1","post_date_format":"default","post_date_format_custom":"Y\/m\/d","show_post_category":"1","post_reading_time_wpm":"300","post_calculate_word_method":"str_word_count","show_zoom_button":"0","zoom_button_out_step":"2","zoom_button_in_step":"3","show_post_tag":"1","show_prev_next_post":"1","show_popup_post":"1","show_comment_section":"1","number_popup_post":"2","show_author_box":"1","show_post_related":"1","show_inline_post_related":"1"}],"image_override":[{"single_post_thumbnail_size":"crop-500","single_post_gallery_size":"crop-500"}],"trending_post_position":"meta","trending_post_label":"Trending","sponsored_post_label":"Sponsored by","disable_ad":"0","subtitle":"Dia D concentra postos no Centro Administrativo e facilita regulariza\u00e7\u00e3o do documento."},"jnews_primary_category":[],"jnews_social_meta":[],"jnews_override_counter":{"view_counter_number":"0","share_counter_number":"0","like_counter_number":"0","dislike_counter_number":"0"},"footnotes":""},"categories":[1628,1691],"tags":[2472,2474,36200,7595,36198,36199],"class_list":["post-135623","post","type-post","status-publish","format-standard","has-post-thumbnail","hentry","category-atualidades","category-direitos-do-trabalhador","tag-carteira-de-identidade","tag-carteira-de-identidade-nacional","tag-documentacao-piaui","tag-nova-identidade","tag-servicos-publicos-piaui","tag-servidores-estaduais"],"yoast_head":"<!-- This site is optimized with the Yoast SEO Premium plugin v27.4 (Yoast SEO v27.4) - https:\/\/yoast.com\/product\/yoast-seo-premium-wordpress\/ -->\n<title>Emiss\u00e3o da Carteira de Identidade: atendimento na segunda (15) inicia \u00e0s 7h30 - Blog Pensar Cursos<\/title>\n<meta name=\"description\" content=\"Confira tudo sobre a emiss\u00e3o da Carteira de Identidade: atendimento especial na segunda (15) a partir das 7h30 para servidores estaduais no Centro Administrativo. Saiba prazos, documentos e vantagens do novo documento nacional.\" \/>\n<meta name=\"robots\" content=\"index, follow, max-snippet:-1, max-image-preview:large, max-video-preview:-1\" \/>\n<link rel=\"canonical\" href=\"https:\/\/www.pensarcursos.com.br\/blog\/emissao-da-carteira-de-identidade-atendimento-na-segunda-15-inicia-as-7h30\/\" \/>\n<meta property=\"og:locale\" content=\"pt_BR\" \/>\n<meta property=\"og:type\" content=\"article\" \/>\n<meta property=\"og:title\" content=\"Emiss\u00e3o da Carteira de Identidade: atendimento na segunda (15) inicia \u00e0s 7h30\" \/>\n<meta property=\"og:description\" content=\"Confira tudo sobre a emiss\u00e3o da Carteira de Identidade: atendimento especial na segunda (15) a partir das 7h30 para servidores estaduais no Centro Administrativo. Saiba prazos, documentos e vantagens do novo documento nacional.\" \/>\n<meta property=\"og:url\" content=\"https:\/\/www.pensarcursos.com.br\/blog\/emissao-da-carteira-de-identidade-atendimento-na-segunda-15-inicia-as-7h30\/\" \/>\n<meta property=\"og:site_name\" content=\"Blog Pensar Cursos\" \/>\n<meta property=\"article:publisher\" content=\"https:\/\/www.facebook.com\/pensarcursos\/\" \/>\n<meta property=\"article:published_time\" content=\"2025-12-12T12:29:11+00:00\" \/>\n<meta property=\"og:image\" content=\"https:\/\/www.pensarcursos.com.br\/blog\/wp-content\/uploads\/2025\/12\/Nova-identidade3-6-1.webp\" \/>\n\t<meta property=\"og:image:width\" content=\"1200\" \/>\n\t<meta property=\"og:image:height\" content=\"800\" \/>\n\t<meta property=\"og:image:type\" content=\"image\/webp\" \/>\n<meta name=\"author\" content=\"Giovanna Costa\" \/>\n<meta name=\"twitter:card\" content=\"summary_large_image\" \/>\n<meta name=\"twitter:label1\" content=\"Escrito por\" \/>\n\t<meta name=\"twitter:data1\" content=\"Giovanna Costa\" \/>\n\t<meta name=\"twitter:label2\" content=\"Est. tempo de leitura\" \/>\n\t<meta name=\"twitter:data2\" content=\"6 minutos\" \/>\n<!-- \/ Yoast SEO Premium plugin. -->","yoast_head_json":{"title":"Emiss\u00e3o da Carteira de Identidade: atendimento na segunda (15) inicia \u00e0s 7h30 - Blog Pensar Cursos","description":"Confira tudo sobre a emiss\u00e3o da Carteira de Identidade: atendimento especial na segunda (15) a partir das 7h30 para servidores estaduais no Centro Administrativo. Saiba prazos, documentos e vantagens do novo documento nacional.","robots":{"index":"index","follow":"follow","max-snippet":"max-snippet:-1","max-image-preview":"max-image-preview:large","max-video-preview":"max-video-preview:-1"},"canonical":"https:\/\/www.pensarcursos.com.br\/blog\/emissao-da-carteira-de-identidade-atendimento-na-segunda-15-inicia-as-7h30\/","og_locale":"pt_BR","og_type":"article","og_title":"Emiss\u00e3o da Carteira de Identidade: atendimento na segunda (15) inicia \u00e0s 7h30","og_description":"Confira tudo sobre a emiss\u00e3o da Carteira de Identidade: atendimento especial na segunda (15) a partir das 7h30 para servidores estaduais no Centro Administrativo. Saiba prazos, documentos e vantagens do novo documento nacional.","og_url":"https:\/\/www.pensarcursos.com.br\/blog\/emissao-da-carteira-de-identidade-atendimento-na-segunda-15-inicia-as-7h30\/","og_site_name":"Blog Pensar Cursos","article_publisher":"https:\/\/www.facebook.com\/pensarcursos\/","article_published_time":"2025-12-12T12:29:11+00:00","og_image":[{"width":1200,"height":800,"url":"https:\/\/www.pensarcursos.com.br\/blog\/wp-content\/uploads\/2025\/12\/Nova-identidade3-6-1.webp","type":"image\/webp"}],"author":"Giovanna Costa","twitter_card":"summary_large_image","twitter_misc":{"Escrito por":"Giovanna Costa","Est. tempo de leitura":"6 minutos"},"schema":{"@context":"https:\/\/schema.org","@graph":[{"@type":["Article","BlogPosting"],"@id":"https:\/\/www.pensarcursos.com.br\/blog\/emissao-da-carteira-de-identidade-atendimento-na-segunda-15-inicia-as-7h30\/#article","isPartOf":{"@id":"https:\/\/www.pensarcursos.com.br\/blog\/emissao-da-carteira-de-identidade-atendimento-na-segunda-15-inicia-as-7h30\/"},"author":{"name":"Giovanna Costa","@id":"https:\/\/www.pensarcursos.com.br\/blog\/#\/schema\/person\/a5d1be05908f7a0c04a39763af349caa"},"headline":"Emiss\u00e3o da Carteira de Identidade: atendimento na segunda (15) inicia \u00e0s 7h30","datePublished":"2025-12-12T12:29:11+00:00","mainEntityOfPage":{"@id":"https:\/\/www.pensarcursos.com.br\/blog\/emissao-da-carteira-de-identidade-atendimento-na-segunda-15-inicia-as-7h30\/"},"wordCount":1037,"commentCount":0,"publisher":{"@id":"https:\/\/www.pensarcursos.com.br\/blog\/#organization"},"image":{"@id":"https:\/\/www.pensarcursos.com.br\/blog\/emissao-da-carteira-de-identidade-atendimento-na-segunda-15-inicia-as-7h30\/#primaryimage"},"thumbnailUrl":"https:\/\/www.pensarcursos.com.br\/blog\/wp-content\/uploads\/2025\/12\/Nova-identidade3-6-1.webp","keywords":["carteira de identidade","carteira de identidade nacional","documentacao piaui","Nova identidade","servicos publicos piaui","servidores estaduais"],"articleSection":["Atualidades","Direitos do Trabalhador"],"inLanguage":"pt-BR","potentialAction":[{"@type":"CommentAction","name":"Comment","target":["https:\/\/www.pensarcursos.com.br\/blog\/emissao-da-carteira-de-identidade-atendimento-na-segunda-15-inicia-as-7h30\/#respond"]}],"copyrightYear":"2025","copyrightHolder":{"@id":"https:\/\/www.pensarcursos.com.br\/blog\/#organization"}},{"@type":"WebPage","@id":"https:\/\/www.pensarcursos.com.br\/blog\/emissao-da-carteira-de-identidade-atendimento-na-segunda-15-inicia-as-7h30\/","url":"https:\/\/www.pensarcursos.com.br\/blog\/emissao-da-carteira-de-identidade-atendimento-na-segunda-15-inicia-as-7h30\/","name":"Emiss\u00e3o da Carteira de Identidade: atendimento na segunda (15) inicia \u00e0s 7h30 - Blog Pensar Cursos","isPartOf":{"@id":"https:\/\/www.pensarcursos.com.br\/blog\/#website"},"primaryImageOfPage":{"@id":"https:\/\/www.pensarcursos.com.br\/blog\/emissao-da-carteira-de-identidade-atendimento-na-segunda-15-inicia-as-7h30\/#primaryimage"},"image":{"@id":"https:\/\/www.pensarcursos.com.br\/blog\/emissao-da-carteira-de-identidade-atendimento-na-segunda-15-inicia-as-7h30\/#primaryimage"},"thumbnailUrl":"https:\/\/www.pensarcursos.com.br\/blog\/wp-content\/uploads\/2025\/12\/Nova-identidade3-6-1.webp","datePublished":"2025-12-12T12:29:11+00:00","description":"Confira tudo sobre a emiss\u00e3o da Carteira de Identidade: atendimento especial na segunda (15) a partir das 7h30 para servidores estaduais no Centro Administrativo. Saiba prazos, documentos e vantagens do novo documento nacional.","breadcrumb":{"@id":"https:\/\/www.pensarcursos.com.br\/blog\/emissao-da-carteira-de-identidade-atendimento-na-segunda-15-inicia-as-7h30\/#breadcrumb"},"inLanguage":"pt-BR","potentialAction":[{"@type":"ReadAction","target":["https:\/\/www.pensarcursos.com.br\/blog\/emissao-da-carteira-de-identidade-atendimento-na-segunda-15-inicia-as-7h30\/"]}]},{"@type":"ImageObject","inLanguage":"pt-BR","@id":"https:\/\/www.pensarcursos.com.br\/blog\/emissao-da-carteira-de-identidade-atendimento-na-segunda-15-inicia-as-7h30\/#primaryimage","url":"https:\/\/www.pensarcursos.com.br\/blog\/wp-content\/uploads\/2025\/12\/Nova-identidade3-6-1.webp","contentUrl":"https:\/\/www.pensarcursos.com.br\/blog\/wp-content\/uploads\/2025\/12\/Nova-identidade3-6-1.webp","width":1200,"height":800,"caption":"Veja prazos e documentos necess\u00e1rios para a emiss\u00e3o da Carteira de Identidade Nacional. Imagem: Pensar Cursos."},{"@type":"BreadcrumbList","@id":"https:\/\/www.pensarcursos.com.br\/blog\/emissao-da-carteira-de-identidade-atendimento-na-segunda-15-inicia-as-7h30\/#breadcrumb","itemListElement":[{"@type":"ListItem","position":1,"name":"Home","item":"https:\/\/www.pensarcursos.com.br\/blog\/"},{"@type":"ListItem","position":2,"name":"Emiss\u00e3o da Carteira de Identidade: atendimento na segunda (15) inicia \u00e0s 7h30"}]},{"@type":"WebSite","@id":"https:\/\/www.pensarcursos.com.br\/blog\/#website","url":"https:\/\/www.pensarcursos.com.br\/blog\/","name":"Blog Pensar Cursos","description":"Maior Site de Cursos do Brasil","publisher":{"@id":"https:\/\/www.pensarcursos.com.br\/blog\/#organization"},"alternateName":"Blog Pensar","potentialAction":[{"@type":"SearchAction","target":{"@type":"EntryPoint","urlTemplate":"https:\/\/www.pensarcursos.com.br\/blog\/?s={search_term_string}"},"query-input":{"@type":"PropertyValueSpecification","valueRequired":true,"valueName":"search_term_string"}}],"inLanguage":"pt-BR"},{"@type":"Organization","@id":"https:\/\/www.pensarcursos.com.br\/blog\/#organization","name":"Pensar Cursos","alternateName":"Blog pensar","url":"https:\/\/www.pensarcursos.com.br\/blog\/","logo":{"@type":"ImageObject","inLanguage":"pt-BR","@id":"https:\/\/www.pensarcursos.com.br\/blog\/#\/schema\/logo\/image\/","url":"https:\/\/www.pensarcursos.com.br\/blog\/wp-content\/uploads\/2023\/11\/Nova-Logo-Pensar-Cursos-vertical.png","contentUrl":"https:\/\/www.pensarcursos.com.br\/blog\/wp-content\/uploads\/2023\/11\/Nova-Logo-Pensar-Cursos-vertical.png","width":1393,"height":1001,"caption":"Pensar Cursos"},"image":{"@id":"https:\/\/www.pensarcursos.com.br\/blog\/#\/schema\/logo\/image\/"},"sameAs":["https:\/\/www.facebook.com\/pensarcursos\/","https:\/\/instagram.com.br\/pensarcursos"],"description":"Pensar Cursos \u00e9 uma empresa especializada em oferecer cursos de alta qualidade voltados para o desenvolvimento profissional e acad\u00eamico. Com uma ampla gama de op\u00e7\u00f5es de treinamento, oferecemos conte\u00fados atualizados, ministrados por especialistas da \u00e1rea, para capacitar indiv\u00edduos e equipes a atingirem seus objetivos. Nossa miss\u00e3o \u00e9 proporcionar uma educa\u00e7\u00e3o transformadora, acess\u00edvel e personalizada para cada aluno, seja em cursos presenciais ou online. Com uma abordagem inovadora, buscamos adaptar os nossos programas de ensino \u00e0s necessidades do mercado, criando solu\u00e7\u00f5es que atendem aos desafios e exig\u00eancias do mundo corporativo e acad\u00eamico. Nossos cursos incluem desde forma\u00e7\u00f5es t\u00e9cnicas at\u00e9 habilidades essenciais, como lideran\u00e7a, gest\u00e3o e desenvolvimento pessoal.","email":"contato@pensarcursos.com.br","legalName":"Sena Servi\u00e7os de Informa\u00e7\u00e3o Online LTDA","foundingDate":"2013-04-18","vatID":"17956217000172","numberOfEmployees":{"@type":"QuantitativeValue","minValue":"11","maxValue":"50"},"publishingPrinciples":"https:\/\/www.pensarcursos.com.br\/blog\/principios-de-publicacao\/","ownershipFundingInfo":"https:\/\/www.pensarcursos.com.br\/blog\/informacoes-de-propriedade-financiamento\/","actionableFeedbackPolicy":"https:\/\/www.pensarcursos.com.br\/blog\/politica-de-feedback-acionavel\/","correctionsPolicy":"https:\/\/www.pensarcursos.com.br\/blog\/politica-de-correcoes\/","ethicsPolicy":"https:\/\/www.pensarcursos.com.br\/blog\/politica-de-etica\/"},{"@type":"Person","@id":"https:\/\/www.pensarcursos.com.br\/blog\/#\/schema\/person\/a5d1be05908f7a0c04a39763af349caa","name":"Giovanna Costa","image":{"@type":"ImageObject","inLanguage":"pt-BR","@id":"https:\/\/secure.gravatar.com\/avatar\/32eceabdd13a7225f5e69c9730b6ebc8660a44bfd2758a8be3a56e1f68ea838e?s=96&d=mm&r=g","url":"https:\/\/secure.gravatar.com\/avatar\/32eceabdd13a7225f5e69c9730b6ebc8660a44bfd2758a8be3a56e1f68ea838e?s=96&d=mm&r=g","contentUrl":"https:\/\/secure.gravatar.com\/avatar\/32eceabdd13a7225f5e69c9730b6ebc8660a44bfd2758a8be3a56e1f68ea838e?s=96&d=mm&r=g","caption":"Giovanna Costa"},"description":"Graduanda em Letras pela Universidade do Estado da Bahia(UNEB). Redatora grupo Sena Online","sameAs":["https:\/\/www.instagram.com\/_giovanna.costaa"],"url":"https:\/\/www.pensarcursos.com.br\/blog\/author\/giovannacosta\/"}]}},"_links":{"self":[{"href":"https:\/\/www.pensarcursos.com.br\/blog\/wp-json\/wp\/v2\/posts\/135623","targetHints":{"allow":["GET"]}}],"collection":[{"href":"https:\/\/www.pensarcursos.com.br\/blog\/wp-json\/wp\/v2\/posts"}],"about":[{"href":"https:\/\/www.pensarcursos.com.br\/blog\/wp-json\/wp\/v2\/types\/post"}],"author":[{"embeddable":true,"href":"https:\/\/www.pensarcursos.com.br\/blog\/wp-json\/wp\/v2\/users\/59"}],"replies":[{"embeddable":true,"href":"https:\/\/www.pensarcursos.com.br\/blog\/wp-json\/wp\/v2\/comments?post=135623"}],"version-history":[{"count":0,"href":"https:\/\/www.pensarcursos.com.br\/blog\/wp-json\/wp\/v2\/posts\/135623\/revisions"}],"wp:featuredmedia":[{"embeddable":true,"href":"https:\/\/www.pensarcursos.com.br\/blog\/wp-json\/wp\/v2\/media\/135627"}],"wp:attachment":[{"href":"https:\/\/www.pensarcursos.com.br\/blog\/wp-json\/wp\/v2\/media?parent=135623"}],"wp:term":[{"taxonomy":"category","embeddable":true,"href":"https:\/\/www.pensarcursos.com.br\/blog\/wp-json\/wp\/v2\/categories?post=135623"},{"taxonomy":"post_tag","embeddable":true,"href":"https:\/\/www.pensarcursos.com.br\/blog\/wp-json\/wp\/v2\/tags?post=135623"}],"curies":[{"name":"wp","href":"https:\/\/api.w.org\/{rel}","templated":true}]}}