{"id":135599,"date":"2025-12-12T11:59:22","date_gmt":"2025-12-12T14:59:22","guid":{"rendered":"https:\/\/www.pensarcursos.com.br\/blog\/?p=135599"},"modified":"2025-12-11T17:09:44","modified_gmt":"2025-12-11T20:09:44","slug":"saque-de-r-200-e-r-1-000-para-alunos-do-pe-de-meia-e-liberado-pagamentos-em-15-de-dezembro","status":"publish","type":"post","link":"https:\/\/www.pensarcursos.com.br\/blog\/saque-de-r-200-e-r-1-000-para-alunos-do-pe-de-meia-e-liberado-pagamentos-em-15-de-dezembro\/","title":{"rendered":"Saque de R$ 200 e R$ 1.000 para alunos do P\u00e9-de-Meia \u00e9 liberado &#8211; Pagamentos em 15 de dezembro?"},"content":{"rendered":"<p>O <strong>P\u00e9-de-Meia<\/strong> \u00e9 um programa do governo federal em que a CAIXA libera valores para estudantes do ensino m\u00e9dio da rede p\u00fablica. O objetivo \u00e9 incentivar a perman\u00eancia na escola e reduzir a evas\u00e3o escolar. Neste m\u00eas de dezembro, por exemplo, j\u00e1 est\u00e1 confirmado<strong> o dep\u00f3sito de R$ 200 a partir do <a href=\"https:\/\/www.pensarcursos.com.br\/blog\/pe-de-meia-paga-r-200-a-estudantes-nascidos-em-janeiro-e-fevereiro-no-proximo-dia-22\/\">dia 22<\/a>.<\/strong><\/p>\n<p>Muitos alunos, por\u00e9m, questionam sobre o pagamento de <strong>R$ 1.000<\/strong> referente ao incentivo-conclus\u00e3o. Esse valor, apesar de, em alguns casos, j\u00e1 ter sido depositado para os estudantes, est\u00e1 retido na conta. Isso porque a regra do programa estabelece que os valores do incentivo-conclus\u00e3o s\u00f3 podem ser sacados ap\u00f3s a conclus\u00e3o do ensino m\u00e9dio.<\/p>\n<h2>Calend\u00e1rio do P\u00e9-de-Meia em dezembro de 2025<\/h2>\n<p>Os pagamentos de <strong>R$ 200<\/strong> referentes ao incentivo-frequ\u00eancia seguem o m\u00eas de nascimento do estudante. Veja as datas divulgadas pela <a href=\"https:\/\/www.caixa.gov.br\/programas-sociais\/pe-de-meia\/Paginas\/default.aspx\" target=\"_blank\" rel=\"noopener\">CAIXA <\/a>para este m\u00eas de dezembro:<\/p>\n<table>\n<thead>\n<tr>\n<th>M\u00eas de nascimento<\/th>\n<th>Data de pagamento<\/th>\n<\/tr>\n<\/thead>\n<tbody>\n<tr>\n<td>Janeiro e fevereiro<\/td>\n<td>22 de dezembro<\/td>\n<\/tr>\n<tr>\n<td>Mar\u00e7o e abril<\/td>\n<td>23 de dezembro<\/td>\n<\/tr>\n<tr>\n<td>Maio e junho<\/td>\n<td>24 de dezembro<\/td>\n<\/tr>\n<tr>\n<td>Julho e agosto<\/td>\n<td>26 de dezembro<\/td>\n<\/tr>\n<tr>\n<td>Setembro e outubro<\/td>\n<td>29 de dezembro<\/td>\n<\/tr>\n<tr>\n<td>Novembro e dezembro<\/td>\n<td>30 de dezembro<\/td>\n<\/tr>\n<\/tbody>\n<\/table>\n<p>Os valores s\u00e3o depositados automaticamente na conta poupan\u00e7a social digital aberta pela CAIXA em nome do estudante.<\/p>\n<h2>E o valor de R$ 1.000,00?<\/h2>\n<p>O calend\u00e1rio de 2025 define que os pagamentos de R$ 1.000,00 ser\u00e3o liberados a partir de fevereiro de 2026. O <strong>incentivo-conclus\u00e3o<\/strong> \u00e9 um valor de R$ 1.000 depositado anualmente ap\u00f3s a aprova\u00e7\u00e3o do estudante em cada ano letivo do ensino m\u00e9dio. Ao longo dos tr\u00eas anos, o aluno pode acumular at\u00e9 <strong>R$ 3.000<\/strong>.<\/p>\n<p>A diferen\u00e7a desse incentivo para os demais \u00e9 que o valor fica retido na conta. O saque s\u00f3 \u00e9 permitido ap\u00f3s a conclus\u00e3o dos tr\u00eas anos do ensino m\u00e9dio. Essa regra visa garantir que o estudante permane\u00e7a na escola at\u00e9 o final do ciclo.<\/p>\n<figure id=\"attachment_135614\" aria-describedby=\"caption-attachment-135614\" style=\"width: 1200px\" class=\"wp-caption aligncenter\"><img decoding=\"async\" class=\"wp-image-135614 size-full\" title=\"P\u00e9 de meia ()\" src=\"https:\/\/www.pensarcursos.com.br\/blog\/wp-content\/uploads\/2025\/12\/Pe-de-meia2-2-1.png\" alt=\" Jovem sorridente com camiseta branca e jardineira rosa segurando cadernos azuis com fundo azul e texto P\u00e9 de M\" width=\"1200\" height=\"800\" srcset=\"https:\/\/www.pensarcursos.com.br\/blog\/wp-content\/uploads\/2025\/12\/Pe-de-meia2-2-1.png 1200w, https:\/\/www.pensarcursos.com.br\/blog\/wp-content\/uploads\/2025\/12\/Pe-de-meia2-2-1-300x200.png 300w, https:\/\/www.pensarcursos.com.br\/blog\/wp-content\/uploads\/2025\/12\/Pe-de-meia2-2-1-1024x683.png 1024w, https:\/\/www.pensarcursos.com.br\/blog\/wp-content\/uploads\/2025\/12\/Pe-de-meia2-2-1-768x512.png 768w, https:\/\/www.pensarcursos.com.br\/blog\/wp-content\/uploads\/2025\/12\/Pe-de-meia2-2-1-750x500.png 750w, https:\/\/www.pensarcursos.com.br\/blog\/wp-content\/uploads\/2025\/12\/Pe-de-meia2-2-1-1140x760.png 1140w\" sizes=\"(max-width: 1200px) 100vw, 1200px\" \/><figcaption id=\"caption-attachment-135614\" class=\"wp-caption-text\">R$ 200 ser\u00e1 liberado pelo P\u00e9-de-Meia em dezembro; e o valor de R$ 1.000? Imagem: Pensar Cursos<\/figcaption><\/figure>\n<h3>Por que o valor de R$ 1.000 est\u00e1 retido?<\/h3>\n<p>O programa foi desenhado para funcionar como uma poupan\u00e7a educacional. A cada ano letivo conclu\u00eddo com aprova\u00e7\u00e3o, o estudante recebe <strong>um dep\u00f3sito de R$ 1.000<\/strong>. Ao final dos tr\u00eas anos do ensino m\u00e9dio, o valor acumulado pode chegar a R$ 3.000. No entanto, o aluno n\u00e3o pode movimentar esse dinheiro at\u00e9 concluir o ensino m\u00e9dio. O valor s\u00f3 fica dispon\u00edvel para retirada ap\u00f3s a formatura. Assim, o benef\u00edcio funciona como um est\u00edmulo para que o estudante n\u00e3o abandone os estudos antes de se formar.<\/p>\n<h2>Quais valores ser\u00e3o pagos na pr\u00f3xima segunda, 15?<\/h2>\n<p><strong>Na pr\u00f3xima segunda-feira, 15 de dezembro, n\u00e3o haver\u00e1 repasse do <a href=\"https:\/\/www.pensarcursos.com.br\/blog\/estudante-pode-sacar-r-1-000-ou-r-2-000-do-pe-de-meia-mesmo-apos-deixar-de-cumprir-os-requisitos-entenda\/\">P\u00e9-de-Meia<\/a><\/strong>. O valor de <strong>R$ 1.000<\/strong> referente ao incentivo-conclus\u00e3o s\u00f3 ser\u00e1 liberado para saque em <strong>fevereiro de 2026<\/strong>, ap\u00f3s a conclus\u00e3o do ensino m\u00e9dio.<\/p>\n<p>J\u00e1 o valor de <strong>R$ 200<\/strong>, correspondente ao incentivo-frequ\u00eancia, ter\u00e1 os pagamentos iniciados em <strong>22 de dezembro<\/strong>, seguindo o calend\u00e1rio por m\u00eas de nascimento do estudante, conforme calend\u00e1rio acima.<\/p>\n<h3>Quando ser\u00e3o liberados os R$ 1.000 do incentivo-conclus\u00e3o?<\/h3>\n<p>O calend\u00e1rio de libera\u00e7\u00e3o do<a href=\"https:\/\/www.pensarcursos.com.br\/blog\/incentivo-conclusao-mec-define-novos-criterios-para-liberacao-dos-r-1-000-do-pe-de-meia\/\"> <strong>incentivo-conclus\u00e3o<\/strong><\/a> j\u00e1 foi divulgado. Os pagamentos come\u00e7am em fevereiro de 2026:<\/p>\n<table>\n<thead>\n<tr>\n<th>M\u00eas de nascimento<\/th>\n<th>Data de libera\u00e7\u00e3o do saque<\/th>\n<\/tr>\n<\/thead>\n<tbody>\n<tr>\n<td>Janeiro e fevereiro<\/td>\n<td>26 de fevereiro de 2026<\/td>\n<\/tr>\n<tr>\n<td>Mar\u00e7o e abril<\/td>\n<td>27 de fevereiro de 2026<\/td>\n<\/tr>\n<tr>\n<td>Maio e junho<\/td>\n<td>2 de mar\u00e7o de 2026<\/td>\n<\/tr>\n<tr>\n<td>Julho e agosto<\/td>\n<td>3 de mar\u00e7o de 2026<\/td>\n<\/tr>\n<tr>\n<td>Setembro e outubro<\/td>\n<td>4 de mar\u00e7o de 2026<\/td>\n<\/tr>\n<tr>\n<td>Novembro e dezembro<\/td>\n<td>5 de mar\u00e7o de 2026<\/td>\n<\/tr>\n<\/tbody>\n<\/table>\n<p>Para mais informa\u00e7\u00f5es sobre programas sociais e benef\u00edcios, acesse o<strong> <a href=\"https:\/\/www.pensarcursos.com.br\/blog\/\" target=\"_blank\" rel=\"noopener\">Pensar Cursos<\/a><\/strong>.<\/p>\n<h2>Como consultar o saldo do P\u00e9-de-Meia?<\/h2>\n<p>O estudante pode acompanhar os dep\u00f3sitos e o saldo dispon\u00edvel por alguns canais. O aplicativo CAIXA Tem e o aplicativo Jornada do Estudante, do Minist\u00e9rio da Educa\u00e7\u00e3o (MEC), s\u00e3o alguns deles.\u00a0Basta fazer login com o CPF e verificar o extrato da conta.<\/p>\n<h3>Passo a passo para consultar<\/h3>\n<ol>\n<li>Baixe o aplicativo CAIXA Tem no celular<\/li>\n<li>Fa\u00e7a login com CPF e senha<\/li>\n<li>Acesse a op\u00e7\u00e3o &#8220;Extrato&#8221;<\/li>\n<li>Verifique os dep\u00f3sitos do P\u00e9-de-Meia<\/li>\n<\/ol>\n<h2>D\u00favidas frequentes<\/h2>\n<p><strong>1. O P\u00e9-de-Meia paga em 15 de dezembro?<\/strong> N\u00e3o. Os pagamentos de dezembro come\u00e7am no dia 22, conforme o m\u00eas de nascimento do estudante.<\/p>\n<p><strong>2. Qual o valor pago em dezembro de 2025?<\/strong> O valor \u00e9 de R$ 200, referente ao incentivo-frequ\u00eancia.<\/p>\n<p><strong>3. Por que n\u00e3o consigo sacar o<\/strong> <strong>incentivo-conclus\u00e3o?<\/strong>\u00a0 Pela regra, o valor fica retido at\u00e9 a conclus\u00e3o do ensino m\u00e9dio.<\/p>\n<p><strong>4. Quem tem direito ao P\u00e9-de-Meia?<\/strong> Estudantes do ensino m\u00e9dio da rede p\u00fablica, matriculados e com frequ\u00eancia m\u00ednima de 80%.<\/p>\n<p><strong>5. Como recebo o dinheiro do P\u00e9-de-Meia?<\/strong> O valor \u00e9 depositado automaticamente em conta poupan\u00e7a social digital da CAIXA.<\/p>\n<p><strong>6. Posso transferir o valor do incentivo-frequ\u00eancia?<\/strong> Sim. Os R$ 200 mensais podem ser sacados ou transferidos pelo CAIXA Tem.<\/p>\n<p>Uma outra modalidade de pagamento do P\u00e9-de-Meia \u00e9 o incentivo-Enem. Assista ao v\u00eddeo abaixo e saiba mais:<\/p>\n<div class=\"jeg_video_container jeg_video_content\"><iframe title=\"Ganhe R$ 200 no Enem 2025! Veja Como Conquistar Esse Benef\u00edcio AGORA!\" width=\"500\" height=\"281\" src=\"https:\/\/www.youtube.com\/embed\/sNh-Rvtb_Oc?start=5&#038;feature=oembed\" frameborder=\"0\" allow=\"accelerometer; autoplay; clipboard-write; encrypted-media; gyroscope; picture-in-picture; web-share\" referrerpolicy=\"strict-origin-when-cross-origin\" allowfullscreen><\/iframe><\/div>\n","protected":false},"excerpt":{"rendered":"<p>O P\u00e9-de-Meia \u00e9 um programa do governo federal em que a CAIXA libera valores para estudantes do ensino m\u00e9dio da rede p\u00fablica. O objetivo \u00e9 incentivar a perman\u00eancia na escola e reduzir a evas\u00e3o escolar. Neste m\u00eas de dezembro, por exemplo, j\u00e1 est\u00e1 confirmado o dep\u00f3sito de R$ 200 a partir do dia 22. Muitos [&hellip;]<\/p>\n","protected":false},"author":17,"featured_media":135612,"comment_status":"open","ping_status":"closed","sticky":false,"template":"","format":"standard","meta":{"jnews-multi-image_gallery":[],"jnews_single_post":{"format":"standard","override":[{"template":"1","parallax":"1","fullscreen":"1","layout":"right-sidebar","sidebar":"default-sidebar","second_sidebar":"default-sidebar","sticky_sidebar":"1","share_position":"topbottom","share_float_style":"share-monocrhome","show_featured":"1","show_post_meta":"1","show_post_author":"1","show_post_author_image":"1","show_post_date":"1","post_date_format":"default","post_date_format_custom":"Y\/m\/d","show_post_category":"1","post_reading_time_wpm":"300","post_calculate_word_method":"str_word_count","show_zoom_button":"0","zoom_button_out_step":"2","zoom_button_in_step":"3","show_post_tag":"1","show_prev_next_post":"1","show_popup_post":"1","show_comment_section":"1","number_popup_post":"2","show_author_box":"1","show_post_related":"1","show_inline_post_related":"1"}],"image_override":[{"single_post_thumbnail_size":"crop-500","single_post_gallery_size":"crop-500"}],"trending_post_position":"meta","trending_post_label":"Trending","sponsored_post_label":"Sponsored by","disable_ad":"0","subtitle":"Tire suas d\u00favidas sobre os dep\u00f3sitos de R$ 200 e R$ 1.000 e veja o calend\u00e1rio completo"},"jnews_primary_category":[],"jnews_social_meta":[],"jnews_override_counter":{"view_counter_number":"0","share_counter_number":"0","like_counter_number":"0","dislike_counter_number":"0"},"footnotes":""},"categories":[1657,17201],"tags":[17214,24444,24338,29392],"class_list":["post-135599","post","type-post","status-publish","format-standard","has-post-thumbnail","hentry","category-beneficios-sociais","category-pe-de-meia","tag-calendario-pe-de-meia","tag-pagamento-do-pe-de-meia","tag-pe-de-meia-2025","tag-regras-pe-de-meia"],"yoast_head":"<!-- This site is optimized with the Yoast SEO Premium plugin v27.4 (Yoast SEO v27.4) - https:\/\/yoast.com\/product\/yoast-seo-premium-wordpress\/ -->\n<title>Saque de R$ 200 e R$ 1.000 para alunos do P\u00e9-de-Meia \u00e9 liberado - Pagamentos em 15 de dezembro? - Blog Pensar Cursos<\/title>\n<meta name=\"description\" content=\"Saque de R$ 200 do P\u00e9-de-Meia come\u00e7a em 22 de dezembro. Veja o calend\u00e1rio completo e quando os R$ 1.000 ser\u00e3o liberados. Confira agora!\" \/>\n<meta name=\"robots\" content=\"index, follow, max-snippet:-1, max-image-preview:large, max-video-preview:-1\" \/>\n<link rel=\"canonical\" href=\"https:\/\/www.pensarcursos.com.br\/blog\/saque-de-r-200-e-r-1-000-para-alunos-do-pe-de-meia-e-liberado-pagamentos-em-15-de-dezembro\/\" \/>\n<meta property=\"og:locale\" content=\"pt_BR\" \/>\n<meta property=\"og:type\" content=\"article\" \/>\n<meta property=\"og:title\" content=\"Saque de R$ 200 e R$ 1.000 para alunos do P\u00e9-de-Meia \u00e9 liberado - Pagamentos em 15 de dezembro?\" \/>\n<meta property=\"og:description\" content=\"Saque de R$ 200 do P\u00e9-de-Meia come\u00e7a em 22 de dezembro. Veja o calend\u00e1rio completo e quando os R$ 1.000 ser\u00e3o liberados. Confira agora!\" \/>\n<meta property=\"og:url\" content=\"https:\/\/www.pensarcursos.com.br\/blog\/saque-de-r-200-e-r-1-000-para-alunos-do-pe-de-meia-e-liberado-pagamentos-em-15-de-dezembro\/\" \/>\n<meta property=\"og:site_name\" content=\"Blog Pensar Cursos\" \/>\n<meta property=\"article:publisher\" content=\"https:\/\/www.facebook.com\/pensarcursos\/\" \/>\n<meta property=\"article:author\" content=\"https:\/\/www.facebook.com\/profile.php?id=61550018262414\" \/>\n<meta property=\"article:published_time\" content=\"2025-12-12T14:59:22+00:00\" \/>\n<meta property=\"og:image\" content=\"https:\/\/www.pensarcursos.com.br\/blog\/wp-content\/uploads\/2025\/12\/Pe-de-meia11-1.webp\" \/>\n\t<meta property=\"og:image:width\" content=\"1200\" \/>\n\t<meta property=\"og:image:height\" content=\"800\" \/>\n\t<meta property=\"og:image:type\" content=\"image\/webp\" \/>\n<meta name=\"author\" content=\"Gorete Costa\" \/>\n<meta name=\"twitter:card\" content=\"summary_large_image\" \/>\n<meta name=\"twitter:label1\" content=\"Escrito por\" \/>\n\t<meta name=\"twitter:data1\" content=\"Gorete Costa\" \/>\n\t<meta name=\"twitter:label2\" content=\"Est. tempo de leitura\" \/>\n\t<meta name=\"twitter:data2\" content=\"5 minutos\" \/>\n<!-- \/ Yoast SEO Premium plugin. -->","yoast_head_json":{"title":"Saque de R$ 200 e R$ 1.000 para alunos do P\u00e9-de-Meia \u00e9 liberado - Pagamentos em 15 de dezembro? - Blog Pensar Cursos","description":"Saque de R$ 200 do P\u00e9-de-Meia come\u00e7a em 22 de dezembro. Veja o calend\u00e1rio completo e quando os R$ 1.000 ser\u00e3o liberados. Confira agora!","robots":{"index":"index","follow":"follow","max-snippet":"max-snippet:-1","max-image-preview":"max-image-preview:large","max-video-preview":"max-video-preview:-1"},"canonical":"https:\/\/www.pensarcursos.com.br\/blog\/saque-de-r-200-e-r-1-000-para-alunos-do-pe-de-meia-e-liberado-pagamentos-em-15-de-dezembro\/","og_locale":"pt_BR","og_type":"article","og_title":"Saque de R$ 200 e R$ 1.000 para alunos do P\u00e9-de-Meia \u00e9 liberado - Pagamentos em 15 de dezembro?","og_description":"Saque de R$ 200 do P\u00e9-de-Meia come\u00e7a em 22 de dezembro. Veja o calend\u00e1rio completo e quando os R$ 1.000 ser\u00e3o liberados. Confira agora!","og_url":"https:\/\/www.pensarcursos.com.br\/blog\/saque-de-r-200-e-r-1-000-para-alunos-do-pe-de-meia-e-liberado-pagamentos-em-15-de-dezembro\/","og_site_name":"Blog Pensar Cursos","article_publisher":"https:\/\/www.facebook.com\/pensarcursos\/","article_author":"https:\/\/www.facebook.com\/profile.php?id=61550018262414","article_published_time":"2025-12-12T14:59:22+00:00","og_image":[{"width":1200,"height":800,"url":"https:\/\/www.pensarcursos.com.br\/blog\/wp-content\/uploads\/2025\/12\/Pe-de-meia11-1.webp","type":"image\/webp"}],"author":"Gorete Costa","twitter_card":"summary_large_image","twitter_misc":{"Escrito por":"Gorete Costa","Est. tempo de leitura":"5 minutos"},"schema":{"@context":"https:\/\/schema.org","@graph":[{"@type":["Article","BlogPosting"],"@id":"https:\/\/www.pensarcursos.com.br\/blog\/saque-de-r-200-e-r-1-000-para-alunos-do-pe-de-meia-e-liberado-pagamentos-em-15-de-dezembro\/#article","isPartOf":{"@id":"https:\/\/www.pensarcursos.com.br\/blog\/saque-de-r-200-e-r-1-000-para-alunos-do-pe-de-meia-e-liberado-pagamentos-em-15-de-dezembro\/"},"author":{"name":"Gorete Costa","@id":"https:\/\/www.pensarcursos.com.br\/blog\/#\/schema\/person\/e133b19d62595d6ab0c12f3e5436a7bb"},"headline":"Saque de R$ 200 e R$ 1.000 para alunos do P\u00e9-de-Meia \u00e9 liberado &#8211; Pagamentos em 15 de dezembro?","datePublished":"2025-12-12T14:59:22+00:00","mainEntityOfPage":{"@id":"https:\/\/www.pensarcursos.com.br\/blog\/saque-de-r-200-e-r-1-000-para-alunos-do-pe-de-meia-e-liberado-pagamentos-em-15-de-dezembro\/"},"wordCount":870,"commentCount":0,"publisher":{"@id":"https:\/\/www.pensarcursos.com.br\/blog\/#organization"},"image":{"@id":"https:\/\/www.pensarcursos.com.br\/blog\/saque-de-r-200-e-r-1-000-para-alunos-do-pe-de-meia-e-liberado-pagamentos-em-15-de-dezembro\/#primaryimage"},"thumbnailUrl":"https:\/\/www.pensarcursos.com.br\/blog\/wp-content\/uploads\/2025\/12\/Pe-de-meia11-1.webp","keywords":["calendario pe de meia","pagamento do p\u00e9-de-meia","p\u00e9-de-meia 2025","regras p\u00e9 de meia"],"articleSection":["Benef\u00edcios Sociais","P\u00e9-de-Meia"],"inLanguage":"pt-BR","potentialAction":[{"@type":"CommentAction","name":"Comment","target":["https:\/\/www.pensarcursos.com.br\/blog\/saque-de-r-200-e-r-1-000-para-alunos-do-pe-de-meia-e-liberado-pagamentos-em-15-de-dezembro\/#respond"]}],"copyrightYear":"2025","copyrightHolder":{"@id":"https:\/\/www.pensarcursos.com.br\/blog\/#organization"}},{"@type":"WebPage","@id":"https:\/\/www.pensarcursos.com.br\/blog\/saque-de-r-200-e-r-1-000-para-alunos-do-pe-de-meia-e-liberado-pagamentos-em-15-de-dezembro\/","url":"https:\/\/www.pensarcursos.com.br\/blog\/saque-de-r-200-e-r-1-000-para-alunos-do-pe-de-meia-e-liberado-pagamentos-em-15-de-dezembro\/","name":"Saque de R$ 200 e R$ 1.000 para alunos do P\u00e9-de-Meia \u00e9 liberado - Pagamentos em 15 de dezembro? - Blog Pensar Cursos","isPartOf":{"@id":"https:\/\/www.pensarcursos.com.br\/blog\/#website"},"primaryImageOfPage":{"@id":"https:\/\/www.pensarcursos.com.br\/blog\/saque-de-r-200-e-r-1-000-para-alunos-do-pe-de-meia-e-liberado-pagamentos-em-15-de-dezembro\/#primaryimage"},"image":{"@id":"https:\/\/www.pensarcursos.com.br\/blog\/saque-de-r-200-e-r-1-000-para-alunos-do-pe-de-meia-e-liberado-pagamentos-em-15-de-dezembro\/#primaryimage"},"thumbnailUrl":"https:\/\/www.pensarcursos.com.br\/blog\/wp-content\/uploads\/2025\/12\/Pe-de-meia11-1.webp","datePublished":"2025-12-12T14:59:22+00:00","description":"Saque de R$ 200 do P\u00e9-de-Meia come\u00e7a em 22 de dezembro. Veja o calend\u00e1rio completo e quando os R$ 1.000 ser\u00e3o liberados. Confira agora!","breadcrumb":{"@id":"https:\/\/www.pensarcursos.com.br\/blog\/saque-de-r-200-e-r-1-000-para-alunos-do-pe-de-meia-e-liberado-pagamentos-em-15-de-dezembro\/#breadcrumb"},"inLanguage":"pt-BR","potentialAction":[{"@type":"ReadAction","target":["https:\/\/www.pensarcursos.com.br\/blog\/saque-de-r-200-e-r-1-000-para-alunos-do-pe-de-meia-e-liberado-pagamentos-em-15-de-dezembro\/"]}]},{"@type":"ImageObject","inLanguage":"pt-BR","@id":"https:\/\/www.pensarcursos.com.br\/blog\/saque-de-r-200-e-r-1-000-para-alunos-do-pe-de-meia-e-liberado-pagamentos-em-15-de-dezembro\/#primaryimage","url":"https:\/\/www.pensarcursos.com.br\/blog\/wp-content\/uploads\/2025\/12\/Pe-de-meia11-1.webp","contentUrl":"https:\/\/www.pensarcursos.com.br\/blog\/wp-content\/uploads\/2025\/12\/Pe-de-meia11-1.webp","width":1200,"height":800,"caption":"Pix de R$ 200 e de R$ 1.000 do P\u00e9-de-Meia: tire suas d\u00favidas. Imagem: Pensar Cursos"},{"@type":"BreadcrumbList","@id":"https:\/\/www.pensarcursos.com.br\/blog\/saque-de-r-200-e-r-1-000-para-alunos-do-pe-de-meia-e-liberado-pagamentos-em-15-de-dezembro\/#breadcrumb","itemListElement":[{"@type":"ListItem","position":1,"name":"Home","item":"https:\/\/www.pensarcursos.com.br\/blog\/"},{"@type":"ListItem","position":2,"name":"Saque de R$ 200 e R$ 1.000 para alunos do P\u00e9-de-Meia \u00e9 liberado &#8211; Pagamentos em 15 de dezembro?"}]},{"@type":"WebSite","@id":"https:\/\/www.pensarcursos.com.br\/blog\/#website","url":"https:\/\/www.pensarcursos.com.br\/blog\/","name":"Blog Pensar Cursos","description":"Maior Site de Cursos do Brasil","publisher":{"@id":"https:\/\/www.pensarcursos.com.br\/blog\/#organization"},"alternateName":"Blog Pensar","potentialAction":[{"@type":"SearchAction","target":{"@type":"EntryPoint","urlTemplate":"https:\/\/www.pensarcursos.com.br\/blog\/?s={search_term_string}"},"query-input":{"@type":"PropertyValueSpecification","valueRequired":true,"valueName":"search_term_string"}}],"inLanguage":"pt-BR"},{"@type":"Organization","@id":"https:\/\/www.pensarcursos.com.br\/blog\/#organization","name":"Pensar Cursos","alternateName":"Blog pensar","url":"https:\/\/www.pensarcursos.com.br\/blog\/","logo":{"@type":"ImageObject","inLanguage":"pt-BR","@id":"https:\/\/www.pensarcursos.com.br\/blog\/#\/schema\/logo\/image\/","url":"https:\/\/www.pensarcursos.com.br\/blog\/wp-content\/uploads\/2023\/11\/Nova-Logo-Pensar-Cursos-vertical.png","contentUrl":"https:\/\/www.pensarcursos.com.br\/blog\/wp-content\/uploads\/2023\/11\/Nova-Logo-Pensar-Cursos-vertical.png","width":1393,"height":1001,"caption":"Pensar Cursos"},"image":{"@id":"https:\/\/www.pensarcursos.com.br\/blog\/#\/schema\/logo\/image\/"},"sameAs":["https:\/\/www.facebook.com\/pensarcursos\/","https:\/\/instagram.com.br\/pensarcursos"],"description":"Pensar Cursos \u00e9 uma empresa especializada em oferecer cursos de alta qualidade voltados para o desenvolvimento profissional e acad\u00eamico. Com uma ampla gama de op\u00e7\u00f5es de treinamento, oferecemos conte\u00fados atualizados, ministrados por especialistas da \u00e1rea, para capacitar indiv\u00edduos e equipes a atingirem seus objetivos. Nossa miss\u00e3o \u00e9 proporcionar uma educa\u00e7\u00e3o transformadora, acess\u00edvel e personalizada para cada aluno, seja em cursos presenciais ou online. Com uma abordagem inovadora, buscamos adaptar os nossos programas de ensino \u00e0s necessidades do mercado, criando solu\u00e7\u00f5es que atendem aos desafios e exig\u00eancias do mundo corporativo e acad\u00eamico. Nossos cursos incluem desde forma\u00e7\u00f5es t\u00e9cnicas at\u00e9 habilidades essenciais, como lideran\u00e7a, gest\u00e3o e desenvolvimento pessoal.","email":"contato@pensarcursos.com.br","legalName":"Sena Servi\u00e7os de Informa\u00e7\u00e3o Online LTDA","foundingDate":"2013-04-18","vatID":"17956217000172","numberOfEmployees":{"@type":"QuantitativeValue","minValue":"11","maxValue":"50"},"publishingPrinciples":"https:\/\/www.pensarcursos.com.br\/blog\/principios-de-publicacao\/","ownershipFundingInfo":"https:\/\/www.pensarcursos.com.br\/blog\/informacoes-de-propriedade-financiamento\/","actionableFeedbackPolicy":"https:\/\/www.pensarcursos.com.br\/blog\/politica-de-feedback-acionavel\/","correctionsPolicy":"https:\/\/www.pensarcursos.com.br\/blog\/politica-de-correcoes\/","ethicsPolicy":"https:\/\/www.pensarcursos.com.br\/blog\/politica-de-etica\/"},{"@type":"Person","@id":"https:\/\/www.pensarcursos.com.br\/blog\/#\/schema\/person\/e133b19d62595d6ab0c12f3e5436a7bb","name":"Gorete Costa","image":{"@type":"ImageObject","inLanguage":"pt-BR","@id":"https:\/\/secure.gravatar.com\/avatar\/8cb99f142e1cb1312d8c202378c20dc4f7210145acc22805481f4a3f47ce9b6f?s=96&d=mm&r=g","url":"https:\/\/secure.gravatar.com\/avatar\/8cb99f142e1cb1312d8c202378c20dc4f7210145acc22805481f4a3f47ce9b6f?s=96&d=mm&r=g","contentUrl":"https:\/\/secure.gravatar.com\/avatar\/8cb99f142e1cb1312d8c202378c20dc4f7210145acc22805481f4a3f47ce9b6f?s=96&d=mm&r=g","caption":"Gorete Costa"},"description":"Graduada em Servi\u00e7o Social pela Universidade do Norte do Paran\u00e1 (Unopar), Gorete Costa \u00e9 especialista em comunica\u00e7\u00e3o, atuando como radialista em programas jornal\u00edsticos e de entretenimento, al\u00e9m de produ\u00e7\u00e3o e revis\u00e3o de textos informativos para sites e blogs.","sameAs":["https:\/\/www.facebook.com\/profile.php?id=61550018262414"],"url":"https:\/\/www.pensarcursos.com.br\/blog\/author\/gorete\/"}]}},"_links":{"self":[{"href":"https:\/\/www.pensarcursos.com.br\/blog\/wp-json\/wp\/v2\/posts\/135599","targetHints":{"allow":["GET"]}}],"collection":[{"href":"https:\/\/www.pensarcursos.com.br\/blog\/wp-json\/wp\/v2\/posts"}],"about":[{"href":"https:\/\/www.pensarcursos.com.br\/blog\/wp-json\/wp\/v2\/types\/post"}],"author":[{"embeddable":true,"href":"https:\/\/www.pensarcursos.com.br\/blog\/wp-json\/wp\/v2\/users\/17"}],"replies":[{"embeddable":true,"href":"https:\/\/www.pensarcursos.com.br\/blog\/wp-json\/wp\/v2\/comments?post=135599"}],"version-history":[{"count":0,"href":"https:\/\/www.pensarcursos.com.br\/blog\/wp-json\/wp\/v2\/posts\/135599\/revisions"}],"wp:featuredmedia":[{"embeddable":true,"href":"https:\/\/www.pensarcursos.com.br\/blog\/wp-json\/wp\/v2\/media\/135612"}],"wp:attachment":[{"href":"https:\/\/www.pensarcursos.com.br\/blog\/wp-json\/wp\/v2\/media?parent=135599"}],"wp:term":[{"taxonomy":"category","embeddable":true,"href":"https:\/\/www.pensarcursos.com.br\/blog\/wp-json\/wp\/v2\/categories?post=135599"},{"taxonomy":"post_tag","embeddable":true,"href":"https:\/\/www.pensarcursos.com.br\/blog\/wp-json\/wp\/v2\/tags?post=135599"}],"curies":[{"name":"wp","href":"https:\/\/api.w.org\/{rel}","templated":true}]}}