{"id":135521,"date":"2025-12-11T22:19:21","date_gmt":"2025-12-12T01:19:21","guid":{"rendered":"https:\/\/www.pensarcursos.com.br\/blog\/?p=135521"},"modified":"2025-12-11T11:27:44","modified_gmt":"2025-12-11T14:27:44","slug":"aprovado-brasileiros-poderao-ter-jornada-de-trabalho-reduzida-para-36-horas-semanais","status":"publish","type":"post","link":"https:\/\/www.pensarcursos.com.br\/blog\/aprovado-brasileiros-poderao-ter-jornada-de-trabalho-reduzida-para-36-horas-semanais\/","title":{"rendered":"Aprovado! Brasileiros poder\u00e3o ter jornada de trabalho reduzida para 36 horas semanais"},"content":{"rendered":"<p>A Comiss\u00e3o de Constitui\u00e7\u00e3o e Justi\u00e7a do Senado aprovou a proposta que poder\u00e1 transformar a jornada m\u00e1xima semanal no pa\u00eds, reduzindo o limite atual de 44 para <b>36 horas<\/b>. Para quem acompanha as mudan\u00e7as da legisla\u00e7\u00e3o e busca entender como essas novidades impactam a rotina do trabalhador, este texto re\u00fane as principais informa\u00e7\u00f5es, esclarecendo d\u00favidas e apontando caminhos para o futuro do emprego e dos direitos no Brasil.<\/p>\n<h2>Principais mudan\u00e7as na carga hor\u00e1ria semanal aprovada<\/h2>\n<p>A Proposta de Emenda \u00e0 Constitui\u00e7\u00e3o aprovada pela CCJ do Senado estabelece uma transi\u00e7\u00e3o gradativa e segura para redu\u00e7\u00e3o da\u00a0carga hor\u00e1ria semanal. <strong>De acordo com o texto, o limite m\u00e1ximo de <a href=\"https:\/\/www.pensarcursos.com.br\/blog\/a-importancia-da-saude-emocional-na-jornada-de-trabalho\/\">trabalho<\/a> di\u00e1rio ser\u00e1 de oito horas, distribu\u00eddas em at\u00e9 cinco dias da semana.<\/strong> O ponto central da novidade est\u00e1 na redu\u00e7\u00e3o progressiva: no ano seguinte \u00e0 promulga\u00e7\u00e3o, o limite passa a ser 40 horas e, a cada ano, ser\u00e1 reduzida uma hora semanal at\u00e9 chegar \u00e0s 36 horas.<\/p>\n<p><strong>Esse modelo prev\u00ea ainda o direito a pelo menos dois dias consecutivos de descanso remunerado, preferencialmente aos fins de semana, iniciativa que acompanha discuss\u00f5es mundiais sobre a necessidade de tempo livre para sa\u00fade, fam\u00edlia e lazer.<\/strong> O pagamento dos trabalhadores segue inalterado, afastando o risco de redu\u00e7\u00e3o salarial no processo da transi\u00e7\u00e3o.<\/p>\n<h2>Fim da escala 6&#215;1 e impactos nos setores essenciais<\/h2>\n<p>Um dos pontos mais debatidos ao longo da tramita\u00e7\u00e3o foi o fim da chamada escala 6&#215;1, bastante presente em \u00e1reas como servi\u00e7os, com\u00e9rcio e sa\u00fade. Nessa escala, o trabalhador cumpre seis dias consecutivos de expediente e folga apenas um. O novo texto elimina essa l\u00f3gica, exigindo o m\u00ednimo de dois dias de descanso seguidos, o que representa um avan\u00e7o em direitos trabalhistas para muitos profissionais de carteira assinada.<\/p>\n<p>O relator do projeto, senador Rog\u00e9rio Carvalho, comentou que a mudan\u00e7a proporciona mais tempo de qualidade aos trabalhadores, impactando positivamente a economia, pois gera a necessidade de contrata\u00e7\u00f5es adicionais e fomenta o consumo.<\/p>\n<figure id=\"attachment_135526\" aria-describedby=\"caption-attachment-135526\" style=\"width: 1200px\" class=\"wp-caption alignnone\"><img decoding=\"async\" class=\"wp-image-135526 size-full\" title=\"Fim da Escala 6x1: Aprova\u00e7\u00e3o da Redu\u00e7\u00e3o da Jornada de Trabalho para 36 Horas no Brasil\" src=\"https:\/\/www.pensarcursos.com.br\/blog\/wp-content\/uploads\/2025\/12\/ato0.jpg\" alt=\"Manifestantes em ato p\u00fablico com faixa preta exigindo &quot;N\u00c3O \u00c0 ESCALA 6X1&quot; e &quot;Pela vida al\u00e9m do trabalho!&quot;, relacionado \u00e0 jornada de 36 horas semanais.\" width=\"1200\" height=\"718\" srcset=\"https:\/\/www.pensarcursos.com.br\/blog\/wp-content\/uploads\/2025\/12\/ato0.jpg 1200w, https:\/\/www.pensarcursos.com.br\/blog\/wp-content\/uploads\/2025\/12\/ato0-300x180.jpg 300w, https:\/\/www.pensarcursos.com.br\/blog\/wp-content\/uploads\/2025\/12\/ato0-1024x613.jpg 1024w, https:\/\/www.pensarcursos.com.br\/blog\/wp-content\/uploads\/2025\/12\/ato0-768x460.jpg 768w, https:\/\/www.pensarcursos.com.br\/blog\/wp-content\/uploads\/2025\/12\/ato0-750x449.jpg 750w, https:\/\/www.pensarcursos.com.br\/blog\/wp-content\/uploads\/2025\/12\/ato0-1140x682.jpg 1140w\" sizes=\"(max-width: 1200px) 100vw, 1200px\" \/><figcaption id=\"caption-attachment-135526\" class=\"wp-caption-text\">O debate sobre a escala 6&#215;1 e a busca por qualidade de vida impulsionaram a aprova\u00e7\u00e3o da jornada de trabalho reduzida (36 horas). Imagem: Ag\u00eancia Brasil<\/figcaption><\/figure>\n<h2>Progress\u00e3o gradual at\u00e9 o trabalho 36 horas: como ser\u00e1?<\/h2>\n<p>A proposta se destaca pela implementa\u00e7\u00e3o progressiva, planejada para quatro anos. Inicialmente, o teto de 44 horas ser\u00e1 reduzido para 40 horas. Nos anos seguintes, a cada novo per\u00edodo, haver\u00e1 redu\u00e7\u00e3o de uma hora semanal at\u00e9 alcan\u00e7ar a meta de 36 horas. <strong>Esse processo permite que empresas, especialmente micro e pequenas, se adaptem de forma organizada, com tempo para redefinir escalas e planejar contrata\u00e7\u00e3o de novos colaboradores, caso necess\u00e1rio.<\/strong><\/p>\n<h2>Direitos trabalhistas<\/h2>\n<p>Esta atualiza\u00e7\u00e3o na legisla\u00e7\u00e3o trabalhista representa mais um passo na consolida\u00e7\u00e3o dos\u00a0<strong>direitos trabalhistas<\/strong>\u00a0no pa\u00eds. O texto da PEC deixa expl\u00edcito que n\u00e3o poder\u00e1 haver diminui\u00e7\u00e3o do sal\u00e1rio base em virtude do novo teto de horas, preservando conquistas hist\u00f3ricas j\u00e1 garantidas pela\u00a0<strong>CLT<\/strong>\u00a0e estimulando novas pr\u00e1ticas de gest\u00e3o de pessoas.\u00a0Estudos recentes indicam que a redu\u00e7\u00e3o da jornada pode gerar aumento de produtividade e menor absente\u00edsmo, al\u00e9m de contribuir para a gera\u00e7\u00e3o de postos de<a href=\"https:\/\/www.pensarcursos.com.br\/blog\/ate-2030-digitalizacao-e-automacao-vao-transformar-o-mercado-de-trabalho-veja-o-que-esperar\/\"> trabalho<\/a>.<\/p>\n<h2>O que falta para a mudan\u00e7a entrar em vigor?<\/h2>\n<p>Ap\u00f3s aprova\u00e7\u00e3o simb\u00f3lica na Comiss\u00e3o de Constitui\u00e7\u00e3o e Justi\u00e7a, <strong>a proposta segue para an\u00e1lise do Plen\u00e1rio do Senado, etapa essencial para seu avan\u00e7o<\/strong>. Para que a medida seja implementada, s\u00e3o necess\u00e1rios dois turnos de vota\u00e7\u00e3o e, caso aprovada, a tramita\u00e7\u00e3o ser\u00e1 continuada na C\u00e2mara dos Deputados. Embora haja resist\u00eancia de parte dos parlamentares, principalmente devido ao receio de aumento de custos para as empresas, o tema conta com forte apoio popular e movimenta o debate p\u00fablico nacional.<\/p>\n<p>Interessados em detalhes ou que desejam participar das discuss\u00f5es podem acompanhar pelo\u00a0site oficial do<a href=\"https:\/\/www12.senado.leg.br\/\" target=\"_blank\" rel=\"noopener\"> Senado Federal<\/a>.<\/p>\n<p data-path-to-node=\"1\">Acompanhar a tramita\u00e7\u00e3o no Plen\u00e1rio e na C\u00e2mara \u00e9 fundamental, pois as decis\u00f5es tomadas agora moldar\u00e3o a rotina de milh\u00f5es de brasileiros. Para continuar acompanhando as principais atualiza\u00e7\u00f5es sobre legisla\u00e7\u00e3o e as tend\u00eancias que impactam a vida profissional, acesse o <b><a class=\"ng-star-inserted\" href=\"https:\/\/www.pensarcursos.com.br\/blog\/\" target=\"_blank\" rel=\"noopener\" data-hveid=\"0\" data-ved=\"0CAAQ_4QMahgKEwijwo6fvrWRAxUAAAAAHQAAAAAQqwQ\">blog da Pensar Cursos<\/a><\/b>.<\/p>\n<p data-path-to-node=\"1\">\n","protected":false},"excerpt":{"rendered":"<p>A Comiss\u00e3o de Constitui\u00e7\u00e3o e Justi\u00e7a do Senado aprovou a proposta que poder\u00e1 transformar a jornada m\u00e1xima semanal no pa\u00eds, reduzindo o limite atual de 44 para 36 horas. Para quem acompanha as mudan\u00e7as da legisla\u00e7\u00e3o e busca entender como essas novidades impactam a rotina do trabalhador, este texto re\u00fane as principais informa\u00e7\u00f5es, esclarecendo d\u00favidas [&hellip;]<\/p>\n","protected":false},"author":48,"featured_media":135529,"comment_status":"open","ping_status":"closed","sticky":false,"template":"","format":"standard","meta":{"jnews-multi-image_gallery":[],"jnews_single_post":{"format":"standard","override":[{"template":"1","parallax":"1","fullscreen":"1","layout":"right-sidebar","sidebar":"default-sidebar","second_sidebar":"default-sidebar","sticky_sidebar":"1","share_position":"topbottom","share_float_style":"share-monocrhome","show_featured":"1","show_post_meta":"1","show_post_author":"1","show_post_author_image":"1","show_post_date":"1","post_date_format":"default","post_date_format_custom":"Y\/m\/d","show_post_category":"1","post_reading_time_wpm":"300","post_calculate_word_method":"str_word_count","show_zoom_button":"0","zoom_button_out_step":"2","zoom_button_in_step":"3","show_post_tag":"1","show_prev_next_post":"1","show_popup_post":"1","show_comment_section":"1","number_popup_post":"2","show_author_box":"1","show_post_related":"1","show_inline_post_related":"1"}],"image_override":[{"single_post_thumbnail_size":"crop-500","single_post_gallery_size":"crop-500"}],"trending_post_position":"meta","trending_post_label":"Trending","sponsored_post_label":"Sponsored by","disable_ad":"0","subtitle":"Entenda o que muda na rotina dos brasileiros com a jornada semanal de 36 horas aprovada pelo Senado."},"jnews_primary_category":[],"jnews_social_meta":[],"jnews_override_counter":{"view_counter_number":"0","share_counter_number":"0","like_counter_number":"0","dislike_counter_number":"0"},"footnotes":""},"categories":[13725],"tags":[36183,375,36182],"class_list":["post-135521","post","type-post","status-publish","format-standard","has-post-thumbnail","hentry","category-profissoes","tag-clt-2025","tag-direitos-trabalhistas","tag-trabalho-36-horas"],"yoast_head":"<!-- This site is optimized with the Yoast SEO Premium plugin v27.4 (Yoast SEO v27.4) - https:\/\/yoast.com\/product\/yoast-seo-premium-wordpress\/ -->\n<title>Aprovado! Brasileiros poder\u00e3o ter jornada de trabalho reduzida para 36 horas semanais - Blog Pensar Cursos<\/title>\n<meta name=\"description\" content=\"Descubra tudo sobre a aprova\u00e7\u00e3o da redu\u00e7\u00e3o da jornada de trabalho para 36 horas semanais no Brasil, seus impactos nos direitos trabalhistas e as tend\u00eancias para 2026. Informe-se sobre mudan\u00e7as na CLT e saiba como isso pode beneficiar trabalhadores e empresas.\" \/>\n<meta name=\"robots\" content=\"index, follow, max-snippet:-1, max-image-preview:large, max-video-preview:-1\" \/>\n<link rel=\"canonical\" href=\"https:\/\/www.pensarcursos.com.br\/blog\/aprovado-brasileiros-poderao-ter-jornada-de-trabalho-reduzida-para-36-horas-semanais\/\" \/>\n<meta property=\"og:locale\" content=\"pt_BR\" \/>\n<meta property=\"og:type\" content=\"article\" \/>\n<meta property=\"og:title\" content=\"Aprovado! Brasileiros poder\u00e3o ter jornada de trabalho reduzida para 36 horas semanais\" \/>\n<meta property=\"og:description\" content=\"Descubra tudo sobre a aprova\u00e7\u00e3o da redu\u00e7\u00e3o da jornada de trabalho para 36 horas semanais no Brasil, seus impactos nos direitos trabalhistas e as tend\u00eancias para 2026. Informe-se sobre mudan\u00e7as na CLT e saiba como isso pode beneficiar trabalhadores e empresas.\" \/>\n<meta property=\"og:url\" content=\"https:\/\/www.pensarcursos.com.br\/blog\/aprovado-brasileiros-poderao-ter-jornada-de-trabalho-reduzida-para-36-horas-semanais\/\" \/>\n<meta property=\"og:site_name\" content=\"Blog Pensar Cursos\" \/>\n<meta property=\"article:publisher\" content=\"https:\/\/www.facebook.com\/pensarcursos\/\" \/>\n<meta property=\"article:published_time\" content=\"2025-12-12T01:19:21+00:00\" \/>\n<meta property=\"og:image\" content=\"https:\/\/www.pensarcursos.com.br\/blog\/wp-content\/uploads\/2025\/12\/01_carteira_de_trabalho2-2.jpg\" \/>\n\t<meta property=\"og:image:width\" content=\"1200\" \/>\n\t<meta property=\"og:image:height\" content=\"718\" \/>\n\t<meta property=\"og:image:type\" content=\"image\/jpeg\" \/>\n<meta name=\"author\" content=\"Isabelli Ferreira\" \/>\n<meta name=\"twitter:card\" content=\"summary_large_image\" \/>\n<meta name=\"twitter:label1\" content=\"Escrito por\" \/>\n\t<meta name=\"twitter:data1\" content=\"Isabelli Ferreira\" \/>\n\t<meta name=\"twitter:label2\" content=\"Est. tempo de leitura\" \/>\n\t<meta name=\"twitter:data2\" content=\"5 minutos\" \/>\n<!-- \/ Yoast SEO Premium plugin. -->","yoast_head_json":{"title":"Aprovado! Brasileiros poder\u00e3o ter jornada de trabalho reduzida para 36 horas semanais - Blog Pensar Cursos","description":"Descubra tudo sobre a aprova\u00e7\u00e3o da redu\u00e7\u00e3o da jornada de trabalho para 36 horas semanais no Brasil, seus impactos nos direitos trabalhistas e as tend\u00eancias para 2026. Informe-se sobre mudan\u00e7as na CLT e saiba como isso pode beneficiar trabalhadores e empresas.","robots":{"index":"index","follow":"follow","max-snippet":"max-snippet:-1","max-image-preview":"max-image-preview:large","max-video-preview":"max-video-preview:-1"},"canonical":"https:\/\/www.pensarcursos.com.br\/blog\/aprovado-brasileiros-poderao-ter-jornada-de-trabalho-reduzida-para-36-horas-semanais\/","og_locale":"pt_BR","og_type":"article","og_title":"Aprovado! Brasileiros poder\u00e3o ter jornada de trabalho reduzida para 36 horas semanais","og_description":"Descubra tudo sobre a aprova\u00e7\u00e3o da redu\u00e7\u00e3o da jornada de trabalho para 36 horas semanais no Brasil, seus impactos nos direitos trabalhistas e as tend\u00eancias para 2026. Informe-se sobre mudan\u00e7as na CLT e saiba como isso pode beneficiar trabalhadores e empresas.","og_url":"https:\/\/www.pensarcursos.com.br\/blog\/aprovado-brasileiros-poderao-ter-jornada-de-trabalho-reduzida-para-36-horas-semanais\/","og_site_name":"Blog Pensar Cursos","article_publisher":"https:\/\/www.facebook.com\/pensarcursos\/","article_published_time":"2025-12-12T01:19:21+00:00","og_image":[{"width":1200,"height":718,"url":"https:\/\/www.pensarcursos.com.br\/blog\/wp-content\/uploads\/2025\/12\/01_carteira_de_trabalho2-2.jpg","type":"image\/jpeg"}],"author":"Isabelli Ferreira","twitter_card":"summary_large_image","twitter_misc":{"Escrito por":"Isabelli Ferreira","Est. tempo de leitura":"5 minutos"},"schema":{"@context":"https:\/\/schema.org","@graph":[{"@type":["Article","BlogPosting"],"@id":"https:\/\/www.pensarcursos.com.br\/blog\/aprovado-brasileiros-poderao-ter-jornada-de-trabalho-reduzida-para-36-horas-semanais\/#article","isPartOf":{"@id":"https:\/\/www.pensarcursos.com.br\/blog\/aprovado-brasileiros-poderao-ter-jornada-de-trabalho-reduzida-para-36-horas-semanais\/"},"author":{"name":"Isabelli Ferreira","@id":"https:\/\/www.pensarcursos.com.br\/blog\/#\/schema\/person\/e387ba49ed4a778962271648452528c2"},"headline":"Aprovado! Brasileiros poder\u00e3o ter jornada de trabalho reduzida para 36 horas semanais","datePublished":"2025-12-12T01:19:21+00:00","mainEntityOfPage":{"@id":"https:\/\/www.pensarcursos.com.br\/blog\/aprovado-brasileiros-poderao-ter-jornada-de-trabalho-reduzida-para-36-horas-semanais\/"},"wordCount":742,"commentCount":0,"publisher":{"@id":"https:\/\/www.pensarcursos.com.br\/blog\/#organization"},"image":{"@id":"https:\/\/www.pensarcursos.com.br\/blog\/aprovado-brasileiros-poderao-ter-jornada-de-trabalho-reduzida-para-36-horas-semanais\/#primaryimage"},"thumbnailUrl":"https:\/\/www.pensarcursos.com.br\/blog\/wp-content\/uploads\/2025\/12\/01_carteira_de_trabalho2-2.jpg","keywords":["clt 2025","Direitos Trabalhistas","trabalho 36 horas"],"articleSection":["Profiss\u00f5es"],"inLanguage":"pt-BR","potentialAction":[{"@type":"CommentAction","name":"Comment","target":["https:\/\/www.pensarcursos.com.br\/blog\/aprovado-brasileiros-poderao-ter-jornada-de-trabalho-reduzida-para-36-horas-semanais\/#respond"]}],"copyrightYear":"2025","copyrightHolder":{"@id":"https:\/\/www.pensarcursos.com.br\/blog\/#organization"}},{"@type":"WebPage","@id":"https:\/\/www.pensarcursos.com.br\/blog\/aprovado-brasileiros-poderao-ter-jornada-de-trabalho-reduzida-para-36-horas-semanais\/","url":"https:\/\/www.pensarcursos.com.br\/blog\/aprovado-brasileiros-poderao-ter-jornada-de-trabalho-reduzida-para-36-horas-semanais\/","name":"Aprovado! Brasileiros poder\u00e3o ter jornada de trabalho reduzida para 36 horas semanais - Blog Pensar Cursos","isPartOf":{"@id":"https:\/\/www.pensarcursos.com.br\/blog\/#website"},"primaryImageOfPage":{"@id":"https:\/\/www.pensarcursos.com.br\/blog\/aprovado-brasileiros-poderao-ter-jornada-de-trabalho-reduzida-para-36-horas-semanais\/#primaryimage"},"image":{"@id":"https:\/\/www.pensarcursos.com.br\/blog\/aprovado-brasileiros-poderao-ter-jornada-de-trabalho-reduzida-para-36-horas-semanais\/#primaryimage"},"thumbnailUrl":"https:\/\/www.pensarcursos.com.br\/blog\/wp-content\/uploads\/2025\/12\/01_carteira_de_trabalho2-2.jpg","datePublished":"2025-12-12T01:19:21+00:00","description":"Descubra tudo sobre a aprova\u00e7\u00e3o da redu\u00e7\u00e3o da jornada de trabalho para 36 horas semanais no Brasil, seus impactos nos direitos trabalhistas e as tend\u00eancias para 2026. Informe-se sobre mudan\u00e7as na CLT e saiba como isso pode beneficiar trabalhadores e empresas.","breadcrumb":{"@id":"https:\/\/www.pensarcursos.com.br\/blog\/aprovado-brasileiros-poderao-ter-jornada-de-trabalho-reduzida-para-36-horas-semanais\/#breadcrumb"},"inLanguage":"pt-BR","potentialAction":[{"@type":"ReadAction","target":["https:\/\/www.pensarcursos.com.br\/blog\/aprovado-brasileiros-poderao-ter-jornada-de-trabalho-reduzida-para-36-horas-semanais\/"]}]},{"@type":"ImageObject","inLanguage":"pt-BR","@id":"https:\/\/www.pensarcursos.com.br\/blog\/aprovado-brasileiros-poderao-ter-jornada-de-trabalho-reduzida-para-36-horas-semanais\/#primaryimage","url":"https:\/\/www.pensarcursos.com.br\/blog\/wp-content\/uploads\/2025\/12\/01_carteira_de_trabalho2-2.jpg","contentUrl":"https:\/\/www.pensarcursos.com.br\/blog\/wp-content\/uploads\/2025\/12\/01_carteira_de_trabalho2-2.jpg","width":1200,"height":718,"caption":"O debate pela melhoria das condi\u00e7\u00f5es de trabalho, representado neste ato, culminou na aprova\u00e7\u00e3o da PEC na CCJ do Senado, que estabelece a redu\u00e7\u00e3o progressiva da carga hor\u00e1ria, culminando nas 36 horas semanais com limite de 8 horas di\u00e1rias. Imagem: Ag\u00eancia Brasil"},{"@type":"BreadcrumbList","@id":"https:\/\/www.pensarcursos.com.br\/blog\/aprovado-brasileiros-poderao-ter-jornada-de-trabalho-reduzida-para-36-horas-semanais\/#breadcrumb","itemListElement":[{"@type":"ListItem","position":1,"name":"Home","item":"https:\/\/www.pensarcursos.com.br\/blog\/"},{"@type":"ListItem","position":2,"name":"Aprovado! Brasileiros poder\u00e3o ter jornada de trabalho reduzida para 36 horas semanais"}]},{"@type":"WebSite","@id":"https:\/\/www.pensarcursos.com.br\/blog\/#website","url":"https:\/\/www.pensarcursos.com.br\/blog\/","name":"Blog Pensar Cursos","description":"Maior Site de Cursos do Brasil","publisher":{"@id":"https:\/\/www.pensarcursos.com.br\/blog\/#organization"},"alternateName":"Blog Pensar","potentialAction":[{"@type":"SearchAction","target":{"@type":"EntryPoint","urlTemplate":"https:\/\/www.pensarcursos.com.br\/blog\/?s={search_term_string}"},"query-input":{"@type":"PropertyValueSpecification","valueRequired":true,"valueName":"search_term_string"}}],"inLanguage":"pt-BR"},{"@type":"Organization","@id":"https:\/\/www.pensarcursos.com.br\/blog\/#organization","name":"Pensar Cursos","alternateName":"Blog pensar","url":"https:\/\/www.pensarcursos.com.br\/blog\/","logo":{"@type":"ImageObject","inLanguage":"pt-BR","@id":"https:\/\/www.pensarcursos.com.br\/blog\/#\/schema\/logo\/image\/","url":"https:\/\/www.pensarcursos.com.br\/blog\/wp-content\/uploads\/2023\/11\/Nova-Logo-Pensar-Cursos-vertical.png","contentUrl":"https:\/\/www.pensarcursos.com.br\/blog\/wp-content\/uploads\/2023\/11\/Nova-Logo-Pensar-Cursos-vertical.png","width":1393,"height":1001,"caption":"Pensar Cursos"},"image":{"@id":"https:\/\/www.pensarcursos.com.br\/blog\/#\/schema\/logo\/image\/"},"sameAs":["https:\/\/www.facebook.com\/pensarcursos\/","https:\/\/instagram.com.br\/pensarcursos"],"description":"Pensar Cursos \u00e9 uma empresa especializada em oferecer cursos de alta qualidade voltados para o desenvolvimento profissional e acad\u00eamico. Com uma ampla gama de op\u00e7\u00f5es de treinamento, oferecemos conte\u00fados atualizados, ministrados por especialistas da \u00e1rea, para capacitar indiv\u00edduos e equipes a atingirem seus objetivos. Nossa miss\u00e3o \u00e9 proporcionar uma educa\u00e7\u00e3o transformadora, acess\u00edvel e personalizada para cada aluno, seja em cursos presenciais ou online. Com uma abordagem inovadora, buscamos adaptar os nossos programas de ensino \u00e0s necessidades do mercado, criando solu\u00e7\u00f5es que atendem aos desafios e exig\u00eancias do mundo corporativo e acad\u00eamico. Nossos cursos incluem desde forma\u00e7\u00f5es t\u00e9cnicas at\u00e9 habilidades essenciais, como lideran\u00e7a, gest\u00e3o e desenvolvimento pessoal.","email":"contato@pensarcursos.com.br","legalName":"Sena Servi\u00e7os de Informa\u00e7\u00e3o Online LTDA","foundingDate":"2013-04-18","vatID":"17956217000172","numberOfEmployees":{"@type":"QuantitativeValue","minValue":"11","maxValue":"50"},"publishingPrinciples":"https:\/\/www.pensarcursos.com.br\/blog\/principios-de-publicacao\/","ownershipFundingInfo":"https:\/\/www.pensarcursos.com.br\/blog\/informacoes-de-propriedade-financiamento\/","actionableFeedbackPolicy":"https:\/\/www.pensarcursos.com.br\/blog\/politica-de-feedback-acionavel\/","correctionsPolicy":"https:\/\/www.pensarcursos.com.br\/blog\/politica-de-correcoes\/","ethicsPolicy":"https:\/\/www.pensarcursos.com.br\/blog\/politica-de-etica\/"},{"@type":"Person","@id":"https:\/\/www.pensarcursos.com.br\/blog\/#\/schema\/person\/e387ba49ed4a778962271648452528c2","name":"Isabelli Ferreira","image":{"@type":"ImageObject","inLanguage":"pt-BR","@id":"https:\/\/secure.gravatar.com\/avatar\/8b3b203e0769d83b87c611279890be042a5e5060500e577af59e9930f6f93d0a?s=96&d=mm&r=g","url":"https:\/\/secure.gravatar.com\/avatar\/8b3b203e0769d83b87c611279890be042a5e5060500e577af59e9930f6f93d0a?s=96&d=mm&r=g","contentUrl":"https:\/\/secure.gravatar.com\/avatar\/8b3b203e0769d83b87c611279890be042a5e5060500e577af59e9930f6f93d0a?s=96&d=mm&r=g","caption":"Isabelli Ferreira"},"description":"Graduada em LETRAS Vern\u00e1culas pela Universidade do Estado da Bahia (UNEB). Redatora grupo Sena Online.","sameAs":["https:\/\/www.linkedin.com\/in\/isabelli-pires-7b8778314"],"url":"https:\/\/www.pensarcursos.com.br\/blog\/author\/isabelli\/"}]}},"_links":{"self":[{"href":"https:\/\/www.pensarcursos.com.br\/blog\/wp-json\/wp\/v2\/posts\/135521","targetHints":{"allow":["GET"]}}],"collection":[{"href":"https:\/\/www.pensarcursos.com.br\/blog\/wp-json\/wp\/v2\/posts"}],"about":[{"href":"https:\/\/www.pensarcursos.com.br\/blog\/wp-json\/wp\/v2\/types\/post"}],"author":[{"embeddable":true,"href":"https:\/\/www.pensarcursos.com.br\/blog\/wp-json\/wp\/v2\/users\/48"}],"replies":[{"embeddable":true,"href":"https:\/\/www.pensarcursos.com.br\/blog\/wp-json\/wp\/v2\/comments?post=135521"}],"version-history":[{"count":0,"href":"https:\/\/www.pensarcursos.com.br\/blog\/wp-json\/wp\/v2\/posts\/135521\/revisions"}],"wp:featuredmedia":[{"embeddable":true,"href":"https:\/\/www.pensarcursos.com.br\/blog\/wp-json\/wp\/v2\/media\/135529"}],"wp:attachment":[{"href":"https:\/\/www.pensarcursos.com.br\/blog\/wp-json\/wp\/v2\/media?parent=135521"}],"wp:term":[{"taxonomy":"category","embeddable":true,"href":"https:\/\/www.pensarcursos.com.br\/blog\/wp-json\/wp\/v2\/categories?post=135521"},{"taxonomy":"post_tag","embeddable":true,"href":"https:\/\/www.pensarcursos.com.br\/blog\/wp-json\/wp\/v2\/tags?post=135521"}],"curies":[{"name":"wp","href":"https:\/\/api.w.org\/{rel}","templated":true}]}}