{"id":135501,"date":"2025-12-11T18:19:33","date_gmt":"2025-12-11T21:19:33","guid":{"rendered":"https:\/\/www.pensarcursos.com.br\/blog\/?p=135501"},"modified":"2025-12-11T10:33:38","modified_gmt":"2025-12-11T13:33:38","slug":"inscricoes-do-processo-seletivo-do-ibge-sao-prorrogadas-novo-prazo-vai-ate-17-de-dezembro","status":"publish","type":"post","link":"https:\/\/www.pensarcursos.com.br\/blog\/inscricoes-do-processo-seletivo-do-ibge-sao-prorrogadas-novo-prazo-vai-ate-17-de-dezembro\/","title":{"rendered":"Inscri\u00e7\u00f5es do processo seletivo do IBGE s\u00e3o prorrogadas; novo prazo vai at\u00e9 17 de dezembro"},"content":{"rendered":"<p>Mais tempo para se preparar! Uma nova not\u00edcia para quem almeja uma vaga no<a href=\"https:\/\/www.ibge.gov.br\/\" target=\"_blank\" rel=\"noopener\"> Instituto Brasileiro de Geografia e Estat\u00edstica<\/a> (IBGE). O cronograma do<a href=\"https:\/\/www.pensarcursos.com.br\/blog\/concurso-do-ibge-como-organizar-os-estudos-e-aumentar-suas-chances-de-aprovacao\/\"> processo seletivo<\/a> simplificado foi ajustado, oferecendo uma nova chance para inscri\u00e7\u00e3o e um per\u00edodo maior para estudos. A prorroga\u00e7\u00e3o estende o prazo de candidatura at\u00e9 <strong>17 de dezembro de 2025<\/strong>.<\/p>\n<p>Esta \u00e9 uma oportunidade para ingressar em uma das <strong>9.590 vagas<\/strong> tempor\u00e1rias oferecidas para atua\u00e7\u00e3o em pesquisas econ\u00f4micas e sociodemogr\u00e1ficas por todo o pa\u00eds. Organizado pela Funda\u00e7\u00e3o Get\u00falio Vargas (FGV), o certame disponibiliza cargos de n\u00edvel m\u00e9dio com remunera\u00e7\u00f5es que, somadas aos benef\u00edcios, podem ultrapassar os R$ 4 mil. A seguir, confira todos os detalhes sobre as altera\u00e7\u00f5es, vagas, sal\u00e1rios e como participar.<\/p>\n<h2>Altera\u00e7\u00f5es no cronograma: Inscri\u00e7\u00f5es e provas<\/h2>\n<p>Com a publica\u00e7\u00e3o da 2\u00aa retifica\u00e7\u00e3o nesta quarta-feira, 10 de dezembro de 2025, os candidatos ganharam mais tempo. As inscri\u00e7\u00f5es, que se encerrariam no dia 11 de dezembro, foram prorrogadas. As provas tamb\u00e9m foram remarcadas.<\/p>\n<ul>\n<li><strong>Novo prazo de inscri\u00e7\u00e3o:<\/strong>\u00a0At\u00e9 as 23h59 do dia\u00a0<strong>17 de dezembro de 2025<\/strong>.<\/li>\n<li><strong>Pagamento da taxa:<\/strong>\u00a0O boleto (GRU) pode ser pago at\u00e9 o dia\u00a0<strong>18 de dezembro de 2025<\/strong>.<\/li>\n<li><strong>Nova data da prova:<\/strong>\u00a0As avalia\u00e7\u00f5es objetivas ser\u00e3o aplicadas no dia\u00a0<strong>1\u00ba de mar\u00e7o de 2026<\/strong>.<\/li>\n<\/ul>\n<p>As inscri\u00e7\u00f5es devem ser realizadas exclusivamente pela internet, no site da banca organizadora, a <a href=\"https:\/\/conhecimento.fgv.br\/concursos\/pssibge25\" target=\"_blank\" rel=\"noopener\">FGV<\/a>. A taxa de inscri\u00e7\u00e3o \u00e9 de R$ 38,50 para ambos os cargos.<\/p>\n<p>Os candidatos inscritos no Cad\u00danico e doadores de medula \u00f3ssea tamb\u00e9m podem solicitar a isen\u00e7\u00e3o da taxa durante o mesmo per\u00edodo de inscri\u00e7\u00e3o.<\/p>\n<figure id=\"attachment_135253\" aria-describedby=\"caption-attachment-135253\" style=\"width: 1200px\" class=\"wp-caption aligncenter\"><img decoding=\"async\" class=\"wp-image-135253 size-full\" title=\"Concurso do IBGE\" src=\"https:\/\/www.pensarcursos.com.br\/blog\/wp-content\/uploads\/2025\/12\/Concurso-IBGE-.webp\" alt=\"Pessoa preenchendo cart\u00e3o-resposta de prova, representando prepara\u00e7\u00e3o para o concurso do IBGE.\" width=\"1200\" height=\"671\" srcset=\"https:\/\/www.pensarcursos.com.br\/blog\/wp-content\/uploads\/2025\/12\/Concurso-IBGE-.webp 1200w, https:\/\/www.pensarcursos.com.br\/blog\/wp-content\/uploads\/2025\/12\/Concurso-IBGE--300x168.webp 300w, https:\/\/www.pensarcursos.com.br\/blog\/wp-content\/uploads\/2025\/12\/Concurso-IBGE--1024x573.webp 1024w, https:\/\/www.pensarcursos.com.br\/blog\/wp-content\/uploads\/2025\/12\/Concurso-IBGE--768x429.webp 768w, https:\/\/www.pensarcursos.com.br\/blog\/wp-content\/uploads\/2025\/12\/Concurso-IBGE--750x419.webp 750w, https:\/\/www.pensarcursos.com.br\/blog\/wp-content\/uploads\/2025\/12\/Concurso-IBGE--1140x637.webp 1140w\" sizes=\"(max-width: 1200px) 100vw, 1200px\" \/><figcaption id=\"caption-attachment-135253\" class=\"wp-caption-text\">Com as inscri\u00e7\u00f5es prorrogadas, surge uma nova oportunidade para concorrer \u00e0s mais de 9 mil vagas do concurso do IBGE. Imagem: Pensar Cursos<\/figcaption><\/figure>\n<h2>Vagas, cargos e remunera\u00e7\u00e3o<\/h2>\n<p>Os dois editais (n\u00ba 04\/2025 e n\u00ba 05\/2025) somam\u00a0<strong>9.590 vagas<\/strong>\u00a0tempor\u00e1rias, distribu\u00eddas entre duas fun\u00e7\u00f5es essenciais para as atividades do instituto. Os contratos ter\u00e3o dura\u00e7\u00e3o inicial de at\u00e9 um ano, com a possibilidade de serem prorrogados at\u00e9 o limite m\u00e1ximo de tr\u00eas anos.<\/p>\n<h3>Agente de Pesquisas e Mapeamento (APM)<\/h3>\n<p>O Edital n\u00ba 04\/2025 concentra a maior parte das oportunidades, com um total de\u00a0<strong>8.480 vagas<\/strong>. A fun\u00e7\u00e3o exige apenas ensino m\u00e9dio completo.<\/p>\n<ul>\n<li><strong>Remunera\u00e7\u00e3o:<\/strong>\u00a0R$ 2.676,24.<\/li>\n<li><strong>Jornada de trabalho:<\/strong>\u00a040 horas semanais (8 horas di\u00e1rias).<\/li>\n<li><strong>Principais atribui\u00e7\u00f5es:<\/strong>\u00a0Visitar domic\u00edlios e estabelecimentos para coleta de dados, realizar entrevistas presenciais ou por telefone e registrar as informa\u00e7\u00f5es em question\u00e1rios eletr\u00f4nicos ou impressos.<\/li>\n<\/ul>\n<h3>Supervisor de Coleta e Qualidade (SCQ)<\/h3>\n<p>O Edital n\u00ba 05\/2025 oferece\u00a0<strong>1.110 vagas<\/strong>. Al\u00e9m do ensino m\u00e9dio completo, este cargo exige <strong>Carteira Nacional de Habilita\u00e7\u00e3o (CNH)<\/strong> definitiva ou provis\u00f3ria, no m\u00ednimo na categoria B, e dentro do prazo de validade.<\/p>\n<ul>\n<li><strong>Remunera\u00e7\u00e3o:<\/strong>\u00a0R$ 3.379,00.<\/li>\n<li><strong>Jornada de trabalho:<\/strong>\u00a040 horas semanais (8 horas di\u00e1rias).<\/li>\n<li><strong>Principais atribui\u00e7\u00f5es:<\/strong>\u00a0Gerenciar, planejar e acompanhar o trabalho das equipes de agentes em campo, garantir a qualidade das informa\u00e7\u00f5es coletadas e controlar a produ\u00e7\u00e3o das atividades.<\/li>\n<\/ul>\n<p>Ambos os cargos contam com benef\u00edcios como\u00a0<strong>aux\u00edlio-alimenta\u00e7\u00e3o no valor de R$ 1.175,00<\/strong>, aux\u00edlio-transporte, aux\u00edlio pr\u00e9-escolar, al\u00e9m de f\u00e9rias e 13\u00ba sal\u00e1rio proporcionais. Do total de vagas, h\u00e1 reserva para Pessoas com Defici\u00eancia (5%), Pessoas Pretas e Pardas (25%), Ind\u00edgenas (3%) e Quilombolas (2%).<\/p>\n<h2>Como ser\u00e3o as provas?<\/h2>\n<p>A \u00fanica etapa do processo seletivo do <a href=\"https:\/\/www.pensarcursos.com.br\/blog\/concurso-ibge-temporario-2025-inscricoes-terminam-nesta-quinta-feira-11-12\/\">IBGE<\/a> ser\u00e1 uma prova objetiva de car\u00e1ter eliminat\u00f3rio e classificat\u00f3rio. A aplica\u00e7\u00e3o ocorrer\u00e1 em hor\u00e1rios distintos, permitindo que um mesmo candidato possa concorrer aos dois cargos.<\/p>\n<ul>\n<li><strong>Hor\u00e1rio da prova para Agente (APM):<\/strong>\u00a0Das 08h \u00e0s 11h.<\/li>\n<li><strong>Hor\u00e1rio da prova para Supervisor (SCQ):<\/strong>\u00a0Das 14h \u00e0s 17h.<\/li>\n<\/ul>\n<p>A avalia\u00e7\u00e3o ser\u00e1 composta por 60 quest\u00f5es de m\u00faltipla escolha. Para ser aprovado, o candidato precisa acertar no m\u00ednimo 30% do total da prova (18 pontos) e obter ao menos 1 ponto em cada disciplina.<\/p>\n<h3>Estrutura da prova &#8211; Agente de Pesquisas e Mapeamento<\/h3>\n<ul>\n<li>L\u00edngua Portuguesa: 20 quest\u00f5es<\/li>\n<li>Geografia: 15 quest\u00f5es<\/li>\n<li>Racioc\u00ednio L\u00f3gico Matem\u00e1tico: 15 quest\u00f5es<\/li>\n<li>No\u00e7\u00f5es de Inform\u00e1tica: 5 quest\u00f5es<\/li>\n<li>\u00c9tica no Servi\u00e7o P\u00fablico: 5 quest\u00f5es<\/li>\n<\/ul>\n<h3>Estrutura da prova &#8211; Supervisor de Coleta e Qualidade<\/h3>\n<ul>\n<li>L\u00edngua Portuguesa: 14 quest\u00f5es<\/li>\n<li>Geografia: 14 quest\u00f5es<\/li>\n<li>No\u00e7\u00f5es de Administra\u00e7\u00e3o e Situa\u00e7\u00f5es Gerenciais: 14 quest\u00f5es<\/li>\n<li>Racioc\u00ednio L\u00f3gico Matem\u00e1tico: 8 quest\u00f5es<\/li>\n<li>\u00c9tica no Servi\u00e7o P\u00fablico: 5 quest\u00f5es<\/li>\n<li>No\u00e7\u00f5es de Inform\u00e1tica: 5 quest\u00f5es<\/li>\n<\/ul>\n<p>As provas ser\u00e3o realizadas em todos os munic\u00edpios com oferta de vagas, conforme detalhado no Anexo I dos editais.<\/p>\n<p>Para mais informa\u00e7\u00f5es sobre o <a href=\"https:\/\/www.pensarcursos.com.br\/blog\/processo-seletivo-do-ibge-abre-95-mil-vagas-salarios-de-ate-r-33-mil-mais-auxilio-alimentacao-de-r-1-17500\/\">processo seletivo do IBGE<\/a>, confira em outros conte\u00fados do <a href=\"https:\/\/www.pensarcursos.com.br\/blog\/\" target=\"_blank\" rel=\"noopener\">Pensar Cursos<\/a>.<\/p>\n<div class=\"jeg_video_container jeg_video_content\"><iframe title=\"Qual Concurso Estudar? O erro FATAL que 99% dos Iniciantes cometem!\" width=\"500\" height=\"281\" src=\"https:\/\/www.youtube.com\/embed\/hBb6KKVjN_E?feature=oembed\" frameborder=\"0\" allow=\"accelerometer; autoplay; clipboard-write; encrypted-media; gyroscope; picture-in-picture; web-share\" referrerpolicy=\"strict-origin-when-cross-origin\" allowfullscreen><\/iframe><\/div>\n<h2>Perguntas frequentes<\/h2>\n<p><strong>1. Posso me inscrever para os dois cargos (Agente e Supervisor)?<\/strong><br \/>\nSim. Como as provas ser\u00e3o em turnos diferentes (manh\u00e3 para Agente e tarde para Supervisor), \u00e9 poss\u00edvel concorrer a ambas as fun\u00e7\u00f5es, desde que realize duas inscri\u00e7\u00f5es e pague as duas taxas correspondentes.<\/p>\n<p><strong>2. Qual a idade m\u00ednima para participar?<\/strong><br \/>\n\u00c9 preciso ter idade m\u00ednima de 18 anos completos na data da contrata\u00e7\u00e3o, n\u00e3o na data da inscri\u00e7\u00e3o.<\/p>\n<p><strong>3. Quais s\u00e3o os pr\u00e9-requisitos para Supervisor de Coleta e Qualidade?<\/strong><br \/>\nO candidato deve ter Ensino M\u00e9dio completo e Carteira Nacional de Habilita\u00e7\u00e3o (CNH) definitiva ou provis\u00f3ria, no m\u00ednimo na categoria B, v\u00e1lida.<\/p>\n<p><strong>4. Qual a validade do processo seletivo?<\/strong><br \/>\nA validade ser\u00e1 de um ano, a contar da data de assinatura do primeiro contrato, podendo ser prorrogado, desde que o prazo total n\u00e3o exceda tr\u00eas anos.<\/p>\n<p><strong>5. Como funciona a isen\u00e7\u00e3o da taxa de inscri\u00e7\u00e3o?<\/strong><br \/>\nA isen\u00e7\u00e3o pode ser solicitada por candidatos inscritos no Cad\u00danico (membros de fam\u00edlia de baixa renda) e por doadores de medula \u00f3ssea em entidades reconhecidas pelo Minist\u00e9rio da Sa\u00fade, mediante comprova\u00e7\u00e3o no ato da inscri\u00e7\u00e3o.<\/p>\n","protected":false},"excerpt":{"rendered":"<p>Mais tempo para se preparar! Uma nova not\u00edcia para quem almeja uma vaga no Instituto Brasileiro de Geografia e Estat\u00edstica (IBGE). O cronograma do processo seletivo simplificado foi ajustado, oferecendo uma nova chance para inscri\u00e7\u00e3o e um per\u00edodo maior para estudos. A prorroga\u00e7\u00e3o estende o prazo de candidatura at\u00e9 17 de dezembro de 2025. Esta [&hellip;]<\/p>\n","protected":false},"author":54,"featured_media":135510,"comment_status":"open","ping_status":"closed","sticky":false,"template":"","format":"standard","meta":{"jnews-multi-image_gallery":[],"jnews_single_post":{"format":"standard","override":[{"template":"1","parallax":"1","fullscreen":"1","layout":"right-sidebar","sidebar":"default-sidebar","second_sidebar":"default-sidebar","sticky_sidebar":"1","share_position":"topbottom","share_float_style":"share-monocrhome","show_featured":"1","show_post_meta":"1","show_post_author":"1","show_post_author_image":"1","show_post_date":"1","post_date_format":"default","post_date_format_custom":"Y\/m\/d","show_post_category":"1","post_reading_time_wpm":"300","post_calculate_word_method":"str_word_count","show_zoom_button":"0","zoom_button_out_step":"2","zoom_button_in_step":"3","show_post_tag":"1","show_prev_next_post":"1","show_popup_post":"1","show_comment_section":"1","number_popup_post":"2","show_author_box":"1","show_post_related":"1","show_inline_post_related":"1"}],"image_override":[{"single_post_thumbnail_size":"crop-500","single_post_gallery_size":"crop-500"}],"trending_post_position":"meta","trending_post_label":"Trending","sponsored_post_label":"Sponsored by","disable_ad":"0","subtitle":"Oportunidade extra! Fique por dentro das principais altera\u00e7\u00f5es publicadas nesta quarta-feira (10)"},"jnews_primary_category":[],"jnews_social_meta":[],"jnews_override_counter":{"view_counter_number":"0","share_counter_number":"0","like_counter_number":"0","dislike_counter_number":"0"},"footnotes":""},"categories":[29],"tags":[1968,377,36123,22925,31856],"class_list":["post-135501","post","type-post","status-publish","format-standard","has-post-thumbnail","hentry","category-concursos","tag-concurso-ibge","tag-ibge","tag-ibge-2025","tag-processo-seletivo-do-ibge","tag-vagas-ibge"],"yoast_head":"<!-- This site is optimized with the Yoast SEO Premium plugin v27.4 (Yoast SEO v27.4) - https:\/\/yoast.com\/product\/yoast-seo-premium-wordpress\/ -->\n<title>Inscri\u00e7\u00f5es do processo seletivo do IBGE s\u00e3o prorrogadas; novo prazo vai at\u00e9 17 de dezembro - Blog Pensar Cursos<\/title>\n<meta name=\"description\" content=\"Inscri\u00e7\u00f5es do processo seletivo do IBGE foram prorrogadas! Novo prazo vai at\u00e9 17 de dezembro. S\u00e3o mais de 9 mil vagas. Veja como participar!\" \/>\n<meta name=\"robots\" content=\"index, follow, max-snippet:-1, max-image-preview:large, max-video-preview:-1\" \/>\n<link rel=\"canonical\" href=\"https:\/\/www.pensarcursos.com.br\/blog\/inscricoes-do-processo-seletivo-do-ibge-sao-prorrogadas-novo-prazo-vai-ate-17-de-dezembro\/\" \/>\n<meta property=\"og:locale\" content=\"pt_BR\" \/>\n<meta property=\"og:type\" content=\"article\" \/>\n<meta property=\"og:title\" content=\"Inscri\u00e7\u00f5es do processo seletivo do IBGE s\u00e3o prorrogadas; novo prazo vai at\u00e9 17 de dezembro\" \/>\n<meta property=\"og:description\" content=\"Inscri\u00e7\u00f5es do processo seletivo do IBGE foram prorrogadas! Novo prazo vai at\u00e9 17 de dezembro. S\u00e3o mais de 9 mil vagas. Veja como participar!\" \/>\n<meta property=\"og:url\" content=\"https:\/\/www.pensarcursos.com.br\/blog\/inscricoes-do-processo-seletivo-do-ibge-sao-prorrogadas-novo-prazo-vai-ate-17-de-dezembro\/\" \/>\n<meta property=\"og:site_name\" content=\"Blog Pensar Cursos\" \/>\n<meta property=\"article:publisher\" content=\"https:\/\/www.facebook.com\/pensarcursos\/\" \/>\n<meta property=\"article:published_time\" content=\"2025-12-11T21:19:33+00:00\" \/>\n<meta property=\"og:image\" content=\"https:\/\/www.pensarcursos.com.br\/blog\/wp-content\/uploads\/2025\/12\/Concurso-do-IBGE-2025-1.webp\" \/>\n\t<meta property=\"og:image:width\" content=\"1170\" \/>\n\t<meta property=\"og:image:height\" content=\"700\" \/>\n\t<meta property=\"og:image:type\" content=\"image\/webp\" \/>\n<meta name=\"author\" content=\"Quezia Andrade\" \/>\n<meta name=\"twitter:card\" content=\"summary_large_image\" \/>\n<meta name=\"twitter:label1\" content=\"Escrito por\" \/>\n\t<meta name=\"twitter:data1\" content=\"Quezia Andrade\" \/>\n\t<meta name=\"twitter:label2\" content=\"Est. tempo de leitura\" \/>\n\t<meta name=\"twitter:data2\" content=\"6 minutos\" \/>\n<!-- \/ Yoast SEO Premium plugin. -->","yoast_head_json":{"title":"Inscri\u00e7\u00f5es do processo seletivo do IBGE s\u00e3o prorrogadas; novo prazo vai at\u00e9 17 de dezembro - Blog Pensar Cursos","description":"Inscri\u00e7\u00f5es do processo seletivo do IBGE foram prorrogadas! Novo prazo vai at\u00e9 17 de dezembro. S\u00e3o mais de 9 mil vagas. Veja como participar!","robots":{"index":"index","follow":"follow","max-snippet":"max-snippet:-1","max-image-preview":"max-image-preview:large","max-video-preview":"max-video-preview:-1"},"canonical":"https:\/\/www.pensarcursos.com.br\/blog\/inscricoes-do-processo-seletivo-do-ibge-sao-prorrogadas-novo-prazo-vai-ate-17-de-dezembro\/","og_locale":"pt_BR","og_type":"article","og_title":"Inscri\u00e7\u00f5es do processo seletivo do IBGE s\u00e3o prorrogadas; novo prazo vai at\u00e9 17 de dezembro","og_description":"Inscri\u00e7\u00f5es do processo seletivo do IBGE foram prorrogadas! Novo prazo vai at\u00e9 17 de dezembro. S\u00e3o mais de 9 mil vagas. Veja como participar!","og_url":"https:\/\/www.pensarcursos.com.br\/blog\/inscricoes-do-processo-seletivo-do-ibge-sao-prorrogadas-novo-prazo-vai-ate-17-de-dezembro\/","og_site_name":"Blog Pensar Cursos","article_publisher":"https:\/\/www.facebook.com\/pensarcursos\/","article_published_time":"2025-12-11T21:19:33+00:00","og_image":[{"width":1170,"height":700,"url":"https:\/\/www.pensarcursos.com.br\/blog\/wp-content\/uploads\/2025\/12\/Concurso-do-IBGE-2025-1.webp","type":"image\/webp"}],"author":"Quezia Andrade","twitter_card":"summary_large_image","twitter_misc":{"Escrito por":"Quezia Andrade","Est. tempo de leitura":"6 minutos"},"schema":{"@context":"https:\/\/schema.org","@graph":[{"@type":["Article","BlogPosting"],"@id":"https:\/\/www.pensarcursos.com.br\/blog\/inscricoes-do-processo-seletivo-do-ibge-sao-prorrogadas-novo-prazo-vai-ate-17-de-dezembro\/#article","isPartOf":{"@id":"https:\/\/www.pensarcursos.com.br\/blog\/inscricoes-do-processo-seletivo-do-ibge-sao-prorrogadas-novo-prazo-vai-ate-17-de-dezembro\/"},"author":{"name":"Quezia Andrade","@id":"https:\/\/www.pensarcursos.com.br\/blog\/#\/schema\/person\/28714c166fa847c28e0ba3e4d47c1033"},"headline":"Inscri\u00e7\u00f5es do processo seletivo do IBGE s\u00e3o prorrogadas; novo prazo vai at\u00e9 17 de dezembro","datePublished":"2025-12-11T21:19:33+00:00","mainEntityOfPage":{"@id":"https:\/\/www.pensarcursos.com.br\/blog\/inscricoes-do-processo-seletivo-do-ibge-sao-prorrogadas-novo-prazo-vai-ate-17-de-dezembro\/"},"wordCount":1013,"commentCount":0,"publisher":{"@id":"https:\/\/www.pensarcursos.com.br\/blog\/#organization"},"image":{"@id":"https:\/\/www.pensarcursos.com.br\/blog\/inscricoes-do-processo-seletivo-do-ibge-sao-prorrogadas-novo-prazo-vai-ate-17-de-dezembro\/#primaryimage"},"thumbnailUrl":"https:\/\/www.pensarcursos.com.br\/blog\/wp-content\/uploads\/2025\/12\/Concurso-do-IBGE-2025-1.webp","keywords":["Concurso IBGE","IBGE","IBGE 2025","Processo Seletivo do IBGE","vagas IBGE"],"articleSection":["Concursos P\u00fablicos"],"inLanguage":"pt-BR","potentialAction":[{"@type":"CommentAction","name":"Comment","target":["https:\/\/www.pensarcursos.com.br\/blog\/inscricoes-do-processo-seletivo-do-ibge-sao-prorrogadas-novo-prazo-vai-ate-17-de-dezembro\/#respond"]}],"copyrightYear":"2025","copyrightHolder":{"@id":"https:\/\/www.pensarcursos.com.br\/blog\/#organization"}},{"@type":"WebPage","@id":"https:\/\/www.pensarcursos.com.br\/blog\/inscricoes-do-processo-seletivo-do-ibge-sao-prorrogadas-novo-prazo-vai-ate-17-de-dezembro\/","url":"https:\/\/www.pensarcursos.com.br\/blog\/inscricoes-do-processo-seletivo-do-ibge-sao-prorrogadas-novo-prazo-vai-ate-17-de-dezembro\/","name":"Inscri\u00e7\u00f5es do processo seletivo do IBGE s\u00e3o prorrogadas; novo prazo vai at\u00e9 17 de dezembro - Blog Pensar Cursos","isPartOf":{"@id":"https:\/\/www.pensarcursos.com.br\/blog\/#website"},"primaryImageOfPage":{"@id":"https:\/\/www.pensarcursos.com.br\/blog\/inscricoes-do-processo-seletivo-do-ibge-sao-prorrogadas-novo-prazo-vai-ate-17-de-dezembro\/#primaryimage"},"image":{"@id":"https:\/\/www.pensarcursos.com.br\/blog\/inscricoes-do-processo-seletivo-do-ibge-sao-prorrogadas-novo-prazo-vai-ate-17-de-dezembro\/#primaryimage"},"thumbnailUrl":"https:\/\/www.pensarcursos.com.br\/blog\/wp-content\/uploads\/2025\/12\/Concurso-do-IBGE-2025-1.webp","datePublished":"2025-12-11T21:19:33+00:00","description":"Inscri\u00e7\u00f5es do processo seletivo do IBGE foram prorrogadas! Novo prazo vai at\u00e9 17 de dezembro. S\u00e3o mais de 9 mil vagas. Veja como participar!","breadcrumb":{"@id":"https:\/\/www.pensarcursos.com.br\/blog\/inscricoes-do-processo-seletivo-do-ibge-sao-prorrogadas-novo-prazo-vai-ate-17-de-dezembro\/#breadcrumb"},"inLanguage":"pt-BR","potentialAction":[{"@type":"ReadAction","target":["https:\/\/www.pensarcursos.com.br\/blog\/inscricoes-do-processo-seletivo-do-ibge-sao-prorrogadas-novo-prazo-vai-ate-17-de-dezembro\/"]}]},{"@type":"ImageObject","inLanguage":"pt-BR","@id":"https:\/\/www.pensarcursos.com.br\/blog\/inscricoes-do-processo-seletivo-do-ibge-sao-prorrogadas-novo-prazo-vai-ate-17-de-dezembro\/#primaryimage","url":"https:\/\/www.pensarcursos.com.br\/blog\/wp-content\/uploads\/2025\/12\/Concurso-do-IBGE-2025-1.webp","contentUrl":"https:\/\/www.pensarcursos.com.br\/blog\/wp-content\/uploads\/2025\/12\/Concurso-do-IBGE-2025-1.webp","width":1170,"height":700,"caption":"Inscri\u00e7\u00f5es do processo seletivo do IBGE s\u00e3o prorrogadas; novo prazo vai at\u00e9 17 de dezembro. Confira! Imagem: T\u00e2nia R\u00eago\/Ag\u00eancia Brasil"},{"@type":"BreadcrumbList","@id":"https:\/\/www.pensarcursos.com.br\/blog\/inscricoes-do-processo-seletivo-do-ibge-sao-prorrogadas-novo-prazo-vai-ate-17-de-dezembro\/#breadcrumb","itemListElement":[{"@type":"ListItem","position":1,"name":"Home","item":"https:\/\/www.pensarcursos.com.br\/blog\/"},{"@type":"ListItem","position":2,"name":"Inscri\u00e7\u00f5es do processo seletivo do IBGE s\u00e3o prorrogadas; novo prazo vai at\u00e9 17 de dezembro"}]},{"@type":"WebSite","@id":"https:\/\/www.pensarcursos.com.br\/blog\/#website","url":"https:\/\/www.pensarcursos.com.br\/blog\/","name":"Blog Pensar Cursos","description":"Maior Site de Cursos do Brasil","publisher":{"@id":"https:\/\/www.pensarcursos.com.br\/blog\/#organization"},"alternateName":"Blog Pensar","potentialAction":[{"@type":"SearchAction","target":{"@type":"EntryPoint","urlTemplate":"https:\/\/www.pensarcursos.com.br\/blog\/?s={search_term_string}"},"query-input":{"@type":"PropertyValueSpecification","valueRequired":true,"valueName":"search_term_string"}}],"inLanguage":"pt-BR"},{"@type":"Organization","@id":"https:\/\/www.pensarcursos.com.br\/blog\/#organization","name":"Pensar Cursos","alternateName":"Blog pensar","url":"https:\/\/www.pensarcursos.com.br\/blog\/","logo":{"@type":"ImageObject","inLanguage":"pt-BR","@id":"https:\/\/www.pensarcursos.com.br\/blog\/#\/schema\/logo\/image\/","url":"https:\/\/www.pensarcursos.com.br\/blog\/wp-content\/uploads\/2023\/11\/Nova-Logo-Pensar-Cursos-vertical.png","contentUrl":"https:\/\/www.pensarcursos.com.br\/blog\/wp-content\/uploads\/2023\/11\/Nova-Logo-Pensar-Cursos-vertical.png","width":1393,"height":1001,"caption":"Pensar Cursos"},"image":{"@id":"https:\/\/www.pensarcursos.com.br\/blog\/#\/schema\/logo\/image\/"},"sameAs":["https:\/\/www.facebook.com\/pensarcursos\/","https:\/\/instagram.com.br\/pensarcursos"],"description":"Pensar Cursos \u00e9 uma empresa especializada em oferecer cursos de alta qualidade voltados para o desenvolvimento profissional e acad\u00eamico. Com uma ampla gama de op\u00e7\u00f5es de treinamento, oferecemos conte\u00fados atualizados, ministrados por especialistas da \u00e1rea, para capacitar indiv\u00edduos e equipes a atingirem seus objetivos. Nossa miss\u00e3o \u00e9 proporcionar uma educa\u00e7\u00e3o transformadora, acess\u00edvel e personalizada para cada aluno, seja em cursos presenciais ou online. Com uma abordagem inovadora, buscamos adaptar os nossos programas de ensino \u00e0s necessidades do mercado, criando solu\u00e7\u00f5es que atendem aos desafios e exig\u00eancias do mundo corporativo e acad\u00eamico. Nossos cursos incluem desde forma\u00e7\u00f5es t\u00e9cnicas at\u00e9 habilidades essenciais, como lideran\u00e7a, gest\u00e3o e desenvolvimento pessoal.","email":"contato@pensarcursos.com.br","legalName":"Sena Servi\u00e7os de Informa\u00e7\u00e3o Online LTDA","foundingDate":"2013-04-18","vatID":"17956217000172","numberOfEmployees":{"@type":"QuantitativeValue","minValue":"11","maxValue":"50"},"publishingPrinciples":"https:\/\/www.pensarcursos.com.br\/blog\/principios-de-publicacao\/","ownershipFundingInfo":"https:\/\/www.pensarcursos.com.br\/blog\/informacoes-de-propriedade-financiamento\/","actionableFeedbackPolicy":"https:\/\/www.pensarcursos.com.br\/blog\/politica-de-feedback-acionavel\/","correctionsPolicy":"https:\/\/www.pensarcursos.com.br\/blog\/politica-de-correcoes\/","ethicsPolicy":"https:\/\/www.pensarcursos.com.br\/blog\/politica-de-etica\/"},{"@type":"Person","@id":"https:\/\/www.pensarcursos.com.br\/blog\/#\/schema\/person\/28714c166fa847c28e0ba3e4d47c1033","name":"Quezia Andrade","image":{"@type":"ImageObject","inLanguage":"pt-BR","@id":"https:\/\/secure.gravatar.com\/avatar\/ca40343eca0c667f062032144581527936aae03191aca76e9d4c4de5a5c7cd14?s=96&d=mm&r=g","url":"https:\/\/secure.gravatar.com\/avatar\/ca40343eca0c667f062032144581527936aae03191aca76e9d4c4de5a5c7cd14?s=96&d=mm&r=g","contentUrl":"https:\/\/secure.gravatar.com\/avatar\/ca40343eca0c667f062032144581527936aae03191aca76e9d4c4de5a5c7cd14?s=96&d=mm&r=g","caption":"Quezia Andrade"},"description":"Biom\u00e9dica CRBM2 n\u00ba 17394. Redatora do grupo Sena Online.","sameAs":["https:\/\/www.instagram.com\/_quezia_b?igsh=cWF2dDNxbXd6ejF4&utm_source=qr","https:\/\/www.linkedin.com\/in\/quzia-borges-andrade-907778266?utm_source=share&utm_campaign=share_via&utm_content=profile&utm_medium=ios_app"],"url":"https:\/\/www.pensarcursos.com.br\/blog\/author\/quezia\/"}]}},"_links":{"self":[{"href":"https:\/\/www.pensarcursos.com.br\/blog\/wp-json\/wp\/v2\/posts\/135501","targetHints":{"allow":["GET"]}}],"collection":[{"href":"https:\/\/www.pensarcursos.com.br\/blog\/wp-json\/wp\/v2\/posts"}],"about":[{"href":"https:\/\/www.pensarcursos.com.br\/blog\/wp-json\/wp\/v2\/types\/post"}],"author":[{"embeddable":true,"href":"https:\/\/www.pensarcursos.com.br\/blog\/wp-json\/wp\/v2\/users\/54"}],"replies":[{"embeddable":true,"href":"https:\/\/www.pensarcursos.com.br\/blog\/wp-json\/wp\/v2\/comments?post=135501"}],"version-history":[{"count":0,"href":"https:\/\/www.pensarcursos.com.br\/blog\/wp-json\/wp\/v2\/posts\/135501\/revisions"}],"wp:featuredmedia":[{"embeddable":true,"href":"https:\/\/www.pensarcursos.com.br\/blog\/wp-json\/wp\/v2\/media\/135510"}],"wp:attachment":[{"href":"https:\/\/www.pensarcursos.com.br\/blog\/wp-json\/wp\/v2\/media?parent=135501"}],"wp:term":[{"taxonomy":"category","embeddable":true,"href":"https:\/\/www.pensarcursos.com.br\/blog\/wp-json\/wp\/v2\/categories?post=135501"},{"taxonomy":"post_tag","embeddable":true,"href":"https:\/\/www.pensarcursos.com.br\/blog\/wp-json\/wp\/v2\/tags?post=135501"}],"curies":[{"name":"wp","href":"https:\/\/api.w.org\/{rel}","templated":true}]}}