{"id":135476,"date":"2025-12-11T11:19:01","date_gmt":"2025-12-11T14:19:01","guid":{"rendered":"https:\/\/www.pensarcursos.com.br\/blog\/?p=135476"},"modified":"2025-12-11T11:46:31","modified_gmt":"2025-12-11T14:46:31","slug":"novo-mutirao-da-carteira-de-identidade-acontece-de-15-a-18-de-dezembro","status":"publish","type":"post","link":"https:\/\/www.pensarcursos.com.br\/blog\/novo-mutirao-da-carteira-de-identidade-acontece-de-15-a-18-de-dezembro\/","title":{"rendered":"Novo mutir\u00e3o da Carteira de Identidade acontece de 15 a 18 de dezembro"},"content":{"rendered":"<p>Em dezembro, quem precisa emitir a nova\u00a0<strong>Carteira de Identidade<\/strong> poder\u00e1 contar com um mutir\u00e3o especial. A a\u00e7\u00e3o, organizada pela equipe da Per\u00edcia Oficial e Identifica\u00e7\u00e3o T\u00e9cnica (Politec), ocorrer\u00e1 <strong>entre os dias 15 e 18<\/strong>, e promete facilitar o acesso aos documentos de identifica\u00e7\u00e3o para a popula\u00e7\u00e3o.<\/p>\n<p>Com uma procura crescente pelos novos modelos da<strong> Carteira de Identidade<\/strong>, que agora trazem mais seguran\u00e7a e funcionalidades, o mutir\u00e3o chega em um momento importante. Al\u00e9m de minimizar filas, a iniciativa da <strong>Politec<\/strong> atende a uma necessidade real: garantir que todos os cidad\u00e3os tenham seu documento em m\u00e3os para aproveitar direitos e benef\u00edcios, inclusive de \u00faltima hora.<\/p>\n<h2>A nova Carteira de Identidade<\/h2>\n<p>A nova <a href=\"https:\/\/www.pensarcursos.com.br\/blog\/agendamento-para-carteira-de-identidade-abre-as-9h-veja-como-fazer\/\"><strong>Carteira de Identidade<\/strong><\/a> representa uma evolu\u00e7\u00e3o nos documentos de identifica\u00e7\u00e3o brasileiros. Ela re\u00fane informa\u00e7\u00f5es de diferentes \u00f3rg\u00e3os em um \u00fanico local, possui mecanismos avan\u00e7ados de seguran\u00e7a e pode ser utilizada em todo o territ\u00f3rio nacional. A transi\u00e7\u00e3o para esse novo formato evita fraudes e facilita a confer\u00eancia de dados.<\/p>\n<h3>Impactos da nova Carteira de Identidade para os cidad\u00e3os<\/h3>\n<p>A nova <a href=\"https:\/\/www.pensarcursos.com.br\/blog\/passo-a-passo-como-tirar-a-carteira-de-identidade-e-ter-acesso-a-versao-digital-no-gov-br\/\"><strong>Carteira de Identidade<\/strong> <\/a>\u00e9 reconhecida por \u00f3rg\u00e3os p\u00fablicos e privados e facilita o acesso a servi\u00e7os sociais, banc\u00e1rios e educacionais. Sua implanta\u00e7\u00e3o tamb\u00e9m reduz o risco de fraudes e torna mais simples a comprova\u00e7\u00e3o de dados em processos envolvendo autoridades fiscais e judiciais.<\/p>\n<figure id=\"attachment_135488\" aria-describedby=\"caption-attachment-135488\" style=\"width: 1228px\" class=\"wp-caption aligncenter\"><img decoding=\"async\" class=\"wp-image-135488 size-full\" title=\"carteira detran RJ\" src=\"https:\/\/www.pensarcursos.com.br\/blog\/wp-content\/uploads\/2025\/12\/carteira-detran-RJ-1.jpeg\" alt=\"Pessoa segurando carteira de identidade do Rio de Janeiro com foto e dados pessoais vis\u00edveis.\" width=\"1228\" height=\"735\" srcset=\"https:\/\/www.pensarcursos.com.br\/blog\/wp-content\/uploads\/2025\/12\/carteira-detran-RJ-1.jpeg 1228w, https:\/\/www.pensarcursos.com.br\/blog\/wp-content\/uploads\/2025\/12\/carteira-detran-RJ-1-300x180.jpeg 300w, https:\/\/www.pensarcursos.com.br\/blog\/wp-content\/uploads\/2025\/12\/carteira-detran-RJ-1-1024x613.jpeg 1024w, https:\/\/www.pensarcursos.com.br\/blog\/wp-content\/uploads\/2025\/12\/carteira-detran-RJ-1-768x460.jpeg 768w, https:\/\/www.pensarcursos.com.br\/blog\/wp-content\/uploads\/2025\/12\/carteira-detran-RJ-1-750x449.jpeg 750w, https:\/\/www.pensarcursos.com.br\/blog\/wp-content\/uploads\/2025\/12\/carteira-detran-RJ-1-1140x682.jpeg 1140w\" sizes=\"(max-width: 1228px) 100vw, 1228px\" \/><figcaption id=\"caption-attachment-135488\" class=\"wp-caption-text\">Conhe\u00e7a os detalhes do mutir\u00e3o da Carteira de Identidade. Imagem: Detran RJ<\/figcaption><\/figure>\n<h2>Como vai funcionar o mutir\u00e3o?<\/h2>\n<p>O mutir\u00e3o para emiss\u00e3o da nova Carteira de Identidade ser\u00e1 realizado na sede da Politec (Mato Grosso), situada na rua das Helic\u00f4nias, Jardim das Orqu\u00eddeas.<\/p>\n<p>O acesso<strong> ser\u00e1 mediante agendamento online<\/strong>, permitindo organiza\u00e7\u00e3o e conforto para os cidad\u00e3os. No primeiro dia, 15 de dezembro, o atendimento ser\u00e1 das 13h \u00e0s 17h. Nos demais dias (16, 17 e 18), o servi\u00e7o ocorre das 8h \u00e0s 12h e das 13h \u00e0s 17h.<\/p>\n<h2>Passo a passo para agendar o atendimento<\/h2>\n<ol>\n<li>Acesse o site da <a href=\"https:\/\/ganhatempo.seplag.mt.gov.br\/agendamentos\/#\/\" target=\"_blank\" rel=\"noopener\">Politec<\/a>.<\/li>\n<li>Clique na aba de servi\u00e7os e escolha \u201cagendar atendimento\u201d.<\/li>\n<li>Selecione a unidade de Nova Mutum.<\/li>\n<li>Escolha o dia e hor\u00e1rio de prefer\u00eancia.<\/li>\n<li>Preencha seus dados corretamente e confirme a reserva.<\/li>\n<li>Verifique a confirma\u00e7\u00e3o do agendamento via e-mail.<\/li>\n<\/ol>\n<h2>Documentos necess\u00e1rios para a emiss\u00e3o<\/h2>\n<ul>\n<li><strong>Obrigat\u00f3rios:<\/strong>\u00a0CPF em situa\u00e7\u00e3o regular, certid\u00e3o de nascimento ou casamento.<\/li>\n<li><strong>Opcionais:<\/strong>\u00a0t\u00edtulo de eleitor, carteira de trabalho, carteira do SUS, certificado militar, tipagem sangu\u00ednea, PIS\/PASEP, documento profissional para incluir CID ou s\u00edmbolo de acessibilidade, requerimento de nome social.<\/li>\n<\/ul>\n<p>Ter a documenta\u00e7\u00e3o correta agiliza o processo e evita contratempos, principalmente em per\u00edodos de alta demanda.<\/p>\n<h2>Por que aderir ao mutir\u00e3o da Carteira de Identidade?<\/h2>\n<p>Participar do mutir\u00e3o \u00e9 uma oportunidade para resolver pend\u00eancias de identifica\u00e7\u00e3o antes do fim do ano, per\u00edodo em que muitos \u00f3rg\u00e3os entram em recesso e viagens aumentam.<\/p>\n<h2>Dicas para um atendimento mais eficiente<\/h2>\n<ul>\n<li>Re\u00fana todos os documentos antes do dia agendado.<\/li>\n<li>Chegue com pelo menos 10 minutos de anteced\u00eancia ao local.<\/li>\n<li>Confirme os dados de agendamento pelo e-mail.<\/li>\n<li>Leve comprovante de resid\u00eancia se poss\u00edvel.<\/li>\n<\/ul>\n<h2>Perguntas frequentes<\/h2>\n<ul>\n<li><strong>Quem pode participar do mutir\u00e3o?<\/strong><br \/>\nQualquer cidad\u00e3o que reside em Nova Mutum (Mato Grosso) pode agendar e emitir seu documento.<\/li>\n<li><strong>O agendamento \u00e9 obrigat\u00f3rio?<\/strong><br \/>\nSim, o atendimento s\u00f3 ser\u00e1 realizado mediante agendamento pr\u00e9vio pelo site da Politec.<\/li>\n<li><strong>H\u00e1 custo para emiss\u00e3o da nova Carteira de Identidade?<\/strong><br \/>\nCada munic\u00edpio ou estado pode definir taxas espec\u00edficas para a 2\u00aa via. \u00c9 importante conferir essa informa\u00e7\u00e3o no site oficial da Politec.<\/li>\n<li><strong>Qual documento preciso apresentar?<\/strong><br \/>\nCPF regular, certid\u00e3o de nascimento ou casamento s\u00e3o obrigat\u00f3rios; demais documentos, opcionais.<\/li>\n<li><strong>Posso agendar para outra pessoa?<\/strong><br \/>\nSim, desde que informe corretamente os dados do solicitante no site.<\/li>\n<li><strong>Como saber se meu agendamento foi confirmado?<\/strong><br \/>\nA confirma\u00e7\u00e3o do agendamento \u00e9 enviada automaticamente por e-mail.<\/li>\n<li><strong>Preciso levar foto 3&#215;4?<\/strong><br \/>\nA foto \u00e9 tirada no momento do atendimento, sem necessidade de levar pronta.<\/li>\n<li><strong>O que acontece se eu perder o hor\u00e1rio?<\/strong><br \/>\nBasta reagendar pelo site, caso haja vaga dispon\u00edvel.<\/li>\n<\/ul>\n<p>Quer conferir mais conte\u00fados como este? Acesse o <a href=\"https:\/\/www.pensarcursos.com.br\/blog\/\"><strong>Pensar Cursos<\/strong><\/a> diariamente!<\/p>\n<div class=\"jeg_video_container jeg_video_content\"><iframe title=\"Voce sabia que e possivel tirar a NOVA Carteira de Identidade sem sair de casa - Veja como funciona\" width=\"500\" height=\"281\" src=\"https:\/\/www.youtube.com\/embed\/Y2-7rNGWo_U?feature=oembed\" frameborder=\"0\" allow=\"accelerometer; autoplay; clipboard-write; encrypted-media; gyroscope; picture-in-picture; web-share\" referrerpolicy=\"strict-origin-when-cross-origin\" allowfullscreen><\/iframe><\/div>\n","protected":false},"excerpt":{"rendered":"<p>Em dezembro, quem precisa emitir a nova\u00a0Carteira de Identidade poder\u00e1 contar com um mutir\u00e3o especial. A a\u00e7\u00e3o, organizada pela equipe da Per\u00edcia Oficial e Identifica\u00e7\u00e3o T\u00e9cnica (Politec), ocorrer\u00e1 entre os dias 15 e 18, e promete facilitar o acesso aos documentos de identifica\u00e7\u00e3o para a popula\u00e7\u00e3o. Com uma procura crescente pelos novos modelos da Carteira [&hellip;]<\/p>\n","protected":false},"author":17,"featured_media":135489,"comment_status":"open","ping_status":"closed","sticky":false,"template":"","format":"standard","meta":{"jnews-multi-image_gallery":[],"jnews_single_post":{"format":"standard","override":[{"template":"1","parallax":"1","fullscreen":"1","layout":"right-sidebar","sidebar":"default-sidebar","second_sidebar":"default-sidebar","sticky_sidebar":"1","share_position":"topbottom","share_float_style":"share-monocrhome","show_featured":"1","show_post_meta":"1","show_post_author":"1","show_post_author_image":"1","show_post_date":"1","post_date_format":"default","post_date_format_custom":"Y\/m\/d","show_post_category":"1","post_reading_time_wpm":"300","post_calculate_word_method":"str_word_count","show_zoom_button":"0","zoom_button_out_step":"2","zoom_button_in_step":"3","show_post_tag":"1","show_prev_next_post":"1","show_popup_post":"1","show_comment_section":"1","number_popup_post":"2","show_author_box":"1","show_post_related":"1","show_inline_post_related":"1"}],"image_override":[{"single_post_thumbnail_size":"crop-500","single_post_gallery_size":"crop-500"}],"trending_post_position":"meta","trending_post_label":"Trending","sponsored_post_label":"Sponsored by","disable_ad":"0","subtitle":"Para participar, os interessados devem agendar atendimento; saiba mais!"},"jnews_primary_category":[],"jnews_social_meta":[],"jnews_override_counter":{"view_counter_number":"0","share_counter_number":"0","like_counter_number":"0","dislike_counter_number":"0"},"footnotes":""},"categories":[1628],"tags":[36177,27172,1734,9854],"class_list":["post-135476","post","type-post","status-publish","format-standard","has-post-thumbnail","hentry","category-atualidades","tag-carteira-de-identidade-nova-mutum","tag-mutirao-novo-rg","tag-nova-carteira-de-identidade","tag-nova-cin"],"yoast_head":"<!-- This site is optimized with the Yoast SEO Premium plugin v27.4 (Yoast SEO v27.4) - https:\/\/yoast.com\/product\/yoast-seo-premium-wordpress\/ -->\n<title>Novo mutir\u00e3o da Carteira de Identidade acontece de 15 a 18 de dezembro - Blog Pensar Cursos<\/title>\n<meta name=\"description\" content=\"Mutir\u00e3o da Carteira de Identidade em Nova Mutum (MT) de 15 a 18 de dezembro agiliza documenta\u00e7\u00e3o; saiba como agendar e quais documentos levar.\" \/>\n<meta name=\"robots\" content=\"index, follow, max-snippet:-1, max-image-preview:large, max-video-preview:-1\" \/>\n<link rel=\"canonical\" href=\"https:\/\/www.pensarcursos.com.br\/blog\/novo-mutirao-da-carteira-de-identidade-acontece-de-15-a-18-de-dezembro\/\" \/>\n<meta property=\"og:locale\" content=\"pt_BR\" \/>\n<meta property=\"og:type\" content=\"article\" \/>\n<meta property=\"og:title\" content=\"Novo mutir\u00e3o da Carteira de Identidade acontece de 15 a 18 de dezembro\" \/>\n<meta property=\"og:description\" content=\"Mutir\u00e3o da Carteira de Identidade em Nova Mutum (MT) de 15 a 18 de dezembro agiliza documenta\u00e7\u00e3o; saiba como agendar e quais documentos levar.\" \/>\n<meta property=\"og:url\" content=\"https:\/\/www.pensarcursos.com.br\/blog\/novo-mutirao-da-carteira-de-identidade-acontece-de-15-a-18-de-dezembro\/\" \/>\n<meta property=\"og:site_name\" content=\"Blog Pensar Cursos\" \/>\n<meta property=\"article:publisher\" content=\"https:\/\/www.facebook.com\/pensarcursos\/\" \/>\n<meta property=\"article:author\" content=\"https:\/\/www.facebook.com\/profile.php?id=61550018262414\" \/>\n<meta property=\"article:published_time\" content=\"2025-12-11T14:19:01+00:00\" \/>\n<meta property=\"article:modified_time\" content=\"2025-12-11T14:46:31+00:00\" \/>\n<meta property=\"og:image\" content=\"https:\/\/www.pensarcursos.com.br\/blog\/wp-content\/uploads\/2025\/12\/Nova-identidade3-1-10.png\" \/>\n\t<meta property=\"og:image:width\" content=\"1200\" \/>\n\t<meta property=\"og:image:height\" content=\"800\" \/>\n\t<meta property=\"og:image:type\" content=\"image\/png\" \/>\n<meta name=\"author\" content=\"Gorete Costa\" \/>\n<meta name=\"twitter:card\" content=\"summary_large_image\" \/>\n<meta name=\"twitter:label1\" content=\"Escrito por\" \/>\n\t<meta name=\"twitter:data1\" content=\"Gorete Costa\" \/>\n\t<meta name=\"twitter:label2\" content=\"Est. tempo de leitura\" \/>\n\t<meta name=\"twitter:data2\" content=\"4 minutos\" \/>\n<!-- \/ Yoast SEO Premium plugin. -->","yoast_head_json":{"title":"Novo mutir\u00e3o da Carteira de Identidade acontece de 15 a 18 de dezembro - Blog Pensar Cursos","description":"Mutir\u00e3o da Carteira de Identidade em Nova Mutum (MT) de 15 a 18 de dezembro agiliza documenta\u00e7\u00e3o; saiba como agendar e quais documentos levar.","robots":{"index":"index","follow":"follow","max-snippet":"max-snippet:-1","max-image-preview":"max-image-preview:large","max-video-preview":"max-video-preview:-1"},"canonical":"https:\/\/www.pensarcursos.com.br\/blog\/novo-mutirao-da-carteira-de-identidade-acontece-de-15-a-18-de-dezembro\/","og_locale":"pt_BR","og_type":"article","og_title":"Novo mutir\u00e3o da Carteira de Identidade acontece de 15 a 18 de dezembro","og_description":"Mutir\u00e3o da Carteira de Identidade em Nova Mutum (MT) de 15 a 18 de dezembro agiliza documenta\u00e7\u00e3o; saiba como agendar e quais documentos levar.","og_url":"https:\/\/www.pensarcursos.com.br\/blog\/novo-mutirao-da-carteira-de-identidade-acontece-de-15-a-18-de-dezembro\/","og_site_name":"Blog Pensar Cursos","article_publisher":"https:\/\/www.facebook.com\/pensarcursos\/","article_author":"https:\/\/www.facebook.com\/profile.php?id=61550018262414","article_published_time":"2025-12-11T14:19:01+00:00","article_modified_time":"2025-12-11T14:46:31+00:00","og_image":[{"width":1200,"height":800,"url":"https:\/\/www.pensarcursos.com.br\/blog\/wp-content\/uploads\/2025\/12\/Nova-identidade3-1-10.png","type":"image\/png"}],"author":"Gorete Costa","twitter_card":"summary_large_image","twitter_misc":{"Escrito por":"Gorete Costa","Est. tempo de leitura":"4 minutos"},"schema":{"@context":"https:\/\/schema.org","@graph":[{"@type":["Article","BlogPosting"],"@id":"https:\/\/www.pensarcursos.com.br\/blog\/novo-mutirao-da-carteira-de-identidade-acontece-de-15-a-18-de-dezembro\/#article","isPartOf":{"@id":"https:\/\/www.pensarcursos.com.br\/blog\/novo-mutirao-da-carteira-de-identidade-acontece-de-15-a-18-de-dezembro\/"},"author":{"name":"Gorete Costa","@id":"https:\/\/www.pensarcursos.com.br\/blog\/#\/schema\/person\/e133b19d62595d6ab0c12f3e5436a7bb"},"headline":"Novo mutir\u00e3o da Carteira de Identidade acontece de 15 a 18 de dezembro","datePublished":"2025-12-11T14:19:01+00:00","dateModified":"2025-12-11T14:46:31+00:00","mainEntityOfPage":{"@id":"https:\/\/www.pensarcursos.com.br\/blog\/novo-mutirao-da-carteira-de-identidade-acontece-de-15-a-18-de-dezembro\/"},"wordCount":739,"commentCount":0,"publisher":{"@id":"https:\/\/www.pensarcursos.com.br\/blog\/#organization"},"image":{"@id":"https:\/\/www.pensarcursos.com.br\/blog\/novo-mutirao-da-carteira-de-identidade-acontece-de-15-a-18-de-dezembro\/#primaryimage"},"thumbnailUrl":"https:\/\/www.pensarcursos.com.br\/blog\/wp-content\/uploads\/2025\/12\/Nova-identidade3-1-10.png","keywords":["carteira de identidade nova mutum","mutir\u00e3o novo RG","Nova carteira de identidade","nova cin"],"articleSection":["Atualidades"],"inLanguage":"pt-BR","potentialAction":[{"@type":"CommentAction","name":"Comment","target":["https:\/\/www.pensarcursos.com.br\/blog\/novo-mutirao-da-carteira-de-identidade-acontece-de-15-a-18-de-dezembro\/#respond"]}],"copyrightYear":"2025","copyrightHolder":{"@id":"https:\/\/www.pensarcursos.com.br\/blog\/#organization"}},{"@type":"WebPage","@id":"https:\/\/www.pensarcursos.com.br\/blog\/novo-mutirao-da-carteira-de-identidade-acontece-de-15-a-18-de-dezembro\/","url":"https:\/\/www.pensarcursos.com.br\/blog\/novo-mutirao-da-carteira-de-identidade-acontece-de-15-a-18-de-dezembro\/","name":"Novo mutir\u00e3o da Carteira de Identidade acontece de 15 a 18 de dezembro - Blog Pensar Cursos","isPartOf":{"@id":"https:\/\/www.pensarcursos.com.br\/blog\/#website"},"primaryImageOfPage":{"@id":"https:\/\/www.pensarcursos.com.br\/blog\/novo-mutirao-da-carteira-de-identidade-acontece-de-15-a-18-de-dezembro\/#primaryimage"},"image":{"@id":"https:\/\/www.pensarcursos.com.br\/blog\/novo-mutirao-da-carteira-de-identidade-acontece-de-15-a-18-de-dezembro\/#primaryimage"},"thumbnailUrl":"https:\/\/www.pensarcursos.com.br\/blog\/wp-content\/uploads\/2025\/12\/Nova-identidade3-1-10.png","datePublished":"2025-12-11T14:19:01+00:00","dateModified":"2025-12-11T14:46:31+00:00","description":"Mutir\u00e3o da Carteira de Identidade em Nova Mutum (MT) de 15 a 18 de dezembro agiliza documenta\u00e7\u00e3o; saiba como agendar e quais documentos levar.","breadcrumb":{"@id":"https:\/\/www.pensarcursos.com.br\/blog\/novo-mutirao-da-carteira-de-identidade-acontece-de-15-a-18-de-dezembro\/#breadcrumb"},"inLanguage":"pt-BR","potentialAction":[{"@type":"ReadAction","target":["https:\/\/www.pensarcursos.com.br\/blog\/novo-mutirao-da-carteira-de-identidade-acontece-de-15-a-18-de-dezembro\/"]}]},{"@type":"ImageObject","inLanguage":"pt-BR","@id":"https:\/\/www.pensarcursos.com.br\/blog\/novo-mutirao-da-carteira-de-identidade-acontece-de-15-a-18-de-dezembro\/#primaryimage","url":"https:\/\/www.pensarcursos.com.br\/blog\/wp-content\/uploads\/2025\/12\/Nova-identidade3-1-10.png","contentUrl":"https:\/\/www.pensarcursos.com.br\/blog\/wp-content\/uploads\/2025\/12\/Nova-identidade3-1-10.png","width":1200,"height":800,"caption":"Novo mutir\u00e3o para emiss\u00e3o da Carteira de Identidade vai de 15 a 18 de dezembro; saiba mais. Imagem: Pensar Cursos"},{"@type":"BreadcrumbList","@id":"https:\/\/www.pensarcursos.com.br\/blog\/novo-mutirao-da-carteira-de-identidade-acontece-de-15-a-18-de-dezembro\/#breadcrumb","itemListElement":[{"@type":"ListItem","position":1,"name":"Home","item":"https:\/\/www.pensarcursos.com.br\/blog\/"},{"@type":"ListItem","position":2,"name":"Novo mutir\u00e3o da Carteira de Identidade acontece de 15 a 18 de dezembro"}]},{"@type":"WebSite","@id":"https:\/\/www.pensarcursos.com.br\/blog\/#website","url":"https:\/\/www.pensarcursos.com.br\/blog\/","name":"Blog Pensar Cursos","description":"Maior Site de Cursos do Brasil","publisher":{"@id":"https:\/\/www.pensarcursos.com.br\/blog\/#organization"},"alternateName":"Blog Pensar","potentialAction":[{"@type":"SearchAction","target":{"@type":"EntryPoint","urlTemplate":"https:\/\/www.pensarcursos.com.br\/blog\/?s={search_term_string}"},"query-input":{"@type":"PropertyValueSpecification","valueRequired":true,"valueName":"search_term_string"}}],"inLanguage":"pt-BR"},{"@type":"Organization","@id":"https:\/\/www.pensarcursos.com.br\/blog\/#organization","name":"Pensar Cursos","alternateName":"Blog pensar","url":"https:\/\/www.pensarcursos.com.br\/blog\/","logo":{"@type":"ImageObject","inLanguage":"pt-BR","@id":"https:\/\/www.pensarcursos.com.br\/blog\/#\/schema\/logo\/image\/","url":"https:\/\/www.pensarcursos.com.br\/blog\/wp-content\/uploads\/2023\/11\/Nova-Logo-Pensar-Cursos-vertical.png","contentUrl":"https:\/\/www.pensarcursos.com.br\/blog\/wp-content\/uploads\/2023\/11\/Nova-Logo-Pensar-Cursos-vertical.png","width":1393,"height":1001,"caption":"Pensar Cursos"},"image":{"@id":"https:\/\/www.pensarcursos.com.br\/blog\/#\/schema\/logo\/image\/"},"sameAs":["https:\/\/www.facebook.com\/pensarcursos\/","https:\/\/instagram.com.br\/pensarcursos"],"description":"Pensar Cursos \u00e9 uma empresa especializada em oferecer cursos de alta qualidade voltados para o desenvolvimento profissional e acad\u00eamico. Com uma ampla gama de op\u00e7\u00f5es de treinamento, oferecemos conte\u00fados atualizados, ministrados por especialistas da \u00e1rea, para capacitar indiv\u00edduos e equipes a atingirem seus objetivos. Nossa miss\u00e3o \u00e9 proporcionar uma educa\u00e7\u00e3o transformadora, acess\u00edvel e personalizada para cada aluno, seja em cursos presenciais ou online. Com uma abordagem inovadora, buscamos adaptar os nossos programas de ensino \u00e0s necessidades do mercado, criando solu\u00e7\u00f5es que atendem aos desafios e exig\u00eancias do mundo corporativo e acad\u00eamico. Nossos cursos incluem desde forma\u00e7\u00f5es t\u00e9cnicas at\u00e9 habilidades essenciais, como lideran\u00e7a, gest\u00e3o e desenvolvimento pessoal.","email":"contato@pensarcursos.com.br","legalName":"Sena Servi\u00e7os de Informa\u00e7\u00e3o Online LTDA","foundingDate":"2013-04-18","vatID":"17956217000172","numberOfEmployees":{"@type":"QuantitativeValue","minValue":"11","maxValue":"50"},"publishingPrinciples":"https:\/\/www.pensarcursos.com.br\/blog\/principios-de-publicacao\/","ownershipFundingInfo":"https:\/\/www.pensarcursos.com.br\/blog\/informacoes-de-propriedade-financiamento\/","actionableFeedbackPolicy":"https:\/\/www.pensarcursos.com.br\/blog\/politica-de-feedback-acionavel\/","correctionsPolicy":"https:\/\/www.pensarcursos.com.br\/blog\/politica-de-correcoes\/","ethicsPolicy":"https:\/\/www.pensarcursos.com.br\/blog\/politica-de-etica\/"},{"@type":"Person","@id":"https:\/\/www.pensarcursos.com.br\/blog\/#\/schema\/person\/e133b19d62595d6ab0c12f3e5436a7bb","name":"Gorete Costa","image":{"@type":"ImageObject","inLanguage":"pt-BR","@id":"https:\/\/secure.gravatar.com\/avatar\/8cb99f142e1cb1312d8c202378c20dc4f7210145acc22805481f4a3f47ce9b6f?s=96&d=mm&r=g","url":"https:\/\/secure.gravatar.com\/avatar\/8cb99f142e1cb1312d8c202378c20dc4f7210145acc22805481f4a3f47ce9b6f?s=96&d=mm&r=g","contentUrl":"https:\/\/secure.gravatar.com\/avatar\/8cb99f142e1cb1312d8c202378c20dc4f7210145acc22805481f4a3f47ce9b6f?s=96&d=mm&r=g","caption":"Gorete Costa"},"description":"Graduada em Servi\u00e7o Social pela Universidade do Norte do Paran\u00e1 (Unopar), Gorete Costa \u00e9 especialista em comunica\u00e7\u00e3o, atuando como radialista em programas jornal\u00edsticos e de entretenimento, al\u00e9m de produ\u00e7\u00e3o e revis\u00e3o de textos informativos para sites e blogs.","sameAs":["https:\/\/www.facebook.com\/profile.php?id=61550018262414"],"url":"https:\/\/www.pensarcursos.com.br\/blog\/author\/gorete\/"}]}},"_links":{"self":[{"href":"https:\/\/www.pensarcursos.com.br\/blog\/wp-json\/wp\/v2\/posts\/135476","targetHints":{"allow":["GET"]}}],"collection":[{"href":"https:\/\/www.pensarcursos.com.br\/blog\/wp-json\/wp\/v2\/posts"}],"about":[{"href":"https:\/\/www.pensarcursos.com.br\/blog\/wp-json\/wp\/v2\/types\/post"}],"author":[{"embeddable":true,"href":"https:\/\/www.pensarcursos.com.br\/blog\/wp-json\/wp\/v2\/users\/17"}],"replies":[{"embeddable":true,"href":"https:\/\/www.pensarcursos.com.br\/blog\/wp-json\/wp\/v2\/comments?post=135476"}],"version-history":[{"count":0,"href":"https:\/\/www.pensarcursos.com.br\/blog\/wp-json\/wp\/v2\/posts\/135476\/revisions"}],"wp:featuredmedia":[{"embeddable":true,"href":"https:\/\/www.pensarcursos.com.br\/blog\/wp-json\/wp\/v2\/media\/135489"}],"wp:attachment":[{"href":"https:\/\/www.pensarcursos.com.br\/blog\/wp-json\/wp\/v2\/media?parent=135476"}],"wp:term":[{"taxonomy":"category","embeddable":true,"href":"https:\/\/www.pensarcursos.com.br\/blog\/wp-json\/wp\/v2\/categories?post=135476"},{"taxonomy":"post_tag","embeddable":true,"href":"https:\/\/www.pensarcursos.com.br\/blog\/wp-json\/wp\/v2\/tags?post=135476"}],"curies":[{"name":"wp","href":"https:\/\/api.w.org\/{rel}","templated":true}]}}