{"id":135473,"date":"2025-12-11T17:09:29","date_gmt":"2025-12-11T20:09:29","guid":{"rendered":"https:\/\/www.pensarcursos.com.br\/blog\/?p=135473"},"modified":"2025-12-11T09:59:01","modified_gmt":"2025-12-11T12:59:01","slug":"2a-parcela-do-13o-sera-antecipada-em-2025-veja-o-motivo-e-quando-cai-o-pagamento","status":"publish","type":"post","link":"https:\/\/www.pensarcursos.com.br\/blog\/2a-parcela-do-13o-sera-antecipada-em-2025-veja-o-motivo-e-quando-cai-o-pagamento\/","title":{"rendered":"2\u00aa parcela do 13\u00ba ser\u00e1 antecipada em 2025; veja o motivo e quando cai o pagamento"},"content":{"rendered":"<p>Voc\u00ea j\u00e1 est\u00e1 organizando suas finan\u00e7as para utilizar a <strong>segunda parcela do 13\u00ba sal\u00e1rio<\/strong> nesta reta final de 2025? Esse pagamento comp\u00f5e a remunera\u00e7\u00e3o anual do trabalhador e costuma ser destinado a gastos de fim de ano, quita\u00e7\u00e3o de d\u00edvidas ou in\u00edcio de uma poupan\u00e7a.<\/p>\n<p>Em 2025, por\u00e9m, o calend\u00e1rio de pagamento da segunda\u00a0<a href=\"https:\/\/www.pensarcursos.com.br\/blog\/2a-parcela-do-13o-salario-tambem-sera-antecipada-confira-datas-valores-e-por-que-vem-descontada\/\">parcela do 13\u00ba <\/a>sofrer\u00e1 uma pequena altera\u00e7\u00e3o. Essa mudan\u00e7a pode impactar o planejamento de milh\u00f5es de brasileiros. Continue a leitura para entender o motivo dessa antecipa\u00e7\u00e3o e descobrir a data exata em que o dinheiro estar\u00e1 na sua conta.<\/p>\n<h2>Motivo da antecipa\u00e7\u00e3o da 2\u00aa parcela do 13\u00ba sal\u00e1rio<\/h2>\n<figure id=\"attachment_135482\" aria-describedby=\"caption-attachment-135482\" style=\"width: 1200px\" class=\"wp-caption aligncenter\"><img decoding=\"async\" class=\"size-full wp-image-135482\" title=\"Antecipa\u00e7\u00e3o da 2\u00aa parcela do 13\u00ba sal\u00e1rio\" src=\"https:\/\/www.pensarcursos.com.br\/blog\/wp-content\/uploads\/2025\/12\/Dinheiro-12-1.webp\" alt=\"Notas de real e moedas brasileiras representando o pagamento antecipado da segunda parcela do 13\u00ba sal\u00e1rio.\" width=\"1200\" height=\"800\" srcset=\"https:\/\/www.pensarcursos.com.br\/blog\/wp-content\/uploads\/2025\/12\/Dinheiro-12-1.webp 1200w, https:\/\/www.pensarcursos.com.br\/blog\/wp-content\/uploads\/2025\/12\/Dinheiro-12-1-300x200.webp 300w, https:\/\/www.pensarcursos.com.br\/blog\/wp-content\/uploads\/2025\/12\/Dinheiro-12-1-1024x683.webp 1024w, https:\/\/www.pensarcursos.com.br\/blog\/wp-content\/uploads\/2025\/12\/Dinheiro-12-1-768x512.webp 768w, https:\/\/www.pensarcursos.com.br\/blog\/wp-content\/uploads\/2025\/12\/Dinheiro-12-1-750x500.webp 750w, https:\/\/www.pensarcursos.com.br\/blog\/wp-content\/uploads\/2025\/12\/Dinheiro-12-1-1140x760.webp 1140w\" sizes=\"(max-width: 1200px) 100vw, 1200px\" \/><figcaption id=\"caption-attachment-135482\" class=\"wp-caption-text\">Veja qual \u00e9 o principal motivo da antecipa\u00e7\u00e3o da 2\u00aa parcela do 13\u00ba sal\u00e1rio.<br \/>Imagem: Pensar Cursos<\/figcaption><\/figure>\n<p>A legisla\u00e7\u00e3o trabalhista brasileira \u00e9 clara: a segunda parte do d\u00e9cimo terceiro sal\u00e1rio deve ser paga aos trabalhadores at\u00e9 o dia 20 de dezembro de cada ano. No entanto, uma particularidade do calend\u00e1rio de 2025 far\u00e1 com que o dep\u00f3sito seja adiantado.<\/p>\n<p>O dia\u00a0<strong>20 de dezembro de 2025 cair\u00e1 em um s\u00e1bado<\/strong>. De acordo com a lei, quando a data limite para um pagamento trabalhista coincide com um fim de semana ou feriado, o empregador \u00e9 obrigado a realizar o dep\u00f3sito no \u00faltimo dia \u00fatil anterior. Portanto, em 2025, o pagamento dever\u00e1 ser efetuado at\u00e9 o dia\u00a0<strong>19 de dezembro, uma sexta-feira<\/strong>.<\/p>\n<p>\u00c9 importante destacar que essa antecipa\u00e7\u00e3o n\u00e3o altera os valores a serem recebidos. Trata-se apenas de um ajuste de calend\u00e1rio para garantir o cumprimento da lei, beneficiando o<a href=\"https:\/\/www.pensarcursos.com.br\/blog\/beneficio-nao-sacado-152-mil-trabalhadores-ainda-podem-retirar-abono-salarial-ate-dezembro\/\"> trabalhador<\/a> que ter\u00e1 o dinheiro dispon\u00edvel um dia antes do prazo m\u00e1ximo tradicional.<\/p>\n<h2>Como o c\u00e1lculo do 13\u00ba sal\u00e1rio funciona?<\/h2>\n<p>O c\u00e1lculo do <a href=\"https:\/\/www.pensarcursos.com.br\/blog\/por-que-o-valor-da-segunda-parcela-do-13o-e-menor-veja-os-descontos-aplicados\/\">d\u00e9cimo terceiro sal\u00e1rio<\/a> gera muitas d\u00favidas, principalmente em rela\u00e7\u00e3o \u00e0 diferen\u00e7a de valor entre as duas parcelas. O processo, no entanto, segue uma l\u00f3gica simples baseada no sal\u00e1rio bruto do funcion\u00e1rio e nos meses trabalhados no ano.<\/p>\n<p>O valor total do benef\u00edcio corresponde a 1\/12 do sal\u00e1rio bruto por m\u00eas de servi\u00e7o. Para ter direito \u00e0 contagem do m\u00eas, o trabalhador precisa ter atuado por, no m\u00ednimo, 15 dias.<\/p>\n<ul>\n<li><strong>Primeira parcela:<\/strong> O pagamento foi realizado at\u00e9 30 de novembro de 2025, equivalente a 50% do sal\u00e1rio bruto do m\u00eas anterior, sem aplica\u00e7\u00e3o de descontos.<\/li>\n<li><strong>Segunda parcela:<\/strong> Dever\u00e1 ser paga at\u00e9 20 de dezembro (19 de dezembro em 2025), corresponde aos 50% restantes do sal\u00e1rio bruto. No entanto, \u00e9 sobre esta parcela que incidem todos os descontos, como o Imposto de Renda (IR) e a contribui\u00e7\u00e3o para o INSS, resultando em um valor l\u00edquido menor.<\/li>\n<\/ul>\n<p>Para quem n\u00e3o trabalhou o ano inteiro, o c\u00e1lculo \u00e9 proporcional. Basta dividir o sal\u00e1rio bruto por 12 e multiplicar o resultado pelo n\u00famero de meses trabalhados.<\/p>\n<h2>Quem tem direito a receber o 13\u00ba sal\u00e1rio?<\/h2>\n<p>O d\u00e9cimo terceiro sal\u00e1rio \u00e9 um direito garantido a milh\u00f5es de trabalhadores. T\u00eam direito ao benef\u00edcio:<\/p>\n<ul>\n<li>Trabalhadores com carteira assinada (regime CLT), sejam eles urbanos, rurais ou dom\u00e9sticos.<\/li>\n<li>Aposentados e pensionistas do INSS.<\/li>\n<li>Trabalhadores avulsos.<\/li>\n<\/ul>\n<p>Funcion\u00e1rios que foram demitidos sem justa causa tamb\u00e9m recebem o 13\u00ba proporcional no momento da rescis\u00e3o contratual. O mesmo vale para quem pediu demiss\u00e3o. A \u00fanica situa\u00e7\u00e3o que exclui o direito \u00e9 a demiss\u00e3o por justa causa.<\/p>\n<p>Para trabalhadores com remunera\u00e7\u00e3o vari\u00e1vel, como comissionistas, o c\u00e1lculo considera a m\u00e9dia dos valores recebidos ao longo do ano, garantindo que o benef\u00edcio reflita seus ganhos reais.<\/p>\n<p>Continue acessando o portal do <a href=\"https:\/\/www.pensarcursos.com.br\/blog\/\" target=\"_blank\" rel=\"noopener\">Pensar Cursos<\/a> para mais informa\u00e7\u00f5es como essa.<\/p>\n<div class=\"jeg_video_container jeg_video_content\"><iframe title=\"ALERTA 13\u00ba: QUEM RECEBE E QUANDO O DINHEIRO CAI! 7 EM CADA 10 ERRAM O C\u00c1LCULO!\" width=\"500\" height=\"281\" src=\"https:\/\/www.youtube.com\/embed\/E6B-zBGa4vw?feature=oembed\" frameborder=\"0\" allow=\"accelerometer; autoplay; clipboard-write; encrypted-media; gyroscope; picture-in-picture; web-share\" referrerpolicy=\"strict-origin-when-cross-origin\" allowfullscreen><\/iframe><\/div>\n<h2>Perguntas frequentes<\/h2>\n<h3>1. A antecipa\u00e7\u00e3o do pagamento em 2025 altera o valor que vou receber?<\/h3>\n<p>N\u00e3o. A antecipa\u00e7\u00e3o \u00e9 apenas um ajuste de data devido ao prazo legal cair em um s\u00e1bado. O valor do seu benef\u00edcio e os descontos aplicados permanecem os mesmos, calculados com base no seu sal\u00e1rio.<\/p>\n<h3>2. O que acontece se a empresa n\u00e3o pagar o 13\u00ba at\u00e9 o dia 19 de dezembro de 2025?<\/h3>\n<p>O n\u00e3o pagamento dentro do prazo legal configura uma infra\u00e7\u00e3o. O trabalhador deve, primeiramente, procurar o setor de RH da empresa. Caso n\u00e3o resolva, pode registrar uma den\u00fancia junto ao sindicato da sua categoria ou em uma das Superintend\u00eancias Regionais do Trabalho.<\/p>\n<h3>3. Quem est\u00e1 de licen\u00e7a-maternidade ou aux\u00edlio-doen\u00e7a recebe o 13\u00ba?<\/h3>\n<p>Sim. No caso da licen\u00e7a-maternidade, o 13\u00ba \u00e9 pago integralmente pela empresa, que depois \u00e9 ressarcida pelo INSS. Para quem recebe aux\u00edlio-doen\u00e7a, o INSS paga o valor proporcional ao per\u00edodo do afastamento, e a empresa paga o correspondente aos meses trabalhados.<\/p>\n<h3>4. Funcion\u00e1rios que fazem muitas horas extras t\u00eam um 13\u00ba maior?<\/h3>\n<p>Sim. As horas extras, assim como adicionais noturnos e de insalubridade, integram o sal\u00e1rio para todos os efeitos legais. Portanto, a m\u00e9dia desses valores deve ser somada ao sal\u00e1rio bruto para o c\u00e1lculo correto do d\u00e9cimo terceiro.<\/p>\n","protected":false},"excerpt":{"rendered":"<p>Voc\u00ea j\u00e1 est\u00e1 organizando suas finan\u00e7as para utilizar a segunda parcela do 13\u00ba sal\u00e1rio nesta reta final de 2025? Esse pagamento comp\u00f5e a remunera\u00e7\u00e3o anual do trabalhador e costuma ser destinado a gastos de fim de ano, quita\u00e7\u00e3o de d\u00edvidas ou in\u00edcio de uma poupan\u00e7a. Em 2025, por\u00e9m, o calend\u00e1rio de pagamento da segunda\u00a0parcela do [&hellip;]<\/p>\n","protected":false},"author":54,"featured_media":135497,"comment_status":"open","ping_status":"closed","sticky":false,"template":"","format":"standard","meta":{"jnews-multi-image_gallery":[],"jnews_single_post":{"format":"standard","override":[{"template":"1","parallax":"1","fullscreen":"1","layout":"right-sidebar","sidebar":"default-sidebar","second_sidebar":"default-sidebar","sticky_sidebar":"1","share_position":"topbottom","share_float_style":"share-monocrhome","show_featured":"1","show_post_meta":"1","show_post_author":"1","show_post_author_image":"1","show_post_date":"1","post_date_format":"default","post_date_format_custom":"Y\/m\/d","show_post_category":"1","post_reading_time_wpm":"300","post_calculate_word_method":"str_word_count","show_zoom_button":"0","zoom_button_out_step":"2","zoom_button_in_step":"3","show_post_tag":"1","show_prev_next_post":"1","show_popup_post":"1","show_comment_section":"1","number_popup_post":"2","show_author_box":"1","show_post_related":"1","show_inline_post_related":"1"}],"image_override":[{"single_post_thumbnail_size":"crop-500","single_post_gallery_size":"crop-500"}],"trending_post_position":"meta","trending_post_label":"Trending","sponsored_post_label":"Sponsored by","disable_ad":"0","subtitle":"A primeira parcela foi depositada em novembro; confira a data da segunda"},"jnews_primary_category":[],"jnews_social_meta":[],"jnews_override_counter":{"view_counter_number":"0","share_counter_number":"0","like_counter_number":"0","dislike_counter_number":"0"},"footnotes":""},"categories":[1691],"tags":[1058,4438,375,3249,6370],"class_list":["post-135473","post","type-post","status-publish","format-standard","has-post-thumbnail","hentry","category-direitos-do-trabalhador","tag-clt","tag-decimo-terceiro","tag-direitos-trabalhistas","tag-pagamento-13-salario","tag-segunda-parcela-do-13o"],"yoast_head":"<!-- This site is optimized with the Yoast SEO Premium plugin v27.4 (Yoast SEO v27.4) - https:\/\/yoast.com\/product\/yoast-seo-premium-wordpress\/ -->\n<title>2\u00aa parcela do 13\u00ba ser\u00e1 antecipada em 2025; veja o motivo e quando cai o pagamento - Blog Pensar Cursos<\/title>\n<meta name=\"description\" content=\"A segunda parcela do 13\u00ba sal\u00e1rio de 2025 ser\u00e1 paga antes do esperado. Entenda o motivo da antecipa\u00e7\u00e3o e saiba como calcular o seu benef\u00edcio.\" \/>\n<meta name=\"robots\" content=\"index, follow, max-snippet:-1, max-image-preview:large, max-video-preview:-1\" \/>\n<link rel=\"canonical\" href=\"https:\/\/www.pensarcursos.com.br\/blog\/2a-parcela-do-13o-sera-antecipada-em-2025-veja-o-motivo-e-quando-cai-o-pagamento\/\" \/>\n<meta property=\"og:locale\" content=\"pt_BR\" \/>\n<meta property=\"og:type\" content=\"article\" \/>\n<meta property=\"og:title\" content=\"2\u00aa parcela do 13\u00ba ser\u00e1 antecipada em 2025; veja o motivo e quando cai o pagamento\" \/>\n<meta property=\"og:description\" content=\"A segunda parcela do 13\u00ba sal\u00e1rio de 2025 ser\u00e1 paga antes do esperado. Entenda o motivo da antecipa\u00e7\u00e3o e saiba como calcular o seu benef\u00edcio.\" \/>\n<meta property=\"og:url\" content=\"https:\/\/www.pensarcursos.com.br\/blog\/2a-parcela-do-13o-sera-antecipada-em-2025-veja-o-motivo-e-quando-cai-o-pagamento\/\" \/>\n<meta property=\"og:site_name\" content=\"Blog Pensar Cursos\" \/>\n<meta property=\"article:publisher\" content=\"https:\/\/www.facebook.com\/pensarcursos\/\" \/>\n<meta property=\"article:published_time\" content=\"2025-12-11T20:09:29+00:00\" \/>\n<meta property=\"og:image\" content=\"https:\/\/www.pensarcursos.com.br\/blog\/wp-content\/uploads\/2025\/12\/Dinheiro-8.webp\" \/>\n\t<meta property=\"og:image:width\" content=\"1200\" \/>\n\t<meta property=\"og:image:height\" content=\"800\" \/>\n\t<meta property=\"og:image:type\" content=\"image\/webp\" \/>\n<meta name=\"author\" content=\"Quezia Andrade\" \/>\n<meta name=\"twitter:card\" content=\"summary_large_image\" \/>\n<meta name=\"twitter:label1\" content=\"Escrito por\" \/>\n\t<meta name=\"twitter:data1\" content=\"Quezia Andrade\" \/>\n\t<meta name=\"twitter:label2\" content=\"Est. tempo de leitura\" \/>\n\t<meta name=\"twitter:data2\" content=\"5 minutos\" \/>\n<!-- \/ Yoast SEO Premium plugin. -->","yoast_head_json":{"title":"2\u00aa parcela do 13\u00ba ser\u00e1 antecipada em 2025; veja o motivo e quando cai o pagamento - Blog Pensar Cursos","description":"A segunda parcela do 13\u00ba sal\u00e1rio de 2025 ser\u00e1 paga antes do esperado. Entenda o motivo da antecipa\u00e7\u00e3o e saiba como calcular o seu benef\u00edcio.","robots":{"index":"index","follow":"follow","max-snippet":"max-snippet:-1","max-image-preview":"max-image-preview:large","max-video-preview":"max-video-preview:-1"},"canonical":"https:\/\/www.pensarcursos.com.br\/blog\/2a-parcela-do-13o-sera-antecipada-em-2025-veja-o-motivo-e-quando-cai-o-pagamento\/","og_locale":"pt_BR","og_type":"article","og_title":"2\u00aa parcela do 13\u00ba ser\u00e1 antecipada em 2025; veja o motivo e quando cai o pagamento","og_description":"A segunda parcela do 13\u00ba sal\u00e1rio de 2025 ser\u00e1 paga antes do esperado. Entenda o motivo da antecipa\u00e7\u00e3o e saiba como calcular o seu benef\u00edcio.","og_url":"https:\/\/www.pensarcursos.com.br\/blog\/2a-parcela-do-13o-sera-antecipada-em-2025-veja-o-motivo-e-quando-cai-o-pagamento\/","og_site_name":"Blog Pensar Cursos","article_publisher":"https:\/\/www.facebook.com\/pensarcursos\/","article_published_time":"2025-12-11T20:09:29+00:00","og_image":[{"width":1200,"height":800,"url":"https:\/\/www.pensarcursos.com.br\/blog\/wp-content\/uploads\/2025\/12\/Dinheiro-8.webp","type":"image\/webp"}],"author":"Quezia Andrade","twitter_card":"summary_large_image","twitter_misc":{"Escrito por":"Quezia Andrade","Est. tempo de leitura":"5 minutos"},"schema":{"@context":"https:\/\/schema.org","@graph":[{"@type":["Article","BlogPosting"],"@id":"https:\/\/www.pensarcursos.com.br\/blog\/2a-parcela-do-13o-sera-antecipada-em-2025-veja-o-motivo-e-quando-cai-o-pagamento\/#article","isPartOf":{"@id":"https:\/\/www.pensarcursos.com.br\/blog\/2a-parcela-do-13o-sera-antecipada-em-2025-veja-o-motivo-e-quando-cai-o-pagamento\/"},"author":{"name":"Quezia Andrade","@id":"https:\/\/www.pensarcursos.com.br\/blog\/#\/schema\/person\/28714c166fa847c28e0ba3e4d47c1033"},"headline":"2\u00aa parcela do 13\u00ba ser\u00e1 antecipada em 2025; veja o motivo e quando cai o pagamento","datePublished":"2025-12-11T20:09:29+00:00","mainEntityOfPage":{"@id":"https:\/\/www.pensarcursos.com.br\/blog\/2a-parcela-do-13o-sera-antecipada-em-2025-veja-o-motivo-e-quando-cai-o-pagamento\/"},"wordCount":855,"commentCount":0,"publisher":{"@id":"https:\/\/www.pensarcursos.com.br\/blog\/#organization"},"image":{"@id":"https:\/\/www.pensarcursos.com.br\/blog\/2a-parcela-do-13o-sera-antecipada-em-2025-veja-o-motivo-e-quando-cai-o-pagamento\/#primaryimage"},"thumbnailUrl":"https:\/\/www.pensarcursos.com.br\/blog\/wp-content\/uploads\/2025\/12\/Dinheiro-8.webp","keywords":["CLT","d\u00e9cimo terceiro","Direitos Trabalhistas","pagamento 13 salario","segunda parcela do 13\u00ba"],"articleSection":["Direitos do Trabalhador"],"inLanguage":"pt-BR","potentialAction":[{"@type":"CommentAction","name":"Comment","target":["https:\/\/www.pensarcursos.com.br\/blog\/2a-parcela-do-13o-sera-antecipada-em-2025-veja-o-motivo-e-quando-cai-o-pagamento\/#respond"]}],"copyrightYear":"2025","copyrightHolder":{"@id":"https:\/\/www.pensarcursos.com.br\/blog\/#organization"}},{"@type":"WebPage","@id":"https:\/\/www.pensarcursos.com.br\/blog\/2a-parcela-do-13o-sera-antecipada-em-2025-veja-o-motivo-e-quando-cai-o-pagamento\/","url":"https:\/\/www.pensarcursos.com.br\/blog\/2a-parcela-do-13o-sera-antecipada-em-2025-veja-o-motivo-e-quando-cai-o-pagamento\/","name":"2\u00aa parcela do 13\u00ba ser\u00e1 antecipada em 2025; veja o motivo e quando cai o pagamento - Blog Pensar Cursos","isPartOf":{"@id":"https:\/\/www.pensarcursos.com.br\/blog\/#website"},"primaryImageOfPage":{"@id":"https:\/\/www.pensarcursos.com.br\/blog\/2a-parcela-do-13o-sera-antecipada-em-2025-veja-o-motivo-e-quando-cai-o-pagamento\/#primaryimage"},"image":{"@id":"https:\/\/www.pensarcursos.com.br\/blog\/2a-parcela-do-13o-sera-antecipada-em-2025-veja-o-motivo-e-quando-cai-o-pagamento\/#primaryimage"},"thumbnailUrl":"https:\/\/www.pensarcursos.com.br\/blog\/wp-content\/uploads\/2025\/12\/Dinheiro-8.webp","datePublished":"2025-12-11T20:09:29+00:00","description":"A segunda parcela do 13\u00ba sal\u00e1rio de 2025 ser\u00e1 paga antes do esperado. Entenda o motivo da antecipa\u00e7\u00e3o e saiba como calcular o seu benef\u00edcio.","breadcrumb":{"@id":"https:\/\/www.pensarcursos.com.br\/blog\/2a-parcela-do-13o-sera-antecipada-em-2025-veja-o-motivo-e-quando-cai-o-pagamento\/#breadcrumb"},"inLanguage":"pt-BR","potentialAction":[{"@type":"ReadAction","target":["https:\/\/www.pensarcursos.com.br\/blog\/2a-parcela-do-13o-sera-antecipada-em-2025-veja-o-motivo-e-quando-cai-o-pagamento\/"]}]},{"@type":"ImageObject","inLanguage":"pt-BR","@id":"https:\/\/www.pensarcursos.com.br\/blog\/2a-parcela-do-13o-sera-antecipada-em-2025-veja-o-motivo-e-quando-cai-o-pagamento\/#primaryimage","url":"https:\/\/www.pensarcursos.com.br\/blog\/wp-content\/uploads\/2025\/12\/Dinheiro-8.webp","contentUrl":"https:\/\/www.pensarcursos.com.br\/blog\/wp-content\/uploads\/2025\/12\/Dinheiro-8.webp","width":1200,"height":800,"caption":"Antecipa\u00e7\u00e3o da 2\u00aa parcela do 13\u00ba sal\u00e1rio. Veja quando o valor ser\u00e1 pago. Imagem: Pensar Cursos"},{"@type":"BreadcrumbList","@id":"https:\/\/www.pensarcursos.com.br\/blog\/2a-parcela-do-13o-sera-antecipada-em-2025-veja-o-motivo-e-quando-cai-o-pagamento\/#breadcrumb","itemListElement":[{"@type":"ListItem","position":1,"name":"Home","item":"https:\/\/www.pensarcursos.com.br\/blog\/"},{"@type":"ListItem","position":2,"name":"2\u00aa parcela do 13\u00ba ser\u00e1 antecipada em 2025; veja o motivo e quando cai o pagamento"}]},{"@type":"WebSite","@id":"https:\/\/www.pensarcursos.com.br\/blog\/#website","url":"https:\/\/www.pensarcursos.com.br\/blog\/","name":"Blog Pensar Cursos","description":"Maior Site de Cursos do Brasil","publisher":{"@id":"https:\/\/www.pensarcursos.com.br\/blog\/#organization"},"alternateName":"Blog Pensar","potentialAction":[{"@type":"SearchAction","target":{"@type":"EntryPoint","urlTemplate":"https:\/\/www.pensarcursos.com.br\/blog\/?s={search_term_string}"},"query-input":{"@type":"PropertyValueSpecification","valueRequired":true,"valueName":"search_term_string"}}],"inLanguage":"pt-BR"},{"@type":"Organization","@id":"https:\/\/www.pensarcursos.com.br\/blog\/#organization","name":"Pensar Cursos","alternateName":"Blog pensar","url":"https:\/\/www.pensarcursos.com.br\/blog\/","logo":{"@type":"ImageObject","inLanguage":"pt-BR","@id":"https:\/\/www.pensarcursos.com.br\/blog\/#\/schema\/logo\/image\/","url":"https:\/\/www.pensarcursos.com.br\/blog\/wp-content\/uploads\/2023\/11\/Nova-Logo-Pensar-Cursos-vertical.png","contentUrl":"https:\/\/www.pensarcursos.com.br\/blog\/wp-content\/uploads\/2023\/11\/Nova-Logo-Pensar-Cursos-vertical.png","width":1393,"height":1001,"caption":"Pensar Cursos"},"image":{"@id":"https:\/\/www.pensarcursos.com.br\/blog\/#\/schema\/logo\/image\/"},"sameAs":["https:\/\/www.facebook.com\/pensarcursos\/","https:\/\/instagram.com.br\/pensarcursos"],"description":"Pensar Cursos \u00e9 uma empresa especializada em oferecer cursos de alta qualidade voltados para o desenvolvimento profissional e acad\u00eamico. Com uma ampla gama de op\u00e7\u00f5es de treinamento, oferecemos conte\u00fados atualizados, ministrados por especialistas da \u00e1rea, para capacitar indiv\u00edduos e equipes a atingirem seus objetivos. Nossa miss\u00e3o \u00e9 proporcionar uma educa\u00e7\u00e3o transformadora, acess\u00edvel e personalizada para cada aluno, seja em cursos presenciais ou online. Com uma abordagem inovadora, buscamos adaptar os nossos programas de ensino \u00e0s necessidades do mercado, criando solu\u00e7\u00f5es que atendem aos desafios e exig\u00eancias do mundo corporativo e acad\u00eamico. Nossos cursos incluem desde forma\u00e7\u00f5es t\u00e9cnicas at\u00e9 habilidades essenciais, como lideran\u00e7a, gest\u00e3o e desenvolvimento pessoal.","email":"contato@pensarcursos.com.br","legalName":"Sena Servi\u00e7os de Informa\u00e7\u00e3o Online LTDA","foundingDate":"2013-04-18","vatID":"17956217000172","numberOfEmployees":{"@type":"QuantitativeValue","minValue":"11","maxValue":"50"},"publishingPrinciples":"https:\/\/www.pensarcursos.com.br\/blog\/principios-de-publicacao\/","ownershipFundingInfo":"https:\/\/www.pensarcursos.com.br\/blog\/informacoes-de-propriedade-financiamento\/","actionableFeedbackPolicy":"https:\/\/www.pensarcursos.com.br\/blog\/politica-de-feedback-acionavel\/","correctionsPolicy":"https:\/\/www.pensarcursos.com.br\/blog\/politica-de-correcoes\/","ethicsPolicy":"https:\/\/www.pensarcursos.com.br\/blog\/politica-de-etica\/"},{"@type":"Person","@id":"https:\/\/www.pensarcursos.com.br\/blog\/#\/schema\/person\/28714c166fa847c28e0ba3e4d47c1033","name":"Quezia Andrade","image":{"@type":"ImageObject","inLanguage":"pt-BR","@id":"https:\/\/secure.gravatar.com\/avatar\/ca40343eca0c667f062032144581527936aae03191aca76e9d4c4de5a5c7cd14?s=96&d=mm&r=g","url":"https:\/\/secure.gravatar.com\/avatar\/ca40343eca0c667f062032144581527936aae03191aca76e9d4c4de5a5c7cd14?s=96&d=mm&r=g","contentUrl":"https:\/\/secure.gravatar.com\/avatar\/ca40343eca0c667f062032144581527936aae03191aca76e9d4c4de5a5c7cd14?s=96&d=mm&r=g","caption":"Quezia Andrade"},"description":"Biom\u00e9dica CRBM2 n\u00ba 17394. Redatora do grupo Sena Online.","sameAs":["https:\/\/www.instagram.com\/_quezia_b?igsh=cWF2dDNxbXd6ejF4&utm_source=qr","https:\/\/www.linkedin.com\/in\/quzia-borges-andrade-907778266?utm_source=share&utm_campaign=share_via&utm_content=profile&utm_medium=ios_app"],"url":"https:\/\/www.pensarcursos.com.br\/blog\/author\/quezia\/"}]}},"_links":{"self":[{"href":"https:\/\/www.pensarcursos.com.br\/blog\/wp-json\/wp\/v2\/posts\/135473","targetHints":{"allow":["GET"]}}],"collection":[{"href":"https:\/\/www.pensarcursos.com.br\/blog\/wp-json\/wp\/v2\/posts"}],"about":[{"href":"https:\/\/www.pensarcursos.com.br\/blog\/wp-json\/wp\/v2\/types\/post"}],"author":[{"embeddable":true,"href":"https:\/\/www.pensarcursos.com.br\/blog\/wp-json\/wp\/v2\/users\/54"}],"replies":[{"embeddable":true,"href":"https:\/\/www.pensarcursos.com.br\/blog\/wp-json\/wp\/v2\/comments?post=135473"}],"version-history":[{"count":0,"href":"https:\/\/www.pensarcursos.com.br\/blog\/wp-json\/wp\/v2\/posts\/135473\/revisions"}],"wp:featuredmedia":[{"embeddable":true,"href":"https:\/\/www.pensarcursos.com.br\/blog\/wp-json\/wp\/v2\/media\/135497"}],"wp:attachment":[{"href":"https:\/\/www.pensarcursos.com.br\/blog\/wp-json\/wp\/v2\/media?parent=135473"}],"wp:term":[{"taxonomy":"category","embeddable":true,"href":"https:\/\/www.pensarcursos.com.br\/blog\/wp-json\/wp\/v2\/categories?post=135473"},{"taxonomy":"post_tag","embeddable":true,"href":"https:\/\/www.pensarcursos.com.br\/blog\/wp-json\/wp\/v2\/tags?post=135473"}],"curies":[{"name":"wp","href":"https:\/\/api.w.org\/{rel}","templated":true}]}}