{"id":135461,"date":"2025-12-11T09:03:28","date_gmt":"2025-12-11T12:03:28","guid":{"rendered":"https:\/\/www.pensarcursos.com.br\/blog\/?p=135461"},"modified":"2025-12-11T09:03:28","modified_gmt":"2025-12-11T12:03:28","slug":"ate-2030-digitalizacao-e-automacao-vao-transformar-o-mercado-de-trabalho-veja-o-que-esperar","status":"publish","type":"post","link":"https:\/\/www.pensarcursos.com.br\/blog\/ate-2030-digitalizacao-e-automacao-vao-transformar-o-mercado-de-trabalho-veja-o-que-esperar\/","title":{"rendered":"At\u00e9 2030, digitaliza\u00e7\u00e3o e automa\u00e7\u00e3o v\u00e3o transformar o mercado de trabalho; veja o que esperar"},"content":{"rendered":"<p>O mercado de trabalho at\u00e9 2030 enfrenta transforma\u00e7\u00f5es profundas causadas por fatores econ\u00f4micos, tecnol\u00f3gicos e sociais. Segundo o <a href=\"https:\/\/www.weforum.org\/publications\/the-future-of-jobs-report-2025\/\" target=\"_blank\" rel=\"noopener\">Future of Jobs Report 2025<\/a>, cerca de 8% dos empregos atuais, o equivalente a 92 milh\u00f5es de postos, podem ser substitu\u00eddos ou deixar de existir nos pr\u00f3ximos anos.<\/p>\n<p>Por outro lado, novas \u00e1reas ganham for\u00e7a e ampliam a demanda por profissionais qualificados. Esse cen\u00e1rio exige aten\u00e7\u00e3o de empresas e trabalhadores que desejam se adaptar \u00e0s mudan\u00e7as que j\u00e1 est\u00e3o em curso.<\/p>\n<h3>O que \u00e9 demanda de trabalho e sua rela\u00e7\u00e3o com o mercado at\u00e9 2030<\/h3>\n<p>A demanda de <a href=\"https:\/\/www.pensarcursos.com.br\/blog\/voltando-a-ativa-10-melhores-opcoes-de-trabalho-para-aposentados\/\" target=\"_blank\" rel=\"noopener\">trabalho<\/a> representa a quantidade de profissionais que empresas precisam contratar para manter suas opera\u00e7\u00f5es funcionando de forma eficiente. Esse indicador varia conforme o setor econ\u00f4mico, a \u00e9poca do ano, o desempenho da economia, os avan\u00e7os tecnol\u00f3gicos e o comportamento dos consumidores.<\/p>\n<p>Apenas no primeiro trimestre de 2025, o Brasil gerou quase 700 mil empregos. Esse dado mostra como a demanda oscila conforme as condi\u00e7\u00f5es do mercado e os ciclos econ\u00f4micos. Compreender essa din\u00e2mica ajuda a identificar as profiss\u00f5es em alta que podem se consolidar at\u00e9 2030.<\/p>\n<h3>Fatores que interferem na demanda de trabalho at\u00e9 2030<\/h3>\n<p>Diversos elementos influenciam o n\u00famero de profissionais que as empresas precisam contratar. Entre os principais fatores est\u00e3o:<\/p>\n<ul>\n<li><strong>Atividade econ\u00f4mica:<\/strong> crescimento estimula contrata\u00e7\u00f5es, enquanto recess\u00e3o reduz a procura por m\u00e3o de obra.<\/li>\n<li><strong>Tecnologia:<\/strong> automa\u00e7\u00e3o, intelig\u00eancia artificial e digitaliza\u00e7\u00e3o podem diminuir ou aumentar a demanda, dependendo do setor.<\/li>\n<li><strong>Pol\u00edticas governamentais:<\/strong> regulamenta\u00e7\u00f5es, incentivos fiscais e programas de qualifica\u00e7\u00e3o alteram a din\u00e2mica de contrata\u00e7\u00f5es.<\/li>\n<li><strong>Prefer\u00eancias dos consumidores:<\/strong> mudan\u00e7as nos h\u00e1bitos de consumo direcionam o crescimento de determinados segmentos.<\/li>\n<li><strong>Fatores demogr\u00e1ficos:<\/strong> envelhecimento da popula\u00e7\u00e3o e movimentos migrat\u00f3rios impactam a composi\u00e7\u00e3o da for\u00e7a de trabalho.<\/li>\n<\/ul>\n<p>Essas vari\u00e1veis definem o comportamento do mercado de trabalho at\u00e9 2030 e ajudam a identificar setores com maior potencial.<\/p>\n<figure id=\"attachment_135467\" aria-describedby=\"caption-attachment-135467\" style=\"width: 900px\" class=\"wp-caption aligncenter\"><img decoding=\"async\" class=\"wp-image-135467 size-full\" title=\"Analista trabalhando com automa\u00e7\u00e3o e dados.\" src=\"https:\/\/www.pensarcursos.com.br\/blog\/wp-content\/uploads\/2025\/12\/programando-phyton.webp\" alt=\"Profissional analisando dados e programando em m\u00faltiplas telas em ambiente de trabalho tecnol\u00f3gico.\" width=\"900\" height=\"600\" srcset=\"https:\/\/www.pensarcursos.com.br\/blog\/wp-content\/uploads\/2025\/12\/programando-phyton.webp 900w, https:\/\/www.pensarcursos.com.br\/blog\/wp-content\/uploads\/2025\/12\/programando-phyton-300x200.webp 300w, https:\/\/www.pensarcursos.com.br\/blog\/wp-content\/uploads\/2025\/12\/programando-phyton-768x512.webp 768w, https:\/\/www.pensarcursos.com.br\/blog\/wp-content\/uploads\/2025\/12\/programando-phyton-750x500.webp 750w\" sizes=\"(max-width: 900px) 100vw, 900px\" \/><figcaption id=\"caption-attachment-135467\" class=\"wp-caption-text\">Tend\u00eancias apontam para um cen\u00e1rio de mais produtividade, novas habilidades e maior competi\u00e7\u00e3o no mercado. Imagem: Delaware.<\/figcaption><\/figure>\n<h2>Impactos da tecnologia e intelig\u00eancia artificial no mercado de trabalho<\/h2>\n<p>A tecnologia, a automa\u00e7\u00e3o e a <a href=\"https:\/\/www.pensarcursos.com.br\/blog\/profissoes-que-a-inteligencia-artificial-impulsiona-e-nao-exclui\/\" target=\"_blank\" rel=\"noopener\">intelig\u00eancia artificial<\/a> exercem influ\u00eancia direta sobre a demanda por trabalhadores. Os efeitos podem ser positivos ou negativos, variando conforme o setor e a forma de implementa\u00e7\u00e3o das solu\u00e7\u00f5es.<\/p>\n<h3>Redu\u00e7\u00e3o de demanda<\/h3>\n<p>M\u00e1quinas e sistemas podem substituir atividades repetitivas e operacionais, especialmente em linhas de produ\u00e7\u00e3o industrial.<\/p>\n<h3>Cria\u00e7\u00e3o de novas fun\u00e7\u00f5es<\/h3>\n<p>Surgem oportunidades em \u00e1reas como desenvolvimento de sistemas, manuten\u00e7\u00e3o tecnol\u00f3gica, rob\u00f3tica, programa\u00e7\u00e3o e ciberseguran\u00e7a.<\/p>\n<p>A evolu\u00e7\u00e3o tecnol\u00f3gica \u00e9 um dos principais elementos que definir\u00e3o o mercado de trabalho at\u00e9 2030 e as profiss\u00f5es com maior destaque.<\/p>\n<h2>Setores com maior demanda de profissionais no Brasil<\/h2>\n<p>Os setores com maior procura por m\u00e3o de obra incluem:<\/p>\n<ul>\n<li><strong>Tecnologia da Informa\u00e7\u00e3o:<\/strong> alta demanda por desenvolvedores, analistas de dados e profissionais de ciberseguran\u00e7a.<\/li>\n<li><strong>Sa\u00fade:<\/strong> crescimento impulsionado pelo envelhecimento populacional e crises sanit\u00e1rias.<\/li>\n<li><strong>Constru\u00e7\u00e3o e infraestrutura:<\/strong> procura por engenheiros, t\u00e9cnicos e oper\u00e1rios especializados.<\/li>\n<li><strong>Servi\u00e7os profissionais e administrativos:<\/strong> oportunidades em \u00e1reas como contabilidade e gest\u00e3o.<\/li>\n<li><strong>Agroneg\u00f3cio e ind\u00fastria:<\/strong> demanda por operadores e profissionais de manuten\u00e7\u00e3o.<\/li>\n<li><strong>Energia e sustentabilidade:<\/strong> atua\u00e7\u00e3o ligada a energias renov\u00e1veis e economia verde.<\/li>\n<\/ul>\n<h2>Profiss\u00f5es em alta segundo o Mapa do Trabalho Industrial 2025\u20132027<\/h2>\n<p>O estudo aponta \u00e1reas com maior necessidade futura de trabalhadores:<\/p>\n<ul>\n<li>Log\u00edstica e transporte: 8.178.599 vagas<\/li>\n<li>Constru\u00e7\u00e3o: 4.449.988 vagas<\/li>\n<li>Opera\u00e7\u00e3o industrial: 3.512.523 vagas<\/li>\n<li>Metalmec\u00e2nica: 3.280.012 vagas<\/li>\n<li>Manuten\u00e7\u00e3o e repara\u00e7\u00e3o: 2.804.128 vagas<\/li>\n<li>Alimentos e bebidas: 2.049.961 vagas<\/li>\n<li>Tecnologia da Informa\u00e7\u00e3o: 1.944.108 vagas<\/li>\n<li>Tecnologia e engenharia: 1.818.872 vagas<\/li>\n<\/ul>\n<p>Esses n\u00fameros projetam tend\u00eancias do mercado de trabalho at\u00e9 2030 e indicam quais profiss\u00f5es podem ganhar protagonismo.<\/p>\n<h2>Habilidades mais valorizadas no mercado de trabalho at\u00e9 2030<\/h2>\n<p>A demanda por habilidades digitais cresce de forma acelerada. Entre as mais requisitadas est\u00e3o programa\u00e7\u00e3o, an\u00e1lise de dados e ciberseguran\u00e7a.<\/p>\n<p>Al\u00e9m disso, compet\u00eancias socioemocionais ganham relev\u00e2ncia. Pensamento cr\u00edtico, criatividade, aprendizado cont\u00ednuo e comunica\u00e7\u00e3o s\u00e3o diferenciais para quem deseja se posicionar melhor entre as profiss\u00f5es em alta.<\/p>\n<h2>Como empresas podem se preparar para as mudan\u00e7as<\/h2>\n<p>Organiza\u00e7\u00f5es que desejam acompanhar as transforma\u00e7\u00f5es podem adotar estrat\u00e9gias como:<\/p>\n<ul>\n<li>Programas internos de capacita\u00e7\u00e3o<\/li>\n<li>Parcerias com institui\u00e7\u00f5es de ensino<\/li>\n<li>Processos de recrutamento mais \u00e1geis<\/li>\n<li>Contrata\u00e7\u00f5es tempor\u00e1rias ou especializadas<\/li>\n<\/ul>\n<p>Essas iniciativas ajudam a atender \u00e0s demandas das profiss\u00f5es em alta e manter competitividade no mercado.<\/p>\n<h2>Pol\u00edticas p\u00fablicas e a cria\u00e7\u00e3o de vagas<\/h2>\n<p>As pol\u00edticas p\u00fablicas exercem impacto direto sobre a gera\u00e7\u00e3o de empregos. Incentivos econ\u00f4micos como redu\u00e7\u00e3o de impostos, subs\u00eddios e linhas de cr\u00e9dito estimulam empresas a expandir atividades.<\/p>\n<p>O investimento em infraestrutura, tecnologia e educa\u00e7\u00e3o tamb\u00e9m contribui para o surgimento de novos setores e oportunidades. Esse conjunto de a\u00e7\u00f5es afeta a evolu\u00e7\u00e3o do mercado de trabalho at\u00e9 2030.<\/p>\n<h2>Reflex\u00e3o sobre o futuro do trabalho<\/h2>\n<p>As transforma\u00e7\u00f5es tecnol\u00f3gicas, sociais e econ\u00f4micas em curso exigem aten\u00e7\u00e3o constante. O investimento em qualifica\u00e7\u00e3o, a antecipa\u00e7\u00e3o das habilidades exigidas e a ado\u00e7\u00e3o de estrat\u00e9gias flex\u00edveis s\u00e3o elementos centrais para enfrentar mudan\u00e7as estruturais.<\/p>\n<p>Para quem busca qualifica\u00e7\u00e3o alinhada \u00e0s tend\u00eancias, o <a href=\"https:\/\/www.pensarcursos.com.br\/\" target=\"_blank\" rel=\"noopener\"><strong>Pensar Cursos<\/strong><\/a> dizponibiliza cursos de forma\u00e7\u00e3o voltados para \u00e1reas em expans\u00e3o.<\/p>\n","protected":false},"excerpt":{"rendered":"<p>O mercado de trabalho at\u00e9 2030 enfrenta transforma\u00e7\u00f5es profundas causadas por fatores econ\u00f4micos, tecnol\u00f3gicos e sociais. Segundo o Future of Jobs Report 2025, cerca de 8% dos empregos atuais, o equivalente a 92 milh\u00f5es de postos, podem ser substitu\u00eddos ou deixar de existir nos pr\u00f3ximos anos. Por outro lado, novas \u00e1reas ganham for\u00e7a e ampliam [&hellip;]<\/p>\n","protected":false},"author":56,"featured_media":135470,"comment_status":"open","ping_status":"closed","sticky":false,"template":"","format":"standard","meta":{"jnews-multi-image_gallery":[],"jnews_single_post":{"subtitle":"Profiss\u00f5es em alta e habilidades do futuro: o que muda at\u00e9 2030","format":"standard","override":[{"template":"1","parallax":"1","fullscreen":"1","layout":"right-sidebar","sidebar":"default-sidebar","second_sidebar":"default-sidebar","sticky_sidebar":"1","share_position":"topbottom","share_float_style":"share-monocrhome","show_featured":"1","show_post_meta":"1","show_post_author":"1","show_post_author_image":"1","show_post_date":"1","post_date_format":"default","post_date_format_custom":"Y\/m\/d","show_post_category":"1","post_reading_time_wpm":"300","post_calculate_word_method":"str_word_count","show_zoom_button":"0","zoom_button_out_step":"2","zoom_button_in_step":"3","show_post_tag":"1","show_prev_next_post":"1","show_popup_post":"1","show_comment_section":"1","number_popup_post":"2","show_author_box":"1","show_post_related":"1","show_inline_post_related":"1"}],"image_override":[{"single_post_thumbnail_size":"crop-500","single_post_gallery_size":"crop-500"}],"trending_post_position":"meta","trending_post_label":"Trending","sponsored_post_label":"Sponsored by","disable_ad":"0"},"jnews_primary_category":[],"jnews_social_meta":[],"jnews_override_counter":{"view_counter_number":"0","share_counter_number":"0","like_counter_number":"0","dislike_counter_number":"0"},"footnotes":""},"categories":[13725],"tags":[36172,33098,877,33242,389],"class_list":["post-135461","post","type-post","status-publish","format-standard","has-post-thumbnail","hentry","category-profissoes","tag-automacao-e-emprego","tag-habilidades-profissionais","tag-inteligencia-artificial","tag-mercado-de-trabalho-2030","tag-profissoes-do-futuro"],"yoast_head":"<!-- This site is optimized with the Yoast SEO Premium plugin v27.4 (Yoast SEO v27.4) - https:\/\/yoast.com\/product\/yoast-seo-premium-wordpress\/ -->\n<title>At\u00e9 2030, digitaliza\u00e7\u00e3o e automa\u00e7\u00e3o v\u00e3o transformar o mercado de trabalho; veja o que esperar - Blog Pensar Cursos<\/title>\n<meta name=\"description\" content=\"Descubra como digitaliza\u00e7\u00e3o e automa\u00e7\u00e3o v\u00e3o transformar o mercado de trabalho at\u00e9 2030. Veja profiss\u00f5es em alta e prepare-se agora!\" \/>\n<meta name=\"robots\" content=\"index, follow, max-snippet:-1, max-image-preview:large, max-video-preview:-1\" \/>\n<link rel=\"canonical\" href=\"https:\/\/www.pensarcursos.com.br\/blog\/ate-2030-digitalizacao-e-automacao-vao-transformar-o-mercado-de-trabalho-veja-o-que-esperar\/\" \/>\n<meta property=\"og:locale\" content=\"pt_BR\" \/>\n<meta property=\"og:type\" content=\"article\" \/>\n<meta property=\"og:title\" content=\"At\u00e9 2030, digitaliza\u00e7\u00e3o e automa\u00e7\u00e3o v\u00e3o transformar o mercado de trabalho; veja o que esperar\" \/>\n<meta property=\"og:description\" content=\"Descubra como digitaliza\u00e7\u00e3o e automa\u00e7\u00e3o v\u00e3o transformar o mercado de trabalho at\u00e9 2030. Veja profiss\u00f5es em alta e prepare-se agora!\" \/>\n<meta property=\"og:url\" content=\"https:\/\/www.pensarcursos.com.br\/blog\/ate-2030-digitalizacao-e-automacao-vao-transformar-o-mercado-de-trabalho-veja-o-que-esperar\/\" \/>\n<meta property=\"og:site_name\" content=\"Blog Pensar Cursos\" \/>\n<meta property=\"article:publisher\" content=\"https:\/\/www.facebook.com\/pensarcursos\/\" \/>\n<meta property=\"article:published_time\" content=\"2025-12-11T12:03:28+00:00\" \/>\n<meta property=\"og:image\" content=\"https:\/\/www.pensarcursos.com.br\/blog\/wp-content\/uploads\/2025\/12\/professional-industrial-attire-analyzing-futuristic-schematics-technology-night_1310542-1273.jpg\" \/>\n\t<meta property=\"og:image:width\" content=\"1423\" \/>\n\t<meta property=\"og:image:height\" content=\"800\" \/>\n\t<meta property=\"og:image:type\" content=\"image\/jpeg\" \/>\n<meta name=\"author\" content=\"Yasmin Santos\" \/>\n<meta name=\"twitter:card\" content=\"summary_large_image\" \/>\n<meta name=\"twitter:label1\" content=\"Escrito por\" \/>\n\t<meta name=\"twitter:data1\" content=\"Yasmin Santos\" \/>\n\t<meta name=\"twitter:label2\" content=\"Est. tempo de leitura\" \/>\n\t<meta name=\"twitter:data2\" content=\"5 minutos\" \/>\n<!-- \/ Yoast SEO Premium plugin. -->","yoast_head_json":{"title":"At\u00e9 2030, digitaliza\u00e7\u00e3o e automa\u00e7\u00e3o v\u00e3o transformar o mercado de trabalho; veja o que esperar - Blog Pensar Cursos","description":"Descubra como digitaliza\u00e7\u00e3o e automa\u00e7\u00e3o v\u00e3o transformar o mercado de trabalho at\u00e9 2030. Veja profiss\u00f5es em alta e prepare-se agora!","robots":{"index":"index","follow":"follow","max-snippet":"max-snippet:-1","max-image-preview":"max-image-preview:large","max-video-preview":"max-video-preview:-1"},"canonical":"https:\/\/www.pensarcursos.com.br\/blog\/ate-2030-digitalizacao-e-automacao-vao-transformar-o-mercado-de-trabalho-veja-o-que-esperar\/","og_locale":"pt_BR","og_type":"article","og_title":"At\u00e9 2030, digitaliza\u00e7\u00e3o e automa\u00e7\u00e3o v\u00e3o transformar o mercado de trabalho; veja o que esperar","og_description":"Descubra como digitaliza\u00e7\u00e3o e automa\u00e7\u00e3o v\u00e3o transformar o mercado de trabalho at\u00e9 2030. Veja profiss\u00f5es em alta e prepare-se agora!","og_url":"https:\/\/www.pensarcursos.com.br\/blog\/ate-2030-digitalizacao-e-automacao-vao-transformar-o-mercado-de-trabalho-veja-o-que-esperar\/","og_site_name":"Blog Pensar Cursos","article_publisher":"https:\/\/www.facebook.com\/pensarcursos\/","article_published_time":"2025-12-11T12:03:28+00:00","og_image":[{"width":1423,"height":800,"url":"https:\/\/www.pensarcursos.com.br\/blog\/wp-content\/uploads\/2025\/12\/professional-industrial-attire-analyzing-futuristic-schematics-technology-night_1310542-1273.jpg","type":"image\/jpeg"}],"author":"Yasmin Santos","twitter_card":"summary_large_image","twitter_misc":{"Escrito por":"Yasmin Santos","Est. tempo de leitura":"5 minutos"},"schema":{"@context":"https:\/\/schema.org","@graph":[{"@type":["Article","BlogPosting"],"@id":"https:\/\/www.pensarcursos.com.br\/blog\/ate-2030-digitalizacao-e-automacao-vao-transformar-o-mercado-de-trabalho-veja-o-que-esperar\/#article","isPartOf":{"@id":"https:\/\/www.pensarcursos.com.br\/blog\/ate-2030-digitalizacao-e-automacao-vao-transformar-o-mercado-de-trabalho-veja-o-que-esperar\/"},"author":{"name":"Yasmin Santos","@id":"https:\/\/www.pensarcursos.com.br\/blog\/#\/schema\/person\/2700c09d818d989d5d4fff5f50d4b755"},"headline":"At\u00e9 2030, digitaliza\u00e7\u00e3o e automa\u00e7\u00e3o v\u00e3o transformar o mercado de trabalho; veja o que esperar","datePublished":"2025-12-11T12:03:28+00:00","mainEntityOfPage":{"@id":"https:\/\/www.pensarcursos.com.br\/blog\/ate-2030-digitalizacao-e-automacao-vao-transformar-o-mercado-de-trabalho-veja-o-que-esperar\/"},"wordCount":944,"commentCount":0,"publisher":{"@id":"https:\/\/www.pensarcursos.com.br\/blog\/#organization"},"image":{"@id":"https:\/\/www.pensarcursos.com.br\/blog\/ate-2030-digitalizacao-e-automacao-vao-transformar-o-mercado-de-trabalho-veja-o-que-esperar\/#primaryimage"},"thumbnailUrl":"https:\/\/www.pensarcursos.com.br\/blog\/wp-content\/uploads\/2025\/12\/professional-industrial-attire-analyzing-futuristic-schematics-technology-night_1310542-1273.jpg","keywords":["automa\u00e7\u00e3o e emprego","habilidades profissionais","Intelig\u00eancia Artificial","mercado de trabalho 2030","Profiss\u00f5es do Futuro"],"articleSection":["Profiss\u00f5es"],"inLanguage":"pt-BR","potentialAction":[{"@type":"CommentAction","name":"Comment","target":["https:\/\/www.pensarcursos.com.br\/blog\/ate-2030-digitalizacao-e-automacao-vao-transformar-o-mercado-de-trabalho-veja-o-que-esperar\/#respond"]}],"copyrightYear":"2025","copyrightHolder":{"@id":"https:\/\/www.pensarcursos.com.br\/blog\/#organization"}},{"@type":"WebPage","@id":"https:\/\/www.pensarcursos.com.br\/blog\/ate-2030-digitalizacao-e-automacao-vao-transformar-o-mercado-de-trabalho-veja-o-que-esperar\/","url":"https:\/\/www.pensarcursos.com.br\/blog\/ate-2030-digitalizacao-e-automacao-vao-transformar-o-mercado-de-trabalho-veja-o-que-esperar\/","name":"At\u00e9 2030, digitaliza\u00e7\u00e3o e automa\u00e7\u00e3o v\u00e3o transformar o mercado de trabalho; veja o que esperar - Blog Pensar Cursos","isPartOf":{"@id":"https:\/\/www.pensarcursos.com.br\/blog\/#website"},"primaryImageOfPage":{"@id":"https:\/\/www.pensarcursos.com.br\/blog\/ate-2030-digitalizacao-e-automacao-vao-transformar-o-mercado-de-trabalho-veja-o-que-esperar\/#primaryimage"},"image":{"@id":"https:\/\/www.pensarcursos.com.br\/blog\/ate-2030-digitalizacao-e-automacao-vao-transformar-o-mercado-de-trabalho-veja-o-que-esperar\/#primaryimage"},"thumbnailUrl":"https:\/\/www.pensarcursos.com.br\/blog\/wp-content\/uploads\/2025\/12\/professional-industrial-attire-analyzing-futuristic-schematics-technology-night_1310542-1273.jpg","datePublished":"2025-12-11T12:03:28+00:00","description":"Descubra como digitaliza\u00e7\u00e3o e automa\u00e7\u00e3o v\u00e3o transformar o mercado de trabalho at\u00e9 2030. Veja profiss\u00f5es em alta e prepare-se agora!","breadcrumb":{"@id":"https:\/\/www.pensarcursos.com.br\/blog\/ate-2030-digitalizacao-e-automacao-vao-transformar-o-mercado-de-trabalho-veja-o-que-esperar\/#breadcrumb"},"inLanguage":"pt-BR","potentialAction":[{"@type":"ReadAction","target":["https:\/\/www.pensarcursos.com.br\/blog\/ate-2030-digitalizacao-e-automacao-vao-transformar-o-mercado-de-trabalho-veja-o-que-esperar\/"]}]},{"@type":"ImageObject","inLanguage":"pt-BR","@id":"https:\/\/www.pensarcursos.com.br\/blog\/ate-2030-digitalizacao-e-automacao-vao-transformar-o-mercado-de-trabalho-veja-o-que-esperar\/#primaryimage","url":"https:\/\/www.pensarcursos.com.br\/blog\/wp-content\/uploads\/2025\/12\/professional-industrial-attire-analyzing-futuristic-schematics-technology-night_1310542-1273.jpg","contentUrl":"https:\/\/www.pensarcursos.com.br\/blog\/wp-content\/uploads\/2025\/12\/professional-industrial-attire-analyzing-futuristic-schematics-technology-night_1310542-1273.jpg","width":1423,"height":800,"caption":"Transforma\u00e7\u00e3o digital acelera a demanda por novas habilidades e redefine carreiras at\u00e9 2030. Imagem: Freepik."},{"@type":"BreadcrumbList","@id":"https:\/\/www.pensarcursos.com.br\/blog\/ate-2030-digitalizacao-e-automacao-vao-transformar-o-mercado-de-trabalho-veja-o-que-esperar\/#breadcrumb","itemListElement":[{"@type":"ListItem","position":1,"name":"Home","item":"https:\/\/www.pensarcursos.com.br\/blog\/"},{"@type":"ListItem","position":2,"name":"At\u00e9 2030, digitaliza\u00e7\u00e3o e automa\u00e7\u00e3o v\u00e3o transformar o mercado de trabalho; veja o que esperar"}]},{"@type":"WebSite","@id":"https:\/\/www.pensarcursos.com.br\/blog\/#website","url":"https:\/\/www.pensarcursos.com.br\/blog\/","name":"Blog Pensar Cursos","description":"Maior Site de Cursos do Brasil","publisher":{"@id":"https:\/\/www.pensarcursos.com.br\/blog\/#organization"},"alternateName":"Blog Pensar","potentialAction":[{"@type":"SearchAction","target":{"@type":"EntryPoint","urlTemplate":"https:\/\/www.pensarcursos.com.br\/blog\/?s={search_term_string}"},"query-input":{"@type":"PropertyValueSpecification","valueRequired":true,"valueName":"search_term_string"}}],"inLanguage":"pt-BR"},{"@type":"Organization","@id":"https:\/\/www.pensarcursos.com.br\/blog\/#organization","name":"Pensar Cursos","alternateName":"Blog pensar","url":"https:\/\/www.pensarcursos.com.br\/blog\/","logo":{"@type":"ImageObject","inLanguage":"pt-BR","@id":"https:\/\/www.pensarcursos.com.br\/blog\/#\/schema\/logo\/image\/","url":"https:\/\/www.pensarcursos.com.br\/blog\/wp-content\/uploads\/2023\/11\/Nova-Logo-Pensar-Cursos-vertical.png","contentUrl":"https:\/\/www.pensarcursos.com.br\/blog\/wp-content\/uploads\/2023\/11\/Nova-Logo-Pensar-Cursos-vertical.png","width":1393,"height":1001,"caption":"Pensar Cursos"},"image":{"@id":"https:\/\/www.pensarcursos.com.br\/blog\/#\/schema\/logo\/image\/"},"sameAs":["https:\/\/www.facebook.com\/pensarcursos\/","https:\/\/instagram.com.br\/pensarcursos"],"description":"Pensar Cursos \u00e9 uma empresa especializada em oferecer cursos de alta qualidade voltados para o desenvolvimento profissional e acad\u00eamico. Com uma ampla gama de op\u00e7\u00f5es de treinamento, oferecemos conte\u00fados atualizados, ministrados por especialistas da \u00e1rea, para capacitar indiv\u00edduos e equipes a atingirem seus objetivos. Nossa miss\u00e3o \u00e9 proporcionar uma educa\u00e7\u00e3o transformadora, acess\u00edvel e personalizada para cada aluno, seja em cursos presenciais ou online. Com uma abordagem inovadora, buscamos adaptar os nossos programas de ensino \u00e0s necessidades do mercado, criando solu\u00e7\u00f5es que atendem aos desafios e exig\u00eancias do mundo corporativo e acad\u00eamico. Nossos cursos incluem desde forma\u00e7\u00f5es t\u00e9cnicas at\u00e9 habilidades essenciais, como lideran\u00e7a, gest\u00e3o e desenvolvimento pessoal.","email":"contato@pensarcursos.com.br","legalName":"Sena Servi\u00e7os de Informa\u00e7\u00e3o Online LTDA","foundingDate":"2013-04-18","vatID":"17956217000172","numberOfEmployees":{"@type":"QuantitativeValue","minValue":"11","maxValue":"50"},"publishingPrinciples":"https:\/\/www.pensarcursos.com.br\/blog\/principios-de-publicacao\/","ownershipFundingInfo":"https:\/\/www.pensarcursos.com.br\/blog\/informacoes-de-propriedade-financiamento\/","actionableFeedbackPolicy":"https:\/\/www.pensarcursos.com.br\/blog\/politica-de-feedback-acionavel\/","correctionsPolicy":"https:\/\/www.pensarcursos.com.br\/blog\/politica-de-correcoes\/","ethicsPolicy":"https:\/\/www.pensarcursos.com.br\/blog\/politica-de-etica\/"},{"@type":"Person","@id":"https:\/\/www.pensarcursos.com.br\/blog\/#\/schema\/person\/2700c09d818d989d5d4fff5f50d4b755","name":"Yasmin Santos","image":{"@type":"ImageObject","inLanguage":"pt-BR","@id":"https:\/\/secure.gravatar.com\/avatar\/b8d88d102398911030f7bd8e99bd07ffbbb62169f9a740f38705dc857853eb31?s=96&d=mm&r=g","url":"https:\/\/secure.gravatar.com\/avatar\/b8d88d102398911030f7bd8e99bd07ffbbb62169f9a740f38705dc857853eb31?s=96&d=mm&r=g","contentUrl":"https:\/\/secure.gravatar.com\/avatar\/b8d88d102398911030f7bd8e99bd07ffbbb62169f9a740f38705dc857853eb31?s=96&d=mm&r=g","caption":"Yasmin Santos"},"description":"Graduada em Letras Portugu\u00eas\/Ingl\u00eas pela Universidade Estadual de Santa Cruz (UESC), redatora do Grupo Sena Online","sameAs":["https:\/\/www.instagram.com\/yasmin0_20?igsh=MTdqZXF3NTA1b2gyMg=="],"url":"https:\/\/www.pensarcursos.com.br\/blog\/author\/yasmin\/"}]}},"_links":{"self":[{"href":"https:\/\/www.pensarcursos.com.br\/blog\/wp-json\/wp\/v2\/posts\/135461","targetHints":{"allow":["GET"]}}],"collection":[{"href":"https:\/\/www.pensarcursos.com.br\/blog\/wp-json\/wp\/v2\/posts"}],"about":[{"href":"https:\/\/www.pensarcursos.com.br\/blog\/wp-json\/wp\/v2\/types\/post"}],"author":[{"embeddable":true,"href":"https:\/\/www.pensarcursos.com.br\/blog\/wp-json\/wp\/v2\/users\/56"}],"replies":[{"embeddable":true,"href":"https:\/\/www.pensarcursos.com.br\/blog\/wp-json\/wp\/v2\/comments?post=135461"}],"version-history":[{"count":0,"href":"https:\/\/www.pensarcursos.com.br\/blog\/wp-json\/wp\/v2\/posts\/135461\/revisions"}],"wp:featuredmedia":[{"embeddable":true,"href":"https:\/\/www.pensarcursos.com.br\/blog\/wp-json\/wp\/v2\/media\/135470"}],"wp:attachment":[{"href":"https:\/\/www.pensarcursos.com.br\/blog\/wp-json\/wp\/v2\/media?parent=135461"}],"wp:term":[{"taxonomy":"category","embeddable":true,"href":"https:\/\/www.pensarcursos.com.br\/blog\/wp-json\/wp\/v2\/categories?post=135461"},{"taxonomy":"post_tag","embeddable":true,"href":"https:\/\/www.pensarcursos.com.br\/blog\/wp-json\/wp\/v2\/tags?post=135461"}],"curies":[{"name":"wp","href":"https:\/\/api.w.org\/{rel}","templated":true}]}}