{"id":135437,"date":"2025-12-11T11:59:36","date_gmt":"2025-12-11T14:59:36","guid":{"rendered":"https:\/\/www.pensarcursos.com.br\/blog\/?p=135437"},"modified":"2025-12-11T07:20:04","modified_gmt":"2025-12-11T10:20:04","slug":"informacoes-de-saude-na-nova-carteira-de-identidade-veja-o-que-pode-ser-incluido","status":"publish","type":"post","link":"https:\/\/www.pensarcursos.com.br\/blog\/informacoes-de-saude-na-nova-carteira-de-identidade-veja-o-que-pode-ser-incluido\/","title":{"rendered":"Informa\u00e7\u00f5es de sa\u00fade na nova Carteira de Identidade: veja o que pode ser inclu\u00eddo"},"content":{"rendered":"<p>Com a implementa\u00e7\u00e3o da nova <a href=\"https:\/\/www.pensarcursos.com.br\/blog\/nova-carteira-de-identidade-nacional-tera-emissao-gratuita-entre-os-dias-10-a-12-de-dezembro\/\" target=\"_blank\" rel=\"noopener\">Carteira de Identidade Nacional<\/a> (CIN), os brasileiros agora podem acrescentar informa\u00e7\u00f5es de sa\u00fade diretamente no seu documento de identifica\u00e7\u00e3o. A medida atrai a aten\u00e7\u00e3o por sua praticidade, visando facilitar atendimentos emergenciais e promover seguran\u00e7a, reunindo dados relevantes para situa\u00e7\u00f5es inesperadas em um s\u00f3 lugar.<\/p>\n<p>A CIN unifica o registro com o n\u00famero do CPF e traz mais praticidade tanto para o cidad\u00e3o quanto para \u00f3rg\u00e3os p\u00fablicos e de sa\u00fade. Entre as novidades, destaca-se a inclus\u00e3o opcional de dados de sa\u00fade e defici\u00eancias, tornando o documento ainda mais \u00fatil no dia a dia.<\/p>\n<h2>O que mudou com a nova Carteira de Identidade<\/h2>\n<p>A principal transforma\u00e7\u00e3o na nova Carteira de Identidade \u00e9 a padroniza\u00e7\u00e3o nacional, utilizando o <strong>CPF como \u00fanico identificador v\u00e1lido em todo o territ\u00f3rio brasileiro<\/strong>. Antes, era poss\u00edvel ter m\u00faltiplos n\u00fameros de RG em diferentes estados, o que aumentava o risco de fraudes e dificultava a atualiza\u00e7\u00e3o dos dados.<\/p>\n<ul>\n<li><strong>Unifica\u00e7\u00e3o do CPF:<\/strong>\u00a0Cada cidad\u00e3o passa a ter apenas um n\u00famero para fins de identifica\u00e7\u00e3o civil.<\/li>\n<li><strong>Seguran\u00e7a refor\u00e7ada:<\/strong>\u00a0O QR Code presente na CIN permite conferir a autenticidade do documento e reduz tentativas de fraude.<\/li>\n<li><strong>Vers\u00e3o digital:<\/strong>\u00a0Dispon\u00edvel no aplicativo Gov.br, tem a mesma validade que o documento f\u00edsico.<\/li>\n<\/ul>\n<h2>Principais vantagens da Carteira de Identidade Nacional<\/h2>\n<p>A centraliza\u00e7\u00e3o dos dados na nova CIN oferece benef\u00edcios relevantes, especialmente para quem precisa de praticidade e seguran\u00e7a na identifica\u00e7\u00e3o pessoal.<\/p>\n<ol>\n<li><strong>Fim da duplicidade de registros:<\/strong>\u00a0Elimina burocracias causadas por m\u00faltiplos RGs.<\/li>\n<li><strong>QR Code e checagem f\u00e1cil:<\/strong> Qualquer cidad\u00e3o pode verificar na hora a autenticidade.<\/li>\n<li><strong>Padr\u00e3o internacional:<\/strong>\u00a0Aceita\u00e7\u00e3o facilitada em pa\u00edses do Mercosul, com uso do c\u00f3digo internacional igual ao dos passaportes.<\/li>\n<\/ol>\n<h2>Quais informa\u00e7\u00f5es de sa\u00fade podem ser inclu\u00eddas?<\/h2>\n<p>No momento da emiss\u00e3o ou renova\u00e7\u00e3o da <a href=\"https:\/\/www.pensarcursos.com.br\/blog\/carteira-de-identidade-nacional-substitui-rg-veja-validade-e-como-emitir\/\" target=\"_blank\" rel=\"noopener\">Carteira de Identidade<\/a>, \u00e9 poss\u00edvel incluir,\u00a0<strong>de forma volunt\u00e1ria<\/strong>, dados de sa\u00fade. Essas informa\u00e7\u00f5es podem fazer a diferen\u00e7a no atendimento de emerg\u00eancia ou em situa\u00e7\u00f5es em que o titular do documento necessita de r\u00e1pido suporte m\u00e9dico.<\/p>\n<h3>Tipo sangu\u00edneo e fator Rh<\/h3>\n<p>A informa\u00e7\u00e3o do tipo sangu\u00edneo \u00e9 fundamental, principalmente em casos de acidentes. Ter essa identifica\u00e7\u00e3o agiliza o socorro, aumentando a seguran\u00e7a do cidad\u00e3o em situa\u00e7\u00f5es adversas.<\/p>\n<h3>Condi\u00e7\u00f5es espec\u00edficas de sa\u00fade<\/h3>\n<p>Conforme o<a href=\"https:\/\/www.gov.br\/governodigital\/pt-br\/identidade\/identificacao-do-cidadao-e-carteira-de-identidade-nacional\/perguntas-frequentes-sobre-a-cin\/a-cin-podera-informar-que-possuo-algum-tipo-de-deficiencia\" target=\"_blank\" rel=\"noopener\"> governo federal<\/a>, a CIN permite ainda registrar condi\u00e7\u00f5es m\u00e9dicas que possam influenciar no atendimento, como diabetes, hipertens\u00e3o, hemofilia ou outras doen\u00e7as graves. Basta apresentar laudos, receitas ou atestados m\u00e9dicos que comprovem cada condi\u00e7\u00e3o no momento da solicita\u00e7\u00e3o.<\/p>\n<h3>Desejo de ser doador de \u00f3rg\u00e3os<\/h3>\n<p>Outra possibilidade interessante \u00e9 registrar a vontade do cidad\u00e3o de ser doador de \u00f3rg\u00e3os. Isso facilita o di\u00e1logo entre profissionais de sa\u00fade e familiares, deixando clara qual a escolha do portador da <a href=\"https:\/\/www.pensarcursos.com.br\/blog\/correios-fazem-entrega-da-carteira-de-identidade-nacional-veja-como-solicitar-o-servico\/\" target=\"_blank\" rel=\"noopener\">CIN<\/a>.<\/p>\n<figure id=\"attachment_135438\" aria-describedby=\"caption-attachment-135438\" style=\"width: 1200px\" class=\"wp-caption aligncenter\"><img decoding=\"async\" class=\"wp-image-135438 size-full\" title=\"Quais informa\u00e7\u00f5es de sa\u00fade podem ser inclu\u00eddas?\" src=\"https:\/\/www.pensarcursos.com.br\/blog\/wp-content\/uploads\/2025\/12\/gov.-br-2.jpeg\" alt=\"Nova Carteira de Identidade Nacional aberta exibindo frente e verso com campos para dados pessoais QR Code e informa\u00e7\u00f5es adicionais de sa\u00fade.\" width=\"1200\" height=\"800\" srcset=\"https:\/\/www.pensarcursos.com.br\/blog\/wp-content\/uploads\/2025\/12\/gov.-br-2.jpeg 1200w, https:\/\/www.pensarcursos.com.br\/blog\/wp-content\/uploads\/2025\/12\/gov.-br-2-300x200.jpeg 300w, https:\/\/www.pensarcursos.com.br\/blog\/wp-content\/uploads\/2025\/12\/gov.-br-2-1024x683.jpeg 1024w, https:\/\/www.pensarcursos.com.br\/blog\/wp-content\/uploads\/2025\/12\/gov.-br-2-768x512.jpeg 768w, https:\/\/www.pensarcursos.com.br\/blog\/wp-content\/uploads\/2025\/12\/gov.-br-2-750x500.jpeg 750w, https:\/\/www.pensarcursos.com.br\/blog\/wp-content\/uploads\/2025\/12\/gov.-br-2-1140x760.jpeg 1140w\" sizes=\"(max-width: 1200px) 100vw, 1200px\" \/><figcaption id=\"caption-attachment-135438\" class=\"wp-caption-text\">O novo documento permite a inclus\u00e3o opcional de dados m\u00e9dicos relevantes como tipo sangu\u00edneo e condi\u00e7\u00f5es espec\u00edficas. Imagem: Gov.br<\/figcaption><\/figure>\n<h2>Defici\u00eancias: s\u00edmbolos reconhecidos e inclus\u00e3o<\/h2>\n<p>A nova Carteira de Identidade proporciona identifica\u00e7\u00e3o r\u00e1pida de pessoas com defici\u00eancia. Dependendo do caso, \u00e9 poss\u00edvel adicionar s\u00edmbolos padronizados nacionais e internacionais, colaborando para o acesso a direitos e no atendimento priorit\u00e1rio.<\/p>\n<ul>\n<li>S\u00edmbolo Internacional de Acesso (cadeirante)<\/li>\n<li>S\u00edmbolo para pessoas com defici\u00eancia visual<\/li>\n<li>S\u00edmbolo para defici\u00eancia auditiva<\/li>\n<li>Fita quebra-cabe\u00e7a para Transtorno do Espectro Autista<\/li>\n<li>S\u00edmbolo para defici\u00eancia intelectual (seguindo padr\u00e3o ONU)<\/li>\n<\/ul>\n<p>A inclus\u00e3o desses s\u00edmbolos requer apresenta\u00e7\u00e3o de laudo biopsicossocial ou documento m\u00e9dico que comprove a condi\u00e7\u00e3o. O procedimento pode envolver, quando necess\u00e1rio, a avalia\u00e7\u00e3o por equipe multiprofissional.<\/p>\n<h2>Como solicitar a inclus\u00e3o das informa\u00e7\u00f5es de sa\u00fade<\/h2>\n<p>Para incluir qualquer dado de sa\u00fade ou defici\u00eancia na <a href=\"https:\/\/www.pensarcursos.com.br\/blog\/nova-carteira-de-identidade-nacional-veja-quanto-custa-a-emissao-em-cada-estado\/\" target=\"_blank\" rel=\"noopener\">Carteira de Identidade<\/a>, o cidad\u00e3o deve:<\/p>\n<ul>\n<li>Solicitar a inclus\u00e3o\u00a0<strong>no momento de emiss\u00e3o ou renova\u00e7\u00e3o<\/strong>\u00a0do documento.<\/li>\n<li>Apresentar o laudo, resultado de exame ou atestado m\u00e9dico correspondente.<\/li>\n<li>Levar documentos atualizados e emitidos por profissionais de sa\u00fade habilitados.<\/li>\n<\/ul>\n<p>\u00c9 importante conferir junto ao \u00f3rg\u00e3o de identifica\u00e7\u00e3o civil do estado quais s\u00e3o os documentos aceitos e se h\u00e1 especifica\u00e7\u00f5es para cada informa\u00e7\u00e3o. Vale tamb\u00e9m refor\u00e7ar que alguns dados aparecem apenas na vers\u00e3o digital da CIN, enquanto outros s\u00e3o impressos diretamente no documento f\u00edsico.<\/p>\n<h2>Onde consultar a nova Carteira de Identidade e acompanhar atualiza\u00e7\u00f5es<\/h2>\n<p>Os procedimentos para emiss\u00e3o, renova\u00e7\u00e3o e inclus\u00e3o de informa\u00e7\u00f5es na nova Carteira de Identidade podem ser consultados nos portais oficiais do governo e nos institutos de identifica\u00e7\u00e3o estaduais. O aplicativo Gov.br permite acesso r\u00e1pido \u00e0 vers\u00e3o digital e centraliza\u00e7\u00e3o de todas as atualiza\u00e7\u00f5es recentes sobre o documento.<\/p>\n<p>Al\u00e9m disso, conte\u00fados informativos como os do portal <a href=\"https:\/\/www.pensarcursos.com.br\/blog\/\" target=\"_blank\" rel=\"noopener\"><strong>Pensar Cursos<\/strong><\/a> esclarecem d\u00favidas detalhadas sobre o processo, trazendo orienta\u00e7\u00f5es e dicas \u00fateis.<\/p>\n<p>Confira mais sobre a Nova Carteira de Identidade Nacional.<\/p>\n<div class=\"jeg_video_container jeg_video_content\"><iframe title=\"Voce sabia que e possivel tirar a NOVA Carteira de Identidade sem sair de casa - Veja como funciona\" width=\"500\" height=\"281\" src=\"https:\/\/www.youtube.com\/embed\/Y2-7rNGWo_U?start=1&#038;feature=oembed\" frameborder=\"0\" allow=\"accelerometer; autoplay; clipboard-write; encrypted-media; gyroscope; picture-in-picture; web-share\" referrerpolicy=\"strict-origin-when-cross-origin\" allowfullscreen><\/iframe><\/div>\n","protected":false},"excerpt":{"rendered":"<p>Com a implementa\u00e7\u00e3o da nova Carteira de Identidade Nacional (CIN), os brasileiros agora podem acrescentar informa\u00e7\u00f5es de sa\u00fade diretamente no seu documento de identifica\u00e7\u00e3o. A medida atrai a aten\u00e7\u00e3o por sua praticidade, visando facilitar atendimentos emergenciais e promover seguran\u00e7a, reunindo dados relevantes para situa\u00e7\u00f5es inesperadas em um s\u00f3 lugar. A CIN unifica o registro com [&hellip;]<\/p>\n","protected":false},"author":41,"featured_media":135439,"comment_status":"open","ping_status":"closed","sticky":false,"template":"","format":"standard","meta":{"jnews-multi-image_gallery":[],"jnews_single_post":{"format":"standard","override":[{"template":"1","parallax":"1","fullscreen":"1","layout":"right-sidebar","sidebar":"default-sidebar","second_sidebar":"default-sidebar","sticky_sidebar":"1","share_position":"topbottom","share_float_style":"share-monocrhome","show_featured":"1","show_post_meta":"1","show_post_author":"1","show_post_author_image":"1","show_post_date":"1","post_date_format":"default","post_date_format_custom":"Y\/m\/d","show_post_category":"1","post_reading_time_wpm":"300","post_calculate_word_method":"str_word_count","show_zoom_button":"0","zoom_button_out_step":"2","zoom_button_in_step":"3","show_post_tag":"1","show_prev_next_post":"1","show_popup_post":"1","show_comment_section":"1","number_popup_post":"2","show_author_box":"1","show_post_related":"1","show_inline_post_related":"1"}],"image_override":[{"single_post_thumbnail_size":"crop-500","single_post_gallery_size":"crop-500"}],"trending_post_position":"meta","trending_post_label":"Trending","sponsored_post_label":"Sponsored by","disable_ad":"0","subtitle":"Descubra como a inclus\u00e3o de dados m\u00e9dicos pode trazer mais seguran\u00e7a e praticidade para o seu dia a dia"},"jnews_primary_category":[],"jnews_social_meta":[],"jnews_override_counter":{"view_counter_number":"0","share_counter_number":"0","like_counter_number":"0","dislike_counter_number":"0"},"footnotes":""},"categories":[1628,1691],"tags":[36163,36164,35902,36162,36161,2072,36160],"class_list":["post-135437","post","type-post","status-publish","format-standard","has-post-thumbnail","hentry","category-atualidades","category-direitos-do-trabalhador","tag-carteira-de-identidade-dados","tag-documentacao-cin-solicitacao","tag-documento-de-identificacao","tag-inclusao-de-dados","tag-informacoes-adicionais","tag-novo-rg","tag-tipo-sanguineo"],"yoast_head":"<!-- This site is optimized with the Yoast SEO Premium plugin v27.4 (Yoast SEO v27.4) - https:\/\/yoast.com\/product\/yoast-seo-premium-wordpress\/ -->\n<title>Informa\u00e7\u00f5es de sa\u00fade na nova Carteira de Identidade: veja o que pode ser inclu\u00eddo - Blog Pensar Cursos<\/title>\n<meta name=\"description\" content=\"Saiba como incluir informa\u00e7\u00f5es de sa\u00fade na nova Carteira de Identidade Nacional. Veja o que pode ser registrado e as vantagens para o cidad\u00e3o.\" \/>\n<meta name=\"robots\" content=\"index, follow, max-snippet:-1, max-image-preview:large, max-video-preview:-1\" \/>\n<link rel=\"canonical\" href=\"https:\/\/www.pensarcursos.com.br\/blog\/informacoes-de-saude-na-nova-carteira-de-identidade-veja-o-que-pode-ser-incluido\/\" \/>\n<meta property=\"og:locale\" content=\"pt_BR\" \/>\n<meta property=\"og:type\" content=\"article\" \/>\n<meta property=\"og:title\" content=\"Informa\u00e7\u00f5es de sa\u00fade na nova Carteira de Identidade: veja o que pode ser inclu\u00eddo\" \/>\n<meta property=\"og:description\" content=\"Saiba como incluir informa\u00e7\u00f5es de sa\u00fade na nova Carteira de Identidade Nacional. Veja o que pode ser registrado e as vantagens para o cidad\u00e3o.\" \/>\n<meta property=\"og:url\" content=\"https:\/\/www.pensarcursos.com.br\/blog\/informacoes-de-saude-na-nova-carteira-de-identidade-veja-o-que-pode-ser-incluido\/\" \/>\n<meta property=\"og:site_name\" content=\"Blog Pensar Cursos\" \/>\n<meta property=\"article:publisher\" content=\"https:\/\/www.facebook.com\/pensarcursos\/\" \/>\n<meta property=\"article:published_time\" content=\"2025-12-11T14:59:36+00:00\" \/>\n<meta property=\"og:image\" content=\"https:\/\/www.pensarcursos.com.br\/blog\/wp-content\/uploads\/2025\/12\/Nova-identidade4-1-3.png\" \/>\n\t<meta property=\"og:image:width\" content=\"1200\" \/>\n\t<meta property=\"og:image:height\" content=\"800\" \/>\n\t<meta property=\"og:image:type\" content=\"image\/png\" \/>\n<meta name=\"author\" content=\"F\u00e1tima Azevedo\" \/>\n<meta name=\"twitter:card\" content=\"summary_large_image\" \/>\n<meta name=\"twitter:label1\" content=\"Escrito por\" \/>\n\t<meta name=\"twitter:data1\" content=\"F\u00e1tima Azevedo\" \/>\n\t<meta name=\"twitter:label2\" content=\"Est. tempo de leitura\" \/>\n\t<meta name=\"twitter:data2\" content=\"5 minutos\" \/>\n<!-- \/ Yoast SEO Premium plugin. -->","yoast_head_json":{"title":"Informa\u00e7\u00f5es de sa\u00fade na nova Carteira de Identidade: veja o que pode ser inclu\u00eddo - Blog Pensar Cursos","description":"Saiba como incluir informa\u00e7\u00f5es de sa\u00fade na nova Carteira de Identidade Nacional. Veja o que pode ser registrado e as vantagens para o cidad\u00e3o.","robots":{"index":"index","follow":"follow","max-snippet":"max-snippet:-1","max-image-preview":"max-image-preview:large","max-video-preview":"max-video-preview:-1"},"canonical":"https:\/\/www.pensarcursos.com.br\/blog\/informacoes-de-saude-na-nova-carteira-de-identidade-veja-o-que-pode-ser-incluido\/","og_locale":"pt_BR","og_type":"article","og_title":"Informa\u00e7\u00f5es de sa\u00fade na nova Carteira de Identidade: veja o que pode ser inclu\u00eddo","og_description":"Saiba como incluir informa\u00e7\u00f5es de sa\u00fade na nova Carteira de Identidade Nacional. Veja o que pode ser registrado e as vantagens para o cidad\u00e3o.","og_url":"https:\/\/www.pensarcursos.com.br\/blog\/informacoes-de-saude-na-nova-carteira-de-identidade-veja-o-que-pode-ser-incluido\/","og_site_name":"Blog Pensar Cursos","article_publisher":"https:\/\/www.facebook.com\/pensarcursos\/","article_published_time":"2025-12-11T14:59:36+00:00","og_image":[{"width":1200,"height":800,"url":"https:\/\/www.pensarcursos.com.br\/blog\/wp-content\/uploads\/2025\/12\/Nova-identidade4-1-3.png","type":"image\/png"}],"author":"F\u00e1tima Azevedo","twitter_card":"summary_large_image","twitter_misc":{"Escrito por":"F\u00e1tima Azevedo","Est. tempo de leitura":"5 minutos"},"schema":{"@context":"https:\/\/schema.org","@graph":[{"@type":["Article","BlogPosting"],"@id":"https:\/\/www.pensarcursos.com.br\/blog\/informacoes-de-saude-na-nova-carteira-de-identidade-veja-o-que-pode-ser-incluido\/#article","isPartOf":{"@id":"https:\/\/www.pensarcursos.com.br\/blog\/informacoes-de-saude-na-nova-carteira-de-identidade-veja-o-que-pode-ser-incluido\/"},"author":{"name":"F\u00e1tima Azevedo","@id":"https:\/\/www.pensarcursos.com.br\/blog\/#\/schema\/person\/827343e4611913410dcf62144b5b2a2d"},"headline":"Informa\u00e7\u00f5es de sa\u00fade na nova Carteira de Identidade: veja o que pode ser inclu\u00eddo","datePublished":"2025-12-11T14:59:36+00:00","mainEntityOfPage":{"@id":"https:\/\/www.pensarcursos.com.br\/blog\/informacoes-de-saude-na-nova-carteira-de-identidade-veja-o-que-pode-ser-incluido\/"},"wordCount":911,"commentCount":0,"publisher":{"@id":"https:\/\/www.pensarcursos.com.br\/blog\/#organization"},"image":{"@id":"https:\/\/www.pensarcursos.com.br\/blog\/informacoes-de-saude-na-nova-carteira-de-identidade-veja-o-que-pode-ser-incluido\/#primaryimage"},"thumbnailUrl":"https:\/\/www.pensarcursos.com.br\/blog\/wp-content\/uploads\/2025\/12\/Nova-identidade4-1-3.png","keywords":["carteira de identidade dados","documenta\u00e7\u00e3o cin solicita\u00e7\u00e3o","documento de identifica\u00e7\u00e3o","inclus\u00e3o de dados","informa\u00e7\u00f5es adicionais","Novo RG","tipo sangu\u00edneo"],"articleSection":["Atualidades","Direitos do Trabalhador"],"inLanguage":"pt-BR","potentialAction":[{"@type":"CommentAction","name":"Comment","target":["https:\/\/www.pensarcursos.com.br\/blog\/informacoes-de-saude-na-nova-carteira-de-identidade-veja-o-que-pode-ser-incluido\/#respond"]}],"copyrightYear":"2025","copyrightHolder":{"@id":"https:\/\/www.pensarcursos.com.br\/blog\/#organization"}},{"@type":"WebPage","@id":"https:\/\/www.pensarcursos.com.br\/blog\/informacoes-de-saude-na-nova-carteira-de-identidade-veja-o-que-pode-ser-incluido\/","url":"https:\/\/www.pensarcursos.com.br\/blog\/informacoes-de-saude-na-nova-carteira-de-identidade-veja-o-que-pode-ser-incluido\/","name":"Informa\u00e7\u00f5es de sa\u00fade na nova Carteira de Identidade: veja o que pode ser inclu\u00eddo - Blog Pensar Cursos","isPartOf":{"@id":"https:\/\/www.pensarcursos.com.br\/blog\/#website"},"primaryImageOfPage":{"@id":"https:\/\/www.pensarcursos.com.br\/blog\/informacoes-de-saude-na-nova-carteira-de-identidade-veja-o-que-pode-ser-incluido\/#primaryimage"},"image":{"@id":"https:\/\/www.pensarcursos.com.br\/blog\/informacoes-de-saude-na-nova-carteira-de-identidade-veja-o-que-pode-ser-incluido\/#primaryimage"},"thumbnailUrl":"https:\/\/www.pensarcursos.com.br\/blog\/wp-content\/uploads\/2025\/12\/Nova-identidade4-1-3.png","datePublished":"2025-12-11T14:59:36+00:00","description":"Saiba como incluir informa\u00e7\u00f5es de sa\u00fade na nova Carteira de Identidade Nacional. Veja o que pode ser registrado e as vantagens para o cidad\u00e3o.","breadcrumb":{"@id":"https:\/\/www.pensarcursos.com.br\/blog\/informacoes-de-saude-na-nova-carteira-de-identidade-veja-o-que-pode-ser-incluido\/#breadcrumb"},"inLanguage":"pt-BR","potentialAction":[{"@type":"ReadAction","target":["https:\/\/www.pensarcursos.com.br\/blog\/informacoes-de-saude-na-nova-carteira-de-identidade-veja-o-que-pode-ser-incluido\/"]}]},{"@type":"ImageObject","inLanguage":"pt-BR","@id":"https:\/\/www.pensarcursos.com.br\/blog\/informacoes-de-saude-na-nova-carteira-de-identidade-veja-o-que-pode-ser-incluido\/#primaryimage","url":"https:\/\/www.pensarcursos.com.br\/blog\/wp-content\/uploads\/2025\/12\/Nova-identidade4-1-3.png","contentUrl":"https:\/\/www.pensarcursos.com.br\/blog\/wp-content\/uploads\/2025\/12\/Nova-identidade4-1-3.png","width":1200,"height":800,"caption":"Saiba quais dados m\u00e9dicos voc\u00ea pode adicionar ao seu novo documento de identifica\u00e7\u00e3o nacional;. Imagem: Pensar Cursos"},{"@type":"BreadcrumbList","@id":"https:\/\/www.pensarcursos.com.br\/blog\/informacoes-de-saude-na-nova-carteira-de-identidade-veja-o-que-pode-ser-incluido\/#breadcrumb","itemListElement":[{"@type":"ListItem","position":1,"name":"Home","item":"https:\/\/www.pensarcursos.com.br\/blog\/"},{"@type":"ListItem","position":2,"name":"Informa\u00e7\u00f5es de sa\u00fade na nova Carteira de Identidade: veja o que pode ser inclu\u00eddo"}]},{"@type":"WebSite","@id":"https:\/\/www.pensarcursos.com.br\/blog\/#website","url":"https:\/\/www.pensarcursos.com.br\/blog\/","name":"Blog Pensar Cursos","description":"Maior Site de Cursos do Brasil","publisher":{"@id":"https:\/\/www.pensarcursos.com.br\/blog\/#organization"},"alternateName":"Blog Pensar","potentialAction":[{"@type":"SearchAction","target":{"@type":"EntryPoint","urlTemplate":"https:\/\/www.pensarcursos.com.br\/blog\/?s={search_term_string}"},"query-input":{"@type":"PropertyValueSpecification","valueRequired":true,"valueName":"search_term_string"}}],"inLanguage":"pt-BR"},{"@type":"Organization","@id":"https:\/\/www.pensarcursos.com.br\/blog\/#organization","name":"Pensar Cursos","alternateName":"Blog pensar","url":"https:\/\/www.pensarcursos.com.br\/blog\/","logo":{"@type":"ImageObject","inLanguage":"pt-BR","@id":"https:\/\/www.pensarcursos.com.br\/blog\/#\/schema\/logo\/image\/","url":"https:\/\/www.pensarcursos.com.br\/blog\/wp-content\/uploads\/2023\/11\/Nova-Logo-Pensar-Cursos-vertical.png","contentUrl":"https:\/\/www.pensarcursos.com.br\/blog\/wp-content\/uploads\/2023\/11\/Nova-Logo-Pensar-Cursos-vertical.png","width":1393,"height":1001,"caption":"Pensar Cursos"},"image":{"@id":"https:\/\/www.pensarcursos.com.br\/blog\/#\/schema\/logo\/image\/"},"sameAs":["https:\/\/www.facebook.com\/pensarcursos\/","https:\/\/instagram.com.br\/pensarcursos"],"description":"Pensar Cursos \u00e9 uma empresa especializada em oferecer cursos de alta qualidade voltados para o desenvolvimento profissional e acad\u00eamico. Com uma ampla gama de op\u00e7\u00f5es de treinamento, oferecemos conte\u00fados atualizados, ministrados por especialistas da \u00e1rea, para capacitar indiv\u00edduos e equipes a atingirem seus objetivos. Nossa miss\u00e3o \u00e9 proporcionar uma educa\u00e7\u00e3o transformadora, acess\u00edvel e personalizada para cada aluno, seja em cursos presenciais ou online. Com uma abordagem inovadora, buscamos adaptar os nossos programas de ensino \u00e0s necessidades do mercado, criando solu\u00e7\u00f5es que atendem aos desafios e exig\u00eancias do mundo corporativo e acad\u00eamico. Nossos cursos incluem desde forma\u00e7\u00f5es t\u00e9cnicas at\u00e9 habilidades essenciais, como lideran\u00e7a, gest\u00e3o e desenvolvimento pessoal.","email":"contato@pensarcursos.com.br","legalName":"Sena Servi\u00e7os de Informa\u00e7\u00e3o Online LTDA","foundingDate":"2013-04-18","vatID":"17956217000172","numberOfEmployees":{"@type":"QuantitativeValue","minValue":"11","maxValue":"50"},"publishingPrinciples":"https:\/\/www.pensarcursos.com.br\/blog\/principios-de-publicacao\/","ownershipFundingInfo":"https:\/\/www.pensarcursos.com.br\/blog\/informacoes-de-propriedade-financiamento\/","actionableFeedbackPolicy":"https:\/\/www.pensarcursos.com.br\/blog\/politica-de-feedback-acionavel\/","correctionsPolicy":"https:\/\/www.pensarcursos.com.br\/blog\/politica-de-correcoes\/","ethicsPolicy":"https:\/\/www.pensarcursos.com.br\/blog\/politica-de-etica\/"},{"@type":"Person","@id":"https:\/\/www.pensarcursos.com.br\/blog\/#\/schema\/person\/827343e4611913410dcf62144b5b2a2d","name":"F\u00e1tima Azevedo","image":{"@type":"ImageObject","inLanguage":"pt-BR","@id":"https:\/\/secure.gravatar.com\/avatar\/ea820c84e212573cc3f119ba576278fe7ad07b69ed7ca0c33223662227bb77ca?s=96&d=mm&r=g","url":"https:\/\/secure.gravatar.com\/avatar\/ea820c84e212573cc3f119ba576278fe7ad07b69ed7ca0c33223662227bb77ca?s=96&d=mm&r=g","contentUrl":"https:\/\/secure.gravatar.com\/avatar\/ea820c84e212573cc3f119ba576278fe7ad07b69ed7ca0c33223662227bb77ca?s=96&d=mm&r=g","caption":"F\u00e1tima Azevedo"},"description":"Graduada em Ci\u00eancias Biol\u00f3gicas. Professora. Redatora grupo Sena Online.","sameAs":["https:\/\/www.linkedin.com\/in\/maria-de-f\u00e1tima-oliveira-da-costa-74a1692a7"],"url":"https:\/\/www.pensarcursos.com.br\/blog\/author\/fatima\/"}]}},"_links":{"self":[{"href":"https:\/\/www.pensarcursos.com.br\/blog\/wp-json\/wp\/v2\/posts\/135437","targetHints":{"allow":["GET"]}}],"collection":[{"href":"https:\/\/www.pensarcursos.com.br\/blog\/wp-json\/wp\/v2\/posts"}],"about":[{"href":"https:\/\/www.pensarcursos.com.br\/blog\/wp-json\/wp\/v2\/types\/post"}],"author":[{"embeddable":true,"href":"https:\/\/www.pensarcursos.com.br\/blog\/wp-json\/wp\/v2\/users\/41"}],"replies":[{"embeddable":true,"href":"https:\/\/www.pensarcursos.com.br\/blog\/wp-json\/wp\/v2\/comments?post=135437"}],"version-history":[{"count":0,"href":"https:\/\/www.pensarcursos.com.br\/blog\/wp-json\/wp\/v2\/posts\/135437\/revisions"}],"wp:featuredmedia":[{"embeddable":true,"href":"https:\/\/www.pensarcursos.com.br\/blog\/wp-json\/wp\/v2\/media\/135439"}],"wp:attachment":[{"href":"https:\/\/www.pensarcursos.com.br\/blog\/wp-json\/wp\/v2\/media?parent=135437"}],"wp:term":[{"taxonomy":"category","embeddable":true,"href":"https:\/\/www.pensarcursos.com.br\/blog\/wp-json\/wp\/v2\/categories?post=135437"},{"taxonomy":"post_tag","embeddable":true,"href":"https:\/\/www.pensarcursos.com.br\/blog\/wp-json\/wp\/v2\/tags?post=135437"}],"curies":[{"name":"wp","href":"https:\/\/api.w.org\/{rel}","templated":true}]}}