{"id":135430,"date":"2025-12-11T10:39:07","date_gmt":"2025-12-11T13:39:07","guid":{"rendered":"https:\/\/www.pensarcursos.com.br\/blog\/?p=135430"},"modified":"2025-12-11T11:53:30","modified_gmt":"2025-12-11T14:53:30","slug":"pe-de-meia-estudante-que-desistir-da-escola-pode-perder-o-beneficio","status":"publish","type":"post","link":"https:\/\/www.pensarcursos.com.br\/blog\/pe-de-meia-estudante-que-desistir-da-escola-pode-perder-o-beneficio\/","title":{"rendered":"P\u00e9-de-Meia: estudante que desistir da escola pode perder o benef\u00edcio?"},"content":{"rendered":"<p>O programa\u00a0<strong>P\u00e9-de-Meia<\/strong>\u00a0foi criado como um incentivo financeiro para estudantes do ensino m\u00e9dio da rede p\u00fablica, atuando como ferramenta para\u00a0<strong>combater a evas\u00e3o escolar<\/strong>\u00a0e oferecer mais oportunidades para jovens brasileiros.<\/p>\n<p>Desde sua implementa\u00e7\u00e3o, muitas fam\u00edlias ainda t\u00eam d\u00favidas relacionadas ao programa, e uma delas \u00e9: <strong>quem deixa a escola perde o benef\u00edcio?<\/strong><\/p>\n<p>Se voc\u00ea tamb\u00e9m deseja saber sobre isso, leia mais, pois este conte\u00fado apresenta respostas claras sobre o assunto, apresentando todos os detalhes que podem fazer com que o benefici\u00e1rio deixe o programa e mostrando como garantir o benef\u00edcio sem surpresas desagrad\u00e1veis.<\/p>\n<h2>Como funciona o P\u00e9-de-Meia?<\/h2>\n<p>O P\u00e9-de-Meia atende jovens de fam\u00edlias inscritas no Cadastro \u00danico (Cad\u00danico), com renda de at\u00e9 meio sal\u00e1rio m\u00ednimo por membro. Os incentivos financeiros s\u00e3o divididos em quatro tipos principais:<\/p>\n<ul>\n<li><strong>Incentivo-matr\u00edcula:<\/strong>\u00a0R$ 200 ao se matricular;<\/li>\n<li><strong>Incentivo-frequ\u00eancia:<\/strong>\u00a0R$ 200 mensais, exigindo frequ\u00eancia de pelo menos 80%;<\/li>\n<li><strong>Incentivo-conclus\u00e3o:<\/strong>\u00a0R$ 1.000 por cada ano de ensino m\u00e9dio finalizado com aprova\u00e7\u00e3o;<\/li>\n<li><strong>Incentivo-ENEM:<\/strong>\u00a0R$ 200 adicionais no \u00faltimo ano, mediante participa\u00e7\u00e3o nos dois dias do exame.<\/li>\n<\/ul>\n<p>O dep\u00f3sito \u00e9 feito em conta digital vinculada ao estudante e apenas parte do valor pode ser sacada antes da conclus\u00e3o do ciclo escolar.<\/p>\n<h2>Crit\u00e9rios para manter o benef\u00edcio<\/h2>\n<p>Para continuar recebendo o suporte financeiro, o aluno precisa manter matr\u00edcula ativa e frequ\u00eancia escolar acima do m\u00ednimo exigido. Al\u00e9m disso, informa\u00e7\u00f5es no Cad\u00danico e no CPF do estudante devem estar sempre atualizadas. O programa \u00e9 monitorado de perto pelo\u00a0<strong>Minist\u00e9rio da Educa\u00e7\u00e3o (MEC)<\/strong>\u00a0e pelas pr\u00f3prias escolas, que enviam dados mensais sobre frequ\u00eancia e aproveitamento escolar.<\/p>\n<h2>P\u00e9-de-Meia: o que acontece se o estudante desistir da escola?<\/h2>\n<p>Se um estudante do P\u00e9-de-Meia\u00a0<strong>abandona a escola<\/strong>, deixa de cumprir a frequ\u00eancia m\u00ednima ou \u00e9 reprovado por dois anos consecutivos, ele pode ser\u00a0<strong>desligado<\/strong> do programa, segundo o<a href=\"https:\/\/www.gov.br\/mec\/pt-br\/acesso-a-informacao\/perguntas-frequentes\/pe-de-meia-antigas\/o-programa\/quais-sao-os-criterios-de\" target=\"_blank\" rel=\"noopener\"> governo federal<\/a>. Essa \u00e9 uma regra clara do regulamento, v\u00e1lida inclusive para quem pede desligamento volunt\u00e1rio, seja o pr\u00f3prio aluno ou seu respons\u00e1vel. Ou seja: <strong>quando um estudante deixa de atender aos crit\u00e9rios do programa, seja por abandono, reprova\u00e7\u00e3o ou sa\u00edda volunt\u00e1ria, ele pode ser desligado do P\u00e9-de-Meia<\/strong>.<\/p>\n<h3>O estudante perde todo o dinheiro j\u00e1 acumulado?<\/h3>\n<p>H\u00e1 diferen\u00e7as importantes conforme o tipo de\u00a0<strong>incentivo<\/strong>:<\/p>\n<ul>\n<li><strong>Incentivo-matr\u00edcula:<\/strong>\u00a0O valor j\u00e1 fica dispon\u00edvel para saque e o estudante pode retirar mesmo ap\u00f3s desligamento, se j\u00e1 tiver sido liberado.<\/li>\n<li><strong>Incentivo-frequ\u00eancia:<\/strong>\u00a0Se houver abandono, as parcelas seguintes n\u00e3o s\u00e3o pagas. Valores de meses anteriores corretamente recebidos permanecem dispon\u00edveis para saque.<\/li>\n<li><strong>Incentivo-conclus\u00e3o:<\/strong>\u00a0Se o estudante foi aprovado em anos anteriores, mas perdeu elegibilidade no \u00faltimo ano, ter\u00e1 direito aos valores correspondentes aos anos conclu\u00eddos.<\/li>\n<li><strong>Incentivo-Enem:<\/strong>\u00a0S\u00f3 \u00e9 pago se o estudante for eleg\u00edvel, estiver cursando o 3\u00ba ano e participar dos dois dias de prova.<\/li>\n<\/ul>\n<figure id=\"attachment_135431\" aria-describedby=\"caption-attachment-135431\" style=\"width: 1200px\" class=\"wp-caption aligncenter\"><img decoding=\"async\" class=\"wp-image-135431 size-full\" title=\"P\u00e9-de-Meia: o que acontece se o estudante desistir da escola?\" src=\"https:\/\/www.pensarcursos.com.br\/blog\/wp-content\/uploads\/2025\/12\/Pe-de-meia1.png\" alt=\"Estudante do ensino m\u00e9dio com mochila e cadernos representando benefici\u00e1ria do P\u00e9-de-Meia com notas de dinheiro ao fundo.\" width=\"1200\" height=\"800\" srcset=\"https:\/\/www.pensarcursos.com.br\/blog\/wp-content\/uploads\/2025\/12\/Pe-de-meia1.png 1200w, https:\/\/www.pensarcursos.com.br\/blog\/wp-content\/uploads\/2025\/12\/Pe-de-meia1-300x200.png 300w, https:\/\/www.pensarcursos.com.br\/blog\/wp-content\/uploads\/2025\/12\/Pe-de-meia1-1024x683.png 1024w, https:\/\/www.pensarcursos.com.br\/blog\/wp-content\/uploads\/2025\/12\/Pe-de-meia1-768x512.png 768w, https:\/\/www.pensarcursos.com.br\/blog\/wp-content\/uploads\/2025\/12\/Pe-de-meia1-750x500.png 750w, https:\/\/www.pensarcursos.com.br\/blog\/wp-content\/uploads\/2025\/12\/Pe-de-meia1-1140x760.png 1140w\" sizes=\"(max-width: 1200px) 100vw, 1200px\" \/><figcaption id=\"caption-attachment-135431\" class=\"wp-caption-text\">A perman\u00eancia na escola \u00e9 condi\u00e7\u00e3o essencial para manuten\u00e7\u00e3o do benef\u00edcio e recebimento das parcelas mensais. Imagem: Pensar Cursos<\/figcaption><\/figure>\n<h3>Outros motivos que levam \u00e0 perda do benef\u00edcio<\/h3>\n<ul>\n<li><strong>Desligamento volunt\u00e1rio:<\/strong>\u00a0Solicita\u00e7\u00e3o formal do aluno ou respons\u00e1vel feita junto \u00e0 escola.<\/li>\n<li><strong>Perda de crit\u00e9rios de elegibilidade:<\/strong>\u00a0Idade, renda, matr\u00edcula ou situa\u00e7\u00e3o irregular no Cad\u00danico ou CPF.<\/li>\n<li><strong>Evas\u00e3o ou reprova\u00e7\u00e3o por dois anos consecutivos:<\/strong>\u00a0Leva ao desligamento imediato.<\/li>\n<li><strong>Abandono escolar por mais de dois anos:<\/strong>\u00a0Considera-se abandono definitivo e o estudante n\u00e3o pode ser reingressado no programa.<\/li>\n<li><strong>Falecimento:<\/strong>\u00a0Dep\u00f3sitos s\u00e3o interrompidos e nenhum valor \u00e9 transferido para familiares.<\/li>\n<li><strong>Fraude ou irregularidade:<\/strong>\u00a0Se comprovada fraude nos dados fornecidos, o benef\u00edcio \u00e9 cancelado e n\u00e3o pode ser reativado no futuro.<\/li>\n<\/ul>\n<p class=\"jeg_post_title\">Voc\u00ea pode gostar tamb\u00e9m: <a href=\"https:\/\/www.pensarcursos.com.br\/blog\/governo-anuncia-pagamento-extra-para-alunos-do-pe-de-meia-datas-tambem-ja-estao-disponiveis\/#google_vignette\" target=\"_blank\" rel=\"noopener\">Governo anuncia pagamento extra para alunos do P\u00e9-de-Meia; datas tamb\u00e9m j\u00e1 est\u00e3o dispon\u00edveis<\/a><\/p>\n<h2>Como evitar o desligamento do P\u00e9-de-Meia<\/h2>\n<p>Mantendo uma frequ\u00eancia acima de 80%, atualiza\u00e7\u00e3o constante dos dados cadastrais e matr\u00edcula ativa na rede p\u00fablica, o estudante permanece no programa sem riscos. Erros de documenta\u00e7\u00e3o, CPF irregular ou sair da rede p\u00fablica podem resultar em bloqueio ou perda definitiva do benef\u00edcio.<\/p>\n<h2>E se o estudante mudar de escola?<\/h2>\n<p>Se a mudan\u00e7a for para outra escola p\u00fablica participante do programa, basta refazer a matr\u00edcula em at\u00e9 dois meses do in\u00edcio do ano letivo e garantir que os dados sejam atualizados pela nova institui\u00e7\u00e3o. Mas se a transfer\u00eancia for para escola particular, o estudante perde imediatamente o direito \u00e0s pr\u00f3ximas parcelas.<\/p>\n<h2>Posso abrir m\u00e3o do benef\u00edcio?<\/h2>\n<p>Sim, o aluno ou respons\u00e1vel pode solicitar o desligamento volunt\u00e1rio por meio de formul\u00e1rio preenchido na escola. Essa decis\u00e3o \u00e9\u00a0<strong>irrevog\u00e1vel<\/strong>\u00a0e bloqueia futuros dep\u00f3sitos.<\/p>\n<h2>O estudante pode retornar ao programa?<\/h2>\n<p>Em caso de desligamento por abandono ou perda de elegibilidade, \u00e9 poss\u00edvel ser inclu\u00eddo novamente no pr\u00f3ximo ano se voltar a cumprir todos os crit\u00e9rios. N\u00e3o \u00e9 permitido reingresso apenas em situa\u00e7\u00f5es de fraude ou falecimento.<\/p>\n<h2>Dicas pr\u00e1ticas para n\u00e3o perder o P\u00e9-de-Meia<\/h2>\n<ul>\n<li>Baixe e use o aplicativo Jornada do Estudante para acompanhar o status e os pagamentos;<\/li>\n<li>Mantenha seus dados corretamente registrados na escola e no Cad\u00danico;<\/li>\n<li>Fique atento ao calend\u00e1rio escolar e novas regras do programa direto nos canais oficiais;<\/li>\n<li>N\u00e3o deixe de consultar regularmente a situa\u00e7\u00e3o da sua conta digital vinculada ao programa.<\/li>\n<\/ul>\n<h2>Perguntas Frequentes<\/h2>\n<ul>\n<li><strong>Quem pode receber o P\u00e9-de-Meia?<\/strong><br \/>\nJovens matriculados no ensino m\u00e9dio da rede p\u00fablica, inscritos no Cad\u00danico e com renda familiar de at\u00e9 meio sal\u00e1rio m\u00ednimo por pessoa.<\/li>\n<li><strong>Se eu reprovar um ano, perco o benef\u00edcio?<\/strong><br \/>\nN\u00e3o. Apenas em caso de reprova\u00e7\u00e3o em dois anos consecutivos o estudante \u00e9 desligado do programa.<\/li>\n<li><strong>Preciso atualizar meus dados todo ano?<\/strong><br \/>\nSim. Dados desatualizados podem bloquear ou cancelar o benef\u00edcio.<\/li>\n<li><strong>Se pedir desligamento, posso voltar?<\/strong><br \/>\nApenas se o desligamento n\u00e3o for por fraude ou falecimento; caso volte a atender aos crit\u00e9rios, o estudante pode ser reintegrado no ano seguinte.<\/li>\n<li><strong>Posso receber as parcelas antigas mesmo desligado?<\/strong><br \/>\nPara alguns incentivos sim, como matr\u00edcula e conclus\u00e3o de anos anteriores; parcelas de frequ\u00eancia perdem-se a partir do desligamento.<\/li>\n<li><strong>Se mudar para escola particular, mantenho o benef\u00edcio?<\/strong><br \/>\nN\u00e3o. O benef\u00edcio \u00e9 exclusivo para alunos\u00a0da escola p\u00fablica.<\/li>\n<li><strong>Como acompanhar o pagamento das parcelas?<\/strong><br \/>\nPelo aplicativo Jornada do Estudante ou junto \u00e0 escola respons\u00e1vel.<\/li>\n<li><strong>Quem cuida do controle do programa?<\/strong><br \/>\nO Minist\u00e9rio da Educa\u00e7\u00e3o em parceria com as redes escolares p\u00fablicas.<\/li>\n<\/ul>\n<p>Confira mais sobre o P\u00e9-de-Meia a seguir:<\/p>\n<div class=\"jeg_video_container jeg_video_content\"><iframe title=\"R$ 9 MIL pra Estudar? Veja Como Aproveitar Esse Benef\u00edcio do Governo!\" width=\"500\" height=\"281\" src=\"https:\/\/www.youtube.com\/embed\/8BM18YSdSWE?feature=oembed\" frameborder=\"0\" allow=\"accelerometer; autoplay; clipboard-write; encrypted-media; gyroscope; picture-in-picture; web-share\" referrerpolicy=\"strict-origin-when-cross-origin\" allowfullscreen><\/iframe><\/div>\n<p>Continue no <a href=\"https:\/\/www.pensarcursos.com.br\/blog\/\" target=\"_blank\" rel=\"noopener\"><strong>Pensar Cursos<\/strong><\/a> e confira mais sobre o programa <a href=\"https:\/\/www.pensarcursos.com.br\/blog\/?s=P%C3%A9-de-Meia\" target=\"_blank\" rel=\"noopener\">P\u00e9-de-Meia<\/a>.<\/p>\n","protected":false},"excerpt":{"rendered":"<p>O programa\u00a0P\u00e9-de-Meia\u00a0foi criado como um incentivo financeiro para estudantes do ensino m\u00e9dio da rede p\u00fablica, atuando como ferramenta para\u00a0combater a evas\u00e3o escolar\u00a0e oferecer mais oportunidades para jovens brasileiros. Desde sua implementa\u00e7\u00e3o, muitas fam\u00edlias ainda t\u00eam d\u00favidas relacionadas ao programa, e uma delas \u00e9: quem deixa a escola perde o benef\u00edcio? Se voc\u00ea tamb\u00e9m deseja saber [&hellip;]<\/p>\n","protected":false},"author":41,"featured_media":135432,"comment_status":"open","ping_status":"closed","sticky":false,"template":"","format":"standard","meta":{"jnews-multi-image_gallery":[],"jnews_single_post":{"format":"standard","override":[{"template":"1","parallax":"1","fullscreen":"1","layout":"right-sidebar","sidebar":"default-sidebar","second_sidebar":"default-sidebar","sticky_sidebar":"1","share_position":"topbottom","share_float_style":"share-monocrhome","show_featured":"1","show_post_meta":"1","show_post_author":"1","show_post_author_image":"1","show_post_date":"1","post_date_format":"default","post_date_format_custom":"Y\/m\/d","show_post_category":"1","post_reading_time_wpm":"300","post_calculate_word_method":"str_word_count","show_zoom_button":"0","zoom_button_out_step":"2","zoom_button_in_step":"3","show_post_tag":"1","show_prev_next_post":"1","show_popup_post":"1","show_comment_section":"1","number_popup_post":"2","show_author_box":"1","show_post_related":"1","show_inline_post_related":"1"}],"image_override":[{"single_post_thumbnail_size":"crop-500","single_post_gallery_size":"crop-500"}],"trending_post_position":"meta","trending_post_label":"Trending","sponsored_post_label":"Sponsored by","disable_ad":"0","subtitle":"O que acontece com o benef\u00edcio se o aluno abandonar a escola?"},"jnews_primary_category":[],"jnews_social_meta":[],"jnews_override_counter":{"view_counter_number":"0","share_counter_number":"0","like_counter_number":"0","dislike_counter_number":"0"},"footnotes":""},"categories":[17201],"tags":[30903,17214,36158,36159,29392],"class_list":["post-135430","post","type-post","status-publish","format-standard","has-post-thumbnail","hentry","category-pe-de-meia","tag-beneficio-estudantil","tag-calendario-pe-de-meia","tag-desistencia-escola","tag-quem-perde-pe-de-meia","tag-regras-pe-de-meia"],"yoast_head":"<!-- This site is optimized with the Yoast SEO Premium plugin v27.4 (Yoast SEO v27.4) - https:\/\/yoast.com\/product\/yoast-seo-premium-wordpress\/ -->\n<title>P\u00e9-de-Meia: estudante que desistir da escola pode perder o benef\u00edcio? - Blog Pensar Cursos<\/title>\n<meta name=\"description\" content=\"Descubra se o estudante que desiste da escola pode perder o benef\u00edcio do P\u00e9-de-Meia, quem tem direito, como evitar o desligamento e o que acontece com o dinheiro acumulado.\" \/>\n<meta name=\"robots\" content=\"index, follow, max-snippet:-1, max-image-preview:large, max-video-preview:-1\" \/>\n<link rel=\"canonical\" href=\"https:\/\/www.pensarcursos.com.br\/blog\/pe-de-meia-estudante-que-desistir-da-escola-pode-perder-o-beneficio\/\" \/>\n<meta property=\"og:locale\" content=\"pt_BR\" \/>\n<meta property=\"og:type\" content=\"article\" \/>\n<meta property=\"og:title\" content=\"P\u00e9-de-Meia: estudante que desistir da escola pode perder o benef\u00edcio?\" \/>\n<meta property=\"og:description\" content=\"Descubra se o estudante que desiste da escola pode perder o benef\u00edcio do P\u00e9-de-Meia, quem tem direito, como evitar o desligamento e o que acontece com o dinheiro acumulado.\" \/>\n<meta property=\"og:url\" content=\"https:\/\/www.pensarcursos.com.br\/blog\/pe-de-meia-estudante-que-desistir-da-escola-pode-perder-o-beneficio\/\" \/>\n<meta property=\"og:site_name\" content=\"Blog Pensar Cursos\" \/>\n<meta property=\"article:publisher\" content=\"https:\/\/www.facebook.com\/pensarcursos\/\" \/>\n<meta property=\"article:published_time\" content=\"2025-12-11T13:39:07+00:00\" \/>\n<meta property=\"article:modified_time\" content=\"2025-12-11T14:53:30+00:00\" \/>\n<meta property=\"og:image\" content=\"https:\/\/www.pensarcursos.com.br\/blog\/wp-content\/uploads\/2025\/12\/Pe-de-meia3-2.png\" \/>\n\t<meta property=\"og:image:width\" content=\"1200\" \/>\n\t<meta property=\"og:image:height\" content=\"800\" \/>\n\t<meta property=\"og:image:type\" content=\"image\/png\" \/>\n<meta name=\"author\" content=\"F\u00e1tima Azevedo\" \/>\n<meta name=\"twitter:card\" content=\"summary_large_image\" \/>\n<meta name=\"twitter:label1\" content=\"Escrito por\" \/>\n\t<meta name=\"twitter:data1\" content=\"F\u00e1tima Azevedo\" \/>\n\t<meta name=\"twitter:label2\" content=\"Est. tempo de leitura\" \/>\n\t<meta name=\"twitter:data2\" content=\"6 minutos\" \/>\n<!-- \/ Yoast SEO Premium plugin. -->","yoast_head_json":{"title":"P\u00e9-de-Meia: estudante que desistir da escola pode perder o benef\u00edcio? - Blog Pensar Cursos","description":"Descubra se o estudante que desiste da escola pode perder o benef\u00edcio do P\u00e9-de-Meia, quem tem direito, como evitar o desligamento e o que acontece com o dinheiro acumulado.","robots":{"index":"index","follow":"follow","max-snippet":"max-snippet:-1","max-image-preview":"max-image-preview:large","max-video-preview":"max-video-preview:-1"},"canonical":"https:\/\/www.pensarcursos.com.br\/blog\/pe-de-meia-estudante-que-desistir-da-escola-pode-perder-o-beneficio\/","og_locale":"pt_BR","og_type":"article","og_title":"P\u00e9-de-Meia: estudante que desistir da escola pode perder o benef\u00edcio?","og_description":"Descubra se o estudante que desiste da escola pode perder o benef\u00edcio do P\u00e9-de-Meia, quem tem direito, como evitar o desligamento e o que acontece com o dinheiro acumulado.","og_url":"https:\/\/www.pensarcursos.com.br\/blog\/pe-de-meia-estudante-que-desistir-da-escola-pode-perder-o-beneficio\/","og_site_name":"Blog Pensar Cursos","article_publisher":"https:\/\/www.facebook.com\/pensarcursos\/","article_published_time":"2025-12-11T13:39:07+00:00","article_modified_time":"2025-12-11T14:53:30+00:00","og_image":[{"width":1200,"height":800,"url":"https:\/\/www.pensarcursos.com.br\/blog\/wp-content\/uploads\/2025\/12\/Pe-de-meia3-2.png","type":"image\/png"}],"author":"F\u00e1tima Azevedo","twitter_card":"summary_large_image","twitter_misc":{"Escrito por":"F\u00e1tima Azevedo","Est. tempo de leitura":"6 minutos"},"schema":{"@context":"https:\/\/schema.org","@graph":[{"@type":["Article","BlogPosting"],"@id":"https:\/\/www.pensarcursos.com.br\/blog\/pe-de-meia-estudante-que-desistir-da-escola-pode-perder-o-beneficio\/#article","isPartOf":{"@id":"https:\/\/www.pensarcursos.com.br\/blog\/pe-de-meia-estudante-que-desistir-da-escola-pode-perder-o-beneficio\/"},"author":{"name":"F\u00e1tima Azevedo","@id":"https:\/\/www.pensarcursos.com.br\/blog\/#\/schema\/person\/827343e4611913410dcf62144b5b2a2d"},"headline":"P\u00e9-de-Meia: estudante que desistir da escola pode perder o benef\u00edcio?","datePublished":"2025-12-11T13:39:07+00:00","dateModified":"2025-12-11T14:53:30+00:00","mainEntityOfPage":{"@id":"https:\/\/www.pensarcursos.com.br\/blog\/pe-de-meia-estudante-que-desistir-da-escola-pode-perder-o-beneficio\/"},"wordCount":1163,"commentCount":0,"publisher":{"@id":"https:\/\/www.pensarcursos.com.br\/blog\/#organization"},"image":{"@id":"https:\/\/www.pensarcursos.com.br\/blog\/pe-de-meia-estudante-que-desistir-da-escola-pode-perder-o-beneficio\/#primaryimage"},"thumbnailUrl":"https:\/\/www.pensarcursos.com.br\/blog\/wp-content\/uploads\/2025\/12\/Pe-de-meia3-2.png","keywords":["benef\u00edcio estudantil","calendario pe de meia","desist\u00eancia escola","quem perde p\u00e9 de meia","regras p\u00e9 de meia"],"articleSection":["P\u00e9-de-Meia"],"inLanguage":"pt-BR","potentialAction":[{"@type":"CommentAction","name":"Comment","target":["https:\/\/www.pensarcursos.com.br\/blog\/pe-de-meia-estudante-que-desistir-da-escola-pode-perder-o-beneficio\/#respond"]}],"copyrightYear":"2025","copyrightHolder":{"@id":"https:\/\/www.pensarcursos.com.br\/blog\/#organization"}},{"@type":"WebPage","@id":"https:\/\/www.pensarcursos.com.br\/blog\/pe-de-meia-estudante-que-desistir-da-escola-pode-perder-o-beneficio\/","url":"https:\/\/www.pensarcursos.com.br\/blog\/pe-de-meia-estudante-que-desistir-da-escola-pode-perder-o-beneficio\/","name":"P\u00e9-de-Meia: estudante que desistir da escola pode perder o benef\u00edcio? - Blog Pensar Cursos","isPartOf":{"@id":"https:\/\/www.pensarcursos.com.br\/blog\/#website"},"primaryImageOfPage":{"@id":"https:\/\/www.pensarcursos.com.br\/blog\/pe-de-meia-estudante-que-desistir-da-escola-pode-perder-o-beneficio\/#primaryimage"},"image":{"@id":"https:\/\/www.pensarcursos.com.br\/blog\/pe-de-meia-estudante-que-desistir-da-escola-pode-perder-o-beneficio\/#primaryimage"},"thumbnailUrl":"https:\/\/www.pensarcursos.com.br\/blog\/wp-content\/uploads\/2025\/12\/Pe-de-meia3-2.png","datePublished":"2025-12-11T13:39:07+00:00","dateModified":"2025-12-11T14:53:30+00:00","description":"Descubra se o estudante que desiste da escola pode perder o benef\u00edcio do P\u00e9-de-Meia, quem tem direito, como evitar o desligamento e o que acontece com o dinheiro acumulado.","breadcrumb":{"@id":"https:\/\/www.pensarcursos.com.br\/blog\/pe-de-meia-estudante-que-desistir-da-escola-pode-perder-o-beneficio\/#breadcrumb"},"inLanguage":"pt-BR","potentialAction":[{"@type":"ReadAction","target":["https:\/\/www.pensarcursos.com.br\/blog\/pe-de-meia-estudante-que-desistir-da-escola-pode-perder-o-beneficio\/"]}]},{"@type":"ImageObject","inLanguage":"pt-BR","@id":"https:\/\/www.pensarcursos.com.br\/blog\/pe-de-meia-estudante-que-desistir-da-escola-pode-perder-o-beneficio\/#primaryimage","url":"https:\/\/www.pensarcursos.com.br\/blog\/wp-content\/uploads\/2025\/12\/Pe-de-meia3-2.png","contentUrl":"https:\/\/www.pensarcursos.com.br\/blog\/wp-content\/uploads\/2025\/12\/Pe-de-meia3-2.png","width":1200,"height":800,"caption":"Entenda as regras do programa e saiba o que pode acontecer com quem abandona os estudos antes de concluir o ensino m\u00e9dio. Imagem: Pensar Cursos"},{"@type":"BreadcrumbList","@id":"https:\/\/www.pensarcursos.com.br\/blog\/pe-de-meia-estudante-que-desistir-da-escola-pode-perder-o-beneficio\/#breadcrumb","itemListElement":[{"@type":"ListItem","position":1,"name":"Home","item":"https:\/\/www.pensarcursos.com.br\/blog\/"},{"@type":"ListItem","position":2,"name":"P\u00e9-de-Meia: estudante que desistir da escola pode perder o benef\u00edcio?"}]},{"@type":"WebSite","@id":"https:\/\/www.pensarcursos.com.br\/blog\/#website","url":"https:\/\/www.pensarcursos.com.br\/blog\/","name":"Blog Pensar Cursos","description":"Maior Site de Cursos do Brasil","publisher":{"@id":"https:\/\/www.pensarcursos.com.br\/blog\/#organization"},"alternateName":"Blog Pensar","potentialAction":[{"@type":"SearchAction","target":{"@type":"EntryPoint","urlTemplate":"https:\/\/www.pensarcursos.com.br\/blog\/?s={search_term_string}"},"query-input":{"@type":"PropertyValueSpecification","valueRequired":true,"valueName":"search_term_string"}}],"inLanguage":"pt-BR"},{"@type":"Organization","@id":"https:\/\/www.pensarcursos.com.br\/blog\/#organization","name":"Pensar Cursos","alternateName":"Blog pensar","url":"https:\/\/www.pensarcursos.com.br\/blog\/","logo":{"@type":"ImageObject","inLanguage":"pt-BR","@id":"https:\/\/www.pensarcursos.com.br\/blog\/#\/schema\/logo\/image\/","url":"https:\/\/www.pensarcursos.com.br\/blog\/wp-content\/uploads\/2023\/11\/Nova-Logo-Pensar-Cursos-vertical.png","contentUrl":"https:\/\/www.pensarcursos.com.br\/blog\/wp-content\/uploads\/2023\/11\/Nova-Logo-Pensar-Cursos-vertical.png","width":1393,"height":1001,"caption":"Pensar Cursos"},"image":{"@id":"https:\/\/www.pensarcursos.com.br\/blog\/#\/schema\/logo\/image\/"},"sameAs":["https:\/\/www.facebook.com\/pensarcursos\/","https:\/\/instagram.com.br\/pensarcursos"],"description":"Pensar Cursos \u00e9 uma empresa especializada em oferecer cursos de alta qualidade voltados para o desenvolvimento profissional e acad\u00eamico. Com uma ampla gama de op\u00e7\u00f5es de treinamento, oferecemos conte\u00fados atualizados, ministrados por especialistas da \u00e1rea, para capacitar indiv\u00edduos e equipes a atingirem seus objetivos. Nossa miss\u00e3o \u00e9 proporcionar uma educa\u00e7\u00e3o transformadora, acess\u00edvel e personalizada para cada aluno, seja em cursos presenciais ou online. Com uma abordagem inovadora, buscamos adaptar os nossos programas de ensino \u00e0s necessidades do mercado, criando solu\u00e7\u00f5es que atendem aos desafios e exig\u00eancias do mundo corporativo e acad\u00eamico. Nossos cursos incluem desde forma\u00e7\u00f5es t\u00e9cnicas at\u00e9 habilidades essenciais, como lideran\u00e7a, gest\u00e3o e desenvolvimento pessoal.","email":"contato@pensarcursos.com.br","legalName":"Sena Servi\u00e7os de Informa\u00e7\u00e3o Online LTDA","foundingDate":"2013-04-18","vatID":"17956217000172","numberOfEmployees":{"@type":"QuantitativeValue","minValue":"11","maxValue":"50"},"publishingPrinciples":"https:\/\/www.pensarcursos.com.br\/blog\/principios-de-publicacao\/","ownershipFundingInfo":"https:\/\/www.pensarcursos.com.br\/blog\/informacoes-de-propriedade-financiamento\/","actionableFeedbackPolicy":"https:\/\/www.pensarcursos.com.br\/blog\/politica-de-feedback-acionavel\/","correctionsPolicy":"https:\/\/www.pensarcursos.com.br\/blog\/politica-de-correcoes\/","ethicsPolicy":"https:\/\/www.pensarcursos.com.br\/blog\/politica-de-etica\/"},{"@type":"Person","@id":"https:\/\/www.pensarcursos.com.br\/blog\/#\/schema\/person\/827343e4611913410dcf62144b5b2a2d","name":"F\u00e1tima Azevedo","image":{"@type":"ImageObject","inLanguage":"pt-BR","@id":"https:\/\/secure.gravatar.com\/avatar\/ea820c84e212573cc3f119ba576278fe7ad07b69ed7ca0c33223662227bb77ca?s=96&d=mm&r=g","url":"https:\/\/secure.gravatar.com\/avatar\/ea820c84e212573cc3f119ba576278fe7ad07b69ed7ca0c33223662227bb77ca?s=96&d=mm&r=g","contentUrl":"https:\/\/secure.gravatar.com\/avatar\/ea820c84e212573cc3f119ba576278fe7ad07b69ed7ca0c33223662227bb77ca?s=96&d=mm&r=g","caption":"F\u00e1tima Azevedo"},"description":"Graduada em Ci\u00eancias Biol\u00f3gicas. Professora. Redatora grupo Sena Online.","sameAs":["https:\/\/www.linkedin.com\/in\/maria-de-f\u00e1tima-oliveira-da-costa-74a1692a7"],"url":"https:\/\/www.pensarcursos.com.br\/blog\/author\/fatima\/"}]}},"_links":{"self":[{"href":"https:\/\/www.pensarcursos.com.br\/blog\/wp-json\/wp\/v2\/posts\/135430","targetHints":{"allow":["GET"]}}],"collection":[{"href":"https:\/\/www.pensarcursos.com.br\/blog\/wp-json\/wp\/v2\/posts"}],"about":[{"href":"https:\/\/www.pensarcursos.com.br\/blog\/wp-json\/wp\/v2\/types\/post"}],"author":[{"embeddable":true,"href":"https:\/\/www.pensarcursos.com.br\/blog\/wp-json\/wp\/v2\/users\/41"}],"replies":[{"embeddable":true,"href":"https:\/\/www.pensarcursos.com.br\/blog\/wp-json\/wp\/v2\/comments?post=135430"}],"version-history":[{"count":0,"href":"https:\/\/www.pensarcursos.com.br\/blog\/wp-json\/wp\/v2\/posts\/135430\/revisions"}],"wp:featuredmedia":[{"embeddable":true,"href":"https:\/\/www.pensarcursos.com.br\/blog\/wp-json\/wp\/v2\/media\/135432"}],"wp:attachment":[{"href":"https:\/\/www.pensarcursos.com.br\/blog\/wp-json\/wp\/v2\/media?parent=135430"}],"wp:term":[{"taxonomy":"category","embeddable":true,"href":"https:\/\/www.pensarcursos.com.br\/blog\/wp-json\/wp\/v2\/categories?post=135430"},{"taxonomy":"post_tag","embeddable":true,"href":"https:\/\/www.pensarcursos.com.br\/blog\/wp-json\/wp\/v2\/tags?post=135430"}],"curies":[{"name":"wp","href":"https:\/\/api.w.org\/{rel}","templated":true}]}}