{"id":135425,"date":"2025-12-11T09:59:56","date_gmt":"2025-12-11T12:59:56","guid":{"rendered":"https:\/\/www.pensarcursos.com.br\/blog\/?p=135425"},"modified":"2025-12-11T06:03:00","modified_gmt":"2025-12-11T09:03:00","slug":"nova-carteira-de-identidade-ficara-mais-cara-que-o-antigo-rg-confira-valores","status":"publish","type":"post","link":"https:\/\/www.pensarcursos.com.br\/blog\/nova-carteira-de-identidade-ficara-mais-cara-que-o-antigo-rg-confira-valores\/","title":{"rendered":"Nova Carteira de Identidade ficar\u00e1 mais cara que o antigo RG; confira valores"},"content":{"rendered":"<p>A<a href=\"https:\/\/www.pensarcursos.com.br\/blog\/agendamento-para-carteira-de-identidade-abre-as-9h-veja-como-fazer\/\" target=\"_blank\" rel=\"noopener\">\u00a0<strong>Carteira de Identidade<\/strong><\/a> Nacional, que est\u00e1 sendo gradualmente implementada em todo o Brasil, traz novidades importantes para a popula\u00e7\u00e3o. <strong>O novo modelo substitui o antigo RG e tem como principal objetivo unificar o n\u00famero de registro em todo o territ\u00f3rio, tornando o CPF o identificador \u00fanico oficial do cidad\u00e3o brasileiro<\/strong>.<\/p>\n<p>Al\u00e9m das mudan\u00e7as de seguran\u00e7a e atualiza\u00e7\u00e3o dos dados, um dos pontos que mais chama aten\u00e7\u00e3o \u00e9 o novo valor cobrado. Com a altera\u00e7\u00e3o, a emiss\u00e3o da nova carteira ficou mais cara em rela\u00e7\u00e3o ao antigo RG, impactando diretamente os usu\u00e1rios que buscam o novo documento.<\/p>\n<h2>O que muda na nova Carteira de Identidade?<\/h2>\n<p>A ado\u00e7\u00e3o da nova identidade busca evitar fraudes, facilitar o acesso a servi\u00e7os p\u00fablicos e privados e garantir mais praticidade ao cidad\u00e3o.<strong> Agora, apenas o CPF ser\u00e1 necess\u00e1rio para identificar uma pessoa, eliminando a multiplicidade de n\u00fameros em diferentes estado<\/strong>s. A nova via apresenta melhorias como o\u00a0<strong>QR Code<\/strong>\u00a0para autentica\u00e7\u00e3o r\u00e1pida, padr\u00e3o internacional\u00a0<strong>MRZ <\/strong>(Machine Readable Zone)\u00a0para viagens ao Mercosul e layout moderno, dispon\u00edvel tanto na vers\u00e3o f\u00edsica quanto digital.<\/p>\n<p>Saiba mais sobre a Nova Carteira de Identidade Nacional no v\u00eddeo abaixo:<\/p>\n<div class=\"jeg_video_container jeg_video_content\"><iframe title=\"Saiba tudo sobe a Nova Carteira de Identidade - CIN\" width=\"500\" height=\"281\" src=\"https:\/\/www.youtube.com\/embed\/Ozxw-tdxR1M?feature=oembed\" frameborder=\"0\" allow=\"accelerometer; autoplay; clipboard-write; encrypted-media; gyroscope; picture-in-picture; web-share\" referrerpolicy=\"strict-origin-when-cross-origin\" allowfullscreen><\/iframe><\/div>\n<h2>Emiss\u00e3o da nova Carteira de Identidade ser\u00e1 mais cara<\/h2>\n<p>Com a aprova\u00e7\u00e3o da Assembleia Legislativa da Bahia (Alba), o valor da emiss\u00e3o da nova carteira aumentou cerca de 6,93% em rela\u00e7\u00e3o ao <a href=\"https:\/\/www.pensarcursos.com.br\/blog\/carteira-de-identidade-nacional-cin-a-partir-de-quando-o-documento-sera-obrigatorio\/\" target=\"_blank\" rel=\"noopener\">RG<\/a> anterior. O processo de atualiza\u00e7\u00e3o, que envolve tecnologias de seguran\u00e7a e integra\u00e7\u00e3o nacional de dados, refletiu diretamente no custo do servi\u00e7o.<\/p>\n<h2>Valores atualizados da emiss\u00e3o<\/h2>\n<p>No estado baiano, a emiss\u00e3o da nova <a href=\"https:\/\/www.pensarcursos.com.br\/blog\/nova-carteira-de-identidade-nacional-tera-emissao-gratuita-entre-os-dias-10-a-12-de-dezembro\/\" target=\"_blank\" rel=\"noopener\">Carteira de Identidade<\/a> passou a custar <strong>R$ 62,45<\/strong>\u00a0para a segunda via, um aumento de quase 7% em rela\u00e7\u00e3o aos\u00a0<strong>R$ 58,40<\/strong>\u00a0do modelo anterior. Vale lembrar que a\u00a0<strong>primeira via segue gratuita<\/strong>\u00a0para todos os cidad\u00e3os. Esse valor tamb\u00e9m \u00e9 praticado para reimpress\u00e3o do documento.<\/p>\n<p>Outra novidade \u00e9 a cobran\u00e7a para valida\u00e7\u00e3o ou autentica\u00e7\u00e3o de dados biom\u00e9tricos e biogr\u00e1ficos por pessoas jur\u00eddicas, que passou a ser de\u00a0<strong>R$ 5,66<\/strong>. Isso afeta especialmente empresas e servi\u00e7os que realizam checagem de identidade para evitar fraudes.<\/p>\n<h3>Locais de solicita\u00e7\u00e3o e servi\u00e7o na Bahia<\/h3>\n<p>Quem precisa emitir a nova Carteira de Identidade na Bahia deve procurar as unidades do\u00a0<strong>Servi\u00e7o de Atendimento ao Cidad\u00e3o (SAC)<\/strong>, tanto na capital quanto no interior. O Instituto de Identifica\u00e7\u00e3o Pedro Mello coordena todas essas emiss\u00f5es.<\/p>\n<p>Desde o in\u00edcio da implanta\u00e7\u00e3o, a procura foi grande e a Bahia j\u00e1 registrou mais de\u00a0<strong>2 milh\u00f5es<\/strong>\u00a0de novas carteiras emitidas nos \u00faltimos 15 meses, com destaque para outubro, quando houve recorde de 261 mil emiss\u00f5es em um \u00fanico m\u00eas.<\/p>\n<figure id=\"attachment_135426\" aria-describedby=\"caption-attachment-135426\" style=\"width: 1170px\" class=\"wp-caption aligncenter\"><img decoding=\"async\" class=\"wp-image-135426 size-full\" title=\"Valores atualizados da emiss\u00e3o\" src=\"https:\/\/www.pensarcursos.com.br\/blog\/wp-content\/uploads\/2025\/12\/TSE-2.webp\" alt=\"Modelo oficial da nova Carteira de Identidade Nacional CIN com chip eletr\u00f4nico n\u00famero RIC e dados bilingues do cidad\u00e3o.\" width=\"1170\" height=\"700\" srcset=\"https:\/\/www.pensarcursos.com.br\/blog\/wp-content\/uploads\/2025\/12\/TSE-2.webp 1170w, https:\/\/www.pensarcursos.com.br\/blog\/wp-content\/uploads\/2025\/12\/TSE-2-300x179.webp 300w, https:\/\/www.pensarcursos.com.br\/blog\/wp-content\/uploads\/2025\/12\/TSE-2-1024x613.webp 1024w, https:\/\/www.pensarcursos.com.br\/blog\/wp-content\/uploads\/2025\/12\/TSE-2-768x459.webp 768w, https:\/\/www.pensarcursos.com.br\/blog\/wp-content\/uploads\/2025\/12\/TSE-2-750x449.webp 750w, https:\/\/www.pensarcursos.com.br\/blog\/wp-content\/uploads\/2025\/12\/TSE-2-1140x682.webp 1140w\" sizes=\"(max-width: 1170px) 100vw, 1170px\" \/><figcaption id=\"caption-attachment-135426\" class=\"wp-caption-text\">A primeira via do documento \u00e9 gratuita, mas a emiss\u00e3o de segundas vias pode ter custos que variam conforme o estado. Imagem: TSE<\/figcaption><\/figure>\n<h2>Validade do antigo RG e atualiza\u00e7\u00e3o<\/h2>\n<p>A implementa\u00e7\u00e3o \u00e9 gradual. O antigo <a href=\"https:\/\/www.pensarcursos.com.br\/blog\/como-baixar-a-nova-carteira-de-identidade-no-celular-confira-o-que-voce-precisa-para-ter-o-documento-digital\/\" target=\"_blank\" rel=\"noopener\">RG<\/a> segue v\u00e1lido em todo o territ\u00f3rio nacional at\u00e9\u00a0<strong>fevereiro de 2032<\/strong>. A mudan\u00e7a \u00e9 obrigat\u00f3ria para todos, mas h\u00e1 tempo para se organizar e providenciar a nova via quando desejar, sem a necessidade de pressa.<\/p>\n<h2>Vantagens da nova Carteira de Identidade<\/h2>\n<ul>\n<li>CPF como identificador \u00fanico nacional<\/li>\n<li>Padr\u00e3o internacional para facilitar viagens ao Mercosul<\/li>\n<li>QR Code para confer\u00eancia instant\u00e2nea de dados<\/li>\n<li>Vers\u00f5es f\u00edsica e digital integradas<\/li>\n<li>Mais seguran\u00e7a contra fraudes e simplifica\u00e7\u00e3o de processos<\/li>\n<\/ul>\n<h2>Como solicitar sua Carteira de Identidade nacional<\/h2>\n<ol>\n<li>Re\u00fana a documenta\u00e7\u00e3o necess\u00e1ria (certid\u00e3o de nascimento ou casamento original, comprovante de resid\u00eancia, CPF regular).<\/li>\n<li>Agende atendimento em uma unidade do SAC \u2013 presencial ou online.<\/li>\n<li>Realize a foto e assinatura no local de atendimento.<\/li>\n<li>Ap\u00f3s finaliza\u00e7\u00e3o, acompanhe a entrega do documento conforme orienta\u00e7\u00e3o do pr\u00f3prio \u00f3rg\u00e3o emissor.<\/li>\n<\/ol>\n<p>\u00c9 importante ficar atento ao CPF: ele precisa estar regular para emiss\u00e3o da nova identidade. Em caso de d\u00favidas, a\u00a0<a href=\"https:\/\/www.gov.br\/receitafederal\" target=\"_blank\" rel=\"noopener\">Receita Federal<\/a>\u00a0disp\u00f5e de servi\u00e7o de consulta online para resolver pend\u00eancias do CPF.<\/p>\n<p>Continue no portal <a href=\"https:\/\/www.pensarcursos.com.br\/blog\/\" target=\"_blank\" rel=\"noopener\"><strong>Pensar Cursos<\/strong> <\/a>para conferir outros direitos do trabalhador<\/p>\n","protected":false},"excerpt":{"rendered":"<p>A\u00a0Carteira de Identidade Nacional, que est\u00e1 sendo gradualmente implementada em todo o Brasil, traz novidades importantes para a popula\u00e7\u00e3o. O novo modelo substitui o antigo RG e tem como principal objetivo unificar o n\u00famero de registro em todo o territ\u00f3rio, tornando o CPF o identificador \u00fanico oficial do cidad\u00e3o brasileiro. Al\u00e9m das mudan\u00e7as de seguran\u00e7a [&hellip;]<\/p>\n","protected":false},"author":41,"featured_media":135427,"comment_status":"open","ping_status":"closed","sticky":false,"template":"","format":"standard","meta":{"jnews-multi-image_gallery":[],"jnews_single_post":{"format":"standard","override":[{"template":"1","parallax":"1","fullscreen":"1","layout":"right-sidebar","sidebar":"default-sidebar","second_sidebar":"default-sidebar","sticky_sidebar":"1","share_position":"topbottom","share_float_style":"share-monocrhome","show_featured":"1","show_post_meta":"1","show_post_author":"1","show_post_author_image":"1","show_post_date":"1","post_date_format":"default","post_date_format_custom":"Y\/m\/d","show_post_category":"1","post_reading_time_wpm":"300","post_calculate_word_method":"str_word_count","show_zoom_button":"0","zoom_button_out_step":"2","zoom_button_in_step":"3","show_post_tag":"1","show_prev_next_post":"1","show_popup_post":"1","show_comment_section":"1","number_popup_post":"2","show_author_box":"1","show_post_related":"1","show_inline_post_related":"1"}],"image_override":[{"single_post_thumbnail_size":"crop-500","single_post_gallery_size":"crop-500"}],"trending_post_position":"meta","trending_post_label":"Trending","sponsored_post_label":"Sponsored by","disable_ad":"0","subtitle":"Entenda por que a nova Carteira de Identidade nacional tem valor superior ao RG tradicional"},"jnews_primary_category":[],"jnews_social_meta":[],"jnews_override_counter":{"view_counter_number":"0","share_counter_number":"0","like_counter_number":"0","dislike_counter_number":"0"},"footnotes":""},"categories":[1628,1691],"tags":[36157,2481,35349,36156,32700,36155],"class_list":["post-135425","post","type-post","status-publish","format-standard","has-post-thumbnail","hentry","category-atualidades","category-direitos-do-trabalhador","tag-cin-bahia","tag-documento-de-identidade","tag-nova-identidade-digital","tag-quanto-custa-rg","tag-rg-2025","tag-valor-carteira-identidade"],"yoast_head":"<!-- This site is optimized with the Yoast SEO Premium plugin v27.4 (Yoast SEO v27.4) - https:\/\/yoast.com\/product\/yoast-seo-premium-wordpress\/ -->\n<title>Nova Carteira de Identidade ficar\u00e1 mais cara que o antigo RG; confira valores - Blog Pensar Cursos<\/title>\n<meta name=\"description\" content=\"Nova Carteira de Identidade tem emiss\u00e3o mais cara que o antigo RG; veja quanto custa, como funciona e detalhes sobre a validade e atualiza\u00e7\u00e3o do documento.\" \/>\n<meta name=\"robots\" content=\"index, follow, max-snippet:-1, max-image-preview:large, max-video-preview:-1\" \/>\n<link rel=\"canonical\" href=\"https:\/\/www.pensarcursos.com.br\/blog\/nova-carteira-de-identidade-ficara-mais-cara-que-o-antigo-rg-confira-valores\/\" \/>\n<meta property=\"og:locale\" content=\"pt_BR\" \/>\n<meta property=\"og:type\" content=\"article\" \/>\n<meta property=\"og:title\" content=\"Nova Carteira de Identidade ficar\u00e1 mais cara que o antigo RG; confira valores\" \/>\n<meta property=\"og:description\" content=\"Nova Carteira de Identidade tem emiss\u00e3o mais cara que o antigo RG; veja quanto custa, como funciona e detalhes sobre a validade e atualiza\u00e7\u00e3o do documento.\" \/>\n<meta property=\"og:url\" content=\"https:\/\/www.pensarcursos.com.br\/blog\/nova-carteira-de-identidade-ficara-mais-cara-que-o-antigo-rg-confira-valores\/\" \/>\n<meta property=\"og:site_name\" content=\"Blog Pensar Cursos\" \/>\n<meta property=\"article:publisher\" content=\"https:\/\/www.facebook.com\/pensarcursos\/\" \/>\n<meta property=\"article:published_time\" content=\"2025-12-11T12:59:56+00:00\" \/>\n<meta property=\"og:image\" content=\"https:\/\/www.pensarcursos.com.br\/blog\/wp-content\/uploads\/2025\/12\/Nova-identidade3-1-9.png\" \/>\n\t<meta property=\"og:image:width\" content=\"1200\" \/>\n\t<meta property=\"og:image:height\" content=\"800\" \/>\n\t<meta property=\"og:image:type\" content=\"image\/png\" \/>\n<meta name=\"author\" content=\"F\u00e1tima Azevedo\" \/>\n<meta name=\"twitter:card\" content=\"summary_large_image\" \/>\n<meta name=\"twitter:label1\" content=\"Escrito por\" \/>\n\t<meta name=\"twitter:data1\" content=\"F\u00e1tima Azevedo\" \/>\n\t<meta name=\"twitter:label2\" content=\"Est. tempo de leitura\" \/>\n\t<meta name=\"twitter:data2\" content=\"4 minutos\" \/>\n<!-- \/ Yoast SEO Premium plugin. -->","yoast_head_json":{"title":"Nova Carteira de Identidade ficar\u00e1 mais cara que o antigo RG; confira valores - Blog Pensar Cursos","description":"Nova Carteira de Identidade tem emiss\u00e3o mais cara que o antigo RG; veja quanto custa, como funciona e detalhes sobre a validade e atualiza\u00e7\u00e3o do documento.","robots":{"index":"index","follow":"follow","max-snippet":"max-snippet:-1","max-image-preview":"max-image-preview:large","max-video-preview":"max-video-preview:-1"},"canonical":"https:\/\/www.pensarcursos.com.br\/blog\/nova-carteira-de-identidade-ficara-mais-cara-que-o-antigo-rg-confira-valores\/","og_locale":"pt_BR","og_type":"article","og_title":"Nova Carteira de Identidade ficar\u00e1 mais cara que o antigo RG; confira valores","og_description":"Nova Carteira de Identidade tem emiss\u00e3o mais cara que o antigo RG; veja quanto custa, como funciona e detalhes sobre a validade e atualiza\u00e7\u00e3o do documento.","og_url":"https:\/\/www.pensarcursos.com.br\/blog\/nova-carteira-de-identidade-ficara-mais-cara-que-o-antigo-rg-confira-valores\/","og_site_name":"Blog Pensar Cursos","article_publisher":"https:\/\/www.facebook.com\/pensarcursos\/","article_published_time":"2025-12-11T12:59:56+00:00","og_image":[{"width":1200,"height":800,"url":"https:\/\/www.pensarcursos.com.br\/blog\/wp-content\/uploads\/2025\/12\/Nova-identidade3-1-9.png","type":"image\/png"}],"author":"F\u00e1tima Azevedo","twitter_card":"summary_large_image","twitter_misc":{"Escrito por":"F\u00e1tima Azevedo","Est. tempo de leitura":"4 minutos"},"schema":{"@context":"https:\/\/schema.org","@graph":[{"@type":["Article","BlogPosting"],"@id":"https:\/\/www.pensarcursos.com.br\/blog\/nova-carteira-de-identidade-ficara-mais-cara-que-o-antigo-rg-confira-valores\/#article","isPartOf":{"@id":"https:\/\/www.pensarcursos.com.br\/blog\/nova-carteira-de-identidade-ficara-mais-cara-que-o-antigo-rg-confira-valores\/"},"author":{"name":"F\u00e1tima Azevedo","@id":"https:\/\/www.pensarcursos.com.br\/blog\/#\/schema\/person\/827343e4611913410dcf62144b5b2a2d"},"headline":"Nova Carteira de Identidade ficar\u00e1 mais cara que o antigo RG; confira valores","datePublished":"2025-12-11T12:59:56+00:00","mainEntityOfPage":{"@id":"https:\/\/www.pensarcursos.com.br\/blog\/nova-carteira-de-identidade-ficara-mais-cara-que-o-antigo-rg-confira-valores\/"},"wordCount":731,"commentCount":0,"publisher":{"@id":"https:\/\/www.pensarcursos.com.br\/blog\/#organization"},"image":{"@id":"https:\/\/www.pensarcursos.com.br\/blog\/nova-carteira-de-identidade-ficara-mais-cara-que-o-antigo-rg-confira-valores\/#primaryimage"},"thumbnailUrl":"https:\/\/www.pensarcursos.com.br\/blog\/wp-content\/uploads\/2025\/12\/Nova-identidade3-1-9.png","keywords":["cin bahia","documento de identidade","nova identidade digital","quanto custa rg","rg 2025","valor carteira identidade"],"articleSection":["Atualidades","Direitos do Trabalhador"],"inLanguage":"pt-BR","potentialAction":[{"@type":"CommentAction","name":"Comment","target":["https:\/\/www.pensarcursos.com.br\/blog\/nova-carteira-de-identidade-ficara-mais-cara-que-o-antigo-rg-confira-valores\/#respond"]}],"copyrightYear":"2025","copyrightHolder":{"@id":"https:\/\/www.pensarcursos.com.br\/blog\/#organization"}},{"@type":"WebPage","@id":"https:\/\/www.pensarcursos.com.br\/blog\/nova-carteira-de-identidade-ficara-mais-cara-que-o-antigo-rg-confira-valores\/","url":"https:\/\/www.pensarcursos.com.br\/blog\/nova-carteira-de-identidade-ficara-mais-cara-que-o-antigo-rg-confira-valores\/","name":"Nova Carteira de Identidade ficar\u00e1 mais cara que o antigo RG; confira valores - Blog Pensar Cursos","isPartOf":{"@id":"https:\/\/www.pensarcursos.com.br\/blog\/#website"},"primaryImageOfPage":{"@id":"https:\/\/www.pensarcursos.com.br\/blog\/nova-carteira-de-identidade-ficara-mais-cara-que-o-antigo-rg-confira-valores\/#primaryimage"},"image":{"@id":"https:\/\/www.pensarcursos.com.br\/blog\/nova-carteira-de-identidade-ficara-mais-cara-que-o-antigo-rg-confira-valores\/#primaryimage"},"thumbnailUrl":"https:\/\/www.pensarcursos.com.br\/blog\/wp-content\/uploads\/2025\/12\/Nova-identidade3-1-9.png","datePublished":"2025-12-11T12:59:56+00:00","description":"Nova Carteira de Identidade tem emiss\u00e3o mais cara que o antigo RG; veja quanto custa, como funciona e detalhes sobre a validade e atualiza\u00e7\u00e3o do documento.","breadcrumb":{"@id":"https:\/\/www.pensarcursos.com.br\/blog\/nova-carteira-de-identidade-ficara-mais-cara-que-o-antigo-rg-confira-valores\/#breadcrumb"},"inLanguage":"pt-BR","potentialAction":[{"@type":"ReadAction","target":["https:\/\/www.pensarcursos.com.br\/blog\/nova-carteira-de-identidade-ficara-mais-cara-que-o-antigo-rg-confira-valores\/"]}]},{"@type":"ImageObject","inLanguage":"pt-BR","@id":"https:\/\/www.pensarcursos.com.br\/blog\/nova-carteira-de-identidade-ficara-mais-cara-que-o-antigo-rg-confira-valores\/#primaryimage","url":"https:\/\/www.pensarcursos.com.br\/blog\/wp-content\/uploads\/2025\/12\/Nova-identidade3-1-9.png","contentUrl":"https:\/\/www.pensarcursos.com.br\/blog\/wp-content\/uploads\/2025\/12\/Nova-identidade3-1-9.png","width":1200,"height":800,"caption":"Nova Carteira de Identidade ficar\u00e1 mais cara que o antigo RG; saiba mais! Imagem: Pensar Cursos"},{"@type":"BreadcrumbList","@id":"https:\/\/www.pensarcursos.com.br\/blog\/nova-carteira-de-identidade-ficara-mais-cara-que-o-antigo-rg-confira-valores\/#breadcrumb","itemListElement":[{"@type":"ListItem","position":1,"name":"Home","item":"https:\/\/www.pensarcursos.com.br\/blog\/"},{"@type":"ListItem","position":2,"name":"Nova Carteira de Identidade ficar\u00e1 mais cara que o antigo RG; confira valores"}]},{"@type":"WebSite","@id":"https:\/\/www.pensarcursos.com.br\/blog\/#website","url":"https:\/\/www.pensarcursos.com.br\/blog\/","name":"Blog Pensar Cursos","description":"Maior Site de Cursos do Brasil","publisher":{"@id":"https:\/\/www.pensarcursos.com.br\/blog\/#organization"},"alternateName":"Blog Pensar","potentialAction":[{"@type":"SearchAction","target":{"@type":"EntryPoint","urlTemplate":"https:\/\/www.pensarcursos.com.br\/blog\/?s={search_term_string}"},"query-input":{"@type":"PropertyValueSpecification","valueRequired":true,"valueName":"search_term_string"}}],"inLanguage":"pt-BR"},{"@type":"Organization","@id":"https:\/\/www.pensarcursos.com.br\/blog\/#organization","name":"Pensar Cursos","alternateName":"Blog pensar","url":"https:\/\/www.pensarcursos.com.br\/blog\/","logo":{"@type":"ImageObject","inLanguage":"pt-BR","@id":"https:\/\/www.pensarcursos.com.br\/blog\/#\/schema\/logo\/image\/","url":"https:\/\/www.pensarcursos.com.br\/blog\/wp-content\/uploads\/2023\/11\/Nova-Logo-Pensar-Cursos-vertical.png","contentUrl":"https:\/\/www.pensarcursos.com.br\/blog\/wp-content\/uploads\/2023\/11\/Nova-Logo-Pensar-Cursos-vertical.png","width":1393,"height":1001,"caption":"Pensar Cursos"},"image":{"@id":"https:\/\/www.pensarcursos.com.br\/blog\/#\/schema\/logo\/image\/"},"sameAs":["https:\/\/www.facebook.com\/pensarcursos\/","https:\/\/instagram.com.br\/pensarcursos"],"description":"Pensar Cursos \u00e9 uma empresa especializada em oferecer cursos de alta qualidade voltados para o desenvolvimento profissional e acad\u00eamico. Com uma ampla gama de op\u00e7\u00f5es de treinamento, oferecemos conte\u00fados atualizados, ministrados por especialistas da \u00e1rea, para capacitar indiv\u00edduos e equipes a atingirem seus objetivos. Nossa miss\u00e3o \u00e9 proporcionar uma educa\u00e7\u00e3o transformadora, acess\u00edvel e personalizada para cada aluno, seja em cursos presenciais ou online. Com uma abordagem inovadora, buscamos adaptar os nossos programas de ensino \u00e0s necessidades do mercado, criando solu\u00e7\u00f5es que atendem aos desafios e exig\u00eancias do mundo corporativo e acad\u00eamico. Nossos cursos incluem desde forma\u00e7\u00f5es t\u00e9cnicas at\u00e9 habilidades essenciais, como lideran\u00e7a, gest\u00e3o e desenvolvimento pessoal.","email":"contato@pensarcursos.com.br","legalName":"Sena Servi\u00e7os de Informa\u00e7\u00e3o Online LTDA","foundingDate":"2013-04-18","vatID":"17956217000172","numberOfEmployees":{"@type":"QuantitativeValue","minValue":"11","maxValue":"50"},"publishingPrinciples":"https:\/\/www.pensarcursos.com.br\/blog\/principios-de-publicacao\/","ownershipFundingInfo":"https:\/\/www.pensarcursos.com.br\/blog\/informacoes-de-propriedade-financiamento\/","actionableFeedbackPolicy":"https:\/\/www.pensarcursos.com.br\/blog\/politica-de-feedback-acionavel\/","correctionsPolicy":"https:\/\/www.pensarcursos.com.br\/blog\/politica-de-correcoes\/","ethicsPolicy":"https:\/\/www.pensarcursos.com.br\/blog\/politica-de-etica\/"},{"@type":"Person","@id":"https:\/\/www.pensarcursos.com.br\/blog\/#\/schema\/person\/827343e4611913410dcf62144b5b2a2d","name":"F\u00e1tima Azevedo","image":{"@type":"ImageObject","inLanguage":"pt-BR","@id":"https:\/\/secure.gravatar.com\/avatar\/ea820c84e212573cc3f119ba576278fe7ad07b69ed7ca0c33223662227bb77ca?s=96&d=mm&r=g","url":"https:\/\/secure.gravatar.com\/avatar\/ea820c84e212573cc3f119ba576278fe7ad07b69ed7ca0c33223662227bb77ca?s=96&d=mm&r=g","contentUrl":"https:\/\/secure.gravatar.com\/avatar\/ea820c84e212573cc3f119ba576278fe7ad07b69ed7ca0c33223662227bb77ca?s=96&d=mm&r=g","caption":"F\u00e1tima Azevedo"},"description":"Graduada em Ci\u00eancias Biol\u00f3gicas. Professora. Redatora grupo Sena Online.","sameAs":["https:\/\/www.linkedin.com\/in\/maria-de-f\u00e1tima-oliveira-da-costa-74a1692a7"],"url":"https:\/\/www.pensarcursos.com.br\/blog\/author\/fatima\/"}]}},"_links":{"self":[{"href":"https:\/\/www.pensarcursos.com.br\/blog\/wp-json\/wp\/v2\/posts\/135425","targetHints":{"allow":["GET"]}}],"collection":[{"href":"https:\/\/www.pensarcursos.com.br\/blog\/wp-json\/wp\/v2\/posts"}],"about":[{"href":"https:\/\/www.pensarcursos.com.br\/blog\/wp-json\/wp\/v2\/types\/post"}],"author":[{"embeddable":true,"href":"https:\/\/www.pensarcursos.com.br\/blog\/wp-json\/wp\/v2\/users\/41"}],"replies":[{"embeddable":true,"href":"https:\/\/www.pensarcursos.com.br\/blog\/wp-json\/wp\/v2\/comments?post=135425"}],"version-history":[{"count":0,"href":"https:\/\/www.pensarcursos.com.br\/blog\/wp-json\/wp\/v2\/posts\/135425\/revisions"}],"wp:featuredmedia":[{"embeddable":true,"href":"https:\/\/www.pensarcursos.com.br\/blog\/wp-json\/wp\/v2\/media\/135427"}],"wp:attachment":[{"href":"https:\/\/www.pensarcursos.com.br\/blog\/wp-json\/wp\/v2\/media?parent=135425"}],"wp:term":[{"taxonomy":"category","embeddable":true,"href":"https:\/\/www.pensarcursos.com.br\/blog\/wp-json\/wp\/v2\/categories?post=135425"},{"taxonomy":"post_tag","embeddable":true,"href":"https:\/\/www.pensarcursos.com.br\/blog\/wp-json\/wp\/v2\/tags?post=135425"}],"curies":[{"name":"wp","href":"https:\/\/api.w.org\/{rel}","templated":true}]}}