{"id":135391,"date":"2025-12-11T07:59:09","date_gmt":"2025-12-11T10:59:09","guid":{"rendered":"https:\/\/www.pensarcursos.com.br\/blog\/?p=135391"},"modified":"2025-12-11T16:33:56","modified_gmt":"2025-12-11T19:33:56","slug":"portaria-do-inss-permite-extensao-temporaria-do-auxilio-doenca-sem-pericia-entenda","status":"publish","type":"post","link":"https:\/\/www.pensarcursos.com.br\/blog\/portaria-do-inss-permite-extensao-temporaria-do-auxilio-doenca-sem-pericia-entenda\/","title":{"rendered":"Portaria do INSS permite extens\u00e3o tempor\u00e1ria do aux\u00edlio-doen\u00e7a sem per\u00edcia; entenda"},"content":{"rendered":"<p>A recente portaria conjunta publicada pelo <a href=\"https:\/\/www.gov.br\/previdencia\/pt-br\" target=\"_blank\" rel=\"noopener\">Minist\u00e9rio da Previd\u00eancia Social<\/a> e pelo INSS trouxe uma novidade importante para quem depende do aux\u00edlio-doen\u00e7a. Agora, \u00e9 poss\u00edvel estender temporariamente o benef\u00edcio, concedido via sistema Atestmed, sem a necessidade de per\u00edcia m\u00e9dica presencial.<\/p>\n<p>Essa medida tem impacto direto para milhares de segurados, facilitando o processo de afastamento das atividades e dando mais agilidade ao recebimento do benef\u00edcio em situa\u00e7\u00f5es de incapacidade tempor\u00e1ria.<\/p>\n<p>Entenda abaixo como essa mudan\u00e7a funciona, quais s\u00e3o os requisitos e o que pode alterar no dia a dia do cidad\u00e3o que precisa de suporte financeiro diante de imprevistos de sa\u00fade.<\/p>\n<h2>Como funciona a extens\u00e3o tempor\u00e1ria do benef\u00edcio?<\/h2>\n<p>A portaria autoriza, de modo excepcional e transit\u00f3rio, que o prazo m\u00e1ximo de afastamento concedido exclusivamente por an\u00e1lise documental seja ampliado para <strong>at\u00e9 60 dias<\/strong>. Antes, esse limite era geralmente reduzido e sujeito \u00e0 marca\u00e7\u00e3o obrigat\u00f3ria de per\u00edcia presencial, o que gerava filas e atrasos.<\/p>\n<p>At\u00e9 abril de 2026, o segurado poder\u00e1 solicitar afastamentos que, <strong>ainda que n\u00e3o sejam consecutivos<\/strong>, contabilizem at\u00e9 60 dias mediante apresenta\u00e7\u00e3o de documentos m\u00e9dicos ou odontol\u00f3gicos v\u00e1lidos.<\/p>\n<h2>Quem pode solicitar a extens\u00e3o pelo sistema Atestmed?<\/h2>\n<p>Todos os segurados do <a href=\"https:\/\/www.pensarcursos.com.br\/blog\/calendario-do-inss-2026-ja-esta-definido-veja-como-consultar-as-datas\/\" target=\"_blank\" rel=\"noopener\">INSS<\/a> que necessitarem do benef\u00edcio por incapacidade tempor\u00e1ria podem se beneficiar do novo regramento, inclusive aqueles que j\u00e1 t\u00eam agendamento para per\u00edcia presencial.<\/p>\n<p>Se a documenta\u00e7\u00e3o estiver correta e comprovar a incapacidade, o <a href=\"https:\/\/www.pensarcursos.com.br\/blog\/inss-divulga-data-do-proximo-pagamento-de-r-8-15741-confira\/\" target=\"_blank\" rel=\"noopener\">INSS<\/a> concede o afastamento diretamente, sem obrigar o comparecimento f\u00edsico a uma unidade do \u00f3rg\u00e3o.<\/p>\n<h3>Documenta\u00e7\u00e3o exigida<\/h3>\n<p>Para requerer o afastamento pelo <a href=\"https:\/\/www.gov.br\/previdencia\/pt-br\/assuntos\/atestmed\" target=\"_blank\" rel=\"noopener\">sistema Atestmed<\/a>, o segurado precisa apresentar atestado m\u00e9dico ou odontol\u00f3gico, laudos, exames ou relat\u00f3rios que justifiquem a necessidade de afastamento.<\/p>\n<p>\u00c9 fundamental que os documentos tragam o diagn\u00f3stico, tempo previsto de recupera\u00e7\u00e3o e carimbo com identifica\u00e7\u00e3o do profissional respons\u00e1vel.<\/p>\n<figure id=\"attachment_135395\" aria-describedby=\"caption-attachment-135395\" style=\"width: 768px\" class=\"wp-caption aligncenter\"><img decoding=\"async\" class=\"wp-image-135395 size-full\" title=\"Portal Meu INSS: Acesso e Recupera\u00e7\u00e3o de Senha\" src=\"https:\/\/www.pensarcursos.com.br\/blog\/wp-content\/uploads\/2025\/12\/Atestmed.jpeg\" alt=\"P\u00e1gina do portal Meu INSS com op\u00e7\u00f5es de acesso e recupera\u00e7\u00e3o de senha online\" width=\"768\" height=\"432\" srcset=\"https:\/\/www.pensarcursos.com.br\/blog\/wp-content\/uploads\/2025\/12\/Atestmed.jpeg 768w, https:\/\/www.pensarcursos.com.br\/blog\/wp-content\/uploads\/2025\/12\/Atestmed-300x169.jpeg 300w, https:\/\/www.pensarcursos.com.br\/blog\/wp-content\/uploads\/2025\/12\/Atestmed-750x422.jpeg 750w\" sizes=\"(max-width: 768px) 100vw, 768px\" \/><figcaption id=\"caption-attachment-135395\" class=\"wp-caption-text\">Amplia\u00e7\u00e3o do aux\u00edlio pelo Atestmed traz mais agilidade ao segurado. Imagem: Portal Gov.<\/figcaption><\/figure>\n<h2>O que muda para o segurado?<\/h2>\n<p>Com a extens\u00e3o tempor\u00e1ria do prazo para o aux\u00edlio-doen\u00e7a sem per\u00edcia, o cidad\u00e3o ganha mais tempo para se recuperar de problemas de sa\u00fade comprovados, sem passar pelo estresse de um agendamento presencial.<\/p>\n<p>Outra vantagem \u00e9 a possibilidade de requerer o benef\u00edcio mais de uma vez, desde que os per\u00edodos de afastamento n\u00e3o ultrapassem 60 dias dentro do prazo de vig\u00eancia da portaria.<\/p>\n<p>Para quem tem dificuldade de locomo\u00e7\u00e3o ou mora longe dos grandes centros, a modalidade digital \u00e9 fundamental. Casos em que o documento n\u00e3o seja considerado suficiente poder\u00e3o ser convertidos para per\u00edcia presencial, com orienta\u00e7\u00e3o do INSS ao segurado.<\/p>\n<h3>Prazo de vig\u00eancia da medida<\/h3>\n<p>A portaria estabelece que a amplia\u00e7\u00e3o do prazo de afastamento ser\u00e1 v\u00e1lida por <strong>120 dias<\/strong> \u2013 prazo que, na pr\u00e1tica, vai at\u00e9 abril de 2026. Ap\u00f3s esse per\u00edodo, o \u00f3rg\u00e3o pode avaliar a necessidade de renova\u00e7\u00e3o, suspens\u00e3o ou estabelecimento de novos crit\u00e9rios, conforme an\u00e1lise do cen\u00e1rio epidemiol\u00f3gico e das necessidades administrativas.<\/p>\n<h2>Passo a passo para solicitar o benef\u00edcio pela internet<\/h2>\n<ol>\n<li>Acesse o <a href=\"https:\/\/meu.inss.gov.br\/\" target=\"_blank\" rel=\"noopener\">site Meu INSS<\/a> ou o aplicativo oficial no celular.<\/li>\n<li>Clique em \u201cPedir benef\u00edcio por incapacidade\u201d e, depois, escolha \u201cNovo requerimento\u201d.<\/li>\n<li>Anexe todos os documentos m\u00e9dicos necess\u00e1rios: atestado, exames ou laudo do profissional de sa\u00fade.<\/li>\n<li>Confirme se os dados apresentados est\u00e3o completos e corretos, especialmente datas e identifica\u00e7\u00e3o dos profissionais.<\/li>\n<li>Aguarde a an\u00e1lise documental. Caso necess\u00e1rio, voc\u00ea ser\u00e1 informado sobre ajustes nos documentos ou direcionado para agendar uma per\u00edcia presencial.<\/li>\n<\/ol>\n<h3>O que acontece se o INSS n\u00e3o aceitar a documenta\u00e7\u00e3o?<\/h3>\n<p>Sempre que a documenta\u00e7\u00e3o apresentada n\u00e3o for considerada suficiente, o \u00f3rg\u00e3o n\u00e3o indeferir\u00e1 automaticamente o benef\u00edcio. O sistema informar\u00e1 a necessidade de agendar uma avalia\u00e7\u00e3o presencial para o aprofundamento do caso. Ou seja, o segurado tem outras oportunidades de apresentar provas de sua incapacidade, evitando rejei\u00e7\u00f5es autom\u00e1ticas.<\/p>\n<h2>Direitos garantidos e observa\u00e7\u00f5es importantes<\/h2>\n<p>O sistema Atestmed foi criado para modernizar e tornar mais acess\u00edvel o acesso ao benef\u00edcio por incapacidade tempor\u00e1ria. Mesmo com a extens\u00e3o, permanece obrigat\u00f3rio apresentar documentos ver\u00eddicos e preenchidos corretamente por m\u00e9dico ou dentista habilitado. O uso de declara\u00e7\u00f5es falsas pode gerar puni\u00e7\u00f5es legais e bloqueio de futuros benef\u00edcios.<\/p>\n<p>Outro ponto relevante \u00e9 que, mesmo por an\u00e1lise documental, o segurado tem direito \u00e0 contesta\u00e7\u00e3o e recurso em caso de indeferimento do pedido, com possibilidade de apresentar novos documentos em cada etapa.<\/p>\n<p>Gostou de saber dessa not\u00edcia? Continue acompanhando o <a href=\"https:\/\/www.pensarcursos.com.br\/blog\/\" target=\"_blank\" rel=\"noopener\">Pensar Cursos<\/a> para mais novidades como essa.<\/p>\n<h2>Perguntas Frequentes<\/h2>\n<ul>\n<li><strong>Quem tem direito \u00e0 extens\u00e3o tempor\u00e1ria do aux\u00edlio por incapacidade? <\/strong>Todos os segurados do INSS que precisarem de afastamento tempor\u00e1rio, mediante apresenta\u00e7\u00e3o de documenta\u00e7\u00e3o m\u00e9dica adequada, podem solicitar a extens\u00e3o atrav\u00e9s do sistema Atestmed.<\/li>\n<li><strong>Quantos dias posso me afastar sem necessidade de per\u00edcia presencial? <\/strong>A portaria permite afastamentos por at\u00e9 60 dias, ainda que n\u00e3o consecutivos, exclusivamente via an\u00e1lise documental.<\/li>\n<li><strong>Posso solicitar o benef\u00edcio se j\u00e1 tenho per\u00edcia marcada? <\/strong>Sim. Mesmo que haja per\u00edcia presencial agendada, \u00e9 poss\u00edvel optar pela an\u00e1lise documental pelo sistema Atestmed anexando os documentos necess\u00e1rios.<\/li>\n<li><strong>O que \u00e9 exigido nos documentos m\u00e9dicos anexados? <\/strong>O atestado ou laudo deve detalhar diagn\u00f3stico, tempo estimado de afastamento e identifica\u00e7\u00e3o do profissional respons\u00e1vel, preferencialmente com CRM ou CRO.<\/li>\n<li><strong>H\u00e1 risco de indeferimento autom\u00e1tico caso a documenta\u00e7\u00e3o n\u00e3o seja aceita? <\/strong>N\u00e3o. O INSS indicar\u00e1 a necessidade de per\u00edcia presencial, oferecendo nova oportunidade de comprova\u00e7\u00e3o, sem indeferimento imediato.<\/li>\n<li><strong>Quem pode usar o Atestmed? <\/strong>Qualquer segurado que precise se afastar temporariamente do trabalho por motivos de sa\u00fade, desde que tenha documenta\u00e7\u00e3o v\u00e1lida.<\/li>\n<li><strong>O benef\u00edcio concedido \u00e9 autom\u00e1tico? <\/strong>N\u00e3o. Os documentos s\u00e3o analisados e, caso estejam corretos, o benef\u00edcio \u00e9 concedido. Sen\u00e3o, o segurado \u00e9 orientado para nova avalia\u00e7\u00e3o documental ou per\u00edcia presencial.<\/li>\n<li><strong>Como acompanhar a solicita\u00e7\u00e3o do benef\u00edcio? <\/strong>Pela plataforma Meu INSS, dispon\u00edvel em computador ou aplicativo para smartphones.<\/li>\n<li><strong>A extens\u00e3o \u00e9 v\u00e1lida para todos os tipos de benef\u00edcio? <\/strong>N\u00e3o. A medida \u00e9 aplic\u00e1vel apenas para o aux\u00edlio por incapacidade tempor\u00e1ria, antigo aux\u00edlio-doen\u00e7a.<\/li>\n<li><strong>Quando termina a validade da portaria? <\/strong>A portaria tem validade at\u00e9 abril de 2026. Ap\u00f3s esse per\u00edodo, novas regras podem ser estabelecidas pelo INSS.<\/li>\n<\/ul>\n<h3>Confira tamb\u00e9m: 7 erros que podem custar o seu benef\u00edcio!<\/h3>\n<div class=\"jeg_video_container jeg_video_content\"><iframe title=\"PER\u00cdCIA DO INSS: 7 ERROS que CUSTAM SEU BENEF\u00cdCIO! (N\u00e3o Cometa o \u00daltimo!)\" width=\"500\" height=\"281\" src=\"https:\/\/www.youtube.com\/embed\/TPHEByXnG-Q?feature=oembed\" frameborder=\"0\" allow=\"accelerometer; autoplay; clipboard-write; encrypted-media; gyroscope; picture-in-picture; web-share\" referrerpolicy=\"strict-origin-when-cross-origin\" allowfullscreen><\/iframe><\/div>\n","protected":false},"excerpt":{"rendered":"<p>A recente portaria conjunta publicada pelo Minist\u00e9rio da Previd\u00eancia Social e pelo INSS trouxe uma novidade importante para quem depende do aux\u00edlio-doen\u00e7a. Agora, \u00e9 poss\u00edvel estender temporariamente o benef\u00edcio, concedido via sistema Atestmed, sem a necessidade de per\u00edcia m\u00e9dica presencial. Essa medida tem impacto direto para milhares de segurados, facilitando o processo de afastamento das [&hellip;]<\/p>\n","protected":false},"author":59,"featured_media":135392,"comment_status":"open","ping_status":"closed","sticky":false,"template":"","format":"standard","meta":{"jnews-multi-image_gallery":[],"jnews_single_post":{"format":"standard","override":[{"template":"1","parallax":"1","fullscreen":"1","layout":"right-sidebar","sidebar":"default-sidebar","second_sidebar":"default-sidebar","sticky_sidebar":"1","share_position":"topbottom","share_float_style":"share-monocrhome","show_featured":"1","show_post_meta":"1","show_post_author":"1","show_post_author_image":"1","show_post_date":"1","post_date_format":"default","post_date_format_custom":"Y\/m\/d","show_post_category":"1","post_reading_time_wpm":"300","post_calculate_word_method":"str_word_count","show_zoom_button":"0","zoom_button_out_step":"2","zoom_button_in_step":"3","show_post_tag":"1","show_prev_next_post":"1","show_popup_post":"1","show_comment_section":"1","number_popup_post":"2","show_author_box":"1","show_post_related":"1","show_inline_post_related":"1"}],"image_override":[{"single_post_thumbnail_size":"crop-500","single_post_gallery_size":"crop-500"}],"trending_post_position":"meta","trending_post_label":"Trending","sponsored_post_label":"Sponsored by","disable_ad":"0","subtitle":"Entenda como a nova regra do INSS flexibiliza o afastamento por incapacidade tempor\u00e1ria at\u00e9 2026."},"jnews_primary_category":[],"jnews_social_meta":[],"jnews_override_counter":{"view_counter_number":"0","share_counter_number":"0","like_counter_number":"0","dislike_counter_number":"0"},"footnotes":""},"categories":[1691],"tags":[36151,5882,2263,3083,1309,3203],"class_list":["post-135391","post","type-post","status-publish","format-standard","has-post-thumbnail","hentry","category-direitos-do-trabalhador","tag-afastamento-temporario","tag-atestmed","tag-auxilio-doenca","tag-beneficios-inss","tag-inss","tag-pericia-medica"],"yoast_head":"<!-- This site is optimized with the Yoast SEO Premium plugin v27.4 (Yoast SEO v27.4) - https:\/\/yoast.com\/product\/yoast-seo-premium-wordpress\/ -->\n<title>Portaria do INSS permite extens\u00e3o tempor\u00e1ria do aux\u00edlio-doen\u00e7a sem per\u00edcia; entenda - Blog Pensar Cursos<\/title>\n<meta name=\"description\" content=\"Portaria do INSS amplia, at\u00e9 abril de 2026, o prazo do aux\u00edlio-doen\u00e7a concedido sem per\u00edcia presencial via sistema Atestmed. Saiba como funciona, quem tem direito e como solicitar.\" \/>\n<meta name=\"robots\" content=\"index, follow, max-snippet:-1, max-image-preview:large, max-video-preview:-1\" \/>\n<link rel=\"canonical\" href=\"https:\/\/www.pensarcursos.com.br\/blog\/portaria-do-inss-permite-extensao-temporaria-do-auxilio-doenca-sem-pericia-entenda\/\" \/>\n<meta property=\"og:locale\" content=\"pt_BR\" \/>\n<meta property=\"og:type\" content=\"article\" \/>\n<meta property=\"og:title\" content=\"Portaria do INSS permite extens\u00e3o tempor\u00e1ria do aux\u00edlio-doen\u00e7a sem per\u00edcia; entenda\" \/>\n<meta property=\"og:description\" content=\"Portaria do INSS amplia, at\u00e9 abril de 2026, o prazo do aux\u00edlio-doen\u00e7a concedido sem per\u00edcia presencial via sistema Atestmed. Saiba como funciona, quem tem direito e como solicitar.\" \/>\n<meta property=\"og:url\" content=\"https:\/\/www.pensarcursos.com.br\/blog\/portaria-do-inss-permite-extensao-temporaria-do-auxilio-doenca-sem-pericia-entenda\/\" \/>\n<meta property=\"og:site_name\" content=\"Blog Pensar Cursos\" \/>\n<meta property=\"article:publisher\" content=\"https:\/\/www.facebook.com\/pensarcursos\/\" \/>\n<meta property=\"article:published_time\" content=\"2025-12-11T10:59:09+00:00\" \/>\n<meta property=\"article:modified_time\" content=\"2025-12-11T19:33:56+00:00\" \/>\n<meta property=\"og:image\" content=\"https:\/\/www.pensarcursos.com.br\/blog\/wp-content\/uploads\/2025\/12\/INSS-1-7.webp\" \/>\n\t<meta property=\"og:image:width\" content=\"1200\" \/>\n\t<meta property=\"og:image:height\" content=\"800\" \/>\n\t<meta property=\"og:image:type\" content=\"image\/webp\" \/>\n<meta name=\"author\" content=\"Giovanna Costa\" \/>\n<meta name=\"twitter:card\" content=\"summary_large_image\" \/>\n<meta name=\"twitter:label1\" content=\"Escrito por\" \/>\n\t<meta name=\"twitter:data1\" content=\"Giovanna Costa\" \/>\n\t<meta name=\"twitter:label2\" content=\"Est. tempo de leitura\" \/>\n\t<meta name=\"twitter:data2\" content=\"6 minutos\" \/>\n<!-- \/ Yoast SEO Premium plugin. -->","yoast_head_json":{"title":"Portaria do INSS permite extens\u00e3o tempor\u00e1ria do aux\u00edlio-doen\u00e7a sem per\u00edcia; entenda - Blog Pensar Cursos","description":"Portaria do INSS amplia, at\u00e9 abril de 2026, o prazo do aux\u00edlio-doen\u00e7a concedido sem per\u00edcia presencial via sistema Atestmed. Saiba como funciona, quem tem direito e como solicitar.","robots":{"index":"index","follow":"follow","max-snippet":"max-snippet:-1","max-image-preview":"max-image-preview:large","max-video-preview":"max-video-preview:-1"},"canonical":"https:\/\/www.pensarcursos.com.br\/blog\/portaria-do-inss-permite-extensao-temporaria-do-auxilio-doenca-sem-pericia-entenda\/","og_locale":"pt_BR","og_type":"article","og_title":"Portaria do INSS permite extens\u00e3o tempor\u00e1ria do aux\u00edlio-doen\u00e7a sem per\u00edcia; entenda","og_description":"Portaria do INSS amplia, at\u00e9 abril de 2026, o prazo do aux\u00edlio-doen\u00e7a concedido sem per\u00edcia presencial via sistema Atestmed. Saiba como funciona, quem tem direito e como solicitar.","og_url":"https:\/\/www.pensarcursos.com.br\/blog\/portaria-do-inss-permite-extensao-temporaria-do-auxilio-doenca-sem-pericia-entenda\/","og_site_name":"Blog Pensar Cursos","article_publisher":"https:\/\/www.facebook.com\/pensarcursos\/","article_published_time":"2025-12-11T10:59:09+00:00","article_modified_time":"2025-12-11T19:33:56+00:00","og_image":[{"width":1200,"height":800,"url":"https:\/\/www.pensarcursos.com.br\/blog\/wp-content\/uploads\/2025\/12\/INSS-1-7.webp","type":"image\/webp"}],"author":"Giovanna Costa","twitter_card":"summary_large_image","twitter_misc":{"Escrito por":"Giovanna Costa","Est. tempo de leitura":"6 minutos"},"schema":{"@context":"https:\/\/schema.org","@graph":[{"@type":["Article","BlogPosting"],"@id":"https:\/\/www.pensarcursos.com.br\/blog\/portaria-do-inss-permite-extensao-temporaria-do-auxilio-doenca-sem-pericia-entenda\/#article","isPartOf":{"@id":"https:\/\/www.pensarcursos.com.br\/blog\/portaria-do-inss-permite-extensao-temporaria-do-auxilio-doenca-sem-pericia-entenda\/"},"author":{"name":"Giovanna Costa","@id":"https:\/\/www.pensarcursos.com.br\/blog\/#\/schema\/person\/a5d1be05908f7a0c04a39763af349caa"},"headline":"Portaria do INSS permite extens\u00e3o tempor\u00e1ria do aux\u00edlio-doen\u00e7a sem per\u00edcia; entenda","datePublished":"2025-12-11T10:59:09+00:00","dateModified":"2025-12-11T19:33:56+00:00","mainEntityOfPage":{"@id":"https:\/\/www.pensarcursos.com.br\/blog\/portaria-do-inss-permite-extensao-temporaria-do-auxilio-doenca-sem-pericia-entenda\/"},"wordCount":1143,"commentCount":0,"publisher":{"@id":"https:\/\/www.pensarcursos.com.br\/blog\/#organization"},"image":{"@id":"https:\/\/www.pensarcursos.com.br\/blog\/portaria-do-inss-permite-extensao-temporaria-do-auxilio-doenca-sem-pericia-entenda\/#primaryimage"},"thumbnailUrl":"https:\/\/www.pensarcursos.com.br\/blog\/wp-content\/uploads\/2025\/12\/INSS-1-7.webp","keywords":["afastamento temporario","Atestmed","auxilio doen\u00e7a","benef\u00edcios inss","INSS","per\u00edcia m\u00e9dica"],"articleSection":["Direitos do Trabalhador"],"inLanguage":"pt-BR","potentialAction":[{"@type":"CommentAction","name":"Comment","target":["https:\/\/www.pensarcursos.com.br\/blog\/portaria-do-inss-permite-extensao-temporaria-do-auxilio-doenca-sem-pericia-entenda\/#respond"]}],"copyrightYear":"2025","copyrightHolder":{"@id":"https:\/\/www.pensarcursos.com.br\/blog\/#organization"}},{"@type":"WebPage","@id":"https:\/\/www.pensarcursos.com.br\/blog\/portaria-do-inss-permite-extensao-temporaria-do-auxilio-doenca-sem-pericia-entenda\/","url":"https:\/\/www.pensarcursos.com.br\/blog\/portaria-do-inss-permite-extensao-temporaria-do-auxilio-doenca-sem-pericia-entenda\/","name":"Portaria do INSS permite extens\u00e3o tempor\u00e1ria do aux\u00edlio-doen\u00e7a sem per\u00edcia; entenda - Blog Pensar Cursos","isPartOf":{"@id":"https:\/\/www.pensarcursos.com.br\/blog\/#website"},"primaryImageOfPage":{"@id":"https:\/\/www.pensarcursos.com.br\/blog\/portaria-do-inss-permite-extensao-temporaria-do-auxilio-doenca-sem-pericia-entenda\/#primaryimage"},"image":{"@id":"https:\/\/www.pensarcursos.com.br\/blog\/portaria-do-inss-permite-extensao-temporaria-do-auxilio-doenca-sem-pericia-entenda\/#primaryimage"},"thumbnailUrl":"https:\/\/www.pensarcursos.com.br\/blog\/wp-content\/uploads\/2025\/12\/INSS-1-7.webp","datePublished":"2025-12-11T10:59:09+00:00","dateModified":"2025-12-11T19:33:56+00:00","description":"Portaria do INSS amplia, at\u00e9 abril de 2026, o prazo do aux\u00edlio-doen\u00e7a concedido sem per\u00edcia presencial via sistema Atestmed. Saiba como funciona, quem tem direito e como solicitar.","breadcrumb":{"@id":"https:\/\/www.pensarcursos.com.br\/blog\/portaria-do-inss-permite-extensao-temporaria-do-auxilio-doenca-sem-pericia-entenda\/#breadcrumb"},"inLanguage":"pt-BR","potentialAction":[{"@type":"ReadAction","target":["https:\/\/www.pensarcursos.com.br\/blog\/portaria-do-inss-permite-extensao-temporaria-do-auxilio-doenca-sem-pericia-entenda\/"]}]},{"@type":"ImageObject","inLanguage":"pt-BR","@id":"https:\/\/www.pensarcursos.com.br\/blog\/portaria-do-inss-permite-extensao-temporaria-do-auxilio-doenca-sem-pericia-entenda\/#primaryimage","url":"https:\/\/www.pensarcursos.com.br\/blog\/wp-content\/uploads\/2025\/12\/INSS-1-7.webp","contentUrl":"https:\/\/www.pensarcursos.com.br\/blog\/wp-content\/uploads\/2025\/12\/INSS-1-7.webp","width":1200,"height":800,"caption":"Veja como solicitar aux\u00edlio por an\u00e1lise documental e quais cuidados tomar. Imagem: Pensar Cursos."},{"@type":"BreadcrumbList","@id":"https:\/\/www.pensarcursos.com.br\/blog\/portaria-do-inss-permite-extensao-temporaria-do-auxilio-doenca-sem-pericia-entenda\/#breadcrumb","itemListElement":[{"@type":"ListItem","position":1,"name":"Home","item":"https:\/\/www.pensarcursos.com.br\/blog\/"},{"@type":"ListItem","position":2,"name":"Portaria do INSS permite extens\u00e3o tempor\u00e1ria do aux\u00edlio-doen\u00e7a sem per\u00edcia; entenda"}]},{"@type":"WebSite","@id":"https:\/\/www.pensarcursos.com.br\/blog\/#website","url":"https:\/\/www.pensarcursos.com.br\/blog\/","name":"Blog Pensar Cursos","description":"Maior Site de Cursos do Brasil","publisher":{"@id":"https:\/\/www.pensarcursos.com.br\/blog\/#organization"},"alternateName":"Blog Pensar","potentialAction":[{"@type":"SearchAction","target":{"@type":"EntryPoint","urlTemplate":"https:\/\/www.pensarcursos.com.br\/blog\/?s={search_term_string}"},"query-input":{"@type":"PropertyValueSpecification","valueRequired":true,"valueName":"search_term_string"}}],"inLanguage":"pt-BR"},{"@type":"Organization","@id":"https:\/\/www.pensarcursos.com.br\/blog\/#organization","name":"Pensar Cursos","alternateName":"Blog pensar","url":"https:\/\/www.pensarcursos.com.br\/blog\/","logo":{"@type":"ImageObject","inLanguage":"pt-BR","@id":"https:\/\/www.pensarcursos.com.br\/blog\/#\/schema\/logo\/image\/","url":"https:\/\/www.pensarcursos.com.br\/blog\/wp-content\/uploads\/2023\/11\/Nova-Logo-Pensar-Cursos-vertical.png","contentUrl":"https:\/\/www.pensarcursos.com.br\/blog\/wp-content\/uploads\/2023\/11\/Nova-Logo-Pensar-Cursos-vertical.png","width":1393,"height":1001,"caption":"Pensar Cursos"},"image":{"@id":"https:\/\/www.pensarcursos.com.br\/blog\/#\/schema\/logo\/image\/"},"sameAs":["https:\/\/www.facebook.com\/pensarcursos\/","https:\/\/instagram.com.br\/pensarcursos"],"description":"Pensar Cursos \u00e9 uma empresa especializada em oferecer cursos de alta qualidade voltados para o desenvolvimento profissional e acad\u00eamico. Com uma ampla gama de op\u00e7\u00f5es de treinamento, oferecemos conte\u00fados atualizados, ministrados por especialistas da \u00e1rea, para capacitar indiv\u00edduos e equipes a atingirem seus objetivos. Nossa miss\u00e3o \u00e9 proporcionar uma educa\u00e7\u00e3o transformadora, acess\u00edvel e personalizada para cada aluno, seja em cursos presenciais ou online. Com uma abordagem inovadora, buscamos adaptar os nossos programas de ensino \u00e0s necessidades do mercado, criando solu\u00e7\u00f5es que atendem aos desafios e exig\u00eancias do mundo corporativo e acad\u00eamico. Nossos cursos incluem desde forma\u00e7\u00f5es t\u00e9cnicas at\u00e9 habilidades essenciais, como lideran\u00e7a, gest\u00e3o e desenvolvimento pessoal.","email":"contato@pensarcursos.com.br","legalName":"Sena Servi\u00e7os de Informa\u00e7\u00e3o Online LTDA","foundingDate":"2013-04-18","vatID":"17956217000172","numberOfEmployees":{"@type":"QuantitativeValue","minValue":"11","maxValue":"50"},"publishingPrinciples":"https:\/\/www.pensarcursos.com.br\/blog\/principios-de-publicacao\/","ownershipFundingInfo":"https:\/\/www.pensarcursos.com.br\/blog\/informacoes-de-propriedade-financiamento\/","actionableFeedbackPolicy":"https:\/\/www.pensarcursos.com.br\/blog\/politica-de-feedback-acionavel\/","correctionsPolicy":"https:\/\/www.pensarcursos.com.br\/blog\/politica-de-correcoes\/","ethicsPolicy":"https:\/\/www.pensarcursos.com.br\/blog\/politica-de-etica\/"},{"@type":"Person","@id":"https:\/\/www.pensarcursos.com.br\/blog\/#\/schema\/person\/a5d1be05908f7a0c04a39763af349caa","name":"Giovanna Costa","image":{"@type":"ImageObject","inLanguage":"pt-BR","@id":"https:\/\/secure.gravatar.com\/avatar\/32eceabdd13a7225f5e69c9730b6ebc8660a44bfd2758a8be3a56e1f68ea838e?s=96&d=mm&r=g","url":"https:\/\/secure.gravatar.com\/avatar\/32eceabdd13a7225f5e69c9730b6ebc8660a44bfd2758a8be3a56e1f68ea838e?s=96&d=mm&r=g","contentUrl":"https:\/\/secure.gravatar.com\/avatar\/32eceabdd13a7225f5e69c9730b6ebc8660a44bfd2758a8be3a56e1f68ea838e?s=96&d=mm&r=g","caption":"Giovanna Costa"},"description":"Graduanda em Letras pela Universidade do Estado da Bahia(UNEB). Redatora grupo Sena Online","sameAs":["https:\/\/www.instagram.com\/_giovanna.costaa"],"url":"https:\/\/www.pensarcursos.com.br\/blog\/author\/giovannacosta\/"}]}},"_links":{"self":[{"href":"https:\/\/www.pensarcursos.com.br\/blog\/wp-json\/wp\/v2\/posts\/135391","targetHints":{"allow":["GET"]}}],"collection":[{"href":"https:\/\/www.pensarcursos.com.br\/blog\/wp-json\/wp\/v2\/posts"}],"about":[{"href":"https:\/\/www.pensarcursos.com.br\/blog\/wp-json\/wp\/v2\/types\/post"}],"author":[{"embeddable":true,"href":"https:\/\/www.pensarcursos.com.br\/blog\/wp-json\/wp\/v2\/users\/59"}],"replies":[{"embeddable":true,"href":"https:\/\/www.pensarcursos.com.br\/blog\/wp-json\/wp\/v2\/comments?post=135391"}],"version-history":[{"count":0,"href":"https:\/\/www.pensarcursos.com.br\/blog\/wp-json\/wp\/v2\/posts\/135391\/revisions"}],"wp:featuredmedia":[{"embeddable":true,"href":"https:\/\/www.pensarcursos.com.br\/blog\/wp-json\/wp\/v2\/media\/135392"}],"wp:attachment":[{"href":"https:\/\/www.pensarcursos.com.br\/blog\/wp-json\/wp\/v2\/media?parent=135391"}],"wp:term":[{"taxonomy":"category","embeddable":true,"href":"https:\/\/www.pensarcursos.com.br\/blog\/wp-json\/wp\/v2\/categories?post=135391"},{"taxonomy":"post_tag","embeddable":true,"href":"https:\/\/www.pensarcursos.com.br\/blog\/wp-json\/wp\/v2\/tags?post=135391"}],"curies":[{"name":"wp","href":"https:\/\/api.w.org\/{rel}","templated":true}]}}