{"id":135364,"date":"2025-12-11T07:19:57","date_gmt":"2025-12-11T10:19:57","guid":{"rendered":"https:\/\/www.pensarcursos.com.br\/blog\/?p=135364"},"modified":"2025-12-10T16:07:26","modified_gmt":"2025-12-10T19:07:26","slug":"saiu-edital-concurso-com-vagas-para-fisioterapeuta-recepcionista-psicologo-e-outros-cargos-oferece-salarios-de-ate-r-235-mil","status":"publish","type":"post","link":"https:\/\/www.pensarcursos.com.br\/blog\/saiu-edital-concurso-com-vagas-para-fisioterapeuta-recepcionista-psicologo-e-outros-cargos-oferece-salarios-de-ate-r-235-mil\/","title":{"rendered":"SAIU EDITAL! Concurso com vagas para Fisioterapeuta, Recepcionista, Psic\u00f3logo e outros cargos oferece sal\u00e1rios de at\u00e9 R$ 23,5 mil"},"content":{"rendered":"<p>O\u00a0<strong>concurso da Prefeitura Municipal<\/strong> confirma a abertura de inscri\u00e7\u00f5es para dezenas de cargos em 2025. Com remunera\u00e7\u00f5es que chegam at\u00e9 <strong>R$ 23.557,03<\/strong>, as oportunidades abrangem \u00e1reas administrativas, operacionais, sa\u00fade e educa\u00e7\u00e3o.<\/p>\n<p>Neste artigo, voc\u00ea encontra informa\u00e7\u00f5es detalhadas sobre cargos, sal\u00e1rios, etapas, datas e inscri\u00e7\u00f5es para garantir sua participa\u00e7\u00e3o. Assim, quem busca estabilidade e uma carreira p\u00fablica encontra tudo o que precisa saber para se preparar desde j\u00e1.<\/p>\n<h2>Detalhes sobre o concurso<\/h2>\n<p>O <a href=\"https:\/\/www.pensarcursos.com.br\/blog\/saiu-edital-concurso-para-nutricionista-vigia-psicologo-dentista-e-outros-cargos-oferece-salarios-de-ate-r-81-mil-inscricoes-comecam-amanha-10-12\/\">concurso<\/a> da Prefeitura Municipal disponibiliza <strong>159 vagas imediatas<\/strong>, al\u00e9m de forma\u00e7\u00e3o de cadastro reserva. O edital prev\u00ea posi\u00e7\u00f5es para profissionais de diferentes n\u00edveis de escolaridade \u2014 fundamental, m\u00e9dio e superior.<\/p>\n<p>Confira abaixo os cargos oferecidos pelo concurso:<\/p>\n<ul>\n<li>Atendente de Ber\u00e7\u00e1rio (10 vagas)<\/li>\n<li>Auxiliar de Cozinha (3 vagas)<\/li>\n<li>Auxiliar de Servi\u00e7os Gerais (16 vagas)<\/li>\n<li>Cozinheira (5 vagas)<\/li>\n<li>Operador de M\u00e1quinas Leves (2 vagas)<\/li>\n<li>Operador de M\u00e1quinas Pesadas (2 vagas)<\/li>\n<li>Operador de M\u00e1quinas Pesadas de Grande Porte (Motoniveladora e Escavadeira) (2 vagas)<\/li>\n<li>Trabalhador Bra\u00e7al (5 vagas)<\/li>\n<li>Zelador (3 vagas)<\/li>\n<li>Auxiliar de Administra\u00e7\u00e3o (5 vagas)<\/li>\n<li>Auxiliar de Mec\u00e2nico (1 vaga)<\/li>\n<li>Mec\u00e2nico (1 vaga)<\/li>\n<li>Motorista de Ve\u00edculos Leves (2 vagas)<\/li>\n<li>Motorista de Ve\u00edculos Pesados (15 vagas)<\/li>\n<li>Recepcionista (4 vagas)<\/li>\n<li>Agente de Combate \u00e0s Endemias (1 vaga)<\/li>\n<li>Auxiliar de Sa\u00fade Bucal II (2 vagas)<\/li>\n<li>Assistente de Administra\u00e7\u00e3o (5 vagas)<\/li>\n<li>Inspetor de Alunos (4 vagas)<\/li>\n<li>T\u00e9cnico em Enfermagem (4 vagas)<\/li>\n<li>T\u00e9cnico em Inform\u00e1tica (1 vaga)<\/li>\n<li>T\u00e9cnico em Gesso (1 vaga)<\/li>\n<li>T\u00e9cnico em Radiologia (1 vaga)<\/li>\n<li>Agente Comunit\u00e1rio de Sa\u00fade (1 vaga)<\/li>\n<li>Auxiliar de Sa\u00fade Bucal I (1 vaga)<\/li>\n<li>Professor de Educa\u00e7\u00e3o Especial (9 vagas)<\/li>\n<li>Professor de Hist\u00f3ria (1 vaga)<\/li>\n<li>Professor de Anos iniciais (5 vagas)<\/li>\n<li>Professor de Educa\u00e7\u00e3o F\u00edsica (7 vagas)<\/li>\n<li>Professor de Educa\u00e7\u00e3o infantil (13 vagas)<\/li>\n<li>Professor de Ingl\u00eas (1 vaga)<\/li>\n<li>Professor de L\u00edngua Portuguesa (2 vagas)<\/li>\n<li>Professor de Matem\u00e1tica (4 vagas)<\/li>\n<li>Professor de Artes (1 vaga)<\/li>\n<li>Analista de Inform\u00e1tica (1 vaga)<\/li>\n<li>Assistente Social II (2 vagas)<\/li>\n<li>Cirurgi\u00e3o Dentista II (1 vaga)<\/li>\n<li>Enfermeiro (1 vaga)<\/li>\n<li>Educador F\u00edsico II (3 vagas)<\/li>\n<li>Farmac\u00eautico (1 vaga)<\/li>\n<li>Fonoaudi\u00f3logo I (1 vaga)<\/li>\n<li>Fonoaudi\u00f3logo II (3 vagas)<\/li>\n<li>Fisioterapeuta II (2 vagas)<\/li>\n<li>M\u00e9dico Cl\u00ednico Geral II (1 vaga)<\/li>\n<li>Psic\u00f3logo II (1 vaga)<\/li>\n<li>Terapeuta Ocupacional (2 vagas)<\/li>\n<li>Auxiliar de Enfermagem<\/li>\n<li>T\u00e9cnico em Seguran\u00e7a do Trabalho<\/li>\n<li>Agente de Fiscaliza\u00e7\u00e3o<\/li>\n<li>Arquiteto<\/li>\n<li>Engenheiro Civil<\/li>\n<li>Engenheiro Sanitarista e Ambiental<\/li>\n<\/ul>\n<h2>Requisitos para se candidatar<\/h2>\n<p>Os interessados devem atender aos requisitos m\u00ednimos de escolaridade para o cargo pretendido. H\u00e1 vagas para candidatos com forma\u00e7\u00e3o em n\u00edvel fundamental incompleto e completo, m\u00e9dio\/t\u00e9cnico e superior em \u00e1reas espec\u00edficas. Al\u00e9m disso, \u00e9 necess\u00e1rio obedecer \u00e0s condi\u00e7\u00f5es estabelecidas no edital quanto \u00e0 documenta\u00e7\u00e3o, idade m\u00ednima e outros crit\u00e9rios gerais para investidura em cargo p\u00fablico.<\/p>\n<h2>Remunera\u00e7\u00e3o<\/h2>\n<p>O edital prev\u00ea sal\u00e1rios que variam conforme o cargo e a escolaridade. Veja:<\/p>\n<table>\n<thead>\n<tr>\n<th>CARGO<\/th>\n<th>REQUISITO<\/th>\n<th>SAL\u00c1RIO<\/th>\n<\/tr>\n<\/thead>\n<tbody>\n<tr>\n<td>Atendente de Ber\u00e7\u00e1rio<\/td>\n<td>Ensino fundamental incompleto \u2013 5\u00ba ano do fundamental<\/td>\n<td>R$ 2.495,98<\/td>\n<\/tr>\n<tr>\n<td>Auxiliar de Cozinha<\/td>\n<td>Ensino fundamental incompleto \u2013 5\u00ba ano do fundamental<\/td>\n<td>R$ 1.664,03<\/td>\n<\/tr>\n<tr>\n<td>Auxiliar de Servi\u00e7os Gerais<\/td>\n<td>Ensino fundamental incompleto \u2013 5\u00ba ano do fundamental<\/td>\n<td>R$ 1.664,03<\/td>\n<\/tr>\n<tr>\n<td>Cozinheira<\/td>\n<td>Ensino fundamental incompleto \u2013 5\u00ba ano do fundamental<\/td>\n<td>R$ 1.767,97<\/td>\n<\/tr>\n<tr>\n<td>Operador de M\u00e1quinas Leves<\/td>\n<td>Ensino fundamental incompleto &#8211; 2\u00ba ano do fundamental &#8211; CNH \u201cB\u201d<\/td>\n<td>R$ 2.703,99<\/td>\n<\/tr>\n<tr>\n<td>Operador de M\u00e1quinas Pesadas<\/td>\n<td>Ensino fundamental incompleto &#8211; 2\u00ba ano do fundamental &#8211; CNH \u201cC\u201d<\/td>\n<td>R$ 3.640,00<\/td>\n<\/tr>\n<tr>\n<td>Operador de M\u00e1quinas Pesadas de Grande Porte (Motoniveladora e Escavadeira)<\/td>\n<td>Ensino fundamental incompleto &#8211; 2\u00ba ano do fundamental &#8211; CNH \u201cD\u201d<\/td>\n<td>R$ 4.264,00<\/td>\n<\/tr>\n<tr>\n<td>Trabalhador Bra\u00e7al<\/td>\n<td>Ensino fundamental incompleto \u2013 2\u00ba ano do fundamental<\/td>\n<td>R$ 1.664,03<\/td>\n<\/tr>\n<tr>\n<td>Zelador<\/td>\n<td>Ensino fundamental incompleto \u2013 5\u00ba ano do fundamental<\/td>\n<td>R$ 1.664,03<\/td>\n<\/tr>\n<tr>\n<td>Auxiliar de Administra\u00e7\u00e3o<\/td>\n<td>Ensino fundamental completo<\/td>\n<td>R$ 1.871,99<\/td>\n<\/tr>\n<tr>\n<td>Auxiliar de Enfermagem<\/td>\n<td>Ensino fundamental completo c\/ registro no COREN<\/td>\n<td>R$ 2.495,98<\/td>\n<\/tr>\n<tr>\n<td>Auxiliar de Mec\u00e2nico<\/td>\n<td>Ensino fundamental completo<\/td>\n<td>R$ 2.495,98<\/td>\n<\/tr>\n<tr>\n<td>Mec\u00e2nico<\/td>\n<td>Ensino fundamental completo<\/td>\n<td>R$ 3.119,99<\/td>\n<\/tr>\n<tr>\n<td>Motorista de Ve\u00edculos Leves<\/td>\n<td>Ensino fundamental completo c\/ CNH \u201cC\u201d<\/td>\n<td>R$ 2.703,99<\/td>\n<\/tr>\n<tr>\n<td>Motorista de Ve\u00edculos Pesados<\/td>\n<td>Ensino fundamental completo c\/ CNH \u201cD\u201d<\/td>\n<td>R$ 3.119,99<\/td>\n<\/tr>\n<tr>\n<td>Recepcionista<\/td>\n<td>Ensino fundamental completo<\/td>\n<td>R$ 1.871,99<\/td>\n<\/tr>\n<tr>\n<td>Agente de Combate a Endemias<\/td>\n<td>Ensino m\u00e9dio completo<\/td>\n<td>R$ 3.119,99<\/td>\n<\/tr>\n<tr>\n<td>Auxiliar de Sa\u00fade Bucal II<\/td>\n<td>Ensino m\u00e9dio completo c\/ registro no CRO<\/td>\n<td>R$ 2.495,98<\/td>\n<\/tr>\n<tr>\n<td>Assistente de Administra\u00e7\u00e3o<\/td>\n<td>Ensino m\u00e9dio completo<\/td>\n<td>R$ 2.495,98<\/td>\n<\/tr>\n<tr>\n<td>Inspetor de Alunos<\/td>\n<td>Ensino m\u00e9dio completo<\/td>\n<td>R$ 2.495,98<\/td>\n<\/tr>\n<tr>\n<td>T\u00e9cnico em Enfermagem<\/td>\n<td>Ensino m\u00e9dio t\u00e9cnico completo e registro no COREN<\/td>\n<td>R$ 3.119,99<\/td>\n<\/tr>\n<tr>\n<td>T\u00e9cnico em Inform\u00e1tica<\/td>\n<td>Ensino m\u00e9dio completo com curso de T.I (m\u00edn. 1.000 horas)<\/td>\n<td>R$ 3.119,99<\/td>\n<\/tr>\n<tr>\n<td>T\u00e9cnico em Gesso<\/td>\n<td>Ensino m\u00e9dio completo com curso t\u00e9cnico em gesso (m\u00edn. 1.000 horas)<\/td>\n<td>R$ 3.640,00<\/td>\n<\/tr>\n<tr>\n<td>T\u00e9cnico em Radiologia<\/td>\n<td>Ensino m\u00e9dio t\u00e9cnico c\/ registro no CTR<\/td>\n<td>R$ 3.640,00<\/td>\n<\/tr>\n<tr>\n<td>T\u00e9cnico em Seguran\u00e7a do Trabalho<\/td>\n<td>Ensino m\u00e9dio t\u00e9cnico c\/ registro no MTE<\/td>\n<td>R$ 3.640,00<\/td>\n<\/tr>\n<tr>\n<td>Agente Comunit\u00e1rio de Sa\u00fade<\/td>\n<td>Ensino m\u00e9dio completo e comprovar residir na \u00e1rea de atua\u00e7\u00e3o<\/td>\n<td>R$ 3.119,99<\/td>\n<\/tr>\n<tr>\n<td>Auxiliar de Sa\u00fade Bucal I<\/td>\n<td>Ensino m\u00e9dio completo c\/ registro no CRO<\/td>\n<td>R$ 1.664,03<\/td>\n<\/tr>\n<tr>\n<td>Professor de Educa\u00e7\u00e3o Especial<\/td>\n<td>Licenciatura plena c\/ habilita\u00e7\u00e3o para educa\u00e7\u00e3o especial<\/td>\n<td>R$ 3.085,40<\/td>\n<\/tr>\n<tr>\n<td>Professor de Hist\u00f3ria<\/td>\n<td>Licenciatura plena em Hist\u00f3ria<\/td>\n<td>R$ 3.085,40<\/td>\n<\/tr>\n<tr>\n<td>Professor de Anos Iniciais<\/td>\n<td>Licenciatura plena c\/ habilita\u00e7\u00e3o para anos iniciais<\/td>\n<td>R$ 3.085,40<\/td>\n<\/tr>\n<tr>\n<td>Professor de Educa\u00e7\u00e3o F\u00edsica<\/td>\n<td>Licenciatura plena c\/ registro no CREF<\/td>\n<td>R$ 3.085,40<\/td>\n<\/tr>\n<tr>\n<td>Professor de Educa\u00e7\u00e3o Infantil<\/td>\n<td>Licenciatura plena c\/ habilita\u00e7\u00e3o para educa\u00e7\u00e3o infantil<\/td>\n<td>R$ 3.085,40<\/td>\n<\/tr>\n<tr>\n<td>Professor de Ingl\u00eas<\/td>\n<td>Licenciatura plena em Letras c\/ habilita\u00e7\u00e3o em Ingl\u00eas<\/td>\n<td>R$ 3.085,40<\/td>\n<\/tr>\n<tr>\n<td>Professor de L\u00edngua Portuguesa<\/td>\n<td>Licenciatura plena em Letras c\/ habilita\u00e7\u00e3o em l\u00edngua portuguesa<\/td>\n<td>R$ 3.085,40<\/td>\n<\/tr>\n<tr>\n<td>Professor de Matem\u00e1tica<\/td>\n<td>Licenciatura plena em Matem\u00e1tica<\/td>\n<td>R$ 3.085,40<\/td>\n<\/tr>\n<tr>\n<td>Professor de Artes<\/td>\n<td>Licenciatura plena em Artes ou Educa\u00e7\u00e3o Art\u00edstica<\/td>\n<td>R$ 3.085,40<\/td>\n<\/tr>\n<tr>\n<td>Agente de Fiscaliza\u00e7\u00e3o<\/td>\n<td>Curso superior completo<\/td>\n<td>R$ 6.239,97<\/td>\n<\/tr>\n<tr>\n<td>Analista de Inform\u00e1tica<\/td>\n<td>Curso superior completo na \u00e1rea de Inform\u00e1tica<\/td>\n<td>R$ 4.264,00<\/td>\n<\/tr>\n<tr>\n<td>Arquiteto<\/td>\n<td>Curso superior em Arquitetura e Urbanismo + registro no CAU<\/td>\n<td>R$ 8.527,97<\/td>\n<\/tr>\n<tr>\n<td>Assistente Social II<\/td>\n<td>Curso superior completo c\/ registro no CRESS<\/td>\n<td>R$ 4.783,96<\/td>\n<\/tr>\n<tr>\n<td>Cirurgi\u00e3o Dentista II<\/td>\n<td>Curso superior em Odontologia + registro no CRO<\/td>\n<td>R$ 8.527,97<\/td>\n<\/tr>\n<tr>\n<td>Enfermeiro<\/td>\n<td>Curso superior em Enfermagem + registro no COREN<\/td>\n<td>R$ 4.783,96<\/td>\n<\/tr>\n<tr>\n<td>Engenheiro Civil<\/td>\n<td>Curso superior em Engenharia Civil + registro<\/td>\n<td>R$ 8.527,97<\/td>\n<\/tr>\n<tr>\n<td>Fonoaudi\u00f3logo II<\/td>\n<td>Curso superior em Fonoaudiologia + registro no CRFa<\/td>\n<td>R$ 4.783,96<\/td>\n<\/tr>\n<tr>\n<td>Fisioterapeuta II<\/td>\n<td>Curso superior em Fisioterapia + registro no CREFITO<\/td>\n<td>R$ 4.783,96<\/td>\n<\/tr>\n<tr>\n<td>Terapeuta Ocupacional<\/td>\n<td>Curso superior + registro ativo<\/td>\n<td>R$ 4.783,96<\/td>\n<\/tr>\n<tr>\n<td>Engenheiro Sanitarista e Ambiental<\/td>\n<td>Curso superior completo + registro no CREA<\/td>\n<td>R$ 6.239,97<\/td>\n<\/tr>\n<tr>\n<td>Educador F\u00edsico II<\/td>\n<td>Curso superior em Educa\u00e7\u00e3o F\u00edsica (Bacharel)<\/td>\n<td>R$ 4.783,96<\/td>\n<\/tr>\n<tr>\n<td>Farmac\u00eautico<\/td>\n<td>Curso superior em Farm\u00e1cia + registro no CRF<\/td>\n<td>R$ 4.783,96<\/td>\n<\/tr>\n<tr>\n<td>Fonoaudi\u00f3logo I<\/td>\n<td>Curso superior em Fonoaudiologia + registro no CRFa<\/td>\n<td>R$ 2.495,98<\/td>\n<\/tr>\n<tr>\n<td>M\u00e9dico Cl\u00ednico Geral II<\/td>\n<td>Curso superior em Medicina + registro no CRM<\/td>\n<td>R$ 23.557,03<\/td>\n<\/tr>\n<tr>\n<td>Psic\u00f3logo II<\/td>\n<td>Curso superior em Psicologia + registro no CRP<\/td>\n<td>R$ 5.408,00<\/td>\n<\/tr>\n<\/tbody>\n<\/table>\n<figure id=\"attachment_135371\" aria-describedby=\"caption-attachment-135371\" style=\"width: 1500px\" class=\"wp-caption aligncenter\"><img decoding=\"async\" class=\"wp-image-135371 size-full\" title=\"()\" src=\"https:\/\/www.pensarcursos.com.br\/blog\/wp-content\/uploads\/2025\/12\/27362-3-3.jpg\" alt=\"Duas m\u00e3os femininas com unhas francesas digitando no teclado de um laptop cinza escuro sobre mesa preta.\" width=\"1500\" height=\"1000\" srcset=\"https:\/\/www.pensarcursos.com.br\/blog\/wp-content\/uploads\/2025\/12\/27362-3-3.jpg 1500w, https:\/\/www.pensarcursos.com.br\/blog\/wp-content\/uploads\/2025\/12\/27362-3-3-300x200.jpg 300w, https:\/\/www.pensarcursos.com.br\/blog\/wp-content\/uploads\/2025\/12\/27362-3-3-1024x683.jpg 1024w, https:\/\/www.pensarcursos.com.br\/blog\/wp-content\/uploads\/2025\/12\/27362-3-3-768x512.jpg 768w, https:\/\/www.pensarcursos.com.br\/blog\/wp-content\/uploads\/2025\/12\/27362-3-3-750x500.jpg 750w, https:\/\/www.pensarcursos.com.br\/blog\/wp-content\/uploads\/2025\/12\/27362-3-3-1140x760.jpg 1140w\" sizes=\"(max-width: 1500px) 100vw, 1500px\" \/><figcaption id=\"caption-attachment-135371\" class=\"wp-caption-text\">Saiba como se inscrever no concurso da Prefeitura Municipal de Para\u00edso das \u00c1guas. Imagem: Freepik<\/figcaption><\/figure>\n<h2>Inscri\u00e7\u00f5es<\/h2>\n<p>As inscri\u00e7\u00f5es para o concurso da Prefeitura de Para\u00edso das \u00c1guas, no estado do Mato Grosso do Sul (MS), acontecem entre 13 de dezembro de 2025 e 15 de janeiro de 2026, exclusivamente pelo site da <a href=\"https:\/\/www.fundacaofafipa.org.br\/informacoes\/4127\/\" target=\"_blank\" rel=\"noopener\">Funda\u00e7\u00e3o Fafipa<\/a>. O valor da taxa de inscri\u00e7\u00e3o \u00e9 de R$ 90,00 para todos os cargos.<\/p>\n<h2>Processo de sele\u00e7\u00e3o<\/h2>\n<p>A sele\u00e7\u00e3o ser\u00e1 composta por prova objetiva, prevista para <strong>1 de fevereiro de 2026<\/strong>. Al\u00e9m disso, para alguns cargos ocorre prova discursiva, pr\u00e1tica e an\u00e1lise de t\u00edtulos.<\/p>\n<p>A defini\u00e7\u00e3o das etapas varia conforme a fun\u00e7\u00e3o escolhida pelo candidato, sempre conforme as orienta\u00e7\u00f5es detalhadas em edital.<\/p>\n<h2>Resumo do concurso<\/h2>\n<table>\n<tbody>\n<tr>\n<th>Status<\/th>\n<td>Aberto<\/td>\n<\/tr>\n<tr>\n<th>Banca<\/th>\n<td><a href=\"https:\/\/www.fundacaofafipa.org.br\/informacoes\/4127\/\" target=\"_blank\" rel=\"noopener\">Funda\u00e7\u00e3o Fafipa<\/a><\/td>\n<\/tr>\n<tr>\n<th>Cargos<\/th>\n<td>Fisioterapeuta II, Recepcionista, Psic\u00f3logo II, v\u00e1rios outros<\/td>\n<\/tr>\n<tr>\n<th>Escolaridade<\/th>\n<td>Fundamental, M\u00e9dio\/T\u00e9cnico, Superior<\/td>\n<\/tr>\n<tr>\n<th>Vagas<\/th>\n<td>159 imediatas + cadastro de reserva<\/td>\n<\/tr>\n<tr>\n<th>Sal\u00e1rio Inicial<\/th>\n<td>De R$ 1.664,03 at\u00e9 R$ 23.557,03<\/td>\n<\/tr>\n<tr>\n<th>Inscri\u00e7\u00f5es<\/th>\n<td>13\/12\/2025 a 15\/01\/2026<\/td>\n<\/tr>\n<tr>\n<th>Taxa inscri\u00e7\u00e3o<\/th>\n<td>R$ 90,00<\/td>\n<\/tr>\n<tr>\n<th>Data da prova objetiva<\/th>\n<td>01\/02\/2026<\/td>\n<\/tr>\n<tr>\n<th>Edital<\/th>\n<td><a href=\"https:\/\/www.pensarcursos.com.br\/blog\/wp-content\/uploads\/2025\/12\/Paraiso-das-Aguas.pdf\" target=\"_blank\" rel=\"noopener\">Edital do concurso da Prefeitura de Para\u00edso das \u00c1guas<\/a><\/td>\n<\/tr>\n<\/tbody>\n<\/table>\n<h2>Validade<\/h2>\n<p>O <a href=\"https:\/\/www.pensarcursos.com.br\/blog\/concurso-guarda-municipal-com-salario-de-r-21-mil-encerra-inscricoes-nesta-quinta-feira-11-12\/\">concurso<\/a> da Prefeitura de Para\u00edso das \u00c1guas ter\u00e1 validade de dois anos a partir da homologa\u00e7\u00e3o, podendo ser prorrogado por igual per\u00edodo, a crit\u00e9rio da Administra\u00e7\u00e3o Municipal. Dessa forma, os candidatos aprovados podem ser chamados durante todo esse prazo.<\/p>\n<h2>Cronograma \u2013 Datas principais<\/h2>\n<ul>\n<li><strong>Inscri\u00e7\u00f5es:<\/strong>\u00a013\/12\/2025 a 15\/01\/2026<\/li>\n<li><strong>\u00daltimo dia para pagamento:<\/strong>\u00a016\/01\/2026<\/li>\n<li><strong>Prova objetiva:<\/strong>\u00a001\/02\/2026<\/li>\n<\/ul>\n<p>Para conferir mais oportunidades como esta, acesse o <a href=\"https:\/\/www.pensarcursos.com.br\/blog\/\"><strong>Pensar Cursos<\/strong> <\/a>diariamente!<\/p>\n<div class=\"jeg_video_container jeg_video_content\"><iframe title=\"URGENTE: 5 CONCURSOS com EDITAL IMINENTE! TCE RN, PC RJ e +\" width=\"500\" height=\"281\" src=\"https:\/\/www.youtube.com\/embed\/K84rhWjG0nA?start=287&#038;feature=oembed\" frameborder=\"0\" allow=\"accelerometer; autoplay; clipboard-write; encrypted-media; gyroscope; picture-in-picture; web-share\" referrerpolicy=\"strict-origin-when-cross-origin\" allowfullscreen><\/iframe><\/div>\n","protected":false},"excerpt":{"rendered":"<p>O\u00a0concurso da Prefeitura Municipal confirma a abertura de inscri\u00e7\u00f5es para dezenas de cargos em 2025. Com remunera\u00e7\u00f5es que chegam at\u00e9 R$ 23.557,03, as oportunidades abrangem \u00e1reas administrativas, operacionais, sa\u00fade e educa\u00e7\u00e3o. Neste artigo, voc\u00ea encontra informa\u00e7\u00f5es detalhadas sobre cargos, sal\u00e1rios, etapas, datas e inscri\u00e7\u00f5es para garantir sua participa\u00e7\u00e3o. Assim, quem busca estabilidade e uma carreira [&hellip;]<\/p>\n","protected":false},"author":17,"featured_media":135369,"comment_status":"open","ping_status":"closed","sticky":false,"template":"","format":"standard","meta":{"jnews-multi-image_gallery":[],"jnews_single_post":{"subtitle":"As provas ser\u00e3o aplicadas em 2026; saiba mais!","format":"standard","override":[{"template":"1","parallax":"1","fullscreen":"1","layout":"right-sidebar","sidebar":"default-sidebar","second_sidebar":"default-sidebar","sticky_sidebar":"1","share_position":"topbottom","share_float_style":"share-monocrhome","show_featured":"1","show_post_meta":"1","show_post_author":"1","show_post_author_image":"1","show_post_date":"1","post_date_format":"default","post_date_format_custom":"Y\/m\/d","show_post_category":"1","post_reading_time_wpm":"300","post_calculate_word_method":"str_word_count","show_zoom_button":"0","zoom_button_out_step":"2","zoom_button_in_step":"3","show_post_tag":"1","show_prev_next_post":"1","show_popup_post":"1","show_comment_section":"1","number_popup_post":"2","show_author_box":"1","show_post_related":"1","show_inline_post_related":"1"}],"image_override":[{"single_post_thumbnail_size":"crop-500","single_post_gallery_size":"crop-500"}],"trending_post_position":"meta","trending_post_label":"Trending","sponsored_post_label":"Sponsored by","disable_ad":"0"},"jnews_primary_category":[],"jnews_social_meta":[],"jnews_override_counter":{"view_counter_number":"0","share_counter_number":"0","like_counter_number":"0","dislike_counter_number":"0"},"footnotes":""},"categories":[29],"tags":[36145,36148,36147,36146],"class_list":["post-135364","post","type-post","status-publish","format-standard","has-post-thumbnail","hentry","category-concursos","tag-edital-concurso-da-prefeitura-de-paraiso-das-aguas","tag-profissoes-concurso-da-prefeitura-de-paraiso-das-aguas","tag-salarios-concurso-da-prefeitura-de-paraiso-das-aguas","tag-vagas-concurso-da-prefeitura-de-paraiso-das-aguas"],"yoast_head":"<!-- This site is optimized with the Yoast SEO Premium plugin v27.4 (Yoast SEO v27.4) - https:\/\/yoast.com\/product\/yoast-seo-premium-wordpress\/ -->\n<title>SAIU EDITAL! Concurso com vagas para Fisioterapeuta, Recepcionista, Psic\u00f3logo e outros cargos oferece sal\u00e1rios de at\u00e9 R$ 23,5 mil - Blog Pensar Cursos<\/title>\n<meta name=\"description\" content=\"Saiba tudo sobre o concurso da Prefeitura Municipal: vagas, sal\u00e1rios de at\u00e9 R$ 23,5 mil, inscri\u00e7\u00f5es e etapas. Prepare-se agora e aumente suas chances!\" \/>\n<meta name=\"robots\" content=\"index, follow, max-snippet:-1, max-image-preview:large, max-video-preview:-1\" \/>\n<link rel=\"canonical\" href=\"https:\/\/www.pensarcursos.com.br\/blog\/saiu-edital-concurso-com-vagas-para-fisioterapeuta-recepcionista-psicologo-e-outros-cargos-oferece-salarios-de-ate-r-235-mil\/\" \/>\n<meta property=\"og:locale\" content=\"pt_BR\" \/>\n<meta property=\"og:type\" content=\"article\" \/>\n<meta property=\"og:title\" content=\"SAIU EDITAL! Concurso com vagas para Fisioterapeuta, Recepcionista, Psic\u00f3logo e outros cargos oferece sal\u00e1rios de at\u00e9 R$ 23,5 mil\" \/>\n<meta property=\"og:description\" content=\"Saiba tudo sobre o concurso da Prefeitura Municipal: vagas, sal\u00e1rios de at\u00e9 R$ 23,5 mil, inscri\u00e7\u00f5es e etapas. Prepare-se agora e aumente suas chances!\" \/>\n<meta property=\"og:url\" content=\"https:\/\/www.pensarcursos.com.br\/blog\/saiu-edital-concurso-com-vagas-para-fisioterapeuta-recepcionista-psicologo-e-outros-cargos-oferece-salarios-de-ate-r-235-mil\/\" \/>\n<meta property=\"og:site_name\" content=\"Blog Pensar Cursos\" \/>\n<meta property=\"article:publisher\" content=\"https:\/\/www.facebook.com\/pensarcursos\/\" \/>\n<meta property=\"article:author\" content=\"https:\/\/www.facebook.com\/profile.php?id=61550018262414\" \/>\n<meta property=\"article:published_time\" content=\"2025-12-11T10:19:57+00:00\" \/>\n<meta property=\"og:image\" content=\"https:\/\/www.pensarcursos.com.br\/blog\/wp-content\/uploads\/2025\/12\/Concurso-P4-1-8.png\" \/>\n\t<meta property=\"og:image:width\" content=\"1200\" \/>\n\t<meta property=\"og:image:height\" content=\"800\" \/>\n\t<meta property=\"og:image:type\" content=\"image\/png\" \/>\n<meta name=\"author\" content=\"Gorete Costa\" \/>\n<meta name=\"twitter:card\" content=\"summary_large_image\" \/>\n<meta name=\"twitter:label1\" content=\"Escrito por\" \/>\n\t<meta name=\"twitter:data1\" content=\"Gorete Costa\" \/>\n\t<meta name=\"twitter:label2\" content=\"Est. tempo de leitura\" \/>\n\t<meta name=\"twitter:data2\" content=\"8 minutos\" \/>\n<!-- \/ Yoast SEO Premium plugin. -->","yoast_head_json":{"title":"SAIU EDITAL! Concurso com vagas para Fisioterapeuta, Recepcionista, Psic\u00f3logo e outros cargos oferece sal\u00e1rios de at\u00e9 R$ 23,5 mil - Blog Pensar Cursos","description":"Saiba tudo sobre o concurso da Prefeitura Municipal: vagas, sal\u00e1rios de at\u00e9 R$ 23,5 mil, inscri\u00e7\u00f5es e etapas. Prepare-se agora e aumente suas chances!","robots":{"index":"index","follow":"follow","max-snippet":"max-snippet:-1","max-image-preview":"max-image-preview:large","max-video-preview":"max-video-preview:-1"},"canonical":"https:\/\/www.pensarcursos.com.br\/blog\/saiu-edital-concurso-com-vagas-para-fisioterapeuta-recepcionista-psicologo-e-outros-cargos-oferece-salarios-de-ate-r-235-mil\/","og_locale":"pt_BR","og_type":"article","og_title":"SAIU EDITAL! Concurso com vagas para Fisioterapeuta, Recepcionista, Psic\u00f3logo e outros cargos oferece sal\u00e1rios de at\u00e9 R$ 23,5 mil","og_description":"Saiba tudo sobre o concurso da Prefeitura Municipal: vagas, sal\u00e1rios de at\u00e9 R$ 23,5 mil, inscri\u00e7\u00f5es e etapas. Prepare-se agora e aumente suas chances!","og_url":"https:\/\/www.pensarcursos.com.br\/blog\/saiu-edital-concurso-com-vagas-para-fisioterapeuta-recepcionista-psicologo-e-outros-cargos-oferece-salarios-de-ate-r-235-mil\/","og_site_name":"Blog Pensar Cursos","article_publisher":"https:\/\/www.facebook.com\/pensarcursos\/","article_author":"https:\/\/www.facebook.com\/profile.php?id=61550018262414","article_published_time":"2025-12-11T10:19:57+00:00","og_image":[{"width":1200,"height":800,"url":"https:\/\/www.pensarcursos.com.br\/blog\/wp-content\/uploads\/2025\/12\/Concurso-P4-1-8.png","type":"image\/png"}],"author":"Gorete Costa","twitter_card":"summary_large_image","twitter_misc":{"Escrito por":"Gorete Costa","Est. tempo de leitura":"8 minutos"},"schema":{"@context":"https:\/\/schema.org","@graph":[{"@type":["Article","BlogPosting"],"@id":"https:\/\/www.pensarcursos.com.br\/blog\/saiu-edital-concurso-com-vagas-para-fisioterapeuta-recepcionista-psicologo-e-outros-cargos-oferece-salarios-de-ate-r-235-mil\/#article","isPartOf":{"@id":"https:\/\/www.pensarcursos.com.br\/blog\/saiu-edital-concurso-com-vagas-para-fisioterapeuta-recepcionista-psicologo-e-outros-cargos-oferece-salarios-de-ate-r-235-mil\/"},"author":{"name":"Gorete Costa","@id":"https:\/\/www.pensarcursos.com.br\/blog\/#\/schema\/person\/e133b19d62595d6ab0c12f3e5436a7bb"},"headline":"SAIU EDITAL! Concurso com vagas para Fisioterapeuta, Recepcionista, Psic\u00f3logo e outros cargos oferece sal\u00e1rios de at\u00e9 R$ 23,5 mil","datePublished":"2025-12-11T10:19:57+00:00","mainEntityOfPage":{"@id":"https:\/\/www.pensarcursos.com.br\/blog\/saiu-edital-concurso-com-vagas-para-fisioterapeuta-recepcionista-psicologo-e-outros-cargos-oferece-salarios-de-ate-r-235-mil\/"},"wordCount":1378,"commentCount":0,"publisher":{"@id":"https:\/\/www.pensarcursos.com.br\/blog\/#organization"},"image":{"@id":"https:\/\/www.pensarcursos.com.br\/blog\/saiu-edital-concurso-com-vagas-para-fisioterapeuta-recepcionista-psicologo-e-outros-cargos-oferece-salarios-de-ate-r-235-mil\/#primaryimage"},"thumbnailUrl":"https:\/\/www.pensarcursos.com.br\/blog\/wp-content\/uploads\/2025\/12\/Concurso-P4-1-8.png","keywords":["edital concurso da prefeitura de para\u00edso das \u00e1guas","profiss\u00f5es concurso da prefeitura de para\u00edso das \u00e1guas","sal\u00e1rios concurso da prefeitura de para\u00edso das \u00e1guas","vagas concurso da prefeitura de para\u00edso das \u00e1guas"],"articleSection":["Concursos P\u00fablicos"],"inLanguage":"pt-BR","potentialAction":[{"@type":"CommentAction","name":"Comment","target":["https:\/\/www.pensarcursos.com.br\/blog\/saiu-edital-concurso-com-vagas-para-fisioterapeuta-recepcionista-psicologo-e-outros-cargos-oferece-salarios-de-ate-r-235-mil\/#respond"]}],"copyrightYear":"2025","copyrightHolder":{"@id":"https:\/\/www.pensarcursos.com.br\/blog\/#organization"}},{"@type":"WebPage","@id":"https:\/\/www.pensarcursos.com.br\/blog\/saiu-edital-concurso-com-vagas-para-fisioterapeuta-recepcionista-psicologo-e-outros-cargos-oferece-salarios-de-ate-r-235-mil\/","url":"https:\/\/www.pensarcursos.com.br\/blog\/saiu-edital-concurso-com-vagas-para-fisioterapeuta-recepcionista-psicologo-e-outros-cargos-oferece-salarios-de-ate-r-235-mil\/","name":"SAIU EDITAL! Concurso com vagas para Fisioterapeuta, Recepcionista, Psic\u00f3logo e outros cargos oferece sal\u00e1rios de at\u00e9 R$ 23,5 mil - Blog Pensar Cursos","isPartOf":{"@id":"https:\/\/www.pensarcursos.com.br\/blog\/#website"},"primaryImageOfPage":{"@id":"https:\/\/www.pensarcursos.com.br\/blog\/saiu-edital-concurso-com-vagas-para-fisioterapeuta-recepcionista-psicologo-e-outros-cargos-oferece-salarios-de-ate-r-235-mil\/#primaryimage"},"image":{"@id":"https:\/\/www.pensarcursos.com.br\/blog\/saiu-edital-concurso-com-vagas-para-fisioterapeuta-recepcionista-psicologo-e-outros-cargos-oferece-salarios-de-ate-r-235-mil\/#primaryimage"},"thumbnailUrl":"https:\/\/www.pensarcursos.com.br\/blog\/wp-content\/uploads\/2025\/12\/Concurso-P4-1-8.png","datePublished":"2025-12-11T10:19:57+00:00","description":"Saiba tudo sobre o concurso da Prefeitura Municipal: vagas, sal\u00e1rios de at\u00e9 R$ 23,5 mil, inscri\u00e7\u00f5es e etapas. Prepare-se agora e aumente suas chances!","breadcrumb":{"@id":"https:\/\/www.pensarcursos.com.br\/blog\/saiu-edital-concurso-com-vagas-para-fisioterapeuta-recepcionista-psicologo-e-outros-cargos-oferece-salarios-de-ate-r-235-mil\/#breadcrumb"},"inLanguage":"pt-BR","potentialAction":[{"@type":"ReadAction","target":["https:\/\/www.pensarcursos.com.br\/blog\/saiu-edital-concurso-com-vagas-para-fisioterapeuta-recepcionista-psicologo-e-outros-cargos-oferece-salarios-de-ate-r-235-mil\/"]}]},{"@type":"ImageObject","inLanguage":"pt-BR","@id":"https:\/\/www.pensarcursos.com.br\/blog\/saiu-edital-concurso-com-vagas-para-fisioterapeuta-recepcionista-psicologo-e-outros-cargos-oferece-salarios-de-ate-r-235-mil\/#primaryimage","url":"https:\/\/www.pensarcursos.com.br\/blog\/wp-content\/uploads\/2025\/12\/Concurso-P4-1-8.png","contentUrl":"https:\/\/www.pensarcursos.com.br\/blog\/wp-content\/uploads\/2025\/12\/Concurso-P4-1-8.png","width":1200,"height":800,"caption":"Vagas abertas em novo concurso com sal\u00e1rios podem atingir R$ 23,5 mil; saiba mais. Imagem: Pensar Cursos"},{"@type":"BreadcrumbList","@id":"https:\/\/www.pensarcursos.com.br\/blog\/saiu-edital-concurso-com-vagas-para-fisioterapeuta-recepcionista-psicologo-e-outros-cargos-oferece-salarios-de-ate-r-235-mil\/#breadcrumb","itemListElement":[{"@type":"ListItem","position":1,"name":"Home","item":"https:\/\/www.pensarcursos.com.br\/blog\/"},{"@type":"ListItem","position":2,"name":"SAIU EDITAL! Concurso com vagas para Fisioterapeuta, Recepcionista, Psic\u00f3logo e outros cargos oferece sal\u00e1rios de at\u00e9 R$ 23,5 mil"}]},{"@type":"WebSite","@id":"https:\/\/www.pensarcursos.com.br\/blog\/#website","url":"https:\/\/www.pensarcursos.com.br\/blog\/","name":"Blog Pensar Cursos","description":"Maior Site de Cursos do Brasil","publisher":{"@id":"https:\/\/www.pensarcursos.com.br\/blog\/#organization"},"alternateName":"Blog Pensar","potentialAction":[{"@type":"SearchAction","target":{"@type":"EntryPoint","urlTemplate":"https:\/\/www.pensarcursos.com.br\/blog\/?s={search_term_string}"},"query-input":{"@type":"PropertyValueSpecification","valueRequired":true,"valueName":"search_term_string"}}],"inLanguage":"pt-BR"},{"@type":"Organization","@id":"https:\/\/www.pensarcursos.com.br\/blog\/#organization","name":"Pensar Cursos","alternateName":"Blog pensar","url":"https:\/\/www.pensarcursos.com.br\/blog\/","logo":{"@type":"ImageObject","inLanguage":"pt-BR","@id":"https:\/\/www.pensarcursos.com.br\/blog\/#\/schema\/logo\/image\/","url":"https:\/\/www.pensarcursos.com.br\/blog\/wp-content\/uploads\/2023\/11\/Nova-Logo-Pensar-Cursos-vertical.png","contentUrl":"https:\/\/www.pensarcursos.com.br\/blog\/wp-content\/uploads\/2023\/11\/Nova-Logo-Pensar-Cursos-vertical.png","width":1393,"height":1001,"caption":"Pensar Cursos"},"image":{"@id":"https:\/\/www.pensarcursos.com.br\/blog\/#\/schema\/logo\/image\/"},"sameAs":["https:\/\/www.facebook.com\/pensarcursos\/","https:\/\/instagram.com.br\/pensarcursos"],"description":"Pensar Cursos \u00e9 uma empresa especializada em oferecer cursos de alta qualidade voltados para o desenvolvimento profissional e acad\u00eamico. Com uma ampla gama de op\u00e7\u00f5es de treinamento, oferecemos conte\u00fados atualizados, ministrados por especialistas da \u00e1rea, para capacitar indiv\u00edduos e equipes a atingirem seus objetivos. Nossa miss\u00e3o \u00e9 proporcionar uma educa\u00e7\u00e3o transformadora, acess\u00edvel e personalizada para cada aluno, seja em cursos presenciais ou online. Com uma abordagem inovadora, buscamos adaptar os nossos programas de ensino \u00e0s necessidades do mercado, criando solu\u00e7\u00f5es que atendem aos desafios e exig\u00eancias do mundo corporativo e acad\u00eamico. Nossos cursos incluem desde forma\u00e7\u00f5es t\u00e9cnicas at\u00e9 habilidades essenciais, como lideran\u00e7a, gest\u00e3o e desenvolvimento pessoal.","email":"contato@pensarcursos.com.br","legalName":"Sena Servi\u00e7os de Informa\u00e7\u00e3o Online LTDA","foundingDate":"2013-04-18","vatID":"17956217000172","numberOfEmployees":{"@type":"QuantitativeValue","minValue":"11","maxValue":"50"},"publishingPrinciples":"https:\/\/www.pensarcursos.com.br\/blog\/principios-de-publicacao\/","ownershipFundingInfo":"https:\/\/www.pensarcursos.com.br\/blog\/informacoes-de-propriedade-financiamento\/","actionableFeedbackPolicy":"https:\/\/www.pensarcursos.com.br\/blog\/politica-de-feedback-acionavel\/","correctionsPolicy":"https:\/\/www.pensarcursos.com.br\/blog\/politica-de-correcoes\/","ethicsPolicy":"https:\/\/www.pensarcursos.com.br\/blog\/politica-de-etica\/"},{"@type":"Person","@id":"https:\/\/www.pensarcursos.com.br\/blog\/#\/schema\/person\/e133b19d62595d6ab0c12f3e5436a7bb","name":"Gorete Costa","image":{"@type":"ImageObject","inLanguage":"pt-BR","@id":"https:\/\/secure.gravatar.com\/avatar\/8cb99f142e1cb1312d8c202378c20dc4f7210145acc22805481f4a3f47ce9b6f?s=96&d=mm&r=g","url":"https:\/\/secure.gravatar.com\/avatar\/8cb99f142e1cb1312d8c202378c20dc4f7210145acc22805481f4a3f47ce9b6f?s=96&d=mm&r=g","contentUrl":"https:\/\/secure.gravatar.com\/avatar\/8cb99f142e1cb1312d8c202378c20dc4f7210145acc22805481f4a3f47ce9b6f?s=96&d=mm&r=g","caption":"Gorete Costa"},"description":"Graduada em Servi\u00e7o Social pela Universidade do Norte do Paran\u00e1 (Unopar), Gorete Costa \u00e9 especialista em comunica\u00e7\u00e3o, atuando como radialista em programas jornal\u00edsticos e de entretenimento, al\u00e9m de produ\u00e7\u00e3o e revis\u00e3o de textos informativos para sites e blogs.","sameAs":["https:\/\/www.facebook.com\/profile.php?id=61550018262414"],"url":"https:\/\/www.pensarcursos.com.br\/blog\/author\/gorete\/"}]}},"_links":{"self":[{"href":"https:\/\/www.pensarcursos.com.br\/blog\/wp-json\/wp\/v2\/posts\/135364","targetHints":{"allow":["GET"]}}],"collection":[{"href":"https:\/\/www.pensarcursos.com.br\/blog\/wp-json\/wp\/v2\/posts"}],"about":[{"href":"https:\/\/www.pensarcursos.com.br\/blog\/wp-json\/wp\/v2\/types\/post"}],"author":[{"embeddable":true,"href":"https:\/\/www.pensarcursos.com.br\/blog\/wp-json\/wp\/v2\/users\/17"}],"replies":[{"embeddable":true,"href":"https:\/\/www.pensarcursos.com.br\/blog\/wp-json\/wp\/v2\/comments?post=135364"}],"version-history":[{"count":0,"href":"https:\/\/www.pensarcursos.com.br\/blog\/wp-json\/wp\/v2\/posts\/135364\/revisions"}],"wp:featuredmedia":[{"embeddable":true,"href":"https:\/\/www.pensarcursos.com.br\/blog\/wp-json\/wp\/v2\/media\/135369"}],"wp:attachment":[{"href":"https:\/\/www.pensarcursos.com.br\/blog\/wp-json\/wp\/v2\/media?parent=135364"}],"wp:term":[{"taxonomy":"category","embeddable":true,"href":"https:\/\/www.pensarcursos.com.br\/blog\/wp-json\/wp\/v2\/categories?post=135364"},{"taxonomy":"post_tag","embeddable":true,"href":"https:\/\/www.pensarcursos.com.br\/blog\/wp-json\/wp\/v2\/tags?post=135364"}],"curies":[{"name":"wp","href":"https:\/\/api.w.org\/{rel}","templated":true}]}}