{"id":135356,"date":"2025-12-11T06:39:58","date_gmt":"2025-12-11T09:39:58","guid":{"rendered":"https:\/\/www.pensarcursos.com.br\/blog\/?p=135356"},"modified":"2025-12-12T22:29:08","modified_gmt":"2025-12-13T01:29:08","slug":"pe-de-meia-paga-r-200-a-estudantes-nascidos-em-janeiro-e-fevereiro-no-proximo-dia-22","status":"publish","type":"post","link":"https:\/\/www.pensarcursos.com.br\/blog\/pe-de-meia-paga-r-200-a-estudantes-nascidos-em-janeiro-e-fevereiro-no-proximo-dia-22\/","title":{"rendered":"P\u00e9-de-Meia paga R$ 200 a estudantes nascidos em janeiro e fevereiro no pr\u00f3ximo dia 22"},"content":{"rendered":"<p>A \u00faltima parcela do ano referente ao <strong>incentivo-frequ\u00eancia do programa P\u00e9-de-Meia<\/strong> est\u00e1 confirmada para <strong>22 de dezembro de 2025<\/strong>, beneficiando os estudantes da rede p\u00fablica do ensino m\u00e9dio nascidos em janeiro e fevereiro.<\/p>\n<p>O valor de <strong>R$ 200<\/strong> ser\u00e1 depositado de forma autom\u00e1tica em contas digitais abertas pela Caixa Econ\u00f4mica Federal, sem a necessidade de solicita\u00e7\u00e3o pr\u00e9via pelo estudante ou sua fam\u00edlia. Esta iniciativa do <a href=\"https:\/\/www.gov.br\/mec\/pt-br\" target=\"_blank\" rel=\"noopener\">Minist\u00e9rio da Educa\u00e7\u00e3o<\/a> incentiva a perman\u00eancia escolar e combate a evas\u00e3o, especialmente entre jovens de fam\u00edlias em situa\u00e7\u00e3o de vulnerabilidade social.<\/p>\n<h2>Como funciona o pagamento do incentivo-frequ\u00eancia<\/h2>\n<p>O <a href=\"https:\/\/www.pensarcursos.com.br\/blog\/em-quais-meses-de-2025-os-alunos-recebem-o-incentivo-frequencia-do-pe-de-meia\/\" target=\"_blank\" rel=\"noopener\">incentivo-frequ\u00eancia<\/a> soma R$ 1.800 por ano, distribu\u00eddos em nove parcelas de R$ 200 cada, iniciando normalmente em abril e finalizando em dezembro. O pagamento ocorrido em dezembro constitui a \u00faltima parcela, validando assim a assiduidade do estudante durante o ano letivo completo. A cada m\u00eas, o dep\u00f3sito \u00e9 feito conforme o m\u00eas de nascimento do benefici\u00e1rio, organizado de maneira escalonada para evitar sobrecarga no sistema banc\u00e1rio.<\/p>\n<p>Para acessar o valor, os jovens podem utilizar o <a href=\"https:\/\/play.google.com\/store\/apps\/details?id=br.gov.caixa.tem&amp;hl=pt_BR\" target=\"_blank\" rel=\"noopener\">aplicativo Caixa Tem<\/a>, que permite consultar saldos, datas e fazer movimenta\u00e7\u00f5es financeiras.<\/p>\n<p><strong>Importante:<\/strong> Quem \u00e9 menor de idade deve ter a autoriza\u00e7\u00e3o de um respons\u00e1vel legal para sacar ou investir o dinheiro.<\/p>\n<h2>Quem tem direito ao programa P\u00e9-de-Meia?<\/h2>\n<p><a href=\"https:\/\/www.pensarcursos.com.br\/blog\/pagamento-do-pe-de-meia-em-dezembro-metade-dos-estudantes-so-recebe-apos-o-natal-descubra-sua-data\/\" target=\"_blank\" rel=\"noopener\">Estudantes<\/a> do ensino m\u00e9dio p\u00fablico, com idades entre 14 e 24 anos (ou de 19 a 24 anos no caso da EJA), integrados a fam\u00edlias inscritas no Cadastro \u00danico (Cad\u00danico), fazem parte do p\u00fablico eleg\u00edvel ao P\u00e9-de-Meia. Entre os requisitos, \u00e9 necess\u00e1rio ter renda familiar de at\u00e9 meio sal\u00e1rio m\u00ednimo per capita, CPF regular e matr\u00edcula ativa durante o ano letivo.<\/p>\n<p><strong>A participa\u00e7\u00e3o \u00e9 autom\u00e1tica:<\/strong> n\u00e3o h\u00e1 inscri\u00e7\u00e3o. Ao cumprir todos os crit\u00e9rios, a conta digital \u00e9 aberta automaticamente em nome do estudante pela Caixa, permitindo o recebimento dos pagamentos programados.<\/p>\n<h2>Calend\u00e1rio de pagamentos do P\u00e9-de-Meia<\/h2>\n<figure id=\"attachment_133595\" aria-describedby=\"caption-attachment-133595\" style=\"width: 1200px\" class=\"wp-caption aligncenter\"><img decoding=\"async\" class=\"wp-image-133595 size-full\" title=\"Cart\u00e3o P\u00e9 de Meia para estudantes do ensino m\u00e9dio\" src=\"https:\/\/www.pensarcursos.com.br\/blog\/wp-content\/uploads\/2025\/12\/Pe-de-meia5-3.webp\" alt=\"Adolescente segurando cart\u00e3o colorido P\u00e9 de Meia com foco na logo e chip\" width=\"1200\" height=\"800\" srcset=\"https:\/\/www.pensarcursos.com.br\/blog\/wp-content\/uploads\/2025\/12\/Pe-de-meia5-3.webp 1200w, https:\/\/www.pensarcursos.com.br\/blog\/wp-content\/uploads\/2025\/12\/Pe-de-meia5-3-300x200.webp 300w, https:\/\/www.pensarcursos.com.br\/blog\/wp-content\/uploads\/2025\/12\/Pe-de-meia5-3-1024x683.webp 1024w, https:\/\/www.pensarcursos.com.br\/blog\/wp-content\/uploads\/2025\/12\/Pe-de-meia5-3-768x512.webp 768w, https:\/\/www.pensarcursos.com.br\/blog\/wp-content\/uploads\/2025\/12\/Pe-de-meia5-3-750x500.webp 750w, https:\/\/www.pensarcursos.com.br\/blog\/wp-content\/uploads\/2025\/12\/Pe-de-meia5-3-1140x760.webp 1140w\" sizes=\"(max-width: 1200px) 100vw, 1200px\" \/><figcaption id=\"caption-attachment-133595\" class=\"wp-caption-text\">Veja como o calend\u00e1rio do P\u00e9-de-Meia fecha o ciclo anual de incentivos educacionais. Imagem: Pensar Cursos.<\/figcaption><\/figure>\n<p>O cronograma \u00e9 definido conforme o m\u00eas de nascimento. Veja as datas oficiais para 2025:<\/p>\n<ul>\n<li><strong>Janeiro e fevereiro:<\/strong> 22 de dezembro<\/li>\n<li><strong>Mar\u00e7o e abril:<\/strong> 23 de dezembro<\/li>\n<li><strong>Maio e junho:<\/strong> 24 de dezembro<\/li>\n<li><strong>Julho e agosto:<\/strong> 26 de dezembro<\/li>\n<li><strong>Setembro e outubro:<\/strong> 29 de dezembro<\/li>\n<li><strong>Novembro e dezembro:<\/strong> 30 de dezembro<\/li>\n<\/ul>\n<p>Assim, quem nasceu em janeiro ou fevereiro receber\u00e1 seu benef\u00edcio primeiro, no dia 22 de novembro.<\/p>\n<h2>Outros incentivos do programa educacional<\/h2>\n<p>Al\u00e9m do pagamento mensal por frequ\u00eancia, o P\u00e9-de-Meia inclui outras formas de premia\u00e7\u00e3o. Logo no in\u00edcio do ano letivo, h\u00e1 o <strong>incentivo-matr\u00edcula<\/strong>, tamb\u00e9m no valor de R$ 200. Ao final de cada s\u00e9rie aprovada, o estudante garante uma parcela de conclus\u00e3o de <strong>R$ 1.000<\/strong>, que s\u00f3 \u00e9 liberada ao final do ensino m\u00e9dio.<\/p>\n<p>Essa modalidade de <a href=\"https:\/\/www.pensarcursos.com.br\/blog\/pe-de-meia-vai-pagar-incentivo-enem-e-conclusao-em-breve-sao-r-1-200-na-conta\/\" target=\"_blank\" rel=\"noopener\">incentivo<\/a> s\u00f3 pode ser movimentada ap\u00f3s a conclus\u00e3o da etapa escolar, proporcionando uma reserva importante para o futuro do jovem. Desde outubro de 2025, existe ainda a op\u00e7\u00e3o de investir o valor da conclus\u00e3o em <strong>t\u00edtulos do Tesouro Selic<\/strong>, ampliando as possibilidades financeiras para aqueles que desejam come\u00e7ar a construir uma reserva de valor.<\/p>\n<p><strong>E tem mais! O estudante pode acumular mais de R$ 9 mil ao longo do ensino m\u00e9dio.<\/strong> Veja no v\u00eddeo a seguir como isso \u00e9 poss\u00edvel:<\/p>\n<div class=\"jeg_video_container jeg_video_content\"><iframe title=\"R$ 9 MIL pra Estudar? Veja Como Aproveitar Esse Benef\u00edcio do Governo!\" width=\"500\" height=\"281\" src=\"https:\/\/www.youtube.com\/embed\/8BM18YSdSWE?feature=oembed\" frameborder=\"0\" allow=\"accelerometer; autoplay; clipboard-write; encrypted-media; gyroscope; picture-in-picture; web-share\" referrerpolicy=\"strict-origin-when-cross-origin\" allowfullscreen><\/iframe><\/div>\n<h2>Consulta de saldo e movimenta\u00e7\u00e3o dos valores<\/h2>\n<p>O acesso ao saldo e \u00e0s datas de dep\u00f3sito pode ser feito diretamente pelo <a href=\"https:\/\/play.google.com\/store\/apps\/details?id=br.gov.caixa.tem&amp;hl=pt_BR\" target=\"_blank\" rel=\"noopener\">aplicativo Caixa Tem<\/a> ou pelo portal <a href=\"https:\/\/www.gov.br\/mec\/pt-br\/jornadadoestudante\" target=\"_blank\" rel=\"noopener\">Jornada do Estudante<\/a>. Outros canais incluem o Portal Cidad\u00e3o da Caixa e o telefone do MEC (0800 616161). Como alternativa, a movimenta\u00e7\u00e3o do valor pode ser realizada em caixas eletr\u00f4nicos, casas lot\u00e9ricas ou correspondentes Caixa Aqui.<\/p>\n<p>Para estudantes menores de idade, a lei exige a autoriza\u00e7\u00e3o de um respons\u00e1vel legal para retirada ou investimento dos valores, garantindo a seguran\u00e7a das opera\u00e7\u00f5es para os mais jovens.<\/p>\n<h2>Perguntas Frequentes<\/h2>\n<ul>\n<li><strong>Quem recebe a d\u00e9cima parcela do incentivo-frequ\u00eancia do P\u00e9-de-Meia em dezembro?<\/strong> Estudantes do ensino m\u00e9dio p\u00fablico nascidos em janeiro e fevereiro, matriculados e com frequ\u00eancia m\u00ednima de 80%.<\/li>\n<li><strong>Qual o valor desta parcela depositada?<\/strong> O valor \u00e9 de R$ 200 para cada estudante eleg\u00edvel.<\/li>\n<li><strong>Como consultar o saldo do benef\u00edcio?<\/strong> Pelo aplicativo Caixa Tem, Jornada do Estudante, Portal Cidad\u00e3o da Caixa ou telefone do MEC.<\/li>\n<li><strong>O pagamento \u00e9 autom\u00e1tico?<\/strong> Sim, a conta \u00e9 aberta automaticamente pela Caixa e o valor \u00e9 depositado sem necessidade de solicita\u00e7\u00e3o.<\/li>\n<li><strong>Quais os crit\u00e9rios para ser benefici\u00e1rio?<\/strong> Matr\u00edcula ativa, perten\u00e7a ao Cad\u00danico, frequ\u00eancia m\u00ednima de 80% e renda per capita familiar de at\u00e9 meio sal\u00e1rio m\u00ednimo.<\/li>\n<li><strong>Quem est\u00e1 na EJA pode participar?<\/strong> Sim, alunos da EJA entre 19 e 24 anos, atendendo aos crit\u00e9rios, participam do programa.<\/li>\n<li><strong>O que acontece com quem n\u00e3o atinge a frequ\u00eancia m\u00ednima?<\/strong> N\u00e3o recebe o pagamento da parcela correspondente \u00e0 frequ\u00eancia n\u00e3o alcan\u00e7ada.<\/li>\n<li><strong>\u00c9 poss\u00edvel investir os valores?<\/strong> Sim, desde outubro de 2025, pode-se aplicar o valor de conclus\u00e3o do ensino m\u00e9dio no Tesouro Selic.<\/li>\n<li><strong>Menores podem movimentar o dinheiro?<\/strong> Sim, mas precisam de autoriza\u00e7\u00e3o do respons\u00e1vel legal para sacar ou investir.<\/li>\n<li><strong>Quais datas seguem os pagamentos dos demais nascimentos?<\/strong> Mar\u00e7o e abril: 23\/12; maio e junho: 24\/12; julho e agosto: 26\/12; setembro e outubro: 29\/12; novembro e dezembro: 30\/12.<\/li>\n<\/ul>\n","protected":false},"excerpt":{"rendered":"<p>A \u00faltima parcela do ano referente ao incentivo-frequ\u00eancia do programa P\u00e9-de-Meia est\u00e1 confirmada para 22 de dezembro de 2025, beneficiando os estudantes da rede p\u00fablica do ensino m\u00e9dio nascidos em janeiro e fevereiro. O valor de R$ 200 ser\u00e1 depositado de forma autom\u00e1tica em contas digitais abertas pela Caixa Econ\u00f4mica Federal, sem a necessidade de [&hellip;]<\/p>\n","protected":false},"author":59,"featured_media":135362,"comment_status":"open","ping_status":"closed","sticky":false,"template":"","format":"standard","meta":{"jnews-multi-image_gallery":[],"jnews_single_post":{"format":"standard","override":[{"template":"1","parallax":"1","fullscreen":"1","layout":"right-sidebar","sidebar":"default-sidebar","second_sidebar":"default-sidebar","sticky_sidebar":"1","share_position":"topbottom","share_float_style":"share-monocrhome","show_featured":"1","show_post_meta":"1","show_post_author":"1","show_post_author_image":"1","show_post_date":"1","post_date_format":"default","post_date_format_custom":"Y\/m\/d","show_post_category":"1","post_reading_time_wpm":"300","post_calculate_word_method":"str_word_count","show_zoom_button":"0","zoom_button_out_step":"2","zoom_button_in_step":"3","show_post_tag":"1","show_prev_next_post":"1","show_popup_post":"1","show_comment_section":"1","number_popup_post":"2","show_author_box":"1","show_post_related":"1","show_inline_post_related":"1"}],"image_override":[{"single_post_thumbnail_size":"crop-500","single_post_gallery_size":"crop-500"}],"trending_post_position":"meta","trending_post_label":"Trending","sponsored_post_label":"Sponsored by","disable_ad":"0","subtitle":"Entenda quem pode receber, como funciona o pagamento e as vantagens do programa federal."},"jnews_primary_category":[],"jnews_social_meta":[],"jnews_override_counter":{"view_counter_number":"0","share_counter_number":"0","like_counter_number":"0","dislike_counter_number":"0"},"footnotes":""},"categories":[1657,28,17201],"tags":[3221,36149,703,27379,9298,30225],"class_list":["post-135356","post","type-post","status-publish","format-standard","has-post-thumbnail","hentry","category-beneficios-sociais","category-educacao","category-pe-de-meia","tag-bolsa-estudante","tag-educacao-jovens-adultos","tag-ensino-medio","tag-incentivo-frequencia","tag-pe-de-meia","tag-programas-educacionais"],"yoast_head":"<!-- This site is optimized with the Yoast SEO Premium plugin v27.4 (Yoast SEO v27.4) - https:\/\/yoast.com\/product\/yoast-seo-premium-wordpress\/ -->\n<title>P\u00e9-de-Meia paga R$ 200 a estudantes nascidos em janeiro e fevereiro no pr\u00f3ximo dia 22 - Blog Pensar Cursos<\/title>\n<meta name=\"description\" content=\"O P\u00e9-de-Meia paga a d\u00e9cima parcela de R$ 200 em 22 de dezembro para estudantes da rede p\u00fablica nascidos em janeiro e fevereiro. Descubra crit\u00e9rios, datas e benef\u00edcios do programa!\" \/>\n<meta name=\"robots\" content=\"index, follow, max-snippet:-1, max-image-preview:large, max-video-preview:-1\" \/>\n<link rel=\"canonical\" href=\"https:\/\/www.pensarcursos.com.br\/blog\/pe-de-meia-paga-r-200-a-estudantes-nascidos-em-janeiro-e-fevereiro-no-proximo-dia-22\/\" \/>\n<meta property=\"og:locale\" content=\"pt_BR\" \/>\n<meta property=\"og:type\" content=\"article\" \/>\n<meta property=\"og:title\" content=\"P\u00e9-de-Meia paga R$ 200 a estudantes nascidos em janeiro e fevereiro no pr\u00f3ximo dia 22\" \/>\n<meta property=\"og:description\" content=\"O P\u00e9-de-Meia paga a d\u00e9cima parcela de R$ 200 em 22 de dezembro para estudantes da rede p\u00fablica nascidos em janeiro e fevereiro. Descubra crit\u00e9rios, datas e benef\u00edcios do programa!\" \/>\n<meta property=\"og:url\" content=\"https:\/\/www.pensarcursos.com.br\/blog\/pe-de-meia-paga-r-200-a-estudantes-nascidos-em-janeiro-e-fevereiro-no-proximo-dia-22\/\" \/>\n<meta property=\"og:site_name\" content=\"Blog Pensar Cursos\" \/>\n<meta property=\"article:publisher\" content=\"https:\/\/www.facebook.com\/pensarcursos\/\" \/>\n<meta property=\"article:published_time\" content=\"2025-12-11T09:39:58+00:00\" \/>\n<meta property=\"article:modified_time\" content=\"2025-12-13T01:29:08+00:00\" \/>\n<meta property=\"og:image\" content=\"https:\/\/www.pensarcursos.com.br\/blog\/wp-content\/uploads\/2025\/12\/Pe-de-meia3-1.webp\" \/>\n\t<meta property=\"og:image:width\" content=\"1200\" \/>\n\t<meta property=\"og:image:height\" content=\"800\" \/>\n\t<meta property=\"og:image:type\" content=\"image\/webp\" \/>\n<meta name=\"author\" content=\"Giovanna Costa\" \/>\n<meta name=\"twitter:card\" content=\"summary_large_image\" \/>\n<meta name=\"twitter:label1\" content=\"Escrito por\" \/>\n\t<meta name=\"twitter:data1\" content=\"Giovanna Costa\" \/>\n\t<meta name=\"twitter:label2\" content=\"Est. tempo de leitura\" \/>\n\t<meta name=\"twitter:data2\" content=\"6 minutos\" \/>\n<!-- \/ Yoast SEO Premium plugin. -->","yoast_head_json":{"title":"P\u00e9-de-Meia paga R$ 200 a estudantes nascidos em janeiro e fevereiro no pr\u00f3ximo dia 22 - Blog Pensar Cursos","description":"O P\u00e9-de-Meia paga a d\u00e9cima parcela de R$ 200 em 22 de dezembro para estudantes da rede p\u00fablica nascidos em janeiro e fevereiro. Descubra crit\u00e9rios, datas e benef\u00edcios do programa!","robots":{"index":"index","follow":"follow","max-snippet":"max-snippet:-1","max-image-preview":"max-image-preview:large","max-video-preview":"max-video-preview:-1"},"canonical":"https:\/\/www.pensarcursos.com.br\/blog\/pe-de-meia-paga-r-200-a-estudantes-nascidos-em-janeiro-e-fevereiro-no-proximo-dia-22\/","og_locale":"pt_BR","og_type":"article","og_title":"P\u00e9-de-Meia paga R$ 200 a estudantes nascidos em janeiro e fevereiro no pr\u00f3ximo dia 22","og_description":"O P\u00e9-de-Meia paga a d\u00e9cima parcela de R$ 200 em 22 de dezembro para estudantes da rede p\u00fablica nascidos em janeiro e fevereiro. Descubra crit\u00e9rios, datas e benef\u00edcios do programa!","og_url":"https:\/\/www.pensarcursos.com.br\/blog\/pe-de-meia-paga-r-200-a-estudantes-nascidos-em-janeiro-e-fevereiro-no-proximo-dia-22\/","og_site_name":"Blog Pensar Cursos","article_publisher":"https:\/\/www.facebook.com\/pensarcursos\/","article_published_time":"2025-12-11T09:39:58+00:00","article_modified_time":"2025-12-13T01:29:08+00:00","og_image":[{"width":1200,"height":800,"url":"https:\/\/www.pensarcursos.com.br\/blog\/wp-content\/uploads\/2025\/12\/Pe-de-meia3-1.webp","type":"image\/webp"}],"author":"Giovanna Costa","twitter_card":"summary_large_image","twitter_misc":{"Escrito por":"Giovanna Costa","Est. tempo de leitura":"6 minutos"},"schema":{"@context":"https:\/\/schema.org","@graph":[{"@type":["Article","BlogPosting"],"@id":"https:\/\/www.pensarcursos.com.br\/blog\/pe-de-meia-paga-r-200-a-estudantes-nascidos-em-janeiro-e-fevereiro-no-proximo-dia-22\/#article","isPartOf":{"@id":"https:\/\/www.pensarcursos.com.br\/blog\/pe-de-meia-paga-r-200-a-estudantes-nascidos-em-janeiro-e-fevereiro-no-proximo-dia-22\/"},"author":{"name":"Giovanna Costa","@id":"https:\/\/www.pensarcursos.com.br\/blog\/#\/schema\/person\/a5d1be05908f7a0c04a39763af349caa"},"headline":"P\u00e9-de-Meia paga R$ 200 a estudantes nascidos em janeiro e fevereiro no pr\u00f3ximo dia 22","datePublished":"2025-12-11T09:39:58+00:00","dateModified":"2025-12-13T01:29:08+00:00","mainEntityOfPage":{"@id":"https:\/\/www.pensarcursos.com.br\/blog\/pe-de-meia-paga-r-200-a-estudantes-nascidos-em-janeiro-e-fevereiro-no-proximo-dia-22\/"},"wordCount":935,"commentCount":2,"publisher":{"@id":"https:\/\/www.pensarcursos.com.br\/blog\/#organization"},"image":{"@id":"https:\/\/www.pensarcursos.com.br\/blog\/pe-de-meia-paga-r-200-a-estudantes-nascidos-em-janeiro-e-fevereiro-no-proximo-dia-22\/#primaryimage"},"thumbnailUrl":"https:\/\/www.pensarcursos.com.br\/blog\/wp-content\/uploads\/2025\/12\/Pe-de-meia3-1.webp","keywords":["bolsa estudante","educacao jovens adultos","Ensino M\u00e9dio","incentivo frequ\u00eancia","p\u00e9-de-meia","programas educacionais"],"articleSection":["Benef\u00edcios Sociais","Educa\u00e7\u00e3o","P\u00e9-de-Meia"],"inLanguage":"pt-BR","potentialAction":[{"@type":"CommentAction","name":"Comment","target":["https:\/\/www.pensarcursos.com.br\/blog\/pe-de-meia-paga-r-200-a-estudantes-nascidos-em-janeiro-e-fevereiro-no-proximo-dia-22\/#respond"]}],"copyrightYear":"2025","copyrightHolder":{"@id":"https:\/\/www.pensarcursos.com.br\/blog\/#organization"}},{"@type":"WebPage","@id":"https:\/\/www.pensarcursos.com.br\/blog\/pe-de-meia-paga-r-200-a-estudantes-nascidos-em-janeiro-e-fevereiro-no-proximo-dia-22\/","url":"https:\/\/www.pensarcursos.com.br\/blog\/pe-de-meia-paga-r-200-a-estudantes-nascidos-em-janeiro-e-fevereiro-no-proximo-dia-22\/","name":"P\u00e9-de-Meia paga R$ 200 a estudantes nascidos em janeiro e fevereiro no pr\u00f3ximo dia 22 - Blog Pensar Cursos","isPartOf":{"@id":"https:\/\/www.pensarcursos.com.br\/blog\/#website"},"primaryImageOfPage":{"@id":"https:\/\/www.pensarcursos.com.br\/blog\/pe-de-meia-paga-r-200-a-estudantes-nascidos-em-janeiro-e-fevereiro-no-proximo-dia-22\/#primaryimage"},"image":{"@id":"https:\/\/www.pensarcursos.com.br\/blog\/pe-de-meia-paga-r-200-a-estudantes-nascidos-em-janeiro-e-fevereiro-no-proximo-dia-22\/#primaryimage"},"thumbnailUrl":"https:\/\/www.pensarcursos.com.br\/blog\/wp-content\/uploads\/2025\/12\/Pe-de-meia3-1.webp","datePublished":"2025-12-11T09:39:58+00:00","dateModified":"2025-12-13T01:29:08+00:00","description":"O P\u00e9-de-Meia paga a d\u00e9cima parcela de R$ 200 em 22 de dezembro para estudantes da rede p\u00fablica nascidos em janeiro e fevereiro. Descubra crit\u00e9rios, datas e benef\u00edcios do programa!","breadcrumb":{"@id":"https:\/\/www.pensarcursos.com.br\/blog\/pe-de-meia-paga-r-200-a-estudantes-nascidos-em-janeiro-e-fevereiro-no-proximo-dia-22\/#breadcrumb"},"inLanguage":"pt-BR","potentialAction":[{"@type":"ReadAction","target":["https:\/\/www.pensarcursos.com.br\/blog\/pe-de-meia-paga-r-200-a-estudantes-nascidos-em-janeiro-e-fevereiro-no-proximo-dia-22\/"]}]},{"@type":"ImageObject","inLanguage":"pt-BR","@id":"https:\/\/www.pensarcursos.com.br\/blog\/pe-de-meia-paga-r-200-a-estudantes-nascidos-em-janeiro-e-fevereiro-no-proximo-dia-22\/#primaryimage","url":"https:\/\/www.pensarcursos.com.br\/blog\/wp-content\/uploads\/2025\/12\/Pe-de-meia3-1.webp","contentUrl":"https:\/\/www.pensarcursos.com.br\/blog\/wp-content\/uploads\/2025\/12\/Pe-de-meia3-1.webp","width":1200,"height":800,"caption":"Pagamento escalonado beneficia estudantes do ensino m\u00e9dio de baixa renda. Imagem: Pensar Cursos."},{"@type":"BreadcrumbList","@id":"https:\/\/www.pensarcursos.com.br\/blog\/pe-de-meia-paga-r-200-a-estudantes-nascidos-em-janeiro-e-fevereiro-no-proximo-dia-22\/#breadcrumb","itemListElement":[{"@type":"ListItem","position":1,"name":"Home","item":"https:\/\/www.pensarcursos.com.br\/blog\/"},{"@type":"ListItem","position":2,"name":"P\u00e9-de-Meia paga R$ 200 a estudantes nascidos em janeiro e fevereiro no pr\u00f3ximo dia 22"}]},{"@type":"WebSite","@id":"https:\/\/www.pensarcursos.com.br\/blog\/#website","url":"https:\/\/www.pensarcursos.com.br\/blog\/","name":"Blog Pensar Cursos","description":"Maior Site de Cursos do Brasil","publisher":{"@id":"https:\/\/www.pensarcursos.com.br\/blog\/#organization"},"alternateName":"Blog Pensar","potentialAction":[{"@type":"SearchAction","target":{"@type":"EntryPoint","urlTemplate":"https:\/\/www.pensarcursos.com.br\/blog\/?s={search_term_string}"},"query-input":{"@type":"PropertyValueSpecification","valueRequired":true,"valueName":"search_term_string"}}],"inLanguage":"pt-BR"},{"@type":"Organization","@id":"https:\/\/www.pensarcursos.com.br\/blog\/#organization","name":"Pensar Cursos","alternateName":"Blog pensar","url":"https:\/\/www.pensarcursos.com.br\/blog\/","logo":{"@type":"ImageObject","inLanguage":"pt-BR","@id":"https:\/\/www.pensarcursos.com.br\/blog\/#\/schema\/logo\/image\/","url":"https:\/\/www.pensarcursos.com.br\/blog\/wp-content\/uploads\/2023\/11\/Nova-Logo-Pensar-Cursos-vertical.png","contentUrl":"https:\/\/www.pensarcursos.com.br\/blog\/wp-content\/uploads\/2023\/11\/Nova-Logo-Pensar-Cursos-vertical.png","width":1393,"height":1001,"caption":"Pensar Cursos"},"image":{"@id":"https:\/\/www.pensarcursos.com.br\/blog\/#\/schema\/logo\/image\/"},"sameAs":["https:\/\/www.facebook.com\/pensarcursos\/","https:\/\/instagram.com.br\/pensarcursos"],"description":"Pensar Cursos \u00e9 uma empresa especializada em oferecer cursos de alta qualidade voltados para o desenvolvimento profissional e acad\u00eamico. Com uma ampla gama de op\u00e7\u00f5es de treinamento, oferecemos conte\u00fados atualizados, ministrados por especialistas da \u00e1rea, para capacitar indiv\u00edduos e equipes a atingirem seus objetivos. Nossa miss\u00e3o \u00e9 proporcionar uma educa\u00e7\u00e3o transformadora, acess\u00edvel e personalizada para cada aluno, seja em cursos presenciais ou online. Com uma abordagem inovadora, buscamos adaptar os nossos programas de ensino \u00e0s necessidades do mercado, criando solu\u00e7\u00f5es que atendem aos desafios e exig\u00eancias do mundo corporativo e acad\u00eamico. Nossos cursos incluem desde forma\u00e7\u00f5es t\u00e9cnicas at\u00e9 habilidades essenciais, como lideran\u00e7a, gest\u00e3o e desenvolvimento pessoal.","email":"contato@pensarcursos.com.br","legalName":"Sena Servi\u00e7os de Informa\u00e7\u00e3o Online LTDA","foundingDate":"2013-04-18","vatID":"17956217000172","numberOfEmployees":{"@type":"QuantitativeValue","minValue":"11","maxValue":"50"},"publishingPrinciples":"https:\/\/www.pensarcursos.com.br\/blog\/principios-de-publicacao\/","ownershipFundingInfo":"https:\/\/www.pensarcursos.com.br\/blog\/informacoes-de-propriedade-financiamento\/","actionableFeedbackPolicy":"https:\/\/www.pensarcursos.com.br\/blog\/politica-de-feedback-acionavel\/","correctionsPolicy":"https:\/\/www.pensarcursos.com.br\/blog\/politica-de-correcoes\/","ethicsPolicy":"https:\/\/www.pensarcursos.com.br\/blog\/politica-de-etica\/"},{"@type":"Person","@id":"https:\/\/www.pensarcursos.com.br\/blog\/#\/schema\/person\/a5d1be05908f7a0c04a39763af349caa","name":"Giovanna Costa","image":{"@type":"ImageObject","inLanguage":"pt-BR","@id":"https:\/\/secure.gravatar.com\/avatar\/32eceabdd13a7225f5e69c9730b6ebc8660a44bfd2758a8be3a56e1f68ea838e?s=96&d=mm&r=g","url":"https:\/\/secure.gravatar.com\/avatar\/32eceabdd13a7225f5e69c9730b6ebc8660a44bfd2758a8be3a56e1f68ea838e?s=96&d=mm&r=g","contentUrl":"https:\/\/secure.gravatar.com\/avatar\/32eceabdd13a7225f5e69c9730b6ebc8660a44bfd2758a8be3a56e1f68ea838e?s=96&d=mm&r=g","caption":"Giovanna Costa"},"description":"Graduanda em Letras pela Universidade do Estado da Bahia(UNEB). Redatora grupo Sena Online","sameAs":["https:\/\/www.instagram.com\/_giovanna.costaa"],"url":"https:\/\/www.pensarcursos.com.br\/blog\/author\/giovannacosta\/"}]}},"_links":{"self":[{"href":"https:\/\/www.pensarcursos.com.br\/blog\/wp-json\/wp\/v2\/posts\/135356","targetHints":{"allow":["GET"]}}],"collection":[{"href":"https:\/\/www.pensarcursos.com.br\/blog\/wp-json\/wp\/v2\/posts"}],"about":[{"href":"https:\/\/www.pensarcursos.com.br\/blog\/wp-json\/wp\/v2\/types\/post"}],"author":[{"embeddable":true,"href":"https:\/\/www.pensarcursos.com.br\/blog\/wp-json\/wp\/v2\/users\/59"}],"replies":[{"embeddable":true,"href":"https:\/\/www.pensarcursos.com.br\/blog\/wp-json\/wp\/v2\/comments?post=135356"}],"version-history":[{"count":0,"href":"https:\/\/www.pensarcursos.com.br\/blog\/wp-json\/wp\/v2\/posts\/135356\/revisions"}],"wp:featuredmedia":[{"embeddable":true,"href":"https:\/\/www.pensarcursos.com.br\/blog\/wp-json\/wp\/v2\/media\/135362"}],"wp:attachment":[{"href":"https:\/\/www.pensarcursos.com.br\/blog\/wp-json\/wp\/v2\/media?parent=135356"}],"wp:term":[{"taxonomy":"category","embeddable":true,"href":"https:\/\/www.pensarcursos.com.br\/blog\/wp-json\/wp\/v2\/categories?post=135356"},{"taxonomy":"post_tag","embeddable":true,"href":"https:\/\/www.pensarcursos.com.br\/blog\/wp-json\/wp\/v2\/tags?post=135356"}],"curies":[{"name":"wp","href":"https:\/\/api.w.org\/{rel}","templated":true}]}}