{"id":135325,"date":"2025-12-10T16:19:01","date_gmt":"2025-12-10T19:19:01","guid":{"rendered":"https:\/\/www.pensarcursos.com.br\/blog\/?p=135325"},"modified":"2026-03-19T10:29:05","modified_gmt":"2026-03-19T13:29:05","slug":"r-1-621-esse-sera-o-valor-do-salario-minimo-em-2026-confirma-governo-federal","status":"publish","type":"post","link":"https:\/\/www.pensarcursos.com.br\/blog\/r-1-621-esse-sera-o-valor-do-salario-minimo-em-2026-confirma-governo-federal\/","title":{"rendered":"R$ 1.621: esse ser\u00e1 o valor do sal\u00e1rio m\u00ednimo em 2026, confirma governo federal"},"content":{"rendered":"<p>O sal\u00e1rio m\u00ednimo \u00e9 um dos principais indicadores econ\u00f4micos do Brasil e influencia a vida de milh\u00f5es de trabalhadores. Nesta quarta-feira, 10 de dezembro, o governo federal confirmou que o sal\u00e1rio m\u00ednimo ser\u00e1 de <strong>R$ 1.621<\/strong> em 2026. Essa decis\u00e3o movimenta debates em todas as \u00e1reas, pois reflete na renda dos brasileiros, afeta o com\u00e9rcio, o setor de servi\u00e7os e define o piso para o c\u00e1lculo de benef\u00edcios sociais.<\/p>\n<p>Neste artigo, entenda o que est\u00e1 por tr\u00e1s desse reajuste, de onde v\u00eam os n\u00fameros, quais os impactos previstos e o que pode mudar para o trabalhador e para a economia do pa\u00eds.<\/p>\n<h2>Como \u00e9 definido o valor do sal\u00e1rio m\u00ednimo?<\/h2>\n<p>O sal\u00e1rio m\u00ednimo \u00e9 estabelecido pelo governo federal por meio de pol\u00edticas econ\u00f4micas que levam em conta a infla\u00e7\u00e3o do per\u00edodo, o crescimento do Produto Interno Bruto (PIB) e fatores sociais. Desde 2023, o Brasil voltou a adotar uma pol\u00edtica que considera o reajuste pela infla\u00e7\u00e3o medida pelo INPC (\u00cdndice Nacional de Pre\u00e7os ao Consumidor), somado \u00e0 varia\u00e7\u00e3o positiva do PIB de dois anos anteriores. Portanto, o valor anunciado para 2026 segue esses crit\u00e9rios t\u00e9cnicos, buscando preservar o poder de compra do trabalhador.<\/p>\n<h2>Qual ser\u00e1 o impacto do novo sal\u00e1rio m\u00ednimo em 2026?<\/h2>\n<p>Com o valor chegando a\u00a0<strong>R$ 1.621<\/strong>, o impacto direto ser\u00e1 sentido no bolso de quem depende desse rendimento. As mudan\u00e7as reverberam em diversos programas sociais, como o Benef\u00edcio de Presta\u00e7\u00e3o Continuada (BPC), al\u00e9m de afetar aposentadorias do Instituto Nacional do Seguro Social (<a href=\"https:\/\/www.pensarcursos.com.br\/blog\/inss-vai-antecipar-pagamentos-em-dezembro\/\"><strong>INSS<\/strong><\/a>) que t\u00eam o piso nacional como refer\u00eancia. O com\u00e9rcio e o setor de servi\u00e7os tamb\u00e9m sentem os reflexos, pois o aumento na renda b\u00e1sica movimenta o consumo e estimula a economia.<\/p>\n<h3>A influ\u00eancia do sal\u00e1rio m\u00ednimo nos benef\u00edcios sociais<\/h3>\n<p>O reajuste do sal\u00e1rio m\u00ednimo define o valor base para benef\u00edcios sociais e previdenci\u00e1rios pagos pelo governo. Com o novo m\u00ednimo, muitos brasileiros ver\u00e3o melhorias nos valores recebidos, principalmente aqueles que dependem de programas como aux\u00edlio-doen\u00e7a, seguro-desemprego e aposentadorias.<\/p>\n<h2>O sal\u00e1rio m\u00ednimo e a infla\u00e7\u00e3o: como esse valor \u00e9 calculado?<\/h2>\n<p>O c\u00e1lculo do <a href=\"https:\/\/agenciabrasil.ebc.com.br\/economia\/noticia\/2025-12\/governo-confirma-salario-minimo-de-r-1621-em-2026\" target=\"_blank\" rel=\"noopener\">sal\u00e1rio m\u00ednimo<\/a> busca compensar as perdas causadas pela infla\u00e7\u00e3o. O INPC mede o aumento dos pre\u00e7os dos produtos e servi\u00e7os essenciais para as fam\u00edlias de baixa renda. A soma desse \u00edndice ao percentual do crescimento do PIB resulta no valor atualizado, que pode variar de ano para ano. O objetivo principal \u00e9 preservar, ao m\u00e1ximo, o poder de compra da popula\u00e7\u00e3o.<\/p>\n<h3>Principais indicadores considerados<\/h3>\n<ul>\n<li>Infla\u00e7\u00e3o anual medida pelo INPC;<\/li>\n<li>Varia\u00e7\u00e3o positiva do PIB de dois anos antes;<\/li>\n<li>An\u00e1lise do desempenho das contas p\u00fablicas;<\/li>\n<li>Impacto estimado nas contas da Previd\u00eancia Social.<\/li>\n<\/ul>\n<h2>Comparativo hist\u00f3rico: como o sal\u00e1rio m\u00ednimo evoluiu nos \u00faltimos anos?<\/h2>\n<p>Nos \u00faltimos cinco anos, o sal\u00e1rio m\u00ednimo apresentou aumentos abaixo do ideal apontado por algumas entidades sindicais, mas sempre maiores que a infla\u00e7\u00e3o para evitar a corros\u00e3o do poder de compra.<\/p>\n<figure id=\"attachment_135330\" aria-describedby=\"caption-attachment-135330\" style=\"width: 1228px\" class=\"wp-caption aligncenter\"><img decoding=\"async\" class=\"wp-image-135330 size-full\" title=\"C\u00e9dulas de 100 Reais do Banco Central do Brasil\" src=\"https:\/\/www.pensarcursos.com.br\/blog\/wp-content\/uploads\/2025\/12\/dinheiro-agencia-brasill.png\" alt=\"V\u00e1rias c\u00e9dulas de 100 reais alinhadas, emitidas pelo Banco Central do Brasil.\" width=\"1228\" height=\"735\" srcset=\"https:\/\/www.pensarcursos.com.br\/blog\/wp-content\/uploads\/2025\/12\/dinheiro-agencia-brasill.png 1228w, https:\/\/www.pensarcursos.com.br\/blog\/wp-content\/uploads\/2025\/12\/dinheiro-agencia-brasill-300x180.png 300w, https:\/\/www.pensarcursos.com.br\/blog\/wp-content\/uploads\/2025\/12\/dinheiro-agencia-brasill-1024x613.png 1024w, https:\/\/www.pensarcursos.com.br\/blog\/wp-content\/uploads\/2025\/12\/dinheiro-agencia-brasill-768x460.png 768w, https:\/\/www.pensarcursos.com.br\/blog\/wp-content\/uploads\/2025\/12\/dinheiro-agencia-brasill-750x449.png 750w, https:\/\/www.pensarcursos.com.br\/blog\/wp-content\/uploads\/2025\/12\/dinheiro-agencia-brasill-1140x682.png 1140w\" sizes=\"(max-width: 1228px) 100vw, 1228px\" \/><figcaption id=\"caption-attachment-135330\" class=\"wp-caption-text\">Confira o valor do sal\u00e1rio m\u00ednimo dos \u00faltimos anos. Imagem: Ag\u00eancia Brasil<\/figcaption><\/figure>\n<p>Segundo dados oficiais, em 2021, o m\u00ednimo era de R$ 1.100; em 2022, R$ 1.212; em 2023, R$ 1.302 (a partir de 1\u00ba de maio, R$ 1.320); em 2024, R$ 1.412; em 2025, R$ 1.518; e em 2026 ser\u00e1 de R$ 1.621.<\/p>\n<h3>O impacto dos reajustes sucessivos<\/h3>\n<p>O ritmo dos reajustes reflete as prioridades econ\u00f4micas do governo e as condi\u00e7\u00f5es das contas p\u00fablicas. Ao considerar o PIB e a infla\u00e7\u00e3o, o pa\u00eds busca dar previsibilidade ao trabalhador, ao mesmo tempo em que equilibra o or\u00e7amento p\u00fablico.<\/p>\n<h2>O que muda para empregadores e trabalhadores com o novo sal\u00e1rio m\u00ednimo?<\/h2>\n<p>Empregadores precisam adaptar suas folhas de pagamento aos novos valores. O impacto ser\u00e1 sentido principalmente em setores que contratam grande n\u00famero de trabalhadores com sal\u00e1rios pr\u00f3ximos ao piso nacional, como com\u00e9rcio, servi\u00e7os gerais e agricultura. Para o trabalhador, o aumento representa al\u00edvio no or\u00e7amento, mesmo que modestamente.<\/p>\n<h3>Exemplos pr\u00e1ticos de impacto<\/h3>\n<ul>\n<li>Ajuste autom\u00e1tico de contratos e direitos trabalhistas;<\/li>\n<li>Revis\u00e3o de benef\u00edcios vinculados ao m\u00ednimo;<\/li>\n<li>Empresas devem reavaliar custos operacionais.<\/li>\n<\/ul>\n<h2>Diferen\u00e7a do sal\u00e1rio m\u00ednimo para o sal\u00e1rio ideal<\/h2>\n<p>Segundo estudos do Departamento Intersindical de Estat\u00edstica e Estudos Socioecon\u00f4micos (DIEESE), o sal\u00e1rio necess\u00e1rio para cobrir todas as necessidades b\u00e1sicas de uma fam\u00edlia brasileira ultrapassa R$ 6.000 em 2025, valor bem superior ao estabelecido oficialmente. Apesar disso, o novo m\u00ednimo de R$ 1.621 em 2026 representa avan\u00e7o frente aos cen\u00e1rios anteriores e segue sendo um importante instrumento de prote\u00e7\u00e3o social.<\/p>\n<h2>Por que este valor foi confirmado agora?<\/h2>\n<p>A confirma\u00e7\u00e3o antecipada permite que empresas, sindicatos e \u00f3rg\u00e3os p\u00fablicos se preparem para as mudan\u00e7as. O governo divulga o valor considerando previs\u00f5es de infla\u00e7\u00e3o e crescimento econ\u00f4mico, al\u00e9m do planejamento or\u00e7ament\u00e1rio federal.<\/p>\n<p>Quer mais conte\u00fados como este? Acesse o <a href=\"https:\/\/www.pensarcursos.com.br\/blog\/\"><strong>Pensar Cursos<\/strong><\/a> diariamente!<\/p>\n<h2>Perguntas frequentes<\/h2>\n<ul>\n<li><strong>Qual ser\u00e1 o valor do sal\u00e1rio m\u00ednimo em 2026?<\/strong><br \/>\nO valor ser\u00e1 de R$ 1.621, conforme confirmado pelo governo federal.<\/li>\n<li><strong>Como o novo valor do sal\u00e1rio m\u00ednimo afeta os benef\u00edcios do INSS?<\/strong><br \/>\nTodos os benef\u00edcios vinculados ao piso nacional ser\u00e3o reajustados proporcionalmente ao novo valor.<\/li>\n<li><strong>Quando o novo sal\u00e1rio m\u00ednimo entra em vigor?<\/strong><br \/>\nO novo valor entra em vigor em 1\u00ba de janeiro de 2026. O primeiro pagamento com o reajuste ser\u00e1 feito em fevereiro.<\/li>\n<li><strong>Como \u00e9 feito o c\u00e1lculo para o reajuste anual?<\/strong><br \/>\nO c\u00e1lculo leva em conta a infla\u00e7\u00e3o do ano anterior mais a varia\u00e7\u00e3o positiva do PIB de dois anos antes.<\/li>\n<li><strong>O sal\u00e1rio m\u00ednimo pode ser maior que o valor anunciado?<\/strong><br \/>\nAlguns estados podem definir pisos regionais acima do sal\u00e1rio m\u00ednimo nacional.<\/li>\n<li><strong>O reajuste do sal\u00e1rio m\u00ednimo traz impacto para pequenas empresas?<\/strong><br \/>\nSim, especialmente nos setores que empregam trabalhadores com remunera\u00e7\u00e3o pr\u00f3xima ao piso.<\/li>\n<li><strong>Como acompanhar atualiza\u00e7\u00f5es sobre o sal\u00e1rio m\u00ednimo?<\/strong><br \/>\nAcompanhe portais oficiais do governo e ve\u00edculos de comunica\u00e7\u00e3o confi\u00e1veis para informa\u00e7\u00f5es atualizadas.<\/li>\n<\/ul>\n<div class=\"jeg_video_container jeg_video_content\"><iframe title=\"ALERTA 13\u00ba: QUEM RECEBE E QUANDO O DINHEIRO CAI! 7 EM CADA 10 ERRAM O C\u00c1LCULO!\" width=\"500\" height=\"281\" src=\"https:\/\/www.youtube.com\/embed\/E6B-zBGa4vw?feature=oembed\" frameborder=\"0\" allow=\"accelerometer; autoplay; clipboard-write; encrypted-media; gyroscope; picture-in-picture; web-share\" referrerpolicy=\"strict-origin-when-cross-origin\" allowfullscreen><\/iframe><\/div>\n","protected":false},"excerpt":{"rendered":"<p>O sal\u00e1rio m\u00ednimo \u00e9 um dos principais indicadores econ\u00f4micos do Brasil e influencia a vida de milh\u00f5es de trabalhadores. Nesta quarta-feira, 10 de dezembro, o governo federal confirmou que o sal\u00e1rio m\u00ednimo ser\u00e1 de R$ 1.621 em 2026. Essa decis\u00e3o movimenta debates em todas as \u00e1reas, pois reflete na renda dos brasileiros, afeta o com\u00e9rcio, [&hellip;]<\/p>\n","protected":false},"author":17,"featured_media":135331,"comment_status":"open","ping_status":"closed","sticky":false,"template":"","format":"standard","meta":{"jnews-multi-image_gallery":[],"jnews_single_post":{"format":"standard","override":[{"template":"1","parallax":"1","fullscreen":"1","layout":"right-sidebar","sidebar":"default-sidebar","second_sidebar":"default-sidebar","sticky_sidebar":"1","share_position":"topbottom","share_float_style":"share-monocrhome","show_featured":"1","show_post_meta":"1","show_post_author":"1","show_post_author_image":"1","show_post_date":"1","post_date_format":"default","post_date_format_custom":"Y\/m\/d","show_post_category":"1","post_reading_time_wpm":"300","post_calculate_word_method":"str_word_count","show_zoom_button":"0","zoom_button_out_step":"2","zoom_button_in_step":"3","show_post_tag":"1","show_prev_next_post":"1","show_popup_post":"1","show_comment_section":"1","number_popup_post":"2","show_author_box":"1","show_post_related":"1","show_inline_post_related":"1"}],"image_override":[{"single_post_thumbnail_size":"crop-500","single_post_gallery_size":"crop-500"}],"trending_post_position":"meta","trending_post_label":"Trending","sponsored_post_label":"Sponsored by","disable_ad":"0","subtitle":"Novo piso entra em vigor em 1\u00ba de janeiro, mas pagamento ser\u00e1 feito em fevereiro; saiba mais!"},"jnews_primary_category":[],"jnews_social_meta":[],"jnews_override_counter":{"view_counter_number":"0","share_counter_number":"0","like_counter_number":"0","dislike_counter_number":"0"},"footnotes":""},"categories":[1691],"tags":[36135,36136,5142,36137,27714],"class_list":["post-135325","post","type-post","status-publish","format-standard","has-post-thumbnail","hentry","category-direitos-do-trabalhador","tag-governo-federal-salario-minimo","tag-piso-nacional-do-2026","tag-reajuste-salario-minimo","tag-reajuste-salario-minimo-2026","tag-valor-salario-minimo-2026"],"yoast_head":"<!-- This site is optimized with the Yoast SEO Premium plugin v27.4 (Yoast SEO v27.4) - https:\/\/yoast.com\/product\/yoast-seo-premium-wordpress\/ -->\n<title>R$ 1.621: esse ser\u00e1 o valor do sal\u00e1rio m\u00ednimo em 2026, confirma governo federal - Blog Pensar Cursos<\/title>\n<meta name=\"description\" content=\"Sal\u00e1rio m\u00ednimo ser\u00e1 de R$ 1.621 em 2026. Saiba impactos, calend\u00e1rio, e como a mudan\u00e7a afeta benef\u00edcios e contratos. Veja as novidades!\" \/>\n<meta name=\"robots\" content=\"index, follow, max-snippet:-1, max-image-preview:large, max-video-preview:-1\" \/>\n<link rel=\"canonical\" href=\"https:\/\/www.pensarcursos.com.br\/blog\/r-1-621-esse-sera-o-valor-do-salario-minimo-em-2026-confirma-governo-federal\/\" \/>\n<meta property=\"og:locale\" content=\"pt_BR\" \/>\n<meta property=\"og:type\" content=\"article\" \/>\n<meta property=\"og:title\" content=\"R$ 1.621: esse ser\u00e1 o valor do sal\u00e1rio m\u00ednimo em 2026, confirma governo federal\" \/>\n<meta property=\"og:description\" content=\"Sal\u00e1rio m\u00ednimo ser\u00e1 de R$ 1.621 em 2026. Saiba impactos, calend\u00e1rio, e como a mudan\u00e7a afeta benef\u00edcios e contratos. Veja as novidades!\" \/>\n<meta property=\"og:url\" content=\"https:\/\/www.pensarcursos.com.br\/blog\/r-1-621-esse-sera-o-valor-do-salario-minimo-em-2026-confirma-governo-federal\/\" \/>\n<meta property=\"og:site_name\" content=\"Blog Pensar Cursos\" \/>\n<meta property=\"article:publisher\" content=\"https:\/\/www.facebook.com\/pensarcursos\/\" \/>\n<meta property=\"article:author\" content=\"https:\/\/www.facebook.com\/profile.php?id=61550018262414\" \/>\n<meta property=\"article:published_time\" content=\"2025-12-10T19:19:01+00:00\" \/>\n<meta property=\"article:modified_time\" content=\"2026-03-19T13:29:05+00:00\" \/>\n<meta property=\"og:image\" content=\"https:\/\/www.pensarcursos.com.br\/blog\/wp-content\/uploads\/2025\/12\/Dinheiro-em-especie-agencia.png\" \/>\n\t<meta property=\"og:image:width\" content=\"1215\" \/>\n\t<meta property=\"og:image:height\" content=\"810\" \/>\n\t<meta property=\"og:image:type\" content=\"image\/png\" \/>\n<meta name=\"author\" content=\"Gorete Costa\" \/>\n<meta name=\"twitter:card\" content=\"summary_large_image\" \/>\n<meta name=\"twitter:label1\" content=\"Escrito por\" \/>\n\t<meta name=\"twitter:data1\" content=\"Gorete Costa\" \/>\n\t<meta name=\"twitter:label2\" content=\"Est. tempo de leitura\" \/>\n\t<meta name=\"twitter:data2\" content=\"6 minutos\" \/>\n<!-- \/ Yoast SEO Premium plugin. -->","yoast_head_json":{"title":"R$ 1.621: esse ser\u00e1 o valor do sal\u00e1rio m\u00ednimo em 2026, confirma governo federal - Blog Pensar Cursos","description":"Sal\u00e1rio m\u00ednimo ser\u00e1 de R$ 1.621 em 2026. Saiba impactos, calend\u00e1rio, e como a mudan\u00e7a afeta benef\u00edcios e contratos. Veja as novidades!","robots":{"index":"index","follow":"follow","max-snippet":"max-snippet:-1","max-image-preview":"max-image-preview:large","max-video-preview":"max-video-preview:-1"},"canonical":"https:\/\/www.pensarcursos.com.br\/blog\/r-1-621-esse-sera-o-valor-do-salario-minimo-em-2026-confirma-governo-federal\/","og_locale":"pt_BR","og_type":"article","og_title":"R$ 1.621: esse ser\u00e1 o valor do sal\u00e1rio m\u00ednimo em 2026, confirma governo federal","og_description":"Sal\u00e1rio m\u00ednimo ser\u00e1 de R$ 1.621 em 2026. Saiba impactos, calend\u00e1rio, e como a mudan\u00e7a afeta benef\u00edcios e contratos. Veja as novidades!","og_url":"https:\/\/www.pensarcursos.com.br\/blog\/r-1-621-esse-sera-o-valor-do-salario-minimo-em-2026-confirma-governo-federal\/","og_site_name":"Blog Pensar Cursos","article_publisher":"https:\/\/www.facebook.com\/pensarcursos\/","article_author":"https:\/\/www.facebook.com\/profile.php?id=61550018262414","article_published_time":"2025-12-10T19:19:01+00:00","article_modified_time":"2026-03-19T13:29:05+00:00","og_image":[{"width":1215,"height":810,"url":"https:\/\/www.pensarcursos.com.br\/blog\/wp-content\/uploads\/2025\/12\/Dinheiro-em-especie-agencia.png","type":"image\/png"}],"author":"Gorete Costa","twitter_card":"summary_large_image","twitter_misc":{"Escrito por":"Gorete Costa","Est. tempo de leitura":"6 minutos"},"schema":{"@context":"https:\/\/schema.org","@graph":[{"@type":["Article","BlogPosting"],"@id":"https:\/\/www.pensarcursos.com.br\/blog\/r-1-621-esse-sera-o-valor-do-salario-minimo-em-2026-confirma-governo-federal\/#article","isPartOf":{"@id":"https:\/\/www.pensarcursos.com.br\/blog\/r-1-621-esse-sera-o-valor-do-salario-minimo-em-2026-confirma-governo-federal\/"},"author":{"name":"Gorete Costa","@id":"https:\/\/www.pensarcursos.com.br\/blog\/#\/schema\/person\/e133b19d62595d6ab0c12f3e5436a7bb"},"headline":"R$ 1.621: esse ser\u00e1 o valor do sal\u00e1rio m\u00ednimo em 2026, confirma governo federal","datePublished":"2025-12-10T19:19:01+00:00","dateModified":"2026-03-19T13:29:05+00:00","mainEntityOfPage":{"@id":"https:\/\/www.pensarcursos.com.br\/blog\/r-1-621-esse-sera-o-valor-do-salario-minimo-em-2026-confirma-governo-federal\/"},"wordCount":1084,"commentCount":0,"publisher":{"@id":"https:\/\/www.pensarcursos.com.br\/blog\/#organization"},"image":{"@id":"https:\/\/www.pensarcursos.com.br\/blog\/r-1-621-esse-sera-o-valor-do-salario-minimo-em-2026-confirma-governo-federal\/#primaryimage"},"thumbnailUrl":"https:\/\/www.pensarcursos.com.br\/blog\/wp-content\/uploads\/2025\/12\/Dinheiro-em-especie-agencia.png","keywords":["governo federal sal\u00e1rio m\u00ednimo","piso nacional do 2026","reajuste sal\u00e1rio m\u00ednimo","reajuste sal\u00e1rio m\u00ednimo 2026","valor sal\u00e1rio m\u00ednimo 2026"],"articleSection":["Direitos do Trabalhador"],"inLanguage":"pt-BR","potentialAction":[{"@type":"CommentAction","name":"Comment","target":["https:\/\/www.pensarcursos.com.br\/blog\/r-1-621-esse-sera-o-valor-do-salario-minimo-em-2026-confirma-governo-federal\/#respond"]}],"copyrightYear":"2025","copyrightHolder":{"@id":"https:\/\/www.pensarcursos.com.br\/blog\/#organization"}},{"@type":"WebPage","@id":"https:\/\/www.pensarcursos.com.br\/blog\/r-1-621-esse-sera-o-valor-do-salario-minimo-em-2026-confirma-governo-federal\/","url":"https:\/\/www.pensarcursos.com.br\/blog\/r-1-621-esse-sera-o-valor-do-salario-minimo-em-2026-confirma-governo-federal\/","name":"R$ 1.621: esse ser\u00e1 o valor do sal\u00e1rio m\u00ednimo em 2026, confirma governo federal - Blog Pensar Cursos","isPartOf":{"@id":"https:\/\/www.pensarcursos.com.br\/blog\/#website"},"primaryImageOfPage":{"@id":"https:\/\/www.pensarcursos.com.br\/blog\/r-1-621-esse-sera-o-valor-do-salario-minimo-em-2026-confirma-governo-federal\/#primaryimage"},"image":{"@id":"https:\/\/www.pensarcursos.com.br\/blog\/r-1-621-esse-sera-o-valor-do-salario-minimo-em-2026-confirma-governo-federal\/#primaryimage"},"thumbnailUrl":"https:\/\/www.pensarcursos.com.br\/blog\/wp-content\/uploads\/2025\/12\/Dinheiro-em-especie-agencia.png","datePublished":"2025-12-10T19:19:01+00:00","dateModified":"2026-03-19T13:29:05+00:00","description":"Sal\u00e1rio m\u00ednimo ser\u00e1 de R$ 1.621 em 2026. Saiba impactos, calend\u00e1rio, e como a mudan\u00e7a afeta benef\u00edcios e contratos. Veja as novidades!","breadcrumb":{"@id":"https:\/\/www.pensarcursos.com.br\/blog\/r-1-621-esse-sera-o-valor-do-salario-minimo-em-2026-confirma-governo-federal\/#breadcrumb"},"inLanguage":"pt-BR","potentialAction":[{"@type":"ReadAction","target":["https:\/\/www.pensarcursos.com.br\/blog\/r-1-621-esse-sera-o-valor-do-salario-minimo-em-2026-confirma-governo-federal\/"]}]},{"@type":"ImageObject","inLanguage":"pt-BR","@id":"https:\/\/www.pensarcursos.com.br\/blog\/r-1-621-esse-sera-o-valor-do-salario-minimo-em-2026-confirma-governo-federal\/#primaryimage","url":"https:\/\/www.pensarcursos.com.br\/blog\/wp-content\/uploads\/2025\/12\/Dinheiro-em-especie-agencia.png","contentUrl":"https:\/\/www.pensarcursos.com.br\/blog\/wp-content\/uploads\/2025\/12\/Dinheiro-em-especie-agencia.png","width":1215,"height":810,"caption":"Decis\u00e3o antecipada permite que empresas e trabalhadores se preparem; saiba mais. Imagem: Ag\u00eancia Brasil"},{"@type":"BreadcrumbList","@id":"https:\/\/www.pensarcursos.com.br\/blog\/r-1-621-esse-sera-o-valor-do-salario-minimo-em-2026-confirma-governo-federal\/#breadcrumb","itemListElement":[{"@type":"ListItem","position":1,"name":"Home","item":"https:\/\/www.pensarcursos.com.br\/blog\/"},{"@type":"ListItem","position":2,"name":"R$ 1.621: esse ser\u00e1 o valor do sal\u00e1rio m\u00ednimo em 2026, confirma governo federal"}]},{"@type":"WebSite","@id":"https:\/\/www.pensarcursos.com.br\/blog\/#website","url":"https:\/\/www.pensarcursos.com.br\/blog\/","name":"Blog Pensar Cursos","description":"Maior Site de Cursos do Brasil","publisher":{"@id":"https:\/\/www.pensarcursos.com.br\/blog\/#organization"},"alternateName":"Blog Pensar","potentialAction":[{"@type":"SearchAction","target":{"@type":"EntryPoint","urlTemplate":"https:\/\/www.pensarcursos.com.br\/blog\/?s={search_term_string}"},"query-input":{"@type":"PropertyValueSpecification","valueRequired":true,"valueName":"search_term_string"}}],"inLanguage":"pt-BR"},{"@type":"Organization","@id":"https:\/\/www.pensarcursos.com.br\/blog\/#organization","name":"Pensar Cursos","alternateName":"Blog pensar","url":"https:\/\/www.pensarcursos.com.br\/blog\/","logo":{"@type":"ImageObject","inLanguage":"pt-BR","@id":"https:\/\/www.pensarcursos.com.br\/blog\/#\/schema\/logo\/image\/","url":"https:\/\/www.pensarcursos.com.br\/blog\/wp-content\/uploads\/2023\/11\/Nova-Logo-Pensar-Cursos-vertical.png","contentUrl":"https:\/\/www.pensarcursos.com.br\/blog\/wp-content\/uploads\/2023\/11\/Nova-Logo-Pensar-Cursos-vertical.png","width":1393,"height":1001,"caption":"Pensar Cursos"},"image":{"@id":"https:\/\/www.pensarcursos.com.br\/blog\/#\/schema\/logo\/image\/"},"sameAs":["https:\/\/www.facebook.com\/pensarcursos\/","https:\/\/instagram.com.br\/pensarcursos"],"description":"Pensar Cursos \u00e9 uma empresa especializada em oferecer cursos de alta qualidade voltados para o desenvolvimento profissional e acad\u00eamico. Com uma ampla gama de op\u00e7\u00f5es de treinamento, oferecemos conte\u00fados atualizados, ministrados por especialistas da \u00e1rea, para capacitar indiv\u00edduos e equipes a atingirem seus objetivos. Nossa miss\u00e3o \u00e9 proporcionar uma educa\u00e7\u00e3o transformadora, acess\u00edvel e personalizada para cada aluno, seja em cursos presenciais ou online. Com uma abordagem inovadora, buscamos adaptar os nossos programas de ensino \u00e0s necessidades do mercado, criando solu\u00e7\u00f5es que atendem aos desafios e exig\u00eancias do mundo corporativo e acad\u00eamico. Nossos cursos incluem desde forma\u00e7\u00f5es t\u00e9cnicas at\u00e9 habilidades essenciais, como lideran\u00e7a, gest\u00e3o e desenvolvimento pessoal.","email":"contato@pensarcursos.com.br","legalName":"Sena Servi\u00e7os de Informa\u00e7\u00e3o Online LTDA","foundingDate":"2013-04-18","vatID":"17956217000172","numberOfEmployees":{"@type":"QuantitativeValue","minValue":"11","maxValue":"50"},"publishingPrinciples":"https:\/\/www.pensarcursos.com.br\/blog\/principios-de-publicacao\/","ownershipFundingInfo":"https:\/\/www.pensarcursos.com.br\/blog\/informacoes-de-propriedade-financiamento\/","actionableFeedbackPolicy":"https:\/\/www.pensarcursos.com.br\/blog\/politica-de-feedback-acionavel\/","correctionsPolicy":"https:\/\/www.pensarcursos.com.br\/blog\/politica-de-correcoes\/","ethicsPolicy":"https:\/\/www.pensarcursos.com.br\/blog\/politica-de-etica\/"},{"@type":"Person","@id":"https:\/\/www.pensarcursos.com.br\/blog\/#\/schema\/person\/e133b19d62595d6ab0c12f3e5436a7bb","name":"Gorete Costa","image":{"@type":"ImageObject","inLanguage":"pt-BR","@id":"https:\/\/secure.gravatar.com\/avatar\/8cb99f142e1cb1312d8c202378c20dc4f7210145acc22805481f4a3f47ce9b6f?s=96&d=mm&r=g","url":"https:\/\/secure.gravatar.com\/avatar\/8cb99f142e1cb1312d8c202378c20dc4f7210145acc22805481f4a3f47ce9b6f?s=96&d=mm&r=g","contentUrl":"https:\/\/secure.gravatar.com\/avatar\/8cb99f142e1cb1312d8c202378c20dc4f7210145acc22805481f4a3f47ce9b6f?s=96&d=mm&r=g","caption":"Gorete Costa"},"description":"Graduada em Servi\u00e7o Social pela Universidade do Norte do Paran\u00e1 (Unopar), Gorete Costa \u00e9 especialista em comunica\u00e7\u00e3o, atuando como radialista em programas jornal\u00edsticos e de entretenimento, al\u00e9m de produ\u00e7\u00e3o e revis\u00e3o de textos informativos para sites e blogs.","sameAs":["https:\/\/www.facebook.com\/profile.php?id=61550018262414"],"url":"https:\/\/www.pensarcursos.com.br\/blog\/author\/gorete\/"}]}},"_links":{"self":[{"href":"https:\/\/www.pensarcursos.com.br\/blog\/wp-json\/wp\/v2\/posts\/135325","targetHints":{"allow":["GET"]}}],"collection":[{"href":"https:\/\/www.pensarcursos.com.br\/blog\/wp-json\/wp\/v2\/posts"}],"about":[{"href":"https:\/\/www.pensarcursos.com.br\/blog\/wp-json\/wp\/v2\/types\/post"}],"author":[{"embeddable":true,"href":"https:\/\/www.pensarcursos.com.br\/blog\/wp-json\/wp\/v2\/users\/17"}],"replies":[{"embeddable":true,"href":"https:\/\/www.pensarcursos.com.br\/blog\/wp-json\/wp\/v2\/comments?post=135325"}],"version-history":[{"count":0,"href":"https:\/\/www.pensarcursos.com.br\/blog\/wp-json\/wp\/v2\/posts\/135325\/revisions"}],"wp:featuredmedia":[{"embeddable":true,"href":"https:\/\/www.pensarcursos.com.br\/blog\/wp-json\/wp\/v2\/media\/135331"}],"wp:attachment":[{"href":"https:\/\/www.pensarcursos.com.br\/blog\/wp-json\/wp\/v2\/media?parent=135325"}],"wp:term":[{"taxonomy":"category","embeddable":true,"href":"https:\/\/www.pensarcursos.com.br\/blog\/wp-json\/wp\/v2\/categories?post=135325"},{"taxonomy":"post_tag","embeddable":true,"href":"https:\/\/www.pensarcursos.com.br\/blog\/wp-json\/wp\/v2\/tags?post=135325"}],"curies":[{"name":"wp","href":"https:\/\/api.w.org\/{rel}","templated":true}]}}