{"id":135324,"date":"2025-12-10T20:39:36","date_gmt":"2025-12-10T23:39:36","guid":{"rendered":"https:\/\/www.pensarcursos.com.br\/blog\/?p=135324"},"modified":"2025-12-10T15:13:02","modified_gmt":"2025-12-10T18:13:02","slug":"pe-de-meia-libera-parcelas-mensais-de-r-200-r-225-e-r-1-050-veja-qual-delas-pode-cair-na-sua-conta","status":"publish","type":"post","link":"https:\/\/www.pensarcursos.com.br\/blog\/pe-de-meia-libera-parcelas-mensais-de-r-200-r-225-e-r-1-050-veja-qual-delas-pode-cair-na-sua-conta\/","title":{"rendered":"P\u00e9-de-Meia libera parcelas mensais de R$ 200, R$ 225 e R$ 1.050 &#8211; Veja qual delas pode cair na sua conta!"},"content":{"rendered":"<p>O incentivo financeiro para perman\u00eancia e conclus\u00e3o dos estudos nunca foi t\u00e3o importante. Com o lan\u00e7amento do programa <a href=\"https:\/\/www.pensarcursos.com.br\/blog\/beneficiario-do-pe-de-meia-pode-sair-do-programa-em-2026-veja-os-criterios\/\" target=\"_blank\" rel=\"noopener\"><strong>P\u00e9-de-Meia<\/strong><\/a>, estudantes de diferentes fases da educa\u00e7\u00e3o t\u00eam acesso a parcelas mensais que ajudam na renda familiar e promovem a inclus\u00e3o educacional.<\/p>\n<p>Mas voc\u00ea sabe qual valor pode cair na sua conta este m\u00eas? Entender quem tem direito, os valores e o calend\u00e1rio \u00e9 fundamental para n\u00e3o perder nenhum benef\u00edcio.<\/p>\n<p>Os valores das parcelas do P\u00e9-de-Meia variam conforme o perfil do estudante. Existem incentivos mensais de\u00a0<strong>R$ 200<\/strong>,\u00a0<strong>R$ 225<\/strong>\u00a0e at\u00e9 pagamentos de\u00a0<strong>R$ 1.050<\/strong> para quem atende aos crit\u00e9rios. Confira como o programa funciona e descubra qual valor voc\u00ea pode receber.<\/p>\n<h2>Entenda o que \u00e9 o Programa P\u00e9-de-Meia<\/h2>\n<p>O\u00a0<strong>P\u00e9-de-Meia<\/strong>\u00a0\u00e9 um programa do Governo Federal que oferece incentivo financeiro para estudantes do ensino m\u00e9dio p\u00fablico, especialmente aqueles inscritos no Cadastro \u00danico para Programas Sociais (Cad\u00danico). O objetivo principal \u00e9\u00a0<strong>estimular a perman\u00eancia escolar<\/strong>\u00a0e reduzir a desigualdade social entre jovens brasileiros, al\u00e9m de impulsionar a mobilidade social por meio da educa\u00e7\u00e3o.<\/p>\n<p>Desde seu lan\u00e7amento em janeiro de 2024, o programa passou a pagar incentivos mensais em forma de poupan\u00e7a. Os recursos s\u00e3o depositados diretamente em contas abertas na Caixa Econ\u00f4mica Federal. O Minist\u00e9rio da Educa\u00e7\u00e3o (MEC) faz o acompanhamento dos dados escolares que garantem direito ao benef\u00edcio.<\/p>\n<p>Al\u00e9m disso, o P\u00e9-de-Meia tamb\u00e9m alcan\u00e7a estudantes em gradua\u00e7\u00e3o, representando um incentivo \u00e0 forma\u00e7\u00e3o de profissionais da educa\u00e7\u00e3o.<\/p>\n<h2>Modalidades de pagamento: quem recebe R$ 200 e R$ 225?<\/h2>\n<p>Os valores mensais pagos pelo <a href=\"https:\/\/www.pensarcursos.com.br\/blog\/r-1-000-do-pe-de-meia-descumprir-estas-3-regras-cancela-o-pagamento\/\" target=\"_blank\" rel=\"noopener\">P\u00e9-de-Meia<\/a> contemplam, em especial, alunos do <strong>ensino m\u00e9dio regular<\/strong>\u00a0e estudantes da\u00a0<strong>Educa\u00e7\u00e3o de Jovens e Adultos (EJA)<\/strong>. Para o ensino m\u00e9dio regular, a parcela mensal \u00e9 de\u00a0<strong>R$ 200<\/strong>, desde que a frequ\u00eancia escolar m\u00ednima de 80% seja comprovada. Para a EJA, o incentivo de matr\u00edcula garante R$ 200, enquanto a frequ\u00eancia mensal gera um valor adicional de\u00a0<strong>R$ 225<\/strong>.<\/p>\n<h3>Crit\u00e9rios para receber o benef\u00edcio<\/h3>\n<ul>\n<li>Estar matriculado no ensino m\u00e9dio p\u00fablico<\/li>\n<li>Fazer parte do Cad\u00danico<\/li>\n<li>Comprovar frequ\u00eancia m\u00ednima de 80%<\/li>\n<\/ul>\n<p>Al\u00e9m disso, o estudante pode receber at\u00e9\u00a0<strong>R$ 1.000<\/strong>\u00a0anuais como pr\u00eamio por conclus\u00e3o de cada ano do ensino m\u00e9dio, valor que fica bloqueado como poupan\u00e7a, sendo resgatado apenas ap\u00f3s a formatura.<\/p>\n<h2>Pagamentos de dezembro: valor, frequ\u00eancia e calend\u00e1rio<\/h2>\n<p>O dep\u00f3sito referente a dezembro \u00e9 organizado seguindo o m\u00eas de nascimento do estudante. Em 2025, a\u00a0<strong>parcela de R$ 200<\/strong> ser\u00e1 paga para quem estiver no ensino m\u00e9dio regular e cumprir a frequ\u00eancia exigida. Basta ficar atento ao calend\u00e1rio divulgado pelo <a href=\"https:\/\/www.gov.br\/mec\/pt-br\/pe-de-meia\/calendario-pagamentos\" target=\"_blank\" rel=\"noopener\">governo federal<\/a>:<\/p>\n<ul>\n<li><strong>Nascidos em janeiro e fevereiro:<\/strong>\u00a0pagamento em 22\/12<\/li>\n<li><strong>Nascidos em mar\u00e7o e abril:<\/strong>\u00a023\/12<\/li>\n<li><strong>Nascidos em maio e junho:<\/strong>\u00a024\/12<\/li>\n<li><strong>Nascidos em julho e agosto:<\/strong>\u00a026\/12<\/li>\n<li><strong>Nascidos em setembro e outubro:<\/strong>\u00a029\/12<\/li>\n<li><strong>Nascidos em novembro e dezembro:<\/strong>\u00a030\/12<\/li>\n<\/ul>\n<p>\u00c9 importante lembrar que, se a frequ\u00eancia m\u00ednima n\u00e3o for atingida, o pagamento daquele m\u00eas pode ser suspenso. As escolas s\u00e3o respons\u00e1veis por enviar essas informa\u00e7\u00f5es ao MEC mensalmente.<\/p>\n<figure id=\"attachment_135336\" aria-describedby=\"caption-attachment-135336\" style=\"width: 1200px\" class=\"wp-caption aligncenter\"><img decoding=\"async\" class=\"wp-image-135336 size-full\" title=\"Pagamentos de dezembro\" src=\"https:\/\/www.pensarcursos.com.br\/blog\/wp-content\/uploads\/2025\/12\/bolsa_600_compressed.webp\" alt=\"Pessoa contando v\u00e1rias notas de cem reais representando os diferentes valores das parcelas do P\u00e9-de-Meia em dezembro.\" width=\"1200\" height=\"717\" srcset=\"https:\/\/www.pensarcursos.com.br\/blog\/wp-content\/uploads\/2025\/12\/bolsa_600_compressed.webp 1200w, https:\/\/www.pensarcursos.com.br\/blog\/wp-content\/uploads\/2025\/12\/bolsa_600_compressed-300x179.webp 300w, https:\/\/www.pensarcursos.com.br\/blog\/wp-content\/uploads\/2025\/12\/bolsa_600_compressed-1024x612.webp 1024w, https:\/\/www.pensarcursos.com.br\/blog\/wp-content\/uploads\/2025\/12\/bolsa_600_compressed-768x459.webp 768w, https:\/\/www.pensarcursos.com.br\/blog\/wp-content\/uploads\/2025\/12\/bolsa_600_compressed-750x448.webp 750w, https:\/\/www.pensarcursos.com.br\/blog\/wp-content\/uploads\/2025\/12\/bolsa_600_compressed-1140x681.webp 1140w\" sizes=\"(max-width: 1200px) 100vw, 1200px\" \/><figcaption id=\"caption-attachment-135336\" class=\"wp-caption-text\">O programa disponibiliza parcelas que variam conforme o tipo de incentivo e a situa\u00e7\u00e3o do estudante. Imagem: Ag\u00eancia Brasil<\/figcaption><\/figure>\n<h2>Quem recebe R$ 1.050?<\/h2>\n<p>O programa tamb\u00e9m beneficia estudantes de\u00a0<strong>licenciatura<\/strong>\u00a0que desejam atuar como professores na rede p\u00fablica. Nessa modalidade, o valor mensal liberado \u00e9 de\u00a0<strong>R$ 1.050<\/strong>, dividido em duas partes:\u00a0<strong>R$ 700<\/strong>\u00a0com saque imediato e\u00a0<strong>R$ 350<\/strong>\u00a0como poupan\u00e7a, acess\u00edvel ap\u00f3s o ingresso na rede p\u00fablica de ensino.<\/p>\n<h3>Condi\u00e7\u00f5es para universit\u00e1rios receberem a bolsa<\/h3>\n<ul>\n<li>Nota igual ou superior a 650 pontos no Exame Nacional do Ensino M\u00e9dio (Enem)<\/li>\n<li>Ingresso em curso de licenciatura (Sistema de Sele\u00e7\u00e3o Unificada &#8211; Sisu, Programa Universidade para Todos &#8211; ProUni ou Fundo de Financiamento Estudantil &#8211; Fies)<\/li>\n<li>Regularidade acad\u00eamica e aprova\u00e7\u00e3o nos cr\u00e9ditos cursados<\/li>\n<li>Ativar conta no Banco do Brasil via aplicativo<\/li>\n<\/ul>\n<h4>Quando os pagamentos de licenciatura s\u00e3o feitos?<\/h4>\n<p>Os pagamentos caem at\u00e9 o 5\u00ba dia \u00fatil do m\u00eas seguinte ao cadastramento do estudante no sistema. Os cronogramas s\u00e3o atualizados periodicamente e as inscri\u00e7\u00f5es podem ser acompanhadas pela <a href=\"https:\/\/freire.capes.gov.br\/portal\/\" target=\"_blank\" rel=\"noopener\">Plataforma Freire<\/a>.<\/p>\n<p>Vale ressaltar que ainda n\u00e3o foi divulgado o cronograma de inscri\u00e7\u00f5es do <a href=\"https:\/\/www.pensarcursos.com.br\/blog\/pe-de-meia-de-r-1-050-quando-abrem-novas-inscricoes\/\" target=\"_blank\" rel=\"noopener\">P\u00e9-de-Meia Licenciaturas<\/a> para 2026. A previs\u00e3o \u00e9 que o procedimento aconte\u00e7a ap\u00f3s 16 de janeiro, quando est\u00e1 prevista a libera\u00e7\u00e3o do resultado do Enem 2025.<\/p>\n<h2>Quais valores podem cair na conta e quando?<\/h2>\n<p>Para quem \u00e9 estudante do ensino m\u00e9dio regular e est\u00e1 com a presen\u00e7a em dia, o mais comum \u00e9\u00a0<strong>receber R$ 200 mensais<\/strong>, pagos diretamente na conta da Caixa.<\/p>\n<h3>Valores totais poss\u00edveis<\/h3>\n<ul>\n<li>Ensino M\u00e9dio (regular): at\u00e9 R$ 200 por m\u00eas + b\u00f4nus anual por aprova\u00e7\u00e3o e participa\u00e7\u00e3o no Enem<\/li>\n<li>EJA: R$ 200 de matr\u00edcula + at\u00e9 R$ 225 mensais por frequ\u00eancia<\/li>\n<li>Licenciatura: R$ 1.050 mensais, parte liberada ap\u00f3s ingresso na carreira docente<\/li>\n<\/ul>\n<p>A dica \u00e9 acompanhar de perto o\u00a0<strong>calend\u00e1rio oficial<\/strong>\u00a0de pagamentos e conferir mensalmente se as condi\u00e7\u00f5es est\u00e3o sendo atendidas para n\u00e3o perder nenhum dep\u00f3sito.<\/p>\n<h2>Como acompanhar se o benef\u00edcio do P\u00e9-de-Meia foi pago?<\/h2>\n<p>Ap\u00f3s o envio das informa\u00e7\u00f5es por parte da escola, basta acessar o aplicativo da Caixa para verificar o saldo da conta. Para estudantes de licenciatura, o procedimento tamb\u00e9m pode ser feito pelo app do Banco do Brasil.<\/p>\n<p>Os estudantes devem atualizar seus cadastros e ficar atentos a comunicados da escola e do governo. Em caso de d\u00favidas ou atrasos, o contato deve ser feito com a Secretaria de Educa\u00e7\u00e3o ou a institui\u00e7\u00e3o de ensino superior.<\/p>\n<p>Continue no<a href=\"https:\/\/www.pensarcursos.com.br\/blog\/\" target=\"_blank\" rel=\"noopener\"><strong> Pensar Cursos<\/strong><\/a> e saiba mais sobre o P\u00e9-de-Meia Licenciaturas:<\/p>\n<div class=\"jeg_video_container jeg_video_content\"><iframe title=\"BOLSA de at\u00e9 R$ 48.300? Descubra como conquistar sua faculdade com o novo benef\u00edcio do MEC!\" width=\"500\" height=\"281\" src=\"https:\/\/www.youtube.com\/embed\/lml8HlTK-20?feature=oembed\" frameborder=\"0\" allow=\"accelerometer; autoplay; clipboard-write; encrypted-media; gyroscope; picture-in-picture; web-share\" referrerpolicy=\"strict-origin-when-cross-origin\" allowfullscreen><\/iframe><\/div>\n","protected":false},"excerpt":{"rendered":"<p>O incentivo financeiro para perman\u00eancia e conclus\u00e3o dos estudos nunca foi t\u00e3o importante. Com o lan\u00e7amento do programa P\u00e9-de-Meia, estudantes de diferentes fases da educa\u00e7\u00e3o t\u00eam acesso a parcelas mensais que ajudam na renda familiar e promovem a inclus\u00e3o educacional. Mas voc\u00ea sabe qual valor pode cair na sua conta este m\u00eas? Entender quem tem [&hellip;]<\/p>\n","protected":false},"author":41,"featured_media":135335,"comment_status":"open","ping_status":"closed","sticky":false,"template":"","format":"standard","meta":{"jnews-multi-image_gallery":[],"jnews_single_post":{"format":"standard","override":[{"template":"1","parallax":"1","fullscreen":"1","layout":"right-sidebar","sidebar":"default-sidebar","second_sidebar":"default-sidebar","sticky_sidebar":"1","share_position":"topbottom","share_float_style":"share-monocrhome","show_featured":"1","show_post_meta":"1","show_post_author":"1","show_post_author_image":"1","show_post_date":"1","post_date_format":"default","post_date_format_custom":"Y\/m\/d","show_post_category":"1","post_reading_time_wpm":"300","post_calculate_word_method":"str_word_count","show_zoom_button":"0","zoom_button_out_step":"2","zoom_button_in_step":"3","show_post_tag":"1","show_prev_next_post":"1","show_popup_post":"1","show_comment_section":"1","number_popup_post":"2","show_author_box":"1","show_post_related":"1","show_inline_post_related":"1"}],"image_override":[{"single_post_thumbnail_size":"crop-500","single_post_gallery_size":"crop-500"}],"trending_post_position":"meta","trending_post_label":"Trending","sponsored_post_label":"Sponsored by","disable_ad":"0","subtitle":"Entenda quem pode receber as diferentes parcelas do P\u00e9-de-Meia e como garantir seu benef\u00edcio"},"jnews_primary_category":[],"jnews_social_meta":[],"jnews_override_counter":{"view_counter_number":"0","share_counter_number":"0","like_counter_number":"0","dislike_counter_number":"0"},"footnotes":""},"categories":[17201],"tags":[33350,35952,36139,28726],"class_list":["post-135324","post","type-post","status-publish","format-standard","has-post-thumbnail","hentry","category-pe-de-meia","tag-beneficio-estudante","tag-como-receber-pe-de-meia","tag-regras-programa-pe-de-meia","tag-valores-pe-de-meia"],"yoast_head":"<!-- This site is optimized with the Yoast SEO Premium plugin v27.4 (Yoast SEO v27.4) - https:\/\/yoast.com\/product\/yoast-seo-premium-wordpress\/ -->\n<title>P\u00e9-de-Meia libera parcelas mensais de R$ 200, R$ 225 e R$ 1.050 - Veja qual delas pode cair na sua conta! - Blog Pensar Cursos<\/title>\n<meta name=\"description\" content=\"P\u00e9-de-Meia libera parcelas de R$ 200, R$ 225 e R$ 1.050 em 2025! Descubra qual valor pode cair na sua conta, crit\u00e9rios, calend\u00e1rio de pagamentos e dicas para garantir o benef\u00edcio.\" \/>\n<meta name=\"robots\" content=\"index, follow, max-snippet:-1, max-image-preview:large, max-video-preview:-1\" \/>\n<link rel=\"canonical\" href=\"https:\/\/www.pensarcursos.com.br\/blog\/pe-de-meia-libera-parcelas-mensais-de-r-200-r-225-e-r-1-050-veja-qual-delas-pode-cair-na-sua-conta\/\" \/>\n<meta property=\"og:locale\" content=\"pt_BR\" \/>\n<meta property=\"og:type\" content=\"article\" \/>\n<meta property=\"og:title\" content=\"P\u00e9-de-Meia libera parcelas mensais de R$ 200, R$ 225 e R$ 1.050 - Veja qual delas pode cair na sua conta!\" \/>\n<meta property=\"og:description\" content=\"P\u00e9-de-Meia libera parcelas de R$ 200, R$ 225 e R$ 1.050 em 2025! Descubra qual valor pode cair na sua conta, crit\u00e9rios, calend\u00e1rio de pagamentos e dicas para garantir o benef\u00edcio.\" \/>\n<meta property=\"og:url\" content=\"https:\/\/www.pensarcursos.com.br\/blog\/pe-de-meia-libera-parcelas-mensais-de-r-200-r-225-e-r-1-050-veja-qual-delas-pode-cair-na-sua-conta\/\" \/>\n<meta property=\"og:site_name\" content=\"Blog Pensar Cursos\" \/>\n<meta property=\"article:publisher\" content=\"https:\/\/www.facebook.com\/pensarcursos\/\" \/>\n<meta property=\"article:published_time\" content=\"2025-12-10T23:39:36+00:00\" \/>\n<meta property=\"og:image\" content=\"https:\/\/www.pensarcursos.com.br\/blog\/wp-content\/uploads\/2025\/12\/Pe-de-meia2-1-6.png\" \/>\n\t<meta property=\"og:image:width\" content=\"1200\" \/>\n\t<meta property=\"og:image:height\" content=\"800\" \/>\n\t<meta property=\"og:image:type\" content=\"image\/png\" \/>\n<meta name=\"author\" content=\"F\u00e1tima Azevedo\" \/>\n<meta name=\"twitter:card\" content=\"summary_large_image\" \/>\n<meta name=\"twitter:label1\" content=\"Escrito por\" \/>\n\t<meta name=\"twitter:data1\" content=\"F\u00e1tima Azevedo\" \/>\n\t<meta name=\"twitter:label2\" content=\"Est. tempo de leitura\" \/>\n\t<meta name=\"twitter:data2\" content=\"6 minutos\" \/>\n<!-- \/ Yoast SEO Premium plugin. -->","yoast_head_json":{"title":"P\u00e9-de-Meia libera parcelas mensais de R$ 200, R$ 225 e R$ 1.050 - Veja qual delas pode cair na sua conta! - Blog Pensar Cursos","description":"P\u00e9-de-Meia libera parcelas de R$ 200, R$ 225 e R$ 1.050 em 2025! Descubra qual valor pode cair na sua conta, crit\u00e9rios, calend\u00e1rio de pagamentos e dicas para garantir o benef\u00edcio.","robots":{"index":"index","follow":"follow","max-snippet":"max-snippet:-1","max-image-preview":"max-image-preview:large","max-video-preview":"max-video-preview:-1"},"canonical":"https:\/\/www.pensarcursos.com.br\/blog\/pe-de-meia-libera-parcelas-mensais-de-r-200-r-225-e-r-1-050-veja-qual-delas-pode-cair-na-sua-conta\/","og_locale":"pt_BR","og_type":"article","og_title":"P\u00e9-de-Meia libera parcelas mensais de R$ 200, R$ 225 e R$ 1.050 - Veja qual delas pode cair na sua conta!","og_description":"P\u00e9-de-Meia libera parcelas de R$ 200, R$ 225 e R$ 1.050 em 2025! Descubra qual valor pode cair na sua conta, crit\u00e9rios, calend\u00e1rio de pagamentos e dicas para garantir o benef\u00edcio.","og_url":"https:\/\/www.pensarcursos.com.br\/blog\/pe-de-meia-libera-parcelas-mensais-de-r-200-r-225-e-r-1-050-veja-qual-delas-pode-cair-na-sua-conta\/","og_site_name":"Blog Pensar Cursos","article_publisher":"https:\/\/www.facebook.com\/pensarcursos\/","article_published_time":"2025-12-10T23:39:36+00:00","og_image":[{"width":1200,"height":800,"url":"https:\/\/www.pensarcursos.com.br\/blog\/wp-content\/uploads\/2025\/12\/Pe-de-meia2-1-6.png","type":"image\/png"}],"author":"F\u00e1tima Azevedo","twitter_card":"summary_large_image","twitter_misc":{"Escrito por":"F\u00e1tima Azevedo","Est. tempo de leitura":"6 minutos"},"schema":{"@context":"https:\/\/schema.org","@graph":[{"@type":["Article","BlogPosting"],"@id":"https:\/\/www.pensarcursos.com.br\/blog\/pe-de-meia-libera-parcelas-mensais-de-r-200-r-225-e-r-1-050-veja-qual-delas-pode-cair-na-sua-conta\/#article","isPartOf":{"@id":"https:\/\/www.pensarcursos.com.br\/blog\/pe-de-meia-libera-parcelas-mensais-de-r-200-r-225-e-r-1-050-veja-qual-delas-pode-cair-na-sua-conta\/"},"author":{"name":"F\u00e1tima Azevedo","@id":"https:\/\/www.pensarcursos.com.br\/blog\/#\/schema\/person\/827343e4611913410dcf62144b5b2a2d"},"headline":"P\u00e9-de-Meia libera parcelas mensais de R$ 200, R$ 225 e R$ 1.050 &#8211; Veja qual delas pode cair na sua conta!","datePublished":"2025-12-10T23:39:36+00:00","mainEntityOfPage":{"@id":"https:\/\/www.pensarcursos.com.br\/blog\/pe-de-meia-libera-parcelas-mensais-de-r-200-r-225-e-r-1-050-veja-qual-delas-pode-cair-na-sua-conta\/"},"wordCount":997,"commentCount":0,"publisher":{"@id":"https:\/\/www.pensarcursos.com.br\/blog\/#organization"},"image":{"@id":"https:\/\/www.pensarcursos.com.br\/blog\/pe-de-meia-libera-parcelas-mensais-de-r-200-r-225-e-r-1-050-veja-qual-delas-pode-cair-na-sua-conta\/#primaryimage"},"thumbnailUrl":"https:\/\/www.pensarcursos.com.br\/blog\/wp-content\/uploads\/2025\/12\/Pe-de-meia2-1-6.png","keywords":["beneficio estudante","como receber p\u00e9 de meia","regras programa p\u00e9 de meia","valores p\u00e9-de-meia"],"articleSection":["P\u00e9-de-Meia"],"inLanguage":"pt-BR","potentialAction":[{"@type":"CommentAction","name":"Comment","target":["https:\/\/www.pensarcursos.com.br\/blog\/pe-de-meia-libera-parcelas-mensais-de-r-200-r-225-e-r-1-050-veja-qual-delas-pode-cair-na-sua-conta\/#respond"]}],"copyrightYear":"2025","copyrightHolder":{"@id":"https:\/\/www.pensarcursos.com.br\/blog\/#organization"}},{"@type":"WebPage","@id":"https:\/\/www.pensarcursos.com.br\/blog\/pe-de-meia-libera-parcelas-mensais-de-r-200-r-225-e-r-1-050-veja-qual-delas-pode-cair-na-sua-conta\/","url":"https:\/\/www.pensarcursos.com.br\/blog\/pe-de-meia-libera-parcelas-mensais-de-r-200-r-225-e-r-1-050-veja-qual-delas-pode-cair-na-sua-conta\/","name":"P\u00e9-de-Meia libera parcelas mensais de R$ 200, R$ 225 e R$ 1.050 - Veja qual delas pode cair na sua conta! - Blog Pensar Cursos","isPartOf":{"@id":"https:\/\/www.pensarcursos.com.br\/blog\/#website"},"primaryImageOfPage":{"@id":"https:\/\/www.pensarcursos.com.br\/blog\/pe-de-meia-libera-parcelas-mensais-de-r-200-r-225-e-r-1-050-veja-qual-delas-pode-cair-na-sua-conta\/#primaryimage"},"image":{"@id":"https:\/\/www.pensarcursos.com.br\/blog\/pe-de-meia-libera-parcelas-mensais-de-r-200-r-225-e-r-1-050-veja-qual-delas-pode-cair-na-sua-conta\/#primaryimage"},"thumbnailUrl":"https:\/\/www.pensarcursos.com.br\/blog\/wp-content\/uploads\/2025\/12\/Pe-de-meia2-1-6.png","datePublished":"2025-12-10T23:39:36+00:00","description":"P\u00e9-de-Meia libera parcelas de R$ 200, R$ 225 e R$ 1.050 em 2025! Descubra qual valor pode cair na sua conta, crit\u00e9rios, calend\u00e1rio de pagamentos e dicas para garantir o benef\u00edcio.","breadcrumb":{"@id":"https:\/\/www.pensarcursos.com.br\/blog\/pe-de-meia-libera-parcelas-mensais-de-r-200-r-225-e-r-1-050-veja-qual-delas-pode-cair-na-sua-conta\/#breadcrumb"},"inLanguage":"pt-BR","potentialAction":[{"@type":"ReadAction","target":["https:\/\/www.pensarcursos.com.br\/blog\/pe-de-meia-libera-parcelas-mensais-de-r-200-r-225-e-r-1-050-veja-qual-delas-pode-cair-na-sua-conta\/"]}]},{"@type":"ImageObject","inLanguage":"pt-BR","@id":"https:\/\/www.pensarcursos.com.br\/blog\/pe-de-meia-libera-parcelas-mensais-de-r-200-r-225-e-r-1-050-veja-qual-delas-pode-cair-na-sua-conta\/#primaryimage","url":"https:\/\/www.pensarcursos.com.br\/blog\/wp-content\/uploads\/2025\/12\/Pe-de-meia2-1-6.png","contentUrl":"https:\/\/www.pensarcursos.com.br\/blog\/wp-content\/uploads\/2025\/12\/Pe-de-meia2-1-6.png","width":1200,"height":800,"caption":"P\u00e9-de-Meia libera parcelas mensais de R$ 200, R$ 225 e R$ 1.050. Saiba mais! Imagem: Pensar Cursos"},{"@type":"BreadcrumbList","@id":"https:\/\/www.pensarcursos.com.br\/blog\/pe-de-meia-libera-parcelas-mensais-de-r-200-r-225-e-r-1-050-veja-qual-delas-pode-cair-na-sua-conta\/#breadcrumb","itemListElement":[{"@type":"ListItem","position":1,"name":"Home","item":"https:\/\/www.pensarcursos.com.br\/blog\/"},{"@type":"ListItem","position":2,"name":"P\u00e9-de-Meia libera parcelas mensais de R$ 200, R$ 225 e R$ 1.050 &#8211; Veja qual delas pode cair na sua conta!"}]},{"@type":"WebSite","@id":"https:\/\/www.pensarcursos.com.br\/blog\/#website","url":"https:\/\/www.pensarcursos.com.br\/blog\/","name":"Blog Pensar Cursos","description":"Maior Site de Cursos do Brasil","publisher":{"@id":"https:\/\/www.pensarcursos.com.br\/blog\/#organization"},"alternateName":"Blog Pensar","potentialAction":[{"@type":"SearchAction","target":{"@type":"EntryPoint","urlTemplate":"https:\/\/www.pensarcursos.com.br\/blog\/?s={search_term_string}"},"query-input":{"@type":"PropertyValueSpecification","valueRequired":true,"valueName":"search_term_string"}}],"inLanguage":"pt-BR"},{"@type":"Organization","@id":"https:\/\/www.pensarcursos.com.br\/blog\/#organization","name":"Pensar Cursos","alternateName":"Blog pensar","url":"https:\/\/www.pensarcursos.com.br\/blog\/","logo":{"@type":"ImageObject","inLanguage":"pt-BR","@id":"https:\/\/www.pensarcursos.com.br\/blog\/#\/schema\/logo\/image\/","url":"https:\/\/www.pensarcursos.com.br\/blog\/wp-content\/uploads\/2023\/11\/Nova-Logo-Pensar-Cursos-vertical.png","contentUrl":"https:\/\/www.pensarcursos.com.br\/blog\/wp-content\/uploads\/2023\/11\/Nova-Logo-Pensar-Cursos-vertical.png","width":1393,"height":1001,"caption":"Pensar Cursos"},"image":{"@id":"https:\/\/www.pensarcursos.com.br\/blog\/#\/schema\/logo\/image\/"},"sameAs":["https:\/\/www.facebook.com\/pensarcursos\/","https:\/\/instagram.com.br\/pensarcursos"],"description":"Pensar Cursos \u00e9 uma empresa especializada em oferecer cursos de alta qualidade voltados para o desenvolvimento profissional e acad\u00eamico. Com uma ampla gama de op\u00e7\u00f5es de treinamento, oferecemos conte\u00fados atualizados, ministrados por especialistas da \u00e1rea, para capacitar indiv\u00edduos e equipes a atingirem seus objetivos. Nossa miss\u00e3o \u00e9 proporcionar uma educa\u00e7\u00e3o transformadora, acess\u00edvel e personalizada para cada aluno, seja em cursos presenciais ou online. Com uma abordagem inovadora, buscamos adaptar os nossos programas de ensino \u00e0s necessidades do mercado, criando solu\u00e7\u00f5es que atendem aos desafios e exig\u00eancias do mundo corporativo e acad\u00eamico. Nossos cursos incluem desde forma\u00e7\u00f5es t\u00e9cnicas at\u00e9 habilidades essenciais, como lideran\u00e7a, gest\u00e3o e desenvolvimento pessoal.","email":"contato@pensarcursos.com.br","legalName":"Sena Servi\u00e7os de Informa\u00e7\u00e3o Online LTDA","foundingDate":"2013-04-18","vatID":"17956217000172","numberOfEmployees":{"@type":"QuantitativeValue","minValue":"11","maxValue":"50"},"publishingPrinciples":"https:\/\/www.pensarcursos.com.br\/blog\/principios-de-publicacao\/","ownershipFundingInfo":"https:\/\/www.pensarcursos.com.br\/blog\/informacoes-de-propriedade-financiamento\/","actionableFeedbackPolicy":"https:\/\/www.pensarcursos.com.br\/blog\/politica-de-feedback-acionavel\/","correctionsPolicy":"https:\/\/www.pensarcursos.com.br\/blog\/politica-de-correcoes\/","ethicsPolicy":"https:\/\/www.pensarcursos.com.br\/blog\/politica-de-etica\/"},{"@type":"Person","@id":"https:\/\/www.pensarcursos.com.br\/blog\/#\/schema\/person\/827343e4611913410dcf62144b5b2a2d","name":"F\u00e1tima Azevedo","image":{"@type":"ImageObject","inLanguage":"pt-BR","@id":"https:\/\/secure.gravatar.com\/avatar\/ea820c84e212573cc3f119ba576278fe7ad07b69ed7ca0c33223662227bb77ca?s=96&d=mm&r=g","url":"https:\/\/secure.gravatar.com\/avatar\/ea820c84e212573cc3f119ba576278fe7ad07b69ed7ca0c33223662227bb77ca?s=96&d=mm&r=g","contentUrl":"https:\/\/secure.gravatar.com\/avatar\/ea820c84e212573cc3f119ba576278fe7ad07b69ed7ca0c33223662227bb77ca?s=96&d=mm&r=g","caption":"F\u00e1tima Azevedo"},"description":"Graduada em Ci\u00eancias Biol\u00f3gicas. Professora. Redatora grupo Sena Online.","sameAs":["https:\/\/www.linkedin.com\/in\/maria-de-f\u00e1tima-oliveira-da-costa-74a1692a7"],"url":"https:\/\/www.pensarcursos.com.br\/blog\/author\/fatima\/"}]}},"_links":{"self":[{"href":"https:\/\/www.pensarcursos.com.br\/blog\/wp-json\/wp\/v2\/posts\/135324","targetHints":{"allow":["GET"]}}],"collection":[{"href":"https:\/\/www.pensarcursos.com.br\/blog\/wp-json\/wp\/v2\/posts"}],"about":[{"href":"https:\/\/www.pensarcursos.com.br\/blog\/wp-json\/wp\/v2\/types\/post"}],"author":[{"embeddable":true,"href":"https:\/\/www.pensarcursos.com.br\/blog\/wp-json\/wp\/v2\/users\/41"}],"replies":[{"embeddable":true,"href":"https:\/\/www.pensarcursos.com.br\/blog\/wp-json\/wp\/v2\/comments?post=135324"}],"version-history":[{"count":0,"href":"https:\/\/www.pensarcursos.com.br\/blog\/wp-json\/wp\/v2\/posts\/135324\/revisions"}],"wp:featuredmedia":[{"embeddable":true,"href":"https:\/\/www.pensarcursos.com.br\/blog\/wp-json\/wp\/v2\/media\/135335"}],"wp:attachment":[{"href":"https:\/\/www.pensarcursos.com.br\/blog\/wp-json\/wp\/v2\/media?parent=135324"}],"wp:term":[{"taxonomy":"category","embeddable":true,"href":"https:\/\/www.pensarcursos.com.br\/blog\/wp-json\/wp\/v2\/categories?post=135324"},{"taxonomy":"post_tag","embeddable":true,"href":"https:\/\/www.pensarcursos.com.br\/blog\/wp-json\/wp\/v2\/tags?post=135324"}],"curies":[{"name":"wp","href":"https:\/\/api.w.org\/{rel}","templated":true}]}}