{"id":135291,"date":"2025-12-10T20:09:53","date_gmt":"2025-12-10T23:09:53","guid":{"rendered":"https:\/\/www.pensarcursos.com.br\/blog\/?p=135291"},"modified":"2025-12-10T12:05:42","modified_gmt":"2025-12-10T15:05:42","slug":"2-concursos-publicos-encerram-inscricoes-nesta-quinta-feira-11-de-dezembro","status":"publish","type":"post","link":"https:\/\/www.pensarcursos.com.br\/blog\/2-concursos-publicos-encerram-inscricoes-nesta-quinta-feira-11-de-dezembro\/","title":{"rendered":"2 concursos p\u00fablicos encerram inscri\u00e7\u00f5es nesta quinta-feira, 11 de dezembro"},"content":{"rendered":"<p>No universo de concursos, perder o prazo de inscri\u00e7\u00e3o pode ser frustrante. <strong>Nesta quinta-feira, 11 de dezembro, dois certames fecham suas inscri\u00e7\u00f5es no estado de S\u00e3o Paulo<\/strong>.<\/p>\n<p>A busca por estabilidade, sal\u00e1rios e oportunidades para diferentes n\u00edveis de escolaridade segue atraindo candidatos de perfis variados.<\/p>\n<p>Se voc\u00ea ainda n\u00e3o garantiu participa\u00e7\u00e3o, confira as informa\u00e7\u00f5es essenciais e veja se algum destes concursos se encaixa em seus objetivos profissionais.<\/p>\n<h2>Concurso da Prefeitura de Luizi\u00e2nia (SP)<\/h2>\n<p>A\u00a0<strong>Prefeitura de Luizi\u00e2nia<\/strong>, localizada no interior paulista, lan\u00e7ou um edital com diversas oportunidades para quem busca ingresso no servi\u00e7o p\u00fablico. As vagas abrangem desde o ensino fundamental at\u00e9 o superior, contemplando fun\u00e7\u00f5es estrat\u00e9gicas para o munic\u00edpio.<\/p>\n<h3>Cargos e vagas dispon\u00edveis<\/h3>\n<ul>\n<li>Agente Comunit\u00e1rio de Sa\u00fade<\/li>\n<li>Auxiliar de Assist\u00eancia Social<\/li>\n<li>Motorista<\/li>\n<li>Pedreiro<\/li>\n<li>Professor PEB I \u2013 Educa\u00e7\u00e3o Infantil (0 a 3 anos)<\/li>\n<\/ul>\n<p>S\u00e3o <strong>cinco vagas imediatas<\/strong>, cada uma com requisitos espec\u00edficos relacionados \u00e0 escolaridade e, em alguns casos, outros crit\u00e9rios t\u00e9cnicos.<\/p>\n<h3>Remunera\u00e7\u00e3o e carga hor\u00e1ria<\/h3>\n<p>Os sal\u00e1rios iniciais variam de\u00a0<strong>R$ 1.739,87<\/strong>\u00a0a\u00a0<strong>R$ 3.652,20<\/strong>, conforme o cargo. A jornada semanal pode ser de 30 a 40 horas.<\/p>\n<h3>Inscri\u00e7\u00f5es e etapas do concurso<\/h3>\n<p>Os interessados podem realizar inscri\u00e7\u00e3o somente at\u00e9 o dia <strong>11 de dezembro de 2025<\/strong>, por\u00a0 meio do portal <a href=\"https:\/\/portal.imperioconcursos.com.br\/edital\/ver\/104\" target=\"_blank\" rel=\"noopener\">Imp\u00e9rio Concursos<\/a>. As taxas v\u00e3o de <strong>R$ 35,00<\/strong>\u00a0a\u00a0<strong>R$ 80,00<\/strong>. O processo seletivo contar\u00e1 com prova objetiva para todos os cargos, prevista para <strong>18 de janeiro de 2026<\/strong>, al\u00e9m de provas de t\u00edtulos e\/ou pr\u00e1ticas de acordo com a fun\u00e7\u00e3o desejada.<\/p>\n<h4>Resumo \u2013 Prefeitura de Luizi\u00e2nia<\/h4>\n<ul>\n<li>Status: Concurso aberto<\/li>\n<li>Banca: Comiss\u00e3o pr\u00f3pria<\/li>\n<li>Cargos: Agente Comunit\u00e1rio de Sa\u00fade, Auxiliar de Assist\u00eancia Social, Motorista, Pedreiro, Professor PEB I \u2013 Educa\u00e7\u00e3o Infantil<\/li>\n<li>Escolaridade: Fundamental, m\u00e9dio e superior<\/li>\n<li>Vagas: 5<\/li>\n<li>Sal\u00e1rio inicial: R$ 1.739,87 a R$ 3.652,20<\/li>\n<li>Inscri\u00e7\u00f5es: 01\/12\/2025 a 11\/12\/2025<\/li>\n<li>Taxa inscri\u00e7\u00e3o: R$ 35,00 a R$ 80,00<\/li>\n<li>Data da prova objetiva: 18\/01\/2026<\/li>\n<li>Edital: <a href=\"https:\/\/www.pensarcursos.com.br\/blog\/wp-content\/uploads\/2025\/12\/PREFEITURA-MUNICIPAL-DE-LUIZIANIA.pdf\">Edital do concurso da Prefeitura de Luizi\u00e2nia (SP)<\/a><\/li>\n<\/ul>\n<figure id=\"attachment_135303\" aria-describedby=\"caption-attachment-135303\" style=\"width: 1200px\" class=\"wp-caption aligncenter\"><img decoding=\"async\" class=\"wp-image-135303 size-full\" title=\"Concurso da Prefeitura de Luizi\u00e2nia (SP)\" src=\"https:\/\/www.pensarcursos.com.br\/blog\/wp-content\/uploads\/2025\/12\/Concurso-Pref3.webp\" alt=\"Candidata revisando material de estudo para concurso da Prefeitura enquanto ouve conte\u00fado preparat\u00f3rio com fones de ouvido.\" width=\"1200\" height=\"800\" srcset=\"https:\/\/www.pensarcursos.com.br\/blog\/wp-content\/uploads\/2025\/12\/Concurso-Pref3.webp 1200w, https:\/\/www.pensarcursos.com.br\/blog\/wp-content\/uploads\/2025\/12\/Concurso-Pref3-300x200.webp 300w, https:\/\/www.pensarcursos.com.br\/blog\/wp-content\/uploads\/2025\/12\/Concurso-Pref3-1024x683.webp 1024w, https:\/\/www.pensarcursos.com.br\/blog\/wp-content\/uploads\/2025\/12\/Concurso-Pref3-768x512.webp 768w, https:\/\/www.pensarcursos.com.br\/blog\/wp-content\/uploads\/2025\/12\/Concurso-Pref3-750x500.webp 750w, https:\/\/www.pensarcursos.com.br\/blog\/wp-content\/uploads\/2025\/12\/Concurso-Pref3-1140x760.webp 1140w\" sizes=\"(max-width: 1200px) 100vw, 1200px\" \/><figcaption id=\"caption-attachment-135303\" class=\"wp-caption-text\">O concurso da Prefeitura de Luizi\u00e2nia oferece oportunidades para candidatos de diferentes n\u00edveis de escolaridade. Imagem: Pensar Cursos<\/figcaption><\/figure>\n<h2>Concurso da Guarda Civil Municipal de Franco da Rocha (SP)<\/h2>\n<p>Outra op\u00e7\u00e3o para quem mora na Grande S\u00e3o Paulo \u00e9 o concurso para <strong>Guarda Civil Municipal (GCM) de Franco da Rocha<\/strong>. Com <strong>cinco vagas imediatas<\/strong>, o certame \u00e9 destinado a candidatos de n\u00edvel m\u00e9dio, devendo os candidatos tamb\u00e9m possuir CNH AB v\u00e1lida. As inscri\u00e7\u00f5es devem ser realizadas por meio do site da <a href=\"https:\/\/www.consulpam.com.br\/index.php?menu=concursos&amp;acao=ver&amp;id=782\" target=\"_blank\" rel=\"noopener\">Consulpam<\/a> at\u00e9 esta quinta-feira,<strong> 11 de dezembro de 2025<\/strong>.<\/p>\n<h3>Detalhes do cargo e remunera\u00e7\u00e3o<\/h3>\n<p>O cargo oferecido \u00e9 de Guarda Municipal, com sal\u00e1rio inicial de\u00a0<strong>R$ 2.192,00<\/strong>. Os aprovados ter\u00e3o direito a benef\u00edcios e trabalhar\u00e3o protegendo o patrim\u00f4nio p\u00fablico e garantindo a seguran\u00e7a da popula\u00e7\u00e3o local.<\/p>\n<h3>Etapas do processo seletivo<\/h3>\n<ul>\n<li>Prova objetiva de m\u00faltipla escolha, com 50 quest\u00f5es (m\u00ednimo de 50% de acertos exigido);<\/li>\n<li>Prova de aptid\u00e3o f\u00edsica e exame antropom\u00e9trico;<\/li>\n<li>Prova pr\u00e1tica para dire\u00e7\u00e3o de ve\u00edculos e baliza;<\/li>\n<li>Avalia\u00e7\u00e3o psicol\u00f3gica;<\/li>\n<li>Investiga\u00e7\u00e3o social;<\/li>\n<li>Curso de forma\u00e7\u00e3o obrigat\u00f3rio.<\/li>\n<\/ul>\n<p>A prova objetiva est\u00e1 prevista para o dia <strong>18 de janeiro de 2026<\/strong>. O candidato que obtiver nota igual ou superior a 50 pontos ser\u00e1 considerado habilitado para as pr\u00f3ximas fases.<\/p>\n<h4>Resumo \u2013 GCM Franco da Rocha<\/h4>\n<ul>\n<li>Status: Concurso aberto<\/li>\n<li>Banca: Consulpam<\/li>\n<li>Cargos: Guarda Municipal<\/li>\n<li>Escolaridade: N\u00edvel m\u00e9dio + CNH AB<\/li>\n<li>Vagas: 5<\/li>\n<li>Sal\u00e1rio inicial: R$ 2.192,00<\/li>\n<li>Inscri\u00e7\u00f5es: 12\/11\/2025 a 11\/12\/2025<\/li>\n<li>Taxa inscri\u00e7\u00e3o: R$ 19,97<\/li>\n<li>Data da prova objetiva: 18\/01\/2026<\/li>\n<li>Edital: <a href=\"https:\/\/www.pensarcursos.com.br\/blog\/wp-content\/uploads\/2025\/12\/PREFEITURA-MUNICIPAL-DE-FRANCO-DA-ROCHA.pdf\">concurso da GCM Franco da Rocha (SP)<\/a><\/li>\n<\/ul>\n<h2>Pontos fortes dos concursos que encerram em 11 de dezembro<\/h2>\n<p>Ambos os concursos oferecem sal\u00e1rios compat\u00edveis com as fun\u00e7\u00f5es e garantem benef\u00edcios e estabilidade, caracter\u00edsticas muito buscadas pelos profissionais atualmente. Destacam-se por abranger diferentes n\u00edveis de escolaridade e por proporcionar oportunidades tanto para \u00e1reas operacionais como educacionais e de suporte \u00e0 assist\u00eancia social.<\/p>\n<h3>Dicas para os candidatos de \u00faltima hora<\/h3>\n<ul>\n<li>Re\u00fana os documentos necess\u00e1rios antes de iniciar a inscri\u00e7\u00e3o;<\/li>\n<li>Verifique cronogramas e datas importantes para n\u00e3o perder nenhum prazo futuro;<\/li>\n<li>Reserve tempo para revisar o edital com foco nos requisitos do cargo;<\/li>\n<li>Certifique-se de ter pago a taxa de inscri\u00e7\u00e3o corretamente para garantir a participa\u00e7\u00e3o.<\/li>\n<\/ul>\n<h2>Por que ficar atento aos prazos dos concursos?<\/h2>\n<p>O calend\u00e1rio de\u00a0<strong>concursos<\/strong> costuma obedecer ao cronograma e pode n\u00e3o existir prorroga\u00e7\u00e3o para inscri\u00e7\u00f5es ap\u00f3s o prazo divulgado. Por isso, \u00e9 fundamental acompanhar o cronograma divulgado oficialmente e n\u00e3o deixar a inscri\u00e7\u00e3o para o \u00faltimo momento. Al\u00e9m disso, programar os estudos conforme a data da prova aumenta as chances de um bom desempenho no exame.<\/p>\n<p>Continue no<a href=\"https:\/\/www.pensarcursos.com.br\/blog\/\" target=\"_blank\" rel=\"noopener\"><strong> Pensar Cursos<\/strong><\/a> e confira mais oportunidades.<\/p>\n<div class=\"jeg_video_container jeg_video_content\"><iframe title=\"CHANCE REAL! 2.000 VAGAS liberadas AGORA para Excedentes de Concursos!\" width=\"500\" height=\"281\" src=\"https:\/\/www.youtube.com\/embed\/_HlkdXEWQTk?start=1&#038;feature=oembed\" frameborder=\"0\" allow=\"accelerometer; autoplay; clipboard-write; encrypted-media; gyroscope; picture-in-picture; web-share\" referrerpolicy=\"strict-origin-when-cross-origin\" allowfullscreen><\/iframe><\/div>\n","protected":false},"excerpt":{"rendered":"<p>No universo de concursos, perder o prazo de inscri\u00e7\u00e3o pode ser frustrante. Nesta quinta-feira, 11 de dezembro, dois certames fecham suas inscri\u00e7\u00f5es no estado de S\u00e3o Paulo. A busca por estabilidade, sal\u00e1rios e oportunidades para diferentes n\u00edveis de escolaridade segue atraindo candidatos de perfis variados. Se voc\u00ea ainda n\u00e3o garantiu participa\u00e7\u00e3o, confira as informa\u00e7\u00f5es essenciais [&hellip;]<\/p>\n","protected":false},"author":41,"featured_media":135304,"comment_status":"open","ping_status":"closed","sticky":false,"template":"","format":"standard","meta":{"jnews-multi-image_gallery":[],"jnews_single_post":{"format":"standard","override":[{"template":"1","parallax":"1","fullscreen":"1","layout":"right-sidebar","sidebar":"default-sidebar","second_sidebar":"default-sidebar","sticky_sidebar":"1","share_position":"topbottom","share_float_style":"share-monocrhome","show_featured":"1","show_post_meta":"1","show_post_author":"1","show_post_author_image":"1","show_post_date":"1","post_date_format":"default","post_date_format_custom":"Y\/m\/d","show_post_category":"1","post_reading_time_wpm":"300","post_calculate_word_method":"str_word_count","show_zoom_button":"0","zoom_button_out_step":"2","zoom_button_in_step":"3","show_post_tag":"1","show_prev_next_post":"1","show_popup_post":"1","show_comment_section":"1","number_popup_post":"2","show_author_box":"1","show_post_related":"1","show_inline_post_related":"1"}],"image_override":[{"single_post_thumbnail_size":"crop-500","single_post_gallery_size":"crop-500"}],"trending_post_position":"meta","trending_post_label":"Trending","sponsored_post_label":"Sponsored by","disable_ad":"0","subtitle":"Confira os detalhes e n\u00e3o perca a \u00faltima chance de se inscrever em dois concursos no estado de S\u00e3o Paulo"},"jnews_primary_category":[],"jnews_social_meta":[],"jnews_override_counter":{"view_counter_number":"0","share_counter_number":"0","like_counter_number":"0","dislike_counter_number":"0"},"footnotes":""},"categories":[29],"tags":[6152,8488,36134,36133,29147],"class_list":["post-135291","post","type-post","status-publish","format-standard","has-post-thumbnail","hentry","category-concursos","tag-concursos-abertos","tag-concursos-publicos-abertos","tag-datas-concursos","tag-inscricoes-encerram","tag-oportunidades-publicas"],"yoast_head":"<!-- This site is optimized with the Yoast SEO Premium plugin v27.4 (Yoast SEO v27.4) - https:\/\/yoast.com\/product\/yoast-seo-premium-wordpress\/ -->\n<title>2 concursos p\u00fablicos encerram inscri\u00e7\u00f5es nesta quinta-feira, 11 de dezembro - Blog Pensar Cursos<\/title>\n<meta name=\"description\" content=\"Descubra quais 2 concursos p\u00fablicos encerram inscri\u00e7\u00f5es nesta quinta-feira, 11 de dezembro, em S\u00e3o Paulo. Veja sal\u00e1rios, cargos, requisitos e etapas dos editais.\" \/>\n<meta name=\"robots\" content=\"index, follow, max-snippet:-1, max-image-preview:large, max-video-preview:-1\" \/>\n<link rel=\"canonical\" href=\"https:\/\/www.pensarcursos.com.br\/blog\/2-concursos-publicos-encerram-inscricoes-nesta-quinta-feira-11-de-dezembro\/\" \/>\n<meta property=\"og:locale\" content=\"pt_BR\" \/>\n<meta property=\"og:type\" content=\"article\" \/>\n<meta property=\"og:title\" content=\"2 concursos p\u00fablicos encerram inscri\u00e7\u00f5es nesta quinta-feira, 11 de dezembro\" \/>\n<meta property=\"og:description\" content=\"Descubra quais 2 concursos p\u00fablicos encerram inscri\u00e7\u00f5es nesta quinta-feira, 11 de dezembro, em S\u00e3o Paulo. Veja sal\u00e1rios, cargos, requisitos e etapas dos editais.\" \/>\n<meta property=\"og:url\" content=\"https:\/\/www.pensarcursos.com.br\/blog\/2-concursos-publicos-encerram-inscricoes-nesta-quinta-feira-11-de-dezembro\/\" \/>\n<meta property=\"og:site_name\" content=\"Blog Pensar Cursos\" \/>\n<meta property=\"article:publisher\" content=\"https:\/\/www.facebook.com\/pensarcursos\/\" \/>\n<meta property=\"article:published_time\" content=\"2025-12-10T23:09:53+00:00\" \/>\n<meta property=\"og:image\" content=\"https:\/\/www.pensarcursos.com.br\/blog\/wp-content\/uploads\/2025\/12\/Correcao-prova-certo-ou-errado-compressed-Copia-Copia-Copia.webp\" \/>\n\t<meta property=\"og:image:width\" content=\"1200\" \/>\n\t<meta property=\"og:image:height\" content=\"800\" \/>\n\t<meta property=\"og:image:type\" content=\"image\/webp\" \/>\n<meta name=\"author\" content=\"F\u00e1tima Azevedo\" \/>\n<meta name=\"twitter:card\" content=\"summary_large_image\" \/>\n<meta name=\"twitter:label1\" content=\"Escrito por\" \/>\n\t<meta name=\"twitter:data1\" content=\"F\u00e1tima Azevedo\" \/>\n\t<meta name=\"twitter:label2\" content=\"Est. tempo de leitura\" \/>\n\t<meta name=\"twitter:data2\" content=\"5 minutos\" \/>\n<!-- \/ Yoast SEO Premium plugin. -->","yoast_head_json":{"title":"2 concursos p\u00fablicos encerram inscri\u00e7\u00f5es nesta quinta-feira, 11 de dezembro - Blog Pensar Cursos","description":"Descubra quais 2 concursos p\u00fablicos encerram inscri\u00e7\u00f5es nesta quinta-feira, 11 de dezembro, em S\u00e3o Paulo. Veja sal\u00e1rios, cargos, requisitos e etapas dos editais.","robots":{"index":"index","follow":"follow","max-snippet":"max-snippet:-1","max-image-preview":"max-image-preview:large","max-video-preview":"max-video-preview:-1"},"canonical":"https:\/\/www.pensarcursos.com.br\/blog\/2-concursos-publicos-encerram-inscricoes-nesta-quinta-feira-11-de-dezembro\/","og_locale":"pt_BR","og_type":"article","og_title":"2 concursos p\u00fablicos encerram inscri\u00e7\u00f5es nesta quinta-feira, 11 de dezembro","og_description":"Descubra quais 2 concursos p\u00fablicos encerram inscri\u00e7\u00f5es nesta quinta-feira, 11 de dezembro, em S\u00e3o Paulo. Veja sal\u00e1rios, cargos, requisitos e etapas dos editais.","og_url":"https:\/\/www.pensarcursos.com.br\/blog\/2-concursos-publicos-encerram-inscricoes-nesta-quinta-feira-11-de-dezembro\/","og_site_name":"Blog Pensar Cursos","article_publisher":"https:\/\/www.facebook.com\/pensarcursos\/","article_published_time":"2025-12-10T23:09:53+00:00","og_image":[{"width":1200,"height":800,"url":"https:\/\/www.pensarcursos.com.br\/blog\/wp-content\/uploads\/2025\/12\/Correcao-prova-certo-ou-errado-compressed-Copia-Copia-Copia.webp","type":"image\/webp"}],"author":"F\u00e1tima Azevedo","twitter_card":"summary_large_image","twitter_misc":{"Escrito por":"F\u00e1tima Azevedo","Est. tempo de leitura":"5 minutos"},"schema":{"@context":"https:\/\/schema.org","@graph":[{"@type":["Article","BlogPosting"],"@id":"https:\/\/www.pensarcursos.com.br\/blog\/2-concursos-publicos-encerram-inscricoes-nesta-quinta-feira-11-de-dezembro\/#article","isPartOf":{"@id":"https:\/\/www.pensarcursos.com.br\/blog\/2-concursos-publicos-encerram-inscricoes-nesta-quinta-feira-11-de-dezembro\/"},"author":{"name":"F\u00e1tima Azevedo","@id":"https:\/\/www.pensarcursos.com.br\/blog\/#\/schema\/person\/827343e4611913410dcf62144b5b2a2d"},"headline":"2 concursos p\u00fablicos encerram inscri\u00e7\u00f5es nesta quinta-feira, 11 de dezembro","datePublished":"2025-12-10T23:09:53+00:00","mainEntityOfPage":{"@id":"https:\/\/www.pensarcursos.com.br\/blog\/2-concursos-publicos-encerram-inscricoes-nesta-quinta-feira-11-de-dezembro\/"},"wordCount":823,"commentCount":0,"publisher":{"@id":"https:\/\/www.pensarcursos.com.br\/blog\/#organization"},"image":{"@id":"https:\/\/www.pensarcursos.com.br\/blog\/2-concursos-publicos-encerram-inscricoes-nesta-quinta-feira-11-de-dezembro\/#primaryimage"},"thumbnailUrl":"https:\/\/www.pensarcursos.com.br\/blog\/wp-content\/uploads\/2025\/12\/Correcao-prova-certo-ou-errado-compressed-Copia-Copia-Copia.webp","keywords":["concursos abertos","Concursos p\u00fablicos abertos","datas concursos","inscri\u00e7\u00f5es encerram","oportunidades p\u00fablicas"],"articleSection":["Concursos P\u00fablicos"],"inLanguage":"pt-BR","potentialAction":[{"@type":"CommentAction","name":"Comment","target":["https:\/\/www.pensarcursos.com.br\/blog\/2-concursos-publicos-encerram-inscricoes-nesta-quinta-feira-11-de-dezembro\/#respond"]}],"copyrightYear":"2025","copyrightHolder":{"@id":"https:\/\/www.pensarcursos.com.br\/blog\/#organization"}},{"@type":"WebPage","@id":"https:\/\/www.pensarcursos.com.br\/blog\/2-concursos-publicos-encerram-inscricoes-nesta-quinta-feira-11-de-dezembro\/","url":"https:\/\/www.pensarcursos.com.br\/blog\/2-concursos-publicos-encerram-inscricoes-nesta-quinta-feira-11-de-dezembro\/","name":"2 concursos p\u00fablicos encerram inscri\u00e7\u00f5es nesta quinta-feira, 11 de dezembro - Blog Pensar Cursos","isPartOf":{"@id":"https:\/\/www.pensarcursos.com.br\/blog\/#website"},"primaryImageOfPage":{"@id":"https:\/\/www.pensarcursos.com.br\/blog\/2-concursos-publicos-encerram-inscricoes-nesta-quinta-feira-11-de-dezembro\/#primaryimage"},"image":{"@id":"https:\/\/www.pensarcursos.com.br\/blog\/2-concursos-publicos-encerram-inscricoes-nesta-quinta-feira-11-de-dezembro\/#primaryimage"},"thumbnailUrl":"https:\/\/www.pensarcursos.com.br\/blog\/wp-content\/uploads\/2025\/12\/Correcao-prova-certo-ou-errado-compressed-Copia-Copia-Copia.webp","datePublished":"2025-12-10T23:09:53+00:00","description":"Descubra quais 2 concursos p\u00fablicos encerram inscri\u00e7\u00f5es nesta quinta-feira, 11 de dezembro, em S\u00e3o Paulo. Veja sal\u00e1rios, cargos, requisitos e etapas dos editais.","breadcrumb":{"@id":"https:\/\/www.pensarcursos.com.br\/blog\/2-concursos-publicos-encerram-inscricoes-nesta-quinta-feira-11-de-dezembro\/#breadcrumb"},"inLanguage":"pt-BR","potentialAction":[{"@type":"ReadAction","target":["https:\/\/www.pensarcursos.com.br\/blog\/2-concursos-publicos-encerram-inscricoes-nesta-quinta-feira-11-de-dezembro\/"]}]},{"@type":"ImageObject","inLanguage":"pt-BR","@id":"https:\/\/www.pensarcursos.com.br\/blog\/2-concursos-publicos-encerram-inscricoes-nesta-quinta-feira-11-de-dezembro\/#primaryimage","url":"https:\/\/www.pensarcursos.com.br\/blog\/wp-content\/uploads\/2025\/12\/Correcao-prova-certo-ou-errado-compressed-Copia-Copia-Copia.webp","contentUrl":"https:\/\/www.pensarcursos.com.br\/blog\/wp-content\/uploads\/2025\/12\/Correcao-prova-certo-ou-errado-compressed-Copia-Copia-Copia.webp","width":1200,"height":800,"caption":"Candidatos devem correr para garantir participa\u00e7\u00e3o nos dois certames que fecham inscri\u00e7\u00f5es nesta quinta-feira. Saiba mais! Imagem: Pensar Cursos"},{"@type":"BreadcrumbList","@id":"https:\/\/www.pensarcursos.com.br\/blog\/2-concursos-publicos-encerram-inscricoes-nesta-quinta-feira-11-de-dezembro\/#breadcrumb","itemListElement":[{"@type":"ListItem","position":1,"name":"Home","item":"https:\/\/www.pensarcursos.com.br\/blog\/"},{"@type":"ListItem","position":2,"name":"2 concursos p\u00fablicos encerram inscri\u00e7\u00f5es nesta quinta-feira, 11 de dezembro"}]},{"@type":"WebSite","@id":"https:\/\/www.pensarcursos.com.br\/blog\/#website","url":"https:\/\/www.pensarcursos.com.br\/blog\/","name":"Blog Pensar Cursos","description":"Maior Site de Cursos do Brasil","publisher":{"@id":"https:\/\/www.pensarcursos.com.br\/blog\/#organization"},"alternateName":"Blog Pensar","potentialAction":[{"@type":"SearchAction","target":{"@type":"EntryPoint","urlTemplate":"https:\/\/www.pensarcursos.com.br\/blog\/?s={search_term_string}"},"query-input":{"@type":"PropertyValueSpecification","valueRequired":true,"valueName":"search_term_string"}}],"inLanguage":"pt-BR"},{"@type":"Organization","@id":"https:\/\/www.pensarcursos.com.br\/blog\/#organization","name":"Pensar Cursos","alternateName":"Blog pensar","url":"https:\/\/www.pensarcursos.com.br\/blog\/","logo":{"@type":"ImageObject","inLanguage":"pt-BR","@id":"https:\/\/www.pensarcursos.com.br\/blog\/#\/schema\/logo\/image\/","url":"https:\/\/www.pensarcursos.com.br\/blog\/wp-content\/uploads\/2023\/11\/Nova-Logo-Pensar-Cursos-vertical.png","contentUrl":"https:\/\/www.pensarcursos.com.br\/blog\/wp-content\/uploads\/2023\/11\/Nova-Logo-Pensar-Cursos-vertical.png","width":1393,"height":1001,"caption":"Pensar Cursos"},"image":{"@id":"https:\/\/www.pensarcursos.com.br\/blog\/#\/schema\/logo\/image\/"},"sameAs":["https:\/\/www.facebook.com\/pensarcursos\/","https:\/\/instagram.com.br\/pensarcursos"],"description":"Pensar Cursos \u00e9 uma empresa especializada em oferecer cursos de alta qualidade voltados para o desenvolvimento profissional e acad\u00eamico. Com uma ampla gama de op\u00e7\u00f5es de treinamento, oferecemos conte\u00fados atualizados, ministrados por especialistas da \u00e1rea, para capacitar indiv\u00edduos e equipes a atingirem seus objetivos. Nossa miss\u00e3o \u00e9 proporcionar uma educa\u00e7\u00e3o transformadora, acess\u00edvel e personalizada para cada aluno, seja em cursos presenciais ou online. Com uma abordagem inovadora, buscamos adaptar os nossos programas de ensino \u00e0s necessidades do mercado, criando solu\u00e7\u00f5es que atendem aos desafios e exig\u00eancias do mundo corporativo e acad\u00eamico. Nossos cursos incluem desde forma\u00e7\u00f5es t\u00e9cnicas at\u00e9 habilidades essenciais, como lideran\u00e7a, gest\u00e3o e desenvolvimento pessoal.","email":"contato@pensarcursos.com.br","legalName":"Sena Servi\u00e7os de Informa\u00e7\u00e3o Online LTDA","foundingDate":"2013-04-18","vatID":"17956217000172","numberOfEmployees":{"@type":"QuantitativeValue","minValue":"11","maxValue":"50"},"publishingPrinciples":"https:\/\/www.pensarcursos.com.br\/blog\/principios-de-publicacao\/","ownershipFundingInfo":"https:\/\/www.pensarcursos.com.br\/blog\/informacoes-de-propriedade-financiamento\/","actionableFeedbackPolicy":"https:\/\/www.pensarcursos.com.br\/blog\/politica-de-feedback-acionavel\/","correctionsPolicy":"https:\/\/www.pensarcursos.com.br\/blog\/politica-de-correcoes\/","ethicsPolicy":"https:\/\/www.pensarcursos.com.br\/blog\/politica-de-etica\/"},{"@type":"Person","@id":"https:\/\/www.pensarcursos.com.br\/blog\/#\/schema\/person\/827343e4611913410dcf62144b5b2a2d","name":"F\u00e1tima Azevedo","image":{"@type":"ImageObject","inLanguage":"pt-BR","@id":"https:\/\/secure.gravatar.com\/avatar\/ea820c84e212573cc3f119ba576278fe7ad07b69ed7ca0c33223662227bb77ca?s=96&d=mm&r=g","url":"https:\/\/secure.gravatar.com\/avatar\/ea820c84e212573cc3f119ba576278fe7ad07b69ed7ca0c33223662227bb77ca?s=96&d=mm&r=g","contentUrl":"https:\/\/secure.gravatar.com\/avatar\/ea820c84e212573cc3f119ba576278fe7ad07b69ed7ca0c33223662227bb77ca?s=96&d=mm&r=g","caption":"F\u00e1tima Azevedo"},"description":"Graduada em Ci\u00eancias Biol\u00f3gicas. Professora. Redatora grupo Sena Online.","sameAs":["https:\/\/www.linkedin.com\/in\/maria-de-f\u00e1tima-oliveira-da-costa-74a1692a7"],"url":"https:\/\/www.pensarcursos.com.br\/blog\/author\/fatima\/"}]}},"_links":{"self":[{"href":"https:\/\/www.pensarcursos.com.br\/blog\/wp-json\/wp\/v2\/posts\/135291","targetHints":{"allow":["GET"]}}],"collection":[{"href":"https:\/\/www.pensarcursos.com.br\/blog\/wp-json\/wp\/v2\/posts"}],"about":[{"href":"https:\/\/www.pensarcursos.com.br\/blog\/wp-json\/wp\/v2\/types\/post"}],"author":[{"embeddable":true,"href":"https:\/\/www.pensarcursos.com.br\/blog\/wp-json\/wp\/v2\/users\/41"}],"replies":[{"embeddable":true,"href":"https:\/\/www.pensarcursos.com.br\/blog\/wp-json\/wp\/v2\/comments?post=135291"}],"version-history":[{"count":0,"href":"https:\/\/www.pensarcursos.com.br\/blog\/wp-json\/wp\/v2\/posts\/135291\/revisions"}],"wp:featuredmedia":[{"embeddable":true,"href":"https:\/\/www.pensarcursos.com.br\/blog\/wp-json\/wp\/v2\/media\/135304"}],"wp:attachment":[{"href":"https:\/\/www.pensarcursos.com.br\/blog\/wp-json\/wp\/v2\/media?parent=135291"}],"wp:term":[{"taxonomy":"category","embeddable":true,"href":"https:\/\/www.pensarcursos.com.br\/blog\/wp-json\/wp\/v2\/categories?post=135291"},{"taxonomy":"post_tag","embeddable":true,"href":"https:\/\/www.pensarcursos.com.br\/blog\/wp-json\/wp\/v2\/tags?post=135291"}],"curies":[{"name":"wp","href":"https:\/\/api.w.org\/{rel}","templated":true}]}}