{"id":135281,"date":"2025-12-10T17:29:12","date_gmt":"2025-12-10T20:29:12","guid":{"rendered":"https:\/\/www.pensarcursos.com.br\/blog\/?p=135281"},"modified":"2025-12-10T11:59:47","modified_gmt":"2025-12-10T14:59:47","slug":"3-frases-que-parecem-normais-mas-revelam-tracos-negativos-de-quem-as-fala","status":"publish","type":"post","link":"https:\/\/www.pensarcursos.com.br\/blog\/3-frases-que-parecem-normais-mas-revelam-tracos-negativos-de-quem-as-fala\/","title":{"rendered":"3 frases que parecem normais, mas revelam tra\u00e7os negativos de quem as fala"},"content":{"rendered":"<p>As palavras escolhidas no dia a dia dizem muito sobre a <strong>personalidade<\/strong> e a forma como cada pessoa enfrenta desafios. Algumas express\u00f5es soam comuns, mas escondem atitudes que podem prejudicar tanto a vida profissional quanto os relacionamentos pessoais.<\/p>\n<p>O psic\u00f3logo educacional Boris Gindis destaca que a linguagem est\u00e1 envolvida em todas as outras capacidades humanas, como percep\u00e7\u00e3o, mem\u00f3ria e comportamento. Ou seja, a forma de se expressar influencia diretamente a motiva\u00e7\u00e3o para alcan\u00e7ar objetivos ou, pelo contr\u00e1rio, contribui para desencorajar qualquer esfor\u00e7o.<\/p>\n<p>Especialistas em lingu\u00edstica, <a href=\"https:\/\/www.pensarcursos.com.br\/blog\/a-psicologia-explica-por-que-as-pessoas-mais-engracadas-as-vezes-estao-tristes\/\" target=\"_blank\" rel=\"noopener\">psicologia<\/a> e gest\u00e3o de empresas compartilharam com a CNBC tr\u00eas express\u00f5es que merecem aten\u00e7\u00e3o. Reconhecer esses padr\u00f5es pode ajudar a identificar comportamentos limitantes e promover mudan\u00e7as positivas. Confira quais s\u00e3o essas <strong>frases que revelam tra\u00e7os negativos<\/strong> e como substitu\u00ed-las por alternativas mais construtivas.<\/p>\n<h2>&#8220;As coisas s\u00e3o como s\u00e3o&#8221;<\/h2>\n<p>Essa express\u00e3o parece neutra \u00e0 primeira vista, mas frequentemente transmite <strong>falta de interesse<\/strong> em melhorar uma situa\u00e7\u00e3o. John McWhorter, professor na Universidade de Columbia e escritor, explicou em entrevista ao podcast Unconfuse Me, de Bill Gates, que a <a href=\"https:\/\/www.pensarcursos.com.br\/blog\/as-9-frases-que-revelam-uma-pessoa-confiante-de-acordo-com-psicologa-de-harvard\/\" target=\"_blank\" rel=\"noopener\">frase<\/a> costuma significar algo bem diferente do que aparenta.<\/p>\n<h3>O que essa frase realmente comunica<\/h3>\n<p>McWhorter relatou uma experi\u00eancia pessoal que ilustra bem o problema. Diante de uma situa\u00e7\u00e3o desagrad\u00e1vel, ele respondeu com essa express\u00e3o e, depois, percebeu: era uma forma fria de dizer &#8220;n\u00e3o me interessa&#8221; ou &#8220;n\u00e3o quero saber dos problemas alheios&#8221;.<\/p>\n<p>A utiliza\u00e7\u00e3o dessa frase pode ser entendida como uma atitude passiva e derrotista. Ela demonstra resigna\u00e7\u00e3o diante de algo que a pessoa n\u00e3o pretende mudar. Isso gera uma imagem negativa perante os outros.<\/p>\n<h3>Alternativa recomendada<\/h3>\n<p>A psic\u00f3loga <strong>Cortney S. Warren<\/strong>, formada em <a href=\"https:\/\/www.harvard.edu\/\" target=\"_blank\" rel=\"noopener\">Harvard<\/a>, sugere uma substitui\u00e7\u00e3o mais proativa: &#8220;Tenho que ver a realidade como ela \u00e9, mesmo que n\u00e3o seja o que eu quero, para poder seguir em frente&#8221;. Essa abordagem reconhece a dificuldade sem desistir de super\u00e1-la.<\/p>\n<figure id=\"attachment_135300\" aria-describedby=\"caption-attachment-135300\" style=\"width: 1280px\" class=\"wp-caption aligncenter\"><img decoding=\"async\" class=\"wp-image-135300 size-full\" title=\"Express\u00f5es que influenciam atitudes e comportamentos.\" src=\"https:\/\/www.pensarcursos.com.br\/blog\/wp-content\/uploads\/2025\/12\/pessoa-falando-sozinha_1759671070196.webp\" alt=\"Mulher gesticulando enquanto fala, ilustrando o impacto das palavras no comportamento e nas rela\u00e7\u00f5es.\" width=\"1280\" height=\"720\" srcset=\"https:\/\/www.pensarcursos.com.br\/blog\/wp-content\/uploads\/2025\/12\/pessoa-falando-sozinha_1759671070196.webp 1280w, https:\/\/www.pensarcursos.com.br\/blog\/wp-content\/uploads\/2025\/12\/pessoa-falando-sozinha_1759671070196-300x169.webp 300w, https:\/\/www.pensarcursos.com.br\/blog\/wp-content\/uploads\/2025\/12\/pessoa-falando-sozinha_1759671070196-1024x576.webp 1024w, https:\/\/www.pensarcursos.com.br\/blog\/wp-content\/uploads\/2025\/12\/pessoa-falando-sozinha_1759671070196-768x432.webp 768w, https:\/\/www.pensarcursos.com.br\/blog\/wp-content\/uploads\/2025\/12\/pessoa-falando-sozinha_1759671070196-750x422.webp 750w, https:\/\/www.pensarcursos.com.br\/blog\/wp-content\/uploads\/2025\/12\/pessoa-falando-sozinha_1759671070196-1140x641.webp 1140w\" sizes=\"(max-width: 1280px) 100vw, 1280px\" \/><figcaption id=\"caption-attachment-135300\" class=\"wp-caption-text\">Frases comuns que, por tr\u00e1s da naturalidade, escondem atitudes prejudiciais. Imagem: DepositPhotos.<\/figcaption><\/figure>\n<h2>&#8220;\u00c9 assim que sempre fizemos&#8221;<\/h2>\n<p>Quem utiliza essa express\u00e3o no ambiente de trabalho ou na vida pessoal demonstra uma <strong>total falta de flexibilidade<\/strong>. Segundo especialistas, ela indica resist\u00eancia a novos cen\u00e1rios e ideias.<\/p>\n<h3>Por que essa atitude \u00e9 problem\u00e1tica em 2025<\/h3>\n<p>O mercado de <a href=\"https:\/\/www.pensarcursos.com.br\/blog\/alerta-no-mercado-de-trabalho-milhoes-de-empregos-podem-sumir-ate-2030-por-causa-da-ia\/\" target=\"_blank\" rel=\"noopener\">trabalho<\/a> passa por transforma\u00e7\u00f5es profundas, com modelos de trabalho remoto, h\u00edbrido e a chegada da intelig\u00eancia artificial. Apegar-se a m\u00e9todos antigos pode comprometer o crescimento profissional de qualquer indiv\u00edduo.<\/p>\n<p>Jason Buechel, CEO da Whole Foods (empresa da Amazon), afirma que o maior sinal de alerta em um colaborador \u00e9 a relut\u00e2ncia em adotar novas ideias. Segundo ele, aderir a uma \u00fanica forma de fazer as coisas pode prejudicar significativamente o neg\u00f3cio.<\/p>\n<p>Andy Jassy, CEO da Amazon, mant\u00e9m uma posi\u00e7\u00e3o semelhante: manter-se curioso e aberto a novas oportunidades \u00e9 ben\u00e9fico para o crescimento pessoal e para a relev\u00e2ncia no ambiente profissional.<\/p>\n<h2>&#8220;Eu nunca serei capaz de fazer isso. Por que se preocupar?&#8221;<\/h2>\n<p>Considerar uma tarefa imposs\u00edvel antes mesmo de tentar \u00e9 a porta de entrada para a <strong>procrastina\u00e7\u00e3o<\/strong>. Essa frase n\u00e3o s\u00f3 reflete uma atitude derrotista, como tamb\u00e9m menospreza as pr\u00f3prias compet\u00eancias e habilidades de quem a pronuncia.<\/p>\n<h3>O impacto dessa mentalidade<\/h3>\n<p>Assumir limita\u00e7\u00f5es logo no in\u00edcio pode impedir qualquer tentativa de supera\u00e7\u00e3o. Emma Sepp\u00e4l\u00e4, professora de psicologia da Universidade de Yale, defende a constante evolu\u00e7\u00e3o de compet\u00eancias independentemente da idade ou experi\u00eancia.<\/p>\n<p>Essa mudan\u00e7a de perspectiva melhora a motiva\u00e7\u00e3o e a resili\u00eancia, permitindo a superara\u00e7\u00e3o de desafios que antes pareciam intranspon\u00edveis. Entender como a comunica\u00e7\u00e3o emp\u00e1tica funciona pode transformar relacionamentos.<\/p>\n<h2>Como mudar esses padr\u00f5es de linguagem<\/h2>\n<p>Reconhecer essas express\u00f5es no pr\u00f3prio vocabul\u00e1rio \u00e9 o primeiro passo para qualquer pessoa. Substitu\u00ed-las por alternativas mais construtivas pode transformar a forma como desafios s\u00e3o enfrentados. Indiv\u00edduos que adotam uma linguagem mais positiva tendem a gerar mais empatia e alcan\u00e7ar melhores resultados.<\/p>\n<p>Estudos indicam que a escolha das palavras influencia diretamente a percep\u00e7\u00e3o e a interpreta\u00e7\u00e3o das informa\u00e7\u00f5es. Conhecer frases que pessoas narcisistas utilizam tamb\u00e9m ajuda a identificar comportamentos t\u00f3xicos no conv\u00edvio social.<\/p>\n<p>A linguagem molda pensamentos e atitudes. Ao prestar aten\u00e7\u00e3o \u00e0s palavras utilizadas, cada indiv\u00edduo pode construir uma comunica\u00e7\u00e3o mais saud\u00e1vel e rela\u00e7\u00f5es mais fortes.<\/p>\n<p>Para quem deseja aprofundar conhecimentos sobre desenvolvimento pessoal, psicologia e comportamento humano, o <a href=\"https:\/\/www.pensarcursos.com.br\/blog\/\" target=\"_blank\" rel=\"noopener\"><strong>Pensar Cursos<\/strong><\/a> possui conte\u00fados variados.<\/p>\n","protected":false},"excerpt":{"rendered":"<p>As palavras escolhidas no dia a dia dizem muito sobre a personalidade e a forma como cada pessoa enfrenta desafios. Algumas express\u00f5es soam comuns, mas escondem atitudes que podem prejudicar tanto a vida profissional quanto os relacionamentos pessoais. O psic\u00f3logo educacional Boris Gindis destaca que a linguagem est\u00e1 envolvida em todas as outras capacidades humanas, [&hellip;]<\/p>\n","protected":false},"author":56,"featured_media":135298,"comment_status":"open","ping_status":"closed","sticky":false,"template":"","format":"standard","meta":{"jnews-multi-image_gallery":[],"jnews_single_post":{"subtitle":"Descubra quais express\u00f5es do dia a dia podem prejudicar sua imagem profissional e pessoal","format":"standard","override":[{"template":"1","parallax":"1","fullscreen":"1","layout":"right-sidebar","sidebar":"default-sidebar","second_sidebar":"default-sidebar","sticky_sidebar":"1","share_position":"topbottom","share_float_style":"share-monocrhome","show_featured":"1","show_post_meta":"1","show_post_author":"1","show_post_author_image":"1","show_post_date":"1","post_date_format":"default","post_date_format_custom":"Y\/m\/d","show_post_category":"1","post_reading_time_wpm":"300","post_calculate_word_method":"str_word_count","show_zoom_button":"0","zoom_button_out_step":"2","zoom_button_in_step":"3","show_post_tag":"1","show_prev_next_post":"1","show_popup_post":"1","show_comment_section":"1","number_popup_post":"2","show_author_box":"1","show_post_related":"1","show_inline_post_related":"1"}],"image_override":[{"single_post_thumbnail_size":"crop-500","single_post_gallery_size":"crop-500"}],"trending_post_position":"meta","trending_post_label":"Trending","sponsored_post_label":"Sponsored by","disable_ad":"0"},"jnews_primary_category":[],"jnews_social_meta":[],"jnews_override_counter":{"view_counter_number":"0","share_counter_number":"0","like_counter_number":"0","dislike_counter_number":"0"},"footnotes":""},"categories":[27431],"tags":[823,861,30207,1055],"class_list":["post-135281","post","type-post","status-publish","format-standard","has-post-thumbnail","hentry","category-psicologia-e-comportamento","tag-comunicacao","tag-desenvolvimento-pessoal","tag-frases-negativas","tag-psicologia-comportamental"],"yoast_head":"<!-- This site is optimized with the Yoast SEO Premium plugin v27.4 (Yoast SEO v27.4) - https:\/\/yoast.com\/product\/yoast-seo-premium-wordpress\/ -->\n<title>3 frases que parecem normais, mas revelam tra\u00e7os negativos de quem as fala - Blog Pensar Cursos<\/title>\n<meta name=\"description\" content=\"Conhe\u00e7a 3 frases comuns que revelam tra\u00e7os negativos de personalidade. Saiba como identificar e substituir essas express\u00f5es. Confira agora!\" \/>\n<meta name=\"robots\" content=\"index, follow, max-snippet:-1, max-image-preview:large, max-video-preview:-1\" \/>\n<link rel=\"canonical\" href=\"https:\/\/www.pensarcursos.com.br\/blog\/3-frases-que-parecem-normais-mas-revelam-tracos-negativos-de-quem-as-fala\/\" \/>\n<meta property=\"og:locale\" content=\"pt_BR\" \/>\n<meta property=\"og:type\" content=\"article\" \/>\n<meta property=\"og:title\" content=\"3 frases que parecem normais, mas revelam tra\u00e7os negativos de quem as fala\" \/>\n<meta property=\"og:description\" content=\"Conhe\u00e7a 3 frases comuns que revelam tra\u00e7os negativos de personalidade. Saiba como identificar e substituir essas express\u00f5es. Confira agora!\" \/>\n<meta property=\"og:url\" content=\"https:\/\/www.pensarcursos.com.br\/blog\/3-frases-que-parecem-normais-mas-revelam-tracos-negativos-de-quem-as-fala\/\" \/>\n<meta property=\"og:site_name\" content=\"Blog Pensar Cursos\" \/>\n<meta property=\"article:publisher\" content=\"https:\/\/www.facebook.com\/pensarcursos\/\" \/>\n<meta property=\"article:published_time\" content=\"2025-12-10T20:29:12+00:00\" \/>\n<meta property=\"og:image\" content=\"https:\/\/www.pensarcursos.com.br\/blog\/wp-content\/uploads\/2025\/12\/pessoa-falando-alto_1763084288666.jpg\" \/>\n\t<meta property=\"og:image:width\" content=\"1422\" \/>\n\t<meta property=\"og:image:height\" content=\"800\" \/>\n\t<meta property=\"og:image:type\" content=\"image\/jpeg\" \/>\n<meta name=\"author\" content=\"Yasmin Santos\" \/>\n<meta name=\"twitter:card\" content=\"summary_large_image\" \/>\n<meta name=\"twitter:label1\" content=\"Escrito por\" \/>\n\t<meta name=\"twitter:data1\" content=\"Yasmin Santos\" \/>\n\t<meta name=\"twitter:label2\" content=\"Est. tempo de leitura\" \/>\n\t<meta name=\"twitter:data2\" content=\"5 minutos\" \/>\n<!-- \/ Yoast SEO Premium plugin. -->","yoast_head_json":{"title":"3 frases que parecem normais, mas revelam tra\u00e7os negativos de quem as fala - Blog Pensar Cursos","description":"Conhe\u00e7a 3 frases comuns que revelam tra\u00e7os negativos de personalidade. Saiba como identificar e substituir essas express\u00f5es. Confira agora!","robots":{"index":"index","follow":"follow","max-snippet":"max-snippet:-1","max-image-preview":"max-image-preview:large","max-video-preview":"max-video-preview:-1"},"canonical":"https:\/\/www.pensarcursos.com.br\/blog\/3-frases-que-parecem-normais-mas-revelam-tracos-negativos-de-quem-as-fala\/","og_locale":"pt_BR","og_type":"article","og_title":"3 frases que parecem normais, mas revelam tra\u00e7os negativos de quem as fala","og_description":"Conhe\u00e7a 3 frases comuns que revelam tra\u00e7os negativos de personalidade. Saiba como identificar e substituir essas express\u00f5es. Confira agora!","og_url":"https:\/\/www.pensarcursos.com.br\/blog\/3-frases-que-parecem-normais-mas-revelam-tracos-negativos-de-quem-as-fala\/","og_site_name":"Blog Pensar Cursos","article_publisher":"https:\/\/www.facebook.com\/pensarcursos\/","article_published_time":"2025-12-10T20:29:12+00:00","og_image":[{"width":1422,"height":800,"url":"https:\/\/www.pensarcursos.com.br\/blog\/wp-content\/uploads\/2025\/12\/pessoa-falando-alto_1763084288666.jpg","type":"image\/jpeg"}],"author":"Yasmin Santos","twitter_card":"summary_large_image","twitter_misc":{"Escrito por":"Yasmin Santos","Est. tempo de leitura":"5 minutos"},"schema":{"@context":"https:\/\/schema.org","@graph":[{"@type":["Article","BlogPosting"],"@id":"https:\/\/www.pensarcursos.com.br\/blog\/3-frases-que-parecem-normais-mas-revelam-tracos-negativos-de-quem-as-fala\/#article","isPartOf":{"@id":"https:\/\/www.pensarcursos.com.br\/blog\/3-frases-que-parecem-normais-mas-revelam-tracos-negativos-de-quem-as-fala\/"},"author":{"name":"Yasmin Santos","@id":"https:\/\/www.pensarcursos.com.br\/blog\/#\/schema\/person\/2700c09d818d989d5d4fff5f50d4b755"},"headline":"3 frases que parecem normais, mas revelam tra\u00e7os negativos de quem as fala","datePublished":"2025-12-10T20:29:12+00:00","mainEntityOfPage":{"@id":"https:\/\/www.pensarcursos.com.br\/blog\/3-frases-que-parecem-normais-mas-revelam-tracos-negativos-de-quem-as-fala\/"},"wordCount":792,"commentCount":0,"publisher":{"@id":"https:\/\/www.pensarcursos.com.br\/blog\/#organization"},"image":{"@id":"https:\/\/www.pensarcursos.com.br\/blog\/3-frases-que-parecem-normais-mas-revelam-tracos-negativos-de-quem-as-fala\/#primaryimage"},"thumbnailUrl":"https:\/\/www.pensarcursos.com.br\/blog\/wp-content\/uploads\/2025\/12\/pessoa-falando-alto_1763084288666.jpg","keywords":["Comunica\u00e7\u00e3o","Desenvolvimento pessoal","frases negativas","Psicologia comportamental"],"articleSection":["Psicologia e Comportamento"],"inLanguage":"pt-BR","potentialAction":[{"@type":"CommentAction","name":"Comment","target":["https:\/\/www.pensarcursos.com.br\/blog\/3-frases-que-parecem-normais-mas-revelam-tracos-negativos-de-quem-as-fala\/#respond"]}],"copyrightYear":"2025","copyrightHolder":{"@id":"https:\/\/www.pensarcursos.com.br\/blog\/#organization"}},{"@type":"WebPage","@id":"https:\/\/www.pensarcursos.com.br\/blog\/3-frases-que-parecem-normais-mas-revelam-tracos-negativos-de-quem-as-fala\/","url":"https:\/\/www.pensarcursos.com.br\/blog\/3-frases-que-parecem-normais-mas-revelam-tracos-negativos-de-quem-as-fala\/","name":"3 frases que parecem normais, mas revelam tra\u00e7os negativos de quem as fala - Blog Pensar Cursos","isPartOf":{"@id":"https:\/\/www.pensarcursos.com.br\/blog\/#website"},"primaryImageOfPage":{"@id":"https:\/\/www.pensarcursos.com.br\/blog\/3-frases-que-parecem-normais-mas-revelam-tracos-negativos-de-quem-as-fala\/#primaryimage"},"image":{"@id":"https:\/\/www.pensarcursos.com.br\/blog\/3-frases-que-parecem-normais-mas-revelam-tracos-negativos-de-quem-as-fala\/#primaryimage"},"thumbnailUrl":"https:\/\/www.pensarcursos.com.br\/blog\/wp-content\/uploads\/2025\/12\/pessoa-falando-alto_1763084288666.jpg","datePublished":"2025-12-10T20:29:12+00:00","description":"Conhe\u00e7a 3 frases comuns que revelam tra\u00e7os negativos de personalidade. Saiba como identificar e substituir essas express\u00f5es. Confira agora!","breadcrumb":{"@id":"https:\/\/www.pensarcursos.com.br\/blog\/3-frases-que-parecem-normais-mas-revelam-tracos-negativos-de-quem-as-fala\/#breadcrumb"},"inLanguage":"pt-BR","potentialAction":[{"@type":"ReadAction","target":["https:\/\/www.pensarcursos.com.br\/blog\/3-frases-que-parecem-normais-mas-revelam-tracos-negativos-de-quem-as-fala\/"]}]},{"@type":"ImageObject","inLanguage":"pt-BR","@id":"https:\/\/www.pensarcursos.com.br\/blog\/3-frases-que-parecem-normais-mas-revelam-tracos-negativos-de-quem-as-fala\/#primaryimage","url":"https:\/\/www.pensarcursos.com.br\/blog\/wp-content\/uploads\/2025\/12\/pessoa-falando-alto_1763084288666.jpg","contentUrl":"https:\/\/www.pensarcursos.com.br\/blog\/wp-content\/uploads\/2025\/12\/pessoa-falando-alto_1763084288666.jpg","width":1422,"height":800,"caption":"Express\u00f5es do dia a dia que entregam comportamentos t\u00f3xicos sem a pessoa perceber. Imagem: Kraken Images."},{"@type":"BreadcrumbList","@id":"https:\/\/www.pensarcursos.com.br\/blog\/3-frases-que-parecem-normais-mas-revelam-tracos-negativos-de-quem-as-fala\/#breadcrumb","itemListElement":[{"@type":"ListItem","position":1,"name":"Home","item":"https:\/\/www.pensarcursos.com.br\/blog\/"},{"@type":"ListItem","position":2,"name":"3 frases que parecem normais, mas revelam tra\u00e7os negativos de quem as fala"}]},{"@type":"WebSite","@id":"https:\/\/www.pensarcursos.com.br\/blog\/#website","url":"https:\/\/www.pensarcursos.com.br\/blog\/","name":"Blog Pensar Cursos","description":"Maior Site de Cursos do Brasil","publisher":{"@id":"https:\/\/www.pensarcursos.com.br\/blog\/#organization"},"alternateName":"Blog Pensar","potentialAction":[{"@type":"SearchAction","target":{"@type":"EntryPoint","urlTemplate":"https:\/\/www.pensarcursos.com.br\/blog\/?s={search_term_string}"},"query-input":{"@type":"PropertyValueSpecification","valueRequired":true,"valueName":"search_term_string"}}],"inLanguage":"pt-BR"},{"@type":"Organization","@id":"https:\/\/www.pensarcursos.com.br\/blog\/#organization","name":"Pensar Cursos","alternateName":"Blog pensar","url":"https:\/\/www.pensarcursos.com.br\/blog\/","logo":{"@type":"ImageObject","inLanguage":"pt-BR","@id":"https:\/\/www.pensarcursos.com.br\/blog\/#\/schema\/logo\/image\/","url":"https:\/\/www.pensarcursos.com.br\/blog\/wp-content\/uploads\/2023\/11\/Nova-Logo-Pensar-Cursos-vertical.png","contentUrl":"https:\/\/www.pensarcursos.com.br\/blog\/wp-content\/uploads\/2023\/11\/Nova-Logo-Pensar-Cursos-vertical.png","width":1393,"height":1001,"caption":"Pensar Cursos"},"image":{"@id":"https:\/\/www.pensarcursos.com.br\/blog\/#\/schema\/logo\/image\/"},"sameAs":["https:\/\/www.facebook.com\/pensarcursos\/","https:\/\/instagram.com.br\/pensarcursos"],"description":"Pensar Cursos \u00e9 uma empresa especializada em oferecer cursos de alta qualidade voltados para o desenvolvimento profissional e acad\u00eamico. Com uma ampla gama de op\u00e7\u00f5es de treinamento, oferecemos conte\u00fados atualizados, ministrados por especialistas da \u00e1rea, para capacitar indiv\u00edduos e equipes a atingirem seus objetivos. Nossa miss\u00e3o \u00e9 proporcionar uma educa\u00e7\u00e3o transformadora, acess\u00edvel e personalizada para cada aluno, seja em cursos presenciais ou online. Com uma abordagem inovadora, buscamos adaptar os nossos programas de ensino \u00e0s necessidades do mercado, criando solu\u00e7\u00f5es que atendem aos desafios e exig\u00eancias do mundo corporativo e acad\u00eamico. Nossos cursos incluem desde forma\u00e7\u00f5es t\u00e9cnicas at\u00e9 habilidades essenciais, como lideran\u00e7a, gest\u00e3o e desenvolvimento pessoal.","email":"contato@pensarcursos.com.br","legalName":"Sena Servi\u00e7os de Informa\u00e7\u00e3o Online LTDA","foundingDate":"2013-04-18","vatID":"17956217000172","numberOfEmployees":{"@type":"QuantitativeValue","minValue":"11","maxValue":"50"},"publishingPrinciples":"https:\/\/www.pensarcursos.com.br\/blog\/principios-de-publicacao\/","ownershipFundingInfo":"https:\/\/www.pensarcursos.com.br\/blog\/informacoes-de-propriedade-financiamento\/","actionableFeedbackPolicy":"https:\/\/www.pensarcursos.com.br\/blog\/politica-de-feedback-acionavel\/","correctionsPolicy":"https:\/\/www.pensarcursos.com.br\/blog\/politica-de-correcoes\/","ethicsPolicy":"https:\/\/www.pensarcursos.com.br\/blog\/politica-de-etica\/"},{"@type":"Person","@id":"https:\/\/www.pensarcursos.com.br\/blog\/#\/schema\/person\/2700c09d818d989d5d4fff5f50d4b755","name":"Yasmin Santos","image":{"@type":"ImageObject","inLanguage":"pt-BR","@id":"https:\/\/secure.gravatar.com\/avatar\/b8d88d102398911030f7bd8e99bd07ffbbb62169f9a740f38705dc857853eb31?s=96&d=mm&r=g","url":"https:\/\/secure.gravatar.com\/avatar\/b8d88d102398911030f7bd8e99bd07ffbbb62169f9a740f38705dc857853eb31?s=96&d=mm&r=g","contentUrl":"https:\/\/secure.gravatar.com\/avatar\/b8d88d102398911030f7bd8e99bd07ffbbb62169f9a740f38705dc857853eb31?s=96&d=mm&r=g","caption":"Yasmin Santos"},"description":"Graduada em Letras Portugu\u00eas\/Ingl\u00eas pela Universidade Estadual de Santa Cruz (UESC), redatora do Grupo Sena Online","sameAs":["https:\/\/www.instagram.com\/yasmin0_20?igsh=MTdqZXF3NTA1b2gyMg=="],"url":"https:\/\/www.pensarcursos.com.br\/blog\/author\/yasmin\/"}]}},"_links":{"self":[{"href":"https:\/\/www.pensarcursos.com.br\/blog\/wp-json\/wp\/v2\/posts\/135281","targetHints":{"allow":["GET"]}}],"collection":[{"href":"https:\/\/www.pensarcursos.com.br\/blog\/wp-json\/wp\/v2\/posts"}],"about":[{"href":"https:\/\/www.pensarcursos.com.br\/blog\/wp-json\/wp\/v2\/types\/post"}],"author":[{"embeddable":true,"href":"https:\/\/www.pensarcursos.com.br\/blog\/wp-json\/wp\/v2\/users\/56"}],"replies":[{"embeddable":true,"href":"https:\/\/www.pensarcursos.com.br\/blog\/wp-json\/wp\/v2\/comments?post=135281"}],"version-history":[{"count":0,"href":"https:\/\/www.pensarcursos.com.br\/blog\/wp-json\/wp\/v2\/posts\/135281\/revisions"}],"wp:featuredmedia":[{"embeddable":true,"href":"https:\/\/www.pensarcursos.com.br\/blog\/wp-json\/wp\/v2\/media\/135298"}],"wp:attachment":[{"href":"https:\/\/www.pensarcursos.com.br\/blog\/wp-json\/wp\/v2\/media?parent=135281"}],"wp:term":[{"taxonomy":"category","embeddable":true,"href":"https:\/\/www.pensarcursos.com.br\/blog\/wp-json\/wp\/v2\/categories?post=135281"},{"taxonomy":"post_tag","embeddable":true,"href":"https:\/\/www.pensarcursos.com.br\/blog\/wp-json\/wp\/v2\/tags?post=135281"}],"curies":[{"name":"wp","href":"https:\/\/api.w.org\/{rel}","templated":true}]}}