{"id":135274,"date":"2025-12-10T18:19:39","date_gmt":"2025-12-10T21:19:39","guid":{"rendered":"https:\/\/www.pensarcursos.com.br\/blog\/?p=135274"},"modified":"2025-12-10T11:28:34","modified_gmt":"2025-12-10T14:28:34","slug":"concurso-camara-municipal-com-salario-de-r-103-mil-encerra-inscricoes-nesta-quinta-feira-11","status":"publish","type":"post","link":"https:\/\/www.pensarcursos.com.br\/blog\/concurso-camara-municipal-com-salario-de-r-103-mil-encerra-inscricoes-nesta-quinta-feira-11\/","title":{"rendered":"Concurso C\u00e2mara Municipal com sal\u00e1rio de R$ 10,3 mil encerra inscri\u00e7\u00f5es nesta quinta-feira, 11"},"content":{"rendered":"<p><strong>Aten\u00e7\u00e3o, concurseiros!<\/strong> Se voc\u00ea procura uma oportunidade no setor p\u00fablico, esta pode ser a sua chance. A <strong>C\u00e2mara Municipal<\/strong> est\u00e1 com vagas abertas at\u00e9 <strong>quinta-feira, 11 de dezembro de 2025<\/strong>, oferecendo sal\u00e1rios de <strong>at\u00e9 R$ 10,3 mil<\/strong>.<\/p>\n<p>Quer saber quais cargos est\u00e3o dispon\u00edveis? Continue a leitura e veja como garantir sua inscri\u00e7\u00e3o agora mesmo!<\/p>\n<h2>Detalhes sobre o concurso da C\u00e2mara<\/h2>\n<p>O edital n\u00ba 01\/2025 visa o provimento de cargos efetivos do quadro de pessoal da C\u00e2mara. O <a href=\"https:\/\/www.pensarcursos.com.br\/blog\/saiu-edital-novo-concurso-camara-municipal-oferece-salarios-de-ate-r-87-mil-mais-auxilio-de-r-550\/\" target=\"_blank\" rel=\"noopener\">concurso<\/a> representa uma boa oportunidade para profissionais de n\u00edveis m\u00e9dio e superior que buscam estabilidade no servi\u00e7o p\u00fablico, com uma remunera\u00e7\u00e3o acima de m\u00e9dia e uma jornada de trabalho de 30 horas semanais.<\/p>\n<h3>Cargos oferecidos<\/h3>\n<p>As <strong>6 vagas imediatas<\/strong> est\u00e3o distribu\u00eddas da seguinte forma:<\/p>\n<ul>\n<li><strong>T\u00e9cnico Legislativo:<\/strong> 5 vagas (3 para ampla concorr\u00eancia, 1 para pessoa com defici\u00eancia e 1 para candidato afro-brasileiro) + Cadastro de Reserva.<\/li>\n<li><strong>Contador:<\/strong> 1 vaga para ampla concorr\u00eancia + Cadastro de Reserva.<\/li>\n<\/ul>\n<h3>Requisitos para participar<\/h3>\n<p>Para concorrer a uma das vagas, os candidatos devem atender aos seguintes requisitos de escolaridade no ato da convoca\u00e7\u00e3o:<\/p>\n<ul>\n<li><strong>T\u00e9cnico Legislativo:<\/strong> Diploma ou certificado de conclus\u00e3o do Ensino M\u00e9dio, expedido por institui\u00e7\u00e3o devidamente autorizada.<\/li>\n<li><strong>Contador:<\/strong> Diploma ou certificado de conclus\u00e3o do Curso de Gradua\u00e7\u00e3o em Ci\u00eancias Cont\u00e1beis, expedido por Institui\u00e7\u00e3o de Ensino Superior (IES) reconhecida pelo MEC, e registro ativo no \u00f3rg\u00e3o de classe correspondente.<\/li>\n<\/ul>\n<p>Al\u00e9m disso, \u00e9 necess\u00e1rio estar em situa\u00e7\u00e3o regular com as obriga\u00e7\u00f5es eleitorais e, quando aplic\u00e1vel, com as militares; n\u00e3o possuir antecedentes criminais; ter idade m\u00ednima de 18 anos; e atender aos demais crit\u00e9rios estabelecidos no edital.<\/p>\n<h2>Remunera\u00e7\u00e3o, benef\u00edcios e carga hor\u00e1ria<\/h2>\n<p>A remunera\u00e7\u00e3o dos cargos \u00e9 composta pelo vencimento base acrescido de aux\u00edlios, conforme detalhado abaixo. A jornada de trabalho para ambos os cargos \u00e9 de 30 horas semanais, correspondendo a 6 horas di\u00e1rias cont\u00ednuas.<\/p>\n<table>\n<thead>\n<tr>\n<th><strong>Cargo<\/strong><\/th>\n<th><strong>Sal\u00e1rio<\/strong><\/th>\n<th><strong>Benef\u00edcios<\/strong><\/th>\n<\/tr>\n<\/thead>\n<tbody>\n<tr>\n<td><strong>Contador<\/strong><\/td>\n<td>R$ 10.399,17<\/td>\n<td>Assiduidade: R$ 128,04<br \/>\nAux\u00edlio-alimenta\u00e7\u00e3o: R$ 250,09<\/td>\n<\/tr>\n<tr>\n<td><strong>T\u00e9cnico Legislativo<\/strong><\/td>\n<td>R$ 6.576,09<\/td>\n<td>Assiduidade: R$ 128,04<br \/>\nAux\u00edlio-alimenta\u00e7\u00e3o: R$ 400,19<\/td>\n<\/tr>\n<\/tbody>\n<\/table>\n<h2>Inscri\u00e7\u00f5es na reta final! Veja o passo a passo<\/h2>\n<p>Os interessados em participar do concurso da <strong>C\u00e2mara Municipal de Londrina (PR)<\/strong> devem realizar a inscri\u00e7\u00e3o exclusivamente pela internet, no site da banca organizadora <a href=\"https:\/\/www.cops.uel.br\/v2\/Selecao\/DetalharSelecao\/Selecao\/389\" target=\"_blank\" rel=\"noopener\">COPS\/UEL<\/a>. O per\u00edodo de inscri\u00e7\u00e3o se estende<strong> at\u00e9 as 23h do dia 11 de dezembro de 2025<\/strong>.<\/p>\n<p>Para confirmar a participa\u00e7\u00e3o, \u00e9 necess\u00e1rio efetuar o pagamento da taxa que varia conforme o cargo escolhido:<\/p>\n<ul>\n<li><strong>T\u00e9cnico Legislativo<\/strong>: R$ 120,00<\/li>\n<li><strong>Contador<\/strong>: R$ 200,00<\/li>\n<\/ul>\n<p>O pagamento deve ser realizado at\u00e9 o dia 12 de dezembro.<\/p>\n<p><strong>\ud83d\udc49\ud83c\udffc Fique por dentro<\/strong>: <a href=\"https:\/\/www.pensarcursos.com.br\/blog\/saiu-edital-concurso-camara-municipal-abriu-inscricoes-nesta-terca-feira-09-12-salarios-de-ate-r-42-mil\/\" target=\"_blank\" rel=\"noopener\">Concurso da C\u00e2mara Municipal abriu inscri\u00e7\u00f5es nesta ter\u00e7a-feira, 09\/12; Sal\u00e1rios de at\u00e9 R$ 4,2 mil<\/a><\/p>\n<h2>Processo de sele\u00e7\u00e3o<\/h2>\n<figure id=\"attachment_135284\" aria-describedby=\"caption-attachment-135284\" style=\"width: 1536px\" class=\"wp-caption aligncenter\"><img decoding=\"async\" class=\"size-full wp-image-135284\" title=\"Concurso C\u00e2mara Municipal\" src=\"https:\/\/www.pensarcursos.com.br\/blog\/wp-content\/uploads\/2025\/12\/concursos-publicos.webp\" alt=\"M\u00e3o preenchendo resposta de prova de m\u00faltipla escolha com caneta preta sobre papel\" width=\"1536\" height=\"1024\" srcset=\"https:\/\/www.pensarcursos.com.br\/blog\/wp-content\/uploads\/2025\/12\/concursos-publicos.webp 1536w, https:\/\/www.pensarcursos.com.br\/blog\/wp-content\/uploads\/2025\/12\/concursos-publicos-300x200.webp 300w, https:\/\/www.pensarcursos.com.br\/blog\/wp-content\/uploads\/2025\/12\/concursos-publicos-1024x683.webp 1024w, https:\/\/www.pensarcursos.com.br\/blog\/wp-content\/uploads\/2025\/12\/concursos-publicos-768x512.webp 768w, https:\/\/www.pensarcursos.com.br\/blog\/wp-content\/uploads\/2025\/12\/concursos-publicos-750x500.webp 750w, https:\/\/www.pensarcursos.com.br\/blog\/wp-content\/uploads\/2025\/12\/concursos-publicos-1140x760.webp 1140w\" sizes=\"(max-width: 1536px) 100vw, 1536px\" \/><figcaption id=\"caption-attachment-135284\" class=\"wp-caption-text\">Prepare-se! A prova do concurso da C\u00e2mara acontece em fevereiro de 2026.<br \/>Imagem: Pensar Cursos<\/figcaption><\/figure>\n<p>A sele\u00e7\u00e3o dos candidatos ser\u00e1 realizada por meio de diferentes etapas, com car\u00e1ter eliminat\u00f3rio e classificat\u00f3rio, variando conforme o cargo pretendido. Todas as etapas de provas ocorrer\u00e3o na cidade de Londrina\/PR.<\/p>\n<h3>Etapas do concurso<\/h3>\n<p>O certame ser\u00e1 composto pelas seguintes fases:<\/p>\n<ol>\n<li><strong>Prova Objetiva:<\/strong> etapa eliminat\u00f3ria e classificat\u00f3ria para os dois cargos.<\/li>\n<li><strong>Prova Discursiva:<\/strong> de car\u00e1ter eliminat\u00f3rio e classificat\u00f3rio, aplicada somente para o cargo de Contador.<\/li>\n<li><strong>Prova de Reda\u00e7\u00e3o:<\/strong> de car\u00e1ter eliminat\u00f3rio e classificat\u00f3rio, aplicada exclusivamente para o cargo de T\u00e9cnico Legislativo.<\/li>\n<li><strong>Prova de T\u00edtulos:<\/strong> de car\u00e1ter classificat\u00f3rio, destinada apenas aos candidatos ao cargo de Contador.<\/li>\n<\/ol>\n<p>As provas objetivas, discursiva e de reda\u00e7\u00e3o ocorrer\u00e3o no mesmo dia, <strong>8 de fevereiro de 2026<\/strong>, com dura\u00e7\u00e3o total de 4 horas.<\/p>\n<h3>Estrutura das provas<\/h3>\n<p>A prova objetiva ser\u00e1 composta por 40 quest\u00f5es de m\u00faltipla escolha (A, B, C, D, E), distribu\u00eddas da seguinte forma:<\/p>\n<ul>\n<li>L\u00edngua Portuguesa: 10 quest\u00f5es<\/li>\n<li>Racioc\u00ednio L\u00f3gico Matem\u00e1tico: 10 quest\u00f5es<\/li>\n<li>Conhecimentos Espec\u00edficos: 20 quest\u00f5es<\/li>\n<\/ul>\n<p>A <strong>Prova Discursiva<\/strong> para Contador consistir\u00e1 em uma quest\u00e3o sobre os conhecimentos espec\u00edficos do cargo, com texto de 15 a 30 linhas. J\u00e1 a <strong>Prova de Reda\u00e7\u00e3o<\/strong> para T\u00e9cnico Legislativo exigir\u00e1 a produ\u00e7\u00e3o de um texto dissertativo-argumentativo de 20 a 25 linhas.<\/p>\n<h3>Crit\u00e9rios de aprova\u00e7\u00e3o e classifica\u00e7\u00e3o<\/h3>\n<p>Para ser aprovado na prova objetiva, o candidato dever\u00e1 obter um total de acertos igual ou superior a 50% do total da prova e, cumulativamente, acertar no m\u00ednimo 50% das quest\u00f5es de Conhecimentos Espec\u00edficos.<\/p>\n<p>Na prova discursiva (Contador), a pontua\u00e7\u00e3o m\u00ednima para aprova\u00e7\u00e3o \u00e9 de 50 pontos (de 100). Na prova de reda\u00e7\u00e3o (T\u00e9cnico Legislativo), a pontua\u00e7\u00e3o m\u00ednima \u00e9 de 15 pontos (de 30). Quem n\u00e3o alcan\u00e7ar as pontua\u00e7\u00f5es exigidas ser\u00e1 eliminado do certame.<\/p>\n<h2>Validade do concurso<\/h2>\n<p>O prazo de validade do concurso p\u00fablico \u00e9 de 2 anos, a contar da data de publica\u00e7\u00e3o da homologa\u00e7\u00e3o do resultado final. Este prazo poder\u00e1 ser prorrogado uma \u00fanica vez, por igual per\u00edodo, a crit\u00e9rio da <a href=\"https:\/\/www.cml.pr.gov.br\/\" target=\"_blank\" rel=\"noopener\">C\u00e2mara Municipal de Londrina<\/a>.<\/p>\n<h2>Resumo do concurso<\/h2>\n<table>\n<tbody>\n<tr>\n<th>Status<\/th>\n<td>Encerrando Inscri\u00e7\u00f5es<\/td>\n<\/tr>\n<tr>\n<th>Banca Organizadora<\/th>\n<td><a href=\"https:\/\/www.cops.uel.br\/v2\/Selecao\/DetalharSelecao\/Selecao\/389\" target=\"_blank\" rel=\"noopener\">COPS\/UEL<\/a><\/td>\n<\/tr>\n<tr>\n<th>Cargos<\/th>\n<td>T\u00e9cnico Legislativo e Contador<\/td>\n<\/tr>\n<tr>\n<th>N\u00edvel de Escolaridade<\/th>\n<td>M\u00e9dio e Superior<\/td>\n<\/tr>\n<tr>\n<th>Vagas<\/th>\n<td>6 + CR<\/td>\n<\/tr>\n<tr>\n<th>Sal\u00e1rio Inicial<\/th>\n<td>R$ 6.576,09 a R$ 10.399,17<\/td>\n<\/tr>\n<tr>\n<th>Jornada de Trabalho<\/th>\n<td>30 horas semanais<\/td>\n<\/tr>\n<tr>\n<th>Per\u00edodo de Inscri\u00e7\u00e3o<\/th>\n<td>At\u00e9 11\/12\/2025<\/td>\n<\/tr>\n<tr>\n<th>Taxa de Inscri\u00e7\u00e3o<\/th>\n<td>R$ 120,00 a R$ 200,00<\/td>\n<\/tr>\n<tr>\n<th>Data da Prova<\/th>\n<td>08\/02\/2026<\/td>\n<\/tr>\n<tr>\n<th>Edital<\/th>\n<td><a href=\"https:\/\/www.pensarcursos.com.br\/blog\/wp-content\/uploads\/2025\/12\/camara-de-londrina.pdf\" target=\"_blank\" rel=\"noopener\">C\u00e2mara Municipal de Londrina\/PR<\/a><\/td>\n<\/tr>\n<\/tbody>\n<\/table>\n<p>Visite o portal <a href=\"https:\/\/www.pensarcursos.com.br\/blog\/\" target=\"_blank\" rel=\"noopener\"><em>Pensar Cursos<\/em><\/a> para acompanhar todos os concursos abertos e previstos, al\u00e9m de conferir dicas de prepara\u00e7\u00e3o!<\/p>\n<p>Fique por dentro! Descubra no v\u00eddeo abaixo se o CNU vai acontecer em 2026:<\/p>\n<div class=\"jeg_video_container jeg_video_content\"><iframe title=\"FIM do CNU 2026? Ministra Dweck ACABA com a esperan\u00e7a! O que fazer AGORA?\" width=\"500\" height=\"281\" src=\"https:\/\/www.youtube.com\/embed\/bU11Lx5EUgI?feature=oembed\" frameborder=\"0\" allow=\"accelerometer; autoplay; clipboard-write; encrypted-media; gyroscope; picture-in-picture; web-share\" referrerpolicy=\"strict-origin-when-cross-origin\" allowfullscreen><\/iframe><\/div>\n","protected":false},"excerpt":{"rendered":"<p>Aten\u00e7\u00e3o, concurseiros! Se voc\u00ea procura uma oportunidade no setor p\u00fablico, esta pode ser a sua chance. A C\u00e2mara Municipal est\u00e1 com vagas abertas at\u00e9 quinta-feira, 11 de dezembro de 2025, oferecendo sal\u00e1rios de at\u00e9 R$ 10,3 mil. Quer saber quais cargos est\u00e3o dispon\u00edveis? Continue a leitura e veja como garantir sua inscri\u00e7\u00e3o agora mesmo! Detalhes [&hellip;]<\/p>\n","protected":false},"author":49,"featured_media":135276,"comment_status":"open","ping_status":"closed","sticky":false,"template":"","format":"standard","meta":{"jnews-multi-image_gallery":[],"jnews_single_post":{"subtitle":"Vagas para quem tem n\u00edvel m\u00e9dio ou superior! N\u00e3o perca tempo e fa\u00e7a sua inscri\u00e7\u00e3o hoje mesmo!","format":"standard","override":[{"template":"1","parallax":"1","fullscreen":"1","layout":"right-sidebar","sidebar":"default-sidebar","second_sidebar":"default-sidebar","sticky_sidebar":"1","share_position":"topbottom","share_float_style":"share-monocrhome","show_featured":"1","show_post_meta":"1","show_post_author":"1","show_post_author_image":"1","show_post_date":"1","post_date_format":"default","post_date_format_custom":"Y\/m\/d","show_post_category":"1","post_reading_time_wpm":"300","post_calculate_word_method":"str_word_count","show_zoom_button":"0","zoom_button_out_step":"2","zoom_button_in_step":"3","show_post_tag":"1","show_prev_next_post":"1","show_popup_post":"1","show_comment_section":"1","number_popup_post":"2","show_author_box":"1","show_post_related":"1","show_inline_post_related":"1"}],"image_override":[{"single_post_thumbnail_size":"crop-500","single_post_gallery_size":"crop-500"}],"trending_post_position":"meta","trending_post_label":"Trending","sponsored_post_label":"Sponsored by","disable_ad":"0"},"jnews_primary_category":[],"jnews_social_meta":[],"jnews_override_counter":{"view_counter_number":"0","share_counter_number":"0","like_counter_number":"0","dislike_counter_number":"0"},"footnotes":""},"categories":[29],"tags":[36129,36131,36128,36127,36130,36132],"class_list":["post-135274","post","type-post","status-publish","format-standard","has-post-thumbnail","hentry","category-concursos","tag-concurso-camara-londrina-pr","tag-concurso-parana","tag-edital-camara-londrina-pr","tag-inscricao-concurso-camara-londrina-pr","tag-salario-concurso-camara-pr","tag-vagas-abertas-londrina-pr"],"yoast_head":"<!-- This site is optimized with the Yoast SEO Premium plugin v27.4 (Yoast SEO v27.4) - https:\/\/yoast.com\/product\/yoast-seo-premium-wordpress\/ -->\n<title>Concurso C\u00e2mara Municipal com sal\u00e1rio de R$ 10,3 mil encerra inscri\u00e7\u00f5es nesta quinta-feira, 11 - Blog Pensar Cursos<\/title>\n<meta name=\"description\" content=\"Inscri\u00e7\u00f5es abertas para o concurso da C\u00e2mara de Londrina (PR) com 6 vagas para n\u00edveis m\u00e9dio e superior. Sal\u00e1rios de at\u00e9 R$ 10,3 mil. Saiba mais sobre cargos, provas e como se inscrever!\" \/>\n<meta name=\"robots\" content=\"index, follow, max-snippet:-1, max-image-preview:large, max-video-preview:-1\" \/>\n<link rel=\"canonical\" href=\"https:\/\/www.pensarcursos.com.br\/blog\/concurso-camara-municipal-com-salario-de-r-103-mil-encerra-inscricoes-nesta-quinta-feira-11\/\" \/>\n<meta property=\"og:locale\" content=\"pt_BR\" \/>\n<meta property=\"og:type\" content=\"article\" \/>\n<meta property=\"og:title\" content=\"Concurso C\u00e2mara Municipal com sal\u00e1rio de R$ 10,3 mil encerra inscri\u00e7\u00f5es nesta quinta-feira, 11\" \/>\n<meta property=\"og:description\" content=\"Inscri\u00e7\u00f5es abertas para o concurso da C\u00e2mara de Londrina (PR) com 6 vagas para n\u00edveis m\u00e9dio e superior. Sal\u00e1rios de at\u00e9 R$ 10,3 mil. Saiba mais sobre cargos, provas e como se inscrever!\" \/>\n<meta property=\"og:url\" content=\"https:\/\/www.pensarcursos.com.br\/blog\/concurso-camara-municipal-com-salario-de-r-103-mil-encerra-inscricoes-nesta-quinta-feira-11\/\" \/>\n<meta property=\"og:site_name\" content=\"Blog Pensar Cursos\" \/>\n<meta property=\"article:publisher\" content=\"https:\/\/www.facebook.com\/pensarcursos\/\" \/>\n<meta property=\"article:published_time\" content=\"2025-12-10T21:19:39+00:00\" \/>\n<meta property=\"og:image\" content=\"https:\/\/www.pensarcursos.com.br\/blog\/wp-content\/uploads\/2025\/12\/Concurso-publico2-4.png\" \/>\n\t<meta property=\"og:image:width\" content=\"1200\" \/>\n\t<meta property=\"og:image:height\" content=\"800\" \/>\n\t<meta property=\"og:image:type\" content=\"image\/png\" \/>\n<meta name=\"author\" content=\"Gabriela Machado\" \/>\n<meta name=\"twitter:card\" content=\"summary_large_image\" \/>\n<meta name=\"twitter:label1\" content=\"Escrito por\" \/>\n\t<meta name=\"twitter:data1\" content=\"Gabriela Machado\" \/>\n\t<meta name=\"twitter:label2\" content=\"Est. tempo de leitura\" \/>\n\t<meta name=\"twitter:data2\" content=\"6 minutos\" \/>\n<!-- \/ Yoast SEO Premium plugin. -->","yoast_head_json":{"title":"Concurso C\u00e2mara Municipal com sal\u00e1rio de R$ 10,3 mil encerra inscri\u00e7\u00f5es nesta quinta-feira, 11 - Blog Pensar Cursos","description":"Inscri\u00e7\u00f5es abertas para o concurso da C\u00e2mara de Londrina (PR) com 6 vagas para n\u00edveis m\u00e9dio e superior. Sal\u00e1rios de at\u00e9 R$ 10,3 mil. Saiba mais sobre cargos, provas e como se inscrever!","robots":{"index":"index","follow":"follow","max-snippet":"max-snippet:-1","max-image-preview":"max-image-preview:large","max-video-preview":"max-video-preview:-1"},"canonical":"https:\/\/www.pensarcursos.com.br\/blog\/concurso-camara-municipal-com-salario-de-r-103-mil-encerra-inscricoes-nesta-quinta-feira-11\/","og_locale":"pt_BR","og_type":"article","og_title":"Concurso C\u00e2mara Municipal com sal\u00e1rio de R$ 10,3 mil encerra inscri\u00e7\u00f5es nesta quinta-feira, 11","og_description":"Inscri\u00e7\u00f5es abertas para o concurso da C\u00e2mara de Londrina (PR) com 6 vagas para n\u00edveis m\u00e9dio e superior. Sal\u00e1rios de at\u00e9 R$ 10,3 mil. Saiba mais sobre cargos, provas e como se inscrever!","og_url":"https:\/\/www.pensarcursos.com.br\/blog\/concurso-camara-municipal-com-salario-de-r-103-mil-encerra-inscricoes-nesta-quinta-feira-11\/","og_site_name":"Blog Pensar Cursos","article_publisher":"https:\/\/www.facebook.com\/pensarcursos\/","article_published_time":"2025-12-10T21:19:39+00:00","og_image":[{"width":1200,"height":800,"url":"https:\/\/www.pensarcursos.com.br\/blog\/wp-content\/uploads\/2025\/12\/Concurso-publico2-4.png","type":"image\/png"}],"author":"Gabriela Machado","twitter_card":"summary_large_image","twitter_misc":{"Escrito por":"Gabriela Machado","Est. tempo de leitura":"6 minutos"},"schema":{"@context":"https:\/\/schema.org","@graph":[{"@type":["Article","BlogPosting"],"@id":"https:\/\/www.pensarcursos.com.br\/blog\/concurso-camara-municipal-com-salario-de-r-103-mil-encerra-inscricoes-nesta-quinta-feira-11\/#article","isPartOf":{"@id":"https:\/\/www.pensarcursos.com.br\/blog\/concurso-camara-municipal-com-salario-de-r-103-mil-encerra-inscricoes-nesta-quinta-feira-11\/"},"author":{"name":"Gabriela Machado","@id":"https:\/\/www.pensarcursos.com.br\/blog\/#\/schema\/person\/134389a33d69ddd7e127fac02bd155fa"},"headline":"Concurso C\u00e2mara Municipal com sal\u00e1rio de R$ 10,3 mil encerra inscri\u00e7\u00f5es nesta quinta-feira, 11","datePublished":"2025-12-10T21:19:39+00:00","mainEntityOfPage":{"@id":"https:\/\/www.pensarcursos.com.br\/blog\/concurso-camara-municipal-com-salario-de-r-103-mil-encerra-inscricoes-nesta-quinta-feira-11\/"},"wordCount":954,"commentCount":0,"publisher":{"@id":"https:\/\/www.pensarcursos.com.br\/blog\/#organization"},"image":{"@id":"https:\/\/www.pensarcursos.com.br\/blog\/concurso-camara-municipal-com-salario-de-r-103-mil-encerra-inscricoes-nesta-quinta-feira-11\/#primaryimage"},"thumbnailUrl":"https:\/\/www.pensarcursos.com.br\/blog\/wp-content\/uploads\/2025\/12\/Concurso-publico2-4.png","keywords":["concurso c\u00e2mara londrina pr","concurso paran\u00e1","edital c\u00e2mara londrina pr","inscri\u00e7\u00e3o concurso c\u00e2mara londrina pr","sal\u00e1rio concurso c\u00e2mara pr","vagas abertas londrina pr"],"articleSection":["Concursos P\u00fablicos"],"inLanguage":"pt-BR","potentialAction":[{"@type":"CommentAction","name":"Comment","target":["https:\/\/www.pensarcursos.com.br\/blog\/concurso-camara-municipal-com-salario-de-r-103-mil-encerra-inscricoes-nesta-quinta-feira-11\/#respond"]}],"copyrightYear":"2025","copyrightHolder":{"@id":"https:\/\/www.pensarcursos.com.br\/blog\/#organization"}},{"@type":"WebPage","@id":"https:\/\/www.pensarcursos.com.br\/blog\/concurso-camara-municipal-com-salario-de-r-103-mil-encerra-inscricoes-nesta-quinta-feira-11\/","url":"https:\/\/www.pensarcursos.com.br\/blog\/concurso-camara-municipal-com-salario-de-r-103-mil-encerra-inscricoes-nesta-quinta-feira-11\/","name":"Concurso C\u00e2mara Municipal com sal\u00e1rio de R$ 10,3 mil encerra inscri\u00e7\u00f5es nesta quinta-feira, 11 - Blog Pensar Cursos","isPartOf":{"@id":"https:\/\/www.pensarcursos.com.br\/blog\/#website"},"primaryImageOfPage":{"@id":"https:\/\/www.pensarcursos.com.br\/blog\/concurso-camara-municipal-com-salario-de-r-103-mil-encerra-inscricoes-nesta-quinta-feira-11\/#primaryimage"},"image":{"@id":"https:\/\/www.pensarcursos.com.br\/blog\/concurso-camara-municipal-com-salario-de-r-103-mil-encerra-inscricoes-nesta-quinta-feira-11\/#primaryimage"},"thumbnailUrl":"https:\/\/www.pensarcursos.com.br\/blog\/wp-content\/uploads\/2025\/12\/Concurso-publico2-4.png","datePublished":"2025-12-10T21:19:39+00:00","description":"Inscri\u00e7\u00f5es abertas para o concurso da C\u00e2mara de Londrina (PR) com 6 vagas para n\u00edveis m\u00e9dio e superior. Sal\u00e1rios de at\u00e9 R$ 10,3 mil. Saiba mais sobre cargos, provas e como se inscrever!","breadcrumb":{"@id":"https:\/\/www.pensarcursos.com.br\/blog\/concurso-camara-municipal-com-salario-de-r-103-mil-encerra-inscricoes-nesta-quinta-feira-11\/#breadcrumb"},"inLanguage":"pt-BR","potentialAction":[{"@type":"ReadAction","target":["https:\/\/www.pensarcursos.com.br\/blog\/concurso-camara-municipal-com-salario-de-r-103-mil-encerra-inscricoes-nesta-quinta-feira-11\/"]}]},{"@type":"ImageObject","inLanguage":"pt-BR","@id":"https:\/\/www.pensarcursos.com.br\/blog\/concurso-camara-municipal-com-salario-de-r-103-mil-encerra-inscricoes-nesta-quinta-feira-11\/#primaryimage","url":"https:\/\/www.pensarcursos.com.br\/blog\/wp-content\/uploads\/2025\/12\/Concurso-publico2-4.png","contentUrl":"https:\/\/www.pensarcursos.com.br\/blog\/wp-content\/uploads\/2025\/12\/Concurso-publico2-4.png","width":1200,"height":800,"caption":"\u00daltimo dia! Concurso da C\u00e2mara Municipal encerra inscri\u00e7\u00f5es nesta quinta (11); veja as oportunidades. Imagem: Pensar Cursos"},{"@type":"BreadcrumbList","@id":"https:\/\/www.pensarcursos.com.br\/blog\/concurso-camara-municipal-com-salario-de-r-103-mil-encerra-inscricoes-nesta-quinta-feira-11\/#breadcrumb","itemListElement":[{"@type":"ListItem","position":1,"name":"Home","item":"https:\/\/www.pensarcursos.com.br\/blog\/"},{"@type":"ListItem","position":2,"name":"Concurso C\u00e2mara Municipal com sal\u00e1rio de R$ 10,3 mil encerra inscri\u00e7\u00f5es nesta quinta-feira, 11"}]},{"@type":"WebSite","@id":"https:\/\/www.pensarcursos.com.br\/blog\/#website","url":"https:\/\/www.pensarcursos.com.br\/blog\/","name":"Blog Pensar Cursos","description":"Maior Site de Cursos do Brasil","publisher":{"@id":"https:\/\/www.pensarcursos.com.br\/blog\/#organization"},"alternateName":"Blog Pensar","potentialAction":[{"@type":"SearchAction","target":{"@type":"EntryPoint","urlTemplate":"https:\/\/www.pensarcursos.com.br\/blog\/?s={search_term_string}"},"query-input":{"@type":"PropertyValueSpecification","valueRequired":true,"valueName":"search_term_string"}}],"inLanguage":"pt-BR"},{"@type":"Organization","@id":"https:\/\/www.pensarcursos.com.br\/blog\/#organization","name":"Pensar Cursos","alternateName":"Blog pensar","url":"https:\/\/www.pensarcursos.com.br\/blog\/","logo":{"@type":"ImageObject","inLanguage":"pt-BR","@id":"https:\/\/www.pensarcursos.com.br\/blog\/#\/schema\/logo\/image\/","url":"https:\/\/www.pensarcursos.com.br\/blog\/wp-content\/uploads\/2023\/11\/Nova-Logo-Pensar-Cursos-vertical.png","contentUrl":"https:\/\/www.pensarcursos.com.br\/blog\/wp-content\/uploads\/2023\/11\/Nova-Logo-Pensar-Cursos-vertical.png","width":1393,"height":1001,"caption":"Pensar Cursos"},"image":{"@id":"https:\/\/www.pensarcursos.com.br\/blog\/#\/schema\/logo\/image\/"},"sameAs":["https:\/\/www.facebook.com\/pensarcursos\/","https:\/\/instagram.com.br\/pensarcursos"],"description":"Pensar Cursos \u00e9 uma empresa especializada em oferecer cursos de alta qualidade voltados para o desenvolvimento profissional e acad\u00eamico. Com uma ampla gama de op\u00e7\u00f5es de treinamento, oferecemos conte\u00fados atualizados, ministrados por especialistas da \u00e1rea, para capacitar indiv\u00edduos e equipes a atingirem seus objetivos. Nossa miss\u00e3o \u00e9 proporcionar uma educa\u00e7\u00e3o transformadora, acess\u00edvel e personalizada para cada aluno, seja em cursos presenciais ou online. Com uma abordagem inovadora, buscamos adaptar os nossos programas de ensino \u00e0s necessidades do mercado, criando solu\u00e7\u00f5es que atendem aos desafios e exig\u00eancias do mundo corporativo e acad\u00eamico. Nossos cursos incluem desde forma\u00e7\u00f5es t\u00e9cnicas at\u00e9 habilidades essenciais, como lideran\u00e7a, gest\u00e3o e desenvolvimento pessoal.","email":"contato@pensarcursos.com.br","legalName":"Sena Servi\u00e7os de Informa\u00e7\u00e3o Online LTDA","foundingDate":"2013-04-18","vatID":"17956217000172","numberOfEmployees":{"@type":"QuantitativeValue","minValue":"11","maxValue":"50"},"publishingPrinciples":"https:\/\/www.pensarcursos.com.br\/blog\/principios-de-publicacao\/","ownershipFundingInfo":"https:\/\/www.pensarcursos.com.br\/blog\/informacoes-de-propriedade-financiamento\/","actionableFeedbackPolicy":"https:\/\/www.pensarcursos.com.br\/blog\/politica-de-feedback-acionavel\/","correctionsPolicy":"https:\/\/www.pensarcursos.com.br\/blog\/politica-de-correcoes\/","ethicsPolicy":"https:\/\/www.pensarcursos.com.br\/blog\/politica-de-etica\/"},{"@type":"Person","@id":"https:\/\/www.pensarcursos.com.br\/blog\/#\/schema\/person\/134389a33d69ddd7e127fac02bd155fa","name":"Gabriela Machado","image":{"@type":"ImageObject","inLanguage":"pt-BR","@id":"https:\/\/secure.gravatar.com\/avatar\/3c883c65f44a41cb00078efa0c1943783eabec9e96518b4565b28a6f9d027f9b?s=96&d=mm&r=g","url":"https:\/\/secure.gravatar.com\/avatar\/3c883c65f44a41cb00078efa0c1943783eabec9e96518b4565b28a6f9d027f9b?s=96&d=mm&r=g","contentUrl":"https:\/\/secure.gravatar.com\/avatar\/3c883c65f44a41cb00078efa0c1943783eabec9e96518b4565b28a6f9d027f9b?s=96&d=mm&r=g","caption":"Gabriela Machado"},"description":"Graduada em Pedagogia pela UESC(Universidade Estadual de Santa Cruz). Redatora do grupo Sena Online.","sameAs":["https:\/\/www.instagram.com\/gabrielamchs"],"url":"https:\/\/www.pensarcursos.com.br\/blog\/author\/gabriela\/"}]}},"_links":{"self":[{"href":"https:\/\/www.pensarcursos.com.br\/blog\/wp-json\/wp\/v2\/posts\/135274","targetHints":{"allow":["GET"]}}],"collection":[{"href":"https:\/\/www.pensarcursos.com.br\/blog\/wp-json\/wp\/v2\/posts"}],"about":[{"href":"https:\/\/www.pensarcursos.com.br\/blog\/wp-json\/wp\/v2\/types\/post"}],"author":[{"embeddable":true,"href":"https:\/\/www.pensarcursos.com.br\/blog\/wp-json\/wp\/v2\/users\/49"}],"replies":[{"embeddable":true,"href":"https:\/\/www.pensarcursos.com.br\/blog\/wp-json\/wp\/v2\/comments?post=135274"}],"version-history":[{"count":0,"href":"https:\/\/www.pensarcursos.com.br\/blog\/wp-json\/wp\/v2\/posts\/135274\/revisions"}],"wp:featuredmedia":[{"embeddable":true,"href":"https:\/\/www.pensarcursos.com.br\/blog\/wp-json\/wp\/v2\/media\/135276"}],"wp:attachment":[{"href":"https:\/\/www.pensarcursos.com.br\/blog\/wp-json\/wp\/v2\/media?parent=135274"}],"wp:term":[{"taxonomy":"category","embeddable":true,"href":"https:\/\/www.pensarcursos.com.br\/blog\/wp-json\/wp\/v2\/categories?post=135274"},{"taxonomy":"post_tag","embeddable":true,"href":"https:\/\/www.pensarcursos.com.br\/blog\/wp-json\/wp\/v2\/tags?post=135274"}],"curies":[{"name":"wp","href":"https:\/\/api.w.org\/{rel}","templated":true}]}}