{"id":135263,"date":"2025-12-10T17:09:38","date_gmt":"2025-12-10T20:09:38","guid":{"rendered":"https:\/\/www.pensarcursos.com.br\/blog\/?p=135263"},"modified":"2025-12-10T11:04:11","modified_gmt":"2025-12-10T14:04:11","slug":"governo-anuncia-pagamento-extra-para-alunos-do-pe-de-meia-datas-tambem-ja-estao-disponiveis","status":"publish","type":"post","link":"https:\/\/www.pensarcursos.com.br\/blog\/governo-anuncia-pagamento-extra-para-alunos-do-pe-de-meia-datas-tambem-ja-estao-disponiveis\/","title":{"rendered":"Governo anuncia pagamento extra para alunos do P\u00e9-de-Meia; datas tamb\u00e9m j\u00e1 est\u00e3o dispon\u00edveis"},"content":{"rendered":"<p>O governo federal confirmou, em novembro de 2025, a libera\u00e7\u00e3o de um <strong>pagamento extra<\/strong> para estudantes benefici\u00e1rios do programa <strong>P\u00e9-de-Meia<\/strong>. Considerada uma das principais pol\u00edticas de perman\u00eancia escolar do pa\u00eds, a iniciativa segue como instrumento fundamental no combate \u00e0 evas\u00e3o, oferecendo um apoio financeiro que pode chegar a <strong>R$ 9.200<\/strong> ao longo dos tr\u00eas anos do ensino m\u00e9dio.<\/p>\n<p>Criado pela <strong>Lei n\u00ba 14.818\/2024<\/strong>, o programa tem como objetivo ampliar o acesso \u00e0 educa\u00e7\u00e3o e reduzir desigualdades sociais entre jovens de baixa renda. O benef\u00edcio funciona como uma esp\u00e9cie de poupan\u00e7a estudantil voltada para alunos da rede p\u00fablica cujas fam\u00edlias estejam inscritas no Cadastro \u00danico (Cad\u00danico).<\/p>\n<p>Com o an\u00fancio do repasse adicional, cresce a expectativa entre os estudantes para saber quem ter\u00e1 direito ao novo pagamento e quando o valor ser\u00e1 depositado. Segundo o Minist\u00e9rio da Educa\u00e7\u00e3o (MEC), o calend\u00e1rio para essa libera\u00e7\u00e3o extra j\u00e1 est\u00e1 definido, e os recursos ser\u00e3o creditados diretamente na conta dos benefici\u00e1rios.<\/p>\n<h2>Pagamento extra anunciado em novembro<\/h2>\n<figure id=\"attachment_135270\" aria-describedby=\"caption-attachment-135270\" style=\"width: 1200px\" class=\"wp-caption aligncenter\"><img decoding=\"async\" class=\"size-full wp-image-135270\" title=\"Pagamento Extra do P\u00e9-de-Meia\" src=\"https:\/\/www.pensarcursos.com.br\/blog\/wp-content\/uploads\/2025\/12\/Pe-de-meia1-1.webp\" alt=\"Estudante do ensino m\u00e9dio com mochila e livros ao lado do an\u00fancio do P\u00e9-de-Meia e notas de 100 reais.\" width=\"1200\" height=\"800\" srcset=\"https:\/\/www.pensarcursos.com.br\/blog\/wp-content\/uploads\/2025\/12\/Pe-de-meia1-1.webp 1200w, https:\/\/www.pensarcursos.com.br\/blog\/wp-content\/uploads\/2025\/12\/Pe-de-meia1-1-300x200.webp 300w, https:\/\/www.pensarcursos.com.br\/blog\/wp-content\/uploads\/2025\/12\/Pe-de-meia1-1-1024x683.webp 1024w, https:\/\/www.pensarcursos.com.br\/blog\/wp-content\/uploads\/2025\/12\/Pe-de-meia1-1-768x512.webp 768w, https:\/\/www.pensarcursos.com.br\/blog\/wp-content\/uploads\/2025\/12\/Pe-de-meia1-1-750x500.webp 750w, https:\/\/www.pensarcursos.com.br\/blog\/wp-content\/uploads\/2025\/12\/Pe-de-meia1-1-1140x760.webp 1140w\" sizes=\"(max-width: 1200px) 100vw, 1200px\" \/><figcaption id=\"caption-attachment-135270\" class=\"wp-caption-text\">Governo detalha pagamento extra do P\u00e9-de-Meia e explica quem tem direito ao benef\u00edcio.<br \/>Imagem: Pensar Cursos<\/figcaption><\/figure>\n<p>O valor extra confirmado pelo governo \u00e9 de\u00a0<strong>R$ 200<\/strong> e destina-se ao\u00a0<strong>Incentivo-ENEM<\/strong>. Ele \u00e9 concedido aos benefici\u00e1rios do <a href=\"https:\/\/www.pensarcursos.com.br\/blog\/r-1-000-do-pe-de-meia-descumprir-estas-3-regras-cancela-o-pagamento\/\">P\u00e9-de-Meia<\/a> que participaram dos dois dias de aplica\u00e7\u00e3o do <a href=\"https:\/\/www.pensarcursos.com.br\/blog\/aguardando-o-resultado-do-enem-2025-confira-a-nota-minima-para-garantir-o-pix-de-r-200-do-pe-de-meia\/\">Exame Nacional do Ensino M\u00e9dio<\/a> (Enem). A confirma\u00e7\u00e3o da presen\u00e7a em ambas as provas \u00e9 o requisito fundamental para o recebimento do b\u00f4nus.<\/p>\n<p>Em 2025, o calend\u00e1rio do Enem foi organizado da seguinte forma:<\/p>\n<ul>\n<li><strong>Primeiro dia (9 de novembro):<\/strong>\u00a0Provas de Linguagens, C\u00f3digos e suas Tecnologias, Reda\u00e7\u00e3o (com o tema \u201cPerspectivas acerca do envelhecimento na sociedade brasileira\u201d) e Ci\u00eancias Humanas e suas Tecnologias.<\/li>\n<li><strong>Segundo dia (16 de novembro):<\/strong>\u00a0Provas de Ci\u00eancias da Natureza e suas Tecnologias e Matem\u00e1tica e suas Tecnologias.<\/li>\n<\/ul>\n<p>A participa\u00e7\u00e3o integral no exame \u00e9 vista pelo governo como um passo importante para a continuidade dos estudos, e o <strong>Incentivo-ENEM<\/strong> serve como um est\u00edmulo adicional para que o estudante n\u00e3o apenas conclua o ensino m\u00e9dio, mas tamb\u00e9m se engaje nas oportunidades de acesso ao ensino superior.<\/p>\n<h2>O que \u00e9 o P\u00e9-de-Meia?<\/h2>\n<p>O P\u00e9-de-Meia \u00e9 um programa de incentivo financeiro-educacional destinado a promover a perman\u00eancia e a conclus\u00e3o escolar de estudantes matriculados no ensino m\u00e9dio p\u00fablico. O seu principal objetivo \u00e9 fomentar a inclus\u00e3o social e a mobilidade atrav\u00e9s da educa\u00e7\u00e3o, oferecendo um suporte financeiro direto aos alunos em situa\u00e7\u00e3o de vulnerabilidade.<\/p>\n<p>A estrutura de pagamentos do programa \u00e9 composta por diferentes tipos de incentivos:<\/p>\n<ul>\n<li><strong>Incentivo-Matr\u00edcula:<\/strong>\u00a0Um valor de R$ 200 pago uma vez por ano, no in\u00edcio do per\u00edodo letivo.<\/li>\n<li><strong>Incentivo-Frequ\u00eancia:<\/strong>\u00a0Nove parcelas mensais de R$ 200, totalizando R$ 1.800 por ano, para estudantes que mant\u00eam uma frequ\u00eancia m\u00ednima de 80% nas aulas.<\/li>\n<li><strong>Incentivo-Conclus\u00e3o:<\/strong>\u00a0Um dep\u00f3sito de R$ 1.000 ao final de cada ano letivo conclu\u00eddo com aprova\u00e7\u00e3o. Este valor fica em uma conta poupan\u00e7a e s\u00f3 pode ser sacado ap\u00f3s a formatura no ensino m\u00e9dio.<\/li>\n<li><strong>Incentivo-ENEM:<\/strong> Um pagamento de R$ 200 para estudantes que conclu\u00edrem o ensino m\u00e9dio em 2025 e que participaram do Exame Nacional do Ensino M\u00e9dio.<\/li>\n<\/ul>\n<h2>Calend\u00e1rio de pagamento do valor extra<\/h2>\n<p>O pagamento do Incentivo-ENEM de R$ 200 ir\u00e1 acontecer entre fevereiro e mar\u00e7o de 2026. O cronograma \u00e9 organizado conforme o m\u00eas de nascimento do estudante. Confira as datas oficiais divulgadas:<\/p>\n<table style=\"height: 300px;\" width=\"764\">\n<thead>\n<tr>\n<th>M\u00eas de Nascimento<\/th>\n<th>Data de Pagamento<\/th>\n<\/tr>\n<\/thead>\n<tbody>\n<tr>\n<td>Janeiro e Fevereiro<\/td>\n<td>26 de fevereiro de 2026<\/td>\n<\/tr>\n<tr>\n<td>Mar\u00e7o e Abril<\/td>\n<td>27 de fevereiro de 2026<\/td>\n<\/tr>\n<tr>\n<td>Maio e Junho<\/td>\n<td>2 de mar\u00e7o de 2026<\/td>\n<\/tr>\n<tr>\n<td>Julho e Agosto<\/td>\n<td>3 de mar\u00e7o de 2026<\/td>\n<\/tr>\n<tr>\n<td>Setembro e Outubro<\/td>\n<td>4 de mar\u00e7o de 2026<\/td>\n<\/tr>\n<tr>\n<td>Novembro e Dezembro<\/td>\n<td>5 de mar\u00e7o de 2026<\/td>\n<\/tr>\n<\/tbody>\n<\/table>\n<h2>Como consultar e acessar seu benef\u00edcio?<\/h2>\n<p>Para se manter informado sobre o status dos pagamentos, o saldo e outras informa\u00e7\u00f5es relevantes do <a href=\"https:\/\/www.pensarcursos.com.br\/blog\/pe-de-meia-o-calendario-de-2026-ja-foi-divulgado\/\">P\u00e9-de-Meia<\/a>, os estudantes podem utilizar os canais oficiais do programa. Manter os dados atualizados \u00e9 fundamental para garantir o recebimento de todos os incentivos.<\/p>\n<ul>\n<li><strong>Aplicativo Jornada do Estudante:<\/strong>\u00a0Dispon\u00edvel para<a href=\"https:\/\/www.gov.br\/mec\/pt-br\/jornadadoestudante\" target=\"_blank\" rel=\"noopener\"> download<\/a> em smartphones, permite consultar a participa\u00e7\u00e3o no programa, o calend\u00e1rio e o status dos pagamentos de forma simples e r\u00e1pida.<\/li>\n<li><strong>Portal Cidad\u00e3o da CAIXA:<\/strong>\u00a0Acessando com o CPF e senha, o estudante pode visualizar o extrato detalhado da conta e conferir todos os dep\u00f3sitos realizados.<\/li>\n<li><strong>Canais de Atendimento do MEC:<\/strong>\u00a0Para esclarecer d\u00favidas, o telefone\u00a0<strong>0800 616161<\/strong>\u00a0est\u00e1 dispon\u00edvel.<\/li>\n<\/ul>\n<p>O engajamento dos estudantes e o cumprimento dos requisitos de frequ\u00eancia e participa\u00e7\u00e3o s\u00e3o fundamentais para continuar recebendo os pagamentos.<\/p>\n<p>Saiba mais sobre o pagamento extra:<\/p>\n<div class=\"jeg_video_container jeg_video_content\"><iframe title=\"Ganhe R$ 200 no Enem 2025! Veja Como Conquistar Esse Benef\u00edcio AGORA!\" width=\"500\" height=\"281\" src=\"https:\/\/www.youtube.com\/embed\/sNh-Rvtb_Oc?feature=oembed\" frameborder=\"0\" allow=\"accelerometer; autoplay; clipboard-write; encrypted-media; gyroscope; picture-in-picture; web-share\" referrerpolicy=\"strict-origin-when-cross-origin\" allowfullscreen><\/iframe><\/div>\n<p>Para mais esclarecimentos sobre o programa, continue acessando o portal do <a href=\"https:\/\/www.pensarcursos.com.br\/blog\/\" target=\"_blank\" rel=\"noopener\">Pensar Cursos<\/a>.<\/p>\n<h2>Perguntas frequentes<\/h2>\n<h3>1. Quem n\u00e3o fizer o ENEM perde os outros pagamentos do P\u00e9-de-Meia?<\/h3>\n<p>N\u00e3o. A participa\u00e7\u00e3o no ENEM \u00e9 um requisito para o recebimento do b\u00f4nus de R$ 200. Os demais incentivos, como frequ\u00eancia e conclus\u00e3o, n\u00e3o s\u00e3o afetados caso o aluno n\u00e3o realize o exame.<\/p>\n<h3>2. O valor de R$ 200 do ENEM \u00e9 depositado junto com a parcela mensal?<\/h3>\n<p>N\u00e3o. O Incentivo-ENEM \u00e9 uma parcela \u00fanica paga no ano seguinte \u00e0 conclus\u00e3o do ensino m\u00e9dio, junto com o Incentivo-Conclus\u00e3o, conforme o calend\u00e1rio divulgado pelo MEC.<\/p>\n<h3>3. Preciso me inscrever separadamente para receber o incentivo do ENEM?<\/h3>\n<p>N\u00e3o h\u00e1 uma inscri\u00e7\u00e3o separada. Ao participar dos dois dias do ENEM, o sistema do MEC cruzar\u00e1 as informa\u00e7\u00f5es com a base de dados do P\u00e9-de-Meia para identificar os alunos eleg\u00edveis automaticamente.<\/p>\n<h3>4. O que acontece se eu faltar a um dos dias do ENEM?<\/h3>\n<p>Para ter direito ao incentivo de R$ 200, \u00e9 obrigat\u00f3ria a presen\u00e7a nos dois dias de prova. A aus\u00eancia em qualquer um deles invalida o recebimento deste b\u00f4nus espec\u00edfico.<\/p>\n","protected":false},"excerpt":{"rendered":"<p>O governo federal confirmou, em novembro de 2025, a libera\u00e7\u00e3o de um pagamento extra para estudantes benefici\u00e1rios do programa P\u00e9-de-Meia. Considerada uma das principais pol\u00edticas de perman\u00eancia escolar do pa\u00eds, a iniciativa segue como instrumento fundamental no combate \u00e0 evas\u00e3o, oferecendo um apoio financeiro que pode chegar a R$ 9.200 ao longo dos tr\u00eas anos [&hellip;]<\/p>\n","protected":false},"author":54,"featured_media":135277,"comment_status":"open","ping_status":"closed","sticky":false,"template":"","format":"standard","meta":{"jnews-multi-image_gallery":[],"jnews_single_post":{"format":"standard","override":[{"template":"1","parallax":"1","fullscreen":"1","layout":"right-sidebar","sidebar":"default-sidebar","second_sidebar":"default-sidebar","sticky_sidebar":"1","share_position":"topbottom","share_float_style":"share-monocrhome","show_featured":"1","show_post_meta":"1","show_post_author":"1","show_post_author_image":"1","show_post_date":"1","post_date_format":"default","post_date_format_custom":"Y\/m\/d","show_post_category":"1","post_reading_time_wpm":"300","post_calculate_word_method":"str_word_count","show_zoom_button":"0","zoom_button_out_step":"2","zoom_button_in_step":"3","show_post_tag":"1","show_prev_next_post":"1","show_popup_post":"1","show_comment_section":"1","number_popup_post":"2","show_author_box":"1","show_post_related":"1","show_inline_post_related":"1"}],"image_override":[{"single_post_thumbnail_size":"crop-500","single_post_gallery_size":"crop-500"}],"trending_post_position":"meta","trending_post_label":"Trending","sponsored_post_label":"Sponsored by","disable_ad":"0","subtitle":"Saiba quem tem direito e qual o valor do pagamento extra"},"jnews_primary_category":[],"jnews_social_meta":[],"jnews_override_counter":{"view_counter_number":"0","share_counter_number":"0","like_counter_number":"0","dislike_counter_number":"0"},"footnotes":""},"categories":[17201],"tags":[17214,30845,36126,24338,8781],"class_list":["post-135263","post","type-post","status-publish","format-standard","has-post-thumbnail","hentry","category-pe-de-meia","tag-calendario-pe-de-meia","tag-incentivo-enem-pe-de-meia","tag-pagamento-extra-enem","tag-pe-de-meia-2025","tag-programa-pe-de-meia"],"yoast_head":"<!-- This site is optimized with the Yoast SEO Premium plugin v27.4 (Yoast SEO v27.4) - https:\/\/yoast.com\/product\/yoast-seo-premium-wordpress\/ -->\n<title>Governo anuncia pagamento extra para alunos do P\u00e9-de-Meia; datas tamb\u00e9m j\u00e1 est\u00e3o dispon\u00edveis - Blog Pensar Cursos<\/title>\n<meta name=\"description\" content=\"O Governo anunciou um pagamento extra para os alunos do P\u00e9-de-Meia 2025. Confira o calend\u00e1rio de pagamento e quem tem direito.\" \/>\n<meta name=\"robots\" content=\"index, follow, max-snippet:-1, max-image-preview:large, max-video-preview:-1\" \/>\n<link rel=\"canonical\" href=\"https:\/\/www.pensarcursos.com.br\/blog\/governo-anuncia-pagamento-extra-para-alunos-do-pe-de-meia-datas-tambem-ja-estao-disponiveis\/\" \/>\n<meta property=\"og:locale\" content=\"pt_BR\" \/>\n<meta property=\"og:type\" content=\"article\" \/>\n<meta property=\"og:title\" content=\"Governo anuncia pagamento extra para alunos do P\u00e9-de-Meia; datas tamb\u00e9m j\u00e1 est\u00e3o dispon\u00edveis\" \/>\n<meta property=\"og:description\" content=\"O Governo anunciou um pagamento extra para os alunos do P\u00e9-de-Meia 2025. Confira o calend\u00e1rio de pagamento e quem tem direito.\" \/>\n<meta property=\"og:url\" content=\"https:\/\/www.pensarcursos.com.br\/blog\/governo-anuncia-pagamento-extra-para-alunos-do-pe-de-meia-datas-tambem-ja-estao-disponiveis\/\" \/>\n<meta property=\"og:site_name\" content=\"Blog Pensar Cursos\" \/>\n<meta property=\"article:publisher\" content=\"https:\/\/www.facebook.com\/pensarcursos\/\" \/>\n<meta property=\"article:published_time\" content=\"2025-12-10T20:09:38+00:00\" \/>\n<meta property=\"og:image\" content=\"https:\/\/www.pensarcursos.com.br\/blog\/wp-content\/uploads\/2025\/12\/Pe-de-meia4-2.webp\" \/>\n\t<meta property=\"og:image:width\" content=\"1200\" \/>\n\t<meta property=\"og:image:height\" content=\"800\" \/>\n\t<meta property=\"og:image:type\" content=\"image\/webp\" \/>\n<meta name=\"author\" content=\"Quezia Andrade\" \/>\n<meta name=\"twitter:card\" content=\"summary_large_image\" \/>\n<meta name=\"twitter:label1\" content=\"Escrito por\" \/>\n\t<meta name=\"twitter:data1\" content=\"Quezia Andrade\" \/>\n\t<meta name=\"twitter:label2\" content=\"Est. tempo de leitura\" \/>\n\t<meta name=\"twitter:data2\" content=\"6 minutos\" \/>\n<!-- \/ Yoast SEO Premium plugin. -->","yoast_head_json":{"title":"Governo anuncia pagamento extra para alunos do P\u00e9-de-Meia; datas tamb\u00e9m j\u00e1 est\u00e3o dispon\u00edveis - Blog Pensar Cursos","description":"O Governo anunciou um pagamento extra para os alunos do P\u00e9-de-Meia 2025. Confira o calend\u00e1rio de pagamento e quem tem direito.","robots":{"index":"index","follow":"follow","max-snippet":"max-snippet:-1","max-image-preview":"max-image-preview:large","max-video-preview":"max-video-preview:-1"},"canonical":"https:\/\/www.pensarcursos.com.br\/blog\/governo-anuncia-pagamento-extra-para-alunos-do-pe-de-meia-datas-tambem-ja-estao-disponiveis\/","og_locale":"pt_BR","og_type":"article","og_title":"Governo anuncia pagamento extra para alunos do P\u00e9-de-Meia; datas tamb\u00e9m j\u00e1 est\u00e3o dispon\u00edveis","og_description":"O Governo anunciou um pagamento extra para os alunos do P\u00e9-de-Meia 2025. Confira o calend\u00e1rio de pagamento e quem tem direito.","og_url":"https:\/\/www.pensarcursos.com.br\/blog\/governo-anuncia-pagamento-extra-para-alunos-do-pe-de-meia-datas-tambem-ja-estao-disponiveis\/","og_site_name":"Blog Pensar Cursos","article_publisher":"https:\/\/www.facebook.com\/pensarcursos\/","article_published_time":"2025-12-10T20:09:38+00:00","og_image":[{"width":1200,"height":800,"url":"https:\/\/www.pensarcursos.com.br\/blog\/wp-content\/uploads\/2025\/12\/Pe-de-meia4-2.webp","type":"image\/webp"}],"author":"Quezia Andrade","twitter_card":"summary_large_image","twitter_misc":{"Escrito por":"Quezia Andrade","Est. tempo de leitura":"6 minutos"},"schema":{"@context":"https:\/\/schema.org","@graph":[{"@type":["Article","BlogPosting"],"@id":"https:\/\/www.pensarcursos.com.br\/blog\/governo-anuncia-pagamento-extra-para-alunos-do-pe-de-meia-datas-tambem-ja-estao-disponiveis\/#article","isPartOf":{"@id":"https:\/\/www.pensarcursos.com.br\/blog\/governo-anuncia-pagamento-extra-para-alunos-do-pe-de-meia-datas-tambem-ja-estao-disponiveis\/"},"author":{"name":"Quezia Andrade","@id":"https:\/\/www.pensarcursos.com.br\/blog\/#\/schema\/person\/28714c166fa847c28e0ba3e4d47c1033"},"headline":"Governo anuncia pagamento extra para alunos do P\u00e9-de-Meia; datas tamb\u00e9m j\u00e1 est\u00e3o dispon\u00edveis","datePublished":"2025-12-10T20:09:38+00:00","mainEntityOfPage":{"@id":"https:\/\/www.pensarcursos.com.br\/blog\/governo-anuncia-pagamento-extra-para-alunos-do-pe-de-meia-datas-tambem-ja-estao-disponiveis\/"},"wordCount":1009,"commentCount":0,"publisher":{"@id":"https:\/\/www.pensarcursos.com.br\/blog\/#organization"},"image":{"@id":"https:\/\/www.pensarcursos.com.br\/blog\/governo-anuncia-pagamento-extra-para-alunos-do-pe-de-meia-datas-tambem-ja-estao-disponiveis\/#primaryimage"},"thumbnailUrl":"https:\/\/www.pensarcursos.com.br\/blog\/wp-content\/uploads\/2025\/12\/Pe-de-meia4-2.webp","keywords":["calendario pe de meia","incentivo enem p\u00e9 de meia","pagamento extra enem","p\u00e9-de-meia 2025","programa p\u00e9 de meia"],"articleSection":["P\u00e9-de-Meia"],"inLanguage":"pt-BR","potentialAction":[{"@type":"CommentAction","name":"Comment","target":["https:\/\/www.pensarcursos.com.br\/blog\/governo-anuncia-pagamento-extra-para-alunos-do-pe-de-meia-datas-tambem-ja-estao-disponiveis\/#respond"]}],"copyrightYear":"2025","copyrightHolder":{"@id":"https:\/\/www.pensarcursos.com.br\/blog\/#organization"}},{"@type":"WebPage","@id":"https:\/\/www.pensarcursos.com.br\/blog\/governo-anuncia-pagamento-extra-para-alunos-do-pe-de-meia-datas-tambem-ja-estao-disponiveis\/","url":"https:\/\/www.pensarcursos.com.br\/blog\/governo-anuncia-pagamento-extra-para-alunos-do-pe-de-meia-datas-tambem-ja-estao-disponiveis\/","name":"Governo anuncia pagamento extra para alunos do P\u00e9-de-Meia; datas tamb\u00e9m j\u00e1 est\u00e3o dispon\u00edveis - Blog Pensar Cursos","isPartOf":{"@id":"https:\/\/www.pensarcursos.com.br\/blog\/#website"},"primaryImageOfPage":{"@id":"https:\/\/www.pensarcursos.com.br\/blog\/governo-anuncia-pagamento-extra-para-alunos-do-pe-de-meia-datas-tambem-ja-estao-disponiveis\/#primaryimage"},"image":{"@id":"https:\/\/www.pensarcursos.com.br\/blog\/governo-anuncia-pagamento-extra-para-alunos-do-pe-de-meia-datas-tambem-ja-estao-disponiveis\/#primaryimage"},"thumbnailUrl":"https:\/\/www.pensarcursos.com.br\/blog\/wp-content\/uploads\/2025\/12\/Pe-de-meia4-2.webp","datePublished":"2025-12-10T20:09:38+00:00","description":"O Governo anunciou um pagamento extra para os alunos do P\u00e9-de-Meia 2025. Confira o calend\u00e1rio de pagamento e quem tem direito.","breadcrumb":{"@id":"https:\/\/www.pensarcursos.com.br\/blog\/governo-anuncia-pagamento-extra-para-alunos-do-pe-de-meia-datas-tambem-ja-estao-disponiveis\/#breadcrumb"},"inLanguage":"pt-BR","potentialAction":[{"@type":"ReadAction","target":["https:\/\/www.pensarcursos.com.br\/blog\/governo-anuncia-pagamento-extra-para-alunos-do-pe-de-meia-datas-tambem-ja-estao-disponiveis\/"]}]},{"@type":"ImageObject","inLanguage":"pt-BR","@id":"https:\/\/www.pensarcursos.com.br\/blog\/governo-anuncia-pagamento-extra-para-alunos-do-pe-de-meia-datas-tambem-ja-estao-disponiveis\/#primaryimage","url":"https:\/\/www.pensarcursos.com.br\/blog\/wp-content\/uploads\/2025\/12\/Pe-de-meia4-2.webp","contentUrl":"https:\/\/www.pensarcursos.com.br\/blog\/wp-content\/uploads\/2025\/12\/Pe-de-meia4-2.webp","width":1200,"height":800,"caption":"Governo confirma pagamento adicional para alunos do P\u00e9-de-Meia e divulga as datas. Confira! Imagem: Pensar Cursos"},{"@type":"BreadcrumbList","@id":"https:\/\/www.pensarcursos.com.br\/blog\/governo-anuncia-pagamento-extra-para-alunos-do-pe-de-meia-datas-tambem-ja-estao-disponiveis\/#breadcrumb","itemListElement":[{"@type":"ListItem","position":1,"name":"Home","item":"https:\/\/www.pensarcursos.com.br\/blog\/"},{"@type":"ListItem","position":2,"name":"Governo anuncia pagamento extra para alunos do P\u00e9-de-Meia; datas tamb\u00e9m j\u00e1 est\u00e3o dispon\u00edveis"}]},{"@type":"WebSite","@id":"https:\/\/www.pensarcursos.com.br\/blog\/#website","url":"https:\/\/www.pensarcursos.com.br\/blog\/","name":"Blog Pensar Cursos","description":"Maior Site de Cursos do Brasil","publisher":{"@id":"https:\/\/www.pensarcursos.com.br\/blog\/#organization"},"alternateName":"Blog Pensar","potentialAction":[{"@type":"SearchAction","target":{"@type":"EntryPoint","urlTemplate":"https:\/\/www.pensarcursos.com.br\/blog\/?s={search_term_string}"},"query-input":{"@type":"PropertyValueSpecification","valueRequired":true,"valueName":"search_term_string"}}],"inLanguage":"pt-BR"},{"@type":"Organization","@id":"https:\/\/www.pensarcursos.com.br\/blog\/#organization","name":"Pensar Cursos","alternateName":"Blog pensar","url":"https:\/\/www.pensarcursos.com.br\/blog\/","logo":{"@type":"ImageObject","inLanguage":"pt-BR","@id":"https:\/\/www.pensarcursos.com.br\/blog\/#\/schema\/logo\/image\/","url":"https:\/\/www.pensarcursos.com.br\/blog\/wp-content\/uploads\/2023\/11\/Nova-Logo-Pensar-Cursos-vertical.png","contentUrl":"https:\/\/www.pensarcursos.com.br\/blog\/wp-content\/uploads\/2023\/11\/Nova-Logo-Pensar-Cursos-vertical.png","width":1393,"height":1001,"caption":"Pensar Cursos"},"image":{"@id":"https:\/\/www.pensarcursos.com.br\/blog\/#\/schema\/logo\/image\/"},"sameAs":["https:\/\/www.facebook.com\/pensarcursos\/","https:\/\/instagram.com.br\/pensarcursos"],"description":"Pensar Cursos \u00e9 uma empresa especializada em oferecer cursos de alta qualidade voltados para o desenvolvimento profissional e acad\u00eamico. Com uma ampla gama de op\u00e7\u00f5es de treinamento, oferecemos conte\u00fados atualizados, ministrados por especialistas da \u00e1rea, para capacitar indiv\u00edduos e equipes a atingirem seus objetivos. Nossa miss\u00e3o \u00e9 proporcionar uma educa\u00e7\u00e3o transformadora, acess\u00edvel e personalizada para cada aluno, seja em cursos presenciais ou online. Com uma abordagem inovadora, buscamos adaptar os nossos programas de ensino \u00e0s necessidades do mercado, criando solu\u00e7\u00f5es que atendem aos desafios e exig\u00eancias do mundo corporativo e acad\u00eamico. Nossos cursos incluem desde forma\u00e7\u00f5es t\u00e9cnicas at\u00e9 habilidades essenciais, como lideran\u00e7a, gest\u00e3o e desenvolvimento pessoal.","email":"contato@pensarcursos.com.br","legalName":"Sena Servi\u00e7os de Informa\u00e7\u00e3o Online LTDA","foundingDate":"2013-04-18","vatID":"17956217000172","numberOfEmployees":{"@type":"QuantitativeValue","minValue":"11","maxValue":"50"},"publishingPrinciples":"https:\/\/www.pensarcursos.com.br\/blog\/principios-de-publicacao\/","ownershipFundingInfo":"https:\/\/www.pensarcursos.com.br\/blog\/informacoes-de-propriedade-financiamento\/","actionableFeedbackPolicy":"https:\/\/www.pensarcursos.com.br\/blog\/politica-de-feedback-acionavel\/","correctionsPolicy":"https:\/\/www.pensarcursos.com.br\/blog\/politica-de-correcoes\/","ethicsPolicy":"https:\/\/www.pensarcursos.com.br\/blog\/politica-de-etica\/"},{"@type":"Person","@id":"https:\/\/www.pensarcursos.com.br\/blog\/#\/schema\/person\/28714c166fa847c28e0ba3e4d47c1033","name":"Quezia Andrade","image":{"@type":"ImageObject","inLanguage":"pt-BR","@id":"https:\/\/secure.gravatar.com\/avatar\/ca40343eca0c667f062032144581527936aae03191aca76e9d4c4de5a5c7cd14?s=96&d=mm&r=g","url":"https:\/\/secure.gravatar.com\/avatar\/ca40343eca0c667f062032144581527936aae03191aca76e9d4c4de5a5c7cd14?s=96&d=mm&r=g","contentUrl":"https:\/\/secure.gravatar.com\/avatar\/ca40343eca0c667f062032144581527936aae03191aca76e9d4c4de5a5c7cd14?s=96&d=mm&r=g","caption":"Quezia Andrade"},"description":"Biom\u00e9dica CRBM2 n\u00ba 17394. Redatora do grupo Sena Online.","sameAs":["https:\/\/www.instagram.com\/_quezia_b?igsh=cWF2dDNxbXd6ejF4&utm_source=qr","https:\/\/www.linkedin.com\/in\/quzia-borges-andrade-907778266?utm_source=share&utm_campaign=share_via&utm_content=profile&utm_medium=ios_app"],"url":"https:\/\/www.pensarcursos.com.br\/blog\/author\/quezia\/"}]}},"_links":{"self":[{"href":"https:\/\/www.pensarcursos.com.br\/blog\/wp-json\/wp\/v2\/posts\/135263","targetHints":{"allow":["GET"]}}],"collection":[{"href":"https:\/\/www.pensarcursos.com.br\/blog\/wp-json\/wp\/v2\/posts"}],"about":[{"href":"https:\/\/www.pensarcursos.com.br\/blog\/wp-json\/wp\/v2\/types\/post"}],"author":[{"embeddable":true,"href":"https:\/\/www.pensarcursos.com.br\/blog\/wp-json\/wp\/v2\/users\/54"}],"replies":[{"embeddable":true,"href":"https:\/\/www.pensarcursos.com.br\/blog\/wp-json\/wp\/v2\/comments?post=135263"}],"version-history":[{"count":0,"href":"https:\/\/www.pensarcursos.com.br\/blog\/wp-json\/wp\/v2\/posts\/135263\/revisions"}],"wp:featuredmedia":[{"embeddable":true,"href":"https:\/\/www.pensarcursos.com.br\/blog\/wp-json\/wp\/v2\/media\/135277"}],"wp:attachment":[{"href":"https:\/\/www.pensarcursos.com.br\/blog\/wp-json\/wp\/v2\/media?parent=135263"}],"wp:term":[{"taxonomy":"category","embeddable":true,"href":"https:\/\/www.pensarcursos.com.br\/blog\/wp-json\/wp\/v2\/categories?post=135263"},{"taxonomy":"post_tag","embeddable":true,"href":"https:\/\/www.pensarcursos.com.br\/blog\/wp-json\/wp\/v2\/tags?post=135263"}],"curies":[{"name":"wp","href":"https:\/\/api.w.org\/{rel}","templated":true}]}}