{"id":135262,"date":"2025-12-10T15:39:05","date_gmt":"2025-12-10T18:39:05","guid":{"rendered":"https:\/\/www.pensarcursos.com.br\/blog\/?p=135262"},"modified":"2025-12-10T15:33:51","modified_gmt":"2025-12-10T18:33:51","slug":"auxilio-material-escolar-2026-alunos-da-rede-publica-receberao-r-240-e-r-320","status":"publish","type":"post","link":"https:\/\/www.pensarcursos.com.br\/blog\/auxilio-material-escolar-2026-alunos-da-rede-publica-receberao-r-240-e-r-320\/","title":{"rendered":"Aux\u00edlio material escolar 2026: alunos da rede p\u00fablica receber\u00e3o R$ 240 e R$ 320"},"content":{"rendered":"<p>O aux\u00edlio material escolar para 2026 est\u00e1 confirmado para estudantes da rede p\u00fablica! Destinado a fam\u00edlias de baixa renda, o benef\u00edcio garante recursos espec\u00edficos para a compra de materiais escolares, contribuindo com a prepara\u00e7\u00e3o adequada dos alunos para o ano letivo. A iniciativa representa um refor\u00e7o importante na educa\u00e7\u00e3o p\u00fablica, diminuindo a desigualdade e facilitando o acesso a itens essenciais nas diferentes etapas escolares. Descubra como funciona o programa, quem tem direito, valores, calend\u00e1rio e tire todas as d\u00favidas sobre o benef\u00edcio escolar 2026.<\/p>\n<h2>Como funciona o cart\u00e3o para o material<\/h2>\n<p>O <a href=\"https:\/\/www.pensarcursos.com.br\/blog\/beneficio-de-r-200-para-material-escolar-sera-pago-a-estudantes-da-rede-publica-em-2026\/\" target=\"_blank\" rel=\"noopener\">Programa de Benef\u00edcio Educacional-Social<\/a> (PBES) utiliza o <a href=\"https:\/\/www.sedes.df.gov.br\/cartao-material-escolar-cme\" target=\"_blank\" rel=\"noopener\">Cart\u00e3o Material Escolar (CME)<\/a> para a transfer\u00eancia direta do aux\u00edlio \u00e0s fam\u00edlias eleg\u00edveis. O cart\u00e3o \u00e9 recarregado anualmente com o valor correspondente ao perfil do estudante, garantindo maior autonomia na compra do material. Com o cart\u00e3o, pais e respons\u00e1veis podem adquirir itens em papelarias credenciadas pela Secretaria de Desenvolvimento Econ\u00f4mico, respeitando as listas aprovadas para cada etapa de ensino.<\/p>\n<p>O benef\u00edcio \u00e9 concedido apenas uma vez ao ano, geralmente at\u00e9 o fim do primeiro trimestre letivo. Cada respons\u00e1vel familiar recebe um \u00fanico cart\u00e3o, independentemente do n\u00famero de filhos matriculados, mas todos os valores somados ficam dispon\u00edveis no mesmo cart\u00e3o.<\/p>\n<h2>Valor do aux\u00edlio material em 2026<\/h2>\n<p>Os valores do aux\u00edlio material foram mantidos de acordo com a etapa escolar do estudante:<\/p>\n<ul>\n<li>Educa\u00e7\u00e3o Infantil, Ensino Fundamental e Educa\u00e7\u00e3o Especial:\u00a0R$ 320 por estudante.<\/li>\n<li>Ensino M\u00e9dio:\u00a0R$ 240 por estudante.<\/li>\n<\/ul>\n<p>Esse valor \u00e9 creditado diretamente no cart\u00e3o material escolar do respons\u00e1vel e deve ser utilizado na modalidade d\u00e9bito, exclusivamente para a aquisi\u00e7\u00e3o dos itens da lista autorizada pela Secretaria de Educa\u00e7\u00e3o.<\/p>\n<h3>Uso irregular do valor depositado<\/h3>\n<p>As listas de material escolar variam conforme o ano e modalidade de ensino. \u00c9 poss\u00edvel comprar desde itens b\u00e1sicos, como caderno, l\u00e1pis, cartolina, at\u00e9 calculadora de bolso, pen drive e mochila. A aquisi\u00e7\u00e3o de <strong>artigos n\u00e3o listados<\/strong> pela Secretaria pode gerar puni\u00e7\u00f5es ao respons\u00e1vel e \u00e0 papelaria, por isso \u00e9 importante seguir as orienta\u00e7\u00f5es da escola.<\/p>\n<figure id=\"attachment_135264\" aria-describedby=\"caption-attachment-135264\" style=\"width: 2560px\" class=\"wp-caption aligncenter\"><img decoding=\"async\" class=\"wp-image-135264 size-full\" title=\"M\u00e3e e filha escolhendo material escolar colorido\" src=\"https:\/\/www.pensarcursos.com.br\/blog\/wp-content\/uploads\/2025\/12\/ordinary-life-scene-from-mall-america-scaled.jpg\" alt=\"Mulher e menina em loja de material escolar olhando para l\u00e1pis de cor e cadernos coloridos nas prateleiras\" width=\"2560\" height=\"1504\" srcset=\"https:\/\/www.pensarcursos.com.br\/blog\/wp-content\/uploads\/2025\/12\/ordinary-life-scene-from-mall-america-scaled.jpg 2560w, https:\/\/www.pensarcursos.com.br\/blog\/wp-content\/uploads\/2025\/12\/ordinary-life-scene-from-mall-america-300x176.jpg 300w, https:\/\/www.pensarcursos.com.br\/blog\/wp-content\/uploads\/2025\/12\/ordinary-life-scene-from-mall-america-1024x602.jpg 1024w, https:\/\/www.pensarcursos.com.br\/blog\/wp-content\/uploads\/2025\/12\/ordinary-life-scene-from-mall-america-768x451.jpg 768w, https:\/\/www.pensarcursos.com.br\/blog\/wp-content\/uploads\/2025\/12\/ordinary-life-scene-from-mall-america-1536x902.jpg 1536w, https:\/\/www.pensarcursos.com.br\/blog\/wp-content\/uploads\/2025\/12\/ordinary-life-scene-from-mall-america-2048x1203.jpg 2048w, https:\/\/www.pensarcursos.com.br\/blog\/wp-content\/uploads\/2025\/12\/ordinary-life-scene-from-mall-america-750x441.jpg 750w, https:\/\/www.pensarcursos.com.br\/blog\/wp-content\/uploads\/2025\/12\/ordinary-life-scene-from-mall-america-1140x670.jpg 1140w\" sizes=\"(max-width: 2560px) 100vw, 2560px\" \/><figcaption id=\"caption-attachment-135264\" class=\"wp-caption-text\">Confira se voc\u00ea pode solicitar o Cart\u00e3o CME, e saiba se voc\u00ea tem direito ao aux\u00edlio material escolar em 2026! Imagem: Freepik<\/figcaption><\/figure>\n<h2>Calend\u00e1rio do aux\u00edlio material escolar<\/h2>\n<p>O calend\u00e1rio do aux\u00edlio material escolar segue o padr\u00e3o dos anos anteriores. A concess\u00e3o do benef\u00edcio ocorre at\u00e9 o fim do primeiro trimestre letivo, com libera\u00e7\u00e3o dos valores a partir do in\u00edcio das aulas. Todos os respons\u00e1veis devem consultar as datas espec\u00edficas junto \u00e0 Secretaria de Educa\u00e7\u00e3o ou nas escolas onde os filhos est\u00e3o matriculados. A movimenta\u00e7\u00e3o do cart\u00e3o e saldo ficam dispon\u00edveis conforme o lan\u00e7amento dos cr\u00e9ditos.<\/p>\n<h2>Quem pode receber o benef\u00edcio escolar?<\/h2>\n<p>O benef\u00edcio escolar atende estudantes da rede p\u00fablica do Distrito Federal, desde a educa\u00e7\u00e3o infantil at\u00e9 o ensino m\u00e9dio e educa\u00e7\u00e3o especial, com idades entre 4 e 17 anos. Al\u00e9m disso, \u00e9 obrigat\u00f3rio:<\/p>\n<ul>\n<li>Estar regularmente matriculado em escola p\u00fablica do Distrito Federal;<\/li>\n<li>Ser integrante de fam\u00edlia benefici\u00e1ria do Bolsa Fam\u00edlia ou programa equivalente do governo federal;<\/li>\n<li>O respons\u00e1vel familiar precisa estar habilitado no programa social para autorizar o saque e uso do cart\u00e3o;<\/li>\n<li>Alunos de educa\u00e7\u00e3o especial, incluindo defici\u00eancia e Transtorno do Espectro Autista (TEA): pais\/respons\u00e1veis devem comparecer \u00e0 escola antes da compra para retirar lista espec\u00edfica para o estudante.<\/li>\n<\/ul>\n<h2>Como consultar saldo e informa\u00e7\u00f5es do benef\u00edcio escolar<\/h2>\n<p>Para consultar o saldo ou esclarecer d\u00favidas sobre o benef\u00edcio, o respons\u00e1vel pode buscar atendimento na escola de matr\u00edcula do estudante, acessar os canais oficiais da Secretaria de Educa\u00e7\u00e3o ou utilizar as informa\u00e7\u00f5es que acompanham o cart\u00e3o CME. \u00c9 importante manter o cadastro sempre atualizado junto ao <a href=\"https:\/\/www.pensarcursos.com.br\/blog\/caixa-emite-comunicado-oficial-para-quem-nao-tem-bolsa-familia-e-quer-receber-o-pe-de-meia\/\" target=\"_blank\" rel=\"noopener\">Bolsa Fam\u00edlia<\/a>, pois eventuais inconsist\u00eancias podem suspender ou bloquear o benef\u00edcio.<\/p>\n<h2>Recomenda\u00e7\u00f5es para o uso do aux\u00edlio<\/h2>\n<p>O Cart\u00e3o Material Escolar tem uso restrito:<\/p>\n<ul>\n<li>Proibi\u00e7\u00e3o de compra de itens fora da lista oficial;<\/li>\n<li>Recomenda-se manter todos os comprovantes de compras e notas fiscais;<\/li>\n<li>Importante denunciar eventuais cobran\u00e7as abusivas ou tentativas de venda irregular por parte de papelarias;<\/li>\n<li>No caso de perda ou roubo do cart\u00e3o, o respons\u00e1vel deve acionar imediatamente o canal indicado para bloqueio e solicita\u00e7\u00e3o de novo cart\u00e3o.<\/li>\n<\/ul>\n<p>Para mais informa\u00e7\u00f5es, visite o site <a href=\"https:\/\/www.pensarcursos.com.br\/blog\/\" target=\"_blank\" rel=\"noopener\">Pensar Cursos Blog<\/a>, e conhe\u00e7a diferentes programas estudantis!<\/p>\n<p>Conhe\u00e7as outros programas estudantis que incentivam perman\u00eancia nas escolas! Assista ao v\u00eddeo e conhe\u00e7a o benef\u00edcio do P\u00e9-de-Meia. Saiba qual p\u00fablico este incentivo \u00e9 direcionado!<\/p>\n<div class=\"jeg_video_container jeg_video_content\"><iframe title=\"R$ 9 MIL pra Estudar? Veja Como Aproveitar Esse Benef\u00edcio do Governo!\" width=\"500\" height=\"281\" src=\"https:\/\/www.youtube.com\/embed\/8BM18YSdSWE?feature=oembed\" frameborder=\"0\" allow=\"accelerometer; autoplay; clipboard-write; encrypted-media; gyroscope; picture-in-picture; web-share\" referrerpolicy=\"strict-origin-when-cross-origin\" allowfullscreen><\/iframe><\/div>\n<h2>Perguntas frequentes<\/h2>\n<ul>\n<li><strong>Quem pode receber o aux\u00edlio material escolar 2026? <\/strong>Apenas alunos da rede p\u00fablica do DF com idade entre 4 e 17 anos, que pertencem a fam\u00edlias benefici\u00e1rias do Bolsa Fam\u00edlia ou programa similar.<\/li>\n<li><strong>Qual o valor do aux\u00edlio material escolar em 2026? <\/strong>O valor \u00e9 de R$ 320 para educa\u00e7\u00e3o infantil, ensino fundamental e educa\u00e7\u00e3o especial, e R$ 240 para ensino m\u00e9dio.<\/li>\n<li><strong>Onde pode ser utilizado o cart\u00e3o material escolar? <\/strong>O cart\u00e3o s\u00f3 pode ser utilizado nas papelarias credenciadas e para compra dos itens permitidos pela Secretaria de Educa\u00e7\u00e3o.<\/li>\n<li><strong>Quantos cart\u00f5es uma fam\u00edlia pode receber? <\/strong>Cada fam\u00edlia recebe apenas um cart\u00e3o, que re\u00fane o valor somado para todos os filhos aptos ao benef\u00edcio.<\/li>\n<\/ul>\n","protected":false},"excerpt":{"rendered":"<p>O aux\u00edlio material escolar para 2026 est\u00e1 confirmado para estudantes da rede p\u00fablica! Destinado a fam\u00edlias de baixa renda, o benef\u00edcio garante recursos espec\u00edficos para a compra de materiais escolares, contribuindo com a prepara\u00e7\u00e3o adequada dos alunos para o ano letivo. A iniciativa representa um refor\u00e7o importante na educa\u00e7\u00e3o p\u00fablica, diminuindo a desigualdade e facilitando [&hellip;]<\/p>\n","protected":false},"author":60,"featured_media":135361,"comment_status":"open","ping_status":"closed","sticky":false,"template":"","format":"standard","meta":{"jnews-multi-image_gallery":[],"jnews_single_post":{"format":"standard","override":[{"template":"1","parallax":"1","fullscreen":"1","layout":"right-sidebar","sidebar":"default-sidebar","second_sidebar":"default-sidebar","sticky_sidebar":"1","share_position":"topbottom","share_float_style":"share-monocrhome","show_featured":"1","show_post_meta":"1","show_post_author":"1","show_post_author_image":"1","show_post_date":"1","post_date_format":"default","post_date_format_custom":"Y\/m\/d","show_post_category":"1","post_reading_time_wpm":"300","post_calculate_word_method":"str_word_count","show_zoom_button":"0","zoom_button_out_step":"2","zoom_button_in_step":"3","show_post_tag":"1","show_prev_next_post":"1","show_popup_post":"1","show_comment_section":"1","number_popup_post":"2","show_author_box":"1","show_post_related":"1","show_inline_post_related":"1"}],"image_override":[{"single_post_thumbnail_size":"crop-500","single_post_gallery_size":"crop-500"}],"trending_post_position":"meta","trending_post_label":"Trending","sponsored_post_label":"Sponsored by","disable_ad":"0","subtitle":"Saiba quem tem direito ao benef\u00edcio e como utilizar o cart\u00e3o material escolar"},"jnews_primary_category":[],"jnews_social_meta":[],"jnews_override_counter":{"view_counter_number":"0","share_counter_number":"0","like_counter_number":"0","dislike_counter_number":"0"},"footnotes":""},"categories":[1657],"tags":[8306,30903,36125],"class_list":["post-135262","post","type-post","status-publish","format-standard","has-post-thumbnail","hentry","category-beneficios-sociais","tag-auxilio-material-escolar","tag-beneficio-estudantil","tag-valor-auxilio-material-escolar"],"yoast_head":"<!-- This site is optimized with the Yoast SEO Premium plugin v27.4 (Yoast SEO v27.4) - https:\/\/yoast.com\/product\/yoast-seo-premium-wordpress\/ -->\n<title>Aux\u00edlio material escolar 2026: alunos da rede p\u00fablica receber\u00e3o R$ 240 e R$ 320 - Blog Pensar Cursos<\/title>\n<meta name=\"description\" content=\"Confira tudo sobre o aux\u00edlio material escolar 2026: valores de R$ 240 e R$ 320 para estudantes da rede p\u00fablica do DF, quem tem direito, calend\u00e1rio e como usar o benef\u00edcio para comprar material escolar.\" \/>\n<meta name=\"robots\" content=\"index, follow, max-snippet:-1, max-image-preview:large, max-video-preview:-1\" \/>\n<link rel=\"canonical\" href=\"https:\/\/www.pensarcursos.com.br\/blog\/auxilio-material-escolar-2026-alunos-da-rede-publica-receberao-r-240-e-r-320\/\" \/>\n<meta property=\"og:locale\" content=\"pt_BR\" \/>\n<meta property=\"og:type\" content=\"article\" \/>\n<meta property=\"og:title\" content=\"Aux\u00edlio material escolar 2026: alunos da rede p\u00fablica receber\u00e3o R$ 240 e R$ 320\" \/>\n<meta property=\"og:description\" content=\"Confira tudo sobre o aux\u00edlio material escolar 2026: valores de R$ 240 e R$ 320 para estudantes da rede p\u00fablica do DF, quem tem direito, calend\u00e1rio e como usar o benef\u00edcio para comprar material escolar.\" \/>\n<meta property=\"og:url\" content=\"https:\/\/www.pensarcursos.com.br\/blog\/auxilio-material-escolar-2026-alunos-da-rede-publica-receberao-r-240-e-r-320\/\" \/>\n<meta property=\"og:site_name\" content=\"Blog Pensar Cursos\" \/>\n<meta property=\"article:publisher\" content=\"https:\/\/www.facebook.com\/pensarcursos\/\" \/>\n<meta property=\"article:published_time\" content=\"2025-12-10T18:39:05+00:00\" \/>\n<meta property=\"og:image\" content=\"https:\/\/www.pensarcursos.com.br\/blog\/wp-content\/uploads\/2025\/12\/2148587542.jpg\" \/>\n\t<meta property=\"og:image:width\" content=\"1500\" \/>\n\t<meta property=\"og:image:height\" content=\"844\" \/>\n\t<meta property=\"og:image:type\" content=\"image\/jpeg\" \/>\n<meta name=\"author\" content=\"Luiza Pereira\" \/>\n<meta name=\"twitter:card\" content=\"summary_large_image\" \/>\n<meta name=\"twitter:label1\" content=\"Escrito por\" \/>\n\t<meta name=\"twitter:data1\" content=\"Luiza Pereira\" \/>\n\t<meta name=\"twitter:label2\" content=\"Est. tempo de leitura\" \/>\n\t<meta name=\"twitter:data2\" content=\"5 minutos\" \/>\n<!-- \/ Yoast SEO Premium plugin. -->","yoast_head_json":{"title":"Aux\u00edlio material escolar 2026: alunos da rede p\u00fablica receber\u00e3o R$ 240 e R$ 320 - Blog Pensar Cursos","description":"Confira tudo sobre o aux\u00edlio material escolar 2026: valores de R$ 240 e R$ 320 para estudantes da rede p\u00fablica do DF, quem tem direito, calend\u00e1rio e como usar o benef\u00edcio para comprar material escolar.","robots":{"index":"index","follow":"follow","max-snippet":"max-snippet:-1","max-image-preview":"max-image-preview:large","max-video-preview":"max-video-preview:-1"},"canonical":"https:\/\/www.pensarcursos.com.br\/blog\/auxilio-material-escolar-2026-alunos-da-rede-publica-receberao-r-240-e-r-320\/","og_locale":"pt_BR","og_type":"article","og_title":"Aux\u00edlio material escolar 2026: alunos da rede p\u00fablica receber\u00e3o R$ 240 e R$ 320","og_description":"Confira tudo sobre o aux\u00edlio material escolar 2026: valores de R$ 240 e R$ 320 para estudantes da rede p\u00fablica do DF, quem tem direito, calend\u00e1rio e como usar o benef\u00edcio para comprar material escolar.","og_url":"https:\/\/www.pensarcursos.com.br\/blog\/auxilio-material-escolar-2026-alunos-da-rede-publica-receberao-r-240-e-r-320\/","og_site_name":"Blog Pensar Cursos","article_publisher":"https:\/\/www.facebook.com\/pensarcursos\/","article_published_time":"2025-12-10T18:39:05+00:00","og_image":[{"width":1500,"height":844,"url":"https:\/\/www.pensarcursos.com.br\/blog\/wp-content\/uploads\/2025\/12\/2148587542.jpg","type":"image\/jpeg"}],"author":"Luiza Pereira","twitter_card":"summary_large_image","twitter_misc":{"Escrito por":"Luiza Pereira","Est. tempo de leitura":"5 minutos"},"schema":{"@context":"https:\/\/schema.org","@graph":[{"@type":["Article","BlogPosting"],"@id":"https:\/\/www.pensarcursos.com.br\/blog\/auxilio-material-escolar-2026-alunos-da-rede-publica-receberao-r-240-e-r-320\/#article","isPartOf":{"@id":"https:\/\/www.pensarcursos.com.br\/blog\/auxilio-material-escolar-2026-alunos-da-rede-publica-receberao-r-240-e-r-320\/"},"author":{"name":"Luiza Pereira","@id":"https:\/\/www.pensarcursos.com.br\/blog\/#\/schema\/person\/b94ff84c7271a3cb9a5ce19e07b0ed5f"},"headline":"Aux\u00edlio material escolar 2026: alunos da rede p\u00fablica receber\u00e3o R$ 240 e R$ 320","datePublished":"2025-12-10T18:39:05+00:00","mainEntityOfPage":{"@id":"https:\/\/www.pensarcursos.com.br\/blog\/auxilio-material-escolar-2026-alunos-da-rede-publica-receberao-r-240-e-r-320\/"},"wordCount":955,"commentCount":1,"publisher":{"@id":"https:\/\/www.pensarcursos.com.br\/blog\/#organization"},"image":{"@id":"https:\/\/www.pensarcursos.com.br\/blog\/auxilio-material-escolar-2026-alunos-da-rede-publica-receberao-r-240-e-r-320\/#primaryimage"},"thumbnailUrl":"https:\/\/www.pensarcursos.com.br\/blog\/wp-content\/uploads\/2025\/12\/2148587542.jpg","keywords":["Aux\u00edlio Material Escolar","benef\u00edcio estudantil","valor aux\u00edlio material escolar"],"articleSection":["Benef\u00edcios Sociais"],"inLanguage":"pt-BR","potentialAction":[{"@type":"CommentAction","name":"Comment","target":["https:\/\/www.pensarcursos.com.br\/blog\/auxilio-material-escolar-2026-alunos-da-rede-publica-receberao-r-240-e-r-320\/#respond"]}],"copyrightYear":"2025","copyrightHolder":{"@id":"https:\/\/www.pensarcursos.com.br\/blog\/#organization"}},{"@type":"WebPage","@id":"https:\/\/www.pensarcursos.com.br\/blog\/auxilio-material-escolar-2026-alunos-da-rede-publica-receberao-r-240-e-r-320\/","url":"https:\/\/www.pensarcursos.com.br\/blog\/auxilio-material-escolar-2026-alunos-da-rede-publica-receberao-r-240-e-r-320\/","name":"Aux\u00edlio material escolar 2026: alunos da rede p\u00fablica receber\u00e3o R$ 240 e R$ 320 - Blog Pensar Cursos","isPartOf":{"@id":"https:\/\/www.pensarcursos.com.br\/blog\/#website"},"primaryImageOfPage":{"@id":"https:\/\/www.pensarcursos.com.br\/blog\/auxilio-material-escolar-2026-alunos-da-rede-publica-receberao-r-240-e-r-320\/#primaryimage"},"image":{"@id":"https:\/\/www.pensarcursos.com.br\/blog\/auxilio-material-escolar-2026-alunos-da-rede-publica-receberao-r-240-e-r-320\/#primaryimage"},"thumbnailUrl":"https:\/\/www.pensarcursos.com.br\/blog\/wp-content\/uploads\/2025\/12\/2148587542.jpg","datePublished":"2025-12-10T18:39:05+00:00","description":"Confira tudo sobre o aux\u00edlio material escolar 2026: valores de R$ 240 e R$ 320 para estudantes da rede p\u00fablica do DF, quem tem direito, calend\u00e1rio e como usar o benef\u00edcio para comprar material escolar.","breadcrumb":{"@id":"https:\/\/www.pensarcursos.com.br\/blog\/auxilio-material-escolar-2026-alunos-da-rede-publica-receberao-r-240-e-r-320\/#breadcrumb"},"inLanguage":"pt-BR","potentialAction":[{"@type":"ReadAction","target":["https:\/\/www.pensarcursos.com.br\/blog\/auxilio-material-escolar-2026-alunos-da-rede-publica-receberao-r-240-e-r-320\/"]}]},{"@type":"ImageObject","inLanguage":"pt-BR","@id":"https:\/\/www.pensarcursos.com.br\/blog\/auxilio-material-escolar-2026-alunos-da-rede-publica-receberao-r-240-e-r-320\/#primaryimage","url":"https:\/\/www.pensarcursos.com.br\/blog\/wp-content\/uploads\/2025\/12\/2148587542.jpg","contentUrl":"https:\/\/www.pensarcursos.com.br\/blog\/wp-content\/uploads\/2025\/12\/2148587542.jpg","width":1500,"height":844,"caption":"Entenda como funciona o aux\u00edlio material escolar, e saiba como garantir o benef\u00edcio em 2026! Imagem: Freepik"},{"@type":"BreadcrumbList","@id":"https:\/\/www.pensarcursos.com.br\/blog\/auxilio-material-escolar-2026-alunos-da-rede-publica-receberao-r-240-e-r-320\/#breadcrumb","itemListElement":[{"@type":"ListItem","position":1,"name":"Home","item":"https:\/\/www.pensarcursos.com.br\/blog\/"},{"@type":"ListItem","position":2,"name":"Aux\u00edlio material escolar 2026: alunos da rede p\u00fablica receber\u00e3o R$ 240 e R$ 320"}]},{"@type":"WebSite","@id":"https:\/\/www.pensarcursos.com.br\/blog\/#website","url":"https:\/\/www.pensarcursos.com.br\/blog\/","name":"Blog Pensar Cursos","description":"Maior Site de Cursos do Brasil","publisher":{"@id":"https:\/\/www.pensarcursos.com.br\/blog\/#organization"},"alternateName":"Blog Pensar","potentialAction":[{"@type":"SearchAction","target":{"@type":"EntryPoint","urlTemplate":"https:\/\/www.pensarcursos.com.br\/blog\/?s={search_term_string}"},"query-input":{"@type":"PropertyValueSpecification","valueRequired":true,"valueName":"search_term_string"}}],"inLanguage":"pt-BR"},{"@type":"Organization","@id":"https:\/\/www.pensarcursos.com.br\/blog\/#organization","name":"Pensar Cursos","alternateName":"Blog pensar","url":"https:\/\/www.pensarcursos.com.br\/blog\/","logo":{"@type":"ImageObject","inLanguage":"pt-BR","@id":"https:\/\/www.pensarcursos.com.br\/blog\/#\/schema\/logo\/image\/","url":"https:\/\/www.pensarcursos.com.br\/blog\/wp-content\/uploads\/2023\/11\/Nova-Logo-Pensar-Cursos-vertical.png","contentUrl":"https:\/\/www.pensarcursos.com.br\/blog\/wp-content\/uploads\/2023\/11\/Nova-Logo-Pensar-Cursos-vertical.png","width":1393,"height":1001,"caption":"Pensar Cursos"},"image":{"@id":"https:\/\/www.pensarcursos.com.br\/blog\/#\/schema\/logo\/image\/"},"sameAs":["https:\/\/www.facebook.com\/pensarcursos\/","https:\/\/instagram.com.br\/pensarcursos"],"description":"Pensar Cursos \u00e9 uma empresa especializada em oferecer cursos de alta qualidade voltados para o desenvolvimento profissional e acad\u00eamico. Com uma ampla gama de op\u00e7\u00f5es de treinamento, oferecemos conte\u00fados atualizados, ministrados por especialistas da \u00e1rea, para capacitar indiv\u00edduos e equipes a atingirem seus objetivos. Nossa miss\u00e3o \u00e9 proporcionar uma educa\u00e7\u00e3o transformadora, acess\u00edvel e personalizada para cada aluno, seja em cursos presenciais ou online. Com uma abordagem inovadora, buscamos adaptar os nossos programas de ensino \u00e0s necessidades do mercado, criando solu\u00e7\u00f5es que atendem aos desafios e exig\u00eancias do mundo corporativo e acad\u00eamico. Nossos cursos incluem desde forma\u00e7\u00f5es t\u00e9cnicas at\u00e9 habilidades essenciais, como lideran\u00e7a, gest\u00e3o e desenvolvimento pessoal.","email":"contato@pensarcursos.com.br","legalName":"Sena Servi\u00e7os de Informa\u00e7\u00e3o Online LTDA","foundingDate":"2013-04-18","vatID":"17956217000172","numberOfEmployees":{"@type":"QuantitativeValue","minValue":"11","maxValue":"50"},"publishingPrinciples":"https:\/\/www.pensarcursos.com.br\/blog\/principios-de-publicacao\/","ownershipFundingInfo":"https:\/\/www.pensarcursos.com.br\/blog\/informacoes-de-propriedade-financiamento\/","actionableFeedbackPolicy":"https:\/\/www.pensarcursos.com.br\/blog\/politica-de-feedback-acionavel\/","correctionsPolicy":"https:\/\/www.pensarcursos.com.br\/blog\/politica-de-correcoes\/","ethicsPolicy":"https:\/\/www.pensarcursos.com.br\/blog\/politica-de-etica\/"},{"@type":"Person","@id":"https:\/\/www.pensarcursos.com.br\/blog\/#\/schema\/person\/b94ff84c7271a3cb9a5ce19e07b0ed5f","name":"Luiza Pereira","image":{"@type":"ImageObject","inLanguage":"pt-BR","@id":"https:\/\/secure.gravatar.com\/avatar\/51a9cea3f558699054e6c6d962a79771188542d9b4d73e9f96d8c0586bc5f11d?s=96&d=mm&r=g","url":"https:\/\/secure.gravatar.com\/avatar\/51a9cea3f558699054e6c6d962a79771188542d9b4d73e9f96d8c0586bc5f11d?s=96&d=mm&r=g","contentUrl":"https:\/\/secure.gravatar.com\/avatar\/51a9cea3f558699054e6c6d962a79771188542d9b4d73e9f96d8c0586bc5f11d?s=96&d=mm&r=g","caption":"Luiza Pereira"},"description":"Graduanda em Pedagogia pela Universidade Estadual do Sudoeste da Bahia (UESB). Redatora do grupo Sena Online.","sameAs":["https:\/\/www.instagram.com\/luizza_pereiraa?igsh=MmltMGh0bHUzbnR0"],"url":"https:\/\/www.pensarcursos.com.br\/blog\/author\/luiza\/"}]}},"_links":{"self":[{"href":"https:\/\/www.pensarcursos.com.br\/blog\/wp-json\/wp\/v2\/posts\/135262","targetHints":{"allow":["GET"]}}],"collection":[{"href":"https:\/\/www.pensarcursos.com.br\/blog\/wp-json\/wp\/v2\/posts"}],"about":[{"href":"https:\/\/www.pensarcursos.com.br\/blog\/wp-json\/wp\/v2\/types\/post"}],"author":[{"embeddable":true,"href":"https:\/\/www.pensarcursos.com.br\/blog\/wp-json\/wp\/v2\/users\/60"}],"replies":[{"embeddable":true,"href":"https:\/\/www.pensarcursos.com.br\/blog\/wp-json\/wp\/v2\/comments?post=135262"}],"version-history":[{"count":0,"href":"https:\/\/www.pensarcursos.com.br\/blog\/wp-json\/wp\/v2\/posts\/135262\/revisions"}],"wp:featuredmedia":[{"embeddable":true,"href":"https:\/\/www.pensarcursos.com.br\/blog\/wp-json\/wp\/v2\/media\/135361"}],"wp:attachment":[{"href":"https:\/\/www.pensarcursos.com.br\/blog\/wp-json\/wp\/v2\/media?parent=135262"}],"wp:term":[{"taxonomy":"category","embeddable":true,"href":"https:\/\/www.pensarcursos.com.br\/blog\/wp-json\/wp\/v2\/categories?post=135262"},{"taxonomy":"post_tag","embeddable":true,"href":"https:\/\/www.pensarcursos.com.br\/blog\/wp-json\/wp\/v2\/tags?post=135262"}],"curies":[{"name":"wp","href":"https:\/\/api.w.org\/{rel}","templated":true}]}}