{"id":135242,"date":"2025-12-10T14:29:07","date_gmt":"2025-12-10T17:29:07","guid":{"rendered":"https:\/\/www.pensarcursos.com.br\/blog\/?p=135242"},"modified":"2025-12-10T10:28:05","modified_gmt":"2025-12-10T13:28:05","slug":"beneficiario-do-pe-de-meia-pode-sair-do-programa-em-2026-veja-os-criterios","status":"publish","type":"post","link":"https:\/\/www.pensarcursos.com.br\/blog\/beneficiario-do-pe-de-meia-pode-sair-do-programa-em-2026-veja-os-criterios\/","title":{"rendered":"Benefici\u00e1rio do P\u00e9-de-Meia pode sair do programa em 2026? Veja os crit\u00e9rios"},"content":{"rendered":"<p>O <a href=\"https:\/\/www.pensarcursos.com.br\/blog\/r-1-000-do-pe-de-meia-descumprir-estas-3-regras-cancela-o-pagamento\/\" target=\"_blank\" rel=\"noopener\"><strong>P\u00e9-de-Meia<\/strong><\/a> segue como uma das principais pol\u00edticas educacionais do governo federal em 2025. Por\u00e9m, muitos estudantes e fam\u00edlias t\u00eam d\u00favidas sobre o que pode levar ao <strong>desligamento do programa<\/strong>. Afinal, existem situa\u00e7\u00f5es que fazem o benefici\u00e1rio perder o direito aos dep\u00f3sitos mensais?<\/p>\n<p>A resposta \u00e9 sim. O Minist\u00e9rio da Educa\u00e7\u00e3o (MEC) estabelece regras claras para a perman\u00eancia no programa. Conhecer esses crit\u00e9rios ajuda o estudante a manter a participa\u00e7\u00e3o ativa no programa e evitar surpresas desagrad\u00e1veis ao longo do ano letivo.<\/p>\n<h2>Regras de sa\u00edda do P\u00e9-de-Meia<\/h2>\n<p>De acordo com informa\u00e7\u00f5es oficiais do MEC, existem <strong>seis hip\u00f3teses de desligamento<\/strong> do programa. Todas est\u00e3o previstas nas normas que regulamentam o benef\u00edcio.<\/p>\n<h3>Solicita\u00e7\u00e3o volunt\u00e1ria do benefici\u00e1rio<\/h3>\n<p>O pr\u00f3prio estudante ou seu respons\u00e1vel legal pode pedir a sa\u00edda do programa a qualquer momento. Basta fazer o requerimento formal junto aos canais de atendimento.<\/p>\n<h3>Perda dos requisitos de elegibilidade<\/h3>\n<p>Quando o estudante deixa de cumprir os crit\u00e9rios exigidos, como n\u00e3o estar mais inscrito no Cad\u00danico ou perder a matr\u00edcula em escola p\u00fablica, o desligamento ocorre a partir do ano seguinte. Vale destacar que, mesmo perdendo a elegibilidade, o <strong>Incentivo-Conclus\u00e3o<\/strong> referente aos anos anteriores ainda pode ser solicitado ao finalizar o ensino m\u00e9dio.<\/p>\n<h3>Evas\u00e3o ou reprova\u00e7\u00e3o consecutiva<\/h3>\n<p>Quem abandona os estudos ou reprova por <strong>duas vezes seguidas<\/strong> \u00e9 automaticamente exclu\u00eddo do P\u00e9-de-Meia. Essa regra refor\u00e7a o compromisso do programa com a perman\u00eancia escolar.<\/p>\n<figure id=\"attachment_135261\" aria-describedby=\"caption-attachment-135261\" style=\"width: 1200px\" class=\"wp-caption aligncenter\"><img decoding=\"async\" class=\"wp-image-135261 size-full\" title=\"Regras de perman\u00eancia no programa P\u00e9-de-Meia\" src=\"https:\/\/www.pensarcursos.com.br\/blog\/wp-content\/uploads\/2025\/12\/Pe-de-meia1-2-1.webp\" alt=\"Estudante com mochila e livros ao lado do logo do programa P\u00e9-de-Meia e notas de 100 reais ao fundo.\" width=\"1200\" height=\"800\" srcset=\"https:\/\/www.pensarcursos.com.br\/blog\/wp-content\/uploads\/2025\/12\/Pe-de-meia1-2-1.webp 1200w, https:\/\/www.pensarcursos.com.br\/blog\/wp-content\/uploads\/2025\/12\/Pe-de-meia1-2-1-300x200.webp 300w, https:\/\/www.pensarcursos.com.br\/blog\/wp-content\/uploads\/2025\/12\/Pe-de-meia1-2-1-1024x683.webp 1024w, https:\/\/www.pensarcursos.com.br\/blog\/wp-content\/uploads\/2025\/12\/Pe-de-meia1-2-1-768x512.webp 768w, https:\/\/www.pensarcursos.com.br\/blog\/wp-content\/uploads\/2025\/12\/Pe-de-meia1-2-1-750x500.webp 750w, https:\/\/www.pensarcursos.com.br\/blog\/wp-content\/uploads\/2025\/12\/Pe-de-meia1-2-1-1140x760.webp 1140w\" sizes=\"(max-width: 1200px) 100vw, 1200px\" \/><figcaption id=\"caption-attachment-135261\" class=\"wp-caption-text\">Regras que definem quem segue no P\u00e9-de-Meia. Imagem: Pensar Cursos Blog.<\/figcaption><\/figure>\n<h3>Abandono escolar prolongado<\/h3>\n<p>O estudante que interromper os estudos por <strong>mais de dois anos<\/strong> consecutivos tamb\u00e9m perde o direito ao benef\u00edcio.<\/p>\n<h3>Falecimento do benefici\u00e1rio<\/h3>\n<p>Em caso de \u00f3bito, o desligamento \u00e9 realizado de forma autom\u00e1tica pelo sistema.<\/p>\n<h3>Fraude ou irregularidade comprovada<\/h3>\n<p>Situa\u00e7\u00f5es de fraude resultam na exclus\u00e3o imediata, <strong>sem direito a reingresso<\/strong> no programa. Essa \u00e9 a penalidade mais severa prevista nas regras.<\/p>\n<h2>Por que as regras s\u00e3o t\u00e3o rigorosas?<\/h2>\n<p>O objetivo do P\u00e9-de-Meia \u00e9 incentivar n\u00e3o s\u00f3 a matr\u00edcula, mas tamb\u00e9m a perman\u00eancia e o avan\u00e7o dos alunos no ensino m\u00e9dio, reduzindo as faltas e a evas\u00e3o escolar, al\u00e9m de melhorar os \u00edndices de conclus\u00e3o. As regras estimulam a responsabilidade, premiando o engajamento e o comprometimento com os estudos.<\/p>\n<h2>Pagamentos restantes do P\u00e9-de-Meia em 2025<\/h2>\n<p>O calend\u00e1rio <a href=\"https:\/\/www.pensarcursos.com.br\/blog\/pe-de-meia-o-calendario-de-2026-ja-foi-divulgado\/\" target=\"_blank\" rel=\"noopener\">P\u00e9-de-Meia<\/a> 2025 prev\u00ea dep\u00f3sitos at\u00e9 o final de dezembro, com valores de <strong>R$ 200<\/strong> por m\u00eas do Incentivo-Frequ\u00eancia. J\u00e1 <strong>janeiro de 2026 ser\u00e1 o \u00fanico m\u00eas sem pagamento<\/strong>, devido ao encerramento do ano letivo.<\/p>\n<h3>Pagamentos de dezembro de 2025<\/h3>\n<table>\n<thead>\n<tr>\n<th>M\u00eas de Nascimento<\/th>\n<th>Data de Pagamento<\/th>\n<\/tr>\n<\/thead>\n<tbody>\n<tr>\n<td>Janeiro e Fevereiro<\/td>\n<td>22 de dezembro<\/td>\n<\/tr>\n<tr>\n<td>Mar\u00e7o e Abril<\/td>\n<td>23 de dezembro<\/td>\n<\/tr>\n<tr>\n<td>Maio e Junho<\/td>\n<td>24 de dezembro<\/td>\n<\/tr>\n<tr>\n<td>Julho e Agosto<\/td>\n<td>26 de dezembro<\/td>\n<\/tr>\n<tr>\n<td>Setembro e Outubro<\/td>\n<td>29 de dezembro<\/td>\n<\/tr>\n<tr>\n<td>Novembro e Dezembro<\/td>\n<td>30 de dezembro<\/td>\n<\/tr>\n<\/tbody>\n<\/table>\n<p>Os dep\u00f3sitos retornam em <strong>fevereiro de 2026<\/strong> com uma parcela especial de at\u00e9 <strong>R$ 1.200<\/strong> para estudantes que conclu\u00edram o ensino m\u00e9dio e participaram do Enem. Esse valor inclui R$ 1.000 do Incentivo-Conclus\u00e3o e R$ 200 referente \u00e0 participa\u00e7\u00e3o no exame.<\/p>\n<h2>Quem pode receber os pagamentos do P\u00e9-de-Meia<\/h2>\n<p>Para participar, \u00e9 preciso estar matriculado no ensino m\u00e9dio p\u00fablico, ter entre 14 e 24 anos, ser integrante de fam\u00edlia inscrita no Cadastro \u00danico (Cad\u00danico) com renda de at\u00e9 meio sal\u00e1rio m\u00ednimo por pessoa e manter frequ\u00eancia de, pelo menos, 80%. O benef\u00edcio vale para estudantes do ensino regular e da Educa\u00e7\u00e3o de Jovens e Adultos (EJA), dentro da faixa et\u00e1ria indicada.<\/p>\n<h2>Como funciona o incentivo financeiro do programa em 2025<\/h2>\n<p>O valor do dep\u00f3sito P\u00e9-de-Meia mensal \u00e9 de R$ 200,00 para alunos do ensino m\u00e9dio regular, somando R$ 1.800,00 ao longo do ano, em nove parcelas. Ainda h\u00e1 o Incentivo-Matr\u00edcula de R$ 200,00 e o b\u00f4nus anual: o Incentivo-Conclus\u00e3o de R$ 1.000,00 pode ser acumulado at\u00e9 R$ 3.000,00 ao t\u00e9rmino dos tr\u00eas anos. A participa\u00e7\u00e3o no Enem adiciona uma parcela extra de R$ 200,00.<\/p>\n<p>Os estudantes podem movimentar as quantias via aplicativo <a href=\"https:\/\/play.google.com\/store\/apps\/details?id=br.gov.caixa.tem&amp;hl=pt_BR\" target=\"_blank\" rel=\"noopener\">CAIXA Tem<\/a> e Benef\u00edcios Sociais CAIXA, facilitando transfer\u00eancias, PIX e compras direto no app. O saque P\u00e9-de-Meia \u00e9 permitido ap\u00f3s as libera\u00e7\u00f5es oficiais e eventuais verifica\u00e7\u00f5es de dados escolares.<\/p>\n<p>Para mais conte\u00fados como este, acesse o <a href=\"https:\/\/www.pensarcursos.com.br\/blog\/\" target=\"_blank\" rel=\"noopener\"><strong>Pensar Cursos<\/strong><\/a>!<\/p>\n<div class=\"jeg_video_container jeg_video_content\"><iframe title=\"R$ 9 MIL pra Estudar? Veja Como Aproveitar Esse Benef\u00edcio do Governo!\" width=\"500\" height=\"281\" src=\"https:\/\/www.youtube.com\/embed\/8BM18YSdSWE?feature=oembed\" frameborder=\"0\" allow=\"accelerometer; autoplay; clipboard-write; encrypted-media; gyroscope; picture-in-picture; web-share\" referrerpolicy=\"strict-origin-when-cross-origin\" allowfullscreen><\/iframe><\/div>\n","protected":false},"excerpt":{"rendered":"<p>O P\u00e9-de-Meia segue como uma das principais pol\u00edticas educacionais do governo federal em 2025. Por\u00e9m, muitos estudantes e fam\u00edlias t\u00eam d\u00favidas sobre o que pode levar ao desligamento do programa. Afinal, existem situa\u00e7\u00f5es que fazem o benefici\u00e1rio perder o direito aos dep\u00f3sitos mensais? A resposta \u00e9 sim. O Minist\u00e9rio da Educa\u00e7\u00e3o (MEC) estabelece regras claras [&hellip;]<\/p>\n","protected":false},"author":56,"featured_media":135259,"comment_status":"open","ping_status":"closed","sticky":false,"template":"","format":"standard","meta":{"jnews-multi-image_gallery":[],"jnews_single_post":{"subtitle":"Saiba o que pode cancelar seu benef\u00edcio e como garantir os pagamentos at\u00e9 2026","format":"standard","override":[{"template":"1","parallax":"1","fullscreen":"1","layout":"right-sidebar","sidebar":"default-sidebar","second_sidebar":"default-sidebar","sticky_sidebar":"1","share_position":"topbottom","share_float_style":"share-monocrhome","show_featured":"1","show_post_meta":"1","show_post_author":"1","show_post_author_image":"1","show_post_date":"1","post_date_format":"default","post_date_format_custom":"Y\/m\/d","show_post_category":"1","post_reading_time_wpm":"300","post_calculate_word_method":"str_word_count","show_zoom_button":"0","zoom_button_out_step":"2","zoom_button_in_step":"3","show_post_tag":"1","show_prev_next_post":"1","show_popup_post":"1","show_comment_section":"1","number_popup_post":"2","show_author_box":"1","show_post_related":"1","show_inline_post_related":"1"}],"image_override":[{"single_post_thumbnail_size":"crop-500","single_post_gallery_size":"crop-500"}],"trending_post_position":"meta","trending_post_label":"Trending","sponsored_post_label":"Sponsored by","disable_ad":"0"},"jnews_primary_category":[],"jnews_social_meta":[],"jnews_override_counter":{"view_counter_number":"0","share_counter_number":"0","like_counter_number":"0","dislike_counter_number":"0"},"footnotes":""},"categories":[1657,17201],"tags":[17214,36124,36015,29392],"class_list":["post-135242","post","type-post","status-publish","format-standard","has-post-thumbnail","hentry","category-beneficios-sociais","category-pe-de-meia","tag-calendario-pe-de-meia","tag-desligamento-pe-de-meia","tag-pe-de-meia-2026","tag-regras-pe-de-meia"],"yoast_head":"<!-- This site is optimized with the Yoast SEO Premium plugin v27.4 (Yoast SEO v27.4) - https:\/\/yoast.com\/product\/yoast-seo-premium-wordpress\/ -->\n<title>Benefici\u00e1rio do P\u00e9-de-Meia pode sair do programa em 2026? Veja os crit\u00e9rios - Blog Pensar Cursos<\/title>\n<meta name=\"description\" content=\"Descubra as 6 regras que podem cancelar o P\u00e9-de-Meia em 2026 e saiba como manter o benef\u00edcio ativo. Confira os crit\u00e9rios oficiais do MEC!\" \/>\n<meta name=\"robots\" content=\"index, follow, max-snippet:-1, max-image-preview:large, max-video-preview:-1\" \/>\n<link rel=\"canonical\" href=\"https:\/\/www.pensarcursos.com.br\/blog\/beneficiario-do-pe-de-meia-pode-sair-do-programa-em-2026-veja-os-criterios\/\" \/>\n<meta property=\"og:locale\" content=\"pt_BR\" \/>\n<meta property=\"og:type\" content=\"article\" \/>\n<meta property=\"og:title\" content=\"Benefici\u00e1rio do P\u00e9-de-Meia pode sair do programa em 2026? Veja os crit\u00e9rios\" \/>\n<meta property=\"og:description\" content=\"Descubra as 6 regras que podem cancelar o P\u00e9-de-Meia em 2026 e saiba como manter o benef\u00edcio ativo. Confira os crit\u00e9rios oficiais do MEC!\" \/>\n<meta property=\"og:url\" content=\"https:\/\/www.pensarcursos.com.br\/blog\/beneficiario-do-pe-de-meia-pode-sair-do-programa-em-2026-veja-os-criterios\/\" \/>\n<meta property=\"og:site_name\" content=\"Blog Pensar Cursos\" \/>\n<meta property=\"article:publisher\" content=\"https:\/\/www.facebook.com\/pensarcursos\/\" \/>\n<meta property=\"article:published_time\" content=\"2025-12-10T17:29:07+00:00\" \/>\n<meta property=\"og:image\" content=\"https:\/\/www.pensarcursos.com.br\/blog\/wp-content\/uploads\/2025\/12\/Pe-de-meia4-1.webp\" \/>\n\t<meta property=\"og:image:width\" content=\"1200\" \/>\n\t<meta property=\"og:image:height\" content=\"800\" \/>\n\t<meta property=\"og:image:type\" content=\"image\/webp\" \/>\n<meta name=\"author\" content=\"Yasmin Santos\" \/>\n<meta name=\"twitter:card\" content=\"summary_large_image\" \/>\n<meta name=\"twitter:label1\" content=\"Escrito por\" \/>\n\t<meta name=\"twitter:data1\" content=\"Yasmin Santos\" \/>\n\t<meta name=\"twitter:label2\" content=\"Est. tempo de leitura\" \/>\n\t<meta name=\"twitter:data2\" content=\"5 minutos\" \/>\n<!-- \/ Yoast SEO Premium plugin. -->","yoast_head_json":{"title":"Benefici\u00e1rio do P\u00e9-de-Meia pode sair do programa em 2026? Veja os crit\u00e9rios - Blog Pensar Cursos","description":"Descubra as 6 regras que podem cancelar o P\u00e9-de-Meia em 2026 e saiba como manter o benef\u00edcio ativo. Confira os crit\u00e9rios oficiais do MEC!","robots":{"index":"index","follow":"follow","max-snippet":"max-snippet:-1","max-image-preview":"max-image-preview:large","max-video-preview":"max-video-preview:-1"},"canonical":"https:\/\/www.pensarcursos.com.br\/blog\/beneficiario-do-pe-de-meia-pode-sair-do-programa-em-2026-veja-os-criterios\/","og_locale":"pt_BR","og_type":"article","og_title":"Benefici\u00e1rio do P\u00e9-de-Meia pode sair do programa em 2026? Veja os crit\u00e9rios","og_description":"Descubra as 6 regras que podem cancelar o P\u00e9-de-Meia em 2026 e saiba como manter o benef\u00edcio ativo. Confira os crit\u00e9rios oficiais do MEC!","og_url":"https:\/\/www.pensarcursos.com.br\/blog\/beneficiario-do-pe-de-meia-pode-sair-do-programa-em-2026-veja-os-criterios\/","og_site_name":"Blog Pensar Cursos","article_publisher":"https:\/\/www.facebook.com\/pensarcursos\/","article_published_time":"2025-12-10T17:29:07+00:00","og_image":[{"width":1200,"height":800,"url":"https:\/\/www.pensarcursos.com.br\/blog\/wp-content\/uploads\/2025\/12\/Pe-de-meia4-1.webp","type":"image\/webp"}],"author":"Yasmin Santos","twitter_card":"summary_large_image","twitter_misc":{"Escrito por":"Yasmin Santos","Est. tempo de leitura":"5 minutos"},"schema":{"@context":"https:\/\/schema.org","@graph":[{"@type":["Article","BlogPosting"],"@id":"https:\/\/www.pensarcursos.com.br\/blog\/beneficiario-do-pe-de-meia-pode-sair-do-programa-em-2026-veja-os-criterios\/#article","isPartOf":{"@id":"https:\/\/www.pensarcursos.com.br\/blog\/beneficiario-do-pe-de-meia-pode-sair-do-programa-em-2026-veja-os-criterios\/"},"author":{"name":"Yasmin Santos","@id":"https:\/\/www.pensarcursos.com.br\/blog\/#\/schema\/person\/2700c09d818d989d5d4fff5f50d4b755"},"headline":"Benefici\u00e1rio do P\u00e9-de-Meia pode sair do programa em 2026? Veja os crit\u00e9rios","datePublished":"2025-12-10T17:29:07+00:00","mainEntityOfPage":{"@id":"https:\/\/www.pensarcursos.com.br\/blog\/beneficiario-do-pe-de-meia-pode-sair-do-programa-em-2026-veja-os-criterios\/"},"wordCount":768,"commentCount":0,"publisher":{"@id":"https:\/\/www.pensarcursos.com.br\/blog\/#organization"},"image":{"@id":"https:\/\/www.pensarcursos.com.br\/blog\/beneficiario-do-pe-de-meia-pode-sair-do-programa-em-2026-veja-os-criterios\/#primaryimage"},"thumbnailUrl":"https:\/\/www.pensarcursos.com.br\/blog\/wp-content\/uploads\/2025\/12\/Pe-de-meia4-1.webp","keywords":["calendario pe de meia","desligamento P\u00e9 de Meia","p\u00e9 de meia 2026","regras p\u00e9 de meia"],"articleSection":["Benef\u00edcios Sociais","P\u00e9-de-Meia"],"inLanguage":"pt-BR","potentialAction":[{"@type":"CommentAction","name":"Comment","target":["https:\/\/www.pensarcursos.com.br\/blog\/beneficiario-do-pe-de-meia-pode-sair-do-programa-em-2026-veja-os-criterios\/#respond"]}],"copyrightYear":"2025","copyrightHolder":{"@id":"https:\/\/www.pensarcursos.com.br\/blog\/#organization"}},{"@type":"WebPage","@id":"https:\/\/www.pensarcursos.com.br\/blog\/beneficiario-do-pe-de-meia-pode-sair-do-programa-em-2026-veja-os-criterios\/","url":"https:\/\/www.pensarcursos.com.br\/blog\/beneficiario-do-pe-de-meia-pode-sair-do-programa-em-2026-veja-os-criterios\/","name":"Benefici\u00e1rio do P\u00e9-de-Meia pode sair do programa em 2026? Veja os crit\u00e9rios - Blog Pensar Cursos","isPartOf":{"@id":"https:\/\/www.pensarcursos.com.br\/blog\/#website"},"primaryImageOfPage":{"@id":"https:\/\/www.pensarcursos.com.br\/blog\/beneficiario-do-pe-de-meia-pode-sair-do-programa-em-2026-veja-os-criterios\/#primaryimage"},"image":{"@id":"https:\/\/www.pensarcursos.com.br\/blog\/beneficiario-do-pe-de-meia-pode-sair-do-programa-em-2026-veja-os-criterios\/#primaryimage"},"thumbnailUrl":"https:\/\/www.pensarcursos.com.br\/blog\/wp-content\/uploads\/2025\/12\/Pe-de-meia4-1.webp","datePublished":"2025-12-10T17:29:07+00:00","description":"Descubra as 6 regras que podem cancelar o P\u00e9-de-Meia em 2026 e saiba como manter o benef\u00edcio ativo. Confira os crit\u00e9rios oficiais do MEC!","breadcrumb":{"@id":"https:\/\/www.pensarcursos.com.br\/blog\/beneficiario-do-pe-de-meia-pode-sair-do-programa-em-2026-veja-os-criterios\/#breadcrumb"},"inLanguage":"pt-BR","potentialAction":[{"@type":"ReadAction","target":["https:\/\/www.pensarcursos.com.br\/blog\/beneficiario-do-pe-de-meia-pode-sair-do-programa-em-2026-veja-os-criterios\/"]}]},{"@type":"ImageObject","inLanguage":"pt-BR","@id":"https:\/\/www.pensarcursos.com.br\/blog\/beneficiario-do-pe-de-meia-pode-sair-do-programa-em-2026-veja-os-criterios\/#primaryimage","url":"https:\/\/www.pensarcursos.com.br\/blog\/wp-content\/uploads\/2025\/12\/Pe-de-meia4-1.webp","contentUrl":"https:\/\/www.pensarcursos.com.br\/blog\/wp-content\/uploads\/2025\/12\/Pe-de-meia4-1.webp","width":1200,"height":800,"caption":"Entenda como funciona o monitoramento dos crit\u00e9rios e quem pode deixar de receber o benef\u00edcio. Imagem: Pensar Cursos Blog."},{"@type":"BreadcrumbList","@id":"https:\/\/www.pensarcursos.com.br\/blog\/beneficiario-do-pe-de-meia-pode-sair-do-programa-em-2026-veja-os-criterios\/#breadcrumb","itemListElement":[{"@type":"ListItem","position":1,"name":"Home","item":"https:\/\/www.pensarcursos.com.br\/blog\/"},{"@type":"ListItem","position":2,"name":"Benefici\u00e1rio do P\u00e9-de-Meia pode sair do programa em 2026? Veja os crit\u00e9rios"}]},{"@type":"WebSite","@id":"https:\/\/www.pensarcursos.com.br\/blog\/#website","url":"https:\/\/www.pensarcursos.com.br\/blog\/","name":"Blog Pensar Cursos","description":"Maior Site de Cursos do Brasil","publisher":{"@id":"https:\/\/www.pensarcursos.com.br\/blog\/#organization"},"alternateName":"Blog Pensar","potentialAction":[{"@type":"SearchAction","target":{"@type":"EntryPoint","urlTemplate":"https:\/\/www.pensarcursos.com.br\/blog\/?s={search_term_string}"},"query-input":{"@type":"PropertyValueSpecification","valueRequired":true,"valueName":"search_term_string"}}],"inLanguage":"pt-BR"},{"@type":"Organization","@id":"https:\/\/www.pensarcursos.com.br\/blog\/#organization","name":"Pensar Cursos","alternateName":"Blog pensar","url":"https:\/\/www.pensarcursos.com.br\/blog\/","logo":{"@type":"ImageObject","inLanguage":"pt-BR","@id":"https:\/\/www.pensarcursos.com.br\/blog\/#\/schema\/logo\/image\/","url":"https:\/\/www.pensarcursos.com.br\/blog\/wp-content\/uploads\/2023\/11\/Nova-Logo-Pensar-Cursos-vertical.png","contentUrl":"https:\/\/www.pensarcursos.com.br\/blog\/wp-content\/uploads\/2023\/11\/Nova-Logo-Pensar-Cursos-vertical.png","width":1393,"height":1001,"caption":"Pensar Cursos"},"image":{"@id":"https:\/\/www.pensarcursos.com.br\/blog\/#\/schema\/logo\/image\/"},"sameAs":["https:\/\/www.facebook.com\/pensarcursos\/","https:\/\/instagram.com.br\/pensarcursos"],"description":"Pensar Cursos \u00e9 uma empresa especializada em oferecer cursos de alta qualidade voltados para o desenvolvimento profissional e acad\u00eamico. Com uma ampla gama de op\u00e7\u00f5es de treinamento, oferecemos conte\u00fados atualizados, ministrados por especialistas da \u00e1rea, para capacitar indiv\u00edduos e equipes a atingirem seus objetivos. Nossa miss\u00e3o \u00e9 proporcionar uma educa\u00e7\u00e3o transformadora, acess\u00edvel e personalizada para cada aluno, seja em cursos presenciais ou online. Com uma abordagem inovadora, buscamos adaptar os nossos programas de ensino \u00e0s necessidades do mercado, criando solu\u00e7\u00f5es que atendem aos desafios e exig\u00eancias do mundo corporativo e acad\u00eamico. Nossos cursos incluem desde forma\u00e7\u00f5es t\u00e9cnicas at\u00e9 habilidades essenciais, como lideran\u00e7a, gest\u00e3o e desenvolvimento pessoal.","email":"contato@pensarcursos.com.br","legalName":"Sena Servi\u00e7os de Informa\u00e7\u00e3o Online LTDA","foundingDate":"2013-04-18","vatID":"17956217000172","numberOfEmployees":{"@type":"QuantitativeValue","minValue":"11","maxValue":"50"},"publishingPrinciples":"https:\/\/www.pensarcursos.com.br\/blog\/principios-de-publicacao\/","ownershipFundingInfo":"https:\/\/www.pensarcursos.com.br\/blog\/informacoes-de-propriedade-financiamento\/","actionableFeedbackPolicy":"https:\/\/www.pensarcursos.com.br\/blog\/politica-de-feedback-acionavel\/","correctionsPolicy":"https:\/\/www.pensarcursos.com.br\/blog\/politica-de-correcoes\/","ethicsPolicy":"https:\/\/www.pensarcursos.com.br\/blog\/politica-de-etica\/"},{"@type":"Person","@id":"https:\/\/www.pensarcursos.com.br\/blog\/#\/schema\/person\/2700c09d818d989d5d4fff5f50d4b755","name":"Yasmin Santos","image":{"@type":"ImageObject","inLanguage":"pt-BR","@id":"https:\/\/secure.gravatar.com\/avatar\/b8d88d102398911030f7bd8e99bd07ffbbb62169f9a740f38705dc857853eb31?s=96&d=mm&r=g","url":"https:\/\/secure.gravatar.com\/avatar\/b8d88d102398911030f7bd8e99bd07ffbbb62169f9a740f38705dc857853eb31?s=96&d=mm&r=g","contentUrl":"https:\/\/secure.gravatar.com\/avatar\/b8d88d102398911030f7bd8e99bd07ffbbb62169f9a740f38705dc857853eb31?s=96&d=mm&r=g","caption":"Yasmin Santos"},"description":"Graduada em Letras Portugu\u00eas\/Ingl\u00eas pela Universidade Estadual de Santa Cruz (UESC), redatora do Grupo Sena Online","sameAs":["https:\/\/www.instagram.com\/yasmin0_20?igsh=MTdqZXF3NTA1b2gyMg=="],"url":"https:\/\/www.pensarcursos.com.br\/blog\/author\/yasmin\/"}]}},"_links":{"self":[{"href":"https:\/\/www.pensarcursos.com.br\/blog\/wp-json\/wp\/v2\/posts\/135242","targetHints":{"allow":["GET"]}}],"collection":[{"href":"https:\/\/www.pensarcursos.com.br\/blog\/wp-json\/wp\/v2\/posts"}],"about":[{"href":"https:\/\/www.pensarcursos.com.br\/blog\/wp-json\/wp\/v2\/types\/post"}],"author":[{"embeddable":true,"href":"https:\/\/www.pensarcursos.com.br\/blog\/wp-json\/wp\/v2\/users\/56"}],"replies":[{"embeddable":true,"href":"https:\/\/www.pensarcursos.com.br\/blog\/wp-json\/wp\/v2\/comments?post=135242"}],"version-history":[{"count":0,"href":"https:\/\/www.pensarcursos.com.br\/blog\/wp-json\/wp\/v2\/posts\/135242\/revisions"}],"wp:featuredmedia":[{"embeddable":true,"href":"https:\/\/www.pensarcursos.com.br\/blog\/wp-json\/wp\/v2\/media\/135259"}],"wp:attachment":[{"href":"https:\/\/www.pensarcursos.com.br\/blog\/wp-json\/wp\/v2\/media?parent=135242"}],"wp:term":[{"taxonomy":"category","embeddable":true,"href":"https:\/\/www.pensarcursos.com.br\/blog\/wp-json\/wp\/v2\/categories?post=135242"},{"taxonomy":"post_tag","embeddable":true,"href":"https:\/\/www.pensarcursos.com.br\/blog\/wp-json\/wp\/v2\/tags?post=135242"}],"curies":[{"name":"wp","href":"https:\/\/api.w.org\/{rel}","templated":true}]}}