{"id":135232,"date":"2025-12-10T13:59:45","date_gmt":"2025-12-10T16:59:45","guid":{"rendered":"https:\/\/www.pensarcursos.com.br\/blog\/?p=135232"},"modified":"2025-12-10T09:31:28","modified_gmt":"2025-12-10T12:31:28","slug":"concurso-guarda-municipal-com-salario-de-r-21-mil-encerra-inscricoes-nesta-quinta-feira-11-12","status":"publish","type":"post","link":"https:\/\/www.pensarcursos.com.br\/blog\/concurso-guarda-municipal-com-salario-de-r-21-mil-encerra-inscricoes-nesta-quinta-feira-11-12\/","title":{"rendered":"Concurso Guarda Municipal com sal\u00e1rio de R$ 2,1 mil encerra inscri\u00e7\u00f5es nesta quinta-feira, 11\/12"},"content":{"rendered":"<p>Para quem deseja atuar no setor de seguran\u00e7a p\u00fablica, a Prefeitura Municipal est\u00e1 oferecendo oportunidades por meio de um <a href=\"https:\/\/www.pensarcursos.com.br\/blog\/concurso-publico-como-entrar-com-recurso-contra-o-gabarito-ou-o-resultado\/\" target=\"_blank\" rel=\"noopener\">concurso p\u00fablico<\/a> que oferece<strong> cinco vagas para o cargo de Guarda Municipal<\/strong>. Este certame oferece vagas com requisitos objetivos, o que atrai diversos candidatos. A seguir, entenda todos os detalhes sobre as vagas, etapas de sele\u00e7\u00e3o, inscri\u00e7\u00e3o, remunera\u00e7\u00e3o e validade do processo seletivo.<\/p>\n<h2>Detalhes sobre o concurso da prefeitura<\/h2>\n<p>O concurso da <a href=\"https:\/\/www.pensarcursos.com.br\/blog\/saiu-edital-prefeitura-e-camara-divulgam-editais-com-salarios-de-ate-r-63-mil\/\" target=\"_blank\" rel=\"noopener\">Prefeitura<\/a> visa o preenchimento de vagas para o cargo de Guarda Municipal, abrangendo requisitos definidos em edital e etapas avaliativas rigorosas.<\/p>\n<h2>Requisitos para participar do concurso<\/h2>\n<ul>\n<li>Ensino m\u00e9dio completo<\/li>\n<li>Carteira Nacional de Habilita\u00e7\u00e3o (CNH) categoria m\u00ednima &#8220;C&#8221;<\/li>\n<li>Idade m\u00ednima de 18 anos<\/li>\n<li>Altura m\u00ednima de 1,60m para homens<\/li>\n<li>Altura m\u00ednima de 1,55m para mulheres<\/li>\n<\/ul>\n<h2>Inscri\u00e7\u00f5es do concurso<\/h2>\n<p>As inscri\u00e7\u00f5es para o concurso da Prefeitura de Franco da Rocha em S\u00e3o Paulo, devem ser realizadas atrav\u00e9s do site do <a href=\"https:\/\/www.consulpam.com.br\/\" target=\"_blank\" rel=\"noopener\">Instituto Consulpam<\/a> at\u00e9 o dia<strong> 11 de dezembro de 2025<\/strong>. O valor da taxa de inscri\u00e7\u00e3o \u00e9 de <strong>R$ 19,97<\/strong>.<\/p>\n<h2>Remunera\u00e7\u00e3o e carga hor\u00e1ria do concurso<\/h2>\n<table>\n<tbody>\n<tr>\n<th>Cargo<\/th>\n<td>Guarda Municipal<\/td>\n<\/tr>\n<tr>\n<th>Sal\u00e1rio inicial<\/th>\n<td>R$ 2.192,00<\/td>\n<\/tr>\n<tr>\n<th>Carga hor\u00e1ria semanal<\/th>\n<td>36 horas<\/td>\n<\/tr>\n<tr>\n<th>Benef\u00edcios<\/th>\n<td>Conforme edital<\/td>\n<\/tr>\n<\/tbody>\n<\/table>\n<h2>Cargos oferecidos<\/h2>\n<ul>\n<li>Guarda Municipal<\/li>\n<\/ul>\n<h2>Etapas do concurso<\/h2>\n<ul>\n<li>Prova objetiva<\/li>\n<li>Avalia\u00e7\u00e3o de aptid\u00e3o psicol\u00f3gica<\/li>\n<li>Prova de aptid\u00e3o f\u00edsica e exame antropom\u00e9trico<\/li>\n<li>Prova pr\u00e1tica de dire\u00e7\u00e3o veicular<\/li>\n<li>Investiga\u00e7\u00e3o social<\/li>\n<li>Curso de forma\u00e7\u00e3o inicial<\/li>\n<\/ul>\n<p>O conte\u00fado das provas abrange l\u00edngua portuguesa, matem\u00e1tica, racioc\u00ednio l\u00f3gico, atualidades, conhecimentos gerais e conhecimentos espec\u00edficos do cargo.<\/p>\n<figure id=\"attachment_135235\" aria-describedby=\"caption-attachment-135235\" style=\"width: 1200px\" class=\"wp-caption alignnone\"><img decoding=\"async\" class=\"wp-image-135235 size-full\" title=\"N\u00e3o \u00e9 S\u00f3 Prova Escrita! Veja as Seis Etapas Eliminat\u00f3rias do Concurso da Guarda Municipal de Franco da Rocha\" src=\"https:\/\/www.pensarcursos.com.br\/blog\/wp-content\/uploads\/2025\/12\/Concurso-Guarda-Municipal2-12.webp\" alt=\"Dois candidatos a Guarda Municipal em frente a uma viatura, representando as diversas etapas do concurso de Franco da Rocha, que incluem prova objetiva, aptid\u00e3o f\u00edsica (TAF) e investiga\u00e7\u00e3o social.\" width=\"1200\" height=\"800\" srcset=\"https:\/\/www.pensarcursos.com.br\/blog\/wp-content\/uploads\/2025\/12\/Concurso-Guarda-Municipal2-12.webp 1200w, https:\/\/www.pensarcursos.com.br\/blog\/wp-content\/uploads\/2025\/12\/Concurso-Guarda-Municipal2-12-300x200.webp 300w, https:\/\/www.pensarcursos.com.br\/blog\/wp-content\/uploads\/2025\/12\/Concurso-Guarda-Municipal2-12-1024x683.webp 1024w, https:\/\/www.pensarcursos.com.br\/blog\/wp-content\/uploads\/2025\/12\/Concurso-Guarda-Municipal2-12-768x512.webp 768w, https:\/\/www.pensarcursos.com.br\/blog\/wp-content\/uploads\/2025\/12\/Concurso-Guarda-Municipal2-12-750x500.webp 750w, https:\/\/www.pensarcursos.com.br\/blog\/wp-content\/uploads\/2025\/12\/Concurso-Guarda-Municipal2-12-1140x760.webp 1140w\" sizes=\"(max-width: 1200px) 100vw, 1200px\" \/><figcaption id=\"caption-attachment-135235\" class=\"wp-caption-text\">Al\u00e9m da prova objetiva (com Portugu\u00eas e Racioc\u00ednio L\u00f3gico), os candidatos passar\u00e3o por avalia\u00e7\u00e3o psicol\u00f3gica, Teste de Aptid\u00e3o F\u00edsica (TAF) e um Curso de Forma\u00e7\u00e3o obrigat\u00f3rio. Imagem: Pensar Cursos<\/figcaption><\/figure>\n<h2>Resumo do concurso da prefeitura de Franco da Rocha<\/h2>\n<table>\n<tbody>\n<tr>\n<th>Status<\/th>\n<td>Aberto<\/td>\n<\/tr>\n<tr>\n<th>\u00d3rg\u00e3o organizador<\/th>\n<td><a href=\"https:\/\/www.consulpam.com.br\/\" target=\"_blank\" rel=\"noopener\">Instituto Consulpam<\/a><\/td>\n<\/tr>\n<tr>\n<th>Cargos<\/th>\n<td>Guarda Municipal<\/td>\n<\/tr>\n<tr>\n<th>Escolaridade<\/th>\n<td>Ensino m\u00e9dio completo<\/td>\n<\/tr>\n<tr>\n<th>Total de vagas<\/th>\n<td>5<\/td>\n<\/tr>\n<tr>\n<th>Sal\u00e1rio inicial<\/th>\n<td>R$ 2.192,00<\/td>\n<\/tr>\n<tr>\n<th>Jornada semanal<\/th>\n<td>36 horas<\/td>\n<\/tr>\n<tr>\n<th>Per\u00edodo de inscri\u00e7\u00e3o<\/th>\n<td>12 de novembro a 11 de dezembro de 2025<\/td>\n<\/tr>\n<tr>\n<th>Taxa de inscri\u00e7\u00e3o<\/th>\n<td>R$ 19,97<\/td>\n<\/tr>\n<tr>\n<th>Data da prova<\/th>\n<td>18\/01\/2026<\/td>\n<\/tr>\n<tr>\n<th>Edital<\/th>\n<td><a href=\"https:\/\/www.pensarcursos.com.br\/blog\/wp-content\/uploads\/2025\/12\/20251119_170932_EDITAL-003.-2025-PREFEITURA-MUNICIPAL-DE-FRANCO-DA-ROCHA-GUARDA-CIVIL-EDITAL-POS-IMPUGNACAO-19-11.pdf\" target=\"_blank\" rel=\"noopener\">Edital do concurso Prefeitura de Franco da Rocha<\/a><\/td>\n<\/tr>\n<\/tbody>\n<\/table>\n<h2>Validade do concurso da prefeitura de Franco da Rocha<\/h2>\n<p>O concurso p\u00fablico ter\u00e1 validade de <strong>dois anos<\/strong>, contados a partir da data de homologa\u00e7\u00e3o. Poder\u00e1 ser prorrogado por mais dois anos, mediante decis\u00e3o expressa do Poder Executivo, desde que o primeiro prazo ainda n\u00e3o tenha sido vencido.<\/p>\n<h2>Conte\u00fado program\u00e1tico e avalia\u00e7\u00f5es<\/h2>\n<p>As provas objetivas abordar\u00e3o disciplinas como:<\/p>\n<ul>\n<li>L\u00edngua Portuguesa<\/li>\n<li>Matem\u00e1tica<\/li>\n<li>Racioc\u00ednio l\u00f3gico<\/li>\n<li>Atualidades<\/li>\n<li>Conhecimentos gerais<\/li>\n<li>Conhecimentos espec\u00edficos do cargo<\/li>\n<\/ul>\n<p>\u00c9 essencial que os interessados n\u00e3o percam o prazo final de inscri\u00e7\u00e3o em 11 de dezembro e se dediquem a todas as etapas eliminat\u00f3rias para garantir o sucesso na nomea\u00e7\u00e3o. Para mais not\u00edcias atualizadas, e informa\u00e7\u00f5es sobre concursos p\u00fablicos, consulte o <a href=\"https:\/\/www.pensarcursos.com.br\/blog\/\" target=\"_blank\" rel=\"noopener\">Pensar Cursos<\/a>.<\/p>\n<h4>Est\u00e1 em busca de uma vaga em um concurso p\u00fablico? Veja o v\u00eddeo abaixo e saiba mais:<\/h4>\n<div class=\"jeg_video_container jeg_video_content\"><iframe title=\"URGENTE: 5 CONCURSOS com EDITAL IMINENTE! TCE RN, PC RJ e +\" width=\"500\" height=\"281\" src=\"https:\/\/www.youtube.com\/embed\/K84rhWjG0nA?feature=oembed\" frameborder=\"0\" allow=\"accelerometer; autoplay; clipboard-write; encrypted-media; gyroscope; picture-in-picture; web-share\" referrerpolicy=\"strict-origin-when-cross-origin\" allowfullscreen><\/iframe><\/div>\n","protected":false},"excerpt":{"rendered":"<p>Para quem deseja atuar no setor de seguran\u00e7a p\u00fablica, a Prefeitura Municipal est\u00e1 oferecendo oportunidades por meio de um concurso p\u00fablico que oferece cinco vagas para o cargo de Guarda Municipal. Este certame oferece vagas com requisitos objetivos, o que atrai diversos candidatos. A seguir, entenda todos os detalhes sobre as vagas, etapas de sele\u00e7\u00e3o, [&hellip;]<\/p>\n","protected":false},"author":48,"featured_media":135234,"comment_status":"open","ping_status":"closed","sticky":false,"template":"","format":"standard","meta":{"jnews-multi-image_gallery":[],"jnews_single_post":{"subtitle":"Veja como participar deste processo seletivo da Prefeitura!","format":"standard","override":[{"template":"1","parallax":"1","fullscreen":"1","layout":"right-sidebar","sidebar":"default-sidebar","second_sidebar":"default-sidebar","sticky_sidebar":"1","share_position":"topbottom","share_float_style":"share-monocrhome","show_featured":"1","show_post_meta":"1","show_post_author":"1","show_post_author_image":"1","show_post_date":"1","post_date_format":"default","post_date_format_custom":"Y\/m\/d","show_post_category":"1","post_reading_time_wpm":"300","post_calculate_word_method":"str_word_count","show_zoom_button":"0","zoom_button_out_step":"2","zoom_button_in_step":"3","show_post_tag":"1","show_prev_next_post":"1","show_popup_post":"1","show_comment_section":"1","number_popup_post":"2","show_author_box":"1","show_post_related":"1","show_inline_post_related":"1"}],"image_override":[{"single_post_thumbnail_size":"crop-500","single_post_gallery_size":"crop-500"}],"trending_post_position":"meta","trending_post_label":"Trending","sponsored_post_label":"Sponsored by","disable_ad":"0"},"jnews_primary_category":[],"jnews_social_meta":[],"jnews_override_counter":{"view_counter_number":"0","share_counter_number":"0","like_counter_number":"0","dislike_counter_number":"0"},"footnotes":""},"categories":[29,17244],"tags":[15751,3848,17008,14068,16392,28325],"class_list":["post-135232","post","type-post","status-publish","format-standard","has-post-thumbnail","hentry","category-concursos","category-guarda-municipal","tag-concurso-da-guarda-municipal","tag-concurso-publico","tag-edital-guarda-municipal","tag-guarda-municipal","tag-inscricao-guarda-municipal","tag-salario-guarda-municipal"],"yoast_head":"<!-- This site is optimized with the Yoast SEO Premium plugin v27.4 (Yoast SEO v27.4) - https:\/\/yoast.com\/product\/yoast-seo-premium-wordpress\/ -->\n<title>Concurso Guarda Municipal com sal\u00e1rio de R$ 2,1 mil encerra inscri\u00e7\u00f5es nesta quinta-feira, 11\/12 - Blog Pensar Cursos<\/title>\n<meta name=\"description\" content=\"Concurso da Guarda Municipal encerra inscri\u00e7\u00f5es em 11\/12. Sal\u00e1rio inicial de R$ 2.192,00, 36 horas semanais, requisito de ensino m\u00e9dio e CNH \u201cC\u201d. Confira detalhes do edital, etapas e prazos.\" \/>\n<meta name=\"robots\" content=\"index, follow, max-snippet:-1, max-image-preview:large, max-video-preview:-1\" \/>\n<link rel=\"canonical\" href=\"https:\/\/www.pensarcursos.com.br\/blog\/concurso-guarda-municipal-com-salario-de-r-21-mil-encerra-inscricoes-nesta-quinta-feira-11-12\/\" \/>\n<meta property=\"og:locale\" content=\"pt_BR\" \/>\n<meta property=\"og:type\" content=\"article\" \/>\n<meta property=\"og:title\" content=\"Concurso Guarda Municipal com sal\u00e1rio de R$ 2,1 mil encerra inscri\u00e7\u00f5es nesta quinta-feira, 11\/12\" \/>\n<meta property=\"og:description\" content=\"Concurso da Guarda Municipal encerra inscri\u00e7\u00f5es em 11\/12. Sal\u00e1rio inicial de R$ 2.192,00, 36 horas semanais, requisito de ensino m\u00e9dio e CNH \u201cC\u201d. Confira detalhes do edital, etapas e prazos.\" \/>\n<meta property=\"og:url\" content=\"https:\/\/www.pensarcursos.com.br\/blog\/concurso-guarda-municipal-com-salario-de-r-21-mil-encerra-inscricoes-nesta-quinta-feira-11-12\/\" \/>\n<meta property=\"og:site_name\" content=\"Blog Pensar Cursos\" \/>\n<meta property=\"article:publisher\" content=\"https:\/\/www.facebook.com\/pensarcursos\/\" \/>\n<meta property=\"article:published_time\" content=\"2025-12-10T16:59:45+00:00\" \/>\n<meta property=\"og:image\" content=\"https:\/\/www.pensarcursos.com.br\/blog\/wp-content\/uploads\/2025\/12\/Concurso-Guarda-Municipal1-12.webp\" \/>\n\t<meta property=\"og:image:width\" content=\"1200\" \/>\n\t<meta property=\"og:image:height\" content=\"800\" \/>\n\t<meta property=\"og:image:type\" content=\"image\/webp\" \/>\n<meta name=\"author\" content=\"Isabelli Ferreira\" \/>\n<meta name=\"twitter:card\" content=\"summary_large_image\" \/>\n<meta name=\"twitter:label1\" content=\"Escrito por\" \/>\n\t<meta name=\"twitter:data1\" content=\"Isabelli Ferreira\" \/>\n\t<meta name=\"twitter:label2\" content=\"Est. tempo de leitura\" \/>\n\t<meta name=\"twitter:data2\" content=\"3 minutos\" \/>\n<!-- \/ Yoast SEO Premium plugin. -->","yoast_head_json":{"title":"Concurso Guarda Municipal com sal\u00e1rio de R$ 2,1 mil encerra inscri\u00e7\u00f5es nesta quinta-feira, 11\/12 - Blog Pensar Cursos","description":"Concurso da Guarda Municipal encerra inscri\u00e7\u00f5es em 11\/12. Sal\u00e1rio inicial de R$ 2.192,00, 36 horas semanais, requisito de ensino m\u00e9dio e CNH \u201cC\u201d. Confira detalhes do edital, etapas e prazos.","robots":{"index":"index","follow":"follow","max-snippet":"max-snippet:-1","max-image-preview":"max-image-preview:large","max-video-preview":"max-video-preview:-1"},"canonical":"https:\/\/www.pensarcursos.com.br\/blog\/concurso-guarda-municipal-com-salario-de-r-21-mil-encerra-inscricoes-nesta-quinta-feira-11-12\/","og_locale":"pt_BR","og_type":"article","og_title":"Concurso Guarda Municipal com sal\u00e1rio de R$ 2,1 mil encerra inscri\u00e7\u00f5es nesta quinta-feira, 11\/12","og_description":"Concurso da Guarda Municipal encerra inscri\u00e7\u00f5es em 11\/12. Sal\u00e1rio inicial de R$ 2.192,00, 36 horas semanais, requisito de ensino m\u00e9dio e CNH \u201cC\u201d. Confira detalhes do edital, etapas e prazos.","og_url":"https:\/\/www.pensarcursos.com.br\/blog\/concurso-guarda-municipal-com-salario-de-r-21-mil-encerra-inscricoes-nesta-quinta-feira-11-12\/","og_site_name":"Blog Pensar Cursos","article_publisher":"https:\/\/www.facebook.com\/pensarcursos\/","article_published_time":"2025-12-10T16:59:45+00:00","og_image":[{"width":1200,"height":800,"url":"https:\/\/www.pensarcursos.com.br\/blog\/wp-content\/uploads\/2025\/12\/Concurso-Guarda-Municipal1-12.webp","type":"image\/webp"}],"author":"Isabelli Ferreira","twitter_card":"summary_large_image","twitter_misc":{"Escrito por":"Isabelli Ferreira","Est. tempo de leitura":"3 minutos"},"schema":{"@context":"https:\/\/schema.org","@graph":[{"@type":["Article","BlogPosting"],"@id":"https:\/\/www.pensarcursos.com.br\/blog\/concurso-guarda-municipal-com-salario-de-r-21-mil-encerra-inscricoes-nesta-quinta-feira-11-12\/#article","isPartOf":{"@id":"https:\/\/www.pensarcursos.com.br\/blog\/concurso-guarda-municipal-com-salario-de-r-21-mil-encerra-inscricoes-nesta-quinta-feira-11-12\/"},"author":{"name":"Isabelli Ferreira","@id":"https:\/\/www.pensarcursos.com.br\/blog\/#\/schema\/person\/e387ba49ed4a778962271648452528c2"},"headline":"Concurso Guarda Municipal com sal\u00e1rio de R$ 2,1 mil encerra inscri\u00e7\u00f5es nesta quinta-feira, 11\/12","datePublished":"2025-12-10T16:59:45+00:00","mainEntityOfPage":{"@id":"https:\/\/www.pensarcursos.com.br\/blog\/concurso-guarda-municipal-com-salario-de-r-21-mil-encerra-inscricoes-nesta-quinta-feira-11-12\/"},"wordCount":553,"commentCount":0,"publisher":{"@id":"https:\/\/www.pensarcursos.com.br\/blog\/#organization"},"image":{"@id":"https:\/\/www.pensarcursos.com.br\/blog\/concurso-guarda-municipal-com-salario-de-r-21-mil-encerra-inscricoes-nesta-quinta-feira-11-12\/#primaryimage"},"thumbnailUrl":"https:\/\/www.pensarcursos.com.br\/blog\/wp-content\/uploads\/2025\/12\/Concurso-Guarda-Municipal1-12.webp","keywords":["concurso da guarda municipal","concurso p\u00fablico","edital guarda municipal","GUARDA MUNICIPAL","inscri\u00e7\u00e3o guarda municipal","sal\u00e1rio guarda municipal"],"articleSection":["Concursos P\u00fablicos","Guarda Municipal"],"inLanguage":"pt-BR","potentialAction":[{"@type":"CommentAction","name":"Comment","target":["https:\/\/www.pensarcursos.com.br\/blog\/concurso-guarda-municipal-com-salario-de-r-21-mil-encerra-inscricoes-nesta-quinta-feira-11-12\/#respond"]}],"copyrightYear":"2025","copyrightHolder":{"@id":"https:\/\/www.pensarcursos.com.br\/blog\/#organization"}},{"@type":"WebPage","@id":"https:\/\/www.pensarcursos.com.br\/blog\/concurso-guarda-municipal-com-salario-de-r-21-mil-encerra-inscricoes-nesta-quinta-feira-11-12\/","url":"https:\/\/www.pensarcursos.com.br\/blog\/concurso-guarda-municipal-com-salario-de-r-21-mil-encerra-inscricoes-nesta-quinta-feira-11-12\/","name":"Concurso Guarda Municipal com sal\u00e1rio de R$ 2,1 mil encerra inscri\u00e7\u00f5es nesta quinta-feira, 11\/12 - Blog Pensar Cursos","isPartOf":{"@id":"https:\/\/www.pensarcursos.com.br\/blog\/#website"},"primaryImageOfPage":{"@id":"https:\/\/www.pensarcursos.com.br\/blog\/concurso-guarda-municipal-com-salario-de-r-21-mil-encerra-inscricoes-nesta-quinta-feira-11-12\/#primaryimage"},"image":{"@id":"https:\/\/www.pensarcursos.com.br\/blog\/concurso-guarda-municipal-com-salario-de-r-21-mil-encerra-inscricoes-nesta-quinta-feira-11-12\/#primaryimage"},"thumbnailUrl":"https:\/\/www.pensarcursos.com.br\/blog\/wp-content\/uploads\/2025\/12\/Concurso-Guarda-Municipal1-12.webp","datePublished":"2025-12-10T16:59:45+00:00","description":"Concurso da Guarda Municipal encerra inscri\u00e7\u00f5es em 11\/12. Sal\u00e1rio inicial de R$ 2.192,00, 36 horas semanais, requisito de ensino m\u00e9dio e CNH \u201cC\u201d. Confira detalhes do edital, etapas e prazos.","breadcrumb":{"@id":"https:\/\/www.pensarcursos.com.br\/blog\/concurso-guarda-municipal-com-salario-de-r-21-mil-encerra-inscricoes-nesta-quinta-feira-11-12\/#breadcrumb"},"inLanguage":"pt-BR","potentialAction":[{"@type":"ReadAction","target":["https:\/\/www.pensarcursos.com.br\/blog\/concurso-guarda-municipal-com-salario-de-r-21-mil-encerra-inscricoes-nesta-quinta-feira-11-12\/"]}]},{"@type":"ImageObject","inLanguage":"pt-BR","@id":"https:\/\/www.pensarcursos.com.br\/blog\/concurso-guarda-municipal-com-salario-de-r-21-mil-encerra-inscricoes-nesta-quinta-feira-11-12\/#primaryimage","url":"https:\/\/www.pensarcursos.com.br\/blog\/wp-content\/uploads\/2025\/12\/Concurso-Guarda-Municipal1-12.webp","contentUrl":"https:\/\/www.pensarcursos.com.br\/blog\/wp-content\/uploads\/2025\/12\/Concurso-Guarda-Municipal1-12.webp","width":1200,"height":800,"caption":"A chance de entrar para a Seguran\u00e7a P\u00fablica \u00e9 agora! O concurso para a Guarda Municipal, com remunera\u00e7\u00e3o de R$ 2.100,00, tem inscri\u00e7\u00f5es abertas somente at\u00e9 esta quinta-feira, 11\/12. Veja o edital completo e garanta sua candidatura! Imagem: Pensar Cursos"},{"@type":"BreadcrumbList","@id":"https:\/\/www.pensarcursos.com.br\/blog\/concurso-guarda-municipal-com-salario-de-r-21-mil-encerra-inscricoes-nesta-quinta-feira-11-12\/#breadcrumb","itemListElement":[{"@type":"ListItem","position":1,"name":"Home","item":"https:\/\/www.pensarcursos.com.br\/blog\/"},{"@type":"ListItem","position":2,"name":"Concurso Guarda Municipal com sal\u00e1rio de R$ 2,1 mil encerra inscri\u00e7\u00f5es nesta quinta-feira, 11\/12"}]},{"@type":"WebSite","@id":"https:\/\/www.pensarcursos.com.br\/blog\/#website","url":"https:\/\/www.pensarcursos.com.br\/blog\/","name":"Blog Pensar Cursos","description":"Maior Site de Cursos do Brasil","publisher":{"@id":"https:\/\/www.pensarcursos.com.br\/blog\/#organization"},"alternateName":"Blog Pensar","potentialAction":[{"@type":"SearchAction","target":{"@type":"EntryPoint","urlTemplate":"https:\/\/www.pensarcursos.com.br\/blog\/?s={search_term_string}"},"query-input":{"@type":"PropertyValueSpecification","valueRequired":true,"valueName":"search_term_string"}}],"inLanguage":"pt-BR"},{"@type":"Organization","@id":"https:\/\/www.pensarcursos.com.br\/blog\/#organization","name":"Pensar Cursos","alternateName":"Blog pensar","url":"https:\/\/www.pensarcursos.com.br\/blog\/","logo":{"@type":"ImageObject","inLanguage":"pt-BR","@id":"https:\/\/www.pensarcursos.com.br\/blog\/#\/schema\/logo\/image\/","url":"https:\/\/www.pensarcursos.com.br\/blog\/wp-content\/uploads\/2023\/11\/Nova-Logo-Pensar-Cursos-vertical.png","contentUrl":"https:\/\/www.pensarcursos.com.br\/blog\/wp-content\/uploads\/2023\/11\/Nova-Logo-Pensar-Cursos-vertical.png","width":1393,"height":1001,"caption":"Pensar Cursos"},"image":{"@id":"https:\/\/www.pensarcursos.com.br\/blog\/#\/schema\/logo\/image\/"},"sameAs":["https:\/\/www.facebook.com\/pensarcursos\/","https:\/\/instagram.com.br\/pensarcursos"],"description":"Pensar Cursos \u00e9 uma empresa especializada em oferecer cursos de alta qualidade voltados para o desenvolvimento profissional e acad\u00eamico. Com uma ampla gama de op\u00e7\u00f5es de treinamento, oferecemos conte\u00fados atualizados, ministrados por especialistas da \u00e1rea, para capacitar indiv\u00edduos e equipes a atingirem seus objetivos. Nossa miss\u00e3o \u00e9 proporcionar uma educa\u00e7\u00e3o transformadora, acess\u00edvel e personalizada para cada aluno, seja em cursos presenciais ou online. Com uma abordagem inovadora, buscamos adaptar os nossos programas de ensino \u00e0s necessidades do mercado, criando solu\u00e7\u00f5es que atendem aos desafios e exig\u00eancias do mundo corporativo e acad\u00eamico. Nossos cursos incluem desde forma\u00e7\u00f5es t\u00e9cnicas at\u00e9 habilidades essenciais, como lideran\u00e7a, gest\u00e3o e desenvolvimento pessoal.","email":"contato@pensarcursos.com.br","legalName":"Sena Servi\u00e7os de Informa\u00e7\u00e3o Online LTDA","foundingDate":"2013-04-18","vatID":"17956217000172","numberOfEmployees":{"@type":"QuantitativeValue","minValue":"11","maxValue":"50"},"publishingPrinciples":"https:\/\/www.pensarcursos.com.br\/blog\/principios-de-publicacao\/","ownershipFundingInfo":"https:\/\/www.pensarcursos.com.br\/blog\/informacoes-de-propriedade-financiamento\/","actionableFeedbackPolicy":"https:\/\/www.pensarcursos.com.br\/blog\/politica-de-feedback-acionavel\/","correctionsPolicy":"https:\/\/www.pensarcursos.com.br\/blog\/politica-de-correcoes\/","ethicsPolicy":"https:\/\/www.pensarcursos.com.br\/blog\/politica-de-etica\/"},{"@type":"Person","@id":"https:\/\/www.pensarcursos.com.br\/blog\/#\/schema\/person\/e387ba49ed4a778962271648452528c2","name":"Isabelli Ferreira","image":{"@type":"ImageObject","inLanguage":"pt-BR","@id":"https:\/\/secure.gravatar.com\/avatar\/8b3b203e0769d83b87c611279890be042a5e5060500e577af59e9930f6f93d0a?s=96&d=mm&r=g","url":"https:\/\/secure.gravatar.com\/avatar\/8b3b203e0769d83b87c611279890be042a5e5060500e577af59e9930f6f93d0a?s=96&d=mm&r=g","contentUrl":"https:\/\/secure.gravatar.com\/avatar\/8b3b203e0769d83b87c611279890be042a5e5060500e577af59e9930f6f93d0a?s=96&d=mm&r=g","caption":"Isabelli Ferreira"},"description":"Graduada em LETRAS Vern\u00e1culas pela Universidade do Estado da Bahia (UNEB). Redatora grupo Sena Online.","sameAs":["https:\/\/www.linkedin.com\/in\/isabelli-pires-7b8778314"],"url":"https:\/\/www.pensarcursos.com.br\/blog\/author\/isabelli\/"}]}},"_links":{"self":[{"href":"https:\/\/www.pensarcursos.com.br\/blog\/wp-json\/wp\/v2\/posts\/135232","targetHints":{"allow":["GET"]}}],"collection":[{"href":"https:\/\/www.pensarcursos.com.br\/blog\/wp-json\/wp\/v2\/posts"}],"about":[{"href":"https:\/\/www.pensarcursos.com.br\/blog\/wp-json\/wp\/v2\/types\/post"}],"author":[{"embeddable":true,"href":"https:\/\/www.pensarcursos.com.br\/blog\/wp-json\/wp\/v2\/users\/48"}],"replies":[{"embeddable":true,"href":"https:\/\/www.pensarcursos.com.br\/blog\/wp-json\/wp\/v2\/comments?post=135232"}],"version-history":[{"count":0,"href":"https:\/\/www.pensarcursos.com.br\/blog\/wp-json\/wp\/v2\/posts\/135232\/revisions"}],"wp:featuredmedia":[{"embeddable":true,"href":"https:\/\/www.pensarcursos.com.br\/blog\/wp-json\/wp\/v2\/media\/135234"}],"wp:attachment":[{"href":"https:\/\/www.pensarcursos.com.br\/blog\/wp-json\/wp\/v2\/media?parent=135232"}],"wp:term":[{"taxonomy":"category","embeddable":true,"href":"https:\/\/www.pensarcursos.com.br\/blog\/wp-json\/wp\/v2\/categories?post=135232"},{"taxonomy":"post_tag","embeddable":true,"href":"https:\/\/www.pensarcursos.com.br\/blog\/wp-json\/wp\/v2\/tags?post=135232"}],"curies":[{"name":"wp","href":"https:\/\/api.w.org\/{rel}","templated":true}]}}