{"id":135136,"date":"2025-12-10T08:39:24","date_gmt":"2025-12-10T11:39:24","guid":{"rendered":"https:\/\/www.pensarcursos.com.br\/blog\/?p=135136"},"modified":"2025-12-09T21:46:12","modified_gmt":"2025-12-10T00:46:12","slug":"concurso-ibge-temporario-2025-inscricoes-terminam-nesta-quinta-feira-11-12","status":"publish","type":"post","link":"https:\/\/www.pensarcursos.com.br\/blog\/concurso-ibge-temporario-2025-inscricoes-terminam-nesta-quinta-feira-11-12\/","title":{"rendered":"Concurso IBGE tempor\u00e1rio 2025: inscri\u00e7\u00f5es terminam nesta quinta-feira, 11\/12"},"content":{"rendered":"<p><strong>Voc\u00ea sonha em fazer parte do Instituto Brasileiro de Geografia e Estat\u00edstica?<\/strong> Os editais publicados \u00e9 uma das oportunidades mais aguardadas para quem deseja trabalhar coletando e analisando dados fundamentais sobre a popula\u00e7\u00e3o e o territ\u00f3rio brasileiro.<\/p>\n<p>Com inscri\u00e7\u00f5es abertas at\u00e9 esta quinta (11 de dezembro de 2025), milhares de candidatos j\u00e1 est\u00e3o atentos \u00e0s \u00faltimas not\u00edcias, vagas dispon\u00edveis e etapas do processo de sele\u00e7\u00e3o.<\/p>\n<p>Prepare-se para saber tudo, desde sal\u00e1rios e distribui\u00e7\u00e3o de vagas at\u00e9 detalhes sobre as provas e dicas para aumentar suas chances de aprova\u00e7\u00e3o.<\/p>\n<h2>Editais publicados e inscri\u00e7\u00f5es abertas at\u00e9 quinta (11\/12)!<\/h2>\n<p>O IBGE divulgou <strong>dois editais<\/strong> para contrata\u00e7\u00e3o tempor\u00e1ria, que visa selecionar profissionais de n\u00edvel m\u00e9dio em todo o Brasil. O processo oferece <strong>9.590 vagas tempor\u00e1rias<\/strong> para refor\u00e7ar as pesquisas estat\u00edsticas, com inscri\u00e7\u00f5es permitidas <strong>at\u00e9 \u00e0s 23h59 de 11 de dezembro de 2025<\/strong>.<\/p>\n<p>Os interessados devem ficar atentos ao calend\u00e1rio: as provas objetivas est\u00e3o marcadas para <strong>22 de fevereiro de 2026<\/strong> e o resultado final ser\u00e1 divulgado pela banca organizadora, Funda\u00e7\u00e3o Getulio Vargas (<a href=\"https:\/\/conhecimento.fgv.br\/concursos\/pssibge25\" target=\"_blank\" rel=\"noopener\">FGV<\/a>) nos meses seguintes ao exame.<\/p>\n<p>As vagas est\u00e3o divididas entre dois cargos principais:<\/p>\n<ul>\n<li><strong>Agente de Pesquisas e Mapeamento (APM)<\/strong>: 8.480 vagas<\/li>\n<li><strong>Supervisor de Coleta e Qualidade (SCQ)<\/strong>: 1.110 vagas<\/li>\n<\/ul>\n<p><a href=\"https:\/\/www.pensarcursos.com.br\/blog\/qual-funcao-escolher-no-concurso-do-ibge-entenda-as-opcoes\/\" target=\"_blank\" rel=\"noopener\">Qual fun\u00e7\u00e3o escolher no concurso do IBGE? Entenda as op\u00e7\u00f5es!<\/a><\/p>\n<h2>Sal\u00e1rios, benef\u00edcios e requisitos<\/h2>\n<p>Os sal\u00e1rios chamam aten\u00e7\u00e3o: APM recebe remunera\u00e7\u00e3o de <strong>R$ 2.676,24<\/strong> e SCQ, <strong>R$ 3.379,00<\/strong>. Al\u00e9m disso, todos os aprovados contam com benef\u00edcios como <strong>aux\u00edlio-alimenta\u00e7\u00e3o de R$ 1.175,00<\/strong>, aux\u00edlio-transporte, f\u00e9rias e 13\u00ba proporcionais.<\/p>\n<p>Os requisitos exigidos para ambos os cargos incluem ensino m\u00e9dio completo, al\u00e9m de habilidades para coleta, organiza\u00e7\u00e3o e an\u00e1lise de informa\u00e7\u00f5es estat\u00edsticas.<\/p>\n<h2>Distribui\u00e7\u00e3o de vagas por munic\u00edpios e estimativa de concorr\u00eancia<\/h2>\n<figure id=\"attachment_135152\" aria-describedby=\"caption-attachment-135152\" style=\"width: 1600px\" class=\"wp-caption aligncenter\"><img decoding=\"async\" class=\"size-full wp-image-135152\" title=\"Vagas IBGE 2025\" src=\"https:\/\/www.pensarcursos.com.br\/blog\/wp-content\/uploads\/2025\/12\/vagas-ibge.webp\" alt=\"Agente do IBGE vestido com colete azul, de costas, realizando trabalho de campo em \u00e1rea urbana\" width=\"1600\" height=\"800\" srcset=\"https:\/\/www.pensarcursos.com.br\/blog\/wp-content\/uploads\/2025\/12\/vagas-ibge.webp 1600w, https:\/\/www.pensarcursos.com.br\/blog\/wp-content\/uploads\/2025\/12\/vagas-ibge-300x150.webp 300w, https:\/\/www.pensarcursos.com.br\/blog\/wp-content\/uploads\/2025\/12\/vagas-ibge-1024x512.webp 1024w, https:\/\/www.pensarcursos.com.br\/blog\/wp-content\/uploads\/2025\/12\/vagas-ibge-768x384.webp 768w, https:\/\/www.pensarcursos.com.br\/blog\/wp-content\/uploads\/2025\/12\/vagas-ibge-1536x768.webp 1536w, https:\/\/www.pensarcursos.com.br\/blog\/wp-content\/uploads\/2025\/12\/vagas-ibge-360x180.webp 360w, https:\/\/www.pensarcursos.com.br\/blog\/wp-content\/uploads\/2025\/12\/vagas-ibge-750x375.webp 750w, https:\/\/www.pensarcursos.com.br\/blog\/wp-content\/uploads\/2025\/12\/vagas-ibge-1140x570.webp 1140w\" sizes=\"(max-width: 1600px) 100vw, 1600px\" \/><figcaption id=\"caption-attachment-135152\" class=\"wp-caption-text\">Oportunidade no IBGE 2025: inscri\u00e7\u00f5es encerram nesta quinta-feira (11)! Corra para se inscrever!<br \/>Imagem: Ag\u00eancia Brasil<\/figcaption><\/figure>\n<p>Segundo o Estudo T\u00e9cnico Preliminar do IBGE, as oportunidades est\u00e3o espalhadas por mais de 530 munic\u00edpios do pa\u00eds. Isso permite ao candidato escolher onde deseja atuar, tendo mais flexibilidade e possibilidade de inserir-se no \u00f3rg\u00e3o pr\u00f3ximo \u00e0 sua localidade.<\/p>\n<p>As expectativas para o n\u00famero de inscritos s\u00e3o altas: estima-se 146.531 candidatos para APM e 89.071 para o cargo de SCQ.<\/p>\n<h2>Como funciona o processo de sele\u00e7\u00e3o do IBGE?<\/h2>\n<p>As etapas envolvem inscri\u00e7\u00e3o online, prova objetiva de conhecimentos gerais e espec\u00edficos, e, para algumas fun\u00e7\u00f5es, an\u00e1lise de t\u00edtulos. O contrato de trabalho, por sua natureza tempor\u00e1ria, geralmente tem dura\u00e7\u00e3o de at\u00e9 um ano, podendo ser prorrogado conforme a necessidade operacional do \u00f3rg\u00e3o e as diretrizes dos editais.<\/p>\n<p>Vale ressaltar que as vagas s\u00e3o tempor\u00e1rias, voltadas exclusivamente a atender demandas operacionais, como pesquisas estat\u00edsticas e levantamentos peri\u00f3dicos.<\/p>\n<h3>Cronograma e principais datas do certame<\/h3>\n<ul>\n<li><strong>Per\u00edodo de inscri\u00e7\u00f5es<\/strong>: 19\/11\/2025 a 11\/12\/2025<\/li>\n<li><strong>Prova objetiva<\/strong>: 22\/02\/2026<\/li>\n<li><strong>Divulga\u00e7\u00e3o dos resultados finais<\/strong>: 30\/04\/2026<\/li>\n<li><strong>Convoca\u00e7\u00f5es<\/strong>: conforme necessidade e resultado do processo<\/li>\n<\/ul>\n<p><strong>Veja tamb\u00e9m<\/strong>: <a href=\"https:\/\/www.pensarcursos.com.br\/blog\/saiu-edital-novo-concurso-camara-municipal-esta-com-inscricoes-abertas\/\" target=\"_blank\" rel=\"noopener\">Novo concurso da C\u00e2mara Municipal est\u00e1 com inscri\u00e7\u00f5es abertas!<\/a><\/p>\n<h2>Situa\u00e7\u00e3o atual e \u00faltimas not\u00edcias do concurso do IBGE 2025<\/h2>\n<p>Os editais do concurso do IBGE 2025 est\u00e3o oficialmente abertos. At\u00e9 o dia 11\/12, candidatos de todo o Brasil podem se inscrever para 9.590 vagas tempor\u00e1rias em cargos de n\u00edvel m\u00e9dio.<\/p>\n<p>Com a prova marcada para 22 de fevereiro de 2026 e previs\u00e3o de publica\u00e7\u00e3o de resultados j\u00e1 nos meses seguintes, o processo promete ser concorrido e repleto de oportunidades para quem busca estabilidade, aprendizado e viv\u00eancia na administra\u00e7\u00e3o p\u00fablica federal.<\/p>\n<p>Outra novidade \u00e9 a autoriza\u00e7\u00e3o de nomea\u00e7\u00e3o de excedentes do \u00faltimo concurso, aumentando ainda mais o quadro de servidores e refor\u00e7ando as pol\u00edticas de pesquisa, tecnologia e planejamento.<\/p>\n<p>Para acompanhar todas as etapas e n\u00e3o perder nenhuma novidade, acesse diariamente o portal <a href=\"https:\/\/www.pensarcursos.com.br\/blog\" target=\"_blank\" rel=\"noopener\">Pensar Cursos<\/a>!<\/p>\n<h3>Dicas para aumentar as chances de aprova\u00e7\u00e3o<\/h3>\n<ul>\n<li>Organize um cronograma de estudos com foco nos conte\u00fados mais cobrados;<\/li>\n<li>Reforce a leitura dos editais e acompanhe simulados;<\/li>\n<li>Participe de grupos de discuss\u00e3o e troque experi\u00eancias com outros candidatos;<\/li>\n<li>Invista em revis\u00f5es e resolu\u00e7\u00f5es de quest\u00f5es de concursos anteriores;<\/li>\n<\/ul>\n<p>E a\u00ed, pronto para encarar o desafio e conquistar sua vaga no IBGE? Compartilhe suas d\u00favidas e mantenha-se atualizado para n\u00e3o perder nenhuma etapa importante do processo.<\/p>\n<h2>Perguntas frequentes<\/h2>\n<ul>\n<li><strong>Quais cargos est\u00e3o dispon\u00edveis no concurso do IBGE tempor\u00e1rio 2025?<\/strong> S\u00e3o oferecidas vagas para Agente de Pesquisas e Mapeamento (APM) e Supervisor de Coleta e Qualidade (SCQ), ambos de n\u00edvel m\u00e9dio.<\/li>\n<li><strong>Qual a data limite para inscri\u00e7\u00e3o?<\/strong> As inscri\u00e7\u00f5es v\u00e3o at\u00e9 quinta-feira, 11 de dezembro de 2025.<\/li>\n<li><strong>Qual o valor da taxa de inscri\u00e7\u00e3o?<\/strong> A taxa de inscri\u00e7\u00e3o \u00e9 de R$ 38,50, conforme os editais.<\/li>\n<li><strong>Quando ser\u00e1 realizada a prova?<\/strong> A prova objetiva est\u00e1 prevista para acontecer no dia 22 de fevereiro de 2026.<\/li>\n<li><strong>Quais benef\u00edcios os aprovados recebem?<\/strong> Al\u00e9m do sal\u00e1rio, os aprovados t\u00eam direito a aux\u00edlio-alimenta\u00e7\u00e3o, aux\u00edlio-transporte, f\u00e9rias e 13\u00ba sal\u00e1rio proporcionais.<\/li>\n<\/ul>\n<p>Fique por dentro! Assista ao v\u00eddeo abaixo e descubra se haver\u00e1 CNU em 2026:<\/p>\n<div class=\"jeg_video_container jeg_video_content\"><iframe title=\"FIM do CNU 2026? Ministra Dweck ACABA com a esperan\u00e7a! O que fazer AGORA?\" width=\"500\" height=\"281\" src=\"https:\/\/www.youtube.com\/embed\/bU11Lx5EUgI?feature=oembed\" frameborder=\"0\" allow=\"accelerometer; autoplay; clipboard-write; encrypted-media; gyroscope; picture-in-picture; web-share\" referrerpolicy=\"strict-origin-when-cross-origin\" allowfullscreen><\/iframe><\/div>\n","protected":false},"excerpt":{"rendered":"<p>Voc\u00ea sonha em fazer parte do Instituto Brasileiro de Geografia e Estat\u00edstica? Os editais publicados \u00e9 uma das oportunidades mais aguardadas para quem deseja trabalhar coletando e analisando dados fundamentais sobre a popula\u00e7\u00e3o e o territ\u00f3rio brasileiro. Com inscri\u00e7\u00f5es abertas at\u00e9 esta quinta (11 de dezembro de 2025), milhares de candidatos j\u00e1 est\u00e3o atentos \u00e0s [&hellip;]<\/p>\n","protected":false},"author":49,"featured_media":135137,"comment_status":"open","ping_status":"closed","sticky":false,"template":"","format":"standard","meta":{"jnews-multi-image_gallery":[],"jnews_single_post":{"subtitle":"Vagas abertas para quem tem n\u00edvel m\u00e9dio, com sal\u00e1rios de at\u00e9 R$ 3.379,00 + aux\u00edlio-alimenta\u00e7\u00e3o de R$ 1.175,00!","format":"standard","override":[{"template":"1","parallax":"1","fullscreen":"1","layout":"right-sidebar","sidebar":"default-sidebar","second_sidebar":"default-sidebar","sticky_sidebar":"1","share_position":"topbottom","share_float_style":"share-monocrhome","show_featured":"1","show_post_meta":"1","show_post_author":"1","show_post_author_image":"1","show_post_date":"1","post_date_format":"default","post_date_format_custom":"Y\/m\/d","show_post_category":"1","post_reading_time_wpm":"300","post_calculate_word_method":"str_word_count","show_zoom_button":"0","zoom_button_out_step":"2","zoom_button_in_step":"3","show_post_tag":"1","show_prev_next_post":"1","show_popup_post":"1","show_comment_section":"1","number_popup_post":"2","show_author_box":"1","show_post_related":"1","show_inline_post_related":"1"}],"image_override":[{"single_post_thumbnail_size":"crop-500","single_post_gallery_size":"crop-500"}],"trending_post_position":"meta","trending_post_label":"Trending","sponsored_post_label":"Sponsored by","disable_ad":"0"},"jnews_primary_category":[],"jnews_social_meta":[],"jnews_override_counter":{"view_counter_number":"0","share_counter_number":"0","like_counter_number":"0","dislike_counter_number":"0"},"footnotes":""},"categories":[29],"tags":[35888,35414,36114,36115,36113],"class_list":["post-135136","post","type-post","status-publish","format-standard","has-post-thumbnail","hentry","category-concursos","tag-concurso-ibge-2025","tag-edital-ibge-2025","tag-inscricao-concurso-ibge","tag-salario-concurso-ibge","tag-vagas-ibge-2025"],"yoast_head":"<!-- This site is optimized with the Yoast SEO Premium plugin v27.4 (Yoast SEO v27.4) - https:\/\/yoast.com\/product\/yoast-seo-premium-wordpress\/ -->\n<title>Concurso IBGE tempor\u00e1rio 2025: inscri\u00e7\u00f5es terminam nesta quinta-feira, 11\/12 - Blog Pensar Cursos<\/title>\n<meta name=\"description\" content=\"Confira tudo sobre o concurso IBGE 2025! Saiba prazos de inscri\u00e7\u00e3o, vagas, sal\u00e1rios e dicas para conquistar uma das 9.590 oportunidades tempor\u00e1rias. Prepare-se j\u00e1!\" \/>\n<meta name=\"robots\" content=\"index, follow, max-snippet:-1, max-image-preview:large, max-video-preview:-1\" \/>\n<link rel=\"canonical\" href=\"https:\/\/www.pensarcursos.com.br\/blog\/concurso-ibge-temporario-2025-inscricoes-terminam-nesta-quinta-feira-11-12\/\" \/>\n<meta property=\"og:locale\" content=\"pt_BR\" \/>\n<meta property=\"og:type\" content=\"article\" \/>\n<meta property=\"og:title\" content=\"Concurso IBGE tempor\u00e1rio 2025: inscri\u00e7\u00f5es terminam nesta quinta-feira, 11\/12\" \/>\n<meta property=\"og:description\" content=\"Confira tudo sobre o concurso IBGE 2025! Saiba prazos de inscri\u00e7\u00e3o, vagas, sal\u00e1rios e dicas para conquistar uma das 9.590 oportunidades tempor\u00e1rias. Prepare-se j\u00e1!\" \/>\n<meta property=\"og:url\" content=\"https:\/\/www.pensarcursos.com.br\/blog\/concurso-ibge-temporario-2025-inscricoes-terminam-nesta-quinta-feira-11-12\/\" \/>\n<meta property=\"og:site_name\" content=\"Blog Pensar Cursos\" \/>\n<meta property=\"article:publisher\" content=\"https:\/\/www.facebook.com\/pensarcursos\/\" \/>\n<meta property=\"article:published_time\" content=\"2025-12-10T11:39:24+00:00\" \/>\n<meta property=\"og:image\" content=\"https:\/\/www.pensarcursos.com.br\/blog\/wp-content\/uploads\/2025\/12\/ibge-concurso.jpg\" \/>\n\t<meta property=\"og:image:width\" content=\"1446\" \/>\n\t<meta property=\"og:image:height\" content=\"900\" \/>\n\t<meta property=\"og:image:type\" content=\"image\/jpeg\" \/>\n<meta name=\"author\" content=\"Gabriela Machado\" \/>\n<meta name=\"twitter:card\" content=\"summary_large_image\" \/>\n<meta name=\"twitter:label1\" content=\"Escrito por\" \/>\n\t<meta name=\"twitter:data1\" content=\"Gabriela Machado\" \/>\n\t<meta name=\"twitter:label2\" content=\"Est. tempo de leitura\" \/>\n\t<meta name=\"twitter:data2\" content=\"5 minutos\" \/>\n<!-- \/ Yoast SEO Premium plugin. -->","yoast_head_json":{"title":"Concurso IBGE tempor\u00e1rio 2025: inscri\u00e7\u00f5es terminam nesta quinta-feira, 11\/12 - Blog Pensar Cursos","description":"Confira tudo sobre o concurso IBGE 2025! Saiba prazos de inscri\u00e7\u00e3o, vagas, sal\u00e1rios e dicas para conquistar uma das 9.590 oportunidades tempor\u00e1rias. Prepare-se j\u00e1!","robots":{"index":"index","follow":"follow","max-snippet":"max-snippet:-1","max-image-preview":"max-image-preview:large","max-video-preview":"max-video-preview:-1"},"canonical":"https:\/\/www.pensarcursos.com.br\/blog\/concurso-ibge-temporario-2025-inscricoes-terminam-nesta-quinta-feira-11-12\/","og_locale":"pt_BR","og_type":"article","og_title":"Concurso IBGE tempor\u00e1rio 2025: inscri\u00e7\u00f5es terminam nesta quinta-feira, 11\/12","og_description":"Confira tudo sobre o concurso IBGE 2025! Saiba prazos de inscri\u00e7\u00e3o, vagas, sal\u00e1rios e dicas para conquistar uma das 9.590 oportunidades tempor\u00e1rias. Prepare-se j\u00e1!","og_url":"https:\/\/www.pensarcursos.com.br\/blog\/concurso-ibge-temporario-2025-inscricoes-terminam-nesta-quinta-feira-11-12\/","og_site_name":"Blog Pensar Cursos","article_publisher":"https:\/\/www.facebook.com\/pensarcursos\/","article_published_time":"2025-12-10T11:39:24+00:00","og_image":[{"width":1446,"height":900,"url":"https:\/\/www.pensarcursos.com.br\/blog\/wp-content\/uploads\/2025\/12\/ibge-concurso.jpg","type":"image\/jpeg"}],"author":"Gabriela Machado","twitter_card":"summary_large_image","twitter_misc":{"Escrito por":"Gabriela Machado","Est. tempo de leitura":"5 minutos"},"schema":{"@context":"https:\/\/schema.org","@graph":[{"@type":["Article","BlogPosting"],"@id":"https:\/\/www.pensarcursos.com.br\/blog\/concurso-ibge-temporario-2025-inscricoes-terminam-nesta-quinta-feira-11-12\/#article","isPartOf":{"@id":"https:\/\/www.pensarcursos.com.br\/blog\/concurso-ibge-temporario-2025-inscricoes-terminam-nesta-quinta-feira-11-12\/"},"author":{"name":"Gabriela Machado","@id":"https:\/\/www.pensarcursos.com.br\/blog\/#\/schema\/person\/134389a33d69ddd7e127fac02bd155fa"},"headline":"Concurso IBGE tempor\u00e1rio 2025: inscri\u00e7\u00f5es terminam nesta quinta-feira, 11\/12","datePublished":"2025-12-10T11:39:24+00:00","mainEntityOfPage":{"@id":"https:\/\/www.pensarcursos.com.br\/blog\/concurso-ibge-temporario-2025-inscricoes-terminam-nesta-quinta-feira-11-12\/"},"wordCount":886,"commentCount":0,"publisher":{"@id":"https:\/\/www.pensarcursos.com.br\/blog\/#organization"},"image":{"@id":"https:\/\/www.pensarcursos.com.br\/blog\/concurso-ibge-temporario-2025-inscricoes-terminam-nesta-quinta-feira-11-12\/#primaryimage"},"thumbnailUrl":"https:\/\/www.pensarcursos.com.br\/blog\/wp-content\/uploads\/2025\/12\/ibge-concurso.jpg","keywords":["Concurso IBGE 2025","edital ibge 2025","inscri\u00e7\u00e3o concurso ibge","sal\u00e1rio concurso ibge","vagas ibge 2025"],"articleSection":["Concursos P\u00fablicos"],"inLanguage":"pt-BR","potentialAction":[{"@type":"CommentAction","name":"Comment","target":["https:\/\/www.pensarcursos.com.br\/blog\/concurso-ibge-temporario-2025-inscricoes-terminam-nesta-quinta-feira-11-12\/#respond"]}],"copyrightYear":"2025","copyrightHolder":{"@id":"https:\/\/www.pensarcursos.com.br\/blog\/#organization"}},{"@type":"WebPage","@id":"https:\/\/www.pensarcursos.com.br\/blog\/concurso-ibge-temporario-2025-inscricoes-terminam-nesta-quinta-feira-11-12\/","url":"https:\/\/www.pensarcursos.com.br\/blog\/concurso-ibge-temporario-2025-inscricoes-terminam-nesta-quinta-feira-11-12\/","name":"Concurso IBGE tempor\u00e1rio 2025: inscri\u00e7\u00f5es terminam nesta quinta-feira, 11\/12 - Blog Pensar Cursos","isPartOf":{"@id":"https:\/\/www.pensarcursos.com.br\/blog\/#website"},"primaryImageOfPage":{"@id":"https:\/\/www.pensarcursos.com.br\/blog\/concurso-ibge-temporario-2025-inscricoes-terminam-nesta-quinta-feira-11-12\/#primaryimage"},"image":{"@id":"https:\/\/www.pensarcursos.com.br\/blog\/concurso-ibge-temporario-2025-inscricoes-terminam-nesta-quinta-feira-11-12\/#primaryimage"},"thumbnailUrl":"https:\/\/www.pensarcursos.com.br\/blog\/wp-content\/uploads\/2025\/12\/ibge-concurso.jpg","datePublished":"2025-12-10T11:39:24+00:00","description":"Confira tudo sobre o concurso IBGE 2025! Saiba prazos de inscri\u00e7\u00e3o, vagas, sal\u00e1rios e dicas para conquistar uma das 9.590 oportunidades tempor\u00e1rias. Prepare-se j\u00e1!","breadcrumb":{"@id":"https:\/\/www.pensarcursos.com.br\/blog\/concurso-ibge-temporario-2025-inscricoes-terminam-nesta-quinta-feira-11-12\/#breadcrumb"},"inLanguage":"pt-BR","potentialAction":[{"@type":"ReadAction","target":["https:\/\/www.pensarcursos.com.br\/blog\/concurso-ibge-temporario-2025-inscricoes-terminam-nesta-quinta-feira-11-12\/"]}]},{"@type":"ImageObject","inLanguage":"pt-BR","@id":"https:\/\/www.pensarcursos.com.br\/blog\/concurso-ibge-temporario-2025-inscricoes-terminam-nesta-quinta-feira-11-12\/#primaryimage","url":"https:\/\/www.pensarcursos.com.br\/blog\/wp-content\/uploads\/2025\/12\/ibge-concurso.jpg","contentUrl":"https:\/\/www.pensarcursos.com.br\/blog\/wp-content\/uploads\/2025\/12\/ibge-concurso.jpg","width":1446,"height":900,"caption":"\u00daltima chance! As inscri\u00e7\u00f5es para o concurso do IBGE 2025 terminam amanh\u00e3 (11). Garanta sua vaga agora mesmo! Imagem: Prefeitura de S\u00e3o Jo\u00e3o da Boa Vista"},{"@type":"BreadcrumbList","@id":"https:\/\/www.pensarcursos.com.br\/blog\/concurso-ibge-temporario-2025-inscricoes-terminam-nesta-quinta-feira-11-12\/#breadcrumb","itemListElement":[{"@type":"ListItem","position":1,"name":"Home","item":"https:\/\/www.pensarcursos.com.br\/blog\/"},{"@type":"ListItem","position":2,"name":"Concurso IBGE tempor\u00e1rio 2025: inscri\u00e7\u00f5es terminam nesta quinta-feira, 11\/12"}]},{"@type":"WebSite","@id":"https:\/\/www.pensarcursos.com.br\/blog\/#website","url":"https:\/\/www.pensarcursos.com.br\/blog\/","name":"Blog Pensar Cursos","description":"Maior Site de Cursos do Brasil","publisher":{"@id":"https:\/\/www.pensarcursos.com.br\/blog\/#organization"},"alternateName":"Blog Pensar","potentialAction":[{"@type":"SearchAction","target":{"@type":"EntryPoint","urlTemplate":"https:\/\/www.pensarcursos.com.br\/blog\/?s={search_term_string}"},"query-input":{"@type":"PropertyValueSpecification","valueRequired":true,"valueName":"search_term_string"}}],"inLanguage":"pt-BR"},{"@type":"Organization","@id":"https:\/\/www.pensarcursos.com.br\/blog\/#organization","name":"Pensar Cursos","alternateName":"Blog pensar","url":"https:\/\/www.pensarcursos.com.br\/blog\/","logo":{"@type":"ImageObject","inLanguage":"pt-BR","@id":"https:\/\/www.pensarcursos.com.br\/blog\/#\/schema\/logo\/image\/","url":"https:\/\/www.pensarcursos.com.br\/blog\/wp-content\/uploads\/2023\/11\/Nova-Logo-Pensar-Cursos-vertical.png","contentUrl":"https:\/\/www.pensarcursos.com.br\/blog\/wp-content\/uploads\/2023\/11\/Nova-Logo-Pensar-Cursos-vertical.png","width":1393,"height":1001,"caption":"Pensar Cursos"},"image":{"@id":"https:\/\/www.pensarcursos.com.br\/blog\/#\/schema\/logo\/image\/"},"sameAs":["https:\/\/www.facebook.com\/pensarcursos\/","https:\/\/instagram.com.br\/pensarcursos"],"description":"Pensar Cursos \u00e9 uma empresa especializada em oferecer cursos de alta qualidade voltados para o desenvolvimento profissional e acad\u00eamico. Com uma ampla gama de op\u00e7\u00f5es de treinamento, oferecemos conte\u00fados atualizados, ministrados por especialistas da \u00e1rea, para capacitar indiv\u00edduos e equipes a atingirem seus objetivos. Nossa miss\u00e3o \u00e9 proporcionar uma educa\u00e7\u00e3o transformadora, acess\u00edvel e personalizada para cada aluno, seja em cursos presenciais ou online. Com uma abordagem inovadora, buscamos adaptar os nossos programas de ensino \u00e0s necessidades do mercado, criando solu\u00e7\u00f5es que atendem aos desafios e exig\u00eancias do mundo corporativo e acad\u00eamico. Nossos cursos incluem desde forma\u00e7\u00f5es t\u00e9cnicas at\u00e9 habilidades essenciais, como lideran\u00e7a, gest\u00e3o e desenvolvimento pessoal.","email":"contato@pensarcursos.com.br","legalName":"Sena Servi\u00e7os de Informa\u00e7\u00e3o Online LTDA","foundingDate":"2013-04-18","vatID":"17956217000172","numberOfEmployees":{"@type":"QuantitativeValue","minValue":"11","maxValue":"50"},"publishingPrinciples":"https:\/\/www.pensarcursos.com.br\/blog\/principios-de-publicacao\/","ownershipFundingInfo":"https:\/\/www.pensarcursos.com.br\/blog\/informacoes-de-propriedade-financiamento\/","actionableFeedbackPolicy":"https:\/\/www.pensarcursos.com.br\/blog\/politica-de-feedback-acionavel\/","correctionsPolicy":"https:\/\/www.pensarcursos.com.br\/blog\/politica-de-correcoes\/","ethicsPolicy":"https:\/\/www.pensarcursos.com.br\/blog\/politica-de-etica\/"},{"@type":"Person","@id":"https:\/\/www.pensarcursos.com.br\/blog\/#\/schema\/person\/134389a33d69ddd7e127fac02bd155fa","name":"Gabriela Machado","image":{"@type":"ImageObject","inLanguage":"pt-BR","@id":"https:\/\/secure.gravatar.com\/avatar\/3c883c65f44a41cb00078efa0c1943783eabec9e96518b4565b28a6f9d027f9b?s=96&d=mm&r=g","url":"https:\/\/secure.gravatar.com\/avatar\/3c883c65f44a41cb00078efa0c1943783eabec9e96518b4565b28a6f9d027f9b?s=96&d=mm&r=g","contentUrl":"https:\/\/secure.gravatar.com\/avatar\/3c883c65f44a41cb00078efa0c1943783eabec9e96518b4565b28a6f9d027f9b?s=96&d=mm&r=g","caption":"Gabriela Machado"},"description":"Graduada em Pedagogia pela UESC(Universidade Estadual de Santa Cruz). Redatora do grupo Sena Online.","sameAs":["https:\/\/www.instagram.com\/gabrielamchs"],"url":"https:\/\/www.pensarcursos.com.br\/blog\/author\/gabriela\/"}]}},"_links":{"self":[{"href":"https:\/\/www.pensarcursos.com.br\/blog\/wp-json\/wp\/v2\/posts\/135136","targetHints":{"allow":["GET"]}}],"collection":[{"href":"https:\/\/www.pensarcursos.com.br\/blog\/wp-json\/wp\/v2\/posts"}],"about":[{"href":"https:\/\/www.pensarcursos.com.br\/blog\/wp-json\/wp\/v2\/types\/post"}],"author":[{"embeddable":true,"href":"https:\/\/www.pensarcursos.com.br\/blog\/wp-json\/wp\/v2\/users\/49"}],"replies":[{"embeddable":true,"href":"https:\/\/www.pensarcursos.com.br\/blog\/wp-json\/wp\/v2\/comments?post=135136"}],"version-history":[{"count":0,"href":"https:\/\/www.pensarcursos.com.br\/blog\/wp-json\/wp\/v2\/posts\/135136\/revisions"}],"wp:featuredmedia":[{"embeddable":true,"href":"https:\/\/www.pensarcursos.com.br\/blog\/wp-json\/wp\/v2\/media\/135137"}],"wp:attachment":[{"href":"https:\/\/www.pensarcursos.com.br\/blog\/wp-json\/wp\/v2\/media?parent=135136"}],"wp:term":[{"taxonomy":"category","embeddable":true,"href":"https:\/\/www.pensarcursos.com.br\/blog\/wp-json\/wp\/v2\/categories?post=135136"},{"taxonomy":"post_tag","embeddable":true,"href":"https:\/\/www.pensarcursos.com.br\/blog\/wp-json\/wp\/v2\/tags?post=135136"}],"curies":[{"name":"wp","href":"https:\/\/api.w.org\/{rel}","templated":true}]}}