{"id":12887,"date":"2023-12-08T11:19:03","date_gmt":"2023-12-08T14:19:03","guid":{"rendered":"https:\/\/www.pensarcursos.com.br\/blog\/?p=12887"},"modified":"2023-12-08T11:20:35","modified_gmt":"2023-12-08T14:20:35","slug":"atualizacao-bolsa-familia","status":"publish","type":"post","link":"https:\/\/www.pensarcursos.com.br\/blog\/atualizacao-bolsa-familia\/","title":{"rendered":"Qual \u00e9 a previs\u00e3o para a atualiza\u00e7\u00e3o do app do Bolsa Fam\u00edlia? Calend\u00e1rio completo foi divulgado!"},"content":{"rendered":"<p><strong>Benefici\u00e1rio do <a href=\"https:\/\/www.gov.br\/mds\/pt-br\/acoes-e-programas\/bolsa-familia\" target=\"_blank\" rel=\"noopener\">Bolsa Fam\u00edlia<\/a><\/strong>, voc\u00ea j\u00e1 est\u00e1 por dentro das atualiza\u00e7\u00f5es previstas para dezembro no programa? Com o final do ano se aproximando, \u00e9 crucial estar atento \u00e0s mudan\u00e7as e preparativos para garantir o acesso aos benef\u00edcios sem atrasos ou imprevistos.<\/p>\n<p>Neste artigo, oferecemos informa\u00e7\u00f5es atualizadas e valiosas para facilitar sua vida durante este per\u00edodo festivo.<\/p>\n<p>Dezembro n\u00e3o se resume apenas a celebra\u00e7\u00f5es e encontros familiares, mas tamb\u00e9m demanda planejamento e organiza\u00e7\u00e3o para os <strong>benefici\u00e1rios do<a href=\"https:\/\/www.pensarcursos.com.br\/blog\/valor-do-bolsa-familia-em-2024\/\"> Bolsa Fam\u00edlia.<\/a><\/strong> Com a promessa de atualiza\u00e7\u00f5es no programa e um calend\u00e1rio de pagamentos ajustado para este m\u00eas, compreender os processos e datas torna-se vital.<\/p>\n<p>Aqui, apresentamos um guia completo para navegar pelas novidades do programa, evitando confus\u00f5es e contratempos.<\/p>\n<h2><strong>Atualiza\u00e7\u00e3o do aplicativo Bolsa Fam\u00edlia<\/strong><\/h2>\n<p>A partir de 5 de dezembro, a Caixa Econ\u00f4mica Federal iniciar\u00e1 o <strong>processamento das informa\u00e7\u00f5es relevantes ao Bolsa Fam\u00edlia,<\/strong> tanto no aplicativo espec\u00edfico do programa quanto no Caixa Tem e no Portal Cidad\u00e3o Caixa.<\/p>\n<p>\u00c9 importante destacar que, nos primeiros dias ap\u00f3s a libera\u00e7\u00e3o da consulta ao Bolsa Fam\u00edlia, podem ocorrer instabilidades e dificuldades de acesso nos canais de consulta, devido ao alto volume de acessos simult\u00e2neos.<\/p>\n<p>Normalmente, as fam\u00edlias benefici\u00e1rias buscam se atualizar sobre as informa\u00e7\u00f5es nas primeiras horas do dia, momento em que a Caixa atualiza o valor do benef\u00edcio, al\u00e9m de fornecer informa\u00e7\u00f5es sobre a situa\u00e7\u00e3o do benef\u00edcio e eventuais notifica\u00e7\u00f5es de bloqueio ou cancelamento.<\/p>\n<h2><strong>Calend\u00e1rio de pagamento de dezembro de 2023<\/strong><\/h2>\n<p>O <strong>Calend\u00e1rio de <a href=\"https:\/\/www.pensarcursos.com.br\/blog\/alguns-beneficiarios-do-bolsa-familia-vao-receber-apenas-300-reais-este-mes-entenda-o-motivo\/\">Pagamento do Bolsa Fam\u00edlia<\/a> em dezembro<\/strong> \u00e9 crucial para os benefici\u00e1rios do programa, pois determina as datas espec\u00edficas em que cada grupo de benefici\u00e1rios receber\u00e1 seus aux\u00edlios. P<\/p>\n<p>ara dezembro de 2023, a Caixa Econ\u00f4mica Federal anunciou algumas mudan\u00e7as importantes, principalmente relacionadas ao adiantamento da \u00faltima parcela do ano.<\/p>\n<h3>Confira este calend\u00e1rio:<\/h3>\n<p>&#8211; NIS Final 1: 11 de dezembro<br \/>\n&#8211; NIS Final 2: 12 de dezembro<br \/>\n&#8211; NIS Final 3: 13 de dezembro<br \/>\n&#8211; NIS Final 4: 14 de dezembro<br \/>\n&#8211; NIS Final 5: 15 de dezembro<br \/>\n&#8211; NIS Final 6: 18 de dezembro<br \/>\n&#8211; NIS Final 7: 19 de dezembro<br \/>\n&#8211; NIS Final 8: 20 de dezembro<br \/>\n&#8211; NIS Final 9: 21 de dezembro<br \/>\n&#8211; NIS Final 0: 22 de dezembro<\/p>\n<p>Este calend\u00e1rio \u00e9 especialmente importante, pois determina quando os benefici\u00e1rios podem acessar o dinheiro do Bolsa Fam\u00edlia. Os pagamentos s\u00e3o organizados de acordo com o n\u00famero final do NIS (N\u00famero de Identifica\u00e7\u00e3o Social) impresso no <strong>cart\u00e3o do Bolsa Fam\u00edlia. <\/strong><\/p>\n<p>Sendo assim, \u00e9 necess\u00e1rio que os benefici\u00e1rios verifiquem o \u00faltimo d\u00edgito do seu NIS para saber exatamente o dia em que seu pagamento estar\u00e1 dispon\u00edvel.<\/p>\n<h2><strong>Consultas e demais informa\u00e7\u00f5es<\/strong><\/h2>\n<p>Antes de tudo, a antecipa\u00e7\u00e3o da <strong>parcela para o m\u00eas de dezembro<\/strong> oferece aos benefici\u00e1rios a oportunidade de se organizar financeiramente para as festas de fim de ano. Isso \u00e9 particularmente importante para planejar compras de Natal e prepara\u00e7\u00f5es para o Ano Novo.<\/p>\n<p>Os benefici\u00e1rios podem consultar o valor e a data de pagamento por meio do aplicativo do Bolsa Fam\u00edlia, pelo aplicativo Caixa Tem, no portal Cidad\u00e3o Caixa, ou ainda ligando para o telefone 121 do MDS e pelo WhatsApp do programa. \u00c9 essencial realizar a consulta para confirmar os valores e datas, especialmente em um m\u00eas com altera\u00e7\u00f5es no calend\u00e1rio habitual.<\/p>\n<p>Por fim, este calend\u00e1rio de pagamento \u00e9 um guia essencial para que os <strong>benefici\u00e1rios do Bolsa Fam\u00edlia<\/strong> possam se planejar adequadamente para o m\u00eas de dezembro, garantindo que os recursos do programa sejam utilizados da melhor maneira poss\u00edvel.<\/p>\n<h2><strong>A relev\u00e2ncia da Renova\u00e7\u00e3o Cadastral para o novo Bolsa Fam\u00edlia<\/strong><\/h2>\n<p>Ap\u00f3s uma breve pausa durante a gest\u00e3o anterior, o Bolsa Fam\u00edlia retornou em um novo formato no m\u00eas de mar\u00e7o deste ano. Desde ent\u00e3o, o Governo Lula tem promovido an\u00e1lises regulares na folha de pagamento do programa por meio do conhecido <a href=\"https:\/\/www.pensarcursos.com.br\/blog\/alerta-novo-pente-fino-pode-ser-feito-no-bolsa-familia-em-janeiro-entenda\/\">&#8220;pente-fino&#8221;<\/a>, visando identificar irregularidades e combater fraudes.<\/p>\n<p>Nesse contexto, a <strong>renova\u00e7\u00e3o cadastral<\/strong> emerge como um elemento crucial para manter a elegibilidade no programa, evitando surpresas desagrad\u00e1veis. Portanto, \u00e9 de suma import\u00e2ncia que os benefici\u00e1rios estejam atentos \u00e0 atualiza\u00e7\u00e3o dos dados no Cadastro \u00danico (Cad\u00danico), que serve como o<strong> ponto de entrada para o Bolsa Fam\u00edlia.<\/strong><\/p>\n","protected":false},"excerpt":{"rendered":"<p>Benefici\u00e1rio do Bolsa Fam\u00edlia, voc\u00ea j\u00e1 est\u00e1 por dentro das atualiza\u00e7\u00f5es previstas para dezembro no programa? Com o final do ano se aproximando, \u00e9 crucial estar atento \u00e0s mudan\u00e7as e preparativos para garantir o acesso aos benef\u00edcios sem atrasos ou imprevistos. Neste artigo, oferecemos informa\u00e7\u00f5es atualizadas e valiosas para facilitar sua vida durante este per\u00edodo [&hellip;]<\/p>\n","protected":false},"author":21,"featured_media":12898,"comment_status":"open","ping_status":"closed","sticky":false,"template":"","format":"standard","meta":{"jnews-multi-image_gallery":[],"jnews_single_post":[],"jnews_primary_category":[],"jnews_social_meta":[],"jnews_override_counter":[],"footnotes":""},"categories":[1657,2021],"tags":[2148,1269,2064,1270,2057,2059,2065,2056,2155,2055,2102,2061],"class_list":["post-12887","post","type-post","status-publish","format-standard","has-post-thumbnail","hentry","category-beneficios-sociais","category-bolsa-familia","tag-aumento-bolsa-familia-2023","tag-bolsa-familia","tag-bolsa-familia-150-extra","tag-bolsa-familia-2023","tag-bolsa-familia-valor-2023","tag-calendario-bolsa-familia-2023","tag-do-bolsa-familia","tag-familias-unipessoais-bolsa-familia","tag-novo-bolsa-familia","tag-novo-bolsa-familia-2023","tag-quem-vai-perder-bolsa-familia","tag-valor-extra-bolsa-familia"],"yoast_head":"<!-- This site is optimized with the Yoast SEO Premium plugin v27.5 (Yoast SEO v27.5) - https:\/\/yoast.com\/product\/yoast-seo-premium-wordpress\/ -->\n<title>Qual \u00e9 a previs\u00e3o para a atualiza\u00e7\u00e3o do app do Bolsa Fam\u00edlia? Calend\u00e1rio completo foi divulgado! - Blog Pensar Cursos<\/title>\n<meta name=\"description\" content=\"Benefici\u00e1rio do Bolsa Fam\u00edlia, voc\u00ea j\u00e1 est\u00e1 por dentro das atualiza\u00e7\u00f5es previstas para dezembro no programa? Com o final do ano se aproximando, \u00e9 crucial\" \/>\n<meta name=\"robots\" content=\"index, follow, max-snippet:-1, max-image-preview:large, max-video-preview:-1\" \/>\n<link rel=\"canonical\" href=\"https:\/\/www.pensarcursos.com.br\/blog\/atualizacao-bolsa-familia\/\" \/>\n<meta property=\"og:locale\" content=\"pt_BR\" \/>\n<meta property=\"og:type\" content=\"article\" \/>\n<meta property=\"og:title\" content=\"Qual \u00e9 a previs\u00e3o para a atualiza\u00e7\u00e3o do app do Bolsa Fam\u00edlia? Calend\u00e1rio completo foi divulgado!\" \/>\n<meta property=\"og:description\" content=\"Benefici\u00e1rio do Bolsa Fam\u00edlia, voc\u00ea j\u00e1 est\u00e1 por dentro das atualiza\u00e7\u00f5es previstas para dezembro no programa? Com o final do ano se aproximando, \u00e9 crucial\" \/>\n<meta property=\"og:url\" content=\"https:\/\/www.pensarcursos.com.br\/blog\/atualizacao-bolsa-familia\/\" \/>\n<meta property=\"og:site_name\" content=\"Blog Pensar Cursos\" \/>\n<meta property=\"article:publisher\" content=\"https:\/\/www.facebook.com\/pensarcursos\/\" \/>\n<meta property=\"article:published_time\" content=\"2023-12-08T14:19:03+00:00\" \/>\n<meta property=\"article:modified_time\" content=\"2023-12-08T14:20:35+00:00\" \/>\n<meta property=\"og:image\" content=\"https:\/\/www.pensarcursos.com.br\/blog\/wp-content\/uploads\/2023\/12\/app-bolsa-familia.webp\" \/>\n\t<meta property=\"og:image:width\" content=\"1200\" \/>\n\t<meta property=\"og:image:height\" content=\"649\" \/>\n\t<meta property=\"og:image:type\" content=\"image\/webp\" \/>\n<meta name=\"author\" content=\"Caroline Falc\u00e3o\" \/>\n<meta name=\"twitter:card\" content=\"summary_large_image\" \/>\n<meta name=\"twitter:label1\" content=\"Escrito por\" \/>\n\t<meta name=\"twitter:data1\" content=\"Caroline Falc\u00e3o\" \/>\n\t<meta name=\"twitter:label2\" content=\"Est. tempo de leitura\" \/>\n\t<meta name=\"twitter:data2\" content=\"4 minutos\" \/>\n<!-- \/ Yoast SEO Premium plugin. -->","yoast_head_json":{"title":"Qual \u00e9 a previs\u00e3o para a atualiza\u00e7\u00e3o do app do Bolsa Fam\u00edlia? Calend\u00e1rio completo foi divulgado! - Blog Pensar Cursos","description":"Benefici\u00e1rio do Bolsa Fam\u00edlia, voc\u00ea j\u00e1 est\u00e1 por dentro das atualiza\u00e7\u00f5es previstas para dezembro no programa? Com o final do ano se aproximando, \u00e9 crucial","robots":{"index":"index","follow":"follow","max-snippet":"max-snippet:-1","max-image-preview":"max-image-preview:large","max-video-preview":"max-video-preview:-1"},"canonical":"https:\/\/www.pensarcursos.com.br\/blog\/atualizacao-bolsa-familia\/","og_locale":"pt_BR","og_type":"article","og_title":"Qual \u00e9 a previs\u00e3o para a atualiza\u00e7\u00e3o do app do Bolsa Fam\u00edlia? Calend\u00e1rio completo foi divulgado!","og_description":"Benefici\u00e1rio do Bolsa Fam\u00edlia, voc\u00ea j\u00e1 est\u00e1 por dentro das atualiza\u00e7\u00f5es previstas para dezembro no programa? Com o final do ano se aproximando, \u00e9 crucial","og_url":"https:\/\/www.pensarcursos.com.br\/blog\/atualizacao-bolsa-familia\/","og_site_name":"Blog Pensar Cursos","article_publisher":"https:\/\/www.facebook.com\/pensarcursos\/","article_published_time":"2023-12-08T14:19:03+00:00","article_modified_time":"2023-12-08T14:20:35+00:00","og_image":[{"width":1200,"height":649,"url":"https:\/\/www.pensarcursos.com.br\/blog\/wp-content\/uploads\/2023\/12\/app-bolsa-familia.webp","type":"image\/webp"}],"author":"Caroline Falc\u00e3o","twitter_card":"summary_large_image","twitter_misc":{"Escrito por":"Caroline Falc\u00e3o","Est. tempo de leitura":"4 minutos"},"schema":{"@context":"https:\/\/schema.org","@graph":[{"@type":["Article","BlogPosting"],"@id":"https:\/\/www.pensarcursos.com.br\/blog\/atualizacao-bolsa-familia\/#article","isPartOf":{"@id":"https:\/\/www.pensarcursos.com.br\/blog\/atualizacao-bolsa-familia\/"},"author":{"name":"Caroline Falc\u00e3o","@id":"https:\/\/www.pensarcursos.com.br\/blog\/#\/schema\/person\/26a9a194db727cb5f49fe8d8d8ec453c"},"headline":"Qual \u00e9 a previs\u00e3o para a atualiza\u00e7\u00e3o do app do Bolsa Fam\u00edlia? Calend\u00e1rio completo foi divulgado!","datePublished":"2023-12-08T14:19:03+00:00","dateModified":"2023-12-08T14:20:35+00:00","mainEntityOfPage":{"@id":"https:\/\/www.pensarcursos.com.br\/blog\/atualizacao-bolsa-familia\/"},"wordCount":754,"commentCount":2,"publisher":{"@id":"https:\/\/www.pensarcursos.com.br\/blog\/#organization"},"image":{"@id":"https:\/\/www.pensarcursos.com.br\/blog\/atualizacao-bolsa-familia\/#primaryimage"},"thumbnailUrl":"https:\/\/www.pensarcursos.com.br\/blog\/wp-content\/uploads\/2023\/12\/app-bolsa-familia.webp","keywords":["aumento bolsa fam\u00edlia 2023","bolsa familia","bolsa familia 150 extra","bolsa familia 2023","bolsa familia valor 2023","calendario bolsa familia 2023","do bolsa fam\u00edlia","fam\u00edlias unipessoais bolsa fam\u00edlia","novo bolsa fam\u00edlia","novo bolsa fam\u00edlia 2023","quem vai perder bolsa fam\u00edlia","valor extra bolsa fam\u00edlia"],"articleSection":["Benef\u00edcios Sociais","Bolsa Fam\u00edlia"],"inLanguage":"pt-BR","potentialAction":[{"@type":"CommentAction","name":"Comment","target":["https:\/\/www.pensarcursos.com.br\/blog\/atualizacao-bolsa-familia\/#respond"]}],"copyrightYear":"2023","copyrightHolder":{"@id":"https:\/\/www.pensarcursos.com.br\/blog\/#organization"}},{"@type":"WebPage","@id":"https:\/\/www.pensarcursos.com.br\/blog\/atualizacao-bolsa-familia\/","url":"https:\/\/www.pensarcursos.com.br\/blog\/atualizacao-bolsa-familia\/","name":"Qual \u00e9 a previs\u00e3o para a atualiza\u00e7\u00e3o do app do Bolsa Fam\u00edlia? Calend\u00e1rio completo foi divulgado! - Blog Pensar Cursos","isPartOf":{"@id":"https:\/\/www.pensarcursos.com.br\/blog\/#website"},"primaryImageOfPage":{"@id":"https:\/\/www.pensarcursos.com.br\/blog\/atualizacao-bolsa-familia\/#primaryimage"},"image":{"@id":"https:\/\/www.pensarcursos.com.br\/blog\/atualizacao-bolsa-familia\/#primaryimage"},"thumbnailUrl":"https:\/\/www.pensarcursos.com.br\/blog\/wp-content\/uploads\/2023\/12\/app-bolsa-familia.webp","datePublished":"2023-12-08T14:19:03+00:00","dateModified":"2023-12-08T14:20:35+00:00","description":"Benefici\u00e1rio do Bolsa Fam\u00edlia, voc\u00ea j\u00e1 est\u00e1 por dentro das atualiza\u00e7\u00f5es previstas para dezembro no programa? Com o final do ano se aproximando, \u00e9 crucial","breadcrumb":{"@id":"https:\/\/www.pensarcursos.com.br\/blog\/atualizacao-bolsa-familia\/#breadcrumb"},"inLanguage":"pt-BR","potentialAction":[{"@type":"ReadAction","target":["https:\/\/www.pensarcursos.com.br\/blog\/atualizacao-bolsa-familia\/"]}]},{"@type":"ImageObject","inLanguage":"pt-BR","@id":"https:\/\/www.pensarcursos.com.br\/blog\/atualizacao-bolsa-familia\/#primaryimage","url":"https:\/\/www.pensarcursos.com.br\/blog\/wp-content\/uploads\/2023\/12\/app-bolsa-familia.webp","contentUrl":"https:\/\/www.pensarcursos.com.br\/blog\/wp-content\/uploads\/2023\/12\/app-bolsa-familia.webp","width":1200,"height":649,"caption":"Qual \u00e9 a previs\u00e3o para a atualiza\u00e7\u00e3o do app do Bolsa Fam\u00edlia? Foto: Divulga\u00e7\u00e3o"},{"@type":"BreadcrumbList","@id":"https:\/\/www.pensarcursos.com.br\/blog\/atualizacao-bolsa-familia\/#breadcrumb","itemListElement":[{"@type":"ListItem","position":1,"name":"Home","item":"https:\/\/www.pensarcursos.com.br\/blog\/"},{"@type":"ListItem","position":2,"name":"Qual \u00e9 a previs\u00e3o para a atualiza\u00e7\u00e3o do app do Bolsa Fam\u00edlia? Calend\u00e1rio completo foi divulgado!"}]},{"@type":"WebSite","@id":"https:\/\/www.pensarcursos.com.br\/blog\/#website","url":"https:\/\/www.pensarcursos.com.br\/blog\/","name":"Blog Pensar Cursos","description":"Maior Site de Cursos do Brasil","publisher":{"@id":"https:\/\/www.pensarcursos.com.br\/blog\/#organization"},"alternateName":"Blog Pensar","potentialAction":[{"@type":"SearchAction","target":{"@type":"EntryPoint","urlTemplate":"https:\/\/www.pensarcursos.com.br\/blog\/?s={search_term_string}"},"query-input":{"@type":"PropertyValueSpecification","valueRequired":true,"valueName":"search_term_string"}}],"inLanguage":"pt-BR"},{"@type":"Organization","@id":"https:\/\/www.pensarcursos.com.br\/blog\/#organization","name":"Pensar Cursos","alternateName":"Blog pensar","url":"https:\/\/www.pensarcursos.com.br\/blog\/","logo":{"@type":"ImageObject","inLanguage":"pt-BR","@id":"https:\/\/www.pensarcursos.com.br\/blog\/#\/schema\/logo\/image\/","url":"https:\/\/www.pensarcursos.com.br\/blog\/wp-content\/uploads\/2023\/11\/Nova-Logo-Pensar-Cursos-vertical.png","contentUrl":"https:\/\/www.pensarcursos.com.br\/blog\/wp-content\/uploads\/2023\/11\/Nova-Logo-Pensar-Cursos-vertical.png","width":1393,"height":1001,"caption":"Pensar Cursos"},"image":{"@id":"https:\/\/www.pensarcursos.com.br\/blog\/#\/schema\/logo\/image\/"},"sameAs":["https:\/\/www.facebook.com\/pensarcursos\/","https:\/\/instagram.com.br\/pensarcursos"],"description":"Pensar Cursos \u00e9 uma empresa especializada em oferecer cursos de alta qualidade voltados para o desenvolvimento profissional e acad\u00eamico. Com uma ampla gama de op\u00e7\u00f5es de treinamento, oferecemos conte\u00fados atualizados, ministrados por especialistas da \u00e1rea, para capacitar indiv\u00edduos e equipes a atingirem seus objetivos. Nossa miss\u00e3o \u00e9 proporcionar uma educa\u00e7\u00e3o transformadora, acess\u00edvel e personalizada para cada aluno, seja em cursos presenciais ou online. Com uma abordagem inovadora, buscamos adaptar os nossos programas de ensino \u00e0s necessidades do mercado, criando solu\u00e7\u00f5es que atendem aos desafios e exig\u00eancias do mundo corporativo e acad\u00eamico. Nossos cursos incluem desde forma\u00e7\u00f5es t\u00e9cnicas at\u00e9 habilidades essenciais, como lideran\u00e7a, gest\u00e3o e desenvolvimento pessoal.","email":"contato@pensarcursos.com.br","legalName":"Sena Servi\u00e7os de Informa\u00e7\u00e3o Online LTDA","foundingDate":"2013-04-18","vatID":"17956217000172","numberOfEmployees":{"@type":"QuantitativeValue","minValue":"11","maxValue":"50"},"publishingPrinciples":"https:\/\/www.pensarcursos.com.br\/blog\/principios-de-publicacao\/","ownershipFundingInfo":"https:\/\/www.pensarcursos.com.br\/blog\/informacoes-de-propriedade-financiamento\/","actionableFeedbackPolicy":"https:\/\/www.pensarcursos.com.br\/blog\/politica-de-feedback-acionavel\/","correctionsPolicy":"https:\/\/www.pensarcursos.com.br\/blog\/politica-de-correcoes\/","ethicsPolicy":"https:\/\/www.pensarcursos.com.br\/blog\/politica-de-etica\/"},{"@type":"Person","@id":"https:\/\/www.pensarcursos.com.br\/blog\/#\/schema\/person\/26a9a194db727cb5f49fe8d8d8ec453c","name":"Caroline Falc\u00e3o","image":{"@type":"ImageObject","inLanguage":"pt-BR","@id":"https:\/\/secure.gravatar.com\/avatar\/fd71d3709f1a1f2fd4ae3fc8e164443f2a6a0ba8589a53e47ddfef68657b82b9?s=96&d=mm&r=g","url":"https:\/\/secure.gravatar.com\/avatar\/fd71d3709f1a1f2fd4ae3fc8e164443f2a6a0ba8589a53e47ddfef68657b82b9?s=96&d=mm&r=g","contentUrl":"https:\/\/secure.gravatar.com\/avatar\/fd71d3709f1a1f2fd4ae3fc8e164443f2a6a0ba8589a53e47ddfef68657b82b9?s=96&d=mm&r=g","caption":"Caroline Falc\u00e3o"},"description":"Jornalista com longa experi\u00eancia em reda\u00e7\u00e3o de artigos para sites e blogs.","url":"https:\/\/www.pensarcursos.com.br\/blog\/author\/caroline\/"}]}},"_links":{"self":[{"href":"https:\/\/www.pensarcursos.com.br\/blog\/wp-json\/wp\/v2\/posts\/12887","targetHints":{"allow":["GET"]}}],"collection":[{"href":"https:\/\/www.pensarcursos.com.br\/blog\/wp-json\/wp\/v2\/posts"}],"about":[{"href":"https:\/\/www.pensarcursos.com.br\/blog\/wp-json\/wp\/v2\/types\/post"}],"author":[{"embeddable":true,"href":"https:\/\/www.pensarcursos.com.br\/blog\/wp-json\/wp\/v2\/users\/21"}],"replies":[{"embeddable":true,"href":"https:\/\/www.pensarcursos.com.br\/blog\/wp-json\/wp\/v2\/comments?post=12887"}],"version-history":[{"count":0,"href":"https:\/\/www.pensarcursos.com.br\/blog\/wp-json\/wp\/v2\/posts\/12887\/revisions"}],"wp:featuredmedia":[{"embeddable":true,"href":"https:\/\/www.pensarcursos.com.br\/blog\/wp-json\/wp\/v2\/media\/12898"}],"wp:attachment":[{"href":"https:\/\/www.pensarcursos.com.br\/blog\/wp-json\/wp\/v2\/media?parent=12887"}],"wp:term":[{"taxonomy":"category","embeddable":true,"href":"https:\/\/www.pensarcursos.com.br\/blog\/wp-json\/wp\/v2\/categories?post=12887"},{"taxonomy":"post_tag","embeddable":true,"href":"https:\/\/www.pensarcursos.com.br\/blog\/wp-json\/wp\/v2\/tags?post=12887"}],"curies":[{"name":"wp","href":"https:\/\/api.w.org\/{rel}","templated":true}]}}