{"id":127451,"date":"2025-10-30T12:09:19","date_gmt":"2025-10-30T15:09:19","guid":{"rendered":"https:\/\/www.pensarcursos.com.br\/blog\/?p=127451"},"modified":"2025-10-30T08:00:21","modified_gmt":"2025-10-30T11:00:21","slug":"concurso-publico-para-a-camara-municipal-edital-com-salarios-de-ate-r-10-mil-encerra-inscricoes-no-dia-04-de-novembro","status":"publish","type":"post","link":"https:\/\/www.pensarcursos.com.br\/blog\/concurso-publico-para-a-camara-municipal-edital-com-salarios-de-ate-r-10-mil-encerra-inscricoes-no-dia-04-de-novembro\/","title":{"rendered":"Concurso p\u00fablico para a C\u00e2mara Municipal: edital com sal\u00e1rios de at\u00e9 R$ 10 mil encerra inscri\u00e7\u00f5es no dia 04 de novembro"},"content":{"rendered":"<p>O novo edital do concurso p\u00fablico da C\u00e2mara Municipal traz oportunidades para profissionais de diferentes n\u00edveis de escolaridade, com remunera\u00e7\u00e3o mensal que pode chegar a R$ 10.069,96. Com o prazo de inscri\u00e7\u00f5es se encerrando no dia 4 de novembro de 2025, os interessados devem estar atentos \u00e0s datas e aos requisitos para garantir participa\u00e7\u00e3o em uma das 18 vagas ofertadas, al\u00e9m da forma\u00e7\u00e3o de cadastro reserva.<\/p>\n<h2>Detalhes sobre o Concurso da C\u00e2mara Municipal<\/h2>\n<p>O <a href=\"https:\/\/www.pensarcursos.com.br\/blog\/concursos-publicos-na-bahia-governo-confirma-890-oportunidades\/\">concurso<\/a> p\u00fablico anunciado tem como objetivo preencher vagas em cargos de n\u00edveis fundamental, m\u00e9dio e superior, ampliando o quadro de servidores da C\u00e2mara Municipal da cidade. Entre as posi\u00e7\u00f5es dispon\u00edveis, est\u00e3o fun\u00e7\u00f5es operacionais, administrativas, t\u00e9cnicas e estrat\u00e9gicas, abrindo possibilidade para profissionais com diferentes experi\u00eancias e forma\u00e7\u00f5es.<\/p>\n<h2>Cargos Oferecidos<\/h2>\n<p>As oportunidades contemplam as seguintes \u00e1reas:<\/p>\n<ul>\n<li>Agente Legislativo Operacional (1 vaga)<\/li>\n<li>Assessor de Cerimonial (1 vaga)<\/li>\n<li>Assistente T\u00e9cnico de \u00c1udio (1 vaga)<\/li>\n<li>Oficial Legislativo de Transporte (5 vagas)<\/li>\n<li>T\u00e9cnico Legislativo (6 vagas)<\/li>\n<li>T\u00e9cnico Legislativo em Inform\u00e1tica (2 vagas)<\/li>\n<li>Analista de Recursos Humanos (1 vaga)<\/li>\n<li>Assessor de Imprensa Legislativo (CR)<\/li>\n<li>Assessor Legislativo Cont\u00e1bil e Financeiro (CR)<\/li>\n<li>Contador (1 vaga)<\/li>\n<li>Engenheiro de Telecomunica\u00e7\u00f5es (CR)<\/li>\n<\/ul>\n<p>No total, s\u00e3o ofertadas 18 vagas para contrata\u00e7\u00e3o imediata.<\/p>\n<h2>Requisitos para Participar do Concurso da C\u00e2mara<\/h2>\n<p>Para se candidatar ao concurso p\u00fablico da C\u00e2mara Municipal de Mogi das Cruzes no estado de S\u00e3o Paulo, \u00e9 necess\u00e1rio apresentar comprova\u00e7\u00e3o do n\u00edvel de escolaridade exigido, conforme o cargo desejado. Outros requisitos s\u00e3o detalhados no edital, como idade m\u00ednima, documenta\u00e7\u00e3o e, em determinados casos, carteira de habilita\u00e7\u00e3o vigente.<\/p>\n<figure id=\"attachment_127459\" aria-describedby=\"caption-attachment-127459\" style=\"width: 1200px\" class=\"wp-caption aligncenter\"><img decoding=\"async\" class=\"wp-image-127459 size-full\" title=\"Concurso p\u00fablico: dicas para aprova\u00e7\u00e3o\" src=\"https:\/\/www.pensarcursos.com.br\/blog\/wp-content\/uploads\/2025\/10\/Concurso-publico3-1.webp\" alt=\"Mulher segurando livro e l\u00e1pis, pensativa, ilustrando estudo para concurso p\u00fablico\" width=\"1200\" height=\"800\" srcset=\"https:\/\/www.pensarcursos.com.br\/blog\/wp-content\/uploads\/2025\/10\/Concurso-publico3-1.webp 1200w, https:\/\/www.pensarcursos.com.br\/blog\/wp-content\/uploads\/2025\/10\/Concurso-publico3-1-300x200.webp 300w, https:\/\/www.pensarcursos.com.br\/blog\/wp-content\/uploads\/2025\/10\/Concurso-publico3-1-1024x683.webp 1024w, https:\/\/www.pensarcursos.com.br\/blog\/wp-content\/uploads\/2025\/10\/Concurso-publico3-1-768x512.webp 768w, https:\/\/www.pensarcursos.com.br\/blog\/wp-content\/uploads\/2025\/10\/Concurso-publico3-1-750x500.webp 750w, https:\/\/www.pensarcursos.com.br\/blog\/wp-content\/uploads\/2025\/10\/Concurso-publico3-1-1140x760.webp 1140w\" sizes=\"(max-width: 1200px) 100vw, 1200px\" \/><figcaption id=\"caption-attachment-127459\" class=\"wp-caption-text\">Corra e garanta sua vaga! Inscri\u00e7\u00f5es abertas para o concurso da C\u00e2mara Municipal. Foto: Pensar Cursos<\/figcaption><\/figure>\n<h2>Remunera\u00e7\u00e3o, Benef\u00edcios e Carga Hor\u00e1ria do Concurso<\/h2>\n<p>Os aprovados no <a href=\"https:\/\/www.pensarcursos.com.br\/blog\/concursos-publicos-em-minas-gerais-ha-vagas-para-camara-guarda-e-prefeitura-municipal-salarios-de-ate-r-59-mil\/\">concurso<\/a> v\u00e3o atuar em jornadas de 30 a 40 horas semanais, dependendo do cargo. Os sal\u00e1rios iniciais variam de R$ 4.192,43 a R$ 10.069,96. Adicionalmente, os servidores contam com benef\u00edcios previstos na legisla\u00e7\u00e3o municipal, dentre eles vale-transporte.<\/p>\n<h2>Inscri\u00e7\u00f5es para o Concurso da C\u00e2mara Municipal<\/h2>\n<p>Os interessados no concurso p\u00fablico da C\u00e2mara Municipal de Mogi das Cruzes devem realizar inscri\u00e7\u00e3o entre os dias 6 de outubro e 4 de novembro de 2025, pelo site da<a href=\"https:\/\/www.vunesp.com.br\/CMMC2401\" target=\"_blank\" rel=\"noopener\"> Funda\u00e7\u00e3o Vunesp<\/a>. As taxas variam de R$ 54,90 a R$ 98,80 conforme o n\u00edvel do cargo.<\/p>\n<h2>\u00a0Etapas do Concurso<\/h2>\n<p>O processo envolve aplica\u00e7\u00e3o de prova objetiva para todos os cargos, prevista para 18 de janeiro de 2026. Para o cargo de Oficial Legislativo de Transporte, est\u00e1 prevista prova pr\u00e1tica. Todas as etapas e crit\u00e9rios de avalia\u00e7\u00e3o obedecem \u00e0s diretrizes do edital.<\/p>\n<h2>Resumo<\/h2>\n<table>\n<tbody>\n<tr>\n<th><strong>Status<\/strong><\/th>\n<td colspan=\"2\"><strong>Aberto<\/strong><\/td>\n<\/tr>\n<tr>\n<th><strong>Organizadora<\/strong><\/th>\n<td colspan=\"2\">Funda\u00e7\u00e3o Vunesp<\/td>\n<\/tr>\n<tr>\n<th><strong>Cargos<\/strong><\/th>\n<td colspan=\"2\">11 cargos<\/td>\n<\/tr>\n<tr>\n<th><strong>Forma\u00e7\u00e3o Exigida<\/strong><\/th>\n<td colspan=\"2\">Fundamental \/ M\u00e9dio \/ Superior<\/td>\n<\/tr>\n<tr>\n<th><strong>N\u00ba de Vagas<\/strong><\/th>\n<td colspan=\"2\">18 + CR<\/td>\n<\/tr>\n<tr>\n<th><strong>Sal\u00e1rio Inicial<\/strong><\/th>\n<td colspan=\"2\">R$ 4.192,43 a R$ 10.069,96<\/td>\n<\/tr>\n<tr>\n<th><strong>Carga Hor\u00e1ria<\/strong><\/th>\n<td colspan=\"2\">30 a 40h<\/td>\n<\/tr>\n<tr>\n<th><strong>Inscri\u00e7\u00f5es<\/strong><\/th>\n<td colspan=\"2\">06\/10\/2025 a 04\/11\/2025<\/td>\n<\/tr>\n<tr>\n<th><strong>Taxa<\/strong><\/th>\n<td colspan=\"2\">R$ 54,90 a R$ 98,80<\/td>\n<\/tr>\n<tr>\n<th><strong>Data da Prova<\/strong><\/th>\n<td colspan=\"2\">18\/01\/2026<\/td>\n<\/tr>\n<tr>\n<th><strong>Edital<\/strong><\/th>\n<td colspan=\"2\"><a href=\"https:\/\/www.pensarcursos.com.br\/blog\/wp-content\/uploads\/2025\/10\/CMMC2401_224_20251001101017.pdf.pdf\">Edital do concurso da C\u00e2mara Municipal<\/a><\/td>\n<\/tr>\n<\/tbody>\n<\/table>\n<h2>Validade do Concurso da C\u00e2mara Municipal<\/h2>\n<p>O concurso p\u00fablico ter\u00e1 validade de dois anos a partir da homologa\u00e7\u00e3o, podendo ser prorrogado uma \u00fanica vez, pelo mesmo per\u00edodo, de acordo com a necessidade da administra\u00e7\u00e3o municipal.<\/p>\n<h2>Dicas para candidatos<\/h2>\n<p>Para aumentar as chances de sucesso, \u00e9 indicado conferir todos os requisitos do edital, separar a documenta\u00e7\u00e3o necess\u00e1ria e come\u00e7ar a prepara\u00e7\u00e3o antecipadamente. Reservar tempo para revisar conte\u00fados fundamentais e espec\u00edficos pode fazer diferen\u00e7a. Al\u00e9m disso, o pagamento da taxa de inscri\u00e7\u00e3o e o acompanhamento do cronograma de provas s\u00e3o importantes para garantir participa\u00e7\u00e3o.<\/p>\n<p>Para conhecer outras oportunidades abertas, continue no <a href=\"https:\/\/www.pensarcursos.com.br\/\">Pensar Cursos<\/a>!<\/p>\n<h2>Perguntas Frequentes<\/h2>\n<p><strong>Quantas vagas est\u00e3o dispon\u00edveis no concurso da C\u00e2mara Municipal?<\/strong><br \/>\nS\u00e3o 18 vagas imediatas mais forma\u00e7\u00e3o de cadastro de reserva.<\/p>\n<p><strong>Quais n\u00edveis de escolaridade s\u00e3o exigidos?<\/strong><br \/>\nS\u00e3o aceitos candidatos de n\u00edveis fundamental, m\u00e9dio e superior, conforme o cargo.<\/p>\n<p><strong>Qual o valor da taxa de inscri\u00e7\u00e3o?<\/strong><br \/>\nO valor varia de R$ 54,90 a R$ 98,80, dependendo do cargo escolhido.<\/p>\n<p><strong>O concurso da C\u00e2mara Municipal tem oportunidades para pessoas com defici\u00eancia?<\/strong><br \/>\nSim, h\u00e1 vagas reservadas para PCDs, conforme edital.<\/p>\n<p><strong>Quais cargos exigem prova pr\u00e1tica?<\/strong><br \/>\nApenas o cargo de Oficial Legislativo de Transporte possui essa etapa.<\/p>\n<p><strong>Como saber o conte\u00fado das provas?<\/strong><br \/>\nO conte\u00fado est\u00e1 descrito no edital, dispon\u00edvel na p\u00e1gina da organizadora.<\/p>\n<div class=\"jeg_video_container jeg_video_content\"><iframe title=\"GIRO NC: CAIXA CONFIRMADO e Edital N\u00edvel M\u00e9dio! 4 Concursos bombando que V\u00c3O Mudar sua VIDA!\" width=\"500\" height=\"281\" src=\"https:\/\/www.youtube.com\/embed\/AZoYe_DPGbo?feature=oembed\" frameborder=\"0\" allow=\"accelerometer; autoplay; clipboard-write; encrypted-media; gyroscope; picture-in-picture; web-share\" referrerpolicy=\"strict-origin-when-cross-origin\" allowfullscreen><\/iframe><\/div>\n","protected":false},"excerpt":{"rendered":"<p>O novo edital do concurso p\u00fablico da C\u00e2mara Municipal traz oportunidades para profissionais de diferentes n\u00edveis de escolaridade, com remunera\u00e7\u00e3o mensal que pode chegar a R$ 10.069,96. Com o prazo de inscri\u00e7\u00f5es se encerrando no dia 4 de novembro de 2025, os interessados devem estar atentos \u00e0s datas e aos requisitos para garantir participa\u00e7\u00e3o em [&hellip;]<\/p>\n","protected":false},"author":53,"featured_media":127458,"comment_status":"open","ping_status":"closed","sticky":false,"template":"","format":"standard","meta":{"jnews-multi-image_gallery":[],"jnews_single_post":{"format":"standard","override":[{"template":"1","parallax":"1","fullscreen":"1","layout":"right-sidebar","sidebar":"default-sidebar","second_sidebar":"default-sidebar","sticky_sidebar":"1","share_position":"topbottom","share_float_style":"share-monocrhome","show_featured":"1","show_post_meta":"1","show_post_author":"1","show_post_author_image":"1","show_post_date":"1","post_date_format":"default","post_date_format_custom":"Y\/m\/d","show_post_category":"1","post_reading_time_wpm":"300","post_calculate_word_method":"str_word_count","show_zoom_button":"0","zoom_button_out_step":"2","zoom_button_in_step":"3","show_post_tag":"1","show_prev_next_post":"1","show_popup_post":"1","show_comment_section":"1","number_popup_post":"2","show_author_box":"1","show_post_related":"1","show_inline_post_related":"1"}],"image_override":[{"single_post_thumbnail_size":"crop-500","single_post_gallery_size":"crop-500"}],"trending_post_position":"meta","trending_post_label":"Trending","sponsored_post_label":"Sponsored by","disable_ad":"0","subtitle":"Conhe\u00e7a os requisitos e como se preparar para o concurso legislativo"},"jnews_primary_category":[],"jnews_social_meta":[],"jnews_override_counter":{"view_counter_number":"0","share_counter_number":"0","like_counter_number":"0","dislike_counter_number":"0"},"footnotes":""},"categories":[29],"tags":[18746,34686,34688,34687],"class_list":["post-127451","post","type-post","status-publish","format-standard","has-post-thumbnail","hentry","category-concursos","tag-concurso-da-camara-municipal","tag-concurso-publico-da-camara-municipal-de-mogi-das-cruzes","tag-edital-do-concurso-da-camara-de-mogi-das-cruzes","tag-inscricao-para-o-concurso-da-camara-municipal-de-mogi-das-cruzes"],"yoast_head":"<!-- This site is optimized with the Yoast SEO Premium plugin v27.5 (Yoast SEO v27.5) - https:\/\/yoast.com\/product\/yoast-seo-premium-wordpress\/ -->\n<title>Concurso p\u00fablico para a C\u00e2mara Municipal: edital com sal\u00e1rios de at\u00e9 R$ 10 mil encerra inscri\u00e7\u00f5es no dia 04 de novembro - Blog Pensar Cursos<\/title>\n<meta name=\"description\" content=\"Edital do concurso p\u00fablico da C\u00e2mara Municipal de Mogi das Cruzes oferece 18 vagas, sal\u00e1rios de at\u00e9 R$ 10 mil e inscri\u00e7\u00f5es abertas at\u00e9 04 de novembro. Confira todos os detalhes, cargos, sal\u00e1rios e como participar.\" \/>\n<meta name=\"robots\" content=\"index, follow, max-snippet:-1, max-image-preview:large, max-video-preview:-1\" \/>\n<link rel=\"canonical\" href=\"https:\/\/www.pensarcursos.com.br\/blog\/concurso-publico-para-a-camara-municipal-edital-com-salarios-de-ate-r-10-mil-encerra-inscricoes-no-dia-04-de-novembro\/\" \/>\n<meta property=\"og:locale\" content=\"pt_BR\" \/>\n<meta property=\"og:type\" content=\"article\" \/>\n<meta property=\"og:title\" content=\"Concurso p\u00fablico para a C\u00e2mara Municipal: edital com sal\u00e1rios de at\u00e9 R$ 10 mil encerra inscri\u00e7\u00f5es no dia 04 de novembro\" \/>\n<meta property=\"og:description\" content=\"Edital do concurso p\u00fablico da C\u00e2mara Municipal de Mogi das Cruzes oferece 18 vagas, sal\u00e1rios de at\u00e9 R$ 10 mil e inscri\u00e7\u00f5es abertas at\u00e9 04 de novembro. Confira todos os detalhes, cargos, sal\u00e1rios e como participar.\" \/>\n<meta property=\"og:url\" content=\"https:\/\/www.pensarcursos.com.br\/blog\/concurso-publico-para-a-camara-municipal-edital-com-salarios-de-ate-r-10-mil-encerra-inscricoes-no-dia-04-de-novembro\/\" \/>\n<meta property=\"og:site_name\" content=\"Blog Pensar Cursos\" \/>\n<meta property=\"article:publisher\" content=\"https:\/\/www.facebook.com\/pensarcursos\/\" \/>\n<meta property=\"article:published_time\" content=\"2025-10-30T15:09:19+00:00\" \/>\n<meta property=\"og:image\" content=\"https:\/\/www.pensarcursos.com.br\/blog\/wp-content\/uploads\/2025\/10\/Concurso-publico4.webp\" \/>\n\t<meta property=\"og:image:width\" content=\"1200\" \/>\n\t<meta property=\"og:image:height\" content=\"800\" \/>\n\t<meta property=\"og:image:type\" content=\"image\/webp\" \/>\n<meta name=\"author\" content=\"Geovana Farias\" \/>\n<meta name=\"twitter:card\" content=\"summary_large_image\" \/>\n<meta name=\"twitter:label1\" content=\"Escrito por\" \/>\n\t<meta name=\"twitter:data1\" content=\"Geovana Farias\" \/>\n\t<meta name=\"twitter:label2\" content=\"Est. tempo de leitura\" \/>\n\t<meta name=\"twitter:data2\" content=\"5 minutos\" \/>\n<!-- \/ Yoast SEO Premium plugin. -->","yoast_head_json":{"title":"Concurso p\u00fablico para a C\u00e2mara Municipal: edital com sal\u00e1rios de at\u00e9 R$ 10 mil encerra inscri\u00e7\u00f5es no dia 04 de novembro - Blog Pensar Cursos","description":"Edital do concurso p\u00fablico da C\u00e2mara Municipal de Mogi das Cruzes oferece 18 vagas, sal\u00e1rios de at\u00e9 R$ 10 mil e inscri\u00e7\u00f5es abertas at\u00e9 04 de novembro. Confira todos os detalhes, cargos, sal\u00e1rios e como participar.","robots":{"index":"index","follow":"follow","max-snippet":"max-snippet:-1","max-image-preview":"max-image-preview:large","max-video-preview":"max-video-preview:-1"},"canonical":"https:\/\/www.pensarcursos.com.br\/blog\/concurso-publico-para-a-camara-municipal-edital-com-salarios-de-ate-r-10-mil-encerra-inscricoes-no-dia-04-de-novembro\/","og_locale":"pt_BR","og_type":"article","og_title":"Concurso p\u00fablico para a C\u00e2mara Municipal: edital com sal\u00e1rios de at\u00e9 R$ 10 mil encerra inscri\u00e7\u00f5es no dia 04 de novembro","og_description":"Edital do concurso p\u00fablico da C\u00e2mara Municipal de Mogi das Cruzes oferece 18 vagas, sal\u00e1rios de at\u00e9 R$ 10 mil e inscri\u00e7\u00f5es abertas at\u00e9 04 de novembro. Confira todos os detalhes, cargos, sal\u00e1rios e como participar.","og_url":"https:\/\/www.pensarcursos.com.br\/blog\/concurso-publico-para-a-camara-municipal-edital-com-salarios-de-ate-r-10-mil-encerra-inscricoes-no-dia-04-de-novembro\/","og_site_name":"Blog Pensar Cursos","article_publisher":"https:\/\/www.facebook.com\/pensarcursos\/","article_published_time":"2025-10-30T15:09:19+00:00","og_image":[{"width":1200,"height":800,"url":"https:\/\/www.pensarcursos.com.br\/blog\/wp-content\/uploads\/2025\/10\/Concurso-publico4.webp","type":"image\/webp"}],"author":"Geovana Farias","twitter_card":"summary_large_image","twitter_misc":{"Escrito por":"Geovana Farias","Est. tempo de leitura":"5 minutos"},"schema":{"@context":"https:\/\/schema.org","@graph":[{"@type":["Article","BlogPosting"],"@id":"https:\/\/www.pensarcursos.com.br\/blog\/concurso-publico-para-a-camara-municipal-edital-com-salarios-de-ate-r-10-mil-encerra-inscricoes-no-dia-04-de-novembro\/#article","isPartOf":{"@id":"https:\/\/www.pensarcursos.com.br\/blog\/concurso-publico-para-a-camara-municipal-edital-com-salarios-de-ate-r-10-mil-encerra-inscricoes-no-dia-04-de-novembro\/"},"author":{"name":"Geovana Farias","@id":"https:\/\/www.pensarcursos.com.br\/blog\/#\/schema\/person\/668bfa4c1a2b973f58146436f370e0fb"},"headline":"Concurso p\u00fablico para a C\u00e2mara Municipal: edital com sal\u00e1rios de at\u00e9 R$ 10 mil encerra inscri\u00e7\u00f5es no dia 04 de novembro","datePublished":"2025-10-30T15:09:19+00:00","mainEntityOfPage":{"@id":"https:\/\/www.pensarcursos.com.br\/blog\/concurso-publico-para-a-camara-municipal-edital-com-salarios-de-ate-r-10-mil-encerra-inscricoes-no-dia-04-de-novembro\/"},"wordCount":774,"commentCount":0,"publisher":{"@id":"https:\/\/www.pensarcursos.com.br\/blog\/#organization"},"image":{"@id":"https:\/\/www.pensarcursos.com.br\/blog\/concurso-publico-para-a-camara-municipal-edital-com-salarios-de-ate-r-10-mil-encerra-inscricoes-no-dia-04-de-novembro\/#primaryimage"},"thumbnailUrl":"https:\/\/www.pensarcursos.com.br\/blog\/wp-content\/uploads\/2025\/10\/Concurso-publico4.webp","keywords":["concurso da c\u00e2mara municipal","concurso p\u00fablico da C\u00e2mara Municipal de Mogi das Cruzes","edital do concurso da C\u00e2mara de Mogi das Cruzes","Inscri\u00e7\u00e3o para o concurso da C\u00e2mara Municipal de Mogi das Cruzes"],"articleSection":["Concursos P\u00fablicos"],"inLanguage":"pt-BR","potentialAction":[{"@type":"CommentAction","name":"Comment","target":["https:\/\/www.pensarcursos.com.br\/blog\/concurso-publico-para-a-camara-municipal-edital-com-salarios-de-ate-r-10-mil-encerra-inscricoes-no-dia-04-de-novembro\/#respond"]}],"copyrightYear":"2025","copyrightHolder":{"@id":"https:\/\/www.pensarcursos.com.br\/blog\/#organization"}},{"@type":"WebPage","@id":"https:\/\/www.pensarcursos.com.br\/blog\/concurso-publico-para-a-camara-municipal-edital-com-salarios-de-ate-r-10-mil-encerra-inscricoes-no-dia-04-de-novembro\/","url":"https:\/\/www.pensarcursos.com.br\/blog\/concurso-publico-para-a-camara-municipal-edital-com-salarios-de-ate-r-10-mil-encerra-inscricoes-no-dia-04-de-novembro\/","name":"Concurso p\u00fablico para a C\u00e2mara Municipal: edital com sal\u00e1rios de at\u00e9 R$ 10 mil encerra inscri\u00e7\u00f5es no dia 04 de novembro - Blog Pensar Cursos","isPartOf":{"@id":"https:\/\/www.pensarcursos.com.br\/blog\/#website"},"primaryImageOfPage":{"@id":"https:\/\/www.pensarcursos.com.br\/blog\/concurso-publico-para-a-camara-municipal-edital-com-salarios-de-ate-r-10-mil-encerra-inscricoes-no-dia-04-de-novembro\/#primaryimage"},"image":{"@id":"https:\/\/www.pensarcursos.com.br\/blog\/concurso-publico-para-a-camara-municipal-edital-com-salarios-de-ate-r-10-mil-encerra-inscricoes-no-dia-04-de-novembro\/#primaryimage"},"thumbnailUrl":"https:\/\/www.pensarcursos.com.br\/blog\/wp-content\/uploads\/2025\/10\/Concurso-publico4.webp","datePublished":"2025-10-30T15:09:19+00:00","description":"Edital do concurso p\u00fablico da C\u00e2mara Municipal de Mogi das Cruzes oferece 18 vagas, sal\u00e1rios de at\u00e9 R$ 10 mil e inscri\u00e7\u00f5es abertas at\u00e9 04 de novembro. Confira todos os detalhes, cargos, sal\u00e1rios e como participar.","breadcrumb":{"@id":"https:\/\/www.pensarcursos.com.br\/blog\/concurso-publico-para-a-camara-municipal-edital-com-salarios-de-ate-r-10-mil-encerra-inscricoes-no-dia-04-de-novembro\/#breadcrumb"},"inLanguage":"pt-BR","potentialAction":[{"@type":"ReadAction","target":["https:\/\/www.pensarcursos.com.br\/blog\/concurso-publico-para-a-camara-municipal-edital-com-salarios-de-ate-r-10-mil-encerra-inscricoes-no-dia-04-de-novembro\/"]}]},{"@type":"ImageObject","inLanguage":"pt-BR","@id":"https:\/\/www.pensarcursos.com.br\/blog\/concurso-publico-para-a-camara-municipal-edital-com-salarios-de-ate-r-10-mil-encerra-inscricoes-no-dia-04-de-novembro\/#primaryimage","url":"https:\/\/www.pensarcursos.com.br\/blog\/wp-content\/uploads\/2025\/10\/Concurso-publico4.webp","contentUrl":"https:\/\/www.pensarcursos.com.br\/blog\/wp-content\/uploads\/2025\/10\/Concurso-publico4.webp","width":1200,"height":800,"caption":"Garanta sua vaga! Inscri\u00e7\u00f5es abertas para o concurso da C\u00e2mara Municipal. Foto: Pensar Cursos"},{"@type":"BreadcrumbList","@id":"https:\/\/www.pensarcursos.com.br\/blog\/concurso-publico-para-a-camara-municipal-edital-com-salarios-de-ate-r-10-mil-encerra-inscricoes-no-dia-04-de-novembro\/#breadcrumb","itemListElement":[{"@type":"ListItem","position":1,"name":"Home","item":"https:\/\/www.pensarcursos.com.br\/blog\/"},{"@type":"ListItem","position":2,"name":"Concurso p\u00fablico para a C\u00e2mara Municipal: edital com sal\u00e1rios de at\u00e9 R$ 10 mil encerra inscri\u00e7\u00f5es no dia 04 de novembro"}]},{"@type":"WebSite","@id":"https:\/\/www.pensarcursos.com.br\/blog\/#website","url":"https:\/\/www.pensarcursos.com.br\/blog\/","name":"Blog Pensar Cursos","description":"Maior Site de Cursos do Brasil","publisher":{"@id":"https:\/\/www.pensarcursos.com.br\/blog\/#organization"},"alternateName":"Blog Pensar","potentialAction":[{"@type":"SearchAction","target":{"@type":"EntryPoint","urlTemplate":"https:\/\/www.pensarcursos.com.br\/blog\/?s={search_term_string}"},"query-input":{"@type":"PropertyValueSpecification","valueRequired":true,"valueName":"search_term_string"}}],"inLanguage":"pt-BR"},{"@type":"Organization","@id":"https:\/\/www.pensarcursos.com.br\/blog\/#organization","name":"Pensar Cursos","alternateName":"Blog pensar","url":"https:\/\/www.pensarcursos.com.br\/blog\/","logo":{"@type":"ImageObject","inLanguage":"pt-BR","@id":"https:\/\/www.pensarcursos.com.br\/blog\/#\/schema\/logo\/image\/","url":"https:\/\/www.pensarcursos.com.br\/blog\/wp-content\/uploads\/2023\/11\/Nova-Logo-Pensar-Cursos-vertical.png","contentUrl":"https:\/\/www.pensarcursos.com.br\/blog\/wp-content\/uploads\/2023\/11\/Nova-Logo-Pensar-Cursos-vertical.png","width":1393,"height":1001,"caption":"Pensar Cursos"},"image":{"@id":"https:\/\/www.pensarcursos.com.br\/blog\/#\/schema\/logo\/image\/"},"sameAs":["https:\/\/www.facebook.com\/pensarcursos\/","https:\/\/instagram.com.br\/pensarcursos"],"description":"Pensar Cursos \u00e9 uma empresa especializada em oferecer cursos de alta qualidade voltados para o desenvolvimento profissional e acad\u00eamico. Com uma ampla gama de op\u00e7\u00f5es de treinamento, oferecemos conte\u00fados atualizados, ministrados por especialistas da \u00e1rea, para capacitar indiv\u00edduos e equipes a atingirem seus objetivos. Nossa miss\u00e3o \u00e9 proporcionar uma educa\u00e7\u00e3o transformadora, acess\u00edvel e personalizada para cada aluno, seja em cursos presenciais ou online. Com uma abordagem inovadora, buscamos adaptar os nossos programas de ensino \u00e0s necessidades do mercado, criando solu\u00e7\u00f5es que atendem aos desafios e exig\u00eancias do mundo corporativo e acad\u00eamico. Nossos cursos incluem desde forma\u00e7\u00f5es t\u00e9cnicas at\u00e9 habilidades essenciais, como lideran\u00e7a, gest\u00e3o e desenvolvimento pessoal.","email":"contato@pensarcursos.com.br","legalName":"Sena Servi\u00e7os de Informa\u00e7\u00e3o Online LTDA","foundingDate":"2013-04-18","vatID":"17956217000172","numberOfEmployees":{"@type":"QuantitativeValue","minValue":"11","maxValue":"50"},"publishingPrinciples":"https:\/\/www.pensarcursos.com.br\/blog\/principios-de-publicacao\/","ownershipFundingInfo":"https:\/\/www.pensarcursos.com.br\/blog\/informacoes-de-propriedade-financiamento\/","actionableFeedbackPolicy":"https:\/\/www.pensarcursos.com.br\/blog\/politica-de-feedback-acionavel\/","correctionsPolicy":"https:\/\/www.pensarcursos.com.br\/blog\/politica-de-correcoes\/","ethicsPolicy":"https:\/\/www.pensarcursos.com.br\/blog\/politica-de-etica\/"},{"@type":"Person","@id":"https:\/\/www.pensarcursos.com.br\/blog\/#\/schema\/person\/668bfa4c1a2b973f58146436f370e0fb","name":"Geovana Farias","image":{"@type":"ImageObject","inLanguage":"pt-BR","@id":"https:\/\/secure.gravatar.com\/avatar\/ca67f5a3c112c42d7d0bd5dc2cd889e80977d5657705f54090741930fdcd239c?s=96&d=mm&r=g","url":"https:\/\/secure.gravatar.com\/avatar\/ca67f5a3c112c42d7d0bd5dc2cd889e80977d5657705f54090741930fdcd239c?s=96&d=mm&r=g","contentUrl":"https:\/\/secure.gravatar.com\/avatar\/ca67f5a3c112c42d7d0bd5dc2cd889e80977d5657705f54090741930fdcd239c?s=96&d=mm&r=g","caption":"Geovana Farias"},"description":"Graduada em Pedagogia pela UNEB. Especialista em Gest\u00e3o e Organiza\u00e7\u00e3o da Escola com \u00canfase em Coordena\u00e7\u00e3o pedag\u00f3gica. Especialista em Neuropsicopedagogia. Redatora Grupo Sena Online","sameAs":["https:\/\/www.instagram.com\/geo_farias_"],"url":"https:\/\/www.pensarcursos.com.br\/blog\/author\/geovana\/"}]}},"_links":{"self":[{"href":"https:\/\/www.pensarcursos.com.br\/blog\/wp-json\/wp\/v2\/posts\/127451","targetHints":{"allow":["GET"]}}],"collection":[{"href":"https:\/\/www.pensarcursos.com.br\/blog\/wp-json\/wp\/v2\/posts"}],"about":[{"href":"https:\/\/www.pensarcursos.com.br\/blog\/wp-json\/wp\/v2\/types\/post"}],"author":[{"embeddable":true,"href":"https:\/\/www.pensarcursos.com.br\/blog\/wp-json\/wp\/v2\/users\/53"}],"replies":[{"embeddable":true,"href":"https:\/\/www.pensarcursos.com.br\/blog\/wp-json\/wp\/v2\/comments?post=127451"}],"version-history":[{"count":0,"href":"https:\/\/www.pensarcursos.com.br\/blog\/wp-json\/wp\/v2\/posts\/127451\/revisions"}],"wp:featuredmedia":[{"embeddable":true,"href":"https:\/\/www.pensarcursos.com.br\/blog\/wp-json\/wp\/v2\/media\/127458"}],"wp:attachment":[{"href":"https:\/\/www.pensarcursos.com.br\/blog\/wp-json\/wp\/v2\/media?parent=127451"}],"wp:term":[{"taxonomy":"category","embeddable":true,"href":"https:\/\/www.pensarcursos.com.br\/blog\/wp-json\/wp\/v2\/categories?post=127451"},{"taxonomy":"post_tag","embeddable":true,"href":"https:\/\/www.pensarcursos.com.br\/blog\/wp-json\/wp\/v2\/tags?post=127451"}],"curies":[{"name":"wp","href":"https:\/\/api.w.org\/{rel}","templated":true}]}}