{"id":127133,"date":"2025-10-29T08:39:06","date_gmt":"2025-10-29T11:39:06","guid":{"rendered":"https:\/\/www.pensarcursos.com.br\/blog\/?p=127133"},"modified":"2025-10-28T17:48:12","modified_gmt":"2025-10-28T20:48:12","slug":"quer-sair-do-clt-inspire-se-com-10-historias-reais-de-transformacao","status":"publish","type":"post","link":"https:\/\/www.pensarcursos.com.br\/blog\/quer-sair-do-clt-inspire-se-com-10-historias-reais-de-transformacao\/","title":{"rendered":"Quer sair do CLT? Inspire-se com 10 hist\u00f3rias reais de transforma\u00e7\u00e3o"},"content":{"rendered":"<p>Deixar o regime CLT e buscar novos rumos pode parecer arriscado para muitos. No entanto, exemplos brasileiros mostram que a mudan\u00e7a de <a href=\"https:\/\/www.pensarcursos.com.br\/blog\/e-possivel-trabalhar-pouco-e-ganhar-bem-essas-carreiras-mostram-que-sim\/\" target=\"_blank\" rel=\"noopener\">carreira<\/a> pode abrir portas para realiza\u00e7\u00f5es pessoais e trabalhistas, trazendo mais autonomia e prop\u00f3sito para quem decide empreender ou inovar em outros caminhos.<\/p>\n<p>A seguir, veja <strong>10 hist\u00f3rias<\/strong> de pessoas que transformaram desafios em conquistas, mostrando que \u00e9 poss\u00edvel reinventar a vida profissional mesmo em cen\u00e1rios de incerteza.<\/p>\n<h2>1. Luiza Helena Trajano: Lideran\u00e7a que inspira<\/h2>\n<figure id=\"attachment_127135\" aria-describedby=\"caption-attachment-127135\" style=\"width: 626px\" class=\"wp-caption aligncenter\"><img decoding=\"async\" class=\"wp-image-127135 \" title=\"Retrato profissional de mulher madura com colar e brincos\" src=\"https:\/\/www.pensarcursos.com.br\/blog\/wp-content\/uploads\/2025\/10\/Luiza-Helena-Trajano.png\" alt=\"Mulher madura sorrindo, com cabelo preso, usando blusa branca e acess\u00f3rios dourados\" width=\"626\" height=\"630\" srcset=\"https:\/\/www.pensarcursos.com.br\/blog\/wp-content\/uploads\/2025\/10\/Luiza-Helena-Trajano.png 503w, https:\/\/www.pensarcursos.com.br\/blog\/wp-content\/uploads\/2025\/10\/Luiza-Helena-Trajano-298x300.png 298w, https:\/\/www.pensarcursos.com.br\/blog\/wp-content\/uploads\/2025\/10\/Luiza-Helena-Trajano-150x150.png 150w, https:\/\/www.pensarcursos.com.br\/blog\/wp-content\/uploads\/2025\/10\/Luiza-Helena-Trajano-75x75.png 75w\" sizes=\"(max-width: 626px) 100vw, 626px\" \/><figcaption id=\"caption-attachment-127135\" class=\"wp-caption-text\">Luiza Helena Trajano- CEO das lojas Magazine Luiza. Imagem: Pinterest.<\/figcaption><\/figure>\n<p><strong>Luiza Helena Trajano<\/strong>, uma das figuras mais admiradas do varejo, iniciou sua trajet\u00f3ria atr\u00e1s do balc\u00e3o da loja de sua fam\u00edlia. Com muita dedica\u00e7\u00e3o, ela transformou o<strong> Magazine Luiza<\/strong> em uma pot\u00eancia nacional, sempre inovando e apostando na uni\u00e3o do f\u00edsico e digital. Seu modelo de lideran\u00e7a, baseado na humaniza\u00e7\u00e3o e no incentivo \u00e0 participa\u00e7\u00e3o social, \u00e9 inspira\u00e7\u00e3o para quem deseja ir al\u00e9m do CLT.<\/p>\n<h2>2. Alexandre Costa e a do\u00e7ura da reinven\u00e7\u00e3o<\/h2>\n<figure id=\"attachment_127136\" aria-describedby=\"caption-attachment-127136\" style=\"width: 619px\" class=\"wp-caption aligncenter\"><img decoding=\"async\" class=\"wp-image-127136 \" title=\"Homem com chap\u00e9u estilo steampunk e \u00f3culos vintage\" src=\"https:\/\/www.pensarcursos.com.br\/blog\/wp-content\/uploads\/2025\/10\/Alexandre-Costa.png\" alt=\"Homem sorridente usando chap\u00e9u preto estilo steampunk com \u00f3culos met\u00e1licos e detalhes em cobre\" width=\"619\" height=\"711\" srcset=\"https:\/\/www.pensarcursos.com.br\/blog\/wp-content\/uploads\/2025\/10\/Alexandre-Costa.png 496w, https:\/\/www.pensarcursos.com.br\/blog\/wp-content\/uploads\/2025\/10\/Alexandre-Costa-261x300.png 261w\" sizes=\"(max-width: 619px) 100vw, 619px\" \/><figcaption id=\"caption-attachment-127136\" class=\"wp-caption-text\">Alexandre Costa- Fundador da Cacau Show. Pinterest.<\/figcaption><\/figure>\n<p><strong>Alexandre Costa<\/strong>, fundador da<strong> Cacau Show<\/strong>, come\u00e7ou vendendo trufas de porta em porta. Mesmo jovem e sem grandes recursos, aproveitou a oportunidade familiar para criar um dos maiores imp\u00e9rios do chocolate no Brasil. Com trabalho intenso e foco na qualidade, mostrou que empreender exige coragem e dedica\u00e7\u00e3o.<\/p>\n<h2>3. Fl\u00e1vio Augusto: Vis\u00e3o e ousadia<\/h2>\n<figure id=\"attachment_127137\" aria-describedby=\"caption-attachment-127137\" style=\"width: 629px\" class=\"wp-caption aligncenter\"><img decoding=\"async\" class=\"wp-image-127137 \" title=\"Homem de jaqueta de couro pensativo em fundo escuro\" src=\"https:\/\/www.pensarcursos.com.br\/blog\/wp-content\/uploads\/2025\/10\/Flavio-Augusto.png\" alt=\"Homem com cabelo grisalho e jaqueta preta fazendo gesto de m\u00e3o no rosto, fundo escuro\" width=\"629\" height=\"656\" srcset=\"https:\/\/www.pensarcursos.com.br\/blog\/wp-content\/uploads\/2025\/10\/Flavio-Augusto.png 496w, https:\/\/www.pensarcursos.com.br\/blog\/wp-content\/uploads\/2025\/10\/Flavio-Augusto-288x300.png 288w\" sizes=\"(max-width: 629px) 100vw, 629px\" \/><figcaption id=\"caption-attachment-127137\" class=\"wp-caption-text\">Fl\u00e1vio Augusto- criador do Gera\u00e7\u00e3o de Valor\/ Wise Up. Imagem: Pinterest.<\/figcaption><\/figure>\n<p>Criador da Wise Up, <strong>Fl\u00e1vio Augusto<\/strong> utilizou um cheque especial de R$ 20 mil para criar uma escola de idiomas voltada para adultos. Sua hist\u00f3ria inspira quem deseja sair da estabilidade do CLT em busca de crescimento e autonomia. Ele expandiu horizontes, vendeu o neg\u00f3cio, comprou um time internacional e hoje inspira empreendedores pelo projeto Gera\u00e7\u00e3o de Valor.<\/p>\n<h2>4. Cristina Junqueira: Descomplicando o sistema banc\u00e1rio<\/h2>\n<figure id=\"attachment_127141\" aria-describedby=\"caption-attachment-127141\" style=\"width: 618px\" class=\"wp-caption aligncenter\"><img decoding=\"async\" class=\"wp-image-127141 \" title=\"Retrato profissional de mulher sorridente com cabelo preto\" src=\"https:\/\/www.pensarcursos.com.br\/blog\/wp-content\/uploads\/2025\/10\/Cristina-Junqueira.png\" alt=\"Mulher sorridente com cabelo preto liso, vestindo blusa vinho sem mangas, fundo branco\" width=\"618\" height=\"636\" srcset=\"https:\/\/www.pensarcursos.com.br\/blog\/wp-content\/uploads\/2025\/10\/Cristina-Junqueira.png 497w, https:\/\/www.pensarcursos.com.br\/blog\/wp-content\/uploads\/2025\/10\/Cristina-Junqueira-291x300.png 291w\" sizes=\"(max-width: 618px) 100vw, 618px\" \/><figcaption id=\"caption-attachment-127141\" class=\"wp-caption-text\">Cristina Junqueira- Cofundadora do Nubank. Imagem: Pinterest.<\/figcaption><\/figure>\n<p>A cofundadora do Nubank,<strong> Cristina Junqueira<\/strong>, largou o ambiente tradicional dos bancos para enfrentar a burocracia, apostando em inova\u00e7\u00e3o no mercado financeiro digital brasileiro. Sua atua\u00e7\u00e3o mostra que criar solu\u00e7\u00f5es para antigos problemas abre espa\u00e7o para novas oportunidades profissionais.<\/p>\n<h2>5. Bianca Andrade: Da internet ao auge da beleza<\/h2>\n<figure id=\"attachment_127144\" aria-describedby=\"caption-attachment-127144\" style=\"width: 583px\" class=\"wp-caption aligncenter\"><img decoding=\"async\" class=\"wp-image-127144 \" title=\"Maquiagem Art\u00edstica Boca Rosa com Cores Vibrantes\" src=\"https:\/\/www.pensarcursos.com.br\/blog\/wp-content\/uploads\/2025\/10\/Bianca-Andrade.png\" alt=\"Rosto de mulher com maquiagem art\u00edstica colorida, com tons de rosa, branco e marrom e cabelo solto ao vento\" width=\"583\" height=\"655\" srcset=\"https:\/\/www.pensarcursos.com.br\/blog\/wp-content\/uploads\/2025\/10\/Bianca-Andrade.png 521w, https:\/\/www.pensarcursos.com.br\/blog\/wp-content\/uploads\/2025\/10\/Bianca-Andrade-267x300.png 267w\" sizes=\"(max-width: 583px) 100vw, 583px\" \/><figcaption id=\"caption-attachment-127144\" class=\"wp-caption-text\">Bianca Andrade- Fundadora da Boca Rosa Beauty. Imagem: Pinterest.<\/figcaption><\/figure>\n<p>Conhecida como <strong>Boca Rosa<\/strong>, Bianca Andrade transformou sua paix\u00e3o por maquiagem em um neg\u00f3cio que fatura milh\u00f5es. Dos v\u00eddeos gravados em casa \u00e0 funda\u00e7\u00e3o da marca Boca Rosa Beauty, Bianca usou autenticidade e criatividade para conquistar espa\u00e7o e motivar mulheres a perseguirem seus sonhos.<\/p>\n<h2>6. Mari Maria: Influ\u00eancia e inova\u00e7\u00e3o<\/h2>\n<figure id=\"attachment_127145\" aria-describedby=\"caption-attachment-127145\" style=\"width: 602px\" class=\"wp-caption aligncenter\"><img decoding=\"async\" class=\"wp-image-127145 \" title=\"Maquiagem art\u00edstica com glitter e unhas met\u00e1licas\" src=\"https:\/\/www.pensarcursos.com.br\/blog\/wp-content\/uploads\/2025\/10\/Mari-Maria.png\" alt=\"Mulher ruiva com maquiagem art\u00edstica, glitter branco ao redor dos olhos e unhas met\u00e1licas douradas\" width=\"602\" height=\"626\" srcset=\"https:\/\/www.pensarcursos.com.br\/blog\/wp-content\/uploads\/2025\/10\/Mari-Maria.png 496w, https:\/\/www.pensarcursos.com.br\/blog\/wp-content\/uploads\/2025\/10\/Mari-Maria-288x300.png 288w\" sizes=\"(max-width: 602px) 100vw, 602px\" \/><figcaption id=\"caption-attachment-127145\" class=\"wp-caption-text\">Mari Maria- Fundadora da Mari Maria Makeup. Imagem: Pinterest.<\/figcaption><\/figure>\n<p><strong>Mari Maria<\/strong>, empres\u00e1ria e influenciadora, tornou seu rosto e cabelo ruivo marcas registradas. Ao investir em conte\u00fado digital e criar sua linha de maquiagem, ela se projetou como refer\u00eancia de sucesso no setor de beleza, valorizando criatividade e estrat\u00e9gia de mercado.<\/p>\n<h2>7. Leo Picon: Conte\u00fado, moda e lifestyle<\/h2>\n<figure id=\"attachment_127146\" aria-describedby=\"caption-attachment-127146\" style=\"width: 599px\" class=\"wp-caption aligncenter\"><img decoding=\"async\" class=\"wp-image-127146 \" title=\"Retrato masculino com su\u00e9ter e jaqueta de couro\" src=\"https:\/\/www.pensarcursos.com.br\/blog\/wp-content\/uploads\/2025\/10\/Leo-Picon.png\" alt=\"Homem jovem segurando a gola do su\u00e9ter preto com express\u00e3o s\u00e9ria e jaqueta de couro marrom\" width=\"599\" height=\"634\" srcset=\"https:\/\/www.pensarcursos.com.br\/blog\/wp-content\/uploads\/2025\/10\/Leo-Picon.png 490w, https:\/\/www.pensarcursos.com.br\/blog\/wp-content\/uploads\/2025\/10\/Leo-Picon-283x300.png 283w\" sizes=\"(max-width: 599px) 100vw, 599px\" \/><figcaption id=\"caption-attachment-127146\" class=\"wp-caption-text\">Leo Picon- Fundador da marca de roupas Approve. Imagem: Pinterest.<\/figcaption><\/figure>\n<p><strong>Leo Picon<\/strong> come\u00e7ou cedo nas redes sociais e fundou a<strong> marca de roupas Approve<\/strong> aos 16 anos. Com autenticidade e vis\u00e3o comercial, diversificou <a href=\"https:\/\/www.pensarcursos.com.br\/blog\/como-criar-um-plano-de-negocios\/\" target=\"_blank\" rel=\"noopener\">neg\u00f3cios<\/a>, atuando na produ\u00e7\u00e3o de conte\u00fado e entretenimento. Seu exemplo refor\u00e7a as possibilidades de crescimento fora do regime CLT.<\/p>\n<h2>8. Camila Farani: Investimento e protagonismo feminino<\/h2>\n<figure id=\"attachment_127148\" aria-describedby=\"caption-attachment-127148\" style=\"width: 582px\" class=\"wp-caption aligncenter\"><img decoding=\"async\" class=\"wp-image-127148 \" title=\"Mulher loira com maquiagem e cabelo ondulado\" src=\"https:\/\/www.pensarcursos.com.br\/blog\/wp-content\/uploads\/2025\/10\/Camila-Farani.png\" alt=\"Retrato de mulher loira com maquiagem suave e cabelo ondulado em ambiente interno\" width=\"582\" height=\"609\" srcset=\"https:\/\/www.pensarcursos.com.br\/blog\/wp-content\/uploads\/2025\/10\/Camila-Farani.png 494w, https:\/\/www.pensarcursos.com.br\/blog\/wp-content\/uploads\/2025\/10\/Camila-Farani-287x300.png 287w\" sizes=\"(max-width: 582px) 100vw, 582px\" \/><figcaption id=\"caption-attachment-127148\" class=\"wp-caption-text\">Camila Farani- Fundadora do G2 Capital. Imagem: Pinterest.<\/figcaption><\/figure>\n<p>De advogada a investidora, <strong>Camila Farani<\/strong> assumiu o neg\u00f3cio da fam\u00edlia, tornou-se refer\u00eancia em investimento-anjo e fundou a <strong>G2 Capital<\/strong>. A sua participa\u00e7\u00e3o no Shark Tank Brasil inspirou mulheres a buscarem protagonismo e independ\u00eancia financeira como forma de transforma\u00e7\u00e3o social.<\/p>\n<h2>9. Camila Coutinho: Da influ\u00eancia ao empreendedorismo<\/h2>\n<figure id=\"attachment_127150\" aria-describedby=\"caption-attachment-127150\" style=\"width: 609px\" class=\"wp-caption aligncenter\"><img decoding=\"async\" class=\"wp-image-127150 \" title=\"Mulher sorridente segurando creme facial eg\u00ea\" src=\"https:\/\/www.pensarcursos.com.br\/blog\/wp-content\/uploads\/2025\/10\/Camila-coutinho.png\" alt=\"Mulher com cabelos castanhos, sorriso largo, veste blazer vermelho e segura creme facial eg\u00ea\" width=\"609\" height=\"633\" srcset=\"https:\/\/www.pensarcursos.com.br\/blog\/wp-content\/uploads\/2025\/10\/Camila-coutinho.png 492w, https:\/\/www.pensarcursos.com.br\/blog\/wp-content\/uploads\/2025\/10\/Camila-coutinho-288x300.png 288w\" sizes=\"(max-width: 609px) 100vw, 609px\" \/><figcaption id=\"caption-attachment-127150\" class=\"wp-caption-text\">Camila Coutinho- Criadora da GE Beauty. Imagem: Pinterest.<\/figcaption><\/figure>\n<p><strong>Camila Coutinho<\/strong> se destacou como uma das primeiras influenciadoras digitais de moda no Brasil. Sua transi\u00e7\u00e3o do blog Garotas Est\u00fapidas para a linha<strong> GE Beauty<\/strong> exemplifica a import\u00e2ncia de acompanhar tend\u00eancias e focar na cria\u00e7\u00e3o de neg\u00f3cios pr\u00f3prios, apoiando-se na for\u00e7a da comunidade.<\/p>\n<h2>10. Nathalia Arcuri: Educa\u00e7\u00e3o financeira com leveza<\/h2>\n<figure id=\"attachment_127151\" aria-describedby=\"caption-attachment-127151\" style=\"width: 597px\" class=\"wp-caption aligncenter\"><img decoding=\"async\" class=\"wp-image-127151 \" title=\"Mulher sorridente com cabelo longo em ambiente moderno\" src=\"https:\/\/www.pensarcursos.com.br\/blog\/wp-content\/uploads\/2025\/10\/Nathalia-Arcuri.png\" alt=\"Mulher jovem sorridente, cabelo longo e escuro, vestindo roupa azul, em fundo desfocado com lumin\u00e1rias roxas\" width=\"597\" height=\"606\" srcset=\"https:\/\/www.pensarcursos.com.br\/blog\/wp-content\/uploads\/2025\/10\/Nathalia-Arcuri.png 496w, https:\/\/www.pensarcursos.com.br\/blog\/wp-content\/uploads\/2025\/10\/Nathalia-Arcuri-295x300.png 295w, https:\/\/www.pensarcursos.com.br\/blog\/wp-content\/uploads\/2025\/10\/Nathalia-Arcuri-75x75.png 75w\" sizes=\"(max-width: 597px) 100vw, 597px\" \/><figcaption id=\"caption-attachment-127151\" class=\"wp-caption-text\">Nathalia Arcuri- CEO de uma edtech financeira. Imagem: Pinterest.<\/figcaption><\/figure>\n<p><strong>Nathalia Arcuri<\/strong>, ex-rep\u00f3rter de TV, fundou o <strong>Me Poupe<\/strong>! para democratizar o acesso \u00e0 educa\u00e7\u00e3o financeira. Sua abordagem acess\u00edvel e bem-humorada traz impactos positivos ao empoderar milhares de brasileiros a conquistarem liberdade e novas oportunidades profissionais.<\/p>\n<h2>Mudan\u00e7a de CLT: aprenda com exemplos reais<\/h2>\n<p>Estas hist\u00f3rias mostram que abandonar uma carreira tradicional n\u00e3o \u00e9 sin\u00f4nimo de instabilidade, mas sim de novos come\u00e7os com potencial para reconhecimento e sucesso. O mercado valoriza autonomia, criatividade e a capacidade de solucionar problemas &#8211; compet\u00eancias demonstradas por todos os nomes citados.<\/p>\n<p>Se voc\u00ea deseja sair do modelo CLT, inspire-se nessas trajet\u00f3rias. \u00c9 poss\u00edvel construir uma carreira com mais significado e prop\u00f3sito, seja na cria\u00e7\u00e3o de neg\u00f3cios pr\u00f3prios, na valoriza\u00e7\u00e3o de habilidades pessoais ou na transforma\u00e7\u00e3o de um hobby em fonte de renda.<\/p>\n<h3>Como aplicar os aprendizados na sua trajet\u00f3ria<\/h3>\n<ul>\n<li><strong>Identifique oportunidades<\/strong>: Observe sua experi\u00eancia atual e busque formas de solucion\u00e1-la para outras pessoas.<\/li>\n<li><strong>Aposte em atualiza\u00e7\u00e3o<\/strong>: Invista em conhecimento e esteja por dentro das tend\u00eancias do seu setor.<\/li>\n<li><strong>Supere o medo do fracasso<\/strong>: Todos os casos apresentados passaram por desafios. A persist\u00eancia \u00e9 fundamental.<\/li>\n<li><strong>Crie conex\u00f5es<\/strong>: Compartilhe e busque inspira\u00e7\u00e3o em outros empreendedores.<\/li>\n<\/ul>\n<p>Descobrir exemplos de sucesso \u00e9 o primeiro passo, mas transformar inspira\u00e7\u00e3o em atitude \u00e9 o que realmente faz diferen\u00e7a para quem quer ir al\u00e9m do CLT e construir uma hist\u00f3ria \u00fanica.<\/p>\n<h3>Pronto para sair da zona de conforto?<\/h3>\n<p>O que voc\u00ea est\u00e1 esperando para repensar sua trajet\u00f3ria profissional? As hist\u00f3rias apresentadas mostram que \u00e9 poss\u00edvel sim construir um legado fora do regime tradicional. Planejamento, coragem e dedica\u00e7\u00e3o s\u00e3o ingredientes indispens\u00e1veis nessa caminhada de transforma\u00e7\u00e3o. Continue acompanhando o <a href=\"https:\/\/www.pensarcursos.com.br\/blog\/\" target=\"_blank\" rel=\"noopener\">Pensar Cursos<\/a> para mais conte\u00fados como este!<\/p>\n<h2>Perguntas Frequentes<\/h2>\n<ul>\n<li><strong>O que \u00e9 preciso para sair do CLT com seguran\u00e7a?<\/strong> Ter planejamento financeiro, conhecer o setor desejado e buscar capacita\u00e7\u00e3o aumentam as chances de sucesso ao deixar o regime CLT.<\/li>\n<li><strong>\u00c9 poss\u00edvel empreender sem experi\u00eancia pr\u00e9via?<\/strong> Sim. Muitas hist\u00f3rias mostram que pessoas sem experi\u00eancia anterior aprenderam ao longo do processo e conquistaram visibilidade com dedica\u00e7\u00e3o.<\/li>\n<li><strong>Sair do CLT vale a pena?<\/strong> Isso depende do perfil e dos objetivos de cada um, mas h\u00e1 muitos casos de sucesso que mostram que, com estrat\u00e9gia, pode ser gratificante.<\/li>\n<li><strong>Como acessar cursos para quem quer empreender?<\/strong> Existem diversas plataformas e institui\u00e7\u00f5es que oferecem cursos gratuitos e pagos para quem deseja empreender e se atualizar.<\/li>\n<li><strong>Qual o principal desafio ao largar o CLT?<\/strong> O medo da instabilidade financeira \u00e9 o maior desafio, mas pode ser minimizado com planejamento e constru\u00e7\u00e3o de uma boa rede de contatos.<\/li>\n<li><strong>Hist\u00f3rias reais podem ajudar na decis\u00e3o?<\/strong> Sim, j\u00e1 que exemplos concretos trazem aprendizado pr\u00e1tico e motivam a deixar a zona de conforto.<\/li>\n<li><strong>Existe idade certa para deixar o CLT?<\/strong> N\u00e3o h\u00e1 idade limite. O importante \u00e9 ter clareza de prop\u00f3sito e disposi\u00e7\u00e3o para aprender em qualquer fase da vida.<\/li>\n<li><strong>Mulheres tamb\u00e9m conseguem se destacar fora do CLT?<\/strong> Diversos exemplos provam que sim, especialmente quando h\u00e1 rede de apoio e acesso ao conhecimento.<\/li>\n<li><strong>Como definir se \u00e9 o momento certo para sair do CLT?<\/strong> Avalie sua situa\u00e7\u00e3o financeira, analise riscos e oportunidades e trace metas realistas antes de tomar a decis\u00e3o.<\/li>\n<li><strong>O que fazer se o novo caminho n\u00e3o der certo?<\/strong> Encare o fracasso como parte do aprendizado. Reavalie estrat\u00e9gias e continue buscando alternativas.<\/li>\n<\/ul>\n<p>Assista o v\u00eddeo a seguir e veja algumas carreiras que necessitam de diploma!<\/p>\n<div class=\"jeg_video_container jeg_video_content\"><iframe title=\"5 carreiras que n\u00e3o precisam de diploma e oferecem sal\u00e1rios acima de R$ 10 mil\" width=\"500\" height=\"281\" src=\"https:\/\/www.youtube.com\/embed\/e3NnR5Y9dBU?feature=oembed\" frameborder=\"0\" allow=\"accelerometer; autoplay; clipboard-write; encrypted-media; gyroscope; picture-in-picture; web-share\" referrerpolicy=\"strict-origin-when-cross-origin\" allowfullscreen><\/iframe><\/div>\n","protected":false},"excerpt":{"rendered":"<p>Deixar o regime CLT e buscar novos rumos pode parecer arriscado para muitos. No entanto, exemplos brasileiros mostram que a mudan\u00e7a de carreira pode abrir portas para realiza\u00e7\u00f5es pessoais e trabalhistas, trazendo mais autonomia e prop\u00f3sito para quem decide empreender ou inovar em outros caminhos. A seguir, veja 10 hist\u00f3rias de pessoas que transformaram desafios [&hellip;]<\/p>\n","protected":false},"author":59,"featured_media":127153,"comment_status":"open","ping_status":"closed","sticky":false,"template":"","format":"standard","meta":{"jnews-multi-image_gallery":[],"jnews_single_post":{"format":"standard","override":[{"template":"1","parallax":"1","fullscreen":"1","layout":"right-sidebar","sidebar":"default-sidebar","second_sidebar":"default-sidebar","sticky_sidebar":"1","share_position":"topbottom","share_float_style":"share-monocrhome","show_featured":"1","show_post_meta":"1","show_post_author":"1","show_post_author_image":"1","show_post_date":"1","post_date_format":"default","post_date_format_custom":"Y\/m\/d","show_post_category":"1","post_reading_time_wpm":"300","post_calculate_word_method":"str_word_count","show_zoom_button":"0","zoom_button_out_step":"2","zoom_button_in_step":"3","show_post_tag":"1","show_prev_next_post":"1","show_popup_post":"1","show_comment_section":"1","number_popup_post":"2","show_author_box":"1","show_post_related":"1","show_inline_post_related":"1"}],"image_override":[{"single_post_thumbnail_size":"crop-500","single_post_gallery_size":"crop-500"}],"trending_post_position":"meta","trending_post_label":"Trending","sponsored_post_label":"Sponsored by","disable_ad":"0","subtitle":"Como brasileiros comuns transformaram desafios em oportunidades e abandonaram o CLT."},"jnews_primary_category":[],"jnews_social_meta":[],"jnews_override_counter":{"view_counter_number":"0","share_counter_number":"0","like_counter_number":"0","dislike_counter_number":"0"},"footnotes":""},"categories":[1947,150,13725],"tags":[1058,196,34635,34636,219,7809],"class_list":["post-127133","post","type-post","status-publish","format-standard","has-post-thumbnail","hentry","category-curiosidades","category-negocios","category-profissoes","tag-clt","tag-empreendedorismo","tag-historias-reais","tag-inspiracao-profissional","tag-mercado-de-trabalho","tag-transformacao"],"yoast_head":"<!-- This site is optimized with the Yoast SEO Premium plugin v27.5 (Yoast SEO v27.5) - https:\/\/yoast.com\/product\/yoast-seo-premium-wordpress\/ -->\n<title>Quer sair do CLT? Inspire-se com 10 hist\u00f3rias reais de transforma\u00e7\u00e3o - Blog Pensar Cursos<\/title>\n<meta name=\"description\" content=\"Quer sair do CLT? Conhe\u00e7a 10 hist\u00f3rias reais de brasileiros que transformaram desafios em grandes conquistas e inspire-se para mudar seu destino profissional em 2025.\" \/>\n<meta name=\"robots\" content=\"index, follow, max-snippet:-1, max-image-preview:large, max-video-preview:-1\" \/>\n<link rel=\"canonical\" href=\"https:\/\/www.pensarcursos.com.br\/blog\/quer-sair-do-clt-inspire-se-com-10-historias-reais-de-transformacao\/\" \/>\n<meta property=\"og:locale\" content=\"pt_BR\" \/>\n<meta property=\"og:type\" content=\"article\" \/>\n<meta property=\"og:title\" content=\"Quer sair do CLT? Inspire-se com 10 hist\u00f3rias reais de transforma\u00e7\u00e3o\" \/>\n<meta property=\"og:description\" content=\"Quer sair do CLT? Conhe\u00e7a 10 hist\u00f3rias reais de brasileiros que transformaram desafios em grandes conquistas e inspire-se para mudar seu destino profissional em 2025.\" \/>\n<meta property=\"og:url\" content=\"https:\/\/www.pensarcursos.com.br\/blog\/quer-sair-do-clt-inspire-se-com-10-historias-reais-de-transformacao\/\" \/>\n<meta property=\"og:site_name\" content=\"Blog Pensar Cursos\" \/>\n<meta property=\"article:publisher\" content=\"https:\/\/www.facebook.com\/pensarcursos\/\" \/>\n<meta property=\"article:published_time\" content=\"2025-10-29T11:39:06+00:00\" \/>\n<meta property=\"og:image\" content=\"https:\/\/www.pensarcursos.com.br\/blog\/wp-content\/uploads\/2025\/10\/carreiras.png\" \/>\n\t<meta property=\"og:image:width\" content=\"1200\" \/>\n\t<meta property=\"og:image:height\" content=\"1039\" \/>\n\t<meta property=\"og:image:type\" content=\"image\/png\" \/>\n<meta name=\"author\" content=\"Giovanna Costa\" \/>\n<meta name=\"twitter:card\" content=\"summary_large_image\" \/>\n<meta name=\"twitter:label1\" content=\"Escrito por\" \/>\n\t<meta name=\"twitter:data1\" content=\"Giovanna Costa\" \/>\n\t<meta name=\"twitter:label2\" content=\"Est. tempo de leitura\" \/>\n\t<meta name=\"twitter:data2\" content=\"10 minutos\" \/>\n<!-- \/ Yoast SEO Premium plugin. -->","yoast_head_json":{"title":"Quer sair do CLT? Inspire-se com 10 hist\u00f3rias reais de transforma\u00e7\u00e3o - Blog Pensar Cursos","description":"Quer sair do CLT? Conhe\u00e7a 10 hist\u00f3rias reais de brasileiros que transformaram desafios em grandes conquistas e inspire-se para mudar seu destino profissional em 2025.","robots":{"index":"index","follow":"follow","max-snippet":"max-snippet:-1","max-image-preview":"max-image-preview:large","max-video-preview":"max-video-preview:-1"},"canonical":"https:\/\/www.pensarcursos.com.br\/blog\/quer-sair-do-clt-inspire-se-com-10-historias-reais-de-transformacao\/","og_locale":"pt_BR","og_type":"article","og_title":"Quer sair do CLT? Inspire-se com 10 hist\u00f3rias reais de transforma\u00e7\u00e3o","og_description":"Quer sair do CLT? Conhe\u00e7a 10 hist\u00f3rias reais de brasileiros que transformaram desafios em grandes conquistas e inspire-se para mudar seu destino profissional em 2025.","og_url":"https:\/\/www.pensarcursos.com.br\/blog\/quer-sair-do-clt-inspire-se-com-10-historias-reais-de-transformacao\/","og_site_name":"Blog Pensar Cursos","article_publisher":"https:\/\/www.facebook.com\/pensarcursos\/","article_published_time":"2025-10-29T11:39:06+00:00","og_image":[{"width":1200,"height":1039,"url":"https:\/\/www.pensarcursos.com.br\/blog\/wp-content\/uploads\/2025\/10\/carreiras.png","type":"image\/png"}],"author":"Giovanna Costa","twitter_card":"summary_large_image","twitter_misc":{"Escrito por":"Giovanna Costa","Est. tempo de leitura":"10 minutos"},"schema":{"@context":"https:\/\/schema.org","@graph":[{"@type":["Article","BlogPosting"],"@id":"https:\/\/www.pensarcursos.com.br\/blog\/quer-sair-do-clt-inspire-se-com-10-historias-reais-de-transformacao\/#article","isPartOf":{"@id":"https:\/\/www.pensarcursos.com.br\/blog\/quer-sair-do-clt-inspire-se-com-10-historias-reais-de-transformacao\/"},"author":{"name":"Giovanna Costa","@id":"https:\/\/www.pensarcursos.com.br\/blog\/#\/schema\/person\/a5d1be05908f7a0c04a39763af349caa"},"headline":"Quer sair do CLT? Inspire-se com 10 hist\u00f3rias reais de transforma\u00e7\u00e3o","datePublished":"2025-10-29T11:39:06+00:00","mainEntityOfPage":{"@id":"https:\/\/www.pensarcursos.com.br\/blog\/quer-sair-do-clt-inspire-se-com-10-historias-reais-de-transformacao\/"},"wordCount":1394,"commentCount":0,"publisher":{"@id":"https:\/\/www.pensarcursos.com.br\/blog\/#organization"},"image":{"@id":"https:\/\/www.pensarcursos.com.br\/blog\/quer-sair-do-clt-inspire-se-com-10-historias-reais-de-transformacao\/#primaryimage"},"thumbnailUrl":"https:\/\/www.pensarcursos.com.br\/blog\/wp-content\/uploads\/2025\/10\/carreiras.png","keywords":["CLT","Empreendedorismo","historias reais","inspiracao profissional","mercado de trabalho","transforma\u00e7\u00e3o"],"articleSection":["Curiosidades","Neg\u00f3cios","Profiss\u00f5es"],"inLanguage":"pt-BR","potentialAction":[{"@type":"CommentAction","name":"Comment","target":["https:\/\/www.pensarcursos.com.br\/blog\/quer-sair-do-clt-inspire-se-com-10-historias-reais-de-transformacao\/#respond"]}],"copyrightYear":"2025","copyrightHolder":{"@id":"https:\/\/www.pensarcursos.com.br\/blog\/#organization"}},{"@type":"WebPage","@id":"https:\/\/www.pensarcursos.com.br\/blog\/quer-sair-do-clt-inspire-se-com-10-historias-reais-de-transformacao\/","url":"https:\/\/www.pensarcursos.com.br\/blog\/quer-sair-do-clt-inspire-se-com-10-historias-reais-de-transformacao\/","name":"Quer sair do CLT? Inspire-se com 10 hist\u00f3rias reais de transforma\u00e7\u00e3o - Blog Pensar Cursos","isPartOf":{"@id":"https:\/\/www.pensarcursos.com.br\/blog\/#website"},"primaryImageOfPage":{"@id":"https:\/\/www.pensarcursos.com.br\/blog\/quer-sair-do-clt-inspire-se-com-10-historias-reais-de-transformacao\/#primaryimage"},"image":{"@id":"https:\/\/www.pensarcursos.com.br\/blog\/quer-sair-do-clt-inspire-se-com-10-historias-reais-de-transformacao\/#primaryimage"},"thumbnailUrl":"https:\/\/www.pensarcursos.com.br\/blog\/wp-content\/uploads\/2025\/10\/carreiras.png","datePublished":"2025-10-29T11:39:06+00:00","description":"Quer sair do CLT? Conhe\u00e7a 10 hist\u00f3rias reais de brasileiros que transformaram desafios em grandes conquistas e inspire-se para mudar seu destino profissional em 2025.","breadcrumb":{"@id":"https:\/\/www.pensarcursos.com.br\/blog\/quer-sair-do-clt-inspire-se-com-10-historias-reais-de-transformacao\/#breadcrumb"},"inLanguage":"pt-BR","potentialAction":[{"@type":"ReadAction","target":["https:\/\/www.pensarcursos.com.br\/blog\/quer-sair-do-clt-inspire-se-com-10-historias-reais-de-transformacao\/"]}]},{"@type":"ImageObject","inLanguage":"pt-BR","@id":"https:\/\/www.pensarcursos.com.br\/blog\/quer-sair-do-clt-inspire-se-com-10-historias-reais-de-transformacao\/#primaryimage","url":"https:\/\/www.pensarcursos.com.br\/blog\/wp-content\/uploads\/2025\/10\/carreiras.png","contentUrl":"https:\/\/www.pensarcursos.com.br\/blog\/wp-content\/uploads\/2025\/10\/carreiras.png","width":1200,"height":1039,"caption":"Como sair do emprego tradicional e conquistar independ\u00eancia. Imagem: Pinterest."},{"@type":"BreadcrumbList","@id":"https:\/\/www.pensarcursos.com.br\/blog\/quer-sair-do-clt-inspire-se-com-10-historias-reais-de-transformacao\/#breadcrumb","itemListElement":[{"@type":"ListItem","position":1,"name":"Home","item":"https:\/\/www.pensarcursos.com.br\/blog\/"},{"@type":"ListItem","position":2,"name":"Quer sair do CLT? Inspire-se com 10 hist\u00f3rias reais de transforma\u00e7\u00e3o"}]},{"@type":"WebSite","@id":"https:\/\/www.pensarcursos.com.br\/blog\/#website","url":"https:\/\/www.pensarcursos.com.br\/blog\/","name":"Blog Pensar Cursos","description":"Maior Site de Cursos do Brasil","publisher":{"@id":"https:\/\/www.pensarcursos.com.br\/blog\/#organization"},"alternateName":"Blog Pensar","potentialAction":[{"@type":"SearchAction","target":{"@type":"EntryPoint","urlTemplate":"https:\/\/www.pensarcursos.com.br\/blog\/?s={search_term_string}"},"query-input":{"@type":"PropertyValueSpecification","valueRequired":true,"valueName":"search_term_string"}}],"inLanguage":"pt-BR"},{"@type":"Organization","@id":"https:\/\/www.pensarcursos.com.br\/blog\/#organization","name":"Pensar Cursos","alternateName":"Blog pensar","url":"https:\/\/www.pensarcursos.com.br\/blog\/","logo":{"@type":"ImageObject","inLanguage":"pt-BR","@id":"https:\/\/www.pensarcursos.com.br\/blog\/#\/schema\/logo\/image\/","url":"https:\/\/www.pensarcursos.com.br\/blog\/wp-content\/uploads\/2023\/11\/Nova-Logo-Pensar-Cursos-vertical.png","contentUrl":"https:\/\/www.pensarcursos.com.br\/blog\/wp-content\/uploads\/2023\/11\/Nova-Logo-Pensar-Cursos-vertical.png","width":1393,"height":1001,"caption":"Pensar Cursos"},"image":{"@id":"https:\/\/www.pensarcursos.com.br\/blog\/#\/schema\/logo\/image\/"},"sameAs":["https:\/\/www.facebook.com\/pensarcursos\/","https:\/\/instagram.com.br\/pensarcursos"],"description":"Pensar Cursos \u00e9 uma empresa especializada em oferecer cursos de alta qualidade voltados para o desenvolvimento profissional e acad\u00eamico. Com uma ampla gama de op\u00e7\u00f5es de treinamento, oferecemos conte\u00fados atualizados, ministrados por especialistas da \u00e1rea, para capacitar indiv\u00edduos e equipes a atingirem seus objetivos. Nossa miss\u00e3o \u00e9 proporcionar uma educa\u00e7\u00e3o transformadora, acess\u00edvel e personalizada para cada aluno, seja em cursos presenciais ou online. Com uma abordagem inovadora, buscamos adaptar os nossos programas de ensino \u00e0s necessidades do mercado, criando solu\u00e7\u00f5es que atendem aos desafios e exig\u00eancias do mundo corporativo e acad\u00eamico. Nossos cursos incluem desde forma\u00e7\u00f5es t\u00e9cnicas at\u00e9 habilidades essenciais, como lideran\u00e7a, gest\u00e3o e desenvolvimento pessoal.","email":"contato@pensarcursos.com.br","legalName":"Sena Servi\u00e7os de Informa\u00e7\u00e3o Online LTDA","foundingDate":"2013-04-18","vatID":"17956217000172","numberOfEmployees":{"@type":"QuantitativeValue","minValue":"11","maxValue":"50"},"publishingPrinciples":"https:\/\/www.pensarcursos.com.br\/blog\/principios-de-publicacao\/","ownershipFundingInfo":"https:\/\/www.pensarcursos.com.br\/blog\/informacoes-de-propriedade-financiamento\/","actionableFeedbackPolicy":"https:\/\/www.pensarcursos.com.br\/blog\/politica-de-feedback-acionavel\/","correctionsPolicy":"https:\/\/www.pensarcursos.com.br\/blog\/politica-de-correcoes\/","ethicsPolicy":"https:\/\/www.pensarcursos.com.br\/blog\/politica-de-etica\/"},{"@type":"Person","@id":"https:\/\/www.pensarcursos.com.br\/blog\/#\/schema\/person\/a5d1be05908f7a0c04a39763af349caa","name":"Giovanna Costa","image":{"@type":"ImageObject","inLanguage":"pt-BR","@id":"https:\/\/secure.gravatar.com\/avatar\/32eceabdd13a7225f5e69c9730b6ebc8660a44bfd2758a8be3a56e1f68ea838e?s=96&d=mm&r=g","url":"https:\/\/secure.gravatar.com\/avatar\/32eceabdd13a7225f5e69c9730b6ebc8660a44bfd2758a8be3a56e1f68ea838e?s=96&d=mm&r=g","contentUrl":"https:\/\/secure.gravatar.com\/avatar\/32eceabdd13a7225f5e69c9730b6ebc8660a44bfd2758a8be3a56e1f68ea838e?s=96&d=mm&r=g","caption":"Giovanna Costa"},"description":"Graduanda em Letras pela Universidade do Estado da Bahia(UNEB). Redatora grupo Sena Online","sameAs":["https:\/\/www.instagram.com\/_giovanna.costaa"],"url":"https:\/\/www.pensarcursos.com.br\/blog\/author\/giovannacosta\/"}]}},"_links":{"self":[{"href":"https:\/\/www.pensarcursos.com.br\/blog\/wp-json\/wp\/v2\/posts\/127133","targetHints":{"allow":["GET"]}}],"collection":[{"href":"https:\/\/www.pensarcursos.com.br\/blog\/wp-json\/wp\/v2\/posts"}],"about":[{"href":"https:\/\/www.pensarcursos.com.br\/blog\/wp-json\/wp\/v2\/types\/post"}],"author":[{"embeddable":true,"href":"https:\/\/www.pensarcursos.com.br\/blog\/wp-json\/wp\/v2\/users\/59"}],"replies":[{"embeddable":true,"href":"https:\/\/www.pensarcursos.com.br\/blog\/wp-json\/wp\/v2\/comments?post=127133"}],"version-history":[{"count":0,"href":"https:\/\/www.pensarcursos.com.br\/blog\/wp-json\/wp\/v2\/posts\/127133\/revisions"}],"wp:featuredmedia":[{"embeddable":true,"href":"https:\/\/www.pensarcursos.com.br\/blog\/wp-json\/wp\/v2\/media\/127153"}],"wp:attachment":[{"href":"https:\/\/www.pensarcursos.com.br\/blog\/wp-json\/wp\/v2\/media?parent=127133"}],"wp:term":[{"taxonomy":"category","embeddable":true,"href":"https:\/\/www.pensarcursos.com.br\/blog\/wp-json\/wp\/v2\/categories?post=127133"},{"taxonomy":"post_tag","embeddable":true,"href":"https:\/\/www.pensarcursos.com.br\/blog\/wp-json\/wp\/v2\/tags?post=127133"}],"curies":[{"name":"wp","href":"https:\/\/api.w.org\/{rel}","templated":true}]}}