{"id":126442,"date":"2025-10-24T20:19:54","date_gmt":"2025-10-24T23:19:54","guid":{"rendered":"https:\/\/www.pensarcursos.com.br\/blog\/?p=126442"},"modified":"2025-10-24T15:16:16","modified_gmt":"2025-10-24T18:16:16","slug":"pe-de-meia-tem-data-caixa-paga-beneficio-a-partir-da-proxima-segunda-27","status":"publish","type":"post","link":"https:\/\/www.pensarcursos.com.br\/blog\/pe-de-meia-tem-data-caixa-paga-beneficio-a-partir-da-proxima-segunda-27\/","title":{"rendered":"P\u00e9-de-Meia tem data: CAIXA paga benef\u00edcio a partir da pr\u00f3xima segunda (27)"},"content":{"rendered":"<p>Com o fim do m\u00eas se aproximando, estudantes do ensino m\u00e9dio da rede p\u00fablica j\u00e1 se preparam para receber a nova parcela do <a href=\"https:\/\/www.pensarcursos.com.br\/blog\/pe-de-meia-2025-libera-8a-parcela-de-r-200\/\" target=\"_blank\" rel=\"noopener\"><strong>P\u00e9-de-Meia<\/strong><\/a>. O benef\u00edcio foi criado para incentivar a perman\u00eancia dos jovens na escola e vai liberar seu pr\u00f3ximo pagamento a partir da pr\u00f3xima segunda-feira, <strong>dia 27<\/strong>.<\/p>\n<p>O valor deste m\u00eas corresponde ao<a href=\"https:\/\/www.pensarcursos.com.br\/blog\/pe-de-meia-veja-as-datas-de-pagamento-do-incentivo-frequencia-ate-dezembro-de-2025\/\" target=\"_blank\" rel=\"noopener\">\u00a0<strong>Incentivo-Frequ\u00eancia<\/strong><\/a>, dispon\u00edvel apenas para quem manteve pelo menos 80% de presen\u00e7a nas aulas, segundo os registros das secretarias estaduais. O pagamento \u00e9 escalonado conforme o m\u00eas de nascimento de cada aluno<\/p>\n<h2>Calend\u00e1rio de pagamentos do P\u00e9-de-Meia em outubro<\/h2>\n<p>O repasse inicia no dia 27 de outubro e segue at\u00e9 3 de novembro, conforme o m\u00eas de nascimento dos estudantes. Veja como ficou a divis\u00e3o das datas:<\/p>\n<table>\n<thead>\n<tr>\n<th>M\u00eas de nascimento<\/th>\n<th>Data do pagamento<\/th>\n<th>Dia da semana<\/th>\n<\/tr>\n<\/thead>\n<tbody>\n<tr>\n<td>Janeiro e Fevereiro<\/td>\n<td>27 de outubro<\/td>\n<td>Segunda-feira<\/td>\n<\/tr>\n<tr>\n<td>Mar\u00e7o e Abril<\/td>\n<td>28 de outubro<\/td>\n<td>Ter\u00e7a-feira<\/td>\n<\/tr>\n<tr>\n<td>Maio e Junho<\/td>\n<td>29 de outubro<\/td>\n<td>Quarta-feira<\/td>\n<\/tr>\n<tr>\n<td>Julho e Agosto<\/td>\n<td>30 de outubro<\/td>\n<td>Quinta-feira<\/td>\n<\/tr>\n<tr>\n<td>Setembro e Outubro<\/td>\n<td>31 de outubro<\/td>\n<td>Sexta-feira<\/td>\n<\/tr>\n<tr>\n<td>Novembro e Dezembro<\/td>\n<td>3 de novembro<\/td>\n<td>Segunda-feira<\/td>\n<\/tr>\n<\/tbody>\n<\/table>\n<p>Cada estudante deve ficar atento ao seu m\u00eas de nascimento para acompanhar o cr\u00e9dito do valor. O benef\u00edcio \u00e9 depositado automaticamente em conta digital no aplicativo <a href=\"https:\/\/play.google.com\/store\/apps\/details?id=br.gov.caixa.tem&amp;hl=pt_BR\" target=\"_blank\" rel=\"noopener\">Caixa Tem<\/a>, sem necessidade de comparecimento presencial.<\/p>\n<h2>Como funciona o P\u00e9-de-Meia: Incentivos al\u00e9m da frequ\u00eancia<\/h2>\n<p>O programa n\u00e3o se resume ao repasse mensal do Incentivo Frequ\u00eancia. Existem outras categorias de pagamentos, que visam estimular o desempenho e promover a continuidade nos estudos:<\/p>\n<ul>\n<li><strong>Incentivo-Matr\u00edcula:<\/strong> Valor \u00fanico de R$ 200 para quem realiza a matr\u00edcula em qualquer s\u00e9rie do ensino m\u00e9dio p\u00fablico.<\/li>\n<li><strong>Incentivo-Frequ\u00eancia:<\/strong> Repasse mensal de R$ 200, pago em 9 parcelas para estudantes com frequ\u00eancia m\u00ednima exigida.<\/li>\n<li><strong>Incentivo-Conclus\u00e3o:<\/strong> R$ 1.000 por ano, destinado a alunos que finalizam e s\u00e3o aprovados ao fim do ano letivo.<\/li>\n<li><strong>Incentivo-Enem:<\/strong> Pagamento extra de R$ 200 para quem cursa o 3\u00ba ano e participa dos dois dias de prova do ENEM.<\/li>\n<\/ul>\n<p>Se o aluno benefici\u00e1rio estiver estudando no 3\u00ba ano do ensino m\u00e9dio e cumprir com todas as regras estabelecidas, o valor total recebido ao final do ano letivo pode chegar a R$ 3.200,00.<\/p>\n<figure id=\"attachment_126462\" aria-describedby=\"caption-attachment-126462\" style=\"width: 1024px\" class=\"wp-caption aligncenter\"><img decoding=\"async\" class=\"wp-image-126462 size-large\" title=\"P\u00e9-de-Meia: Pagamento de Outubro para Alunos com 80% de Frequ\u00eancia\" src=\"https:\/\/www.pensarcursos.com.br\/blog\/wp-content\/uploads\/2025\/10\/Pe-de-meia2-3-1024x683.webp\" alt=\"Jovem estudante da rede p\u00fablica feliz, apontando para o logo do programa P\u00e9-de-Meia e notas de R$ 100,00. Imagem referente ao pagamento do Incentivo Frequ\u00eancia de R$ 200.\" width=\"1024\" height=\"683\" srcset=\"https:\/\/www.pensarcursos.com.br\/blog\/wp-content\/uploads\/2025\/10\/Pe-de-meia2-3-1024x683.webp 1024w, https:\/\/www.pensarcursos.com.br\/blog\/wp-content\/uploads\/2025\/10\/Pe-de-meia2-3-300x200.webp 300w, https:\/\/www.pensarcursos.com.br\/blog\/wp-content\/uploads\/2025\/10\/Pe-de-meia2-3-768x512.webp 768w, https:\/\/www.pensarcursos.com.br\/blog\/wp-content\/uploads\/2025\/10\/Pe-de-meia2-3-750x500.webp 750w, https:\/\/www.pensarcursos.com.br\/blog\/wp-content\/uploads\/2025\/10\/Pe-de-meia2-3-1140x760.webp 1140w, https:\/\/www.pensarcursos.com.br\/blog\/wp-content\/uploads\/2025\/10\/Pe-de-meia2-3.webp 1200w\" sizes=\"(max-width: 1024px) 100vw, 1024px\" \/><figcaption id=\"caption-attachment-126462\" class=\"wp-caption-text\">Confira as datas e condi\u00e7\u00f5es para o recebimento do P\u00e9-de-Meia neste m\u00eas. Imagem: Pensar Cursos Blog.<\/figcaption><\/figure>\n<h2>Regras para receber o benef\u00edcio em 2025<\/h2>\n<p>Para participar do P\u00e9-de-Meia, n\u00e3o \u00e9 necess\u00e1ria inscri\u00e7\u00e3o. O estudante deve ter CPF, estar matriculado no ensino m\u00e9dio (rede p\u00fablica), ter entre 14 e 24 anos e ser parte de fam\u00edlias cadastradas no Cadastro \u00danico.<\/p>\n<p>A sele\u00e7\u00e3o \u00e9 feita automaticamente pelo MEC, com base em dados fornecidos pelas secretarias regionais, respeitando o n\u00famero de vagas e o or\u00e7amento dispon\u00edvel.<\/p>\n<p>O programa tamb\u00e9m foi expandido para incluir estudantes da EJA e professores de licenciatura, mantendo o compromisso com pol\u00edticas educacionais inclusivas. O aplicativo Jornada do Estudante permite acessar informa\u00e7\u00f5es sobre repasses, calend\u00e1rio e pend\u00eancias.<\/p>\n<h3>Dicas para utilizar o benef\u00edcio de maneira consciente<\/h3>\n<p>Com o dinheiro extra, muitos adolescentes t\u00eam a primeira experi\u00eancia de administrar valores pr\u00f3prios. Por isso, \u00e9 indicado que estudantes e respons\u00e1veis discutam juntos o uso desse recurso. Entre as orienta\u00e7\u00f5es poss\u00edveis:<\/p>\n<ul>\n<li>Priorizar gastos com material escolar, transportes e alimenta\u00e7\u00e3o.<\/li>\n<li>Evitar compras por impulso e aplicativos de jogos online.<\/li>\n<li>Guardar parte do valor para emerg\u00eancias ou oportunidades futuras.<\/li>\n<li>Buscar informa\u00e7\u00f5es seguras sobre educa\u00e7\u00e3o financeira.<\/li>\n<\/ul>\n<p>Informa\u00e7\u00f5es atuais sobre benef\u00edcios est\u00e3o dispon\u00edveis no <a href=\"https:\/\/www.pensarcursos.com.br\/blog\/como-funciona-o-pe-de-meia-beneficio-para-estudantes-do-ensino-medio\" target=\"_blank\" rel=\"noopener\">Pensar Cursos blog<\/a>.<\/p>\n<h2>D\u00favidas frequentes<\/h2>\n<p><strong>O que \u00e9 o P\u00e9-de-Meia?<\/strong><\/p>\n<p>\u00c9 um programa de incentivo criado pelo MEC para apoiar estudantes do ensino m\u00e9dio com repasses financeiros mensais.<\/p>\n<p><strong>Quais s\u00e3o os principais crit\u00e9rios para receber os pagamentos?<\/strong><br \/>\nMatr\u00edcula ativa, presen\u00e7a m\u00ednima exigida e cumprimento das regras do programa.<\/p>\n<p><strong>O p\u00e9-de-meia afeta o recebimento de outros aux\u00edlios?<\/strong><\/p>\n<p>O recebimento do p\u00e9-de-meia n\u00e3o interfere em benef\u00edcios como Bolsa Fam\u00edlia, pois s\u00e3o programas distintos.<\/p>\n<p><strong>E se houver erro nos dados informados?<\/strong><\/p>\n<p>Corre\u00e7\u00f5es podem ser solicitadas pelas redes de ensino \u00e0 SEB\/MEC para ajustes.<\/p>\n<div class=\"jeg_video_container jeg_video_content\"><iframe title=\"Ganhe R$ 200 no Enem 2025! Veja Como Conquistar Esse Benef\u00edcio AGORA!\" width=\"500\" height=\"281\" src=\"https:\/\/www.youtube.com\/embed\/sNh-Rvtb_Oc?feature=oembed\" frameborder=\"0\" allow=\"accelerometer; autoplay; clipboard-write; encrypted-media; gyroscope; picture-in-picture; web-share\" referrerpolicy=\"strict-origin-when-cross-origin\" allowfullscreen><\/iframe><\/div>\n","protected":false},"excerpt":{"rendered":"<p>Com o fim do m\u00eas se aproximando, estudantes do ensino m\u00e9dio da rede p\u00fablica j\u00e1 se preparam para receber a nova parcela do P\u00e9-de-Meia. O benef\u00edcio foi criado para incentivar a perman\u00eancia dos jovens na escola e vai liberar seu pr\u00f3ximo pagamento a partir da pr\u00f3xima segunda-feira, dia 27. O valor deste m\u00eas corresponde ao\u00a0Incentivo-Frequ\u00eancia, [&hellip;]<\/p>\n","protected":false},"author":56,"featured_media":126454,"comment_status":"open","ping_status":"closed","sticky":false,"template":"","format":"standard","meta":{"jnews-multi-image_gallery":[],"jnews_single_post":{"subtitle":"Pagamentos do P\u00e9-de-Meia come\u00e7am em outubro; saiba quem recebe e como funciona o benef\u00edcio","format":"standard","override":[{"template":"1","parallax":"1","fullscreen":"1","layout":"right-sidebar","sidebar":"default-sidebar","second_sidebar":"default-sidebar","sticky_sidebar":"1","share_position":"topbottom","share_float_style":"share-monocrhome","show_featured":"1","show_post_meta":"1","show_post_author":"1","show_post_author_image":"1","show_post_date":"1","post_date_format":"default","post_date_format_custom":"Y\/m\/d","show_post_category":"1","post_reading_time_wpm":"300","post_calculate_word_method":"str_word_count","show_zoom_button":"0","zoom_button_out_step":"2","zoom_button_in_step":"3","show_post_tag":"1","show_prev_next_post":"1","show_popup_post":"1","show_comment_section":"1","number_popup_post":"2","show_author_box":"1","show_post_related":"1","show_inline_post_related":"1"}],"image_override":[{"single_post_thumbnail_size":"crop-500","single_post_gallery_size":"crop-500"}],"trending_post_position":"meta","trending_post_label":"Trending","sponsored_post_label":"Sponsored by","disable_ad":"0"},"jnews_primary_category":[],"jnews_social_meta":[],"jnews_override_counter":{"view_counter_number":"0","share_counter_number":"0","like_counter_number":"0","dislike_counter_number":"0"},"footnotes":""},"categories":[1657,17201],"tags":[1950,27379,33469,9298],"class_list":["post-126442","post","type-post","status-publish","format-standard","has-post-thumbnail","hentry","category-beneficios-sociais","category-pe-de-meia","tag-beneficios-sociais","tag-incentivo-frequencia","tag-pagamento-ensino-medio","tag-pe-de-meia"],"yoast_head":"<!-- This site is optimized with the Yoast SEO Premium plugin v27.5 (Yoast SEO v27.5) - https:\/\/yoast.com\/product\/yoast-seo-premium-wordpress\/ -->\n<title>P\u00e9-de-Meia tem data: CAIXA paga benef\u00edcio a partir da pr\u00f3xima segunda (27) - Blog Pensar Cursos<\/title>\n<meta name=\"description\" content=\"Descubra as datas e regras do p\u00e9-de-meia: CAIXA come\u00e7a a pagar o benef\u00edcio a estudantes do ensino m\u00e9dio p\u00fablico a partir de 27 de outubro.\" \/>\n<meta name=\"robots\" content=\"index, follow, max-snippet:-1, max-image-preview:large, max-video-preview:-1\" \/>\n<link rel=\"canonical\" href=\"https:\/\/www.pensarcursos.com.br\/blog\/pe-de-meia-tem-data-caixa-paga-beneficio-a-partir-da-proxima-segunda-27\/\" \/>\n<meta property=\"og:locale\" content=\"pt_BR\" \/>\n<meta property=\"og:type\" content=\"article\" \/>\n<meta property=\"og:title\" content=\"P\u00e9-de-Meia tem data: CAIXA paga benef\u00edcio a partir da pr\u00f3xima segunda (27)\" \/>\n<meta property=\"og:description\" content=\"Descubra as datas e regras do p\u00e9-de-meia: CAIXA come\u00e7a a pagar o benef\u00edcio a estudantes do ensino m\u00e9dio p\u00fablico a partir de 27 de outubro.\" \/>\n<meta property=\"og:url\" content=\"https:\/\/www.pensarcursos.com.br\/blog\/pe-de-meia-tem-data-caixa-paga-beneficio-a-partir-da-proxima-segunda-27\/\" \/>\n<meta property=\"og:site_name\" content=\"Blog Pensar Cursos\" \/>\n<meta property=\"article:publisher\" content=\"https:\/\/www.facebook.com\/pensarcursos\/\" \/>\n<meta property=\"article:published_time\" content=\"2025-10-24T23:19:54+00:00\" \/>\n<meta property=\"og:image\" content=\"https:\/\/www.pensarcursos.com.br\/blog\/wp-content\/uploads\/2025\/10\/Pe-de-meia1-2-1.webp\" \/>\n\t<meta property=\"og:image:width\" content=\"1200\" \/>\n\t<meta property=\"og:image:height\" content=\"800\" \/>\n\t<meta property=\"og:image:type\" content=\"image\/webp\" \/>\n<meta name=\"author\" content=\"Yasmin Santos\" \/>\n<meta name=\"twitter:card\" content=\"summary_large_image\" \/>\n<meta name=\"twitter:label1\" content=\"Escrito por\" \/>\n\t<meta name=\"twitter:data1\" content=\"Yasmin Santos\" \/>\n\t<meta name=\"twitter:label2\" content=\"Est. tempo de leitura\" \/>\n\t<meta name=\"twitter:data2\" content=\"4 minutos\" \/>\n<!-- \/ Yoast SEO Premium plugin. -->","yoast_head_json":{"title":"P\u00e9-de-Meia tem data: CAIXA paga benef\u00edcio a partir da pr\u00f3xima segunda (27) - Blog Pensar Cursos","description":"Descubra as datas e regras do p\u00e9-de-meia: CAIXA come\u00e7a a pagar o benef\u00edcio a estudantes do ensino m\u00e9dio p\u00fablico a partir de 27 de outubro.","robots":{"index":"index","follow":"follow","max-snippet":"max-snippet:-1","max-image-preview":"max-image-preview:large","max-video-preview":"max-video-preview:-1"},"canonical":"https:\/\/www.pensarcursos.com.br\/blog\/pe-de-meia-tem-data-caixa-paga-beneficio-a-partir-da-proxima-segunda-27\/","og_locale":"pt_BR","og_type":"article","og_title":"P\u00e9-de-Meia tem data: CAIXA paga benef\u00edcio a partir da pr\u00f3xima segunda (27)","og_description":"Descubra as datas e regras do p\u00e9-de-meia: CAIXA come\u00e7a a pagar o benef\u00edcio a estudantes do ensino m\u00e9dio p\u00fablico a partir de 27 de outubro.","og_url":"https:\/\/www.pensarcursos.com.br\/blog\/pe-de-meia-tem-data-caixa-paga-beneficio-a-partir-da-proxima-segunda-27\/","og_site_name":"Blog Pensar Cursos","article_publisher":"https:\/\/www.facebook.com\/pensarcursos\/","article_published_time":"2025-10-24T23:19:54+00:00","og_image":[{"width":1200,"height":800,"url":"https:\/\/www.pensarcursos.com.br\/blog\/wp-content\/uploads\/2025\/10\/Pe-de-meia1-2-1.webp","type":"image\/webp"}],"author":"Yasmin Santos","twitter_card":"summary_large_image","twitter_misc":{"Escrito por":"Yasmin Santos","Est. tempo de leitura":"4 minutos"},"schema":{"@context":"https:\/\/schema.org","@graph":[{"@type":["Article","BlogPosting"],"@id":"https:\/\/www.pensarcursos.com.br\/blog\/pe-de-meia-tem-data-caixa-paga-beneficio-a-partir-da-proxima-segunda-27\/#article","isPartOf":{"@id":"https:\/\/www.pensarcursos.com.br\/blog\/pe-de-meia-tem-data-caixa-paga-beneficio-a-partir-da-proxima-segunda-27\/"},"author":{"name":"Yasmin Santos","@id":"https:\/\/www.pensarcursos.com.br\/blog\/#\/schema\/person\/2700c09d818d989d5d4fff5f50d4b755"},"headline":"P\u00e9-de-Meia tem data: CAIXA paga benef\u00edcio a partir da pr\u00f3xima segunda (27)","datePublished":"2025-10-24T23:19:54+00:00","mainEntityOfPage":{"@id":"https:\/\/www.pensarcursos.com.br\/blog\/pe-de-meia-tem-data-caixa-paga-beneficio-a-partir-da-proxima-segunda-27\/"},"wordCount":726,"commentCount":0,"publisher":{"@id":"https:\/\/www.pensarcursos.com.br\/blog\/#organization"},"image":{"@id":"https:\/\/www.pensarcursos.com.br\/blog\/pe-de-meia-tem-data-caixa-paga-beneficio-a-partir-da-proxima-segunda-27\/#primaryimage"},"thumbnailUrl":"https:\/\/www.pensarcursos.com.br\/blog\/wp-content\/uploads\/2025\/10\/Pe-de-meia1-2-1.webp","keywords":["beneficios sociais","incentivo frequ\u00eancia","pagamento ensino m\u00e9dio","p\u00e9-de-meia"],"articleSection":["Benef\u00edcios Sociais","P\u00e9-de-Meia"],"inLanguage":"pt-BR","potentialAction":[{"@type":"CommentAction","name":"Comment","target":["https:\/\/www.pensarcursos.com.br\/blog\/pe-de-meia-tem-data-caixa-paga-beneficio-a-partir-da-proxima-segunda-27\/#respond"]}],"copyrightYear":"2025","copyrightHolder":{"@id":"https:\/\/www.pensarcursos.com.br\/blog\/#organization"}},{"@type":"WebPage","@id":"https:\/\/www.pensarcursos.com.br\/blog\/pe-de-meia-tem-data-caixa-paga-beneficio-a-partir-da-proxima-segunda-27\/","url":"https:\/\/www.pensarcursos.com.br\/blog\/pe-de-meia-tem-data-caixa-paga-beneficio-a-partir-da-proxima-segunda-27\/","name":"P\u00e9-de-Meia tem data: CAIXA paga benef\u00edcio a partir da pr\u00f3xima segunda (27) - Blog Pensar Cursos","isPartOf":{"@id":"https:\/\/www.pensarcursos.com.br\/blog\/#website"},"primaryImageOfPage":{"@id":"https:\/\/www.pensarcursos.com.br\/blog\/pe-de-meia-tem-data-caixa-paga-beneficio-a-partir-da-proxima-segunda-27\/#primaryimage"},"image":{"@id":"https:\/\/www.pensarcursos.com.br\/blog\/pe-de-meia-tem-data-caixa-paga-beneficio-a-partir-da-proxima-segunda-27\/#primaryimage"},"thumbnailUrl":"https:\/\/www.pensarcursos.com.br\/blog\/wp-content\/uploads\/2025\/10\/Pe-de-meia1-2-1.webp","datePublished":"2025-10-24T23:19:54+00:00","description":"Descubra as datas e regras do p\u00e9-de-meia: CAIXA come\u00e7a a pagar o benef\u00edcio a estudantes do ensino m\u00e9dio p\u00fablico a partir de 27 de outubro.","breadcrumb":{"@id":"https:\/\/www.pensarcursos.com.br\/blog\/pe-de-meia-tem-data-caixa-paga-beneficio-a-partir-da-proxima-segunda-27\/#breadcrumb"},"inLanguage":"pt-BR","potentialAction":[{"@type":"ReadAction","target":["https:\/\/www.pensarcursos.com.br\/blog\/pe-de-meia-tem-data-caixa-paga-beneficio-a-partir-da-proxima-segunda-27\/"]}]},{"@type":"ImageObject","inLanguage":"pt-BR","@id":"https:\/\/www.pensarcursos.com.br\/blog\/pe-de-meia-tem-data-caixa-paga-beneficio-a-partir-da-proxima-segunda-27\/#primaryimage","url":"https:\/\/www.pensarcursos.com.br\/blog\/wp-content\/uploads\/2025\/10\/Pe-de-meia1-2-1.webp","contentUrl":"https:\/\/www.pensarcursos.com.br\/blog\/wp-content\/uploads\/2025\/10\/Pe-de-meia1-2-1.webp","width":1200,"height":800,"caption":"P\u00e9-de-Meia: calend\u00e1rio de pagamentos definido para os benefici\u00e1rios do programa. Imagem: Pensar Cursos Blog."},{"@type":"BreadcrumbList","@id":"https:\/\/www.pensarcursos.com.br\/blog\/pe-de-meia-tem-data-caixa-paga-beneficio-a-partir-da-proxima-segunda-27\/#breadcrumb","itemListElement":[{"@type":"ListItem","position":1,"name":"Home","item":"https:\/\/www.pensarcursos.com.br\/blog\/"},{"@type":"ListItem","position":2,"name":"P\u00e9-de-Meia tem data: CAIXA paga benef\u00edcio a partir da pr\u00f3xima segunda (27)"}]},{"@type":"WebSite","@id":"https:\/\/www.pensarcursos.com.br\/blog\/#website","url":"https:\/\/www.pensarcursos.com.br\/blog\/","name":"Blog Pensar Cursos","description":"Maior Site de Cursos do Brasil","publisher":{"@id":"https:\/\/www.pensarcursos.com.br\/blog\/#organization"},"alternateName":"Blog Pensar","potentialAction":[{"@type":"SearchAction","target":{"@type":"EntryPoint","urlTemplate":"https:\/\/www.pensarcursos.com.br\/blog\/?s={search_term_string}"},"query-input":{"@type":"PropertyValueSpecification","valueRequired":true,"valueName":"search_term_string"}}],"inLanguage":"pt-BR"},{"@type":"Organization","@id":"https:\/\/www.pensarcursos.com.br\/blog\/#organization","name":"Pensar Cursos","alternateName":"Blog pensar","url":"https:\/\/www.pensarcursos.com.br\/blog\/","logo":{"@type":"ImageObject","inLanguage":"pt-BR","@id":"https:\/\/www.pensarcursos.com.br\/blog\/#\/schema\/logo\/image\/","url":"https:\/\/www.pensarcursos.com.br\/blog\/wp-content\/uploads\/2023\/11\/Nova-Logo-Pensar-Cursos-vertical.png","contentUrl":"https:\/\/www.pensarcursos.com.br\/blog\/wp-content\/uploads\/2023\/11\/Nova-Logo-Pensar-Cursos-vertical.png","width":1393,"height":1001,"caption":"Pensar Cursos"},"image":{"@id":"https:\/\/www.pensarcursos.com.br\/blog\/#\/schema\/logo\/image\/"},"sameAs":["https:\/\/www.facebook.com\/pensarcursos\/","https:\/\/instagram.com.br\/pensarcursos"],"description":"Pensar Cursos \u00e9 uma empresa especializada em oferecer cursos de alta qualidade voltados para o desenvolvimento profissional e acad\u00eamico. Com uma ampla gama de op\u00e7\u00f5es de treinamento, oferecemos conte\u00fados atualizados, ministrados por especialistas da \u00e1rea, para capacitar indiv\u00edduos e equipes a atingirem seus objetivos. Nossa miss\u00e3o \u00e9 proporcionar uma educa\u00e7\u00e3o transformadora, acess\u00edvel e personalizada para cada aluno, seja em cursos presenciais ou online. Com uma abordagem inovadora, buscamos adaptar os nossos programas de ensino \u00e0s necessidades do mercado, criando solu\u00e7\u00f5es que atendem aos desafios e exig\u00eancias do mundo corporativo e acad\u00eamico. Nossos cursos incluem desde forma\u00e7\u00f5es t\u00e9cnicas at\u00e9 habilidades essenciais, como lideran\u00e7a, gest\u00e3o e desenvolvimento pessoal.","email":"contato@pensarcursos.com.br","legalName":"Sena Servi\u00e7os de Informa\u00e7\u00e3o Online LTDA","foundingDate":"2013-04-18","vatID":"17956217000172","numberOfEmployees":{"@type":"QuantitativeValue","minValue":"11","maxValue":"50"},"publishingPrinciples":"https:\/\/www.pensarcursos.com.br\/blog\/principios-de-publicacao\/","ownershipFundingInfo":"https:\/\/www.pensarcursos.com.br\/blog\/informacoes-de-propriedade-financiamento\/","actionableFeedbackPolicy":"https:\/\/www.pensarcursos.com.br\/blog\/politica-de-feedback-acionavel\/","correctionsPolicy":"https:\/\/www.pensarcursos.com.br\/blog\/politica-de-correcoes\/","ethicsPolicy":"https:\/\/www.pensarcursos.com.br\/blog\/politica-de-etica\/"},{"@type":"Person","@id":"https:\/\/www.pensarcursos.com.br\/blog\/#\/schema\/person\/2700c09d818d989d5d4fff5f50d4b755","name":"Yasmin Santos","image":{"@type":"ImageObject","inLanguage":"pt-BR","@id":"https:\/\/secure.gravatar.com\/avatar\/b8d88d102398911030f7bd8e99bd07ffbbb62169f9a740f38705dc857853eb31?s=96&d=mm&r=g","url":"https:\/\/secure.gravatar.com\/avatar\/b8d88d102398911030f7bd8e99bd07ffbbb62169f9a740f38705dc857853eb31?s=96&d=mm&r=g","contentUrl":"https:\/\/secure.gravatar.com\/avatar\/b8d88d102398911030f7bd8e99bd07ffbbb62169f9a740f38705dc857853eb31?s=96&d=mm&r=g","caption":"Yasmin Santos"},"description":"Graduada em Letras Portugu\u00eas\/Ingl\u00eas pela Universidade Estadual de Santa Cruz (UESC), redatora do Grupo Sena Online","sameAs":["https:\/\/www.instagram.com\/yasmin0_20?igsh=MTdqZXF3NTA1b2gyMg=="],"url":"https:\/\/www.pensarcursos.com.br\/blog\/author\/yasmin\/"}]}},"_links":{"self":[{"href":"https:\/\/www.pensarcursos.com.br\/blog\/wp-json\/wp\/v2\/posts\/126442","targetHints":{"allow":["GET"]}}],"collection":[{"href":"https:\/\/www.pensarcursos.com.br\/blog\/wp-json\/wp\/v2\/posts"}],"about":[{"href":"https:\/\/www.pensarcursos.com.br\/blog\/wp-json\/wp\/v2\/types\/post"}],"author":[{"embeddable":true,"href":"https:\/\/www.pensarcursos.com.br\/blog\/wp-json\/wp\/v2\/users\/56"}],"replies":[{"embeddable":true,"href":"https:\/\/www.pensarcursos.com.br\/blog\/wp-json\/wp\/v2\/comments?post=126442"}],"version-history":[{"count":0,"href":"https:\/\/www.pensarcursos.com.br\/blog\/wp-json\/wp\/v2\/posts\/126442\/revisions"}],"wp:featuredmedia":[{"embeddable":true,"href":"https:\/\/www.pensarcursos.com.br\/blog\/wp-json\/wp\/v2\/media\/126454"}],"wp:attachment":[{"href":"https:\/\/www.pensarcursos.com.br\/blog\/wp-json\/wp\/v2\/media?parent=126442"}],"wp:term":[{"taxonomy":"category","embeddable":true,"href":"https:\/\/www.pensarcursos.com.br\/blog\/wp-json\/wp\/v2\/categories?post=126442"},{"taxonomy":"post_tag","embeddable":true,"href":"https:\/\/www.pensarcursos.com.br\/blog\/wp-json\/wp\/v2\/tags?post=126442"}],"curies":[{"name":"wp","href":"https:\/\/api.w.org\/{rel}","templated":true}]}}