{"id":124473,"date":"2025-10-16T10:39:56","date_gmt":"2025-10-16T13:39:56","guid":{"rendered":"https:\/\/www.pensarcursos.com.br\/blog\/?p=124473"},"modified":"2025-10-16T17:04:03","modified_gmt":"2025-10-16T20:04:03","slug":"e-amanha-concurso-publico-com-salarios-de-ate-r-109-mil-encerra-inscricoes-nesta-sexta-17-10","status":"publish","type":"post","link":"https:\/\/www.pensarcursos.com.br\/blog\/e-amanha-concurso-publico-com-salarios-de-ate-r-109-mil-encerra-inscricoes-nesta-sexta-17-10\/","title":{"rendered":"\u00c9 AMANH\u00c3! Concurso p\u00fablico com sal\u00e1rios de at\u00e9 R$ 10,9 mil encerra inscri\u00e7\u00f5es nesta sexta (17\/10)"},"content":{"rendered":"<p>O prazo est\u00e1 acabando para quem busca uma nova oportunidade no setor p\u00fablico: as inscri\u00e7\u00f5es para o concurso p\u00fablico terminam nesta sexta-feira, 17 de outubro.<\/p>\n<p>Com sal\u00e1rios que chegam a<strong> R$ 10.924,23<\/strong>, o certame oferece vagas para diversos n\u00edveis de escolaridade. Entre as fun\u00e7\u00f5es dispon\u00edveis, est\u00e3o cargos de sa\u00fade, educa\u00e7\u00e3o, administrativa e apoio. Quer entender quais s\u00e3o as possibilidades para quem quer se inscrever? Confira a seguir!<\/p>\n<h2>Detalhes sobre o concurso<\/h2>\n<p>O <a href=\"https:\/\/www.pensarcursos.com.br\/blog\/saiu-edital-concurso-publico-com-salarios-de-ate-r-184-mil-esta-com-inscricoes-abertas\/\" target=\"_blank\" rel=\"noopener\">concurso p\u00fablico<\/a> disponibiliza vagas por meio de dois editais distintos \u2014 um com foco em \u00e1reas da sa\u00fade e outro voltado para educa\u00e7\u00e3o e fun\u00e7\u00f5es administrativas.<\/p>\n<p>O edital n\u00ba 03\/2025 concentra oportunidades de n\u00edvel m\u00e9dio, t\u00e9cnico e superior em cargos como Agente de Combate \u00e0s Endemias, Motorista de Ambul\u00e2ncia, T\u00e9cnico em Enfermagem, Fisioterapeuta, Fonoaudi\u00f3logo, diversos cargos m\u00e9dicos, Psic\u00f3logo e Terapeuta Ocupacional.<\/p>\n<p>J\u00e1 o edital n\u00ba 04\/2025 contempla desde cargos para ensino fundamental at\u00e9 superior, com destaque para fun\u00e7\u00f5es no setor educacional, como Atendente de Educa\u00e7\u00e3o Infantil, Auxiliar de Secretaria Escolar, Secret\u00e1rio e Diretor de Escola.<\/p>\n<p>Enquanto alguns cargos contam com vagas fixas, outro modelo utilizado \u00e9 o de cadastro reserva.<\/p>\n<h2>Vagas ofertadas<\/h2>\n<p>Entre os principais cargos anunciados, h\u00e1 o seguinte n\u00famero de vagas imediatas e reservas:<\/p>\n<ul>\n<li><strong>Motorista de Ambul\u00e2ncia:<\/strong>\u00a010 vagas + cadastro reserva<\/li>\n<li><strong>Atendente de Educa\u00e7\u00e3o Infantil &#8211; Creche:<\/strong>\u00a0cadastro reserva<\/li>\n<li><strong>Auxiliar de Secretaria Escolar:<\/strong>\u00a0cadastro reserva<\/li>\n<li><strong>Secret\u00e1rio de Escola:<\/strong>\u00a0cadastro reserva<\/li>\n<li><strong>Diretor de Escola:<\/strong>\u00a0cadastro reserva<\/li>\n<li><strong>Demais cargos (como t\u00e9cnicas, m\u00e9dicos, psic\u00f3logo, terapeuta ocupacional):<\/strong>\u00a0cadastro reserva<\/li>\n<\/ul>\n<h2>Requisitos para se candidatar<\/h2>\n<p>Os pr\u00e9-requisitos variam conforme a vaga desejada. Para fun\u00e7\u00f5es de ensino fundamental, exige-se apenas a conclus\u00e3o dessa etapa, al\u00e9m de conhecimentos b\u00e1sicos previstos em edital.<\/p>\n<p>Os cargos de ensino m\u00e9dio e t\u00e9cnico demandam forma\u00e7\u00e3o completa, al\u00e9m de cursos espec\u00edficos ou experi\u00eancias, como \u00e9 o caso dos t\u00e9cnicos em enfermagem (necess\u00e1rio registro no COREN) e motorista (carteira de habilita\u00e7\u00e3o tipo \u201cD\u201d e experi\u00eancia comprovada).<\/p>\n<p>Em cargos de ensino superior, al\u00e9m do diploma de gradua\u00e7\u00e3o relacionado \u00e0 fun\u00e7\u00e3o, \u00e9 frequente a exig\u00eancia de registro em conselho de classe, experi\u00eancia pr\u00e9via e, para cargos de gest\u00e3o escolar, t\u00edtulos como mestrado ou doutorado e tempo de magist\u00e9rio.<\/p>\n<figure id=\"attachment_124477\" aria-describedby=\"caption-attachment-124477\" style=\"width: 1200px\" class=\"wp-caption aligncenter\"><img decoding=\"async\" class=\"wp-image-124477 size-full\" title=\"Requisitos para Candidatura - Concurso P\u00fablico com Sal\u00e1rio at\u00e9 R$ 10,9 mil\" src=\"https:\/\/www.pensarcursos.com.br\/blog\/wp-content\/uploads\/2025\/10\/Concurso-publico5-2.webp\" alt=\"Candidata estudando requisitos e documenta\u00e7\u00e3o necess\u00e1ria para inscri\u00e7\u00e3o em concurso p\u00fablico com sal\u00e1rio de at\u00e9 R$ 10,9 mil\" width=\"1200\" height=\"800\" srcset=\"https:\/\/www.pensarcursos.com.br\/blog\/wp-content\/uploads\/2025\/10\/Concurso-publico5-2.webp 1200w, https:\/\/www.pensarcursos.com.br\/blog\/wp-content\/uploads\/2025\/10\/Concurso-publico5-2-300x200.webp 300w, https:\/\/www.pensarcursos.com.br\/blog\/wp-content\/uploads\/2025\/10\/Concurso-publico5-2-1024x683.webp 1024w, https:\/\/www.pensarcursos.com.br\/blog\/wp-content\/uploads\/2025\/10\/Concurso-publico5-2-768x512.webp 768w, https:\/\/www.pensarcursos.com.br\/blog\/wp-content\/uploads\/2025\/10\/Concurso-publico5-2-750x500.webp 750w, https:\/\/www.pensarcursos.com.br\/blog\/wp-content\/uploads\/2025\/10\/Concurso-publico5-2-1140x760.webp 1140w\" sizes=\"(max-width: 1200px) 100vw, 1200px\" \/><figcaption id=\"caption-attachment-124477\" class=\"wp-caption-text\">Verifique todos os requisitos exigidos antes de finalizar sua inscri\u00e7\u00e3o no concurso p\u00fablico. Imagem: Pensar Cursos<\/figcaption><\/figure>\n<h2>Remunera\u00e7\u00e3o<\/h2>\n<p>Os sal\u00e1rios oferecidos pela Prefeitura de Cajamar, no estado de S\u00e3o Paulo (SP), contemplam diferentes n\u00edveis de escolaridade e \u00e1reas de atua\u00e7\u00e3o, com valores que v\u00e3o de <strong>R$ 2.125,02 at\u00e9 R$ 10.924,23<\/strong>.<\/p>\n<p>Veja na tabela os valores detalhados:<\/p>\n<table>\n<thead>\n<tr>\n<th>Cargo<\/th>\n<th>Remunera\u00e7\u00e3o<\/th>\n<\/tr>\n<\/thead>\n<tbody>\n<tr>\n<td>Atendente de Educa\u00e7\u00e3o Infantil &#8211; Creche<\/td>\n<td>R$ 2.125,02<\/td>\n<\/tr>\n<tr>\n<td>Auxiliar de Secretaria Escolar<\/td>\n<td>R$ 3.114,84<\/td>\n<\/tr>\n<tr>\n<td>Secret\u00e1rio de Escola<\/td>\n<td>R$ 3.739,80<\/td>\n<\/tr>\n<tr>\n<td>Motorista de Ambul\u00e2ncia<\/td>\n<td>R$ 3.114,84<\/td>\n<\/tr>\n<tr>\n<td>T\u00e9cnico em Enfermagem<\/td>\n<td>R$ 3.567,44<\/td>\n<\/tr>\n<tr>\n<td>Fisioterapeuta \/ Fonoaudi\u00f3logo \/ Psic\u00f3logo \/ Terapeuta Ocupacional<\/td>\n<td>R$ 7.764,48<\/td>\n<\/tr>\n<tr>\n<td>M\u00e9dicos especialistas (diversas \u00e1reas)<\/td>\n<td>R$ 7.764,48<\/td>\n<\/tr>\n<tr>\n<td>Diretor de Escola<\/td>\n<td>R$ 10.924,23<\/td>\n<\/tr>\n<\/tbody>\n<\/table>\n<p>A remunera\u00e7\u00e3o pode variar conforme a carga hor\u00e1ria e a especialidade, sempre de acordo com as informa\u00e7\u00f5es do edital.<\/p>\n<h2>Inscri\u00e7\u00f5es<\/h2>\n<p>Para concorrer, o candidato deve se inscrever at\u00e9 <strong>17 de outubro de 2025<\/strong>, exclusivamente atrav\u00e9s do site <a href=\"https:\/\/indepac.selecao.net.br\/\" target=\"_blank\" rel=\"noopener\">Indepac<\/a>.<\/p>\n<p>As taxas de inscri\u00e7\u00e3o variam de R$ 44,18 a R$ 80,19, conforme a escolaridade do cargo pretendido.<\/p>\n<h2>Processo de sele\u00e7\u00e3o \u2013 Etapas<\/h2>\n<p>A<a href=\"https:\/\/www.pensarcursos.com.br\/blog\/10-dicas-de-ouro-para-um-curriculo-que-se-destaca-em-qualquer-selecao\/\"> sele\u00e7\u00e3o<\/a> conta com etapas diferentes para cada cargo. A prova objetiva ser\u00e1 obrigat\u00f3ria para todas as fun\u00e7\u00f5es, prevista para<strong> 23 de novembro<\/strong>\u00a0e <strong>30 de novembro<\/strong>, enquanto cargos espec\u00edficos exigir\u00e3o tamb\u00e9m prova pr\u00e1tica (como motorista de ambul\u00e2ncia), prova de t\u00edtulos (\u00e1rea educacional e sa\u00fade) e prova dissertativa (principalmente para cargos de dire\u00e7\u00e3o escolar).<\/p>\n<p>Os conte\u00fados cobrados s\u00e3o descritos nos editais e variam conforme a \u00e1rea escolhida.<\/p>\n<h2>Resumo<\/h2>\n<table>\n<tbody>\n<tr>\n<th>\u00d3rg\u00e3o<\/th>\n<td>Prefeitura de Cajamar (SP)<\/td>\n<\/tr>\n<tr>\n<th>Status<\/th>\n<td>Concurso aberto<\/td>\n<\/tr>\n<tr>\n<th>Banca<\/th>\n<td>Indepac<\/td>\n<\/tr>\n<tr>\n<th>Cargos<\/th>\n<td>Enfermagem, Sa\u00fade, Educa\u00e7\u00e3o, Administrativo<\/td>\n<\/tr>\n<tr>\n<th>Escolaridade<\/th>\n<td>Fundamental, M\u00e9dio, T\u00e9cnico e Superior<\/td>\n<\/tr>\n<tr>\n<th>Vagas<\/th>\n<td>Vagas definidas + cadastro reserva<\/td>\n<\/tr>\n<tr>\n<th>Sal\u00e1rio inicial<\/th>\n<td>R$ 2.125,02 a R$ 10.924,23<\/td>\n<\/tr>\n<tr>\n<th>Inscri\u00e7\u00f5es<\/th>\n<td>15 de setembro a 17 de outubro de 2025<\/td>\n<\/tr>\n<tr>\n<th>Taxa inscri\u00e7\u00e3o<\/th>\n<td>R$ 44,18 a R$ 80,19<\/td>\n<\/tr>\n<tr>\n<th>Data da prova objetiva<\/th>\n<td>23 (edital n\u00ba 04\/2025) e 30 (edital n\u00ba 03\/2025) de novembro de 2025<\/td>\n<\/tr>\n<tr>\n<th>Edital<\/th>\n<td>Edital do concurso da Prefeitura de Cajamar (SP) <a href=\"https:\/\/www.pensarcursos.com.br\/blog\/wp-content\/uploads\/2025\/10\/03-2025-caj.pdf\">\u00a0n\u00ba 03\/2025<\/a> e <a href=\"https:\/\/www.pensarcursos.com.br\/blog\/wp-content\/uploads\/2025\/10\/04-2025-caj.pdf\">n\u00ba 04\/2025<\/a><\/td>\n<\/tr>\n<\/tbody>\n<\/table>\n<h2>Validade do concurso<\/h2>\n<p>A validade do <a href=\"https:\/\/www.pensarcursos.com.br\/blog\/saiu-edital-concurso-publico-com-228-vagas-para-diversas-profissoes-abre-inscricoes-no-dia-20-10-salarios-de-ate-r-48-mil\/\">concurso<\/a> \u00e9 de um ano, contada a partir da homologa\u00e7\u00e3o do resultado final, com possibilidade de prorroga\u00e7\u00e3o pelo mesmo per\u00edodo.<\/p>\n<p>Para conferir outras oportunidades, n\u00e3o deixe ouvir o podcast abaixo:<\/p>\n<div class=\"jeg_video_container jeg_video_content\"><iframe title=\"Novos Concursos CONFIRMADOS! Sal\u00e1rios de at\u00e9 R$ 6.000 em 2025! - Podcast NC #03\" width=\"500\" height=\"281\" src=\"https:\/\/www.youtube.com\/embed\/v7Glb6LOya0?start=13&#038;feature=oembed\" frameborder=\"0\" allow=\"accelerometer; autoplay; clipboard-write; encrypted-media; gyroscope; picture-in-picture; web-share\" referrerpolicy=\"strict-origin-when-cross-origin\" allowfullscreen><\/iframe><\/div>\n<p>Continue no <a href=\"https:\/\/www.pensarcursos.com.br\/blog\/\" target=\"_blank\" rel=\"noopener\"><strong><em>Pensar Cursos<\/em><\/strong><\/a> e confira outras vagas.<\/p>\n","protected":false},"excerpt":{"rendered":"<p>O prazo est\u00e1 acabando para quem busca uma nova oportunidade no setor p\u00fablico: as inscri\u00e7\u00f5es para o concurso p\u00fablico terminam nesta sexta-feira, 17 de outubro. Com sal\u00e1rios que chegam a R$ 10.924,23, o certame oferece vagas para diversos n\u00edveis de escolaridade. Entre as fun\u00e7\u00f5es dispon\u00edveis, est\u00e3o cargos de sa\u00fade, educa\u00e7\u00e3o, administrativa e apoio. Quer entender [&hellip;]<\/p>\n","protected":false},"author":41,"featured_media":124478,"comment_status":"open","ping_status":"closed","sticky":false,"template":"","format":"standard","meta":{"jnews-multi-image_gallery":[],"jnews_single_post":{"format":"standard","override":[{"template":"1","parallax":"1","fullscreen":"1","layout":"right-sidebar","sidebar":"default-sidebar","second_sidebar":"default-sidebar","sticky_sidebar":"1","share_position":"topbottom","share_float_style":"share-monocrhome","show_featured":"1","show_post_meta":"1","show_post_author":"1","show_post_author_image":"1","show_post_date":"1","post_date_format":"default","post_date_format_custom":"Y\/m\/d","show_post_category":"1","post_reading_time_wpm":"300","post_calculate_word_method":"str_word_count","show_zoom_button":"0","zoom_button_out_step":"2","zoom_button_in_step":"3","show_post_tag":"1","show_prev_next_post":"1","show_popup_post":"1","show_comment_section":"1","number_popup_post":"2","show_author_box":"1","show_post_related":"1","show_inline_post_related":"1"}],"image_override":[{"single_post_thumbnail_size":"crop-500","single_post_gallery_size":"crop-500"}],"trending_post_position":"meta","trending_post_label":"Trending","sponsored_post_label":"Sponsored by","disable_ad":"0","subtitle":"Confira como participar do concurso p\u00fablico com sal\u00e1rios de at\u00e9 R$ 10,9 mil e saiba os detalhes das etapas seletivas"},"jnews_primary_category":[],"jnews_social_meta":[],"jnews_override_counter":{"view_counter_number":"0","share_counter_number":"0","like_counter_number":"0","dislike_counter_number":"0"},"footnotes":""},"categories":[29],"tags":[34173,34171,34174,34172],"class_list":["post-124473","post","type-post","status-publish","format-standard","has-post-thumbnail","hentry","category-concursos","tag-edital-concurso-prefeitura-de-cajamar-2025","tag-inscricoes-concurso-cajamar-2025","tag-prazos-concurso-cajamar","tag-salario-cajamar-sp-concurso-publico"],"yoast_head":"<!-- This site is optimized with the Yoast SEO Premium plugin v27.4 (Yoast SEO v27.4) - https:\/\/yoast.com\/product\/yoast-seo-premium-wordpress\/ -->\n<title>\u00c9 AMANH\u00c3! Concurso p\u00fablico com sal\u00e1rios de at\u00e9 R$ 10,9 mil encerra inscri\u00e7\u00f5es nesta sexta (17\/10) - Blog Pensar Cursos<\/title>\n<meta name=\"description\" content=\"\u00daltimo dia de inscri\u00e7\u00f5es para o concurso p\u00fablico! S\u00e3o sal\u00e1rios de at\u00e9 R$ 10.924,23. Confira vagas, requisitos e datas.\" \/>\n<meta name=\"robots\" content=\"index, follow, max-snippet:-1, max-image-preview:large, max-video-preview:-1\" \/>\n<link rel=\"canonical\" href=\"https:\/\/www.pensarcursos.com.br\/blog\/e-amanha-concurso-publico-com-salarios-de-ate-r-109-mil-encerra-inscricoes-nesta-sexta-17-10\/\" \/>\n<meta property=\"og:locale\" content=\"pt_BR\" \/>\n<meta property=\"og:type\" content=\"article\" \/>\n<meta property=\"og:title\" content=\"\u00c9 AMANH\u00c3! Concurso p\u00fablico com sal\u00e1rios de at\u00e9 R$ 10,9 mil encerra inscri\u00e7\u00f5es nesta sexta (17\/10)\" \/>\n<meta property=\"og:description\" content=\"\u00daltimo dia de inscri\u00e7\u00f5es para o concurso p\u00fablico! S\u00e3o sal\u00e1rios de at\u00e9 R$ 10.924,23. Confira vagas, requisitos e datas.\" \/>\n<meta property=\"og:url\" content=\"https:\/\/www.pensarcursos.com.br\/blog\/e-amanha-concurso-publico-com-salarios-de-ate-r-109-mil-encerra-inscricoes-nesta-sexta-17-10\/\" \/>\n<meta property=\"og:site_name\" content=\"Blog Pensar Cursos\" \/>\n<meta property=\"article:publisher\" content=\"https:\/\/www.facebook.com\/pensarcursos\/\" \/>\n<meta property=\"article:published_time\" content=\"2025-10-16T13:39:56+00:00\" \/>\n<meta property=\"article:modified_time\" content=\"2025-10-16T20:04:03+00:00\" \/>\n<meta property=\"og:image\" content=\"https:\/\/www.pensarcursos.com.br\/blog\/wp-content\/uploads\/2025\/10\/Concurso-P4-5.webp\" \/>\n\t<meta property=\"og:image:width\" content=\"1200\" \/>\n\t<meta property=\"og:image:height\" content=\"800\" \/>\n\t<meta property=\"og:image:type\" content=\"image\/webp\" \/>\n<meta name=\"author\" content=\"F\u00e1tima Azevedo\" \/>\n<meta name=\"twitter:card\" content=\"summary_large_image\" \/>\n<meta name=\"twitter:label1\" content=\"Escrito por\" \/>\n\t<meta name=\"twitter:data1\" content=\"F\u00e1tima Azevedo\" \/>\n\t<meta name=\"twitter:label2\" content=\"Est. tempo de leitura\" \/>\n\t<meta name=\"twitter:data2\" content=\"5 minutos\" \/>\n<!-- \/ Yoast SEO Premium plugin. -->","yoast_head_json":{"title":"\u00c9 AMANH\u00c3! Concurso p\u00fablico com sal\u00e1rios de at\u00e9 R$ 10,9 mil encerra inscri\u00e7\u00f5es nesta sexta (17\/10) - Blog Pensar Cursos","description":"\u00daltimo dia de inscri\u00e7\u00f5es para o concurso p\u00fablico! S\u00e3o sal\u00e1rios de at\u00e9 R$ 10.924,23. Confira vagas, requisitos e datas.","robots":{"index":"index","follow":"follow","max-snippet":"max-snippet:-1","max-image-preview":"max-image-preview:large","max-video-preview":"max-video-preview:-1"},"canonical":"https:\/\/www.pensarcursos.com.br\/blog\/e-amanha-concurso-publico-com-salarios-de-ate-r-109-mil-encerra-inscricoes-nesta-sexta-17-10\/","og_locale":"pt_BR","og_type":"article","og_title":"\u00c9 AMANH\u00c3! Concurso p\u00fablico com sal\u00e1rios de at\u00e9 R$ 10,9 mil encerra inscri\u00e7\u00f5es nesta sexta (17\/10)","og_description":"\u00daltimo dia de inscri\u00e7\u00f5es para o concurso p\u00fablico! S\u00e3o sal\u00e1rios de at\u00e9 R$ 10.924,23. Confira vagas, requisitos e datas.","og_url":"https:\/\/www.pensarcursos.com.br\/blog\/e-amanha-concurso-publico-com-salarios-de-ate-r-109-mil-encerra-inscricoes-nesta-sexta-17-10\/","og_site_name":"Blog Pensar Cursos","article_publisher":"https:\/\/www.facebook.com\/pensarcursos\/","article_published_time":"2025-10-16T13:39:56+00:00","article_modified_time":"2025-10-16T20:04:03+00:00","og_image":[{"width":1200,"height":800,"url":"https:\/\/www.pensarcursos.com.br\/blog\/wp-content\/uploads\/2025\/10\/Concurso-P4-5.webp","type":"image\/webp"}],"author":"F\u00e1tima Azevedo","twitter_card":"summary_large_image","twitter_misc":{"Escrito por":"F\u00e1tima Azevedo","Est. tempo de leitura":"5 minutos"},"schema":{"@context":"https:\/\/schema.org","@graph":[{"@type":["Article","BlogPosting"],"@id":"https:\/\/www.pensarcursos.com.br\/blog\/e-amanha-concurso-publico-com-salarios-de-ate-r-109-mil-encerra-inscricoes-nesta-sexta-17-10\/#article","isPartOf":{"@id":"https:\/\/www.pensarcursos.com.br\/blog\/e-amanha-concurso-publico-com-salarios-de-ate-r-109-mil-encerra-inscricoes-nesta-sexta-17-10\/"},"author":{"name":"F\u00e1tima Azevedo","@id":"https:\/\/www.pensarcursos.com.br\/blog\/#\/schema\/person\/827343e4611913410dcf62144b5b2a2d"},"headline":"\u00c9 AMANH\u00c3! Concurso p\u00fablico com sal\u00e1rios de at\u00e9 R$ 10,9 mil encerra inscri\u00e7\u00f5es nesta sexta (17\/10)","datePublished":"2025-10-16T13:39:56+00:00","dateModified":"2025-10-16T20:04:03+00:00","mainEntityOfPage":{"@id":"https:\/\/www.pensarcursos.com.br\/blog\/e-amanha-concurso-publico-com-salarios-de-ate-r-109-mil-encerra-inscricoes-nesta-sexta-17-10\/"},"wordCount":802,"commentCount":0,"publisher":{"@id":"https:\/\/www.pensarcursos.com.br\/blog\/#organization"},"image":{"@id":"https:\/\/www.pensarcursos.com.br\/blog\/e-amanha-concurso-publico-com-salarios-de-ate-r-109-mil-encerra-inscricoes-nesta-sexta-17-10\/#primaryimage"},"thumbnailUrl":"https:\/\/www.pensarcursos.com.br\/blog\/wp-content\/uploads\/2025\/10\/Concurso-P4-5.webp","keywords":["edital concurso prefeitura de cajamar 2025","inscri\u00e7\u00f5es concurso cajamar 2025","prazos concurso cajamar","sal\u00e1rio cajamar sp concurso p\u00fablico"],"articleSection":["Concursos P\u00fablicos"],"inLanguage":"pt-BR","potentialAction":[{"@type":"CommentAction","name":"Comment","target":["https:\/\/www.pensarcursos.com.br\/blog\/e-amanha-concurso-publico-com-salarios-de-ate-r-109-mil-encerra-inscricoes-nesta-sexta-17-10\/#respond"]}],"copyrightYear":"2025","copyrightHolder":{"@id":"https:\/\/www.pensarcursos.com.br\/blog\/#organization"}},{"@type":"WebPage","@id":"https:\/\/www.pensarcursos.com.br\/blog\/e-amanha-concurso-publico-com-salarios-de-ate-r-109-mil-encerra-inscricoes-nesta-sexta-17-10\/","url":"https:\/\/www.pensarcursos.com.br\/blog\/e-amanha-concurso-publico-com-salarios-de-ate-r-109-mil-encerra-inscricoes-nesta-sexta-17-10\/","name":"\u00c9 AMANH\u00c3! Concurso p\u00fablico com sal\u00e1rios de at\u00e9 R$ 10,9 mil encerra inscri\u00e7\u00f5es nesta sexta (17\/10) - Blog Pensar Cursos","isPartOf":{"@id":"https:\/\/www.pensarcursos.com.br\/blog\/#website"},"primaryImageOfPage":{"@id":"https:\/\/www.pensarcursos.com.br\/blog\/e-amanha-concurso-publico-com-salarios-de-ate-r-109-mil-encerra-inscricoes-nesta-sexta-17-10\/#primaryimage"},"image":{"@id":"https:\/\/www.pensarcursos.com.br\/blog\/e-amanha-concurso-publico-com-salarios-de-ate-r-109-mil-encerra-inscricoes-nesta-sexta-17-10\/#primaryimage"},"thumbnailUrl":"https:\/\/www.pensarcursos.com.br\/blog\/wp-content\/uploads\/2025\/10\/Concurso-P4-5.webp","datePublished":"2025-10-16T13:39:56+00:00","dateModified":"2025-10-16T20:04:03+00:00","description":"\u00daltimo dia de inscri\u00e7\u00f5es para o concurso p\u00fablico! S\u00e3o sal\u00e1rios de at\u00e9 R$ 10.924,23. Confira vagas, requisitos e datas.","breadcrumb":{"@id":"https:\/\/www.pensarcursos.com.br\/blog\/e-amanha-concurso-publico-com-salarios-de-ate-r-109-mil-encerra-inscricoes-nesta-sexta-17-10\/#breadcrumb"},"inLanguage":"pt-BR","potentialAction":[{"@type":"ReadAction","target":["https:\/\/www.pensarcursos.com.br\/blog\/e-amanha-concurso-publico-com-salarios-de-ate-r-109-mil-encerra-inscricoes-nesta-sexta-17-10\/"]}]},{"@type":"ImageObject","inLanguage":"pt-BR","@id":"https:\/\/www.pensarcursos.com.br\/blog\/e-amanha-concurso-publico-com-salarios-de-ate-r-109-mil-encerra-inscricoes-nesta-sexta-17-10\/#primaryimage","url":"https:\/\/www.pensarcursos.com.br\/blog\/wp-content\/uploads\/2025\/10\/Concurso-P4-5.webp","contentUrl":"https:\/\/www.pensarcursos.com.br\/blog\/wp-content\/uploads\/2025\/10\/Concurso-P4-5.webp","width":1200,"height":800,"caption":"\u00daltimo dia para se inscrever no concurso p\u00fablico com sal\u00e1rios de at\u00e9 R$ 10,9 mil \u00e9 amanh\u00e3, sexta-feira (17\/10). Imagem: Pensar Cursos"},{"@type":"BreadcrumbList","@id":"https:\/\/www.pensarcursos.com.br\/blog\/e-amanha-concurso-publico-com-salarios-de-ate-r-109-mil-encerra-inscricoes-nesta-sexta-17-10\/#breadcrumb","itemListElement":[{"@type":"ListItem","position":1,"name":"Home","item":"https:\/\/www.pensarcursos.com.br\/blog\/"},{"@type":"ListItem","position":2,"name":"\u00c9 AMANH\u00c3! Concurso p\u00fablico com sal\u00e1rios de at\u00e9 R$ 10,9 mil encerra inscri\u00e7\u00f5es nesta sexta (17\/10)"}]},{"@type":"WebSite","@id":"https:\/\/www.pensarcursos.com.br\/blog\/#website","url":"https:\/\/www.pensarcursos.com.br\/blog\/","name":"Blog Pensar Cursos","description":"Maior Site de Cursos do Brasil","publisher":{"@id":"https:\/\/www.pensarcursos.com.br\/blog\/#organization"},"alternateName":"Blog Pensar","potentialAction":[{"@type":"SearchAction","target":{"@type":"EntryPoint","urlTemplate":"https:\/\/www.pensarcursos.com.br\/blog\/?s={search_term_string}"},"query-input":{"@type":"PropertyValueSpecification","valueRequired":true,"valueName":"search_term_string"}}],"inLanguage":"pt-BR"},{"@type":"Organization","@id":"https:\/\/www.pensarcursos.com.br\/blog\/#organization","name":"Pensar Cursos","alternateName":"Blog pensar","url":"https:\/\/www.pensarcursos.com.br\/blog\/","logo":{"@type":"ImageObject","inLanguage":"pt-BR","@id":"https:\/\/www.pensarcursos.com.br\/blog\/#\/schema\/logo\/image\/","url":"https:\/\/www.pensarcursos.com.br\/blog\/wp-content\/uploads\/2023\/11\/Nova-Logo-Pensar-Cursos-vertical.png","contentUrl":"https:\/\/www.pensarcursos.com.br\/blog\/wp-content\/uploads\/2023\/11\/Nova-Logo-Pensar-Cursos-vertical.png","width":1393,"height":1001,"caption":"Pensar Cursos"},"image":{"@id":"https:\/\/www.pensarcursos.com.br\/blog\/#\/schema\/logo\/image\/"},"sameAs":["https:\/\/www.facebook.com\/pensarcursos\/","https:\/\/instagram.com.br\/pensarcursos"],"description":"Pensar Cursos \u00e9 uma empresa especializada em oferecer cursos de alta qualidade voltados para o desenvolvimento profissional e acad\u00eamico. Com uma ampla gama de op\u00e7\u00f5es de treinamento, oferecemos conte\u00fados atualizados, ministrados por especialistas da \u00e1rea, para capacitar indiv\u00edduos e equipes a atingirem seus objetivos. Nossa miss\u00e3o \u00e9 proporcionar uma educa\u00e7\u00e3o transformadora, acess\u00edvel e personalizada para cada aluno, seja em cursos presenciais ou online. Com uma abordagem inovadora, buscamos adaptar os nossos programas de ensino \u00e0s necessidades do mercado, criando solu\u00e7\u00f5es que atendem aos desafios e exig\u00eancias do mundo corporativo e acad\u00eamico. Nossos cursos incluem desde forma\u00e7\u00f5es t\u00e9cnicas at\u00e9 habilidades essenciais, como lideran\u00e7a, gest\u00e3o e desenvolvimento pessoal.","email":"contato@pensarcursos.com.br","legalName":"Sena Servi\u00e7os de Informa\u00e7\u00e3o Online LTDA","foundingDate":"2013-04-18","vatID":"17956217000172","numberOfEmployees":{"@type":"QuantitativeValue","minValue":"11","maxValue":"50"},"publishingPrinciples":"https:\/\/www.pensarcursos.com.br\/blog\/principios-de-publicacao\/","ownershipFundingInfo":"https:\/\/www.pensarcursos.com.br\/blog\/informacoes-de-propriedade-financiamento\/","actionableFeedbackPolicy":"https:\/\/www.pensarcursos.com.br\/blog\/politica-de-feedback-acionavel\/","correctionsPolicy":"https:\/\/www.pensarcursos.com.br\/blog\/politica-de-correcoes\/","ethicsPolicy":"https:\/\/www.pensarcursos.com.br\/blog\/politica-de-etica\/"},{"@type":"Person","@id":"https:\/\/www.pensarcursos.com.br\/blog\/#\/schema\/person\/827343e4611913410dcf62144b5b2a2d","name":"F\u00e1tima Azevedo","image":{"@type":"ImageObject","inLanguage":"pt-BR","@id":"https:\/\/secure.gravatar.com\/avatar\/ea820c84e212573cc3f119ba576278fe7ad07b69ed7ca0c33223662227bb77ca?s=96&d=mm&r=g","url":"https:\/\/secure.gravatar.com\/avatar\/ea820c84e212573cc3f119ba576278fe7ad07b69ed7ca0c33223662227bb77ca?s=96&d=mm&r=g","contentUrl":"https:\/\/secure.gravatar.com\/avatar\/ea820c84e212573cc3f119ba576278fe7ad07b69ed7ca0c33223662227bb77ca?s=96&d=mm&r=g","caption":"F\u00e1tima Azevedo"},"description":"Graduada em Ci\u00eancias Biol\u00f3gicas. Professora. Redatora grupo Sena Online.","sameAs":["https:\/\/www.linkedin.com\/in\/maria-de-f\u00e1tima-oliveira-da-costa-74a1692a7"],"url":"https:\/\/www.pensarcursos.com.br\/blog\/author\/fatima\/"}]}},"_links":{"self":[{"href":"https:\/\/www.pensarcursos.com.br\/blog\/wp-json\/wp\/v2\/posts\/124473","targetHints":{"allow":["GET"]}}],"collection":[{"href":"https:\/\/www.pensarcursos.com.br\/blog\/wp-json\/wp\/v2\/posts"}],"about":[{"href":"https:\/\/www.pensarcursos.com.br\/blog\/wp-json\/wp\/v2\/types\/post"}],"author":[{"embeddable":true,"href":"https:\/\/www.pensarcursos.com.br\/blog\/wp-json\/wp\/v2\/users\/41"}],"replies":[{"embeddable":true,"href":"https:\/\/www.pensarcursos.com.br\/blog\/wp-json\/wp\/v2\/comments?post=124473"}],"version-history":[{"count":0,"href":"https:\/\/www.pensarcursos.com.br\/blog\/wp-json\/wp\/v2\/posts\/124473\/revisions"}],"wp:featuredmedia":[{"embeddable":true,"href":"https:\/\/www.pensarcursos.com.br\/blog\/wp-json\/wp\/v2\/media\/124478"}],"wp:attachment":[{"href":"https:\/\/www.pensarcursos.com.br\/blog\/wp-json\/wp\/v2\/media?parent=124473"}],"wp:term":[{"taxonomy":"category","embeddable":true,"href":"https:\/\/www.pensarcursos.com.br\/blog\/wp-json\/wp\/v2\/categories?post=124473"},{"taxonomy":"post_tag","embeddable":true,"href":"https:\/\/www.pensarcursos.com.br\/blog\/wp-json\/wp\/v2\/tags?post=124473"}],"curies":[{"name":"wp","href":"https:\/\/api.w.org\/{rel}","templated":true}]}}