{"id":121267,"date":"2025-10-02T10:57:36","date_gmt":"2025-10-02T13:57:36","guid":{"rendered":"https:\/\/www.pensarcursos.com.br\/blog\/?p=121267"},"modified":"2025-10-02T10:57:36","modified_gmt":"2025-10-02T13:57:36","slug":"cnu-deve-chamar-cadastro-reserva-nos-proximos-dias-afirma-ministra","status":"publish","type":"post","link":"https:\/\/www.pensarcursos.com.br\/blog\/cnu-deve-chamar-cadastro-reserva-nos-proximos-dias-afirma-ministra\/","title":{"rendered":"CNU deve chamar Cadastro Reserva nos pr\u00f3ximos dias, afirma ministra"},"content":{"rendered":"<p>O an\u00fancio feito pela ministra da Gest\u00e3o e da Inova\u00e7\u00e3o em Servi\u00e7os P\u00fablicos, Esther Dweck, trouxe uma onda de expectativas para quem acompanha o cadastro reserva do CNU (Concurso Nacional Unificado). De acordo com a gestora, o governo federal se prepara para convocar, em breve, candidatos aprovados na primeira edi\u00e7\u00e3o do CNU.<\/p>\n<p>O cadastro reserva do CNU, mecanismo importante para o aproveitamento de aprovados, promete ser um caminho para muitos que buscam estabilidade e carreira no funcionalismo. A movimenta\u00e7\u00e3o refor\u00e7a a import\u00e2ncia de acompanhar o processo e de entender as etapas, prazos e regras relacionadas a essas convoca\u00e7\u00f5es.<\/p>\n<h2>Como funciona o cadastro reserva do CNU?<\/h2>\n<p>O cadastro reserva \u00e9 composto por candidatos aprovados que n\u00e3o foram convocados imediatamente para as vagas dispon\u00edveis no concurso. Eles permanecem aptos a serem chamados conforme a necessidade do \u00f3rg\u00e3o federal ao longo da vig\u00eancia do certame.<\/p>\n<p>A ministra Esther Dweck enfatizou que o <a href=\"https:\/\/www.pensarcursos.com.br\/blog\/cnu-locais-de-provas-serao-anunciados-na-tarde-desta-segunda-feira-veja-como-consultar\/\" target=\"_blank\" rel=\"noopener\">CNU<\/a> tem validade de um ano, com possibilidade de renova\u00e7\u00e3o por igual per\u00edodo, e isso aumenta as chances dos classificados no cadastro reserva serem efetivados.<\/p>\n<p>Por exemplo, se durante a validade do cadastro reserva surgirem novas demandas no \u00f3rg\u00e3o, ou caso algum dos nomeados desista, os pr\u00f3ximos da lista t\u00eam prioridade para assumir a vaga.<\/p>\n<h2>Segunda edi\u00e7\u00e3o do CNU: o que muda para os candidatos<\/h2>\n<p>Enquanto a primeira edi\u00e7\u00e3o do CNU j\u00e1 est\u00e1 prestes a convocar o cadastro reserva, uma segunda edi\u00e7\u00e3o do certame est\u00e1 marcada para acontecer em breve. Segundo a ministra Esther Dweck, a nova edi\u00e7\u00e3o ter\u00e1 seu pr\u00f3prio cadastro reserva, com vig\u00eancia e regras separadas. Ou seja, os aprovados na segunda edi\u00e7\u00e3o participar\u00e3o de um novo ciclo, sem concorrer diretamente \u00e0s vagas remanescentes da primeira.<\/p>\n<p>Al\u00e9m do mais, foi esclarecido que n\u00e3o haver\u00e1 sobreposi\u00e7\u00e3o de vagas entre as edi\u00e7\u00f5es. Ou seja, candidatos da segunda edi\u00e7\u00e3o n\u00e3o ser\u00e3o chamados antes dos da primeira.<\/p>\n<figure id=\"attachment_121281\" aria-describedby=\"caption-attachment-121281\" style=\"width: 668px\" class=\"wp-caption aligncenter\"><img decoding=\"async\" class=\"wp-image-121281 \" title=\"Candidatos CNU 2025 - Mudan\u00e7as Segunda Edi\u00e7\u00e3o Concurso\" src=\"https:\/\/www.pensarcursos.com.br\/blog\/wp-content\/uploads\/2025\/10\/CNU2.png\" alt=\"Dois estudantes universit\u00e1rios sorridentes com materiais de estudo em frente a campus acad\u00eamico representando candidatos do Concurso Nacional Unificado\" width=\"668\" height=\"445\" srcset=\"https:\/\/www.pensarcursos.com.br\/blog\/wp-content\/uploads\/2025\/10\/CNU2.png 1200w, https:\/\/www.pensarcursos.com.br\/blog\/wp-content\/uploads\/2025\/10\/CNU2-300x200.png 300w, https:\/\/www.pensarcursos.com.br\/blog\/wp-content\/uploads\/2025\/10\/CNU2-1024x683.png 1024w, https:\/\/www.pensarcursos.com.br\/blog\/wp-content\/uploads\/2025\/10\/CNU2-768x512.png 768w, https:\/\/www.pensarcursos.com.br\/blog\/wp-content\/uploads\/2025\/10\/CNU2-750x500.png 750w, https:\/\/www.pensarcursos.com.br\/blog\/wp-content\/uploads\/2025\/10\/CNU2-1140x760.png 1140w\" sizes=\"(max-width: 668px) 100vw, 668px\" \/><figcaption id=\"caption-attachment-121281\" class=\"wp-caption-text\">Segunda edi\u00e7\u00e3o do CNU: saiba o que muda para os candidatos. Imagem: Pensar Cursos<\/figcaption><\/figure>\n<h2>Regras para renova\u00e7\u00e3o e validade das listas de aprovados<\/h2>\n<p>Um ponto importante ressaltado pela ministra \u00e9 que a validade do cadastro reserva pode ser prorrogada. Isso significa que os aprovados podem manter suas expectativas por mais tempo, dependendo da necessidade do servi\u00e7o p\u00fablico federal e da permiss\u00e3o legal.<\/p>\n<p>Ainda, o cadastro reserva segue sendo respeitado mesmo com novos concursos, desde que as vagas n\u00e3o sejam id\u00eanticas \u00e0s de certames anteriores. Essa prote\u00e7\u00e3o legal garante que os direitos dos classificados n\u00e3o sejam prejudicados em processos futuros.<\/p>\n<p>Em muitos casos, prorrogativas de validade permitem que convoca\u00e7\u00f5es ocorram at\u00e9 o \u00faltimo m\u00eas do per\u00edodo, aumentando as chances de ingresso.<\/p>\n<h2>Transpar\u00eancia e seguran\u00e7a jur\u00eddica no processo do CNU<\/h2>\n<p>A ministra Esther Dweck refor\u00e7ou pontos-chave sobre a condu\u00e7\u00e3o do Concurso Nacional Unificado. Dentre eles, o compromisso do governo com a lisura do certame, o respeito \u00e0 ordem de chamada e a inviabilidade de sobreposi\u00e7\u00e3o de vagas entre diferentes edi\u00e7\u00f5es.<\/p>\n<p>Por outro lado, quem est\u00e1 atento \u00e0s not\u00edcias oficiais pode se preparar melhor, reunir a documenta\u00e7\u00e3o necess\u00e1ria e aguardar o chamamento informado sobre os direitos garantidos pela legisla\u00e7\u00e3o de concursos p\u00fablicos federais.<\/p>\n<h2>Oportunidades e recomenda\u00e7\u00f5es para o cadastro reserva<\/h2>\n<p>Com as novas movimenta\u00e7\u00f5es, candidatos em cadastro reserva podem ter novas oportunidades nos pr\u00f3ximos meses. Por isso, recomenda-se aten\u00e7\u00e3o ao Di\u00e1rio Oficial da Uni\u00e3o e aos canais oficiais do Minist\u00e9rio da Gest\u00e3o e Inova\u00e7\u00e3o em Servi\u00e7os P\u00fablicos. \u00c9 tamb\u00e9m importante manter dados de contato atualizados e monitorar comunicados para n\u00e3o perder prazos em caso de convoca\u00e7\u00e3o.<\/p>\n<p>Assim, permanecer atento e agir rapidamente ao receber uma poss\u00edvel notifica\u00e7\u00e3o pode ser decisivo para garantir a nomea\u00e7\u00e3o ao cargo desejado.<\/p>\n<p>Com a imin\u00eancia das convoca\u00e7\u00f5es do cadastro reserva no <a href=\"https:\/\/www.pensarcursos.com.br\/blog\/cnu-2025-ja-conferiu-seu-local-de-prova-veja-como-consultar\/\" target=\"_blank\" rel=\"noopener\">CNU<\/a>, a sensa\u00e7\u00e3o de ansiedade e esperan\u00e7a cresce a cada comunicado oficial. Qual \u00e9 a sua expectativa para esse processo? O que voc\u00ea est\u00e1 fazendo para se preparar caso seja chamado nos pr\u00f3ximos dias? Mantenha-se atento e aproveite cada atualiza\u00e7\u00e3o como um passo em dire\u00e7\u00e3o \u00e0 sua nova carreira no servi\u00e7o p\u00fablico federal.<\/p>\n<p>A seguir, veja mais sobre concursos p\u00fablicos:<\/p>\n<div class=\"jeg_video_container jeg_video_content\"><iframe title=\"URGENTE! Novos Concursos do Banco do Brasil e Caixa: 7.200 Vagas At\u00e9 2026! N\u00e3o Perca!\" width=\"500\" height=\"281\" src=\"https:\/\/www.youtube.com\/embed\/5O5YGae6wj8?start=1&#038;feature=oembed\" frameborder=\"0\" allow=\"accelerometer; autoplay; clipboard-write; encrypted-media; gyroscope; picture-in-picture; web-share\" referrerpolicy=\"strict-origin-when-cross-origin\" allowfullscreen><\/iframe><\/div>\n<p>Continue no <a href=\"https:\/\/www.pensarcursos.com.br\/blog\/\" target=\"_blank\" rel=\"noopener\"><strong>Pensar Cursos<\/strong><\/a> para saber mais sobre o CNU e conferir outras vagas no servi\u00e7o p\u00fablico.<\/p>\n","protected":false},"excerpt":{"rendered":"<p>O an\u00fancio feito pela ministra da Gest\u00e3o e da Inova\u00e7\u00e3o em Servi\u00e7os P\u00fablicos, Esther Dweck, trouxe uma onda de expectativas para quem acompanha o cadastro reserva do CNU (Concurso Nacional Unificado). De acordo com a gestora, o governo federal se prepara para convocar, em breve, candidatos aprovados na primeira edi\u00e7\u00e3o do CNU. O cadastro reserva [&hellip;]<\/p>\n","protected":false},"author":41,"featured_media":121282,"comment_status":"open","ping_status":"closed","sticky":false,"template":"","format":"standard","meta":{"jnews-multi-image_gallery":[],"jnews_single_post":{"format":"standard","override":[{"template":"1","parallax":"1","fullscreen":"1","layout":"right-sidebar","sidebar":"default-sidebar","second_sidebar":"default-sidebar","sticky_sidebar":"1","share_position":"topbottom","share_float_style":"share-monocrhome","show_featured":"1","show_post_meta":"1","show_post_author":"1","show_post_author_image":"1","show_post_date":"1","post_date_format":"default","post_date_format_custom":"Y\/m\/d","show_post_category":"1","post_reading_time_wpm":"300","post_calculate_word_method":"str_word_count","show_zoom_button":"0","zoom_button_out_step":"2","zoom_button_in_step":"3","show_post_tag":"1","show_prev_next_post":"1","show_popup_post":"1","number_popup_post":"2","show_author_box":"1","show_post_related":"1","show_inline_post_related":"1"}],"image_override":[{"single_post_thumbnail_size":"crop-500","single_post_gallery_size":"crop-500"}],"trending_post_position":"meta","trending_post_label":"Trending","sponsored_post_label":"Sponsored by","disable_ad":"0","subtitle":"Ministra detalha prazos do cadastro reserva no Concurso Nacional Unificado"},"jnews_primary_category":[],"jnews_social_meta":[],"jnews_override_counter":{"view_counter_number":"0","share_counter_number":"0","like_counter_number":"0","dislike_counter_number":"0"},"footnotes":""},"categories":[29],"tags":[9542,33713,33714,33716,33715],"class_list":["post-121267","post","type-post","status-publish","format-standard","has-post-thumbnail","hentry","category-concursos","tag-cnu","tag-concurso-cadastro-reserva","tag-edital-cnu","tag-ministra-concurso-publico","tag-novidades-concursos"],"yoast_head":"<!-- This site is optimized with the Yoast SEO Premium plugin v27.4 (Yoast SEO v27.4) - https:\/\/yoast.com\/product\/yoast-seo-premium-wordpress\/ -->\n<title>CNU deve chamar Cadastro Reserva nos pr\u00f3ximos dias, afirma ministra - Blog Pensar Cursos<\/title>\n<meta name=\"description\" content=\"Ministra afirma que o governo federal dever\u00e1 convocar o cadastro reserva do CNU nos pr\u00f3ximos dias. Entenda como funcionam prazos, regras e oportunidades para aprovados em 2025.\" \/>\n<meta name=\"robots\" content=\"index, follow, max-snippet:-1, max-image-preview:large, max-video-preview:-1\" \/>\n<link rel=\"canonical\" href=\"https:\/\/www.pensarcursos.com.br\/blog\/cnu-deve-chamar-cadastro-reserva-nos-proximos-dias-afirma-ministra\/\" \/>\n<meta property=\"og:locale\" content=\"pt_BR\" \/>\n<meta property=\"og:type\" content=\"article\" \/>\n<meta property=\"og:title\" content=\"CNU deve chamar Cadastro Reserva nos pr\u00f3ximos dias, afirma ministra\" \/>\n<meta property=\"og:description\" content=\"Ministra afirma que o governo federal dever\u00e1 convocar o cadastro reserva do CNU nos pr\u00f3ximos dias. Entenda como funcionam prazos, regras e oportunidades para aprovados em 2025.\" \/>\n<meta property=\"og:url\" content=\"https:\/\/www.pensarcursos.com.br\/blog\/cnu-deve-chamar-cadastro-reserva-nos-proximos-dias-afirma-ministra\/\" \/>\n<meta property=\"og:site_name\" content=\"Blog Pensar Cursos\" \/>\n<meta property=\"article:publisher\" content=\"https:\/\/www.facebook.com\/pensarcursos\/\" \/>\n<meta property=\"article:published_time\" content=\"2025-10-02T13:57:36+00:00\" \/>\n<meta property=\"og:image\" content=\"https:\/\/www.pensarcursos.com.br\/blog\/wp-content\/uploads\/2025\/10\/CNU1.png\" \/>\n\t<meta property=\"og:image:width\" content=\"1200\" \/>\n\t<meta property=\"og:image:height\" content=\"800\" \/>\n\t<meta property=\"og:image:type\" content=\"image\/png\" \/>\n<meta name=\"author\" content=\"F\u00e1tima Azevedo\" \/>\n<meta name=\"twitter:card\" content=\"summary_large_image\" \/>\n<meta name=\"twitter:label1\" content=\"Escrito por\" \/>\n\t<meta name=\"twitter:data1\" content=\"F\u00e1tima Azevedo\" \/>\n\t<meta name=\"twitter:label2\" content=\"Est. tempo de leitura\" \/>\n\t<meta name=\"twitter:data2\" content=\"5 minutos\" \/>\n<!-- \/ Yoast SEO Premium plugin. -->","yoast_head_json":{"title":"CNU deve chamar Cadastro Reserva nos pr\u00f3ximos dias, afirma ministra - Blog Pensar Cursos","description":"Ministra afirma que o governo federal dever\u00e1 convocar o cadastro reserva do CNU nos pr\u00f3ximos dias. Entenda como funcionam prazos, regras e oportunidades para aprovados em 2025.","robots":{"index":"index","follow":"follow","max-snippet":"max-snippet:-1","max-image-preview":"max-image-preview:large","max-video-preview":"max-video-preview:-1"},"canonical":"https:\/\/www.pensarcursos.com.br\/blog\/cnu-deve-chamar-cadastro-reserva-nos-proximos-dias-afirma-ministra\/","og_locale":"pt_BR","og_type":"article","og_title":"CNU deve chamar Cadastro Reserva nos pr\u00f3ximos dias, afirma ministra","og_description":"Ministra afirma que o governo federal dever\u00e1 convocar o cadastro reserva do CNU nos pr\u00f3ximos dias. Entenda como funcionam prazos, regras e oportunidades para aprovados em 2025.","og_url":"https:\/\/www.pensarcursos.com.br\/blog\/cnu-deve-chamar-cadastro-reserva-nos-proximos-dias-afirma-ministra\/","og_site_name":"Blog Pensar Cursos","article_publisher":"https:\/\/www.facebook.com\/pensarcursos\/","article_published_time":"2025-10-02T13:57:36+00:00","og_image":[{"width":1200,"height":800,"url":"https:\/\/www.pensarcursos.com.br\/blog\/wp-content\/uploads\/2025\/10\/CNU1.png","type":"image\/png"}],"author":"F\u00e1tima Azevedo","twitter_card":"summary_large_image","twitter_misc":{"Escrito por":"F\u00e1tima Azevedo","Est. tempo de leitura":"5 minutos"},"schema":{"@context":"https:\/\/schema.org","@graph":[{"@type":["Article","BlogPosting"],"@id":"https:\/\/www.pensarcursos.com.br\/blog\/cnu-deve-chamar-cadastro-reserva-nos-proximos-dias-afirma-ministra\/#article","isPartOf":{"@id":"https:\/\/www.pensarcursos.com.br\/blog\/cnu-deve-chamar-cadastro-reserva-nos-proximos-dias-afirma-ministra\/"},"author":{"name":"F\u00e1tima Azevedo","@id":"https:\/\/www.pensarcursos.com.br\/blog\/#\/schema\/person\/827343e4611913410dcf62144b5b2a2d"},"headline":"CNU deve chamar Cadastro Reserva nos pr\u00f3ximos dias, afirma ministra","datePublished":"2025-10-02T13:57:36+00:00","mainEntityOfPage":{"@id":"https:\/\/www.pensarcursos.com.br\/blog\/cnu-deve-chamar-cadastro-reserva-nos-proximos-dias-afirma-ministra\/"},"wordCount":786,"commentCount":0,"publisher":{"@id":"https:\/\/www.pensarcursos.com.br\/blog\/#organization"},"image":{"@id":"https:\/\/www.pensarcursos.com.br\/blog\/cnu-deve-chamar-cadastro-reserva-nos-proximos-dias-afirma-ministra\/#primaryimage"},"thumbnailUrl":"https:\/\/www.pensarcursos.com.br\/blog\/wp-content\/uploads\/2025\/10\/CNU1.png","keywords":["CNU","concurso cadastro reserva","edital cnu","ministra concurso p\u00fablico","novidades concursos"],"articleSection":["Concursos P\u00fablicos"],"inLanguage":"pt-BR","potentialAction":[{"@type":"CommentAction","name":"Comment","target":["https:\/\/www.pensarcursos.com.br\/blog\/cnu-deve-chamar-cadastro-reserva-nos-proximos-dias-afirma-ministra\/#respond"]}],"copyrightYear":"2025","copyrightHolder":{"@id":"https:\/\/www.pensarcursos.com.br\/blog\/#organization"}},{"@type":"WebPage","@id":"https:\/\/www.pensarcursos.com.br\/blog\/cnu-deve-chamar-cadastro-reserva-nos-proximos-dias-afirma-ministra\/","url":"https:\/\/www.pensarcursos.com.br\/blog\/cnu-deve-chamar-cadastro-reserva-nos-proximos-dias-afirma-ministra\/","name":"CNU deve chamar Cadastro Reserva nos pr\u00f3ximos dias, afirma ministra - Blog Pensar Cursos","isPartOf":{"@id":"https:\/\/www.pensarcursos.com.br\/blog\/#website"},"primaryImageOfPage":{"@id":"https:\/\/www.pensarcursos.com.br\/blog\/cnu-deve-chamar-cadastro-reserva-nos-proximos-dias-afirma-ministra\/#primaryimage"},"image":{"@id":"https:\/\/www.pensarcursos.com.br\/blog\/cnu-deve-chamar-cadastro-reserva-nos-proximos-dias-afirma-ministra\/#primaryimage"},"thumbnailUrl":"https:\/\/www.pensarcursos.com.br\/blog\/wp-content\/uploads\/2025\/10\/CNU1.png","datePublished":"2025-10-02T13:57:36+00:00","description":"Ministra afirma que o governo federal dever\u00e1 convocar o cadastro reserva do CNU nos pr\u00f3ximos dias. Entenda como funcionam prazos, regras e oportunidades para aprovados em 2025.","breadcrumb":{"@id":"https:\/\/www.pensarcursos.com.br\/blog\/cnu-deve-chamar-cadastro-reserva-nos-proximos-dias-afirma-ministra\/#breadcrumb"},"inLanguage":"pt-BR","potentialAction":[{"@type":"ReadAction","target":["https:\/\/www.pensarcursos.com.br\/blog\/cnu-deve-chamar-cadastro-reserva-nos-proximos-dias-afirma-ministra\/"]}]},{"@type":"ImageObject","inLanguage":"pt-BR","@id":"https:\/\/www.pensarcursos.com.br\/blog\/cnu-deve-chamar-cadastro-reserva-nos-proximos-dias-afirma-ministra\/#primaryimage","url":"https:\/\/www.pensarcursos.com.br\/blog\/wp-content\/uploads\/2025\/10\/CNU1.png","contentUrl":"https:\/\/www.pensarcursos.com.br\/blog\/wp-content\/uploads\/2025\/10\/CNU1.png","width":1200,"height":800,"caption":"CNU deve chamar Cadastro Reserva nos pr\u00f3ximos dias, afirma ministra. Saiba mais! Imagem: Pensar Cursos"},{"@type":"BreadcrumbList","@id":"https:\/\/www.pensarcursos.com.br\/blog\/cnu-deve-chamar-cadastro-reserva-nos-proximos-dias-afirma-ministra\/#breadcrumb","itemListElement":[{"@type":"ListItem","position":1,"name":"Home","item":"https:\/\/www.pensarcursos.com.br\/blog\/"},{"@type":"ListItem","position":2,"name":"CNU deve chamar Cadastro Reserva nos pr\u00f3ximos dias, afirma ministra"}]},{"@type":"WebSite","@id":"https:\/\/www.pensarcursos.com.br\/blog\/#website","url":"https:\/\/www.pensarcursos.com.br\/blog\/","name":"Blog Pensar Cursos","description":"Maior Site de Cursos do Brasil","publisher":{"@id":"https:\/\/www.pensarcursos.com.br\/blog\/#organization"},"alternateName":"Blog Pensar","potentialAction":[{"@type":"SearchAction","target":{"@type":"EntryPoint","urlTemplate":"https:\/\/www.pensarcursos.com.br\/blog\/?s={search_term_string}"},"query-input":{"@type":"PropertyValueSpecification","valueRequired":true,"valueName":"search_term_string"}}],"inLanguage":"pt-BR"},{"@type":"Organization","@id":"https:\/\/www.pensarcursos.com.br\/blog\/#organization","name":"Pensar Cursos","alternateName":"Blog pensar","url":"https:\/\/www.pensarcursos.com.br\/blog\/","logo":{"@type":"ImageObject","inLanguage":"pt-BR","@id":"https:\/\/www.pensarcursos.com.br\/blog\/#\/schema\/logo\/image\/","url":"https:\/\/www.pensarcursos.com.br\/blog\/wp-content\/uploads\/2023\/11\/Nova-Logo-Pensar-Cursos-vertical.png","contentUrl":"https:\/\/www.pensarcursos.com.br\/blog\/wp-content\/uploads\/2023\/11\/Nova-Logo-Pensar-Cursos-vertical.png","width":1393,"height":1001,"caption":"Pensar Cursos"},"image":{"@id":"https:\/\/www.pensarcursos.com.br\/blog\/#\/schema\/logo\/image\/"},"sameAs":["https:\/\/www.facebook.com\/pensarcursos\/","https:\/\/instagram.com.br\/pensarcursos"],"description":"Pensar Cursos \u00e9 uma empresa especializada em oferecer cursos de alta qualidade voltados para o desenvolvimento profissional e acad\u00eamico. Com uma ampla gama de op\u00e7\u00f5es de treinamento, oferecemos conte\u00fados atualizados, ministrados por especialistas da \u00e1rea, para capacitar indiv\u00edduos e equipes a atingirem seus objetivos. Nossa miss\u00e3o \u00e9 proporcionar uma educa\u00e7\u00e3o transformadora, acess\u00edvel e personalizada para cada aluno, seja em cursos presenciais ou online. Com uma abordagem inovadora, buscamos adaptar os nossos programas de ensino \u00e0s necessidades do mercado, criando solu\u00e7\u00f5es que atendem aos desafios e exig\u00eancias do mundo corporativo e acad\u00eamico. Nossos cursos incluem desde forma\u00e7\u00f5es t\u00e9cnicas at\u00e9 habilidades essenciais, como lideran\u00e7a, gest\u00e3o e desenvolvimento pessoal.","email":"contato@pensarcursos.com.br","legalName":"Sena Servi\u00e7os de Informa\u00e7\u00e3o Online LTDA","foundingDate":"2013-04-18","vatID":"17956217000172","numberOfEmployees":{"@type":"QuantitativeValue","minValue":"11","maxValue":"50"},"publishingPrinciples":"https:\/\/www.pensarcursos.com.br\/blog\/principios-de-publicacao\/","ownershipFundingInfo":"https:\/\/www.pensarcursos.com.br\/blog\/informacoes-de-propriedade-financiamento\/","actionableFeedbackPolicy":"https:\/\/www.pensarcursos.com.br\/blog\/politica-de-feedback-acionavel\/","correctionsPolicy":"https:\/\/www.pensarcursos.com.br\/blog\/politica-de-correcoes\/","ethicsPolicy":"https:\/\/www.pensarcursos.com.br\/blog\/politica-de-etica\/"},{"@type":"Person","@id":"https:\/\/www.pensarcursos.com.br\/blog\/#\/schema\/person\/827343e4611913410dcf62144b5b2a2d","name":"F\u00e1tima Azevedo","image":{"@type":"ImageObject","inLanguage":"pt-BR","@id":"https:\/\/secure.gravatar.com\/avatar\/ea820c84e212573cc3f119ba576278fe7ad07b69ed7ca0c33223662227bb77ca?s=96&d=mm&r=g","url":"https:\/\/secure.gravatar.com\/avatar\/ea820c84e212573cc3f119ba576278fe7ad07b69ed7ca0c33223662227bb77ca?s=96&d=mm&r=g","contentUrl":"https:\/\/secure.gravatar.com\/avatar\/ea820c84e212573cc3f119ba576278fe7ad07b69ed7ca0c33223662227bb77ca?s=96&d=mm&r=g","caption":"F\u00e1tima Azevedo"},"description":"Graduada em Ci\u00eancias Biol\u00f3gicas. Professora. Redatora grupo Sena Online.","sameAs":["https:\/\/www.linkedin.com\/in\/maria-de-f\u00e1tima-oliveira-da-costa-74a1692a7"],"url":"https:\/\/www.pensarcursos.com.br\/blog\/author\/fatima\/"}]}},"_links":{"self":[{"href":"https:\/\/www.pensarcursos.com.br\/blog\/wp-json\/wp\/v2\/posts\/121267","targetHints":{"allow":["GET"]}}],"collection":[{"href":"https:\/\/www.pensarcursos.com.br\/blog\/wp-json\/wp\/v2\/posts"}],"about":[{"href":"https:\/\/www.pensarcursos.com.br\/blog\/wp-json\/wp\/v2\/types\/post"}],"author":[{"embeddable":true,"href":"https:\/\/www.pensarcursos.com.br\/blog\/wp-json\/wp\/v2\/users\/41"}],"replies":[{"embeddable":true,"href":"https:\/\/www.pensarcursos.com.br\/blog\/wp-json\/wp\/v2\/comments?post=121267"}],"version-history":[{"count":0,"href":"https:\/\/www.pensarcursos.com.br\/blog\/wp-json\/wp\/v2\/posts\/121267\/revisions"}],"wp:featuredmedia":[{"embeddable":true,"href":"https:\/\/www.pensarcursos.com.br\/blog\/wp-json\/wp\/v2\/media\/121282"}],"wp:attachment":[{"href":"https:\/\/www.pensarcursos.com.br\/blog\/wp-json\/wp\/v2\/media?parent=121267"}],"wp:term":[{"taxonomy":"category","embeddable":true,"href":"https:\/\/www.pensarcursos.com.br\/blog\/wp-json\/wp\/v2\/categories?post=121267"},{"taxonomy":"post_tag","embeddable":true,"href":"https:\/\/www.pensarcursos.com.br\/blog\/wp-json\/wp\/v2\/tags?post=121267"}],"curies":[{"name":"wp","href":"https:\/\/api.w.org\/{rel}","templated":true}]}}