{"id":119459,"date":"2025-09-20T17:39:57","date_gmt":"2025-09-20T20:39:57","guid":{"rendered":"https:\/\/www.pensarcursos.com.br\/blog\/?p=119459"},"modified":"2025-09-19T15:06:14","modified_gmt":"2025-09-19T18:06:14","slug":"por-que-e-dificil-se-abrir-com-os-outros-entenda-a-psicologia-por-tras-desse-comportamento","status":"publish","type":"post","link":"https:\/\/www.pensarcursos.com.br\/blog\/por-que-e-dificil-se-abrir-com-os-outros-entenda-a-psicologia-por-tras-desse-comportamento\/","title":{"rendered":"Por que \u00e9 dif\u00edcil se abrir com os outros? Entenda a psicologia por tr\u00e1s desse comportamento"},"content":{"rendered":"<p>Falar sobre sentimentos pode ser desafiador para muitas pessoas, mesmo quando h\u00e1 a vontade de se expressar. O ato de se abrir com os outros envolve vulnerabilidade, o que pode gerar medo, inseguran\u00e7a e at\u00e9 frustra\u00e7\u00e3o.<\/p>\n<p>Muitas vezes, as palavras parecem n\u00e3o sair, mesmo que haja confian\u00e7a nas rela\u00e7\u00f5es. A psicologia explica que essa dificuldade n\u00e3o \u00e9 uma falha, mas sim um mecanismo de prote\u00e7\u00e3o emocional que visa preservar a integridade de quem sente.<\/p>\n<p>Continue a leitura desta mat\u00e9ria e compreenda as causas desse comportamento e o que pode ser feito para superar esse bloqueio.<\/p>\n<h2>O medo de ser julgado<\/h2>\n<p>Um dos fatores principais que impede as pessoas de se abrirem \u00e9 o medo do julgamento. Existe um receio de que, ao mostrar suas emo\u00e7\u00f5es, elas possam ser vistas como fracas ou inadequadas. Esse medo se manifesta de diferentes formas: em algumas pessoas, pode surgir a cren\u00e7a de que se expor \u00e9 uma fraqueza ou um sinal de incapacidade de lidar com as pr\u00f3prias quest\u00f5es.<\/p>\n<h2>Como experi\u00eancias passadas influenciam a dificuldade de se abrir?<\/h2>\n<p>Outra raz\u00e3o comum para a <a href=\"https:\/\/www.pensarcursos.com.br\/blog\/voce-ja-superou-essas-sete-dificuldades-entao-sua-forca-mental-e-impressionante\/\">dificuldade<\/a> em se expressar emocionalmente est\u00e1 ligada a experi\u00eancias de vida, principalmente os traumas. Quando uma pessoa viveu momentos em que se abriu e foi rejeitada, criticada ou ignorada, ela tende a internalizar a ideia de que se mostrar vulner\u00e1vel \u00e9 arriscado.<\/p>\n<p>Essas experi\u00eancias podem ocorrer desde a inf\u00e2ncia, com dificuldades familiares, at\u00e9 na vida adulta, em relacionamentos que n\u00e3o ofereceram suporte emocional.<\/p>\n<p>De acordo com a psic\u00f3loga Katherine Sorroche, viv\u00eancias de rejei\u00e7\u00e3o ou humilha\u00e7\u00e3o podem criar uma barreira emocional duradoura, onde a pessoa aprende a guardar seus sentimentos para si, por medo de se expor novamente a dor ou o abandono. Por isso, a tend\u00eancia de se fechar \u00e9 uma forma de autoprote\u00e7\u00e3o.<\/p>\n<h2>A consequ\u00eancia de guardar sentimentos<\/h2>\n<p>Embora seja uma defesa, guardar os <a href=\"https:\/\/www.pensarcursos.com.br\/blog\/pessoas-que-ouviram-essas-5-frases-quando-criancas-tendem-a-ter-dificuldade-de-expressar-sentimentos-na-vida-adulta\/\">sentimentos<\/a> por muito tempo n\u00e3o elimina o problema; ao contr\u00e1rio, ele se acumula e pode se manifestar de formas prejudiciais. A psic\u00f3loga compara essa situa\u00e7\u00e3o com uma panela de press\u00e3o: \u201c<em>guardar sentimentos \u00e9 como tentar segurar uma panela de press\u00e3o sem v\u00e1lvula de escape: em algum momento, isso vai transbordar<\/em>\u201d.<\/p>\n<p>Al\u00e9m do impacto emocional, esse bloqueio tamb\u00e9m pode afetar a sa\u00fade f\u00edsica. Sintomas como ansiedade, tens\u00e3o muscular, problemas de sono, dores de cabe\u00e7a e at\u00e9 dist\u00farbios gastrointestinais s\u00e3o comumente associados \u00e0 repress\u00e3o emocional.<\/p>\n<p>O corpo acaba &#8220;falando&#8221; o que a mente se recusa a expressar, tornando a repress\u00e3o emocional algo prejudicial para o bem-estar geral.<\/p>\n<h2>Como superar a dificuldade de se abrir?<\/h2>\n<figure id=\"attachment_119473\" aria-describedby=\"caption-attachment-119473\" style=\"width: 1500px\" class=\"wp-caption alignnone\"><img decoding=\"async\" class=\"wp-image-119473 size-full\" src=\"https:\/\/www.pensarcursos.com.br\/blog\/wp-content\/uploads\/2025\/09\/2149308843.jpg\" alt=\"Homem confortando mulher triste segurando suas m\u00e3os em um sof\u00e1 amarelo.\" width=\"1500\" height=\"1000\" srcset=\"https:\/\/www.pensarcursos.com.br\/blog\/wp-content\/uploads\/2025\/09\/2149308843.jpg 1500w, https:\/\/www.pensarcursos.com.br\/blog\/wp-content\/uploads\/2025\/09\/2149308843-300x200.jpg 300w, https:\/\/www.pensarcursos.com.br\/blog\/wp-content\/uploads\/2025\/09\/2149308843-1024x683.jpg 1024w, https:\/\/www.pensarcursos.com.br\/blog\/wp-content\/uploads\/2025\/09\/2149308843-768x512.jpg 768w, https:\/\/www.pensarcursos.com.br\/blog\/wp-content\/uploads\/2025\/09\/2149308843-750x500.jpg 750w, https:\/\/www.pensarcursos.com.br\/blog\/wp-content\/uploads\/2025\/09\/2149308843-1140x760.jpg 1140w\" sizes=\"(max-width: 1500px) 100vw, 1500px\" \/><figcaption id=\"caption-attachment-119473\" class=\"wp-caption-text\">Descubra como diminuir a dificuldade em se abrir. Imagem: Freepik<\/figcaption><\/figure>\n<p>A boa not\u00edcia \u00e9 que, embora seja desafiador, \u00e9 poss\u00edvel superar essa dificuldade de se abrir com os outros. O processo come\u00e7a com a aceita\u00e7\u00e3o de que a vulnerabilidade \u00e9 uma parte natural do ser humano.<\/p>\n<p>O medo de julgamento ou de rejei\u00e7\u00e3o n\u00e3o precisa ser um obst\u00e1culo permanente. A psicoterapia \u00e9 um dos caminhos mais eficazes para quem deseja aprender a se abrir emocionalmente.<\/p>\n<h3>Passos para come\u00e7ar a se abrir<\/h3>\n<p>Para quem sente dificuldades em se abrir, aqui est\u00e3o algumas dicas que podem ajudar a iniciar esse processo:<\/p>\n<ul>\n<li>Pratique o autoconhecimento: Entender suas emo\u00e7\u00f5es e como elas influenciam o comportamento \u00e9 o primeiro passo para se abrir com os outros.<\/li>\n<li>Escolha as pessoas certas: Compartilhar sentimentos com pessoas de confian\u00e7a, como amigos pr\u00f3ximos ou familiares, pode ser um bom ponto de partida.<\/li>\n<li>D\u00ea pequenos passos: N\u00e3o \u00e9 necess\u00e1rio contar tudo de uma vez. Comece com pequenas conversas, gradualmente aumentando a profundidade do que compartilha.<\/li>\n<li>Seja paciente consigo mesmo: N\u00e3o se apresse. O processo de se abrir emocionalmente leva tempo e deve ser respeitado no ritmo de cada pessoa.<\/li>\n<\/ul>\n<p>Quer conferir outros conte\u00fados sobre psicologia e comportamento humano? Continue no<a href=\"https:\/\/www.pensarcursos.com.br\/blog\/\"><strong> Pensar Cursos<\/strong><\/a>!<\/p>\n<h2>Benef\u00edcios de se abrir com os outros<\/h2>\n<p>A longo prazo, aprender a se abrir pode resultar em uma melhora direta na qualidade das rela\u00e7\u00f5es pessoais. Quando as pessoas compartilham suas emo\u00e7\u00f5es de forma genu\u00edna, isso fortalece os v\u00ednculos e cria uma conex\u00e3o mais profunda. Al\u00e9m disso, expressar sentimentos pode aliviar o estresse, melhorar o bem-estar emocional e at\u00e9 mesmo ter um impacto positivo na sa\u00fade f\u00edsica.<\/p>\n","protected":false},"excerpt":{"rendered":"<p>Falar sobre sentimentos pode ser desafiador para muitas pessoas, mesmo quando h\u00e1 a vontade de se expressar. O ato de se abrir com os outros envolve vulnerabilidade, o que pode gerar medo, inseguran\u00e7a e at\u00e9 frustra\u00e7\u00e3o. Muitas vezes, as palavras parecem n\u00e3o sair, mesmo que haja confian\u00e7a nas rela\u00e7\u00f5es. A psicologia explica que essa dificuldade [&hellip;]<\/p>\n","protected":false},"author":17,"featured_media":119471,"comment_status":"open","ping_status":"closed","sticky":false,"template":"","format":"standard","meta":{"jnews-multi-image_gallery":[],"jnews_single_post":{"format":"standard","override":[{"template":"1","parallax":"1","fullscreen":"1","layout":"right-sidebar","sidebar":"default-sidebar","second_sidebar":"default-sidebar","sticky_sidebar":"1","share_position":"top","share_float_style":"share-monocrhome","show_featured":"1","show_post_meta":"1","show_post_author":"1","show_post_author_image":"1","show_post_date":"1","post_date_format":"default","post_date_format_custom":"Y\/m\/d","show_post_category":"1","post_reading_time_wpm":"300","post_calculate_word_method":"str_word_count","show_zoom_button":"0","zoom_button_out_step":"2","zoom_button_in_step":"3","show_post_tag":"1","show_prev_next_post":"1","show_popup_post":"1","number_popup_post":"2","show_author_box":"1","show_post_related":"1","show_inline_post_related":"1"}],"image_override":[{"single_post_thumbnail_size":"crop-500","single_post_gallery_size":"crop-500"}],"trending_post_position":"meta","trending_post_label":"Trending","sponsored_post_label":"Sponsored by","disable_ad":"0","subtitle":"O que impede as pessoas de falarem sobre seus pr\u00f3prios sentimentos?"},"jnews_primary_category":[],"jnews_social_meta":[],"jnews_override_counter":{"view_counter_number":"0","share_counter_number":"0","like_counter_number":"0","dislike_counter_number":"0"},"footnotes":""},"categories":[27431],"tags":[33316,33320,33319,33317,33318],"class_list":["post-119459","post","type-post","status-publish","format-standard","has-post-thumbnail","hentry","category-psicologia-e-comportamento","tag-bloqueio-emocional","tag-como-melhorar-relacoes-pessoais","tag-medo-de-julgamento","tag-psicologia-das-emocoes","tag-terapia-emocional"],"yoast_head":"<!-- This site is optimized with the Yoast SEO Premium plugin v27.4 (Yoast SEO v27.4) - https:\/\/yoast.com\/product\/yoast-seo-premium-wordpress\/ -->\n<title>Por que \u00e9 dif\u00edcil se abrir com os outros? Entenda a psicologia por tr\u00e1s desse comportamento - Blog Pensar Cursos<\/title>\n<meta name=\"description\" content=\"Entenda as raz\u00f5es psicol\u00f3gicas que tornam dif\u00edcil se abrir com os outros e descubra como superar bloqueios emocionais para melhorar suas rela\u00e7\u00f5es.\" \/>\n<meta name=\"robots\" content=\"index, follow, max-snippet:-1, max-image-preview:large, max-video-preview:-1\" \/>\n<link rel=\"canonical\" href=\"https:\/\/www.pensarcursos.com.br\/blog\/por-que-e-dificil-se-abrir-com-os-outros-entenda-a-psicologia-por-tras-desse-comportamento\/\" \/>\n<meta property=\"og:locale\" content=\"pt_BR\" \/>\n<meta property=\"og:type\" content=\"article\" \/>\n<meta property=\"og:title\" content=\"Por que \u00e9 dif\u00edcil se abrir com os outros? Entenda a psicologia por tr\u00e1s desse comportamento\" \/>\n<meta property=\"og:description\" content=\"Entenda as raz\u00f5es psicol\u00f3gicas que tornam dif\u00edcil se abrir com os outros e descubra como superar bloqueios emocionais para melhorar suas rela\u00e7\u00f5es.\" \/>\n<meta property=\"og:url\" content=\"https:\/\/www.pensarcursos.com.br\/blog\/por-que-e-dificil-se-abrir-com-os-outros-entenda-a-psicologia-por-tras-desse-comportamento\/\" \/>\n<meta property=\"og:site_name\" content=\"Blog Pensar Cursos\" \/>\n<meta property=\"article:publisher\" content=\"https:\/\/www.facebook.com\/pensarcursos\/\" \/>\n<meta property=\"article:author\" content=\"https:\/\/www.facebook.com\/profile.php?id=61550018262414\" \/>\n<meta property=\"article:published_time\" content=\"2025-09-20T20:39:57+00:00\" \/>\n<meta property=\"og:image\" content=\"https:\/\/www.pensarcursos.com.br\/blog\/wp-content\/uploads\/2025\/09\/352.jpg\" \/>\n\t<meta property=\"og:image:width\" content=\"1500\" \/>\n\t<meta property=\"og:image:height\" content=\"1000\" \/>\n\t<meta property=\"og:image:type\" content=\"image\/jpeg\" \/>\n<meta name=\"author\" content=\"Gorete Costa\" \/>\n<meta name=\"twitter:card\" content=\"summary_large_image\" \/>\n<meta name=\"twitter:label1\" content=\"Escrito por\" \/>\n\t<meta name=\"twitter:data1\" content=\"Gorete Costa\" \/>\n\t<meta name=\"twitter:label2\" content=\"Est. tempo de leitura\" \/>\n\t<meta name=\"twitter:data2\" content=\"5 minutos\" \/>\n<!-- \/ Yoast SEO Premium plugin. -->","yoast_head_json":{"title":"Por que \u00e9 dif\u00edcil se abrir com os outros? Entenda a psicologia por tr\u00e1s desse comportamento - Blog Pensar Cursos","description":"Entenda as raz\u00f5es psicol\u00f3gicas que tornam dif\u00edcil se abrir com os outros e descubra como superar bloqueios emocionais para melhorar suas rela\u00e7\u00f5es.","robots":{"index":"index","follow":"follow","max-snippet":"max-snippet:-1","max-image-preview":"max-image-preview:large","max-video-preview":"max-video-preview:-1"},"canonical":"https:\/\/www.pensarcursos.com.br\/blog\/por-que-e-dificil-se-abrir-com-os-outros-entenda-a-psicologia-por-tras-desse-comportamento\/","og_locale":"pt_BR","og_type":"article","og_title":"Por que \u00e9 dif\u00edcil se abrir com os outros? Entenda a psicologia por tr\u00e1s desse comportamento","og_description":"Entenda as raz\u00f5es psicol\u00f3gicas que tornam dif\u00edcil se abrir com os outros e descubra como superar bloqueios emocionais para melhorar suas rela\u00e7\u00f5es.","og_url":"https:\/\/www.pensarcursos.com.br\/blog\/por-que-e-dificil-se-abrir-com-os-outros-entenda-a-psicologia-por-tras-desse-comportamento\/","og_site_name":"Blog Pensar Cursos","article_publisher":"https:\/\/www.facebook.com\/pensarcursos\/","article_author":"https:\/\/www.facebook.com\/profile.php?id=61550018262414","article_published_time":"2025-09-20T20:39:57+00:00","og_image":[{"width":1500,"height":1000,"url":"https:\/\/www.pensarcursos.com.br\/blog\/wp-content\/uploads\/2025\/09\/352.jpg","type":"image\/jpeg"}],"author":"Gorete Costa","twitter_card":"summary_large_image","twitter_misc":{"Escrito por":"Gorete Costa","Est. tempo de leitura":"5 minutos"},"schema":{"@context":"https:\/\/schema.org","@graph":[{"@type":["Article","BlogPosting"],"@id":"https:\/\/www.pensarcursos.com.br\/blog\/por-que-e-dificil-se-abrir-com-os-outros-entenda-a-psicologia-por-tras-desse-comportamento\/#article","isPartOf":{"@id":"https:\/\/www.pensarcursos.com.br\/blog\/por-que-e-dificil-se-abrir-com-os-outros-entenda-a-psicologia-por-tras-desse-comportamento\/"},"author":{"name":"Gorete Costa","@id":"https:\/\/www.pensarcursos.com.br\/blog\/#\/schema\/person\/e133b19d62595d6ab0c12f3e5436a7bb"},"headline":"Por que \u00e9 dif\u00edcil se abrir com os outros? Entenda a psicologia por tr\u00e1s desse comportamento","datePublished":"2025-09-20T20:39:57+00:00","mainEntityOfPage":{"@id":"https:\/\/www.pensarcursos.com.br\/blog\/por-que-e-dificil-se-abrir-com-os-outros-entenda-a-psicologia-por-tras-desse-comportamento\/"},"wordCount":763,"commentCount":0,"publisher":{"@id":"https:\/\/www.pensarcursos.com.br\/blog\/#organization"},"image":{"@id":"https:\/\/www.pensarcursos.com.br\/blog\/por-que-e-dificil-se-abrir-com-os-outros-entenda-a-psicologia-por-tras-desse-comportamento\/#primaryimage"},"thumbnailUrl":"https:\/\/www.pensarcursos.com.br\/blog\/wp-content\/uploads\/2025\/09\/352.jpg","keywords":["bloqueio emocional","como melhorar rela\u00e7\u00f5es pessoais","medo de julgamento","psicologia das emo\u00e7\u00f5es","terapia emocional"],"articleSection":["Psicologia e Comportamento"],"inLanguage":"pt-BR","potentialAction":[{"@type":"CommentAction","name":"Comment","target":["https:\/\/www.pensarcursos.com.br\/blog\/por-que-e-dificil-se-abrir-com-os-outros-entenda-a-psicologia-por-tras-desse-comportamento\/#respond"]}],"copyrightYear":"2025","copyrightHolder":{"@id":"https:\/\/www.pensarcursos.com.br\/blog\/#organization"}},{"@type":"WebPage","@id":"https:\/\/www.pensarcursos.com.br\/blog\/por-que-e-dificil-se-abrir-com-os-outros-entenda-a-psicologia-por-tras-desse-comportamento\/","url":"https:\/\/www.pensarcursos.com.br\/blog\/por-que-e-dificil-se-abrir-com-os-outros-entenda-a-psicologia-por-tras-desse-comportamento\/","name":"Por que \u00e9 dif\u00edcil se abrir com os outros? Entenda a psicologia por tr\u00e1s desse comportamento - Blog Pensar Cursos","isPartOf":{"@id":"https:\/\/www.pensarcursos.com.br\/blog\/#website"},"primaryImageOfPage":{"@id":"https:\/\/www.pensarcursos.com.br\/blog\/por-que-e-dificil-se-abrir-com-os-outros-entenda-a-psicologia-por-tras-desse-comportamento\/#primaryimage"},"image":{"@id":"https:\/\/www.pensarcursos.com.br\/blog\/por-que-e-dificil-se-abrir-com-os-outros-entenda-a-psicologia-por-tras-desse-comportamento\/#primaryimage"},"thumbnailUrl":"https:\/\/www.pensarcursos.com.br\/blog\/wp-content\/uploads\/2025\/09\/352.jpg","datePublished":"2025-09-20T20:39:57+00:00","description":"Entenda as raz\u00f5es psicol\u00f3gicas que tornam dif\u00edcil se abrir com os outros e descubra como superar bloqueios emocionais para melhorar suas rela\u00e7\u00f5es.","breadcrumb":{"@id":"https:\/\/www.pensarcursos.com.br\/blog\/por-que-e-dificil-se-abrir-com-os-outros-entenda-a-psicologia-por-tras-desse-comportamento\/#breadcrumb"},"inLanguage":"pt-BR","potentialAction":[{"@type":"ReadAction","target":["https:\/\/www.pensarcursos.com.br\/blog\/por-que-e-dificil-se-abrir-com-os-outros-entenda-a-psicologia-por-tras-desse-comportamento\/"]}]},{"@type":"ImageObject","inLanguage":"pt-BR","@id":"https:\/\/www.pensarcursos.com.br\/blog\/por-que-e-dificil-se-abrir-com-os-outros-entenda-a-psicologia-por-tras-desse-comportamento\/#primaryimage","url":"https:\/\/www.pensarcursos.com.br\/blog\/wp-content\/uploads\/2025\/09\/352.jpg","contentUrl":"https:\/\/www.pensarcursos.com.br\/blog\/wp-content\/uploads\/2025\/09\/352.jpg","width":1500,"height":1000,"caption":"A dificuldade em se abrir com o outro: de onde vem e como resolver? Imagem: Freepik"},{"@type":"BreadcrumbList","@id":"https:\/\/www.pensarcursos.com.br\/blog\/por-que-e-dificil-se-abrir-com-os-outros-entenda-a-psicologia-por-tras-desse-comportamento\/#breadcrumb","itemListElement":[{"@type":"ListItem","position":1,"name":"Home","item":"https:\/\/www.pensarcursos.com.br\/blog\/"},{"@type":"ListItem","position":2,"name":"Por que \u00e9 dif\u00edcil se abrir com os outros? Entenda a psicologia por tr\u00e1s desse comportamento"}]},{"@type":"WebSite","@id":"https:\/\/www.pensarcursos.com.br\/blog\/#website","url":"https:\/\/www.pensarcursos.com.br\/blog\/","name":"Blog Pensar Cursos","description":"Maior Site de Cursos do Brasil","publisher":{"@id":"https:\/\/www.pensarcursos.com.br\/blog\/#organization"},"alternateName":"Blog Pensar","potentialAction":[{"@type":"SearchAction","target":{"@type":"EntryPoint","urlTemplate":"https:\/\/www.pensarcursos.com.br\/blog\/?s={search_term_string}"},"query-input":{"@type":"PropertyValueSpecification","valueRequired":true,"valueName":"search_term_string"}}],"inLanguage":"pt-BR"},{"@type":"Organization","@id":"https:\/\/www.pensarcursos.com.br\/blog\/#organization","name":"Pensar Cursos","alternateName":"Blog pensar","url":"https:\/\/www.pensarcursos.com.br\/blog\/","logo":{"@type":"ImageObject","inLanguage":"pt-BR","@id":"https:\/\/www.pensarcursos.com.br\/blog\/#\/schema\/logo\/image\/","url":"https:\/\/www.pensarcursos.com.br\/blog\/wp-content\/uploads\/2023\/11\/Nova-Logo-Pensar-Cursos-vertical.png","contentUrl":"https:\/\/www.pensarcursos.com.br\/blog\/wp-content\/uploads\/2023\/11\/Nova-Logo-Pensar-Cursos-vertical.png","width":1393,"height":1001,"caption":"Pensar Cursos"},"image":{"@id":"https:\/\/www.pensarcursos.com.br\/blog\/#\/schema\/logo\/image\/"},"sameAs":["https:\/\/www.facebook.com\/pensarcursos\/","https:\/\/instagram.com.br\/pensarcursos"],"description":"Pensar Cursos \u00e9 uma empresa especializada em oferecer cursos de alta qualidade voltados para o desenvolvimento profissional e acad\u00eamico. Com uma ampla gama de op\u00e7\u00f5es de treinamento, oferecemos conte\u00fados atualizados, ministrados por especialistas da \u00e1rea, para capacitar indiv\u00edduos e equipes a atingirem seus objetivos. Nossa miss\u00e3o \u00e9 proporcionar uma educa\u00e7\u00e3o transformadora, acess\u00edvel e personalizada para cada aluno, seja em cursos presenciais ou online. Com uma abordagem inovadora, buscamos adaptar os nossos programas de ensino \u00e0s necessidades do mercado, criando solu\u00e7\u00f5es que atendem aos desafios e exig\u00eancias do mundo corporativo e acad\u00eamico. Nossos cursos incluem desde forma\u00e7\u00f5es t\u00e9cnicas at\u00e9 habilidades essenciais, como lideran\u00e7a, gest\u00e3o e desenvolvimento pessoal.","email":"contato@pensarcursos.com.br","legalName":"Sena Servi\u00e7os de Informa\u00e7\u00e3o Online LTDA","foundingDate":"2013-04-18","vatID":"17956217000172","numberOfEmployees":{"@type":"QuantitativeValue","minValue":"11","maxValue":"50"},"publishingPrinciples":"https:\/\/www.pensarcursos.com.br\/blog\/principios-de-publicacao\/","ownershipFundingInfo":"https:\/\/www.pensarcursos.com.br\/blog\/informacoes-de-propriedade-financiamento\/","actionableFeedbackPolicy":"https:\/\/www.pensarcursos.com.br\/blog\/politica-de-feedback-acionavel\/","correctionsPolicy":"https:\/\/www.pensarcursos.com.br\/blog\/politica-de-correcoes\/","ethicsPolicy":"https:\/\/www.pensarcursos.com.br\/blog\/politica-de-etica\/"},{"@type":"Person","@id":"https:\/\/www.pensarcursos.com.br\/blog\/#\/schema\/person\/e133b19d62595d6ab0c12f3e5436a7bb","name":"Gorete Costa","image":{"@type":"ImageObject","inLanguage":"pt-BR","@id":"https:\/\/secure.gravatar.com\/avatar\/8cb99f142e1cb1312d8c202378c20dc4f7210145acc22805481f4a3f47ce9b6f?s=96&d=mm&r=g","url":"https:\/\/secure.gravatar.com\/avatar\/8cb99f142e1cb1312d8c202378c20dc4f7210145acc22805481f4a3f47ce9b6f?s=96&d=mm&r=g","contentUrl":"https:\/\/secure.gravatar.com\/avatar\/8cb99f142e1cb1312d8c202378c20dc4f7210145acc22805481f4a3f47ce9b6f?s=96&d=mm&r=g","caption":"Gorete Costa"},"description":"Graduada em Servi\u00e7o Social pela Universidade do Norte do Paran\u00e1 (Unopar), Gorete Costa \u00e9 especialista em comunica\u00e7\u00e3o, atuando como radialista em programas jornal\u00edsticos e de entretenimento, al\u00e9m de produ\u00e7\u00e3o e revis\u00e3o de textos informativos para sites e blogs.","sameAs":["https:\/\/www.facebook.com\/profile.php?id=61550018262414"],"url":"https:\/\/www.pensarcursos.com.br\/blog\/author\/gorete\/"}]}},"_links":{"self":[{"href":"https:\/\/www.pensarcursos.com.br\/blog\/wp-json\/wp\/v2\/posts\/119459","targetHints":{"allow":["GET"]}}],"collection":[{"href":"https:\/\/www.pensarcursos.com.br\/blog\/wp-json\/wp\/v2\/posts"}],"about":[{"href":"https:\/\/www.pensarcursos.com.br\/blog\/wp-json\/wp\/v2\/types\/post"}],"author":[{"embeddable":true,"href":"https:\/\/www.pensarcursos.com.br\/blog\/wp-json\/wp\/v2\/users\/17"}],"replies":[{"embeddable":true,"href":"https:\/\/www.pensarcursos.com.br\/blog\/wp-json\/wp\/v2\/comments?post=119459"}],"version-history":[{"count":0,"href":"https:\/\/www.pensarcursos.com.br\/blog\/wp-json\/wp\/v2\/posts\/119459\/revisions"}],"wp:featuredmedia":[{"embeddable":true,"href":"https:\/\/www.pensarcursos.com.br\/blog\/wp-json\/wp\/v2\/media\/119471"}],"wp:attachment":[{"href":"https:\/\/www.pensarcursos.com.br\/blog\/wp-json\/wp\/v2\/media?parent=119459"}],"wp:term":[{"taxonomy":"category","embeddable":true,"href":"https:\/\/www.pensarcursos.com.br\/blog\/wp-json\/wp\/v2\/categories?post=119459"},{"taxonomy":"post_tag","embeddable":true,"href":"https:\/\/www.pensarcursos.com.br\/blog\/wp-json\/wp\/v2\/tags?post=119459"}],"curies":[{"name":"wp","href":"https:\/\/api.w.org\/{rel}","templated":true}]}}