{"id":118865,"date":"2025-09-14T20:59:54","date_gmt":"2025-09-14T23:59:54","guid":{"rendered":"https:\/\/www.pensarcursos.com.br\/blog\/?p=118865"},"modified":"2025-09-14T14:01:08","modified_gmt":"2025-09-14T17:01:08","slug":"saiu-edital-concurso-para-guarda-vidas-esta-com-inscricoes-abertas-salarios-de-r-21-mil-mais-auxilio-de-r-44000","status":"publish","type":"post","link":"https:\/\/www.pensarcursos.com.br\/blog\/saiu-edital-concurso-para-guarda-vidas-esta-com-inscricoes-abertas-salarios-de-r-21-mil-mais-auxilio-de-r-44000\/","title":{"rendered":"SAIU EDITAL! Concurso para GUARDA VIDAS est\u00e1 com inscri\u00e7\u00f5es abertas &#8211; Sal\u00e1rios de R$ 2,1 mil, mais aux\u00edlio de R$ 440,00"},"content":{"rendered":"<p>Uma nova oportunidade est\u00e1 dispon\u00edvel para quem busca ingressar na carreira p\u00fablica. Foi anunciada a abertura de um Processo Seletivo para o preenchimento de vagas para o cargo de <strong>Guarda Vidas Municipal<\/strong>, em car\u00e1ter tempor\u00e1rio. As inscri\u00e7\u00f5es j\u00e1 est\u00e3o abertas e seguem at\u00e9 o final de setembro, com sal\u00e1rios iniciais de <strong>R$ 2.100,00, al\u00e9m de vale alimenta\u00e7\u00e3o\/refei\u00e7\u00e3o no valor de R$ 440,00<\/strong>.\u00a0 Quer saber mais? Continue a leitura desta mat\u00e9ria!<\/p>\n<h2>Detalhes sobre a sele\u00e7\u00e3o<\/h2>\n<p>O <a href=\"https:\/\/www.pensarcursos.com.br\/blog\/processo-seletivo-do-ibge-sao-9-580-vagas-de-nivel-medio\/\">processo seletivo<\/a> est\u00e1 sendo realizado em car\u00e1ter de urg\u00eancia. S\u00e3o oferecidas 18 vagas para o cargo de Guarda Vidas Municipal, por tempo determinado. As vagas ser\u00e3o distribu\u00eddas de acordo com as necessidades apontadas pelo Grupamento do\u00a0Corpo de Bombeiros, respons\u00e1vel pelos servi\u00e7os de salvamento.<\/p>\n<p>Os aprovados atuar\u00e3o na vigil\u00e2ncia e salvamento.<\/p>\n<h2>Vagas ofertadas<\/h2>\n<p>O edital publicado prev\u00ea a contrata\u00e7\u00e3o imediata de <strong>18 profissionais<\/strong> para atuar como Guarda Vidas Municipal. O contrato tem dura\u00e7\u00e3o tempor\u00e1ria de at\u00e9 150 dias.<\/p>\n<h2>Requisitos para se candidatar<\/h2>\n<p>Para participar do processo seletivo, o candidato deve atender aos seguintes requisitos:<\/p>\n<ul>\n<li>Possuir ensino fundamental completo<\/li>\n<li>Ser maior de 18 anos<\/li>\n<li>Estar em dia com as obriga\u00e7\u00f5es eleitorais e militares<\/li>\n<li>Apresentar atestado m\u00e9dico de boa sa\u00fade, entre outros<\/li>\n<\/ul>\n<h2>Remunera\u00e7\u00e3o, benef\u00edcios e carga hor\u00e1ria<\/h2>\n<p>Os aprovados receber\u00e3o remunera\u00e7\u00e3o mensal no valor de <strong>R$ 2.100,00, al\u00e9m de vale alimenta\u00e7\u00e3o\/refei\u00e7\u00e3o de R$ 440,00<\/strong>. A jornada de trabalho ser\u00e1 de 40 horas semanais ou em turnos de revezamento de 12X36.<\/p>\n<p>Veja abaixo a tabela completa com as informa\u00e7\u00f5es sobre remunera\u00e7\u00e3o e carga hor\u00e1ria:<\/p>\n<table border=\"1\" width=\"100%\" cellspacing=\"0\" cellpadding=\"5\">\n<thead>\n<tr>\n<th>Cargo<\/th>\n<th>Sal\u00e1rio Inicial<\/th>\n<th>Benef\u00edcios<\/th>\n<th>Carga Hor\u00e1ria<\/th>\n<\/tr>\n<\/thead>\n<tbody>\n<tr>\n<td>Guarda Vidas Municipal<\/td>\n<td>R$ 2.100,00<\/td>\n<td>Vale alimenta\u00e7\u00e3o\/refei\u00e7\u00e3o de R$ 440,00<\/td>\n<td>40 horas semanais ou escala 12&#215;36<\/td>\n<\/tr>\n<\/tbody>\n<\/table>\n<h2>Inscri\u00e7\u00f5es do processo seletivo<\/h2>\n<p>As inscri\u00e7\u00f5es para o <a href=\"https:\/\/www.pensarcursos.com.br\/blog\/qual-a-diferenca-de-processo-seletivo-e-concurso-publico\/\">processo seletivo<\/a> de Mongagu\u00e1, no estado de S\u00e3o Paulo (SP), podem ser feitas de <strong>1\u00ba a 30 de setembro de 2025,<\/strong> das 8h \u00e0s 18h, na unidade do Corpo de Bombeiros, localizada na Avenida Governador M\u00e1rio Covas J\u00fanior, 7683, Ita\u00f3ca.<\/p>\n<p>Para dicas de prepara\u00e7\u00e3o para concursos p\u00fablicos, n\u00e3o deixe de conferir o\u00a0<strong><a href=\"https:\/\/www.pensarcursos.com.br\/blog\/\">Pensar Cursos<\/a><\/strong>!<\/p>\n<figure id=\"attachment_118869\" aria-describedby=\"caption-attachment-118869\" style=\"width: 1024px\" class=\"wp-caption aligncenter\"><img decoding=\"async\" class=\"wp-image-118869 size-large\" title=\"Concurso\" src=\"https:\/\/www.pensarcursos.com.br\/blog\/wp-content\/uploads\/2025\/09\/Concurso4-8-1024x683.jpg\" alt=\"M\u00e3o segurando caneta vermelha revisando texto em documentos com anota\u00e7\u00f5es e corre\u00e7\u00f5es.\" width=\"1024\" height=\"683\" srcset=\"https:\/\/www.pensarcursos.com.br\/blog\/wp-content\/uploads\/2025\/09\/Concurso4-8-1024x683.jpg 1024w, https:\/\/www.pensarcursos.com.br\/blog\/wp-content\/uploads\/2025\/09\/Concurso4-8-300x200.jpg 300w, https:\/\/www.pensarcursos.com.br\/blog\/wp-content\/uploads\/2025\/09\/Concurso4-8-768x512.jpg 768w, https:\/\/www.pensarcursos.com.br\/blog\/wp-content\/uploads\/2025\/09\/Concurso4-8.jpg 1380w\" sizes=\"(max-width: 1024px) 100vw, 1024px\" \/><figcaption id=\"caption-attachment-118869\" class=\"wp-caption-text\">Conhe\u00e7a os detalhes do processo seletivo para o cargo de Guarda Vidas da cidade de Mongagu\u00e1. Imagem: Freepik<\/figcaption><\/figure>\n<h2>Processo de sele\u00e7\u00e3o<\/h2>\n<p>A sele\u00e7\u00e3o dos candidatos acontecer\u00e1 por meio de duas etapas principais:<\/p>\n<ol>\n<li>Provas t\u00e9cnicas de habilidades f\u00edsicas, previstas para o dia <strong>6 de outubro de 2025<\/strong>. Esta fase \u00e9 eliminat\u00f3ria e visa avaliar a aptid\u00e3o f\u00edsica dos candidatos para o desempenho das fun\u00e7\u00f5es;<\/li>\n<li>Frequ\u00eancia e aproveitamento em curso de forma\u00e7\u00e3o espec\u00edfico para guarda-vidas<\/li>\n<\/ol>\n<h2>Resumo do processo seletivo para Guarda Vidas Municipal<\/h2>\n<p>Veja abaixo um resumo com as principais informa\u00e7\u00f5es sobre o processo seletivo para Guarda Vidas Municipal de Mongagu\u00e1:<\/p>\n<table border=\"1\" width=\"100%\" cellspacing=\"0\" cellpadding=\"5\">\n<tbody>\n<tr>\n<td><strong>Status:<\/strong><\/td>\n<td>Sele\u00e7\u00e3o aberta<\/td>\n<\/tr>\n<tr>\n<td><strong>Banca:<\/strong><\/td>\n<td>Prefeitura Municipal<\/td>\n<\/tr>\n<tr>\n<td><strong>Cargos:<\/strong><\/td>\n<td>Guarda Vidas Municipal<\/td>\n<\/tr>\n<tr>\n<td><strong>Escolaridade:<\/strong><\/td>\n<td>Ensino Fundamental Completo<\/td>\n<\/tr>\n<tr>\n<td><strong>Vagas:<\/strong><\/td>\n<td>18<\/td>\n<\/tr>\n<tr>\n<td><strong>Sal\u00e1rio inicial:<\/strong><\/td>\n<td>R$ 2.100,00<\/td>\n<\/tr>\n<tr>\n<td><strong>Carga hor\u00e1ria:<\/strong><\/td>\n<td>40 horas semanais ou escala 12&#215;36<\/td>\n<\/tr>\n<tr>\n<td><strong>Inscri\u00e7\u00f5es:<\/strong><\/td>\n<td>1\u00ba a 30 de setembro de 2025<\/td>\n<\/tr>\n<tr>\n<td><strong>Taxa inscri\u00e7\u00e3o:<\/strong><\/td>\n<td>Gratuita<\/td>\n<\/tr>\n<tr>\n<td><strong>Data da prova objetiva:<\/strong><\/td>\n<td>6 de outubro de 2025 (provas f\u00edsicas)<\/td>\n<\/tr>\n<tr>\n<td><strong>Edital:<\/strong><\/td>\n<td><a href=\"https:\/\/www.pensarcursos.com.br\/blog\/wp-content\/uploads\/2025\/09\/Vidas.pdf\" target=\"_blank\" rel=\"noopener\">Edital Guarda Vidas Municipal\u00a0<\/a><\/td>\n<\/tr>\n<\/tbody>\n<\/table>\n<h2>Validade da sele\u00e7\u00e3o<\/h2>\n<p>A sele\u00e7\u00e3o ser\u00e1 feita em car\u00e1ter urgente, considerando aus\u00eancia de reserva t\u00e9cnica para atendimento \u00e0s necessidades do munic\u00edpio e ter\u00e1 validade de 150 dias para convocar os classificados.<\/p>\n<p>\u00c9 importante que os candidatos aprovados fiquem atentos \u00e0s convoca\u00e7\u00f5es, que ser\u00e3o publicadas no site oficial da prefeitura e em outros meios de comunica\u00e7\u00e3o indicados no edital.<\/p>\n<div class=\"jeg_video_container jeg_video_content\"><iframe title=\"Como Passar no Concurso da Guarda Municipal em 2025: 4 Estrat\u00e9gias que voc\u00ea vai querer usar!\" width=\"500\" height=\"281\" src=\"https:\/\/www.youtube.com\/embed\/lXuvi5qyFxM?start=54&#038;feature=oembed\" frameborder=\"0\" allow=\"accelerometer; autoplay; clipboard-write; encrypted-media; gyroscope; picture-in-picture; web-share\" referrerpolicy=\"strict-origin-when-cross-origin\" allowfullscreen><\/iframe><\/div>\n","protected":false},"excerpt":{"rendered":"<p>Uma nova oportunidade est\u00e1 dispon\u00edvel para quem busca ingressar na carreira p\u00fablica. Foi anunciada a abertura de um Processo Seletivo para o preenchimento de vagas para o cargo de Guarda Vidas Municipal, em car\u00e1ter tempor\u00e1rio. As inscri\u00e7\u00f5es j\u00e1 est\u00e3o abertas e seguem at\u00e9 o final de setembro, com sal\u00e1rios iniciais de R$ 2.100,00, al\u00e9m de [&hellip;]<\/p>\n","protected":false},"author":17,"featured_media":118868,"comment_status":"open","ping_status":"closed","sticky":false,"template":"","format":"standard","meta":{"jnews-multi-image_gallery":[],"jnews_single_post":[],"jnews_primary_category":[],"jnews_social_meta":[],"jnews_override_counter":[],"footnotes":""},"categories":[29,17244],"tags":[33089,33091,33090],"class_list":["post-118865","post","type-post","status-publish","format-standard","has-post-thumbnail","hentry","category-concursos","category-guarda-municipal","tag-edital-concurso-da-guarda-municipal-de-mongagua","tag-inscricoes-concurso-da-guarda-municipal-de-mongagua","tag-vagas-concurso-da-guarda-municipal-de-mongagua"],"yoast_head":"<!-- This site is optimized with the Yoast SEO Premium plugin v27.4 (Yoast SEO v27.4) - https:\/\/yoast.com\/product\/yoast-seo-premium-wordpress\/ -->\n<title>SAIU EDITAL! Concurso para GUARDA VIDAS est\u00e1 com inscri\u00e7\u00f5es abertas - Sal\u00e1rios de R$ 2,1 mil, mais aux\u00edlio de R$ 440,00 - Blog Pensar Cursos<\/title>\n<meta name=\"description\" content=\"Concurso para Guarda Vidas Municipal abre 18 vagas com sal\u00e1rio de R$ 2.100 + aux\u00edlio de R$ 440. Inscri\u00e7\u00f5es at\u00e9 30\/09\/2025. Veja requisitos e como se inscrever!\" \/>\n<meta name=\"robots\" content=\"index, follow, max-snippet:-1, max-image-preview:large, max-video-preview:-1\" \/>\n<link rel=\"canonical\" href=\"https:\/\/www.pensarcursos.com.br\/blog\/saiu-edital-concurso-para-guarda-vidas-esta-com-inscricoes-abertas-salarios-de-r-21-mil-mais-auxilio-de-r-44000\/\" \/>\n<meta property=\"og:locale\" content=\"pt_BR\" \/>\n<meta property=\"og:type\" content=\"article\" \/>\n<meta property=\"og:title\" content=\"SAIU EDITAL! Concurso para GUARDA VIDAS est\u00e1 com inscri\u00e7\u00f5es abertas - Sal\u00e1rios de R$ 2,1 mil, mais aux\u00edlio de R$ 440,00\" \/>\n<meta property=\"og:description\" content=\"Concurso para Guarda Vidas Municipal abre 18 vagas com sal\u00e1rio de R$ 2.100 + aux\u00edlio de R$ 440. Inscri\u00e7\u00f5es at\u00e9 30\/09\/2025. Veja requisitos e como se inscrever!\" \/>\n<meta property=\"og:url\" content=\"https:\/\/www.pensarcursos.com.br\/blog\/saiu-edital-concurso-para-guarda-vidas-esta-com-inscricoes-abertas-salarios-de-r-21-mil-mais-auxilio-de-r-44000\/\" \/>\n<meta property=\"og:site_name\" content=\"Blog Pensar Cursos\" \/>\n<meta property=\"article:publisher\" content=\"https:\/\/www.facebook.com\/pensarcursos\/\" \/>\n<meta property=\"article:author\" content=\"https:\/\/www.facebook.com\/profile.php?id=61550018262414\" \/>\n<meta property=\"article:published_time\" content=\"2025-09-14T23:59:54+00:00\" \/>\n<meta property=\"og:image\" content=\"https:\/\/www.pensarcursos.com.br\/blog\/wp-content\/uploads\/2025\/09\/Concurso-P3-2-1.png\" \/>\n\t<meta property=\"og:image:width\" content=\"1200\" \/>\n\t<meta property=\"og:image:height\" content=\"800\" \/>\n\t<meta property=\"og:image:type\" content=\"image\/png\" \/>\n<meta name=\"author\" content=\"Gorete Costa\" \/>\n<meta name=\"twitter:card\" content=\"summary_large_image\" \/>\n<meta name=\"twitter:label1\" content=\"Escrito por\" \/>\n\t<meta name=\"twitter:data1\" content=\"Gorete Costa\" \/>\n\t<meta name=\"twitter:label2\" content=\"Est. tempo de leitura\" \/>\n\t<meta name=\"twitter:data2\" content=\"4 minutos\" \/>\n<!-- \/ Yoast SEO Premium plugin. -->","yoast_head_json":{"title":"SAIU EDITAL! Concurso para GUARDA VIDAS est\u00e1 com inscri\u00e7\u00f5es abertas - Sal\u00e1rios de R$ 2,1 mil, mais aux\u00edlio de R$ 440,00 - Blog Pensar Cursos","description":"Concurso para Guarda Vidas Municipal abre 18 vagas com sal\u00e1rio de R$ 2.100 + aux\u00edlio de R$ 440. Inscri\u00e7\u00f5es at\u00e9 30\/09\/2025. Veja requisitos e como se inscrever!","robots":{"index":"index","follow":"follow","max-snippet":"max-snippet:-1","max-image-preview":"max-image-preview:large","max-video-preview":"max-video-preview:-1"},"canonical":"https:\/\/www.pensarcursos.com.br\/blog\/saiu-edital-concurso-para-guarda-vidas-esta-com-inscricoes-abertas-salarios-de-r-21-mil-mais-auxilio-de-r-44000\/","og_locale":"pt_BR","og_type":"article","og_title":"SAIU EDITAL! Concurso para GUARDA VIDAS est\u00e1 com inscri\u00e7\u00f5es abertas - Sal\u00e1rios de R$ 2,1 mil, mais aux\u00edlio de R$ 440,00","og_description":"Concurso para Guarda Vidas Municipal abre 18 vagas com sal\u00e1rio de R$ 2.100 + aux\u00edlio de R$ 440. Inscri\u00e7\u00f5es at\u00e9 30\/09\/2025. Veja requisitos e como se inscrever!","og_url":"https:\/\/www.pensarcursos.com.br\/blog\/saiu-edital-concurso-para-guarda-vidas-esta-com-inscricoes-abertas-salarios-de-r-21-mil-mais-auxilio-de-r-44000\/","og_site_name":"Blog Pensar Cursos","article_publisher":"https:\/\/www.facebook.com\/pensarcursos\/","article_author":"https:\/\/www.facebook.com\/profile.php?id=61550018262414","article_published_time":"2025-09-14T23:59:54+00:00","og_image":[{"width":1200,"height":800,"url":"https:\/\/www.pensarcursos.com.br\/blog\/wp-content\/uploads\/2025\/09\/Concurso-P3-2-1.png","type":"image\/png"}],"author":"Gorete Costa","twitter_card":"summary_large_image","twitter_misc":{"Escrito por":"Gorete Costa","Est. tempo de leitura":"4 minutos"},"schema":{"@context":"https:\/\/schema.org","@graph":[{"@type":["Article","BlogPosting"],"@id":"https:\/\/www.pensarcursos.com.br\/blog\/saiu-edital-concurso-para-guarda-vidas-esta-com-inscricoes-abertas-salarios-de-r-21-mil-mais-auxilio-de-r-44000\/#article","isPartOf":{"@id":"https:\/\/www.pensarcursos.com.br\/blog\/saiu-edital-concurso-para-guarda-vidas-esta-com-inscricoes-abertas-salarios-de-r-21-mil-mais-auxilio-de-r-44000\/"},"author":{"name":"Gorete Costa","@id":"https:\/\/www.pensarcursos.com.br\/blog\/#\/schema\/person\/e133b19d62595d6ab0c12f3e5436a7bb"},"headline":"SAIU EDITAL! Concurso para GUARDA VIDAS est\u00e1 com inscri\u00e7\u00f5es abertas &#8211; Sal\u00e1rios de R$ 2,1 mil, mais aux\u00edlio de R$ 440,00","datePublished":"2025-09-14T23:59:54+00:00","mainEntityOfPage":{"@id":"https:\/\/www.pensarcursos.com.br\/blog\/saiu-edital-concurso-para-guarda-vidas-esta-com-inscricoes-abertas-salarios-de-r-21-mil-mais-auxilio-de-r-44000\/"},"wordCount":637,"commentCount":0,"publisher":{"@id":"https:\/\/www.pensarcursos.com.br\/blog\/#organization"},"image":{"@id":"https:\/\/www.pensarcursos.com.br\/blog\/saiu-edital-concurso-para-guarda-vidas-esta-com-inscricoes-abertas-salarios-de-r-21-mil-mais-auxilio-de-r-44000\/#primaryimage"},"thumbnailUrl":"https:\/\/www.pensarcursos.com.br\/blog\/wp-content\/uploads\/2025\/09\/Concurso-P3-2-1.png","keywords":["edital concurso da guarda municipal de mongagu\u00e1","inscri\u00e7\u00f5es concurso da guarda municipal de mongagu\u00e1","vagas concurso da guarda municipal de mongagu\u00e1"],"articleSection":["Concursos P\u00fablicos","Guarda Municipal"],"inLanguage":"pt-BR","potentialAction":[{"@type":"CommentAction","name":"Comment","target":["https:\/\/www.pensarcursos.com.br\/blog\/saiu-edital-concurso-para-guarda-vidas-esta-com-inscricoes-abertas-salarios-de-r-21-mil-mais-auxilio-de-r-44000\/#respond"]}],"copyrightYear":"2025","copyrightHolder":{"@id":"https:\/\/www.pensarcursos.com.br\/blog\/#organization"}},{"@type":"WebPage","@id":"https:\/\/www.pensarcursos.com.br\/blog\/saiu-edital-concurso-para-guarda-vidas-esta-com-inscricoes-abertas-salarios-de-r-21-mil-mais-auxilio-de-r-44000\/","url":"https:\/\/www.pensarcursos.com.br\/blog\/saiu-edital-concurso-para-guarda-vidas-esta-com-inscricoes-abertas-salarios-de-r-21-mil-mais-auxilio-de-r-44000\/","name":"SAIU EDITAL! Concurso para GUARDA VIDAS est\u00e1 com inscri\u00e7\u00f5es abertas - Sal\u00e1rios de R$ 2,1 mil, mais aux\u00edlio de R$ 440,00 - Blog Pensar Cursos","isPartOf":{"@id":"https:\/\/www.pensarcursos.com.br\/blog\/#website"},"primaryImageOfPage":{"@id":"https:\/\/www.pensarcursos.com.br\/blog\/saiu-edital-concurso-para-guarda-vidas-esta-com-inscricoes-abertas-salarios-de-r-21-mil-mais-auxilio-de-r-44000\/#primaryimage"},"image":{"@id":"https:\/\/www.pensarcursos.com.br\/blog\/saiu-edital-concurso-para-guarda-vidas-esta-com-inscricoes-abertas-salarios-de-r-21-mil-mais-auxilio-de-r-44000\/#primaryimage"},"thumbnailUrl":"https:\/\/www.pensarcursos.com.br\/blog\/wp-content\/uploads\/2025\/09\/Concurso-P3-2-1.png","datePublished":"2025-09-14T23:59:54+00:00","description":"Concurso para Guarda Vidas Municipal abre 18 vagas com sal\u00e1rio de R$ 2.100 + aux\u00edlio de R$ 440. Inscri\u00e7\u00f5es at\u00e9 30\/09\/2025. Veja requisitos e como se inscrever!","breadcrumb":{"@id":"https:\/\/www.pensarcursos.com.br\/blog\/saiu-edital-concurso-para-guarda-vidas-esta-com-inscricoes-abertas-salarios-de-r-21-mil-mais-auxilio-de-r-44000\/#breadcrumb"},"inLanguage":"pt-BR","potentialAction":[{"@type":"ReadAction","target":["https:\/\/www.pensarcursos.com.br\/blog\/saiu-edital-concurso-para-guarda-vidas-esta-com-inscricoes-abertas-salarios-de-r-21-mil-mais-auxilio-de-r-44000\/"]}]},{"@type":"ImageObject","inLanguage":"pt-BR","@id":"https:\/\/www.pensarcursos.com.br\/blog\/saiu-edital-concurso-para-guarda-vidas-esta-com-inscricoes-abertas-salarios-de-r-21-mil-mais-auxilio-de-r-44000\/#primaryimage","url":"https:\/\/www.pensarcursos.com.br\/blog\/wp-content\/uploads\/2025\/09\/Concurso-P3-2-1.png","contentUrl":"https:\/\/www.pensarcursos.com.br\/blog\/wp-content\/uploads\/2025\/09\/Concurso-P3-2-1.png","width":1200,"height":800,"caption":"Conhe\u00e7a as etapas do concurso Guarda Vidas Municipal. Imagem: Pensar Cursos"},{"@type":"BreadcrumbList","@id":"https:\/\/www.pensarcursos.com.br\/blog\/saiu-edital-concurso-para-guarda-vidas-esta-com-inscricoes-abertas-salarios-de-r-21-mil-mais-auxilio-de-r-44000\/#breadcrumb","itemListElement":[{"@type":"ListItem","position":1,"name":"Home","item":"https:\/\/www.pensarcursos.com.br\/blog\/"},{"@type":"ListItem","position":2,"name":"SAIU EDITAL! Concurso para GUARDA VIDAS est\u00e1 com inscri\u00e7\u00f5es abertas &#8211; Sal\u00e1rios de R$ 2,1 mil, mais aux\u00edlio de R$ 440,00"}]},{"@type":"WebSite","@id":"https:\/\/www.pensarcursos.com.br\/blog\/#website","url":"https:\/\/www.pensarcursos.com.br\/blog\/","name":"Blog Pensar Cursos","description":"Maior Site de Cursos do Brasil","publisher":{"@id":"https:\/\/www.pensarcursos.com.br\/blog\/#organization"},"alternateName":"Blog Pensar","potentialAction":[{"@type":"SearchAction","target":{"@type":"EntryPoint","urlTemplate":"https:\/\/www.pensarcursos.com.br\/blog\/?s={search_term_string}"},"query-input":{"@type":"PropertyValueSpecification","valueRequired":true,"valueName":"search_term_string"}}],"inLanguage":"pt-BR"},{"@type":"Organization","@id":"https:\/\/www.pensarcursos.com.br\/blog\/#organization","name":"Pensar Cursos","alternateName":"Blog pensar","url":"https:\/\/www.pensarcursos.com.br\/blog\/","logo":{"@type":"ImageObject","inLanguage":"pt-BR","@id":"https:\/\/www.pensarcursos.com.br\/blog\/#\/schema\/logo\/image\/","url":"https:\/\/www.pensarcursos.com.br\/blog\/wp-content\/uploads\/2023\/11\/Nova-Logo-Pensar-Cursos-vertical.png","contentUrl":"https:\/\/www.pensarcursos.com.br\/blog\/wp-content\/uploads\/2023\/11\/Nova-Logo-Pensar-Cursos-vertical.png","width":1393,"height":1001,"caption":"Pensar Cursos"},"image":{"@id":"https:\/\/www.pensarcursos.com.br\/blog\/#\/schema\/logo\/image\/"},"sameAs":["https:\/\/www.facebook.com\/pensarcursos\/","https:\/\/instagram.com.br\/pensarcursos"],"description":"Pensar Cursos \u00e9 uma empresa especializada em oferecer cursos de alta qualidade voltados para o desenvolvimento profissional e acad\u00eamico. Com uma ampla gama de op\u00e7\u00f5es de treinamento, oferecemos conte\u00fados atualizados, ministrados por especialistas da \u00e1rea, para capacitar indiv\u00edduos e equipes a atingirem seus objetivos. Nossa miss\u00e3o \u00e9 proporcionar uma educa\u00e7\u00e3o transformadora, acess\u00edvel e personalizada para cada aluno, seja em cursos presenciais ou online. Com uma abordagem inovadora, buscamos adaptar os nossos programas de ensino \u00e0s necessidades do mercado, criando solu\u00e7\u00f5es que atendem aos desafios e exig\u00eancias do mundo corporativo e acad\u00eamico. Nossos cursos incluem desde forma\u00e7\u00f5es t\u00e9cnicas at\u00e9 habilidades essenciais, como lideran\u00e7a, gest\u00e3o e desenvolvimento pessoal.","email":"contato@pensarcursos.com.br","legalName":"Sena Servi\u00e7os de Informa\u00e7\u00e3o Online LTDA","foundingDate":"2013-04-18","vatID":"17956217000172","numberOfEmployees":{"@type":"QuantitativeValue","minValue":"11","maxValue":"50"},"publishingPrinciples":"https:\/\/www.pensarcursos.com.br\/blog\/principios-de-publicacao\/","ownershipFundingInfo":"https:\/\/www.pensarcursos.com.br\/blog\/informacoes-de-propriedade-financiamento\/","actionableFeedbackPolicy":"https:\/\/www.pensarcursos.com.br\/blog\/politica-de-feedback-acionavel\/","correctionsPolicy":"https:\/\/www.pensarcursos.com.br\/blog\/politica-de-correcoes\/","ethicsPolicy":"https:\/\/www.pensarcursos.com.br\/blog\/politica-de-etica\/"},{"@type":"Person","@id":"https:\/\/www.pensarcursos.com.br\/blog\/#\/schema\/person\/e133b19d62595d6ab0c12f3e5436a7bb","name":"Gorete Costa","image":{"@type":"ImageObject","inLanguage":"pt-BR","@id":"https:\/\/secure.gravatar.com\/avatar\/8cb99f142e1cb1312d8c202378c20dc4f7210145acc22805481f4a3f47ce9b6f?s=96&d=mm&r=g","url":"https:\/\/secure.gravatar.com\/avatar\/8cb99f142e1cb1312d8c202378c20dc4f7210145acc22805481f4a3f47ce9b6f?s=96&d=mm&r=g","contentUrl":"https:\/\/secure.gravatar.com\/avatar\/8cb99f142e1cb1312d8c202378c20dc4f7210145acc22805481f4a3f47ce9b6f?s=96&d=mm&r=g","caption":"Gorete Costa"},"description":"Graduada em Servi\u00e7o Social pela Universidade do Norte do Paran\u00e1 (Unopar), Gorete Costa \u00e9 especialista em comunica\u00e7\u00e3o, atuando como radialista em programas jornal\u00edsticos e de entretenimento, al\u00e9m de produ\u00e7\u00e3o e revis\u00e3o de textos informativos para sites e blogs.","sameAs":["https:\/\/www.facebook.com\/profile.php?id=61550018262414"],"url":"https:\/\/www.pensarcursos.com.br\/blog\/author\/gorete\/"}]}},"_links":{"self":[{"href":"https:\/\/www.pensarcursos.com.br\/blog\/wp-json\/wp\/v2\/posts\/118865","targetHints":{"allow":["GET"]}}],"collection":[{"href":"https:\/\/www.pensarcursos.com.br\/blog\/wp-json\/wp\/v2\/posts"}],"about":[{"href":"https:\/\/www.pensarcursos.com.br\/blog\/wp-json\/wp\/v2\/types\/post"}],"author":[{"embeddable":true,"href":"https:\/\/www.pensarcursos.com.br\/blog\/wp-json\/wp\/v2\/users\/17"}],"replies":[{"embeddable":true,"href":"https:\/\/www.pensarcursos.com.br\/blog\/wp-json\/wp\/v2\/comments?post=118865"}],"version-history":[{"count":0,"href":"https:\/\/www.pensarcursos.com.br\/blog\/wp-json\/wp\/v2\/posts\/118865\/revisions"}],"wp:featuredmedia":[{"embeddable":true,"href":"https:\/\/www.pensarcursos.com.br\/blog\/wp-json\/wp\/v2\/media\/118868"}],"wp:attachment":[{"href":"https:\/\/www.pensarcursos.com.br\/blog\/wp-json\/wp\/v2\/media?parent=118865"}],"wp:term":[{"taxonomy":"category","embeddable":true,"href":"https:\/\/www.pensarcursos.com.br\/blog\/wp-json\/wp\/v2\/categories?post=118865"},{"taxonomy":"post_tag","embeddable":true,"href":"https:\/\/www.pensarcursos.com.br\/blog\/wp-json\/wp\/v2\/tags?post=118865"}],"curies":[{"name":"wp","href":"https:\/\/api.w.org\/{rel}","templated":true}]}}