{"id":11885,"date":"2023-12-05T18:56:50","date_gmt":"2023-12-05T21:56:50","guid":{"rendered":"https:\/\/www.pensarcursos.com.br\/blog\/?p=11885"},"modified":"2023-12-05T18:56:50","modified_gmt":"2023-12-05T21:56:50","slug":"bolsa-familia-nao-tera-decimo-terceiro-confira","status":"publish","type":"post","link":"https:\/\/www.pensarcursos.com.br\/blog\/bolsa-familia-nao-tera-decimo-terceiro-confira\/","title":{"rendered":"Bolsa Fam\u00edlia n\u00e3o ter\u00e1 d\u00e9cimo terceiro? Confira!"},"content":{"rendered":"<p>O Bolsa Fam\u00edlia, programa de assist\u00eancia governamental destinado \u00e0s fam\u00edlias de baixa renda, <strong>n\u00e3o ter\u00e1 seu 13\u00ba sal\u00e1rio pago em 2023<\/strong>. A decis\u00e3o foi confirmada recentemente pelo Minist\u00e9rio do Desenvolvimento Social. Esta mat\u00e9ria analisa profundamente o porqu\u00ea dessa decis\u00e3o e quais s\u00e3o as implica\u00e7\u00f5es para os benefici\u00e1rios do programa.<\/p>\n<h2>O Bolsa Fam\u00edlia e o 13\u00ba Sal\u00e1rio: Uma Linha do Tempo<\/h2>\n<h3>Um Olhar para 2019<\/h3>\n<p>Em 2019, a promessa de campanha do ent\u00e3o presidente Jair Bolsonaro foi realizada quando uma Medida Provis\u00f3ria garantiu o pagamento do 13\u00ba sal\u00e1rio aos benefici\u00e1rios do <a href=\"https:\/\/www.pensarcursos.com.br\/blog\/medicamentos-bolsa-familia\/\"><strong>Bolsa Fam\u00edlia<\/strong><\/a>.<\/p>\n<p>Naquele ano, cerca de 13,5 milh\u00f5es de fam\u00edlias receberam um abono com valor m\u00e9dio de R$ 189,21. No entanto, com o advento da pandemia do coronav\u00edrus, o governo solicitou ao congresso que a medida n\u00e3o fosse votada, resultando no pagamento do 13\u00ba sal\u00e1rio do Bolsa Fam\u00edlia apenas em 2019.<\/p>\n<h3>O Status Atual<\/h3>\n<p>Atualmente, o Bolsa Fam\u00edlia beneficia aproximadamente 21,18 milh\u00f5es de fam\u00edlias, com um valor m\u00e9dio de R$ 677,88 por fam\u00edlia e um valor m\u00ednimo garantido de R$ 600. Em novembro, o governo federal desembolsou R$ 14,26 bilh\u00f5es para cumprir o pagamento do benef\u00edcio.<\/p>\n<h2>Calend\u00e1rio do Bolsa Fam\u00edlia: Uma Antecipa\u00e7\u00e3o<\/h2>\n<p>Os benefici\u00e1rios do Bolsa Fam\u00edlia devem estar cientes do novo calend\u00e1rio de dezembro. Devido \u00e0s festividades de final de ano, o pagamento do benef\u00edcio ocorrer\u00e1 entre os dias 11 e 22 de dezembro.<\/p>\n<p>Coincidindo com essas datas, o Vale G\u00e1s tamb\u00e9m ser\u00e1 pago aos benefici\u00e1rios que t\u00eam direito. Cerca de 5,3 milh\u00f5es de fam\u00edlias receber\u00e3o o pagamento do benef\u00edcio bimestral, que em outubro foi de R$ 106,00.<\/p>\n<h2>Como Saber Se Voc\u00ea Vai Receber o Bolsa Fam\u00edlia?<\/h2>\n<p>Para saber se foi aprovada no programa, a fam\u00edlia deve aguardar uma notifica\u00e7\u00e3o oficial. Em caso de falta de resposta, os respons\u00e1veis podem procurar o Centro de Refer\u00eancia de Assist\u00eancia Social (CRAS) ou a prefeitura local.<\/p>\n<p>Al\u00e9m disso, \u00e9 poss\u00edvel verificar se o benef\u00edcio foi aprovado pelo aplicativo Bolsa Fam\u00edlia ou ligando para a Caixa Econ\u00f4mica Federal no n\u00famero 111 ou 0800 726 0207.<\/p>\n<h2>Novos Benef\u00edcios no Programa Bolsa Fam\u00edlia<\/h2>\n<p>Existem novos benef\u00edcios no programa <a href=\"https:\/\/www.pensarcursos.com.br\/blog\/veja-como-consultar-o-bolsa-familia-de-dezembro-pelo-whatsapp\/\"><strong>Bolsa Fam\u00edlia<\/strong><\/a>, como adicionais para crian\u00e7as de diversas faixas et\u00e1rias, gestantes e lactantes. Al\u00e9m disso, h\u00e1 um pagamento de R$ 150 por fam\u00edlia com crian\u00e7as at\u00e9 seis anos. Com todos os benef\u00edcios somados, o valor pode chegar a R$ 850.<\/p>\n<h2>Regras Para Receber o Benef\u00edcio do Bolsa Fam\u00edlia<\/h2>\n<p>As regras para receber o benef\u00edcio do Bolsa Fam\u00edlia incluem uma renda m\u00e1xima por pessoa na fam\u00edlia de, no m\u00e1ximo, R$ 218 por m\u00eas, al\u00e9m de estar inscrito no Cadastro \u00danico, com dados atualizados.<\/p>\n<h2>Mais Informa\u00e7\u00f5es<\/h2>\n<p>Para informa\u00e7\u00f5es sobre o programa e os benef\u00edcios do <a href=\"https:\/\/www.pensarcursos.com.br\/blog\/bolsa-familia-em-dezembro-governo-anuncia-liberacao-de-parcelas-retroativas-veja-como-conseguir\/\"><strong>Bolsa Fam\u00edlia<\/strong><\/a>, os cidad\u00e3os podem ligar para o MDS no telefone 121, acessar o site do minist\u00e9rio ou ligar para a Caixa Econ\u00f4mica Federal utilizando o n\u00famero 111.<\/p>\n<p>Embora a aus\u00eancia do 13\u00ba sal\u00e1rio seja uma not\u00edcia desanimadora para muitos benefici\u00e1rios do Bolsa Fam\u00edlia, \u00e9 essencial lembrar que o programa continua a oferecer apoio financeiro substancial para milh\u00f5es de fam\u00edlias de baixa renda em todo o pa\u00eds. Assegurar que o benef\u00edcio continue a ser pago regularmente e a tempo \u00e9 uma prioridade crucial para o governo.<\/p>\n<h2>Calend\u00e1rio do Bolsa Fam\u00edlia de Dezembro<\/h2>\n<p>O pagamento do Bolsa Fam\u00edlia \u00e9 feito de acordo com o n\u00famero final do NIS. Veja abaixo o calend\u00e1rio de pagamento para dezembro:<\/p>\n<table>\n<thead>\n<tr>\n<th>N\u00famero final do NIS<\/th>\n<th>Data de pagamento<\/th>\n<\/tr>\n<\/thead>\n<tbody>\n<tr>\n<td>1<\/td>\n<td>11 de dezembro<\/td>\n<\/tr>\n<tr>\n<td>2<\/td>\n<td>12 de dezembro<\/td>\n<\/tr>\n<tr>\n<td>3<\/td>\n<td>13 de dezembro<\/td>\n<\/tr>\n<tr>\n<td>4<\/td>\n<td>14 de dezembro<\/td>\n<\/tr>\n<tr>\n<td>5<\/td>\n<td>15 de dezembro<\/td>\n<\/tr>\n<tr>\n<td>6<\/td>\n<td>18 de dezembro<\/td>\n<\/tr>\n<tr>\n<td>7<\/td>\n<td>19 de dezembro<\/td>\n<\/tr>\n<tr>\n<td>8<\/td>\n<td>20 de dezembro<\/td>\n<\/tr>\n<tr>\n<td>9<\/td>\n<td>21 de dezembro<\/td>\n<\/tr>\n<tr>\n<td>0<\/td>\n<td>22 de dezembro<\/td>\n<\/tr>\n<\/tbody>\n<\/table>\n<p>Agora que voc\u00ea est\u00e1 informado sobre o valor do Bolsa Fam\u00edlia de dezembro e quando ser\u00e1 pago, pode se planejar melhor para as festividades de final de ano. Lembre-se de que \u00e9 importante manter seus dados atualizados no CRAS para garantir que voc\u00ea est\u00e1 recebendo todos os benef\u00edcios a que tem direito.<\/p>\n<h2>Quem pode se inscrever no Bolsa Fam\u00edlia?<\/h2>\n<p>O\u00a0<a href=\"https:\/\/www.pensarcursos.com.br\/blog\/beneficios-sociais\/bolsa-familia\/\"><strong>Bolsa Fam\u00edlia<\/strong><\/a>\u00a0\u00e9 destinado \u00e0s fam\u00edlias que vivem em situa\u00e7\u00e3o de extrema pobreza, com renda per capita de at\u00e9 R$ 218. Al\u00e9m disso, h\u00e1 requisitos adicionais que devem ser cumpridos para continuar recebendo o benef\u00edcio, como a frequ\u00eancia escolar m\u00ednima e o acompanhamento do cronograma de vacina\u00e7\u00e3o infantil e pr\u00e9-natal.<\/p>\n<h2>Como iniciar a inscri\u00e7\u00e3o no Bolsa Fam\u00edlia?<\/h2>\n<p>Para iniciar o processo de inscri\u00e7\u00e3o, a fam\u00edlia deve se inscrever no Cadastro \u00danico (<strong>Cad\u00danico<\/strong>) em um dos postos de atendimento designados. O governo tamb\u00e9m oferece a op\u00e7\u00e3o de pr\u00e9-cadastro online, que pode agilizar o processo, embora a entrega dos documentos ainda deva ser feita pessoalmente.<\/p>\n<h2>Onde fazer a inscri\u00e7\u00e3o?<\/h2>\n<p>A inscri\u00e7\u00e3o para o Bolsa Fam\u00edlia pode ser feita em diversos locais, incluindo os Centros de Refer\u00eancia de Assist\u00eancia Social (CRAS) ou outros \u00f3rg\u00e3os p\u00fablicos municipais. A ferramenta online MOPS pode ajudar a encontrar o posto de Cadastro \u00danico mais pr\u00f3ximo.<\/p>\n","protected":false},"excerpt":{"rendered":"<p>O Bolsa Fam\u00edlia, programa de assist\u00eancia governamental destinado \u00e0s fam\u00edlias de baixa renda, n\u00e3o ter\u00e1 seu 13\u00ba sal\u00e1rio pago em 2023. A decis\u00e3o foi confirmada recentemente pelo Minist\u00e9rio do Desenvolvimento Social. Esta mat\u00e9ria analisa profundamente o porqu\u00ea dessa decis\u00e3o e quais s\u00e3o as implica\u00e7\u00f5es para os benefici\u00e1rios do programa. O Bolsa Fam\u00edlia e o 13\u00ba [&hellip;]<\/p>\n","protected":false},"author":17,"featured_media":11886,"comment_status":"open","ping_status":"closed","sticky":false,"template":"","format":"standard","meta":{"jnews-multi-image_gallery":[],"jnews_single_post":[],"jnews_primary_category":[],"jnews_social_meta":[],"jnews_override_counter":[],"footnotes":""},"categories":[1657,2021],"tags":[1269,4438,2442,5060],"class_list":["post-11885","post","type-post","status-publish","format-standard","has-post-thumbnail","hentry","category-beneficios-sociais","category-bolsa-familia","tag-bolsa-familia","tag-decimo-terceiro","tag-decimo-terceiro-bolsa-familia","tag-decimo-terceiro-do-bolsa-familia"],"yoast_head":"<!-- This site is optimized with the Yoast SEO Premium plugin v27.5 (Yoast SEO v27.5) - https:\/\/yoast.com\/product\/yoast-seo-premium-wordpress\/ -->\n<title>Bolsa Fam\u00edlia n\u00e3o ter\u00e1 d\u00e9cimo terceiro? Confira! - Blog Pensar Cursos<\/title>\n<meta name=\"description\" content=\"O Bolsa Fam\u00edlia, programa de assist\u00eancia governamental destinado \u00e0s fam\u00edlias de baixa renda, n\u00e3o ter\u00e1 seu 13\u00ba sal\u00e1rio pago em 2023. A decis\u00e3o foi\" \/>\n<meta name=\"robots\" content=\"index, follow, max-snippet:-1, max-image-preview:large, max-video-preview:-1\" \/>\n<link rel=\"canonical\" href=\"https:\/\/www.pensarcursos.com.br\/blog\/bolsa-familia-nao-tera-decimo-terceiro-confira\/\" \/>\n<meta property=\"og:locale\" content=\"pt_BR\" \/>\n<meta property=\"og:type\" content=\"article\" \/>\n<meta property=\"og:title\" content=\"Bolsa Fam\u00edlia n\u00e3o ter\u00e1 d\u00e9cimo terceiro? Confira!\" \/>\n<meta property=\"og:description\" content=\"O Bolsa Fam\u00edlia, programa de assist\u00eancia governamental destinado \u00e0s fam\u00edlias de baixa renda, n\u00e3o ter\u00e1 seu 13\u00ba sal\u00e1rio pago em 2023. A decis\u00e3o foi\" \/>\n<meta property=\"og:url\" content=\"https:\/\/www.pensarcursos.com.br\/blog\/bolsa-familia-nao-tera-decimo-terceiro-confira\/\" \/>\n<meta property=\"og:site_name\" content=\"Blog Pensar Cursos\" \/>\n<meta property=\"article:publisher\" content=\"https:\/\/www.facebook.com\/pensarcursos\/\" \/>\n<meta property=\"article:author\" content=\"https:\/\/www.facebook.com\/profile.php?id=61550018262414\" \/>\n<meta property=\"article:published_time\" content=\"2023-12-05T21:56:50+00:00\" \/>\n<meta property=\"og:image\" content=\"https:\/\/www.pensarcursos.com.br\/blog\/wp-content\/uploads\/2023\/12\/Bolsa-familia-2023-1170x780.jpg-1024x536-2.jpg\" \/>\n\t<meta property=\"og:image:width\" content=\"1331\" \/>\n\t<meta property=\"og:image:height\" content=\"696\" \/>\n\t<meta property=\"og:image:type\" content=\"image\/jpeg\" \/>\n<meta name=\"author\" content=\"Gorete Costa\" \/>\n<meta name=\"twitter:card\" content=\"summary_large_image\" \/>\n<meta name=\"twitter:label1\" content=\"Escrito por\" \/>\n\t<meta name=\"twitter:data1\" content=\"Gorete Costa\" \/>\n\t<meta name=\"twitter:label2\" content=\"Est. tempo de leitura\" \/>\n\t<meta name=\"twitter:data2\" content=\"4 minutos\" \/>\n<!-- \/ Yoast SEO Premium plugin. -->","yoast_head_json":{"title":"Bolsa Fam\u00edlia n\u00e3o ter\u00e1 d\u00e9cimo terceiro? Confira! - Blog Pensar Cursos","description":"O Bolsa Fam\u00edlia, programa de assist\u00eancia governamental destinado \u00e0s fam\u00edlias de baixa renda, n\u00e3o ter\u00e1 seu 13\u00ba sal\u00e1rio pago em 2023. A decis\u00e3o foi","robots":{"index":"index","follow":"follow","max-snippet":"max-snippet:-1","max-image-preview":"max-image-preview:large","max-video-preview":"max-video-preview:-1"},"canonical":"https:\/\/www.pensarcursos.com.br\/blog\/bolsa-familia-nao-tera-decimo-terceiro-confira\/","og_locale":"pt_BR","og_type":"article","og_title":"Bolsa Fam\u00edlia n\u00e3o ter\u00e1 d\u00e9cimo terceiro? Confira!","og_description":"O Bolsa Fam\u00edlia, programa de assist\u00eancia governamental destinado \u00e0s fam\u00edlias de baixa renda, n\u00e3o ter\u00e1 seu 13\u00ba sal\u00e1rio pago em 2023. A decis\u00e3o foi","og_url":"https:\/\/www.pensarcursos.com.br\/blog\/bolsa-familia-nao-tera-decimo-terceiro-confira\/","og_site_name":"Blog Pensar Cursos","article_publisher":"https:\/\/www.facebook.com\/pensarcursos\/","article_author":"https:\/\/www.facebook.com\/profile.php?id=61550018262414","article_published_time":"2023-12-05T21:56:50+00:00","og_image":[{"width":1331,"height":696,"url":"https:\/\/www.pensarcursos.com.br\/blog\/wp-content\/uploads\/2023\/12\/Bolsa-familia-2023-1170x780.jpg-1024x536-2.jpg","type":"image\/jpeg"}],"author":"Gorete Costa","twitter_card":"summary_large_image","twitter_misc":{"Escrito por":"Gorete Costa","Est. tempo de leitura":"4 minutos"},"schema":{"@context":"https:\/\/schema.org","@graph":[{"@type":["Article","BlogPosting"],"@id":"https:\/\/www.pensarcursos.com.br\/blog\/bolsa-familia-nao-tera-decimo-terceiro-confira\/#article","isPartOf":{"@id":"https:\/\/www.pensarcursos.com.br\/blog\/bolsa-familia-nao-tera-decimo-terceiro-confira\/"},"author":{"name":"Gorete Costa","@id":"https:\/\/www.pensarcursos.com.br\/blog\/#\/schema\/person\/e133b19d62595d6ab0c12f3e5436a7bb"},"headline":"Bolsa Fam\u00edlia n\u00e3o ter\u00e1 d\u00e9cimo terceiro? Confira!","datePublished":"2023-12-05T21:56:50+00:00","mainEntityOfPage":{"@id":"https:\/\/www.pensarcursos.com.br\/blog\/bolsa-familia-nao-tera-decimo-terceiro-confira\/"},"wordCount":892,"commentCount":0,"publisher":{"@id":"https:\/\/www.pensarcursos.com.br\/blog\/#organization"},"image":{"@id":"https:\/\/www.pensarcursos.com.br\/blog\/bolsa-familia-nao-tera-decimo-terceiro-confira\/#primaryimage"},"thumbnailUrl":"https:\/\/www.pensarcursos.com.br\/blog\/wp-content\/uploads\/2023\/12\/Bolsa-familia-2023-1170x780.jpg-1024x536-2.jpg","keywords":["bolsa familia","d\u00e9cimo terceiro","d\u00e9cimo terceiro bolsa fam\u00edlia","d\u00e9cimo terceiro do bolsa fam\u00edlia"],"articleSection":["Benef\u00edcios Sociais","Bolsa Fam\u00edlia"],"inLanguage":"pt-BR","potentialAction":[{"@type":"CommentAction","name":"Comment","target":["https:\/\/www.pensarcursos.com.br\/blog\/bolsa-familia-nao-tera-decimo-terceiro-confira\/#respond"]}],"copyrightYear":"2023","copyrightHolder":{"@id":"https:\/\/www.pensarcursos.com.br\/blog\/#organization"}},{"@type":"WebPage","@id":"https:\/\/www.pensarcursos.com.br\/blog\/bolsa-familia-nao-tera-decimo-terceiro-confira\/","url":"https:\/\/www.pensarcursos.com.br\/blog\/bolsa-familia-nao-tera-decimo-terceiro-confira\/","name":"Bolsa Fam\u00edlia n\u00e3o ter\u00e1 d\u00e9cimo terceiro? Confira! - Blog Pensar Cursos","isPartOf":{"@id":"https:\/\/www.pensarcursos.com.br\/blog\/#website"},"primaryImageOfPage":{"@id":"https:\/\/www.pensarcursos.com.br\/blog\/bolsa-familia-nao-tera-decimo-terceiro-confira\/#primaryimage"},"image":{"@id":"https:\/\/www.pensarcursos.com.br\/blog\/bolsa-familia-nao-tera-decimo-terceiro-confira\/#primaryimage"},"thumbnailUrl":"https:\/\/www.pensarcursos.com.br\/blog\/wp-content\/uploads\/2023\/12\/Bolsa-familia-2023-1170x780.jpg-1024x536-2.jpg","datePublished":"2023-12-05T21:56:50+00:00","description":"O Bolsa Fam\u00edlia, programa de assist\u00eancia governamental destinado \u00e0s fam\u00edlias de baixa renda, n\u00e3o ter\u00e1 seu 13\u00ba sal\u00e1rio pago em 2023. A decis\u00e3o foi","breadcrumb":{"@id":"https:\/\/www.pensarcursos.com.br\/blog\/bolsa-familia-nao-tera-decimo-terceiro-confira\/#breadcrumb"},"inLanguage":"pt-BR","potentialAction":[{"@type":"ReadAction","target":["https:\/\/www.pensarcursos.com.br\/blog\/bolsa-familia-nao-tera-decimo-terceiro-confira\/"]}]},{"@type":"ImageObject","inLanguage":"pt-BR","@id":"https:\/\/www.pensarcursos.com.br\/blog\/bolsa-familia-nao-tera-decimo-terceiro-confira\/#primaryimage","url":"https:\/\/www.pensarcursos.com.br\/blog\/wp-content\/uploads\/2023\/12\/Bolsa-familia-2023-1170x780.jpg-1024x536-2.jpg","contentUrl":"https:\/\/www.pensarcursos.com.br\/blog\/wp-content\/uploads\/2023\/12\/Bolsa-familia-2023-1170x780.jpg-1024x536-2.jpg","width":1331,"height":696,"caption":"Bolsa Fam\u00edlia n\u00e3o ter\u00e1 d\u00e9cimo terceiro? Confira! Imagem: Canva"},{"@type":"BreadcrumbList","@id":"https:\/\/www.pensarcursos.com.br\/blog\/bolsa-familia-nao-tera-decimo-terceiro-confira\/#breadcrumb","itemListElement":[{"@type":"ListItem","position":1,"name":"Home","item":"https:\/\/www.pensarcursos.com.br\/blog\/"},{"@type":"ListItem","position":2,"name":"Bolsa Fam\u00edlia n\u00e3o ter\u00e1 d\u00e9cimo terceiro? Confira!"}]},{"@type":"WebSite","@id":"https:\/\/www.pensarcursos.com.br\/blog\/#website","url":"https:\/\/www.pensarcursos.com.br\/blog\/","name":"Blog Pensar Cursos","description":"Maior Site de Cursos do Brasil","publisher":{"@id":"https:\/\/www.pensarcursos.com.br\/blog\/#organization"},"alternateName":"Blog Pensar","potentialAction":[{"@type":"SearchAction","target":{"@type":"EntryPoint","urlTemplate":"https:\/\/www.pensarcursos.com.br\/blog\/?s={search_term_string}"},"query-input":{"@type":"PropertyValueSpecification","valueRequired":true,"valueName":"search_term_string"}}],"inLanguage":"pt-BR"},{"@type":"Organization","@id":"https:\/\/www.pensarcursos.com.br\/blog\/#organization","name":"Pensar Cursos","alternateName":"Blog pensar","url":"https:\/\/www.pensarcursos.com.br\/blog\/","logo":{"@type":"ImageObject","inLanguage":"pt-BR","@id":"https:\/\/www.pensarcursos.com.br\/blog\/#\/schema\/logo\/image\/","url":"https:\/\/www.pensarcursos.com.br\/blog\/wp-content\/uploads\/2023\/11\/Nova-Logo-Pensar-Cursos-vertical.png","contentUrl":"https:\/\/www.pensarcursos.com.br\/blog\/wp-content\/uploads\/2023\/11\/Nova-Logo-Pensar-Cursos-vertical.png","width":1393,"height":1001,"caption":"Pensar Cursos"},"image":{"@id":"https:\/\/www.pensarcursos.com.br\/blog\/#\/schema\/logo\/image\/"},"sameAs":["https:\/\/www.facebook.com\/pensarcursos\/","https:\/\/instagram.com.br\/pensarcursos"],"description":"Pensar Cursos \u00e9 uma empresa especializada em oferecer cursos de alta qualidade voltados para o desenvolvimento profissional e acad\u00eamico. Com uma ampla gama de op\u00e7\u00f5es de treinamento, oferecemos conte\u00fados atualizados, ministrados por especialistas da \u00e1rea, para capacitar indiv\u00edduos e equipes a atingirem seus objetivos. Nossa miss\u00e3o \u00e9 proporcionar uma educa\u00e7\u00e3o transformadora, acess\u00edvel e personalizada para cada aluno, seja em cursos presenciais ou online. Com uma abordagem inovadora, buscamos adaptar os nossos programas de ensino \u00e0s necessidades do mercado, criando solu\u00e7\u00f5es que atendem aos desafios e exig\u00eancias do mundo corporativo e acad\u00eamico. Nossos cursos incluem desde forma\u00e7\u00f5es t\u00e9cnicas at\u00e9 habilidades essenciais, como lideran\u00e7a, gest\u00e3o e desenvolvimento pessoal.","email":"contato@pensarcursos.com.br","legalName":"Sena Servi\u00e7os de Informa\u00e7\u00e3o Online LTDA","foundingDate":"2013-04-18","vatID":"17956217000172","numberOfEmployees":{"@type":"QuantitativeValue","minValue":"11","maxValue":"50"},"publishingPrinciples":"https:\/\/www.pensarcursos.com.br\/blog\/principios-de-publicacao\/","ownershipFundingInfo":"https:\/\/www.pensarcursos.com.br\/blog\/informacoes-de-propriedade-financiamento\/","actionableFeedbackPolicy":"https:\/\/www.pensarcursos.com.br\/blog\/politica-de-feedback-acionavel\/","correctionsPolicy":"https:\/\/www.pensarcursos.com.br\/blog\/politica-de-correcoes\/","ethicsPolicy":"https:\/\/www.pensarcursos.com.br\/blog\/politica-de-etica\/"},{"@type":"Person","@id":"https:\/\/www.pensarcursos.com.br\/blog\/#\/schema\/person\/e133b19d62595d6ab0c12f3e5436a7bb","name":"Gorete Costa","image":{"@type":"ImageObject","inLanguage":"pt-BR","@id":"https:\/\/secure.gravatar.com\/avatar\/8cb99f142e1cb1312d8c202378c20dc4f7210145acc22805481f4a3f47ce9b6f?s=96&d=mm&r=g","url":"https:\/\/secure.gravatar.com\/avatar\/8cb99f142e1cb1312d8c202378c20dc4f7210145acc22805481f4a3f47ce9b6f?s=96&d=mm&r=g","contentUrl":"https:\/\/secure.gravatar.com\/avatar\/8cb99f142e1cb1312d8c202378c20dc4f7210145acc22805481f4a3f47ce9b6f?s=96&d=mm&r=g","caption":"Gorete Costa"},"description":"Graduada em Servi\u00e7o Social pela Universidade do Norte do Paran\u00e1 (Unopar), Gorete Costa \u00e9 especialista em comunica\u00e7\u00e3o, atuando como radialista em programas jornal\u00edsticos e de entretenimento, al\u00e9m de produ\u00e7\u00e3o e revis\u00e3o de textos informativos para sites e blogs.","sameAs":["https:\/\/www.facebook.com\/profile.php?id=61550018262414"],"url":"https:\/\/www.pensarcursos.com.br\/blog\/author\/gorete\/"}]}},"_links":{"self":[{"href":"https:\/\/www.pensarcursos.com.br\/blog\/wp-json\/wp\/v2\/posts\/11885","targetHints":{"allow":["GET"]}}],"collection":[{"href":"https:\/\/www.pensarcursos.com.br\/blog\/wp-json\/wp\/v2\/posts"}],"about":[{"href":"https:\/\/www.pensarcursos.com.br\/blog\/wp-json\/wp\/v2\/types\/post"}],"author":[{"embeddable":true,"href":"https:\/\/www.pensarcursos.com.br\/blog\/wp-json\/wp\/v2\/users\/17"}],"replies":[{"embeddable":true,"href":"https:\/\/www.pensarcursos.com.br\/blog\/wp-json\/wp\/v2\/comments?post=11885"}],"version-history":[{"count":0,"href":"https:\/\/www.pensarcursos.com.br\/blog\/wp-json\/wp\/v2\/posts\/11885\/revisions"}],"wp:featuredmedia":[{"embeddable":true,"href":"https:\/\/www.pensarcursos.com.br\/blog\/wp-json\/wp\/v2\/media\/11886"}],"wp:attachment":[{"href":"https:\/\/www.pensarcursos.com.br\/blog\/wp-json\/wp\/v2\/media?parent=11885"}],"wp:term":[{"taxonomy":"category","embeddable":true,"href":"https:\/\/www.pensarcursos.com.br\/blog\/wp-json\/wp\/v2\/categories?post=11885"},{"taxonomy":"post_tag","embeddable":true,"href":"https:\/\/www.pensarcursos.com.br\/blog\/wp-json\/wp\/v2\/tags?post=11885"}],"curies":[{"name":"wp","href":"https:\/\/api.w.org\/{rel}","templated":true}]}}