{"id":117338,"date":"2025-08-29T07:39:38","date_gmt":"2025-08-29T10:39:38","guid":{"rendered":"https:\/\/www.pensarcursos.com.br\/blog\/?p=117338"},"modified":"2025-08-28T17:04:15","modified_gmt":"2025-08-28T20:04:15","slug":"saiu-edital-concurso-para-diversas-profissoes-abre-223-vagas-salarios-de-ate-r-132-mil","status":"publish","type":"post","link":"https:\/\/www.pensarcursos.com.br\/blog\/saiu-edital-concurso-para-diversas-profissoes-abre-223-vagas-salarios-de-ate-r-132-mil\/","title":{"rendered":"SAIU EDITAL! Concurso para diversas profiss\u00f5es abre 223 vagas &#8211; Sal\u00e1rios de at\u00e9 R$ 13,2 mil"},"content":{"rendered":"<p>No estado da Bahia, a Prefeitura de S\u00e3o Francisco do Conde divulgou o aguardado edital do <strong><a href=\"https:\/\/www.pensarcursos.com.br\/blog\/concurso-publico-com-salarios-de-ate-r-116-mil-edital-esta-com-inscricoes-abertas-para-mais-de-30-profissoes\/\" target=\"_blank\" rel=\"noopener\">concurso p\u00fablico 2025<\/a><\/strong>, oferecendo 223 vagas para cargos de n\u00edveis fundamental, m\u00e9dio e superior. Com sal\u00e1rios que podem chegar a R$ 13.250,00, o processo seletivo promete atrair candidatos de diferentes \u00e1reas e perfis.<\/p>\n<h2>Principais cargos e sal\u00e1rios oferecidos<\/h2>\n<h3>O edital contempla uma ampla variedade de fun\u00e7\u00f5es, incluindo:<\/h3>\n<p>Auxiliar de Cuidador Social, Auxiliar Administrativo, Atendente Previdenci\u00e1rio, Cadastrador, Cozinheiros\/Merendeira, Cuidador Social, Educador Social, Orientador Social, Facilitador de Oficinas, Motorista (categorias B e D), Office Boy, Recepcionista, T\u00e9cnico de Inform\u00e1tica, Visitador Social, entre outros.<\/p>\n<h3>Para quem possui forma\u00e7\u00e3o superior, h\u00e1 vagas para:<\/h3>\n<p>Assistente Social, Advogado, Educador F\u00edsico, Psic\u00f3logo, Fisioterapeuta, Dentista Protesista, M\u00e9dico Geriatra, Nutricionista, Fonoaudi\u00f3logo, Musicoterapeuta e mais.<\/p>\n<p>Os sal\u00e1rios variam de <strong>R$ 1.624,00 a R$ 13.250,00<\/strong>, com jornadas de trabalho entre 20 e 40 horas semanais. O edital tamb\u00e9m reserva vagas para pessoas com defici\u00eancia, conforme especificado nas normas do processo seletivo.<\/p>\n<p><img decoding=\"async\" class=\"wp-image-117354 size-large\" title=\"Concurso P\u00fablico 2025.\" src=\"https:\/\/www.pensarcursos.com.br\/blog\/wp-content\/uploads\/2025\/08\/08f4afa0-f0e4-4cdd-9edd-c4783cfeaafa-1024x683.webp\" alt=\"Candidato concentrado em concurso p\u00fablico para vagas em diversas \u00e1reas, incluindo Assistente Social e Psic\u00f3logo.\" width=\"1024\" height=\"683\" srcset=\"https:\/\/www.pensarcursos.com.br\/blog\/wp-content\/uploads\/2025\/08\/08f4afa0-f0e4-4cdd-9edd-c4783cfeaafa-1024x683.webp 1024w, https:\/\/www.pensarcursos.com.br\/blog\/wp-content\/uploads\/2025\/08\/08f4afa0-f0e4-4cdd-9edd-c4783cfeaafa-300x200.webp 300w, https:\/\/www.pensarcursos.com.br\/blog\/wp-content\/uploads\/2025\/08\/08f4afa0-f0e4-4cdd-9edd-c4783cfeaafa-768x512.webp 768w, https:\/\/www.pensarcursos.com.br\/blog\/wp-content\/uploads\/2025\/08\/08f4afa0-f0e4-4cdd-9edd-c4783cfeaafa.webp 1536w\" sizes=\"(max-width: 1024px) 100vw, 1024px\" \/> Concurso com 223 vagas para os cargos de Assistente Social, Motorista, e muito mais. Imagem: Pensar Cursos.<\/p>\n<h2>Como se inscrever no concurso<\/h2>\n<p>As inscri\u00e7\u00f5es para o <a href=\"https:\/\/www.pensarcursos.com.br\/blog\/quais-concursos-pagam-mais-de-r-20-mil\/\" target=\"_blank\" rel=\"noopener\">concurso<\/a> estar\u00e3o abertas das 8h do dia 27 de agosto de 2025 at\u00e9 \u00e0s 23h59 do dia 1\u00ba de setembro de 2025. Os interessados devem acessar o site da <a href=\"https:\/\/paconcursos.selecao.net.br\/\" target=\"_blank\" rel=\"noopener\">INAZ do Par\u00e1<\/a> para realizar a inscri\u00e7\u00e3o, preenchendo o formul\u00e1rio e anexando os documentos exigidos. \u00c9 fundamental conferir todos os requisitos e prazos para evitar imprevistos.<\/p>\n<h2>Cronograma do concurso p\u00fablico<\/h2>\n<ul>\n<li><strong>Publica\u00e7\u00e3o do edital:<\/strong> 2025<\/li>\n<li><strong>Per\u00edodo de inscri\u00e7\u00f5es:<\/strong> 27\/08\/2025 a 01\/09\/2025<\/li>\n<li><strong>Divulga\u00e7\u00e3o dos resultados:<\/strong> Conforme cronograma oficial do <a href=\"https:\/\/www.pensarcursos.com.br\/blog\/wp-content\/uploads\/2025\/08\/edital_de_abertura_n_02_2025_1682488.pdf\" target=\"_blank\" rel=\"noopener\">edital<\/a><\/li>\n<li><strong>Validade do processo seletivo:<\/strong> 2 anos, podendo ser prorrogado por igual per\u00edodo<\/li>\n<\/ul>\n<p>\u00c9 importante acompanhar o cronograma completo no edital para n\u00e3o perder nenhuma etapa do processo.<\/p>\n<h2>Requisitos para participa\u00e7\u00e3o<\/h2>\n<p>Para concorrer \u00e0s vagas, os candidatos precisam atender aos seguintes requisitos:<\/p>\n<ul>\n<li>Escolaridade compat\u00edvel com o cargo pretendido (fundamental, m\u00e9dio ou superior)<\/li>\n<li>Registro no respectivo conselho de classe, quando exigido<\/li>\n<li>Carteira Nacional de Habilita\u00e7\u00e3o (CNH) nas categorias B ou D para cargos de motorista<\/li>\n<li>Demais exig\u00eancias descritas no edital<\/li>\n<\/ul>\n<p>Verifique atentamente cada exig\u00eancia para garantir a participa\u00e7\u00e3o sem contratempos.<\/p>\n<h2>Dicas para se preparar para as provas<\/h2>\n<p>Como a sele\u00e7\u00e3o ser\u00e1 feita por prova de t\u00edtulos, \u00e9 fundamental organizar a documenta\u00e7\u00e3o e comprova\u00e7\u00f5es acad\u00eamicas e profissionais. Al\u00e9m disso, manter-se atualizado sobre as novidades do setor p\u00fablico e buscar orienta\u00e7\u00f5es de especialistas pode fazer toda a diferen\u00e7a.<\/p>\n<p>Outra dica \u00e9 revisar conte\u00fados b\u00e1sicos de legisla\u00e7\u00e3o, pol\u00edticas p\u00fablicas e temas espec\u00edficos da \u00e1rea escolhida. Participar de grupos de estudo e simular a entrega dos t\u00edtulos tamb\u00e9m s\u00e3o estrat\u00e9gias recomendadas.<\/p>\n<h2>Benef\u00edcios de trabalhar no setor p\u00fablico<\/h2>\n<p>Al\u00e9m da estabilidade, os servidores p\u00fablicos contam com sal\u00e1rios atrativos, benef\u00edcios como f\u00e9rias remuneradas, 13\u00ba sal\u00e1rio, licen\u00e7as e possibilidade de crescimento profissional. Trabalhar em \u00f3rg\u00e3os municipais tamb\u00e9m proporciona impacto direto na comunidade, tornando a carreira ainda mais gratificante.<\/p>\n<p>Para quem busca seguran\u00e7a e qualidade de vida, o setor p\u00fablico \u00e9 uma excelente escolha.<\/p>\n<h2>Onde encontrar o edital completo<\/h2>\n<p>O edital completo, com todas as informa\u00e7\u00f5es detalhadas sobre cargos, sal\u00e1rios, requisitos, etapas e cronograma, est\u00e1 dispon\u00edvel no <a href=\"https:\/\/saofranciscodoconde.ba.gov.br\/\" target=\"_blank\" rel=\"noopener\">site da Prefeitura<\/a> tamb\u00e9m no portal da INAZ do Par\u00e1. Recomenda-se a leitura atenta do documento para esclarecer d\u00favidas e garantir uma inscri\u00e7\u00e3o correta.<\/p>\n<p>Fique atento a outros concursos, assista ao v\u00eddeo:<\/p>\n<div class=\"jeg_video_container jeg_video_content\"><iframe title=\"Novos Concursos CONFIRMADOS! Sal\u00e1rios de at\u00e9 R$ 6.000 em 2025! - Podcast NC #03\" width=\"500\" height=\"281\" src=\"https:\/\/www.youtube.com\/embed\/v7Glb6LOya0?feature=oembed\" frameborder=\"0\" allow=\"accelerometer; autoplay; clipboard-write; encrypted-media; gyroscope; picture-in-picture; web-share\" referrerpolicy=\"strict-origin-when-cross-origin\" allowfullscreen><\/iframe><\/div>\n<h2>D\u00favidas frequentes<\/h2>\n<ul>\n<li><strong>Quais s\u00e3o os cargos com maior n\u00famero de vagas?<\/strong><br \/>\nAssistente Social, Recepcionista e Cozinheiros\/Merendeira est\u00e3o entre os cargos com mais oportunidades.<\/li>\n<li><strong>\u00c9 poss\u00edvel se inscrever para mais de um cargo?<\/strong><br \/>\nSim, desde que os hor\u00e1rios das fun\u00e7\u00f5es n\u00e3o sejam conflitantes e o candidato atenda aos requisitos de ambos.<\/li>\n<li><strong>Como ser\u00e1 feita a avalia\u00e7\u00e3o dos t\u00edtulos?<\/strong><br \/>\nA pontua\u00e7\u00e3o ser\u00e1 atribu\u00edda conforme crit\u00e9rios estabelecidos no edital, considerando forma\u00e7\u00e3o acad\u00eamica e experi\u00eancia profissional.<\/li>\n<li><strong>H\u00e1 vagas reservadas para pessoas com defici\u00eancia?<\/strong><br \/>\nSim, o edital prev\u00ea reserva de vagas para candidatos PCD, conforme legisla\u00e7\u00e3o vigente.<\/li>\n<li><strong>O concurso p\u00fablico 2025 \u00e9 v\u00e1lido para todo o Brasil?<\/strong><br \/>\nN\u00e3o, o processo seletivo \u00e9 exclusivo para a Prefeitura de S\u00e3o Francisco do Conde, na Bahia.<\/li>\n<li><strong>Quando sai o resultado final?<\/strong><br \/>\nO resultado ser\u00e1 divulgado conforme o cronograma oficial do edital.<\/li>\n<li><strong>O que fazer em caso de d\u00favidas sobre o edital?<\/strong><br \/>\nEntre em contato com a banca organizadora ou consulte o setor de concursos da Prefeitura.<\/li>\n<li><strong>O processo seletivo pode ser prorrogado?<\/strong><br \/>\nSim, a validade \u00e9 de dois anos, podendo ser prorrogada por igual per\u00edodo.<\/li>\n<\/ul>\n","protected":false},"excerpt":{"rendered":"<p>No estado da Bahia, a Prefeitura de S\u00e3o Francisco do Conde divulgou o aguardado edital do concurso p\u00fablico 2025, oferecendo 223 vagas para cargos de n\u00edveis fundamental, m\u00e9dio e superior. Com sal\u00e1rios que podem chegar a R$ 13.250,00, o processo seletivo promete atrair candidatos de diferentes \u00e1reas e perfis. Principais cargos e sal\u00e1rios oferecidos O [&hellip;]<\/p>\n","protected":false},"author":56,"featured_media":117350,"comment_status":"open","ping_status":"closed","sticky":false,"template":"","format":"standard","meta":{"jnews-multi-image_gallery":[],"jnews_single_post":{"format":"standard","override":[{"template":"1","parallax":"1","fullscreen":"1","layout":"right-sidebar","sidebar":"default-sidebar","second_sidebar":"default-sidebar","sticky_sidebar":"1","share_position":"topbottom","share_float_style":"share-monocrhome","show_featured":"1","show_post_meta":"1","show_post_author":"1","show_post_author_image":"1","show_post_date":"1","post_date_format":"default","post_date_format_custom":"Y\/m\/d","show_post_category":"1","post_reading_time_wpm":"300","post_calculate_word_method":"str_word_count","show_zoom_button":"0","zoom_button_out_step":"2","zoom_button_in_step":"3","show_post_tag":"1","show_prev_next_post":"1","show_popup_post":"1","number_popup_post":"2","show_author_box":"1","show_post_related":"1","show_inline_post_related":"1","show_comment_section":"1"}],"image_override":[{"single_post_thumbnail_size":"crop-500","single_post_gallery_size":"crop-500"}],"trending_post_position":"meta","trending_post_label":"Trending","sponsored_post_label":"Sponsored by","disable_ad":"0"},"jnews_primary_category":[],"jnews_social_meta":[],"jnews_override_counter":{"view_counter_number":"0","share_counter_number":"0","like_counter_number":"0","dislike_counter_number":"0"},"footnotes":""},"categories":[29,22],"tags":[27686,32354,32512],"class_list":["post-117338","post","type-post","status-publish","format-standard","has-post-thumbnail","hentry","category-concursos","category-noticias","tag-concurso-publico-2025","tag-edital-concurso-2025","tag-prefeitura-sao-francisco-do-conde"],"yoast_head":"<!-- This site is optimized with the Yoast SEO Premium plugin v27.4 (Yoast SEO v27.4) - https:\/\/yoast.com\/product\/yoast-seo-premium-wordpress\/ -->\n<title>SAIU EDITAL! Concurso para diversas profiss\u00f5es abre 223 vagas - Sal\u00e1rios de at\u00e9 R$ 13,2 mil - Blog Pensar Cursos<\/title>\n<meta name=\"description\" content=\"Confira tudo sobre o concurso p\u00fablico 2025 da Prefeitura de S\u00e3o Francisco do Conde: 223 vagas, sal\u00e1rios de at\u00e9 R$ 13,2 mil, cargos, inscri\u00e7\u00f5es e dicas para aprova\u00e7\u00e3o.\" \/>\n<meta name=\"robots\" content=\"index, follow, max-snippet:-1, max-image-preview:large, max-video-preview:-1\" \/>\n<link rel=\"canonical\" href=\"https:\/\/www.pensarcursos.com.br\/blog\/saiu-edital-concurso-para-diversas-profissoes-abre-223-vagas-salarios-de-ate-r-132-mil\/\" \/>\n<meta property=\"og:locale\" content=\"pt_BR\" \/>\n<meta property=\"og:type\" content=\"article\" \/>\n<meta property=\"og:title\" content=\"SAIU EDITAL! Concurso para diversas profiss\u00f5es abre 223 vagas - Sal\u00e1rios de at\u00e9 R$ 13,2 mil\" \/>\n<meta property=\"og:description\" content=\"Confira tudo sobre o concurso p\u00fablico 2025 da Prefeitura de S\u00e3o Francisco do Conde: 223 vagas, sal\u00e1rios de at\u00e9 R$ 13,2 mil, cargos, inscri\u00e7\u00f5es e dicas para aprova\u00e7\u00e3o.\" \/>\n<meta property=\"og:url\" content=\"https:\/\/www.pensarcursos.com.br\/blog\/saiu-edital-concurso-para-diversas-profissoes-abre-223-vagas-salarios-de-ate-r-132-mil\/\" \/>\n<meta property=\"og:site_name\" content=\"Blog Pensar Cursos\" \/>\n<meta property=\"article:publisher\" content=\"https:\/\/www.facebook.com\/pensarcursos\/\" \/>\n<meta property=\"article:published_time\" content=\"2025-08-29T10:39:38+00:00\" \/>\n<meta property=\"og:image\" content=\"https:\/\/www.pensarcursos.com.br\/blog\/wp-content\/uploads\/2025\/08\/Concurso-Pub-3-1-1.png\" \/>\n\t<meta property=\"og:image:width\" content=\"1200\" \/>\n\t<meta property=\"og:image:height\" content=\"800\" \/>\n\t<meta property=\"og:image:type\" content=\"image\/png\" \/>\n<meta name=\"author\" content=\"Yasmin Santos\" \/>\n<meta name=\"twitter:card\" content=\"summary_large_image\" \/>\n<meta name=\"twitter:label1\" content=\"Escrito por\" \/>\n\t<meta name=\"twitter:data1\" content=\"Yasmin Santos\" \/>\n\t<meta name=\"twitter:label2\" content=\"Est. tempo de leitura\" \/>\n\t<meta name=\"twitter:data2\" content=\"5 minutos\" \/>\n<!-- \/ Yoast SEO Premium plugin. -->","yoast_head_json":{"title":"SAIU EDITAL! Concurso para diversas profiss\u00f5es abre 223 vagas - Sal\u00e1rios de at\u00e9 R$ 13,2 mil - Blog Pensar Cursos","description":"Confira tudo sobre o concurso p\u00fablico 2025 da Prefeitura de S\u00e3o Francisco do Conde: 223 vagas, sal\u00e1rios de at\u00e9 R$ 13,2 mil, cargos, inscri\u00e7\u00f5es e dicas para aprova\u00e7\u00e3o.","robots":{"index":"index","follow":"follow","max-snippet":"max-snippet:-1","max-image-preview":"max-image-preview:large","max-video-preview":"max-video-preview:-1"},"canonical":"https:\/\/www.pensarcursos.com.br\/blog\/saiu-edital-concurso-para-diversas-profissoes-abre-223-vagas-salarios-de-ate-r-132-mil\/","og_locale":"pt_BR","og_type":"article","og_title":"SAIU EDITAL! Concurso para diversas profiss\u00f5es abre 223 vagas - Sal\u00e1rios de at\u00e9 R$ 13,2 mil","og_description":"Confira tudo sobre o concurso p\u00fablico 2025 da Prefeitura de S\u00e3o Francisco do Conde: 223 vagas, sal\u00e1rios de at\u00e9 R$ 13,2 mil, cargos, inscri\u00e7\u00f5es e dicas para aprova\u00e7\u00e3o.","og_url":"https:\/\/www.pensarcursos.com.br\/blog\/saiu-edital-concurso-para-diversas-profissoes-abre-223-vagas-salarios-de-ate-r-132-mil\/","og_site_name":"Blog Pensar Cursos","article_publisher":"https:\/\/www.facebook.com\/pensarcursos\/","article_published_time":"2025-08-29T10:39:38+00:00","og_image":[{"width":1200,"height":800,"url":"https:\/\/www.pensarcursos.com.br\/blog\/wp-content\/uploads\/2025\/08\/Concurso-Pub-3-1-1.png","type":"image\/png"}],"author":"Yasmin Santos","twitter_card":"summary_large_image","twitter_misc":{"Escrito por":"Yasmin Santos","Est. tempo de leitura":"5 minutos"},"schema":{"@context":"https:\/\/schema.org","@graph":[{"@type":["Article","BlogPosting"],"@id":"https:\/\/www.pensarcursos.com.br\/blog\/saiu-edital-concurso-para-diversas-profissoes-abre-223-vagas-salarios-de-ate-r-132-mil\/#article","isPartOf":{"@id":"https:\/\/www.pensarcursos.com.br\/blog\/saiu-edital-concurso-para-diversas-profissoes-abre-223-vagas-salarios-de-ate-r-132-mil\/"},"author":{"name":"Yasmin Santos","@id":"https:\/\/www.pensarcursos.com.br\/blog\/#\/schema\/person\/2700c09d818d989d5d4fff5f50d4b755"},"headline":"SAIU EDITAL! Concurso para diversas profiss\u00f5es abre 223 vagas &#8211; Sal\u00e1rios de at\u00e9 R$ 13,2 mil","datePublished":"2025-08-29T10:39:38+00:00","mainEntityOfPage":{"@id":"https:\/\/www.pensarcursos.com.br\/blog\/saiu-edital-concurso-para-diversas-profissoes-abre-223-vagas-salarios-de-ate-r-132-mil\/"},"wordCount":817,"commentCount":0,"publisher":{"@id":"https:\/\/www.pensarcursos.com.br\/blog\/#organization"},"image":{"@id":"https:\/\/www.pensarcursos.com.br\/blog\/saiu-edital-concurso-para-diversas-profissoes-abre-223-vagas-salarios-de-ate-r-132-mil\/#primaryimage"},"thumbnailUrl":"https:\/\/www.pensarcursos.com.br\/blog\/wp-content\/uploads\/2025\/08\/Concurso-Pub-3-1-1.png","keywords":["concurso p\u00fablico 2025","edital concurso 2025","prefeitura s\u00e3o Francisco do conde"],"articleSection":["Concursos P\u00fablicos","Not\u00edcias"],"inLanguage":"pt-BR","potentialAction":[{"@type":"CommentAction","name":"Comment","target":["https:\/\/www.pensarcursos.com.br\/blog\/saiu-edital-concurso-para-diversas-profissoes-abre-223-vagas-salarios-de-ate-r-132-mil\/#respond"]}],"copyrightYear":"2025","copyrightHolder":{"@id":"https:\/\/www.pensarcursos.com.br\/blog\/#organization"}},{"@type":"WebPage","@id":"https:\/\/www.pensarcursos.com.br\/blog\/saiu-edital-concurso-para-diversas-profissoes-abre-223-vagas-salarios-de-ate-r-132-mil\/","url":"https:\/\/www.pensarcursos.com.br\/blog\/saiu-edital-concurso-para-diversas-profissoes-abre-223-vagas-salarios-de-ate-r-132-mil\/","name":"SAIU EDITAL! Concurso para diversas profiss\u00f5es abre 223 vagas - Sal\u00e1rios de at\u00e9 R$ 13,2 mil - Blog Pensar Cursos","isPartOf":{"@id":"https:\/\/www.pensarcursos.com.br\/blog\/#website"},"primaryImageOfPage":{"@id":"https:\/\/www.pensarcursos.com.br\/blog\/saiu-edital-concurso-para-diversas-profissoes-abre-223-vagas-salarios-de-ate-r-132-mil\/#primaryimage"},"image":{"@id":"https:\/\/www.pensarcursos.com.br\/blog\/saiu-edital-concurso-para-diversas-profissoes-abre-223-vagas-salarios-de-ate-r-132-mil\/#primaryimage"},"thumbnailUrl":"https:\/\/www.pensarcursos.com.br\/blog\/wp-content\/uploads\/2025\/08\/Concurso-Pub-3-1-1.png","datePublished":"2025-08-29T10:39:38+00:00","description":"Confira tudo sobre o concurso p\u00fablico 2025 da Prefeitura de S\u00e3o Francisco do Conde: 223 vagas, sal\u00e1rios de at\u00e9 R$ 13,2 mil, cargos, inscri\u00e7\u00f5es e dicas para aprova\u00e7\u00e3o.","breadcrumb":{"@id":"https:\/\/www.pensarcursos.com.br\/blog\/saiu-edital-concurso-para-diversas-profissoes-abre-223-vagas-salarios-de-ate-r-132-mil\/#breadcrumb"},"inLanguage":"pt-BR","potentialAction":[{"@type":"ReadAction","target":["https:\/\/www.pensarcursos.com.br\/blog\/saiu-edital-concurso-para-diversas-profissoes-abre-223-vagas-salarios-de-ate-r-132-mil\/"]}]},{"@type":"ImageObject","inLanguage":"pt-BR","@id":"https:\/\/www.pensarcursos.com.br\/blog\/saiu-edital-concurso-para-diversas-profissoes-abre-223-vagas-salarios-de-ate-r-132-mil\/#primaryimage","url":"https:\/\/www.pensarcursos.com.br\/blog\/wp-content\/uploads\/2025\/08\/Concurso-Pub-3-1-1.png","contentUrl":"https:\/\/www.pensarcursos.com.br\/blog\/wp-content\/uploads\/2025\/08\/Concurso-Pub-3-1-1.png","width":1200,"height":800,"caption":"Processo Seletivo de S\u00e3o Francisco do Conde oferece vagas para diversos n\u00edveis de escolaridade. Imagem: Pensar Cursos."},{"@type":"BreadcrumbList","@id":"https:\/\/www.pensarcursos.com.br\/blog\/saiu-edital-concurso-para-diversas-profissoes-abre-223-vagas-salarios-de-ate-r-132-mil\/#breadcrumb","itemListElement":[{"@type":"ListItem","position":1,"name":"Home","item":"https:\/\/www.pensarcursos.com.br\/blog\/"},{"@type":"ListItem","position":2,"name":"SAIU EDITAL! Concurso para diversas profiss\u00f5es abre 223 vagas &#8211; Sal\u00e1rios de at\u00e9 R$ 13,2 mil"}]},{"@type":"WebSite","@id":"https:\/\/www.pensarcursos.com.br\/blog\/#website","url":"https:\/\/www.pensarcursos.com.br\/blog\/","name":"Blog Pensar Cursos","description":"Maior Site de Cursos do Brasil","publisher":{"@id":"https:\/\/www.pensarcursos.com.br\/blog\/#organization"},"alternateName":"Blog Pensar","potentialAction":[{"@type":"SearchAction","target":{"@type":"EntryPoint","urlTemplate":"https:\/\/www.pensarcursos.com.br\/blog\/?s={search_term_string}"},"query-input":{"@type":"PropertyValueSpecification","valueRequired":true,"valueName":"search_term_string"}}],"inLanguage":"pt-BR"},{"@type":"Organization","@id":"https:\/\/www.pensarcursos.com.br\/blog\/#organization","name":"Pensar Cursos","alternateName":"Blog pensar","url":"https:\/\/www.pensarcursos.com.br\/blog\/","logo":{"@type":"ImageObject","inLanguage":"pt-BR","@id":"https:\/\/www.pensarcursos.com.br\/blog\/#\/schema\/logo\/image\/","url":"https:\/\/www.pensarcursos.com.br\/blog\/wp-content\/uploads\/2023\/11\/Nova-Logo-Pensar-Cursos-vertical.png","contentUrl":"https:\/\/www.pensarcursos.com.br\/blog\/wp-content\/uploads\/2023\/11\/Nova-Logo-Pensar-Cursos-vertical.png","width":1393,"height":1001,"caption":"Pensar Cursos"},"image":{"@id":"https:\/\/www.pensarcursos.com.br\/blog\/#\/schema\/logo\/image\/"},"sameAs":["https:\/\/www.facebook.com\/pensarcursos\/","https:\/\/instagram.com.br\/pensarcursos"],"description":"Pensar Cursos \u00e9 uma empresa especializada em oferecer cursos de alta qualidade voltados para o desenvolvimento profissional e acad\u00eamico. Com uma ampla gama de op\u00e7\u00f5es de treinamento, oferecemos conte\u00fados atualizados, ministrados por especialistas da \u00e1rea, para capacitar indiv\u00edduos e equipes a atingirem seus objetivos. Nossa miss\u00e3o \u00e9 proporcionar uma educa\u00e7\u00e3o transformadora, acess\u00edvel e personalizada para cada aluno, seja em cursos presenciais ou online. Com uma abordagem inovadora, buscamos adaptar os nossos programas de ensino \u00e0s necessidades do mercado, criando solu\u00e7\u00f5es que atendem aos desafios e exig\u00eancias do mundo corporativo e acad\u00eamico. Nossos cursos incluem desde forma\u00e7\u00f5es t\u00e9cnicas at\u00e9 habilidades essenciais, como lideran\u00e7a, gest\u00e3o e desenvolvimento pessoal.","email":"contato@pensarcursos.com.br","legalName":"Sena Servi\u00e7os de Informa\u00e7\u00e3o Online LTDA","foundingDate":"2013-04-18","vatID":"17956217000172","numberOfEmployees":{"@type":"QuantitativeValue","minValue":"11","maxValue":"50"},"publishingPrinciples":"https:\/\/www.pensarcursos.com.br\/blog\/principios-de-publicacao\/","ownershipFundingInfo":"https:\/\/www.pensarcursos.com.br\/blog\/informacoes-de-propriedade-financiamento\/","actionableFeedbackPolicy":"https:\/\/www.pensarcursos.com.br\/blog\/politica-de-feedback-acionavel\/","correctionsPolicy":"https:\/\/www.pensarcursos.com.br\/blog\/politica-de-correcoes\/","ethicsPolicy":"https:\/\/www.pensarcursos.com.br\/blog\/politica-de-etica\/"},{"@type":"Person","@id":"https:\/\/www.pensarcursos.com.br\/blog\/#\/schema\/person\/2700c09d818d989d5d4fff5f50d4b755","name":"Yasmin Santos","image":{"@type":"ImageObject","inLanguage":"pt-BR","@id":"https:\/\/secure.gravatar.com\/avatar\/b8d88d102398911030f7bd8e99bd07ffbbb62169f9a740f38705dc857853eb31?s=96&d=mm&r=g","url":"https:\/\/secure.gravatar.com\/avatar\/b8d88d102398911030f7bd8e99bd07ffbbb62169f9a740f38705dc857853eb31?s=96&d=mm&r=g","contentUrl":"https:\/\/secure.gravatar.com\/avatar\/b8d88d102398911030f7bd8e99bd07ffbbb62169f9a740f38705dc857853eb31?s=96&d=mm&r=g","caption":"Yasmin Santos"},"description":"Graduada em Letras Portugu\u00eas\/Ingl\u00eas pela Universidade Estadual de Santa Cruz (UESC), redatora do Grupo Sena Online","sameAs":["https:\/\/www.instagram.com\/yasmin0_20?igsh=MTdqZXF3NTA1b2gyMg=="],"url":"https:\/\/www.pensarcursos.com.br\/blog\/author\/yasmin\/"}]}},"_links":{"self":[{"href":"https:\/\/www.pensarcursos.com.br\/blog\/wp-json\/wp\/v2\/posts\/117338","targetHints":{"allow":["GET"]}}],"collection":[{"href":"https:\/\/www.pensarcursos.com.br\/blog\/wp-json\/wp\/v2\/posts"}],"about":[{"href":"https:\/\/www.pensarcursos.com.br\/blog\/wp-json\/wp\/v2\/types\/post"}],"author":[{"embeddable":true,"href":"https:\/\/www.pensarcursos.com.br\/blog\/wp-json\/wp\/v2\/users\/56"}],"replies":[{"embeddable":true,"href":"https:\/\/www.pensarcursos.com.br\/blog\/wp-json\/wp\/v2\/comments?post=117338"}],"version-history":[{"count":0,"href":"https:\/\/www.pensarcursos.com.br\/blog\/wp-json\/wp\/v2\/posts\/117338\/revisions"}],"wp:featuredmedia":[{"embeddable":true,"href":"https:\/\/www.pensarcursos.com.br\/blog\/wp-json\/wp\/v2\/media\/117350"}],"wp:attachment":[{"href":"https:\/\/www.pensarcursos.com.br\/blog\/wp-json\/wp\/v2\/media?parent=117338"}],"wp:term":[{"taxonomy":"category","embeddable":true,"href":"https:\/\/www.pensarcursos.com.br\/blog\/wp-json\/wp\/v2\/categories?post=117338"},{"taxonomy":"post_tag","embeddable":true,"href":"https:\/\/www.pensarcursos.com.br\/blog\/wp-json\/wp\/v2\/tags?post=117338"}],"curies":[{"name":"wp","href":"https:\/\/api.w.org\/{rel}","templated":true}]}}