{"id":116459,"date":"2025-08-20T07:39:35","date_gmt":"2025-08-20T10:39:35","guid":{"rendered":"https:\/\/www.pensarcursos.com.br\/blog\/?p=116459"},"modified":"2025-08-20T06:48:29","modified_gmt":"2025-08-20T09:48:29","slug":"os-canhotos-mais-famosos-do-mundo-sera-que-eles-sao-realmente-mais-inteligentes-segundo-a-ciencia","status":"publish","type":"post","link":"https:\/\/www.pensarcursos.com.br\/blog\/os-canhotos-mais-famosos-do-mundo-sera-que-eles-sao-realmente-mais-inteligentes-segundo-a-ciencia\/","title":{"rendered":"Os canhotos mais famosos do mundo: ser\u00e1 que eles s\u00e3o realmente mais inteligentes, segundo a ci\u00eancia?"},"content":{"rendered":"<p>Durante s\u00e9culos, os\u00a0<strong>canhotos<\/strong>\u00a0foram cercados por mitos e preconceitos. No passado, ser canhoto era visto como algo negativo, chegando a ser associado at\u00e9 mesmo \u00e0 bruxaria na Idade M\u00e9dia. No Brasil, at\u00e9 o s\u00e9culo XX, crian\u00e7as canhotas eram for\u00e7adas a usar a m\u00e3o direita, o que gerava impactos negativos em sua sa\u00fade f\u00edsica e mental. Mas, afinal, ser\u00e1 que existe alguma vantagem intelectual entre os canhotos? A ci\u00eancia realmente confirma que eles s\u00e3o mais inteligentes? Descubra a verdade sobre esse tema e conhe\u00e7a algumas das personalidades mais famosas que usam a m\u00e3o esquerda.<\/p>\n<h2>Como os canhotos eram vistos ao longo da hist\u00f3ria?<\/h2>\n<p>Historicamente, os\u00a0<strong>canhotos<\/strong>\u00a0enfrentaram muitos desafios. No s\u00e9culo XX, no Brasil, era comum que educadores e familiares obrigassem crian\u00e7as a escrever com a m\u00e3o direita, acreditando que o uso da esquerda era um defeito. Essa pr\u00e1tica, al\u00e9m de injusta, causava problemas de coordena\u00e7\u00e3o motora, ansiedade, baixa autoestima e at\u00e9 dificuldades de aprendizagem.<\/p>\n<p>Com o avan\u00e7o da ci\u00eancia, a sociedade passou a compreender melhor as raz\u00f5es do canhotismo, substituindo o preconceito pela curiosidade e respeito. Hoje, sabe-se que cerca de 10% da popula\u00e7\u00e3o mundial \u00e9 canhota, e essa caracter\u00edstica \u00e9 apenas uma varia\u00e7\u00e3o natural do desenvolvimento humano.<\/p>\n<h2>Impactos do uso for\u00e7ado da m\u00e3o direita em canhotos<\/h2>\n<p>For\u00e7ar uma crian\u00e7a canhota a usar a m\u00e3o direita pode trazer consequ\u00eancias s\u00e9rias. Entre os principais riscos est\u00e3o:<\/p>\n<ul>\n<li><strong>Problemas de coordena\u00e7\u00e3o motora<\/strong><\/li>\n<li><strong>Ansiedade e estresse<\/strong><\/li>\n<li><strong>Dificuldade de aprendizagem<\/strong><\/li>\n<li><strong>Baixa autoestima<\/strong><\/li>\n<li><strong>Les\u00f5es por esfor\u00e7o repetitivo<\/strong><\/li>\n<\/ul>\n<h2>Canhotos s\u00e3o realmente mais inteligentes? O que diz a ci\u00eancia<\/h2>\n<p>A cren\u00e7a de que os\u00a0<strong>canhotos<\/strong>\u00a0s\u00e3o mais <a href=\"https:\/\/www.pensarcursos.com.br\/blog\/12-tracos-de-personalidade-comuns-entre-pessoas-inteligentes\/\">inteligentes<\/a> ganhou for\u00e7a devido \u00e0 presen\u00e7a de figuras de destaque com essa caracter\u00edstica. Entre eles, est\u00e3o presidentes dos EUA como Barack Obama, Bill Clinton e Ronald Reagan, al\u00e9m de g\u00eanios como Leonardo da Vinci, Marie Curie e Albert Einstein.<\/p>\n<figure id=\"attachment_116461\" aria-describedby=\"caption-attachment-116461\" style=\"width: 869px\" class=\"wp-caption aligncenter\"><img decoding=\"async\" class=\"wp-image-116461 \" title=\"Canhoto desenhando em caf\u00e9.\" src=\"https:\/\/www.pensarcursos.com.br\/blog\/wp-content\/uploads\/2025\/08\/2149563263-1024x683.jpg\" alt=\"Pessoa canhota desenhando com tablet em ambiente de caf\u00e9, com tatuagens vis\u00edveis no bra\u00e7o.\" width=\"869\" height=\"579\" srcset=\"https:\/\/www.pensarcursos.com.br\/blog\/wp-content\/uploads\/2025\/08\/2149563263-1024x683.jpg 1024w, https:\/\/www.pensarcursos.com.br\/blog\/wp-content\/uploads\/2025\/08\/2149563263-300x200.jpg 300w, https:\/\/www.pensarcursos.com.br\/blog\/wp-content\/uploads\/2025\/08\/2149563263-768x512.jpg 768w, https:\/\/www.pensarcursos.com.br\/blog\/wp-content\/uploads\/2025\/08\/2149563263.jpg 1500w\" sizes=\"(max-width: 869px) 100vw, 869px\" \/><figcaption id=\"caption-attachment-116461\" class=\"wp-caption-text\">Canhotos s\u00e3o mais inteligentes de verdade? Imagem: Freepik<\/figcaption><\/figure>\n<p>No entanto, estudos cient\u00edficos recentes mostram que<strong> n\u00e3o existe rela\u00e7\u00e3o direta entre ser canhoto e ter maior intelig\u00eancia<\/strong>. Segundo especialistas, a distribui\u00e7\u00e3o das <a href=\"https:\/\/www.pensarcursos.com.br\/blog\/revelada-lista-com-as-habilidades-mais-valorizadas-pelos-empregadores-atualmente\/\">habilidades<\/a> cognitivas \u00e9 semelhante entre canhotos e destros. O mito surgiu porque o hemisf\u00e9rio direito do c\u00e9rebro, respons\u00e1vel pela criatividade, controla a m\u00e3o esquerda, mas isso n\u00e3o significa que todos os canhotos sejam mais criativos ou inteligentes.<\/p>\n<h3>O que dizem as pesquisas atuais?<\/h3>\n<p>De acordo com dados de 2025, pesquisas apontam que a <a href=\"https:\/\/www.pensarcursos.com.br\/blog\/regra-de-tres-segundos-pessoas-inteligentes\/\">intelig\u00eancia<\/a> e a criatividade s\u00e3o distribu\u00eddas de forma equilibrada entre canhotos e destros. N\u00e3o h\u00e1 evid\u00eancias cient\u00edficas que comprovem uma vantagem intelectual para quem usa a m\u00e3o esquerda.<\/p>\n<h2>Os canhotos mais famosos do mundo<\/h2>\n<p>Apesar de n\u00e3o serem comprovadamente mais inteligentes, muitos\u00a0<strong>canhotos<\/strong>\u00a0se destacaram em diversas \u00e1reas.<\/p>\n<p>Veja alguns exemplos:<\/p>\n<ul>\n<li><strong>Barack Obama<\/strong>\u00a0\u2013 Ex-presidente dos EUA<\/li>\n<li><strong>Bill Gates<\/strong>\u00a0\u2013 Fundador da Microsoft<\/li>\n<li><strong>Leonardo da Vinci<\/strong>\u00a0\u2013 Artista e inventor<\/li>\n<li><strong>Marie Curie<\/strong>\u00a0\u2013 Cientista premiada com dois Nobel<\/li>\n<li><strong>Oprah Winfrey<\/strong>\u00a0\u2013 Apresentadora e empres\u00e1ria<\/li>\n<li><strong>F\u00e1tima Bernardes<\/strong>\u00a0\u2013 Jornalista brasileira<\/li>\n<li><strong>Beethoven<\/strong>\u00a0e\u00a0<strong>Mozart<\/strong>\u00a0\u2013 Compositores renomados<\/li>\n<\/ul>\n<h2>Curiosidades sobre canhotos<\/h2>\n<ul>\n<li>O Dia Internacional dos Canhotos \u00e9 comemorado em 13 de agosto.<\/li>\n<li>Alguns estudos sugerem que canhotos podem ter vantagens em esportes de contato, devido ao fator surpresa.<\/li>\n<li>Produtos espec\u00edficos, como tesouras e cadernos, s\u00e3o desenvolvidos para facilitar a vida dos canhotos.<\/li>\n<\/ul>\n<p>Quer conferir mais curiosidades? N\u00e3o deixe de conferir os conte\u00fados do <a href=\"https:\/\/www.pensarcursos.com.br\/blog\/\" target=\"_blank\" rel=\"noopener\">Pensar Cursos<\/a>.<\/p>\n<h2>O que realmente importa: intelig\u00eancia ou respeito \u00e0s diferen\u00e7as?<\/h2>\n<p>Ao analisar a trajet\u00f3ria dos\u00a0<strong>canhotos<\/strong>, fica claro que o mais importante n\u00e3o \u00e9 a m\u00e3o dominante, mas sim o respeito \u00e0s diferen\u00e7as e o incentivo ao desenvolvimento de cada pessoa. A ci\u00eancia mostra que intelig\u00eancia n\u00e3o depende de ser canhoto ou destro, mas de fatores como ambiente, est\u00edmulo e oportunidades.<\/p>\n<p>Ser\u00e1 que n\u00e3o est\u00e1 na hora de valorizar mais a diversidade e menos os r\u00f3tulos? Afinal, cada pessoa tem seu pr\u00f3prio talento, independentemente da m\u00e3o que usa para escrever.<\/p>\n<h2>Perguntas frequentes<\/h2>\n<ul>\n<li><strong>Canhotos t\u00eam mais dificuldade na escola?<\/strong><br \/>\nN\u00e3o necessariamente. Com adapta\u00e7\u00f5es adequadas, canhotos podem ter o mesmo desempenho que destros.<\/li>\n<li><strong>Existem profiss\u00f5es em que canhotos se destacam?<\/strong><br \/>\nAlguns esportes e \u00e1reas criativas podem favorecer canhotos, mas n\u00e3o h\u00e1 regra.<\/li>\n<li><strong>Canhotos t\u00eam mais problemas de sa\u00fade?<\/strong><br \/>\nN\u00e3o h\u00e1 evid\u00eancias de que canhotos sejam mais propensos a doen\u00e7as.<\/li>\n<li><strong>\u00c9 poss\u00edvel treinar uma crian\u00e7a para ser ambidestra?<\/strong><br \/>\nSim, mas for\u00e7ar pode causar problemas de coordena\u00e7\u00e3o e autoestima.<\/li>\n<li><strong>Por que existem menos canhotos?<\/strong><br \/>\n\u00c9 uma caracter\u00edstica gen\u00e9tica, presente em cerca de 10% da popula\u00e7\u00e3o.<\/li>\n<li><strong>Canhotos t\u00eam mais criatividade?<\/strong><br \/>\nN\u00e3o h\u00e1 comprova\u00e7\u00e3o cient\u00edfica, mas muitos artistas famosos s\u00e3o canhotos.<\/li>\n<li><strong>Produtos para canhotos s\u00e3o realmente necess\u00e1rios?<\/strong><br \/>\nSim, eles facilitam tarefas do dia a dia e evitam desconfortos.<\/li>\n<li><strong>Canhotos podem ter dificuldades em exames escritos?<\/strong><br \/>\nPodem, principalmente se o material n\u00e3o for adaptado, mas isso pode ser resolvido com ajustes simples.<\/li>\n<\/ul>\n","protected":false},"excerpt":{"rendered":"<p>Durante s\u00e9culos, os\u00a0canhotos\u00a0foram cercados por mitos e preconceitos. No passado, ser canhoto era visto como algo negativo, chegando a ser associado at\u00e9 mesmo \u00e0 bruxaria na Idade M\u00e9dia. No Brasil, at\u00e9 o s\u00e9culo XX, crian\u00e7as canhotas eram for\u00e7adas a usar a m\u00e3o direita, o que gerava impactos negativos em sua sa\u00fade f\u00edsica e mental. Mas, [&hellip;]<\/p>\n","protected":false},"author":17,"featured_media":116462,"comment_status":"open","ping_status":"closed","sticky":false,"template":"","format":"standard","meta":{"jnews-multi-image_gallery":[],"jnews_single_post":[],"jnews_primary_category":[],"jnews_social_meta":[],"jnews_override_counter":[],"footnotes":""},"categories":[27431],"tags":[32142,1135,32144,661,32143,1946],"class_list":["post-116459","post","type-post","status-publish","format-standard","has-post-thumbnail","hentry","category-psicologia-e-comportamento","tag-canhotos","tag-ciencia","tag-curiosidades-canhotos","tag-diversidade","tag-famosos-canhotos","tag-inteligencia"],"yoast_head":"<!-- This site is optimized with the Yoast SEO Premium plugin v27.5 (Yoast SEO v27.5) - https:\/\/yoast.com\/product\/yoast-seo-premium-wordpress\/ -->\n<title>Os canhotos mais famosos do mundo: ser\u00e1 que eles s\u00e3o realmente mais inteligentes, segundo a ci\u00eancia? - Blog Pensar Cursos<\/title>\n<meta name=\"description\" content=\"Descubra se canhotos s\u00e3o mais inteligentes, conhe\u00e7a famosos e o que a ci\u00eancia diz. Leia e reflita sobre diversidade! Acesse e saiba mais.\" \/>\n<meta name=\"robots\" content=\"index, follow, max-snippet:-1, max-image-preview:large, max-video-preview:-1\" \/>\n<link rel=\"canonical\" href=\"https:\/\/www.pensarcursos.com.br\/blog\/os-canhotos-mais-famosos-do-mundo-sera-que-eles-sao-realmente-mais-inteligentes-segundo-a-ciencia\/\" \/>\n<meta property=\"og:locale\" content=\"pt_BR\" \/>\n<meta property=\"og:type\" content=\"article\" \/>\n<meta property=\"og:title\" content=\"Os canhotos mais famosos do mundo: ser\u00e1 que eles s\u00e3o realmente mais inteligentes, segundo a ci\u00eancia?\" \/>\n<meta property=\"og:description\" content=\"Descubra se canhotos s\u00e3o mais inteligentes, conhe\u00e7a famosos e o que a ci\u00eancia diz. Leia e reflita sobre diversidade! Acesse e saiba mais.\" \/>\n<meta property=\"og:url\" content=\"https:\/\/www.pensarcursos.com.br\/blog\/os-canhotos-mais-famosos-do-mundo-sera-que-eles-sao-realmente-mais-inteligentes-segundo-a-ciencia\/\" \/>\n<meta property=\"og:site_name\" content=\"Blog Pensar Cursos\" \/>\n<meta property=\"article:publisher\" content=\"https:\/\/www.facebook.com\/pensarcursos\/\" \/>\n<meta property=\"article:author\" content=\"https:\/\/www.facebook.com\/profile.php?id=61550018262414\" \/>\n<meta property=\"article:published_time\" content=\"2025-08-20T10:39:35+00:00\" \/>\n<meta property=\"og:image\" content=\"https:\/\/www.pensarcursos.com.br\/blog\/wp-content\/uploads\/2025\/08\/obama.png\" \/>\n\t<meta property=\"og:image:width\" content=\"1228\" \/>\n\t<meta property=\"og:image:height\" content=\"735\" \/>\n\t<meta property=\"og:image:type\" content=\"image\/png\" \/>\n<meta name=\"author\" content=\"Gorete Costa\" \/>\n<meta name=\"twitter:card\" content=\"summary_large_image\" \/>\n<meta name=\"twitter:label1\" content=\"Escrito por\" \/>\n\t<meta name=\"twitter:data1\" content=\"Gorete Costa\" \/>\n\t<meta name=\"twitter:label2\" content=\"Est. tempo de leitura\" \/>\n\t<meta name=\"twitter:data2\" content=\"5 minutos\" \/>\n<!-- \/ Yoast SEO Premium plugin. -->","yoast_head_json":{"title":"Os canhotos mais famosos do mundo: ser\u00e1 que eles s\u00e3o realmente mais inteligentes, segundo a ci\u00eancia? - Blog Pensar Cursos","description":"Descubra se canhotos s\u00e3o mais inteligentes, conhe\u00e7a famosos e o que a ci\u00eancia diz. Leia e reflita sobre diversidade! Acesse e saiba mais.","robots":{"index":"index","follow":"follow","max-snippet":"max-snippet:-1","max-image-preview":"max-image-preview:large","max-video-preview":"max-video-preview:-1"},"canonical":"https:\/\/www.pensarcursos.com.br\/blog\/os-canhotos-mais-famosos-do-mundo-sera-que-eles-sao-realmente-mais-inteligentes-segundo-a-ciencia\/","og_locale":"pt_BR","og_type":"article","og_title":"Os canhotos mais famosos do mundo: ser\u00e1 que eles s\u00e3o realmente mais inteligentes, segundo a ci\u00eancia?","og_description":"Descubra se canhotos s\u00e3o mais inteligentes, conhe\u00e7a famosos e o que a ci\u00eancia diz. Leia e reflita sobre diversidade! Acesse e saiba mais.","og_url":"https:\/\/www.pensarcursos.com.br\/blog\/os-canhotos-mais-famosos-do-mundo-sera-que-eles-sao-realmente-mais-inteligentes-segundo-a-ciencia\/","og_site_name":"Blog Pensar Cursos","article_publisher":"https:\/\/www.facebook.com\/pensarcursos\/","article_author":"https:\/\/www.facebook.com\/profile.php?id=61550018262414","article_published_time":"2025-08-20T10:39:35+00:00","og_image":[{"width":1228,"height":735,"url":"https:\/\/www.pensarcursos.com.br\/blog\/wp-content\/uploads\/2025\/08\/obama.png","type":"image\/png"}],"author":"Gorete Costa","twitter_card":"summary_large_image","twitter_misc":{"Escrito por":"Gorete Costa","Est. tempo de leitura":"5 minutos"},"schema":{"@context":"https:\/\/schema.org","@graph":[{"@type":["Article","BlogPosting"],"@id":"https:\/\/www.pensarcursos.com.br\/blog\/os-canhotos-mais-famosos-do-mundo-sera-que-eles-sao-realmente-mais-inteligentes-segundo-a-ciencia\/#article","isPartOf":{"@id":"https:\/\/www.pensarcursos.com.br\/blog\/os-canhotos-mais-famosos-do-mundo-sera-que-eles-sao-realmente-mais-inteligentes-segundo-a-ciencia\/"},"author":{"name":"Gorete Costa","@id":"https:\/\/www.pensarcursos.com.br\/blog\/#\/schema\/person\/e133b19d62595d6ab0c12f3e5436a7bb"},"headline":"Os canhotos mais famosos do mundo: ser\u00e1 que eles s\u00e3o realmente mais inteligentes, segundo a ci\u00eancia?","datePublished":"2025-08-20T10:39:35+00:00","mainEntityOfPage":{"@id":"https:\/\/www.pensarcursos.com.br\/blog\/os-canhotos-mais-famosos-do-mundo-sera-que-eles-sao-realmente-mais-inteligentes-segundo-a-ciencia\/"},"wordCount":884,"commentCount":0,"publisher":{"@id":"https:\/\/www.pensarcursos.com.br\/blog\/#organization"},"image":{"@id":"https:\/\/www.pensarcursos.com.br\/blog\/os-canhotos-mais-famosos-do-mundo-sera-que-eles-sao-realmente-mais-inteligentes-segundo-a-ciencia\/#primaryimage"},"thumbnailUrl":"https:\/\/www.pensarcursos.com.br\/blog\/wp-content\/uploads\/2025\/08\/obama.png","keywords":["canhotos","Ci\u00eancia","curiosidades canhotos","Diversidade","famosos canhotos","Intelig\u00eancia"],"articleSection":["Psicologia e Comportamento"],"inLanguage":"pt-BR","potentialAction":[{"@type":"CommentAction","name":"Comment","target":["https:\/\/www.pensarcursos.com.br\/blog\/os-canhotos-mais-famosos-do-mundo-sera-que-eles-sao-realmente-mais-inteligentes-segundo-a-ciencia\/#respond"]}],"copyrightYear":"2025","copyrightHolder":{"@id":"https:\/\/www.pensarcursos.com.br\/blog\/#organization"}},{"@type":"WebPage","@id":"https:\/\/www.pensarcursos.com.br\/blog\/os-canhotos-mais-famosos-do-mundo-sera-que-eles-sao-realmente-mais-inteligentes-segundo-a-ciencia\/","url":"https:\/\/www.pensarcursos.com.br\/blog\/os-canhotos-mais-famosos-do-mundo-sera-que-eles-sao-realmente-mais-inteligentes-segundo-a-ciencia\/","name":"Os canhotos mais famosos do mundo: ser\u00e1 que eles s\u00e3o realmente mais inteligentes, segundo a ci\u00eancia? - Blog Pensar Cursos","isPartOf":{"@id":"https:\/\/www.pensarcursos.com.br\/blog\/#website"},"primaryImageOfPage":{"@id":"https:\/\/www.pensarcursos.com.br\/blog\/os-canhotos-mais-famosos-do-mundo-sera-que-eles-sao-realmente-mais-inteligentes-segundo-a-ciencia\/#primaryimage"},"image":{"@id":"https:\/\/www.pensarcursos.com.br\/blog\/os-canhotos-mais-famosos-do-mundo-sera-que-eles-sao-realmente-mais-inteligentes-segundo-a-ciencia\/#primaryimage"},"thumbnailUrl":"https:\/\/www.pensarcursos.com.br\/blog\/wp-content\/uploads\/2025\/08\/obama.png","datePublished":"2025-08-20T10:39:35+00:00","description":"Descubra se canhotos s\u00e3o mais inteligentes, conhe\u00e7a famosos e o que a ci\u00eancia diz. Leia e reflita sobre diversidade! Acesse e saiba mais.","breadcrumb":{"@id":"https:\/\/www.pensarcursos.com.br\/blog\/os-canhotos-mais-famosos-do-mundo-sera-que-eles-sao-realmente-mais-inteligentes-segundo-a-ciencia\/#breadcrumb"},"inLanguage":"pt-BR","potentialAction":[{"@type":"ReadAction","target":["https:\/\/www.pensarcursos.com.br\/blog\/os-canhotos-mais-famosos-do-mundo-sera-que-eles-sao-realmente-mais-inteligentes-segundo-a-ciencia\/"]}]},{"@type":"ImageObject","inLanguage":"pt-BR","@id":"https:\/\/www.pensarcursos.com.br\/blog\/os-canhotos-mais-famosos-do-mundo-sera-que-eles-sao-realmente-mais-inteligentes-segundo-a-ciencia\/#primaryimage","url":"https:\/\/www.pensarcursos.com.br\/blog\/wp-content\/uploads\/2025\/08\/obama.png","contentUrl":"https:\/\/www.pensarcursos.com.br\/blog\/wp-content\/uploads\/2025\/08\/obama.png","width":1228,"height":735,"caption":"Barack Obama, ex-presidente dos EUA e conhecido por sua intelig\u00eancia, tamb\u00e9m \u00e9 um dos mais not\u00e1veis canhotos. Imagem: KAMIL KRZACZYNSKI\/EPA\/LUSA"},{"@type":"BreadcrumbList","@id":"https:\/\/www.pensarcursos.com.br\/blog\/os-canhotos-mais-famosos-do-mundo-sera-que-eles-sao-realmente-mais-inteligentes-segundo-a-ciencia\/#breadcrumb","itemListElement":[{"@type":"ListItem","position":1,"name":"Home","item":"https:\/\/www.pensarcursos.com.br\/blog\/"},{"@type":"ListItem","position":2,"name":"Os canhotos mais famosos do mundo: ser\u00e1 que eles s\u00e3o realmente mais inteligentes, segundo a ci\u00eancia?"}]},{"@type":"WebSite","@id":"https:\/\/www.pensarcursos.com.br\/blog\/#website","url":"https:\/\/www.pensarcursos.com.br\/blog\/","name":"Blog Pensar Cursos","description":"Maior Site de Cursos do Brasil","publisher":{"@id":"https:\/\/www.pensarcursos.com.br\/blog\/#organization"},"alternateName":"Blog Pensar","potentialAction":[{"@type":"SearchAction","target":{"@type":"EntryPoint","urlTemplate":"https:\/\/www.pensarcursos.com.br\/blog\/?s={search_term_string}"},"query-input":{"@type":"PropertyValueSpecification","valueRequired":true,"valueName":"search_term_string"}}],"inLanguage":"pt-BR"},{"@type":"Organization","@id":"https:\/\/www.pensarcursos.com.br\/blog\/#organization","name":"Pensar Cursos","alternateName":"Blog pensar","url":"https:\/\/www.pensarcursos.com.br\/blog\/","logo":{"@type":"ImageObject","inLanguage":"pt-BR","@id":"https:\/\/www.pensarcursos.com.br\/blog\/#\/schema\/logo\/image\/","url":"https:\/\/www.pensarcursos.com.br\/blog\/wp-content\/uploads\/2023\/11\/Nova-Logo-Pensar-Cursos-vertical.png","contentUrl":"https:\/\/www.pensarcursos.com.br\/blog\/wp-content\/uploads\/2023\/11\/Nova-Logo-Pensar-Cursos-vertical.png","width":1393,"height":1001,"caption":"Pensar Cursos"},"image":{"@id":"https:\/\/www.pensarcursos.com.br\/blog\/#\/schema\/logo\/image\/"},"sameAs":["https:\/\/www.facebook.com\/pensarcursos\/","https:\/\/instagram.com.br\/pensarcursos"],"description":"Pensar Cursos \u00e9 uma empresa especializada em oferecer cursos de alta qualidade voltados para o desenvolvimento profissional e acad\u00eamico. Com uma ampla gama de op\u00e7\u00f5es de treinamento, oferecemos conte\u00fados atualizados, ministrados por especialistas da \u00e1rea, para capacitar indiv\u00edduos e equipes a atingirem seus objetivos. Nossa miss\u00e3o \u00e9 proporcionar uma educa\u00e7\u00e3o transformadora, acess\u00edvel e personalizada para cada aluno, seja em cursos presenciais ou online. Com uma abordagem inovadora, buscamos adaptar os nossos programas de ensino \u00e0s necessidades do mercado, criando solu\u00e7\u00f5es que atendem aos desafios e exig\u00eancias do mundo corporativo e acad\u00eamico. Nossos cursos incluem desde forma\u00e7\u00f5es t\u00e9cnicas at\u00e9 habilidades essenciais, como lideran\u00e7a, gest\u00e3o e desenvolvimento pessoal.","email":"contato@pensarcursos.com.br","legalName":"Sena Servi\u00e7os de Informa\u00e7\u00e3o Online LTDA","foundingDate":"2013-04-18","vatID":"17956217000172","numberOfEmployees":{"@type":"QuantitativeValue","minValue":"11","maxValue":"50"},"publishingPrinciples":"https:\/\/www.pensarcursos.com.br\/blog\/principios-de-publicacao\/","ownershipFundingInfo":"https:\/\/www.pensarcursos.com.br\/blog\/informacoes-de-propriedade-financiamento\/","actionableFeedbackPolicy":"https:\/\/www.pensarcursos.com.br\/blog\/politica-de-feedback-acionavel\/","correctionsPolicy":"https:\/\/www.pensarcursos.com.br\/blog\/politica-de-correcoes\/","ethicsPolicy":"https:\/\/www.pensarcursos.com.br\/blog\/politica-de-etica\/"},{"@type":"Person","@id":"https:\/\/www.pensarcursos.com.br\/blog\/#\/schema\/person\/e133b19d62595d6ab0c12f3e5436a7bb","name":"Gorete Costa","image":{"@type":"ImageObject","inLanguage":"pt-BR","@id":"https:\/\/secure.gravatar.com\/avatar\/8cb99f142e1cb1312d8c202378c20dc4f7210145acc22805481f4a3f47ce9b6f?s=96&d=mm&r=g","url":"https:\/\/secure.gravatar.com\/avatar\/8cb99f142e1cb1312d8c202378c20dc4f7210145acc22805481f4a3f47ce9b6f?s=96&d=mm&r=g","contentUrl":"https:\/\/secure.gravatar.com\/avatar\/8cb99f142e1cb1312d8c202378c20dc4f7210145acc22805481f4a3f47ce9b6f?s=96&d=mm&r=g","caption":"Gorete Costa"},"description":"Graduada em Servi\u00e7o Social pela Universidade do Norte do Paran\u00e1 (Unopar), Gorete Costa \u00e9 especialista em comunica\u00e7\u00e3o, atuando como radialista em programas jornal\u00edsticos e de entretenimento, al\u00e9m de produ\u00e7\u00e3o e revis\u00e3o de textos informativos para sites e blogs.","sameAs":["https:\/\/www.facebook.com\/profile.php?id=61550018262414"],"url":"https:\/\/www.pensarcursos.com.br\/blog\/author\/gorete\/"}]}},"_links":{"self":[{"href":"https:\/\/www.pensarcursos.com.br\/blog\/wp-json\/wp\/v2\/posts\/116459","targetHints":{"allow":["GET"]}}],"collection":[{"href":"https:\/\/www.pensarcursos.com.br\/blog\/wp-json\/wp\/v2\/posts"}],"about":[{"href":"https:\/\/www.pensarcursos.com.br\/blog\/wp-json\/wp\/v2\/types\/post"}],"author":[{"embeddable":true,"href":"https:\/\/www.pensarcursos.com.br\/blog\/wp-json\/wp\/v2\/users\/17"}],"replies":[{"embeddable":true,"href":"https:\/\/www.pensarcursos.com.br\/blog\/wp-json\/wp\/v2\/comments?post=116459"}],"version-history":[{"count":0,"href":"https:\/\/www.pensarcursos.com.br\/blog\/wp-json\/wp\/v2\/posts\/116459\/revisions"}],"wp:featuredmedia":[{"embeddable":true,"href":"https:\/\/www.pensarcursos.com.br\/blog\/wp-json\/wp\/v2\/media\/116462"}],"wp:attachment":[{"href":"https:\/\/www.pensarcursos.com.br\/blog\/wp-json\/wp\/v2\/media?parent=116459"}],"wp:term":[{"taxonomy":"category","embeddable":true,"href":"https:\/\/www.pensarcursos.com.br\/blog\/wp-json\/wp\/v2\/categories?post=116459"},{"taxonomy":"post_tag","embeddable":true,"href":"https:\/\/www.pensarcursos.com.br\/blog\/wp-json\/wp\/v2\/tags?post=116459"}],"curies":[{"name":"wp","href":"https:\/\/api.w.org\/{rel}","templated":true}]}}